{"id":11360,"date":"2024-03-05T10:00:00","date_gmt":"2024-03-05T09:00:00","guid":{"rendered":"https:\/\/www.anovapeneira.gal\/?p=11360"},"modified":"2024-03-01T11:34:27","modified_gmt":"2024-03-01T10:34:27","slug":"a-escola-de-musica-de-tominomanten-o-ritmo","status":"publish","type":"post","link":"https:\/\/www.anovapeneira.gal\/index.php\/2024\/03\/05\/a-escola-de-musica-de-tominomanten-o-ritmo\/","title":{"rendered":"A Escola de M\u00fasica de Tomi\u00f1omant\u00e9n o ritmo"},"content":{"rendered":"\n<p><strong>Concello e Agrupaci\u00f3n Musical de Goi\u00e1n asinaron un novo convenio de 25.000 euros para esta escola, que conta con 150 estudantes de todas as idades<\/strong><\/p>\n\n\n\n<p><strong>Dende o seu nacemento, a Escola permite achegar a educaci\u00f3n musical \u00e1 veci\u00f1anza dun xeito pr\u00f3ximo e accesible<\/strong><\/p>\n\n\n\n<p><strong>Tomi\u00f1o, 27 de febreiro de 2024.- <\/strong>Tomi\u00f1o soa a partituras, solfexo e melod\u00edas. Para manter e fomentar esta importante tradici\u00f3n musical, o Concello v\u00e9n de asinar coa Agrupaci\u00f3n Musical de Goi\u00e1n un convenio de colaboraci\u00f3n para o financiamento da Escola de M\u00fasica, un centro que acolle a m\u00e1is de 150 alumnos e alumnas de todas as idades que cursan estudos oficiais que lles permiten dar o salto ao conservatorio.<\/p>\n\n\n\n<p>\u201cA Escola de M\u00fasica \u00e9 unha peza fundamental no desenvolvemento cultural e educativo do municipio. Abre as portas a todos aqueles tomi\u00f1eses e tomi\u00f1esas que se interesan pola educaci\u00f3n musical e que a ven como unha posibilidade grazas a ter no seu propio concello de xeito pr\u00f3ximo e accesible unha escola con todos os servizos e calidades\u201d, destacou a alcaldesa, Sandra Gonz\u00e1lez, durante a sinatura do convenio coa presidenta da Agrupaci\u00f3n Musical de Goi\u00e1n, Pilar Ramos.<\/p>\n\n\n\n<p>O acto de sinatura celebrouse no sal\u00f3n de plenos do Concello nun encontro que contou tam\u00e9n coa presenza do director da Agrupaci\u00f3n Musical e das bandas de m\u00fasica, Pedro Villarroel, que cada ano realizan varios concertos de balde abertos \u00e1 veci\u00f1anza. Como sinalou a rexedora, \u201ceste convenio representa o firme compromiso do Concello coa educaci\u00f3n e a cultura. A m\u00fasica desempe\u00f1a un papel crucial na vida coti\u00e1 en Tomi\u00f1o, non s\u00f3 como forma de expresi\u00f3n art\u00edstica, sen\u00f3n tam\u00e9n como v\u00ednculo que une \u00e1 veci\u00f1anza e enriquece as nosas vidas\u201d.<\/p>\n\n\n\n<p>Coa s\u00faa oferta formativa, a Escola de M\u00fasica brinda oportunidades de desenvolvemento art\u00edstico individual ao tempo que fomenta o traballo en equipo e fortalece o tecido social tomi\u00f1\u00e9s. Entre as especialidades que ofrece nestes intres at\u00f3pase a de xard\u00edn musical, dirixida a nenos e nenas de 3 ou 4 anos para que sexan os protagonistas da s\u00faa primeira etapa musical; m\u00fasica e movemento, para cativada de 4 a 7 anos; linguaxe musical, clases de solfexo enfocadas \u00e1 formaci\u00f3n de m\u00fasicas e m\u00fasicos a partir dos 6 anos; m\u00fasica para adultos; corda; percusi\u00f3n; vento madeira; vento metal e as bandas infantil e xuvenil.<\/p>\n\n\n\n<p>Cunha aposta decidida pola educaci\u00f3n, o Concello renova este convenio que ademais de garantir a continuidade da Escola de M\u00fasica e financiar a impartici\u00f3n de clases, garante a preparaci\u00f3n do alumnado para a s\u00faa incorporaci\u00f3n aos Conservatorios Profesionais de M\u00fasica, as audici\u00f3ns trimestrais, a realizaci\u00f3n de concertos e actividades musicais, culturais e de lecer ou a organizaci\u00f3n do Campamento Musical no ver\u00e1n.<\/p>\n","protected":false},"excerpt":{"rendered":"<div class=\"mh-excerpt\"><p>Concello e Agrupaci\u00f3n Musical de Goi\u00e1n asinaron un novo convenio de 25.000 euros para esta escola, que conta con 150 estudantes de todas as idade <a class=\"mh-excerpt-more\" href=\"https:\/\/www.anovapeneira.gal\/index.php\/2024\/03\/05\/a-escola-de-musica-de-tominomanten-o-ritmo\/\" title=\"A Escola de M\u00fasica de Tomi\u00f1omant\u00e9n o ritmo\">[&#8230;]<\/a><\/p>\n<\/div>","protected":false},"author":3,"featured_media":11362,"comment_status":"open","ping_status":"open","sticky":false,"template":"","format":"standard","meta":{"_exactmetrics_skip_tracking":false,"_exactmetrics_sitenote_active":false,"_exactmetrics_sitenote_note":"","_exactmetrics_sitenote_category":0,"footnotes":""},"categories":[21],"tags":[81],"class_list":{"0":"post-11360","1":"post","2":"type-post","3":"status-publish","4":"format-standard","5":"has-post-thumbnail","7":"category-baixo-mino","8":"tag-concello-de-tomino"},"yoast_head":"<!-- This site is optimized with the Yoast SEO plugin v27.4 - https:\/\/yoast.com\/product\/yoast-seo-wordpress\/ -->\n<title>A Escola de M\u00fasica de Tomi\u00f1omant\u00e9n o ritmo -<\/title>\n<meta name=\"description\" content=\"Concello e Agrupaci\u00f3n Musical de Goi\u00e1n asinaron un novo convenio de 25.000 euros para esta escola, que conta con 150 estudantes de todas as idade\" \/>\n<meta name=\"robots\" content=\"index, follow, max-snippet:-1, max-image-preview:large, max-video-preview:-1\" \/>\n<link rel=\"canonical\" href=\"https:\/\/www.anovapeneira.gal\/index.php\/2024\/03\/05\/a-escola-de-musica-de-tominomanten-o-ritmo\/\" \/>\n<meta property=\"og:locale\" content=\"gl_ES\" \/>\n<meta property=\"og:type\" content=\"article\" \/>\n<meta property=\"og:title\" content=\"A Escola de M\u00fasica de Tomi\u00f1omant\u00e9n o ritmo -\" \/>\n<meta property=\"og:description\" content=\"Concello e Agrupaci\u00f3n Musical de Goi\u00e1n asinaron un novo convenio de 25.000 euros para esta escola, que conta con 150 estudantes de todas as idade\" \/>\n<meta property=\"og:url\" content=\"https:\/\/www.anovapeneira.gal\/index.php\/2024\/03\/05\/a-escola-de-musica-de-tominomanten-o-ritmo\/\" \/>\n<meta property=\"article:publisher\" content=\"https:\/\/www.facebook.com\/anovapeneira\" \/>\n<meta property=\"article:published_time\" content=\"2024-03-05T09:00:00+00:00\" \/>\n<meta property=\"og:image\" content=\"https:\/\/www.anovapeneira.gal\/wp-content\/uploads\/2024\/03\/escola_musica_tominho.png\" \/>\n\t<meta property=\"og:image:width\" content=\"720\" \/>\n\t<meta property=\"og:image:height\" content=\"432\" \/>\n\t<meta property=\"og:image:type\" content=\"image\/png\" \/>\n<meta name=\"author\" content=\"Redacci\u00f3n A Nova Peneira\" \/>\n<meta name=\"twitter:card\" content=\"summary_large_image\" \/>\n<meta name=\"twitter:creator\" content=\"@APeneira\" \/>\n<meta name=\"twitter:site\" content=\"@APeneira\" \/>\n<meta name=\"twitter:label1\" content=\"Escrito por\" \/>\n\t<meta name=\"twitter:data1\" content=\"Redacci\u00f3n A Nova Peneira\" \/>\n\t<meta name=\"twitter:label2\" content=\"Tempo de lectura\" \/>\n\t<meta name=\"twitter:data2\" content=\"3 minutos\" \/>\n<script type=\"application\/ld+json\" class=\"yoast-schema-graph\">{\"@context\":\"https:\\\/\\\/schema.org\",\"@graph\":[{\"@type\":\"Article\",\"@id\":\"https:\\\/\\\/www.anovapeneira.gal\\\/index.php\\\/2024\\\/03\\\/05\\\/a-escola-de-musica-de-tominomanten-o-ritmo\\\/#article\",\"isPartOf\":{\"@id\":\"https:\\\/\\\/www.anovapeneira.gal\\\/index.php\\\/2024\\\/03\\\/05\\\/a-escola-de-musica-de-tominomanten-o-ritmo\\\/\"},\"author\":{\"name\":\"Redacci\u00f3n A Nova Peneira\",\"@id\":\"https:\\\/\\\/www.anovapeneira.gal\\\/#\\\/schema\\\/person\\\/b93e3f8932e3f8da96334607eb6ac6aa\"},\"headline\":\"A Escola de M\u00fasica de Tomi\u00f1omant\u00e9n o ritmo\",\"datePublished\":\"2024-03-05T09:00:00+00:00\",\"mainEntityOfPage\":{\"@id\":\"https:\\\/\\\/www.anovapeneira.gal\\\/index.php\\\/2024\\\/03\\\/05\\\/a-escola-de-musica-de-tominomanten-o-ritmo\\\/\"},\"wordCount\":500,\"commentCount\":0,\"publisher\":{\"@id\":\"https:\\\/\\\/www.anovapeneira.gal\\\/#organization\"},\"image\":{\"@id\":\"https:\\\/\\\/www.anovapeneira.gal\\\/index.php\\\/2024\\\/03\\\/05\\\/a-escola-de-musica-de-tominomanten-o-ritmo\\\/#primaryimage\"},\"thumbnailUrl\":\"https:\\\/\\\/www.anovapeneira.gal\\\/wp-content\\\/uploads\\\/2024\\\/03\\\/escola_musica_tominho.png\",\"keywords\":[\"Concello de Tomi\u00f1o\"],\"articleSection\":[\"Baixo Mi\u00f1o\"],\"inLanguage\":\"gl-ES\",\"potentialAction\":[{\"@type\":\"CommentAction\",\"name\":\"Comment\",\"target\":[\"https:\\\/\\\/www.anovapeneira.gal\\\/index.php\\\/2024\\\/03\\\/05\\\/a-escola-de-musica-de-tominomanten-o-ritmo\\\/#respond\"]}]},{\"@type\":\"WebPage\",\"@id\":\"https:\\\/\\\/www.anovapeneira.gal\\\/index.php\\\/2024\\\/03\\\/05\\\/a-escola-de-musica-de-tominomanten-o-ritmo\\\/\",\"url\":\"https:\\\/\\\/www.anovapeneira.gal\\\/index.php\\\/2024\\\/03\\\/05\\\/a-escola-de-musica-de-tominomanten-o-ritmo\\\/\",\"name\":\"A Escola de M\u00fasica de Tomi\u00f1omant\u00e9n o ritmo -\",\"isPartOf\":{\"@id\":\"https:\\\/\\\/www.anovapeneira.gal\\\/#website\"},\"primaryImageOfPage\":{\"@id\":\"https:\\\/\\\/www.anovapeneira.gal\\\/index.php\\\/2024\\\/03\\\/05\\\/a-escola-de-musica-de-tominomanten-o-ritmo\\\/#primaryimage\"},\"image\":{\"@id\":\"https:\\\/\\\/www.anovapeneira.gal\\\/index.php\\\/2024\\\/03\\\/05\\\/a-escola-de-musica-de-tominomanten-o-ritmo\\\/#primaryimage\"},\"thumbnailUrl\":\"https:\\\/\\\/www.anovapeneira.gal\\\/wp-content\\\/uploads\\\/2024\\\/03\\\/escola_musica_tominho.png\",\"datePublished\":\"2024-03-05T09:00:00+00:00\",\"description\":\"Concello e Agrupaci\u00f3n Musical de Goi\u00e1n asinaron un novo convenio de 25.000 euros para esta escola, que conta con 150 estudantes de todas as idade\",\"breadcrumb\":{\"@id\":\"https:\\\/\\\/www.anovapeneira.gal\\\/index.php\\\/2024\\\/03\\\/05\\\/a-escola-de-musica-de-tominomanten-o-ritmo\\\/#breadcrumb\"},\"inLanguage\":\"gl-ES\",\"potentialAction\":[{\"@type\":\"ReadAction\",\"target\":[\"https:\\\/\\\/www.anovapeneira.gal\\\/index.php\\\/2024\\\/03\\\/05\\\/a-escola-de-musica-de-tominomanten-o-ritmo\\\/\"]}]},{\"@type\":\"ImageObject\",\"inLanguage\":\"gl-ES\",\"@id\":\"https:\\\/\\\/www.anovapeneira.gal\\\/index.php\\\/2024\\\/03\\\/05\\\/a-escola-de-musica-de-tominomanten-o-ritmo\\\/#primaryimage\",\"url\":\"https:\\\/\\\/www.anovapeneira.gal\\\/wp-content\\\/uploads\\\/2024\\\/03\\\/escola_musica_tominho.png\",\"contentUrl\":\"https:\\\/\\\/www.anovapeneira.gal\\\/wp-content\\\/uploads\\\/2024\\\/03\\\/escola_musica_tominho.png\",\"width\":720,\"height\":432,\"caption\":\"Escola de M\u00fasica Tomi\u00f1o\"},{\"@type\":\"BreadcrumbList\",\"@id\":\"https:\\\/\\\/www.anovapeneira.gal\\\/index.php\\\/2024\\\/03\\\/05\\\/a-escola-de-musica-de-tominomanten-o-ritmo\\\/#breadcrumb\",\"itemListElement\":[{\"@type\":\"ListItem\",\"position\":1,\"name\":\"Portada\",\"item\":\"https:\\\/\\\/www.anovapeneira.gal\\\/\"},{\"@type\":\"ListItem\",\"position\":2,\"name\":\"A Escola de M\u00fasica de Tomi\u00f1omant\u00e9n o ritmo\"}]},{\"@type\":\"WebSite\",\"@id\":\"https:\\\/\\\/www.anovapeneira.gal\\\/#website\",\"url\":\"https:\\\/\\\/www.anovapeneira.gal\\\/\",\"name\":\"\",\"description\":\"Xornal galego de informaci\u00f3n xeral Publicaci\u00f3n mensual de novas de Galicia e en especial dos Concellos da sur da provincia de Pontevedra.\",\"publisher\":{\"@id\":\"https:\\\/\\\/www.anovapeneira.gal\\\/#organization\"},\"potentialAction\":[{\"@type\":\"SearchAction\",\"target\":{\"@type\":\"EntryPoint\",\"urlTemplate\":\"https:\\\/\\\/www.anovapeneira.gal\\\/?s={search_term_string}\"},\"query-input\":{\"@type\":\"PropertyValueSpecification\",\"valueRequired\":true,\"valueName\":\"search_term_string\"}}],\"inLanguage\":\"gl-ES\"},{\"@type\":\"Organization\",\"@id\":\"https:\\\/\\\/www.anovapeneira.gal\\\/#organization\",\"name\":\"A Nova Peneira\",\"url\":\"https:\\\/\\\/www.anovapeneira.gal\\\/\",\"logo\":{\"@type\":\"ImageObject\",\"inLanguage\":\"gl-ES\",\"@id\":\"https:\\\/\\\/www.anovapeneira.gal\\\/#\\\/schema\\\/logo\\\/image\\\/\",\"url\":\"http:\\\/\\\/www.anovapeneira.gal\\\/wp-content\\\/uploads\\\/2019\\\/06\\\/logo_a_nova_peneira_portal_web.png\",\"contentUrl\":\"http:\\\/\\\/www.anovapeneira.gal\\\/wp-content\\\/uploads\\\/2019\\\/06\\\/logo_a_nova_peneira_portal_web.png\",\"width\":300,\"height\":100,\"caption\":\"A Nova Peneira\"},\"image\":{\"@id\":\"https:\\\/\\\/www.anovapeneira.gal\\\/#\\\/schema\\\/logo\\\/image\\\/\"},\"sameAs\":[\"https:\\\/\\\/www.facebook.com\\\/anovapeneira\",\"https:\\\/\\\/x.com\\\/APeneira\"]},{\"@type\":\"Person\",\"@id\":\"https:\\\/\\\/www.anovapeneira.gal\\\/#\\\/schema\\\/person\\\/b93e3f8932e3f8da96334607eb6ac6aa\",\"name\":\"Redacci\u00f3n A Nova Peneira\",\"image\":{\"@type\":\"ImageObject\",\"inLanguage\":\"gl-ES\",\"@id\":\"https:\\\/\\\/secure.gravatar.com\\\/avatar\\\/c052a2551a06e23fac63626232eaa90abd78dbcf1700fc46a2b2c89fd27b735f?s=96&d=mm&r=g\",\"url\":\"https:\\\/\\\/secure.gravatar.com\\\/avatar\\\/c052a2551a06e23fac63626232eaa90abd78dbcf1700fc46a2b2c89fd27b735f?s=96&d=mm&r=g\",\"contentUrl\":\"https:\\\/\\\/secure.gravatar.com\\\/avatar\\\/c052a2551a06e23fac63626232eaa90abd78dbcf1700fc46a2b2c89fd27b735f?s=96&d=mm&r=g\",\"caption\":\"Redacci\u00f3n A Nova Peneira\"},\"sameAs\":[\"http:\\\/\\\/www.anovapeneira.gal\\\/\"],\"url\":\"https:\\\/\\\/www.anovapeneira.gal\\\/index.php\\\/author\\\/redactor\\\/\"}]}<\/script>\n<!-- \/ Yoast SEO plugin. -->","yoast_head_json":{"title":"A Escola de M\u00fasica de Tomi\u00f1omant\u00e9n o ritmo -","description":"Concello e Agrupaci\u00f3n Musical de Goi\u00e1n asinaron un novo convenio de 25.000 euros para esta escola, que conta con 150 estudantes de todas as idade","robots":{"index":"index","follow":"follow","max-snippet":"max-snippet:-1","max-image-preview":"max-image-preview:large","max-video-preview":"max-video-preview:-1"},"canonical":"https:\/\/www.anovapeneira.gal\/index.php\/2024\/03\/05\/a-escola-de-musica-de-tominomanten-o-ritmo\/","og_locale":"gl_ES","og_type":"article","og_title":"A Escola de M\u00fasica de Tomi\u00f1omant\u00e9n o ritmo -","og_description":"Concello e Agrupaci\u00f3n Musical de Goi\u00e1n asinaron un novo convenio de 25.000 euros para esta escola, que conta con 150 estudantes de todas as idade","og_url":"https:\/\/www.anovapeneira.gal\/index.php\/2024\/03\/05\/a-escola-de-musica-de-tominomanten-o-ritmo\/","article_publisher":"https:\/\/www.facebook.com\/anovapeneira","article_published_time":"2024-03-05T09:00:00+00:00","og_image":[{"width":720,"height":432,"url":"https:\/\/www.anovapeneira.gal\/wp-content\/uploads\/2024\/03\/escola_musica_tominho.png","type":"image\/png"}],"author":"Redacci\u00f3n A Nova Peneira","twitter_card":"summary_large_image","twitter_creator":"@APeneira","twitter_site":"@APeneira","twitter_misc":{"Escrito por":"Redacci\u00f3n A Nova Peneira","Tempo de lectura":"3 minutos"},"schema":{"@context":"https:\/\/schema.org","@graph":[{"@type":"Article","@id":"https:\/\/www.anovapeneira.gal\/index.php\/2024\/03\/05\/a-escola-de-musica-de-tominomanten-o-ritmo\/#article","isPartOf":{"@id":"https:\/\/www.anovapeneira.gal\/index.php\/2024\/03\/05\/a-escola-de-musica-de-tominomanten-o-ritmo\/"},"author":{"name":"Redacci\u00f3n A Nova Peneira","@id":"https:\/\/www.anovapeneira.gal\/#\/schema\/person\/b93e3f8932e3f8da96334607eb6ac6aa"},"headline":"A Escola de M\u00fasica de Tomi\u00f1omant\u00e9n o ritmo","datePublished":"2024-03-05T09:00:00+00:00","mainEntityOfPage":{"@id":"https:\/\/www.anovapeneira.gal\/index.php\/2024\/03\/05\/a-escola-de-musica-de-tominomanten-o-ritmo\/"},"wordCount":500,"commentCount":0,"publisher":{"@id":"https:\/\/www.anovapeneira.gal\/#organization"},"image":{"@id":"https:\/\/www.anovapeneira.gal\/index.php\/2024\/03\/05\/a-escola-de-musica-de-tominomanten-o-ritmo\/#primaryimage"},"thumbnailUrl":"https:\/\/www.anovapeneira.gal\/wp-content\/uploads\/2024\/03\/escola_musica_tominho.png","keywords":["Concello de Tomi\u00f1o"],"articleSection":["Baixo Mi\u00f1o"],"inLanguage":"gl-ES","potentialAction":[{"@type":"CommentAction","name":"Comment","target":["https:\/\/www.anovapeneira.gal\/index.php\/2024\/03\/05\/a-escola-de-musica-de-tominomanten-o-ritmo\/#respond"]}]},{"@type":"WebPage","@id":"https:\/\/www.anovapeneira.gal\/index.php\/2024\/03\/05\/a-escola-de-musica-de-tominomanten-o-ritmo\/","url":"https:\/\/www.anovapeneira.gal\/index.php\/2024\/03\/05\/a-escola-de-musica-de-tominomanten-o-ritmo\/","name":"A Escola de M\u00fasica de Tomi\u00f1omant\u00e9n o ritmo -","isPartOf":{"@id":"https:\/\/www.anovapeneira.gal\/#website"},"primaryImageOfPage":{"@id":"https:\/\/www.anovapeneira.gal\/index.php\/2024\/03\/05\/a-escola-de-musica-de-tominomanten-o-ritmo\/#primaryimage"},"image":{"@id":"https:\/\/www.anovapeneira.gal\/index.php\/2024\/03\/05\/a-escola-de-musica-de-tominomanten-o-ritmo\/#primaryimage"},"thumbnailUrl":"https:\/\/www.anovapeneira.gal\/wp-content\/uploads\/2024\/03\/escola_musica_tominho.png","datePublished":"2024-03-05T09:00:00+00:00","description":"Concello e Agrupaci\u00f3n Musical de Goi\u00e1n asinaron un novo convenio de 25.000 euros para esta escola, que conta con 150 estudantes de todas as idade","breadcrumb":{"@id":"https:\/\/www.anovapeneira.gal\/index.php\/2024\/03\/05\/a-escola-de-musica-de-tominomanten-o-ritmo\/#breadcrumb"},"inLanguage":"gl-ES","potentialAction":[{"@type":"ReadAction","target":["https:\/\/www.anovapeneira.gal\/index.php\/2024\/03\/05\/a-escola-de-musica-de-tominomanten-o-ritmo\/"]}]},{"@type":"ImageObject","inLanguage":"gl-ES","@id":"https:\/\/www.anovapeneira.gal\/index.php\/2024\/03\/05\/a-escola-de-musica-de-tominomanten-o-ritmo\/#primaryimage","url":"https:\/\/www.anovapeneira.gal\/wp-content\/uploads\/2024\/03\/escola_musica_tominho.png","contentUrl":"https:\/\/www.anovapeneira.gal\/wp-content\/uploads\/2024\/03\/escola_musica_tominho.png","width":720,"height":432,"caption":"Escola de M\u00fasica Tomi\u00f1o"},{"@type":"BreadcrumbList","@id":"https:\/\/www.anovapeneira.gal\/index.php\/2024\/03\/05\/a-escola-de-musica-de-tominomanten-o-ritmo\/#breadcrumb","itemListElement":[{"@type":"ListItem","position":1,"name":"Portada","item":"https:\/\/www.anovapeneira.gal\/"},{"@type":"ListItem","position":2,"name":"A Escola de M\u00fasica de Tomi\u00f1omant\u00e9n o ritmo"}]},{"@type":"WebSite","@id":"https:\/\/www.anovapeneira.gal\/#website","url":"https:\/\/www.anovapeneira.gal\/","name":"","description":"Xornal galego de informaci\u00f3n xeral Publicaci\u00f3n mensual de novas de Galicia e en especial dos Concellos da sur da provincia de Pontevedra.","publisher":{"@id":"https:\/\/www.anovapeneira.gal\/#organization"},"potentialAction":[{"@type":"SearchAction","target":{"@type":"EntryPoint","urlTemplate":"https:\/\/www.anovapeneira.gal\/?s={search_term_string}"},"query-input":{"@type":"PropertyValueSpecification","valueRequired":true,"valueName":"search_term_string"}}],"inLanguage":"gl-ES"},{"@type":"Organization","@id":"https:\/\/www.anovapeneira.gal\/#organization","name":"A Nova Peneira","url":"https:\/\/www.anovapeneira.gal\/","logo":{"@type":"ImageObject","inLanguage":"gl-ES","@id":"https:\/\/www.anovapeneira.gal\/#\/schema\/logo\/image\/","url":"http:\/\/www.anovapeneira.gal\/wp-content\/uploads\/2019\/06\/logo_a_nova_peneira_portal_web.png","contentUrl":"http:\/\/www.anovapeneira.gal\/wp-content\/uploads\/2019\/06\/logo_a_nova_peneira_portal_web.png","width":300,"height":100,"caption":"A Nova Peneira"},"image":{"@id":"https:\/\/www.anovapeneira.gal\/#\/schema\/logo\/image\/"},"sameAs":["https:\/\/www.facebook.com\/anovapeneira","https:\/\/x.com\/APeneira"]},{"@type":"Person","@id":"https:\/\/www.anovapeneira.gal\/#\/schema\/person\/b93e3f8932e3f8da96334607eb6ac6aa","name":"Redacci\u00f3n A Nova Peneira","image":{"@type":"ImageObject","inLanguage":"gl-ES","@id":"https:\/\/secure.gravatar.com\/avatar\/c052a2551a06e23fac63626232eaa90abd78dbcf1700fc46a2b2c89fd27b735f?s=96&d=mm&r=g","url":"https:\/\/secure.gravatar.com\/avatar\/c052a2551a06e23fac63626232eaa90abd78dbcf1700fc46a2b2c89fd27b735f?s=96&d=mm&r=g","contentUrl":"https:\/\/secure.gravatar.com\/avatar\/c052a2551a06e23fac63626232eaa90abd78dbcf1700fc46a2b2c89fd27b735f?s=96&d=mm&r=g","caption":"Redacci\u00f3n A Nova Peneira"},"sameAs":["http:\/\/www.anovapeneira.gal\/"],"url":"https:\/\/www.anovapeneira.gal\/index.php\/author\/redactor\/"}]}},"jetpack_featured_media_url":"https:\/\/www.anovapeneira.gal\/wp-content\/uploads\/2024\/03\/escola_musica_tominho.png","_links":{"self":[{"href":"https:\/\/www.anovapeneira.gal\/index.php\/wp-json\/wp\/v2\/posts\/11360","targetHints":{"allow":["GET"]}}],"collection":[{"href":"https:\/\/www.anovapeneira.gal\/index.php\/wp-json\/wp\/v2\/posts"}],"about":[{"href":"https:\/\/www.anovapeneira.gal\/index.php\/wp-json\/wp\/v2\/types\/post"}],"author":[{"embeddable":true,"href":"https:\/\/www.anovapeneira.gal\/index.php\/wp-json\/wp\/v2\/users\/3"}],"replies":[{"embeddable":true,"href":"https:\/\/www.anovapeneira.gal\/index.php\/wp-json\/wp\/v2\/comments?post=11360"}],"version-history":[{"count":1,"href":"https:\/\/www.anovapeneira.gal\/index.php\/wp-json\/wp\/v2\/posts\/11360\/revisions"}],"predecessor-version":[{"id":11361,"href":"https:\/\/www.anovapeneira.gal\/index.php\/wp-json\/wp\/v2\/posts\/11360\/revisions\/11361"}],"wp:featuredmedia":[{"embeddable":true,"href":"https:\/\/www.anovapeneira.gal\/index.php\/wp-json\/wp\/v2\/media\/11362"}],"wp:attachment":[{"href":"https:\/\/www.anovapeneira.gal\/index.php\/wp-json\/wp\/v2\/media?parent=11360"}],"wp:term":[{"taxonomy":"category","embeddable":true,"href":"https:\/\/www.anovapeneira.gal\/index.php\/wp-json\/wp\/v2\/categories?post=11360"},{"taxonomy":"post_tag","embeddable":true,"href":"https:\/\/www.anovapeneira.gal\/index.php\/wp-json\/wp\/v2\/tags?post=11360"}],"curies":[{"name":"wp","href":"https:\/\/api.w.org\/{rel}","templated":true}]}}