{"id":11366,"date":"2024-03-06T10:00:01","date_gmt":"2024-03-06T09:00:01","guid":{"rendered":"https:\/\/www.anovapeneira.gal\/?p=11366"},"modified":"2024-03-04T09:56:21","modified_gmt":"2024-03-04T08:56:21","slug":"os-colectivos-redondelans-tecen-redes-pola-igualdade","status":"publish","type":"post","link":"https:\/\/www.anovapeneira.gal\/index.php\/2024\/03\/06\/os-colectivos-redondelans-tecen-redes-pola-igualdade\/","title":{"rendered":"Os colectivos redondel\u00e1ns tecen redes pola igualdade"},"content":{"rendered":"\n<p><strong>Redondela, 29 de febreiro de 2024. <\/strong><\/p>\n\n\n\n<p>O Concello de Redondela conmemora o 8 de marzo, D\u00eda Internacional da Muller, cunha serie de actividades nas que se est\u00e1 a implicar toda a sociedade redondel\u00e1. Exposici\u00f3ns, teatro, ciclos formativos, xornadas de sa\u00fade feminina, roteiros para escolares e concertos son algunhas das actividades que ao longo dos meses de marzo e abril ofrece a conceller\u00eda de Servizos Sociais e Igualdade baixo o lema \u201cEnredadas pola Igualdade\u201d.<\/p>\n\n\n\n<p>No acto central do pr\u00f3ximo d\u00eda 8 a veci\u00f1anza de Redondela ter\u00e1 un papel protagonista. O departamento que dirixe Iria Vilaboa repartiu redes de pesca entre centros de ensino, colectivos e asociaci\u00f3ns. Cada entidade decorou estas mallas \u201ccon diferentes elementos relacionados co 8M, o papel da muller na sociedade e a importancia da igualdade real entre homes e mulleres\u201d, explica Vilaboa. Desde hoxe mesmo os usuarios e usuarias do Centro Ocupacional Lenda est\u00e1n a encargarse de unir todas esas nun gran tapiz que ser\u00e1 protagonista do acto institucional que se celebre na praza do Concello o D\u00eda Internacional da Muller. Seve Casal, mari\u00f1eiro da Confrar\u00eda de Redondela e membro de Amarturmar, foi o encargado de ensinarlles a t\u00e9cnica. \u201cA colaboraci\u00f3n entre diferentes entidades e asociaci\u00f3ns do municipio e co propio Concello \u00e9 o que nos permite que esta data sexa realmente participativa, e que a sociedade sexa a protagonista, ese \u00e9 o noso obxectivo\u201d, sinala a alcaldesa Digna Rivas. O pr\u00f3ximo d\u00eda 8, \u00e1s 12.00 horas, mulleres e nenas de diferentes centros, colectivos e asociaci\u00f3ns participar\u00e1n no acto oficial coa lectura do preg\u00f3n e a colocaci\u00f3n destas \u201credes pola igualdade\u201d.<\/p>\n\n\n\n<p>Teatro e M\u00fasica<\/p>\n\n\n\n<p>A programaci\u00f3n do 8M continuar\u00e1 o s\u00e1bado d\u00eda 9 coa obra de teatro Revolta, da compa\u00f1\u00eda Juanito e Filomena, c<strong>unha reinterpretaci\u00f3n feminista da Historia en clave de humor <\/strong><strong>a cargo das actrices Arantxa Treus e Roc\u00edo Romero.<\/strong><strong> A cita \u00e9 \u00e1s 20.00 horas no auditorio da Xunqueira, entrada 3 euros.<\/strong><\/p>\n\n\n\n<p>O mesmo d\u00eda, no Multi\u00fasos do Pi\u00f1eiral do Crego de Chapela, concerto 8M a cargo da Banda de M\u00fasica de Chapela. \u00c1s 20.30 horas con entrada de balde.<\/p>\n\n\n\n<p>Concertos \u201cPetiscos en Igualdade\u201d<\/p>\n\n\n\n<p>Os domingos 10, 17 e 24 de marzo haber\u00e1 concertos na praza da Constituci\u00f3n con diferentes artistas. O primeiro ser\u00e1 o de Su Garrido, o do d\u00eda 17 correr\u00e1 a cargo do grupo Noite, e o \u00faltimo ser\u00e1 o de Zousaxmas. Nos tres casos as actuaci\u00f3ns ser\u00e1n \u00e1s 12.00 horas.<\/p>\n\n\n\n<p>Contacontos<\/p>\n\n\n\n<p>O xoves d\u00eda 14 de marzo a Biblioteca Municipal Xela Arias, en Chapela, acoller\u00e1 o contacotos \u201c\u201dVamos ao recreo\u201d, de Tr\u00e9mola Teatro. Nesta historia, recomendada para p\u00fablico infantil e familiar, unha nena revoluciona o patio do cole onde rapazas e rapaces deb\u00edan xogar separados. \u00c1s 18.30 horas, entrada de balde.<\/p>\n\n\n\n<p>Ciclo Sa\u00fade Feminina<\/p>\n\n\n\n<p>Desde o 9 de marzo e ata o 13 de abril celebraranse na oficina de Turismo diferentes charlas e obradoiros sobre sa\u00fade f\u00edsica e mental, sexualidade e nutrici\u00f3n, entre outras cuesti\u00f3ns. Especialistas en diferentes \u00e1mbitos (doutoras, nutricionistas, enfermeiras, fisioterapeutas, educadoras sociais, expertas en sa\u00fade sexual, etc) falar\u00e1n sobre o corpo desde unha perspectiva de x\u00e9nero e abordar\u00e1n cuesti\u00f3ns como a menstruaci\u00f3n e a menopausa, a alimentaci\u00f3n, a sexualidade e o autoco\u00f1ecemento, o coidado emocional, etc. As inscrici\u00f3ns poden realizarse unha semana antes de cada actividade no enderezo electr\u00f3nico <a href=\"mailto:multiusosredondela@gmail.com\">multiusosredondela@gmail.com<\/a> ou por tel\u00e9fono 986 40 28 65.<\/p>\n\n\n\n<p>IV Xornadas Gemma Pereira Otero<\/p>\n\n\n\n<p>Nesta cuarta edici\u00f3n as Xoradas Gemma Pereira Otero ofrecer\u00e1n formaci\u00f3n sobre a Xesti\u00f3n de Redes Sociais no Comercio Local. A actividade est\u00e1 dirixida a aut\u00f3nomas e pequenas empresarias, especialmente do comercio local, \u201cque demanda ao Concello este tipo de formaci\u00f3n para poder seguir medrando cos seus negocios\u201d. Ser\u00e1n os d\u00edas 18, 19, 20 e 23 de marzo.<\/p>\n\n\n\n<p>Roteiros para escolares<\/p>\n\n\n\n<p>Nos meses de marzo, abril e maio os escolares de Primaria participar\u00e1n nuns roteiros guiados organizados polo Concello \u201cpara que poidan co\u00f1ecer a pegada que o traballo das mulleres deixou na nosa vila\u201d, explica Iria Vilaboa. En Chapela o percorrido ser\u00e1 desde a Alameda Rosal\u00eda de Castro ata a praia de Arealonga, e en Redondela sair\u00e1n desde a Praza de Ponteareas ata a Fonte de Santiago.<\/p>\n\n\n\n<p>Xornadas &#8220;Falemos de sexo&#8221; nos IES municipais<\/p>\n\n\n\n<p>Desde este mes de febreiro, e ao longo de marzo e abril, a educadora social e axente de igualdade Luc\u00eda Pereda, est\u00e1 a impartir nos institutos de Redondela charlas e obradoiros para a mocidade sobre sexualidade e afectividade.<\/p>\n\n\n\n<p>Exposici\u00f3n Conquistadoras<\/p>\n\n\n\n<p>A exposici\u00f3n Conquistadoras estar\u00e1 no mes de marzo na alameda Castelao de Redondela e e abril trasladarase ao paseo de Cardona, en Chapela. A mostra reflicte \u201co compromiso deste Concello con todas as mulleres que loitaron polos seus dereitos\u201d, explica a alcaldesa Digna Rivas, e non se trata exposici\u00f3n \u201cao uso tradicional\u201d, sen\u00f3n que \u00e9 unha mostra \u201cviva e din\u00e1mica\u201d \u00e1 que cada ano se van engadindo as caras e os nomes de mulleres loitaron \u201cnon s\u00f3 polos seus dereitos, sen\u00f3n polos de todas as mulleres\u201d.<\/p>\n","protected":false},"excerpt":{"rendered":"<div class=\"mh-excerpt\"><p>O Concello de Redondela conmemora o 8 de marzo, D\u00eda Internacional da Muller, cunha serie de actividades nas que se est\u00e1 a implicar toda a sociedade redondel\u00e1 <a class=\"mh-excerpt-more\" href=\"https:\/\/www.anovapeneira.gal\/index.php\/2024\/03\/06\/os-colectivos-redondelans-tecen-redes-pola-igualdade\/\" title=\"Os colectivos redondel\u00e1ns tecen redes pola igualdade\">[&#8230;]<\/a><\/p>\n<\/div>","protected":false},"author":3,"featured_media":11367,"comment_status":"open","ping_status":"open","sticky":false,"template":"","format":"standard","meta":{"_exactmetrics_skip_tracking":false,"_exactmetrics_sitenote_active":false,"_exactmetrics_sitenote_note":"","_exactmetrics_sitenote_category":0,"footnotes":""},"categories":[24],"tags":[171],"class_list":{"0":"post-11366","1":"post","2":"type-post","3":"status-publish","4":"format-standard","5":"has-post-thumbnail","7":"category-redondela","8":"tag-concello-de-redondela"},"yoast_head":"<!-- This site is optimized with the Yoast SEO plugin v27.4 - https:\/\/yoast.com\/product\/yoast-seo-wordpress\/ -->\n<title>Os colectivos redondel\u00e1ns tecen redes pola igualdade -<\/title>\n<meta name=\"description\" content=\"O Concello de Redondela conmemora o 8 de marzo, D\u00eda Internacional da Muller, cunha serie de actividades nas que se est\u00e1 a implicar toda a sociedade redondel\u00e1\" \/>\n<meta name=\"robots\" content=\"index, follow, max-snippet:-1, max-image-preview:large, max-video-preview:-1\" \/>\n<link rel=\"canonical\" href=\"https:\/\/www.anovapeneira.gal\/index.php\/2024\/03\/06\/os-colectivos-redondelans-tecen-redes-pola-igualdade\/\" \/>\n<meta property=\"og:locale\" content=\"gl_ES\" \/>\n<meta property=\"og:type\" content=\"article\" \/>\n<meta property=\"og:title\" content=\"Os colectivos redondel\u00e1ns tecen redes pola igualdade -\" \/>\n<meta property=\"og:description\" content=\"O Concello de Redondela conmemora o 8 de marzo, D\u00eda Internacional da Muller, cunha serie de actividades nas que se est\u00e1 a implicar toda a sociedade redondel\u00e1\" \/>\n<meta property=\"og:url\" content=\"https:\/\/www.anovapeneira.gal\/index.php\/2024\/03\/06\/os-colectivos-redondelans-tecen-redes-pola-igualdade\/\" \/>\n<meta property=\"article:publisher\" content=\"https:\/\/www.facebook.com\/anovapeneira\" \/>\n<meta property=\"article:published_time\" content=\"2024-03-06T09:00:01+00:00\" \/>\n<meta property=\"og:image\" content=\"https:\/\/www.anovapeneira.gal\/wp-content\/uploads\/2024\/03\/lenda_8m.jpg\" \/>\n\t<meta property=\"og:image:width\" content=\"720\" \/>\n\t<meta property=\"og:image:height\" content=\"432\" \/>\n\t<meta property=\"og:image:type\" content=\"image\/jpeg\" \/>\n<meta name=\"author\" content=\"Redacci\u00f3n A Nova Peneira\" \/>\n<meta name=\"twitter:card\" content=\"summary_large_image\" \/>\n<meta name=\"twitter:creator\" content=\"@APeneira\" \/>\n<meta name=\"twitter:site\" content=\"@APeneira\" \/>\n<meta name=\"twitter:label1\" content=\"Escrito por\" \/>\n\t<meta name=\"twitter:data1\" content=\"Redacci\u00f3n A Nova Peneira\" \/>\n\t<meta name=\"twitter:label2\" content=\"Tempo de lectura\" \/>\n\t<meta name=\"twitter:data2\" content=\"5 minutos\" \/>\n<script type=\"application\/ld+json\" class=\"yoast-schema-graph\">{\"@context\":\"https:\\\/\\\/schema.org\",\"@graph\":[{\"@type\":\"Article\",\"@id\":\"https:\\\/\\\/www.anovapeneira.gal\\\/index.php\\\/2024\\\/03\\\/06\\\/os-colectivos-redondelans-tecen-redes-pola-igualdade\\\/#article\",\"isPartOf\":{\"@id\":\"https:\\\/\\\/www.anovapeneira.gal\\\/index.php\\\/2024\\\/03\\\/06\\\/os-colectivos-redondelans-tecen-redes-pola-igualdade\\\/\"},\"author\":{\"name\":\"Redacci\u00f3n A Nova Peneira\",\"@id\":\"https:\\\/\\\/www.anovapeneira.gal\\\/#\\\/schema\\\/person\\\/b93e3f8932e3f8da96334607eb6ac6aa\"},\"headline\":\"Os colectivos redondel\u00e1ns tecen redes pola igualdade\",\"datePublished\":\"2024-03-06T09:00:01+00:00\",\"mainEntityOfPage\":{\"@id\":\"https:\\\/\\\/www.anovapeneira.gal\\\/index.php\\\/2024\\\/03\\\/06\\\/os-colectivos-redondelans-tecen-redes-pola-igualdade\\\/\"},\"wordCount\":865,\"commentCount\":0,\"publisher\":{\"@id\":\"https:\\\/\\\/www.anovapeneira.gal\\\/#organization\"},\"image\":{\"@id\":\"https:\\\/\\\/www.anovapeneira.gal\\\/index.php\\\/2024\\\/03\\\/06\\\/os-colectivos-redondelans-tecen-redes-pola-igualdade\\\/#primaryimage\"},\"thumbnailUrl\":\"https:\\\/\\\/www.anovapeneira.gal\\\/wp-content\\\/uploads\\\/2024\\\/03\\\/lenda_8m.jpg\",\"keywords\":[\"Concello de Redondela\"],\"articleSection\":[\"Redondela\"],\"inLanguage\":\"gl-ES\",\"potentialAction\":[{\"@type\":\"CommentAction\",\"name\":\"Comment\",\"target\":[\"https:\\\/\\\/www.anovapeneira.gal\\\/index.php\\\/2024\\\/03\\\/06\\\/os-colectivos-redondelans-tecen-redes-pola-igualdade\\\/#respond\"]}]},{\"@type\":\"WebPage\",\"@id\":\"https:\\\/\\\/www.anovapeneira.gal\\\/index.php\\\/2024\\\/03\\\/06\\\/os-colectivos-redondelans-tecen-redes-pola-igualdade\\\/\",\"url\":\"https:\\\/\\\/www.anovapeneira.gal\\\/index.php\\\/2024\\\/03\\\/06\\\/os-colectivos-redondelans-tecen-redes-pola-igualdade\\\/\",\"name\":\"Os colectivos redondel\u00e1ns tecen redes pola igualdade -\",\"isPartOf\":{\"@id\":\"https:\\\/\\\/www.anovapeneira.gal\\\/#website\"},\"primaryImageOfPage\":{\"@id\":\"https:\\\/\\\/www.anovapeneira.gal\\\/index.php\\\/2024\\\/03\\\/06\\\/os-colectivos-redondelans-tecen-redes-pola-igualdade\\\/#primaryimage\"},\"image\":{\"@id\":\"https:\\\/\\\/www.anovapeneira.gal\\\/index.php\\\/2024\\\/03\\\/06\\\/os-colectivos-redondelans-tecen-redes-pola-igualdade\\\/#primaryimage\"},\"thumbnailUrl\":\"https:\\\/\\\/www.anovapeneira.gal\\\/wp-content\\\/uploads\\\/2024\\\/03\\\/lenda_8m.jpg\",\"datePublished\":\"2024-03-06T09:00:01+00:00\",\"description\":\"O Concello de Redondela conmemora o 8 de marzo, D\u00eda Internacional da Muller, cunha serie de actividades nas que se est\u00e1 a implicar toda a sociedade redondel\u00e1\",\"breadcrumb\":{\"@id\":\"https:\\\/\\\/www.anovapeneira.gal\\\/index.php\\\/2024\\\/03\\\/06\\\/os-colectivos-redondelans-tecen-redes-pola-igualdade\\\/#breadcrumb\"},\"inLanguage\":\"gl-ES\",\"potentialAction\":[{\"@type\":\"ReadAction\",\"target\":[\"https:\\\/\\\/www.anovapeneira.gal\\\/index.php\\\/2024\\\/03\\\/06\\\/os-colectivos-redondelans-tecen-redes-pola-igualdade\\\/\"]}]},{\"@type\":\"ImageObject\",\"inLanguage\":\"gl-ES\",\"@id\":\"https:\\\/\\\/www.anovapeneira.gal\\\/index.php\\\/2024\\\/03\\\/06\\\/os-colectivos-redondelans-tecen-redes-pola-igualdade\\\/#primaryimage\",\"url\":\"https:\\\/\\\/www.anovapeneira.gal\\\/wp-content\\\/uploads\\\/2024\\\/03\\\/lenda_8m.jpg\",\"contentUrl\":\"https:\\\/\\\/www.anovapeneira.gal\\\/wp-content\\\/uploads\\\/2024\\\/03\\\/lenda_8m.jpg\",\"width\":720,\"height\":432,\"caption\":\"Lenda 8M\"},{\"@type\":\"BreadcrumbList\",\"@id\":\"https:\\\/\\\/www.anovapeneira.gal\\\/index.php\\\/2024\\\/03\\\/06\\\/os-colectivos-redondelans-tecen-redes-pola-igualdade\\\/#breadcrumb\",\"itemListElement\":[{\"@type\":\"ListItem\",\"position\":1,\"name\":\"Portada\",\"item\":\"https:\\\/\\\/www.anovapeneira.gal\\\/\"},{\"@type\":\"ListItem\",\"position\":2,\"name\":\"Os colectivos redondel\u00e1ns tecen redes pola igualdade\"}]},{\"@type\":\"WebSite\",\"@id\":\"https:\\\/\\\/www.anovapeneira.gal\\\/#website\",\"url\":\"https:\\\/\\\/www.anovapeneira.gal\\\/\",\"name\":\"\",\"description\":\"Xornal galego de informaci\u00f3n xeral Publicaci\u00f3n mensual de novas de Galicia e en especial dos Concellos da sur da provincia de Pontevedra.\",\"publisher\":{\"@id\":\"https:\\\/\\\/www.anovapeneira.gal\\\/#organization\"},\"potentialAction\":[{\"@type\":\"SearchAction\",\"target\":{\"@type\":\"EntryPoint\",\"urlTemplate\":\"https:\\\/\\\/www.anovapeneira.gal\\\/?s={search_term_string}\"},\"query-input\":{\"@type\":\"PropertyValueSpecification\",\"valueRequired\":true,\"valueName\":\"search_term_string\"}}],\"inLanguage\":\"gl-ES\"},{\"@type\":\"Organization\",\"@id\":\"https:\\\/\\\/www.anovapeneira.gal\\\/#organization\",\"name\":\"A Nova Peneira\",\"url\":\"https:\\\/\\\/www.anovapeneira.gal\\\/\",\"logo\":{\"@type\":\"ImageObject\",\"inLanguage\":\"gl-ES\",\"@id\":\"https:\\\/\\\/www.anovapeneira.gal\\\/#\\\/schema\\\/logo\\\/image\\\/\",\"url\":\"http:\\\/\\\/www.anovapeneira.gal\\\/wp-content\\\/uploads\\\/2019\\\/06\\\/logo_a_nova_peneira_portal_web.png\",\"contentUrl\":\"http:\\\/\\\/www.anovapeneira.gal\\\/wp-content\\\/uploads\\\/2019\\\/06\\\/logo_a_nova_peneira_portal_web.png\",\"width\":300,\"height\":100,\"caption\":\"A Nova Peneira\"},\"image\":{\"@id\":\"https:\\\/\\\/www.anovapeneira.gal\\\/#\\\/schema\\\/logo\\\/image\\\/\"},\"sameAs\":[\"https:\\\/\\\/www.facebook.com\\\/anovapeneira\",\"https:\\\/\\\/x.com\\\/APeneira\"]},{\"@type\":\"Person\",\"@id\":\"https:\\\/\\\/www.anovapeneira.gal\\\/#\\\/schema\\\/person\\\/b93e3f8932e3f8da96334607eb6ac6aa\",\"name\":\"Redacci\u00f3n A Nova Peneira\",\"image\":{\"@type\":\"ImageObject\",\"inLanguage\":\"gl-ES\",\"@id\":\"https:\\\/\\\/secure.gravatar.com\\\/avatar\\\/c052a2551a06e23fac63626232eaa90abd78dbcf1700fc46a2b2c89fd27b735f?s=96&d=mm&r=g\",\"url\":\"https:\\\/\\\/secure.gravatar.com\\\/avatar\\\/c052a2551a06e23fac63626232eaa90abd78dbcf1700fc46a2b2c89fd27b735f?s=96&d=mm&r=g\",\"contentUrl\":\"https:\\\/\\\/secure.gravatar.com\\\/avatar\\\/c052a2551a06e23fac63626232eaa90abd78dbcf1700fc46a2b2c89fd27b735f?s=96&d=mm&r=g\",\"caption\":\"Redacci\u00f3n A Nova Peneira\"},\"sameAs\":[\"http:\\\/\\\/www.anovapeneira.gal\\\/\"],\"url\":\"https:\\\/\\\/www.anovapeneira.gal\\\/index.php\\\/author\\\/redactor\\\/\"}]}<\/script>\n<!-- \/ Yoast SEO plugin. -->","yoast_head_json":{"title":"Os colectivos redondel\u00e1ns tecen redes pola igualdade -","description":"O Concello de Redondela conmemora o 8 de marzo, D\u00eda Internacional da Muller, cunha serie de actividades nas que se est\u00e1 a implicar toda a sociedade redondel\u00e1","robots":{"index":"index","follow":"follow","max-snippet":"max-snippet:-1","max-image-preview":"max-image-preview:large","max-video-preview":"max-video-preview:-1"},"canonical":"https:\/\/www.anovapeneira.gal\/index.php\/2024\/03\/06\/os-colectivos-redondelans-tecen-redes-pola-igualdade\/","og_locale":"gl_ES","og_type":"article","og_title":"Os colectivos redondel\u00e1ns tecen redes pola igualdade -","og_description":"O Concello de Redondela conmemora o 8 de marzo, D\u00eda Internacional da Muller, cunha serie de actividades nas que se est\u00e1 a implicar toda a sociedade redondel\u00e1","og_url":"https:\/\/www.anovapeneira.gal\/index.php\/2024\/03\/06\/os-colectivos-redondelans-tecen-redes-pola-igualdade\/","article_publisher":"https:\/\/www.facebook.com\/anovapeneira","article_published_time":"2024-03-06T09:00:01+00:00","og_image":[{"width":720,"height":432,"url":"https:\/\/www.anovapeneira.gal\/wp-content\/uploads\/2024\/03\/lenda_8m.jpg","type":"image\/jpeg"}],"author":"Redacci\u00f3n A Nova Peneira","twitter_card":"summary_large_image","twitter_creator":"@APeneira","twitter_site":"@APeneira","twitter_misc":{"Escrito por":"Redacci\u00f3n A Nova Peneira","Tempo de lectura":"5 minutos"},"schema":{"@context":"https:\/\/schema.org","@graph":[{"@type":"Article","@id":"https:\/\/www.anovapeneira.gal\/index.php\/2024\/03\/06\/os-colectivos-redondelans-tecen-redes-pola-igualdade\/#article","isPartOf":{"@id":"https:\/\/www.anovapeneira.gal\/index.php\/2024\/03\/06\/os-colectivos-redondelans-tecen-redes-pola-igualdade\/"},"author":{"name":"Redacci\u00f3n A Nova Peneira","@id":"https:\/\/www.anovapeneira.gal\/#\/schema\/person\/b93e3f8932e3f8da96334607eb6ac6aa"},"headline":"Os colectivos redondel\u00e1ns tecen redes pola igualdade","datePublished":"2024-03-06T09:00:01+00:00","mainEntityOfPage":{"@id":"https:\/\/www.anovapeneira.gal\/index.php\/2024\/03\/06\/os-colectivos-redondelans-tecen-redes-pola-igualdade\/"},"wordCount":865,"commentCount":0,"publisher":{"@id":"https:\/\/www.anovapeneira.gal\/#organization"},"image":{"@id":"https:\/\/www.anovapeneira.gal\/index.php\/2024\/03\/06\/os-colectivos-redondelans-tecen-redes-pola-igualdade\/#primaryimage"},"thumbnailUrl":"https:\/\/www.anovapeneira.gal\/wp-content\/uploads\/2024\/03\/lenda_8m.jpg","keywords":["Concello de Redondela"],"articleSection":["Redondela"],"inLanguage":"gl-ES","potentialAction":[{"@type":"CommentAction","name":"Comment","target":["https:\/\/www.anovapeneira.gal\/index.php\/2024\/03\/06\/os-colectivos-redondelans-tecen-redes-pola-igualdade\/#respond"]}]},{"@type":"WebPage","@id":"https:\/\/www.anovapeneira.gal\/index.php\/2024\/03\/06\/os-colectivos-redondelans-tecen-redes-pola-igualdade\/","url":"https:\/\/www.anovapeneira.gal\/index.php\/2024\/03\/06\/os-colectivos-redondelans-tecen-redes-pola-igualdade\/","name":"Os colectivos redondel\u00e1ns tecen redes pola igualdade -","isPartOf":{"@id":"https:\/\/www.anovapeneira.gal\/#website"},"primaryImageOfPage":{"@id":"https:\/\/www.anovapeneira.gal\/index.php\/2024\/03\/06\/os-colectivos-redondelans-tecen-redes-pola-igualdade\/#primaryimage"},"image":{"@id":"https:\/\/www.anovapeneira.gal\/index.php\/2024\/03\/06\/os-colectivos-redondelans-tecen-redes-pola-igualdade\/#primaryimage"},"thumbnailUrl":"https:\/\/www.anovapeneira.gal\/wp-content\/uploads\/2024\/03\/lenda_8m.jpg","datePublished":"2024-03-06T09:00:01+00:00","description":"O Concello de Redondela conmemora o 8 de marzo, D\u00eda Internacional da Muller, cunha serie de actividades nas que se est\u00e1 a implicar toda a sociedade redondel\u00e1","breadcrumb":{"@id":"https:\/\/www.anovapeneira.gal\/index.php\/2024\/03\/06\/os-colectivos-redondelans-tecen-redes-pola-igualdade\/#breadcrumb"},"inLanguage":"gl-ES","potentialAction":[{"@type":"ReadAction","target":["https:\/\/www.anovapeneira.gal\/index.php\/2024\/03\/06\/os-colectivos-redondelans-tecen-redes-pola-igualdade\/"]}]},{"@type":"ImageObject","inLanguage":"gl-ES","@id":"https:\/\/www.anovapeneira.gal\/index.php\/2024\/03\/06\/os-colectivos-redondelans-tecen-redes-pola-igualdade\/#primaryimage","url":"https:\/\/www.anovapeneira.gal\/wp-content\/uploads\/2024\/03\/lenda_8m.jpg","contentUrl":"https:\/\/www.anovapeneira.gal\/wp-content\/uploads\/2024\/03\/lenda_8m.jpg","width":720,"height":432,"caption":"Lenda 8M"},{"@type":"BreadcrumbList","@id":"https:\/\/www.anovapeneira.gal\/index.php\/2024\/03\/06\/os-colectivos-redondelans-tecen-redes-pola-igualdade\/#breadcrumb","itemListElement":[{"@type":"ListItem","position":1,"name":"Portada","item":"https:\/\/www.anovapeneira.gal\/"},{"@type":"ListItem","position":2,"name":"Os colectivos redondel\u00e1ns tecen redes pola igualdade"}]},{"@type":"WebSite","@id":"https:\/\/www.anovapeneira.gal\/#website","url":"https:\/\/www.anovapeneira.gal\/","name":"","description":"Xornal galego de informaci\u00f3n xeral Publicaci\u00f3n mensual de novas de Galicia e en especial dos Concellos da sur da provincia de Pontevedra.","publisher":{"@id":"https:\/\/www.anovapeneira.gal\/#organization"},"potentialAction":[{"@type":"SearchAction","target":{"@type":"EntryPoint","urlTemplate":"https:\/\/www.anovapeneira.gal\/?s={search_term_string}"},"query-input":{"@type":"PropertyValueSpecification","valueRequired":true,"valueName":"search_term_string"}}],"inLanguage":"gl-ES"},{"@type":"Organization","@id":"https:\/\/www.anovapeneira.gal\/#organization","name":"A Nova Peneira","url":"https:\/\/www.anovapeneira.gal\/","logo":{"@type":"ImageObject","inLanguage":"gl-ES","@id":"https:\/\/www.anovapeneira.gal\/#\/schema\/logo\/image\/","url":"http:\/\/www.anovapeneira.gal\/wp-content\/uploads\/2019\/06\/logo_a_nova_peneira_portal_web.png","contentUrl":"http:\/\/www.anovapeneira.gal\/wp-content\/uploads\/2019\/06\/logo_a_nova_peneira_portal_web.png","width":300,"height":100,"caption":"A Nova Peneira"},"image":{"@id":"https:\/\/www.anovapeneira.gal\/#\/schema\/logo\/image\/"},"sameAs":["https:\/\/www.facebook.com\/anovapeneira","https:\/\/x.com\/APeneira"]},{"@type":"Person","@id":"https:\/\/www.anovapeneira.gal\/#\/schema\/person\/b93e3f8932e3f8da96334607eb6ac6aa","name":"Redacci\u00f3n A Nova Peneira","image":{"@type":"ImageObject","inLanguage":"gl-ES","@id":"https:\/\/secure.gravatar.com\/avatar\/c052a2551a06e23fac63626232eaa90abd78dbcf1700fc46a2b2c89fd27b735f?s=96&d=mm&r=g","url":"https:\/\/secure.gravatar.com\/avatar\/c052a2551a06e23fac63626232eaa90abd78dbcf1700fc46a2b2c89fd27b735f?s=96&d=mm&r=g","contentUrl":"https:\/\/secure.gravatar.com\/avatar\/c052a2551a06e23fac63626232eaa90abd78dbcf1700fc46a2b2c89fd27b735f?s=96&d=mm&r=g","caption":"Redacci\u00f3n A Nova Peneira"},"sameAs":["http:\/\/www.anovapeneira.gal\/"],"url":"https:\/\/www.anovapeneira.gal\/index.php\/author\/redactor\/"}]}},"jetpack_featured_media_url":"https:\/\/www.anovapeneira.gal\/wp-content\/uploads\/2024\/03\/lenda_8m.jpg","_links":{"self":[{"href":"https:\/\/www.anovapeneira.gal\/index.php\/wp-json\/wp\/v2\/posts\/11366","targetHints":{"allow":["GET"]}}],"collection":[{"href":"https:\/\/www.anovapeneira.gal\/index.php\/wp-json\/wp\/v2\/posts"}],"about":[{"href":"https:\/\/www.anovapeneira.gal\/index.php\/wp-json\/wp\/v2\/types\/post"}],"author":[{"embeddable":true,"href":"https:\/\/www.anovapeneira.gal\/index.php\/wp-json\/wp\/v2\/users\/3"}],"replies":[{"embeddable":true,"href":"https:\/\/www.anovapeneira.gal\/index.php\/wp-json\/wp\/v2\/comments?post=11366"}],"version-history":[{"count":1,"href":"https:\/\/www.anovapeneira.gal\/index.php\/wp-json\/wp\/v2\/posts\/11366\/revisions"}],"predecessor-version":[{"id":11368,"href":"https:\/\/www.anovapeneira.gal\/index.php\/wp-json\/wp\/v2\/posts\/11366\/revisions\/11368"}],"wp:featuredmedia":[{"embeddable":true,"href":"https:\/\/www.anovapeneira.gal\/index.php\/wp-json\/wp\/v2\/media\/11367"}],"wp:attachment":[{"href":"https:\/\/www.anovapeneira.gal\/index.php\/wp-json\/wp\/v2\/media?parent=11366"}],"wp:term":[{"taxonomy":"category","embeddable":true,"href":"https:\/\/www.anovapeneira.gal\/index.php\/wp-json\/wp\/v2\/categories?post=11366"},{"taxonomy":"post_tag","embeddable":true,"href":"https:\/\/www.anovapeneira.gal\/index.php\/wp-json\/wp\/v2\/tags?post=11366"}],"curies":[{"name":"wp","href":"https:\/\/api.w.org\/{rel}","templated":true}]}}