{"id":11374,"date":"2024-03-07T10:00:31","date_gmt":"2024-03-07T09:00:31","guid":{"rendered":"https:\/\/www.anovapeneira.gal\/?p=11374"},"modified":"2024-03-06T10:03:56","modified_gmt":"2024-03-06T09:03:56","slug":"bng-exixe-ao-goberno-contundencia-frente-a-israel-e-a-ruptura-de-relacions-diplomaticas-por-crimes-humanitarios","status":"publish","type":"post","link":"https:\/\/www.anovapeneira.gal\/index.php\/2024\/03\/07\/bng-exixe-ao-goberno-contundencia-frente-a-israel-e-a-ruptura-de-relacions-diplomaticas-por-crimes-humanitarios\/","title":{"rendered":"BNG exixe ao Goberno \u201ccontundencia\u201d frente a Israel e a ruptura de relaci\u00f3ns diplom\u00e1ticas por crimes humanitarios"},"content":{"rendered":"\n<p><strong>N\u00e9stor Rego e Carme Da Silva presentaron iniciativas para exixir ao Goberno que \u201cpase das palabras aos feitos\u201d e deixe as posici\u00f3ns \u201cequidistantes\u201d con Israel: embargo de armas total, suspensi\u00f3n de relaci\u00f3ns diplom\u00e1ticas e que promova sanci\u00f3ns a Israel por vulnerar a Convenci\u00f3n de Xenebra e a legalidade internacional de dereitos humanos<\/strong><\/p>\n\n\n\n<h2 class=\"wp-block-heading\">\u201c<strong>A matanza de civ\u00eds palestinos cando recib\u00edan axuda humanitaria \u00e9 intoler\u00e1bel\u201d<\/strong><\/h2>\n\n\n\n<p><strong>Madrid, 1 de marzo de 2024<\/strong>. <\/p>\n\n\n\n<p>O portavoz do BNG no Congreso, N\u00e9stor Rego, e a senadora do BNG por Galiza, Carme Da Silva, presentaron iniciativas nas Cortes para exixir ao Goberno do Estado \u201ccontundencia\u201d frente a Israel e a ruptura de relaci\u00f3ns diplom\u00e1ticas co Estado sionista tras a matanza indiscriminada de m\u00e1is de cen civ\u00eds palestinos e centos de feridos o xoves cando estaban a recibir axuda humanitaria.<\/p>\n\n\n\n<p>Consideran que o Executivo debe pasar \u201cdas palabras aos feitos\u201d e deixar as posici\u00f3ns declaratorias e \u201cequidistantes\u201d con Israel para pasar \u00e1 adopci\u00f3n de medidas firmes. \u201cO BNG leva meses denunciando o xenocidio de Palestina e o incumprimento por parte de Israel da normativa internacional en dereitos humanos, protecci\u00f3n da poboaci\u00f3n civil, axuda humanitaria e a utilizaci\u00f3n de armamento prohibido contra civ\u00eds. Est\u00e1 claro o obxectivo de Israel de non parar at\u00e9 lograr arrasar por completo coa Franxa de Gaza para continuar coa s\u00faa pol\u00edtica de colonizaci\u00f3n e ocupaci\u00f3n dos territorios palestinos\u201d.<\/p>\n\n\n\n<p>\u201cDisparar contra civ\u00eds mentres eran atendidos humanitariamente nun contexto de fame e pasar por riba deles con veh\u00edculos militares \u00e9 a demostraci\u00f3n de crimes de lesa humanidade que debe sancionarse, condenarse, investigarse e denunciarse ante a Corte Penal Internacional\u201d, que debe facer reaccionar ao Goberno espa\u00f1ol, \u00e1 UE e \u00e1 Comunidade Internacional para obrigar a Israel ao alto o fogo.<\/p>\n\n\n\n<p><strong>As acci\u00f3ns criminais de Israel non te\u00f1en consecuencias. Deben adoptarse medidas.<\/strong><\/p>\n\n\n\n<p>Critican que o Estado espa\u00f1ol seguise a vender armas a Israel e compralas en novembro pasado e dem\u00e1ndanlle que practique o embargo total de armas porque vai en contra da propia lexislaci\u00f3n da UE que exixe que o pa\u00eds que recibe o armamento respecte os dereitos humanos e o dereito internacional humanitario. \u201cHai raz\u00f3ns fundadas para o embargo de armas a Israel e raz\u00f3ns fundadas para romper toda relaci\u00f3n cun Estado criminal e xenocida que vulnera o artigo 51 do Convenio de Xenebra que prohibe os ataques indiscriminados sobre a poboaci\u00f3n civil. Ademais de incitar ao xenocidio que \u00e9 un delito\u201d. Por iso, sinalan, \u201cdeber\u00eda analizarse o pos\u00edbel apoio a Sud\u00e1frica na demanda contra Israel ante a Corte Penal Internacional por xenocidio na Franxa de Gaza\u201d.<\/p>\n\n\n\n<p>O BNG insta ao Goberno a promover na UE a suspensi\u00f3n do Acordo de Asociaci\u00f3n UE-Israel en base a motivos humanos que se recolle no propio Acordo.<\/p>\n\n\n\n<p>Para o BNG a situaci\u00f3n en Gaza \u201c\u00e9 insost\u00edbel con m\u00e1is menores asasinados en meses que nas zonas en conflito desde 2019. Nenos e nenas que morren de fame, 50.000 mulleres embarazadas sen asistencia sanitaria e moitas enfrontando ces\u00e1reas sen anestesia. M\u00e1is de 30.000 civ\u00eds, m\u00e1is de cen xornalistas e membros de Naci\u00f3ns Unidas asasinados e unha poboaci\u00f3n rodeada de miseria, pragas, doenzas e sen acceso aos fornecementos b\u00e1sicos.<\/p>\n\n\n\n<p>\u201cVai o Goberno continuar relacion\u00e1ndose cun Estado criminal? Paralizou de todo o comercio de armas con Israel? Comprom\u00e9tese a manter os fondos para a UNRWA a fin de garantir a axuda humanitaria? Vai incrementar os fondos \u00e1 axuda \u00e1 Gaza e solicitar o mesmo na UE? Que est\u00e1 a facer para a Declaraci\u00f3n do Estado palestino? Que actuaci\u00f3ns vai emprender frente ao xenocidio se Israel sobre a poboaci\u00f3n palestina?\u201d, son algunhas das cuesti\u00f3ns que dirixen ao Executivo.<\/p>\n","protected":false},"excerpt":{"rendered":"<div class=\"mh-excerpt\"><p>N\u00e9stor Rego e Carme Da Silva presentaron iniciativas para exixir ao Goberno que \u201cpase das palabras aos feitos\u201d e deixe as posici\u00f3ns \u201cequidistantes\u201d con Israel <a class=\"mh-excerpt-more\" href=\"https:\/\/www.anovapeneira.gal\/index.php\/2024\/03\/07\/bng-exixe-ao-goberno-contundencia-frente-a-israel-e-a-ruptura-de-relacions-diplomaticas-por-crimes-humanitarios\/\" title=\"BNG exixe ao Goberno \u201ccontundencia\u201d frente a Israel e a ruptura de relaci\u00f3ns diplom\u00e1ticas por crimes humanitarios\">[&#8230;]<\/a><\/p>\n<\/div>","protected":false},"author":3,"featured_media":11375,"comment_status":"open","ping_status":"open","sticky":false,"template":"","format":"standard","meta":{"_exactmetrics_skip_tracking":false,"_exactmetrics_sitenote_active":false,"_exactmetrics_sitenote_note":"","_exactmetrics_sitenote_category":0,"footnotes":""},"categories":[263],"tags":[10,631],"class_list":{"0":"post-11374","1":"post","2":"type-post","3":"status-publish","4":"format-standard","5":"has-post-thumbnail","7":"category-novas","8":"tag-bng","9":"tag-nestor-rego"},"yoast_head":"<!-- This site is optimized with the Yoast SEO plugin v27.4 - https:\/\/yoast.com\/product\/yoast-seo-wordpress\/ -->\n<title>BNG exixe ao Goberno \u201ccontundencia\u201d frente a Israel e a ruptura de relaci\u00f3ns diplom\u00e1ticas por crimes humanitarios -<\/title>\n<meta name=\"description\" content=\"N\u00e9stor Rego e Carme Da Silva presentaron iniciativas para exixir ao Goberno que \u201cpase das palabras aos feitos\u201d e deixe as posici\u00f3ns \u201cequidistantes\u201d con Israel\" \/>\n<meta name=\"robots\" content=\"index, follow, max-snippet:-1, max-image-preview:large, max-video-preview:-1\" \/>\n<link rel=\"canonical\" href=\"https:\/\/www.anovapeneira.gal\/index.php\/2024\/03\/07\/bng-exixe-ao-goberno-contundencia-frente-a-israel-e-a-ruptura-de-relacions-diplomaticas-por-crimes-humanitarios\/\" \/>\n<meta property=\"og:locale\" content=\"gl_ES\" \/>\n<meta property=\"og:type\" content=\"article\" \/>\n<meta property=\"og:title\" content=\"BNG exixe ao Goberno \u201ccontundencia\u201d frente a Israel e a ruptura de relaci\u00f3ns diplom\u00e1ticas por crimes humanitarios -\" \/>\n<meta property=\"og:description\" content=\"N\u00e9stor Rego e Carme Da Silva presentaron iniciativas para exixir ao Goberno que \u201cpase das palabras aos feitos\u201d e deixe as posici\u00f3ns \u201cequidistantes\u201d con Israel\" \/>\n<meta property=\"og:url\" content=\"https:\/\/www.anovapeneira.gal\/index.php\/2024\/03\/07\/bng-exixe-ao-goberno-contundencia-frente-a-israel-e-a-ruptura-de-relacions-diplomaticas-por-crimes-humanitarios\/\" \/>\n<meta property=\"article:publisher\" content=\"https:\/\/www.facebook.com\/anovapeneira\" \/>\n<meta property=\"article:published_time\" content=\"2024-03-07T09:00:31+00:00\" \/>\n<meta property=\"og:image\" content=\"https:\/\/www.anovapeneira.gal\/wp-content\/uploads\/2024\/03\/rego_carmen_congreso.jpg\" \/>\n\t<meta property=\"og:image:width\" content=\"1920\" \/>\n\t<meta property=\"og:image:height\" content=\"1146\" \/>\n\t<meta property=\"og:image:type\" content=\"image\/jpeg\" \/>\n<meta name=\"author\" content=\"Redacci\u00f3n A Nova Peneira\" \/>\n<meta name=\"twitter:card\" content=\"summary_large_image\" \/>\n<meta name=\"twitter:creator\" content=\"@APeneira\" \/>\n<meta name=\"twitter:site\" content=\"@APeneira\" \/>\n<meta name=\"twitter:label1\" content=\"Escrito por\" \/>\n\t<meta name=\"twitter:data1\" content=\"Redacci\u00f3n A Nova Peneira\" \/>\n\t<meta name=\"twitter:label2\" content=\"Tempo de lectura\" \/>\n\t<meta name=\"twitter:data2\" content=\"4 minutos\" \/>\n<script type=\"application\/ld+json\" class=\"yoast-schema-graph\">{\"@context\":\"https:\\\/\\\/schema.org\",\"@graph\":[{\"@type\":\"Article\",\"@id\":\"https:\\\/\\\/www.anovapeneira.gal\\\/index.php\\\/2024\\\/03\\\/07\\\/bng-exixe-ao-goberno-contundencia-frente-a-israel-e-a-ruptura-de-relacions-diplomaticas-por-crimes-humanitarios\\\/#article\",\"isPartOf\":{\"@id\":\"https:\\\/\\\/www.anovapeneira.gal\\\/index.php\\\/2024\\\/03\\\/07\\\/bng-exixe-ao-goberno-contundencia-frente-a-israel-e-a-ruptura-de-relacions-diplomaticas-por-crimes-humanitarios\\\/\"},\"author\":{\"name\":\"Redacci\u00f3n A Nova Peneira\",\"@id\":\"https:\\\/\\\/www.anovapeneira.gal\\\/#\\\/schema\\\/person\\\/b93e3f8932e3f8da96334607eb6ac6aa\"},\"headline\":\"BNG exixe ao Goberno \u201ccontundencia\u201d frente a Israel e a ruptura de relaci\u00f3ns diplom\u00e1ticas por crimes humanitarios\",\"datePublished\":\"2024-03-07T09:00:31+00:00\",\"mainEntityOfPage\":{\"@id\":\"https:\\\/\\\/www.anovapeneira.gal\\\/index.php\\\/2024\\\/03\\\/07\\\/bng-exixe-ao-goberno-contundencia-frente-a-israel-e-a-ruptura-de-relacions-diplomaticas-por-crimes-humanitarios\\\/\"},\"wordCount\":658,\"commentCount\":0,\"publisher\":{\"@id\":\"https:\\\/\\\/www.anovapeneira.gal\\\/#organization\"},\"image\":{\"@id\":\"https:\\\/\\\/www.anovapeneira.gal\\\/index.php\\\/2024\\\/03\\\/07\\\/bng-exixe-ao-goberno-contundencia-frente-a-israel-e-a-ruptura-de-relacions-diplomaticas-por-crimes-humanitarios\\\/#primaryimage\"},\"thumbnailUrl\":\"https:\\\/\\\/www.anovapeneira.gal\\\/wp-content\\\/uploads\\\/2024\\\/03\\\/rego_carmen_congreso.jpg\",\"keywords\":[\"BNG\",\"N\u00e9stor Rego\"],\"articleSection\":[\"Novas\"],\"inLanguage\":\"gl-ES\",\"potentialAction\":[{\"@type\":\"CommentAction\",\"name\":\"Comment\",\"target\":[\"https:\\\/\\\/www.anovapeneira.gal\\\/index.php\\\/2024\\\/03\\\/07\\\/bng-exixe-ao-goberno-contundencia-frente-a-israel-e-a-ruptura-de-relacions-diplomaticas-por-crimes-humanitarios\\\/#respond\"]}]},{\"@type\":\"WebPage\",\"@id\":\"https:\\\/\\\/www.anovapeneira.gal\\\/index.php\\\/2024\\\/03\\\/07\\\/bng-exixe-ao-goberno-contundencia-frente-a-israel-e-a-ruptura-de-relacions-diplomaticas-por-crimes-humanitarios\\\/\",\"url\":\"https:\\\/\\\/www.anovapeneira.gal\\\/index.php\\\/2024\\\/03\\\/07\\\/bng-exixe-ao-goberno-contundencia-frente-a-israel-e-a-ruptura-de-relacions-diplomaticas-por-crimes-humanitarios\\\/\",\"name\":\"BNG exixe ao Goberno \u201ccontundencia\u201d frente a Israel e a ruptura de relaci\u00f3ns diplom\u00e1ticas por crimes humanitarios -\",\"isPartOf\":{\"@id\":\"https:\\\/\\\/www.anovapeneira.gal\\\/#website\"},\"primaryImageOfPage\":{\"@id\":\"https:\\\/\\\/www.anovapeneira.gal\\\/index.php\\\/2024\\\/03\\\/07\\\/bng-exixe-ao-goberno-contundencia-frente-a-israel-e-a-ruptura-de-relacions-diplomaticas-por-crimes-humanitarios\\\/#primaryimage\"},\"image\":{\"@id\":\"https:\\\/\\\/www.anovapeneira.gal\\\/index.php\\\/2024\\\/03\\\/07\\\/bng-exixe-ao-goberno-contundencia-frente-a-israel-e-a-ruptura-de-relacions-diplomaticas-por-crimes-humanitarios\\\/#primaryimage\"},\"thumbnailUrl\":\"https:\\\/\\\/www.anovapeneira.gal\\\/wp-content\\\/uploads\\\/2024\\\/03\\\/rego_carmen_congreso.jpg\",\"datePublished\":\"2024-03-07T09:00:31+00:00\",\"description\":\"N\u00e9stor Rego e Carme Da Silva presentaron iniciativas para exixir ao Goberno que \u201cpase das palabras aos feitos\u201d e deixe as posici\u00f3ns \u201cequidistantes\u201d con Israel\",\"breadcrumb\":{\"@id\":\"https:\\\/\\\/www.anovapeneira.gal\\\/index.php\\\/2024\\\/03\\\/07\\\/bng-exixe-ao-goberno-contundencia-frente-a-israel-e-a-ruptura-de-relacions-diplomaticas-por-crimes-humanitarios\\\/#breadcrumb\"},\"inLanguage\":\"gl-ES\",\"potentialAction\":[{\"@type\":\"ReadAction\",\"target\":[\"https:\\\/\\\/www.anovapeneira.gal\\\/index.php\\\/2024\\\/03\\\/07\\\/bng-exixe-ao-goberno-contundencia-frente-a-israel-e-a-ruptura-de-relacions-diplomaticas-por-crimes-humanitarios\\\/\"]}]},{\"@type\":\"ImageObject\",\"inLanguage\":\"gl-ES\",\"@id\":\"https:\\\/\\\/www.anovapeneira.gal\\\/index.php\\\/2024\\\/03\\\/07\\\/bng-exixe-ao-goberno-contundencia-frente-a-israel-e-a-ruptura-de-relacions-diplomaticas-por-crimes-humanitarios\\\/#primaryimage\",\"url\":\"https:\\\/\\\/www.anovapeneira.gal\\\/wp-content\\\/uploads\\\/2024\\\/03\\\/rego_carmen_congreso.jpg\",\"contentUrl\":\"https:\\\/\\\/www.anovapeneira.gal\\\/wp-content\\\/uploads\\\/2024\\\/03\\\/rego_carmen_congreso.jpg\",\"width\":1920,\"height\":1146,\"caption\":\"BNG no Congreso N\u00e9stor Rego\"},{\"@type\":\"BreadcrumbList\",\"@id\":\"https:\\\/\\\/www.anovapeneira.gal\\\/index.php\\\/2024\\\/03\\\/07\\\/bng-exixe-ao-goberno-contundencia-frente-a-israel-e-a-ruptura-de-relacions-diplomaticas-por-crimes-humanitarios\\\/#breadcrumb\",\"itemListElement\":[{\"@type\":\"ListItem\",\"position\":1,\"name\":\"Portada\",\"item\":\"https:\\\/\\\/www.anovapeneira.gal\\\/\"},{\"@type\":\"ListItem\",\"position\":2,\"name\":\"BNG exixe ao Goberno \u201ccontundencia\u201d frente a Israel e a ruptura de relaci\u00f3ns diplom\u00e1ticas por crimes humanitarios\"}]},{\"@type\":\"WebSite\",\"@id\":\"https:\\\/\\\/www.anovapeneira.gal\\\/#website\",\"url\":\"https:\\\/\\\/www.anovapeneira.gal\\\/\",\"name\":\"\",\"description\":\"Xornal galego de informaci\u00f3n xeral Publicaci\u00f3n mensual de novas de Galicia e en especial dos Concellos da sur da provincia de Pontevedra.\",\"publisher\":{\"@id\":\"https:\\\/\\\/www.anovapeneira.gal\\\/#organization\"},\"potentialAction\":[{\"@type\":\"SearchAction\",\"target\":{\"@type\":\"EntryPoint\",\"urlTemplate\":\"https:\\\/\\\/www.anovapeneira.gal\\\/?s={search_term_string}\"},\"query-input\":{\"@type\":\"PropertyValueSpecification\",\"valueRequired\":true,\"valueName\":\"search_term_string\"}}],\"inLanguage\":\"gl-ES\"},{\"@type\":\"Organization\",\"@id\":\"https:\\\/\\\/www.anovapeneira.gal\\\/#organization\",\"name\":\"A Nova Peneira\",\"url\":\"https:\\\/\\\/www.anovapeneira.gal\\\/\",\"logo\":{\"@type\":\"ImageObject\",\"inLanguage\":\"gl-ES\",\"@id\":\"https:\\\/\\\/www.anovapeneira.gal\\\/#\\\/schema\\\/logo\\\/image\\\/\",\"url\":\"http:\\\/\\\/www.anovapeneira.gal\\\/wp-content\\\/uploads\\\/2019\\\/06\\\/logo_a_nova_peneira_portal_web.png\",\"contentUrl\":\"http:\\\/\\\/www.anovapeneira.gal\\\/wp-content\\\/uploads\\\/2019\\\/06\\\/logo_a_nova_peneira_portal_web.png\",\"width\":300,\"height\":100,\"caption\":\"A Nova Peneira\"},\"image\":{\"@id\":\"https:\\\/\\\/www.anovapeneira.gal\\\/#\\\/schema\\\/logo\\\/image\\\/\"},\"sameAs\":[\"https:\\\/\\\/www.facebook.com\\\/anovapeneira\",\"https:\\\/\\\/x.com\\\/APeneira\"]},{\"@type\":\"Person\",\"@id\":\"https:\\\/\\\/www.anovapeneira.gal\\\/#\\\/schema\\\/person\\\/b93e3f8932e3f8da96334607eb6ac6aa\",\"name\":\"Redacci\u00f3n A Nova Peneira\",\"image\":{\"@type\":\"ImageObject\",\"inLanguage\":\"gl-ES\",\"@id\":\"https:\\\/\\\/secure.gravatar.com\\\/avatar\\\/c052a2551a06e23fac63626232eaa90abd78dbcf1700fc46a2b2c89fd27b735f?s=96&d=mm&r=g\",\"url\":\"https:\\\/\\\/secure.gravatar.com\\\/avatar\\\/c052a2551a06e23fac63626232eaa90abd78dbcf1700fc46a2b2c89fd27b735f?s=96&d=mm&r=g\",\"contentUrl\":\"https:\\\/\\\/secure.gravatar.com\\\/avatar\\\/c052a2551a06e23fac63626232eaa90abd78dbcf1700fc46a2b2c89fd27b735f?s=96&d=mm&r=g\",\"caption\":\"Redacci\u00f3n A Nova Peneira\"},\"sameAs\":[\"http:\\\/\\\/www.anovapeneira.gal\\\/\"],\"url\":\"https:\\\/\\\/www.anovapeneira.gal\\\/index.php\\\/author\\\/redactor\\\/\"}]}<\/script>\n<!-- \/ Yoast SEO plugin. -->","yoast_head_json":{"title":"BNG exixe ao Goberno \u201ccontundencia\u201d frente a Israel e a ruptura de relaci\u00f3ns diplom\u00e1ticas por crimes humanitarios -","description":"N\u00e9stor Rego e Carme Da Silva presentaron iniciativas para exixir ao Goberno que \u201cpase das palabras aos feitos\u201d e deixe as posici\u00f3ns \u201cequidistantes\u201d con Israel","robots":{"index":"index","follow":"follow","max-snippet":"max-snippet:-1","max-image-preview":"max-image-preview:large","max-video-preview":"max-video-preview:-1"},"canonical":"https:\/\/www.anovapeneira.gal\/index.php\/2024\/03\/07\/bng-exixe-ao-goberno-contundencia-frente-a-israel-e-a-ruptura-de-relacions-diplomaticas-por-crimes-humanitarios\/","og_locale":"gl_ES","og_type":"article","og_title":"BNG exixe ao Goberno \u201ccontundencia\u201d frente a Israel e a ruptura de relaci\u00f3ns diplom\u00e1ticas por crimes humanitarios -","og_description":"N\u00e9stor Rego e Carme Da Silva presentaron iniciativas para exixir ao Goberno que \u201cpase das palabras aos feitos\u201d e deixe as posici\u00f3ns \u201cequidistantes\u201d con Israel","og_url":"https:\/\/www.anovapeneira.gal\/index.php\/2024\/03\/07\/bng-exixe-ao-goberno-contundencia-frente-a-israel-e-a-ruptura-de-relacions-diplomaticas-por-crimes-humanitarios\/","article_publisher":"https:\/\/www.facebook.com\/anovapeneira","article_published_time":"2024-03-07T09:00:31+00:00","og_image":[{"width":1920,"height":1146,"url":"https:\/\/www.anovapeneira.gal\/wp-content\/uploads\/2024\/03\/rego_carmen_congreso.jpg","type":"image\/jpeg"}],"author":"Redacci\u00f3n A Nova Peneira","twitter_card":"summary_large_image","twitter_creator":"@APeneira","twitter_site":"@APeneira","twitter_misc":{"Escrito por":"Redacci\u00f3n A Nova Peneira","Tempo de lectura":"4 minutos"},"schema":{"@context":"https:\/\/schema.org","@graph":[{"@type":"Article","@id":"https:\/\/www.anovapeneira.gal\/index.php\/2024\/03\/07\/bng-exixe-ao-goberno-contundencia-frente-a-israel-e-a-ruptura-de-relacions-diplomaticas-por-crimes-humanitarios\/#article","isPartOf":{"@id":"https:\/\/www.anovapeneira.gal\/index.php\/2024\/03\/07\/bng-exixe-ao-goberno-contundencia-frente-a-israel-e-a-ruptura-de-relacions-diplomaticas-por-crimes-humanitarios\/"},"author":{"name":"Redacci\u00f3n A Nova Peneira","@id":"https:\/\/www.anovapeneira.gal\/#\/schema\/person\/b93e3f8932e3f8da96334607eb6ac6aa"},"headline":"BNG exixe ao Goberno \u201ccontundencia\u201d frente a Israel e a ruptura de relaci\u00f3ns diplom\u00e1ticas por crimes humanitarios","datePublished":"2024-03-07T09:00:31+00:00","mainEntityOfPage":{"@id":"https:\/\/www.anovapeneira.gal\/index.php\/2024\/03\/07\/bng-exixe-ao-goberno-contundencia-frente-a-israel-e-a-ruptura-de-relacions-diplomaticas-por-crimes-humanitarios\/"},"wordCount":658,"commentCount":0,"publisher":{"@id":"https:\/\/www.anovapeneira.gal\/#organization"},"image":{"@id":"https:\/\/www.anovapeneira.gal\/index.php\/2024\/03\/07\/bng-exixe-ao-goberno-contundencia-frente-a-israel-e-a-ruptura-de-relacions-diplomaticas-por-crimes-humanitarios\/#primaryimage"},"thumbnailUrl":"https:\/\/www.anovapeneira.gal\/wp-content\/uploads\/2024\/03\/rego_carmen_congreso.jpg","keywords":["BNG","N\u00e9stor Rego"],"articleSection":["Novas"],"inLanguage":"gl-ES","potentialAction":[{"@type":"CommentAction","name":"Comment","target":["https:\/\/www.anovapeneira.gal\/index.php\/2024\/03\/07\/bng-exixe-ao-goberno-contundencia-frente-a-israel-e-a-ruptura-de-relacions-diplomaticas-por-crimes-humanitarios\/#respond"]}]},{"@type":"WebPage","@id":"https:\/\/www.anovapeneira.gal\/index.php\/2024\/03\/07\/bng-exixe-ao-goberno-contundencia-frente-a-israel-e-a-ruptura-de-relacions-diplomaticas-por-crimes-humanitarios\/","url":"https:\/\/www.anovapeneira.gal\/index.php\/2024\/03\/07\/bng-exixe-ao-goberno-contundencia-frente-a-israel-e-a-ruptura-de-relacions-diplomaticas-por-crimes-humanitarios\/","name":"BNG exixe ao Goberno \u201ccontundencia\u201d frente a Israel e a ruptura de relaci\u00f3ns diplom\u00e1ticas por crimes humanitarios -","isPartOf":{"@id":"https:\/\/www.anovapeneira.gal\/#website"},"primaryImageOfPage":{"@id":"https:\/\/www.anovapeneira.gal\/index.php\/2024\/03\/07\/bng-exixe-ao-goberno-contundencia-frente-a-israel-e-a-ruptura-de-relacions-diplomaticas-por-crimes-humanitarios\/#primaryimage"},"image":{"@id":"https:\/\/www.anovapeneira.gal\/index.php\/2024\/03\/07\/bng-exixe-ao-goberno-contundencia-frente-a-israel-e-a-ruptura-de-relacions-diplomaticas-por-crimes-humanitarios\/#primaryimage"},"thumbnailUrl":"https:\/\/www.anovapeneira.gal\/wp-content\/uploads\/2024\/03\/rego_carmen_congreso.jpg","datePublished":"2024-03-07T09:00:31+00:00","description":"N\u00e9stor Rego e Carme Da Silva presentaron iniciativas para exixir ao Goberno que \u201cpase das palabras aos feitos\u201d e deixe as posici\u00f3ns \u201cequidistantes\u201d con Israel","breadcrumb":{"@id":"https:\/\/www.anovapeneira.gal\/index.php\/2024\/03\/07\/bng-exixe-ao-goberno-contundencia-frente-a-israel-e-a-ruptura-de-relacions-diplomaticas-por-crimes-humanitarios\/#breadcrumb"},"inLanguage":"gl-ES","potentialAction":[{"@type":"ReadAction","target":["https:\/\/www.anovapeneira.gal\/index.php\/2024\/03\/07\/bng-exixe-ao-goberno-contundencia-frente-a-israel-e-a-ruptura-de-relacions-diplomaticas-por-crimes-humanitarios\/"]}]},{"@type":"ImageObject","inLanguage":"gl-ES","@id":"https:\/\/www.anovapeneira.gal\/index.php\/2024\/03\/07\/bng-exixe-ao-goberno-contundencia-frente-a-israel-e-a-ruptura-de-relacions-diplomaticas-por-crimes-humanitarios\/#primaryimage","url":"https:\/\/www.anovapeneira.gal\/wp-content\/uploads\/2024\/03\/rego_carmen_congreso.jpg","contentUrl":"https:\/\/www.anovapeneira.gal\/wp-content\/uploads\/2024\/03\/rego_carmen_congreso.jpg","width":1920,"height":1146,"caption":"BNG no Congreso N\u00e9stor Rego"},{"@type":"BreadcrumbList","@id":"https:\/\/www.anovapeneira.gal\/index.php\/2024\/03\/07\/bng-exixe-ao-goberno-contundencia-frente-a-israel-e-a-ruptura-de-relacions-diplomaticas-por-crimes-humanitarios\/#breadcrumb","itemListElement":[{"@type":"ListItem","position":1,"name":"Portada","item":"https:\/\/www.anovapeneira.gal\/"},{"@type":"ListItem","position":2,"name":"BNG exixe ao Goberno \u201ccontundencia\u201d frente a Israel e a ruptura de relaci\u00f3ns diplom\u00e1ticas por crimes humanitarios"}]},{"@type":"WebSite","@id":"https:\/\/www.anovapeneira.gal\/#website","url":"https:\/\/www.anovapeneira.gal\/","name":"","description":"Xornal galego de informaci\u00f3n xeral Publicaci\u00f3n mensual de novas de Galicia e en especial dos Concellos da sur da provincia de Pontevedra.","publisher":{"@id":"https:\/\/www.anovapeneira.gal\/#organization"},"potentialAction":[{"@type":"SearchAction","target":{"@type":"EntryPoint","urlTemplate":"https:\/\/www.anovapeneira.gal\/?s={search_term_string}"},"query-input":{"@type":"PropertyValueSpecification","valueRequired":true,"valueName":"search_term_string"}}],"inLanguage":"gl-ES"},{"@type":"Organization","@id":"https:\/\/www.anovapeneira.gal\/#organization","name":"A Nova Peneira","url":"https:\/\/www.anovapeneira.gal\/","logo":{"@type":"ImageObject","inLanguage":"gl-ES","@id":"https:\/\/www.anovapeneira.gal\/#\/schema\/logo\/image\/","url":"http:\/\/www.anovapeneira.gal\/wp-content\/uploads\/2019\/06\/logo_a_nova_peneira_portal_web.png","contentUrl":"http:\/\/www.anovapeneira.gal\/wp-content\/uploads\/2019\/06\/logo_a_nova_peneira_portal_web.png","width":300,"height":100,"caption":"A Nova Peneira"},"image":{"@id":"https:\/\/www.anovapeneira.gal\/#\/schema\/logo\/image\/"},"sameAs":["https:\/\/www.facebook.com\/anovapeneira","https:\/\/x.com\/APeneira"]},{"@type":"Person","@id":"https:\/\/www.anovapeneira.gal\/#\/schema\/person\/b93e3f8932e3f8da96334607eb6ac6aa","name":"Redacci\u00f3n A Nova Peneira","image":{"@type":"ImageObject","inLanguage":"gl-ES","@id":"https:\/\/secure.gravatar.com\/avatar\/c052a2551a06e23fac63626232eaa90abd78dbcf1700fc46a2b2c89fd27b735f?s=96&d=mm&r=g","url":"https:\/\/secure.gravatar.com\/avatar\/c052a2551a06e23fac63626232eaa90abd78dbcf1700fc46a2b2c89fd27b735f?s=96&d=mm&r=g","contentUrl":"https:\/\/secure.gravatar.com\/avatar\/c052a2551a06e23fac63626232eaa90abd78dbcf1700fc46a2b2c89fd27b735f?s=96&d=mm&r=g","caption":"Redacci\u00f3n A Nova Peneira"},"sameAs":["http:\/\/www.anovapeneira.gal\/"],"url":"https:\/\/www.anovapeneira.gal\/index.php\/author\/redactor\/"}]}},"jetpack_featured_media_url":"https:\/\/www.anovapeneira.gal\/wp-content\/uploads\/2024\/03\/rego_carmen_congreso.jpg","_links":{"self":[{"href":"https:\/\/www.anovapeneira.gal\/index.php\/wp-json\/wp\/v2\/posts\/11374","targetHints":{"allow":["GET"]}}],"collection":[{"href":"https:\/\/www.anovapeneira.gal\/index.php\/wp-json\/wp\/v2\/posts"}],"about":[{"href":"https:\/\/www.anovapeneira.gal\/index.php\/wp-json\/wp\/v2\/types\/post"}],"author":[{"embeddable":true,"href":"https:\/\/www.anovapeneira.gal\/index.php\/wp-json\/wp\/v2\/users\/3"}],"replies":[{"embeddable":true,"href":"https:\/\/www.anovapeneira.gal\/index.php\/wp-json\/wp\/v2\/comments?post=11374"}],"version-history":[{"count":1,"href":"https:\/\/www.anovapeneira.gal\/index.php\/wp-json\/wp\/v2\/posts\/11374\/revisions"}],"predecessor-version":[{"id":11376,"href":"https:\/\/www.anovapeneira.gal\/index.php\/wp-json\/wp\/v2\/posts\/11374\/revisions\/11376"}],"wp:featuredmedia":[{"embeddable":true,"href":"https:\/\/www.anovapeneira.gal\/index.php\/wp-json\/wp\/v2\/media\/11375"}],"wp:attachment":[{"href":"https:\/\/www.anovapeneira.gal\/index.php\/wp-json\/wp\/v2\/media?parent=11374"}],"wp:term":[{"taxonomy":"category","embeddable":true,"href":"https:\/\/www.anovapeneira.gal\/index.php\/wp-json\/wp\/v2\/categories?post=11374"},{"taxonomy":"post_tag","embeddable":true,"href":"https:\/\/www.anovapeneira.gal\/index.php\/wp-json\/wp\/v2\/tags?post=11374"}],"curies":[{"name":"wp","href":"https:\/\/api.w.org\/{rel}","templated":true}]}}