{"id":11377,"date":"2024-03-07T12:00:27","date_gmt":"2024-03-07T11:00:27","guid":{"rendered":"https:\/\/www.anovapeneira.gal\/?p=11377"},"modified":"2024-03-06T10:10:51","modified_gmt":"2024-03-06T09:10:51","slug":"a-omix-de-tomino-pechou-o-2023-con-rotundo-exito-en-todas-as-suas-actividades","status":"publish","type":"post","link":"https:\/\/www.anovapeneira.gal\/index.php\/2024\/03\/07\/a-omix-de-tomino-pechou-o-2023-con-rotundo-exito-en-todas-as-suas-actividades\/","title":{"rendered":"A OMIX de Tomi\u00f1o pechou o 2023 con rotundo \u00e9xito en todas as s\u00faas actividades"},"content":{"rendered":"\n<h2 class=\"wp-block-heading\"><strong>M\u00e1is de 600 mozos e mozas participaron en cursos, obradoiros e actividades de lecer, ao que hai que sumar outras acci\u00f3ns postas en marcha polo grupo de voluntariado<\/strong><\/h2>\n\n\n\n<p><strong>Tomi\u00f1o, 1 de marzo de 2024<\/strong><\/p>\n\n\n\n<p>A OMIX de Tomi\u00f1o pechou o 2023 con grande \u00e9xito de participaci\u00f3n. Ao longo do pasado ano m\u00e1is de 600 mozos e mozas formaron parte de cursos, obradoiros e actividades de lecer, un alto n\u00famero rapazada implicada ao que hai que sumar todas aquelas persoas que participaron tam\u00e9n nas actividades realizadas polo grupo de mocidade voluntaria. Un balance moi positivo, cun crecemento notable da participaci\u00f3n e un interese que segue en aumento para este 2024.<\/p>\n\n\n\n<p>Ao longo do ano pasado, arredor dunhas 220 persoas inscrib\u00edronse nos diversos cursos formativos e de lecer ofertados pola OMIX de Tomi\u00f1o e outros 200 mozos e mozas, ademais de moitas persoas maiores de 35 anos, participaron no concerto organizado para celebrar o D\u00eda Mundial da Xuventude. Unha cifra ao que hai tam\u00e9n que sumar os m\u00e1s de 150 alumnos e alumnas de 2\u00ba da ESO aos que se lle impartiu o obradoiro de educaci\u00f3n afectivo-sexual, unha formaci\u00f3n que se repetiu xa este ano nas aulas do IES Ant\u00f3n Alonso R\u00edos e no que participaron outros 150 estudantes.<\/p>\n\n\n\n<p>A alcaldesa de Tomi\u00f1o, Sandra Gonz\u00e1lez, destaca \u201co continuo interese que amosa a nosa mocidade por todas as actividades que se fan dende o Concello. \u00c9 un claro exemplo do compromiso e implicaci\u00f3n dos nosos mozos e mozas e do gran traballo que se realiza dende a OMIX, creando unha programaci\u00f3n atractiva e adaptada \u00e1 demanda da propia rapazada\u201d.<\/p>\n\n\n\n<p>A OMIX de Tomi\u00f1o promete un 2024 cargado de proxectos e que arrancou con d\u00faas formaci\u00f3ns que acadaron un grande \u00e9xito entre a mocidade e que contan cunha importante lista de agarda tras completar as prazas en pouco tempo: un curso de monitor de tempo libre de 350 horas te\u00f3ricas e pr\u00e1cticas con t\u00edtulo oficial e o de bordado, con tanta xente interesada que se repetir\u00e1 no vindeiro mes de abril.<\/p>\n\n\n\n<p>Deste xeito, nos vindeiros d\u00edas abrirase a inscrici\u00f3n na web municipal para os talleres que se celebrar\u00e1n en abril. As\u00ed, organizarase un curso de horticultura ecol\u00f3xica, un obradoiro de 12 horas no que o alumnado co\u00f1ecer\u00e1 de xeito te\u00f3rico e pr\u00e1ctico as bases da produtividade do cultivo ecol\u00f3xicos e os labores en horticultura: cando, que e como plantar e manter a horta. Na formaci\u00f3n tam\u00e9n se abordar\u00e1 a recolecci\u00f3n e conserva dos alimentos. O curso ser\u00e1 os venres dende o 5 de abril ao 10 de maio na Escola Obradoiro de Goi\u00e1n de 18.00 a 20.00 horas e ter\u00e1 un prezo de 15 euros por persoa.<\/p>\n\n\n\n<p>Dado o grande \u00e9xito de acollida das d\u00faas primeiras edici\u00f3ns, en abril tam\u00e9n celebrar\u00e1 un novo obradoiro de bordado sobre fotograf\u00eda en tea, no que as e os participantes aprender\u00e1n a transferir imaxes \u00e1 tea e a bordar sobre elas. A trav\u00e9s de puntos planos e de relevo aprender\u00e1n a dar cor e volume a unha fotograf\u00eda sen necesidade de ter co\u00f1ecementos previos. O obradoiro celebrarse un s\u00e1bado a\u00ednda sen especificar e volver\u00e1 a haber dous grupos, un de 09.30 a 13.30 h e outro de 16.00 a 20.00 h, Ser\u00e1 na PrazaCultura de Goi\u00e1n e ter\u00e1 un custe de 20 euros por persoa.<\/p>\n","protected":false},"excerpt":{"rendered":"<div class=\"mh-excerpt\"><p>M\u00e1is de 600 mozos e mozas participaron en cursos, obradoiros e actividades de lecer, ao que hai que sumar outras acci\u00f3ns postas en marcha polo grupo de voluntariado <a class=\"mh-excerpt-more\" href=\"https:\/\/www.anovapeneira.gal\/index.php\/2024\/03\/07\/a-omix-de-tomino-pechou-o-2023-con-rotundo-exito-en-todas-as-suas-actividades\/\" title=\"A OMIX de Tomi\u00f1o pechou o 2023 con rotundo \u00e9xito en todas as s\u00faas actividades\">[&#8230;]<\/a><\/p>\n<\/div>","protected":false},"author":3,"featured_media":11379,"comment_status":"open","ping_status":"open","sticky":false,"template":"","format":"standard","meta":{"_exactmetrics_skip_tracking":false,"_exactmetrics_sitenote_active":false,"_exactmetrics_sitenote_note":"","_exactmetrics_sitenote_category":0,"footnotes":""},"categories":[21],"tags":[81],"class_list":{"0":"post-11377","1":"post","2":"type-post","3":"status-publish","4":"format-standard","5":"has-post-thumbnail","7":"category-baixo-mino","8":"tag-concello-de-tomino"},"yoast_head":"<!-- This site is optimized with the Yoast SEO plugin v27.4 - https:\/\/yoast.com\/product\/yoast-seo-wordpress\/ -->\n<title>A OMIX de Tomi\u00f1o pechou o 2023 con rotundo \u00e9xito en todas as s\u00faas actividades -<\/title>\n<meta name=\"description\" content=\"M\u00e1is de 600 mozos e mozas participaron en cursos, obradoiros e actividades de lecer, ao que hai que sumar outras acci\u00f3ns postas en marcha polo grupo de voluntariado\" \/>\n<meta name=\"robots\" content=\"index, follow, max-snippet:-1, max-image-preview:large, max-video-preview:-1\" \/>\n<link rel=\"canonical\" href=\"https:\/\/www.anovapeneira.gal\/index.php\/2024\/03\/07\/a-omix-de-tomino-pechou-o-2023-con-rotundo-exito-en-todas-as-suas-actividades\/\" \/>\n<meta property=\"og:locale\" content=\"gl_ES\" \/>\n<meta property=\"og:type\" content=\"article\" \/>\n<meta property=\"og:title\" content=\"A OMIX de Tomi\u00f1o pechou o 2023 con rotundo \u00e9xito en todas as s\u00faas actividades -\" \/>\n<meta property=\"og:description\" content=\"M\u00e1is de 600 mozos e mozas participaron en cursos, obradoiros e actividades de lecer, ao que hai que sumar outras acci\u00f3ns postas en marcha polo grupo de voluntariado\" \/>\n<meta property=\"og:url\" content=\"https:\/\/www.anovapeneira.gal\/index.php\/2024\/03\/07\/a-omix-de-tomino-pechou-o-2023-con-rotundo-exito-en-todas-as-suas-actividades\/\" \/>\n<meta property=\"article:publisher\" content=\"https:\/\/www.facebook.com\/anovapeneira\" \/>\n<meta property=\"article:published_time\" content=\"2024-03-07T11:00:27+00:00\" \/>\n<meta property=\"og:image\" content=\"https:\/\/www.anovapeneira.gal\/wp-content\/uploads\/2024\/03\/arqueoloxia_tominho.jpg\" \/>\n\t<meta property=\"og:image:width\" content=\"1920\" \/>\n\t<meta property=\"og:image:height\" content=\"1146\" \/>\n\t<meta property=\"og:image:type\" content=\"image\/jpeg\" \/>\n<meta name=\"author\" content=\"Redacci\u00f3n A Nova Peneira\" \/>\n<meta name=\"twitter:card\" content=\"summary_large_image\" \/>\n<meta name=\"twitter:creator\" content=\"@APeneira\" \/>\n<meta name=\"twitter:site\" content=\"@APeneira\" \/>\n<meta name=\"twitter:label1\" content=\"Escrito por\" \/>\n\t<meta name=\"twitter:data1\" content=\"Redacci\u00f3n A Nova Peneira\" \/>\n\t<meta name=\"twitter:label2\" content=\"Tempo de lectura\" \/>\n\t<meta name=\"twitter:data2\" content=\"4 minutos\" \/>\n<script type=\"application\/ld+json\" class=\"yoast-schema-graph\">{\"@context\":\"https:\\\/\\\/schema.org\",\"@graph\":[{\"@type\":\"Article\",\"@id\":\"https:\\\/\\\/www.anovapeneira.gal\\\/index.php\\\/2024\\\/03\\\/07\\\/a-omix-de-tomino-pechou-o-2023-con-rotundo-exito-en-todas-as-suas-actividades\\\/#article\",\"isPartOf\":{\"@id\":\"https:\\\/\\\/www.anovapeneira.gal\\\/index.php\\\/2024\\\/03\\\/07\\\/a-omix-de-tomino-pechou-o-2023-con-rotundo-exito-en-todas-as-suas-actividades\\\/\"},\"author\":{\"name\":\"Redacci\u00f3n A Nova Peneira\",\"@id\":\"https:\\\/\\\/www.anovapeneira.gal\\\/#\\\/schema\\\/person\\\/b93e3f8932e3f8da96334607eb6ac6aa\"},\"headline\":\"A OMIX de Tomi\u00f1o pechou o 2023 con rotundo \u00e9xito en todas as s\u00faas actividades\",\"datePublished\":\"2024-03-07T11:00:27+00:00\",\"mainEntityOfPage\":{\"@id\":\"https:\\\/\\\/www.anovapeneira.gal\\\/index.php\\\/2024\\\/03\\\/07\\\/a-omix-de-tomino-pechou-o-2023-con-rotundo-exito-en-todas-as-suas-actividades\\\/\"},\"wordCount\":587,\"commentCount\":0,\"publisher\":{\"@id\":\"https:\\\/\\\/www.anovapeneira.gal\\\/#organization\"},\"image\":{\"@id\":\"https:\\\/\\\/www.anovapeneira.gal\\\/index.php\\\/2024\\\/03\\\/07\\\/a-omix-de-tomino-pechou-o-2023-con-rotundo-exito-en-todas-as-suas-actividades\\\/#primaryimage\"},\"thumbnailUrl\":\"https:\\\/\\\/www.anovapeneira.gal\\\/wp-content\\\/uploads\\\/2024\\\/03\\\/arqueoloxia_tominho.jpg\",\"keywords\":[\"Concello de Tomi\u00f1o\"],\"articleSection\":[\"Baixo Mi\u00f1o\"],\"inLanguage\":\"gl-ES\",\"potentialAction\":[{\"@type\":\"CommentAction\",\"name\":\"Comment\",\"target\":[\"https:\\\/\\\/www.anovapeneira.gal\\\/index.php\\\/2024\\\/03\\\/07\\\/a-omix-de-tomino-pechou-o-2023-con-rotundo-exito-en-todas-as-suas-actividades\\\/#respond\"]}]},{\"@type\":\"WebPage\",\"@id\":\"https:\\\/\\\/www.anovapeneira.gal\\\/index.php\\\/2024\\\/03\\\/07\\\/a-omix-de-tomino-pechou-o-2023-con-rotundo-exito-en-todas-as-suas-actividades\\\/\",\"url\":\"https:\\\/\\\/www.anovapeneira.gal\\\/index.php\\\/2024\\\/03\\\/07\\\/a-omix-de-tomino-pechou-o-2023-con-rotundo-exito-en-todas-as-suas-actividades\\\/\",\"name\":\"A OMIX de Tomi\u00f1o pechou o 2023 con rotundo \u00e9xito en todas as s\u00faas actividades -\",\"isPartOf\":{\"@id\":\"https:\\\/\\\/www.anovapeneira.gal\\\/#website\"},\"primaryImageOfPage\":{\"@id\":\"https:\\\/\\\/www.anovapeneira.gal\\\/index.php\\\/2024\\\/03\\\/07\\\/a-omix-de-tomino-pechou-o-2023-con-rotundo-exito-en-todas-as-suas-actividades\\\/#primaryimage\"},\"image\":{\"@id\":\"https:\\\/\\\/www.anovapeneira.gal\\\/index.php\\\/2024\\\/03\\\/07\\\/a-omix-de-tomino-pechou-o-2023-con-rotundo-exito-en-todas-as-suas-actividades\\\/#primaryimage\"},\"thumbnailUrl\":\"https:\\\/\\\/www.anovapeneira.gal\\\/wp-content\\\/uploads\\\/2024\\\/03\\\/arqueoloxia_tominho.jpg\",\"datePublished\":\"2024-03-07T11:00:27+00:00\",\"description\":\"M\u00e1is de 600 mozos e mozas participaron en cursos, obradoiros e actividades de lecer, ao que hai que sumar outras acci\u00f3ns postas en marcha polo grupo de voluntariado\",\"breadcrumb\":{\"@id\":\"https:\\\/\\\/www.anovapeneira.gal\\\/index.php\\\/2024\\\/03\\\/07\\\/a-omix-de-tomino-pechou-o-2023-con-rotundo-exito-en-todas-as-suas-actividades\\\/#breadcrumb\"},\"inLanguage\":\"gl-ES\",\"potentialAction\":[{\"@type\":\"ReadAction\",\"target\":[\"https:\\\/\\\/www.anovapeneira.gal\\\/index.php\\\/2024\\\/03\\\/07\\\/a-omix-de-tomino-pechou-o-2023-con-rotundo-exito-en-todas-as-suas-actividades\\\/\"]}]},{\"@type\":\"ImageObject\",\"inLanguage\":\"gl-ES\",\"@id\":\"https:\\\/\\\/www.anovapeneira.gal\\\/index.php\\\/2024\\\/03\\\/07\\\/a-omix-de-tomino-pechou-o-2023-con-rotundo-exito-en-todas-as-suas-actividades\\\/#primaryimage\",\"url\":\"https:\\\/\\\/www.anovapeneira.gal\\\/wp-content\\\/uploads\\\/2024\\\/03\\\/arqueoloxia_tominho.jpg\",\"contentUrl\":\"https:\\\/\\\/www.anovapeneira.gal\\\/wp-content\\\/uploads\\\/2024\\\/03\\\/arqueoloxia_tominho.jpg\",\"width\":1920,\"height\":1146,\"caption\":\"Arqueolox\u00eda Tomi\u00f1o\"},{\"@type\":\"BreadcrumbList\",\"@id\":\"https:\\\/\\\/www.anovapeneira.gal\\\/index.php\\\/2024\\\/03\\\/07\\\/a-omix-de-tomino-pechou-o-2023-con-rotundo-exito-en-todas-as-suas-actividades\\\/#breadcrumb\",\"itemListElement\":[{\"@type\":\"ListItem\",\"position\":1,\"name\":\"Portada\",\"item\":\"https:\\\/\\\/www.anovapeneira.gal\\\/\"},{\"@type\":\"ListItem\",\"position\":2,\"name\":\"A OMIX de Tomi\u00f1o pechou o 2023 con rotundo \u00e9xito en todas as s\u00faas actividades\"}]},{\"@type\":\"WebSite\",\"@id\":\"https:\\\/\\\/www.anovapeneira.gal\\\/#website\",\"url\":\"https:\\\/\\\/www.anovapeneira.gal\\\/\",\"name\":\"\",\"description\":\"Xornal galego de informaci\u00f3n xeral Publicaci\u00f3n mensual de novas de Galicia e en especial dos Concellos da sur da provincia de Pontevedra.\",\"publisher\":{\"@id\":\"https:\\\/\\\/www.anovapeneira.gal\\\/#organization\"},\"potentialAction\":[{\"@type\":\"SearchAction\",\"target\":{\"@type\":\"EntryPoint\",\"urlTemplate\":\"https:\\\/\\\/www.anovapeneira.gal\\\/?s={search_term_string}\"},\"query-input\":{\"@type\":\"PropertyValueSpecification\",\"valueRequired\":true,\"valueName\":\"search_term_string\"}}],\"inLanguage\":\"gl-ES\"},{\"@type\":\"Organization\",\"@id\":\"https:\\\/\\\/www.anovapeneira.gal\\\/#organization\",\"name\":\"A Nova Peneira\",\"url\":\"https:\\\/\\\/www.anovapeneira.gal\\\/\",\"logo\":{\"@type\":\"ImageObject\",\"inLanguage\":\"gl-ES\",\"@id\":\"https:\\\/\\\/www.anovapeneira.gal\\\/#\\\/schema\\\/logo\\\/image\\\/\",\"url\":\"http:\\\/\\\/www.anovapeneira.gal\\\/wp-content\\\/uploads\\\/2019\\\/06\\\/logo_a_nova_peneira_portal_web.png\",\"contentUrl\":\"http:\\\/\\\/www.anovapeneira.gal\\\/wp-content\\\/uploads\\\/2019\\\/06\\\/logo_a_nova_peneira_portal_web.png\",\"width\":300,\"height\":100,\"caption\":\"A Nova Peneira\"},\"image\":{\"@id\":\"https:\\\/\\\/www.anovapeneira.gal\\\/#\\\/schema\\\/logo\\\/image\\\/\"},\"sameAs\":[\"https:\\\/\\\/www.facebook.com\\\/anovapeneira\",\"https:\\\/\\\/x.com\\\/APeneira\"]},{\"@type\":\"Person\",\"@id\":\"https:\\\/\\\/www.anovapeneira.gal\\\/#\\\/schema\\\/person\\\/b93e3f8932e3f8da96334607eb6ac6aa\",\"name\":\"Redacci\u00f3n A Nova Peneira\",\"image\":{\"@type\":\"ImageObject\",\"inLanguage\":\"gl-ES\",\"@id\":\"https:\\\/\\\/secure.gravatar.com\\\/avatar\\\/c052a2551a06e23fac63626232eaa90abd78dbcf1700fc46a2b2c89fd27b735f?s=96&d=mm&r=g\",\"url\":\"https:\\\/\\\/secure.gravatar.com\\\/avatar\\\/c052a2551a06e23fac63626232eaa90abd78dbcf1700fc46a2b2c89fd27b735f?s=96&d=mm&r=g\",\"contentUrl\":\"https:\\\/\\\/secure.gravatar.com\\\/avatar\\\/c052a2551a06e23fac63626232eaa90abd78dbcf1700fc46a2b2c89fd27b735f?s=96&d=mm&r=g\",\"caption\":\"Redacci\u00f3n A Nova Peneira\"},\"sameAs\":[\"http:\\\/\\\/www.anovapeneira.gal\\\/\"],\"url\":\"https:\\\/\\\/www.anovapeneira.gal\\\/index.php\\\/author\\\/redactor\\\/\"}]}<\/script>\n<!-- \/ Yoast SEO plugin. -->","yoast_head_json":{"title":"A OMIX de Tomi\u00f1o pechou o 2023 con rotundo \u00e9xito en todas as s\u00faas actividades -","description":"M\u00e1is de 600 mozos e mozas participaron en cursos, obradoiros e actividades de lecer, ao que hai que sumar outras acci\u00f3ns postas en marcha polo grupo de voluntariado","robots":{"index":"index","follow":"follow","max-snippet":"max-snippet:-1","max-image-preview":"max-image-preview:large","max-video-preview":"max-video-preview:-1"},"canonical":"https:\/\/www.anovapeneira.gal\/index.php\/2024\/03\/07\/a-omix-de-tomino-pechou-o-2023-con-rotundo-exito-en-todas-as-suas-actividades\/","og_locale":"gl_ES","og_type":"article","og_title":"A OMIX de Tomi\u00f1o pechou o 2023 con rotundo \u00e9xito en todas as s\u00faas actividades -","og_description":"M\u00e1is de 600 mozos e mozas participaron en cursos, obradoiros e actividades de lecer, ao que hai que sumar outras acci\u00f3ns postas en marcha polo grupo de voluntariado","og_url":"https:\/\/www.anovapeneira.gal\/index.php\/2024\/03\/07\/a-omix-de-tomino-pechou-o-2023-con-rotundo-exito-en-todas-as-suas-actividades\/","article_publisher":"https:\/\/www.facebook.com\/anovapeneira","article_published_time":"2024-03-07T11:00:27+00:00","og_image":[{"width":1920,"height":1146,"url":"https:\/\/www.anovapeneira.gal\/wp-content\/uploads\/2024\/03\/arqueoloxia_tominho.jpg","type":"image\/jpeg"}],"author":"Redacci\u00f3n A Nova Peneira","twitter_card":"summary_large_image","twitter_creator":"@APeneira","twitter_site":"@APeneira","twitter_misc":{"Escrito por":"Redacci\u00f3n A Nova Peneira","Tempo de lectura":"4 minutos"},"schema":{"@context":"https:\/\/schema.org","@graph":[{"@type":"Article","@id":"https:\/\/www.anovapeneira.gal\/index.php\/2024\/03\/07\/a-omix-de-tomino-pechou-o-2023-con-rotundo-exito-en-todas-as-suas-actividades\/#article","isPartOf":{"@id":"https:\/\/www.anovapeneira.gal\/index.php\/2024\/03\/07\/a-omix-de-tomino-pechou-o-2023-con-rotundo-exito-en-todas-as-suas-actividades\/"},"author":{"name":"Redacci\u00f3n A Nova Peneira","@id":"https:\/\/www.anovapeneira.gal\/#\/schema\/person\/b93e3f8932e3f8da96334607eb6ac6aa"},"headline":"A OMIX de Tomi\u00f1o pechou o 2023 con rotundo \u00e9xito en todas as s\u00faas actividades","datePublished":"2024-03-07T11:00:27+00:00","mainEntityOfPage":{"@id":"https:\/\/www.anovapeneira.gal\/index.php\/2024\/03\/07\/a-omix-de-tomino-pechou-o-2023-con-rotundo-exito-en-todas-as-suas-actividades\/"},"wordCount":587,"commentCount":0,"publisher":{"@id":"https:\/\/www.anovapeneira.gal\/#organization"},"image":{"@id":"https:\/\/www.anovapeneira.gal\/index.php\/2024\/03\/07\/a-omix-de-tomino-pechou-o-2023-con-rotundo-exito-en-todas-as-suas-actividades\/#primaryimage"},"thumbnailUrl":"https:\/\/www.anovapeneira.gal\/wp-content\/uploads\/2024\/03\/arqueoloxia_tominho.jpg","keywords":["Concello de Tomi\u00f1o"],"articleSection":["Baixo Mi\u00f1o"],"inLanguage":"gl-ES","potentialAction":[{"@type":"CommentAction","name":"Comment","target":["https:\/\/www.anovapeneira.gal\/index.php\/2024\/03\/07\/a-omix-de-tomino-pechou-o-2023-con-rotundo-exito-en-todas-as-suas-actividades\/#respond"]}]},{"@type":"WebPage","@id":"https:\/\/www.anovapeneira.gal\/index.php\/2024\/03\/07\/a-omix-de-tomino-pechou-o-2023-con-rotundo-exito-en-todas-as-suas-actividades\/","url":"https:\/\/www.anovapeneira.gal\/index.php\/2024\/03\/07\/a-omix-de-tomino-pechou-o-2023-con-rotundo-exito-en-todas-as-suas-actividades\/","name":"A OMIX de Tomi\u00f1o pechou o 2023 con rotundo \u00e9xito en todas as s\u00faas actividades -","isPartOf":{"@id":"https:\/\/www.anovapeneira.gal\/#website"},"primaryImageOfPage":{"@id":"https:\/\/www.anovapeneira.gal\/index.php\/2024\/03\/07\/a-omix-de-tomino-pechou-o-2023-con-rotundo-exito-en-todas-as-suas-actividades\/#primaryimage"},"image":{"@id":"https:\/\/www.anovapeneira.gal\/index.php\/2024\/03\/07\/a-omix-de-tomino-pechou-o-2023-con-rotundo-exito-en-todas-as-suas-actividades\/#primaryimage"},"thumbnailUrl":"https:\/\/www.anovapeneira.gal\/wp-content\/uploads\/2024\/03\/arqueoloxia_tominho.jpg","datePublished":"2024-03-07T11:00:27+00:00","description":"M\u00e1is de 600 mozos e mozas participaron en cursos, obradoiros e actividades de lecer, ao que hai que sumar outras acci\u00f3ns postas en marcha polo grupo de voluntariado","breadcrumb":{"@id":"https:\/\/www.anovapeneira.gal\/index.php\/2024\/03\/07\/a-omix-de-tomino-pechou-o-2023-con-rotundo-exito-en-todas-as-suas-actividades\/#breadcrumb"},"inLanguage":"gl-ES","potentialAction":[{"@type":"ReadAction","target":["https:\/\/www.anovapeneira.gal\/index.php\/2024\/03\/07\/a-omix-de-tomino-pechou-o-2023-con-rotundo-exito-en-todas-as-suas-actividades\/"]}]},{"@type":"ImageObject","inLanguage":"gl-ES","@id":"https:\/\/www.anovapeneira.gal\/index.php\/2024\/03\/07\/a-omix-de-tomino-pechou-o-2023-con-rotundo-exito-en-todas-as-suas-actividades\/#primaryimage","url":"https:\/\/www.anovapeneira.gal\/wp-content\/uploads\/2024\/03\/arqueoloxia_tominho.jpg","contentUrl":"https:\/\/www.anovapeneira.gal\/wp-content\/uploads\/2024\/03\/arqueoloxia_tominho.jpg","width":1920,"height":1146,"caption":"Arqueolox\u00eda Tomi\u00f1o"},{"@type":"BreadcrumbList","@id":"https:\/\/www.anovapeneira.gal\/index.php\/2024\/03\/07\/a-omix-de-tomino-pechou-o-2023-con-rotundo-exito-en-todas-as-suas-actividades\/#breadcrumb","itemListElement":[{"@type":"ListItem","position":1,"name":"Portada","item":"https:\/\/www.anovapeneira.gal\/"},{"@type":"ListItem","position":2,"name":"A OMIX de Tomi\u00f1o pechou o 2023 con rotundo \u00e9xito en todas as s\u00faas actividades"}]},{"@type":"WebSite","@id":"https:\/\/www.anovapeneira.gal\/#website","url":"https:\/\/www.anovapeneira.gal\/","name":"","description":"Xornal galego de informaci\u00f3n xeral Publicaci\u00f3n mensual de novas de Galicia e en especial dos Concellos da sur da provincia de Pontevedra.","publisher":{"@id":"https:\/\/www.anovapeneira.gal\/#organization"},"potentialAction":[{"@type":"SearchAction","target":{"@type":"EntryPoint","urlTemplate":"https:\/\/www.anovapeneira.gal\/?s={search_term_string}"},"query-input":{"@type":"PropertyValueSpecification","valueRequired":true,"valueName":"search_term_string"}}],"inLanguage":"gl-ES"},{"@type":"Organization","@id":"https:\/\/www.anovapeneira.gal\/#organization","name":"A Nova Peneira","url":"https:\/\/www.anovapeneira.gal\/","logo":{"@type":"ImageObject","inLanguage":"gl-ES","@id":"https:\/\/www.anovapeneira.gal\/#\/schema\/logo\/image\/","url":"http:\/\/www.anovapeneira.gal\/wp-content\/uploads\/2019\/06\/logo_a_nova_peneira_portal_web.png","contentUrl":"http:\/\/www.anovapeneira.gal\/wp-content\/uploads\/2019\/06\/logo_a_nova_peneira_portal_web.png","width":300,"height":100,"caption":"A Nova Peneira"},"image":{"@id":"https:\/\/www.anovapeneira.gal\/#\/schema\/logo\/image\/"},"sameAs":["https:\/\/www.facebook.com\/anovapeneira","https:\/\/x.com\/APeneira"]},{"@type":"Person","@id":"https:\/\/www.anovapeneira.gal\/#\/schema\/person\/b93e3f8932e3f8da96334607eb6ac6aa","name":"Redacci\u00f3n A Nova Peneira","image":{"@type":"ImageObject","inLanguage":"gl-ES","@id":"https:\/\/secure.gravatar.com\/avatar\/c052a2551a06e23fac63626232eaa90abd78dbcf1700fc46a2b2c89fd27b735f?s=96&d=mm&r=g","url":"https:\/\/secure.gravatar.com\/avatar\/c052a2551a06e23fac63626232eaa90abd78dbcf1700fc46a2b2c89fd27b735f?s=96&d=mm&r=g","contentUrl":"https:\/\/secure.gravatar.com\/avatar\/c052a2551a06e23fac63626232eaa90abd78dbcf1700fc46a2b2c89fd27b735f?s=96&d=mm&r=g","caption":"Redacci\u00f3n A Nova Peneira"},"sameAs":["http:\/\/www.anovapeneira.gal\/"],"url":"https:\/\/www.anovapeneira.gal\/index.php\/author\/redactor\/"}]}},"jetpack_featured_media_url":"https:\/\/www.anovapeneira.gal\/wp-content\/uploads\/2024\/03\/arqueoloxia_tominho.jpg","_links":{"self":[{"href":"https:\/\/www.anovapeneira.gal\/index.php\/wp-json\/wp\/v2\/posts\/11377","targetHints":{"allow":["GET"]}}],"collection":[{"href":"https:\/\/www.anovapeneira.gal\/index.php\/wp-json\/wp\/v2\/posts"}],"about":[{"href":"https:\/\/www.anovapeneira.gal\/index.php\/wp-json\/wp\/v2\/types\/post"}],"author":[{"embeddable":true,"href":"https:\/\/www.anovapeneira.gal\/index.php\/wp-json\/wp\/v2\/users\/3"}],"replies":[{"embeddable":true,"href":"https:\/\/www.anovapeneira.gal\/index.php\/wp-json\/wp\/v2\/comments?post=11377"}],"version-history":[{"count":1,"href":"https:\/\/www.anovapeneira.gal\/index.php\/wp-json\/wp\/v2\/posts\/11377\/revisions"}],"predecessor-version":[{"id":11378,"href":"https:\/\/www.anovapeneira.gal\/index.php\/wp-json\/wp\/v2\/posts\/11377\/revisions\/11378"}],"wp:featuredmedia":[{"embeddable":true,"href":"https:\/\/www.anovapeneira.gal\/index.php\/wp-json\/wp\/v2\/media\/11379"}],"wp:attachment":[{"href":"https:\/\/www.anovapeneira.gal\/index.php\/wp-json\/wp\/v2\/media?parent=11377"}],"wp:term":[{"taxonomy":"category","embeddable":true,"href":"https:\/\/www.anovapeneira.gal\/index.php\/wp-json\/wp\/v2\/categories?post=11377"},{"taxonomy":"post_tag","embeddable":true,"href":"https:\/\/www.anovapeneira.gal\/index.php\/wp-json\/wp\/v2\/tags?post=11377"}],"curies":[{"name":"wp","href":"https:\/\/api.w.org\/{rel}","templated":true}]}}