{"id":11380,"date":"2024-03-08T10:10:50","date_gmt":"2024-03-08T09:10:50","guid":{"rendered":"https:\/\/www.anovapeneira.gal\/?p=11380"},"modified":"2024-03-08T14:06:17","modified_gmt":"2024-03-08T13:06:17","slug":"propostas-do-grupo-municipal-do-bng-de-tui-en-relacion-a-nova-ordenanza-municipal-do-servizo-de-taxi","status":"publish","type":"post","link":"https:\/\/www.anovapeneira.gal\/index.php\/2024\/03\/08\/propostas-do-grupo-municipal-do-bng-de-tui-en-relacion-a-nova-ordenanza-municipal-do-servizo-de-taxi\/","title":{"rendered":"Propostas do grupo municipal do BNG de Tui en relaci\u00f3n \u00e1 nova ordenanza municipal do servizo de taxi"},"content":{"rendered":"\n<h2 class=\"wp-block-heading\">En relaci\u00f3n \u00e1 elaboraci\u00f3n da nova ordenanza municipal do servizo de taxis, o grupo municipal do BNG de Tui fai as seguintes suxesti\u00f3ns:<\/h2>\n\n\n\n<p>&#8211; Entendemos que a nova parada oficial municipal debe quedar establecida na r\u00faa Ourense ou na r\u00faa Compostela, sempre contando co criterio das asociaci\u00f3ns oficiais representativas do sector e valorando posibles modificaci\u00f3ns en relaci\u00f3n \u00e1 ordenaci\u00f3n do tr\u00e1fico que se est\u00e1 levando a cabo no casco urbano.<\/p>\n\n\n\n<p>&#8211; A parada de taxis debe dispor das condici\u00f3ns m\u00e1is adecuadas. Debe dotarse de marquesi\u00f1a para facilitar os tempos de espera, tanto de profesionais coma de usuarios. Deber\u00eda contar cunha zona de arborado pr\u00f3ximo que proporcione sombra e menores temperaturas nos meses de ver\u00e1n.<\/p>\n\n\n\n<p>Ademais precisan tel\u00e9fono fixo.<\/p>\n\n\n\n<p>&#8211; \u00c9 necesaria a creaci\u00f3n dun servizo de taxi a demanda , compartido con varios usuarios e con cobro individual por praza, especialmente para o transporte en determinadas zonas do rural.<\/p>\n\n\n\n<p>&#8211; Tam\u00e9n consideramos necesario cubrir a necesidade de veh\u00edculos adaptados para persoas con diversidade funcional.<\/p>\n\n\n\n<p>&#8211; Deber\u00eda estar ben delimitada e sinalizada a \u00e1rea urbana.<\/p>\n\n\n\n<figure class=\"wp-block-gallery has-nested-images columns-default is-cropped wp-block-gallery-1 is-layout-flex wp-block-gallery-is-layout-flex\">\n<figure class=\"wp-block-image size-large\"><img loading=\"lazy\" decoding=\"async\" width=\"1024\" height=\"1024\" data-id=\"11381\" src=\"https:\/\/www.anovapeneira.gal\/wp-content\/uploads\/2024\/03\/1-1024x1024.png\" alt=\"\" class=\"wp-image-11381\" srcset=\"https:\/\/www.anovapeneira.gal\/wp-content\/uploads\/2024\/03\/1-1024x1024.png 1024w, https:\/\/www.anovapeneira.gal\/wp-content\/uploads\/2024\/03\/1-300x300.png 300w, https:\/\/www.anovapeneira.gal\/wp-content\/uploads\/2024\/03\/1-150x150.png 150w, https:\/\/www.anovapeneira.gal\/wp-content\/uploads\/2024\/03\/1-768x768.png 768w, https:\/\/www.anovapeneira.gal\/wp-content\/uploads\/2024\/03\/1.png 1080w\" sizes=\"auto, (max-width: 1024px) 100vw, 1024px\" \/><\/figure>\n\n\n\n<figure class=\"wp-block-image size-large\"><img loading=\"lazy\" decoding=\"async\" width=\"1024\" height=\"1024\" data-id=\"11382\" src=\"https:\/\/www.anovapeneira.gal\/wp-content\/uploads\/2024\/03\/2-1024x1024.png\" alt=\"\" class=\"wp-image-11382\" srcset=\"https:\/\/www.anovapeneira.gal\/wp-content\/uploads\/2024\/03\/2-1024x1024.png 1024w, https:\/\/www.anovapeneira.gal\/wp-content\/uploads\/2024\/03\/2-300x300.png 300w, https:\/\/www.anovapeneira.gal\/wp-content\/uploads\/2024\/03\/2-150x150.png 150w, https:\/\/www.anovapeneira.gal\/wp-content\/uploads\/2024\/03\/2-768x768.png 768w, https:\/\/www.anovapeneira.gal\/wp-content\/uploads\/2024\/03\/2.png 1080w\" sizes=\"auto, (max-width: 1024px) 100vw, 1024px\" \/><\/figure>\n\n\n\n<figure class=\"wp-block-image size-large\"><img loading=\"lazy\" decoding=\"async\" width=\"1024\" height=\"1024\" data-id=\"11383\" src=\"https:\/\/www.anovapeneira.gal\/wp-content\/uploads\/2024\/03\/3-1024x1024.png\" alt=\"\" class=\"wp-image-11383\" srcset=\"https:\/\/www.anovapeneira.gal\/wp-content\/uploads\/2024\/03\/3-1024x1024.png 1024w, https:\/\/www.anovapeneira.gal\/wp-content\/uploads\/2024\/03\/3-300x300.png 300w, https:\/\/www.anovapeneira.gal\/wp-content\/uploads\/2024\/03\/3-150x150.png 150w, https:\/\/www.anovapeneira.gal\/wp-content\/uploads\/2024\/03\/3-768x768.png 768w, https:\/\/www.anovapeneira.gal\/wp-content\/uploads\/2024\/03\/3.png 1080w\" sizes=\"auto, (max-width: 1024px) 100vw, 1024px\" \/><\/figure>\n\n\n\n<figure class=\"wp-block-image size-large\"><img loading=\"lazy\" decoding=\"async\" width=\"1080\" height=\"1080\" data-id=\"11385\" src=\"https:\/\/www.anovapeneira.gal\/wp-content\/uploads\/2024\/03\/4-1024x1024.png\" alt=\"\" class=\"wp-image-11385\" srcset=\"https:\/\/www.anovapeneira.gal\/wp-content\/uploads\/2024\/03\/4-1024x1024.png 1024w, https:\/\/www.anovapeneira.gal\/wp-content\/uploads\/2024\/03\/4-300x300.png 300w, https:\/\/www.anovapeneira.gal\/wp-content\/uploads\/2024\/03\/4-150x150.png 150w, https:\/\/www.anovapeneira.gal\/wp-content\/uploads\/2024\/03\/4-768x768.png 768w, https:\/\/www.anovapeneira.gal\/wp-content\/uploads\/2024\/03\/4.png 1080w\" sizes=\"auto, (max-width: 1080px) 100vw, 1080px\" \/><\/figure>\n\n\n\n<figure class=\"wp-block-image size-large\"><img loading=\"lazy\" decoding=\"async\" width=\"1024\" height=\"1024\" data-id=\"11384\" src=\"https:\/\/www.anovapeneira.gal\/wp-content\/uploads\/2024\/03\/5-1024x1024.png\" alt=\"\" class=\"wp-image-11384\" srcset=\"https:\/\/www.anovapeneira.gal\/wp-content\/uploads\/2024\/03\/5-1024x1024.png 1024w, https:\/\/www.anovapeneira.gal\/wp-content\/uploads\/2024\/03\/5-300x300.png 300w, https:\/\/www.anovapeneira.gal\/wp-content\/uploads\/2024\/03\/5-150x150.png 150w, https:\/\/www.anovapeneira.gal\/wp-content\/uploads\/2024\/03\/5-768x768.png 768w, https:\/\/www.anovapeneira.gal\/wp-content\/uploads\/2024\/03\/5.png 1080w\" sizes=\"auto, (max-width: 1024px) 100vw, 1024px\" \/><\/figure>\n\n\n\n<figure class=\"wp-block-image size-large\"><img loading=\"lazy\" decoding=\"async\" width=\"1024\" height=\"1024\" data-id=\"11386\" src=\"https:\/\/www.anovapeneira.gal\/wp-content\/uploads\/2024\/03\/6-1024x1024.png\" alt=\"\" class=\"wp-image-11386\" srcset=\"https:\/\/www.anovapeneira.gal\/wp-content\/uploads\/2024\/03\/6-1024x1024.png 1024w, https:\/\/www.anovapeneira.gal\/wp-content\/uploads\/2024\/03\/6-300x300.png 300w, https:\/\/www.anovapeneira.gal\/wp-content\/uploads\/2024\/03\/6-150x150.png 150w, https:\/\/www.anovapeneira.gal\/wp-content\/uploads\/2024\/03\/6-768x768.png 768w, https:\/\/www.anovapeneira.gal\/wp-content\/uploads\/2024\/03\/6.png 1080w\" sizes=\"auto, (max-width: 1024px) 100vw, 1024px\" \/><\/figure>\n<\/figure>\n","protected":false},"excerpt":{"rendered":"<div class=\"mh-excerpt\"><p>En relaci\u00f3n \u00e1 elaboraci\u00f3n da nova ordenanza municipal do servizo de taxis, o grupo municipal do BNG de Tui fai as seguintes suxesti\u00f3ns <a class=\"mh-excerpt-more\" href=\"https:\/\/www.anovapeneira.gal\/index.php\/2024\/03\/08\/propostas-do-grupo-municipal-do-bng-de-tui-en-relacion-a-nova-ordenanza-municipal-do-servizo-de-taxi\/\" title=\"Propostas do grupo municipal do BNG de Tui en relaci\u00f3n \u00e1 nova ordenanza municipal do servizo de taxi\">[&#8230;]<\/a><\/p>\n<\/div>","protected":false},"author":3,"featured_media":11388,"comment_status":"open","ping_status":"open","sticky":false,"template":"","format":"standard","meta":{"_exactmetrics_skip_tracking":false,"_exactmetrics_sitenote_active":false,"_exactmetrics_sitenote_note":"","_exactmetrics_sitenote_category":0,"footnotes":""},"categories":[21],"tags":[426],"class_list":{"0":"post-11380","1":"post","2":"type-post","3":"status-publish","4":"format-standard","5":"has-post-thumbnail","7":"category-baixo-mino","8":"tag-concello-de-tui"},"yoast_head":"<!-- This site is optimized with the Yoast SEO plugin v27.4 - https:\/\/yoast.com\/product\/yoast-seo-wordpress\/ -->\n<title>Propostas do grupo municipal do BNG de Tui en relaci\u00f3n \u00e1 nova ordenanza municipal do servizo de taxi -<\/title>\n<meta name=\"description\" content=\"En relaci\u00f3n \u00e1 elaboraci\u00f3n da nova ordenanza municipal do servizo de taxis, o grupo municipal do BNG de Tui fai as seguintes suxesti\u00f3ns\" \/>\n<meta name=\"robots\" content=\"index, follow, max-snippet:-1, max-image-preview:large, max-video-preview:-1\" \/>\n<link rel=\"canonical\" href=\"https:\/\/www.anovapeneira.gal\/index.php\/2024\/03\/08\/propostas-do-grupo-municipal-do-bng-de-tui-en-relacion-a-nova-ordenanza-municipal-do-servizo-de-taxi\/\" \/>\n<meta property=\"og:locale\" content=\"gl_ES\" \/>\n<meta property=\"og:type\" content=\"article\" \/>\n<meta property=\"og:title\" content=\"Propostas do grupo municipal do BNG de Tui en relaci\u00f3n \u00e1 nova ordenanza municipal do servizo de taxi -\" \/>\n<meta property=\"og:description\" content=\"En relaci\u00f3n \u00e1 elaboraci\u00f3n da nova ordenanza municipal do servizo de taxis, o grupo municipal do BNG de Tui fai as seguintes suxesti\u00f3ns\" \/>\n<meta property=\"og:url\" content=\"https:\/\/www.anovapeneira.gal\/index.php\/2024\/03\/08\/propostas-do-grupo-municipal-do-bng-de-tui-en-relacion-a-nova-ordenanza-municipal-do-servizo-de-taxi\/\" \/>\n<meta property=\"article:publisher\" content=\"https:\/\/www.facebook.com\/anovapeneira\" \/>\n<meta property=\"article:published_time\" content=\"2024-03-08T09:10:50+00:00\" \/>\n<meta property=\"article:modified_time\" content=\"2024-03-08T13:06:17+00:00\" \/>\n<meta property=\"og:image\" content=\"https:\/\/www.anovapeneira.gal\/wp-content\/uploads\/2024\/03\/taxi.png\" \/>\n\t<meta property=\"og:image:width\" content=\"720\" \/>\n\t<meta property=\"og:image:height\" content=\"432\" \/>\n\t<meta property=\"og:image:type\" content=\"image\/png\" \/>\n<meta name=\"author\" content=\"Redacci\u00f3n A Nova Peneira\" \/>\n<meta name=\"twitter:card\" content=\"summary_large_image\" \/>\n<meta name=\"twitter:creator\" content=\"@APeneira\" \/>\n<meta name=\"twitter:site\" content=\"@APeneira\" \/>\n<meta name=\"twitter:label1\" content=\"Escrito por\" \/>\n\t<meta name=\"twitter:data1\" content=\"Redacci\u00f3n A Nova Peneira\" \/>\n\t<meta name=\"twitter:label2\" content=\"Tempo de lectura\" \/>\n\t<meta name=\"twitter:data2\" content=\"3 minutos\" \/>\n<script type=\"application\/ld+json\" class=\"yoast-schema-graph\">{\"@context\":\"https:\\\/\\\/schema.org\",\"@graph\":[{\"@type\":\"Article\",\"@id\":\"https:\\\/\\\/www.anovapeneira.gal\\\/index.php\\\/2024\\\/03\\\/08\\\/propostas-do-grupo-municipal-do-bng-de-tui-en-relacion-a-nova-ordenanza-municipal-do-servizo-de-taxi\\\/#article\",\"isPartOf\":{\"@id\":\"https:\\\/\\\/www.anovapeneira.gal\\\/index.php\\\/2024\\\/03\\\/08\\\/propostas-do-grupo-municipal-do-bng-de-tui-en-relacion-a-nova-ordenanza-municipal-do-servizo-de-taxi\\\/\"},\"author\":{\"name\":\"Redacci\u00f3n A Nova Peneira\",\"@id\":\"https:\\\/\\\/www.anovapeneira.gal\\\/#\\\/schema\\\/person\\\/b93e3f8932e3f8da96334607eb6ac6aa\"},\"headline\":\"Propostas do grupo municipal do BNG de Tui en relaci\u00f3n \u00e1 nova ordenanza municipal do servizo de taxi\",\"datePublished\":\"2024-03-08T09:10:50+00:00\",\"dateModified\":\"2024-03-08T13:06:17+00:00\",\"mainEntityOfPage\":{\"@id\":\"https:\\\/\\\/www.anovapeneira.gal\\\/index.php\\\/2024\\\/03\\\/08\\\/propostas-do-grupo-municipal-do-bng-de-tui-en-relacion-a-nova-ordenanza-municipal-do-servizo-de-taxi\\\/\"},\"wordCount\":209,\"commentCount\":0,\"publisher\":{\"@id\":\"https:\\\/\\\/www.anovapeneira.gal\\\/#organization\"},\"image\":{\"@id\":\"https:\\\/\\\/www.anovapeneira.gal\\\/index.php\\\/2024\\\/03\\\/08\\\/propostas-do-grupo-municipal-do-bng-de-tui-en-relacion-a-nova-ordenanza-municipal-do-servizo-de-taxi\\\/#primaryimage\"},\"thumbnailUrl\":\"https:\\\/\\\/www.anovapeneira.gal\\\/wp-content\\\/uploads\\\/2024\\\/03\\\/taxi.png\",\"keywords\":[\"Concello de Tui\"],\"articleSection\":[\"Baixo Mi\u00f1o\"],\"inLanguage\":\"gl-ES\",\"potentialAction\":[{\"@type\":\"CommentAction\",\"name\":\"Comment\",\"target\":[\"https:\\\/\\\/www.anovapeneira.gal\\\/index.php\\\/2024\\\/03\\\/08\\\/propostas-do-grupo-municipal-do-bng-de-tui-en-relacion-a-nova-ordenanza-municipal-do-servizo-de-taxi\\\/#respond\"]}]},{\"@type\":\"WebPage\",\"@id\":\"https:\\\/\\\/www.anovapeneira.gal\\\/index.php\\\/2024\\\/03\\\/08\\\/propostas-do-grupo-municipal-do-bng-de-tui-en-relacion-a-nova-ordenanza-municipal-do-servizo-de-taxi\\\/\",\"url\":\"https:\\\/\\\/www.anovapeneira.gal\\\/index.php\\\/2024\\\/03\\\/08\\\/propostas-do-grupo-municipal-do-bng-de-tui-en-relacion-a-nova-ordenanza-municipal-do-servizo-de-taxi\\\/\",\"name\":\"Propostas do grupo municipal do BNG de Tui en relaci\u00f3n \u00e1 nova ordenanza municipal do servizo de taxi -\",\"isPartOf\":{\"@id\":\"https:\\\/\\\/www.anovapeneira.gal\\\/#website\"},\"primaryImageOfPage\":{\"@id\":\"https:\\\/\\\/www.anovapeneira.gal\\\/index.php\\\/2024\\\/03\\\/08\\\/propostas-do-grupo-municipal-do-bng-de-tui-en-relacion-a-nova-ordenanza-municipal-do-servizo-de-taxi\\\/#primaryimage\"},\"image\":{\"@id\":\"https:\\\/\\\/www.anovapeneira.gal\\\/index.php\\\/2024\\\/03\\\/08\\\/propostas-do-grupo-municipal-do-bng-de-tui-en-relacion-a-nova-ordenanza-municipal-do-servizo-de-taxi\\\/#primaryimage\"},\"thumbnailUrl\":\"https:\\\/\\\/www.anovapeneira.gal\\\/wp-content\\\/uploads\\\/2024\\\/03\\\/taxi.png\",\"datePublished\":\"2024-03-08T09:10:50+00:00\",\"dateModified\":\"2024-03-08T13:06:17+00:00\",\"description\":\"En relaci\u00f3n \u00e1 elaboraci\u00f3n da nova ordenanza municipal do servizo de taxis, o grupo municipal do BNG de Tui fai as seguintes suxesti\u00f3ns\",\"breadcrumb\":{\"@id\":\"https:\\\/\\\/www.anovapeneira.gal\\\/index.php\\\/2024\\\/03\\\/08\\\/propostas-do-grupo-municipal-do-bng-de-tui-en-relacion-a-nova-ordenanza-municipal-do-servizo-de-taxi\\\/#breadcrumb\"},\"inLanguage\":\"gl-ES\",\"potentialAction\":[{\"@type\":\"ReadAction\",\"target\":[\"https:\\\/\\\/www.anovapeneira.gal\\\/index.php\\\/2024\\\/03\\\/08\\\/propostas-do-grupo-municipal-do-bng-de-tui-en-relacion-a-nova-ordenanza-municipal-do-servizo-de-taxi\\\/\"]}]},{\"@type\":\"ImageObject\",\"inLanguage\":\"gl-ES\",\"@id\":\"https:\\\/\\\/www.anovapeneira.gal\\\/index.php\\\/2024\\\/03\\\/08\\\/propostas-do-grupo-municipal-do-bng-de-tui-en-relacion-a-nova-ordenanza-municipal-do-servizo-de-taxi\\\/#primaryimage\",\"url\":\"https:\\\/\\\/www.anovapeneira.gal\\\/wp-content\\\/uploads\\\/2024\\\/03\\\/taxi.png\",\"contentUrl\":\"https:\\\/\\\/www.anovapeneira.gal\\\/wp-content\\\/uploads\\\/2024\\\/03\\\/taxi.png\",\"width\":720,\"height\":432,\"caption\":\"Taxi BNG Tui\"},{\"@type\":\"BreadcrumbList\",\"@id\":\"https:\\\/\\\/www.anovapeneira.gal\\\/index.php\\\/2024\\\/03\\\/08\\\/propostas-do-grupo-municipal-do-bng-de-tui-en-relacion-a-nova-ordenanza-municipal-do-servizo-de-taxi\\\/#breadcrumb\",\"itemListElement\":[{\"@type\":\"ListItem\",\"position\":1,\"name\":\"Portada\",\"item\":\"https:\\\/\\\/www.anovapeneira.gal\\\/\"},{\"@type\":\"ListItem\",\"position\":2,\"name\":\"Propostas do grupo municipal do BNG de Tui en relaci\u00f3n \u00e1 nova ordenanza municipal do servizo de taxi\"}]},{\"@type\":\"WebSite\",\"@id\":\"https:\\\/\\\/www.anovapeneira.gal\\\/#website\",\"url\":\"https:\\\/\\\/www.anovapeneira.gal\\\/\",\"name\":\"\",\"description\":\"Xornal galego de informaci\u00f3n xeral Publicaci\u00f3n mensual de novas de Galicia e en especial dos Concellos da sur da provincia de Pontevedra.\",\"publisher\":{\"@id\":\"https:\\\/\\\/www.anovapeneira.gal\\\/#organization\"},\"potentialAction\":[{\"@type\":\"SearchAction\",\"target\":{\"@type\":\"EntryPoint\",\"urlTemplate\":\"https:\\\/\\\/www.anovapeneira.gal\\\/?s={search_term_string}\"},\"query-input\":{\"@type\":\"PropertyValueSpecification\",\"valueRequired\":true,\"valueName\":\"search_term_string\"}}],\"inLanguage\":\"gl-ES\"},{\"@type\":\"Organization\",\"@id\":\"https:\\\/\\\/www.anovapeneira.gal\\\/#organization\",\"name\":\"A Nova Peneira\",\"url\":\"https:\\\/\\\/www.anovapeneira.gal\\\/\",\"logo\":{\"@type\":\"ImageObject\",\"inLanguage\":\"gl-ES\",\"@id\":\"https:\\\/\\\/www.anovapeneira.gal\\\/#\\\/schema\\\/logo\\\/image\\\/\",\"url\":\"http:\\\/\\\/www.anovapeneira.gal\\\/wp-content\\\/uploads\\\/2019\\\/06\\\/logo_a_nova_peneira_portal_web.png\",\"contentUrl\":\"http:\\\/\\\/www.anovapeneira.gal\\\/wp-content\\\/uploads\\\/2019\\\/06\\\/logo_a_nova_peneira_portal_web.png\",\"width\":300,\"height\":100,\"caption\":\"A Nova Peneira\"},\"image\":{\"@id\":\"https:\\\/\\\/www.anovapeneira.gal\\\/#\\\/schema\\\/logo\\\/image\\\/\"},\"sameAs\":[\"https:\\\/\\\/www.facebook.com\\\/anovapeneira\",\"https:\\\/\\\/x.com\\\/APeneira\"]},{\"@type\":\"Person\",\"@id\":\"https:\\\/\\\/www.anovapeneira.gal\\\/#\\\/schema\\\/person\\\/b93e3f8932e3f8da96334607eb6ac6aa\",\"name\":\"Redacci\u00f3n A Nova Peneira\",\"image\":{\"@type\":\"ImageObject\",\"inLanguage\":\"gl-ES\",\"@id\":\"https:\\\/\\\/secure.gravatar.com\\\/avatar\\\/c052a2551a06e23fac63626232eaa90abd78dbcf1700fc46a2b2c89fd27b735f?s=96&d=mm&r=g\",\"url\":\"https:\\\/\\\/secure.gravatar.com\\\/avatar\\\/c052a2551a06e23fac63626232eaa90abd78dbcf1700fc46a2b2c89fd27b735f?s=96&d=mm&r=g\",\"contentUrl\":\"https:\\\/\\\/secure.gravatar.com\\\/avatar\\\/c052a2551a06e23fac63626232eaa90abd78dbcf1700fc46a2b2c89fd27b735f?s=96&d=mm&r=g\",\"caption\":\"Redacci\u00f3n A Nova Peneira\"},\"sameAs\":[\"http:\\\/\\\/www.anovapeneira.gal\\\/\"],\"url\":\"https:\\\/\\\/www.anovapeneira.gal\\\/index.php\\\/author\\\/redactor\\\/\"}]}<\/script>\n<!-- \/ Yoast SEO plugin. -->","yoast_head_json":{"title":"Propostas do grupo municipal do BNG de Tui en relaci\u00f3n \u00e1 nova ordenanza municipal do servizo de taxi -","description":"En relaci\u00f3n \u00e1 elaboraci\u00f3n da nova ordenanza municipal do servizo de taxis, o grupo municipal do BNG de Tui fai as seguintes suxesti\u00f3ns","robots":{"index":"index","follow":"follow","max-snippet":"max-snippet:-1","max-image-preview":"max-image-preview:large","max-video-preview":"max-video-preview:-1"},"canonical":"https:\/\/www.anovapeneira.gal\/index.php\/2024\/03\/08\/propostas-do-grupo-municipal-do-bng-de-tui-en-relacion-a-nova-ordenanza-municipal-do-servizo-de-taxi\/","og_locale":"gl_ES","og_type":"article","og_title":"Propostas do grupo municipal do BNG de Tui en relaci\u00f3n \u00e1 nova ordenanza municipal do servizo de taxi -","og_description":"En relaci\u00f3n \u00e1 elaboraci\u00f3n da nova ordenanza municipal do servizo de taxis, o grupo municipal do BNG de Tui fai as seguintes suxesti\u00f3ns","og_url":"https:\/\/www.anovapeneira.gal\/index.php\/2024\/03\/08\/propostas-do-grupo-municipal-do-bng-de-tui-en-relacion-a-nova-ordenanza-municipal-do-servizo-de-taxi\/","article_publisher":"https:\/\/www.facebook.com\/anovapeneira","article_published_time":"2024-03-08T09:10:50+00:00","article_modified_time":"2024-03-08T13:06:17+00:00","og_image":[{"width":720,"height":432,"url":"https:\/\/www.anovapeneira.gal\/wp-content\/uploads\/2024\/03\/taxi.png","type":"image\/png"}],"author":"Redacci\u00f3n A Nova Peneira","twitter_card":"summary_large_image","twitter_creator":"@APeneira","twitter_site":"@APeneira","twitter_misc":{"Escrito por":"Redacci\u00f3n A Nova Peneira","Tempo de lectura":"3 minutos"},"schema":{"@context":"https:\/\/schema.org","@graph":[{"@type":"Article","@id":"https:\/\/www.anovapeneira.gal\/index.php\/2024\/03\/08\/propostas-do-grupo-municipal-do-bng-de-tui-en-relacion-a-nova-ordenanza-municipal-do-servizo-de-taxi\/#article","isPartOf":{"@id":"https:\/\/www.anovapeneira.gal\/index.php\/2024\/03\/08\/propostas-do-grupo-municipal-do-bng-de-tui-en-relacion-a-nova-ordenanza-municipal-do-servizo-de-taxi\/"},"author":{"name":"Redacci\u00f3n A Nova Peneira","@id":"https:\/\/www.anovapeneira.gal\/#\/schema\/person\/b93e3f8932e3f8da96334607eb6ac6aa"},"headline":"Propostas do grupo municipal do BNG de Tui en relaci\u00f3n \u00e1 nova ordenanza municipal do servizo de taxi","datePublished":"2024-03-08T09:10:50+00:00","dateModified":"2024-03-08T13:06:17+00:00","mainEntityOfPage":{"@id":"https:\/\/www.anovapeneira.gal\/index.php\/2024\/03\/08\/propostas-do-grupo-municipal-do-bng-de-tui-en-relacion-a-nova-ordenanza-municipal-do-servizo-de-taxi\/"},"wordCount":209,"commentCount":0,"publisher":{"@id":"https:\/\/www.anovapeneira.gal\/#organization"},"image":{"@id":"https:\/\/www.anovapeneira.gal\/index.php\/2024\/03\/08\/propostas-do-grupo-municipal-do-bng-de-tui-en-relacion-a-nova-ordenanza-municipal-do-servizo-de-taxi\/#primaryimage"},"thumbnailUrl":"https:\/\/www.anovapeneira.gal\/wp-content\/uploads\/2024\/03\/taxi.png","keywords":["Concello de Tui"],"articleSection":["Baixo Mi\u00f1o"],"inLanguage":"gl-ES","potentialAction":[{"@type":"CommentAction","name":"Comment","target":["https:\/\/www.anovapeneira.gal\/index.php\/2024\/03\/08\/propostas-do-grupo-municipal-do-bng-de-tui-en-relacion-a-nova-ordenanza-municipal-do-servizo-de-taxi\/#respond"]}]},{"@type":"WebPage","@id":"https:\/\/www.anovapeneira.gal\/index.php\/2024\/03\/08\/propostas-do-grupo-municipal-do-bng-de-tui-en-relacion-a-nova-ordenanza-municipal-do-servizo-de-taxi\/","url":"https:\/\/www.anovapeneira.gal\/index.php\/2024\/03\/08\/propostas-do-grupo-municipal-do-bng-de-tui-en-relacion-a-nova-ordenanza-municipal-do-servizo-de-taxi\/","name":"Propostas do grupo municipal do BNG de Tui en relaci\u00f3n \u00e1 nova ordenanza municipal do servizo de taxi -","isPartOf":{"@id":"https:\/\/www.anovapeneira.gal\/#website"},"primaryImageOfPage":{"@id":"https:\/\/www.anovapeneira.gal\/index.php\/2024\/03\/08\/propostas-do-grupo-municipal-do-bng-de-tui-en-relacion-a-nova-ordenanza-municipal-do-servizo-de-taxi\/#primaryimage"},"image":{"@id":"https:\/\/www.anovapeneira.gal\/index.php\/2024\/03\/08\/propostas-do-grupo-municipal-do-bng-de-tui-en-relacion-a-nova-ordenanza-municipal-do-servizo-de-taxi\/#primaryimage"},"thumbnailUrl":"https:\/\/www.anovapeneira.gal\/wp-content\/uploads\/2024\/03\/taxi.png","datePublished":"2024-03-08T09:10:50+00:00","dateModified":"2024-03-08T13:06:17+00:00","description":"En relaci\u00f3n \u00e1 elaboraci\u00f3n da nova ordenanza municipal do servizo de taxis, o grupo municipal do BNG de Tui fai as seguintes suxesti\u00f3ns","breadcrumb":{"@id":"https:\/\/www.anovapeneira.gal\/index.php\/2024\/03\/08\/propostas-do-grupo-municipal-do-bng-de-tui-en-relacion-a-nova-ordenanza-municipal-do-servizo-de-taxi\/#breadcrumb"},"inLanguage":"gl-ES","potentialAction":[{"@type":"ReadAction","target":["https:\/\/www.anovapeneira.gal\/index.php\/2024\/03\/08\/propostas-do-grupo-municipal-do-bng-de-tui-en-relacion-a-nova-ordenanza-municipal-do-servizo-de-taxi\/"]}]},{"@type":"ImageObject","inLanguage":"gl-ES","@id":"https:\/\/www.anovapeneira.gal\/index.php\/2024\/03\/08\/propostas-do-grupo-municipal-do-bng-de-tui-en-relacion-a-nova-ordenanza-municipal-do-servizo-de-taxi\/#primaryimage","url":"https:\/\/www.anovapeneira.gal\/wp-content\/uploads\/2024\/03\/taxi.png","contentUrl":"https:\/\/www.anovapeneira.gal\/wp-content\/uploads\/2024\/03\/taxi.png","width":720,"height":432,"caption":"Taxi BNG Tui"},{"@type":"BreadcrumbList","@id":"https:\/\/www.anovapeneira.gal\/index.php\/2024\/03\/08\/propostas-do-grupo-municipal-do-bng-de-tui-en-relacion-a-nova-ordenanza-municipal-do-servizo-de-taxi\/#breadcrumb","itemListElement":[{"@type":"ListItem","position":1,"name":"Portada","item":"https:\/\/www.anovapeneira.gal\/"},{"@type":"ListItem","position":2,"name":"Propostas do grupo municipal do BNG de Tui en relaci\u00f3n \u00e1 nova ordenanza municipal do servizo de taxi"}]},{"@type":"WebSite","@id":"https:\/\/www.anovapeneira.gal\/#website","url":"https:\/\/www.anovapeneira.gal\/","name":"","description":"Xornal galego de informaci\u00f3n xeral Publicaci\u00f3n mensual de novas de Galicia e en especial dos Concellos da sur da provincia de Pontevedra.","publisher":{"@id":"https:\/\/www.anovapeneira.gal\/#organization"},"potentialAction":[{"@type":"SearchAction","target":{"@type":"EntryPoint","urlTemplate":"https:\/\/www.anovapeneira.gal\/?s={search_term_string}"},"query-input":{"@type":"PropertyValueSpecification","valueRequired":true,"valueName":"search_term_string"}}],"inLanguage":"gl-ES"},{"@type":"Organization","@id":"https:\/\/www.anovapeneira.gal\/#organization","name":"A Nova Peneira","url":"https:\/\/www.anovapeneira.gal\/","logo":{"@type":"ImageObject","inLanguage":"gl-ES","@id":"https:\/\/www.anovapeneira.gal\/#\/schema\/logo\/image\/","url":"http:\/\/www.anovapeneira.gal\/wp-content\/uploads\/2019\/06\/logo_a_nova_peneira_portal_web.png","contentUrl":"http:\/\/www.anovapeneira.gal\/wp-content\/uploads\/2019\/06\/logo_a_nova_peneira_portal_web.png","width":300,"height":100,"caption":"A Nova Peneira"},"image":{"@id":"https:\/\/www.anovapeneira.gal\/#\/schema\/logo\/image\/"},"sameAs":["https:\/\/www.facebook.com\/anovapeneira","https:\/\/x.com\/APeneira"]},{"@type":"Person","@id":"https:\/\/www.anovapeneira.gal\/#\/schema\/person\/b93e3f8932e3f8da96334607eb6ac6aa","name":"Redacci\u00f3n A Nova Peneira","image":{"@type":"ImageObject","inLanguage":"gl-ES","@id":"https:\/\/secure.gravatar.com\/avatar\/c052a2551a06e23fac63626232eaa90abd78dbcf1700fc46a2b2c89fd27b735f?s=96&d=mm&r=g","url":"https:\/\/secure.gravatar.com\/avatar\/c052a2551a06e23fac63626232eaa90abd78dbcf1700fc46a2b2c89fd27b735f?s=96&d=mm&r=g","contentUrl":"https:\/\/secure.gravatar.com\/avatar\/c052a2551a06e23fac63626232eaa90abd78dbcf1700fc46a2b2c89fd27b735f?s=96&d=mm&r=g","caption":"Redacci\u00f3n A Nova Peneira"},"sameAs":["http:\/\/www.anovapeneira.gal\/"],"url":"https:\/\/www.anovapeneira.gal\/index.php\/author\/redactor\/"}]}},"jetpack_featured_media_url":"https:\/\/www.anovapeneira.gal\/wp-content\/uploads\/2024\/03\/taxi.png","_links":{"self":[{"href":"https:\/\/www.anovapeneira.gal\/index.php\/wp-json\/wp\/v2\/posts\/11380","targetHints":{"allow":["GET"]}}],"collection":[{"href":"https:\/\/www.anovapeneira.gal\/index.php\/wp-json\/wp\/v2\/posts"}],"about":[{"href":"https:\/\/www.anovapeneira.gal\/index.php\/wp-json\/wp\/v2\/types\/post"}],"author":[{"embeddable":true,"href":"https:\/\/www.anovapeneira.gal\/index.php\/wp-json\/wp\/v2\/users\/3"}],"replies":[{"embeddable":true,"href":"https:\/\/www.anovapeneira.gal\/index.php\/wp-json\/wp\/v2\/comments?post=11380"}],"version-history":[{"count":1,"href":"https:\/\/www.anovapeneira.gal\/index.php\/wp-json\/wp\/v2\/posts\/11380\/revisions"}],"predecessor-version":[{"id":11387,"href":"https:\/\/www.anovapeneira.gal\/index.php\/wp-json\/wp\/v2\/posts\/11380\/revisions\/11387"}],"wp:featuredmedia":[{"embeddable":true,"href":"https:\/\/www.anovapeneira.gal\/index.php\/wp-json\/wp\/v2\/media\/11388"}],"wp:attachment":[{"href":"https:\/\/www.anovapeneira.gal\/index.php\/wp-json\/wp\/v2\/media?parent=11380"}],"wp:term":[{"taxonomy":"category","embeddable":true,"href":"https:\/\/www.anovapeneira.gal\/index.php\/wp-json\/wp\/v2\/categories?post=11380"},{"taxonomy":"post_tag","embeddable":true,"href":"https:\/\/www.anovapeneira.gal\/index.php\/wp-json\/wp\/v2\/tags?post=11380"}],"curies":[{"name":"wp","href":"https:\/\/api.w.org\/{rel}","templated":true}]}}