{"id":11389,"date":"2024-03-08T12:00:37","date_gmt":"2024-03-08T11:00:37","guid":{"rendered":"https:\/\/www.anovapeneira.gal\/?p=11389"},"modified":"2024-03-06T10:25:54","modified_gmt":"2024-03-06T09:25:54","slug":"xose-manuel-fernandez-muxicas-director-da-rondalla-de-zamans","status":"publish","type":"post","link":"https:\/\/www.anovapeneira.gal\/index.php\/2024\/03\/08\/xose-manuel-fernandez-muxicas-director-da-rondalla-de-zamans\/","title":{"rendered":"Xos\u00e9 Manuel Fern\u00e1ndez \u201cMuxicas\u201d, director da Rondalla de Zam\u00e1ns"},"content":{"rendered":"\n<p><strong>Xos\u00e9 Manuel Fern\u00e1ndez, \u201dMuxicas\u201d, e o director da Rondalla de Zam\u00e1ns. \u00c9 un home que sinte paix\u00f3n pola m\u00fasica e que xa ten un longo cami\u00f1o andado no universo musical, de feito \u00e9 un dos fundadores do hist\u00f3rico grupo \u201c Muxicas\u201d, que mantivo actividade ininterrompida ao longo de m\u00e1is de d\u00faas d\u00e9cadas. Natural do centro de Vigo, reside desde hai arredor de 40 anos na parroquia de Zam\u00e1ns de onde \u00e9 nativa a s\u00faa nai e manifesta sentirse plenamente vencellado ao lugar no que vive, que non cambiar\u00eda por ning\u00fan outro. N\u00f3s conversamos con el.<\/strong><\/p>\n\n\n\n<p>\u201c<strong>O Obxectivo da Rondalla e divertirse, non competir contra ningu\u00e9n\u201d<\/strong><\/p>\n\n\n\n<p><strong>Como comezou a t\u00faa relaci\u00f3n co universo da m\u00fasica?<\/strong><\/p>\n\n\n\n<blockquote class=\"wp-block-quote is-layout-flow wp-block-quote-is-layout-flow\">\n<p>Non saber\u00eda dicir cando con exactitude, pero desde que era un neno moi pequeno con absoluta certeza. O meu primeiro v\u00ednculo coa m\u00fasica foi un regalo que me fixeron: unha marabillosa mel\u00f3dica branca e vermella que me fascinou. Deb\u00eda de ter arredor de 5 ou 6 anos.<\/p>\n<\/blockquote>\n\n\n\n<p><strong>Fuches a alg\u00fan tipo de clase musical para aprender a tocala?<\/strong><\/p>\n\n\n\n<blockquote class=\"wp-block-quote is-layout-flow wp-block-quote-is-layout-flow\">\n<p>Non, fac\u00edao de o\u00eddo e por puro instinto. Naquel momento tam\u00e9n tocaba a guitarra.<\/p>\n<\/blockquote>\n\n\n\n<p><strong>Lembras cal foi o primeiro tema que aprendiches coa guitarra?<\/strong><\/p>\n\n\n\n<blockquote class=\"wp-block-quote is-layout-flow wp-block-quote-is-layout-flow\">\n<p>Pois si, si que o lembro. Son ese tipo de recordos que deixan pegada na alma e que nunca se esquecen. Era unha versi\u00f3n moi sinxela de \u201c Os xitanos sentados detr\u00e1s dunha fogueira\u201d.<\/p>\n<\/blockquote>\n\n\n\n<p><strong>E con esa mel\u00f3dica e esa guitarra comezou todo?<\/strong><\/p>\n\n\n\n<blockquote class=\"wp-block-quote is-layout-flow wp-block-quote-is-layout-flow\">\n<p>Si, eses foron os meus primeiros pasos no mundo da m\u00fasica. A partir de a\u00ed naceu en min a inclinaci\u00f3n por tocar e os meus pais tiveron a ben irme po\u00f1endo profesores.<\/p>\n<\/blockquote>\n\n\n\n<p><strong>Cando fundastes o grupo \u201c Muxicas\u201d?<\/strong><\/p>\n\n\n\n<blockquote class=\"wp-block-quote is-layout-flow wp-block-quote-is-layout-flow\">\n<p>No ano 1978 como resposta a unha necesidade que hab\u00eda no seo dunha agrupaci\u00f3n de baile na que eu estaba.<\/p>\n<\/blockquote>\n\n\n\n<p><strong>Estamos na \u00e9poca do pos franquismo, un tempo moi dif\u00edcil. Tivestes alg\u00fan tipo de problema?<\/strong><\/p>\n\n\n\n<blockquote class=\"wp-block-quote is-layout-flow wp-block-quote-is-layout-flow\">\n<p>Non sei se chamalos problemas, digamos que tivemos moitas an\u00e9cdotas. Recordo por exemplo que naquela \u00e9poca cando sa\u00eda de casa, vestido coa roupa tradicional para tocar nas xiras nocturnas, era bastante frecuente que xente que se cruzaba contigo pola r\u00faa me chamara \u201c Curro Jim\u00e9nez\u201d\u201d.<\/p>\n<\/blockquote>\n\n\n\n<p><strong>Ata cando viviu o grupo?<\/strong><\/p>\n\n\n\n<blockquote class=\"wp-block-quote is-layout-flow wp-block-quote-is-layout-flow\">\n<p>Ata o ano 2000. Tivemos 22 anos de actividade ininterrompida.<\/p>\n<\/blockquote>\n\n\n\n<p><strong>Con actividade incluso internacional, verdade?<\/strong><\/p>\n\n\n\n<blockquote class=\"wp-block-quote is-layout-flow wp-block-quote-is-layout-flow\">\n<p>Efectivamente. Actuamos en Europa, por exemplo en Alema\u00f1a, e Am\u00e9rica , por exemplo en Arxentina.<\/p>\n<\/blockquote>\n\n\n\n<p><strong>Sempre fixestes o mesmo tipo de m\u00fasica?<\/strong><\/p>\n\n\n\n<blockquote class=\"wp-block-quote is-layout-flow wp-block-quote-is-layout-flow\">\n<p>N\u00f3s fomos evolucionando. Cando nacemos eramos un quinteto tradicional en base \u00e1 semellanza cos quintetos que nos precederon. Con ese esquema gravamos o primeiro disco. Nos seguintes xa fomos evolucionando.<\/p>\n<\/blockquote>\n\n\n\n<p><strong>Por que se acabou \u201cMuxicas\u201d?<\/strong><\/p>\n\n\n\n<blockquote class=\"wp-block-quote is-layout-flow wp-block-quote-is-layout-flow\">\n<p>Por esgotamento. E porque estivemos toda a nosa vida loitando contracorrente.<\/p>\n<\/blockquote>\n\n\n\n<p><strong>A que te refires?<\/strong><\/p>\n\n\n\n<blockquote class=\"wp-block-quote is-layout-flow wp-block-quote-is-layout-flow\">\n<p>N\u00f3s desde 1985 estivemos censurados e vetados politicamente no Concello de Vigo, comezando polo PSOE. Naquel momento, o seu concelleiro de cultura d\u00edxonos directamente \u00e1 cara que nunca volveriamos tocar en Vigo. De feito dos oito discos que Muxicas de Vigo gravou ning\u00fan foi presentado polo noso concello.<\/p>\n<\/blockquote>\n\n\n\n<p><strong>Que fas , no eido musical, desde o anos 2000 ata a actualidade?<\/strong><\/p>\n\n\n\n<blockquote class=\"wp-block-quote is-layout-flow wp-block-quote-is-layout-flow\">\n<p>Ti\u00f1a xa naquel momento un espect\u00e1culo musical tocando a zanfona e interpretando romances. Durou moi pouco tempo.<\/p>\n<\/blockquote>\n\n\n\n<p><strong>Non viv\u00edas da m\u00fasica?<\/strong><\/p>\n\n\n\n<blockquote class=\"wp-block-quote is-layout-flow wp-block-quote-is-layout-flow\">\n<p>Non, imposible. Eu traballaba en banca. Ter unha fonte de ingresos allea \u00e1 m\u00fasica foi moi importante porque en certo modo me permit\u00eda actuar con liberdade.<\/p>\n<\/blockquote>\n\n\n\n<p><strong>Nese momento da t\u00faa vida abandonas a m\u00fasica?<\/strong><\/p>\n\n\n\n<blockquote class=\"wp-block-quote is-layout-flow wp-block-quote-is-layout-flow\">\n<p>Si, d\u00e9ixoo no 2002 nun momento que estaba absolutamente esgotado.<\/p>\n<\/blockquote>\n\n\n\n<p><strong>Cando retomas?<\/strong><\/p>\n\n\n\n<blockquote class=\"wp-block-quote is-layout-flow wp-block-quote-is-layout-flow\">\n<p>No 2015 alg\u00fans amigos que vi\u00f1an tocando temas que eu compuxera na \u00e9poca de Muxicas convenc\u00e9ronme para que volvera a compo\u00f1er. Eu xa estaba m\u00e1is descansado e decid\u00edn reflectir o que eu compu\u00f1a. A aparici\u00f3n dos m\u00f3biles foi de grande axuda.<\/p>\n<\/blockquote>\n\n\n\n<p><strong>Como comezou a t\u00faa relaci\u00f3n coa Rondalla de Zam\u00e1ns?<\/strong><\/p>\n\n\n\n<blockquote class=\"wp-block-quote is-layout-flow wp-block-quote-is-layout-flow\">\n<p>Foi unha das primeiras cousas que fixen cando vin vivir a Zam\u00e1ns hai case 40 anos:darme de alta como rondalleiro, baixo a direcci\u00f3n da persoa que exerc\u00eda de director naquel momento. Creo que estiven ata o 2013<\/p>\n<\/blockquote>\n\n\n\n<p><strong>Gust\u00e1bache?<\/strong><\/p>\n\n\n\n<blockquote class=\"wp-block-quote is-layout-flow wp-block-quote-is-layout-flow\">\n<p>Moit\u00edsimo. A vitalidade que ten unha Rondalla sempre foi enormemente atractiva para min.<\/p>\n<\/blockquote>\n\n\n\n<p><strong>Naquel momento que penetraci\u00f3n ti\u00f1a a Rodalla no pobo de Zam\u00e1ns?<\/strong><\/p>\n\n\n\n<blockquote class=\"wp-block-quote is-layout-flow wp-block-quote-is-layout-flow\">\n<p>Moi alta. A nosa parroquia ten unha moi importante tradici\u00f3n rondalleira, ten en conta que en tempos chegou a ter d\u00faas rondallas diferentes.<\/p>\n<\/blockquote>\n\n\n\n<p><strong>Sabes exactamente cando naceu?<\/strong><\/p>\n\n\n\n<blockquote class=\"wp-block-quote is-layout-flow wp-block-quote-is-layout-flow\">\n<p>Exactamente non. Pero temos datos que falan de que a principios da d\u00e9cada dos 40 do pasado s\u00e9culo celebraron o 25 aniversario, xa que logo parece que estamos ante unha agrupaci\u00f3n musical que ten m\u00e1is dun s\u00e9culo de vida.<\/p>\n<\/blockquote>\n\n\n\n<p><strong>Sempre tivo actividade?<\/strong><\/p>\n\n\n\n<blockquote class=\"wp-block-quote is-layout-flow wp-block-quote-is-layout-flow\">\n<p>Imaxino que parou na guerra civil pero non te\u00f1o constancia doutras paradas.<\/p>\n<\/blockquote>\n\n\n\n<p><strong>Unha actividade de m\u00e1is dun s\u00e9culo \u00e9 para estardes moi orgullosos e orgullosas<\/strong><\/p>\n\n\n\n<blockquote class=\"wp-block-quote is-layout-flow wp-block-quote-is-layout-flow\">\n<p>Abof\u00e9 que \u00e9 as\u00ed. Sobre todo se temos en conta que esta \u00e9 unha tradici\u00f3n musical viva, non \u00e9 algo imposto sen\u00f3n que \u00e9 o propio pobo o que demanda a s\u00faa existencia.<\/p>\n<\/blockquote>\n\n\n\n<p><strong>\u00c9, asemade, unha tradici\u00f3n propia da comarca de Vigo?<\/strong><\/p>\n\n\n\n<blockquote class=\"wp-block-quote is-layout-flow wp-block-quote-is-layout-flow\">\n<p>Si, \u00e9 exclusiva desta comarca ademais noutras zonas de Galicia non \u00e9 que non exista \u00e9 que se desco\u00f1ece a s\u00faa existencia. Hai Rondallas en Vigo Mos, Porri\u00f1o e algunha en Gondomar.<\/p>\n<\/blockquote>\n\n\n\n<p><strong>Sabemos onde exactamente nace esa tradici\u00f3n e por que xorde?<\/strong><\/p>\n\n\n\n<blockquote class=\"wp-block-quote is-layout-flow wp-block-quote-is-layout-flow\">\n<p>Onde nace con exactitude non o sei. O por que p\u00f3dese deducir: Na \u00e9poca de reis a xente adoitaba xuntarse para ir cantar aos veci\u00f1os a cambio de agasallos. \u00c9 unha forma de celebrar unha actividade festiva. Na nosa zona cristalizouse en Rondallas , noutras zonas como por exemplo Ponteareas fix\u00e9ronse os Ranchos de Reis<\/p>\n<\/blockquote>\n\n\n\n<p><strong>Cal \u00e9 a diferencia entre o Rancho de Reis e a Rondalla?<\/strong><\/p>\n\n\n\n<blockquote class=\"wp-block-quote is-layout-flow wp-block-quote-is-layout-flow\">\n<p>O Rancho c\u00e1ntase e a Rondalla \u00e9 musical.<\/p>\n<\/blockquote>\n\n\n\n<p><strong>Coment\u00e1basme antes que estiveras na Rondalla ata o 2013.Cando volviches?<\/strong><\/p>\n\n\n\n<blockquote class=\"wp-block-quote is-layout-flow wp-block-quote-is-layout-flow\">\n<p>O ano pasado.<\/p>\n<\/blockquote>\n\n\n\n<p><strong>Cantas persoas formades parte da Rondalla agora mesmo?<\/strong><\/p>\n\n\n\n<blockquote class=\"wp-block-quote is-layout-flow wp-block-quote-is-layout-flow\">\n<p>Algo m\u00e1is de 50.<\/p>\n<\/blockquote>\n\n\n\n<p><strong>M\u00e1is homes ou m\u00e1is mulleres?<\/strong><\/p>\n\n\n\n<blockquote class=\"wp-block-quote is-layout-flow wp-block-quote-is-layout-flow\">\n<p>M\u00e1is mulleres, pero adoita haber bastante equilibrio.<\/p>\n<\/blockquote>\n\n\n\n<p><strong>Que tal \u00e9 o nivel musical?<\/strong><\/p>\n\n\n\n<blockquote class=\"wp-block-quote is-layout-flow wp-block-quote-is-layout-flow\">\n<p>Moi bo.<\/p>\n<\/blockquote>\n\n\n\n<p><strong>Onde ensaiades?<\/strong><\/p>\n\n\n\n<blockquote class=\"wp-block-quote is-layout-flow wp-block-quote-is-layout-flow\">\n<p>No Centro Cultural.<\/p>\n<\/blockquote>\n\n\n\n<p><strong>Que tal se porta o Centro Cultural con v\u00f3s?<\/strong><\/p>\n\n\n\n<blockquote class=\"wp-block-quote is-layout-flow wp-block-quote-is-layout-flow\">\n<p>Moi ben.<\/p>\n<\/blockquote>\n\n\n\n<p><strong>Como vos financiades?<\/strong><\/p>\n\n\n\n<blockquote class=\"wp-block-quote is-layout-flow wp-block-quote-is-layout-flow\">\n<p>Cando imos tocar polos barrios existe unha secci\u00f3n que non toca e que se dedica a<\/p>\n<\/blockquote>\n\n\n\n<p><strong>Ha ha ha .Non me digas: ded\u00edcase a pasar o \u201ccepillo\u201d?<\/strong><\/p>\n\n\n\n<blockquote class=\"wp-block-quote is-layout-flow wp-block-quote-is-layout-flow\">\n<p>Pois si, a iso mesmo.<\/p>\n<\/blockquote>\n\n\n\n<p><strong>A resposta da xente \u00e9 boa?<\/strong><\/p>\n\n\n\n<blockquote class=\"wp-block-quote is-layout-flow wp-block-quote-is-layout-flow\">\n<p>Si, moi boa<\/p>\n<\/blockquote>\n\n\n\n<p><strong>Cal \u00e9 o obxectivo \u00faltimo dunha Rondalla?<\/strong><\/p>\n\n\n\n<blockquote class=\"wp-block-quote is-layout-flow wp-block-quote-is-layout-flow\">\n<p>Que a xente se divirta e que transmita esa diversi\u00f3n.<\/p>\n<\/blockquote>\n\n\n\n<p><strong>Rematamos Xos\u00e9. Despois dun s\u00e9culo de vida \u00e9 razoable pensar que a Rondalla de Zam\u00e1ns pode seguir sendo un proxecto cun futuro prolongado no tempo?<\/strong><\/p>\n\n\n\n<blockquote class=\"wp-block-quote is-layout-flow wp-block-quote-is-layout-flow\">\n<p>Si, eu penso que si. A\u00ednda que me gustar\u00eda trasladar a mi\u00f1a opini\u00f3n ao respecto disto: Non debemos vivir nunha din\u00e1mica competitiva sen\u00f3n colaborativa .O noso obxectivo debe de ser , como antes che mencionei, divertirnos e expresar as nosas emoci\u00f3ns a trav\u00e9s da linguaxe musical, non ga\u00f1ar a ningu\u00e9n.<\/p>\n<\/blockquote>\n","protected":false},"excerpt":{"rendered":"<div class=\"mh-excerpt\"><p>Xos\u00e9 Manuel Fern\u00e1ndez, \u201dMuxicas\u201d, e o director da Rondalla de Zam\u00e1ns. \u00c9 un home que sinte paix\u00f3n pola m\u00fasica e que xa ten un longo cami\u00f1o andado no universo musical, de feito \u00e9 un dos fundadores do hist\u00f3rico grupo \u201c Muxicas\u201d <a class=\"mh-excerpt-more\" href=\"https:\/\/www.anovapeneira.gal\/index.php\/2024\/03\/08\/xose-manuel-fernandez-muxicas-director-da-rondalla-de-zamans\/\" title=\"Xos\u00e9 Manuel Fern\u00e1ndez \u201cMuxicas\u201d, director da Rondalla de Zam\u00e1ns\">[&#8230;]<\/a><\/p>\n<\/div>","protected":false},"author":3,"featured_media":11390,"comment_status":"open","ping_status":"open","sticky":false,"template":"","format":"standard","meta":{"_exactmetrics_skip_tracking":false,"_exactmetrics_sitenote_active":false,"_exactmetrics_sitenote_note":"","_exactmetrics_sitenote_category":0,"footnotes":""},"categories":[272],"tags":[227],"class_list":{"0":"post-11389","1":"post","2":"type-post","3":"status-publish","4":"format-standard","5":"has-post-thumbnail","7":"category-vigo-entrevistas","8":"tag-concello-de-vigo"},"yoast_head":"<!-- This site is optimized with the Yoast SEO plugin v27.4 - https:\/\/yoast.com\/product\/yoast-seo-wordpress\/ -->\n<title>Xos\u00e9 Manuel Fern\u00e1ndez \u201cMuxicas\u201d, director da Rondalla de Zam\u00e1ns -<\/title>\n<meta name=\"description\" content=\"Xos\u00e9 Manuel Fern\u00e1ndez, \u201dMuxicas\u201d, e o director da Rondalla de Zam\u00e1ns. \u00c9 un home que sinte paix\u00f3n pola m\u00fasica e que xa ten un longo cami\u00f1o andado no universo musical, de feito \u00e9 un dos fundadores do hist\u00f3rico grupo \u201c Muxicas\u201d\" \/>\n<meta name=\"robots\" content=\"index, follow, max-snippet:-1, max-image-preview:large, max-video-preview:-1\" \/>\n<link rel=\"canonical\" href=\"https:\/\/www.anovapeneira.gal\/index.php\/2024\/03\/08\/xose-manuel-fernandez-muxicas-director-da-rondalla-de-zamans\/\" \/>\n<meta property=\"og:locale\" content=\"gl_ES\" \/>\n<meta property=\"og:type\" content=\"article\" \/>\n<meta property=\"og:title\" content=\"Xos\u00e9 Manuel Fern\u00e1ndez \u201cMuxicas\u201d, director da Rondalla de Zam\u00e1ns -\" \/>\n<meta property=\"og:description\" content=\"Xos\u00e9 Manuel Fern\u00e1ndez, \u201dMuxicas\u201d, e o director da Rondalla de Zam\u00e1ns. \u00c9 un home que sinte paix\u00f3n pola m\u00fasica e que xa ten un longo cami\u00f1o andado no universo musical, de feito \u00e9 un dos fundadores do hist\u00f3rico grupo \u201c Muxicas\u201d\" \/>\n<meta property=\"og:url\" content=\"https:\/\/www.anovapeneira.gal\/index.php\/2024\/03\/08\/xose-manuel-fernandez-muxicas-director-da-rondalla-de-zamans\/\" \/>\n<meta property=\"article:publisher\" content=\"https:\/\/www.facebook.com\/anovapeneira\" \/>\n<meta property=\"article:published_time\" content=\"2024-03-08T11:00:37+00:00\" \/>\n<meta property=\"og:image\" content=\"https:\/\/www.anovapeneira.gal\/wp-content\/uploads\/2024\/03\/zamans_peneira.png\" \/>\n\t<meta property=\"og:image:width\" content=\"720\" \/>\n\t<meta property=\"og:image:height\" content=\"432\" \/>\n\t<meta property=\"og:image:type\" content=\"image\/png\" \/>\n<meta name=\"author\" content=\"Redacci\u00f3n A Nova Peneira\" \/>\n<meta name=\"twitter:card\" content=\"summary_large_image\" \/>\n<meta name=\"twitter:creator\" content=\"@APeneira\" \/>\n<meta name=\"twitter:site\" content=\"@APeneira\" \/>\n<meta name=\"twitter:label1\" content=\"Escrito por\" \/>\n\t<meta name=\"twitter:data1\" content=\"Redacci\u00f3n A Nova Peneira\" \/>\n\t<meta name=\"twitter:label2\" content=\"Tempo de lectura\" \/>\n\t<meta name=\"twitter:data2\" content=\"3 minutos\" \/>\n<script type=\"application\/ld+json\" class=\"yoast-schema-graph\">{\"@context\":\"https:\\\/\\\/schema.org\",\"@graph\":[{\"@type\":\"Article\",\"@id\":\"https:\\\/\\\/www.anovapeneira.gal\\\/index.php\\\/2024\\\/03\\\/08\\\/xose-manuel-fernandez-muxicas-director-da-rondalla-de-zamans\\\/#article\",\"isPartOf\":{\"@id\":\"https:\\\/\\\/www.anovapeneira.gal\\\/index.php\\\/2024\\\/03\\\/08\\\/xose-manuel-fernandez-muxicas-director-da-rondalla-de-zamans\\\/\"},\"author\":{\"name\":\"Redacci\u00f3n A Nova Peneira\",\"@id\":\"https:\\\/\\\/www.anovapeneira.gal\\\/#\\\/schema\\\/person\\\/b93e3f8932e3f8da96334607eb6ac6aa\"},\"headline\":\"Xos\u00e9 Manuel Fern\u00e1ndez \u201cMuxicas\u201d, director da Rondalla de Zam\u00e1ns\",\"datePublished\":\"2024-03-08T11:00:37+00:00\",\"mainEntityOfPage\":{\"@id\":\"https:\\\/\\\/www.anovapeneira.gal\\\/index.php\\\/2024\\\/03\\\/08\\\/xose-manuel-fernandez-muxicas-director-da-rondalla-de-zamans\\\/\"},\"wordCount\":1226,\"commentCount\":0,\"publisher\":{\"@id\":\"https:\\\/\\\/www.anovapeneira.gal\\\/#organization\"},\"image\":{\"@id\":\"https:\\\/\\\/www.anovapeneira.gal\\\/index.php\\\/2024\\\/03\\\/08\\\/xose-manuel-fernandez-muxicas-director-da-rondalla-de-zamans\\\/#primaryimage\"},\"thumbnailUrl\":\"https:\\\/\\\/www.anovapeneira.gal\\\/wp-content\\\/uploads\\\/2024\\\/03\\\/zamans_peneira.png\",\"keywords\":[\"Concello de Vigo\"],\"articleSection\":[\"Vigo\"],\"inLanguage\":\"gl-ES\",\"potentialAction\":[{\"@type\":\"CommentAction\",\"name\":\"Comment\",\"target\":[\"https:\\\/\\\/www.anovapeneira.gal\\\/index.php\\\/2024\\\/03\\\/08\\\/xose-manuel-fernandez-muxicas-director-da-rondalla-de-zamans\\\/#respond\"]}]},{\"@type\":\"WebPage\",\"@id\":\"https:\\\/\\\/www.anovapeneira.gal\\\/index.php\\\/2024\\\/03\\\/08\\\/xose-manuel-fernandez-muxicas-director-da-rondalla-de-zamans\\\/\",\"url\":\"https:\\\/\\\/www.anovapeneira.gal\\\/index.php\\\/2024\\\/03\\\/08\\\/xose-manuel-fernandez-muxicas-director-da-rondalla-de-zamans\\\/\",\"name\":\"Xos\u00e9 Manuel Fern\u00e1ndez \u201cMuxicas\u201d, director da Rondalla de Zam\u00e1ns -\",\"isPartOf\":{\"@id\":\"https:\\\/\\\/www.anovapeneira.gal\\\/#website\"},\"primaryImageOfPage\":{\"@id\":\"https:\\\/\\\/www.anovapeneira.gal\\\/index.php\\\/2024\\\/03\\\/08\\\/xose-manuel-fernandez-muxicas-director-da-rondalla-de-zamans\\\/#primaryimage\"},\"image\":{\"@id\":\"https:\\\/\\\/www.anovapeneira.gal\\\/index.php\\\/2024\\\/03\\\/08\\\/xose-manuel-fernandez-muxicas-director-da-rondalla-de-zamans\\\/#primaryimage\"},\"thumbnailUrl\":\"https:\\\/\\\/www.anovapeneira.gal\\\/wp-content\\\/uploads\\\/2024\\\/03\\\/zamans_peneira.png\",\"datePublished\":\"2024-03-08T11:00:37+00:00\",\"description\":\"Xos\u00e9 Manuel Fern\u00e1ndez, \u201dMuxicas\u201d, e o director da Rondalla de Zam\u00e1ns. \u00c9 un home que sinte paix\u00f3n pola m\u00fasica e que xa ten un longo cami\u00f1o andado no universo musical, de feito \u00e9 un dos fundadores do hist\u00f3rico grupo \u201c Muxicas\u201d\",\"breadcrumb\":{\"@id\":\"https:\\\/\\\/www.anovapeneira.gal\\\/index.php\\\/2024\\\/03\\\/08\\\/xose-manuel-fernandez-muxicas-director-da-rondalla-de-zamans\\\/#breadcrumb\"},\"inLanguage\":\"gl-ES\",\"potentialAction\":[{\"@type\":\"ReadAction\",\"target\":[\"https:\\\/\\\/www.anovapeneira.gal\\\/index.php\\\/2024\\\/03\\\/08\\\/xose-manuel-fernandez-muxicas-director-da-rondalla-de-zamans\\\/\"]}]},{\"@type\":\"ImageObject\",\"inLanguage\":\"gl-ES\",\"@id\":\"https:\\\/\\\/www.anovapeneira.gal\\\/index.php\\\/2024\\\/03\\\/08\\\/xose-manuel-fernandez-muxicas-director-da-rondalla-de-zamans\\\/#primaryimage\",\"url\":\"https:\\\/\\\/www.anovapeneira.gal\\\/wp-content\\\/uploads\\\/2024\\\/03\\\/zamans_peneira.png\",\"contentUrl\":\"https:\\\/\\\/www.anovapeneira.gal\\\/wp-content\\\/uploads\\\/2024\\\/03\\\/zamans_peneira.png\",\"width\":720,\"height\":432,\"caption\":\"Zam\u00e1ns rondalla\"},{\"@type\":\"BreadcrumbList\",\"@id\":\"https:\\\/\\\/www.anovapeneira.gal\\\/index.php\\\/2024\\\/03\\\/08\\\/xose-manuel-fernandez-muxicas-director-da-rondalla-de-zamans\\\/#breadcrumb\",\"itemListElement\":[{\"@type\":\"ListItem\",\"position\":1,\"name\":\"Portada\",\"item\":\"https:\\\/\\\/www.anovapeneira.gal\\\/\"},{\"@type\":\"ListItem\",\"position\":2,\"name\":\"Xos\u00e9 Manuel Fern\u00e1ndez \u201cMuxicas\u201d, director da Rondalla de Zam\u00e1ns\"}]},{\"@type\":\"WebSite\",\"@id\":\"https:\\\/\\\/www.anovapeneira.gal\\\/#website\",\"url\":\"https:\\\/\\\/www.anovapeneira.gal\\\/\",\"name\":\"\",\"description\":\"Xornal galego de informaci\u00f3n xeral Publicaci\u00f3n mensual de novas de Galicia e en especial dos Concellos da sur da provincia de Pontevedra.\",\"publisher\":{\"@id\":\"https:\\\/\\\/www.anovapeneira.gal\\\/#organization\"},\"potentialAction\":[{\"@type\":\"SearchAction\",\"target\":{\"@type\":\"EntryPoint\",\"urlTemplate\":\"https:\\\/\\\/www.anovapeneira.gal\\\/?s={search_term_string}\"},\"query-input\":{\"@type\":\"PropertyValueSpecification\",\"valueRequired\":true,\"valueName\":\"search_term_string\"}}],\"inLanguage\":\"gl-ES\"},{\"@type\":\"Organization\",\"@id\":\"https:\\\/\\\/www.anovapeneira.gal\\\/#organization\",\"name\":\"A Nova Peneira\",\"url\":\"https:\\\/\\\/www.anovapeneira.gal\\\/\",\"logo\":{\"@type\":\"ImageObject\",\"inLanguage\":\"gl-ES\",\"@id\":\"https:\\\/\\\/www.anovapeneira.gal\\\/#\\\/schema\\\/logo\\\/image\\\/\",\"url\":\"http:\\\/\\\/www.anovapeneira.gal\\\/wp-content\\\/uploads\\\/2019\\\/06\\\/logo_a_nova_peneira_portal_web.png\",\"contentUrl\":\"http:\\\/\\\/www.anovapeneira.gal\\\/wp-content\\\/uploads\\\/2019\\\/06\\\/logo_a_nova_peneira_portal_web.png\",\"width\":300,\"height\":100,\"caption\":\"A Nova Peneira\"},\"image\":{\"@id\":\"https:\\\/\\\/www.anovapeneira.gal\\\/#\\\/schema\\\/logo\\\/image\\\/\"},\"sameAs\":[\"https:\\\/\\\/www.facebook.com\\\/anovapeneira\",\"https:\\\/\\\/x.com\\\/APeneira\"]},{\"@type\":\"Person\",\"@id\":\"https:\\\/\\\/www.anovapeneira.gal\\\/#\\\/schema\\\/person\\\/b93e3f8932e3f8da96334607eb6ac6aa\",\"name\":\"Redacci\u00f3n A Nova Peneira\",\"image\":{\"@type\":\"ImageObject\",\"inLanguage\":\"gl-ES\",\"@id\":\"https:\\\/\\\/secure.gravatar.com\\\/avatar\\\/c052a2551a06e23fac63626232eaa90abd78dbcf1700fc46a2b2c89fd27b735f?s=96&d=mm&r=g\",\"url\":\"https:\\\/\\\/secure.gravatar.com\\\/avatar\\\/c052a2551a06e23fac63626232eaa90abd78dbcf1700fc46a2b2c89fd27b735f?s=96&d=mm&r=g\",\"contentUrl\":\"https:\\\/\\\/secure.gravatar.com\\\/avatar\\\/c052a2551a06e23fac63626232eaa90abd78dbcf1700fc46a2b2c89fd27b735f?s=96&d=mm&r=g\",\"caption\":\"Redacci\u00f3n A Nova Peneira\"},\"sameAs\":[\"http:\\\/\\\/www.anovapeneira.gal\\\/\"],\"url\":\"https:\\\/\\\/www.anovapeneira.gal\\\/index.php\\\/author\\\/redactor\\\/\"}]}<\/script>\n<!-- \/ Yoast SEO plugin. -->","yoast_head_json":{"title":"Xos\u00e9 Manuel Fern\u00e1ndez \u201cMuxicas\u201d, director da Rondalla de Zam\u00e1ns -","description":"Xos\u00e9 Manuel Fern\u00e1ndez, \u201dMuxicas\u201d, e o director da Rondalla de Zam\u00e1ns. \u00c9 un home que sinte paix\u00f3n pola m\u00fasica e que xa ten un longo cami\u00f1o andado no universo musical, de feito \u00e9 un dos fundadores do hist\u00f3rico grupo \u201c Muxicas\u201d","robots":{"index":"index","follow":"follow","max-snippet":"max-snippet:-1","max-image-preview":"max-image-preview:large","max-video-preview":"max-video-preview:-1"},"canonical":"https:\/\/www.anovapeneira.gal\/index.php\/2024\/03\/08\/xose-manuel-fernandez-muxicas-director-da-rondalla-de-zamans\/","og_locale":"gl_ES","og_type":"article","og_title":"Xos\u00e9 Manuel Fern\u00e1ndez \u201cMuxicas\u201d, director da Rondalla de Zam\u00e1ns -","og_description":"Xos\u00e9 Manuel Fern\u00e1ndez, \u201dMuxicas\u201d, e o director da Rondalla de Zam\u00e1ns. \u00c9 un home que sinte paix\u00f3n pola m\u00fasica e que xa ten un longo cami\u00f1o andado no universo musical, de feito \u00e9 un dos fundadores do hist\u00f3rico grupo \u201c Muxicas\u201d","og_url":"https:\/\/www.anovapeneira.gal\/index.php\/2024\/03\/08\/xose-manuel-fernandez-muxicas-director-da-rondalla-de-zamans\/","article_publisher":"https:\/\/www.facebook.com\/anovapeneira","article_published_time":"2024-03-08T11:00:37+00:00","og_image":[{"width":720,"height":432,"url":"https:\/\/www.anovapeneira.gal\/wp-content\/uploads\/2024\/03\/zamans_peneira.png","type":"image\/png"}],"author":"Redacci\u00f3n A Nova Peneira","twitter_card":"summary_large_image","twitter_creator":"@APeneira","twitter_site":"@APeneira","twitter_misc":{"Escrito por":"Redacci\u00f3n A Nova Peneira","Tempo de lectura":"3 minutos"},"schema":{"@context":"https:\/\/schema.org","@graph":[{"@type":"Article","@id":"https:\/\/www.anovapeneira.gal\/index.php\/2024\/03\/08\/xose-manuel-fernandez-muxicas-director-da-rondalla-de-zamans\/#article","isPartOf":{"@id":"https:\/\/www.anovapeneira.gal\/index.php\/2024\/03\/08\/xose-manuel-fernandez-muxicas-director-da-rondalla-de-zamans\/"},"author":{"name":"Redacci\u00f3n A Nova Peneira","@id":"https:\/\/www.anovapeneira.gal\/#\/schema\/person\/b93e3f8932e3f8da96334607eb6ac6aa"},"headline":"Xos\u00e9 Manuel Fern\u00e1ndez \u201cMuxicas\u201d, director da Rondalla de Zam\u00e1ns","datePublished":"2024-03-08T11:00:37+00:00","mainEntityOfPage":{"@id":"https:\/\/www.anovapeneira.gal\/index.php\/2024\/03\/08\/xose-manuel-fernandez-muxicas-director-da-rondalla-de-zamans\/"},"wordCount":1226,"commentCount":0,"publisher":{"@id":"https:\/\/www.anovapeneira.gal\/#organization"},"image":{"@id":"https:\/\/www.anovapeneira.gal\/index.php\/2024\/03\/08\/xose-manuel-fernandez-muxicas-director-da-rondalla-de-zamans\/#primaryimage"},"thumbnailUrl":"https:\/\/www.anovapeneira.gal\/wp-content\/uploads\/2024\/03\/zamans_peneira.png","keywords":["Concello de Vigo"],"articleSection":["Vigo"],"inLanguage":"gl-ES","potentialAction":[{"@type":"CommentAction","name":"Comment","target":["https:\/\/www.anovapeneira.gal\/index.php\/2024\/03\/08\/xose-manuel-fernandez-muxicas-director-da-rondalla-de-zamans\/#respond"]}]},{"@type":"WebPage","@id":"https:\/\/www.anovapeneira.gal\/index.php\/2024\/03\/08\/xose-manuel-fernandez-muxicas-director-da-rondalla-de-zamans\/","url":"https:\/\/www.anovapeneira.gal\/index.php\/2024\/03\/08\/xose-manuel-fernandez-muxicas-director-da-rondalla-de-zamans\/","name":"Xos\u00e9 Manuel Fern\u00e1ndez \u201cMuxicas\u201d, director da Rondalla de Zam\u00e1ns -","isPartOf":{"@id":"https:\/\/www.anovapeneira.gal\/#website"},"primaryImageOfPage":{"@id":"https:\/\/www.anovapeneira.gal\/index.php\/2024\/03\/08\/xose-manuel-fernandez-muxicas-director-da-rondalla-de-zamans\/#primaryimage"},"image":{"@id":"https:\/\/www.anovapeneira.gal\/index.php\/2024\/03\/08\/xose-manuel-fernandez-muxicas-director-da-rondalla-de-zamans\/#primaryimage"},"thumbnailUrl":"https:\/\/www.anovapeneira.gal\/wp-content\/uploads\/2024\/03\/zamans_peneira.png","datePublished":"2024-03-08T11:00:37+00:00","description":"Xos\u00e9 Manuel Fern\u00e1ndez, \u201dMuxicas\u201d, e o director da Rondalla de Zam\u00e1ns. \u00c9 un home que sinte paix\u00f3n pola m\u00fasica e que xa ten un longo cami\u00f1o andado no universo musical, de feito \u00e9 un dos fundadores do hist\u00f3rico grupo \u201c Muxicas\u201d","breadcrumb":{"@id":"https:\/\/www.anovapeneira.gal\/index.php\/2024\/03\/08\/xose-manuel-fernandez-muxicas-director-da-rondalla-de-zamans\/#breadcrumb"},"inLanguage":"gl-ES","potentialAction":[{"@type":"ReadAction","target":["https:\/\/www.anovapeneira.gal\/index.php\/2024\/03\/08\/xose-manuel-fernandez-muxicas-director-da-rondalla-de-zamans\/"]}]},{"@type":"ImageObject","inLanguage":"gl-ES","@id":"https:\/\/www.anovapeneira.gal\/index.php\/2024\/03\/08\/xose-manuel-fernandez-muxicas-director-da-rondalla-de-zamans\/#primaryimage","url":"https:\/\/www.anovapeneira.gal\/wp-content\/uploads\/2024\/03\/zamans_peneira.png","contentUrl":"https:\/\/www.anovapeneira.gal\/wp-content\/uploads\/2024\/03\/zamans_peneira.png","width":720,"height":432,"caption":"Zam\u00e1ns rondalla"},{"@type":"BreadcrumbList","@id":"https:\/\/www.anovapeneira.gal\/index.php\/2024\/03\/08\/xose-manuel-fernandez-muxicas-director-da-rondalla-de-zamans\/#breadcrumb","itemListElement":[{"@type":"ListItem","position":1,"name":"Portada","item":"https:\/\/www.anovapeneira.gal\/"},{"@type":"ListItem","position":2,"name":"Xos\u00e9 Manuel Fern\u00e1ndez \u201cMuxicas\u201d, director da Rondalla de Zam\u00e1ns"}]},{"@type":"WebSite","@id":"https:\/\/www.anovapeneira.gal\/#website","url":"https:\/\/www.anovapeneira.gal\/","name":"","description":"Xornal galego de informaci\u00f3n xeral Publicaci\u00f3n mensual de novas de Galicia e en especial dos Concellos da sur da provincia de Pontevedra.","publisher":{"@id":"https:\/\/www.anovapeneira.gal\/#organization"},"potentialAction":[{"@type":"SearchAction","target":{"@type":"EntryPoint","urlTemplate":"https:\/\/www.anovapeneira.gal\/?s={search_term_string}"},"query-input":{"@type":"PropertyValueSpecification","valueRequired":true,"valueName":"search_term_string"}}],"inLanguage":"gl-ES"},{"@type":"Organization","@id":"https:\/\/www.anovapeneira.gal\/#organization","name":"A Nova Peneira","url":"https:\/\/www.anovapeneira.gal\/","logo":{"@type":"ImageObject","inLanguage":"gl-ES","@id":"https:\/\/www.anovapeneira.gal\/#\/schema\/logo\/image\/","url":"http:\/\/www.anovapeneira.gal\/wp-content\/uploads\/2019\/06\/logo_a_nova_peneira_portal_web.png","contentUrl":"http:\/\/www.anovapeneira.gal\/wp-content\/uploads\/2019\/06\/logo_a_nova_peneira_portal_web.png","width":300,"height":100,"caption":"A Nova Peneira"},"image":{"@id":"https:\/\/www.anovapeneira.gal\/#\/schema\/logo\/image\/"},"sameAs":["https:\/\/www.facebook.com\/anovapeneira","https:\/\/x.com\/APeneira"]},{"@type":"Person","@id":"https:\/\/www.anovapeneira.gal\/#\/schema\/person\/b93e3f8932e3f8da96334607eb6ac6aa","name":"Redacci\u00f3n A Nova Peneira","image":{"@type":"ImageObject","inLanguage":"gl-ES","@id":"https:\/\/secure.gravatar.com\/avatar\/c052a2551a06e23fac63626232eaa90abd78dbcf1700fc46a2b2c89fd27b735f?s=96&d=mm&r=g","url":"https:\/\/secure.gravatar.com\/avatar\/c052a2551a06e23fac63626232eaa90abd78dbcf1700fc46a2b2c89fd27b735f?s=96&d=mm&r=g","contentUrl":"https:\/\/secure.gravatar.com\/avatar\/c052a2551a06e23fac63626232eaa90abd78dbcf1700fc46a2b2c89fd27b735f?s=96&d=mm&r=g","caption":"Redacci\u00f3n A Nova Peneira"},"sameAs":["http:\/\/www.anovapeneira.gal\/"],"url":"https:\/\/www.anovapeneira.gal\/index.php\/author\/redactor\/"}]}},"jetpack_featured_media_url":"https:\/\/www.anovapeneira.gal\/wp-content\/uploads\/2024\/03\/zamans_peneira.png","_links":{"self":[{"href":"https:\/\/www.anovapeneira.gal\/index.php\/wp-json\/wp\/v2\/posts\/11389","targetHints":{"allow":["GET"]}}],"collection":[{"href":"https:\/\/www.anovapeneira.gal\/index.php\/wp-json\/wp\/v2\/posts"}],"about":[{"href":"https:\/\/www.anovapeneira.gal\/index.php\/wp-json\/wp\/v2\/types\/post"}],"author":[{"embeddable":true,"href":"https:\/\/www.anovapeneira.gal\/index.php\/wp-json\/wp\/v2\/users\/3"}],"replies":[{"embeddable":true,"href":"https:\/\/www.anovapeneira.gal\/index.php\/wp-json\/wp\/v2\/comments?post=11389"}],"version-history":[{"count":1,"href":"https:\/\/www.anovapeneira.gal\/index.php\/wp-json\/wp\/v2\/posts\/11389\/revisions"}],"predecessor-version":[{"id":11391,"href":"https:\/\/www.anovapeneira.gal\/index.php\/wp-json\/wp\/v2\/posts\/11389\/revisions\/11391"}],"wp:featuredmedia":[{"embeddable":true,"href":"https:\/\/www.anovapeneira.gal\/index.php\/wp-json\/wp\/v2\/media\/11390"}],"wp:attachment":[{"href":"https:\/\/www.anovapeneira.gal\/index.php\/wp-json\/wp\/v2\/media?parent=11389"}],"wp:term":[{"taxonomy":"category","embeddable":true,"href":"https:\/\/www.anovapeneira.gal\/index.php\/wp-json\/wp\/v2\/categories?post=11389"},{"taxonomy":"post_tag","embeddable":true,"href":"https:\/\/www.anovapeneira.gal\/index.php\/wp-json\/wp\/v2\/tags?post=11389"}],"curies":[{"name":"wp","href":"https:\/\/api.w.org\/{rel}","templated":true}]}}