{"id":1139,"date":"2019-09-02T14:00:26","date_gmt":"2019-09-02T12:00:26","guid":{"rendered":"http:\/\/www.anovapeneira.gal\/?p=1139"},"modified":"2019-09-01T10:01:25","modified_gmt":"2019-09-01T08:01:25","slug":"ponton-cualifica-de-dantesco-que-pp-e-psoe-por-estratexia-partidaria-ponan-en-risco-recursos-para-servizos-basicos","status":"publish","type":"post","link":"https:\/\/www.anovapeneira.gal\/index.php\/2019\/09\/02\/ponton-cualifica-de-dantesco-que-pp-e-psoe-por-estratexia-partidaria-ponan-en-risco-recursos-para-servizos-basicos\/","title":{"rendered":"Pont\u00f3n cualifica de \u201cdantesco\u201d que PP e PSOE \u201cpor estratexia partidaria\u201d  po\u00f1an en risco recursos para servizos b\u00e1sicos"},"content":{"rendered":"\n<h2 class=\"wp-block-heading\"><strong>Reta a Feix\u00f3o a presentar o recurso xudicial para que o estado pague a d\u00e9beda que sit\u00faa en 3.000 M\u20ac,  200 M\u20ac en dependencia  2.000 en obras non executadas para mellorar o ferrocarril e o financiamento do porto exterior da Coru\u00f1a<\/strong><\/h2>\n\n\n\n<p><strong>Santiago, 29 de agosto, 2019<\/strong><\/p>\n\n\n\n<p>A\nportavoz nacional do BNG, Ana Pont\u00f3n cualificou de \u201cdantesco\u201d\nque o PP e PSOE por \u201cpura estratexia partidista\u201d, po\u00f1an en risco\nrecursos  que financian  servizos fundamentais para a cidadan\u00eda.<\/p>\n\n\n\n<p>Para\nPont\u00f3n esta \u201cestratexia falida\u201d responde \u00e1 intenci\u00f3n do\nPartido socialista para forzar o apoio da dereita  \u00e1 investidura.\nAgora, dixo, non deixa de sorprendernos que un partido que fixo\ncampa\u00f1a contra o \u201ctrifachito\u201d, busque unha pata de apoio desa\ndereita.<\/p>\n\n\n\n<p><strong>PONT\u00d3N\nRETA A FEIX\u00d3O A EMPRENDER A V\u00cdA XUDICIAL<\/strong><\/p>\n\n\n\n<p>A\nportavoz do BNG afirmou que a Xunta carece dunha estratexia propia e \nFeix\u00f3o  \u201cun d\u00eda di unha cousa e outro di a contraria, amaga con\nlevar ao estado aos tribunais pero \u00e1 hora da verdade, pr\u00e9gase a\nestratexia marcada pola direcci\u00f3n do PP dende Genova.\u201d A\nnacionalista retou a Feix\u00f3o a presentar o \u201crecurso xudicial contra\no estado para que Galiza cobre a d\u00e9beda\u201d e pediu a Feix\u00f3o que\ndefenda o pago  de 200 M\u20ac para dependencia, 2.000 M\u20ac en obras non\nexecutadas para melloras do ferrocarril e o financiamento do porto\nexterior da Coru\u00f1a, en total, dixo, o estado debe a Galiza 3.000 M\u20ac.<\/p>\n\n\n\n<p>Ademais,\nrecalcou que Galiza  precisa \u201cdun presidente que act\u00fae pensando\nprimeiro nos intereses de todos os galegos e galegos e menos nas\ndirectrices que lle marca o PP dende Madrid\u201d.<\/p>\n\n\n\n<p>Por\noutra parte, asegurou que o PP debe comezar a reco\u00f1ecer o gran erro\ndo actual modelo de financiamento, un modelo de financiamento no que\na chave dos cartos do noso pa\u00eds  est\u00e1 en Madrid. BNG defendemos\noutro modelo no que  os galegos e galegas \u201cte\u00f1amos a chave dos\nnosos cartos\u201d.<\/p>\n\n\n\n<p>Pont\u00f3n\nrealizou estas declaraci\u00f3ns na s\u00faa visita ao concello de O Rosal\nonde mantivo un encontro coa alcaldesa, \u00c1nxela Fern\u00e1ndez. Tras\nfelicitar a rexedora do Rosal que goberna en maior\u00eda, a portavoz do\nBNG mostrouse convencida de que a nova alcaldesa nacionalista\nresponder\u00e1 con \u201ctraballo e rigor\u201d \u00e1s necesidades dos veci\u00f1os e\nveci\u00f1as cun programa transformador como o que se est\u00e1 aplicando nos\nconcellos gobernados polo BNG, entre os que nomeou como referente o\nconcello de Tomi\u00f1o.<\/p>\n\n\n\n<p>En corenta anos, explicou Pont\u00f3n , a veci\u00f1anza fixo unha aposta polo nacionalismo para colocar  \u201cO Rosal no mapa\u201d. Pont\u00f3n destacou a \u201cmarca do BNG\u201d que cando chega \u00e1s instituci\u00f3ns implanta medidas para dinamizar a econ\u00f3mica, defender a cultura e o patrimonio  e sobre todo, \u201cmellorar a  calidade de vida dos veci\u00f1os e veci\u00f1as\u201d.<\/p>\n\n\n\n<p> <strong>PROXECTO\nTRANSFORMADOR  DO BNG NO ROSAL <\/strong>\n<\/p>\n\n\n\n<p>Pola\ns\u00faa parte, a  alcaldesa do Rosal, \u00c1nxela Fern\u00e1ndez atribu\u00edu a\nvitoria do BNG a un \u201ctraballo e ilusi\u00f3n colectiva\u201d. Temos un\nequipo preparado e xa tomamos as primeiras medidas que propuxemos\ndurante a campa\u00f1a. Neste sentido, apuntou que o traballo municipal\nestar\u00e1 centrado na transparencia da comunicaci\u00f3n, unha axenda\ncultural que chegue aos barrios e sobre todo destinada \u00e1 xente\nmaior. Asemade, engadiu que  establecer\u00e1n  consellos municipais para\npotenciar o traballo asociativo e veci\u00f1al,  medidas para recuperar\nos espazos para as persoas, fomentar o comercio e a praza de abastos\nas\u00ed como revisar os actuais orzamentos. Finalmente lembrou que  \ngrazas \u00e1  comunicaci\u00f3n e colaboraci\u00f3n coa vila portuguesa de\nCaminha  iniciaranse  experiencias nos \u00e1mbitos da cultura e\npatrimonio.<\/p>\n","protected":false},"excerpt":{"rendered":"<div class=\"mh-excerpt\"><p>Reta a Feix\u00f3o a presentar o recurso xudicial para que o estado pague a d\u00e9beda que sit\u00faa en 3.000 M\u20ac <a class=\"mh-excerpt-more\" href=\"https:\/\/www.anovapeneira.gal\/index.php\/2019\/09\/02\/ponton-cualifica-de-dantesco-que-pp-e-psoe-por-estratexia-partidaria-ponan-en-risco-recursos-para-servizos-basicos\/\" title=\"Pont\u00f3n cualifica de \u201cdantesco\u201d que PP e PSOE \u201cpor estratexia partidaria\u201d  po\u00f1an en risco recursos para servizos b\u00e1sicos\">[&#8230;]<\/a><\/p>\n<\/div>","protected":false},"author":3,"featured_media":631,"comment_status":"open","ping_status":"open","sticky":false,"template":"","format":"standard","meta":{"_exactmetrics_skip_tracking":false,"_exactmetrics_sitenote_active":false,"_exactmetrics_sitenote_note":"","_exactmetrics_sitenote_category":0,"footnotes":""},"categories":[21],"tags":[281,10,131,12],"class_list":{"0":"post-1139","1":"post","2":"type-post","3":"status-publish","4":"format-standard","5":"has-post-thumbnail","7":"category-baixo-mino","8":"tag-ana-ponton","9":"tag-bng","10":"tag-concello-do-rosal","11":"tag-politica"},"yoast_head":"<!-- This site is optimized with the Yoast SEO plugin v27.4 - https:\/\/yoast.com\/product\/yoast-seo-wordpress\/ -->\n<title>Pont\u00f3n cualifica de \u201cdantesco\u201d que PP e PSOE \u201cpor estratexia partidaria\u201d po\u00f1an en risco recursos para servizos b\u00e1sicos -<\/title>\n<meta name=\"robots\" content=\"index, follow, max-snippet:-1, max-image-preview:large, max-video-preview:-1\" \/>\n<link rel=\"canonical\" href=\"https:\/\/www.anovapeneira.gal\/index.php\/2019\/09\/02\/ponton-cualifica-de-dantesco-que-pp-e-psoe-por-estratexia-partidaria-ponan-en-risco-recursos-para-servizos-basicos\/\" \/>\n<meta property=\"og:locale\" content=\"gl_ES\" \/>\n<meta property=\"og:type\" content=\"article\" \/>\n<meta property=\"og:title\" content=\"Pont\u00f3n cualifica de \u201cdantesco\u201d que PP e PSOE \u201cpor estratexia partidaria\u201d po\u00f1an en risco recursos para servizos b\u00e1sicos -\" \/>\n<meta property=\"og:description\" content=\"Reta a Feix\u00f3o a presentar o recurso xudicial para que o estado pague a d\u00e9beda que sit\u00faa en 3.000 M\u20ac [...]\" \/>\n<meta property=\"og:url\" content=\"https:\/\/www.anovapeneira.gal\/index.php\/2019\/09\/02\/ponton-cualifica-de-dantesco-que-pp-e-psoe-por-estratexia-partidaria-ponan-en-risco-recursos-para-servizos-basicos\/\" \/>\n<meta property=\"article:publisher\" content=\"https:\/\/www.facebook.com\/anovapeneira\" \/>\n<meta property=\"article:published_time\" content=\"2019-09-02T12:00:26+00:00\" \/>\n<meta property=\"og:image\" content=\"https:\/\/www.anovapeneira.gal\/wp-content\/uploads\/2019\/07\/ana_ponton_bng_a_nova_peneira.jpg\" \/>\n\t<meta property=\"og:image:width\" content=\"720\" \/>\n\t<meta property=\"og:image:height\" content=\"473\" \/>\n\t<meta property=\"og:image:type\" content=\"image\/jpeg\" \/>\n<meta name=\"author\" content=\"Redacci\u00f3n A Nova Peneira\" \/>\n<meta name=\"twitter:card\" content=\"summary_large_image\" \/>\n<meta name=\"twitter:creator\" content=\"@APeneira\" \/>\n<meta name=\"twitter:site\" content=\"@APeneira\" \/>\n<meta name=\"twitter:label1\" content=\"Escrito por\" \/>\n\t<meta name=\"twitter:data1\" content=\"Redacci\u00f3n A Nova Peneira\" \/>\n\t<meta name=\"twitter:label2\" content=\"Tempo de lectura\" \/>\n\t<meta name=\"twitter:data2\" content=\"3 minutos\" \/>\n<script type=\"application\/ld+json\" class=\"yoast-schema-graph\">{\"@context\":\"https:\\\/\\\/schema.org\",\"@graph\":[{\"@type\":\"Article\",\"@id\":\"https:\\\/\\\/www.anovapeneira.gal\\\/index.php\\\/2019\\\/09\\\/02\\\/ponton-cualifica-de-dantesco-que-pp-e-psoe-por-estratexia-partidaria-ponan-en-risco-recursos-para-servizos-basicos\\\/#article\",\"isPartOf\":{\"@id\":\"https:\\\/\\\/www.anovapeneira.gal\\\/index.php\\\/2019\\\/09\\\/02\\\/ponton-cualifica-de-dantesco-que-pp-e-psoe-por-estratexia-partidaria-ponan-en-risco-recursos-para-servizos-basicos\\\/\"},\"author\":{\"name\":\"Redacci\u00f3n A Nova Peneira\",\"@id\":\"https:\\\/\\\/www.anovapeneira.gal\\\/#\\\/schema\\\/person\\\/b93e3f8932e3f8da96334607eb6ac6aa\"},\"headline\":\"Pont\u00f3n cualifica de \u201cdantesco\u201d que PP e PSOE \u201cpor estratexia partidaria\u201d po\u00f1an en risco recursos para servizos b\u00e1sicos\",\"datePublished\":\"2019-09-02T12:00:26+00:00\",\"mainEntityOfPage\":{\"@id\":\"https:\\\/\\\/www.anovapeneira.gal\\\/index.php\\\/2019\\\/09\\\/02\\\/ponton-cualifica-de-dantesco-que-pp-e-psoe-por-estratexia-partidaria-ponan-en-risco-recursos-para-servizos-basicos\\\/\"},\"wordCount\":625,\"commentCount\":0,\"publisher\":{\"@id\":\"https:\\\/\\\/www.anovapeneira.gal\\\/#organization\"},\"image\":{\"@id\":\"https:\\\/\\\/www.anovapeneira.gal\\\/index.php\\\/2019\\\/09\\\/02\\\/ponton-cualifica-de-dantesco-que-pp-e-psoe-por-estratexia-partidaria-ponan-en-risco-recursos-para-servizos-basicos\\\/#primaryimage\"},\"thumbnailUrl\":\"https:\\\/\\\/www.anovapeneira.gal\\\/wp-content\\\/uploads\\\/2019\\\/07\\\/ana_ponton_bng_a_nova_peneira.jpg\",\"keywords\":[\"Ana Pont\u00f3n\",\"BNG\",\"Concello do Rosal\",\"Pol\u00edtica\"],\"articleSection\":[\"Baixo Mi\u00f1o\"],\"inLanguage\":\"gl-ES\",\"potentialAction\":[{\"@type\":\"CommentAction\",\"name\":\"Comment\",\"target\":[\"https:\\\/\\\/www.anovapeneira.gal\\\/index.php\\\/2019\\\/09\\\/02\\\/ponton-cualifica-de-dantesco-que-pp-e-psoe-por-estratexia-partidaria-ponan-en-risco-recursos-para-servizos-basicos\\\/#respond\"]}]},{\"@type\":\"WebPage\",\"@id\":\"https:\\\/\\\/www.anovapeneira.gal\\\/index.php\\\/2019\\\/09\\\/02\\\/ponton-cualifica-de-dantesco-que-pp-e-psoe-por-estratexia-partidaria-ponan-en-risco-recursos-para-servizos-basicos\\\/\",\"url\":\"https:\\\/\\\/www.anovapeneira.gal\\\/index.php\\\/2019\\\/09\\\/02\\\/ponton-cualifica-de-dantesco-que-pp-e-psoe-por-estratexia-partidaria-ponan-en-risco-recursos-para-servizos-basicos\\\/\",\"name\":\"Pont\u00f3n cualifica de \u201cdantesco\u201d que PP e PSOE \u201cpor estratexia partidaria\u201d po\u00f1an en risco recursos para servizos b\u00e1sicos -\",\"isPartOf\":{\"@id\":\"https:\\\/\\\/www.anovapeneira.gal\\\/#website\"},\"primaryImageOfPage\":{\"@id\":\"https:\\\/\\\/www.anovapeneira.gal\\\/index.php\\\/2019\\\/09\\\/02\\\/ponton-cualifica-de-dantesco-que-pp-e-psoe-por-estratexia-partidaria-ponan-en-risco-recursos-para-servizos-basicos\\\/#primaryimage\"},\"image\":{\"@id\":\"https:\\\/\\\/www.anovapeneira.gal\\\/index.php\\\/2019\\\/09\\\/02\\\/ponton-cualifica-de-dantesco-que-pp-e-psoe-por-estratexia-partidaria-ponan-en-risco-recursos-para-servizos-basicos\\\/#primaryimage\"},\"thumbnailUrl\":\"https:\\\/\\\/www.anovapeneira.gal\\\/wp-content\\\/uploads\\\/2019\\\/07\\\/ana_ponton_bng_a_nova_peneira.jpg\",\"datePublished\":\"2019-09-02T12:00:26+00:00\",\"breadcrumb\":{\"@id\":\"https:\\\/\\\/www.anovapeneira.gal\\\/index.php\\\/2019\\\/09\\\/02\\\/ponton-cualifica-de-dantesco-que-pp-e-psoe-por-estratexia-partidaria-ponan-en-risco-recursos-para-servizos-basicos\\\/#breadcrumb\"},\"inLanguage\":\"gl-ES\",\"potentialAction\":[{\"@type\":\"ReadAction\",\"target\":[\"https:\\\/\\\/www.anovapeneira.gal\\\/index.php\\\/2019\\\/09\\\/02\\\/ponton-cualifica-de-dantesco-que-pp-e-psoe-por-estratexia-partidaria-ponan-en-risco-recursos-para-servizos-basicos\\\/\"]}]},{\"@type\":\"ImageObject\",\"inLanguage\":\"gl-ES\",\"@id\":\"https:\\\/\\\/www.anovapeneira.gal\\\/index.php\\\/2019\\\/09\\\/02\\\/ponton-cualifica-de-dantesco-que-pp-e-psoe-por-estratexia-partidaria-ponan-en-risco-recursos-para-servizos-basicos\\\/#primaryimage\",\"url\":\"https:\\\/\\\/www.anovapeneira.gal\\\/wp-content\\\/uploads\\\/2019\\\/07\\\/ana_ponton_bng_a_nova_peneira.jpg\",\"contentUrl\":\"https:\\\/\\\/www.anovapeneira.gal\\\/wp-content\\\/uploads\\\/2019\\\/07\\\/ana_ponton_bng_a_nova_peneira.jpg\",\"width\":720,\"height\":473,\"caption\":\"Ana Pont\u00f3n BNG A Nova Peneira\"},{\"@type\":\"BreadcrumbList\",\"@id\":\"https:\\\/\\\/www.anovapeneira.gal\\\/index.php\\\/2019\\\/09\\\/02\\\/ponton-cualifica-de-dantesco-que-pp-e-psoe-por-estratexia-partidaria-ponan-en-risco-recursos-para-servizos-basicos\\\/#breadcrumb\",\"itemListElement\":[{\"@type\":\"ListItem\",\"position\":1,\"name\":\"Portada\",\"item\":\"https:\\\/\\\/www.anovapeneira.gal\\\/\"},{\"@type\":\"ListItem\",\"position\":2,\"name\":\"Pont\u00f3n cualifica de \u201cdantesco\u201d que PP e PSOE \u201cpor estratexia partidaria\u201d po\u00f1an en risco recursos para servizos b\u00e1sicos\"}]},{\"@type\":\"WebSite\",\"@id\":\"https:\\\/\\\/www.anovapeneira.gal\\\/#website\",\"url\":\"https:\\\/\\\/www.anovapeneira.gal\\\/\",\"name\":\"\",\"description\":\"Xornal galego de informaci\u00f3n xeral Publicaci\u00f3n mensual de novas de Galicia e en especial dos Concellos da sur da provincia de Pontevedra.\",\"publisher\":{\"@id\":\"https:\\\/\\\/www.anovapeneira.gal\\\/#organization\"},\"potentialAction\":[{\"@type\":\"SearchAction\",\"target\":{\"@type\":\"EntryPoint\",\"urlTemplate\":\"https:\\\/\\\/www.anovapeneira.gal\\\/?s={search_term_string}\"},\"query-input\":{\"@type\":\"PropertyValueSpecification\",\"valueRequired\":true,\"valueName\":\"search_term_string\"}}],\"inLanguage\":\"gl-ES\"},{\"@type\":\"Organization\",\"@id\":\"https:\\\/\\\/www.anovapeneira.gal\\\/#organization\",\"name\":\"A Nova Peneira\",\"url\":\"https:\\\/\\\/www.anovapeneira.gal\\\/\",\"logo\":{\"@type\":\"ImageObject\",\"inLanguage\":\"gl-ES\",\"@id\":\"https:\\\/\\\/www.anovapeneira.gal\\\/#\\\/schema\\\/logo\\\/image\\\/\",\"url\":\"http:\\\/\\\/www.anovapeneira.gal\\\/wp-content\\\/uploads\\\/2019\\\/06\\\/logo_a_nova_peneira_portal_web.png\",\"contentUrl\":\"http:\\\/\\\/www.anovapeneira.gal\\\/wp-content\\\/uploads\\\/2019\\\/06\\\/logo_a_nova_peneira_portal_web.png\",\"width\":300,\"height\":100,\"caption\":\"A Nova Peneira\"},\"image\":{\"@id\":\"https:\\\/\\\/www.anovapeneira.gal\\\/#\\\/schema\\\/logo\\\/image\\\/\"},\"sameAs\":[\"https:\\\/\\\/www.facebook.com\\\/anovapeneira\",\"https:\\\/\\\/x.com\\\/APeneira\"]},{\"@type\":\"Person\",\"@id\":\"https:\\\/\\\/www.anovapeneira.gal\\\/#\\\/schema\\\/person\\\/b93e3f8932e3f8da96334607eb6ac6aa\",\"name\":\"Redacci\u00f3n A Nova Peneira\",\"image\":{\"@type\":\"ImageObject\",\"inLanguage\":\"gl-ES\",\"@id\":\"https:\\\/\\\/secure.gravatar.com\\\/avatar\\\/c052a2551a06e23fac63626232eaa90abd78dbcf1700fc46a2b2c89fd27b735f?s=96&d=mm&r=g\",\"url\":\"https:\\\/\\\/secure.gravatar.com\\\/avatar\\\/c052a2551a06e23fac63626232eaa90abd78dbcf1700fc46a2b2c89fd27b735f?s=96&d=mm&r=g\",\"contentUrl\":\"https:\\\/\\\/secure.gravatar.com\\\/avatar\\\/c052a2551a06e23fac63626232eaa90abd78dbcf1700fc46a2b2c89fd27b735f?s=96&d=mm&r=g\",\"caption\":\"Redacci\u00f3n A Nova Peneira\"},\"sameAs\":[\"http:\\\/\\\/www.anovapeneira.gal\\\/\"],\"url\":\"https:\\\/\\\/www.anovapeneira.gal\\\/index.php\\\/author\\\/redactor\\\/\"}]}<\/script>\n<!-- \/ Yoast SEO plugin. -->","yoast_head_json":{"title":"Pont\u00f3n cualifica de \u201cdantesco\u201d que PP e PSOE \u201cpor estratexia partidaria\u201d po\u00f1an en risco recursos para servizos b\u00e1sicos -","robots":{"index":"index","follow":"follow","max-snippet":"max-snippet:-1","max-image-preview":"max-image-preview:large","max-video-preview":"max-video-preview:-1"},"canonical":"https:\/\/www.anovapeneira.gal\/index.php\/2019\/09\/02\/ponton-cualifica-de-dantesco-que-pp-e-psoe-por-estratexia-partidaria-ponan-en-risco-recursos-para-servizos-basicos\/","og_locale":"gl_ES","og_type":"article","og_title":"Pont\u00f3n cualifica de \u201cdantesco\u201d que PP e PSOE \u201cpor estratexia partidaria\u201d po\u00f1an en risco recursos para servizos b\u00e1sicos -","og_description":"Reta a Feix\u00f3o a presentar o recurso xudicial para que o estado pague a d\u00e9beda que sit\u00faa en 3.000 M\u20ac [...]","og_url":"https:\/\/www.anovapeneira.gal\/index.php\/2019\/09\/02\/ponton-cualifica-de-dantesco-que-pp-e-psoe-por-estratexia-partidaria-ponan-en-risco-recursos-para-servizos-basicos\/","article_publisher":"https:\/\/www.facebook.com\/anovapeneira","article_published_time":"2019-09-02T12:00:26+00:00","og_image":[{"width":720,"height":473,"url":"https:\/\/www.anovapeneira.gal\/wp-content\/uploads\/2019\/07\/ana_ponton_bng_a_nova_peneira.jpg","type":"image\/jpeg"}],"author":"Redacci\u00f3n A Nova Peneira","twitter_card":"summary_large_image","twitter_creator":"@APeneira","twitter_site":"@APeneira","twitter_misc":{"Escrito por":"Redacci\u00f3n A Nova Peneira","Tempo de lectura":"3 minutos"},"schema":{"@context":"https:\/\/schema.org","@graph":[{"@type":"Article","@id":"https:\/\/www.anovapeneira.gal\/index.php\/2019\/09\/02\/ponton-cualifica-de-dantesco-que-pp-e-psoe-por-estratexia-partidaria-ponan-en-risco-recursos-para-servizos-basicos\/#article","isPartOf":{"@id":"https:\/\/www.anovapeneira.gal\/index.php\/2019\/09\/02\/ponton-cualifica-de-dantesco-que-pp-e-psoe-por-estratexia-partidaria-ponan-en-risco-recursos-para-servizos-basicos\/"},"author":{"name":"Redacci\u00f3n A Nova Peneira","@id":"https:\/\/www.anovapeneira.gal\/#\/schema\/person\/b93e3f8932e3f8da96334607eb6ac6aa"},"headline":"Pont\u00f3n cualifica de \u201cdantesco\u201d que PP e PSOE \u201cpor estratexia partidaria\u201d po\u00f1an en risco recursos para servizos b\u00e1sicos","datePublished":"2019-09-02T12:00:26+00:00","mainEntityOfPage":{"@id":"https:\/\/www.anovapeneira.gal\/index.php\/2019\/09\/02\/ponton-cualifica-de-dantesco-que-pp-e-psoe-por-estratexia-partidaria-ponan-en-risco-recursos-para-servizos-basicos\/"},"wordCount":625,"commentCount":0,"publisher":{"@id":"https:\/\/www.anovapeneira.gal\/#organization"},"image":{"@id":"https:\/\/www.anovapeneira.gal\/index.php\/2019\/09\/02\/ponton-cualifica-de-dantesco-que-pp-e-psoe-por-estratexia-partidaria-ponan-en-risco-recursos-para-servizos-basicos\/#primaryimage"},"thumbnailUrl":"https:\/\/www.anovapeneira.gal\/wp-content\/uploads\/2019\/07\/ana_ponton_bng_a_nova_peneira.jpg","keywords":["Ana Pont\u00f3n","BNG","Concello do Rosal","Pol\u00edtica"],"articleSection":["Baixo Mi\u00f1o"],"inLanguage":"gl-ES","potentialAction":[{"@type":"CommentAction","name":"Comment","target":["https:\/\/www.anovapeneira.gal\/index.php\/2019\/09\/02\/ponton-cualifica-de-dantesco-que-pp-e-psoe-por-estratexia-partidaria-ponan-en-risco-recursos-para-servizos-basicos\/#respond"]}]},{"@type":"WebPage","@id":"https:\/\/www.anovapeneira.gal\/index.php\/2019\/09\/02\/ponton-cualifica-de-dantesco-que-pp-e-psoe-por-estratexia-partidaria-ponan-en-risco-recursos-para-servizos-basicos\/","url":"https:\/\/www.anovapeneira.gal\/index.php\/2019\/09\/02\/ponton-cualifica-de-dantesco-que-pp-e-psoe-por-estratexia-partidaria-ponan-en-risco-recursos-para-servizos-basicos\/","name":"Pont\u00f3n cualifica de \u201cdantesco\u201d que PP e PSOE \u201cpor estratexia partidaria\u201d po\u00f1an en risco recursos para servizos b\u00e1sicos -","isPartOf":{"@id":"https:\/\/www.anovapeneira.gal\/#website"},"primaryImageOfPage":{"@id":"https:\/\/www.anovapeneira.gal\/index.php\/2019\/09\/02\/ponton-cualifica-de-dantesco-que-pp-e-psoe-por-estratexia-partidaria-ponan-en-risco-recursos-para-servizos-basicos\/#primaryimage"},"image":{"@id":"https:\/\/www.anovapeneira.gal\/index.php\/2019\/09\/02\/ponton-cualifica-de-dantesco-que-pp-e-psoe-por-estratexia-partidaria-ponan-en-risco-recursos-para-servizos-basicos\/#primaryimage"},"thumbnailUrl":"https:\/\/www.anovapeneira.gal\/wp-content\/uploads\/2019\/07\/ana_ponton_bng_a_nova_peneira.jpg","datePublished":"2019-09-02T12:00:26+00:00","breadcrumb":{"@id":"https:\/\/www.anovapeneira.gal\/index.php\/2019\/09\/02\/ponton-cualifica-de-dantesco-que-pp-e-psoe-por-estratexia-partidaria-ponan-en-risco-recursos-para-servizos-basicos\/#breadcrumb"},"inLanguage":"gl-ES","potentialAction":[{"@type":"ReadAction","target":["https:\/\/www.anovapeneira.gal\/index.php\/2019\/09\/02\/ponton-cualifica-de-dantesco-que-pp-e-psoe-por-estratexia-partidaria-ponan-en-risco-recursos-para-servizos-basicos\/"]}]},{"@type":"ImageObject","inLanguage":"gl-ES","@id":"https:\/\/www.anovapeneira.gal\/index.php\/2019\/09\/02\/ponton-cualifica-de-dantesco-que-pp-e-psoe-por-estratexia-partidaria-ponan-en-risco-recursos-para-servizos-basicos\/#primaryimage","url":"https:\/\/www.anovapeneira.gal\/wp-content\/uploads\/2019\/07\/ana_ponton_bng_a_nova_peneira.jpg","contentUrl":"https:\/\/www.anovapeneira.gal\/wp-content\/uploads\/2019\/07\/ana_ponton_bng_a_nova_peneira.jpg","width":720,"height":473,"caption":"Ana Pont\u00f3n BNG A Nova Peneira"},{"@type":"BreadcrumbList","@id":"https:\/\/www.anovapeneira.gal\/index.php\/2019\/09\/02\/ponton-cualifica-de-dantesco-que-pp-e-psoe-por-estratexia-partidaria-ponan-en-risco-recursos-para-servizos-basicos\/#breadcrumb","itemListElement":[{"@type":"ListItem","position":1,"name":"Portada","item":"https:\/\/www.anovapeneira.gal\/"},{"@type":"ListItem","position":2,"name":"Pont\u00f3n cualifica de \u201cdantesco\u201d que PP e PSOE \u201cpor estratexia partidaria\u201d po\u00f1an en risco recursos para servizos b\u00e1sicos"}]},{"@type":"WebSite","@id":"https:\/\/www.anovapeneira.gal\/#website","url":"https:\/\/www.anovapeneira.gal\/","name":"","description":"Xornal galego de informaci\u00f3n xeral Publicaci\u00f3n mensual de novas de Galicia e en especial dos Concellos da sur da provincia de Pontevedra.","publisher":{"@id":"https:\/\/www.anovapeneira.gal\/#organization"},"potentialAction":[{"@type":"SearchAction","target":{"@type":"EntryPoint","urlTemplate":"https:\/\/www.anovapeneira.gal\/?s={search_term_string}"},"query-input":{"@type":"PropertyValueSpecification","valueRequired":true,"valueName":"search_term_string"}}],"inLanguage":"gl-ES"},{"@type":"Organization","@id":"https:\/\/www.anovapeneira.gal\/#organization","name":"A Nova Peneira","url":"https:\/\/www.anovapeneira.gal\/","logo":{"@type":"ImageObject","inLanguage":"gl-ES","@id":"https:\/\/www.anovapeneira.gal\/#\/schema\/logo\/image\/","url":"http:\/\/www.anovapeneira.gal\/wp-content\/uploads\/2019\/06\/logo_a_nova_peneira_portal_web.png","contentUrl":"http:\/\/www.anovapeneira.gal\/wp-content\/uploads\/2019\/06\/logo_a_nova_peneira_portal_web.png","width":300,"height":100,"caption":"A Nova Peneira"},"image":{"@id":"https:\/\/www.anovapeneira.gal\/#\/schema\/logo\/image\/"},"sameAs":["https:\/\/www.facebook.com\/anovapeneira","https:\/\/x.com\/APeneira"]},{"@type":"Person","@id":"https:\/\/www.anovapeneira.gal\/#\/schema\/person\/b93e3f8932e3f8da96334607eb6ac6aa","name":"Redacci\u00f3n A Nova Peneira","image":{"@type":"ImageObject","inLanguage":"gl-ES","@id":"https:\/\/secure.gravatar.com\/avatar\/c052a2551a06e23fac63626232eaa90abd78dbcf1700fc46a2b2c89fd27b735f?s=96&d=mm&r=g","url":"https:\/\/secure.gravatar.com\/avatar\/c052a2551a06e23fac63626232eaa90abd78dbcf1700fc46a2b2c89fd27b735f?s=96&d=mm&r=g","contentUrl":"https:\/\/secure.gravatar.com\/avatar\/c052a2551a06e23fac63626232eaa90abd78dbcf1700fc46a2b2c89fd27b735f?s=96&d=mm&r=g","caption":"Redacci\u00f3n A Nova Peneira"},"sameAs":["http:\/\/www.anovapeneira.gal\/"],"url":"https:\/\/www.anovapeneira.gal\/index.php\/author\/redactor\/"}]}},"jetpack_featured_media_url":"https:\/\/www.anovapeneira.gal\/wp-content\/uploads\/2019\/07\/ana_ponton_bng_a_nova_peneira.jpg","_links":{"self":[{"href":"https:\/\/www.anovapeneira.gal\/index.php\/wp-json\/wp\/v2\/posts\/1139","targetHints":{"allow":["GET"]}}],"collection":[{"href":"https:\/\/www.anovapeneira.gal\/index.php\/wp-json\/wp\/v2\/posts"}],"about":[{"href":"https:\/\/www.anovapeneira.gal\/index.php\/wp-json\/wp\/v2\/types\/post"}],"author":[{"embeddable":true,"href":"https:\/\/www.anovapeneira.gal\/index.php\/wp-json\/wp\/v2\/users\/3"}],"replies":[{"embeddable":true,"href":"https:\/\/www.anovapeneira.gal\/index.php\/wp-json\/wp\/v2\/comments?post=1139"}],"version-history":[{"count":1,"href":"https:\/\/www.anovapeneira.gal\/index.php\/wp-json\/wp\/v2\/posts\/1139\/revisions"}],"predecessor-version":[{"id":1140,"href":"https:\/\/www.anovapeneira.gal\/index.php\/wp-json\/wp\/v2\/posts\/1139\/revisions\/1140"}],"wp:featuredmedia":[{"embeddable":true,"href":"https:\/\/www.anovapeneira.gal\/index.php\/wp-json\/wp\/v2\/media\/631"}],"wp:attachment":[{"href":"https:\/\/www.anovapeneira.gal\/index.php\/wp-json\/wp\/v2\/media?parent=1139"}],"wp:term":[{"taxonomy":"category","embeddable":true,"href":"https:\/\/www.anovapeneira.gal\/index.php\/wp-json\/wp\/v2\/categories?post=1139"},{"taxonomy":"post_tag","embeddable":true,"href":"https:\/\/www.anovapeneira.gal\/index.php\/wp-json\/wp\/v2\/tags?post=1139"}],"curies":[{"name":"wp","href":"https:\/\/api.w.org\/{rel}","templated":true}]}}