{"id":11396,"date":"2024-03-11T12:00:30","date_gmt":"2024-03-11T11:00:30","guid":{"rendered":"https:\/\/www.anovapeneira.gal\/?p=11396"},"modified":"2024-03-09T17:15:03","modified_gmt":"2024-03-09T16:15:03","slug":"o-concello-de-redondela-amplia-a-case-320-000-euros-as-subvencions-nominativas-a-asociacions-e-entidades","status":"publish","type":"post","link":"https:\/\/www.anovapeneira.gal\/index.php\/2024\/03\/11\/o-concello-de-redondela-amplia-a-case-320-000-euros-as-subvencions-nominativas-a-asociacions-e-entidades\/","title":{"rendered":"O Concello de Redondela ampl\u00eda a case 320.000 euros as subvenci\u00f3ns nominativas a asociaci\u00f3ns e entidades"},"content":{"rendered":"\n<h2 class=\"wp-block-heading\"><em>Un total de 21 colectivos e asociaci\u00f3ns recibir\u00e1n este ano un total de 319.500 euros en concepto de subvenci\u00f3ns nominativas, son 71.500 euros m\u00e1is que o ano pasado.<\/em><\/h2>\n\n\n\n<p><em>-\u00c1s 18 entidades que xa recib\u00edan este tipo de axudas s\u00famanse tres m\u00e1is: a Asociaci\u00f3n Cultural e Deportiva de Rande, a Fundaci\u00f3n \u00c9rguete e o CCD Cesantes para a s\u00faa Bandeira Feminina.<\/em><\/p>\n\n\n\n<p><em>-A alcaldesa, Digna Rivas, sinala que \u00e9 un compromiso do seu goberno \u201capoiar a labor altru\u00edsta que realizan os diferentes colectivos en beneficio da veci\u00f1anza redondel\u00e1 en \u00e1mbitos como o social, o cultural ou o deportivo\u201d.<\/em><\/p>\n\n\n\n<p><em>-O acordo adoptouse no pleno da pasada semana cos votos a favor de todos os grupos pol\u00edticos da corporaci\u00f3n ag\u00e1s a abstenci\u00f3n do PP.<\/em><\/p>\n\n\n\n<p><strong>Redondela, 4 de marzo de 2024. <\/strong><\/p>\n\n\n\n<p>O pleno da corporaci\u00f3n celebrado a pasada semana aprobou a proposta da Alcald\u00eda para incrementar dos 248.000 aos 319.000 euros as subvenci\u00f3ns nominativas anuais para un total de 21 asociaci\u00f3ns e colectivos. Na relaci\u00f3n de entidades beneficiarias hai tres novas, que son a Asociaci\u00f3n Cultural e Deportiva de Rande pola celebraci\u00f3n da Batalla de Rande (22.000 euros), a Fundaci\u00f3n \u00c9rguete (10.500 euros) e o CCD Cesantes pola organizaci\u00f3n da Bandeira Feminina Cesantes (9.000 euros) . Outros nove colectivos incrementan a subvenci\u00f3n recibida con respecto ao ao pasado. \u00c9 o caso da Asociaci\u00f3n Espa\u00f1ola Contra o Cancro (que pasa de 4.000 a 6.000 euros), a Asociaci\u00f3n Lenda (que ve incrementada a subvenci\u00f3n dos 15.000 aos 20.000 euros), Asociaci\u00f3n Andaina (pasa de 18.000 a 20.000 euros), AFAGA Alhzeimer (aumenta de 15.000 a 18.000 euros), Millo Verde (incrementa a axuda de 18.000 a 20.000 euros), ACS Chapela Escola de M\u00fasica (pasa de 36.000 a 39.000 euros), a Asociaci\u00f3n Xente Titiriteira (aumenta a subvenci\u00f3n de 56.000 a 59.000 euros), a Confrar\u00eda de Pescadores San Xo\u00e1n (pasa de 5.000 a 10.000 euros) e a Asociaci\u00f3n de Empresarios de Redondela (pasa dos 10.000 aos 15.000 euros).<\/p>\n\n\n\n<p>Para o presente ano outras nove asociaci\u00f3ns mante\u00f1en a mesma cantidade de subvenci\u00f3n que no exercicio anterior: C\u00e1ritas (20.000 euros), Fundaci\u00f3n Santa Cruz (3.000 euros), Solidariedade Galega co Pobo Saharau\u00ed (4.000 euros), ONG Da Man (2.500 euros), Fundaci\u00f3n Amigos de Galicia (6.000 euros), CCD Cesantes Bandeira Redondela (12.000 euros), CCD Cesantes Bandeira de Bateis (2.500 euros) CR Chapela Bandeira Feminina Chapela (9.000 euros) e CR Chapela Bandeira Masculina Chapela (12.000 euros).<\/p>\n\n\n\n<p>A alcaldesa, Digna Rivas, sinala que \u00e9 un compromiso do seu goberno \u201capoiar a labor altru\u00edsta que est\u00e1n a realizar as diferentes asociaci\u00f3ns e entidades en beneficio da veci\u00f1anza redondel\u00e1 en \u00e1mbitos como o social, o cultural ou o deportivo\u201d. A proposta da Alcald\u00eda aprobouse no pleno da pasada semana cos votos a favor do PSdG, BNG e AER e a abstenci\u00f3n do PP.<\/p>\n","protected":false},"excerpt":{"rendered":"<div class=\"mh-excerpt\"><p>Un total de 21 colectivos e asociaci\u00f3ns recibir\u00e1n este ano un total de 319.500 euros en concepto de subvenci\u00f3ns nominativas, son 71.500 euros m\u00e1is que o ano pasado <a class=\"mh-excerpt-more\" href=\"https:\/\/www.anovapeneira.gal\/index.php\/2024\/03\/11\/o-concello-de-redondela-amplia-a-case-320-000-euros-as-subvencions-nominativas-a-asociacions-e-entidades\/\" title=\"O Concello de Redondela ampl\u00eda a case 320.000 euros as subvenci\u00f3ns nominativas a asociaci\u00f3ns e entidades\">[&#8230;]<\/a><\/p>\n<\/div>","protected":false},"author":3,"featured_media":11401,"comment_status":"open","ping_status":"open","sticky":false,"template":"","format":"standard","meta":{"_exactmetrics_skip_tracking":false,"_exactmetrics_sitenote_active":false,"_exactmetrics_sitenote_note":"","_exactmetrics_sitenote_category":0,"footnotes":""},"categories":[24],"tags":[171],"class_list":{"0":"post-11396","1":"post","2":"type-post","3":"status-publish","4":"format-standard","5":"has-post-thumbnail","7":"category-redondela","8":"tag-concello-de-redondela"},"yoast_head":"<!-- This site is optimized with the Yoast SEO plugin v27.4 - https:\/\/yoast.com\/product\/yoast-seo-wordpress\/ -->\n<title>O Concello de Redondela ampl\u00eda a case 320.000 euros as subvenci\u00f3ns nominativas a asociaci\u00f3ns e entidades -<\/title>\n<meta name=\"description\" content=\"Un total de 21 colectivos e asociaci\u00f3ns recibir\u00e1n este ano un total de 319.500 euros en concepto de subvenci\u00f3ns nominativas, son 71.500 euros m\u00e1is que o ano pasado\" \/>\n<meta name=\"robots\" content=\"index, follow, max-snippet:-1, max-image-preview:large, max-video-preview:-1\" \/>\n<link rel=\"canonical\" href=\"https:\/\/www.anovapeneira.gal\/index.php\/2024\/03\/11\/o-concello-de-redondela-amplia-a-case-320-000-euros-as-subvencions-nominativas-a-asociacions-e-entidades\/\" \/>\n<meta property=\"og:locale\" content=\"gl_ES\" \/>\n<meta property=\"og:type\" content=\"article\" \/>\n<meta property=\"og:title\" content=\"O Concello de Redondela ampl\u00eda a case 320.000 euros as subvenci\u00f3ns nominativas a asociaci\u00f3ns e entidades -\" \/>\n<meta property=\"og:description\" content=\"Un total de 21 colectivos e asociaci\u00f3ns recibir\u00e1n este ano un total de 319.500 euros en concepto de subvenci\u00f3ns nominativas, son 71.500 euros m\u00e1is que o ano pasado\" \/>\n<meta property=\"og:url\" content=\"https:\/\/www.anovapeneira.gal\/index.php\/2024\/03\/11\/o-concello-de-redondela-amplia-a-case-320-000-euros-as-subvencions-nominativas-a-asociacions-e-entidades\/\" \/>\n<meta property=\"article:publisher\" content=\"https:\/\/www.facebook.com\/anovapeneira\" \/>\n<meta property=\"article:published_time\" content=\"2024-03-11T11:00:30+00:00\" \/>\n<meta property=\"og:image\" content=\"https:\/\/www.anovapeneira.gal\/wp-content\/uploads\/2024\/03\/Batalla-de-Rande.jpg\" \/>\n\t<meta property=\"og:image:width\" content=\"720\" \/>\n\t<meta property=\"og:image:height\" content=\"432\" \/>\n\t<meta property=\"og:image:type\" content=\"image\/jpeg\" \/>\n<meta name=\"author\" content=\"Redacci\u00f3n A Nova Peneira\" \/>\n<meta name=\"twitter:card\" content=\"summary_large_image\" \/>\n<meta name=\"twitter:creator\" content=\"@APeneira\" \/>\n<meta name=\"twitter:site\" content=\"@APeneira\" \/>\n<meta name=\"twitter:label1\" content=\"Escrito por\" \/>\n\t<meta name=\"twitter:data1\" content=\"Redacci\u00f3n A Nova Peneira\" \/>\n\t<meta name=\"twitter:label2\" content=\"Tempo de lectura\" \/>\n\t<meta name=\"twitter:data2\" content=\"3 minutos\" \/>\n<script type=\"application\/ld+json\" class=\"yoast-schema-graph\">{\"@context\":\"https:\\\/\\\/schema.org\",\"@graph\":[{\"@type\":\"Article\",\"@id\":\"https:\\\/\\\/www.anovapeneira.gal\\\/index.php\\\/2024\\\/03\\\/11\\\/o-concello-de-redondela-amplia-a-case-320-000-euros-as-subvencions-nominativas-a-asociacions-e-entidades\\\/#article\",\"isPartOf\":{\"@id\":\"https:\\\/\\\/www.anovapeneira.gal\\\/index.php\\\/2024\\\/03\\\/11\\\/o-concello-de-redondela-amplia-a-case-320-000-euros-as-subvencions-nominativas-a-asociacions-e-entidades\\\/\"},\"author\":{\"name\":\"Redacci\u00f3n A Nova Peneira\",\"@id\":\"https:\\\/\\\/www.anovapeneira.gal\\\/#\\\/schema\\\/person\\\/b93e3f8932e3f8da96334607eb6ac6aa\"},\"headline\":\"O Concello de Redondela ampl\u00eda a case 320.000 euros as subvenci\u00f3ns nominativas a asociaci\u00f3ns e entidades\",\"datePublished\":\"2024-03-11T11:00:30+00:00\",\"mainEntityOfPage\":{\"@id\":\"https:\\\/\\\/www.anovapeneira.gal\\\/index.php\\\/2024\\\/03\\\/11\\\/o-concello-de-redondela-amplia-a-case-320-000-euros-as-subvencions-nominativas-a-asociacions-e-entidades\\\/\"},\"wordCount\":476,\"commentCount\":0,\"publisher\":{\"@id\":\"https:\\\/\\\/www.anovapeneira.gal\\\/#organization\"},\"image\":{\"@id\":\"https:\\\/\\\/www.anovapeneira.gal\\\/index.php\\\/2024\\\/03\\\/11\\\/o-concello-de-redondela-amplia-a-case-320-000-euros-as-subvencions-nominativas-a-asociacions-e-entidades\\\/#primaryimage\"},\"thumbnailUrl\":\"https:\\\/\\\/www.anovapeneira.gal\\\/wp-content\\\/uploads\\\/2024\\\/03\\\/Batalla-de-Rande.jpg\",\"keywords\":[\"Concello de Redondela\"],\"articleSection\":[\"Redondela\"],\"inLanguage\":\"gl-ES\",\"potentialAction\":[{\"@type\":\"CommentAction\",\"name\":\"Comment\",\"target\":[\"https:\\\/\\\/www.anovapeneira.gal\\\/index.php\\\/2024\\\/03\\\/11\\\/o-concello-de-redondela-amplia-a-case-320-000-euros-as-subvencions-nominativas-a-asociacions-e-entidades\\\/#respond\"]}]},{\"@type\":\"WebPage\",\"@id\":\"https:\\\/\\\/www.anovapeneira.gal\\\/index.php\\\/2024\\\/03\\\/11\\\/o-concello-de-redondela-amplia-a-case-320-000-euros-as-subvencions-nominativas-a-asociacions-e-entidades\\\/\",\"url\":\"https:\\\/\\\/www.anovapeneira.gal\\\/index.php\\\/2024\\\/03\\\/11\\\/o-concello-de-redondela-amplia-a-case-320-000-euros-as-subvencions-nominativas-a-asociacions-e-entidades\\\/\",\"name\":\"O Concello de Redondela ampl\u00eda a case 320.000 euros as subvenci\u00f3ns nominativas a asociaci\u00f3ns e entidades -\",\"isPartOf\":{\"@id\":\"https:\\\/\\\/www.anovapeneira.gal\\\/#website\"},\"primaryImageOfPage\":{\"@id\":\"https:\\\/\\\/www.anovapeneira.gal\\\/index.php\\\/2024\\\/03\\\/11\\\/o-concello-de-redondela-amplia-a-case-320-000-euros-as-subvencions-nominativas-a-asociacions-e-entidades\\\/#primaryimage\"},\"image\":{\"@id\":\"https:\\\/\\\/www.anovapeneira.gal\\\/index.php\\\/2024\\\/03\\\/11\\\/o-concello-de-redondela-amplia-a-case-320-000-euros-as-subvencions-nominativas-a-asociacions-e-entidades\\\/#primaryimage\"},\"thumbnailUrl\":\"https:\\\/\\\/www.anovapeneira.gal\\\/wp-content\\\/uploads\\\/2024\\\/03\\\/Batalla-de-Rande.jpg\",\"datePublished\":\"2024-03-11T11:00:30+00:00\",\"description\":\"Un total de 21 colectivos e asociaci\u00f3ns recibir\u00e1n este ano un total de 319.500 euros en concepto de subvenci\u00f3ns nominativas, son 71.500 euros m\u00e1is que o ano pasado\",\"breadcrumb\":{\"@id\":\"https:\\\/\\\/www.anovapeneira.gal\\\/index.php\\\/2024\\\/03\\\/11\\\/o-concello-de-redondela-amplia-a-case-320-000-euros-as-subvencions-nominativas-a-asociacions-e-entidades\\\/#breadcrumb\"},\"inLanguage\":\"gl-ES\",\"potentialAction\":[{\"@type\":\"ReadAction\",\"target\":[\"https:\\\/\\\/www.anovapeneira.gal\\\/index.php\\\/2024\\\/03\\\/11\\\/o-concello-de-redondela-amplia-a-case-320-000-euros-as-subvencions-nominativas-a-asociacions-e-entidades\\\/\"]}]},{\"@type\":\"ImageObject\",\"inLanguage\":\"gl-ES\",\"@id\":\"https:\\\/\\\/www.anovapeneira.gal\\\/index.php\\\/2024\\\/03\\\/11\\\/o-concello-de-redondela-amplia-a-case-320-000-euros-as-subvencions-nominativas-a-asociacions-e-entidades\\\/#primaryimage\",\"url\":\"https:\\\/\\\/www.anovapeneira.gal\\\/wp-content\\\/uploads\\\/2024\\\/03\\\/Batalla-de-Rande.jpg\",\"contentUrl\":\"https:\\\/\\\/www.anovapeneira.gal\\\/wp-content\\\/uploads\\\/2024\\\/03\\\/Batalla-de-Rande.jpg\",\"width\":720,\"height\":432,\"caption\":\"Batalla de Rande\"},{\"@type\":\"BreadcrumbList\",\"@id\":\"https:\\\/\\\/www.anovapeneira.gal\\\/index.php\\\/2024\\\/03\\\/11\\\/o-concello-de-redondela-amplia-a-case-320-000-euros-as-subvencions-nominativas-a-asociacions-e-entidades\\\/#breadcrumb\",\"itemListElement\":[{\"@type\":\"ListItem\",\"position\":1,\"name\":\"Portada\",\"item\":\"https:\\\/\\\/www.anovapeneira.gal\\\/\"},{\"@type\":\"ListItem\",\"position\":2,\"name\":\"O Concello de Redondela ampl\u00eda a case 320.000 euros as subvenci\u00f3ns nominativas a asociaci\u00f3ns e entidades\"}]},{\"@type\":\"WebSite\",\"@id\":\"https:\\\/\\\/www.anovapeneira.gal\\\/#website\",\"url\":\"https:\\\/\\\/www.anovapeneira.gal\\\/\",\"name\":\"\",\"description\":\"Xornal galego de informaci\u00f3n xeral Publicaci\u00f3n mensual de novas de Galicia e en especial dos Concellos da sur da provincia de Pontevedra.\",\"publisher\":{\"@id\":\"https:\\\/\\\/www.anovapeneira.gal\\\/#organization\"},\"potentialAction\":[{\"@type\":\"SearchAction\",\"target\":{\"@type\":\"EntryPoint\",\"urlTemplate\":\"https:\\\/\\\/www.anovapeneira.gal\\\/?s={search_term_string}\"},\"query-input\":{\"@type\":\"PropertyValueSpecification\",\"valueRequired\":true,\"valueName\":\"search_term_string\"}}],\"inLanguage\":\"gl-ES\"},{\"@type\":\"Organization\",\"@id\":\"https:\\\/\\\/www.anovapeneira.gal\\\/#organization\",\"name\":\"A Nova Peneira\",\"url\":\"https:\\\/\\\/www.anovapeneira.gal\\\/\",\"logo\":{\"@type\":\"ImageObject\",\"inLanguage\":\"gl-ES\",\"@id\":\"https:\\\/\\\/www.anovapeneira.gal\\\/#\\\/schema\\\/logo\\\/image\\\/\",\"url\":\"http:\\\/\\\/www.anovapeneira.gal\\\/wp-content\\\/uploads\\\/2019\\\/06\\\/logo_a_nova_peneira_portal_web.png\",\"contentUrl\":\"http:\\\/\\\/www.anovapeneira.gal\\\/wp-content\\\/uploads\\\/2019\\\/06\\\/logo_a_nova_peneira_portal_web.png\",\"width\":300,\"height\":100,\"caption\":\"A Nova Peneira\"},\"image\":{\"@id\":\"https:\\\/\\\/www.anovapeneira.gal\\\/#\\\/schema\\\/logo\\\/image\\\/\"},\"sameAs\":[\"https:\\\/\\\/www.facebook.com\\\/anovapeneira\",\"https:\\\/\\\/x.com\\\/APeneira\"]},{\"@type\":\"Person\",\"@id\":\"https:\\\/\\\/www.anovapeneira.gal\\\/#\\\/schema\\\/person\\\/b93e3f8932e3f8da96334607eb6ac6aa\",\"name\":\"Redacci\u00f3n A Nova Peneira\",\"image\":{\"@type\":\"ImageObject\",\"inLanguage\":\"gl-ES\",\"@id\":\"https:\\\/\\\/secure.gravatar.com\\\/avatar\\\/c052a2551a06e23fac63626232eaa90abd78dbcf1700fc46a2b2c89fd27b735f?s=96&d=mm&r=g\",\"url\":\"https:\\\/\\\/secure.gravatar.com\\\/avatar\\\/c052a2551a06e23fac63626232eaa90abd78dbcf1700fc46a2b2c89fd27b735f?s=96&d=mm&r=g\",\"contentUrl\":\"https:\\\/\\\/secure.gravatar.com\\\/avatar\\\/c052a2551a06e23fac63626232eaa90abd78dbcf1700fc46a2b2c89fd27b735f?s=96&d=mm&r=g\",\"caption\":\"Redacci\u00f3n A Nova Peneira\"},\"sameAs\":[\"http:\\\/\\\/www.anovapeneira.gal\\\/\"],\"url\":\"https:\\\/\\\/www.anovapeneira.gal\\\/index.php\\\/author\\\/redactor\\\/\"}]}<\/script>\n<!-- \/ Yoast SEO plugin. -->","yoast_head_json":{"title":"O Concello de Redondela ampl\u00eda a case 320.000 euros as subvenci\u00f3ns nominativas a asociaci\u00f3ns e entidades -","description":"Un total de 21 colectivos e asociaci\u00f3ns recibir\u00e1n este ano un total de 319.500 euros en concepto de subvenci\u00f3ns nominativas, son 71.500 euros m\u00e1is que o ano pasado","robots":{"index":"index","follow":"follow","max-snippet":"max-snippet:-1","max-image-preview":"max-image-preview:large","max-video-preview":"max-video-preview:-1"},"canonical":"https:\/\/www.anovapeneira.gal\/index.php\/2024\/03\/11\/o-concello-de-redondela-amplia-a-case-320-000-euros-as-subvencions-nominativas-a-asociacions-e-entidades\/","og_locale":"gl_ES","og_type":"article","og_title":"O Concello de Redondela ampl\u00eda a case 320.000 euros as subvenci\u00f3ns nominativas a asociaci\u00f3ns e entidades -","og_description":"Un total de 21 colectivos e asociaci\u00f3ns recibir\u00e1n este ano un total de 319.500 euros en concepto de subvenci\u00f3ns nominativas, son 71.500 euros m\u00e1is que o ano pasado","og_url":"https:\/\/www.anovapeneira.gal\/index.php\/2024\/03\/11\/o-concello-de-redondela-amplia-a-case-320-000-euros-as-subvencions-nominativas-a-asociacions-e-entidades\/","article_publisher":"https:\/\/www.facebook.com\/anovapeneira","article_published_time":"2024-03-11T11:00:30+00:00","og_image":[{"width":720,"height":432,"url":"https:\/\/www.anovapeneira.gal\/wp-content\/uploads\/2024\/03\/Batalla-de-Rande.jpg","type":"image\/jpeg"}],"author":"Redacci\u00f3n A Nova Peneira","twitter_card":"summary_large_image","twitter_creator":"@APeneira","twitter_site":"@APeneira","twitter_misc":{"Escrito por":"Redacci\u00f3n A Nova Peneira","Tempo de lectura":"3 minutos"},"schema":{"@context":"https:\/\/schema.org","@graph":[{"@type":"Article","@id":"https:\/\/www.anovapeneira.gal\/index.php\/2024\/03\/11\/o-concello-de-redondela-amplia-a-case-320-000-euros-as-subvencions-nominativas-a-asociacions-e-entidades\/#article","isPartOf":{"@id":"https:\/\/www.anovapeneira.gal\/index.php\/2024\/03\/11\/o-concello-de-redondela-amplia-a-case-320-000-euros-as-subvencions-nominativas-a-asociacions-e-entidades\/"},"author":{"name":"Redacci\u00f3n A Nova Peneira","@id":"https:\/\/www.anovapeneira.gal\/#\/schema\/person\/b93e3f8932e3f8da96334607eb6ac6aa"},"headline":"O Concello de Redondela ampl\u00eda a case 320.000 euros as subvenci\u00f3ns nominativas a asociaci\u00f3ns e entidades","datePublished":"2024-03-11T11:00:30+00:00","mainEntityOfPage":{"@id":"https:\/\/www.anovapeneira.gal\/index.php\/2024\/03\/11\/o-concello-de-redondela-amplia-a-case-320-000-euros-as-subvencions-nominativas-a-asociacions-e-entidades\/"},"wordCount":476,"commentCount":0,"publisher":{"@id":"https:\/\/www.anovapeneira.gal\/#organization"},"image":{"@id":"https:\/\/www.anovapeneira.gal\/index.php\/2024\/03\/11\/o-concello-de-redondela-amplia-a-case-320-000-euros-as-subvencions-nominativas-a-asociacions-e-entidades\/#primaryimage"},"thumbnailUrl":"https:\/\/www.anovapeneira.gal\/wp-content\/uploads\/2024\/03\/Batalla-de-Rande.jpg","keywords":["Concello de Redondela"],"articleSection":["Redondela"],"inLanguage":"gl-ES","potentialAction":[{"@type":"CommentAction","name":"Comment","target":["https:\/\/www.anovapeneira.gal\/index.php\/2024\/03\/11\/o-concello-de-redondela-amplia-a-case-320-000-euros-as-subvencions-nominativas-a-asociacions-e-entidades\/#respond"]}]},{"@type":"WebPage","@id":"https:\/\/www.anovapeneira.gal\/index.php\/2024\/03\/11\/o-concello-de-redondela-amplia-a-case-320-000-euros-as-subvencions-nominativas-a-asociacions-e-entidades\/","url":"https:\/\/www.anovapeneira.gal\/index.php\/2024\/03\/11\/o-concello-de-redondela-amplia-a-case-320-000-euros-as-subvencions-nominativas-a-asociacions-e-entidades\/","name":"O Concello de Redondela ampl\u00eda a case 320.000 euros as subvenci\u00f3ns nominativas a asociaci\u00f3ns e entidades -","isPartOf":{"@id":"https:\/\/www.anovapeneira.gal\/#website"},"primaryImageOfPage":{"@id":"https:\/\/www.anovapeneira.gal\/index.php\/2024\/03\/11\/o-concello-de-redondela-amplia-a-case-320-000-euros-as-subvencions-nominativas-a-asociacions-e-entidades\/#primaryimage"},"image":{"@id":"https:\/\/www.anovapeneira.gal\/index.php\/2024\/03\/11\/o-concello-de-redondela-amplia-a-case-320-000-euros-as-subvencions-nominativas-a-asociacions-e-entidades\/#primaryimage"},"thumbnailUrl":"https:\/\/www.anovapeneira.gal\/wp-content\/uploads\/2024\/03\/Batalla-de-Rande.jpg","datePublished":"2024-03-11T11:00:30+00:00","description":"Un total de 21 colectivos e asociaci\u00f3ns recibir\u00e1n este ano un total de 319.500 euros en concepto de subvenci\u00f3ns nominativas, son 71.500 euros m\u00e1is que o ano pasado","breadcrumb":{"@id":"https:\/\/www.anovapeneira.gal\/index.php\/2024\/03\/11\/o-concello-de-redondela-amplia-a-case-320-000-euros-as-subvencions-nominativas-a-asociacions-e-entidades\/#breadcrumb"},"inLanguage":"gl-ES","potentialAction":[{"@type":"ReadAction","target":["https:\/\/www.anovapeneira.gal\/index.php\/2024\/03\/11\/o-concello-de-redondela-amplia-a-case-320-000-euros-as-subvencions-nominativas-a-asociacions-e-entidades\/"]}]},{"@type":"ImageObject","inLanguage":"gl-ES","@id":"https:\/\/www.anovapeneira.gal\/index.php\/2024\/03\/11\/o-concello-de-redondela-amplia-a-case-320-000-euros-as-subvencions-nominativas-a-asociacions-e-entidades\/#primaryimage","url":"https:\/\/www.anovapeneira.gal\/wp-content\/uploads\/2024\/03\/Batalla-de-Rande.jpg","contentUrl":"https:\/\/www.anovapeneira.gal\/wp-content\/uploads\/2024\/03\/Batalla-de-Rande.jpg","width":720,"height":432,"caption":"Batalla de Rande"},{"@type":"BreadcrumbList","@id":"https:\/\/www.anovapeneira.gal\/index.php\/2024\/03\/11\/o-concello-de-redondela-amplia-a-case-320-000-euros-as-subvencions-nominativas-a-asociacions-e-entidades\/#breadcrumb","itemListElement":[{"@type":"ListItem","position":1,"name":"Portada","item":"https:\/\/www.anovapeneira.gal\/"},{"@type":"ListItem","position":2,"name":"O Concello de Redondela ampl\u00eda a case 320.000 euros as subvenci\u00f3ns nominativas a asociaci\u00f3ns e entidades"}]},{"@type":"WebSite","@id":"https:\/\/www.anovapeneira.gal\/#website","url":"https:\/\/www.anovapeneira.gal\/","name":"","description":"Xornal galego de informaci\u00f3n xeral Publicaci\u00f3n mensual de novas de Galicia e en especial dos Concellos da sur da provincia de Pontevedra.","publisher":{"@id":"https:\/\/www.anovapeneira.gal\/#organization"},"potentialAction":[{"@type":"SearchAction","target":{"@type":"EntryPoint","urlTemplate":"https:\/\/www.anovapeneira.gal\/?s={search_term_string}"},"query-input":{"@type":"PropertyValueSpecification","valueRequired":true,"valueName":"search_term_string"}}],"inLanguage":"gl-ES"},{"@type":"Organization","@id":"https:\/\/www.anovapeneira.gal\/#organization","name":"A Nova Peneira","url":"https:\/\/www.anovapeneira.gal\/","logo":{"@type":"ImageObject","inLanguage":"gl-ES","@id":"https:\/\/www.anovapeneira.gal\/#\/schema\/logo\/image\/","url":"http:\/\/www.anovapeneira.gal\/wp-content\/uploads\/2019\/06\/logo_a_nova_peneira_portal_web.png","contentUrl":"http:\/\/www.anovapeneira.gal\/wp-content\/uploads\/2019\/06\/logo_a_nova_peneira_portal_web.png","width":300,"height":100,"caption":"A Nova Peneira"},"image":{"@id":"https:\/\/www.anovapeneira.gal\/#\/schema\/logo\/image\/"},"sameAs":["https:\/\/www.facebook.com\/anovapeneira","https:\/\/x.com\/APeneira"]},{"@type":"Person","@id":"https:\/\/www.anovapeneira.gal\/#\/schema\/person\/b93e3f8932e3f8da96334607eb6ac6aa","name":"Redacci\u00f3n A Nova Peneira","image":{"@type":"ImageObject","inLanguage":"gl-ES","@id":"https:\/\/secure.gravatar.com\/avatar\/c052a2551a06e23fac63626232eaa90abd78dbcf1700fc46a2b2c89fd27b735f?s=96&d=mm&r=g","url":"https:\/\/secure.gravatar.com\/avatar\/c052a2551a06e23fac63626232eaa90abd78dbcf1700fc46a2b2c89fd27b735f?s=96&d=mm&r=g","contentUrl":"https:\/\/secure.gravatar.com\/avatar\/c052a2551a06e23fac63626232eaa90abd78dbcf1700fc46a2b2c89fd27b735f?s=96&d=mm&r=g","caption":"Redacci\u00f3n A Nova Peneira"},"sameAs":["http:\/\/www.anovapeneira.gal\/"],"url":"https:\/\/www.anovapeneira.gal\/index.php\/author\/redactor\/"}]}},"jetpack_featured_media_url":"https:\/\/www.anovapeneira.gal\/wp-content\/uploads\/2024\/03\/Batalla-de-Rande.jpg","_links":{"self":[{"href":"https:\/\/www.anovapeneira.gal\/index.php\/wp-json\/wp\/v2\/posts\/11396","targetHints":{"allow":["GET"]}}],"collection":[{"href":"https:\/\/www.anovapeneira.gal\/index.php\/wp-json\/wp\/v2\/posts"}],"about":[{"href":"https:\/\/www.anovapeneira.gal\/index.php\/wp-json\/wp\/v2\/types\/post"}],"author":[{"embeddable":true,"href":"https:\/\/www.anovapeneira.gal\/index.php\/wp-json\/wp\/v2\/users\/3"}],"replies":[{"embeddable":true,"href":"https:\/\/www.anovapeneira.gal\/index.php\/wp-json\/wp\/v2\/comments?post=11396"}],"version-history":[{"count":1,"href":"https:\/\/www.anovapeneira.gal\/index.php\/wp-json\/wp\/v2\/posts\/11396\/revisions"}],"predecessor-version":[{"id":11397,"href":"https:\/\/www.anovapeneira.gal\/index.php\/wp-json\/wp\/v2\/posts\/11396\/revisions\/11397"}],"wp:featuredmedia":[{"embeddable":true,"href":"https:\/\/www.anovapeneira.gal\/index.php\/wp-json\/wp\/v2\/media\/11401"}],"wp:attachment":[{"href":"https:\/\/www.anovapeneira.gal\/index.php\/wp-json\/wp\/v2\/media?parent=11396"}],"wp:term":[{"taxonomy":"category","embeddable":true,"href":"https:\/\/www.anovapeneira.gal\/index.php\/wp-json\/wp\/v2\/categories?post=11396"},{"taxonomy":"post_tag","embeddable":true,"href":"https:\/\/www.anovapeneira.gal\/index.php\/wp-json\/wp\/v2\/tags?post=11396"}],"curies":[{"name":"wp","href":"https:\/\/api.w.org\/{rel}","templated":true}]}}