{"id":11405,"date":"2024-03-12T12:00:23","date_gmt":"2024-03-12T11:00:23","guid":{"rendered":"https:\/\/www.anovapeneira.gal\/?p=11405"},"modified":"2024-03-11T09:57:45","modified_gmt":"2024-03-11T08:57:45","slug":"mondariz-recupera-o-seu-patrimonio-etnografico","status":"publish","type":"post","link":"https:\/\/www.anovapeneira.gal\/index.php\/2024\/03\/12\/mondariz-recupera-o-seu-patrimonio-etnografico\/","title":{"rendered":"Mondariz recupera o seu patrimonio etnogr\u00e1fico"},"content":{"rendered":"\n<p>O goberno municipal de Mondariz v\u00e9n de conclu\u00edr os traballos de restauraci\u00f3n de d\u00faas importantes pezas do seu patrimonio cultural: a Cruz da Igrexa e o Cruceiro da Praza Domingo Blanco Lage. Ambos bens foran derrubados como consecuencia de actos vand\u00e1licos durante as festas de ver\u00e1n dos anos 2023 e 2022, respectivamente.<\/p>\n\n\n\n<p>O Concello, despois de valorar os traballos de restauraci\u00f3n, reclamou \u00e1s persoas responsables que se fixeran cargo dos gastos de restauraci\u00f3n. Nun dos casos o goberno municipal recuperou a totalidade do custo, pero noutro unicamente conseguiu o 75% do investimento necesario, xa que o autor dos danos era insolvente e foi a s\u00faa familia a que indemnizou ao Concello polo prexu\u00edzo ocasionado a un ben p\u00fablico.<\/p>\n\n\n\n<p>Os traballos de rehabilitaci\u00f3n foron dirixidos polo mestre canteiro Manuel Sestelo que contou co apoio dun restaurador e dun arque\u00f3logo. Durante o desenvolvemento destes traballos foron restauradas todas as pezas orixinais, e unicamente se recorreu \u00e1 reintegraci\u00f3n puntual con morteiro de cal da mesma cor que a pedra en lugares puntuais nos que os danos causados ao granito eran irrecuperables.<\/p>\n\n\n\n<p><strong>Monumentos con historia<\/strong><\/p>\n\n\n\n<p>A Cruz da Igrexa foi constru\u00edda no ano 1956 e ten 3,16 m de altura. \u00c9rguese sobre unha serie de chanzos de granito xusto ao lado da igrexa parroquial de Santa Baia de Mondariz e carece de figuraci\u00f3n. Este monumento, que non ten inscrici\u00f3ns, foi levantado vinte anos despois do golpe militar de 1936 co obxectivo de exaltar o r\u00e9xime ditatorial e o seu v\u00ednculo coa igrexa cat\u00f3lica. Co tempo, esta cruz perdeu esta significaci\u00f3n predemocr\u00e1tica e foi asumida socialmente como un s\u00edmbolo cultural e relixioso m\u00e1is.<\/p>\n\n\n\n<p>Pola s\u00faa parte o Cruceiro da Praza Domingo Blanco Lage foi instalado neste lugar a mediados do s\u00e9culo XX procedente da s\u00faa localizaci\u00f3n orixinal, no barrio do Escobeiro, en Mondariz.<\/p>\n\n\n\n<p>Segundo Pilar Bouza, veci\u00f1a deste barrio de 84 anos de idade, \u201ca cruz repousaba orixinalmente sobre un antigo portal de pedra que daba entrada a un eido e vivenda no lugar de Al\u00e9n. Cando morreu o seu \u00faltimo propietario sen descendencia, a propiedade foi obxecto dunha poxa p\u00fablica entre a vecil\u00f1anza do Escobeiro, sendo adquirida finalmente polo Concello de Mondariz que a instalou sobre un bloque de pedra ornamental cheo de cavidades naturais\u201d.<\/p>\n","protected":false},"excerpt":{"rendered":"<div class=\"mh-excerpt\"><p>O goberno municipal de Mondariz v\u00e9n de conclu\u00edr os traballos de restauraci\u00f3n de d\u00faas importantes pezas do seu patrimonio cultural: a Cruz da Igrexa e o Cruceiro da Praza Domingo Blanco Lage. <a class=\"mh-excerpt-more\" href=\"https:\/\/www.anovapeneira.gal\/index.php\/2024\/03\/12\/mondariz-recupera-o-seu-patrimonio-etnografico\/\" title=\"Mondariz recupera o seu patrimonio etnogr\u00e1fico\">[&#8230;]<\/a><\/p>\n<\/div>","protected":false},"author":3,"featured_media":11406,"comment_status":"open","ping_status":"open","sticky":false,"template":"","format":"standard","meta":{"_exactmetrics_skip_tracking":false,"_exactmetrics_sitenote_active":false,"_exactmetrics_sitenote_note":"","_exactmetrics_sitenote_category":0,"footnotes":""},"categories":[25],"tags":[405],"class_list":{"0":"post-11405","1":"post","2":"type-post","3":"status-publish","4":"format-standard","5":"has-post-thumbnail","7":"category-condado","8":"tag-concello-de-mondariz"},"yoast_head":"<!-- This site is optimized with the Yoast SEO plugin v27.4 - https:\/\/yoast.com\/product\/yoast-seo-wordpress\/ -->\n<title>Mondariz recupera o seu patrimonio etnogr\u00e1fico -<\/title>\n<meta name=\"description\" content=\"O goberno municipal de Mondariz v\u00e9n de conclu\u00edr os traballos de restauraci\u00f3n de d\u00faas importantes pezas do seu patrimonio cultural: a Cruz da Igrexa e o Cruceiro da Praza Domingo Blanco Lage.\" \/>\n<meta name=\"robots\" content=\"index, follow, max-snippet:-1, max-image-preview:large, max-video-preview:-1\" \/>\n<link rel=\"canonical\" href=\"https:\/\/www.anovapeneira.gal\/index.php\/2024\/03\/12\/mondariz-recupera-o-seu-patrimonio-etnografico\/\" \/>\n<meta property=\"og:locale\" content=\"gl_ES\" \/>\n<meta property=\"og:type\" content=\"article\" \/>\n<meta property=\"og:title\" content=\"Mondariz recupera o seu patrimonio etnogr\u00e1fico -\" \/>\n<meta property=\"og:description\" content=\"O goberno municipal de Mondariz v\u00e9n de conclu\u00edr os traballos de restauraci\u00f3n de d\u00faas importantes pezas do seu patrimonio cultural: a Cruz da Igrexa e o Cruceiro da Praza Domingo Blanco Lage.\" \/>\n<meta property=\"og:url\" content=\"https:\/\/www.anovapeneira.gal\/index.php\/2024\/03\/12\/mondariz-recupera-o-seu-patrimonio-etnografico\/\" \/>\n<meta property=\"article:publisher\" content=\"https:\/\/www.facebook.com\/anovapeneira\" \/>\n<meta property=\"article:published_time\" content=\"2024-03-12T11:00:23+00:00\" \/>\n<meta property=\"og:image\" content=\"https:\/\/www.anovapeneira.gal\/wp-content\/uploads\/2024\/03\/concello_mondariz.jpg\" \/>\n\t<meta property=\"og:image:width\" content=\"720\" \/>\n\t<meta property=\"og:image:height\" content=\"432\" \/>\n\t<meta property=\"og:image:type\" content=\"image\/jpeg\" \/>\n<meta name=\"author\" content=\"Redacci\u00f3n A Nova Peneira\" \/>\n<meta name=\"twitter:card\" content=\"summary_large_image\" \/>\n<meta name=\"twitter:creator\" content=\"@APeneira\" \/>\n<meta name=\"twitter:site\" content=\"@APeneira\" \/>\n<meta name=\"twitter:label1\" content=\"Escrito por\" \/>\n\t<meta name=\"twitter:data1\" content=\"Redacci\u00f3n A Nova Peneira\" \/>\n\t<meta name=\"twitter:label2\" content=\"Tempo de lectura\" \/>\n\t<meta name=\"twitter:data2\" content=\"3 minutos\" \/>\n<script type=\"application\/ld+json\" class=\"yoast-schema-graph\">{\"@context\":\"https:\\\/\\\/schema.org\",\"@graph\":[{\"@type\":\"Article\",\"@id\":\"https:\\\/\\\/www.anovapeneira.gal\\\/index.php\\\/2024\\\/03\\\/12\\\/mondariz-recupera-o-seu-patrimonio-etnografico\\\/#article\",\"isPartOf\":{\"@id\":\"https:\\\/\\\/www.anovapeneira.gal\\\/index.php\\\/2024\\\/03\\\/12\\\/mondariz-recupera-o-seu-patrimonio-etnografico\\\/\"},\"author\":{\"name\":\"Redacci\u00f3n A Nova Peneira\",\"@id\":\"https:\\\/\\\/www.anovapeneira.gal\\\/#\\\/schema\\\/person\\\/b93e3f8932e3f8da96334607eb6ac6aa\"},\"headline\":\"Mondariz recupera o seu patrimonio etnogr\u00e1fico\",\"datePublished\":\"2024-03-12T11:00:23+00:00\",\"mainEntityOfPage\":{\"@id\":\"https:\\\/\\\/www.anovapeneira.gal\\\/index.php\\\/2024\\\/03\\\/12\\\/mondariz-recupera-o-seu-patrimonio-etnografico\\\/\"},\"wordCount\":402,\"commentCount\":0,\"publisher\":{\"@id\":\"https:\\\/\\\/www.anovapeneira.gal\\\/#organization\"},\"image\":{\"@id\":\"https:\\\/\\\/www.anovapeneira.gal\\\/index.php\\\/2024\\\/03\\\/12\\\/mondariz-recupera-o-seu-patrimonio-etnografico\\\/#primaryimage\"},\"thumbnailUrl\":\"https:\\\/\\\/www.anovapeneira.gal\\\/wp-content\\\/uploads\\\/2024\\\/03\\\/concello_mondariz.jpg\",\"keywords\":[\"Concello de Mondariz\"],\"articleSection\":[\"Condado\"],\"inLanguage\":\"gl-ES\",\"potentialAction\":[{\"@type\":\"CommentAction\",\"name\":\"Comment\",\"target\":[\"https:\\\/\\\/www.anovapeneira.gal\\\/index.php\\\/2024\\\/03\\\/12\\\/mondariz-recupera-o-seu-patrimonio-etnografico\\\/#respond\"]}]},{\"@type\":\"WebPage\",\"@id\":\"https:\\\/\\\/www.anovapeneira.gal\\\/index.php\\\/2024\\\/03\\\/12\\\/mondariz-recupera-o-seu-patrimonio-etnografico\\\/\",\"url\":\"https:\\\/\\\/www.anovapeneira.gal\\\/index.php\\\/2024\\\/03\\\/12\\\/mondariz-recupera-o-seu-patrimonio-etnografico\\\/\",\"name\":\"Mondariz recupera o seu patrimonio etnogr\u00e1fico -\",\"isPartOf\":{\"@id\":\"https:\\\/\\\/www.anovapeneira.gal\\\/#website\"},\"primaryImageOfPage\":{\"@id\":\"https:\\\/\\\/www.anovapeneira.gal\\\/index.php\\\/2024\\\/03\\\/12\\\/mondariz-recupera-o-seu-patrimonio-etnografico\\\/#primaryimage\"},\"image\":{\"@id\":\"https:\\\/\\\/www.anovapeneira.gal\\\/index.php\\\/2024\\\/03\\\/12\\\/mondariz-recupera-o-seu-patrimonio-etnografico\\\/#primaryimage\"},\"thumbnailUrl\":\"https:\\\/\\\/www.anovapeneira.gal\\\/wp-content\\\/uploads\\\/2024\\\/03\\\/concello_mondariz.jpg\",\"datePublished\":\"2024-03-12T11:00:23+00:00\",\"description\":\"O goberno municipal de Mondariz v\u00e9n de conclu\u00edr os traballos de restauraci\u00f3n de d\u00faas importantes pezas do seu patrimonio cultural: a Cruz da Igrexa e o Cruceiro da Praza Domingo Blanco Lage.\",\"breadcrumb\":{\"@id\":\"https:\\\/\\\/www.anovapeneira.gal\\\/index.php\\\/2024\\\/03\\\/12\\\/mondariz-recupera-o-seu-patrimonio-etnografico\\\/#breadcrumb\"},\"inLanguage\":\"gl-ES\",\"potentialAction\":[{\"@type\":\"ReadAction\",\"target\":[\"https:\\\/\\\/www.anovapeneira.gal\\\/index.php\\\/2024\\\/03\\\/12\\\/mondariz-recupera-o-seu-patrimonio-etnografico\\\/\"]}]},{\"@type\":\"ImageObject\",\"inLanguage\":\"gl-ES\",\"@id\":\"https:\\\/\\\/www.anovapeneira.gal\\\/index.php\\\/2024\\\/03\\\/12\\\/mondariz-recupera-o-seu-patrimonio-etnografico\\\/#primaryimage\",\"url\":\"https:\\\/\\\/www.anovapeneira.gal\\\/wp-content\\\/uploads\\\/2024\\\/03\\\/concello_mondariz.jpg\",\"contentUrl\":\"https:\\\/\\\/www.anovapeneira.gal\\\/wp-content\\\/uploads\\\/2024\\\/03\\\/concello_mondariz.jpg\",\"width\":720,\"height\":432,\"caption\":\"Mondariz recupera o seu patrimonio etnogr\u00e1fico\"},{\"@type\":\"BreadcrumbList\",\"@id\":\"https:\\\/\\\/www.anovapeneira.gal\\\/index.php\\\/2024\\\/03\\\/12\\\/mondariz-recupera-o-seu-patrimonio-etnografico\\\/#breadcrumb\",\"itemListElement\":[{\"@type\":\"ListItem\",\"position\":1,\"name\":\"Portada\",\"item\":\"https:\\\/\\\/www.anovapeneira.gal\\\/\"},{\"@type\":\"ListItem\",\"position\":2,\"name\":\"Mondariz recupera o seu patrimonio etnogr\u00e1fico\"}]},{\"@type\":\"WebSite\",\"@id\":\"https:\\\/\\\/www.anovapeneira.gal\\\/#website\",\"url\":\"https:\\\/\\\/www.anovapeneira.gal\\\/\",\"name\":\"\",\"description\":\"Xornal galego de informaci\u00f3n xeral Publicaci\u00f3n mensual de novas de Galicia e en especial dos Concellos da sur da provincia de Pontevedra.\",\"publisher\":{\"@id\":\"https:\\\/\\\/www.anovapeneira.gal\\\/#organization\"},\"potentialAction\":[{\"@type\":\"SearchAction\",\"target\":{\"@type\":\"EntryPoint\",\"urlTemplate\":\"https:\\\/\\\/www.anovapeneira.gal\\\/?s={search_term_string}\"},\"query-input\":{\"@type\":\"PropertyValueSpecification\",\"valueRequired\":true,\"valueName\":\"search_term_string\"}}],\"inLanguage\":\"gl-ES\"},{\"@type\":\"Organization\",\"@id\":\"https:\\\/\\\/www.anovapeneira.gal\\\/#organization\",\"name\":\"A Nova Peneira\",\"url\":\"https:\\\/\\\/www.anovapeneira.gal\\\/\",\"logo\":{\"@type\":\"ImageObject\",\"inLanguage\":\"gl-ES\",\"@id\":\"https:\\\/\\\/www.anovapeneira.gal\\\/#\\\/schema\\\/logo\\\/image\\\/\",\"url\":\"http:\\\/\\\/www.anovapeneira.gal\\\/wp-content\\\/uploads\\\/2019\\\/06\\\/logo_a_nova_peneira_portal_web.png\",\"contentUrl\":\"http:\\\/\\\/www.anovapeneira.gal\\\/wp-content\\\/uploads\\\/2019\\\/06\\\/logo_a_nova_peneira_portal_web.png\",\"width\":300,\"height\":100,\"caption\":\"A Nova Peneira\"},\"image\":{\"@id\":\"https:\\\/\\\/www.anovapeneira.gal\\\/#\\\/schema\\\/logo\\\/image\\\/\"},\"sameAs\":[\"https:\\\/\\\/www.facebook.com\\\/anovapeneira\",\"https:\\\/\\\/x.com\\\/APeneira\"]},{\"@type\":\"Person\",\"@id\":\"https:\\\/\\\/www.anovapeneira.gal\\\/#\\\/schema\\\/person\\\/b93e3f8932e3f8da96334607eb6ac6aa\",\"name\":\"Redacci\u00f3n A Nova Peneira\",\"image\":{\"@type\":\"ImageObject\",\"inLanguage\":\"gl-ES\",\"@id\":\"https:\\\/\\\/secure.gravatar.com\\\/avatar\\\/c052a2551a06e23fac63626232eaa90abd78dbcf1700fc46a2b2c89fd27b735f?s=96&d=mm&r=g\",\"url\":\"https:\\\/\\\/secure.gravatar.com\\\/avatar\\\/c052a2551a06e23fac63626232eaa90abd78dbcf1700fc46a2b2c89fd27b735f?s=96&d=mm&r=g\",\"contentUrl\":\"https:\\\/\\\/secure.gravatar.com\\\/avatar\\\/c052a2551a06e23fac63626232eaa90abd78dbcf1700fc46a2b2c89fd27b735f?s=96&d=mm&r=g\",\"caption\":\"Redacci\u00f3n A Nova Peneira\"},\"sameAs\":[\"http:\\\/\\\/www.anovapeneira.gal\\\/\"],\"url\":\"https:\\\/\\\/www.anovapeneira.gal\\\/index.php\\\/author\\\/redactor\\\/\"}]}<\/script>\n<!-- \/ Yoast SEO plugin. -->","yoast_head_json":{"title":"Mondariz recupera o seu patrimonio etnogr\u00e1fico -","description":"O goberno municipal de Mondariz v\u00e9n de conclu\u00edr os traballos de restauraci\u00f3n de d\u00faas importantes pezas do seu patrimonio cultural: a Cruz da Igrexa e o Cruceiro da Praza Domingo Blanco Lage.","robots":{"index":"index","follow":"follow","max-snippet":"max-snippet:-1","max-image-preview":"max-image-preview:large","max-video-preview":"max-video-preview:-1"},"canonical":"https:\/\/www.anovapeneira.gal\/index.php\/2024\/03\/12\/mondariz-recupera-o-seu-patrimonio-etnografico\/","og_locale":"gl_ES","og_type":"article","og_title":"Mondariz recupera o seu patrimonio etnogr\u00e1fico -","og_description":"O goberno municipal de Mondariz v\u00e9n de conclu\u00edr os traballos de restauraci\u00f3n de d\u00faas importantes pezas do seu patrimonio cultural: a Cruz da Igrexa e o Cruceiro da Praza Domingo Blanco Lage.","og_url":"https:\/\/www.anovapeneira.gal\/index.php\/2024\/03\/12\/mondariz-recupera-o-seu-patrimonio-etnografico\/","article_publisher":"https:\/\/www.facebook.com\/anovapeneira","article_published_time":"2024-03-12T11:00:23+00:00","og_image":[{"width":720,"height":432,"url":"https:\/\/www.anovapeneira.gal\/wp-content\/uploads\/2024\/03\/concello_mondariz.jpg","type":"image\/jpeg"}],"author":"Redacci\u00f3n A Nova Peneira","twitter_card":"summary_large_image","twitter_creator":"@APeneira","twitter_site":"@APeneira","twitter_misc":{"Escrito por":"Redacci\u00f3n A Nova Peneira","Tempo de lectura":"3 minutos"},"schema":{"@context":"https:\/\/schema.org","@graph":[{"@type":"Article","@id":"https:\/\/www.anovapeneira.gal\/index.php\/2024\/03\/12\/mondariz-recupera-o-seu-patrimonio-etnografico\/#article","isPartOf":{"@id":"https:\/\/www.anovapeneira.gal\/index.php\/2024\/03\/12\/mondariz-recupera-o-seu-patrimonio-etnografico\/"},"author":{"name":"Redacci\u00f3n A Nova Peneira","@id":"https:\/\/www.anovapeneira.gal\/#\/schema\/person\/b93e3f8932e3f8da96334607eb6ac6aa"},"headline":"Mondariz recupera o seu patrimonio etnogr\u00e1fico","datePublished":"2024-03-12T11:00:23+00:00","mainEntityOfPage":{"@id":"https:\/\/www.anovapeneira.gal\/index.php\/2024\/03\/12\/mondariz-recupera-o-seu-patrimonio-etnografico\/"},"wordCount":402,"commentCount":0,"publisher":{"@id":"https:\/\/www.anovapeneira.gal\/#organization"},"image":{"@id":"https:\/\/www.anovapeneira.gal\/index.php\/2024\/03\/12\/mondariz-recupera-o-seu-patrimonio-etnografico\/#primaryimage"},"thumbnailUrl":"https:\/\/www.anovapeneira.gal\/wp-content\/uploads\/2024\/03\/concello_mondariz.jpg","keywords":["Concello de Mondariz"],"articleSection":["Condado"],"inLanguage":"gl-ES","potentialAction":[{"@type":"CommentAction","name":"Comment","target":["https:\/\/www.anovapeneira.gal\/index.php\/2024\/03\/12\/mondariz-recupera-o-seu-patrimonio-etnografico\/#respond"]}]},{"@type":"WebPage","@id":"https:\/\/www.anovapeneira.gal\/index.php\/2024\/03\/12\/mondariz-recupera-o-seu-patrimonio-etnografico\/","url":"https:\/\/www.anovapeneira.gal\/index.php\/2024\/03\/12\/mondariz-recupera-o-seu-patrimonio-etnografico\/","name":"Mondariz recupera o seu patrimonio etnogr\u00e1fico -","isPartOf":{"@id":"https:\/\/www.anovapeneira.gal\/#website"},"primaryImageOfPage":{"@id":"https:\/\/www.anovapeneira.gal\/index.php\/2024\/03\/12\/mondariz-recupera-o-seu-patrimonio-etnografico\/#primaryimage"},"image":{"@id":"https:\/\/www.anovapeneira.gal\/index.php\/2024\/03\/12\/mondariz-recupera-o-seu-patrimonio-etnografico\/#primaryimage"},"thumbnailUrl":"https:\/\/www.anovapeneira.gal\/wp-content\/uploads\/2024\/03\/concello_mondariz.jpg","datePublished":"2024-03-12T11:00:23+00:00","description":"O goberno municipal de Mondariz v\u00e9n de conclu\u00edr os traballos de restauraci\u00f3n de d\u00faas importantes pezas do seu patrimonio cultural: a Cruz da Igrexa e o Cruceiro da Praza Domingo Blanco Lage.","breadcrumb":{"@id":"https:\/\/www.anovapeneira.gal\/index.php\/2024\/03\/12\/mondariz-recupera-o-seu-patrimonio-etnografico\/#breadcrumb"},"inLanguage":"gl-ES","potentialAction":[{"@type":"ReadAction","target":["https:\/\/www.anovapeneira.gal\/index.php\/2024\/03\/12\/mondariz-recupera-o-seu-patrimonio-etnografico\/"]}]},{"@type":"ImageObject","inLanguage":"gl-ES","@id":"https:\/\/www.anovapeneira.gal\/index.php\/2024\/03\/12\/mondariz-recupera-o-seu-patrimonio-etnografico\/#primaryimage","url":"https:\/\/www.anovapeneira.gal\/wp-content\/uploads\/2024\/03\/concello_mondariz.jpg","contentUrl":"https:\/\/www.anovapeneira.gal\/wp-content\/uploads\/2024\/03\/concello_mondariz.jpg","width":720,"height":432,"caption":"Mondariz recupera o seu patrimonio etnogr\u00e1fico"},{"@type":"BreadcrumbList","@id":"https:\/\/www.anovapeneira.gal\/index.php\/2024\/03\/12\/mondariz-recupera-o-seu-patrimonio-etnografico\/#breadcrumb","itemListElement":[{"@type":"ListItem","position":1,"name":"Portada","item":"https:\/\/www.anovapeneira.gal\/"},{"@type":"ListItem","position":2,"name":"Mondariz recupera o seu patrimonio etnogr\u00e1fico"}]},{"@type":"WebSite","@id":"https:\/\/www.anovapeneira.gal\/#website","url":"https:\/\/www.anovapeneira.gal\/","name":"","description":"Xornal galego de informaci\u00f3n xeral Publicaci\u00f3n mensual de novas de Galicia e en especial dos Concellos da sur da provincia de Pontevedra.","publisher":{"@id":"https:\/\/www.anovapeneira.gal\/#organization"},"potentialAction":[{"@type":"SearchAction","target":{"@type":"EntryPoint","urlTemplate":"https:\/\/www.anovapeneira.gal\/?s={search_term_string}"},"query-input":{"@type":"PropertyValueSpecification","valueRequired":true,"valueName":"search_term_string"}}],"inLanguage":"gl-ES"},{"@type":"Organization","@id":"https:\/\/www.anovapeneira.gal\/#organization","name":"A Nova Peneira","url":"https:\/\/www.anovapeneira.gal\/","logo":{"@type":"ImageObject","inLanguage":"gl-ES","@id":"https:\/\/www.anovapeneira.gal\/#\/schema\/logo\/image\/","url":"http:\/\/www.anovapeneira.gal\/wp-content\/uploads\/2019\/06\/logo_a_nova_peneira_portal_web.png","contentUrl":"http:\/\/www.anovapeneira.gal\/wp-content\/uploads\/2019\/06\/logo_a_nova_peneira_portal_web.png","width":300,"height":100,"caption":"A Nova Peneira"},"image":{"@id":"https:\/\/www.anovapeneira.gal\/#\/schema\/logo\/image\/"},"sameAs":["https:\/\/www.facebook.com\/anovapeneira","https:\/\/x.com\/APeneira"]},{"@type":"Person","@id":"https:\/\/www.anovapeneira.gal\/#\/schema\/person\/b93e3f8932e3f8da96334607eb6ac6aa","name":"Redacci\u00f3n A Nova Peneira","image":{"@type":"ImageObject","inLanguage":"gl-ES","@id":"https:\/\/secure.gravatar.com\/avatar\/c052a2551a06e23fac63626232eaa90abd78dbcf1700fc46a2b2c89fd27b735f?s=96&d=mm&r=g","url":"https:\/\/secure.gravatar.com\/avatar\/c052a2551a06e23fac63626232eaa90abd78dbcf1700fc46a2b2c89fd27b735f?s=96&d=mm&r=g","contentUrl":"https:\/\/secure.gravatar.com\/avatar\/c052a2551a06e23fac63626232eaa90abd78dbcf1700fc46a2b2c89fd27b735f?s=96&d=mm&r=g","caption":"Redacci\u00f3n A Nova Peneira"},"sameAs":["http:\/\/www.anovapeneira.gal\/"],"url":"https:\/\/www.anovapeneira.gal\/index.php\/author\/redactor\/"}]}},"jetpack_featured_media_url":"https:\/\/www.anovapeneira.gal\/wp-content\/uploads\/2024\/03\/concello_mondariz.jpg","_links":{"self":[{"href":"https:\/\/www.anovapeneira.gal\/index.php\/wp-json\/wp\/v2\/posts\/11405","targetHints":{"allow":["GET"]}}],"collection":[{"href":"https:\/\/www.anovapeneira.gal\/index.php\/wp-json\/wp\/v2\/posts"}],"about":[{"href":"https:\/\/www.anovapeneira.gal\/index.php\/wp-json\/wp\/v2\/types\/post"}],"author":[{"embeddable":true,"href":"https:\/\/www.anovapeneira.gal\/index.php\/wp-json\/wp\/v2\/users\/3"}],"replies":[{"embeddable":true,"href":"https:\/\/www.anovapeneira.gal\/index.php\/wp-json\/wp\/v2\/comments?post=11405"}],"version-history":[{"count":1,"href":"https:\/\/www.anovapeneira.gal\/index.php\/wp-json\/wp\/v2\/posts\/11405\/revisions"}],"predecessor-version":[{"id":11407,"href":"https:\/\/www.anovapeneira.gal\/index.php\/wp-json\/wp\/v2\/posts\/11405\/revisions\/11407"}],"wp:featuredmedia":[{"embeddable":true,"href":"https:\/\/www.anovapeneira.gal\/index.php\/wp-json\/wp\/v2\/media\/11406"}],"wp:attachment":[{"href":"https:\/\/www.anovapeneira.gal\/index.php\/wp-json\/wp\/v2\/media?parent=11405"}],"wp:term":[{"taxonomy":"category","embeddable":true,"href":"https:\/\/www.anovapeneira.gal\/index.php\/wp-json\/wp\/v2\/categories?post=11405"},{"taxonomy":"post_tag","embeddable":true,"href":"https:\/\/www.anovapeneira.gal\/index.php\/wp-json\/wp\/v2\/tags?post=11405"}],"curies":[{"name":"wp","href":"https:\/\/api.w.org\/{rel}","templated":true}]}}