{"id":11408,"date":"2024-03-13T10:00:22","date_gmt":"2024-03-13T09:00:22","guid":{"rendered":"https:\/\/www.anovapeneira.gal\/?p=11408"},"modified":"2024-03-11T10:06:44","modified_gmt":"2024-03-11T09:06:44","slug":"o-bng-tacha-de-incompetente-ao-goberno-dopp-por-acumular-preto-de-17-millons-de-eurosen-facturas-impagadas-en-2023","status":"publish","type":"post","link":"https:\/\/www.anovapeneira.gal\/index.php\/2024\/03\/13\/o-bng-tacha-de-incompetente-ao-goberno-dopp-por-acumular-preto-de-17-millons-de-eurosen-facturas-impagadas-en-2023\/","title":{"rendered":"O BNG tacha de \u201cincompetente\u201d ao goberno doPP por acumular preto de 1,7 mill\u00f3ns de eurosen facturas impagadas en 2023"},"content":{"rendered":"\n<h2 class=\"wp-block-heading\">O PP de Nidia Ar\u00e9valo aprobou un reco\u00f1ecemento extraxudicial de cr\u00e9dito no que se incl\u00faen miles de euros en merchandising e varios meses de electricidade.<\/h2>\n\n\n\n<p>Os informes t\u00e9cnicos de Intervenci\u00f3n advirten sobre posibles fraccionamentos de contratos, o cal supor\u00eda un delito contra a Administraci\u00f3n P\u00fablica.<\/p>\n\n\n\n<p>Gustavo Barcia, portavoz do BNG de Mos: &#8220;se o Concello fora unha empresa, todos os membros do goberno estar\u00edan despedidos por actuar contra a propia empresa&#8221;.<\/p>\n\n\n\n<p><br>Mos, 7 de marzo de 2024.<\/p>\n\n\n\n<p>O pleno do Concello de Mos aprobou, cos \u00fanicos votos a favor do PP, un reco\u00f1ecemento extraxudicial de cr\u00e9dito por valor de 1.673.485 euros, unha cantidade que se destinar\u00e1 a afrontar d\u00e9bedas pendentes do ano 2023. O BNG amosou a s\u00faa oposici\u00f3n ao considerar que este mecanismo de pago, de car\u00e1cter extraordinario, deber\u00eda utilizarse esencialmente &#8220;ante situaci\u00f3ns sobrevidas que non se pod\u00edan previr nos orzamentos&#8221;. O portavoz nacionalista, Gustavo Barcia, lamentou que para o PP sexa &#8220;unha tradici\u00f3n coma o Nadal&#8221; sacar, a principios de ano, &#8220;centos de facturas impagadas que estaban no caix\u00f3n&#8221;.<\/p>\n\n\n\n<p><br><br>A cifra \u00e9, con diferenza, a m\u00e1is elevada en moito tempo, algo que para o BNG &#8220;non resulta casual&#8221; nun ano electoral. O reco\u00f1ecemento extraxudicial de cr\u00e9dito aprobado en marzo de 2023 ascendera a 1,2 mill\u00f3ns de euros e en 2022, a algo m\u00e1is de 950.000. Nesta ocasi\u00f3n, entre os gastos asumidos que non ti\u00f1an respaldo orzamentario hai decenas de facturas do departamento de V\u00edas e Obras, &#8220;algunhas delas correspondentes a traballos realizados en propiedades de car\u00e1cter privado&#8221;, tal como indica Gustavo Barcia, e decenas de miles de euros destinados \u00e1 produci\u00f3n de merchandising e material propagand\u00edstico como calendarios ou postais de Nadal.<br><br>Tam\u00e9n se incl\u00faen, entre os gastos sen ning\u00fan tipo de contrato nin respaldo orzamentario, todas as facturas da electricidade de abril a novembro, por un importe de 533.000 euros, e outros 200.000<br>correspondentes ao departamento de Cultura. Esta \u00faltima cifra, segundo o portavoz do BNG, resulta especialmente significativa, xa que o orzamento da Conceller\u00eda para todo o ano ascend\u00eda precisamente a 200.000 euros. Isto, en palabras de Barcia, &#8220;significa que o PP gastou o dobre do que ti\u00f1a consignado para todo o ano&#8221;.<br><\/p>\n\n\n\n<p>Facturas dubidosas<br>O portavoz municipal nacionalista cualifica de &#8220;absoluto desastre&#8221; a xesti\u00f3n econ\u00f3mica do PP e advirte de que &#8220;o descontrol das contas municipais poder\u00eda levar ao Concello a ser intervido polo Ministerio de Facenda&#8221;. Insiste en que &#8220;moitas das 670 facturas presentadas son m\u00e1is que discutibles&#8221; e apunta que, de acordo cos informes t\u00e9cnicos de Intervenci\u00f3n, &#8220;poder\u00edan existir fraccionamentos de contratos, o cal supor\u00eda un delito contra a Administraci\u00f3n P\u00fablica&#8221;.<br>Barcia considera que Nidia Ar\u00e9valo &#8220;\u00e9 incapaz de xestionar racionalmente a econom\u00eda municipal&#8221; e cre que a alcaldesa &#8220;non s\u00f3 deber\u00eda desculparse ante a veci\u00f1anza, sen\u00f3n que deber\u00eda esixir responsabilidades aos membros do seu goberno&#8221; pola existencia de centos de facturas &#8220;m\u00e1is que dubidosas&#8221;. Na s\u00faa opini\u00f3n, &#8220;se o Concello fose unha empresa, os dez concelleiros e concelleiras do PP perder\u00edan inmediatamente o seu posto de traballo por incompetencia e por actuar en contra da propia empresa&#8221;. O grupo municipal do BNG denuncia, ademais, que \u201cmentres se produc\u00eda este descontrol nos gastos, o PP aprobou o incremento dos seus propios soldos, a contrataci\u00f3n dun asesor e a suba do IBI nun 35%\u201d.<\/p>\n","protected":false},"excerpt":{"rendered":"<div class=\"mh-excerpt\"><p>O PP de Nidia Ar\u00e9valo aprobou un reco\u00f1ecemento extraxudicial de cr\u00e9dito no que se incl\u00faen miles de euros en merchandising e varios meses de electricidade <a class=\"mh-excerpt-more\" href=\"https:\/\/www.anovapeneira.gal\/index.php\/2024\/03\/13\/o-bng-tacha-de-incompetente-ao-goberno-dopp-por-acumular-preto-de-17-millons-de-eurosen-facturas-impagadas-en-2023\/\" title=\"O BNG tacha de \u201cincompetente\u201d ao goberno doPP por acumular preto de 1,7 mill\u00f3ns de eurosen facturas impagadas en 2023\">[&#8230;]<\/a><\/p>\n<\/div>","protected":false},"author":3,"featured_media":11409,"comment_status":"open","ping_status":"open","sticky":false,"template":"","format":"standard","meta":{"_exactmetrics_skip_tracking":false,"_exactmetrics_sitenote_active":false,"_exactmetrics_sitenote_note":"","_exactmetrics_sitenote_category":0,"footnotes":""},"categories":[23],"tags":[218],"class_list":{"0":"post-11408","1":"post","2":"type-post","3":"status-publish","4":"format-standard","5":"has-post-thumbnail","7":"category-a-lourina","8":"tag-concello-de-mos"},"yoast_head":"<!-- This site is optimized with the Yoast SEO plugin v27.4 - https:\/\/yoast.com\/product\/yoast-seo-wordpress\/ -->\n<title>O BNG tacha de \u201cincompetente\u201d ao goberno doPP por acumular preto de 1,7 mill\u00f3ns de eurosen facturas impagadas en 2023 -<\/title>\n<meta name=\"description\" content=\"O PP de Nidia Ar\u00e9valo aprobou un reco\u00f1ecemento extraxudicial de cr\u00e9dito no que se incl\u00faen miles de euros en merchandising e varios meses de electricidade\" \/>\n<meta name=\"robots\" content=\"index, follow, max-snippet:-1, max-image-preview:large, max-video-preview:-1\" \/>\n<link rel=\"canonical\" href=\"https:\/\/www.anovapeneira.gal\/index.php\/2024\/03\/13\/o-bng-tacha-de-incompetente-ao-goberno-dopp-por-acumular-preto-de-17-millons-de-eurosen-facturas-impagadas-en-2023\/\" \/>\n<meta property=\"og:locale\" content=\"gl_ES\" \/>\n<meta property=\"og:type\" content=\"article\" \/>\n<meta property=\"og:title\" content=\"O BNG tacha de \u201cincompetente\u201d ao goberno doPP por acumular preto de 1,7 mill\u00f3ns de eurosen facturas impagadas en 2023 -\" \/>\n<meta property=\"og:description\" content=\"O PP de Nidia Ar\u00e9valo aprobou un reco\u00f1ecemento extraxudicial de cr\u00e9dito no que se incl\u00faen miles de euros en merchandising e varios meses de electricidade\" \/>\n<meta property=\"og:url\" content=\"https:\/\/www.anovapeneira.gal\/index.php\/2024\/03\/13\/o-bng-tacha-de-incompetente-ao-goberno-dopp-por-acumular-preto-de-17-millons-de-eurosen-facturas-impagadas-en-2023\/\" \/>\n<meta property=\"article:publisher\" content=\"https:\/\/www.facebook.com\/anovapeneira\" \/>\n<meta property=\"article:published_time\" content=\"2024-03-13T09:00:22+00:00\" \/>\n<meta property=\"og:image\" content=\"https:\/\/www.anovapeneira.gal\/wp-content\/uploads\/2024\/03\/bng_mos.jpg\" \/>\n\t<meta property=\"og:image:width\" content=\"720\" \/>\n\t<meta property=\"og:image:height\" content=\"432\" \/>\n\t<meta property=\"og:image:type\" content=\"image\/jpeg\" \/>\n<meta name=\"author\" content=\"Redacci\u00f3n A Nova Peneira\" \/>\n<meta name=\"twitter:card\" content=\"summary_large_image\" \/>\n<meta name=\"twitter:creator\" content=\"@APeneira\" \/>\n<meta name=\"twitter:site\" content=\"@APeneira\" \/>\n<meta name=\"twitter:label1\" content=\"Escrito por\" \/>\n\t<meta name=\"twitter:data1\" content=\"Redacci\u00f3n A Nova Peneira\" \/>\n\t<meta name=\"twitter:label2\" content=\"Tempo de lectura\" \/>\n\t<meta name=\"twitter:data2\" content=\"4 minutos\" \/>\n<script type=\"application\/ld+json\" class=\"yoast-schema-graph\">{\"@context\":\"https:\\\/\\\/schema.org\",\"@graph\":[{\"@type\":\"Article\",\"@id\":\"https:\\\/\\\/www.anovapeneira.gal\\\/index.php\\\/2024\\\/03\\\/13\\\/o-bng-tacha-de-incompetente-ao-goberno-dopp-por-acumular-preto-de-17-millons-de-eurosen-facturas-impagadas-en-2023\\\/#article\",\"isPartOf\":{\"@id\":\"https:\\\/\\\/www.anovapeneira.gal\\\/index.php\\\/2024\\\/03\\\/13\\\/o-bng-tacha-de-incompetente-ao-goberno-dopp-por-acumular-preto-de-17-millons-de-eurosen-facturas-impagadas-en-2023\\\/\"},\"author\":{\"name\":\"Redacci\u00f3n A Nova Peneira\",\"@id\":\"https:\\\/\\\/www.anovapeneira.gal\\\/#\\\/schema\\\/person\\\/b93e3f8932e3f8da96334607eb6ac6aa\"},\"headline\":\"O BNG tacha de \u201cincompetente\u201d ao goberno doPP por acumular preto de 1,7 mill\u00f3ns de eurosen facturas impagadas en 2023\",\"datePublished\":\"2024-03-13T09:00:22+00:00\",\"mainEntityOfPage\":{\"@id\":\"https:\\\/\\\/www.anovapeneira.gal\\\/index.php\\\/2024\\\/03\\\/13\\\/o-bng-tacha-de-incompetente-ao-goberno-dopp-por-acumular-preto-de-17-millons-de-eurosen-facturas-impagadas-en-2023\\\/\"},\"wordCount\":602,\"commentCount\":0,\"publisher\":{\"@id\":\"https:\\\/\\\/www.anovapeneira.gal\\\/#organization\"},\"image\":{\"@id\":\"https:\\\/\\\/www.anovapeneira.gal\\\/index.php\\\/2024\\\/03\\\/13\\\/o-bng-tacha-de-incompetente-ao-goberno-dopp-por-acumular-preto-de-17-millons-de-eurosen-facturas-impagadas-en-2023\\\/#primaryimage\"},\"thumbnailUrl\":\"https:\\\/\\\/www.anovapeneira.gal\\\/wp-content\\\/uploads\\\/2024\\\/03\\\/bng_mos.jpg\",\"keywords\":[\"Concello de Mos\"],\"articleSection\":[\"A Louri\u00f1a\"],\"inLanguage\":\"gl-ES\",\"potentialAction\":[{\"@type\":\"CommentAction\",\"name\":\"Comment\",\"target\":[\"https:\\\/\\\/www.anovapeneira.gal\\\/index.php\\\/2024\\\/03\\\/13\\\/o-bng-tacha-de-incompetente-ao-goberno-dopp-por-acumular-preto-de-17-millons-de-eurosen-facturas-impagadas-en-2023\\\/#respond\"]}]},{\"@type\":\"WebPage\",\"@id\":\"https:\\\/\\\/www.anovapeneira.gal\\\/index.php\\\/2024\\\/03\\\/13\\\/o-bng-tacha-de-incompetente-ao-goberno-dopp-por-acumular-preto-de-17-millons-de-eurosen-facturas-impagadas-en-2023\\\/\",\"url\":\"https:\\\/\\\/www.anovapeneira.gal\\\/index.php\\\/2024\\\/03\\\/13\\\/o-bng-tacha-de-incompetente-ao-goberno-dopp-por-acumular-preto-de-17-millons-de-eurosen-facturas-impagadas-en-2023\\\/\",\"name\":\"O BNG tacha de \u201cincompetente\u201d ao goberno doPP por acumular preto de 1,7 mill\u00f3ns de eurosen facturas impagadas en 2023 -\",\"isPartOf\":{\"@id\":\"https:\\\/\\\/www.anovapeneira.gal\\\/#website\"},\"primaryImageOfPage\":{\"@id\":\"https:\\\/\\\/www.anovapeneira.gal\\\/index.php\\\/2024\\\/03\\\/13\\\/o-bng-tacha-de-incompetente-ao-goberno-dopp-por-acumular-preto-de-17-millons-de-eurosen-facturas-impagadas-en-2023\\\/#primaryimage\"},\"image\":{\"@id\":\"https:\\\/\\\/www.anovapeneira.gal\\\/index.php\\\/2024\\\/03\\\/13\\\/o-bng-tacha-de-incompetente-ao-goberno-dopp-por-acumular-preto-de-17-millons-de-eurosen-facturas-impagadas-en-2023\\\/#primaryimage\"},\"thumbnailUrl\":\"https:\\\/\\\/www.anovapeneira.gal\\\/wp-content\\\/uploads\\\/2024\\\/03\\\/bng_mos.jpg\",\"datePublished\":\"2024-03-13T09:00:22+00:00\",\"description\":\"O PP de Nidia Ar\u00e9valo aprobou un reco\u00f1ecemento extraxudicial de cr\u00e9dito no que se incl\u00faen miles de euros en merchandising e varios meses de electricidade\",\"breadcrumb\":{\"@id\":\"https:\\\/\\\/www.anovapeneira.gal\\\/index.php\\\/2024\\\/03\\\/13\\\/o-bng-tacha-de-incompetente-ao-goberno-dopp-por-acumular-preto-de-17-millons-de-eurosen-facturas-impagadas-en-2023\\\/#breadcrumb\"},\"inLanguage\":\"gl-ES\",\"potentialAction\":[{\"@type\":\"ReadAction\",\"target\":[\"https:\\\/\\\/www.anovapeneira.gal\\\/index.php\\\/2024\\\/03\\\/13\\\/o-bng-tacha-de-incompetente-ao-goberno-dopp-por-acumular-preto-de-17-millons-de-eurosen-facturas-impagadas-en-2023\\\/\"]}]},{\"@type\":\"ImageObject\",\"inLanguage\":\"gl-ES\",\"@id\":\"https:\\\/\\\/www.anovapeneira.gal\\\/index.php\\\/2024\\\/03\\\/13\\\/o-bng-tacha-de-incompetente-ao-goberno-dopp-por-acumular-preto-de-17-millons-de-eurosen-facturas-impagadas-en-2023\\\/#primaryimage\",\"url\":\"https:\\\/\\\/www.anovapeneira.gal\\\/wp-content\\\/uploads\\\/2024\\\/03\\\/bng_mos.jpg\",\"contentUrl\":\"https:\\\/\\\/www.anovapeneira.gal\\\/wp-content\\\/uploads\\\/2024\\\/03\\\/bng_mos.jpg\",\"width\":720,\"height\":432,\"caption\":\"BNG Mos\"},{\"@type\":\"BreadcrumbList\",\"@id\":\"https:\\\/\\\/www.anovapeneira.gal\\\/index.php\\\/2024\\\/03\\\/13\\\/o-bng-tacha-de-incompetente-ao-goberno-dopp-por-acumular-preto-de-17-millons-de-eurosen-facturas-impagadas-en-2023\\\/#breadcrumb\",\"itemListElement\":[{\"@type\":\"ListItem\",\"position\":1,\"name\":\"Portada\",\"item\":\"https:\\\/\\\/www.anovapeneira.gal\\\/\"},{\"@type\":\"ListItem\",\"position\":2,\"name\":\"O BNG tacha de \u201cincompetente\u201d ao goberno doPP por acumular preto de 1,7 mill\u00f3ns de eurosen facturas impagadas en 2023\"}]},{\"@type\":\"WebSite\",\"@id\":\"https:\\\/\\\/www.anovapeneira.gal\\\/#website\",\"url\":\"https:\\\/\\\/www.anovapeneira.gal\\\/\",\"name\":\"\",\"description\":\"Xornal galego de informaci\u00f3n xeral Publicaci\u00f3n mensual de novas de Galicia e en especial dos Concellos da sur da provincia de Pontevedra.\",\"publisher\":{\"@id\":\"https:\\\/\\\/www.anovapeneira.gal\\\/#organization\"},\"potentialAction\":[{\"@type\":\"SearchAction\",\"target\":{\"@type\":\"EntryPoint\",\"urlTemplate\":\"https:\\\/\\\/www.anovapeneira.gal\\\/?s={search_term_string}\"},\"query-input\":{\"@type\":\"PropertyValueSpecification\",\"valueRequired\":true,\"valueName\":\"search_term_string\"}}],\"inLanguage\":\"gl-ES\"},{\"@type\":\"Organization\",\"@id\":\"https:\\\/\\\/www.anovapeneira.gal\\\/#organization\",\"name\":\"A Nova Peneira\",\"url\":\"https:\\\/\\\/www.anovapeneira.gal\\\/\",\"logo\":{\"@type\":\"ImageObject\",\"inLanguage\":\"gl-ES\",\"@id\":\"https:\\\/\\\/www.anovapeneira.gal\\\/#\\\/schema\\\/logo\\\/image\\\/\",\"url\":\"http:\\\/\\\/www.anovapeneira.gal\\\/wp-content\\\/uploads\\\/2019\\\/06\\\/logo_a_nova_peneira_portal_web.png\",\"contentUrl\":\"http:\\\/\\\/www.anovapeneira.gal\\\/wp-content\\\/uploads\\\/2019\\\/06\\\/logo_a_nova_peneira_portal_web.png\",\"width\":300,\"height\":100,\"caption\":\"A Nova Peneira\"},\"image\":{\"@id\":\"https:\\\/\\\/www.anovapeneira.gal\\\/#\\\/schema\\\/logo\\\/image\\\/\"},\"sameAs\":[\"https:\\\/\\\/www.facebook.com\\\/anovapeneira\",\"https:\\\/\\\/x.com\\\/APeneira\"]},{\"@type\":\"Person\",\"@id\":\"https:\\\/\\\/www.anovapeneira.gal\\\/#\\\/schema\\\/person\\\/b93e3f8932e3f8da96334607eb6ac6aa\",\"name\":\"Redacci\u00f3n A Nova Peneira\",\"image\":{\"@type\":\"ImageObject\",\"inLanguage\":\"gl-ES\",\"@id\":\"https:\\\/\\\/secure.gravatar.com\\\/avatar\\\/c052a2551a06e23fac63626232eaa90abd78dbcf1700fc46a2b2c89fd27b735f?s=96&d=mm&r=g\",\"url\":\"https:\\\/\\\/secure.gravatar.com\\\/avatar\\\/c052a2551a06e23fac63626232eaa90abd78dbcf1700fc46a2b2c89fd27b735f?s=96&d=mm&r=g\",\"contentUrl\":\"https:\\\/\\\/secure.gravatar.com\\\/avatar\\\/c052a2551a06e23fac63626232eaa90abd78dbcf1700fc46a2b2c89fd27b735f?s=96&d=mm&r=g\",\"caption\":\"Redacci\u00f3n A Nova Peneira\"},\"sameAs\":[\"http:\\\/\\\/www.anovapeneira.gal\\\/\"],\"url\":\"https:\\\/\\\/www.anovapeneira.gal\\\/index.php\\\/author\\\/redactor\\\/\"}]}<\/script>\n<!-- \/ Yoast SEO plugin. -->","yoast_head_json":{"title":"O BNG tacha de \u201cincompetente\u201d ao goberno doPP por acumular preto de 1,7 mill\u00f3ns de eurosen facturas impagadas en 2023 -","description":"O PP de Nidia Ar\u00e9valo aprobou un reco\u00f1ecemento extraxudicial de cr\u00e9dito no que se incl\u00faen miles de euros en merchandising e varios meses de electricidade","robots":{"index":"index","follow":"follow","max-snippet":"max-snippet:-1","max-image-preview":"max-image-preview:large","max-video-preview":"max-video-preview:-1"},"canonical":"https:\/\/www.anovapeneira.gal\/index.php\/2024\/03\/13\/o-bng-tacha-de-incompetente-ao-goberno-dopp-por-acumular-preto-de-17-millons-de-eurosen-facturas-impagadas-en-2023\/","og_locale":"gl_ES","og_type":"article","og_title":"O BNG tacha de \u201cincompetente\u201d ao goberno doPP por acumular preto de 1,7 mill\u00f3ns de eurosen facturas impagadas en 2023 -","og_description":"O PP de Nidia Ar\u00e9valo aprobou un reco\u00f1ecemento extraxudicial de cr\u00e9dito no que se incl\u00faen miles de euros en merchandising e varios meses de electricidade","og_url":"https:\/\/www.anovapeneira.gal\/index.php\/2024\/03\/13\/o-bng-tacha-de-incompetente-ao-goberno-dopp-por-acumular-preto-de-17-millons-de-eurosen-facturas-impagadas-en-2023\/","article_publisher":"https:\/\/www.facebook.com\/anovapeneira","article_published_time":"2024-03-13T09:00:22+00:00","og_image":[{"width":720,"height":432,"url":"https:\/\/www.anovapeneira.gal\/wp-content\/uploads\/2024\/03\/bng_mos.jpg","type":"image\/jpeg"}],"author":"Redacci\u00f3n A Nova Peneira","twitter_card":"summary_large_image","twitter_creator":"@APeneira","twitter_site":"@APeneira","twitter_misc":{"Escrito por":"Redacci\u00f3n A Nova Peneira","Tempo de lectura":"4 minutos"},"schema":{"@context":"https:\/\/schema.org","@graph":[{"@type":"Article","@id":"https:\/\/www.anovapeneira.gal\/index.php\/2024\/03\/13\/o-bng-tacha-de-incompetente-ao-goberno-dopp-por-acumular-preto-de-17-millons-de-eurosen-facturas-impagadas-en-2023\/#article","isPartOf":{"@id":"https:\/\/www.anovapeneira.gal\/index.php\/2024\/03\/13\/o-bng-tacha-de-incompetente-ao-goberno-dopp-por-acumular-preto-de-17-millons-de-eurosen-facturas-impagadas-en-2023\/"},"author":{"name":"Redacci\u00f3n A Nova Peneira","@id":"https:\/\/www.anovapeneira.gal\/#\/schema\/person\/b93e3f8932e3f8da96334607eb6ac6aa"},"headline":"O BNG tacha de \u201cincompetente\u201d ao goberno doPP por acumular preto de 1,7 mill\u00f3ns de eurosen facturas impagadas en 2023","datePublished":"2024-03-13T09:00:22+00:00","mainEntityOfPage":{"@id":"https:\/\/www.anovapeneira.gal\/index.php\/2024\/03\/13\/o-bng-tacha-de-incompetente-ao-goberno-dopp-por-acumular-preto-de-17-millons-de-eurosen-facturas-impagadas-en-2023\/"},"wordCount":602,"commentCount":0,"publisher":{"@id":"https:\/\/www.anovapeneira.gal\/#organization"},"image":{"@id":"https:\/\/www.anovapeneira.gal\/index.php\/2024\/03\/13\/o-bng-tacha-de-incompetente-ao-goberno-dopp-por-acumular-preto-de-17-millons-de-eurosen-facturas-impagadas-en-2023\/#primaryimage"},"thumbnailUrl":"https:\/\/www.anovapeneira.gal\/wp-content\/uploads\/2024\/03\/bng_mos.jpg","keywords":["Concello de Mos"],"articleSection":["A Louri\u00f1a"],"inLanguage":"gl-ES","potentialAction":[{"@type":"CommentAction","name":"Comment","target":["https:\/\/www.anovapeneira.gal\/index.php\/2024\/03\/13\/o-bng-tacha-de-incompetente-ao-goberno-dopp-por-acumular-preto-de-17-millons-de-eurosen-facturas-impagadas-en-2023\/#respond"]}]},{"@type":"WebPage","@id":"https:\/\/www.anovapeneira.gal\/index.php\/2024\/03\/13\/o-bng-tacha-de-incompetente-ao-goberno-dopp-por-acumular-preto-de-17-millons-de-eurosen-facturas-impagadas-en-2023\/","url":"https:\/\/www.anovapeneira.gal\/index.php\/2024\/03\/13\/o-bng-tacha-de-incompetente-ao-goberno-dopp-por-acumular-preto-de-17-millons-de-eurosen-facturas-impagadas-en-2023\/","name":"O BNG tacha de \u201cincompetente\u201d ao goberno doPP por acumular preto de 1,7 mill\u00f3ns de eurosen facturas impagadas en 2023 -","isPartOf":{"@id":"https:\/\/www.anovapeneira.gal\/#website"},"primaryImageOfPage":{"@id":"https:\/\/www.anovapeneira.gal\/index.php\/2024\/03\/13\/o-bng-tacha-de-incompetente-ao-goberno-dopp-por-acumular-preto-de-17-millons-de-eurosen-facturas-impagadas-en-2023\/#primaryimage"},"image":{"@id":"https:\/\/www.anovapeneira.gal\/index.php\/2024\/03\/13\/o-bng-tacha-de-incompetente-ao-goberno-dopp-por-acumular-preto-de-17-millons-de-eurosen-facturas-impagadas-en-2023\/#primaryimage"},"thumbnailUrl":"https:\/\/www.anovapeneira.gal\/wp-content\/uploads\/2024\/03\/bng_mos.jpg","datePublished":"2024-03-13T09:00:22+00:00","description":"O PP de Nidia Ar\u00e9valo aprobou un reco\u00f1ecemento extraxudicial de cr\u00e9dito no que se incl\u00faen miles de euros en merchandising e varios meses de electricidade","breadcrumb":{"@id":"https:\/\/www.anovapeneira.gal\/index.php\/2024\/03\/13\/o-bng-tacha-de-incompetente-ao-goberno-dopp-por-acumular-preto-de-17-millons-de-eurosen-facturas-impagadas-en-2023\/#breadcrumb"},"inLanguage":"gl-ES","potentialAction":[{"@type":"ReadAction","target":["https:\/\/www.anovapeneira.gal\/index.php\/2024\/03\/13\/o-bng-tacha-de-incompetente-ao-goberno-dopp-por-acumular-preto-de-17-millons-de-eurosen-facturas-impagadas-en-2023\/"]}]},{"@type":"ImageObject","inLanguage":"gl-ES","@id":"https:\/\/www.anovapeneira.gal\/index.php\/2024\/03\/13\/o-bng-tacha-de-incompetente-ao-goberno-dopp-por-acumular-preto-de-17-millons-de-eurosen-facturas-impagadas-en-2023\/#primaryimage","url":"https:\/\/www.anovapeneira.gal\/wp-content\/uploads\/2024\/03\/bng_mos.jpg","contentUrl":"https:\/\/www.anovapeneira.gal\/wp-content\/uploads\/2024\/03\/bng_mos.jpg","width":720,"height":432,"caption":"BNG Mos"},{"@type":"BreadcrumbList","@id":"https:\/\/www.anovapeneira.gal\/index.php\/2024\/03\/13\/o-bng-tacha-de-incompetente-ao-goberno-dopp-por-acumular-preto-de-17-millons-de-eurosen-facturas-impagadas-en-2023\/#breadcrumb","itemListElement":[{"@type":"ListItem","position":1,"name":"Portada","item":"https:\/\/www.anovapeneira.gal\/"},{"@type":"ListItem","position":2,"name":"O BNG tacha de \u201cincompetente\u201d ao goberno doPP por acumular preto de 1,7 mill\u00f3ns de eurosen facturas impagadas en 2023"}]},{"@type":"WebSite","@id":"https:\/\/www.anovapeneira.gal\/#website","url":"https:\/\/www.anovapeneira.gal\/","name":"","description":"Xornal galego de informaci\u00f3n xeral Publicaci\u00f3n mensual de novas de Galicia e en especial dos Concellos da sur da provincia de Pontevedra.","publisher":{"@id":"https:\/\/www.anovapeneira.gal\/#organization"},"potentialAction":[{"@type":"SearchAction","target":{"@type":"EntryPoint","urlTemplate":"https:\/\/www.anovapeneira.gal\/?s={search_term_string}"},"query-input":{"@type":"PropertyValueSpecification","valueRequired":true,"valueName":"search_term_string"}}],"inLanguage":"gl-ES"},{"@type":"Organization","@id":"https:\/\/www.anovapeneira.gal\/#organization","name":"A Nova Peneira","url":"https:\/\/www.anovapeneira.gal\/","logo":{"@type":"ImageObject","inLanguage":"gl-ES","@id":"https:\/\/www.anovapeneira.gal\/#\/schema\/logo\/image\/","url":"http:\/\/www.anovapeneira.gal\/wp-content\/uploads\/2019\/06\/logo_a_nova_peneira_portal_web.png","contentUrl":"http:\/\/www.anovapeneira.gal\/wp-content\/uploads\/2019\/06\/logo_a_nova_peneira_portal_web.png","width":300,"height":100,"caption":"A Nova Peneira"},"image":{"@id":"https:\/\/www.anovapeneira.gal\/#\/schema\/logo\/image\/"},"sameAs":["https:\/\/www.facebook.com\/anovapeneira","https:\/\/x.com\/APeneira"]},{"@type":"Person","@id":"https:\/\/www.anovapeneira.gal\/#\/schema\/person\/b93e3f8932e3f8da96334607eb6ac6aa","name":"Redacci\u00f3n A Nova Peneira","image":{"@type":"ImageObject","inLanguage":"gl-ES","@id":"https:\/\/secure.gravatar.com\/avatar\/c052a2551a06e23fac63626232eaa90abd78dbcf1700fc46a2b2c89fd27b735f?s=96&d=mm&r=g","url":"https:\/\/secure.gravatar.com\/avatar\/c052a2551a06e23fac63626232eaa90abd78dbcf1700fc46a2b2c89fd27b735f?s=96&d=mm&r=g","contentUrl":"https:\/\/secure.gravatar.com\/avatar\/c052a2551a06e23fac63626232eaa90abd78dbcf1700fc46a2b2c89fd27b735f?s=96&d=mm&r=g","caption":"Redacci\u00f3n A Nova Peneira"},"sameAs":["http:\/\/www.anovapeneira.gal\/"],"url":"https:\/\/www.anovapeneira.gal\/index.php\/author\/redactor\/"}]}},"jetpack_featured_media_url":"https:\/\/www.anovapeneira.gal\/wp-content\/uploads\/2024\/03\/bng_mos.jpg","_links":{"self":[{"href":"https:\/\/www.anovapeneira.gal\/index.php\/wp-json\/wp\/v2\/posts\/11408","targetHints":{"allow":["GET"]}}],"collection":[{"href":"https:\/\/www.anovapeneira.gal\/index.php\/wp-json\/wp\/v2\/posts"}],"about":[{"href":"https:\/\/www.anovapeneira.gal\/index.php\/wp-json\/wp\/v2\/types\/post"}],"author":[{"embeddable":true,"href":"https:\/\/www.anovapeneira.gal\/index.php\/wp-json\/wp\/v2\/users\/3"}],"replies":[{"embeddable":true,"href":"https:\/\/www.anovapeneira.gal\/index.php\/wp-json\/wp\/v2\/comments?post=11408"}],"version-history":[{"count":1,"href":"https:\/\/www.anovapeneira.gal\/index.php\/wp-json\/wp\/v2\/posts\/11408\/revisions"}],"predecessor-version":[{"id":11410,"href":"https:\/\/www.anovapeneira.gal\/index.php\/wp-json\/wp\/v2\/posts\/11408\/revisions\/11410"}],"wp:featuredmedia":[{"embeddable":true,"href":"https:\/\/www.anovapeneira.gal\/index.php\/wp-json\/wp\/v2\/media\/11409"}],"wp:attachment":[{"href":"https:\/\/www.anovapeneira.gal\/index.php\/wp-json\/wp\/v2\/media?parent=11408"}],"wp:term":[{"taxonomy":"category","embeddable":true,"href":"https:\/\/www.anovapeneira.gal\/index.php\/wp-json\/wp\/v2\/categories?post=11408"},{"taxonomy":"post_tag","embeddable":true,"href":"https:\/\/www.anovapeneira.gal\/index.php\/wp-json\/wp\/v2\/tags?post=11408"}],"curies":[{"name":"wp","href":"https:\/\/api.w.org\/{rel}","templated":true}]}}