{"id":11412,"date":"2024-03-13T12:00:30","date_gmt":"2024-03-13T11:00:30","guid":{"rendered":"https:\/\/www.anovapeneira.gal\/?p=11412"},"modified":"2024-03-12T13:59:55","modified_gmt":"2024-03-12T12:59:55","slug":"manuel-caride-responsable-comarcal-do-bng-de-vigo-2","status":"publish","type":"post","link":"https:\/\/www.anovapeneira.gal\/index.php\/2024\/03\/13\/manuel-caride-responsable-comarcal-do-bng-de-vigo-2\/","title":{"rendered":"Manuel Caride , responsable comarcal do BNG de Vigo"},"content":{"rendered":"\n<p><strong>Despois das pasadas elecci\u00f3ns auton\u00f3micas nas que o BNG obtivo un resultado extraordinario en todo o pa\u00eds galego e particularmente brillante na comarca de Vigo, chegando incluso a ga\u00f1ar as elecci\u00f3ns nesa cidade por primeira vez na s\u00faa historia, non cabe d\u00fabida de que a organizaci\u00f3n comarcal do BNG Vigo \u00e9 unha das triunfadoras do 18F pois os resultados acadados non fixeron outra cousa que avalar sen ning\u00fan tipo de matiz o seu traballo. N\u00f3s tivemos unha extensa conversa co seu responsable comarcal, Manuel Caride. El \u00e9 un veterano militante nacionalista que ten na s\u00faa cabeza os catro puntos cardinais do mapa pol\u00edtico das oito localidades das que \u00e9 responsable. Asemade \u00e9 un home tranquilo \u00e9 discreto co que, como sempre, foi un pracer conversar.<\/strong><\/p>\n\n\n\n<p>\u201c <strong>Existen perspectivas realistas de que no 2027 o BNG poida optar a alcald\u00eda de Vigo\u201d<\/strong><\/p>\n\n\n\n<p><strong>Non creo que che resulte moi complicado responder \u00e1 primeira pregunta que , como non pod\u00eda ser doutro modo, \u00e9 sobre a t\u00faa valoraci\u00f3n do resultado do Bng nas recentes elecci\u00f3ns auton\u00f3micas?<\/strong><\/p>\n\n\n\n<p>Son,tanto a nivel galego como no que atinxe \u00e1 nosa comarca, uns resultados hist\u00f3ricos que superan todos os nosos teitos e que s\u00f3 merecen o cualificativo de extraordinarios.<\/p>\n\n\n\n<p><strong>Ti es un militante nacionalista e al\u00e9n da mera conxuntura electoral, que \u00e9 importante, tam\u00e9n est\u00e1s interesado en aumentar o n\u00famero de persoas comprometidas co nacionalismo para que a idea de que o noso, \u00e9 un pa\u00eds de seu poida seguir existindo nas xeraci\u00f3ns futuras. Cantos votos dese inmenso caudal de confianza que recibiu o BNG poder\u00e1n ser no futuro inmediato coraz\u00f3ns conquistados?<\/strong><\/p>\n\n\n\n<p>Eu estou moi interesado en que o nacionalismo galego chegue cada vez a m\u00e1is persoas, iso \u00e9 indiscutible. E ademais da cuesti\u00f3n emocional te\u00f1o ese interese porque estou firmemente convencido de que \u00e9 o cami\u00f1o correcto para mellorar a vida coti\u00e1 das maior\u00edas sociais do pobo galego. Cuantificar o que me pides non \u00e9 posible. Agora ben, s\u00f3 o feito de que algu\u00e9n colla unha papeleta do BNG \u00e9 moi positivo e indica con claridade de que a potencia de crecemento do nacionalismo en Galiza non ten teito .Ningunha persoa das case medio mill\u00f3n que nos votaron o 18 F desco\u00f1ece que o BNG \u00e9 unha forza pol\u00edtica nacionalista.<\/p>\n\n\n\n<p><strong>O BNG subiu 155.000 votos , PSOE+SUMAR perderon arredor de 70.000 e o PP subiu tam\u00e9n cerca de 70.000.A importante suba en votos que tivestes son todos do que perde o PSOE e Sumar m\u00e1is da abstenci\u00f3n? Ou lograstes penetrar algo no corpo tradicional de votantes do PP?.<\/strong><\/p>\n\n\n\n<p>Eu destacar\u00eda o feito de que moitos novos votantes optaron polo BNG, algo moi importante para o futuro do nacionalismo. En relaci\u00f3n ao que me preguntas do PP non te\u00f1o datos concretos para podelo contestar con rigor. Imaxino que algo pode haber pero non saber\u00eda dicir canto. En calquera caso te\u00f1o a convicci\u00f3n de que a maior\u00eda do voto novo que captamos ven de xente cun pensamento de esquerdas e que sinte ao pa\u00eds.<\/p>\n\n\n\n<p><strong>\u00c9 posible penetrar en maior medida no voto tradicional do PP?<\/strong><\/p>\n\n\n\n<p>Posible si que \u00e9. Doado penso que non. No voto do PP hai unha vinculaci\u00f3n a factores socio econ\u00f3micos que crean redes clientelares contra as que \u00e9 moi dif\u00edcil loitar.<\/p>\n\n\n\n<p><strong>Falemos da t\u00faa comarca. Ti levas m\u00e1is de 30 anos militando no bloque nos que viviches procesos electorais de todo tipo. Algunha vez o BNG quedara de primeira forza na cidade de Vigo?<\/strong><\/p>\n\n\n\n<p>Non, \u00e9 a primeira vez na historia que iso acontece. E tam\u00e9n \u00e9 a primeira vez que o BNG, nunha cidade, queda de primeira forza nunhas elecci\u00f3ns de car\u00e1cter xeral. O fant\u00e1stico traballo que se est\u00e1 a facer no concello de Vigo, tanto institucional como de r\u00faa, liderados por un Xabier P\u00e9rez Igrexas que \u00e9 o mellor pol\u00edtico desta cidade \u00e9 unha das chaves que explica o por que do magn\u00edfico resultado na nosa cidade.<\/p>\n\n\n\n<p><strong>\u00c9 razoable pensar que no 2027 o BNG te\u00f1a perspectivas realistas de acadar a alcald\u00eda de Vigo?<\/strong><\/p>\n\n\n\n<p>Si, pensar que imos ter perspectivas de lograla si que \u00e9 razoable. Ollo non digo que o vaiamos acadar e nin moito menos que sexa algo f\u00e1cil. Pero que no 2023 non era unha opci\u00f3n realista e que no 2027 todo apunta a que si o vai ser, si que se pode dicir.<\/p>\n\n\n\n<p><strong>Nas oito localidades que abrangue a comarca de Vigo da que ti es responsable os resultados foron excelentes?<\/strong><\/p>\n\n\n\n<p>A valoraci\u00f3n global \u00e9 excelente, si. Quedamos primeira forza en Vigo e Redondela e segunda forza no resto de concellos ag\u00e1s en Fornelos que fomos terceiros.<\/p>\n\n\n\n<p><strong>Ben, analizadas polo mi\u00fado as circunstancias referentes \u00e1s \u00faltimas auton\u00f3micas quero pedirche unha valoraci\u00f3n sint\u00e9tica da situaci\u00f3n pol\u00edtica local das oito localidades que competen \u00e1 comarca da que ti es responsable:<\/strong><\/p>\n\n\n\n<p><strong>Vigo<\/strong><\/p>\n\n\n\n<blockquote class=\"wp-block-quote is-layout-flow wp-block-quote-is-layout-flow\">\n<p>Como antes che mencionei estamos a realizar un inmenso traballo, tanto no Concello como na r\u00faa. Estamos marcando o pulso da actividade municipal e somos a referencia da oposici\u00f3n sen ning\u00fan tipo de d\u00fabida.<\/p>\n<\/blockquote>\n\n\n\n<p><strong>O modus operandi do alcalde segue a ser o mesmo?<\/strong><\/p>\n\n\n\n<blockquote class=\"wp-block-quote is-layout-flow wp-block-quote-is-layout-flow\">\n<p>Si, o seu car\u00e1cter autoritario non mudou o m\u00e1is m\u00ednimo e en grande medida segue a definir a actividade pol\u00edtica do goberno municipal.<\/p>\n<\/blockquote>\n\n\n\n<p><strong>Redondela<\/strong><\/p>\n\n\n\n<blockquote class=\"wp-block-quote is-layout-flow wp-block-quote-is-layout-flow\">\n<p>Al\u00e9grome especialmente polo extraordinario resultado desta localidade na que ga\u00f1amos as elecci\u00f3ns con cerca do 40% dos votos. Os compa\u00f1eiros e compa\u00f1eiras do BNG local recibiron moitas presi\u00f3ns, que en ocasi\u00f3ns transcenden o campo da pol\u00edtica para entrar en intolerables valoraci\u00f3ns morais e o excelente resultado acadado en Redondela non fai m\u00e1is que avalar o seu traballo.<\/p>\n<\/blockquote>\n\n\n\n<p><strong>Cando falas das \u201cintolerables valoraci\u00f3ns morais\u201d ref\u00edreste a \u00faltima campa\u00f1a do PP que acusa ao voso voceiro local de \u201c machista\u201d?<\/strong><\/p>\n\n\n\n<blockquote class=\"wp-block-quote is-layout-flow wp-block-quote-is-layout-flow\">\n<p>Calquera que co\u00f1eza a Xoan Carlos Gonz\u00e1lez sabe que esa acusaci\u00f3n non \u00e9 m\u00e1is que unha intoxicaci\u00f3n interesada que non responde en absoluto \u00e1 realidade. Se por algo se caracteriza Xo\u00e1n Carlos \u00e9 pola defensa da igualdade e a asunci\u00f3n dos principios do feminismo.<\/p>\n<\/blockquote>\n\n\n\n<p><strong>Pazos de Borb\u00e9n<\/strong><\/p>\n\n\n\n<blockquote class=\"wp-block-quote is-layout-flow wp-block-quote-is-layout-flow\">\n<p>Estamos a desenvolver un traballo de oposici\u00f3n construtiva, que \u00e9 o lugar no que nos colocaron as urnas, e marcando o pulso da actividade pol\u00edtica do Concello. En Pazos a situaci\u00f3n non \u00e9 nada f\u00e1cil. Vimos de varios mandatos nos que o Bng non ti\u00f1a representaci\u00f3n no concello. E nas pasadas elecci\u00f3ns municipais o noso traballo de r\u00faa e a grande calidade pol\u00edtica do noso candidato Xurxo Pardo fixo que a situaci\u00f3n do nacionalismo nesa localidade comezara a se normalizar. Estou convencido de que todo ir\u00e1 aos poucos a mellor.<\/p>\n<\/blockquote>\n\n\n\n<p><strong>Ves algunha opci\u00f3n de que ao longo deste mandato o BNG poida entrar no goberno de Pazos?<\/strong><\/p>\n\n\n\n<blockquote class=\"wp-block-quote is-layout-flow wp-block-quote-is-layout-flow\">\n<p>O BNG local tomou no seu momento a decisi\u00f3n de non facelo e polo que eu sei polo de agora non hai nada que indique que se vaia mudar de criterio. En calquera caso esa \u00e9 unha pregunta que debe de responder a asemblea local.<\/p>\n<\/blockquote>\n\n\n\n<p><strong>Fornelos de Montes<\/strong><\/p>\n\n\n\n<blockquote class=\"wp-block-quote is-layout-flow wp-block-quote-is-layout-flow\">\n<p>Se en Pazos a situaci\u00f3n \u00e9 dif\u00edcil e en Fornelos \u00e9 m\u00e1is a\u00ednda. Este \u00e9 un Concello no que a s\u00faa sociolox\u00eda fai terriblemente complexo artellar unha organizaci\u00f3n local s\u00f3lida. E por iso desde aqu\u00ed quero expresar a mi\u00f1a profunda admiraci\u00f3n e respecto por todos os compa\u00f1eiros e compa\u00f1eiras do Bloque que traballan en circunstancias tan complicadas, en particular pola nosa brillante concelleira Mila Casal Blanco. Neste tipo de concellos a maior\u00eda de xente ten que traballar f\u00f3ra. E atopar persoas que lle poidan adicar tempo \u00e9 moi complexo.<\/p>\n<\/blockquote>\n\n\n\n<p><strong>Pero o PP local reforzouse con xente nova e tivo un moi bo resultado nas municipais?<\/strong><\/p>\n\n\n\n<blockquote class=\"wp-block-quote is-layout-flow wp-block-quote-is-layout-flow\">\n<p>Con todos os respectos: A n\u00f3s non nos vale calquera cousa. N\u00f3s queremos persoas con compromiso co pa\u00eds.<\/p>\n<\/blockquote>\n\n\n\n<p><strong>Mos<\/strong><\/p>\n\n\n\n<blockquote class=\"wp-block-quote is-layout-flow wp-block-quote-is-layout-flow\">\n<p>En Mos vivimos un moi bo momento cun traballo de resposta contundente \u00e1s pol\u00edticas agresivas da alcaldesa Nidia Ar\u00e9valo. N\u00f3s tesmos 3 concelleir@s e o PSOE 4 pero a ningu\u00e9n se lle escapa que a oposici\u00f3n do Concello de Mos \u00e9 o BNG. Este \u00e9 un Concello no que se aprecia con claridade o que debe de ser eixo da nosa actividade pol\u00edtica: A combinaci\u00f3n do traballo institucional co traballo de r\u00faa. Cando mantemos con firmeza esta li\u00f1a de acci\u00f3n pol\u00edtica ao bloque vaille ben.<\/p>\n<\/blockquote>\n\n\n\n<p><strong>De feito en Tameiga os resultados foron excelentes?<\/strong><\/p>\n\n\n\n<blockquote class=\"wp-block-quote is-layout-flow wp-block-quote-is-layout-flow\">\n<p>Extraordinarios, si. Falo de memoria pero creo que nesa parroquia pasamos do 40% de voto e que ga\u00f1amos en todas as mesas de Puxeiros.<\/p>\n<\/blockquote>\n\n\n\n<p><strong>Cal \u00e9 a t\u00faa opini\u00f3n de como van evolucionar os acontecementos do proxecto do Celta en Tameiga?<\/strong><\/p>\n\n\n\n<blockquote class=\"wp-block-quote is-layout-flow wp-block-quote-is-layout-flow\">\n<p>O PP est\u00e1 embarcado nunha operaci\u00f3n para beneficio dunha entidade privada, en particular da familia Mouri\u00f1o. Eu creo que van tentar tratar de chegar ata o final. Mais te\u00f1en en fronte a unha veci\u00f1anza e unhas comunidades de augas e de montes que, fronte \u00e1 especulaci\u00f3n, acreditan nun futuro sost\u00edbel para o seu monte. Nesta loita contan, desde logo, co total apoio do BNG.<\/p>\n<\/blockquote>\n\n\n\n<p><strong>Gondomar<\/strong><\/p>\n\n\n\n<blockquote class=\"wp-block-quote is-layout-flow wp-block-quote-is-layout-flow\">\n<p>En Gondomar estamos tam\u00e9n nun momento doce e de crecemento. Foi unha m\u00e1goa non acadarmos a segunda acta nas pasadas elecci\u00f3ns municipais, de feito quedamos a moi poucos votos de logralo. Nesta localidade s\u00f3 temos unha concelleira, Manuela Rodr\u00edguez, pero ela fai pol\u00edtica , tanto desde un punto de vista cuantitativo como desde unha \u00f3ptica cualitativa, dunha maneira m\u00e1is importante que todo o resto da oposici\u00f3n xunta. O goberno de Paco Ferreira, un alcalde cun talante moi parecido ao do seu hom\u00f3logo vigu\u00e9s, est\u00e1 moi debilitado, comeza a acusar o desgaste do seu modo de facer pol\u00edtica e n\u00f3s estamos en clara progresi\u00f3n ascendente.<\/p>\n<\/blockquote>\n\n\n\n<p><strong>O cami\u00f1o parece que se dirixe \u00e1 consolidaci\u00f3n do BNG en Gondomar, un BNG que viviu circunstancias moi dif\u00edciles?<\/strong><\/p>\n\n\n\n<blockquote class=\"wp-block-quote is-layout-flow wp-block-quote-is-layout-flow\">\n<p>Si, \u00e9 certo. Circunstancias que afortunadamente xa non existen en moitas outras localidades e en algunhas como Gondomar est\u00e1n en cami\u00f1o de desaparecer. Te\u00f1o a convicci\u00f3n de que a casa com\u00fan do nacionalismo galego, que \u00e9 o que pretende ser o BNG, est\u00e1 en cami\u00f1o de consolidaci\u00f3n nesta localidade e non s\u00f3 a nivel pol\u00edtico sen\u00f3n tam\u00e9n a nivel social.<\/p>\n<\/blockquote>\n\n\n\n<p><strong>Tivestes algunha oferta do PSOE para entrardes no goberno?<\/strong><\/p>\n\n\n\n<blockquote class=\"wp-block-quote is-layout-flow wp-block-quote-is-layout-flow\">\n<p>Fixeron a oferta, pero non se estimou. S\u00f3 se mantiveron contactos para un posible acordo de investidura que non callaron.<\/p>\n<\/blockquote>\n\n\n\n<p><strong>Nigr\u00e1n<\/strong><\/p>\n\n\n\n<blockquote class=\"wp-block-quote is-layout-flow wp-block-quote-is-layout-flow\">\n<p>Neste concello d\u00e1base unha situaci\u00f3n moi curiosa: antes destas \u00faltimas municipais non ti\u00f1amos representaci\u00f3n na corporaci\u00f3n pero a afiliaci\u00f3n estaba a medrar de maneira realmente notable o que indica que as compa\u00f1eiros e compa\u00f1eiros de Nigr\u00e1n estaban a facer un traballo social que era apreciado e valorado pola veci\u00f1anza. Afortunadamente nas pasadas municipais logramos recuperar a representaci\u00f3n e conf\u00edo en que o bo traballo do noso concelleiro Xavier Rodr\u00edguez exercer\u00e1 de catalizador para consolidar ao BNG nese concello.<\/p>\n<\/blockquote>\n\n\n\n<p><strong>En que li\u00f1as se est\u00e1 a traballar no BNG de Nigr\u00e1n?<\/strong><\/p>\n\n\n\n<blockquote class=\"wp-block-quote is-layout-flow wp-block-quote-is-layout-flow\">\n<p>Estamos tratando de afortalar a organizaci\u00f3n local para dotala de cadros pol\u00edticos que nos poidan axudar a ampliar a futura representaci\u00f3n que estou seguro imos ter nese concello.<\/p>\n<\/blockquote>\n\n\n\n<p><strong>Baiona<\/strong><\/p>\n\n\n\n<blockquote class=\"wp-block-quote is-layout-flow wp-block-quote-is-layout-flow\">\n<p>Baiona \u00e9 unha localidade moi complexa na que viven importantes segmentos de poboaci\u00f3n que non son da vila e na que hai que contar con colectivos de persoas que fixeron casa al\u00ed e que son dun estrato econ\u00f3mico alto ou moi alto que tradicionalmente apoian a quen entenden que defende os seus intereses e que claramente non \u00e9 o BNG. En Baiona estamos nunha fase na que temos que encontrar cal \u00e9 o mellor cami\u00f1o para relanzar ao BNG.<\/p>\n<\/blockquote>\n\n\n\n<p><strong>En calquera caso os resultados das auton\u00f3micas tam\u00e9n foron moi bos en Baiona?<\/strong><\/p>\n\n\n\n<blockquote class=\"wp-block-quote is-layout-flow wp-block-quote-is-layout-flow\">\n<p>Desde logo que si, andamos nun 30% do voto que non deixa de ser un resultado extraordinario. En Baiona d\u00e1se un fen\u00f3meno peculiar:temos un corpo de voto moi fiel, que nunca nos abandona nin sequera nos peores momentos. E ese \u00e9 un m\u00e9rito que te\u00f1en os compa\u00f1eiros e compa\u00f1eiras desa vila.<\/p>\n<\/blockquote>\n","protected":false},"excerpt":{"rendered":"<div class=\"mh-excerpt\"><p>Despois das pasadas elecci\u00f3ns auton\u00f3micas nas que o BNG obtivo un resultado extraordinario en todo o pa\u00eds galego e particularmente brillante na comarca de Vigo <a class=\"mh-excerpt-more\" href=\"https:\/\/www.anovapeneira.gal\/index.php\/2024\/03\/13\/manuel-caride-responsable-comarcal-do-bng-de-vigo-2\/\" title=\"Manuel Caride , responsable comarcal do BNG de Vigo\">[&#8230;]<\/a><\/p>\n<\/div>","protected":false},"author":3,"featured_media":11413,"comment_status":"open","ping_status":"open","sticky":false,"template":"","format":"standard","meta":{"_exactmetrics_skip_tracking":false,"_exactmetrics_sitenote_active":false,"_exactmetrics_sitenote_note":"","_exactmetrics_sitenote_category":0,"footnotes":""},"categories":[272],"tags":[227],"class_list":{"0":"post-11412","1":"post","2":"type-post","3":"status-publish","4":"format-standard","5":"has-post-thumbnail","7":"category-vigo-entrevistas","8":"tag-concello-de-vigo"},"yoast_head":"<!-- This site is optimized with the Yoast SEO plugin v27.4 - https:\/\/yoast.com\/product\/yoast-seo-wordpress\/ -->\n<title>Manuel Caride , responsable comarcal do BNG de Vigo -<\/title>\n<meta name=\"description\" content=\"Despois das pasadas elecci\u00f3ns auton\u00f3micas nas que o BNG obtivo un resultado extraordinario en todo o pa\u00eds galego e particularmente brillante na comarca de Vigo, chegando incluso a ga\u00f1ar as elecci\u00f3ns nesa cidade por primeira vez na s\u00faa historia\" \/>\n<meta name=\"robots\" content=\"index, follow, max-snippet:-1, max-image-preview:large, max-video-preview:-1\" \/>\n<link rel=\"canonical\" href=\"https:\/\/www.anovapeneira.gal\/index.php\/2024\/03\/13\/manuel-caride-responsable-comarcal-do-bng-de-vigo-2\/\" \/>\n<meta property=\"og:locale\" content=\"gl_ES\" \/>\n<meta property=\"og:type\" content=\"article\" \/>\n<meta property=\"og:title\" content=\"Manuel Caride , responsable comarcal do BNG de Vigo -\" \/>\n<meta property=\"og:description\" content=\"Despois das pasadas elecci\u00f3ns auton\u00f3micas nas que o BNG obtivo un resultado extraordinario en todo o pa\u00eds galego e particularmente brillante na comarca de Vigo, chegando incluso a ga\u00f1ar as elecci\u00f3ns nesa cidade por primeira vez na s\u00faa historia\" \/>\n<meta property=\"og:url\" content=\"https:\/\/www.anovapeneira.gal\/index.php\/2024\/03\/13\/manuel-caride-responsable-comarcal-do-bng-de-vigo-2\/\" \/>\n<meta property=\"article:publisher\" content=\"https:\/\/www.facebook.com\/anovapeneira\" \/>\n<meta property=\"article:published_time\" content=\"2024-03-13T11:00:30+00:00\" \/>\n<meta property=\"og:image\" content=\"https:\/\/www.anovapeneira.gal\/wp-content\/uploads\/2024\/03\/manolo_bng_vigo.jpg\" \/>\n\t<meta property=\"og:image:width\" content=\"1848\" \/>\n\t<meta property=\"og:image:height\" content=\"1107\" \/>\n\t<meta property=\"og:image:type\" content=\"image\/jpeg\" \/>\n<meta name=\"author\" content=\"Redacci\u00f3n A Nova Peneira\" \/>\n<meta name=\"twitter:card\" content=\"summary_large_image\" \/>\n<meta name=\"twitter:creator\" content=\"@APeneira\" \/>\n<meta name=\"twitter:site\" content=\"@APeneira\" \/>\n<meta name=\"twitter:label1\" content=\"Escrito por\" \/>\n\t<meta name=\"twitter:data1\" content=\"Redacci\u00f3n A Nova Peneira\" \/>\n\t<meta name=\"twitter:label2\" content=\"Tempo de lectura\" \/>\n\t<meta name=\"twitter:data2\" content=\"6 minutos\" \/>\n<script type=\"application\/ld+json\" class=\"yoast-schema-graph\">{\"@context\":\"https:\\\/\\\/schema.org\",\"@graph\":[{\"@type\":\"Article\",\"@id\":\"https:\\\/\\\/www.anovapeneira.gal\\\/index.php\\\/2024\\\/03\\\/13\\\/manuel-caride-responsable-comarcal-do-bng-de-vigo-2\\\/#article\",\"isPartOf\":{\"@id\":\"https:\\\/\\\/www.anovapeneira.gal\\\/index.php\\\/2024\\\/03\\\/13\\\/manuel-caride-responsable-comarcal-do-bng-de-vigo-2\\\/\"},\"author\":{\"name\":\"Redacci\u00f3n A Nova Peneira\",\"@id\":\"https:\\\/\\\/www.anovapeneira.gal\\\/#\\\/schema\\\/person\\\/b93e3f8932e3f8da96334607eb6ac6aa\"},\"headline\":\"Manuel Caride , responsable comarcal do BNG de Vigo\",\"datePublished\":\"2024-03-13T11:00:30+00:00\",\"mainEntityOfPage\":{\"@id\":\"https:\\\/\\\/www.anovapeneira.gal\\\/index.php\\\/2024\\\/03\\\/13\\\/manuel-caride-responsable-comarcal-do-bng-de-vigo-2\\\/\"},\"wordCount\":2087,\"commentCount\":0,\"publisher\":{\"@id\":\"https:\\\/\\\/www.anovapeneira.gal\\\/#organization\"},\"image\":{\"@id\":\"https:\\\/\\\/www.anovapeneira.gal\\\/index.php\\\/2024\\\/03\\\/13\\\/manuel-caride-responsable-comarcal-do-bng-de-vigo-2\\\/#primaryimage\"},\"thumbnailUrl\":\"https:\\\/\\\/www.anovapeneira.gal\\\/wp-content\\\/uploads\\\/2024\\\/03\\\/manolo_bng_vigo.jpg\",\"keywords\":[\"Concello de Vigo\"],\"articleSection\":[\"Vigo\"],\"inLanguage\":\"gl-ES\",\"potentialAction\":[{\"@type\":\"CommentAction\",\"name\":\"Comment\",\"target\":[\"https:\\\/\\\/www.anovapeneira.gal\\\/index.php\\\/2024\\\/03\\\/13\\\/manuel-caride-responsable-comarcal-do-bng-de-vigo-2\\\/#respond\"]}]},{\"@type\":\"WebPage\",\"@id\":\"https:\\\/\\\/www.anovapeneira.gal\\\/index.php\\\/2024\\\/03\\\/13\\\/manuel-caride-responsable-comarcal-do-bng-de-vigo-2\\\/\",\"url\":\"https:\\\/\\\/www.anovapeneira.gal\\\/index.php\\\/2024\\\/03\\\/13\\\/manuel-caride-responsable-comarcal-do-bng-de-vigo-2\\\/\",\"name\":\"Manuel Caride , responsable comarcal do BNG de Vigo -\",\"isPartOf\":{\"@id\":\"https:\\\/\\\/www.anovapeneira.gal\\\/#website\"},\"primaryImageOfPage\":{\"@id\":\"https:\\\/\\\/www.anovapeneira.gal\\\/index.php\\\/2024\\\/03\\\/13\\\/manuel-caride-responsable-comarcal-do-bng-de-vigo-2\\\/#primaryimage\"},\"image\":{\"@id\":\"https:\\\/\\\/www.anovapeneira.gal\\\/index.php\\\/2024\\\/03\\\/13\\\/manuel-caride-responsable-comarcal-do-bng-de-vigo-2\\\/#primaryimage\"},\"thumbnailUrl\":\"https:\\\/\\\/www.anovapeneira.gal\\\/wp-content\\\/uploads\\\/2024\\\/03\\\/manolo_bng_vigo.jpg\",\"datePublished\":\"2024-03-13T11:00:30+00:00\",\"description\":\"Despois das pasadas elecci\u00f3ns auton\u00f3micas nas que o BNG obtivo un resultado extraordinario en todo o pa\u00eds galego e particularmente brillante na comarca de Vigo, chegando incluso a ga\u00f1ar as elecci\u00f3ns nesa cidade por primeira vez na s\u00faa historia\",\"breadcrumb\":{\"@id\":\"https:\\\/\\\/www.anovapeneira.gal\\\/index.php\\\/2024\\\/03\\\/13\\\/manuel-caride-responsable-comarcal-do-bng-de-vigo-2\\\/#breadcrumb\"},\"inLanguage\":\"gl-ES\",\"potentialAction\":[{\"@type\":\"ReadAction\",\"target\":[\"https:\\\/\\\/www.anovapeneira.gal\\\/index.php\\\/2024\\\/03\\\/13\\\/manuel-caride-responsable-comarcal-do-bng-de-vigo-2\\\/\"]}]},{\"@type\":\"ImageObject\",\"inLanguage\":\"gl-ES\",\"@id\":\"https:\\\/\\\/www.anovapeneira.gal\\\/index.php\\\/2024\\\/03\\\/13\\\/manuel-caride-responsable-comarcal-do-bng-de-vigo-2\\\/#primaryimage\",\"url\":\"https:\\\/\\\/www.anovapeneira.gal\\\/wp-content\\\/uploads\\\/2024\\\/03\\\/manolo_bng_vigo.jpg\",\"contentUrl\":\"https:\\\/\\\/www.anovapeneira.gal\\\/wp-content\\\/uploads\\\/2024\\\/03\\\/manolo_bng_vigo.jpg\",\"width\":1848,\"height\":1107,\"caption\":\"Manuel Caride , responsable comarcal do BNG de Vigo\"},{\"@type\":\"BreadcrumbList\",\"@id\":\"https:\\\/\\\/www.anovapeneira.gal\\\/index.php\\\/2024\\\/03\\\/13\\\/manuel-caride-responsable-comarcal-do-bng-de-vigo-2\\\/#breadcrumb\",\"itemListElement\":[{\"@type\":\"ListItem\",\"position\":1,\"name\":\"Portada\",\"item\":\"https:\\\/\\\/www.anovapeneira.gal\\\/\"},{\"@type\":\"ListItem\",\"position\":2,\"name\":\"Manuel Caride , responsable comarcal do BNG de Vigo\"}]},{\"@type\":\"WebSite\",\"@id\":\"https:\\\/\\\/www.anovapeneira.gal\\\/#website\",\"url\":\"https:\\\/\\\/www.anovapeneira.gal\\\/\",\"name\":\"\",\"description\":\"Xornal galego de informaci\u00f3n xeral Publicaci\u00f3n mensual de novas de Galicia e en especial dos Concellos da sur da provincia de Pontevedra.\",\"publisher\":{\"@id\":\"https:\\\/\\\/www.anovapeneira.gal\\\/#organization\"},\"potentialAction\":[{\"@type\":\"SearchAction\",\"target\":{\"@type\":\"EntryPoint\",\"urlTemplate\":\"https:\\\/\\\/www.anovapeneira.gal\\\/?s={search_term_string}\"},\"query-input\":{\"@type\":\"PropertyValueSpecification\",\"valueRequired\":true,\"valueName\":\"search_term_string\"}}],\"inLanguage\":\"gl-ES\"},{\"@type\":\"Organization\",\"@id\":\"https:\\\/\\\/www.anovapeneira.gal\\\/#organization\",\"name\":\"A Nova Peneira\",\"url\":\"https:\\\/\\\/www.anovapeneira.gal\\\/\",\"logo\":{\"@type\":\"ImageObject\",\"inLanguage\":\"gl-ES\",\"@id\":\"https:\\\/\\\/www.anovapeneira.gal\\\/#\\\/schema\\\/logo\\\/image\\\/\",\"url\":\"http:\\\/\\\/www.anovapeneira.gal\\\/wp-content\\\/uploads\\\/2019\\\/06\\\/logo_a_nova_peneira_portal_web.png\",\"contentUrl\":\"http:\\\/\\\/www.anovapeneira.gal\\\/wp-content\\\/uploads\\\/2019\\\/06\\\/logo_a_nova_peneira_portal_web.png\",\"width\":300,\"height\":100,\"caption\":\"A Nova Peneira\"},\"image\":{\"@id\":\"https:\\\/\\\/www.anovapeneira.gal\\\/#\\\/schema\\\/logo\\\/image\\\/\"},\"sameAs\":[\"https:\\\/\\\/www.facebook.com\\\/anovapeneira\",\"https:\\\/\\\/x.com\\\/APeneira\"]},{\"@type\":\"Person\",\"@id\":\"https:\\\/\\\/www.anovapeneira.gal\\\/#\\\/schema\\\/person\\\/b93e3f8932e3f8da96334607eb6ac6aa\",\"name\":\"Redacci\u00f3n A Nova Peneira\",\"image\":{\"@type\":\"ImageObject\",\"inLanguage\":\"gl-ES\",\"@id\":\"https:\\\/\\\/secure.gravatar.com\\\/avatar\\\/c052a2551a06e23fac63626232eaa90abd78dbcf1700fc46a2b2c89fd27b735f?s=96&d=mm&r=g\",\"url\":\"https:\\\/\\\/secure.gravatar.com\\\/avatar\\\/c052a2551a06e23fac63626232eaa90abd78dbcf1700fc46a2b2c89fd27b735f?s=96&d=mm&r=g\",\"contentUrl\":\"https:\\\/\\\/secure.gravatar.com\\\/avatar\\\/c052a2551a06e23fac63626232eaa90abd78dbcf1700fc46a2b2c89fd27b735f?s=96&d=mm&r=g\",\"caption\":\"Redacci\u00f3n A Nova Peneira\"},\"sameAs\":[\"http:\\\/\\\/www.anovapeneira.gal\\\/\"],\"url\":\"https:\\\/\\\/www.anovapeneira.gal\\\/index.php\\\/author\\\/redactor\\\/\"}]}<\/script>\n<!-- \/ Yoast SEO plugin. -->","yoast_head_json":{"title":"Manuel Caride , responsable comarcal do BNG de Vigo -","description":"Despois das pasadas elecci\u00f3ns auton\u00f3micas nas que o BNG obtivo un resultado extraordinario en todo o pa\u00eds galego e particularmente brillante na comarca de Vigo, chegando incluso a ga\u00f1ar as elecci\u00f3ns nesa cidade por primeira vez na s\u00faa historia","robots":{"index":"index","follow":"follow","max-snippet":"max-snippet:-1","max-image-preview":"max-image-preview:large","max-video-preview":"max-video-preview:-1"},"canonical":"https:\/\/www.anovapeneira.gal\/index.php\/2024\/03\/13\/manuel-caride-responsable-comarcal-do-bng-de-vigo-2\/","og_locale":"gl_ES","og_type":"article","og_title":"Manuel Caride , responsable comarcal do BNG de Vigo -","og_description":"Despois das pasadas elecci\u00f3ns auton\u00f3micas nas que o BNG obtivo un resultado extraordinario en todo o pa\u00eds galego e particularmente brillante na comarca de Vigo, chegando incluso a ga\u00f1ar as elecci\u00f3ns nesa cidade por primeira vez na s\u00faa historia","og_url":"https:\/\/www.anovapeneira.gal\/index.php\/2024\/03\/13\/manuel-caride-responsable-comarcal-do-bng-de-vigo-2\/","article_publisher":"https:\/\/www.facebook.com\/anovapeneira","article_published_time":"2024-03-13T11:00:30+00:00","og_image":[{"width":1848,"height":1107,"url":"https:\/\/www.anovapeneira.gal\/wp-content\/uploads\/2024\/03\/manolo_bng_vigo.jpg","type":"image\/jpeg"}],"author":"Redacci\u00f3n A Nova Peneira","twitter_card":"summary_large_image","twitter_creator":"@APeneira","twitter_site":"@APeneira","twitter_misc":{"Escrito por":"Redacci\u00f3n A Nova Peneira","Tempo de lectura":"6 minutos"},"schema":{"@context":"https:\/\/schema.org","@graph":[{"@type":"Article","@id":"https:\/\/www.anovapeneira.gal\/index.php\/2024\/03\/13\/manuel-caride-responsable-comarcal-do-bng-de-vigo-2\/#article","isPartOf":{"@id":"https:\/\/www.anovapeneira.gal\/index.php\/2024\/03\/13\/manuel-caride-responsable-comarcal-do-bng-de-vigo-2\/"},"author":{"name":"Redacci\u00f3n A Nova Peneira","@id":"https:\/\/www.anovapeneira.gal\/#\/schema\/person\/b93e3f8932e3f8da96334607eb6ac6aa"},"headline":"Manuel Caride , responsable comarcal do BNG de Vigo","datePublished":"2024-03-13T11:00:30+00:00","mainEntityOfPage":{"@id":"https:\/\/www.anovapeneira.gal\/index.php\/2024\/03\/13\/manuel-caride-responsable-comarcal-do-bng-de-vigo-2\/"},"wordCount":2087,"commentCount":0,"publisher":{"@id":"https:\/\/www.anovapeneira.gal\/#organization"},"image":{"@id":"https:\/\/www.anovapeneira.gal\/index.php\/2024\/03\/13\/manuel-caride-responsable-comarcal-do-bng-de-vigo-2\/#primaryimage"},"thumbnailUrl":"https:\/\/www.anovapeneira.gal\/wp-content\/uploads\/2024\/03\/manolo_bng_vigo.jpg","keywords":["Concello de Vigo"],"articleSection":["Vigo"],"inLanguage":"gl-ES","potentialAction":[{"@type":"CommentAction","name":"Comment","target":["https:\/\/www.anovapeneira.gal\/index.php\/2024\/03\/13\/manuel-caride-responsable-comarcal-do-bng-de-vigo-2\/#respond"]}]},{"@type":"WebPage","@id":"https:\/\/www.anovapeneira.gal\/index.php\/2024\/03\/13\/manuel-caride-responsable-comarcal-do-bng-de-vigo-2\/","url":"https:\/\/www.anovapeneira.gal\/index.php\/2024\/03\/13\/manuel-caride-responsable-comarcal-do-bng-de-vigo-2\/","name":"Manuel Caride , responsable comarcal do BNG de Vigo -","isPartOf":{"@id":"https:\/\/www.anovapeneira.gal\/#website"},"primaryImageOfPage":{"@id":"https:\/\/www.anovapeneira.gal\/index.php\/2024\/03\/13\/manuel-caride-responsable-comarcal-do-bng-de-vigo-2\/#primaryimage"},"image":{"@id":"https:\/\/www.anovapeneira.gal\/index.php\/2024\/03\/13\/manuel-caride-responsable-comarcal-do-bng-de-vigo-2\/#primaryimage"},"thumbnailUrl":"https:\/\/www.anovapeneira.gal\/wp-content\/uploads\/2024\/03\/manolo_bng_vigo.jpg","datePublished":"2024-03-13T11:00:30+00:00","description":"Despois das pasadas elecci\u00f3ns auton\u00f3micas nas que o BNG obtivo un resultado extraordinario en todo o pa\u00eds galego e particularmente brillante na comarca de Vigo, chegando incluso a ga\u00f1ar as elecci\u00f3ns nesa cidade por primeira vez na s\u00faa historia","breadcrumb":{"@id":"https:\/\/www.anovapeneira.gal\/index.php\/2024\/03\/13\/manuel-caride-responsable-comarcal-do-bng-de-vigo-2\/#breadcrumb"},"inLanguage":"gl-ES","potentialAction":[{"@type":"ReadAction","target":["https:\/\/www.anovapeneira.gal\/index.php\/2024\/03\/13\/manuel-caride-responsable-comarcal-do-bng-de-vigo-2\/"]}]},{"@type":"ImageObject","inLanguage":"gl-ES","@id":"https:\/\/www.anovapeneira.gal\/index.php\/2024\/03\/13\/manuel-caride-responsable-comarcal-do-bng-de-vigo-2\/#primaryimage","url":"https:\/\/www.anovapeneira.gal\/wp-content\/uploads\/2024\/03\/manolo_bng_vigo.jpg","contentUrl":"https:\/\/www.anovapeneira.gal\/wp-content\/uploads\/2024\/03\/manolo_bng_vigo.jpg","width":1848,"height":1107,"caption":"Manuel Caride , responsable comarcal do BNG de Vigo"},{"@type":"BreadcrumbList","@id":"https:\/\/www.anovapeneira.gal\/index.php\/2024\/03\/13\/manuel-caride-responsable-comarcal-do-bng-de-vigo-2\/#breadcrumb","itemListElement":[{"@type":"ListItem","position":1,"name":"Portada","item":"https:\/\/www.anovapeneira.gal\/"},{"@type":"ListItem","position":2,"name":"Manuel Caride , responsable comarcal do BNG de Vigo"}]},{"@type":"WebSite","@id":"https:\/\/www.anovapeneira.gal\/#website","url":"https:\/\/www.anovapeneira.gal\/","name":"","description":"Xornal galego de informaci\u00f3n xeral Publicaci\u00f3n mensual de novas de Galicia e en especial dos Concellos da sur da provincia de Pontevedra.","publisher":{"@id":"https:\/\/www.anovapeneira.gal\/#organization"},"potentialAction":[{"@type":"SearchAction","target":{"@type":"EntryPoint","urlTemplate":"https:\/\/www.anovapeneira.gal\/?s={search_term_string}"},"query-input":{"@type":"PropertyValueSpecification","valueRequired":true,"valueName":"search_term_string"}}],"inLanguage":"gl-ES"},{"@type":"Organization","@id":"https:\/\/www.anovapeneira.gal\/#organization","name":"A Nova Peneira","url":"https:\/\/www.anovapeneira.gal\/","logo":{"@type":"ImageObject","inLanguage":"gl-ES","@id":"https:\/\/www.anovapeneira.gal\/#\/schema\/logo\/image\/","url":"http:\/\/www.anovapeneira.gal\/wp-content\/uploads\/2019\/06\/logo_a_nova_peneira_portal_web.png","contentUrl":"http:\/\/www.anovapeneira.gal\/wp-content\/uploads\/2019\/06\/logo_a_nova_peneira_portal_web.png","width":300,"height":100,"caption":"A Nova Peneira"},"image":{"@id":"https:\/\/www.anovapeneira.gal\/#\/schema\/logo\/image\/"},"sameAs":["https:\/\/www.facebook.com\/anovapeneira","https:\/\/x.com\/APeneira"]},{"@type":"Person","@id":"https:\/\/www.anovapeneira.gal\/#\/schema\/person\/b93e3f8932e3f8da96334607eb6ac6aa","name":"Redacci\u00f3n A Nova Peneira","image":{"@type":"ImageObject","inLanguage":"gl-ES","@id":"https:\/\/secure.gravatar.com\/avatar\/c052a2551a06e23fac63626232eaa90abd78dbcf1700fc46a2b2c89fd27b735f?s=96&d=mm&r=g","url":"https:\/\/secure.gravatar.com\/avatar\/c052a2551a06e23fac63626232eaa90abd78dbcf1700fc46a2b2c89fd27b735f?s=96&d=mm&r=g","contentUrl":"https:\/\/secure.gravatar.com\/avatar\/c052a2551a06e23fac63626232eaa90abd78dbcf1700fc46a2b2c89fd27b735f?s=96&d=mm&r=g","caption":"Redacci\u00f3n A Nova Peneira"},"sameAs":["http:\/\/www.anovapeneira.gal\/"],"url":"https:\/\/www.anovapeneira.gal\/index.php\/author\/redactor\/"}]}},"jetpack_featured_media_url":"https:\/\/www.anovapeneira.gal\/wp-content\/uploads\/2024\/03\/manolo_bng_vigo.jpg","_links":{"self":[{"href":"https:\/\/www.anovapeneira.gal\/index.php\/wp-json\/wp\/v2\/posts\/11412","targetHints":{"allow":["GET"]}}],"collection":[{"href":"https:\/\/www.anovapeneira.gal\/index.php\/wp-json\/wp\/v2\/posts"}],"about":[{"href":"https:\/\/www.anovapeneira.gal\/index.php\/wp-json\/wp\/v2\/types\/post"}],"author":[{"embeddable":true,"href":"https:\/\/www.anovapeneira.gal\/index.php\/wp-json\/wp\/v2\/users\/3"}],"replies":[{"embeddable":true,"href":"https:\/\/www.anovapeneira.gal\/index.php\/wp-json\/wp\/v2\/comments?post=11412"}],"version-history":[{"count":3,"href":"https:\/\/www.anovapeneira.gal\/index.php\/wp-json\/wp\/v2\/posts\/11412\/revisions"}],"predecessor-version":[{"id":11418,"href":"https:\/\/www.anovapeneira.gal\/index.php\/wp-json\/wp\/v2\/posts\/11412\/revisions\/11418"}],"wp:featuredmedia":[{"embeddable":true,"href":"https:\/\/www.anovapeneira.gal\/index.php\/wp-json\/wp\/v2\/media\/11413"}],"wp:attachment":[{"href":"https:\/\/www.anovapeneira.gal\/index.php\/wp-json\/wp\/v2\/media?parent=11412"}],"wp:term":[{"taxonomy":"category","embeddable":true,"href":"https:\/\/www.anovapeneira.gal\/index.php\/wp-json\/wp\/v2\/categories?post=11412"},{"taxonomy":"post_tag","embeddable":true,"href":"https:\/\/www.anovapeneira.gal\/index.php\/wp-json\/wp\/v2\/tags?post=11412"}],"curies":[{"name":"wp","href":"https:\/\/api.w.org\/{rel}","templated":true}]}}