{"id":11422,"date":"2024-03-15T12:00:33","date_gmt":"2024-03-15T11:00:33","guid":{"rendered":"https:\/\/www.anovapeneira.gal\/?p=11422"},"modified":"2024-03-13T10:12:53","modified_gmt":"2024-03-13T09:12:53","slug":"colectivo-pro-palestino-de-redondela","status":"publish","type":"post","link":"https:\/\/www.anovapeneira.gal\/index.php\/2024\/03\/15\/colectivo-pro-palestino-de-redondela\/","title":{"rendered":"Colectivo pro palestino de Redondela"},"content":{"rendered":"\n<p><strong>Todos os luns un grupo de veci\u00f1as e veci\u00f1os conc\u00e9ntranse a car\u00f3n do noso concello pedindo a fin da brutal agresi\u00f3n do imperialismo israel\u00ed ao pobo palestino, solidariz\u00e1ndose coas v\u00edtimas palestinas e denunciando a impunidade coa que act\u00faan os agresores israel\u00eds. Eles son o colectivo pro palestino de Redondela e n\u00f3s fomos co\u00f1ecelos. Falamos con catro dos seus representantes:Beatriz, Juanma, Morta e Claudia<\/strong><\/p>\n\n\n\n<h2 class=\"wp-block-heading\">\u201c <strong>A escusa da loita contra o \u201cterrorismo\u201d non \u00e9 cr\u00edbel. Israel pretende obrigar a marcharse de Gaza aos palestinos que queden vivos despois da agresi\u00f3n para colonizar as s\u00faas terras e roubarlle os seus recursos\u201d<\/strong><\/h2>\n\n\n\n<p><strong>Como xorde o voso colectivo?<\/strong><\/p>\n\n\n\n<blockquote class=\"wp-block-quote is-layout-flow wp-block-quote-is-layout-flow\">\n<p>Xorde a ra\u00edz das convocatorias de concentraci\u00f3ns nas prazas dos Concellos para expresar a solidariedade co pobo palestino. As convocatorias propiciaron que durante moitos luns nos f\u00f3semos encontrando persoas coa mesma sensibilidade e preocupaci\u00f3n polo xenocidio ao que est\u00e1 a ser sometido o pobo palestino desde hai m\u00e1is de 75 anos.<\/p>\n<\/blockquote>\n\n\n\n<p><strong>Sodes un colectivo numeroso?<\/strong><\/p>\n\n\n\n<blockquote class=\"wp-block-quote is-layout-flow wp-block-quote-is-layout-flow\">\n<p>Acabamos de nacer e en moi pouco tempo xa son bastantes as persoas que colaboran e que nos manifestaron o seu interese por co\u00f1ecernos, e moit\u00edsimas m\u00e1is as que nos expresan a s\u00faa simpat\u00eda e solidariedade.<\/p>\n<\/blockquote>\n\n\n\n<p><strong>Notades ent\u00f3n a simpat\u00eda da veci\u00f1anza?<\/strong><\/p>\n\n\n\n<blockquote class=\"wp-block-quote is-layout-flow wp-block-quote-is-layout-flow\">\n<p>Si, claramente si. Incluso o volume de persoas que asiste \u00e1s concentraci\u00f3ns dos luns \u00e9 moi interesante. Se cadra botamos en falta unha maior implicaci\u00f3n da mocidade. A ver se somos quen de artellar alg\u00fan tipo de iniciativa para darlles a co\u00f1ecer a situaci\u00f3n.<\/p>\n<\/blockquote>\n\n\n\n<p><strong>As vosas concentraci\u00f3ns son sempre os luns?<\/strong><\/p>\n\n\n\n<blockquote class=\"wp-block-quote is-layout-flow wp-block-quote-is-layout-flow\">\n<p>Si, sempre os luns. N\u00f3s con independencia do que se decida noutros sitios preferimos manter unha li\u00f1a regular co obxecto de evitar confusi\u00f3ns e facilitar a asistencia.<\/p>\n<\/blockquote>\n\n\n\n<p><strong>Quedan moitos luns?<\/strong><\/p>\n\n\n\n<blockquote class=\"wp-block-quote is-layout-flow wp-block-quote-is-layout-flow\">\n<p>Oxal\u00e1 que non.<\/p>\n<\/blockquote>\n\n\n\n<p><strong>As persoas que integrades o colectivo tedes alg\u00fan tipo de adscrici\u00f3n ideol\u00f3xica concreta?<\/strong><\/p>\n\n\n\n<blockquote class=\"wp-block-quote is-layout-flow wp-block-quote-is-layout-flow\">\n<p>Somos xente que ten sensibilidade cara a un terrible drama ao que \u00e9 condenado o pobo palestino , que nos une un sentimento de indignaci\u00f3n ante a brutalidade do estado de Israel e que comparte as ga\u00f1as de axudar \u00e1s v\u00edtimas e de denunciar aos agresores. Todo iso \u00e9 o que nos vincula.<\/p>\n<\/blockquote>\n\n\n\n<p><strong>Como vedes a situaci\u00f3n?<\/strong><\/p>\n\n\n\n<blockquote class=\"wp-block-quote is-layout-flow wp-block-quote-is-layout-flow\">\n<p>A palabra m\u00e1is adecuada para definila \u00e9 desesperante. Non vemos posible unha soluci\u00f3n a curto prazo porque a vontade dos agresores \u00e9 destru\u00edr, arrasar calquera infraestrutura incluso os hospitais ou universidades. Por moito que esgriman a escusa da loita contra Hamas, o obxectivo real \u00e9 obrigar aos palestinos que queden vivos a irse de Gaza para podela colonizar os xudeus. A escusa de Hamas non \u00e9 crible, tam\u00e9n na Cisxordania os palestinos sofren detenci\u00f3ns arbitrarias, redadas e execuci\u00f3ns. E os israel\u00eds tam\u00e9n pretenden roubar os recursos de Palestina, de feito Israel xa vendeu a explotaci\u00f3n dos campos de gas que hai na costa de Gaza. O sionismo \u00e9 un movemento supremacista e racista.<\/p>\n<\/blockquote>\n\n\n\n<blockquote class=\"wp-block-quote is-layout-flow wp-block-quote-is-layout-flow\">\n<p>O peor de todo \u00e9 que ningu\u00e9n lle pon freo e a absoluta impunidade coa que act\u00faa Israel.<\/p>\n<\/blockquote>\n\n\n\n<p><strong>P\u00f3dese facer algo desde aqu\u00ed?<\/strong><\/p>\n\n\n\n<blockquote class=\"wp-block-quote is-layout-flow wp-block-quote-is-layout-flow\">\n<p>Si, claro que si. Desde aqu\u00ed e desde calquera parte do mundo. Denunciar, denunciar e denunciar. A mobilizaci\u00f3n da sociedade civil en todo o planeta solidariz\u00e1ndose coas v\u00edtimas e denunciando aos agresores \u00e9 unha forma de p\u00f3rlles freo.<\/p>\n<\/blockquote>\n\n\n\n<p><strong>O que parece \u00e9 que a Israel as protestas non \u00e9 que lle importen moito?<\/strong><\/p>\n\n\n\n<blockquote class=\"wp-block-quote is-layout-flow wp-block-quote-is-layout-flow\">\n<p>Si, si que lle importan. A ningu\u00e9n lle gusta verse sinalado. \u00c9 que se non as houbese pensamos que a situaci\u00f3n ser\u00eda peor.<\/p>\n<\/blockquote>\n\n\n\n<p><strong>Por que a comunidade internacional ten unha actitude tan t\u00e9peda?<\/strong><\/p>\n\n\n\n<blockquote class=\"wp-block-quote is-layout-flow wp-block-quote-is-layout-flow\">\n<p>Ningu\u00e9n quere enfrontarse aos EEUU. A sensaci\u00f3n \u00e9 que ante os seus intereses todos os mecanismos e instituci\u00f3ns creados despois da segunda guerra mundial para protexer a paz e a legalidade internacional non serven para nada.<\/p>\n<\/blockquote>\n\n\n\n<p><strong>Como se deber\u00eda, ao voso xu\u00edzo, solucionar este conflito?<\/strong><\/p>\n\n\n\n<blockquote class=\"wp-block-quote is-layout-flow wp-block-quote-is-layout-flow\">\n<p>Antes pensabamos que o correcto era a soluci\u00f3n de dos estados, a medida que pasa o tempo o pensamos menos. Consideramos por\u00e9n que esta hip\u00f3tese si poder\u00eda ser un principio de soluci\u00f3n. O problema \u00e9 o sionismo.<\/p>\n<\/blockquote>\n","protected":false},"excerpt":{"rendered":"<div class=\"mh-excerpt\"><p>Todos os luns un grupo de veci\u00f1as e veci\u00f1os conc\u00e9ntranse a car\u00f3n do noso concello pedindo a fin da brutal agresi\u00f3n do imperialismo israel\u00ed ao pobo palestino <a class=\"mh-excerpt-more\" href=\"https:\/\/www.anovapeneira.gal\/index.php\/2024\/03\/15\/colectivo-pro-palestino-de-redondela\/\" title=\"Colectivo pro palestino de Redondela\">[&#8230;]<\/a><\/p>\n<\/div>","protected":false},"author":6,"featured_media":11424,"comment_status":"open","ping_status":"open","sticky":false,"template":"","format":"standard","meta":{"_exactmetrics_skip_tracking":false,"_exactmetrics_sitenote_active":false,"_exactmetrics_sitenote_note":"","_exactmetrics_sitenote_category":0,"footnotes":""},"categories":[270],"tags":[171],"class_list":{"0":"post-11422","1":"post","2":"type-post","3":"status-publish","4":"format-standard","5":"has-post-thumbnail","7":"category-redondela-entrevistas","8":"tag-concello-de-redondela"},"yoast_head":"<!-- This site is optimized with the Yoast SEO plugin v27.4 - https:\/\/yoast.com\/product\/yoast-seo-wordpress\/ -->\n<title>Colectivo pro palestino de Redondela -<\/title>\n<meta name=\"description\" content=\"Todos os luns un grupo de veci\u00f1as e veci\u00f1os conc\u00e9ntranse a car\u00f3n do noso concello pedindo a fin da brutal agresi\u00f3n do imperialismo israel\u00ed ao pobo palestino\" \/>\n<meta name=\"robots\" content=\"index, follow, max-snippet:-1, max-image-preview:large, max-video-preview:-1\" \/>\n<link rel=\"canonical\" href=\"https:\/\/www.anovapeneira.gal\/index.php\/2024\/03\/15\/colectivo-pro-palestino-de-redondela\/\" \/>\n<meta property=\"og:locale\" content=\"gl_ES\" \/>\n<meta property=\"og:type\" content=\"article\" \/>\n<meta property=\"og:title\" content=\"Colectivo pro palestino de Redondela -\" \/>\n<meta property=\"og:description\" content=\"Todos os luns un grupo de veci\u00f1as e veci\u00f1os conc\u00e9ntranse a car\u00f3n do noso concello pedindo a fin da brutal agresi\u00f3n do imperialismo israel\u00ed ao pobo palestino\" \/>\n<meta property=\"og:url\" content=\"https:\/\/www.anovapeneira.gal\/index.php\/2024\/03\/15\/colectivo-pro-palestino-de-redondela\/\" \/>\n<meta property=\"article:publisher\" content=\"https:\/\/www.facebook.com\/anovapeneira\" \/>\n<meta property=\"article:published_time\" content=\"2024-03-15T11:00:33+00:00\" \/>\n<meta property=\"og:image\" content=\"https:\/\/www.anovapeneira.gal\/wp-content\/uploads\/2024\/03\/palestina_redondela.jpg\" \/>\n\t<meta property=\"og:image:width\" content=\"720\" \/>\n\t<meta property=\"og:image:height\" content=\"432\" \/>\n\t<meta property=\"og:image:type\" content=\"image\/jpeg\" \/>\n<meta name=\"author\" content=\"Marcos Santos\" \/>\n<meta name=\"twitter:card\" content=\"summary_large_image\" \/>\n<meta name=\"twitter:creator\" content=\"@APeneira\" \/>\n<meta name=\"twitter:site\" content=\"@APeneira\" \/>\n<meta name=\"twitter:label1\" content=\"Escrito por\" \/>\n\t<meta name=\"twitter:data1\" content=\"Marcos Santos\" \/>\n\t<meta name=\"twitter:label2\" content=\"Tempo de lectura\" \/>\n\t<meta name=\"twitter:data2\" content=\"1 minuto\" \/>\n<script type=\"application\/ld+json\" class=\"yoast-schema-graph\">{\"@context\":\"https:\\\/\\\/schema.org\",\"@graph\":[{\"@type\":\"Article\",\"@id\":\"https:\\\/\\\/www.anovapeneira.gal\\\/index.php\\\/2024\\\/03\\\/15\\\/colectivo-pro-palestino-de-redondela\\\/#article\",\"isPartOf\":{\"@id\":\"https:\\\/\\\/www.anovapeneira.gal\\\/index.php\\\/2024\\\/03\\\/15\\\/colectivo-pro-palestino-de-redondela\\\/\"},\"author\":{\"name\":\"Marcos Santos\",\"@id\":\"https:\\\/\\\/www.anovapeneira.gal\\\/#\\\/schema\\\/person\\\/d9d84823564720e7593293bab054e52d\"},\"headline\":\"Colectivo pro palestino de Redondela\",\"datePublished\":\"2024-03-15T11:00:33+00:00\",\"mainEntityOfPage\":{\"@id\":\"https:\\\/\\\/www.anovapeneira.gal\\\/index.php\\\/2024\\\/03\\\/15\\\/colectivo-pro-palestino-de-redondela\\\/\"},\"wordCount\":719,\"commentCount\":0,\"publisher\":{\"@id\":\"https:\\\/\\\/www.anovapeneira.gal\\\/#organization\"},\"image\":{\"@id\":\"https:\\\/\\\/www.anovapeneira.gal\\\/index.php\\\/2024\\\/03\\\/15\\\/colectivo-pro-palestino-de-redondela\\\/#primaryimage\"},\"thumbnailUrl\":\"https:\\\/\\\/www.anovapeneira.gal\\\/wp-content\\\/uploads\\\/2024\\\/03\\\/palestina_redondela.jpg\",\"keywords\":[\"Concello de Redondela\"],\"articleSection\":[\"Redondela\"],\"inLanguage\":\"gl-ES\",\"potentialAction\":[{\"@type\":\"CommentAction\",\"name\":\"Comment\",\"target\":[\"https:\\\/\\\/www.anovapeneira.gal\\\/index.php\\\/2024\\\/03\\\/15\\\/colectivo-pro-palestino-de-redondela\\\/#respond\"]}]},{\"@type\":\"WebPage\",\"@id\":\"https:\\\/\\\/www.anovapeneira.gal\\\/index.php\\\/2024\\\/03\\\/15\\\/colectivo-pro-palestino-de-redondela\\\/\",\"url\":\"https:\\\/\\\/www.anovapeneira.gal\\\/index.php\\\/2024\\\/03\\\/15\\\/colectivo-pro-palestino-de-redondela\\\/\",\"name\":\"Colectivo pro palestino de Redondela -\",\"isPartOf\":{\"@id\":\"https:\\\/\\\/www.anovapeneira.gal\\\/#website\"},\"primaryImageOfPage\":{\"@id\":\"https:\\\/\\\/www.anovapeneira.gal\\\/index.php\\\/2024\\\/03\\\/15\\\/colectivo-pro-palestino-de-redondela\\\/#primaryimage\"},\"image\":{\"@id\":\"https:\\\/\\\/www.anovapeneira.gal\\\/index.php\\\/2024\\\/03\\\/15\\\/colectivo-pro-palestino-de-redondela\\\/#primaryimage\"},\"thumbnailUrl\":\"https:\\\/\\\/www.anovapeneira.gal\\\/wp-content\\\/uploads\\\/2024\\\/03\\\/palestina_redondela.jpg\",\"datePublished\":\"2024-03-15T11:00:33+00:00\",\"description\":\"Todos os luns un grupo de veci\u00f1as e veci\u00f1os conc\u00e9ntranse a car\u00f3n do noso concello pedindo a fin da brutal agresi\u00f3n do imperialismo israel\u00ed ao pobo palestino\",\"breadcrumb\":{\"@id\":\"https:\\\/\\\/www.anovapeneira.gal\\\/index.php\\\/2024\\\/03\\\/15\\\/colectivo-pro-palestino-de-redondela\\\/#breadcrumb\"},\"inLanguage\":\"gl-ES\",\"potentialAction\":[{\"@type\":\"ReadAction\",\"target\":[\"https:\\\/\\\/www.anovapeneira.gal\\\/index.php\\\/2024\\\/03\\\/15\\\/colectivo-pro-palestino-de-redondela\\\/\"]}]},{\"@type\":\"ImageObject\",\"inLanguage\":\"gl-ES\",\"@id\":\"https:\\\/\\\/www.anovapeneira.gal\\\/index.php\\\/2024\\\/03\\\/15\\\/colectivo-pro-palestino-de-redondela\\\/#primaryimage\",\"url\":\"https:\\\/\\\/www.anovapeneira.gal\\\/wp-content\\\/uploads\\\/2024\\\/03\\\/palestina_redondela.jpg\",\"contentUrl\":\"https:\\\/\\\/www.anovapeneira.gal\\\/wp-content\\\/uploads\\\/2024\\\/03\\\/palestina_redondela.jpg\",\"width\":720,\"height\":432,\"caption\":\"Colectivo pro palestino de Redondela\"},{\"@type\":\"BreadcrumbList\",\"@id\":\"https:\\\/\\\/www.anovapeneira.gal\\\/index.php\\\/2024\\\/03\\\/15\\\/colectivo-pro-palestino-de-redondela\\\/#breadcrumb\",\"itemListElement\":[{\"@type\":\"ListItem\",\"position\":1,\"name\":\"Portada\",\"item\":\"https:\\\/\\\/www.anovapeneira.gal\\\/\"},{\"@type\":\"ListItem\",\"position\":2,\"name\":\"Colectivo pro palestino de Redondela\"}]},{\"@type\":\"WebSite\",\"@id\":\"https:\\\/\\\/www.anovapeneira.gal\\\/#website\",\"url\":\"https:\\\/\\\/www.anovapeneira.gal\\\/\",\"name\":\"\",\"description\":\"Xornal galego de informaci\u00f3n xeral Publicaci\u00f3n mensual de novas de Galicia e en especial dos Concellos da sur da provincia de Pontevedra.\",\"publisher\":{\"@id\":\"https:\\\/\\\/www.anovapeneira.gal\\\/#organization\"},\"potentialAction\":[{\"@type\":\"SearchAction\",\"target\":{\"@type\":\"EntryPoint\",\"urlTemplate\":\"https:\\\/\\\/www.anovapeneira.gal\\\/?s={search_term_string}\"},\"query-input\":{\"@type\":\"PropertyValueSpecification\",\"valueRequired\":true,\"valueName\":\"search_term_string\"}}],\"inLanguage\":\"gl-ES\"},{\"@type\":\"Organization\",\"@id\":\"https:\\\/\\\/www.anovapeneira.gal\\\/#organization\",\"name\":\"A Nova Peneira\",\"url\":\"https:\\\/\\\/www.anovapeneira.gal\\\/\",\"logo\":{\"@type\":\"ImageObject\",\"inLanguage\":\"gl-ES\",\"@id\":\"https:\\\/\\\/www.anovapeneira.gal\\\/#\\\/schema\\\/logo\\\/image\\\/\",\"url\":\"http:\\\/\\\/www.anovapeneira.gal\\\/wp-content\\\/uploads\\\/2019\\\/06\\\/logo_a_nova_peneira_portal_web.png\",\"contentUrl\":\"http:\\\/\\\/www.anovapeneira.gal\\\/wp-content\\\/uploads\\\/2019\\\/06\\\/logo_a_nova_peneira_portal_web.png\",\"width\":300,\"height\":100,\"caption\":\"A Nova Peneira\"},\"image\":{\"@id\":\"https:\\\/\\\/www.anovapeneira.gal\\\/#\\\/schema\\\/logo\\\/image\\\/\"},\"sameAs\":[\"https:\\\/\\\/www.facebook.com\\\/anovapeneira\",\"https:\\\/\\\/x.com\\\/APeneira\"]},{\"@type\":\"Person\",\"@id\":\"https:\\\/\\\/www.anovapeneira.gal\\\/#\\\/schema\\\/person\\\/d9d84823564720e7593293bab054e52d\",\"name\":\"Marcos Santos\",\"image\":{\"@type\":\"ImageObject\",\"inLanguage\":\"gl-ES\",\"@id\":\"https:\\\/\\\/secure.gravatar.com\\\/avatar\\\/0e8017099a7a47c0a9d2275e865fe326484561eb3d70649069e4b8e61a8d2e8c?s=96&d=mm&r=g\",\"url\":\"https:\\\/\\\/secure.gravatar.com\\\/avatar\\\/0e8017099a7a47c0a9d2275e865fe326484561eb3d70649069e4b8e61a8d2e8c?s=96&d=mm&r=g\",\"contentUrl\":\"https:\\\/\\\/secure.gravatar.com\\\/avatar\\\/0e8017099a7a47c0a9d2275e865fe326484561eb3d70649069e4b8e61a8d2e8c?s=96&d=mm&r=g\",\"caption\":\"Marcos Santos\"},\"sameAs\":[\"http:\\\/\\\/anovapeneira.gal\"],\"url\":\"https:\\\/\\\/www.anovapeneira.gal\\\/index.php\\\/author\\\/marcos-santos\\\/\"}]}<\/script>\n<!-- \/ Yoast SEO plugin. -->","yoast_head_json":{"title":"Colectivo pro palestino de Redondela -","description":"Todos os luns un grupo de veci\u00f1as e veci\u00f1os conc\u00e9ntranse a car\u00f3n do noso concello pedindo a fin da brutal agresi\u00f3n do imperialismo israel\u00ed ao pobo palestino","robots":{"index":"index","follow":"follow","max-snippet":"max-snippet:-1","max-image-preview":"max-image-preview:large","max-video-preview":"max-video-preview:-1"},"canonical":"https:\/\/www.anovapeneira.gal\/index.php\/2024\/03\/15\/colectivo-pro-palestino-de-redondela\/","og_locale":"gl_ES","og_type":"article","og_title":"Colectivo pro palestino de Redondela -","og_description":"Todos os luns un grupo de veci\u00f1as e veci\u00f1os conc\u00e9ntranse a car\u00f3n do noso concello pedindo a fin da brutal agresi\u00f3n do imperialismo israel\u00ed ao pobo palestino","og_url":"https:\/\/www.anovapeneira.gal\/index.php\/2024\/03\/15\/colectivo-pro-palestino-de-redondela\/","article_publisher":"https:\/\/www.facebook.com\/anovapeneira","article_published_time":"2024-03-15T11:00:33+00:00","og_image":[{"width":720,"height":432,"url":"https:\/\/www.anovapeneira.gal\/wp-content\/uploads\/2024\/03\/palestina_redondela.jpg","type":"image\/jpeg"}],"author":"Marcos Santos","twitter_card":"summary_large_image","twitter_creator":"@APeneira","twitter_site":"@APeneira","twitter_misc":{"Escrito por":"Marcos Santos","Tempo de lectura":"1 minuto"},"schema":{"@context":"https:\/\/schema.org","@graph":[{"@type":"Article","@id":"https:\/\/www.anovapeneira.gal\/index.php\/2024\/03\/15\/colectivo-pro-palestino-de-redondela\/#article","isPartOf":{"@id":"https:\/\/www.anovapeneira.gal\/index.php\/2024\/03\/15\/colectivo-pro-palestino-de-redondela\/"},"author":{"name":"Marcos Santos","@id":"https:\/\/www.anovapeneira.gal\/#\/schema\/person\/d9d84823564720e7593293bab054e52d"},"headline":"Colectivo pro palestino de Redondela","datePublished":"2024-03-15T11:00:33+00:00","mainEntityOfPage":{"@id":"https:\/\/www.anovapeneira.gal\/index.php\/2024\/03\/15\/colectivo-pro-palestino-de-redondela\/"},"wordCount":719,"commentCount":0,"publisher":{"@id":"https:\/\/www.anovapeneira.gal\/#organization"},"image":{"@id":"https:\/\/www.anovapeneira.gal\/index.php\/2024\/03\/15\/colectivo-pro-palestino-de-redondela\/#primaryimage"},"thumbnailUrl":"https:\/\/www.anovapeneira.gal\/wp-content\/uploads\/2024\/03\/palestina_redondela.jpg","keywords":["Concello de Redondela"],"articleSection":["Redondela"],"inLanguage":"gl-ES","potentialAction":[{"@type":"CommentAction","name":"Comment","target":["https:\/\/www.anovapeneira.gal\/index.php\/2024\/03\/15\/colectivo-pro-palestino-de-redondela\/#respond"]}]},{"@type":"WebPage","@id":"https:\/\/www.anovapeneira.gal\/index.php\/2024\/03\/15\/colectivo-pro-palestino-de-redondela\/","url":"https:\/\/www.anovapeneira.gal\/index.php\/2024\/03\/15\/colectivo-pro-palestino-de-redondela\/","name":"Colectivo pro palestino de Redondela -","isPartOf":{"@id":"https:\/\/www.anovapeneira.gal\/#website"},"primaryImageOfPage":{"@id":"https:\/\/www.anovapeneira.gal\/index.php\/2024\/03\/15\/colectivo-pro-palestino-de-redondela\/#primaryimage"},"image":{"@id":"https:\/\/www.anovapeneira.gal\/index.php\/2024\/03\/15\/colectivo-pro-palestino-de-redondela\/#primaryimage"},"thumbnailUrl":"https:\/\/www.anovapeneira.gal\/wp-content\/uploads\/2024\/03\/palestina_redondela.jpg","datePublished":"2024-03-15T11:00:33+00:00","description":"Todos os luns un grupo de veci\u00f1as e veci\u00f1os conc\u00e9ntranse a car\u00f3n do noso concello pedindo a fin da brutal agresi\u00f3n do imperialismo israel\u00ed ao pobo palestino","breadcrumb":{"@id":"https:\/\/www.anovapeneira.gal\/index.php\/2024\/03\/15\/colectivo-pro-palestino-de-redondela\/#breadcrumb"},"inLanguage":"gl-ES","potentialAction":[{"@type":"ReadAction","target":["https:\/\/www.anovapeneira.gal\/index.php\/2024\/03\/15\/colectivo-pro-palestino-de-redondela\/"]}]},{"@type":"ImageObject","inLanguage":"gl-ES","@id":"https:\/\/www.anovapeneira.gal\/index.php\/2024\/03\/15\/colectivo-pro-palestino-de-redondela\/#primaryimage","url":"https:\/\/www.anovapeneira.gal\/wp-content\/uploads\/2024\/03\/palestina_redondela.jpg","contentUrl":"https:\/\/www.anovapeneira.gal\/wp-content\/uploads\/2024\/03\/palestina_redondela.jpg","width":720,"height":432,"caption":"Colectivo pro palestino de Redondela"},{"@type":"BreadcrumbList","@id":"https:\/\/www.anovapeneira.gal\/index.php\/2024\/03\/15\/colectivo-pro-palestino-de-redondela\/#breadcrumb","itemListElement":[{"@type":"ListItem","position":1,"name":"Portada","item":"https:\/\/www.anovapeneira.gal\/"},{"@type":"ListItem","position":2,"name":"Colectivo pro palestino de Redondela"}]},{"@type":"WebSite","@id":"https:\/\/www.anovapeneira.gal\/#website","url":"https:\/\/www.anovapeneira.gal\/","name":"","description":"Xornal galego de informaci\u00f3n xeral Publicaci\u00f3n mensual de novas de Galicia e en especial dos Concellos da sur da provincia de Pontevedra.","publisher":{"@id":"https:\/\/www.anovapeneira.gal\/#organization"},"potentialAction":[{"@type":"SearchAction","target":{"@type":"EntryPoint","urlTemplate":"https:\/\/www.anovapeneira.gal\/?s={search_term_string}"},"query-input":{"@type":"PropertyValueSpecification","valueRequired":true,"valueName":"search_term_string"}}],"inLanguage":"gl-ES"},{"@type":"Organization","@id":"https:\/\/www.anovapeneira.gal\/#organization","name":"A Nova Peneira","url":"https:\/\/www.anovapeneira.gal\/","logo":{"@type":"ImageObject","inLanguage":"gl-ES","@id":"https:\/\/www.anovapeneira.gal\/#\/schema\/logo\/image\/","url":"http:\/\/www.anovapeneira.gal\/wp-content\/uploads\/2019\/06\/logo_a_nova_peneira_portal_web.png","contentUrl":"http:\/\/www.anovapeneira.gal\/wp-content\/uploads\/2019\/06\/logo_a_nova_peneira_portal_web.png","width":300,"height":100,"caption":"A Nova Peneira"},"image":{"@id":"https:\/\/www.anovapeneira.gal\/#\/schema\/logo\/image\/"},"sameAs":["https:\/\/www.facebook.com\/anovapeneira","https:\/\/x.com\/APeneira"]},{"@type":"Person","@id":"https:\/\/www.anovapeneira.gal\/#\/schema\/person\/d9d84823564720e7593293bab054e52d","name":"Marcos Santos","image":{"@type":"ImageObject","inLanguage":"gl-ES","@id":"https:\/\/secure.gravatar.com\/avatar\/0e8017099a7a47c0a9d2275e865fe326484561eb3d70649069e4b8e61a8d2e8c?s=96&d=mm&r=g","url":"https:\/\/secure.gravatar.com\/avatar\/0e8017099a7a47c0a9d2275e865fe326484561eb3d70649069e4b8e61a8d2e8c?s=96&d=mm&r=g","contentUrl":"https:\/\/secure.gravatar.com\/avatar\/0e8017099a7a47c0a9d2275e865fe326484561eb3d70649069e4b8e61a8d2e8c?s=96&d=mm&r=g","caption":"Marcos Santos"},"sameAs":["http:\/\/anovapeneira.gal"],"url":"https:\/\/www.anovapeneira.gal\/index.php\/author\/marcos-santos\/"}]}},"jetpack_featured_media_url":"https:\/\/www.anovapeneira.gal\/wp-content\/uploads\/2024\/03\/palestina_redondela.jpg","_links":{"self":[{"href":"https:\/\/www.anovapeneira.gal\/index.php\/wp-json\/wp\/v2\/posts\/11422","targetHints":{"allow":["GET"]}}],"collection":[{"href":"https:\/\/www.anovapeneira.gal\/index.php\/wp-json\/wp\/v2\/posts"}],"about":[{"href":"https:\/\/www.anovapeneira.gal\/index.php\/wp-json\/wp\/v2\/types\/post"}],"author":[{"embeddable":true,"href":"https:\/\/www.anovapeneira.gal\/index.php\/wp-json\/wp\/v2\/users\/6"}],"replies":[{"embeddable":true,"href":"https:\/\/www.anovapeneira.gal\/index.php\/wp-json\/wp\/v2\/comments?post=11422"}],"version-history":[{"count":1,"href":"https:\/\/www.anovapeneira.gal\/index.php\/wp-json\/wp\/v2\/posts\/11422\/revisions"}],"predecessor-version":[{"id":11423,"href":"https:\/\/www.anovapeneira.gal\/index.php\/wp-json\/wp\/v2\/posts\/11422\/revisions\/11423"}],"wp:featuredmedia":[{"embeddable":true,"href":"https:\/\/www.anovapeneira.gal\/index.php\/wp-json\/wp\/v2\/media\/11424"}],"wp:attachment":[{"href":"https:\/\/www.anovapeneira.gal\/index.php\/wp-json\/wp\/v2\/media?parent=11422"}],"wp:term":[{"taxonomy":"category","embeddable":true,"href":"https:\/\/www.anovapeneira.gal\/index.php\/wp-json\/wp\/v2\/categories?post=11422"},{"taxonomy":"post_tag","embeddable":true,"href":"https:\/\/www.anovapeneira.gal\/index.php\/wp-json\/wp\/v2\/tags?post=11422"}],"curies":[{"name":"wp","href":"https:\/\/api.w.org\/{rel}","templated":true}]}}