{"id":11425,"date":"2024-03-14T10:00:17","date_gmt":"2024-03-14T09:00:17","guid":{"rendered":"https:\/\/www.anovapeneira.gal\/?p=11425"},"modified":"2024-03-13T10:16:44","modified_gmt":"2024-03-13T09:16:44","slug":"o-balneario-de-mondariz-celebra-o-dia-da-muller-cun-reconecemento-ao-seu-labor-innovador","status":"publish","type":"post","link":"https:\/\/www.anovapeneira.gal\/index.php\/2024\/03\/14\/o-balneario-de-mondariz-celebra-o-dia-da-muller-cun-reconecemento-ao-seu-labor-innovador\/","title":{"rendered":"O Balneario de Mondariz celebra o D\u00eda da Muller cun reco\u00f1ecemento ao seu labor innovador"},"content":{"rendered":"\n<p>O Premio Beauty Contact destaca o traballo do equipo termal, integrado polo 100% de mulleres, que converten este destino wellness galego en todo un exemplo de sa\u00fade natural a partir das s\u00faas augas mineromedicinais. O D\u00eda da Muller contou este ano cunha celebraci\u00f3n moi especial no Balneario de Mondariz ao redor do galard\u00f3n recentemente recibido que destaca o traballo de innovaci\u00f3n en sa\u00fade, benestar e beleza do departamento termal que est\u00e1 formado polo 100 % de mulleres. Na actualidade o persoal xeral de Balneario de Mondariz est\u00e1 formada nun 80 % por mulleres, estando en mans delas toda a parte da esencia do mesmo. O premio xorde do sector da beleza profesional, est\u00e9tica e medicina est\u00e9tica que reco\u00f1ece co Premio Beauty Contact a traxectoria da vila termal ao longo de tres s\u00e9culos de sa\u00fade natural a partir da auga mineiro medicinal e o labor da adaptaci\u00f3n do termalismo tradicional \u00e1s necesidades do s\u00e9culo XXI. Unha ampla carta de tratamentos, a investigaci\u00f3n I+D do valor da auga nos mesmo, as\u00ed como a utilizaci\u00f3n dos recursos naturais galegos en prol do benestar dos clientes foron algunhas das raz\u00f3ns deste novo galard\u00f3n que recolleu a directora m\u00e9dica, Laura G\u00f3mez San Miguel en Santiago de Compostela. O premio tam\u00e9n fai fincap\u00e9 no feito de que Balneario de Mondariz soubo levar todo o m\u00e1is alto o concepto spa, entendendo como ningu\u00e9n o que o termalismo representa \u00e1 sa\u00fade, o benestar e a beleza. Todo baixo o marco e maridaxe da Galicia m\u00e1is rural que se fixo un oco no turismo de sa\u00fade nacional e internacional. Destaca tam\u00e9n que Mondariz \u00e9 un importante expo\u00f1ente da Medicina da Sa\u00fade a trav\u00e9s da auga, da ciencia e o tratamento. Todo nun enclave ic\u00f3nico que foi considerado o mellor de Europa en 2023, elevando a cultura de o wellness a un estadio sen competencia, dif\u00edcil de igualar no seu sector. O premio que chega no 150 aniversario serviu para destacar o empe\u00f1o da direcci\u00f3n de Balneario de Mondariz \u00e9 a s\u00faa recuperaci\u00f3n hist\u00f3rica, brillo e esplendor de outrora, todo como \u201cun destino, un palacio, ao que acudir e visitar como paciente dunha das expertas indiscutibles da denominada Medicina da Sa\u00fade\u201d. Os Premios Beaty Contact xorden dun encontro do sector da beleza e a idea de destacar as iniciativas profesionais que converten a Espa\u00f1a en todo un l\u00edder en beleza profesional, est\u00e9tica e medicina est\u00e9tica.<\/p>\n","protected":false},"excerpt":{"rendered":"<div class=\"mh-excerpt\"><p>O Premio Beauty Contact destaca o traballo do equipo termal, integrado polo 100% de mulleres, que converten este destino wellness galego en todo un exemplo de sa\u00fade natural a partir das s\u00faas augas mineromedicinais <a class=\"mh-excerpt-more\" href=\"https:\/\/www.anovapeneira.gal\/index.php\/2024\/03\/14\/o-balneario-de-mondariz-celebra-o-dia-da-muller-cun-reconecemento-ao-seu-labor-innovador\/\" title=\"O Balneario de Mondariz celebra o D\u00eda da Muller cun reco\u00f1ecemento ao seu labor innovador\">[&#8230;]<\/a><\/p>\n<\/div>","protected":false},"author":3,"featured_media":11426,"comment_status":"open","ping_status":"open","sticky":false,"template":"","format":"standard","meta":{"_exactmetrics_skip_tracking":false,"_exactmetrics_sitenote_active":false,"_exactmetrics_sitenote_note":"","_exactmetrics_sitenote_category":0,"footnotes":""},"categories":[25],"tags":[1305],"class_list":{"0":"post-11425","1":"post","2":"type-post","3":"status-publish","4":"format-standard","5":"has-post-thumbnail","7":"category-condado","8":"tag-concello-de-mondariz-balneario"},"yoast_head":"<!-- This site is optimized with the Yoast SEO plugin v27.4 - https:\/\/yoast.com\/product\/yoast-seo-wordpress\/ -->\n<title>O Balneario de Mondariz celebra o D\u00eda da Muller cun reco\u00f1ecemento ao seu labor innovador -<\/title>\n<meta name=\"description\" content=\"O Premio Beauty Contact destaca o traballo do equipo termal, integrado polo 100% de mulleres, que converten este destino wellness galego en todo un exemplo de sa\u00fade natural a partir das s\u00faas augas mineromedicinais\" \/>\n<meta name=\"robots\" content=\"index, follow, max-snippet:-1, max-image-preview:large, max-video-preview:-1\" \/>\n<link rel=\"canonical\" href=\"https:\/\/www.anovapeneira.gal\/index.php\/2024\/03\/14\/o-balneario-de-mondariz-celebra-o-dia-da-muller-cun-reconecemento-ao-seu-labor-innovador\/\" \/>\n<meta property=\"og:locale\" content=\"gl_ES\" \/>\n<meta property=\"og:type\" content=\"article\" \/>\n<meta property=\"og:title\" content=\"O Balneario de Mondariz celebra o D\u00eda da Muller cun reco\u00f1ecemento ao seu labor innovador -\" \/>\n<meta property=\"og:description\" content=\"O Premio Beauty Contact destaca o traballo do equipo termal, integrado polo 100% de mulleres, que converten este destino wellness galego en todo un exemplo de sa\u00fade natural a partir das s\u00faas augas mineromedicinais\" \/>\n<meta property=\"og:url\" content=\"https:\/\/www.anovapeneira.gal\/index.php\/2024\/03\/14\/o-balneario-de-mondariz-celebra-o-dia-da-muller-cun-reconecemento-ao-seu-labor-innovador\/\" \/>\n<meta property=\"article:publisher\" content=\"https:\/\/www.facebook.com\/anovapeneira\" \/>\n<meta property=\"article:published_time\" content=\"2024-03-14T09:00:17+00:00\" \/>\n<meta property=\"og:image\" content=\"https:\/\/www.anovapeneira.gal\/wp-content\/uploads\/2024\/03\/mondariz.jpg\" \/>\n\t<meta property=\"og:image:width\" content=\"720\" \/>\n\t<meta property=\"og:image:height\" content=\"432\" \/>\n\t<meta property=\"og:image:type\" content=\"image\/jpeg\" \/>\n<meta name=\"author\" content=\"Redacci\u00f3n A Nova Peneira\" \/>\n<meta name=\"twitter:card\" content=\"summary_large_image\" \/>\n<meta name=\"twitter:creator\" content=\"@APeneira\" \/>\n<meta name=\"twitter:site\" content=\"@APeneira\" \/>\n<meta name=\"twitter:label1\" content=\"Escrito por\" \/>\n\t<meta name=\"twitter:data1\" content=\"Redacci\u00f3n A Nova Peneira\" \/>\n\t<meta name=\"twitter:label2\" content=\"Tempo de lectura\" \/>\n\t<meta name=\"twitter:data2\" content=\"3 minutos\" \/>\n<script type=\"application\/ld+json\" class=\"yoast-schema-graph\">{\"@context\":\"https:\\\/\\\/schema.org\",\"@graph\":[{\"@type\":\"Article\",\"@id\":\"https:\\\/\\\/www.anovapeneira.gal\\\/index.php\\\/2024\\\/03\\\/14\\\/o-balneario-de-mondariz-celebra-o-dia-da-muller-cun-reconecemento-ao-seu-labor-innovador\\\/#article\",\"isPartOf\":{\"@id\":\"https:\\\/\\\/www.anovapeneira.gal\\\/index.php\\\/2024\\\/03\\\/14\\\/o-balneario-de-mondariz-celebra-o-dia-da-muller-cun-reconecemento-ao-seu-labor-innovador\\\/\"},\"author\":{\"name\":\"Redacci\u00f3n A Nova Peneira\",\"@id\":\"https:\\\/\\\/www.anovapeneira.gal\\\/#\\\/schema\\\/person\\\/b93e3f8932e3f8da96334607eb6ac6aa\"},\"headline\":\"O Balneario de Mondariz celebra o D\u00eda da Muller cun reco\u00f1ecemento ao seu labor innovador\",\"datePublished\":\"2024-03-14T09:00:17+00:00\",\"mainEntityOfPage\":{\"@id\":\"https:\\\/\\\/www.anovapeneira.gal\\\/index.php\\\/2024\\\/03\\\/14\\\/o-balneario-de-mondariz-celebra-o-dia-da-muller-cun-reconecemento-ao-seu-labor-innovador\\\/\"},\"wordCount\":445,\"commentCount\":0,\"publisher\":{\"@id\":\"https:\\\/\\\/www.anovapeneira.gal\\\/#organization\"},\"image\":{\"@id\":\"https:\\\/\\\/www.anovapeneira.gal\\\/index.php\\\/2024\\\/03\\\/14\\\/o-balneario-de-mondariz-celebra-o-dia-da-muller-cun-reconecemento-ao-seu-labor-innovador\\\/#primaryimage\"},\"thumbnailUrl\":\"https:\\\/\\\/www.anovapeneira.gal\\\/wp-content\\\/uploads\\\/2024\\\/03\\\/mondariz.jpg\",\"keywords\":[\"Concello de Mondariz Balneario\"],\"articleSection\":[\"Condado\"],\"inLanguage\":\"gl-ES\",\"potentialAction\":[{\"@type\":\"CommentAction\",\"name\":\"Comment\",\"target\":[\"https:\\\/\\\/www.anovapeneira.gal\\\/index.php\\\/2024\\\/03\\\/14\\\/o-balneario-de-mondariz-celebra-o-dia-da-muller-cun-reconecemento-ao-seu-labor-innovador\\\/#respond\"]}]},{\"@type\":\"WebPage\",\"@id\":\"https:\\\/\\\/www.anovapeneira.gal\\\/index.php\\\/2024\\\/03\\\/14\\\/o-balneario-de-mondariz-celebra-o-dia-da-muller-cun-reconecemento-ao-seu-labor-innovador\\\/\",\"url\":\"https:\\\/\\\/www.anovapeneira.gal\\\/index.php\\\/2024\\\/03\\\/14\\\/o-balneario-de-mondariz-celebra-o-dia-da-muller-cun-reconecemento-ao-seu-labor-innovador\\\/\",\"name\":\"O Balneario de Mondariz celebra o D\u00eda da Muller cun reco\u00f1ecemento ao seu labor innovador -\",\"isPartOf\":{\"@id\":\"https:\\\/\\\/www.anovapeneira.gal\\\/#website\"},\"primaryImageOfPage\":{\"@id\":\"https:\\\/\\\/www.anovapeneira.gal\\\/index.php\\\/2024\\\/03\\\/14\\\/o-balneario-de-mondariz-celebra-o-dia-da-muller-cun-reconecemento-ao-seu-labor-innovador\\\/#primaryimage\"},\"image\":{\"@id\":\"https:\\\/\\\/www.anovapeneira.gal\\\/index.php\\\/2024\\\/03\\\/14\\\/o-balneario-de-mondariz-celebra-o-dia-da-muller-cun-reconecemento-ao-seu-labor-innovador\\\/#primaryimage\"},\"thumbnailUrl\":\"https:\\\/\\\/www.anovapeneira.gal\\\/wp-content\\\/uploads\\\/2024\\\/03\\\/mondariz.jpg\",\"datePublished\":\"2024-03-14T09:00:17+00:00\",\"description\":\"O Premio Beauty Contact destaca o traballo do equipo termal, integrado polo 100% de mulleres, que converten este destino wellness galego en todo un exemplo de sa\u00fade natural a partir das s\u00faas augas mineromedicinais\",\"breadcrumb\":{\"@id\":\"https:\\\/\\\/www.anovapeneira.gal\\\/index.php\\\/2024\\\/03\\\/14\\\/o-balneario-de-mondariz-celebra-o-dia-da-muller-cun-reconecemento-ao-seu-labor-innovador\\\/#breadcrumb\"},\"inLanguage\":\"gl-ES\",\"potentialAction\":[{\"@type\":\"ReadAction\",\"target\":[\"https:\\\/\\\/www.anovapeneira.gal\\\/index.php\\\/2024\\\/03\\\/14\\\/o-balneario-de-mondariz-celebra-o-dia-da-muller-cun-reconecemento-ao-seu-labor-innovador\\\/\"]}]},{\"@type\":\"ImageObject\",\"inLanguage\":\"gl-ES\",\"@id\":\"https:\\\/\\\/www.anovapeneira.gal\\\/index.php\\\/2024\\\/03\\\/14\\\/o-balneario-de-mondariz-celebra-o-dia-da-muller-cun-reconecemento-ao-seu-labor-innovador\\\/#primaryimage\",\"url\":\"https:\\\/\\\/www.anovapeneira.gal\\\/wp-content\\\/uploads\\\/2024\\\/03\\\/mondariz.jpg\",\"contentUrl\":\"https:\\\/\\\/www.anovapeneira.gal\\\/wp-content\\\/uploads\\\/2024\\\/03\\\/mondariz.jpg\",\"width\":720,\"height\":432,\"caption\":\"Balneario de Mondariz celebra o D\u00eda da Muller cun reco\u00f1ecemento ao seu labor innovador\"},{\"@type\":\"BreadcrumbList\",\"@id\":\"https:\\\/\\\/www.anovapeneira.gal\\\/index.php\\\/2024\\\/03\\\/14\\\/o-balneario-de-mondariz-celebra-o-dia-da-muller-cun-reconecemento-ao-seu-labor-innovador\\\/#breadcrumb\",\"itemListElement\":[{\"@type\":\"ListItem\",\"position\":1,\"name\":\"Portada\",\"item\":\"https:\\\/\\\/www.anovapeneira.gal\\\/\"},{\"@type\":\"ListItem\",\"position\":2,\"name\":\"O Balneario de Mondariz celebra o D\u00eda da Muller cun reco\u00f1ecemento ao seu labor innovador\"}]},{\"@type\":\"WebSite\",\"@id\":\"https:\\\/\\\/www.anovapeneira.gal\\\/#website\",\"url\":\"https:\\\/\\\/www.anovapeneira.gal\\\/\",\"name\":\"\",\"description\":\"Xornal galego de informaci\u00f3n xeral Publicaci\u00f3n mensual de novas de Galicia e en especial dos Concellos da sur da provincia de Pontevedra.\",\"publisher\":{\"@id\":\"https:\\\/\\\/www.anovapeneira.gal\\\/#organization\"},\"potentialAction\":[{\"@type\":\"SearchAction\",\"target\":{\"@type\":\"EntryPoint\",\"urlTemplate\":\"https:\\\/\\\/www.anovapeneira.gal\\\/?s={search_term_string}\"},\"query-input\":{\"@type\":\"PropertyValueSpecification\",\"valueRequired\":true,\"valueName\":\"search_term_string\"}}],\"inLanguage\":\"gl-ES\"},{\"@type\":\"Organization\",\"@id\":\"https:\\\/\\\/www.anovapeneira.gal\\\/#organization\",\"name\":\"A Nova Peneira\",\"url\":\"https:\\\/\\\/www.anovapeneira.gal\\\/\",\"logo\":{\"@type\":\"ImageObject\",\"inLanguage\":\"gl-ES\",\"@id\":\"https:\\\/\\\/www.anovapeneira.gal\\\/#\\\/schema\\\/logo\\\/image\\\/\",\"url\":\"http:\\\/\\\/www.anovapeneira.gal\\\/wp-content\\\/uploads\\\/2019\\\/06\\\/logo_a_nova_peneira_portal_web.png\",\"contentUrl\":\"http:\\\/\\\/www.anovapeneira.gal\\\/wp-content\\\/uploads\\\/2019\\\/06\\\/logo_a_nova_peneira_portal_web.png\",\"width\":300,\"height\":100,\"caption\":\"A Nova Peneira\"},\"image\":{\"@id\":\"https:\\\/\\\/www.anovapeneira.gal\\\/#\\\/schema\\\/logo\\\/image\\\/\"},\"sameAs\":[\"https:\\\/\\\/www.facebook.com\\\/anovapeneira\",\"https:\\\/\\\/x.com\\\/APeneira\"]},{\"@type\":\"Person\",\"@id\":\"https:\\\/\\\/www.anovapeneira.gal\\\/#\\\/schema\\\/person\\\/b93e3f8932e3f8da96334607eb6ac6aa\",\"name\":\"Redacci\u00f3n A Nova Peneira\",\"image\":{\"@type\":\"ImageObject\",\"inLanguage\":\"gl-ES\",\"@id\":\"https:\\\/\\\/secure.gravatar.com\\\/avatar\\\/c052a2551a06e23fac63626232eaa90abd78dbcf1700fc46a2b2c89fd27b735f?s=96&d=mm&r=g\",\"url\":\"https:\\\/\\\/secure.gravatar.com\\\/avatar\\\/c052a2551a06e23fac63626232eaa90abd78dbcf1700fc46a2b2c89fd27b735f?s=96&d=mm&r=g\",\"contentUrl\":\"https:\\\/\\\/secure.gravatar.com\\\/avatar\\\/c052a2551a06e23fac63626232eaa90abd78dbcf1700fc46a2b2c89fd27b735f?s=96&d=mm&r=g\",\"caption\":\"Redacci\u00f3n A Nova Peneira\"},\"sameAs\":[\"http:\\\/\\\/www.anovapeneira.gal\\\/\"],\"url\":\"https:\\\/\\\/www.anovapeneira.gal\\\/index.php\\\/author\\\/redactor\\\/\"}]}<\/script>\n<!-- \/ Yoast SEO plugin. -->","yoast_head_json":{"title":"O Balneario de Mondariz celebra o D\u00eda da Muller cun reco\u00f1ecemento ao seu labor innovador -","description":"O Premio Beauty Contact destaca o traballo do equipo termal, integrado polo 100% de mulleres, que converten este destino wellness galego en todo un exemplo de sa\u00fade natural a partir das s\u00faas augas mineromedicinais","robots":{"index":"index","follow":"follow","max-snippet":"max-snippet:-1","max-image-preview":"max-image-preview:large","max-video-preview":"max-video-preview:-1"},"canonical":"https:\/\/www.anovapeneira.gal\/index.php\/2024\/03\/14\/o-balneario-de-mondariz-celebra-o-dia-da-muller-cun-reconecemento-ao-seu-labor-innovador\/","og_locale":"gl_ES","og_type":"article","og_title":"O Balneario de Mondariz celebra o D\u00eda da Muller cun reco\u00f1ecemento ao seu labor innovador -","og_description":"O Premio Beauty Contact destaca o traballo do equipo termal, integrado polo 100% de mulleres, que converten este destino wellness galego en todo un exemplo de sa\u00fade natural a partir das s\u00faas augas mineromedicinais","og_url":"https:\/\/www.anovapeneira.gal\/index.php\/2024\/03\/14\/o-balneario-de-mondariz-celebra-o-dia-da-muller-cun-reconecemento-ao-seu-labor-innovador\/","article_publisher":"https:\/\/www.facebook.com\/anovapeneira","article_published_time":"2024-03-14T09:00:17+00:00","og_image":[{"width":720,"height":432,"url":"https:\/\/www.anovapeneira.gal\/wp-content\/uploads\/2024\/03\/mondariz.jpg","type":"image\/jpeg"}],"author":"Redacci\u00f3n A Nova Peneira","twitter_card":"summary_large_image","twitter_creator":"@APeneira","twitter_site":"@APeneira","twitter_misc":{"Escrito por":"Redacci\u00f3n A Nova Peneira","Tempo de lectura":"3 minutos"},"schema":{"@context":"https:\/\/schema.org","@graph":[{"@type":"Article","@id":"https:\/\/www.anovapeneira.gal\/index.php\/2024\/03\/14\/o-balneario-de-mondariz-celebra-o-dia-da-muller-cun-reconecemento-ao-seu-labor-innovador\/#article","isPartOf":{"@id":"https:\/\/www.anovapeneira.gal\/index.php\/2024\/03\/14\/o-balneario-de-mondariz-celebra-o-dia-da-muller-cun-reconecemento-ao-seu-labor-innovador\/"},"author":{"name":"Redacci\u00f3n A Nova Peneira","@id":"https:\/\/www.anovapeneira.gal\/#\/schema\/person\/b93e3f8932e3f8da96334607eb6ac6aa"},"headline":"O Balneario de Mondariz celebra o D\u00eda da Muller cun reco\u00f1ecemento ao seu labor innovador","datePublished":"2024-03-14T09:00:17+00:00","mainEntityOfPage":{"@id":"https:\/\/www.anovapeneira.gal\/index.php\/2024\/03\/14\/o-balneario-de-mondariz-celebra-o-dia-da-muller-cun-reconecemento-ao-seu-labor-innovador\/"},"wordCount":445,"commentCount":0,"publisher":{"@id":"https:\/\/www.anovapeneira.gal\/#organization"},"image":{"@id":"https:\/\/www.anovapeneira.gal\/index.php\/2024\/03\/14\/o-balneario-de-mondariz-celebra-o-dia-da-muller-cun-reconecemento-ao-seu-labor-innovador\/#primaryimage"},"thumbnailUrl":"https:\/\/www.anovapeneira.gal\/wp-content\/uploads\/2024\/03\/mondariz.jpg","keywords":["Concello de Mondariz Balneario"],"articleSection":["Condado"],"inLanguage":"gl-ES","potentialAction":[{"@type":"CommentAction","name":"Comment","target":["https:\/\/www.anovapeneira.gal\/index.php\/2024\/03\/14\/o-balneario-de-mondariz-celebra-o-dia-da-muller-cun-reconecemento-ao-seu-labor-innovador\/#respond"]}]},{"@type":"WebPage","@id":"https:\/\/www.anovapeneira.gal\/index.php\/2024\/03\/14\/o-balneario-de-mondariz-celebra-o-dia-da-muller-cun-reconecemento-ao-seu-labor-innovador\/","url":"https:\/\/www.anovapeneira.gal\/index.php\/2024\/03\/14\/o-balneario-de-mondariz-celebra-o-dia-da-muller-cun-reconecemento-ao-seu-labor-innovador\/","name":"O Balneario de Mondariz celebra o D\u00eda da Muller cun reco\u00f1ecemento ao seu labor innovador -","isPartOf":{"@id":"https:\/\/www.anovapeneira.gal\/#website"},"primaryImageOfPage":{"@id":"https:\/\/www.anovapeneira.gal\/index.php\/2024\/03\/14\/o-balneario-de-mondariz-celebra-o-dia-da-muller-cun-reconecemento-ao-seu-labor-innovador\/#primaryimage"},"image":{"@id":"https:\/\/www.anovapeneira.gal\/index.php\/2024\/03\/14\/o-balneario-de-mondariz-celebra-o-dia-da-muller-cun-reconecemento-ao-seu-labor-innovador\/#primaryimage"},"thumbnailUrl":"https:\/\/www.anovapeneira.gal\/wp-content\/uploads\/2024\/03\/mondariz.jpg","datePublished":"2024-03-14T09:00:17+00:00","description":"O Premio Beauty Contact destaca o traballo do equipo termal, integrado polo 100% de mulleres, que converten este destino wellness galego en todo un exemplo de sa\u00fade natural a partir das s\u00faas augas mineromedicinais","breadcrumb":{"@id":"https:\/\/www.anovapeneira.gal\/index.php\/2024\/03\/14\/o-balneario-de-mondariz-celebra-o-dia-da-muller-cun-reconecemento-ao-seu-labor-innovador\/#breadcrumb"},"inLanguage":"gl-ES","potentialAction":[{"@type":"ReadAction","target":["https:\/\/www.anovapeneira.gal\/index.php\/2024\/03\/14\/o-balneario-de-mondariz-celebra-o-dia-da-muller-cun-reconecemento-ao-seu-labor-innovador\/"]}]},{"@type":"ImageObject","inLanguage":"gl-ES","@id":"https:\/\/www.anovapeneira.gal\/index.php\/2024\/03\/14\/o-balneario-de-mondariz-celebra-o-dia-da-muller-cun-reconecemento-ao-seu-labor-innovador\/#primaryimage","url":"https:\/\/www.anovapeneira.gal\/wp-content\/uploads\/2024\/03\/mondariz.jpg","contentUrl":"https:\/\/www.anovapeneira.gal\/wp-content\/uploads\/2024\/03\/mondariz.jpg","width":720,"height":432,"caption":"Balneario de Mondariz celebra o D\u00eda da Muller cun reco\u00f1ecemento ao seu labor innovador"},{"@type":"BreadcrumbList","@id":"https:\/\/www.anovapeneira.gal\/index.php\/2024\/03\/14\/o-balneario-de-mondariz-celebra-o-dia-da-muller-cun-reconecemento-ao-seu-labor-innovador\/#breadcrumb","itemListElement":[{"@type":"ListItem","position":1,"name":"Portada","item":"https:\/\/www.anovapeneira.gal\/"},{"@type":"ListItem","position":2,"name":"O Balneario de Mondariz celebra o D\u00eda da Muller cun reco\u00f1ecemento ao seu labor innovador"}]},{"@type":"WebSite","@id":"https:\/\/www.anovapeneira.gal\/#website","url":"https:\/\/www.anovapeneira.gal\/","name":"","description":"Xornal galego de informaci\u00f3n xeral Publicaci\u00f3n mensual de novas de Galicia e en especial dos Concellos da sur da provincia de Pontevedra.","publisher":{"@id":"https:\/\/www.anovapeneira.gal\/#organization"},"potentialAction":[{"@type":"SearchAction","target":{"@type":"EntryPoint","urlTemplate":"https:\/\/www.anovapeneira.gal\/?s={search_term_string}"},"query-input":{"@type":"PropertyValueSpecification","valueRequired":true,"valueName":"search_term_string"}}],"inLanguage":"gl-ES"},{"@type":"Organization","@id":"https:\/\/www.anovapeneira.gal\/#organization","name":"A Nova Peneira","url":"https:\/\/www.anovapeneira.gal\/","logo":{"@type":"ImageObject","inLanguage":"gl-ES","@id":"https:\/\/www.anovapeneira.gal\/#\/schema\/logo\/image\/","url":"http:\/\/www.anovapeneira.gal\/wp-content\/uploads\/2019\/06\/logo_a_nova_peneira_portal_web.png","contentUrl":"http:\/\/www.anovapeneira.gal\/wp-content\/uploads\/2019\/06\/logo_a_nova_peneira_portal_web.png","width":300,"height":100,"caption":"A Nova Peneira"},"image":{"@id":"https:\/\/www.anovapeneira.gal\/#\/schema\/logo\/image\/"},"sameAs":["https:\/\/www.facebook.com\/anovapeneira","https:\/\/x.com\/APeneira"]},{"@type":"Person","@id":"https:\/\/www.anovapeneira.gal\/#\/schema\/person\/b93e3f8932e3f8da96334607eb6ac6aa","name":"Redacci\u00f3n A Nova Peneira","image":{"@type":"ImageObject","inLanguage":"gl-ES","@id":"https:\/\/secure.gravatar.com\/avatar\/c052a2551a06e23fac63626232eaa90abd78dbcf1700fc46a2b2c89fd27b735f?s=96&d=mm&r=g","url":"https:\/\/secure.gravatar.com\/avatar\/c052a2551a06e23fac63626232eaa90abd78dbcf1700fc46a2b2c89fd27b735f?s=96&d=mm&r=g","contentUrl":"https:\/\/secure.gravatar.com\/avatar\/c052a2551a06e23fac63626232eaa90abd78dbcf1700fc46a2b2c89fd27b735f?s=96&d=mm&r=g","caption":"Redacci\u00f3n A Nova Peneira"},"sameAs":["http:\/\/www.anovapeneira.gal\/"],"url":"https:\/\/www.anovapeneira.gal\/index.php\/author\/redactor\/"}]}},"jetpack_featured_media_url":"https:\/\/www.anovapeneira.gal\/wp-content\/uploads\/2024\/03\/mondariz.jpg","_links":{"self":[{"href":"https:\/\/www.anovapeneira.gal\/index.php\/wp-json\/wp\/v2\/posts\/11425","targetHints":{"allow":["GET"]}}],"collection":[{"href":"https:\/\/www.anovapeneira.gal\/index.php\/wp-json\/wp\/v2\/posts"}],"about":[{"href":"https:\/\/www.anovapeneira.gal\/index.php\/wp-json\/wp\/v2\/types\/post"}],"author":[{"embeddable":true,"href":"https:\/\/www.anovapeneira.gal\/index.php\/wp-json\/wp\/v2\/users\/3"}],"replies":[{"embeddable":true,"href":"https:\/\/www.anovapeneira.gal\/index.php\/wp-json\/wp\/v2\/comments?post=11425"}],"version-history":[{"count":1,"href":"https:\/\/www.anovapeneira.gal\/index.php\/wp-json\/wp\/v2\/posts\/11425\/revisions"}],"predecessor-version":[{"id":11427,"href":"https:\/\/www.anovapeneira.gal\/index.php\/wp-json\/wp\/v2\/posts\/11425\/revisions\/11427"}],"wp:featuredmedia":[{"embeddable":true,"href":"https:\/\/www.anovapeneira.gal\/index.php\/wp-json\/wp\/v2\/media\/11426"}],"wp:attachment":[{"href":"https:\/\/www.anovapeneira.gal\/index.php\/wp-json\/wp\/v2\/media?parent=11425"}],"wp:term":[{"taxonomy":"category","embeddable":true,"href":"https:\/\/www.anovapeneira.gal\/index.php\/wp-json\/wp\/v2\/categories?post=11425"},{"taxonomy":"post_tag","embeddable":true,"href":"https:\/\/www.anovapeneira.gal\/index.php\/wp-json\/wp\/v2\/tags?post=11425"}],"curies":[{"name":"wp","href":"https:\/\/api.w.org\/{rel}","templated":true}]}}