{"id":11428,"date":"2024-03-14T12:00:06","date_gmt":"2024-03-14T11:00:06","guid":{"rendered":"https:\/\/www.anovapeneira.gal\/?p=11428"},"modified":"2024-03-13T10:28:45","modified_gmt":"2024-03-13T09:28:45","slug":"o-8m-en-camposancos-reivindicacion-e-beleza","status":"publish","type":"post","link":"https:\/\/www.anovapeneira.gal\/index.php\/2024\/03\/14\/o-8m-en-camposancos-reivindicacion-e-beleza\/","title":{"rendered":"O 8M en Camposancos: Reivindicaci\u00f3n e beleza"},"content":{"rendered":"\n<p><strong>Cami\u00f1ar polas r\u00faas , cami\u00f1os e corredoiras da parroquia de Camposancos sempre \u00e9 un exercicio moi atractivo pois este pobo, unha das oito entidades locais menores de Pontevedra , \u00e9 dunha enorme beleza. Por\u00e9n desde tres d\u00edas antes doa celebraci\u00f3n do D\u00eda da Muller e ata arredor de 10 d\u00edas despois Camposancos tivo un atractivo engadido que fixo as delicias dos ollos da s\u00faa veci\u00f1anza e de quen coma min visitamos a localidade: Unha serie de fermosas figuras femininas, feitas en madeira, que ti\u00f1an como obxecto enxalzar o traballo da muller, sempre minusvalorado, e reivindicar a igualdade entre os dous sexos que formamos a humanidade. A idea t\u00edvoa a presidenta da Entidade Local Menor, a nacionalista Merchi Mart\u00ednez, e n\u00f3s al\u00e1 fomos a conversar con ela non s\u00f3 de todo o que rodeou \u00e1 colocaci\u00f3n destas figuras, sen\u00f3n tam\u00e9n dos principais problemas e necesidades da parroquia de Camposancos.<\/strong><\/p>\n\n\n\n<p><strong>Merchi Mart\u00ednez presidenta da ELM de Camposancos<\/strong><\/p>\n\n\n\n<figure class=\"wp-block-gallery has-nested-images columns-default is-cropped wp-block-gallery-1 is-layout-flex wp-block-gallery-is-layout-flex\">\n<figure class=\"wp-block-image size-large\"><img loading=\"lazy\" decoding=\"async\" width=\"768\" height=\"1024\" data-id=\"11430\" src=\"https:\/\/www.anovapeneira.gal\/wp-content\/uploads\/2024\/03\/PORTADA-HERMES-2-768x1024.jpg\" alt=\"\" class=\"wp-image-11430\" srcset=\"https:\/\/www.anovapeneira.gal\/wp-content\/uploads\/2024\/03\/PORTADA-HERMES-2-768x1024.jpg 768w, https:\/\/www.anovapeneira.gal\/wp-content\/uploads\/2024\/03\/PORTADA-HERMES-2-225x300.jpg 225w, https:\/\/www.anovapeneira.gal\/wp-content\/uploads\/2024\/03\/PORTADA-HERMES-2-1152x1536.jpg 1152w, https:\/\/www.anovapeneira.gal\/wp-content\/uploads\/2024\/03\/PORTADA-HERMES-2.jpg 1536w\" sizes=\"auto, (max-width: 768px) 100vw, 768px\" \/><\/figure>\n\n\n\n<figure class=\"wp-block-image size-large\"><img loading=\"lazy\" decoding=\"async\" width=\"768\" height=\"1024\" data-id=\"11434\" src=\"https:\/\/www.anovapeneira.gal\/wp-content\/uploads\/2024\/03\/PORTADA-HERMES-3-768x1024.jpg\" alt=\"\" class=\"wp-image-11434\" srcset=\"https:\/\/www.anovapeneira.gal\/wp-content\/uploads\/2024\/03\/PORTADA-HERMES-3-768x1024.jpg 768w, https:\/\/www.anovapeneira.gal\/wp-content\/uploads\/2024\/03\/PORTADA-HERMES-3-225x300.jpg 225w, https:\/\/www.anovapeneira.gal\/wp-content\/uploads\/2024\/03\/PORTADA-HERMES-3-1152x1536.jpg 1152w, https:\/\/www.anovapeneira.gal\/wp-content\/uploads\/2024\/03\/PORTADA-HERMES-3.jpg 1536w\" sizes=\"auto, (max-width: 768px) 100vw, 768px\" \/><\/figure>\n\n\n\n<figure class=\"wp-block-image size-large\"><img loading=\"lazy\" decoding=\"async\" width=\"768\" height=\"1024\" data-id=\"11433\" src=\"https:\/\/www.anovapeneira.gal\/wp-content\/uploads\/2024\/03\/PORTADA-HERMES-4-768x1024.jpg\" alt=\"\" class=\"wp-image-11433\" srcset=\"https:\/\/www.anovapeneira.gal\/wp-content\/uploads\/2024\/03\/PORTADA-HERMES-4-768x1024.jpg 768w, https:\/\/www.anovapeneira.gal\/wp-content\/uploads\/2024\/03\/PORTADA-HERMES-4-225x300.jpg 225w, https:\/\/www.anovapeneira.gal\/wp-content\/uploads\/2024\/03\/PORTADA-HERMES-4-1152x1536.jpg 1152w, https:\/\/www.anovapeneira.gal\/wp-content\/uploads\/2024\/03\/PORTADA-HERMES-4.jpg 1536w\" sizes=\"auto, (max-width: 768px) 100vw, 768px\" \/><\/figure>\n\n\n\n<figure class=\"wp-block-image size-large\"><img loading=\"lazy\" decoding=\"async\" width=\"768\" height=\"1024\" data-id=\"11431\" src=\"https:\/\/www.anovapeneira.gal\/wp-content\/uploads\/2024\/03\/PORTADA-HERMES-41-768x1024.jpg\" alt=\"\" class=\"wp-image-11431\" srcset=\"https:\/\/www.anovapeneira.gal\/wp-content\/uploads\/2024\/03\/PORTADA-HERMES-41-768x1024.jpg 768w, https:\/\/www.anovapeneira.gal\/wp-content\/uploads\/2024\/03\/PORTADA-HERMES-41-225x300.jpg 225w, https:\/\/www.anovapeneira.gal\/wp-content\/uploads\/2024\/03\/PORTADA-HERMES-41-1152x1536.jpg 1152w, https:\/\/www.anovapeneira.gal\/wp-content\/uploads\/2024\/03\/PORTADA-HERMES-41.jpg 1536w\" sizes=\"auto, (max-width: 768px) 100vw, 768px\" \/><\/figure>\n\n\n\n<figure class=\"wp-block-image size-large\"><img loading=\"lazy\" decoding=\"async\" width=\"768\" height=\"1024\" data-id=\"11432\" src=\"https:\/\/www.anovapeneira.gal\/wp-content\/uploads\/2024\/03\/PORTADA-HERMES-5-768x1024.jpg\" alt=\"\" class=\"wp-image-11432\" srcset=\"https:\/\/www.anovapeneira.gal\/wp-content\/uploads\/2024\/03\/PORTADA-HERMES-5-768x1024.jpg 768w, https:\/\/www.anovapeneira.gal\/wp-content\/uploads\/2024\/03\/PORTADA-HERMES-5-225x300.jpg 225w, https:\/\/www.anovapeneira.gal\/wp-content\/uploads\/2024\/03\/PORTADA-HERMES-5-1152x1536.jpg 1152w, https:\/\/www.anovapeneira.gal\/wp-content\/uploads\/2024\/03\/PORTADA-HERMES-5.jpg 1536w\" sizes=\"auto, (max-width: 768px) 100vw, 768px\" \/><\/figure>\n<\/figure>\n\n\n\n<div style=\"height:28px\" aria-hidden=\"true\" class=\"wp-block-spacer\"><\/div>\n\n\n\n<p>\u201c<strong>Camposancos ten dous graves problemas: A auga e a cuesti\u00f3n administrativa que nos impide rexistrar a nome da Entidade Local Menor as propiedades que est\u00e1n rexistradas a nome de El Coto de Camposancos\u201d<\/strong><\/p>\n\n\n\n<p><strong>Hai tempo que non temos a oportunidade de conversar, Merchi. Como van as cousas por Camposancos?<\/strong><\/p>\n\n\n\n<blockquote class=\"wp-block-quote is-layout-flow wp-block-quote-is-layout-flow\">\n<p>Digamos que van mellorando. Os primeiros anos foron moi duros pero penso que nos estamos asentando, e tratamos de aproveitar todas as oportunidades que se nos presentan para mellorar Camposancos.<\/p>\n<\/blockquote>\n\n\n\n<p><strong>Como por exemplo?<\/strong><\/p>\n\n\n\n<blockquote class=\"wp-block-quote is-layout-flow wp-block-quote-is-layout-flow\">\n<p>Acceder a toda subvenci\u00f3n \u00e1 que temos oportunidade e petar as veces que sexa necesario nas portas das distintas administraci\u00f3ns para que cumpran as s\u00faas obrigas coa nosa comunidade.<\/p>\n<\/blockquote>\n\n\n\n<p><strong>Este \u00e9 o teu segundo mandato e penso que dos resultados electorais que obtiveches se pode deducir con claridade que a veci\u00f1anza de Camposancos est\u00e1 , en li\u00f1as xerais, moi satisfeita coa t\u00faa xesti\u00f3n?<\/strong><\/p>\n\n\n\n<blockquote class=\"wp-block-quote is-layout-flow wp-block-quote-is-layout-flow\">\n<p>A verdade \u00e9 que o caudal de confianza que recibimos do pobo de Camposancos foi inmenso , duplicamos os votos do PSOE e triplicamos os do PP, o que me enche de orgullo. O apoio que nos deu a veci\u00f1anza do meu pobo \u00e9 unha inmensa honra e tam\u00e9n unha enorme responsabilidade para min.<\/p>\n<\/blockquote>\n\n\n\n<p><strong>Pero gobernas en minor\u00eda, verdade?<\/strong><\/p>\n\n\n\n<blockquote class=\"wp-block-quote is-layout-flow wp-block-quote-is-layout-flow\">\n<p>Si, porque o que se vota nas elecci\u00f3ns \u00e1 ELM s\u00f3 \u00e9 a presidencia. O resto da corporaci\u00f3n \u00e9 elixida desde o Concello. As\u00ed pois somos 2 persoas do BNG , 2 do PP e 1 do PSOE.<\/p>\n<\/blockquote>\n\n\n\n<p><strong>Que tal relaci\u00f3n tes coa oposici\u00f3n?<\/strong><\/p>\n\n\n\n<blockquote class=\"wp-block-quote is-layout-flow wp-block-quote-is-layout-flow\">\n<p>Pois t\u00e9\u00f1oa mellor coas do PP que co PSOE. Te\u00f1o que dicir, porque \u00e9 verdade, que a actitude do PP \u00e9 m\u00e1is construtiva que a do PSOE.<\/p>\n<\/blockquote>\n\n\n\n<p><strong>Cales son os principais problemas que padece Camposancos?<\/strong><\/p>\n\n\n\n<blockquote class=\"wp-block-quote is-layout-flow wp-block-quote-is-layout-flow\">\n<p>Temos dous problemas moi graves:<\/p>\n<\/blockquote>\n\n\n\n<blockquote class=\"wp-block-quote is-layout-flow wp-block-quote-is-layout-flow\">\n<p>1) A auga. Estaba todo moi abandonado coas tubaxes oxidadas, as escaleiras podres dentro dos dep\u00f3sitos, chaves de paso bloqueadas&#8230;.N\u00f3s en catro anos arranxamos cinco r\u00faas, mentres que a anterior presidencia en catro mandatos non arranxou ningunha. Agardo que este ano poidamos arranxar a sexta r\u00faa. As tubaxes de Camposancos te\u00f1en arredor de medio s\u00e9culo e xa non dan m\u00e1is, continuamente est\u00e1n a rebentar. O problema \u00e9 especialmente grave no ver\u00e1n pois nesa \u00e9poca n\u00f3s chegamos a triplicar a nosa poboaci\u00f3n co que o consumo de auga se multiplica e as tubaxes sofren m\u00e1is.<\/p>\n<\/blockquote>\n\n\n\n<blockquote class=\"wp-block-quote is-layout-flow wp-block-quote-is-layout-flow\">\n<p>2)Un problema administrativo que \u00e9 realmente grave. Nun principio a nosa entidade cham\u00e1base \u201c O Coto de Camposancos\u201d.Era un coto que pertenceu \u00e1 igrexa e foi chamado as\u00ed. Nos anos 60 constitu\u00edse a xunta da Entidade Local Menor e non se cambiaron, nos rexistros da propiedade, os bens a nome da Entidade Local Menor. E agora temos uns problemas terribles porque hai propiedades rexistradas a nome de \u201c Coto\u201d e quedan nunha especie de limbo. Incluso o anterior presidente levou o rexistro ao xulgado pero non sacamos nada en claro. Temos importantes propiedades coas que non podemos facer nada. \u00c9 Terrible.<\/p>\n<\/blockquote>\n\n\n\n<p><strong>O ano pasado cambiou o goberno municipal de A Guarda. Tivo alg\u00fan tipo de consecuencias para a ELM?<\/strong><\/p>\n\n\n\n<blockquote class=\"wp-block-quote is-layout-flow wp-block-quote-is-layout-flow\">\n<p>Digamos que moi leves. Pero parece que con este goberno temos mellor relaci\u00f3n que co anterior. O anterior goberno do PSOE chegaron a non dirixirme a palabra e nin sequera a avisarme de cando hab\u00eda algunha visita oficial a Camposancos.<\/p>\n<\/blockquote>\n\n\n\n<p><strong>Ao pasearmos por Camposancos o d\u00eda antes do 8M tivemos a oportunidade de apreciar unhas fermosas figuras femininas. Expl\u00edcasnos de que se trata?<\/strong><\/p>\n\n\n\n<blockquote class=\"wp-block-quote is-layout-flow wp-block-quote-is-layout-flow\">\n<p>En Camposancos hai unha preciosa tradici\u00f3n de Nadal de adornar os nosos currunchos. Convido aos lectores e lectoras a que nos visitedes no Nadal e veredes que cada lugar do noso pobo \u00e9 unha fermosa estampa de Nadal.<\/p>\n<\/blockquote>\n\n\n\n<p>Esta tradici\u00f3n deume a idea, o ano pasado, de facer algo nesa li\u00f1a para o d\u00eda da muller.<\/p>\n\n\n\n<p><strong>Que fixestes?<\/strong><\/p>\n\n\n\n<blockquote class=\"wp-block-quote is-layout-flow wp-block-quote-is-layout-flow\">\n<p>Colocarmos mulleres en distintas partes do pobo, feitas en madeira e vestidas con est\u00e9tica dos anos 50. Tivo moito \u00e9xito, de feito os coches paraban nas estradas para velas.<\/p>\n<\/blockquote>\n\n\n\n<p><strong>Ent\u00f3n este ano quixestes darlle continuidade?<\/strong><\/p>\n\n\n\n<blockquote class=\"wp-block-quote is-layout-flow wp-block-quote-is-layout-flow\">\n<p>Pois si. Puxemos tam\u00e9n figuras femininas , pero diferentes. A intenci\u00f3n \u00e9 enxalzar a figura da muller, que foi durante tanto tempo minimizada.<\/p>\n<\/blockquote>\n\n\n\n<blockquote class=\"wp-block-quote is-layout-flow wp-block-quote-is-layout-flow\">\n<p>Malia que a muller sempre foi o piar das familias o seu traballo non era valorado en absoluto.<\/p>\n<\/blockquote>\n\n\n\n<p><strong>As figuras son de madeira, verdade?<\/strong><\/p>\n\n\n\n<blockquote class=\"wp-block-quote is-layout-flow wp-block-quote-is-layout-flow\">\n<p>Si, e son al\u00e9n de moi bonitas dunha enorme complexidade pois son figuras articuladas.<\/p>\n<\/blockquote>\n\n\n\n<p><strong>Quen as fai?<\/strong><\/p>\n\n\n\n<blockquote class=\"wp-block-quote is-layout-flow wp-block-quote-is-layout-flow\">\n<p>Entre un empregado da entidade, en horas f\u00f3ra do seu tempo laboral, e o noso veci\u00f1o \u201cChi\u00f1o\u201d.Ambos son uns \u201c manitas\u201d e d\u00e1selle moi ben este tipo de cousas<\/p>\n<\/blockquote>\n\n\n\n<p><strong>Cantas hai?<\/strong><\/p>\n\n\n\n<blockquote class=\"wp-block-quote is-layout-flow wp-block-quote-is-layout-flow\">\n<p>Hai oito na estrada, preto do casino. E logo na zona do palomar hai algunha m\u00e1is que as fan unha familia de catro persoas que tam\u00e9n colaboran.<\/p>\n<\/blockquote>\n\n\n\n<p><strong>Que aceptaci\u00f3n tiveron no pobo de Camposancos?<\/strong><\/p>\n\n\n\n<blockquote class=\"wp-block-quote is-layout-flow wp-block-quote-is-layout-flow\">\n<p>Enormemente positiva. Non s\u00f3 no noso pobo sen\u00f3n tam\u00e9n na xente de f\u00f3ra. Ven moita xente de A Guarda ou do Rosal a miralas o que para n\u00f3s \u00e9 unha grande alegr\u00eda.<\/p>\n<\/blockquote>\n\n\n\n<p><strong>Cando as puxestes?<\/strong><\/p>\n\n\n\n<blockquote class=\"wp-block-quote is-layout-flow wp-block-quote-is-layout-flow\">\n<p>Pux\u00e9molas tres d\u00edas antes do d\u00eda da muller. E a nosa idea \u00e9 telas arredor de 15 d\u00edas m\u00e1is. Depender\u00e1 un pouco da climatolox\u00eda.<\/p>\n<\/blockquote>\n","protected":false},"excerpt":{"rendered":"<div class=\"mh-excerpt\"><p>Cami\u00f1ar polas r\u00faas , cami\u00f1os e corredoiras da parroquia de Camposancos sempre \u00e9 un exercicio moi atractivo pois este pobo, unha das oito entidades locais menores de Pontevedra , \u00e9 dunha enorme beleza <a class=\"mh-excerpt-more\" href=\"https:\/\/www.anovapeneira.gal\/index.php\/2024\/03\/14\/o-8m-en-camposancos-reivindicacion-e-beleza\/\" title=\"O 8M en Camposancos: Reivindicaci\u00f3n e beleza\">[&#8230;]<\/a><\/p>\n<\/div>","protected":false},"author":3,"featured_media":11429,"comment_status":"open","ping_status":"open","sticky":false,"template":"","format":"standard","meta":{"_exactmetrics_skip_tracking":false,"_exactmetrics_sitenote_active":false,"_exactmetrics_sitenote_note":"","_exactmetrics_sitenote_category":0,"footnotes":""},"categories":[266],"tags":[238],"class_list":{"0":"post-11428","1":"post","2":"type-post","3":"status-publish","4":"format-standard","5":"has-post-thumbnail","7":"category-baixo-mino-entrevistas","8":"tag-concello-da-guarda"},"yoast_head":"<!-- This site is optimized with the Yoast SEO plugin v27.4 - https:\/\/yoast.com\/product\/yoast-seo-wordpress\/ -->\n<title>O 8M en Camposancos: Reivindicaci\u00f3n e beleza -<\/title>\n<meta name=\"description\" content=\"Cami\u00f1ar polas r\u00faas , cami\u00f1os e corredoiras da parroquia de Camposancos sempre \u00e9 un exercicio moi atractivo pois este pobo, unha das oito entidades locais menores de Pontevedra , \u00e9 dunha enorme beleza\" \/>\n<meta name=\"robots\" content=\"index, follow, max-snippet:-1, max-image-preview:large, max-video-preview:-1\" \/>\n<link rel=\"canonical\" href=\"https:\/\/www.anovapeneira.gal\/index.php\/2024\/03\/14\/o-8m-en-camposancos-reivindicacion-e-beleza\/\" \/>\n<meta property=\"og:locale\" content=\"gl_ES\" \/>\n<meta property=\"og:type\" content=\"article\" \/>\n<meta property=\"og:title\" content=\"O 8M en Camposancos: Reivindicaci\u00f3n e beleza -\" \/>\n<meta property=\"og:description\" content=\"Cami\u00f1ar polas r\u00faas , cami\u00f1os e corredoiras da parroquia de Camposancos sempre \u00e9 un exercicio moi atractivo pois este pobo, unha das oito entidades locais menores de Pontevedra , \u00e9 dunha enorme beleza\" \/>\n<meta property=\"og:url\" content=\"https:\/\/www.anovapeneira.gal\/index.php\/2024\/03\/14\/o-8m-en-camposancos-reivindicacion-e-beleza\/\" \/>\n<meta property=\"article:publisher\" content=\"https:\/\/www.facebook.com\/anovapeneira\" \/>\n<meta property=\"article:published_time\" content=\"2024-03-14T11:00:06+00:00\" \/>\n<meta property=\"og:image\" content=\"https:\/\/www.anovapeneira.gal\/wp-content\/uploads\/2024\/03\/hermes.jpg\" \/>\n\t<meta property=\"og:image:width\" content=\"720\" \/>\n\t<meta property=\"og:image:height\" content=\"432\" \/>\n\t<meta property=\"og:image:type\" content=\"image\/jpeg\" \/>\n<meta name=\"author\" content=\"Redacci\u00f3n A Nova Peneira\" \/>\n<meta name=\"twitter:card\" content=\"summary_large_image\" \/>\n<meta name=\"twitter:creator\" content=\"@APeneira\" \/>\n<meta name=\"twitter:site\" content=\"@APeneira\" \/>\n<meta name=\"twitter:label1\" content=\"Escrito por\" \/>\n\t<meta name=\"twitter:data1\" content=\"Redacci\u00f3n A Nova Peneira\" \/>\n\t<meta name=\"twitter:label2\" content=\"Tempo de lectura\" \/>\n\t<meta name=\"twitter:data2\" content=\"4 minutos\" \/>\n<script type=\"application\/ld+json\" class=\"yoast-schema-graph\">{\"@context\":\"https:\\\/\\\/schema.org\",\"@graph\":[{\"@type\":\"Article\",\"@id\":\"https:\\\/\\\/www.anovapeneira.gal\\\/index.php\\\/2024\\\/03\\\/14\\\/o-8m-en-camposancos-reivindicacion-e-beleza\\\/#article\",\"isPartOf\":{\"@id\":\"https:\\\/\\\/www.anovapeneira.gal\\\/index.php\\\/2024\\\/03\\\/14\\\/o-8m-en-camposancos-reivindicacion-e-beleza\\\/\"},\"author\":{\"name\":\"Redacci\u00f3n A Nova Peneira\",\"@id\":\"https:\\\/\\\/www.anovapeneira.gal\\\/#\\\/schema\\\/person\\\/b93e3f8932e3f8da96334607eb6ac6aa\"},\"headline\":\"O 8M en Camposancos: Reivindicaci\u00f3n e beleza\",\"datePublished\":\"2024-03-14T11:00:06+00:00\",\"mainEntityOfPage\":{\"@id\":\"https:\\\/\\\/www.anovapeneira.gal\\\/index.php\\\/2024\\\/03\\\/14\\\/o-8m-en-camposancos-reivindicacion-e-beleza\\\/\"},\"wordCount\":1057,\"commentCount\":0,\"publisher\":{\"@id\":\"https:\\\/\\\/www.anovapeneira.gal\\\/#organization\"},\"image\":{\"@id\":\"https:\\\/\\\/www.anovapeneira.gal\\\/index.php\\\/2024\\\/03\\\/14\\\/o-8m-en-camposancos-reivindicacion-e-beleza\\\/#primaryimage\"},\"thumbnailUrl\":\"https:\\\/\\\/www.anovapeneira.gal\\\/wp-content\\\/uploads\\\/2024\\\/03\\\/hermes.jpg\",\"keywords\":[\"Concello da Guarda\"],\"articleSection\":[\"Baixo Mi\u00f1o\"],\"inLanguage\":\"gl-ES\",\"potentialAction\":[{\"@type\":\"CommentAction\",\"name\":\"Comment\",\"target\":[\"https:\\\/\\\/www.anovapeneira.gal\\\/index.php\\\/2024\\\/03\\\/14\\\/o-8m-en-camposancos-reivindicacion-e-beleza\\\/#respond\"]}]},{\"@type\":\"WebPage\",\"@id\":\"https:\\\/\\\/www.anovapeneira.gal\\\/index.php\\\/2024\\\/03\\\/14\\\/o-8m-en-camposancos-reivindicacion-e-beleza\\\/\",\"url\":\"https:\\\/\\\/www.anovapeneira.gal\\\/index.php\\\/2024\\\/03\\\/14\\\/o-8m-en-camposancos-reivindicacion-e-beleza\\\/\",\"name\":\"O 8M en Camposancos: Reivindicaci\u00f3n e beleza -\",\"isPartOf\":{\"@id\":\"https:\\\/\\\/www.anovapeneira.gal\\\/#website\"},\"primaryImageOfPage\":{\"@id\":\"https:\\\/\\\/www.anovapeneira.gal\\\/index.php\\\/2024\\\/03\\\/14\\\/o-8m-en-camposancos-reivindicacion-e-beleza\\\/#primaryimage\"},\"image\":{\"@id\":\"https:\\\/\\\/www.anovapeneira.gal\\\/index.php\\\/2024\\\/03\\\/14\\\/o-8m-en-camposancos-reivindicacion-e-beleza\\\/#primaryimage\"},\"thumbnailUrl\":\"https:\\\/\\\/www.anovapeneira.gal\\\/wp-content\\\/uploads\\\/2024\\\/03\\\/hermes.jpg\",\"datePublished\":\"2024-03-14T11:00:06+00:00\",\"description\":\"Cami\u00f1ar polas r\u00faas , cami\u00f1os e corredoiras da parroquia de Camposancos sempre \u00e9 un exercicio moi atractivo pois este pobo, unha das oito entidades locais menores de Pontevedra , \u00e9 dunha enorme beleza\",\"breadcrumb\":{\"@id\":\"https:\\\/\\\/www.anovapeneira.gal\\\/index.php\\\/2024\\\/03\\\/14\\\/o-8m-en-camposancos-reivindicacion-e-beleza\\\/#breadcrumb\"},\"inLanguage\":\"gl-ES\",\"potentialAction\":[{\"@type\":\"ReadAction\",\"target\":[\"https:\\\/\\\/www.anovapeneira.gal\\\/index.php\\\/2024\\\/03\\\/14\\\/o-8m-en-camposancos-reivindicacion-e-beleza\\\/\"]}]},{\"@type\":\"ImageObject\",\"inLanguage\":\"gl-ES\",\"@id\":\"https:\\\/\\\/www.anovapeneira.gal\\\/index.php\\\/2024\\\/03\\\/14\\\/o-8m-en-camposancos-reivindicacion-e-beleza\\\/#primaryimage\",\"url\":\"https:\\\/\\\/www.anovapeneira.gal\\\/wp-content\\\/uploads\\\/2024\\\/03\\\/hermes.jpg\",\"contentUrl\":\"https:\\\/\\\/www.anovapeneira.gal\\\/wp-content\\\/uploads\\\/2024\\\/03\\\/hermes.jpg\",\"width\":720,\"height\":432,\"caption\":\"O 8M en Camposancos\"},{\"@type\":\"BreadcrumbList\",\"@id\":\"https:\\\/\\\/www.anovapeneira.gal\\\/index.php\\\/2024\\\/03\\\/14\\\/o-8m-en-camposancos-reivindicacion-e-beleza\\\/#breadcrumb\",\"itemListElement\":[{\"@type\":\"ListItem\",\"position\":1,\"name\":\"Portada\",\"item\":\"https:\\\/\\\/www.anovapeneira.gal\\\/\"},{\"@type\":\"ListItem\",\"position\":2,\"name\":\"O 8M en Camposancos: Reivindicaci\u00f3n e beleza\"}]},{\"@type\":\"WebSite\",\"@id\":\"https:\\\/\\\/www.anovapeneira.gal\\\/#website\",\"url\":\"https:\\\/\\\/www.anovapeneira.gal\\\/\",\"name\":\"\",\"description\":\"Xornal galego de informaci\u00f3n xeral Publicaci\u00f3n mensual de novas de Galicia e en especial dos Concellos da sur da provincia de Pontevedra.\",\"publisher\":{\"@id\":\"https:\\\/\\\/www.anovapeneira.gal\\\/#organization\"},\"potentialAction\":[{\"@type\":\"SearchAction\",\"target\":{\"@type\":\"EntryPoint\",\"urlTemplate\":\"https:\\\/\\\/www.anovapeneira.gal\\\/?s={search_term_string}\"},\"query-input\":{\"@type\":\"PropertyValueSpecification\",\"valueRequired\":true,\"valueName\":\"search_term_string\"}}],\"inLanguage\":\"gl-ES\"},{\"@type\":\"Organization\",\"@id\":\"https:\\\/\\\/www.anovapeneira.gal\\\/#organization\",\"name\":\"A Nova Peneira\",\"url\":\"https:\\\/\\\/www.anovapeneira.gal\\\/\",\"logo\":{\"@type\":\"ImageObject\",\"inLanguage\":\"gl-ES\",\"@id\":\"https:\\\/\\\/www.anovapeneira.gal\\\/#\\\/schema\\\/logo\\\/image\\\/\",\"url\":\"http:\\\/\\\/www.anovapeneira.gal\\\/wp-content\\\/uploads\\\/2019\\\/06\\\/logo_a_nova_peneira_portal_web.png\",\"contentUrl\":\"http:\\\/\\\/www.anovapeneira.gal\\\/wp-content\\\/uploads\\\/2019\\\/06\\\/logo_a_nova_peneira_portal_web.png\",\"width\":300,\"height\":100,\"caption\":\"A Nova Peneira\"},\"image\":{\"@id\":\"https:\\\/\\\/www.anovapeneira.gal\\\/#\\\/schema\\\/logo\\\/image\\\/\"},\"sameAs\":[\"https:\\\/\\\/www.facebook.com\\\/anovapeneira\",\"https:\\\/\\\/x.com\\\/APeneira\"]},{\"@type\":\"Person\",\"@id\":\"https:\\\/\\\/www.anovapeneira.gal\\\/#\\\/schema\\\/person\\\/b93e3f8932e3f8da96334607eb6ac6aa\",\"name\":\"Redacci\u00f3n A Nova Peneira\",\"image\":{\"@type\":\"ImageObject\",\"inLanguage\":\"gl-ES\",\"@id\":\"https:\\\/\\\/secure.gravatar.com\\\/avatar\\\/c052a2551a06e23fac63626232eaa90abd78dbcf1700fc46a2b2c89fd27b735f?s=96&d=mm&r=g\",\"url\":\"https:\\\/\\\/secure.gravatar.com\\\/avatar\\\/c052a2551a06e23fac63626232eaa90abd78dbcf1700fc46a2b2c89fd27b735f?s=96&d=mm&r=g\",\"contentUrl\":\"https:\\\/\\\/secure.gravatar.com\\\/avatar\\\/c052a2551a06e23fac63626232eaa90abd78dbcf1700fc46a2b2c89fd27b735f?s=96&d=mm&r=g\",\"caption\":\"Redacci\u00f3n A Nova Peneira\"},\"sameAs\":[\"http:\\\/\\\/www.anovapeneira.gal\\\/\"],\"url\":\"https:\\\/\\\/www.anovapeneira.gal\\\/index.php\\\/author\\\/redactor\\\/\"}]}<\/script>\n<!-- \/ Yoast SEO plugin. -->","yoast_head_json":{"title":"O 8M en Camposancos: Reivindicaci\u00f3n e beleza -","description":"Cami\u00f1ar polas r\u00faas , cami\u00f1os e corredoiras da parroquia de Camposancos sempre \u00e9 un exercicio moi atractivo pois este pobo, unha das oito entidades locais menores de Pontevedra , \u00e9 dunha enorme beleza","robots":{"index":"index","follow":"follow","max-snippet":"max-snippet:-1","max-image-preview":"max-image-preview:large","max-video-preview":"max-video-preview:-1"},"canonical":"https:\/\/www.anovapeneira.gal\/index.php\/2024\/03\/14\/o-8m-en-camposancos-reivindicacion-e-beleza\/","og_locale":"gl_ES","og_type":"article","og_title":"O 8M en Camposancos: Reivindicaci\u00f3n e beleza -","og_description":"Cami\u00f1ar polas r\u00faas , cami\u00f1os e corredoiras da parroquia de Camposancos sempre \u00e9 un exercicio moi atractivo pois este pobo, unha das oito entidades locais menores de Pontevedra , \u00e9 dunha enorme beleza","og_url":"https:\/\/www.anovapeneira.gal\/index.php\/2024\/03\/14\/o-8m-en-camposancos-reivindicacion-e-beleza\/","article_publisher":"https:\/\/www.facebook.com\/anovapeneira","article_published_time":"2024-03-14T11:00:06+00:00","og_image":[{"width":720,"height":432,"url":"https:\/\/www.anovapeneira.gal\/wp-content\/uploads\/2024\/03\/hermes.jpg","type":"image\/jpeg"}],"author":"Redacci\u00f3n A Nova Peneira","twitter_card":"summary_large_image","twitter_creator":"@APeneira","twitter_site":"@APeneira","twitter_misc":{"Escrito por":"Redacci\u00f3n A Nova Peneira","Tempo de lectura":"4 minutos"},"schema":{"@context":"https:\/\/schema.org","@graph":[{"@type":"Article","@id":"https:\/\/www.anovapeneira.gal\/index.php\/2024\/03\/14\/o-8m-en-camposancos-reivindicacion-e-beleza\/#article","isPartOf":{"@id":"https:\/\/www.anovapeneira.gal\/index.php\/2024\/03\/14\/o-8m-en-camposancos-reivindicacion-e-beleza\/"},"author":{"name":"Redacci\u00f3n A Nova Peneira","@id":"https:\/\/www.anovapeneira.gal\/#\/schema\/person\/b93e3f8932e3f8da96334607eb6ac6aa"},"headline":"O 8M en Camposancos: Reivindicaci\u00f3n e beleza","datePublished":"2024-03-14T11:00:06+00:00","mainEntityOfPage":{"@id":"https:\/\/www.anovapeneira.gal\/index.php\/2024\/03\/14\/o-8m-en-camposancos-reivindicacion-e-beleza\/"},"wordCount":1057,"commentCount":0,"publisher":{"@id":"https:\/\/www.anovapeneira.gal\/#organization"},"image":{"@id":"https:\/\/www.anovapeneira.gal\/index.php\/2024\/03\/14\/o-8m-en-camposancos-reivindicacion-e-beleza\/#primaryimage"},"thumbnailUrl":"https:\/\/www.anovapeneira.gal\/wp-content\/uploads\/2024\/03\/hermes.jpg","keywords":["Concello da Guarda"],"articleSection":["Baixo Mi\u00f1o"],"inLanguage":"gl-ES","potentialAction":[{"@type":"CommentAction","name":"Comment","target":["https:\/\/www.anovapeneira.gal\/index.php\/2024\/03\/14\/o-8m-en-camposancos-reivindicacion-e-beleza\/#respond"]}]},{"@type":"WebPage","@id":"https:\/\/www.anovapeneira.gal\/index.php\/2024\/03\/14\/o-8m-en-camposancos-reivindicacion-e-beleza\/","url":"https:\/\/www.anovapeneira.gal\/index.php\/2024\/03\/14\/o-8m-en-camposancos-reivindicacion-e-beleza\/","name":"O 8M en Camposancos: Reivindicaci\u00f3n e beleza -","isPartOf":{"@id":"https:\/\/www.anovapeneira.gal\/#website"},"primaryImageOfPage":{"@id":"https:\/\/www.anovapeneira.gal\/index.php\/2024\/03\/14\/o-8m-en-camposancos-reivindicacion-e-beleza\/#primaryimage"},"image":{"@id":"https:\/\/www.anovapeneira.gal\/index.php\/2024\/03\/14\/o-8m-en-camposancos-reivindicacion-e-beleza\/#primaryimage"},"thumbnailUrl":"https:\/\/www.anovapeneira.gal\/wp-content\/uploads\/2024\/03\/hermes.jpg","datePublished":"2024-03-14T11:00:06+00:00","description":"Cami\u00f1ar polas r\u00faas , cami\u00f1os e corredoiras da parroquia de Camposancos sempre \u00e9 un exercicio moi atractivo pois este pobo, unha das oito entidades locais menores de Pontevedra , \u00e9 dunha enorme beleza","breadcrumb":{"@id":"https:\/\/www.anovapeneira.gal\/index.php\/2024\/03\/14\/o-8m-en-camposancos-reivindicacion-e-beleza\/#breadcrumb"},"inLanguage":"gl-ES","potentialAction":[{"@type":"ReadAction","target":["https:\/\/www.anovapeneira.gal\/index.php\/2024\/03\/14\/o-8m-en-camposancos-reivindicacion-e-beleza\/"]}]},{"@type":"ImageObject","inLanguage":"gl-ES","@id":"https:\/\/www.anovapeneira.gal\/index.php\/2024\/03\/14\/o-8m-en-camposancos-reivindicacion-e-beleza\/#primaryimage","url":"https:\/\/www.anovapeneira.gal\/wp-content\/uploads\/2024\/03\/hermes.jpg","contentUrl":"https:\/\/www.anovapeneira.gal\/wp-content\/uploads\/2024\/03\/hermes.jpg","width":720,"height":432,"caption":"O 8M en Camposancos"},{"@type":"BreadcrumbList","@id":"https:\/\/www.anovapeneira.gal\/index.php\/2024\/03\/14\/o-8m-en-camposancos-reivindicacion-e-beleza\/#breadcrumb","itemListElement":[{"@type":"ListItem","position":1,"name":"Portada","item":"https:\/\/www.anovapeneira.gal\/"},{"@type":"ListItem","position":2,"name":"O 8M en Camposancos: Reivindicaci\u00f3n e beleza"}]},{"@type":"WebSite","@id":"https:\/\/www.anovapeneira.gal\/#website","url":"https:\/\/www.anovapeneira.gal\/","name":"","description":"Xornal galego de informaci\u00f3n xeral Publicaci\u00f3n mensual de novas de Galicia e en especial dos Concellos da sur da provincia de Pontevedra.","publisher":{"@id":"https:\/\/www.anovapeneira.gal\/#organization"},"potentialAction":[{"@type":"SearchAction","target":{"@type":"EntryPoint","urlTemplate":"https:\/\/www.anovapeneira.gal\/?s={search_term_string}"},"query-input":{"@type":"PropertyValueSpecification","valueRequired":true,"valueName":"search_term_string"}}],"inLanguage":"gl-ES"},{"@type":"Organization","@id":"https:\/\/www.anovapeneira.gal\/#organization","name":"A Nova Peneira","url":"https:\/\/www.anovapeneira.gal\/","logo":{"@type":"ImageObject","inLanguage":"gl-ES","@id":"https:\/\/www.anovapeneira.gal\/#\/schema\/logo\/image\/","url":"http:\/\/www.anovapeneira.gal\/wp-content\/uploads\/2019\/06\/logo_a_nova_peneira_portal_web.png","contentUrl":"http:\/\/www.anovapeneira.gal\/wp-content\/uploads\/2019\/06\/logo_a_nova_peneira_portal_web.png","width":300,"height":100,"caption":"A Nova Peneira"},"image":{"@id":"https:\/\/www.anovapeneira.gal\/#\/schema\/logo\/image\/"},"sameAs":["https:\/\/www.facebook.com\/anovapeneira","https:\/\/x.com\/APeneira"]},{"@type":"Person","@id":"https:\/\/www.anovapeneira.gal\/#\/schema\/person\/b93e3f8932e3f8da96334607eb6ac6aa","name":"Redacci\u00f3n A Nova Peneira","image":{"@type":"ImageObject","inLanguage":"gl-ES","@id":"https:\/\/secure.gravatar.com\/avatar\/c052a2551a06e23fac63626232eaa90abd78dbcf1700fc46a2b2c89fd27b735f?s=96&d=mm&r=g","url":"https:\/\/secure.gravatar.com\/avatar\/c052a2551a06e23fac63626232eaa90abd78dbcf1700fc46a2b2c89fd27b735f?s=96&d=mm&r=g","contentUrl":"https:\/\/secure.gravatar.com\/avatar\/c052a2551a06e23fac63626232eaa90abd78dbcf1700fc46a2b2c89fd27b735f?s=96&d=mm&r=g","caption":"Redacci\u00f3n A Nova Peneira"},"sameAs":["http:\/\/www.anovapeneira.gal\/"],"url":"https:\/\/www.anovapeneira.gal\/index.php\/author\/redactor\/"}]}},"jetpack_featured_media_url":"https:\/\/www.anovapeneira.gal\/wp-content\/uploads\/2024\/03\/hermes.jpg","_links":{"self":[{"href":"https:\/\/www.anovapeneira.gal\/index.php\/wp-json\/wp\/v2\/posts\/11428","targetHints":{"allow":["GET"]}}],"collection":[{"href":"https:\/\/www.anovapeneira.gal\/index.php\/wp-json\/wp\/v2\/posts"}],"about":[{"href":"https:\/\/www.anovapeneira.gal\/index.php\/wp-json\/wp\/v2\/types\/post"}],"author":[{"embeddable":true,"href":"https:\/\/www.anovapeneira.gal\/index.php\/wp-json\/wp\/v2\/users\/3"}],"replies":[{"embeddable":true,"href":"https:\/\/www.anovapeneira.gal\/index.php\/wp-json\/wp\/v2\/comments?post=11428"}],"version-history":[{"count":3,"href":"https:\/\/www.anovapeneira.gal\/index.php\/wp-json\/wp\/v2\/posts\/11428\/revisions"}],"predecessor-version":[{"id":11438,"href":"https:\/\/www.anovapeneira.gal\/index.php\/wp-json\/wp\/v2\/posts\/11428\/revisions\/11438"}],"wp:featuredmedia":[{"embeddable":true,"href":"https:\/\/www.anovapeneira.gal\/index.php\/wp-json\/wp\/v2\/media\/11429"}],"wp:attachment":[{"href":"https:\/\/www.anovapeneira.gal\/index.php\/wp-json\/wp\/v2\/media?parent=11428"}],"wp:term":[{"taxonomy":"category","embeddable":true,"href":"https:\/\/www.anovapeneira.gal\/index.php\/wp-json\/wp\/v2\/categories?post=11428"},{"taxonomy":"post_tag","embeddable":true,"href":"https:\/\/www.anovapeneira.gal\/index.php\/wp-json\/wp\/v2\/tags?post=11428"}],"curies":[{"name":"wp","href":"https:\/\/api.w.org\/{rel}","templated":true}]}}