{"id":11444,"date":"2024-03-18T12:00:35","date_gmt":"2024-03-18T11:00:35","guid":{"rendered":"https:\/\/www.anovapeneira.gal\/?p=11444"},"modified":"2024-03-16T10:57:56","modified_gmt":"2024-03-16T09:57:56","slug":"o-bng-insta-ao-goberno-local-a-tomar-medidas-para-a-proteccion-da-mamoa-de-castineiras-ii-pedralonga","status":"publish","type":"post","link":"https:\/\/www.anovapeneira.gal\/index.php\/2024\/03\/18\/o-bng-insta-ao-goberno-local-a-tomar-medidas-para-a-proteccion-da-mamoa-de-castineiras-ii-pedralonga\/","title":{"rendered":"O BNG insta ao goberno local a tomar medidas para a protecci\u00f3n da M\u00e1moa de Casti\u00f1eiras II \u2013 Pedralonga"},"content":{"rendered":"\n<h2 class=\"wp-block-heading\"><em>O BNG solicita ao Concello de Mar\u00edn un maior compromiso na defensa de Pedralonga e do patrimonio municipal, promovendo medidas que protexan e realcen o seu valor hist\u00f3rico e cultural.<\/em><\/h2>\n\n\n\n<p>A m\u00e1moa de Chan de Casti\u00f1eiras II, co\u00f1ecida tam\u00e9n polo nome de Pedralonga e situada no espazo natural de Casti\u00f1eiras, pr\u00f3xima \u00e1 estrada que une a lagoa de Casti\u00f1eiras co campo de tiro e asentada en terras da Comunidade de Montes de Santom\u00e9, resalta pola s\u00faa relevancia arqueol\u00f3xica e cultural. Este enclave alberga unha c\u00e1mara funeraria de grande impacto visual, composta por dez enormes pedras verticais que conforman un espazo poligonal, rematado cun corredor que se abre cara ao leste. Malia que s\u00f3 se mant\u00e9n a metade do seu mont\u00edculo orixinal debido \u00e1 construci\u00f3n dunha estrada impulsada pola Xunta, que ademais infl\u00edxolle danos significativos \u00e1 estrutura, o valor hist\u00f3rico de Pedralonga permanece inc\u00f3lume.<\/p>\n\n\n\n<p>No 2006, lanzouse unha iniciativa para recuperar as m\u00e1moas da zona, pero, desafortunadamente, Pedralonga quedou exclu\u00edda deste programa. Non foi ata recentemente que se levou a cabo unha intervenci\u00f3n arqueol\u00f3xica significativa para a s\u00faa restauraci\u00f3n, culminando nunha visita p\u00fablica que destacou a urxente necesidade de continuar coa rehabilitaci\u00f3n e valorizaci\u00f3n deste patrimonio.<\/p>\n\n\n\n<p>Ante esta situaci\u00f3n, o Bloque Nacionalista Galego (BNG) propuxo unha moci\u00f3n que se debater\u00e1 no pleno municipal do 14 de marzo, instando a adopci\u00f3n de medidas de protecci\u00f3n inmediatas para este xacemento. Estas medidas incl\u00faen a delimitaci\u00f3n dunha zona perimetral para restrinxir o acceso, a instalaci\u00f3n dunha barreira de madeira para previr o estacionamento de veh\u00edculos nas proximidades e a colocaci\u00f3n de paneis informativos para educar ao p\u00fablico sobre a importancia do sitio e as s\u00faas fases de intervenci\u00f3n.<\/p>\n\n\n\n<p><a><\/a> O BNG fai un chamamento ao Concello de Mar\u00edn para que tome un papel m\u00e1is activo na protecci\u00f3n de Pedralonga, as\u00ed como do resto do patrimonio do municipio, traballando en colaboraci\u00f3n coa Direcci\u00f3n Xeral do Patrimonio Cultural da Xunta de Galicia e coa Comunidade de Montes de Santom\u00e9, para establecer medidas de protecci\u00f3n eficaces e respectuosas co valor hist\u00f3rico e cultural deste emblem\u00e1tico sitio arqueol\u00f3xico.<\/p>\n","protected":false},"excerpt":{"rendered":"<div class=\"mh-excerpt\"><p>O BNG solicita ao Concello de Mar\u00edn un maior compromiso na defensa de Pedralonga e do patrimonio municipal, promovendo medidas que protexan e realcen o seu valor hist\u00f3rico e cultural <a class=\"mh-excerpt-more\" href=\"https:\/\/www.anovapeneira.gal\/index.php\/2024\/03\/18\/o-bng-insta-ao-goberno-local-a-tomar-medidas-para-a-proteccion-da-mamoa-de-castineiras-ii-pedralonga\/\" title=\"O BNG insta ao goberno local a tomar medidas para a protecci\u00f3n da M\u00e1moa de Casti\u00f1eiras II \u2013 Pedralonga\">[&#8230;]<\/a><\/p>\n<\/div>","protected":false},"author":3,"featured_media":11445,"comment_status":"open","ping_status":"open","sticky":false,"template":"","format":"standard","meta":{"_exactmetrics_skip_tracking":false,"_exactmetrics_sitenote_active":false,"_exactmetrics_sitenote_note":"","_exactmetrics_sitenote_category":0,"footnotes":""},"categories":[22],"tags":[144],"class_list":{"0":"post-11444","1":"post","2":"type-post","3":"status-publish","4":"format-standard","5":"has-post-thumbnail","7":"category-morrazo","8":"tag-concello-de-marin"},"yoast_head":"<!-- This site is optimized with the Yoast SEO plugin v27.4 - https:\/\/yoast.com\/product\/yoast-seo-wordpress\/ -->\n<title>O BNG insta ao goberno local a tomar medidas para a protecci\u00f3n da M\u00e1moa de Casti\u00f1eiras II \u2013 Pedralonga -<\/title>\n<meta name=\"description\" content=\"O BNG solicita ao Concello de Mar\u00edn un maior compromiso na defensa de Pedralonga e do patrimonio municipal, promovendo medidas que protexan e realcen o seu valor hist\u00f3rico e cultural\" \/>\n<meta name=\"robots\" content=\"index, follow, max-snippet:-1, max-image-preview:large, max-video-preview:-1\" \/>\n<link rel=\"canonical\" href=\"https:\/\/www.anovapeneira.gal\/index.php\/2024\/03\/18\/o-bng-insta-ao-goberno-local-a-tomar-medidas-para-a-proteccion-da-mamoa-de-castineiras-ii-pedralonga\/\" \/>\n<meta property=\"og:locale\" content=\"gl_ES\" \/>\n<meta property=\"og:type\" content=\"article\" \/>\n<meta property=\"og:title\" content=\"O BNG insta ao goberno local a tomar medidas para a protecci\u00f3n da M\u00e1moa de Casti\u00f1eiras II \u2013 Pedralonga -\" \/>\n<meta property=\"og:description\" content=\"O BNG solicita ao Concello de Mar\u00edn un maior compromiso na defensa de Pedralonga e do patrimonio municipal, promovendo medidas que protexan e realcen o seu valor hist\u00f3rico e cultural\" \/>\n<meta property=\"og:url\" content=\"https:\/\/www.anovapeneira.gal\/index.php\/2024\/03\/18\/o-bng-insta-ao-goberno-local-a-tomar-medidas-para-a-proteccion-da-mamoa-de-castineiras-ii-pedralonga\/\" \/>\n<meta property=\"article:publisher\" content=\"https:\/\/www.facebook.com\/anovapeneira\" \/>\n<meta property=\"article:published_time\" content=\"2024-03-18T11:00:35+00:00\" \/>\n<meta property=\"og:image\" content=\"https:\/\/www.anovapeneira.gal\/wp-content\/uploads\/2024\/03\/mamoa_castineira.jpg\" \/>\n\t<meta property=\"og:image:width\" content=\"720\" \/>\n\t<meta property=\"og:image:height\" content=\"432\" \/>\n\t<meta property=\"og:image:type\" content=\"image\/jpeg\" \/>\n<meta name=\"author\" content=\"Redacci\u00f3n A Nova Peneira\" \/>\n<meta name=\"twitter:card\" content=\"summary_large_image\" \/>\n<meta name=\"twitter:creator\" content=\"@APeneira\" \/>\n<meta name=\"twitter:site\" content=\"@APeneira\" \/>\n<meta name=\"twitter:label1\" content=\"Escrito por\" \/>\n\t<meta name=\"twitter:data1\" content=\"Redacci\u00f3n A Nova Peneira\" \/>\n\t<meta name=\"twitter:label2\" content=\"Tempo de lectura\" \/>\n\t<meta name=\"twitter:data2\" content=\"3 minutos\" \/>\n<script type=\"application\/ld+json\" class=\"yoast-schema-graph\">{\"@context\":\"https:\\\/\\\/schema.org\",\"@graph\":[{\"@type\":\"Article\",\"@id\":\"https:\\\/\\\/www.anovapeneira.gal\\\/index.php\\\/2024\\\/03\\\/18\\\/o-bng-insta-ao-goberno-local-a-tomar-medidas-para-a-proteccion-da-mamoa-de-castineiras-ii-pedralonga\\\/#article\",\"isPartOf\":{\"@id\":\"https:\\\/\\\/www.anovapeneira.gal\\\/index.php\\\/2024\\\/03\\\/18\\\/o-bng-insta-ao-goberno-local-a-tomar-medidas-para-a-proteccion-da-mamoa-de-castineiras-ii-pedralonga\\\/\"},\"author\":{\"name\":\"Redacci\u00f3n A Nova Peneira\",\"@id\":\"https:\\\/\\\/www.anovapeneira.gal\\\/#\\\/schema\\\/person\\\/b93e3f8932e3f8da96334607eb6ac6aa\"},\"headline\":\"O BNG insta ao goberno local a tomar medidas para a protecci\u00f3n da M\u00e1moa de Casti\u00f1eiras II \u2013 Pedralonga\",\"datePublished\":\"2024-03-18T11:00:35+00:00\",\"mainEntityOfPage\":{\"@id\":\"https:\\\/\\\/www.anovapeneira.gal\\\/index.php\\\/2024\\\/03\\\/18\\\/o-bng-insta-ao-goberno-local-a-tomar-medidas-para-a-proteccion-da-mamoa-de-castineiras-ii-pedralonga\\\/\"},\"wordCount\":403,\"commentCount\":0,\"publisher\":{\"@id\":\"https:\\\/\\\/www.anovapeneira.gal\\\/#organization\"},\"image\":{\"@id\":\"https:\\\/\\\/www.anovapeneira.gal\\\/index.php\\\/2024\\\/03\\\/18\\\/o-bng-insta-ao-goberno-local-a-tomar-medidas-para-a-proteccion-da-mamoa-de-castineiras-ii-pedralonga\\\/#primaryimage\"},\"thumbnailUrl\":\"https:\\\/\\\/www.anovapeneira.gal\\\/wp-content\\\/uploads\\\/2024\\\/03\\\/mamoa_castineira.jpg\",\"keywords\":[\"Concello de Mar\u00edn\"],\"articleSection\":[\"Morrazo\"],\"inLanguage\":\"gl-ES\",\"potentialAction\":[{\"@type\":\"CommentAction\",\"name\":\"Comment\",\"target\":[\"https:\\\/\\\/www.anovapeneira.gal\\\/index.php\\\/2024\\\/03\\\/18\\\/o-bng-insta-ao-goberno-local-a-tomar-medidas-para-a-proteccion-da-mamoa-de-castineiras-ii-pedralonga\\\/#respond\"]}]},{\"@type\":\"WebPage\",\"@id\":\"https:\\\/\\\/www.anovapeneira.gal\\\/index.php\\\/2024\\\/03\\\/18\\\/o-bng-insta-ao-goberno-local-a-tomar-medidas-para-a-proteccion-da-mamoa-de-castineiras-ii-pedralonga\\\/\",\"url\":\"https:\\\/\\\/www.anovapeneira.gal\\\/index.php\\\/2024\\\/03\\\/18\\\/o-bng-insta-ao-goberno-local-a-tomar-medidas-para-a-proteccion-da-mamoa-de-castineiras-ii-pedralonga\\\/\",\"name\":\"O BNG insta ao goberno local a tomar medidas para a protecci\u00f3n da M\u00e1moa de Casti\u00f1eiras II \u2013 Pedralonga -\",\"isPartOf\":{\"@id\":\"https:\\\/\\\/www.anovapeneira.gal\\\/#website\"},\"primaryImageOfPage\":{\"@id\":\"https:\\\/\\\/www.anovapeneira.gal\\\/index.php\\\/2024\\\/03\\\/18\\\/o-bng-insta-ao-goberno-local-a-tomar-medidas-para-a-proteccion-da-mamoa-de-castineiras-ii-pedralonga\\\/#primaryimage\"},\"image\":{\"@id\":\"https:\\\/\\\/www.anovapeneira.gal\\\/index.php\\\/2024\\\/03\\\/18\\\/o-bng-insta-ao-goberno-local-a-tomar-medidas-para-a-proteccion-da-mamoa-de-castineiras-ii-pedralonga\\\/#primaryimage\"},\"thumbnailUrl\":\"https:\\\/\\\/www.anovapeneira.gal\\\/wp-content\\\/uploads\\\/2024\\\/03\\\/mamoa_castineira.jpg\",\"datePublished\":\"2024-03-18T11:00:35+00:00\",\"description\":\"O BNG solicita ao Concello de Mar\u00edn un maior compromiso na defensa de Pedralonga e do patrimonio municipal, promovendo medidas que protexan e realcen o seu valor hist\u00f3rico e cultural\",\"breadcrumb\":{\"@id\":\"https:\\\/\\\/www.anovapeneira.gal\\\/index.php\\\/2024\\\/03\\\/18\\\/o-bng-insta-ao-goberno-local-a-tomar-medidas-para-a-proteccion-da-mamoa-de-castineiras-ii-pedralonga\\\/#breadcrumb\"},\"inLanguage\":\"gl-ES\",\"potentialAction\":[{\"@type\":\"ReadAction\",\"target\":[\"https:\\\/\\\/www.anovapeneira.gal\\\/index.php\\\/2024\\\/03\\\/18\\\/o-bng-insta-ao-goberno-local-a-tomar-medidas-para-a-proteccion-da-mamoa-de-castineiras-ii-pedralonga\\\/\"]}]},{\"@type\":\"ImageObject\",\"inLanguage\":\"gl-ES\",\"@id\":\"https:\\\/\\\/www.anovapeneira.gal\\\/index.php\\\/2024\\\/03\\\/18\\\/o-bng-insta-ao-goberno-local-a-tomar-medidas-para-a-proteccion-da-mamoa-de-castineiras-ii-pedralonga\\\/#primaryimage\",\"url\":\"https:\\\/\\\/www.anovapeneira.gal\\\/wp-content\\\/uploads\\\/2024\\\/03\\\/mamoa_castineira.jpg\",\"contentUrl\":\"https:\\\/\\\/www.anovapeneira.gal\\\/wp-content\\\/uploads\\\/2024\\\/03\\\/mamoa_castineira.jpg\",\"width\":720,\"height\":432,\"caption\":\"M\u00e1moa Casti\u00f1eiras\"},{\"@type\":\"BreadcrumbList\",\"@id\":\"https:\\\/\\\/www.anovapeneira.gal\\\/index.php\\\/2024\\\/03\\\/18\\\/o-bng-insta-ao-goberno-local-a-tomar-medidas-para-a-proteccion-da-mamoa-de-castineiras-ii-pedralonga\\\/#breadcrumb\",\"itemListElement\":[{\"@type\":\"ListItem\",\"position\":1,\"name\":\"Portada\",\"item\":\"https:\\\/\\\/www.anovapeneira.gal\\\/\"},{\"@type\":\"ListItem\",\"position\":2,\"name\":\"O BNG insta ao goberno local a tomar medidas para a protecci\u00f3n da M\u00e1moa de Casti\u00f1eiras II \u2013 Pedralonga\"}]},{\"@type\":\"WebSite\",\"@id\":\"https:\\\/\\\/www.anovapeneira.gal\\\/#website\",\"url\":\"https:\\\/\\\/www.anovapeneira.gal\\\/\",\"name\":\"\",\"description\":\"Xornal galego de informaci\u00f3n xeral Publicaci\u00f3n mensual de novas de Galicia e en especial dos Concellos da sur da provincia de Pontevedra.\",\"publisher\":{\"@id\":\"https:\\\/\\\/www.anovapeneira.gal\\\/#organization\"},\"potentialAction\":[{\"@type\":\"SearchAction\",\"target\":{\"@type\":\"EntryPoint\",\"urlTemplate\":\"https:\\\/\\\/www.anovapeneira.gal\\\/?s={search_term_string}\"},\"query-input\":{\"@type\":\"PropertyValueSpecification\",\"valueRequired\":true,\"valueName\":\"search_term_string\"}}],\"inLanguage\":\"gl-ES\"},{\"@type\":\"Organization\",\"@id\":\"https:\\\/\\\/www.anovapeneira.gal\\\/#organization\",\"name\":\"A Nova Peneira\",\"url\":\"https:\\\/\\\/www.anovapeneira.gal\\\/\",\"logo\":{\"@type\":\"ImageObject\",\"inLanguage\":\"gl-ES\",\"@id\":\"https:\\\/\\\/www.anovapeneira.gal\\\/#\\\/schema\\\/logo\\\/image\\\/\",\"url\":\"http:\\\/\\\/www.anovapeneira.gal\\\/wp-content\\\/uploads\\\/2019\\\/06\\\/logo_a_nova_peneira_portal_web.png\",\"contentUrl\":\"http:\\\/\\\/www.anovapeneira.gal\\\/wp-content\\\/uploads\\\/2019\\\/06\\\/logo_a_nova_peneira_portal_web.png\",\"width\":300,\"height\":100,\"caption\":\"A Nova Peneira\"},\"image\":{\"@id\":\"https:\\\/\\\/www.anovapeneira.gal\\\/#\\\/schema\\\/logo\\\/image\\\/\"},\"sameAs\":[\"https:\\\/\\\/www.facebook.com\\\/anovapeneira\",\"https:\\\/\\\/x.com\\\/APeneira\"]},{\"@type\":\"Person\",\"@id\":\"https:\\\/\\\/www.anovapeneira.gal\\\/#\\\/schema\\\/person\\\/b93e3f8932e3f8da96334607eb6ac6aa\",\"name\":\"Redacci\u00f3n A Nova Peneira\",\"image\":{\"@type\":\"ImageObject\",\"inLanguage\":\"gl-ES\",\"@id\":\"https:\\\/\\\/secure.gravatar.com\\\/avatar\\\/c052a2551a06e23fac63626232eaa90abd78dbcf1700fc46a2b2c89fd27b735f?s=96&d=mm&r=g\",\"url\":\"https:\\\/\\\/secure.gravatar.com\\\/avatar\\\/c052a2551a06e23fac63626232eaa90abd78dbcf1700fc46a2b2c89fd27b735f?s=96&d=mm&r=g\",\"contentUrl\":\"https:\\\/\\\/secure.gravatar.com\\\/avatar\\\/c052a2551a06e23fac63626232eaa90abd78dbcf1700fc46a2b2c89fd27b735f?s=96&d=mm&r=g\",\"caption\":\"Redacci\u00f3n A Nova Peneira\"},\"sameAs\":[\"http:\\\/\\\/www.anovapeneira.gal\\\/\"],\"url\":\"https:\\\/\\\/www.anovapeneira.gal\\\/index.php\\\/author\\\/redactor\\\/\"}]}<\/script>\n<!-- \/ Yoast SEO plugin. -->","yoast_head_json":{"title":"O BNG insta ao goberno local a tomar medidas para a protecci\u00f3n da M\u00e1moa de Casti\u00f1eiras II \u2013 Pedralonga -","description":"O BNG solicita ao Concello de Mar\u00edn un maior compromiso na defensa de Pedralonga e do patrimonio municipal, promovendo medidas que protexan e realcen o seu valor hist\u00f3rico e cultural","robots":{"index":"index","follow":"follow","max-snippet":"max-snippet:-1","max-image-preview":"max-image-preview:large","max-video-preview":"max-video-preview:-1"},"canonical":"https:\/\/www.anovapeneira.gal\/index.php\/2024\/03\/18\/o-bng-insta-ao-goberno-local-a-tomar-medidas-para-a-proteccion-da-mamoa-de-castineiras-ii-pedralonga\/","og_locale":"gl_ES","og_type":"article","og_title":"O BNG insta ao goberno local a tomar medidas para a protecci\u00f3n da M\u00e1moa de Casti\u00f1eiras II \u2013 Pedralonga -","og_description":"O BNG solicita ao Concello de Mar\u00edn un maior compromiso na defensa de Pedralonga e do patrimonio municipal, promovendo medidas que protexan e realcen o seu valor hist\u00f3rico e cultural","og_url":"https:\/\/www.anovapeneira.gal\/index.php\/2024\/03\/18\/o-bng-insta-ao-goberno-local-a-tomar-medidas-para-a-proteccion-da-mamoa-de-castineiras-ii-pedralonga\/","article_publisher":"https:\/\/www.facebook.com\/anovapeneira","article_published_time":"2024-03-18T11:00:35+00:00","og_image":[{"width":720,"height":432,"url":"https:\/\/www.anovapeneira.gal\/wp-content\/uploads\/2024\/03\/mamoa_castineira.jpg","type":"image\/jpeg"}],"author":"Redacci\u00f3n A Nova Peneira","twitter_card":"summary_large_image","twitter_creator":"@APeneira","twitter_site":"@APeneira","twitter_misc":{"Escrito por":"Redacci\u00f3n A Nova Peneira","Tempo de lectura":"3 minutos"},"schema":{"@context":"https:\/\/schema.org","@graph":[{"@type":"Article","@id":"https:\/\/www.anovapeneira.gal\/index.php\/2024\/03\/18\/o-bng-insta-ao-goberno-local-a-tomar-medidas-para-a-proteccion-da-mamoa-de-castineiras-ii-pedralonga\/#article","isPartOf":{"@id":"https:\/\/www.anovapeneira.gal\/index.php\/2024\/03\/18\/o-bng-insta-ao-goberno-local-a-tomar-medidas-para-a-proteccion-da-mamoa-de-castineiras-ii-pedralonga\/"},"author":{"name":"Redacci\u00f3n A Nova Peneira","@id":"https:\/\/www.anovapeneira.gal\/#\/schema\/person\/b93e3f8932e3f8da96334607eb6ac6aa"},"headline":"O BNG insta ao goberno local a tomar medidas para a protecci\u00f3n da M\u00e1moa de Casti\u00f1eiras II \u2013 Pedralonga","datePublished":"2024-03-18T11:00:35+00:00","mainEntityOfPage":{"@id":"https:\/\/www.anovapeneira.gal\/index.php\/2024\/03\/18\/o-bng-insta-ao-goberno-local-a-tomar-medidas-para-a-proteccion-da-mamoa-de-castineiras-ii-pedralonga\/"},"wordCount":403,"commentCount":0,"publisher":{"@id":"https:\/\/www.anovapeneira.gal\/#organization"},"image":{"@id":"https:\/\/www.anovapeneira.gal\/index.php\/2024\/03\/18\/o-bng-insta-ao-goberno-local-a-tomar-medidas-para-a-proteccion-da-mamoa-de-castineiras-ii-pedralonga\/#primaryimage"},"thumbnailUrl":"https:\/\/www.anovapeneira.gal\/wp-content\/uploads\/2024\/03\/mamoa_castineira.jpg","keywords":["Concello de Mar\u00edn"],"articleSection":["Morrazo"],"inLanguage":"gl-ES","potentialAction":[{"@type":"CommentAction","name":"Comment","target":["https:\/\/www.anovapeneira.gal\/index.php\/2024\/03\/18\/o-bng-insta-ao-goberno-local-a-tomar-medidas-para-a-proteccion-da-mamoa-de-castineiras-ii-pedralonga\/#respond"]}]},{"@type":"WebPage","@id":"https:\/\/www.anovapeneira.gal\/index.php\/2024\/03\/18\/o-bng-insta-ao-goberno-local-a-tomar-medidas-para-a-proteccion-da-mamoa-de-castineiras-ii-pedralonga\/","url":"https:\/\/www.anovapeneira.gal\/index.php\/2024\/03\/18\/o-bng-insta-ao-goberno-local-a-tomar-medidas-para-a-proteccion-da-mamoa-de-castineiras-ii-pedralonga\/","name":"O BNG insta ao goberno local a tomar medidas para a protecci\u00f3n da M\u00e1moa de Casti\u00f1eiras II \u2013 Pedralonga -","isPartOf":{"@id":"https:\/\/www.anovapeneira.gal\/#website"},"primaryImageOfPage":{"@id":"https:\/\/www.anovapeneira.gal\/index.php\/2024\/03\/18\/o-bng-insta-ao-goberno-local-a-tomar-medidas-para-a-proteccion-da-mamoa-de-castineiras-ii-pedralonga\/#primaryimage"},"image":{"@id":"https:\/\/www.anovapeneira.gal\/index.php\/2024\/03\/18\/o-bng-insta-ao-goberno-local-a-tomar-medidas-para-a-proteccion-da-mamoa-de-castineiras-ii-pedralonga\/#primaryimage"},"thumbnailUrl":"https:\/\/www.anovapeneira.gal\/wp-content\/uploads\/2024\/03\/mamoa_castineira.jpg","datePublished":"2024-03-18T11:00:35+00:00","description":"O BNG solicita ao Concello de Mar\u00edn un maior compromiso na defensa de Pedralonga e do patrimonio municipal, promovendo medidas que protexan e realcen o seu valor hist\u00f3rico e cultural","breadcrumb":{"@id":"https:\/\/www.anovapeneira.gal\/index.php\/2024\/03\/18\/o-bng-insta-ao-goberno-local-a-tomar-medidas-para-a-proteccion-da-mamoa-de-castineiras-ii-pedralonga\/#breadcrumb"},"inLanguage":"gl-ES","potentialAction":[{"@type":"ReadAction","target":["https:\/\/www.anovapeneira.gal\/index.php\/2024\/03\/18\/o-bng-insta-ao-goberno-local-a-tomar-medidas-para-a-proteccion-da-mamoa-de-castineiras-ii-pedralonga\/"]}]},{"@type":"ImageObject","inLanguage":"gl-ES","@id":"https:\/\/www.anovapeneira.gal\/index.php\/2024\/03\/18\/o-bng-insta-ao-goberno-local-a-tomar-medidas-para-a-proteccion-da-mamoa-de-castineiras-ii-pedralonga\/#primaryimage","url":"https:\/\/www.anovapeneira.gal\/wp-content\/uploads\/2024\/03\/mamoa_castineira.jpg","contentUrl":"https:\/\/www.anovapeneira.gal\/wp-content\/uploads\/2024\/03\/mamoa_castineira.jpg","width":720,"height":432,"caption":"M\u00e1moa Casti\u00f1eiras"},{"@type":"BreadcrumbList","@id":"https:\/\/www.anovapeneira.gal\/index.php\/2024\/03\/18\/o-bng-insta-ao-goberno-local-a-tomar-medidas-para-a-proteccion-da-mamoa-de-castineiras-ii-pedralonga\/#breadcrumb","itemListElement":[{"@type":"ListItem","position":1,"name":"Portada","item":"https:\/\/www.anovapeneira.gal\/"},{"@type":"ListItem","position":2,"name":"O BNG insta ao goberno local a tomar medidas para a protecci\u00f3n da M\u00e1moa de Casti\u00f1eiras II \u2013 Pedralonga"}]},{"@type":"WebSite","@id":"https:\/\/www.anovapeneira.gal\/#website","url":"https:\/\/www.anovapeneira.gal\/","name":"","description":"Xornal galego de informaci\u00f3n xeral Publicaci\u00f3n mensual de novas de Galicia e en especial dos Concellos da sur da provincia de Pontevedra.","publisher":{"@id":"https:\/\/www.anovapeneira.gal\/#organization"},"potentialAction":[{"@type":"SearchAction","target":{"@type":"EntryPoint","urlTemplate":"https:\/\/www.anovapeneira.gal\/?s={search_term_string}"},"query-input":{"@type":"PropertyValueSpecification","valueRequired":true,"valueName":"search_term_string"}}],"inLanguage":"gl-ES"},{"@type":"Organization","@id":"https:\/\/www.anovapeneira.gal\/#organization","name":"A Nova Peneira","url":"https:\/\/www.anovapeneira.gal\/","logo":{"@type":"ImageObject","inLanguage":"gl-ES","@id":"https:\/\/www.anovapeneira.gal\/#\/schema\/logo\/image\/","url":"http:\/\/www.anovapeneira.gal\/wp-content\/uploads\/2019\/06\/logo_a_nova_peneira_portal_web.png","contentUrl":"http:\/\/www.anovapeneira.gal\/wp-content\/uploads\/2019\/06\/logo_a_nova_peneira_portal_web.png","width":300,"height":100,"caption":"A Nova Peneira"},"image":{"@id":"https:\/\/www.anovapeneira.gal\/#\/schema\/logo\/image\/"},"sameAs":["https:\/\/www.facebook.com\/anovapeneira","https:\/\/x.com\/APeneira"]},{"@type":"Person","@id":"https:\/\/www.anovapeneira.gal\/#\/schema\/person\/b93e3f8932e3f8da96334607eb6ac6aa","name":"Redacci\u00f3n A Nova Peneira","image":{"@type":"ImageObject","inLanguage":"gl-ES","@id":"https:\/\/secure.gravatar.com\/avatar\/c052a2551a06e23fac63626232eaa90abd78dbcf1700fc46a2b2c89fd27b735f?s=96&d=mm&r=g","url":"https:\/\/secure.gravatar.com\/avatar\/c052a2551a06e23fac63626232eaa90abd78dbcf1700fc46a2b2c89fd27b735f?s=96&d=mm&r=g","contentUrl":"https:\/\/secure.gravatar.com\/avatar\/c052a2551a06e23fac63626232eaa90abd78dbcf1700fc46a2b2c89fd27b735f?s=96&d=mm&r=g","caption":"Redacci\u00f3n A Nova Peneira"},"sameAs":["http:\/\/www.anovapeneira.gal\/"],"url":"https:\/\/www.anovapeneira.gal\/index.php\/author\/redactor\/"}]}},"jetpack_featured_media_url":"https:\/\/www.anovapeneira.gal\/wp-content\/uploads\/2024\/03\/mamoa_castineira.jpg","_links":{"self":[{"href":"https:\/\/www.anovapeneira.gal\/index.php\/wp-json\/wp\/v2\/posts\/11444","targetHints":{"allow":["GET"]}}],"collection":[{"href":"https:\/\/www.anovapeneira.gal\/index.php\/wp-json\/wp\/v2\/posts"}],"about":[{"href":"https:\/\/www.anovapeneira.gal\/index.php\/wp-json\/wp\/v2\/types\/post"}],"author":[{"embeddable":true,"href":"https:\/\/www.anovapeneira.gal\/index.php\/wp-json\/wp\/v2\/users\/3"}],"replies":[{"embeddable":true,"href":"https:\/\/www.anovapeneira.gal\/index.php\/wp-json\/wp\/v2\/comments?post=11444"}],"version-history":[{"count":1,"href":"https:\/\/www.anovapeneira.gal\/index.php\/wp-json\/wp\/v2\/posts\/11444\/revisions"}],"predecessor-version":[{"id":11446,"href":"https:\/\/www.anovapeneira.gal\/index.php\/wp-json\/wp\/v2\/posts\/11444\/revisions\/11446"}],"wp:featuredmedia":[{"embeddable":true,"href":"https:\/\/www.anovapeneira.gal\/index.php\/wp-json\/wp\/v2\/media\/11445"}],"wp:attachment":[{"href":"https:\/\/www.anovapeneira.gal\/index.php\/wp-json\/wp\/v2\/media?parent=11444"}],"wp:term":[{"taxonomy":"category","embeddable":true,"href":"https:\/\/www.anovapeneira.gal\/index.php\/wp-json\/wp\/v2\/categories?post=11444"},{"taxonomy":"post_tag","embeddable":true,"href":"https:\/\/www.anovapeneira.gal\/index.php\/wp-json\/wp\/v2\/tags?post=11444"}],"curies":[{"name":"wp","href":"https:\/\/api.w.org\/{rel}","templated":true}]}}