{"id":11453,"date":"2024-03-19T12:00:20","date_gmt":"2024-03-19T11:00:20","guid":{"rendered":"https:\/\/www.anovapeneira.gal\/?p=11453"},"modified":"2024-03-16T11:09:49","modified_gmt":"2024-03-16T10:09:49","slug":"acerca-da-union-militar-democratica-umd","status":"publish","type":"post","link":"https:\/\/www.anovapeneira.gal\/index.php\/2024\/03\/19\/acerca-da-union-militar-democratica-umd\/","title":{"rendered":"Acerca da Uni\u00f3n Militar Democr\u00e1tica (UMD)"},"content":{"rendered":"\n<pre class=\"wp-block-verse\">Manuel Ruiz Robles<\/pre>\n\n\n\n<p><strong>Golpe militar, guerra e ditadura<\/strong><\/p>\n\n\n\n<p>O errado golpe militar fascista do 18 de xullo de 1936, contra o goberno constitucional da II Rep\u00fablica espa\u00f1ola, derivou nunha guerra de exterminio. Os seus horrores quedaron reflectidos nun dos maiores crimes cometidos durante a contenda contra poboaci\u00f3n civil. O bombardeo de miles de familias, con nenos e anci\u00e1ns, que fux\u00edan da barbarie franquista pola estrada costeira M\u00e1laga-Almer\u00eda, matou a preto de cinco mil persoas.<\/p>\n\n\n\n<p>A criminal \u201cfaza\u00f1a\u201d foi perpetrada por buques da mari\u00f1a de Franco, sendo Juan Cervera e Valderrama e os irm\u00e1ns Salvador e Francisco Moreno Fern\u00e1ndez, responsables do masacre (\u201cfux\u00edan como ratas\u201d). Crime de magnitude equivalente ao bombardeo de Guernika por parte da aviaci\u00f3n alem\u00e1 de Adolf Hitler, xenialmente denunciado polo pintor malague\u00f1o Pablo Ruiz Picasso, con motivo da Exposici\u00f3n Internacional de Par\u00eds de 1937.<\/p>\n\n\n\n<p>Os mari\u00f1os franquistas, directamente responsables de tales crimes de lesa humanidade, seguen sendo exaltados no Pante\u00f3n de Mari\u00f1os Ilustres de San Fernando; \u00e9 dicir, nun recinto militar baixo a autoridade da actual ministra de defensa Margarita Robles, incumprindo a Lei de Memoria Democr\u00e1tica. Por iso, a Asociaci\u00f3n de Memoria Militar Democr\u00e1tica recolleu recentemente m\u00e1is de mil sinaturas, pedindo ao Goberno a s\u00faa exhumaci\u00f3n.<\/p>\n\n\n\n<p>A finais de marzo de 1939 a contenda chegaba ao seu final co \u00faltimo parte de guerra asinado por Franco: \u201cNo d\u00eda de hoxe, cautivo e desarmado o Ex\u00e9rcito Rojo, alcanzaron as tropas nacionais os seus \u00faltimos obxectivos militares.\u201d<\/p>\n\n\n\n<p>Uns meses despois desencade\u00e1base a segunda Guerra Mundial. O ex\u00e9rcito nazi-alem\u00e1n, que apoiara militarmente a Franco na Guerra de Espa\u00f1a, iniciaba a invasi\u00f3n de Polonia o 1 de setembro de 1939, provocando o estalido da xigantesca conflagraci\u00f3n.<\/p>\n\n\n\n<p>Terminada a Guerra Civil, mentres o ex\u00e9rcito alem\u00e1n arrasaba os campos e cidades de Europa, o franquismo continuou a s\u00faa persecuci\u00f3n sistem\u00e1tica contra a poboaci\u00f3n non adicta \u00e1 ditadura, enchendo de cad\u00e1veres as cunetas e fosas com\u00fans. A onda de terror fascista deixou en Espa\u00f1a un saldo de m\u00e1is de cento trinta mil desaparecidos forzosos, crimes de lesa humanidade que non prescriben.<\/p>\n\n\n\n<p><strong>In\u00edciase a protesta<\/strong><\/p>\n\n\n\n<p>A campi\u00f1a volveu florecer nos anos 60 do s\u00e9culo pasado, tapiz\u00e1ndose de vermellas papoulas. Despois, xa na primavera do 74, foi a Revoluci\u00f3n portuguesa e os seus famosos caraveis. Acto seguido, un grupo de mozos oficiais do Ex\u00e9rcito de Terra, reunidos en Barcelona a finais de agosto, fundaba a Uni\u00f3n Militar Democr\u00e1tica (UMD).<\/p>\n\n\n\n<p>Tres meses despois, o almirante Carrero Blanco, presidente do goberno da ditadura, morr\u00eda en atentado. Os autores materiais, un comando de ETA . Os autores intelectuais, e facilitadores do atentado, presuntamente o Goberno de EEUU; \u00e9 dicir, os mesmos que sustentaran ao r\u00e9xime de Franco desde a outra beira do Atl\u00e1ntico. A s\u00faa negativa \u00e1 integraci\u00f3n de Espa\u00f1a na OTAN supostamente custoulle a vida, do mesmo xeito que anos despois custoulle o cargo a Adolfo Su\u00e1rez o 23-F do 81, presidente do Goberno dunha democracia ama\u00f1ada.<\/p>\n\n\n\n<p>O loitador antifascista Salvador Puig , anarquista do MIL (Movemento Ib\u00e9rico de Liberaci\u00f3n), era xulgado en consello de guerra e condenado \u00e1 morte, sendo asasinado mediante garrote vil na madrugada do 2 de marzo de 1974.<\/p>\n\n\n\n<p>Estando Franco seriamente enfermo, foron xulgados en consello de guerra e fusilados na madrugada do 27 de setembro de 1975 os militantes da FRAP(Fronte Revolucionaria Antifascista e Patriota), Xos\u00e9 Humberto Baena, Jos\u00e9 Luis S\u00e1nchez-Bravo e Ram\u00f3n Garc\u00eda, e os militantes de ETA Jon Paredes , e \u00c1ngel Otaegui.<\/p>\n\n\n\n<p>As penas de morte foron asinadas por Franco, escasos meses antes da s\u00faa longa agon\u00eda. Xigantescas ondas de protestas nacionais e internacionais, inclu\u00edda a intercesi\u00f3n do Papa, non conseguiron parar a man asasina do ditador.<\/p>\n\n\n\n<p>O \u201c xeneral\u00edsimo\u201d Franco \u2013\u201cCaudillo de Espa\u00f1a pola Grazas de Dios\u201d, segundo consta nas moedas da \u00e9poca- morreu con 82 anos o 20 de decembro de 1975, deixando todo \u201catado e ben atado\u201d mediante a s\u00faa reinstauraci\u00f3n mon\u00e1rquica na persoa de Juan Carlos Borb\u00f3n e Borb\u00f3n, perpetuando a vella alianza entre o trono e o altar.<\/p>\n\n\n\n<p><strong>A loita contin\u00faa<\/strong><\/p>\n\n\n\n<p>Hai uns d\u00edas, o pasado m\u00e9rcores, Luis S. Fern\u00e1ndez, presidente da Asociaci\u00f3n \u201cMesa de Memoria Hist\u00f3rica do distrito de Latina\u201d en Madrid, entrevistaba nas emisora Aguias Radio -en recordo da disolta Uni\u00f3n Militar Democr\u00e1tica &#8211; ao tenente coronel Jos\u00e9 Ignacio Dom\u00ednguez, antigo portavoz no exilio da , ao tenente Luis Gonzalo Segura, ao cabo Marco Antonio Santos e a min mesmo.<\/p>\n\n\n\n<p>Luis e Marco son dous dos nosos novos compa\u00f1eiros, dignos continuadores da loita ideol\u00f3xica anti franquista que a UMD levou a cabo, antes da s\u00faa forzada disoluci\u00f3n. Seguen actuando con valent\u00eda fronte a unha abafadora maior\u00eda de militares de extrema dereita, columna vertebral do ex\u00e9rcito herdeiro do 18 de xullo. Transcribo brevemente a parte correspondente \u00e1 mi\u00f1a intervenci\u00f3n, coas mi\u00f1as respostas (R) \u00e1s preguntas (P) do entrevistador:<\/p>\n\n\n\n<p><strong>P<\/strong><strong>. Que tivo que pasar para que fund\u00e1sedes <\/strong><strong>a UMD<\/strong><strong>?<\/strong><\/p>\n\n\n\n<p><strong>R.<\/strong>A loita do movemento obreiro e universitario espertou a conciencia pol\u00edtica de moitos de n\u00f3s. En 1962, sendo eu alumno de segundo curso na Escola Naval de Mar\u00edn (Pontevedra), a polic\u00eda franquista detivo e torturou ao dirixente do PCE Juli\u00e1n Grimau. En 1963 foi xulgado nun consello de guerra, sen ningunhas garant\u00edas, condenado \u00e1 morte e asasinado a continuaci\u00f3n por un pelot\u00f3n militar<\/p>\n\n\n\n<p>O crime deu lugar a numerosas protestas nacionais e internacionais. Tivo unha gran repercusi\u00f3n. Era ministro do goberno da ditadura o Sr. Fraga Iribarne.<\/p>\n\n\n\n<p>O 25 de abril de 1974 os capit\u00e1ns progresistas do MFA liquidaron a ditadura en Portugal. Foi unha aldrabada na conciencia dunha minor\u00eda de militares espa\u00f1ois que ti\u00f1amos unha ideolox\u00eda democr\u00e1tica e republicana.<\/p>\n\n\n\n<p>En setembro de 1974 fundouse clandestinamente a Uni\u00f3n Militar Democr\u00e1tica . Os dous principais ide\u00f3logos foron os comandantes de enxe\u00f1eiros Julio Busquets e Luis Otero. O meu responsable directo na organizaci\u00f3n foi o comandante xur\u00eddico da Armada Carlos Sanjuan. Despois trabei amizade con Luis Otero, Julio Busquets, Miguel Bouza e outros compa\u00f1eiros da UMD.<\/p>\n\n\n\n<p>Eramos conscientes de que nos pod\u00edan asasinar, tampouco ignorabamos que a organizaci\u00f3n estar\u00eda infiltrada polos servizos secretos da ditadura. A maior\u00eda ti\u00f1amos un alto grao de conciencia pol\u00edtica; tam\u00e9n a grave responsabilidade de ter unha familia con fillos de pouca idade.<\/p>\n\n\n\n<p>En xullo de 1975 produc\u00edronse as primeiras ca\u00eddas en Pontevedra e Madrid: o capit\u00e1n Xos\u00e9 Fortes, pai do xornalista Xavier Fortes e da escritora Susana Fortes, en Pontevedra; o comandante Luis Otero, o capit\u00e1n Fernando Reinlein e alg\u00fans compa\u00f1eiros m\u00e1is, en Madrid.<\/p>\n\n\n\n<p>Foron detidos, procesados en consello de guerra, condenados a longos anos de prisi\u00f3n e expulsados.<\/p>\n\n\n\n<p>Ao capit\u00e1n Jos\u00e9 Ignacio Dom\u00ednguez, piloto de reactores, non puideron detelo por acharse no estranxeiro, polo que pasou a actuar como portavoz da UMD no exilio, desde Par\u00eds. Ao seu regreso foi xulgado en consello de guerra en decembro de 1977, condenado e expulsado, a pesar de existir un Congreso dos Deputados formalmente democr\u00e1tico.<\/p>\n\n\n\n<p><strong>P<\/strong><strong>. Como <\/strong><strong>vos<\/strong><strong> sentistes neses momentos, ignorados, traizoados, heroes\u2026?-<\/strong><\/p>\n\n\n\n<p><strong>R-<\/strong>Traizoados. O 9 de abril de 1977 o Partido Comunista (PCE), principal partido na clandestinidade, foi legalizado. O 15 de xu\u00f1o dese mesmo ano celebr\u00e1ronse as primeiras elecci\u00f3ns xerais, en relativa liberdade.<\/p>\n\n\n\n<p>Foi un per\u00edodo hist\u00f3rico nada id\u00edlico e moi convulso, con numerosos asasinatos por motivos pol\u00edticos. A lei de Amnist\u00eda de 1977, tras as elecci\u00f3ns xerais, exclu\u00edu aos compa\u00f1eiros da UMD condenados.<\/p>\n\n\n\n<p>Escrib\u00edn un artigo nun diario da \u00e9poca, de gran difusi\u00f3n (Diario16), criticando a Lei de Amnist\u00eda. Fun inmediatamente arrestado e sometido a un interrogatorio infame nun Xulgado Militar do Cuartel Xeral da Armada. Estampouse unha nota desfavorable na mi\u00f1a Folla de Feitos. Iso lastrou a mi\u00f1a carreira profesional. Ning\u00fan membro da UMD chegou ao emprego de xeneral ou almirante.<\/p>\n\n\n\n<p>Como di o noso compa\u00f1eiro Jos\u00e9 Ignacio Dom\u00ednguez, estabamos na mesma trincheira que a oposici\u00f3n \u00e1 ditadura e, sorprendentemente, constatamos que se pasaron ao inimigo.<\/p>\n\n\n\n<p><strong>&#8211;<\/strong><strong>P<\/strong><strong>. Seguen vivas ideas reaccionarias no Ex\u00e9rcito?<\/strong><\/p>\n\n\n\n<p><strong>R-<\/strong> Si, obviamente. A quen lle interese esta cuesti\u00f3n, sux\u00edrolle que lea a obra \u201cO Ex\u00e9rcito de VOX\u201d, escrita polo noso novo compa\u00f1eiro o tenente Segura, expulsado do Ex\u00e9rcito pola actual ministra de Defensa, como consecuencia de denunciar con valent\u00eda a corrupci\u00f3n existente no Ex\u00e9rcito. Do mesmo xeito que o noso novo compa\u00f1eiro o cabo Santos, expulsado pola ministra de Defensa Margarita Robles por opo\u00f1erse ao manifesto franquista contra a exhumaci\u00f3n do ditador xenocida Francisco Franco.<\/p>\n\n\n\n<p><strong>P<\/strong><strong>. Como se solucionar\u00eda esta situaci\u00f3n?<\/strong><\/p>\n\n\n\n<p><strong>R<\/strong>. Dubido que esta situaci\u00f3n te\u00f1a soluci\u00f3n no marco do r\u00e9xime do 78. \u00c9 un r\u00e9xime fundado polo \u00faltimo xefe da ditadura, \u00e9 dicir un rei Borb\u00f3n imposto por Franco, cuxo fillo Felipe VI segue sendo Xefe do Estado e Mando Supremo das Forzas Armadas, tam\u00e9n inviolable constitucionalmente a\u00ednda que delinca; faga o que faga. Por exemplo, poder\u00eda sa\u00edr \u00e1 r\u00faa cunha arma, disparar indiscriminadamente contra a multitude e non poder\u00eda ser detido, nin encarcerado, nin investigado, nin procesado, nin condenado.<\/p>\n\n\n\n<p>Ademais, a\u00ednda por riba, o Artigo 2 da Lei 39 \/ 2007, recalca: 1. O Rey ten o emprego militar de capit\u00e1n xeral do Ex\u00e9rcito de Terra, da Armada e do Ex\u00e9rcito do Aire, m\u00e1ximo rango militar que lle corresponde en exclusiva como mando supremo das Forzas Armadas.<\/p>\n\n\n\n<p>\u00c9 isto unha democracia mod\u00e9lica? Eu creo que non.<\/p>\n\n\n\n<p><strong>P<\/strong><strong>. Por que os partidos, en democracia, non intervi\u00f1eron de maneira contundente para frear aos nost\u00e1lxicos do franquismo?<\/strong><\/p>\n\n\n\n<p><strong>R<\/strong>. Porque os partidos que tiveron responsabilidade de Goberno est\u00e1n \u201catados e ben atados\u201d polos pactos da Transici\u00f3n.<\/p>\n\n\n\n<p><strong>P-<\/strong><strong> Que consecuencias ten para o Ex\u00e9rcito a significaci\u00f3n destes ex militares franquistas?<\/strong><\/p>\n\n\n\n<p>A consecuencia evidente \u00e9 que moita xente identif\u00edcaos coa totalidade do Exercito, o cal non \u00e9 totalmente certo.<\/p>\n\n\n\n<p><strong>P-<\/strong><strong>. Deber\u00eda Felipe VI intervir dalg\u00fan modo nisto?<\/strong><\/p>\n\n\n\n<p><strong>R-<\/strong> Se Felipe VI fose un dem\u00f3crata, deber\u00eda abdicar deixando paso a un proceso constitu\u00ednte en liberdade. Un proceso constitu\u00ednte desenvolto no marco da Uni\u00f3n Europea, da que formamos parte, dando v\u00eda libre a unha Rep\u00fablica Federal que fixese os cambios ineludibles<\/p>\n\n\n\n<p>Son necesarias unhas Forzas Armadas m\u00e1is democr\u00e1ticas, integradas nunha Uni\u00f3n Europea m\u00e1is libre, solidaria e soberana, non dominada pola OTAN, cunha estrutura de defensa unificada ao servizo dos intereses dos seus pobos.<\/p>\n\n\n\n<p><strong>P<\/strong><strong>. Que paralelismos ve entre a situaci\u00f3n pol\u00edtica actual e a do per\u00edodo 1977-1981?<\/strong><\/p>\n\n\n\n<p><strong>R-<\/strong>A historia \u00e9 un proceso dial\u00e9ctico, nunca se repite, a\u00ednda que \u00e1s veces poidan atoparse similitudes. A situaci\u00f3n actual, nun contexto internacional de ascenso das extremas dereitas, m\u00e1is ben poder\u00eda parecerse aos anos vinte \/ trinta do s\u00e9culo pasado.<\/p>\n\n\n\n<p>Con todo, como dixen, a historia \u00e9 un proceso dial\u00e9ctico, que fl\u00fae impulsado polas contradici\u00f3ns concretas dese momento hist\u00f3rico. Nada ser\u00e1 igual. Tam\u00e9n teremos que estar moi alerta.<\/p>\n\n\n\n<p><strong>Manuel Ruiz Robles \u00e9 capit\u00e1n de nav\u00edo (r), antigo membro da disolta UMD, cofundador do colectivo \u201cAnemoi\u201d.<\/strong><\/p>\n","protected":false},"excerpt":{"rendered":"<div class=\"mh-excerpt\"><p>O errado golpe militar fascista do 18 de xullo de 1936, contra o goberno constitucional da II Rep\u00fablica espa\u00f1ola, derivou nunha guerra de exterminio <a class=\"mh-excerpt-more\" href=\"https:\/\/www.anovapeneira.gal\/index.php\/2024\/03\/19\/acerca-da-union-militar-democratica-umd\/\" title=\"Acerca da Uni\u00f3n Militar Democr\u00e1tica (UMD)\">[&#8230;]<\/a><\/p>\n<\/div>","protected":false},"author":12,"featured_media":9435,"comment_status":"open","ping_status":"open","sticky":false,"template":"","format":"standard","meta":{"_exactmetrics_skip_tracking":false,"_exactmetrics_sitenote_active":false,"_exactmetrics_sitenote_note":"","_exactmetrics_sitenote_category":0,"footnotes":""},"categories":[7],"tags":[1352],"class_list":{"0":"post-11453","1":"post","2":"type-post","3":"status-publish","4":"format-standard","5":"has-post-thumbnail","7":"category-artigos-de-opinion","8":"tag-manuel-ruiz-robles"},"yoast_head":"<!-- This site is optimized with the Yoast SEO plugin v27.4 - https:\/\/yoast.com\/product\/yoast-seo-wordpress\/ -->\n<title>Acerca da Uni\u00f3n Militar Democr\u00e1tica (UMD) -<\/title>\n<meta name=\"description\" content=\"O errado golpe militar fascista do 18 de xullo de 1936, contra o goberno constitucional da II Rep\u00fablica espa\u00f1ola, derivou nunha guerra de exterminio\" \/>\n<meta name=\"robots\" content=\"index, follow, max-snippet:-1, max-image-preview:large, max-video-preview:-1\" \/>\n<link rel=\"canonical\" href=\"https:\/\/www.anovapeneira.gal\/index.php\/2024\/03\/19\/acerca-da-union-militar-democratica-umd\/\" \/>\n<meta property=\"og:locale\" content=\"gl_ES\" \/>\n<meta property=\"og:type\" content=\"article\" \/>\n<meta property=\"og:title\" content=\"Acerca da Uni\u00f3n Militar Democr\u00e1tica (UMD) -\" \/>\n<meta property=\"og:description\" content=\"O errado golpe militar fascista do 18 de xullo de 1936, contra o goberno constitucional da II Rep\u00fablica espa\u00f1ola, derivou nunha guerra de exterminio\" \/>\n<meta property=\"og:url\" content=\"https:\/\/www.anovapeneira.gal\/index.php\/2024\/03\/19\/acerca-da-union-militar-democratica-umd\/\" \/>\n<meta property=\"article:publisher\" content=\"https:\/\/www.facebook.com\/anovapeneira\" \/>\n<meta property=\"article:published_time\" content=\"2024-03-19T11:00:20+00:00\" \/>\n<meta property=\"og:image\" content=\"https:\/\/www.anovapeneira.gal\/wp-content\/uploads\/2023\/04\/manuel-ruiz.jpg\" \/>\n\t<meta property=\"og:image:width\" content=\"720\" \/>\n\t<meta property=\"og:image:height\" content=\"432\" \/>\n\t<meta property=\"og:image:type\" content=\"image\/jpeg\" \/>\n<meta name=\"author\" content=\"Artigos Opini\u00f3n\" \/>\n<meta name=\"twitter:card\" content=\"summary_large_image\" \/>\n<meta name=\"twitter:creator\" content=\"@APeneira\" \/>\n<meta name=\"twitter:site\" content=\"@APeneira\" \/>\n<meta name=\"twitter:label1\" content=\"Escrito por\" \/>\n\t<meta name=\"twitter:data1\" content=\"Artigos Opini\u00f3n\" \/>\n\t<meta name=\"twitter:label2\" content=\"Tempo de lectura\" \/>\n\t<meta name=\"twitter:data2\" content=\"10 minutos\" \/>\n<script type=\"application\/ld+json\" class=\"yoast-schema-graph\">{\"@context\":\"https:\\\/\\\/schema.org\",\"@graph\":[{\"@type\":\"Article\",\"@id\":\"https:\\\/\\\/www.anovapeneira.gal\\\/index.php\\\/2024\\\/03\\\/19\\\/acerca-da-union-militar-democratica-umd\\\/#article\",\"isPartOf\":{\"@id\":\"https:\\\/\\\/www.anovapeneira.gal\\\/index.php\\\/2024\\\/03\\\/19\\\/acerca-da-union-militar-democratica-umd\\\/\"},\"author\":{\"name\":\"Artigos Opini\u00f3n\",\"@id\":\"https:\\\/\\\/www.anovapeneira.gal\\\/#\\\/schema\\\/person\\\/f18a4feb302e8f20bcef4490b5b60bb3\"},\"headline\":\"Acerca da Uni\u00f3n Militar Democr\u00e1tica (UMD)\",\"datePublished\":\"2024-03-19T11:00:20+00:00\",\"mainEntityOfPage\":{\"@id\":\"https:\\\/\\\/www.anovapeneira.gal\\\/index.php\\\/2024\\\/03\\\/19\\\/acerca-da-union-militar-democratica-umd\\\/\"},\"wordCount\":1927,\"commentCount\":0,\"publisher\":{\"@id\":\"https:\\\/\\\/www.anovapeneira.gal\\\/#organization\"},\"image\":{\"@id\":\"https:\\\/\\\/www.anovapeneira.gal\\\/index.php\\\/2024\\\/03\\\/19\\\/acerca-da-union-militar-democratica-umd\\\/#primaryimage\"},\"thumbnailUrl\":\"https:\\\/\\\/www.anovapeneira.gal\\\/wp-content\\\/uploads\\\/2023\\\/04\\\/manuel-ruiz.jpg\",\"keywords\":[\"Manuel Ruiz Robles\"],\"articleSection\":[\"Artigos de opini\u00f3n\"],\"inLanguage\":\"gl-ES\",\"potentialAction\":[{\"@type\":\"CommentAction\",\"name\":\"Comment\",\"target\":[\"https:\\\/\\\/www.anovapeneira.gal\\\/index.php\\\/2024\\\/03\\\/19\\\/acerca-da-union-militar-democratica-umd\\\/#respond\"]}]},{\"@type\":\"WebPage\",\"@id\":\"https:\\\/\\\/www.anovapeneira.gal\\\/index.php\\\/2024\\\/03\\\/19\\\/acerca-da-union-militar-democratica-umd\\\/\",\"url\":\"https:\\\/\\\/www.anovapeneira.gal\\\/index.php\\\/2024\\\/03\\\/19\\\/acerca-da-union-militar-democratica-umd\\\/\",\"name\":\"Acerca da Uni\u00f3n Militar Democr\u00e1tica (UMD) -\",\"isPartOf\":{\"@id\":\"https:\\\/\\\/www.anovapeneira.gal\\\/#website\"},\"primaryImageOfPage\":{\"@id\":\"https:\\\/\\\/www.anovapeneira.gal\\\/index.php\\\/2024\\\/03\\\/19\\\/acerca-da-union-militar-democratica-umd\\\/#primaryimage\"},\"image\":{\"@id\":\"https:\\\/\\\/www.anovapeneira.gal\\\/index.php\\\/2024\\\/03\\\/19\\\/acerca-da-union-militar-democratica-umd\\\/#primaryimage\"},\"thumbnailUrl\":\"https:\\\/\\\/www.anovapeneira.gal\\\/wp-content\\\/uploads\\\/2023\\\/04\\\/manuel-ruiz.jpg\",\"datePublished\":\"2024-03-19T11:00:20+00:00\",\"description\":\"O errado golpe militar fascista do 18 de xullo de 1936, contra o goberno constitucional da II Rep\u00fablica espa\u00f1ola, derivou nunha guerra de exterminio\",\"breadcrumb\":{\"@id\":\"https:\\\/\\\/www.anovapeneira.gal\\\/index.php\\\/2024\\\/03\\\/19\\\/acerca-da-union-militar-democratica-umd\\\/#breadcrumb\"},\"inLanguage\":\"gl-ES\",\"potentialAction\":[{\"@type\":\"ReadAction\",\"target\":[\"https:\\\/\\\/www.anovapeneira.gal\\\/index.php\\\/2024\\\/03\\\/19\\\/acerca-da-union-militar-democratica-umd\\\/\"]}]},{\"@type\":\"ImageObject\",\"inLanguage\":\"gl-ES\",\"@id\":\"https:\\\/\\\/www.anovapeneira.gal\\\/index.php\\\/2024\\\/03\\\/19\\\/acerca-da-union-militar-democratica-umd\\\/#primaryimage\",\"url\":\"https:\\\/\\\/www.anovapeneira.gal\\\/wp-content\\\/uploads\\\/2023\\\/04\\\/manuel-ruiz.jpg\",\"contentUrl\":\"https:\\\/\\\/www.anovapeneira.gal\\\/wp-content\\\/uploads\\\/2023\\\/04\\\/manuel-ruiz.jpg\",\"width\":720,\"height\":432,\"caption\":\"Manuel Ruiz\"},{\"@type\":\"BreadcrumbList\",\"@id\":\"https:\\\/\\\/www.anovapeneira.gal\\\/index.php\\\/2024\\\/03\\\/19\\\/acerca-da-union-militar-democratica-umd\\\/#breadcrumb\",\"itemListElement\":[{\"@type\":\"ListItem\",\"position\":1,\"name\":\"Portada\",\"item\":\"https:\\\/\\\/www.anovapeneira.gal\\\/\"},{\"@type\":\"ListItem\",\"position\":2,\"name\":\"Acerca da Uni\u00f3n Militar Democr\u00e1tica (UMD)\"}]},{\"@type\":\"WebSite\",\"@id\":\"https:\\\/\\\/www.anovapeneira.gal\\\/#website\",\"url\":\"https:\\\/\\\/www.anovapeneira.gal\\\/\",\"name\":\"\",\"description\":\"Xornal galego de informaci\u00f3n xeral Publicaci\u00f3n mensual de novas de Galicia e en especial dos Concellos da sur da provincia de Pontevedra.\",\"publisher\":{\"@id\":\"https:\\\/\\\/www.anovapeneira.gal\\\/#organization\"},\"potentialAction\":[{\"@type\":\"SearchAction\",\"target\":{\"@type\":\"EntryPoint\",\"urlTemplate\":\"https:\\\/\\\/www.anovapeneira.gal\\\/?s={search_term_string}\"},\"query-input\":{\"@type\":\"PropertyValueSpecification\",\"valueRequired\":true,\"valueName\":\"search_term_string\"}}],\"inLanguage\":\"gl-ES\"},{\"@type\":\"Organization\",\"@id\":\"https:\\\/\\\/www.anovapeneira.gal\\\/#organization\",\"name\":\"A Nova Peneira\",\"url\":\"https:\\\/\\\/www.anovapeneira.gal\\\/\",\"logo\":{\"@type\":\"ImageObject\",\"inLanguage\":\"gl-ES\",\"@id\":\"https:\\\/\\\/www.anovapeneira.gal\\\/#\\\/schema\\\/logo\\\/image\\\/\",\"url\":\"http:\\\/\\\/www.anovapeneira.gal\\\/wp-content\\\/uploads\\\/2019\\\/06\\\/logo_a_nova_peneira_portal_web.png\",\"contentUrl\":\"http:\\\/\\\/www.anovapeneira.gal\\\/wp-content\\\/uploads\\\/2019\\\/06\\\/logo_a_nova_peneira_portal_web.png\",\"width\":300,\"height\":100,\"caption\":\"A Nova Peneira\"},\"image\":{\"@id\":\"https:\\\/\\\/www.anovapeneira.gal\\\/#\\\/schema\\\/logo\\\/image\\\/\"},\"sameAs\":[\"https:\\\/\\\/www.facebook.com\\\/anovapeneira\",\"https:\\\/\\\/x.com\\\/APeneira\"]},{\"@type\":\"Person\",\"@id\":\"https:\\\/\\\/www.anovapeneira.gal\\\/#\\\/schema\\\/person\\\/f18a4feb302e8f20bcef4490b5b60bb3\",\"name\":\"Artigos Opini\u00f3n\",\"image\":{\"@type\":\"ImageObject\",\"inLanguage\":\"gl-ES\",\"@id\":\"https:\\\/\\\/secure.gravatar.com\\\/avatar\\\/072844300f4881150aee2da4278f7a65d16eefdf8262eb67085f1e702de2b959?s=96&d=mm&r=g\",\"url\":\"https:\\\/\\\/secure.gravatar.com\\\/avatar\\\/072844300f4881150aee2da4278f7a65d16eefdf8262eb67085f1e702de2b959?s=96&d=mm&r=g\",\"contentUrl\":\"https:\\\/\\\/secure.gravatar.com\\\/avatar\\\/072844300f4881150aee2da4278f7a65d16eefdf8262eb67085f1e702de2b959?s=96&d=mm&r=g\",\"caption\":\"Artigos Opini\u00f3n\"},\"sameAs\":[\"http:\\\/\\\/anovapeneira.gal\"],\"url\":\"https:\\\/\\\/www.anovapeneira.gal\\\/index.php\\\/author\\\/artigosopinion\\\/\"}]}<\/script>\n<!-- \/ Yoast SEO plugin. -->","yoast_head_json":{"title":"Acerca da Uni\u00f3n Militar Democr\u00e1tica (UMD) -","description":"O errado golpe militar fascista do 18 de xullo de 1936, contra o goberno constitucional da II Rep\u00fablica espa\u00f1ola, derivou nunha guerra de exterminio","robots":{"index":"index","follow":"follow","max-snippet":"max-snippet:-1","max-image-preview":"max-image-preview:large","max-video-preview":"max-video-preview:-1"},"canonical":"https:\/\/www.anovapeneira.gal\/index.php\/2024\/03\/19\/acerca-da-union-militar-democratica-umd\/","og_locale":"gl_ES","og_type":"article","og_title":"Acerca da Uni\u00f3n Militar Democr\u00e1tica (UMD) -","og_description":"O errado golpe militar fascista do 18 de xullo de 1936, contra o goberno constitucional da II Rep\u00fablica espa\u00f1ola, derivou nunha guerra de exterminio","og_url":"https:\/\/www.anovapeneira.gal\/index.php\/2024\/03\/19\/acerca-da-union-militar-democratica-umd\/","article_publisher":"https:\/\/www.facebook.com\/anovapeneira","article_published_time":"2024-03-19T11:00:20+00:00","og_image":[{"width":720,"height":432,"url":"https:\/\/www.anovapeneira.gal\/wp-content\/uploads\/2023\/04\/manuel-ruiz.jpg","type":"image\/jpeg"}],"author":"Artigos Opini\u00f3n","twitter_card":"summary_large_image","twitter_creator":"@APeneira","twitter_site":"@APeneira","twitter_misc":{"Escrito por":"Artigos Opini\u00f3n","Tempo de lectura":"10 minutos"},"schema":{"@context":"https:\/\/schema.org","@graph":[{"@type":"Article","@id":"https:\/\/www.anovapeneira.gal\/index.php\/2024\/03\/19\/acerca-da-union-militar-democratica-umd\/#article","isPartOf":{"@id":"https:\/\/www.anovapeneira.gal\/index.php\/2024\/03\/19\/acerca-da-union-militar-democratica-umd\/"},"author":{"name":"Artigos Opini\u00f3n","@id":"https:\/\/www.anovapeneira.gal\/#\/schema\/person\/f18a4feb302e8f20bcef4490b5b60bb3"},"headline":"Acerca da Uni\u00f3n Militar Democr\u00e1tica (UMD)","datePublished":"2024-03-19T11:00:20+00:00","mainEntityOfPage":{"@id":"https:\/\/www.anovapeneira.gal\/index.php\/2024\/03\/19\/acerca-da-union-militar-democratica-umd\/"},"wordCount":1927,"commentCount":0,"publisher":{"@id":"https:\/\/www.anovapeneira.gal\/#organization"},"image":{"@id":"https:\/\/www.anovapeneira.gal\/index.php\/2024\/03\/19\/acerca-da-union-militar-democratica-umd\/#primaryimage"},"thumbnailUrl":"https:\/\/www.anovapeneira.gal\/wp-content\/uploads\/2023\/04\/manuel-ruiz.jpg","keywords":["Manuel Ruiz Robles"],"articleSection":["Artigos de opini\u00f3n"],"inLanguage":"gl-ES","potentialAction":[{"@type":"CommentAction","name":"Comment","target":["https:\/\/www.anovapeneira.gal\/index.php\/2024\/03\/19\/acerca-da-union-militar-democratica-umd\/#respond"]}]},{"@type":"WebPage","@id":"https:\/\/www.anovapeneira.gal\/index.php\/2024\/03\/19\/acerca-da-union-militar-democratica-umd\/","url":"https:\/\/www.anovapeneira.gal\/index.php\/2024\/03\/19\/acerca-da-union-militar-democratica-umd\/","name":"Acerca da Uni\u00f3n Militar Democr\u00e1tica (UMD) -","isPartOf":{"@id":"https:\/\/www.anovapeneira.gal\/#website"},"primaryImageOfPage":{"@id":"https:\/\/www.anovapeneira.gal\/index.php\/2024\/03\/19\/acerca-da-union-militar-democratica-umd\/#primaryimage"},"image":{"@id":"https:\/\/www.anovapeneira.gal\/index.php\/2024\/03\/19\/acerca-da-union-militar-democratica-umd\/#primaryimage"},"thumbnailUrl":"https:\/\/www.anovapeneira.gal\/wp-content\/uploads\/2023\/04\/manuel-ruiz.jpg","datePublished":"2024-03-19T11:00:20+00:00","description":"O errado golpe militar fascista do 18 de xullo de 1936, contra o goberno constitucional da II Rep\u00fablica espa\u00f1ola, derivou nunha guerra de exterminio","breadcrumb":{"@id":"https:\/\/www.anovapeneira.gal\/index.php\/2024\/03\/19\/acerca-da-union-militar-democratica-umd\/#breadcrumb"},"inLanguage":"gl-ES","potentialAction":[{"@type":"ReadAction","target":["https:\/\/www.anovapeneira.gal\/index.php\/2024\/03\/19\/acerca-da-union-militar-democratica-umd\/"]}]},{"@type":"ImageObject","inLanguage":"gl-ES","@id":"https:\/\/www.anovapeneira.gal\/index.php\/2024\/03\/19\/acerca-da-union-militar-democratica-umd\/#primaryimage","url":"https:\/\/www.anovapeneira.gal\/wp-content\/uploads\/2023\/04\/manuel-ruiz.jpg","contentUrl":"https:\/\/www.anovapeneira.gal\/wp-content\/uploads\/2023\/04\/manuel-ruiz.jpg","width":720,"height":432,"caption":"Manuel Ruiz"},{"@type":"BreadcrumbList","@id":"https:\/\/www.anovapeneira.gal\/index.php\/2024\/03\/19\/acerca-da-union-militar-democratica-umd\/#breadcrumb","itemListElement":[{"@type":"ListItem","position":1,"name":"Portada","item":"https:\/\/www.anovapeneira.gal\/"},{"@type":"ListItem","position":2,"name":"Acerca da Uni\u00f3n Militar Democr\u00e1tica (UMD)"}]},{"@type":"WebSite","@id":"https:\/\/www.anovapeneira.gal\/#website","url":"https:\/\/www.anovapeneira.gal\/","name":"","description":"Xornal galego de informaci\u00f3n xeral Publicaci\u00f3n mensual de novas de Galicia e en especial dos Concellos da sur da provincia de Pontevedra.","publisher":{"@id":"https:\/\/www.anovapeneira.gal\/#organization"},"potentialAction":[{"@type":"SearchAction","target":{"@type":"EntryPoint","urlTemplate":"https:\/\/www.anovapeneira.gal\/?s={search_term_string}"},"query-input":{"@type":"PropertyValueSpecification","valueRequired":true,"valueName":"search_term_string"}}],"inLanguage":"gl-ES"},{"@type":"Organization","@id":"https:\/\/www.anovapeneira.gal\/#organization","name":"A Nova Peneira","url":"https:\/\/www.anovapeneira.gal\/","logo":{"@type":"ImageObject","inLanguage":"gl-ES","@id":"https:\/\/www.anovapeneira.gal\/#\/schema\/logo\/image\/","url":"http:\/\/www.anovapeneira.gal\/wp-content\/uploads\/2019\/06\/logo_a_nova_peneira_portal_web.png","contentUrl":"http:\/\/www.anovapeneira.gal\/wp-content\/uploads\/2019\/06\/logo_a_nova_peneira_portal_web.png","width":300,"height":100,"caption":"A Nova Peneira"},"image":{"@id":"https:\/\/www.anovapeneira.gal\/#\/schema\/logo\/image\/"},"sameAs":["https:\/\/www.facebook.com\/anovapeneira","https:\/\/x.com\/APeneira"]},{"@type":"Person","@id":"https:\/\/www.anovapeneira.gal\/#\/schema\/person\/f18a4feb302e8f20bcef4490b5b60bb3","name":"Artigos Opini\u00f3n","image":{"@type":"ImageObject","inLanguage":"gl-ES","@id":"https:\/\/secure.gravatar.com\/avatar\/072844300f4881150aee2da4278f7a65d16eefdf8262eb67085f1e702de2b959?s=96&d=mm&r=g","url":"https:\/\/secure.gravatar.com\/avatar\/072844300f4881150aee2da4278f7a65d16eefdf8262eb67085f1e702de2b959?s=96&d=mm&r=g","contentUrl":"https:\/\/secure.gravatar.com\/avatar\/072844300f4881150aee2da4278f7a65d16eefdf8262eb67085f1e702de2b959?s=96&d=mm&r=g","caption":"Artigos Opini\u00f3n"},"sameAs":["http:\/\/anovapeneira.gal"],"url":"https:\/\/www.anovapeneira.gal\/index.php\/author\/artigosopinion\/"}]}},"jetpack_featured_media_url":"https:\/\/www.anovapeneira.gal\/wp-content\/uploads\/2023\/04\/manuel-ruiz.jpg","_links":{"self":[{"href":"https:\/\/www.anovapeneira.gal\/index.php\/wp-json\/wp\/v2\/posts\/11453","targetHints":{"allow":["GET"]}}],"collection":[{"href":"https:\/\/www.anovapeneira.gal\/index.php\/wp-json\/wp\/v2\/posts"}],"about":[{"href":"https:\/\/www.anovapeneira.gal\/index.php\/wp-json\/wp\/v2\/types\/post"}],"author":[{"embeddable":true,"href":"https:\/\/www.anovapeneira.gal\/index.php\/wp-json\/wp\/v2\/users\/12"}],"replies":[{"embeddable":true,"href":"https:\/\/www.anovapeneira.gal\/index.php\/wp-json\/wp\/v2\/comments?post=11453"}],"version-history":[{"count":1,"href":"https:\/\/www.anovapeneira.gal\/index.php\/wp-json\/wp\/v2\/posts\/11453\/revisions"}],"predecessor-version":[{"id":11454,"href":"https:\/\/www.anovapeneira.gal\/index.php\/wp-json\/wp\/v2\/posts\/11453\/revisions\/11454"}],"wp:featuredmedia":[{"embeddable":true,"href":"https:\/\/www.anovapeneira.gal\/index.php\/wp-json\/wp\/v2\/media\/9435"}],"wp:attachment":[{"href":"https:\/\/www.anovapeneira.gal\/index.php\/wp-json\/wp\/v2\/media?parent=11453"}],"wp:term":[{"taxonomy":"category","embeddable":true,"href":"https:\/\/www.anovapeneira.gal\/index.php\/wp-json\/wp\/v2\/categories?post=11453"},{"taxonomy":"post_tag","embeddable":true,"href":"https:\/\/www.anovapeneira.gal\/index.php\/wp-json\/wp\/v2\/tags?post=11453"}],"curies":[{"name":"wp","href":"https:\/\/api.w.org\/{rel}","templated":true}]}}