{"id":11455,"date":"2024-03-20T10:00:46","date_gmt":"2024-03-20T09:00:46","guid":{"rendered":"https:\/\/www.anovapeneira.gal\/?p=11455"},"modified":"2024-03-18T09:55:10","modified_gmt":"2024-03-18T08:55:10","slug":"bng-logra-un-acordo-no-congreso-para-a-cesion-da-cronica-troiana-a-galiza","status":"publish","type":"post","link":"https:\/\/www.anovapeneira.gal\/index.php\/2024\/03\/20\/bng-logra-un-acordo-no-congreso-para-a-cesion-da-cronica-troiana-a-galiza\/","title":{"rendered":"BNG logra un acordo no Congreso para a cesi\u00f3n da \u201cCr\u00f3nica Troiana\u201d \u00e1 Galiza"},"content":{"rendered":"\n<h2 class=\"wp-block-heading\"><strong>O acordo recolle a cesi\u00f3n temporal e abre a posibilidade de que o manuscrito quede en dep\u00f3sito permanente nunha instituci\u00f3n cultural p\u00fablica con sede na Galiza<\/strong><\/h2>\n\n\n\n<p>\u201c<strong>\u00c9 de xustiza que este manuscrito sexa devolto ao pobo galego. Isto \u00e9 o inicio desta loita para que a cesi\u00f3n sexa permanente\u201d reivindica N\u00e9stor Rego<\/strong><\/p>\n\n\n\n<p><strong>Acordo da Comisi\u00f3n de Cultura da c\u00e1mara baixa, ag\u00e1s o voto en contra da ultradereita e a abstenci\u00f3n do PP<\/strong><\/p>\n\n\n\n<p><strong>Madrid, 13 de marzo de 2024.<\/strong> <\/p>\n\n\n\n<p>No marco do 650\u00ba aniversario da obra literaria \u201c<em>Cr\u00f3nica Troiana\u201d<\/em>, o Bloque Nacionalista Galego consegue que sexa aprobada na c\u00e1mara baixa unha iniciativa que insta o Goberno \u00e1 cesi\u00f3n do manuscrito a unha instituci\u00f3n cultural galega e se realice unha campa\u00f1a de promoci\u00f3n e difusi\u00f3n \u201cque permita un co\u00f1ecemento m\u00e1s amplo da obra\u201d. As\u00ed mesmo, \u00e1brese a porta a que, con independencia da titularidade do manuscrito, a obra quede en dep\u00f3sito permanente nunha instituci\u00f3n cultural p\u00fablica con sede na Galiza.<\/p>\n\n\n\n<p>A iniciativa contou co apoio maioritario da Comisi\u00f3n de Cultura do Congreso, ag\u00e1s o voto en contra da ultradereita, ap\u00f3s a elaboraci\u00f3n dunha emenda transaccional. Neste sentido, o deputado do BNG adianta que este \u201c\u00e9 o primeiro paso\u201d e a organizaci\u00f3n nacionalista \u201cseguir\u00e1 traballando para conseguir a devoluci\u00f3n ao pobo galego con car\u00e1cter permanente\u201d.<\/p>\n\n\n\n<p>\u201cEste c\u00f3dice \u00e9 esencial para a literatura galega cun valor simb\u00f3lico enorme. Tr\u00e1tase dun dos manuscritos en prosa m\u00e1is extensos da literatura galega medieval, que son a proba viva da historia e da cultura galegas, da importancia e peso que o galego tivo na Idade Media como idioma propio dun dos Reinos con m\u00e1is peso da \u00e9poca medieval: o Reino da Galiza\u201d subli\u00f1a Rego.<\/p>\n\n\n\n<p>O deputado do BNG salienta que ning\u00fan dos grandes c\u00f3dices que recollen a extraordinaria literatura galega, quer l\u00edrica, quer en prosa, se achan na Galiza e est\u00e1n espalladas por diferentes lugares (Madrid, Roma\/Vaticano, Nova York, Berkeley&#8230;) e defende a importancia simb\u00f3lica de que as que se encontran en instituci\u00f3ns do Estado espa\u00f1ol poidan sediarse na Galiza. \u201cHoxe a tecnolox\u00eda permite a dixitalizaci\u00f3n e, por tanto, a consulta on line de calquera obra. Con efecto, o traslado ao noso Pa\u00eds da <em>Cr\u00f3nica troiana <\/em>non afecta a accesibilidade \u00e1 versi\u00f3n dixitalizada, mais \u00e9 inneg\u00e1bel que do punto de vista simb\u00f3lico, isto \u00e9 important\u00edsimo para a cultura galega\u201d.<\/p>\n\n\n\n<p><strong>Abre a porta a que a obra se sit\u00fae de forma permanente na Galiza<\/strong><\/p>\n\n\n\n<p>O BNG, que reclama a devoluci\u00f3n do manuscrito que actualmente se encontra na Biblioteca Nacional en Madrid, consegue que o Congreso inste o Goberno a que se abra a estudar a cesi\u00f3n permanente do manuscrito a unha instituci\u00f3n cultural p\u00fablica con sede na Galiza\u201d.<\/p>\n\n\n\n<figure class=\"wp-block-audio\"><audio controls src=\"https:\/\/www.anovapeneira.gal\/wp-content\/uploads\/2024\/03\/NR-CRONICA-TROIANA-online-audio-converter.com_.mp3\"><\/audio><\/figure>\n","protected":false},"excerpt":{"rendered":"<div class=\"mh-excerpt\"><p>O acordo recolle a cesi\u00f3n temporal e abre a posibilidade de que o manuscrito quede en dep\u00f3sito permanente nunha instituci\u00f3n cultural p\u00fablica con sede na Galiza <a class=\"mh-excerpt-more\" href=\"https:\/\/www.anovapeneira.gal\/index.php\/2024\/03\/20\/bng-logra-un-acordo-no-congreso-para-a-cesion-da-cronica-troiana-a-galiza\/\" title=\"BNG logra un acordo no Congreso para a cesi\u00f3n da \u201cCr\u00f3nica Troiana\u201d \u00e1 Galiza\">[&#8230;]<\/a><\/p>\n<\/div>","protected":false},"author":3,"featured_media":6723,"comment_status":"open","ping_status":"open","sticky":false,"template":"","format":"standard","meta":{"_exactmetrics_skip_tracking":false,"_exactmetrics_sitenote_active":false,"_exactmetrics_sitenote_note":"","_exactmetrics_sitenote_category":0,"footnotes":""},"categories":[263],"tags":[10],"class_list":{"0":"post-11455","1":"post","2":"type-post","3":"status-publish","4":"format-standard","5":"has-post-thumbnail","7":"category-novas","8":"tag-bng"},"yoast_head":"<!-- This site is optimized with the Yoast SEO plugin v27.4 - https:\/\/yoast.com\/product\/yoast-seo-wordpress\/ -->\n<title>BNG logra un acordo no Congreso para a cesi\u00f3n da \u201cCr\u00f3nica Troiana\u201d \u00e1 Galiza -<\/title>\n<meta name=\"description\" content=\"O acordo recolle a cesi\u00f3n temporal e abre a posibilidade de que o manuscrito quede en dep\u00f3sito permanente nunha instituci\u00f3n cultural p\u00fablica con sede na Galiza\" \/>\n<meta name=\"robots\" content=\"index, follow, max-snippet:-1, max-image-preview:large, max-video-preview:-1\" \/>\n<link rel=\"canonical\" href=\"https:\/\/www.anovapeneira.gal\/index.php\/2024\/03\/20\/bng-logra-un-acordo-no-congreso-para-a-cesion-da-cronica-troiana-a-galiza\/\" \/>\n<meta property=\"og:locale\" content=\"gl_ES\" \/>\n<meta property=\"og:type\" content=\"article\" \/>\n<meta property=\"og:title\" content=\"BNG logra un acordo no Congreso para a cesi\u00f3n da \u201cCr\u00f3nica Troiana\u201d \u00e1 Galiza -\" \/>\n<meta property=\"og:description\" content=\"O acordo recolle a cesi\u00f3n temporal e abre a posibilidade de que o manuscrito quede en dep\u00f3sito permanente nunha instituci\u00f3n cultural p\u00fablica con sede na Galiza\" \/>\n<meta property=\"og:url\" content=\"https:\/\/www.anovapeneira.gal\/index.php\/2024\/03\/20\/bng-logra-un-acordo-no-congreso-para-a-cesion-da-cronica-troiana-a-galiza\/\" \/>\n<meta property=\"article:publisher\" content=\"https:\/\/www.facebook.com\/anovapeneira\" \/>\n<meta property=\"article:published_time\" content=\"2024-03-20T09:00:46+00:00\" \/>\n<meta property=\"og:image\" content=\"https:\/\/www.anovapeneira.gal\/wp-content\/uploads\/2022\/01\/nestor_rego_congreso.jpg\" \/>\n\t<meta property=\"og:image:width\" content=\"1500\" \/>\n\t<meta property=\"og:image:height\" content=\"790\" \/>\n\t<meta property=\"og:image:type\" content=\"image\/jpeg\" \/>\n<meta name=\"author\" content=\"Redacci\u00f3n A Nova Peneira\" \/>\n<meta name=\"twitter:card\" content=\"summary_large_image\" \/>\n<meta name=\"twitter:creator\" content=\"@APeneira\" \/>\n<meta name=\"twitter:site\" content=\"@APeneira\" \/>\n<meta name=\"twitter:label1\" content=\"Escrito por\" \/>\n\t<meta name=\"twitter:data1\" content=\"Redacci\u00f3n A Nova Peneira\" \/>\n\t<meta name=\"twitter:label2\" content=\"Tempo de lectura\" \/>\n\t<meta name=\"twitter:data2\" content=\"3 minutos\" \/>\n<script type=\"application\/ld+json\" class=\"yoast-schema-graph\">{\"@context\":\"https:\\\/\\\/schema.org\",\"@graph\":[{\"@type\":\"Article\",\"@id\":\"https:\\\/\\\/www.anovapeneira.gal\\\/index.php\\\/2024\\\/03\\\/20\\\/bng-logra-un-acordo-no-congreso-para-a-cesion-da-cronica-troiana-a-galiza\\\/#article\",\"isPartOf\":{\"@id\":\"https:\\\/\\\/www.anovapeneira.gal\\\/index.php\\\/2024\\\/03\\\/20\\\/bng-logra-un-acordo-no-congreso-para-a-cesion-da-cronica-troiana-a-galiza\\\/\"},\"author\":{\"name\":\"Redacci\u00f3n A Nova Peneira\",\"@id\":\"https:\\\/\\\/www.anovapeneira.gal\\\/#\\\/schema\\\/person\\\/b93e3f8932e3f8da96334607eb6ac6aa\"},\"headline\":\"BNG logra un acordo no Congreso para a cesi\u00f3n da \u201cCr\u00f3nica Troiana\u201d \u00e1 Galiza\",\"datePublished\":\"2024-03-20T09:00:46+00:00\",\"mainEntityOfPage\":{\"@id\":\"https:\\\/\\\/www.anovapeneira.gal\\\/index.php\\\/2024\\\/03\\\/20\\\/bng-logra-un-acordo-no-congreso-para-a-cesion-da-cronica-troiana-a-galiza\\\/\"},\"wordCount\":499,\"commentCount\":0,\"publisher\":{\"@id\":\"https:\\\/\\\/www.anovapeneira.gal\\\/#organization\"},\"image\":{\"@id\":\"https:\\\/\\\/www.anovapeneira.gal\\\/index.php\\\/2024\\\/03\\\/20\\\/bng-logra-un-acordo-no-congreso-para-a-cesion-da-cronica-troiana-a-galiza\\\/#primaryimage\"},\"thumbnailUrl\":\"https:\\\/\\\/www.anovapeneira.gal\\\/wp-content\\\/uploads\\\/2022\\\/01\\\/nestor_rego_congreso.jpg\",\"keywords\":[\"BNG\"],\"articleSection\":[\"Novas\"],\"inLanguage\":\"gl-ES\",\"potentialAction\":[{\"@type\":\"CommentAction\",\"name\":\"Comment\",\"target\":[\"https:\\\/\\\/www.anovapeneira.gal\\\/index.php\\\/2024\\\/03\\\/20\\\/bng-logra-un-acordo-no-congreso-para-a-cesion-da-cronica-troiana-a-galiza\\\/#respond\"]}]},{\"@type\":\"WebPage\",\"@id\":\"https:\\\/\\\/www.anovapeneira.gal\\\/index.php\\\/2024\\\/03\\\/20\\\/bng-logra-un-acordo-no-congreso-para-a-cesion-da-cronica-troiana-a-galiza\\\/\",\"url\":\"https:\\\/\\\/www.anovapeneira.gal\\\/index.php\\\/2024\\\/03\\\/20\\\/bng-logra-un-acordo-no-congreso-para-a-cesion-da-cronica-troiana-a-galiza\\\/\",\"name\":\"BNG logra un acordo no Congreso para a cesi\u00f3n da \u201cCr\u00f3nica Troiana\u201d \u00e1 Galiza -\",\"isPartOf\":{\"@id\":\"https:\\\/\\\/www.anovapeneira.gal\\\/#website\"},\"primaryImageOfPage\":{\"@id\":\"https:\\\/\\\/www.anovapeneira.gal\\\/index.php\\\/2024\\\/03\\\/20\\\/bng-logra-un-acordo-no-congreso-para-a-cesion-da-cronica-troiana-a-galiza\\\/#primaryimage\"},\"image\":{\"@id\":\"https:\\\/\\\/www.anovapeneira.gal\\\/index.php\\\/2024\\\/03\\\/20\\\/bng-logra-un-acordo-no-congreso-para-a-cesion-da-cronica-troiana-a-galiza\\\/#primaryimage\"},\"thumbnailUrl\":\"https:\\\/\\\/www.anovapeneira.gal\\\/wp-content\\\/uploads\\\/2022\\\/01\\\/nestor_rego_congreso.jpg\",\"datePublished\":\"2024-03-20T09:00:46+00:00\",\"description\":\"O acordo recolle a cesi\u00f3n temporal e abre a posibilidade de que o manuscrito quede en dep\u00f3sito permanente nunha instituci\u00f3n cultural p\u00fablica con sede na Galiza\",\"breadcrumb\":{\"@id\":\"https:\\\/\\\/www.anovapeneira.gal\\\/index.php\\\/2024\\\/03\\\/20\\\/bng-logra-un-acordo-no-congreso-para-a-cesion-da-cronica-troiana-a-galiza\\\/#breadcrumb\"},\"inLanguage\":\"gl-ES\",\"potentialAction\":[{\"@type\":\"ReadAction\",\"target\":[\"https:\\\/\\\/www.anovapeneira.gal\\\/index.php\\\/2024\\\/03\\\/20\\\/bng-logra-un-acordo-no-congreso-para-a-cesion-da-cronica-troiana-a-galiza\\\/\"]}]},{\"@type\":\"ImageObject\",\"inLanguage\":\"gl-ES\",\"@id\":\"https:\\\/\\\/www.anovapeneira.gal\\\/index.php\\\/2024\\\/03\\\/20\\\/bng-logra-un-acordo-no-congreso-para-a-cesion-da-cronica-troiana-a-galiza\\\/#primaryimage\",\"url\":\"https:\\\/\\\/www.anovapeneira.gal\\\/wp-content\\\/uploads\\\/2022\\\/01\\\/nestor_rego_congreso.jpg\",\"contentUrl\":\"https:\\\/\\\/www.anovapeneira.gal\\\/wp-content\\\/uploads\\\/2022\\\/01\\\/nestor_rego_congreso.jpg\",\"width\":1500,\"height\":790,\"caption\":\"N\u00e9stor Rego Congreso\"},{\"@type\":\"BreadcrumbList\",\"@id\":\"https:\\\/\\\/www.anovapeneira.gal\\\/index.php\\\/2024\\\/03\\\/20\\\/bng-logra-un-acordo-no-congreso-para-a-cesion-da-cronica-troiana-a-galiza\\\/#breadcrumb\",\"itemListElement\":[{\"@type\":\"ListItem\",\"position\":1,\"name\":\"Portada\",\"item\":\"https:\\\/\\\/www.anovapeneira.gal\\\/\"},{\"@type\":\"ListItem\",\"position\":2,\"name\":\"BNG logra un acordo no Congreso para a cesi\u00f3n da \u201cCr\u00f3nica Troiana\u201d \u00e1 Galiza\"}]},{\"@type\":\"WebSite\",\"@id\":\"https:\\\/\\\/www.anovapeneira.gal\\\/#website\",\"url\":\"https:\\\/\\\/www.anovapeneira.gal\\\/\",\"name\":\"\",\"description\":\"Xornal galego de informaci\u00f3n xeral Publicaci\u00f3n mensual de novas de Galicia e en especial dos Concellos da sur da provincia de Pontevedra.\",\"publisher\":{\"@id\":\"https:\\\/\\\/www.anovapeneira.gal\\\/#organization\"},\"potentialAction\":[{\"@type\":\"SearchAction\",\"target\":{\"@type\":\"EntryPoint\",\"urlTemplate\":\"https:\\\/\\\/www.anovapeneira.gal\\\/?s={search_term_string}\"},\"query-input\":{\"@type\":\"PropertyValueSpecification\",\"valueRequired\":true,\"valueName\":\"search_term_string\"}}],\"inLanguage\":\"gl-ES\"},{\"@type\":\"Organization\",\"@id\":\"https:\\\/\\\/www.anovapeneira.gal\\\/#organization\",\"name\":\"A Nova Peneira\",\"url\":\"https:\\\/\\\/www.anovapeneira.gal\\\/\",\"logo\":{\"@type\":\"ImageObject\",\"inLanguage\":\"gl-ES\",\"@id\":\"https:\\\/\\\/www.anovapeneira.gal\\\/#\\\/schema\\\/logo\\\/image\\\/\",\"url\":\"http:\\\/\\\/www.anovapeneira.gal\\\/wp-content\\\/uploads\\\/2019\\\/06\\\/logo_a_nova_peneira_portal_web.png\",\"contentUrl\":\"http:\\\/\\\/www.anovapeneira.gal\\\/wp-content\\\/uploads\\\/2019\\\/06\\\/logo_a_nova_peneira_portal_web.png\",\"width\":300,\"height\":100,\"caption\":\"A Nova Peneira\"},\"image\":{\"@id\":\"https:\\\/\\\/www.anovapeneira.gal\\\/#\\\/schema\\\/logo\\\/image\\\/\"},\"sameAs\":[\"https:\\\/\\\/www.facebook.com\\\/anovapeneira\",\"https:\\\/\\\/x.com\\\/APeneira\"]},{\"@type\":\"Person\",\"@id\":\"https:\\\/\\\/www.anovapeneira.gal\\\/#\\\/schema\\\/person\\\/b93e3f8932e3f8da96334607eb6ac6aa\",\"name\":\"Redacci\u00f3n A Nova Peneira\",\"image\":{\"@type\":\"ImageObject\",\"inLanguage\":\"gl-ES\",\"@id\":\"https:\\\/\\\/secure.gravatar.com\\\/avatar\\\/c052a2551a06e23fac63626232eaa90abd78dbcf1700fc46a2b2c89fd27b735f?s=96&d=mm&r=g\",\"url\":\"https:\\\/\\\/secure.gravatar.com\\\/avatar\\\/c052a2551a06e23fac63626232eaa90abd78dbcf1700fc46a2b2c89fd27b735f?s=96&d=mm&r=g\",\"contentUrl\":\"https:\\\/\\\/secure.gravatar.com\\\/avatar\\\/c052a2551a06e23fac63626232eaa90abd78dbcf1700fc46a2b2c89fd27b735f?s=96&d=mm&r=g\",\"caption\":\"Redacci\u00f3n A Nova Peneira\"},\"sameAs\":[\"http:\\\/\\\/www.anovapeneira.gal\\\/\"],\"url\":\"https:\\\/\\\/www.anovapeneira.gal\\\/index.php\\\/author\\\/redactor\\\/\"}]}<\/script>\n<!-- \/ Yoast SEO plugin. -->","yoast_head_json":{"title":"BNG logra un acordo no Congreso para a cesi\u00f3n da \u201cCr\u00f3nica Troiana\u201d \u00e1 Galiza -","description":"O acordo recolle a cesi\u00f3n temporal e abre a posibilidade de que o manuscrito quede en dep\u00f3sito permanente nunha instituci\u00f3n cultural p\u00fablica con sede na Galiza","robots":{"index":"index","follow":"follow","max-snippet":"max-snippet:-1","max-image-preview":"max-image-preview:large","max-video-preview":"max-video-preview:-1"},"canonical":"https:\/\/www.anovapeneira.gal\/index.php\/2024\/03\/20\/bng-logra-un-acordo-no-congreso-para-a-cesion-da-cronica-troiana-a-galiza\/","og_locale":"gl_ES","og_type":"article","og_title":"BNG logra un acordo no Congreso para a cesi\u00f3n da \u201cCr\u00f3nica Troiana\u201d \u00e1 Galiza -","og_description":"O acordo recolle a cesi\u00f3n temporal e abre a posibilidade de que o manuscrito quede en dep\u00f3sito permanente nunha instituci\u00f3n cultural p\u00fablica con sede na Galiza","og_url":"https:\/\/www.anovapeneira.gal\/index.php\/2024\/03\/20\/bng-logra-un-acordo-no-congreso-para-a-cesion-da-cronica-troiana-a-galiza\/","article_publisher":"https:\/\/www.facebook.com\/anovapeneira","article_published_time":"2024-03-20T09:00:46+00:00","og_image":[{"width":1500,"height":790,"url":"https:\/\/www.anovapeneira.gal\/wp-content\/uploads\/2022\/01\/nestor_rego_congreso.jpg","type":"image\/jpeg"}],"author":"Redacci\u00f3n A Nova Peneira","twitter_card":"summary_large_image","twitter_creator":"@APeneira","twitter_site":"@APeneira","twitter_misc":{"Escrito por":"Redacci\u00f3n A Nova Peneira","Tempo de lectura":"3 minutos"},"schema":{"@context":"https:\/\/schema.org","@graph":[{"@type":"Article","@id":"https:\/\/www.anovapeneira.gal\/index.php\/2024\/03\/20\/bng-logra-un-acordo-no-congreso-para-a-cesion-da-cronica-troiana-a-galiza\/#article","isPartOf":{"@id":"https:\/\/www.anovapeneira.gal\/index.php\/2024\/03\/20\/bng-logra-un-acordo-no-congreso-para-a-cesion-da-cronica-troiana-a-galiza\/"},"author":{"name":"Redacci\u00f3n A Nova Peneira","@id":"https:\/\/www.anovapeneira.gal\/#\/schema\/person\/b93e3f8932e3f8da96334607eb6ac6aa"},"headline":"BNG logra un acordo no Congreso para a cesi\u00f3n da \u201cCr\u00f3nica Troiana\u201d \u00e1 Galiza","datePublished":"2024-03-20T09:00:46+00:00","mainEntityOfPage":{"@id":"https:\/\/www.anovapeneira.gal\/index.php\/2024\/03\/20\/bng-logra-un-acordo-no-congreso-para-a-cesion-da-cronica-troiana-a-galiza\/"},"wordCount":499,"commentCount":0,"publisher":{"@id":"https:\/\/www.anovapeneira.gal\/#organization"},"image":{"@id":"https:\/\/www.anovapeneira.gal\/index.php\/2024\/03\/20\/bng-logra-un-acordo-no-congreso-para-a-cesion-da-cronica-troiana-a-galiza\/#primaryimage"},"thumbnailUrl":"https:\/\/www.anovapeneira.gal\/wp-content\/uploads\/2022\/01\/nestor_rego_congreso.jpg","keywords":["BNG"],"articleSection":["Novas"],"inLanguage":"gl-ES","potentialAction":[{"@type":"CommentAction","name":"Comment","target":["https:\/\/www.anovapeneira.gal\/index.php\/2024\/03\/20\/bng-logra-un-acordo-no-congreso-para-a-cesion-da-cronica-troiana-a-galiza\/#respond"]}]},{"@type":"WebPage","@id":"https:\/\/www.anovapeneira.gal\/index.php\/2024\/03\/20\/bng-logra-un-acordo-no-congreso-para-a-cesion-da-cronica-troiana-a-galiza\/","url":"https:\/\/www.anovapeneira.gal\/index.php\/2024\/03\/20\/bng-logra-un-acordo-no-congreso-para-a-cesion-da-cronica-troiana-a-galiza\/","name":"BNG logra un acordo no Congreso para a cesi\u00f3n da \u201cCr\u00f3nica Troiana\u201d \u00e1 Galiza -","isPartOf":{"@id":"https:\/\/www.anovapeneira.gal\/#website"},"primaryImageOfPage":{"@id":"https:\/\/www.anovapeneira.gal\/index.php\/2024\/03\/20\/bng-logra-un-acordo-no-congreso-para-a-cesion-da-cronica-troiana-a-galiza\/#primaryimage"},"image":{"@id":"https:\/\/www.anovapeneira.gal\/index.php\/2024\/03\/20\/bng-logra-un-acordo-no-congreso-para-a-cesion-da-cronica-troiana-a-galiza\/#primaryimage"},"thumbnailUrl":"https:\/\/www.anovapeneira.gal\/wp-content\/uploads\/2022\/01\/nestor_rego_congreso.jpg","datePublished":"2024-03-20T09:00:46+00:00","description":"O acordo recolle a cesi\u00f3n temporal e abre a posibilidade de que o manuscrito quede en dep\u00f3sito permanente nunha instituci\u00f3n cultural p\u00fablica con sede na Galiza","breadcrumb":{"@id":"https:\/\/www.anovapeneira.gal\/index.php\/2024\/03\/20\/bng-logra-un-acordo-no-congreso-para-a-cesion-da-cronica-troiana-a-galiza\/#breadcrumb"},"inLanguage":"gl-ES","potentialAction":[{"@type":"ReadAction","target":["https:\/\/www.anovapeneira.gal\/index.php\/2024\/03\/20\/bng-logra-un-acordo-no-congreso-para-a-cesion-da-cronica-troiana-a-galiza\/"]}]},{"@type":"ImageObject","inLanguage":"gl-ES","@id":"https:\/\/www.anovapeneira.gal\/index.php\/2024\/03\/20\/bng-logra-un-acordo-no-congreso-para-a-cesion-da-cronica-troiana-a-galiza\/#primaryimage","url":"https:\/\/www.anovapeneira.gal\/wp-content\/uploads\/2022\/01\/nestor_rego_congreso.jpg","contentUrl":"https:\/\/www.anovapeneira.gal\/wp-content\/uploads\/2022\/01\/nestor_rego_congreso.jpg","width":1500,"height":790,"caption":"N\u00e9stor Rego Congreso"},{"@type":"BreadcrumbList","@id":"https:\/\/www.anovapeneira.gal\/index.php\/2024\/03\/20\/bng-logra-un-acordo-no-congreso-para-a-cesion-da-cronica-troiana-a-galiza\/#breadcrumb","itemListElement":[{"@type":"ListItem","position":1,"name":"Portada","item":"https:\/\/www.anovapeneira.gal\/"},{"@type":"ListItem","position":2,"name":"BNG logra un acordo no Congreso para a cesi\u00f3n da \u201cCr\u00f3nica Troiana\u201d \u00e1 Galiza"}]},{"@type":"WebSite","@id":"https:\/\/www.anovapeneira.gal\/#website","url":"https:\/\/www.anovapeneira.gal\/","name":"","description":"Xornal galego de informaci\u00f3n xeral Publicaci\u00f3n mensual de novas de Galicia e en especial dos Concellos da sur da provincia de Pontevedra.","publisher":{"@id":"https:\/\/www.anovapeneira.gal\/#organization"},"potentialAction":[{"@type":"SearchAction","target":{"@type":"EntryPoint","urlTemplate":"https:\/\/www.anovapeneira.gal\/?s={search_term_string}"},"query-input":{"@type":"PropertyValueSpecification","valueRequired":true,"valueName":"search_term_string"}}],"inLanguage":"gl-ES"},{"@type":"Organization","@id":"https:\/\/www.anovapeneira.gal\/#organization","name":"A Nova Peneira","url":"https:\/\/www.anovapeneira.gal\/","logo":{"@type":"ImageObject","inLanguage":"gl-ES","@id":"https:\/\/www.anovapeneira.gal\/#\/schema\/logo\/image\/","url":"http:\/\/www.anovapeneira.gal\/wp-content\/uploads\/2019\/06\/logo_a_nova_peneira_portal_web.png","contentUrl":"http:\/\/www.anovapeneira.gal\/wp-content\/uploads\/2019\/06\/logo_a_nova_peneira_portal_web.png","width":300,"height":100,"caption":"A Nova Peneira"},"image":{"@id":"https:\/\/www.anovapeneira.gal\/#\/schema\/logo\/image\/"},"sameAs":["https:\/\/www.facebook.com\/anovapeneira","https:\/\/x.com\/APeneira"]},{"@type":"Person","@id":"https:\/\/www.anovapeneira.gal\/#\/schema\/person\/b93e3f8932e3f8da96334607eb6ac6aa","name":"Redacci\u00f3n A Nova Peneira","image":{"@type":"ImageObject","inLanguage":"gl-ES","@id":"https:\/\/secure.gravatar.com\/avatar\/c052a2551a06e23fac63626232eaa90abd78dbcf1700fc46a2b2c89fd27b735f?s=96&d=mm&r=g","url":"https:\/\/secure.gravatar.com\/avatar\/c052a2551a06e23fac63626232eaa90abd78dbcf1700fc46a2b2c89fd27b735f?s=96&d=mm&r=g","contentUrl":"https:\/\/secure.gravatar.com\/avatar\/c052a2551a06e23fac63626232eaa90abd78dbcf1700fc46a2b2c89fd27b735f?s=96&d=mm&r=g","caption":"Redacci\u00f3n A Nova Peneira"},"sameAs":["http:\/\/www.anovapeneira.gal\/"],"url":"https:\/\/www.anovapeneira.gal\/index.php\/author\/redactor\/"}]}},"jetpack_featured_media_url":"https:\/\/www.anovapeneira.gal\/wp-content\/uploads\/2022\/01\/nestor_rego_congreso.jpg","_links":{"self":[{"href":"https:\/\/www.anovapeneira.gal\/index.php\/wp-json\/wp\/v2\/posts\/11455","targetHints":{"allow":["GET"]}}],"collection":[{"href":"https:\/\/www.anovapeneira.gal\/index.php\/wp-json\/wp\/v2\/posts"}],"about":[{"href":"https:\/\/www.anovapeneira.gal\/index.php\/wp-json\/wp\/v2\/types\/post"}],"author":[{"embeddable":true,"href":"https:\/\/www.anovapeneira.gal\/index.php\/wp-json\/wp\/v2\/users\/3"}],"replies":[{"embeddable":true,"href":"https:\/\/www.anovapeneira.gal\/index.php\/wp-json\/wp\/v2\/comments?post=11455"}],"version-history":[{"count":2,"href":"https:\/\/www.anovapeneira.gal\/index.php\/wp-json\/wp\/v2\/posts\/11455\/revisions"}],"predecessor-version":[{"id":11458,"href":"https:\/\/www.anovapeneira.gal\/index.php\/wp-json\/wp\/v2\/posts\/11455\/revisions\/11458"}],"wp:featuredmedia":[{"embeddable":true,"href":"https:\/\/www.anovapeneira.gal\/index.php\/wp-json\/wp\/v2\/media\/6723"}],"wp:attachment":[{"href":"https:\/\/www.anovapeneira.gal\/index.php\/wp-json\/wp\/v2\/media?parent=11455"}],"wp:term":[{"taxonomy":"category","embeddable":true,"href":"https:\/\/www.anovapeneira.gal\/index.php\/wp-json\/wp\/v2\/categories?post=11455"},{"taxonomy":"post_tag","embeddable":true,"href":"https:\/\/www.anovapeneira.gal\/index.php\/wp-json\/wp\/v2\/tags?post=11455"}],"curies":[{"name":"wp","href":"https:\/\/api.w.org\/{rel}","templated":true}]}}