{"id":11465,"date":"2024-03-21T10:00:21","date_gmt":"2024-03-21T09:00:21","guid":{"rendered":"https:\/\/www.anovapeneira.gal\/?p=11465"},"modified":"2024-03-18T10:10:39","modified_gmt":"2024-03-18T09:10:39","slug":"patricia-marino-voceira-do-bng-no-concello-de-salvaterra","status":"publish","type":"post","link":"https:\/\/www.anovapeneira.gal\/index.php\/2024\/03\/21\/patricia-marino-voceira-do-bng-no-concello-de-salvaterra\/","title":{"rendered":"Patricia Mari\u00f1o-Voceira do BNG no Concello de Salvaterra"},"content":{"rendered":"\n<blockquote class=\"wp-block-quote is-layout-flow wp-block-quote-is-layout-flow\">\n<p><\/p>\n<\/blockquote>\n\n\n\n<h2 class=\"wp-block-heading\">\u201c<strong>Tras m\u00e1is de corenta anos de gobernos populares, o primeiro que far\u00eda ao chegar \u00e1 alcald\u00eda ser\u00eda unha auditor\u00eda\u201d<\/strong><\/h2>\n\n\n\n<blockquote class=\"wp-block-quote is-layout-flow wp-block-quote-is-layout-flow\">\n<p>Avogada de profesi\u00f3n, Patricia Mari\u00f1o forma parte do grupo municipal do BNG de Salvaterra desde 2007 e, nas pasadas elecci\u00f3ns de maio, concorreu por vez primeira como cabeza de lista. Conseguiu para a formaci\u00f3n catro representantes, o mesmo n\u00famero que obtivo o PSOE, que \u00e9 a segunda forza. O Concello \u00e9 gobernado polo Partido Popular de Marta Valc\u00e1rcel, que logrou revalidar a maior\u00eda absoluta ao introducir 9 integrantes da s\u00faa lista nunha corporaci\u00f3n que, polo aumento de poboaci\u00f3n, pasaba de 13 a 17 ed\u00eds. As catro novas incorporaci\u00f3ns repart\u00edronse entre PP e BNG que consegu\u00eda as\u00ed duplicar a s\u00faa representaci\u00f3n e converterse na forza que m\u00e1is crec\u00eda en apoios. Unha tendencia \u00e1 alza que se confirmou nas pasadas auton\u00f3micas de febreiro.<\/p>\n<\/blockquote>\n\n\n\n<p><strong>-Sei que non \u00e9 o resultado que devec\u00edan, porque o obxectivo era que Ana Pont\u00f3n acadase a Xunta, mais parece que as \u00faltimas elecci\u00f3ns auton\u00f3micas confirman a tendencia \u00e1 alza do BNG en Salvaterra.<\/strong><\/p>\n\n\n\n<blockquote class=\"wp-block-quote is-layout-flow wp-block-quote-is-layout-flow\">\n<p>&#8211; Si, eu creo que se est\u00e1 confirmando a nosa tendencia \u00e1 alza. \u00c9 certo que o contexto dunhas auton\u00f3micas \u2013nacionais, para n\u00f3s- \u00e9 distinto, porque a campa\u00f1a faise desde arriba, temos unha l\u00edder que arrastra moit\u00edsimo voto e hai que contextualizar; pero tam\u00e9n \u00e9 certo que o resultado en Salvaterra foi espectacular, e foi espectacular nun contexto dunha quinta maior\u00eda absoluta do PP. N\u00f3s quedamos a escasos 80 votos deles, e eu creo que a\u00ed si podemos facer unha lectura local. Temos un grupo moi potente, novo, formado nas municipais anteriores, pero que est\u00e1 traballando moi ben e \u00e9 moi vis\u00edbel. E para min \u00e9 claro que somos a \u00fanica alternativa, eu creo que se ve, que se sabe que o somos, porque o PSOE, a nivel municipal, aqu\u00ed soa bastante pouco. \u2013 <strong>Hai pouco que se co\u00f1eceu a dimisi\u00f3n da executiva local socialista. Cre que iso pode afectar, para ben ou para mal, ao funcionamento do grupo municipal?<\/strong><\/p>\n<\/blockquote>\n\n\n\n<blockquote class=\"wp-block-quote is-layout-flow wp-block-quote-is-layout-flow\">\n<p><a><\/a> -Penso que non. Eles xa dixeron que os concelleiros non \u00edan dimitir ning\u00fan. Penso que son desacordos internos da organizaci\u00f3n, que polo tanto son alleos a n\u00f3s. En todo caso, agardo que se arranxen polo ben de Salvaterra, por se, dalg\u00fan xeito, puideran afectar ao traballo da corporaci\u00f3n en prol da veci\u00f1anza.<\/p>\n<\/blockquote>\n\n\n\n<p><strong>-De cara a converter o BNG na alternativa, cal ser\u00edan para vostede as principais li\u00f1as de traballo nos tres anos que restan neste mandato municipal? Cales ser\u00edan os obxectivos fundamentais?<\/strong><\/p>\n\n\n\n<blockquote class=\"wp-block-quote is-layout-flow wp-block-quote-is-layout-flow\">\n<p>-O obxectivo fundamental \u00e9 gobernar de aqu\u00ed a tres anos. Estamos traballando para iso. Estamos moi activos en batallas que nos parecen fundamentais para o municipio, como a da sanidade p\u00fablica. Nun contexto xeneralizado de xesti\u00f3n p\u00e9sima, en Salvaterra foi especialmente preocupante porque se chegou ao punto de pecharnos o centro de sa\u00fade. A partir de a\u00ed, hai facultativos que nunca se cubriron e a d\u00eda de hoxe seguimos sen ter pediatr\u00eda. Eu te\u00f1o d\u00faas nenas en idade pedi\u00e1trica e ante calquera urxencia, ante cuesti\u00f3ns que vaian m\u00e1is al\u00e1 dunha revisi\u00f3n -iso se tes a sorte de que ese d\u00eda estea a pediatra para revisarte- o que nos din \u00e9 que vaiamos ao Cunqueiro. Tanto eu como o meu compa\u00f1eiro Rub\u00e9n formamos parte da Plataforma pola Defensa da Sanidade do Condado-Paradanta. Fac\u00e9molo a nivel individual pero ao final a xente relaci\u00f3nate coas siglas e de feito eu te\u00f1o a teor\u00eda, non sei se estarei equivocada, de que onde hai plataformas potentes en prol da sanidade obtiv\u00e9ronse moi bos resultados.<\/p>\n<\/blockquote>\n\n\n\n<p><strong>-Totalmente de acordo. Pasou tam\u00e9n, por po\u00f1er outro exemplo, en Moa\u00f1a. Parece que esa polarizaci\u00f3n axudou.<\/strong><\/p>\n\n\n\n<blockquote class=\"wp-block-quote is-layout-flow wp-block-quote-is-layout-flow\">\n<p>-\u00c9 certo que non se conseguiu o obxectivo final que era meter a Ana Pont\u00f3n na Xunta, iso est\u00e1 claro e temos que dicilo, pero aqu\u00ed se contivo moito o voto do PP. E eu creo que a Sanidade foi un tema fundamental porque, f\u00f3ra de siglas, a xente \u00e9 moi consciente de que algo se est\u00e1 facendo moi mal noso traballo de denuncia despois se reflicte nas urnas. Xa nas Xerais tam\u00e9n tivemos unha suba importante e eu te\u00f1o moitas esperanzas de cara ao futuro.<\/p>\n<\/blockquote>\n\n\n\n<p><strong>-Sei que \u00e9 moito adiantar, que quedan tres anos, pero se acadase vostede a alcald\u00eda, cal ser\u00eda a primeira medida a implantar?<\/strong><\/p>\n\n\n\n<blockquote class=\"wp-block-quote is-layout-flow wp-block-quote-is-layout-flow\">\n<p>-Eu sempre o dixen. Logo de moitos anos de maior\u00edas absolutas do mesmo partido, o primeiro que tes que facer \u00e9 auditar e ver que \u00e9 o que hai e que non hai, antes de tomar ningunha medida. Pero desde logo, entre as medidas que necesita o municipio hai algunhas tan b\u00e1sicas como o saneamento das parroquias, que logo de m\u00e1is de corenta anos de goberno do Partido Popular seguen sen levarse a cabo. E por suposto hai que loitar polo centro de sa\u00fade, na medida das posibilidades. \u00c9 certo que desde o concello non temos competencias en Sanidade, pero tes que facerte valer. Non podes avaliar ese tipo de pol\u00edticas por moito que cheguen do partido ao que pertences. Pero insisto, primeiro hai que saber co que podes contar, logo de m\u00e1is de corenta anos do seu goberno, para logo poder executar o teu programa.<\/p>\n<\/blockquote>\n\n\n\n<p><strong>-Hai pouco m\u00e1is dun ano houbo un grave problema de contaminaci\u00f3n da auga, mesmo con casos de gastroenterite. Considera que esta completamente solucionado?<\/strong><\/p>\n\n\n\n<blockquote class=\"wp-block-quote is-layout-flow wp-block-quote-is-layout-flow\">\n<p>-Iso pode volver a pasar en calquera momento. Non se tomaron as medidas adecuadas. F\u00edxose un estudo e comprobouse que hab\u00eda pezas obsoletas, pero como as anal\u00edticas reflect\u00edan que se cumpr\u00edan os m\u00ednimos que recoll\u00eda a lei, non se tomaron m\u00e1is medidas para que non volva pasar, non se buscou ningunha alternativa, as\u00ed que poder\u00eda volver a pasar en calquera momento.<\/p>\n<\/blockquote>\n\n\n\n<p><strong>-Quer\u00eda preguntarlle tam\u00e9n por Plisan, a plataforma lox\u00edstica Salvaterra-As Neves, que leva d\u00e9cadas de tramitaci\u00f3n sen lograr asentamentos de novas empresas. Como se lle poder\u00eda dar pulo desde o Concello?<\/strong><\/p>\n\n\n\n<blockquote class=\"wp-block-quote is-layout-flow wp-block-quote-is-layout-flow\">\n<p>-O que tes \u00e9 que ter os servizos preparados para que calquera empresa que o d\u00eda de ma\u00f1\u00e1 queira implantarse na Plisan te\u00f1a o necesario. Pero iso est\u00e1 practicamente inmaculado, non se est\u00e1 facendo nada, e as\u00ed \u00e9 moi dif\u00edcil que atraias empresas, sobre todo coa competencia que temos con Portugal.<\/p>\n<\/blockquote>\n\n\n\n<p><strong>-Que propo\u00f1en desde o BNG para combater esa competencia e xerar emprego en Salvaterra? Ou cre que iso deber\u00eda ser unha esixencia \u00e1 Xunta por estar f\u00f3ra das competencias estritamente municipais?<\/strong><\/p>\n\n\n\n<blockquote class=\"wp-block-quote is-layout-flow wp-block-quote-is-layout-flow\">\n<p>&#8211; O Concello deber\u00eda sentarse con quen ten realmente competencias e ver a posibilidade de pular por isto, porque na Plisan hai enterrado moito di\u00f1eiro e hai que ver de que xeito lles podes dar \u00e1s empresas facilidades para asentarse a\u00ed, en vez de tirar sempre das bonificaci\u00f3ns. Este Concello tira moito das bonificaci\u00f3ns nos impostos e est\u00e1 ben, pero iso ao final vai en detrimento dun concello que xa est\u00e1 dabondo endebedado. Tes que buscar novas maneiras de fomentar a implantaci\u00f3n de empresas aqu\u00ed, malia que non te\u00f1as competencias.<\/p>\n<\/blockquote>\n\n\n\n<p><strong>-A paralizaci\u00f3n de Plisan tam\u00e9n paralizou a construci\u00f3n da ponte prevista para evitar que o tr\u00e1fico que vai ou v\u00e9n desde Portugal cruce polo voso municipio. Ser\u00eda importante poder desconxestionalo&#8230;<\/strong><\/p>\n\n\n\n<blockquote class=\"wp-block-quote is-layout-flow wp-block-quote-is-layout-flow\">\n<p>-Esa ponte \u00e9 unha competencia estatal, que xa estaba proxectada, que xa ti\u00f1a orzamento, e \u00e9 fundamental porque en Salvaterra temos un grave problema pola r\u00faa principal, pola r\u00faa Mi\u00f1o que vertebra todo Salvaterra. Por a\u00ed pasa moito tr\u00e1fico pesado e iso sup\u00f3n perigo, ru\u00eddo, danos&#8230; hai que facer obras de arranxo cada pouco. De feito, o Concello decidiu cederlle o uso \u00e1 Xunta para que polo menos sexan eles os que costeen eses arranxos dos danos que provoca o tr\u00e1fico que pasa por esa v\u00eda a diario. E o que van facer \u00e9 estreitar as beirarr\u00faas para facilitar o paso dos cami\u00f3ns. Nun contexto no que se tende a humanizar as r\u00faas, facelas m\u00e1is acces\u00edbeis, darlle prioridade ao pe\u00f3n fronte aos coches, aqu\u00ed dec\u00eddese, na r\u00faa que vertebra toda a vila, facilitar o paso para o tr\u00e1fico pesado. Eu reco\u00f1ezo que hai cuesti\u00f3ns que nos afectan directamente nas que o Concello non ten competencias pero hai que facer algo m\u00e1is. E se hab\u00eda proxectada unha ponte internacional, incluso con fondos Next Generation que a Xunta deixou de investir, ter\u00e1s que facer algo m\u00e1is, porque Salvaterra ten un problema moi grande con ese tr\u00e1fico na vila. Agardemos que non pase nada e te\u00f1amos que lamentarnos m\u00e1is a\u00ednda&#8230;<\/p>\n<\/blockquote>\n\n\n\n<p><strong>-A aposta pola humanizaci\u00f3n das cidades \u00e9 un dos grandes sinais de identidade do BNG. Cre que en Salvaterra, malia este h\u00e1ndicap da ausencia da ponte, a\u00ednda \u00e9 pos\u00edbel?<\/strong><\/p>\n\n\n\n<blockquote class=\"wp-block-quote is-layout-flow wp-block-quote-is-layout-flow\">\n<p>-Por suposto. Sempre. Tes que facelo de xeito did\u00e1ctico, para que a xente entenda a necesidade de tender \u00e1 humanizaci\u00f3n e de paso loitar contra a contaminaci\u00f3n para buscar o benestar da xente, que \u00e9 o que nos importa. E logo darlle alternativas ao tr\u00e1fico, claro, porque est\u00e1 a\u00ed. E por suposto que hai opci\u00f3ns para humanizar Salvaterra e hai que apostar por iso. \u00c9 o futuro.<\/p>\n<\/blockquote>\n\n\n\n<p>&#8211;<strong>Tam\u00e9n existe unha demanda de conexi\u00f3n ferroviaria, non s\u00f3 para mercador\u00edas, tam\u00e9n para pasaxe, non? Cales ser\u00edan as propostas do BNG para paliar as carencias do transporte p\u00fablico?<\/strong><\/p>\n\n\n\n<blockquote class=\"wp-block-quote is-layout-flow wp-block-quote-is-layout-flow\">\n<p>-N\u00f3s temos claro que hai que buscar alternativas ao emprego do veh\u00edculo particular. Que poidas facer sa\u00eddas a Vigo ou a outras vilas pr\u00f3ximas en tren. Hai que apostar polo tr\u00e1fico ferroviario, e m\u00e1is n\u00f3s que temos unha vila cunha estaci\u00f3n e certa historia&#8230; Eu fun \u00e1 facultade en tren, e agora non se pode. E moita xente poder\u00eda ir traballar en transporte p\u00fablico, en tren, en autob\u00fas, pero non se aposta por iso, non se dan alternativas.<\/p>\n<\/blockquote>\n\n\n\n<p><strong>-Antes falaba da proximidade con Portugal como destino de traballo de moita veci\u00f1anza da comarca. Como se poder\u00edan fomentar sinerxias desde Salvaterra cara \u00e1 outra beira do Mi\u00f1o?<\/strong><\/p>\n\n\n\n<blockquote class=\"wp-block-quote is-layout-flow wp-block-quote-is-layout-flow\">\n<p>&#8211; A eurocidade \u00e9 un modelo que pode dar moit\u00edsimo xogo, e sobre todo a n\u00f3s que temos a\u00ed a vila de Mon\u00e7ao, que \u00e9 espectacular. Se tiv\u00e9semos a oportunidade de gobernar, te\u00f1o claro que indagar\u00eda todas as posibilidades que poida dar a eurocidade e intentar\u00eda traballar man a man con Mon\u00e7ao, incluso mancomunando servizos. \u00c9 unha vila moito m\u00e1is grande e eu creo que poder\u00eda dar moito xogo ir con ela da man, pero \u00e9 unha v\u00eda que non se est\u00e1 explorando mais al\u00e1 dunha colaboraci\u00f3n puntual. Por exemplo, haber\u00eda que pular pola conexi\u00f3n ferroviaria con Portugal e \u00e9 algo polo que non se est\u00e1 apostando desde os gobernos centrais, malia que desde aqu\u00ed, desde Galiza o estamos pedindo.<\/p>\n<\/blockquote>\n\n\n\n<p>&#8211;<strong>E no \u00e1mbito cultural? Contar\u00eda, supo\u00f1o, o Festival da Poes\u00eda no Condado, cun apoio dunha administraci\u00f3n liderada por vostede.<\/strong><\/p>\n\n\n\n<blockquote class=\"wp-block-quote is-layout-flow wp-block-quote-is-layout-flow\">\n<p>&#8211; Eu estou implicada mesmo a nivel emocional, persoal, desde sempre. Son socia, amiga de moitas das persoas que organizan, e moitas das actividades que se fixeron desde a SCD (Sociedade Cultural e Desportiva do Condado) durante moitos anos, logo foron continuadas desde o concello. Moitas das actividades culturais que se programan aqu\u00ed eran s\u00faas. Eles foran os pioneiros. E dende logo como festival referente a nivel cultural, que este ano est\u00e1 dedicado ao pobo palestino, toda a axuda pos\u00edbel desde o concello. A eles e a outras moitas iniciativas e asociaci\u00f3ns que hai e que \u00e1s veces non se coidan dabondo.<\/p>\n<\/blockquote>\n","protected":false},"excerpt":{"rendered":"<div class=\"mh-excerpt\"><p>\u201cTras m\u00e1is de corenta anos de gobernos populares, o primeiro que far\u00eda ao chegar \u00e1 alcald\u00eda ser\u00eda unha auditor\u00eda\u201d <a class=\"mh-excerpt-more\" href=\"https:\/\/www.anovapeneira.gal\/index.php\/2024\/03\/21\/patricia-marino-voceira-do-bng-no-concello-de-salvaterra\/\" title=\"Patricia Mari\u00f1o-Voceira do BNG no Concello de Salvaterra\">[&#8230;]<\/a><\/p>\n<\/div>","protected":false},"author":15,"featured_media":11466,"comment_status":"open","ping_status":"open","sticky":false,"template":"","format":"standard","meta":{"_exactmetrics_skip_tracking":false,"_exactmetrics_sitenote_active":false,"_exactmetrics_sitenote_note":"","_exactmetrics_sitenote_category":0,"footnotes":""},"categories":[267],"tags":[186],"class_list":{"0":"post-11465","1":"post","2":"type-post","3":"status-publish","4":"format-standard","5":"has-post-thumbnail","7":"category-condado-entrevistas","8":"tag-concello-de-salvaterra-do-mino"},"yoast_head":"<!-- This site is optimized with the Yoast SEO plugin v27.4 - https:\/\/yoast.com\/product\/yoast-seo-wordpress\/ -->\n<title>Patricia Mari\u00f1o-Voceira do BNG no Concello de Salvaterra -<\/title>\n<meta name=\"description\" content=\"\u201cTras m\u00e1is de corenta anos de gobernos populares, o primeiro que far\u00eda ao chegar \u00e1 alcald\u00eda ser\u00eda unha auditor\u00eda\u201d\" \/>\n<meta name=\"robots\" content=\"index, follow, max-snippet:-1, max-image-preview:large, max-video-preview:-1\" \/>\n<link rel=\"canonical\" href=\"https:\/\/www.anovapeneira.gal\/index.php\/2024\/03\/21\/patricia-marino-voceira-do-bng-no-concello-de-salvaterra\/\" \/>\n<meta property=\"og:locale\" content=\"gl_ES\" \/>\n<meta property=\"og:type\" content=\"article\" \/>\n<meta property=\"og:title\" content=\"Patricia Mari\u00f1o-Voceira do BNG no Concello de Salvaterra -\" \/>\n<meta property=\"og:description\" content=\"\u201cTras m\u00e1is de corenta anos de gobernos populares, o primeiro que far\u00eda ao chegar \u00e1 alcald\u00eda ser\u00eda unha auditor\u00eda\u201d\" \/>\n<meta property=\"og:url\" content=\"https:\/\/www.anovapeneira.gal\/index.php\/2024\/03\/21\/patricia-marino-voceira-do-bng-no-concello-de-salvaterra\/\" \/>\n<meta property=\"article:publisher\" content=\"https:\/\/www.facebook.com\/anovapeneira\" \/>\n<meta property=\"article:published_time\" content=\"2024-03-21T09:00:21+00:00\" \/>\n<meta property=\"og:image\" content=\"https:\/\/www.anovapeneira.gal\/wp-content\/uploads\/2024\/03\/patricia_marino.jpg\" \/>\n\t<meta property=\"og:image:width\" content=\"720\" \/>\n\t<meta property=\"og:image:height\" content=\"432\" \/>\n\t<meta property=\"og:image:type\" content=\"image\/jpeg\" \/>\n<meta name=\"author\" content=\"Montse Fajardo\" \/>\n<meta name=\"twitter:card\" content=\"summary_large_image\" \/>\n<meta name=\"twitter:creator\" content=\"@APeneira\" \/>\n<meta name=\"twitter:site\" content=\"@APeneira\" \/>\n<meta name=\"twitter:label1\" content=\"Escrito por\" \/>\n\t<meta name=\"twitter:data1\" content=\"Montse Fajardo\" \/>\n\t<meta name=\"twitter:label2\" content=\"Tempo de lectura\" \/>\n\t<meta name=\"twitter:data2\" content=\"3 minutos\" \/>\n<script type=\"application\/ld+json\" class=\"yoast-schema-graph\">{\"@context\":\"https:\\\/\\\/schema.org\",\"@graph\":[{\"@type\":\"Article\",\"@id\":\"https:\\\/\\\/www.anovapeneira.gal\\\/index.php\\\/2024\\\/03\\\/21\\\/patricia-marino-voceira-do-bng-no-concello-de-salvaterra\\\/#article\",\"isPartOf\":{\"@id\":\"https:\\\/\\\/www.anovapeneira.gal\\\/index.php\\\/2024\\\/03\\\/21\\\/patricia-marino-voceira-do-bng-no-concello-de-salvaterra\\\/\"},\"author\":{\"name\":\"Montse Fajardo\",\"@id\":\"https:\\\/\\\/www.anovapeneira.gal\\\/#\\\/schema\\\/person\\\/b5d841c74dee61f6776658b07b904c18\"},\"headline\":\"Patricia Mari\u00f1o-Voceira do BNG no Concello de Salvaterra\",\"datePublished\":\"2024-03-21T09:00:21+00:00\",\"mainEntityOfPage\":{\"@id\":\"https:\\\/\\\/www.anovapeneira.gal\\\/index.php\\\/2024\\\/03\\\/21\\\/patricia-marino-voceira-do-bng-no-concello-de-salvaterra\\\/\"},\"wordCount\":2011,\"commentCount\":0,\"publisher\":{\"@id\":\"https:\\\/\\\/www.anovapeneira.gal\\\/#organization\"},\"image\":{\"@id\":\"https:\\\/\\\/www.anovapeneira.gal\\\/index.php\\\/2024\\\/03\\\/21\\\/patricia-marino-voceira-do-bng-no-concello-de-salvaterra\\\/#primaryimage\"},\"thumbnailUrl\":\"https:\\\/\\\/www.anovapeneira.gal\\\/wp-content\\\/uploads\\\/2024\\\/03\\\/patricia_marino.jpg\",\"keywords\":[\"Concello de Salvaterra do Mi\u00f1o\"],\"articleSection\":[\"Condado\"],\"inLanguage\":\"gl-ES\",\"potentialAction\":[{\"@type\":\"CommentAction\",\"name\":\"Comment\",\"target\":[\"https:\\\/\\\/www.anovapeneira.gal\\\/index.php\\\/2024\\\/03\\\/21\\\/patricia-marino-voceira-do-bng-no-concello-de-salvaterra\\\/#respond\"]}]},{\"@type\":\"WebPage\",\"@id\":\"https:\\\/\\\/www.anovapeneira.gal\\\/index.php\\\/2024\\\/03\\\/21\\\/patricia-marino-voceira-do-bng-no-concello-de-salvaterra\\\/\",\"url\":\"https:\\\/\\\/www.anovapeneira.gal\\\/index.php\\\/2024\\\/03\\\/21\\\/patricia-marino-voceira-do-bng-no-concello-de-salvaterra\\\/\",\"name\":\"Patricia Mari\u00f1o-Voceira do BNG no Concello de Salvaterra -\",\"isPartOf\":{\"@id\":\"https:\\\/\\\/www.anovapeneira.gal\\\/#website\"},\"primaryImageOfPage\":{\"@id\":\"https:\\\/\\\/www.anovapeneira.gal\\\/index.php\\\/2024\\\/03\\\/21\\\/patricia-marino-voceira-do-bng-no-concello-de-salvaterra\\\/#primaryimage\"},\"image\":{\"@id\":\"https:\\\/\\\/www.anovapeneira.gal\\\/index.php\\\/2024\\\/03\\\/21\\\/patricia-marino-voceira-do-bng-no-concello-de-salvaterra\\\/#primaryimage\"},\"thumbnailUrl\":\"https:\\\/\\\/www.anovapeneira.gal\\\/wp-content\\\/uploads\\\/2024\\\/03\\\/patricia_marino.jpg\",\"datePublished\":\"2024-03-21T09:00:21+00:00\",\"description\":\"\u201cTras m\u00e1is de corenta anos de gobernos populares, o primeiro que far\u00eda ao chegar \u00e1 alcald\u00eda ser\u00eda unha auditor\u00eda\u201d\",\"breadcrumb\":{\"@id\":\"https:\\\/\\\/www.anovapeneira.gal\\\/index.php\\\/2024\\\/03\\\/21\\\/patricia-marino-voceira-do-bng-no-concello-de-salvaterra\\\/#breadcrumb\"},\"inLanguage\":\"gl-ES\",\"potentialAction\":[{\"@type\":\"ReadAction\",\"target\":[\"https:\\\/\\\/www.anovapeneira.gal\\\/index.php\\\/2024\\\/03\\\/21\\\/patricia-marino-voceira-do-bng-no-concello-de-salvaterra\\\/\"]}]},{\"@type\":\"ImageObject\",\"inLanguage\":\"gl-ES\",\"@id\":\"https:\\\/\\\/www.anovapeneira.gal\\\/index.php\\\/2024\\\/03\\\/21\\\/patricia-marino-voceira-do-bng-no-concello-de-salvaterra\\\/#primaryimage\",\"url\":\"https:\\\/\\\/www.anovapeneira.gal\\\/wp-content\\\/uploads\\\/2024\\\/03\\\/patricia_marino.jpg\",\"contentUrl\":\"https:\\\/\\\/www.anovapeneira.gal\\\/wp-content\\\/uploads\\\/2024\\\/03\\\/patricia_marino.jpg\",\"width\":720,\"height\":432,\"caption\":\"Patricia Mari\u00f1o-Voceira do BNG no Concello de Salvaterra\"},{\"@type\":\"BreadcrumbList\",\"@id\":\"https:\\\/\\\/www.anovapeneira.gal\\\/index.php\\\/2024\\\/03\\\/21\\\/patricia-marino-voceira-do-bng-no-concello-de-salvaterra\\\/#breadcrumb\",\"itemListElement\":[{\"@type\":\"ListItem\",\"position\":1,\"name\":\"Portada\",\"item\":\"https:\\\/\\\/www.anovapeneira.gal\\\/\"},{\"@type\":\"ListItem\",\"position\":2,\"name\":\"Patricia Mari\u00f1o-Voceira do BNG no Concello de Salvaterra\"}]},{\"@type\":\"WebSite\",\"@id\":\"https:\\\/\\\/www.anovapeneira.gal\\\/#website\",\"url\":\"https:\\\/\\\/www.anovapeneira.gal\\\/\",\"name\":\"\",\"description\":\"Xornal galego de informaci\u00f3n xeral Publicaci\u00f3n mensual de novas de Galicia e en especial dos Concellos da sur da provincia de Pontevedra.\",\"publisher\":{\"@id\":\"https:\\\/\\\/www.anovapeneira.gal\\\/#organization\"},\"potentialAction\":[{\"@type\":\"SearchAction\",\"target\":{\"@type\":\"EntryPoint\",\"urlTemplate\":\"https:\\\/\\\/www.anovapeneira.gal\\\/?s={search_term_string}\"},\"query-input\":{\"@type\":\"PropertyValueSpecification\",\"valueRequired\":true,\"valueName\":\"search_term_string\"}}],\"inLanguage\":\"gl-ES\"},{\"@type\":\"Organization\",\"@id\":\"https:\\\/\\\/www.anovapeneira.gal\\\/#organization\",\"name\":\"A Nova Peneira\",\"url\":\"https:\\\/\\\/www.anovapeneira.gal\\\/\",\"logo\":{\"@type\":\"ImageObject\",\"inLanguage\":\"gl-ES\",\"@id\":\"https:\\\/\\\/www.anovapeneira.gal\\\/#\\\/schema\\\/logo\\\/image\\\/\",\"url\":\"http:\\\/\\\/www.anovapeneira.gal\\\/wp-content\\\/uploads\\\/2019\\\/06\\\/logo_a_nova_peneira_portal_web.png\",\"contentUrl\":\"http:\\\/\\\/www.anovapeneira.gal\\\/wp-content\\\/uploads\\\/2019\\\/06\\\/logo_a_nova_peneira_portal_web.png\",\"width\":300,\"height\":100,\"caption\":\"A Nova Peneira\"},\"image\":{\"@id\":\"https:\\\/\\\/www.anovapeneira.gal\\\/#\\\/schema\\\/logo\\\/image\\\/\"},\"sameAs\":[\"https:\\\/\\\/www.facebook.com\\\/anovapeneira\",\"https:\\\/\\\/x.com\\\/APeneira\"]},{\"@type\":\"Person\",\"@id\":\"https:\\\/\\\/www.anovapeneira.gal\\\/#\\\/schema\\\/person\\\/b5d841c74dee61f6776658b07b904c18\",\"name\":\"Montse Fajardo\",\"image\":{\"@type\":\"ImageObject\",\"inLanguage\":\"gl-ES\",\"@id\":\"https:\\\/\\\/secure.gravatar.com\\\/avatar\\\/7167d7c282cf42b377b7010dbd21f855dfb9df18abd8af43f29029fc82996df3?s=96&d=mm&r=g\",\"url\":\"https:\\\/\\\/secure.gravatar.com\\\/avatar\\\/7167d7c282cf42b377b7010dbd21f855dfb9df18abd8af43f29029fc82996df3?s=96&d=mm&r=g\",\"contentUrl\":\"https:\\\/\\\/secure.gravatar.com\\\/avatar\\\/7167d7c282cf42b377b7010dbd21f855dfb9df18abd8af43f29029fc82996df3?s=96&d=mm&r=g\",\"caption\":\"Montse Fajardo\"},\"sameAs\":[\"http:\\\/\\\/www.anovapeneira.gal\\\/\"],\"url\":\"https:\\\/\\\/www.anovapeneira.gal\\\/index.php\\\/author\\\/montse-fajardo\\\/\"}]}<\/script>\n<!-- \/ Yoast SEO plugin. -->","yoast_head_json":{"title":"Patricia Mari\u00f1o-Voceira do BNG no Concello de Salvaterra -","description":"\u201cTras m\u00e1is de corenta anos de gobernos populares, o primeiro que far\u00eda ao chegar \u00e1 alcald\u00eda ser\u00eda unha auditor\u00eda\u201d","robots":{"index":"index","follow":"follow","max-snippet":"max-snippet:-1","max-image-preview":"max-image-preview:large","max-video-preview":"max-video-preview:-1"},"canonical":"https:\/\/www.anovapeneira.gal\/index.php\/2024\/03\/21\/patricia-marino-voceira-do-bng-no-concello-de-salvaterra\/","og_locale":"gl_ES","og_type":"article","og_title":"Patricia Mari\u00f1o-Voceira do BNG no Concello de Salvaterra -","og_description":"\u201cTras m\u00e1is de corenta anos de gobernos populares, o primeiro que far\u00eda ao chegar \u00e1 alcald\u00eda ser\u00eda unha auditor\u00eda\u201d","og_url":"https:\/\/www.anovapeneira.gal\/index.php\/2024\/03\/21\/patricia-marino-voceira-do-bng-no-concello-de-salvaterra\/","article_publisher":"https:\/\/www.facebook.com\/anovapeneira","article_published_time":"2024-03-21T09:00:21+00:00","og_image":[{"width":720,"height":432,"url":"https:\/\/www.anovapeneira.gal\/wp-content\/uploads\/2024\/03\/patricia_marino.jpg","type":"image\/jpeg"}],"author":"Montse Fajardo","twitter_card":"summary_large_image","twitter_creator":"@APeneira","twitter_site":"@APeneira","twitter_misc":{"Escrito por":"Montse Fajardo","Tempo de lectura":"3 minutos"},"schema":{"@context":"https:\/\/schema.org","@graph":[{"@type":"Article","@id":"https:\/\/www.anovapeneira.gal\/index.php\/2024\/03\/21\/patricia-marino-voceira-do-bng-no-concello-de-salvaterra\/#article","isPartOf":{"@id":"https:\/\/www.anovapeneira.gal\/index.php\/2024\/03\/21\/patricia-marino-voceira-do-bng-no-concello-de-salvaterra\/"},"author":{"name":"Montse Fajardo","@id":"https:\/\/www.anovapeneira.gal\/#\/schema\/person\/b5d841c74dee61f6776658b07b904c18"},"headline":"Patricia Mari\u00f1o-Voceira do BNG no Concello de Salvaterra","datePublished":"2024-03-21T09:00:21+00:00","mainEntityOfPage":{"@id":"https:\/\/www.anovapeneira.gal\/index.php\/2024\/03\/21\/patricia-marino-voceira-do-bng-no-concello-de-salvaterra\/"},"wordCount":2011,"commentCount":0,"publisher":{"@id":"https:\/\/www.anovapeneira.gal\/#organization"},"image":{"@id":"https:\/\/www.anovapeneira.gal\/index.php\/2024\/03\/21\/patricia-marino-voceira-do-bng-no-concello-de-salvaterra\/#primaryimage"},"thumbnailUrl":"https:\/\/www.anovapeneira.gal\/wp-content\/uploads\/2024\/03\/patricia_marino.jpg","keywords":["Concello de Salvaterra do Mi\u00f1o"],"articleSection":["Condado"],"inLanguage":"gl-ES","potentialAction":[{"@type":"CommentAction","name":"Comment","target":["https:\/\/www.anovapeneira.gal\/index.php\/2024\/03\/21\/patricia-marino-voceira-do-bng-no-concello-de-salvaterra\/#respond"]}]},{"@type":"WebPage","@id":"https:\/\/www.anovapeneira.gal\/index.php\/2024\/03\/21\/patricia-marino-voceira-do-bng-no-concello-de-salvaterra\/","url":"https:\/\/www.anovapeneira.gal\/index.php\/2024\/03\/21\/patricia-marino-voceira-do-bng-no-concello-de-salvaterra\/","name":"Patricia Mari\u00f1o-Voceira do BNG no Concello de Salvaterra -","isPartOf":{"@id":"https:\/\/www.anovapeneira.gal\/#website"},"primaryImageOfPage":{"@id":"https:\/\/www.anovapeneira.gal\/index.php\/2024\/03\/21\/patricia-marino-voceira-do-bng-no-concello-de-salvaterra\/#primaryimage"},"image":{"@id":"https:\/\/www.anovapeneira.gal\/index.php\/2024\/03\/21\/patricia-marino-voceira-do-bng-no-concello-de-salvaterra\/#primaryimage"},"thumbnailUrl":"https:\/\/www.anovapeneira.gal\/wp-content\/uploads\/2024\/03\/patricia_marino.jpg","datePublished":"2024-03-21T09:00:21+00:00","description":"\u201cTras m\u00e1is de corenta anos de gobernos populares, o primeiro que far\u00eda ao chegar \u00e1 alcald\u00eda ser\u00eda unha auditor\u00eda\u201d","breadcrumb":{"@id":"https:\/\/www.anovapeneira.gal\/index.php\/2024\/03\/21\/patricia-marino-voceira-do-bng-no-concello-de-salvaterra\/#breadcrumb"},"inLanguage":"gl-ES","potentialAction":[{"@type":"ReadAction","target":["https:\/\/www.anovapeneira.gal\/index.php\/2024\/03\/21\/patricia-marino-voceira-do-bng-no-concello-de-salvaterra\/"]}]},{"@type":"ImageObject","inLanguage":"gl-ES","@id":"https:\/\/www.anovapeneira.gal\/index.php\/2024\/03\/21\/patricia-marino-voceira-do-bng-no-concello-de-salvaterra\/#primaryimage","url":"https:\/\/www.anovapeneira.gal\/wp-content\/uploads\/2024\/03\/patricia_marino.jpg","contentUrl":"https:\/\/www.anovapeneira.gal\/wp-content\/uploads\/2024\/03\/patricia_marino.jpg","width":720,"height":432,"caption":"Patricia Mari\u00f1o-Voceira do BNG no Concello de Salvaterra"},{"@type":"BreadcrumbList","@id":"https:\/\/www.anovapeneira.gal\/index.php\/2024\/03\/21\/patricia-marino-voceira-do-bng-no-concello-de-salvaterra\/#breadcrumb","itemListElement":[{"@type":"ListItem","position":1,"name":"Portada","item":"https:\/\/www.anovapeneira.gal\/"},{"@type":"ListItem","position":2,"name":"Patricia Mari\u00f1o-Voceira do BNG no Concello de Salvaterra"}]},{"@type":"WebSite","@id":"https:\/\/www.anovapeneira.gal\/#website","url":"https:\/\/www.anovapeneira.gal\/","name":"","description":"Xornal galego de informaci\u00f3n xeral Publicaci\u00f3n mensual de novas de Galicia e en especial dos Concellos da sur da provincia de Pontevedra.","publisher":{"@id":"https:\/\/www.anovapeneira.gal\/#organization"},"potentialAction":[{"@type":"SearchAction","target":{"@type":"EntryPoint","urlTemplate":"https:\/\/www.anovapeneira.gal\/?s={search_term_string}"},"query-input":{"@type":"PropertyValueSpecification","valueRequired":true,"valueName":"search_term_string"}}],"inLanguage":"gl-ES"},{"@type":"Organization","@id":"https:\/\/www.anovapeneira.gal\/#organization","name":"A Nova Peneira","url":"https:\/\/www.anovapeneira.gal\/","logo":{"@type":"ImageObject","inLanguage":"gl-ES","@id":"https:\/\/www.anovapeneira.gal\/#\/schema\/logo\/image\/","url":"http:\/\/www.anovapeneira.gal\/wp-content\/uploads\/2019\/06\/logo_a_nova_peneira_portal_web.png","contentUrl":"http:\/\/www.anovapeneira.gal\/wp-content\/uploads\/2019\/06\/logo_a_nova_peneira_portal_web.png","width":300,"height":100,"caption":"A Nova Peneira"},"image":{"@id":"https:\/\/www.anovapeneira.gal\/#\/schema\/logo\/image\/"},"sameAs":["https:\/\/www.facebook.com\/anovapeneira","https:\/\/x.com\/APeneira"]},{"@type":"Person","@id":"https:\/\/www.anovapeneira.gal\/#\/schema\/person\/b5d841c74dee61f6776658b07b904c18","name":"Montse Fajardo","image":{"@type":"ImageObject","inLanguage":"gl-ES","@id":"https:\/\/secure.gravatar.com\/avatar\/7167d7c282cf42b377b7010dbd21f855dfb9df18abd8af43f29029fc82996df3?s=96&d=mm&r=g","url":"https:\/\/secure.gravatar.com\/avatar\/7167d7c282cf42b377b7010dbd21f855dfb9df18abd8af43f29029fc82996df3?s=96&d=mm&r=g","contentUrl":"https:\/\/secure.gravatar.com\/avatar\/7167d7c282cf42b377b7010dbd21f855dfb9df18abd8af43f29029fc82996df3?s=96&d=mm&r=g","caption":"Montse Fajardo"},"sameAs":["http:\/\/www.anovapeneira.gal\/"],"url":"https:\/\/www.anovapeneira.gal\/index.php\/author\/montse-fajardo\/"}]}},"jetpack_featured_media_url":"https:\/\/www.anovapeneira.gal\/wp-content\/uploads\/2024\/03\/patricia_marino.jpg","_links":{"self":[{"href":"https:\/\/www.anovapeneira.gal\/index.php\/wp-json\/wp\/v2\/posts\/11465","targetHints":{"allow":["GET"]}}],"collection":[{"href":"https:\/\/www.anovapeneira.gal\/index.php\/wp-json\/wp\/v2\/posts"}],"about":[{"href":"https:\/\/www.anovapeneira.gal\/index.php\/wp-json\/wp\/v2\/types\/post"}],"author":[{"embeddable":true,"href":"https:\/\/www.anovapeneira.gal\/index.php\/wp-json\/wp\/v2\/users\/15"}],"replies":[{"embeddable":true,"href":"https:\/\/www.anovapeneira.gal\/index.php\/wp-json\/wp\/v2\/comments?post=11465"}],"version-history":[{"count":1,"href":"https:\/\/www.anovapeneira.gal\/index.php\/wp-json\/wp\/v2\/posts\/11465\/revisions"}],"predecessor-version":[{"id":11467,"href":"https:\/\/www.anovapeneira.gal\/index.php\/wp-json\/wp\/v2\/posts\/11465\/revisions\/11467"}],"wp:featuredmedia":[{"embeddable":true,"href":"https:\/\/www.anovapeneira.gal\/index.php\/wp-json\/wp\/v2\/media\/11466"}],"wp:attachment":[{"href":"https:\/\/www.anovapeneira.gal\/index.php\/wp-json\/wp\/v2\/media?parent=11465"}],"wp:term":[{"taxonomy":"category","embeddable":true,"href":"https:\/\/www.anovapeneira.gal\/index.php\/wp-json\/wp\/v2\/categories?post=11465"},{"taxonomy":"post_tag","embeddable":true,"href":"https:\/\/www.anovapeneira.gal\/index.php\/wp-json\/wp\/v2\/tags?post=11465"}],"curies":[{"name":"wp","href":"https:\/\/api.w.org\/{rel}","templated":true}]}}