{"id":11471,"date":"2024-03-22T10:00:53","date_gmt":"2024-03-22T09:00:53","guid":{"rendered":"https:\/\/www.anovapeneira.gal\/?p=11471"},"modified":"2024-03-18T10:31:24","modified_gmt":"2024-03-18T09:31:24","slug":"os-orzamentos-do-concello-da-guarda-evidencian-a-falsidade-das-promesas-electorais-do-pp","status":"publish","type":"post","link":"https:\/\/www.anovapeneira.gal\/index.php\/2024\/03\/22\/os-orzamentos-do-concello-da-guarda-evidencian-a-falsidade-das-promesas-electorais-do-pp\/","title":{"rendered":"Os orzamentos do Concello da Guarda evidencian a falsidade das promesas electorais do PP"},"content":{"rendered":"\n<h2 class=\"wp-block-heading\"><em>Anxo Baz (BNG): \u201cUn mes despois de asinar un convenio co Conselleiro de Sanidade, o Alcalde Roberto Carrero, esqu\u00e9cese do CIS\u201d<\/em><\/h2>\n\n\n\n<p><em><br>O portavoz municipal do BNG no Concello da Guarda, Anxo Baz, manifestou no debate sobre os orzamentos para o ano 2024 que \u201cnon van servir para mellorar a vida dos guardeses e guardesas, para o \u00fanico que poden valer \u00e9 para evidenciar as mentiras do Alcalde Roberto Carrero \u00e1 cidadan\u00eda. Sirva como exemplo que non adiquen nin un s\u00f3 euro \u00e1 compra dos terreos para a construci\u00f3n do CIS (Centro Integrado de Sanidade) que anunciaron aos catro ventos na campa\u00f1a das elecci\u00f3ns galegas con pantomima inclu\u00edda da sinatura dun convenio co Conselleiro de Sanidade\u201d<\/em><\/p>\n\n\n\n<p><em><br>O nacionalista tam\u00e9n lle afeou ao goberno municipal \u201cque carecen de ambici\u00f3n e non pasan de ser un exercicio contable ademais de chegar tarde como demostra que xa gastaron m\u00e1is de 615.000 \u20ac, algo m\u00e1is do 8% do total dos orzamentos antes da s\u00faa aprobaci\u00f3n\u201d.<br><br>Anxo Baz, noutro momento da s\u00faa intervenci\u00f3n tam\u00e9n amosou a s\u00faa preocupaci\u00f3n porque as inversi\u00f3ns reais baixan un 40% respecto aos \u00faltimos orzamentos aprobados no 2021, pasando de 106.143,12 \u20ac a 64.273,97\u20ac no 2024, e destacou \u201cos orzamentos son o documento econ\u00f3mico no que se sustenta un proxecto de pobo. E n\u00f3s nestes orzamentos non vemos nin rastro de ning\u00fan dos proxectos que precisa A Guarda. Con casi 42.000 \u20ac menos para inversi\u00f3ns reais, semella que o cambio de rumbo non vai desta. O que si teremos \u00e9 m\u00e1is do mesmo: abandono, deixadez, e pasividade\u201d.<\/em><\/p>\n","protected":false},"excerpt":{"rendered":"<div class=\"mh-excerpt\"><p>Anxo Baz (BNG): \u201cUn mes despois de asinar un convenio co Conselleiro de Sanidade, o Alcalde Roberto Carrero, esqu\u00e9cese do CIS <a class=\"mh-excerpt-more\" href=\"https:\/\/www.anovapeneira.gal\/index.php\/2024\/03\/22\/os-orzamentos-do-concello-da-guarda-evidencian-a-falsidade-das-promesas-electorais-do-pp\/\" title=\"Os orzamentos do Concello da Guarda evidencian a falsidade das promesas electorais do PP\">[&#8230;]<\/a><\/p>\n<\/div>","protected":false},"author":1,"featured_media":11473,"comment_status":"open","ping_status":"open","sticky":false,"template":"","format":"standard","meta":{"_exactmetrics_skip_tracking":false,"_exactmetrics_sitenote_active":false,"_exactmetrics_sitenote_note":"","_exactmetrics_sitenote_category":0,"footnotes":""},"categories":[21],"tags":[238],"class_list":{"0":"post-11471","1":"post","2":"type-post","3":"status-publish","4":"format-standard","5":"has-post-thumbnail","7":"category-baixo-mino","8":"tag-concello-da-guarda"},"yoast_head":"<!-- This site is optimized with the Yoast SEO plugin v27.4 - https:\/\/yoast.com\/product\/yoast-seo-wordpress\/ -->\n<title>Os orzamentos do Concello da Guarda evidencian a falsidade das promesas electorais do PP -<\/title>\n<meta name=\"description\" content=\"Anxo Baz (BNG): \u201cUn mes despois de asinar un convenio co Conselleiro de Sanidade, o Alcalde Roberto Carrero, esqu\u00e9cese do CIS\" \/>\n<meta name=\"robots\" content=\"index, follow, max-snippet:-1, max-image-preview:large, max-video-preview:-1\" \/>\n<link rel=\"canonical\" href=\"https:\/\/www.anovapeneira.gal\/index.php\/2024\/03\/22\/os-orzamentos-do-concello-da-guarda-evidencian-a-falsidade-das-promesas-electorais-do-pp\/\" \/>\n<meta property=\"og:locale\" content=\"gl_ES\" \/>\n<meta property=\"og:type\" content=\"article\" \/>\n<meta property=\"og:title\" content=\"Os orzamentos do Concello da Guarda evidencian a falsidade das promesas electorais do PP -\" \/>\n<meta property=\"og:description\" content=\"Anxo Baz (BNG): \u201cUn mes despois de asinar un convenio co Conselleiro de Sanidade, o Alcalde Roberto Carrero, esqu\u00e9cese do CIS\" \/>\n<meta property=\"og:url\" content=\"https:\/\/www.anovapeneira.gal\/index.php\/2024\/03\/22\/os-orzamentos-do-concello-da-guarda-evidencian-a-falsidade-das-promesas-electorais-do-pp\/\" \/>\n<meta property=\"article:publisher\" content=\"https:\/\/www.facebook.com\/anovapeneira\" \/>\n<meta property=\"article:author\" content=\"https:\/\/www.facebook.com\/anovapeneira\/\" \/>\n<meta property=\"article:published_time\" content=\"2024-03-22T09:00:53+00:00\" \/>\n<meta property=\"og:image\" content=\"https:\/\/www.anovapeneira.gal\/wp-content\/uploads\/2024\/03\/anxo_baz.jpg\" \/>\n\t<meta property=\"og:image:width\" content=\"720\" \/>\n\t<meta property=\"og:image:height\" content=\"432\" \/>\n\t<meta property=\"og:image:type\" content=\"image\/jpeg\" \/>\n<meta name=\"author\" content=\"admin\" \/>\n<meta name=\"twitter:card\" content=\"summary_large_image\" \/>\n<meta name=\"twitter:creator\" content=\"@APeneira\" \/>\n<meta name=\"twitter:site\" content=\"@APeneira\" \/>\n<meta name=\"twitter:label1\" content=\"Escrito por\" \/>\n\t<meta name=\"twitter:data1\" content=\"admin\" \/>\n\t<meta name=\"twitter:label2\" content=\"Tempo de lectura\" \/>\n\t<meta name=\"twitter:data2\" content=\"2 minutos\" \/>\n<script type=\"application\/ld+json\" class=\"yoast-schema-graph\">{\"@context\":\"https:\\\/\\\/schema.org\",\"@graph\":[{\"@type\":\"Article\",\"@id\":\"https:\\\/\\\/www.anovapeneira.gal\\\/index.php\\\/2024\\\/03\\\/22\\\/os-orzamentos-do-concello-da-guarda-evidencian-a-falsidade-das-promesas-electorais-do-pp\\\/#article\",\"isPartOf\":{\"@id\":\"https:\\\/\\\/www.anovapeneira.gal\\\/index.php\\\/2024\\\/03\\\/22\\\/os-orzamentos-do-concello-da-guarda-evidencian-a-falsidade-das-promesas-electorais-do-pp\\\/\"},\"author\":{\"name\":\"admin\",\"@id\":\"https:\\\/\\\/www.anovapeneira.gal\\\/#\\\/schema\\\/person\\\/fb77575328c93684dae4b0075f90c2cb\"},\"headline\":\"Os orzamentos do Concello da Guarda evidencian a falsidade das promesas electorais do PP\",\"datePublished\":\"2024-03-22T09:00:53+00:00\",\"mainEntityOfPage\":{\"@id\":\"https:\\\/\\\/www.anovapeneira.gal\\\/index.php\\\/2024\\\/03\\\/22\\\/os-orzamentos-do-concello-da-guarda-evidencian-a-falsidade-das-promesas-electorais-do-pp\\\/\"},\"wordCount\":276,\"commentCount\":0,\"publisher\":{\"@id\":\"https:\\\/\\\/www.anovapeneira.gal\\\/#organization\"},\"image\":{\"@id\":\"https:\\\/\\\/www.anovapeneira.gal\\\/index.php\\\/2024\\\/03\\\/22\\\/os-orzamentos-do-concello-da-guarda-evidencian-a-falsidade-das-promesas-electorais-do-pp\\\/#primaryimage\"},\"thumbnailUrl\":\"https:\\\/\\\/www.anovapeneira.gal\\\/wp-content\\\/uploads\\\/2024\\\/03\\\/anxo_baz.jpg\",\"keywords\":[\"Concello da Guarda\"],\"articleSection\":[\"Baixo Mi\u00f1o\"],\"inLanguage\":\"gl-ES\",\"potentialAction\":[{\"@type\":\"CommentAction\",\"name\":\"Comment\",\"target\":[\"https:\\\/\\\/www.anovapeneira.gal\\\/index.php\\\/2024\\\/03\\\/22\\\/os-orzamentos-do-concello-da-guarda-evidencian-a-falsidade-das-promesas-electorais-do-pp\\\/#respond\"]}]},{\"@type\":\"WebPage\",\"@id\":\"https:\\\/\\\/www.anovapeneira.gal\\\/index.php\\\/2024\\\/03\\\/22\\\/os-orzamentos-do-concello-da-guarda-evidencian-a-falsidade-das-promesas-electorais-do-pp\\\/\",\"url\":\"https:\\\/\\\/www.anovapeneira.gal\\\/index.php\\\/2024\\\/03\\\/22\\\/os-orzamentos-do-concello-da-guarda-evidencian-a-falsidade-das-promesas-electorais-do-pp\\\/\",\"name\":\"Os orzamentos do Concello da Guarda evidencian a falsidade das promesas electorais do PP -\",\"isPartOf\":{\"@id\":\"https:\\\/\\\/www.anovapeneira.gal\\\/#website\"},\"primaryImageOfPage\":{\"@id\":\"https:\\\/\\\/www.anovapeneira.gal\\\/index.php\\\/2024\\\/03\\\/22\\\/os-orzamentos-do-concello-da-guarda-evidencian-a-falsidade-das-promesas-electorais-do-pp\\\/#primaryimage\"},\"image\":{\"@id\":\"https:\\\/\\\/www.anovapeneira.gal\\\/index.php\\\/2024\\\/03\\\/22\\\/os-orzamentos-do-concello-da-guarda-evidencian-a-falsidade-das-promesas-electorais-do-pp\\\/#primaryimage\"},\"thumbnailUrl\":\"https:\\\/\\\/www.anovapeneira.gal\\\/wp-content\\\/uploads\\\/2024\\\/03\\\/anxo_baz.jpg\",\"datePublished\":\"2024-03-22T09:00:53+00:00\",\"description\":\"Anxo Baz (BNG): \u201cUn mes despois de asinar un convenio co Conselleiro de Sanidade, o Alcalde Roberto Carrero, esqu\u00e9cese do CIS\",\"breadcrumb\":{\"@id\":\"https:\\\/\\\/www.anovapeneira.gal\\\/index.php\\\/2024\\\/03\\\/22\\\/os-orzamentos-do-concello-da-guarda-evidencian-a-falsidade-das-promesas-electorais-do-pp\\\/#breadcrumb\"},\"inLanguage\":\"gl-ES\",\"potentialAction\":[{\"@type\":\"ReadAction\",\"target\":[\"https:\\\/\\\/www.anovapeneira.gal\\\/index.php\\\/2024\\\/03\\\/22\\\/os-orzamentos-do-concello-da-guarda-evidencian-a-falsidade-das-promesas-electorais-do-pp\\\/\"]}]},{\"@type\":\"ImageObject\",\"inLanguage\":\"gl-ES\",\"@id\":\"https:\\\/\\\/www.anovapeneira.gal\\\/index.php\\\/2024\\\/03\\\/22\\\/os-orzamentos-do-concello-da-guarda-evidencian-a-falsidade-das-promesas-electorais-do-pp\\\/#primaryimage\",\"url\":\"https:\\\/\\\/www.anovapeneira.gal\\\/wp-content\\\/uploads\\\/2024\\\/03\\\/anxo_baz.jpg\",\"contentUrl\":\"https:\\\/\\\/www.anovapeneira.gal\\\/wp-content\\\/uploads\\\/2024\\\/03\\\/anxo_baz.jpg\",\"width\":720,\"height\":432,\"caption\":\"Anxo Baz. Voceiro do BNG da Guarda\"},{\"@type\":\"BreadcrumbList\",\"@id\":\"https:\\\/\\\/www.anovapeneira.gal\\\/index.php\\\/2024\\\/03\\\/22\\\/os-orzamentos-do-concello-da-guarda-evidencian-a-falsidade-das-promesas-electorais-do-pp\\\/#breadcrumb\",\"itemListElement\":[{\"@type\":\"ListItem\",\"position\":1,\"name\":\"Portada\",\"item\":\"https:\\\/\\\/www.anovapeneira.gal\\\/\"},{\"@type\":\"ListItem\",\"position\":2,\"name\":\"Os orzamentos do Concello da Guarda evidencian a falsidade das promesas electorais do PP\"}]},{\"@type\":\"WebSite\",\"@id\":\"https:\\\/\\\/www.anovapeneira.gal\\\/#website\",\"url\":\"https:\\\/\\\/www.anovapeneira.gal\\\/\",\"name\":\"\",\"description\":\"Xornal galego de informaci\u00f3n xeral Publicaci\u00f3n mensual de novas de Galicia e en especial dos Concellos da sur da provincia de Pontevedra.\",\"publisher\":{\"@id\":\"https:\\\/\\\/www.anovapeneira.gal\\\/#organization\"},\"potentialAction\":[{\"@type\":\"SearchAction\",\"target\":{\"@type\":\"EntryPoint\",\"urlTemplate\":\"https:\\\/\\\/www.anovapeneira.gal\\\/?s={search_term_string}\"},\"query-input\":{\"@type\":\"PropertyValueSpecification\",\"valueRequired\":true,\"valueName\":\"search_term_string\"}}],\"inLanguage\":\"gl-ES\"},{\"@type\":\"Organization\",\"@id\":\"https:\\\/\\\/www.anovapeneira.gal\\\/#organization\",\"name\":\"A Nova Peneira\",\"url\":\"https:\\\/\\\/www.anovapeneira.gal\\\/\",\"logo\":{\"@type\":\"ImageObject\",\"inLanguage\":\"gl-ES\",\"@id\":\"https:\\\/\\\/www.anovapeneira.gal\\\/#\\\/schema\\\/logo\\\/image\\\/\",\"url\":\"http:\\\/\\\/www.anovapeneira.gal\\\/wp-content\\\/uploads\\\/2019\\\/06\\\/logo_a_nova_peneira_portal_web.png\",\"contentUrl\":\"http:\\\/\\\/www.anovapeneira.gal\\\/wp-content\\\/uploads\\\/2019\\\/06\\\/logo_a_nova_peneira_portal_web.png\",\"width\":300,\"height\":100,\"caption\":\"A Nova Peneira\"},\"image\":{\"@id\":\"https:\\\/\\\/www.anovapeneira.gal\\\/#\\\/schema\\\/logo\\\/image\\\/\"},\"sameAs\":[\"https:\\\/\\\/www.facebook.com\\\/anovapeneira\",\"https:\\\/\\\/x.com\\\/APeneira\"]},{\"@type\":\"Person\",\"@id\":\"https:\\\/\\\/www.anovapeneira.gal\\\/#\\\/schema\\\/person\\\/fb77575328c93684dae4b0075f90c2cb\",\"name\":\"admin\",\"image\":{\"@type\":\"ImageObject\",\"inLanguage\":\"gl-ES\",\"@id\":\"https:\\\/\\\/secure.gravatar.com\\\/avatar\\\/df15c36ce375448325e0bc870e91bbee95947a002eb98dcfd6c2b053e18843e9?s=96&d=mm&r=g\",\"url\":\"https:\\\/\\\/secure.gravatar.com\\\/avatar\\\/df15c36ce375448325e0bc870e91bbee95947a002eb98dcfd6c2b053e18843e9?s=96&d=mm&r=g\",\"contentUrl\":\"https:\\\/\\\/secure.gravatar.com\\\/avatar\\\/df15c36ce375448325e0bc870e91bbee95947a002eb98dcfd6c2b053e18843e9?s=96&d=mm&r=g\",\"caption\":\"admin\"},\"description\":\"Xornal galego de informaci\u00f3n xeral Publicaci\u00f3n mensual de novas de Galicia e en especial dos Concellos da sur da provincia de Pontevedra.\",\"sameAs\":[\"http:\\\/\\\/www.anovapeneira.gal\\\/\",\"https:\\\/\\\/www.facebook.com\\\/anovapeneira\\\/\"],\"url\":\"https:\\\/\\\/www.anovapeneira.gal\\\/index.php\\\/author\\\/admin\\\/\"}]}<\/script>\n<!-- \/ Yoast SEO plugin. -->","yoast_head_json":{"title":"Os orzamentos do Concello da Guarda evidencian a falsidade das promesas electorais do PP -","description":"Anxo Baz (BNG): \u201cUn mes despois de asinar un convenio co Conselleiro de Sanidade, o Alcalde Roberto Carrero, esqu\u00e9cese do CIS","robots":{"index":"index","follow":"follow","max-snippet":"max-snippet:-1","max-image-preview":"max-image-preview:large","max-video-preview":"max-video-preview:-1"},"canonical":"https:\/\/www.anovapeneira.gal\/index.php\/2024\/03\/22\/os-orzamentos-do-concello-da-guarda-evidencian-a-falsidade-das-promesas-electorais-do-pp\/","og_locale":"gl_ES","og_type":"article","og_title":"Os orzamentos do Concello da Guarda evidencian a falsidade das promesas electorais do PP -","og_description":"Anxo Baz (BNG): \u201cUn mes despois de asinar un convenio co Conselleiro de Sanidade, o Alcalde Roberto Carrero, esqu\u00e9cese do CIS","og_url":"https:\/\/www.anovapeneira.gal\/index.php\/2024\/03\/22\/os-orzamentos-do-concello-da-guarda-evidencian-a-falsidade-das-promesas-electorais-do-pp\/","article_publisher":"https:\/\/www.facebook.com\/anovapeneira","article_author":"https:\/\/www.facebook.com\/anovapeneira\/","article_published_time":"2024-03-22T09:00:53+00:00","og_image":[{"width":720,"height":432,"url":"https:\/\/www.anovapeneira.gal\/wp-content\/uploads\/2024\/03\/anxo_baz.jpg","type":"image\/jpeg"}],"author":"admin","twitter_card":"summary_large_image","twitter_creator":"@APeneira","twitter_site":"@APeneira","twitter_misc":{"Escrito por":"admin","Tempo de lectura":"2 minutos"},"schema":{"@context":"https:\/\/schema.org","@graph":[{"@type":"Article","@id":"https:\/\/www.anovapeneira.gal\/index.php\/2024\/03\/22\/os-orzamentos-do-concello-da-guarda-evidencian-a-falsidade-das-promesas-electorais-do-pp\/#article","isPartOf":{"@id":"https:\/\/www.anovapeneira.gal\/index.php\/2024\/03\/22\/os-orzamentos-do-concello-da-guarda-evidencian-a-falsidade-das-promesas-electorais-do-pp\/"},"author":{"name":"admin","@id":"https:\/\/www.anovapeneira.gal\/#\/schema\/person\/fb77575328c93684dae4b0075f90c2cb"},"headline":"Os orzamentos do Concello da Guarda evidencian a falsidade das promesas electorais do PP","datePublished":"2024-03-22T09:00:53+00:00","mainEntityOfPage":{"@id":"https:\/\/www.anovapeneira.gal\/index.php\/2024\/03\/22\/os-orzamentos-do-concello-da-guarda-evidencian-a-falsidade-das-promesas-electorais-do-pp\/"},"wordCount":276,"commentCount":0,"publisher":{"@id":"https:\/\/www.anovapeneira.gal\/#organization"},"image":{"@id":"https:\/\/www.anovapeneira.gal\/index.php\/2024\/03\/22\/os-orzamentos-do-concello-da-guarda-evidencian-a-falsidade-das-promesas-electorais-do-pp\/#primaryimage"},"thumbnailUrl":"https:\/\/www.anovapeneira.gal\/wp-content\/uploads\/2024\/03\/anxo_baz.jpg","keywords":["Concello da Guarda"],"articleSection":["Baixo Mi\u00f1o"],"inLanguage":"gl-ES","potentialAction":[{"@type":"CommentAction","name":"Comment","target":["https:\/\/www.anovapeneira.gal\/index.php\/2024\/03\/22\/os-orzamentos-do-concello-da-guarda-evidencian-a-falsidade-das-promesas-electorais-do-pp\/#respond"]}]},{"@type":"WebPage","@id":"https:\/\/www.anovapeneira.gal\/index.php\/2024\/03\/22\/os-orzamentos-do-concello-da-guarda-evidencian-a-falsidade-das-promesas-electorais-do-pp\/","url":"https:\/\/www.anovapeneira.gal\/index.php\/2024\/03\/22\/os-orzamentos-do-concello-da-guarda-evidencian-a-falsidade-das-promesas-electorais-do-pp\/","name":"Os orzamentos do Concello da Guarda evidencian a falsidade das promesas electorais do PP -","isPartOf":{"@id":"https:\/\/www.anovapeneira.gal\/#website"},"primaryImageOfPage":{"@id":"https:\/\/www.anovapeneira.gal\/index.php\/2024\/03\/22\/os-orzamentos-do-concello-da-guarda-evidencian-a-falsidade-das-promesas-electorais-do-pp\/#primaryimage"},"image":{"@id":"https:\/\/www.anovapeneira.gal\/index.php\/2024\/03\/22\/os-orzamentos-do-concello-da-guarda-evidencian-a-falsidade-das-promesas-electorais-do-pp\/#primaryimage"},"thumbnailUrl":"https:\/\/www.anovapeneira.gal\/wp-content\/uploads\/2024\/03\/anxo_baz.jpg","datePublished":"2024-03-22T09:00:53+00:00","description":"Anxo Baz (BNG): \u201cUn mes despois de asinar un convenio co Conselleiro de Sanidade, o Alcalde Roberto Carrero, esqu\u00e9cese do CIS","breadcrumb":{"@id":"https:\/\/www.anovapeneira.gal\/index.php\/2024\/03\/22\/os-orzamentos-do-concello-da-guarda-evidencian-a-falsidade-das-promesas-electorais-do-pp\/#breadcrumb"},"inLanguage":"gl-ES","potentialAction":[{"@type":"ReadAction","target":["https:\/\/www.anovapeneira.gal\/index.php\/2024\/03\/22\/os-orzamentos-do-concello-da-guarda-evidencian-a-falsidade-das-promesas-electorais-do-pp\/"]}]},{"@type":"ImageObject","inLanguage":"gl-ES","@id":"https:\/\/www.anovapeneira.gal\/index.php\/2024\/03\/22\/os-orzamentos-do-concello-da-guarda-evidencian-a-falsidade-das-promesas-electorais-do-pp\/#primaryimage","url":"https:\/\/www.anovapeneira.gal\/wp-content\/uploads\/2024\/03\/anxo_baz.jpg","contentUrl":"https:\/\/www.anovapeneira.gal\/wp-content\/uploads\/2024\/03\/anxo_baz.jpg","width":720,"height":432,"caption":"Anxo Baz. Voceiro do BNG da Guarda"},{"@type":"BreadcrumbList","@id":"https:\/\/www.anovapeneira.gal\/index.php\/2024\/03\/22\/os-orzamentos-do-concello-da-guarda-evidencian-a-falsidade-das-promesas-electorais-do-pp\/#breadcrumb","itemListElement":[{"@type":"ListItem","position":1,"name":"Portada","item":"https:\/\/www.anovapeneira.gal\/"},{"@type":"ListItem","position":2,"name":"Os orzamentos do Concello da Guarda evidencian a falsidade das promesas electorais do PP"}]},{"@type":"WebSite","@id":"https:\/\/www.anovapeneira.gal\/#website","url":"https:\/\/www.anovapeneira.gal\/","name":"","description":"Xornal galego de informaci\u00f3n xeral Publicaci\u00f3n mensual de novas de Galicia e en especial dos Concellos da sur da provincia de Pontevedra.","publisher":{"@id":"https:\/\/www.anovapeneira.gal\/#organization"},"potentialAction":[{"@type":"SearchAction","target":{"@type":"EntryPoint","urlTemplate":"https:\/\/www.anovapeneira.gal\/?s={search_term_string}"},"query-input":{"@type":"PropertyValueSpecification","valueRequired":true,"valueName":"search_term_string"}}],"inLanguage":"gl-ES"},{"@type":"Organization","@id":"https:\/\/www.anovapeneira.gal\/#organization","name":"A Nova Peneira","url":"https:\/\/www.anovapeneira.gal\/","logo":{"@type":"ImageObject","inLanguage":"gl-ES","@id":"https:\/\/www.anovapeneira.gal\/#\/schema\/logo\/image\/","url":"http:\/\/www.anovapeneira.gal\/wp-content\/uploads\/2019\/06\/logo_a_nova_peneira_portal_web.png","contentUrl":"http:\/\/www.anovapeneira.gal\/wp-content\/uploads\/2019\/06\/logo_a_nova_peneira_portal_web.png","width":300,"height":100,"caption":"A Nova Peneira"},"image":{"@id":"https:\/\/www.anovapeneira.gal\/#\/schema\/logo\/image\/"},"sameAs":["https:\/\/www.facebook.com\/anovapeneira","https:\/\/x.com\/APeneira"]},{"@type":"Person","@id":"https:\/\/www.anovapeneira.gal\/#\/schema\/person\/fb77575328c93684dae4b0075f90c2cb","name":"admin","image":{"@type":"ImageObject","inLanguage":"gl-ES","@id":"https:\/\/secure.gravatar.com\/avatar\/df15c36ce375448325e0bc870e91bbee95947a002eb98dcfd6c2b053e18843e9?s=96&d=mm&r=g","url":"https:\/\/secure.gravatar.com\/avatar\/df15c36ce375448325e0bc870e91bbee95947a002eb98dcfd6c2b053e18843e9?s=96&d=mm&r=g","contentUrl":"https:\/\/secure.gravatar.com\/avatar\/df15c36ce375448325e0bc870e91bbee95947a002eb98dcfd6c2b053e18843e9?s=96&d=mm&r=g","caption":"admin"},"description":"Xornal galego de informaci\u00f3n xeral Publicaci\u00f3n mensual de novas de Galicia e en especial dos Concellos da sur da provincia de Pontevedra.","sameAs":["http:\/\/www.anovapeneira.gal\/","https:\/\/www.facebook.com\/anovapeneira\/"],"url":"https:\/\/www.anovapeneira.gal\/index.php\/author\/admin\/"}]}},"jetpack_featured_media_url":"https:\/\/www.anovapeneira.gal\/wp-content\/uploads\/2024\/03\/anxo_baz.jpg","_links":{"self":[{"href":"https:\/\/www.anovapeneira.gal\/index.php\/wp-json\/wp\/v2\/posts\/11471","targetHints":{"allow":["GET"]}}],"collection":[{"href":"https:\/\/www.anovapeneira.gal\/index.php\/wp-json\/wp\/v2\/posts"}],"about":[{"href":"https:\/\/www.anovapeneira.gal\/index.php\/wp-json\/wp\/v2\/types\/post"}],"author":[{"embeddable":true,"href":"https:\/\/www.anovapeneira.gal\/index.php\/wp-json\/wp\/v2\/users\/1"}],"replies":[{"embeddable":true,"href":"https:\/\/www.anovapeneira.gal\/index.php\/wp-json\/wp\/v2\/comments?post=11471"}],"version-history":[{"count":1,"href":"https:\/\/www.anovapeneira.gal\/index.php\/wp-json\/wp\/v2\/posts\/11471\/revisions"}],"predecessor-version":[{"id":11472,"href":"https:\/\/www.anovapeneira.gal\/index.php\/wp-json\/wp\/v2\/posts\/11471\/revisions\/11472"}],"wp:featuredmedia":[{"embeddable":true,"href":"https:\/\/www.anovapeneira.gal\/index.php\/wp-json\/wp\/v2\/media\/11473"}],"wp:attachment":[{"href":"https:\/\/www.anovapeneira.gal\/index.php\/wp-json\/wp\/v2\/media?parent=11471"}],"wp:term":[{"taxonomy":"category","embeddable":true,"href":"https:\/\/www.anovapeneira.gal\/index.php\/wp-json\/wp\/v2\/categories?post=11471"},{"taxonomy":"post_tag","embeddable":true,"href":"https:\/\/www.anovapeneira.gal\/index.php\/wp-json\/wp\/v2\/tags?post=11471"}],"curies":[{"name":"wp","href":"https:\/\/api.w.org\/{rel}","templated":true}]}}