{"id":11479,"date":"2024-03-25T12:00:11","date_gmt":"2024-03-25T11:00:11","guid":{"rendered":"https:\/\/www.anovapeneira.gal\/?p=11479"},"modified":"2024-03-20T09:48:23","modified_gmt":"2024-03-20T08:48:23","slug":"o-espirito-do-8m-todo-o-ano","status":"publish","type":"post","link":"https:\/\/www.anovapeneira.gal\/index.php\/2024\/03\/25\/o-espirito-do-8m-todo-o-ano\/","title":{"rendered":"O esp\u00edrito do 8M todo o ano"},"content":{"rendered":"\n<blockquote class=\"wp-block-quote is-layout-flow wp-block-quote-is-layout-flow\">\n<p>Soraya Dom\u00ednguez<\/p>\n<\/blockquote>\n\n\n\n<p>O 8M, xunto co 25N, son d\u00faas datas marcadas en vermello na loita feminista. Cada unha delas ten unha orixe e un sentido diferente, mais ambas comparten un gran obxectivo: alcanzar a plena igualdade entre as persoas, independentemente do x\u00e9nero e identidade. Hai dous anos, un grupo de mulleres feministas da Louri\u00f1a sentiamos a necesidade de organizarnos. Para facelo, acoll\u00e9monos baixo o paraugas da Marcha Mundial das Mulleres (MMM) e naceu a MMM da Louri\u00f1a<em>.<\/em><\/p>\n\n\n\n<p>Cedo vimos que a nosa existencia era necesaria. No Porri\u00f1o, en moi pouco tempo, d\u00e9ronse tres casos de extrema violencia contra as mulleres, polo que moitas persoas precisamos un referente para darlle unha resposta, como sociedade, a esta brutalidade. Refer\u00edmonos \u00f3 secuestro e maltrato que sufriu unha muller nunha vivenda do Porri\u00f1o, \u00e1 aparici\u00f3n de Judith asasinada nunha v\u00eda da zona franca e \u00e1 violaci\u00f3n dunha veci\u00f1a nas festas parroquiais de Pontellas. A cidadan\u00eda precisaba expresar a s\u00faa repulsa e n\u00f3s artellamos a oportunidade para facelo. Mais tam\u00e9n denunciamos os desaxustes do sistema.<\/p>\n\n\n\n<p>Non \u00e9 l\u00f3xico que o secuestrador estivese na s\u00faa vivenda e ningu\u00e9n fose al\u00ed cando houbo unha denuncia pola desaparici\u00f3n da moza. El ti\u00f1a antecedentes e ela, un vencello con el. Non \u00e9 xusto que parte da prensa silenciase un ataque sexual durante un d\u00eda e, reiteradamente, mudasen a data real dos feitos s\u00f3 por non entorpecer o desenvolvemento dunha festa patronal. Tampouco \u00e9 de recibo que unha muller asasinada sexa xulgada publicamente pola s\u00faa vida e que, dun modo perverso, esta sexa presentada como escusadora deste ataque mortal. N\u00f3s estivemos a\u00ed, denunciando e p\u00f3ndolles voz, non s\u00f3 \u00e1s v\u00edtimas, sen\u00f3n a todas as persoas que estamos fartas de que a violencia patriarcal impregne todos os \u00e1mbitos da nosa sociedade.<\/p>\n\n\n\n<p>Somos un colectivo organizado, activo e o \u00fanico centrado na loita feminista no Porri\u00f1o, polo que o habitual \u00e9 que a nosa relaci\u00f3n institucional se estableza con este Concello. Debemos dicir que, en contra do que nos gustar\u00eda, no goberno local do Porri\u00f1o non encontramos nin interlocutores nin acompa\u00f1amento.<\/p>\n\n\n\n<p>Solicitamos un local municipal para a nosa organizaci\u00f3n. Fix\u00e9molo por v\u00eda formal e informal e a resposta foi o silencio. S\u00f3 nos responderon cando, no pleno, unha compa\u00f1eira, v\u00eda o BNG, lle requiriu unha resposta. Esta chegou dous meses despois e foi parca: \u201c\u00e9 totalmente inviable\u201d. Xa antes de que n\u00f3s nos organiz\u00e1semos, a praza Arquitecto Antonio Palacios era o espazo de referencia do feminismo no Porri\u00f1o. Dende que o PP chegou \u00e1 alcald\u00eda, encontr\u00e1monos con que no 25N e no 8M a praza do concello est\u00e1 reservada para uso oficial e vetada para a Marcha. Cando conseguimos sa\u00edr dende ela, foi grazas \u00e1 choiva ou a que as actividades oficiais acabaran antes do que calculaban. Esta din\u00e1mica agudizouse o \u00faltimo 8M coa tentativa de expulsarnos do centro: a praza e as r\u00faas Ram\u00f3n Gonz\u00e1lez e Antonio Palacios ti\u00f1an que estar f\u00f3ra do noso percorrido. O 7 de marzo concentr\u00e1monos en repulsa desta actitude. Non houbo resposta. Finalmente, o noso aliado foi, outra vez, o tempo climatol\u00f3xico. Por chuvia, levaron os actos oficiais para outro espazo e as\u00ed puidemos acabar na praza do concello a nosa manifestaci\u00f3n do 8M.<\/p>\n\n\n\n<p>O silencio e a expulsi\u00f3n dos espazos p\u00fablicos son dous cl\u00e1sicos do patriarcado. As mulleres non fomos consideradas interlocutoras dignas polas autoridades masculinas durante demasiado tempo; tampouco se nos permit\u00eda usar o espazo p\u00fablico para fins p\u00fablicos. Desexamos que o PP do Porri\u00f1o entenda que a MMM da Louri\u00f1a non \u00e9 a inimiga, sen\u00f3n unha forza social que busca a igualdade e coa que pode e debe colaborar para este fin. Pois a loita feminista non se debe reducir \u00e1s efem\u00e9rides do 25N ou do 8M; ese esp\u00edrito polo cambio ten que manterse todo o ano.<\/p>\n","protected":false},"excerpt":{"rendered":"<div class=\"mh-excerpt\"><p>O 8M, xunto co 25N, son d\u00faas datas marcadas en vermello na loita feminista. Cada unha delas ten unha orixe e un sentido diferente, mais ambas comparten un gran obxectivo: alcanzar a plena igualdade entre as persoas, independentemente do x\u00e9nero e identidade <a class=\"mh-excerpt-more\" href=\"https:\/\/www.anovapeneira.gal\/index.php\/2024\/03\/25\/o-espirito-do-8m-todo-o-ano\/\" title=\"O esp\u00edrito do 8M todo o ano\">[&#8230;]<\/a><\/p>\n<\/div>","protected":false},"author":3,"featured_media":11481,"comment_status":"open","ping_status":"open","sticky":false,"template":"","format":"standard","meta":{"_exactmetrics_skip_tracking":false,"_exactmetrics_sitenote_active":false,"_exactmetrics_sitenote_note":"","_exactmetrics_sitenote_category":0,"footnotes":""},"categories":[7],"tags":[308,1395],"class_list":{"0":"post-11479","1":"post","2":"type-post","3":"status-publish","4":"format-standard","5":"has-post-thumbnail","7":"category-artigos-de-opinion","8":"tag-8m","9":"tag-soraya-dominguez"},"yoast_head":"<!-- This site is optimized with the Yoast SEO plugin v27.4 - https:\/\/yoast.com\/product\/yoast-seo-wordpress\/ -->\n<title>O esp\u00edrito do 8M todo o ano -<\/title>\n<meta name=\"description\" content=\"O 8M, xunto co 25N, son d\u00faas datas marcadas en vermello na loita feminista. Cada unha delas ten unha orixe e un sentido diferente, mais ambas comparten un gran obxectivo: alcanzar a plena igualdade entre as persoas, independentemente do x\u00e9nero e identidade\" \/>\n<meta name=\"robots\" content=\"index, follow, max-snippet:-1, max-image-preview:large, max-video-preview:-1\" \/>\n<link rel=\"canonical\" href=\"https:\/\/www.anovapeneira.gal\/index.php\/2024\/03\/25\/o-espirito-do-8m-todo-o-ano\/\" \/>\n<meta property=\"og:locale\" content=\"gl_ES\" \/>\n<meta property=\"og:type\" content=\"article\" \/>\n<meta property=\"og:title\" content=\"O esp\u00edrito do 8M todo o ano -\" \/>\n<meta property=\"og:description\" content=\"O 8M, xunto co 25N, son d\u00faas datas marcadas en vermello na loita feminista. Cada unha delas ten unha orixe e un sentido diferente, mais ambas comparten un gran obxectivo: alcanzar a plena igualdade entre as persoas, independentemente do x\u00e9nero e identidade\" \/>\n<meta property=\"og:url\" content=\"https:\/\/www.anovapeneira.gal\/index.php\/2024\/03\/25\/o-espirito-do-8m-todo-o-ano\/\" \/>\n<meta property=\"article:publisher\" content=\"https:\/\/www.facebook.com\/anovapeneira\" \/>\n<meta property=\"article:published_time\" content=\"2024-03-25T11:00:11+00:00\" \/>\n<meta property=\"og:image\" content=\"https:\/\/www.anovapeneira.gal\/wp-content\/uploads\/2024\/03\/8M.jpg\" \/>\n\t<meta property=\"og:image:width\" content=\"720\" \/>\n\t<meta property=\"og:image:height\" content=\"432\" \/>\n\t<meta property=\"og:image:type\" content=\"image\/jpeg\" \/>\n<meta name=\"author\" content=\"Redacci\u00f3n A Nova Peneira\" \/>\n<meta name=\"twitter:card\" content=\"summary_large_image\" \/>\n<meta name=\"twitter:creator\" content=\"@APeneira\" \/>\n<meta name=\"twitter:site\" content=\"@APeneira\" \/>\n<meta name=\"twitter:label1\" content=\"Escrito por\" \/>\n\t<meta name=\"twitter:data1\" content=\"Redacci\u00f3n A Nova Peneira\" \/>\n\t<meta name=\"twitter:label2\" content=\"Tempo de lectura\" \/>\n\t<meta name=\"twitter:data2\" content=\"4 minutos\" \/>\n<script type=\"application\/ld+json\" class=\"yoast-schema-graph\">{\"@context\":\"https:\\\/\\\/schema.org\",\"@graph\":[{\"@type\":\"Article\",\"@id\":\"https:\\\/\\\/www.anovapeneira.gal\\\/index.php\\\/2024\\\/03\\\/25\\\/o-espirito-do-8m-todo-o-ano\\\/#article\",\"isPartOf\":{\"@id\":\"https:\\\/\\\/www.anovapeneira.gal\\\/index.php\\\/2024\\\/03\\\/25\\\/o-espirito-do-8m-todo-o-ano\\\/\"},\"author\":{\"name\":\"Redacci\u00f3n A Nova Peneira\",\"@id\":\"https:\\\/\\\/www.anovapeneira.gal\\\/#\\\/schema\\\/person\\\/b93e3f8932e3f8da96334607eb6ac6aa\"},\"headline\":\"O esp\u00edrito do 8M todo o ano\",\"datePublished\":\"2024-03-25T11:00:11+00:00\",\"mainEntityOfPage\":{\"@id\":\"https:\\\/\\\/www.anovapeneira.gal\\\/index.php\\\/2024\\\/03\\\/25\\\/o-espirito-do-8m-todo-o-ano\\\/\"},\"wordCount\":685,\"commentCount\":0,\"publisher\":{\"@id\":\"https:\\\/\\\/www.anovapeneira.gal\\\/#organization\"},\"image\":{\"@id\":\"https:\\\/\\\/www.anovapeneira.gal\\\/index.php\\\/2024\\\/03\\\/25\\\/o-espirito-do-8m-todo-o-ano\\\/#primaryimage\"},\"thumbnailUrl\":\"https:\\\/\\\/www.anovapeneira.gal\\\/wp-content\\\/uploads\\\/2024\\\/03\\\/8M.jpg\",\"keywords\":[\"8M\",\"Soraya Dom\u00ednguez\"],\"articleSection\":[\"Artigos de opini\u00f3n\"],\"inLanguage\":\"gl-ES\",\"potentialAction\":[{\"@type\":\"CommentAction\",\"name\":\"Comment\",\"target\":[\"https:\\\/\\\/www.anovapeneira.gal\\\/index.php\\\/2024\\\/03\\\/25\\\/o-espirito-do-8m-todo-o-ano\\\/#respond\"]}]},{\"@type\":\"WebPage\",\"@id\":\"https:\\\/\\\/www.anovapeneira.gal\\\/index.php\\\/2024\\\/03\\\/25\\\/o-espirito-do-8m-todo-o-ano\\\/\",\"url\":\"https:\\\/\\\/www.anovapeneira.gal\\\/index.php\\\/2024\\\/03\\\/25\\\/o-espirito-do-8m-todo-o-ano\\\/\",\"name\":\"O esp\u00edrito do 8M todo o ano -\",\"isPartOf\":{\"@id\":\"https:\\\/\\\/www.anovapeneira.gal\\\/#website\"},\"primaryImageOfPage\":{\"@id\":\"https:\\\/\\\/www.anovapeneira.gal\\\/index.php\\\/2024\\\/03\\\/25\\\/o-espirito-do-8m-todo-o-ano\\\/#primaryimage\"},\"image\":{\"@id\":\"https:\\\/\\\/www.anovapeneira.gal\\\/index.php\\\/2024\\\/03\\\/25\\\/o-espirito-do-8m-todo-o-ano\\\/#primaryimage\"},\"thumbnailUrl\":\"https:\\\/\\\/www.anovapeneira.gal\\\/wp-content\\\/uploads\\\/2024\\\/03\\\/8M.jpg\",\"datePublished\":\"2024-03-25T11:00:11+00:00\",\"description\":\"O 8M, xunto co 25N, son d\u00faas datas marcadas en vermello na loita feminista. Cada unha delas ten unha orixe e un sentido diferente, mais ambas comparten un gran obxectivo: alcanzar a plena igualdade entre as persoas, independentemente do x\u00e9nero e identidade\",\"breadcrumb\":{\"@id\":\"https:\\\/\\\/www.anovapeneira.gal\\\/index.php\\\/2024\\\/03\\\/25\\\/o-espirito-do-8m-todo-o-ano\\\/#breadcrumb\"},\"inLanguage\":\"gl-ES\",\"potentialAction\":[{\"@type\":\"ReadAction\",\"target\":[\"https:\\\/\\\/www.anovapeneira.gal\\\/index.php\\\/2024\\\/03\\\/25\\\/o-espirito-do-8m-todo-o-ano\\\/\"]}]},{\"@type\":\"ImageObject\",\"inLanguage\":\"gl-ES\",\"@id\":\"https:\\\/\\\/www.anovapeneira.gal\\\/index.php\\\/2024\\\/03\\\/25\\\/o-espirito-do-8m-todo-o-ano\\\/#primaryimage\",\"url\":\"https:\\\/\\\/www.anovapeneira.gal\\\/wp-content\\\/uploads\\\/2024\\\/03\\\/8M.jpg\",\"contentUrl\":\"https:\\\/\\\/www.anovapeneira.gal\\\/wp-content\\\/uploads\\\/2024\\\/03\\\/8M.jpg\",\"width\":720,\"height\":432,\"caption\":\"8M Soraya Dom\u00ednguez\"},{\"@type\":\"BreadcrumbList\",\"@id\":\"https:\\\/\\\/www.anovapeneira.gal\\\/index.php\\\/2024\\\/03\\\/25\\\/o-espirito-do-8m-todo-o-ano\\\/#breadcrumb\",\"itemListElement\":[{\"@type\":\"ListItem\",\"position\":1,\"name\":\"Portada\",\"item\":\"https:\\\/\\\/www.anovapeneira.gal\\\/\"},{\"@type\":\"ListItem\",\"position\":2,\"name\":\"O esp\u00edrito do 8M todo o ano\"}]},{\"@type\":\"WebSite\",\"@id\":\"https:\\\/\\\/www.anovapeneira.gal\\\/#website\",\"url\":\"https:\\\/\\\/www.anovapeneira.gal\\\/\",\"name\":\"\",\"description\":\"Xornal galego de informaci\u00f3n xeral Publicaci\u00f3n mensual de novas de Galicia e en especial dos Concellos da sur da provincia de Pontevedra.\",\"publisher\":{\"@id\":\"https:\\\/\\\/www.anovapeneira.gal\\\/#organization\"},\"potentialAction\":[{\"@type\":\"SearchAction\",\"target\":{\"@type\":\"EntryPoint\",\"urlTemplate\":\"https:\\\/\\\/www.anovapeneira.gal\\\/?s={search_term_string}\"},\"query-input\":{\"@type\":\"PropertyValueSpecification\",\"valueRequired\":true,\"valueName\":\"search_term_string\"}}],\"inLanguage\":\"gl-ES\"},{\"@type\":\"Organization\",\"@id\":\"https:\\\/\\\/www.anovapeneira.gal\\\/#organization\",\"name\":\"A Nova Peneira\",\"url\":\"https:\\\/\\\/www.anovapeneira.gal\\\/\",\"logo\":{\"@type\":\"ImageObject\",\"inLanguage\":\"gl-ES\",\"@id\":\"https:\\\/\\\/www.anovapeneira.gal\\\/#\\\/schema\\\/logo\\\/image\\\/\",\"url\":\"http:\\\/\\\/www.anovapeneira.gal\\\/wp-content\\\/uploads\\\/2019\\\/06\\\/logo_a_nova_peneira_portal_web.png\",\"contentUrl\":\"http:\\\/\\\/www.anovapeneira.gal\\\/wp-content\\\/uploads\\\/2019\\\/06\\\/logo_a_nova_peneira_portal_web.png\",\"width\":300,\"height\":100,\"caption\":\"A Nova Peneira\"},\"image\":{\"@id\":\"https:\\\/\\\/www.anovapeneira.gal\\\/#\\\/schema\\\/logo\\\/image\\\/\"},\"sameAs\":[\"https:\\\/\\\/www.facebook.com\\\/anovapeneira\",\"https:\\\/\\\/x.com\\\/APeneira\"]},{\"@type\":\"Person\",\"@id\":\"https:\\\/\\\/www.anovapeneira.gal\\\/#\\\/schema\\\/person\\\/b93e3f8932e3f8da96334607eb6ac6aa\",\"name\":\"Redacci\u00f3n A Nova Peneira\",\"image\":{\"@type\":\"ImageObject\",\"inLanguage\":\"gl-ES\",\"@id\":\"https:\\\/\\\/secure.gravatar.com\\\/avatar\\\/c052a2551a06e23fac63626232eaa90abd78dbcf1700fc46a2b2c89fd27b735f?s=96&d=mm&r=g\",\"url\":\"https:\\\/\\\/secure.gravatar.com\\\/avatar\\\/c052a2551a06e23fac63626232eaa90abd78dbcf1700fc46a2b2c89fd27b735f?s=96&d=mm&r=g\",\"contentUrl\":\"https:\\\/\\\/secure.gravatar.com\\\/avatar\\\/c052a2551a06e23fac63626232eaa90abd78dbcf1700fc46a2b2c89fd27b735f?s=96&d=mm&r=g\",\"caption\":\"Redacci\u00f3n A Nova Peneira\"},\"sameAs\":[\"http:\\\/\\\/www.anovapeneira.gal\\\/\"],\"url\":\"https:\\\/\\\/www.anovapeneira.gal\\\/index.php\\\/author\\\/redactor\\\/\"}]}<\/script>\n<!-- \/ Yoast SEO plugin. -->","yoast_head_json":{"title":"O esp\u00edrito do 8M todo o ano -","description":"O 8M, xunto co 25N, son d\u00faas datas marcadas en vermello na loita feminista. Cada unha delas ten unha orixe e un sentido diferente, mais ambas comparten un gran obxectivo: alcanzar a plena igualdade entre as persoas, independentemente do x\u00e9nero e identidade","robots":{"index":"index","follow":"follow","max-snippet":"max-snippet:-1","max-image-preview":"max-image-preview:large","max-video-preview":"max-video-preview:-1"},"canonical":"https:\/\/www.anovapeneira.gal\/index.php\/2024\/03\/25\/o-espirito-do-8m-todo-o-ano\/","og_locale":"gl_ES","og_type":"article","og_title":"O esp\u00edrito do 8M todo o ano -","og_description":"O 8M, xunto co 25N, son d\u00faas datas marcadas en vermello na loita feminista. Cada unha delas ten unha orixe e un sentido diferente, mais ambas comparten un gran obxectivo: alcanzar a plena igualdade entre as persoas, independentemente do x\u00e9nero e identidade","og_url":"https:\/\/www.anovapeneira.gal\/index.php\/2024\/03\/25\/o-espirito-do-8m-todo-o-ano\/","article_publisher":"https:\/\/www.facebook.com\/anovapeneira","article_published_time":"2024-03-25T11:00:11+00:00","og_image":[{"width":720,"height":432,"url":"https:\/\/www.anovapeneira.gal\/wp-content\/uploads\/2024\/03\/8M.jpg","type":"image\/jpeg"}],"author":"Redacci\u00f3n A Nova Peneira","twitter_card":"summary_large_image","twitter_creator":"@APeneira","twitter_site":"@APeneira","twitter_misc":{"Escrito por":"Redacci\u00f3n A Nova Peneira","Tempo de lectura":"4 minutos"},"schema":{"@context":"https:\/\/schema.org","@graph":[{"@type":"Article","@id":"https:\/\/www.anovapeneira.gal\/index.php\/2024\/03\/25\/o-espirito-do-8m-todo-o-ano\/#article","isPartOf":{"@id":"https:\/\/www.anovapeneira.gal\/index.php\/2024\/03\/25\/o-espirito-do-8m-todo-o-ano\/"},"author":{"name":"Redacci\u00f3n A Nova Peneira","@id":"https:\/\/www.anovapeneira.gal\/#\/schema\/person\/b93e3f8932e3f8da96334607eb6ac6aa"},"headline":"O esp\u00edrito do 8M todo o ano","datePublished":"2024-03-25T11:00:11+00:00","mainEntityOfPage":{"@id":"https:\/\/www.anovapeneira.gal\/index.php\/2024\/03\/25\/o-espirito-do-8m-todo-o-ano\/"},"wordCount":685,"commentCount":0,"publisher":{"@id":"https:\/\/www.anovapeneira.gal\/#organization"},"image":{"@id":"https:\/\/www.anovapeneira.gal\/index.php\/2024\/03\/25\/o-espirito-do-8m-todo-o-ano\/#primaryimage"},"thumbnailUrl":"https:\/\/www.anovapeneira.gal\/wp-content\/uploads\/2024\/03\/8M.jpg","keywords":["8M","Soraya Dom\u00ednguez"],"articleSection":["Artigos de opini\u00f3n"],"inLanguage":"gl-ES","potentialAction":[{"@type":"CommentAction","name":"Comment","target":["https:\/\/www.anovapeneira.gal\/index.php\/2024\/03\/25\/o-espirito-do-8m-todo-o-ano\/#respond"]}]},{"@type":"WebPage","@id":"https:\/\/www.anovapeneira.gal\/index.php\/2024\/03\/25\/o-espirito-do-8m-todo-o-ano\/","url":"https:\/\/www.anovapeneira.gal\/index.php\/2024\/03\/25\/o-espirito-do-8m-todo-o-ano\/","name":"O esp\u00edrito do 8M todo o ano -","isPartOf":{"@id":"https:\/\/www.anovapeneira.gal\/#website"},"primaryImageOfPage":{"@id":"https:\/\/www.anovapeneira.gal\/index.php\/2024\/03\/25\/o-espirito-do-8m-todo-o-ano\/#primaryimage"},"image":{"@id":"https:\/\/www.anovapeneira.gal\/index.php\/2024\/03\/25\/o-espirito-do-8m-todo-o-ano\/#primaryimage"},"thumbnailUrl":"https:\/\/www.anovapeneira.gal\/wp-content\/uploads\/2024\/03\/8M.jpg","datePublished":"2024-03-25T11:00:11+00:00","description":"O 8M, xunto co 25N, son d\u00faas datas marcadas en vermello na loita feminista. Cada unha delas ten unha orixe e un sentido diferente, mais ambas comparten un gran obxectivo: alcanzar a plena igualdade entre as persoas, independentemente do x\u00e9nero e identidade","breadcrumb":{"@id":"https:\/\/www.anovapeneira.gal\/index.php\/2024\/03\/25\/o-espirito-do-8m-todo-o-ano\/#breadcrumb"},"inLanguage":"gl-ES","potentialAction":[{"@type":"ReadAction","target":["https:\/\/www.anovapeneira.gal\/index.php\/2024\/03\/25\/o-espirito-do-8m-todo-o-ano\/"]}]},{"@type":"ImageObject","inLanguage":"gl-ES","@id":"https:\/\/www.anovapeneira.gal\/index.php\/2024\/03\/25\/o-espirito-do-8m-todo-o-ano\/#primaryimage","url":"https:\/\/www.anovapeneira.gal\/wp-content\/uploads\/2024\/03\/8M.jpg","contentUrl":"https:\/\/www.anovapeneira.gal\/wp-content\/uploads\/2024\/03\/8M.jpg","width":720,"height":432,"caption":"8M Soraya Dom\u00ednguez"},{"@type":"BreadcrumbList","@id":"https:\/\/www.anovapeneira.gal\/index.php\/2024\/03\/25\/o-espirito-do-8m-todo-o-ano\/#breadcrumb","itemListElement":[{"@type":"ListItem","position":1,"name":"Portada","item":"https:\/\/www.anovapeneira.gal\/"},{"@type":"ListItem","position":2,"name":"O esp\u00edrito do 8M todo o ano"}]},{"@type":"WebSite","@id":"https:\/\/www.anovapeneira.gal\/#website","url":"https:\/\/www.anovapeneira.gal\/","name":"","description":"Xornal galego de informaci\u00f3n xeral Publicaci\u00f3n mensual de novas de Galicia e en especial dos Concellos da sur da provincia de Pontevedra.","publisher":{"@id":"https:\/\/www.anovapeneira.gal\/#organization"},"potentialAction":[{"@type":"SearchAction","target":{"@type":"EntryPoint","urlTemplate":"https:\/\/www.anovapeneira.gal\/?s={search_term_string}"},"query-input":{"@type":"PropertyValueSpecification","valueRequired":true,"valueName":"search_term_string"}}],"inLanguage":"gl-ES"},{"@type":"Organization","@id":"https:\/\/www.anovapeneira.gal\/#organization","name":"A Nova Peneira","url":"https:\/\/www.anovapeneira.gal\/","logo":{"@type":"ImageObject","inLanguage":"gl-ES","@id":"https:\/\/www.anovapeneira.gal\/#\/schema\/logo\/image\/","url":"http:\/\/www.anovapeneira.gal\/wp-content\/uploads\/2019\/06\/logo_a_nova_peneira_portal_web.png","contentUrl":"http:\/\/www.anovapeneira.gal\/wp-content\/uploads\/2019\/06\/logo_a_nova_peneira_portal_web.png","width":300,"height":100,"caption":"A Nova Peneira"},"image":{"@id":"https:\/\/www.anovapeneira.gal\/#\/schema\/logo\/image\/"},"sameAs":["https:\/\/www.facebook.com\/anovapeneira","https:\/\/x.com\/APeneira"]},{"@type":"Person","@id":"https:\/\/www.anovapeneira.gal\/#\/schema\/person\/b93e3f8932e3f8da96334607eb6ac6aa","name":"Redacci\u00f3n A Nova Peneira","image":{"@type":"ImageObject","inLanguage":"gl-ES","@id":"https:\/\/secure.gravatar.com\/avatar\/c052a2551a06e23fac63626232eaa90abd78dbcf1700fc46a2b2c89fd27b735f?s=96&d=mm&r=g","url":"https:\/\/secure.gravatar.com\/avatar\/c052a2551a06e23fac63626232eaa90abd78dbcf1700fc46a2b2c89fd27b735f?s=96&d=mm&r=g","contentUrl":"https:\/\/secure.gravatar.com\/avatar\/c052a2551a06e23fac63626232eaa90abd78dbcf1700fc46a2b2c89fd27b735f?s=96&d=mm&r=g","caption":"Redacci\u00f3n A Nova Peneira"},"sameAs":["http:\/\/www.anovapeneira.gal\/"],"url":"https:\/\/www.anovapeneira.gal\/index.php\/author\/redactor\/"}]}},"jetpack_featured_media_url":"https:\/\/www.anovapeneira.gal\/wp-content\/uploads\/2024\/03\/8M.jpg","_links":{"self":[{"href":"https:\/\/www.anovapeneira.gal\/index.php\/wp-json\/wp\/v2\/posts\/11479","targetHints":{"allow":["GET"]}}],"collection":[{"href":"https:\/\/www.anovapeneira.gal\/index.php\/wp-json\/wp\/v2\/posts"}],"about":[{"href":"https:\/\/www.anovapeneira.gal\/index.php\/wp-json\/wp\/v2\/types\/post"}],"author":[{"embeddable":true,"href":"https:\/\/www.anovapeneira.gal\/index.php\/wp-json\/wp\/v2\/users\/3"}],"replies":[{"embeddable":true,"href":"https:\/\/www.anovapeneira.gal\/index.php\/wp-json\/wp\/v2\/comments?post=11479"}],"version-history":[{"count":2,"href":"https:\/\/www.anovapeneira.gal\/index.php\/wp-json\/wp\/v2\/posts\/11479\/revisions"}],"predecessor-version":[{"id":11482,"href":"https:\/\/www.anovapeneira.gal\/index.php\/wp-json\/wp\/v2\/posts\/11479\/revisions\/11482"}],"wp:featuredmedia":[{"embeddable":true,"href":"https:\/\/www.anovapeneira.gal\/index.php\/wp-json\/wp\/v2\/media\/11481"}],"wp:attachment":[{"href":"https:\/\/www.anovapeneira.gal\/index.php\/wp-json\/wp\/v2\/media?parent=11479"}],"wp:term":[{"taxonomy":"category","embeddable":true,"href":"https:\/\/www.anovapeneira.gal\/index.php\/wp-json\/wp\/v2\/categories?post=11479"},{"taxonomy":"post_tag","embeddable":true,"href":"https:\/\/www.anovapeneira.gal\/index.php\/wp-json\/wp\/v2\/tags?post=11479"}],"curies":[{"name":"wp","href":"https:\/\/api.w.org\/{rel}","templated":true}]}}