{"id":11489,"date":"2024-03-26T10:00:54","date_gmt":"2024-03-26T09:00:54","guid":{"rendered":"https:\/\/www.anovapeneira.gal\/?p=11489"},"modified":"2024-03-20T09:56:18","modified_gmt":"2024-03-20T08:56:18","slug":"envoltos-en-sabas-de-mil-anos-volvemos-escoitar-a-chuvia","status":"publish","type":"post","link":"https:\/\/www.anovapeneira.gal\/index.php\/2024\/03\/26\/envoltos-en-sabas-de-mil-anos-volvemos-escoitar-a-chuvia\/","title":{"rendered":"Envoltos en sabas de mil anos, volvemos escoitar a chuvia"},"content":{"rendered":"\n<figure class=\"wp-block-image size-full is-resized\"><img loading=\"lazy\" decoding=\"async\" width=\"190\" height=\"222\" src=\"https:\/\/www.anovapeneira.gal\/wp-content\/uploads\/2019\/07\/Baldomero_Iglesias_Dobarrio_Mero.jpg\" alt=\"Baldomero Iglesias Dobarrio Mero artigos de opini\u00f3n A Nova Peneira\" class=\"wp-image-482\" style=\"width:97px;height:auto\"\/><figcaption class=\"wp-element-caption\">Baldomero Iglesias Dobarrio, Mero<\/figcaption><\/figure>\n\n\n\n<p>Nesas conversas que todos mantemos despois dun suceso, con xentes dun faladoiro impenitente no que, desta volta, cadroume estar, xurdiu un tema que nos preocupaba a todos. O tema \u00e9 recorrente despois dunhas elecci\u00f3ns como as pasadas e cos resultados \u00e1 vista. Al\u00ed estaba xente que defende o indefendible e de a\u00ed para abaixo case todas as opci\u00f3ns e toda clase de xu\u00edzos. Uns satisfeitos, outros cabreados.<\/p>\n\n\n\n<p>Preguntab\u00e1monos cal era a causa que nos leva a este resultado no que seguimos na num\u00e9rica din\u00e1mica de hai xa 15 anos, sen outra sorte dunha alternancia que supor\u00eda ser, en principio, beneficiosa porque sacar\u00eda da rutina e abrir\u00eda novos modos. As raz\u00f3ns aparecidas foron moitas, de<\/p>\n\n\n\n<p>entre elas o consabido clientelismo ou perfil do s\u00fabditos no que est\u00e1n atrapadas moitas xentes, os insultos de baixa calidade pero efectivos, as difamaci\u00f3ns, os lacaios e chafulleiras, habilidades perversas, proxectos ef\u00e9meros, golpes de efecto urxente, a desconfianza propia dun pobo tantas veces reprimido, etc. Mais entre elas, ao cabo dun rato, apareceron raz\u00f3ns como ese certo \u201cinmobilismo\u201d que provoca a continuidade, a falta de ideas que sempre nos caracterizou e que \u00e9 unha prevenci\u00f3n de extremada cautela ante calquera cambio, quizais un fracaso. Houbo quen dixo que os votos ga\u00f1ados eran os perdidos doutra partido e anque numericamente cadraba, non era raz\u00f3n de peso a considerar. Pensamos que esa cautela tan notoria non \u00e9 nosa, que \u00e9 dos demais pero est\u00e1 presente en miles de decisi\u00f3ns que se toman ao longo dos d\u00edas, dos anos, das vidas. Apareceu outra raz\u00f3n de \u201cteitos\u201d, esas que dan como resultado o que temos, porque non hai m\u00e1is xente que<\/p>\n\n\n\n<p>queira facer doutro xeito as cousas, por exemplo clarificando mentiras. A\u00ed apareceu quen dixo que non debemos mentirnos, que estamos no tope. \u00c9 dicir que somos as\u00ed e temos que gobernarnos co que temos. Un principio algo negado que impide evolucionar. Apareceron tam\u00e9n raz\u00f3ns de moito peso e entre elas unha que me fixo cavilar porque trae ao foco proclamas dunha verdade incuestionable. Era ese principio de \u201cindecisi\u00f3n indefinida\u201d que tantas veces resolve nada. Ese estar e non estar, ese ser e non ser. Ese estado de graza dos que ao final non se mollan. Ese disimulo que se manifesta \u00e1 hora de definirnos e onde habita tanta xente. Si, ese principio que tantas veces nos parece obrigar a cuestionarnos todo, mesmo a n\u00f3s mesmos, no \u00faltimo momento para negar todo o que ti\u00f1amos firmemente decidido. Cando non queremos dar pistas da nosa propia d\u00fabida, da nosa propia incerteza e vacilaci\u00f3n. Prod\u00facese cando estamos con deus e mais co demo, nese<\/p>\n\n\n\n<p>pensar tan de \u201cdeus \u00e9 bo, pero o demo non \u00e9 malo\u201d. Sucede cando imos e vimos ao mesmo tempo, cando estamos coa raz\u00f3n e coa sen-raz\u00f3n e o absurdo, ben sabidas ambas por quen as interpreta.<\/p>\n\n\n\n<p>Cando -e aqu\u00ed temos que reco\u00f1ecernos diante o espello- podemos estar na indeterminaci\u00f3n de non dar a cara, sen po\u00f1er en claro o pensamento e sen manifestalo, sen eufemismos, sen interpretaci\u00f3ns puntuais de rodeos e ambig\u00fcidades. Debemos deixar que se nos co\u00f1eza polo que manifestamos e facemos, por ser quen somos e polo comportamento firme que iso trae consigo: por como somos. Non chega co carn\u00e9 ni a finxida militancia. Todo aquilo foi referendado con exemplos puntuais e precisos. Sa\u00edron ao campo de batalla nomes e eventuais personaxes, potenciais interesados, falsos acompa\u00f1antes de longa traxectoria, mentireiras, abus\u00f3ns, traidoras da causa que baixo pel de ovella, saen con vaporosos exemplos evanxelizadores sen pr\u00e1ctica. Sa\u00edron tam\u00e9n comunicadoras do silenzo que acadaron lugares importantes, eucar\u00edsticos suxeitos da melodiosidade excesiva, entusi\u00e1sticas argucias do abandono, bichos de m\u00faltipla plumaxe que temos no arredor. Xusto toda aquela xente que sabe combinar sorriso e xenreira, que ri e mira en silenzo desde a cima da pir\u00e1mide das sospeitas, da mentira coa trampa e o roubo como emblema.<\/p>\n\n\n\n<p>Si, vimos pouco a pouco aos exemplos, ao que cada quen aportaba. Quedamos certos da moita xente que necesariamente mente. Que vive para confundir e que en realidade non \u00e9 quen di, nin fai o que parece. Sobreact\u00faan moi ben, grandes int\u00e9rpretes sen necesidade sequera de pretexto. Escenifican, saben desaparecer e variar a s\u00faa decisi\u00f3n sen que se vexa, sen que ningu\u00e9n perciba o seu rango fatal de deserci\u00f3n, de fuxida. Na aparencia van de salva-patrias. Rod\u00e9anse de corifeos, moi graciosos, que xenuflexionan e aplauden puntualmente, a ritmo, no acto e momento interpretativo que non lles compromete e, logo, resolven a unha voz con aires de incuestionable acerto coral pero faltos de credo, creto e cr\u00e9dito. Pu\u00eddenos ver estaban sorr\u00edndolle aos traidores e detr\u00e1s das bambolinas. Sent\u00edn vergo\u00f1a. Foi, segundo \u00edan contando, un espect\u00e1culo dif\u00edcil, pero al\u00ed estaban, constatado en directo. O importante \u00e9 sorrir, aparentar calma anque por detr\u00e1s craven o coitelo. Van en aberto, sen po\u00f1er chatas. Que m\u00e1goa! Hai que reco\u00f1ecer que \u00e9 a\u00ed onde perdemos, nesa indefinici\u00f3n xa tan persoal e dom\u00e9stica, no campo de batalla e coa fuxida ao silenzo, na deserci\u00f3n que nos consome. As\u00ed creron aquela xente que al\u00ed estaban, tomamos outra volta remoendo nas nosas contradici\u00f3ns.<\/p>\n","protected":false},"excerpt":{"rendered":"<div class=\"mh-excerpt\"><p>Nesas conversas que todos mantemos despois dun suceso, con xentes dun faladoiro impenitente no que, desta volta, cadroume estar, xurdiu un tema que nos preocupaba a todos. O tema \u00e9 recorrente despois dunhas elecci\u00f3ns como as pasadas e cos resultados \u00e1 vista <a class=\"mh-excerpt-more\" href=\"https:\/\/www.anovapeneira.gal\/index.php\/2024\/03\/26\/envoltos-en-sabas-de-mil-anos-volvemos-escoitar-a-chuvia\/\" title=\"Envoltos en sabas de mil anos, volvemos escoitar a chuvia\">[&#8230;]<\/a><\/p>\n<\/div>","protected":false},"author":5,"featured_media":584,"comment_status":"open","ping_status":"open","sticky":false,"template":"","format":"standard","meta":{"_exactmetrics_skip_tracking":false,"_exactmetrics_sitenote_active":false,"_exactmetrics_sitenote_note":"","_exactmetrics_sitenote_category":0,"footnotes":""},"categories":[7],"tags":[8],"class_list":{"0":"post-11489","1":"post","2":"type-post","3":"status-publish","4":"format-standard","5":"has-post-thumbnail","7":"category-artigos-de-opinion","8":"tag-baldomero-iglesias-dobarrio"},"yoast_head":"<!-- This site is optimized with the Yoast SEO plugin v27.4 - https:\/\/yoast.com\/product\/yoast-seo-wordpress\/ -->\n<title>Envoltos en sabas de mil anos, volvemos escoitar a chuvia -<\/title>\n<meta name=\"description\" content=\"Nesas conversas que todos mantemos despois dun suceso, con xentes dun faladoiro impenitente no que, desta volta, cadroume estar, xurdiu un tema que nos preocupaba a todos. O tema \u00e9 recorrente despois dunhas elecci\u00f3ns como as pasadas e cos resultados \u00e1 vista\" \/>\n<meta name=\"robots\" content=\"index, follow, max-snippet:-1, max-image-preview:large, max-video-preview:-1\" \/>\n<link rel=\"canonical\" href=\"https:\/\/www.anovapeneira.gal\/index.php\/2024\/03\/26\/envoltos-en-sabas-de-mil-anos-volvemos-escoitar-a-chuvia\/\" \/>\n<meta property=\"og:locale\" content=\"gl_ES\" \/>\n<meta property=\"og:type\" content=\"article\" \/>\n<meta property=\"og:title\" content=\"Envoltos en sabas de mil anos, volvemos escoitar a chuvia -\" \/>\n<meta property=\"og:description\" content=\"Nesas conversas que todos mantemos despois dun suceso, con xentes dun faladoiro impenitente no que, desta volta, cadroume estar, xurdiu un tema que nos preocupaba a todos. O tema \u00e9 recorrente despois dunhas elecci\u00f3ns como as pasadas e cos resultados \u00e1 vista\" \/>\n<meta property=\"og:url\" content=\"https:\/\/www.anovapeneira.gal\/index.php\/2024\/03\/26\/envoltos-en-sabas-de-mil-anos-volvemos-escoitar-a-chuvia\/\" \/>\n<meta property=\"article:publisher\" content=\"https:\/\/www.facebook.com\/anovapeneira\" \/>\n<meta property=\"article:published_time\" content=\"2024-03-26T09:00:54+00:00\" \/>\n<meta property=\"og:image\" content=\"https:\/\/www.anovapeneira.gal\/wp-content\/uploads\/2019\/07\/ARTIGO_DE_OPINION_A_NOVA_PENEIRA.jpg\" \/>\n\t<meta property=\"og:image:width\" content=\"720\" \/>\n\t<meta property=\"og:image:height\" content=\"473\" \/>\n\t<meta property=\"og:image:type\" content=\"image\/jpeg\" \/>\n<meta name=\"author\" content=\"Baldomero Iglesias Dobarrio, Mero\" \/>\n<meta name=\"twitter:card\" content=\"summary_large_image\" \/>\n<meta name=\"twitter:image\" content=\"https:\/\/www.anovapeneira.gal\/wp-content\/uploads\/2019\/07\/ARTIGO_DE_OPINION_A_NOVA_PENEIRA.jpg\" \/>\n<meta name=\"twitter:creator\" content=\"@APeneira\" \/>\n<meta name=\"twitter:site\" content=\"@APeneira\" \/>\n<meta name=\"twitter:label1\" content=\"Escrito por\" \/>\n\t<meta name=\"twitter:data1\" content=\"Baldomero Iglesias Dobarrio, Mero\" \/>\n\t<meta name=\"twitter:label2\" content=\"Tempo de lectura\" \/>\n\t<meta name=\"twitter:data2\" content=\"6 minutos\" \/>\n<script type=\"application\/ld+json\" class=\"yoast-schema-graph\">{\"@context\":\"https:\\\/\\\/schema.org\",\"@graph\":[{\"@type\":\"Article\",\"@id\":\"https:\\\/\\\/www.anovapeneira.gal\\\/index.php\\\/2024\\\/03\\\/26\\\/envoltos-en-sabas-de-mil-anos-volvemos-escoitar-a-chuvia\\\/#article\",\"isPartOf\":{\"@id\":\"https:\\\/\\\/www.anovapeneira.gal\\\/index.php\\\/2024\\\/03\\\/26\\\/envoltos-en-sabas-de-mil-anos-volvemos-escoitar-a-chuvia\\\/\"},\"author\":{\"name\":\"Baldomero Iglesias Dobarrio, Mero\",\"@id\":\"https:\\\/\\\/www.anovapeneira.gal\\\/#\\\/schema\\\/person\\\/b051ed40cfc100e281476674783b32fc\"},\"headline\":\"Envoltos en sabas de mil anos, volvemos escoitar a chuvia\",\"datePublished\":\"2024-03-26T09:00:54+00:00\",\"mainEntityOfPage\":{\"@id\":\"https:\\\/\\\/www.anovapeneira.gal\\\/index.php\\\/2024\\\/03\\\/26\\\/envoltos-en-sabas-de-mil-anos-volvemos-escoitar-a-chuvia\\\/\"},\"wordCount\":915,\"commentCount\":0,\"publisher\":{\"@id\":\"https:\\\/\\\/www.anovapeneira.gal\\\/#organization\"},\"image\":{\"@id\":\"https:\\\/\\\/www.anovapeneira.gal\\\/index.php\\\/2024\\\/03\\\/26\\\/envoltos-en-sabas-de-mil-anos-volvemos-escoitar-a-chuvia\\\/#primaryimage\"},\"thumbnailUrl\":\"https:\\\/\\\/www.anovapeneira.gal\\\/wp-content\\\/uploads\\\/2019\\\/07\\\/ARTIGO_DE_OPINION_A_NOVA_PENEIRA.jpg\",\"keywords\":[\"Baldomero Iglesias Dobarrio\"],\"articleSection\":[\"Artigos de opini\u00f3n\"],\"inLanguage\":\"gl-ES\",\"potentialAction\":[{\"@type\":\"CommentAction\",\"name\":\"Comment\",\"target\":[\"https:\\\/\\\/www.anovapeneira.gal\\\/index.php\\\/2024\\\/03\\\/26\\\/envoltos-en-sabas-de-mil-anos-volvemos-escoitar-a-chuvia\\\/#respond\"]}]},{\"@type\":\"WebPage\",\"@id\":\"https:\\\/\\\/www.anovapeneira.gal\\\/index.php\\\/2024\\\/03\\\/26\\\/envoltos-en-sabas-de-mil-anos-volvemos-escoitar-a-chuvia\\\/\",\"url\":\"https:\\\/\\\/www.anovapeneira.gal\\\/index.php\\\/2024\\\/03\\\/26\\\/envoltos-en-sabas-de-mil-anos-volvemos-escoitar-a-chuvia\\\/\",\"name\":\"Envoltos en sabas de mil anos, volvemos escoitar a chuvia -\",\"isPartOf\":{\"@id\":\"https:\\\/\\\/www.anovapeneira.gal\\\/#website\"},\"primaryImageOfPage\":{\"@id\":\"https:\\\/\\\/www.anovapeneira.gal\\\/index.php\\\/2024\\\/03\\\/26\\\/envoltos-en-sabas-de-mil-anos-volvemos-escoitar-a-chuvia\\\/#primaryimage\"},\"image\":{\"@id\":\"https:\\\/\\\/www.anovapeneira.gal\\\/index.php\\\/2024\\\/03\\\/26\\\/envoltos-en-sabas-de-mil-anos-volvemos-escoitar-a-chuvia\\\/#primaryimage\"},\"thumbnailUrl\":\"https:\\\/\\\/www.anovapeneira.gal\\\/wp-content\\\/uploads\\\/2019\\\/07\\\/ARTIGO_DE_OPINION_A_NOVA_PENEIRA.jpg\",\"datePublished\":\"2024-03-26T09:00:54+00:00\",\"description\":\"Nesas conversas que todos mantemos despois dun suceso, con xentes dun faladoiro impenitente no que, desta volta, cadroume estar, xurdiu un tema que nos preocupaba a todos. O tema \u00e9 recorrente despois dunhas elecci\u00f3ns como as pasadas e cos resultados \u00e1 vista\",\"breadcrumb\":{\"@id\":\"https:\\\/\\\/www.anovapeneira.gal\\\/index.php\\\/2024\\\/03\\\/26\\\/envoltos-en-sabas-de-mil-anos-volvemos-escoitar-a-chuvia\\\/#breadcrumb\"},\"inLanguage\":\"gl-ES\",\"potentialAction\":[{\"@type\":\"ReadAction\",\"target\":[\"https:\\\/\\\/www.anovapeneira.gal\\\/index.php\\\/2024\\\/03\\\/26\\\/envoltos-en-sabas-de-mil-anos-volvemos-escoitar-a-chuvia\\\/\"]}]},{\"@type\":\"ImageObject\",\"inLanguage\":\"gl-ES\",\"@id\":\"https:\\\/\\\/www.anovapeneira.gal\\\/index.php\\\/2024\\\/03\\\/26\\\/envoltos-en-sabas-de-mil-anos-volvemos-escoitar-a-chuvia\\\/#primaryimage\",\"url\":\"https:\\\/\\\/www.anovapeneira.gal\\\/wp-content\\\/uploads\\\/2019\\\/07\\\/ARTIGO_DE_OPINION_A_NOVA_PENEIRA.jpg\",\"contentUrl\":\"https:\\\/\\\/www.anovapeneira.gal\\\/wp-content\\\/uploads\\\/2019\\\/07\\\/ARTIGO_DE_OPINION_A_NOVA_PENEIRA.jpg\",\"width\":720,\"height\":473,\"caption\":\"Artigo de opini\u00f3n A Nova Peneira\"},{\"@type\":\"BreadcrumbList\",\"@id\":\"https:\\\/\\\/www.anovapeneira.gal\\\/index.php\\\/2024\\\/03\\\/26\\\/envoltos-en-sabas-de-mil-anos-volvemos-escoitar-a-chuvia\\\/#breadcrumb\",\"itemListElement\":[{\"@type\":\"ListItem\",\"position\":1,\"name\":\"Portada\",\"item\":\"https:\\\/\\\/www.anovapeneira.gal\\\/\"},{\"@type\":\"ListItem\",\"position\":2,\"name\":\"Envoltos en sabas de mil anos, volvemos escoitar a chuvia\"}]},{\"@type\":\"WebSite\",\"@id\":\"https:\\\/\\\/www.anovapeneira.gal\\\/#website\",\"url\":\"https:\\\/\\\/www.anovapeneira.gal\\\/\",\"name\":\"\",\"description\":\"Xornal galego de informaci\u00f3n xeral Publicaci\u00f3n mensual de novas de Galicia e en especial dos Concellos da sur da provincia de Pontevedra.\",\"publisher\":{\"@id\":\"https:\\\/\\\/www.anovapeneira.gal\\\/#organization\"},\"potentialAction\":[{\"@type\":\"SearchAction\",\"target\":{\"@type\":\"EntryPoint\",\"urlTemplate\":\"https:\\\/\\\/www.anovapeneira.gal\\\/?s={search_term_string}\"},\"query-input\":{\"@type\":\"PropertyValueSpecification\",\"valueRequired\":true,\"valueName\":\"search_term_string\"}}],\"inLanguage\":\"gl-ES\"},{\"@type\":\"Organization\",\"@id\":\"https:\\\/\\\/www.anovapeneira.gal\\\/#organization\",\"name\":\"A Nova Peneira\",\"url\":\"https:\\\/\\\/www.anovapeneira.gal\\\/\",\"logo\":{\"@type\":\"ImageObject\",\"inLanguage\":\"gl-ES\",\"@id\":\"https:\\\/\\\/www.anovapeneira.gal\\\/#\\\/schema\\\/logo\\\/image\\\/\",\"url\":\"http:\\\/\\\/www.anovapeneira.gal\\\/wp-content\\\/uploads\\\/2019\\\/06\\\/logo_a_nova_peneira_portal_web.png\",\"contentUrl\":\"http:\\\/\\\/www.anovapeneira.gal\\\/wp-content\\\/uploads\\\/2019\\\/06\\\/logo_a_nova_peneira_portal_web.png\",\"width\":300,\"height\":100,\"caption\":\"A Nova Peneira\"},\"image\":{\"@id\":\"https:\\\/\\\/www.anovapeneira.gal\\\/#\\\/schema\\\/logo\\\/image\\\/\"},\"sameAs\":[\"https:\\\/\\\/www.facebook.com\\\/anovapeneira\",\"https:\\\/\\\/x.com\\\/APeneira\"]},{\"@type\":\"Person\",\"@id\":\"https:\\\/\\\/www.anovapeneira.gal\\\/#\\\/schema\\\/person\\\/b051ed40cfc100e281476674783b32fc\",\"name\":\"Baldomero Iglesias Dobarrio, Mero\",\"image\":{\"@type\":\"ImageObject\",\"inLanguage\":\"gl-ES\",\"@id\":\"https:\\\/\\\/secure.gravatar.com\\\/avatar\\\/ca78fc089f8cf28197f88de2c9ac213e2f7d2097d8e359d9359b8778b539c59d?s=96&d=mm&r=g\",\"url\":\"https:\\\/\\\/secure.gravatar.com\\\/avatar\\\/ca78fc089f8cf28197f88de2c9ac213e2f7d2097d8e359d9359b8778b539c59d?s=96&d=mm&r=g\",\"contentUrl\":\"https:\\\/\\\/secure.gravatar.com\\\/avatar\\\/ca78fc089f8cf28197f88de2c9ac213e2f7d2097d8e359d9359b8778b539c59d?s=96&d=mm&r=g\",\"caption\":\"Baldomero Iglesias Dobarrio, Mero\"},\"sameAs\":[\"http:\\\/\\\/anovapeneira.gal\"],\"url\":\"https:\\\/\\\/www.anovapeneira.gal\\\/index.php\\\/author\\\/opinionmero\\\/\"}]}<\/script>\n<!-- \/ Yoast SEO plugin. -->","yoast_head_json":{"title":"Envoltos en sabas de mil anos, volvemos escoitar a chuvia -","description":"Nesas conversas que todos mantemos despois dun suceso, con xentes dun faladoiro impenitente no que, desta volta, cadroume estar, xurdiu un tema que nos preocupaba a todos. O tema \u00e9 recorrente despois dunhas elecci\u00f3ns como as pasadas e cos resultados \u00e1 vista","robots":{"index":"index","follow":"follow","max-snippet":"max-snippet:-1","max-image-preview":"max-image-preview:large","max-video-preview":"max-video-preview:-1"},"canonical":"https:\/\/www.anovapeneira.gal\/index.php\/2024\/03\/26\/envoltos-en-sabas-de-mil-anos-volvemos-escoitar-a-chuvia\/","og_locale":"gl_ES","og_type":"article","og_title":"Envoltos en sabas de mil anos, volvemos escoitar a chuvia -","og_description":"Nesas conversas que todos mantemos despois dun suceso, con xentes dun faladoiro impenitente no que, desta volta, cadroume estar, xurdiu un tema que nos preocupaba a todos. O tema \u00e9 recorrente despois dunhas elecci\u00f3ns como as pasadas e cos resultados \u00e1 vista","og_url":"https:\/\/www.anovapeneira.gal\/index.php\/2024\/03\/26\/envoltos-en-sabas-de-mil-anos-volvemos-escoitar-a-chuvia\/","article_publisher":"https:\/\/www.facebook.com\/anovapeneira","article_published_time":"2024-03-26T09:00:54+00:00","og_image":[{"width":720,"height":473,"url":"https:\/\/www.anovapeneira.gal\/wp-content\/uploads\/2019\/07\/ARTIGO_DE_OPINION_A_NOVA_PENEIRA.jpg","type":"image\/jpeg"}],"author":"Baldomero Iglesias Dobarrio, Mero","twitter_card":"summary_large_image","twitter_image":"https:\/\/www.anovapeneira.gal\/wp-content\/uploads\/2019\/07\/ARTIGO_DE_OPINION_A_NOVA_PENEIRA.jpg","twitter_creator":"@APeneira","twitter_site":"@APeneira","twitter_misc":{"Escrito por":"Baldomero Iglesias Dobarrio, Mero","Tempo de lectura":"6 minutos"},"schema":{"@context":"https:\/\/schema.org","@graph":[{"@type":"Article","@id":"https:\/\/www.anovapeneira.gal\/index.php\/2024\/03\/26\/envoltos-en-sabas-de-mil-anos-volvemos-escoitar-a-chuvia\/#article","isPartOf":{"@id":"https:\/\/www.anovapeneira.gal\/index.php\/2024\/03\/26\/envoltos-en-sabas-de-mil-anos-volvemos-escoitar-a-chuvia\/"},"author":{"name":"Baldomero Iglesias Dobarrio, Mero","@id":"https:\/\/www.anovapeneira.gal\/#\/schema\/person\/b051ed40cfc100e281476674783b32fc"},"headline":"Envoltos en sabas de mil anos, volvemos escoitar a chuvia","datePublished":"2024-03-26T09:00:54+00:00","mainEntityOfPage":{"@id":"https:\/\/www.anovapeneira.gal\/index.php\/2024\/03\/26\/envoltos-en-sabas-de-mil-anos-volvemos-escoitar-a-chuvia\/"},"wordCount":915,"commentCount":0,"publisher":{"@id":"https:\/\/www.anovapeneira.gal\/#organization"},"image":{"@id":"https:\/\/www.anovapeneira.gal\/index.php\/2024\/03\/26\/envoltos-en-sabas-de-mil-anos-volvemos-escoitar-a-chuvia\/#primaryimage"},"thumbnailUrl":"https:\/\/www.anovapeneira.gal\/wp-content\/uploads\/2019\/07\/ARTIGO_DE_OPINION_A_NOVA_PENEIRA.jpg","keywords":["Baldomero Iglesias Dobarrio"],"articleSection":["Artigos de opini\u00f3n"],"inLanguage":"gl-ES","potentialAction":[{"@type":"CommentAction","name":"Comment","target":["https:\/\/www.anovapeneira.gal\/index.php\/2024\/03\/26\/envoltos-en-sabas-de-mil-anos-volvemos-escoitar-a-chuvia\/#respond"]}]},{"@type":"WebPage","@id":"https:\/\/www.anovapeneira.gal\/index.php\/2024\/03\/26\/envoltos-en-sabas-de-mil-anos-volvemos-escoitar-a-chuvia\/","url":"https:\/\/www.anovapeneira.gal\/index.php\/2024\/03\/26\/envoltos-en-sabas-de-mil-anos-volvemos-escoitar-a-chuvia\/","name":"Envoltos en sabas de mil anos, volvemos escoitar a chuvia -","isPartOf":{"@id":"https:\/\/www.anovapeneira.gal\/#website"},"primaryImageOfPage":{"@id":"https:\/\/www.anovapeneira.gal\/index.php\/2024\/03\/26\/envoltos-en-sabas-de-mil-anos-volvemos-escoitar-a-chuvia\/#primaryimage"},"image":{"@id":"https:\/\/www.anovapeneira.gal\/index.php\/2024\/03\/26\/envoltos-en-sabas-de-mil-anos-volvemos-escoitar-a-chuvia\/#primaryimage"},"thumbnailUrl":"https:\/\/www.anovapeneira.gal\/wp-content\/uploads\/2019\/07\/ARTIGO_DE_OPINION_A_NOVA_PENEIRA.jpg","datePublished":"2024-03-26T09:00:54+00:00","description":"Nesas conversas que todos mantemos despois dun suceso, con xentes dun faladoiro impenitente no que, desta volta, cadroume estar, xurdiu un tema que nos preocupaba a todos. O tema \u00e9 recorrente despois dunhas elecci\u00f3ns como as pasadas e cos resultados \u00e1 vista","breadcrumb":{"@id":"https:\/\/www.anovapeneira.gal\/index.php\/2024\/03\/26\/envoltos-en-sabas-de-mil-anos-volvemos-escoitar-a-chuvia\/#breadcrumb"},"inLanguage":"gl-ES","potentialAction":[{"@type":"ReadAction","target":["https:\/\/www.anovapeneira.gal\/index.php\/2024\/03\/26\/envoltos-en-sabas-de-mil-anos-volvemos-escoitar-a-chuvia\/"]}]},{"@type":"ImageObject","inLanguage":"gl-ES","@id":"https:\/\/www.anovapeneira.gal\/index.php\/2024\/03\/26\/envoltos-en-sabas-de-mil-anos-volvemos-escoitar-a-chuvia\/#primaryimage","url":"https:\/\/www.anovapeneira.gal\/wp-content\/uploads\/2019\/07\/ARTIGO_DE_OPINION_A_NOVA_PENEIRA.jpg","contentUrl":"https:\/\/www.anovapeneira.gal\/wp-content\/uploads\/2019\/07\/ARTIGO_DE_OPINION_A_NOVA_PENEIRA.jpg","width":720,"height":473,"caption":"Artigo de opini\u00f3n A Nova Peneira"},{"@type":"BreadcrumbList","@id":"https:\/\/www.anovapeneira.gal\/index.php\/2024\/03\/26\/envoltos-en-sabas-de-mil-anos-volvemos-escoitar-a-chuvia\/#breadcrumb","itemListElement":[{"@type":"ListItem","position":1,"name":"Portada","item":"https:\/\/www.anovapeneira.gal\/"},{"@type":"ListItem","position":2,"name":"Envoltos en sabas de mil anos, volvemos escoitar a chuvia"}]},{"@type":"WebSite","@id":"https:\/\/www.anovapeneira.gal\/#website","url":"https:\/\/www.anovapeneira.gal\/","name":"","description":"Xornal galego de informaci\u00f3n xeral Publicaci\u00f3n mensual de novas de Galicia e en especial dos Concellos da sur da provincia de Pontevedra.","publisher":{"@id":"https:\/\/www.anovapeneira.gal\/#organization"},"potentialAction":[{"@type":"SearchAction","target":{"@type":"EntryPoint","urlTemplate":"https:\/\/www.anovapeneira.gal\/?s={search_term_string}"},"query-input":{"@type":"PropertyValueSpecification","valueRequired":true,"valueName":"search_term_string"}}],"inLanguage":"gl-ES"},{"@type":"Organization","@id":"https:\/\/www.anovapeneira.gal\/#organization","name":"A Nova Peneira","url":"https:\/\/www.anovapeneira.gal\/","logo":{"@type":"ImageObject","inLanguage":"gl-ES","@id":"https:\/\/www.anovapeneira.gal\/#\/schema\/logo\/image\/","url":"http:\/\/www.anovapeneira.gal\/wp-content\/uploads\/2019\/06\/logo_a_nova_peneira_portal_web.png","contentUrl":"http:\/\/www.anovapeneira.gal\/wp-content\/uploads\/2019\/06\/logo_a_nova_peneira_portal_web.png","width":300,"height":100,"caption":"A Nova Peneira"},"image":{"@id":"https:\/\/www.anovapeneira.gal\/#\/schema\/logo\/image\/"},"sameAs":["https:\/\/www.facebook.com\/anovapeneira","https:\/\/x.com\/APeneira"]},{"@type":"Person","@id":"https:\/\/www.anovapeneira.gal\/#\/schema\/person\/b051ed40cfc100e281476674783b32fc","name":"Baldomero Iglesias Dobarrio, Mero","image":{"@type":"ImageObject","inLanguage":"gl-ES","@id":"https:\/\/secure.gravatar.com\/avatar\/ca78fc089f8cf28197f88de2c9ac213e2f7d2097d8e359d9359b8778b539c59d?s=96&d=mm&r=g","url":"https:\/\/secure.gravatar.com\/avatar\/ca78fc089f8cf28197f88de2c9ac213e2f7d2097d8e359d9359b8778b539c59d?s=96&d=mm&r=g","contentUrl":"https:\/\/secure.gravatar.com\/avatar\/ca78fc089f8cf28197f88de2c9ac213e2f7d2097d8e359d9359b8778b539c59d?s=96&d=mm&r=g","caption":"Baldomero Iglesias Dobarrio, Mero"},"sameAs":["http:\/\/anovapeneira.gal"],"url":"https:\/\/www.anovapeneira.gal\/index.php\/author\/opinionmero\/"}]}},"jetpack_featured_media_url":"https:\/\/www.anovapeneira.gal\/wp-content\/uploads\/2019\/07\/ARTIGO_DE_OPINION_A_NOVA_PENEIRA.jpg","_links":{"self":[{"href":"https:\/\/www.anovapeneira.gal\/index.php\/wp-json\/wp\/v2\/posts\/11489","targetHints":{"allow":["GET"]}}],"collection":[{"href":"https:\/\/www.anovapeneira.gal\/index.php\/wp-json\/wp\/v2\/posts"}],"about":[{"href":"https:\/\/www.anovapeneira.gal\/index.php\/wp-json\/wp\/v2\/types\/post"}],"author":[{"embeddable":true,"href":"https:\/\/www.anovapeneira.gal\/index.php\/wp-json\/wp\/v2\/users\/5"}],"replies":[{"embeddable":true,"href":"https:\/\/www.anovapeneira.gal\/index.php\/wp-json\/wp\/v2\/comments?post=11489"}],"version-history":[{"count":1,"href":"https:\/\/www.anovapeneira.gal\/index.php\/wp-json\/wp\/v2\/posts\/11489\/revisions"}],"predecessor-version":[{"id":11490,"href":"https:\/\/www.anovapeneira.gal\/index.php\/wp-json\/wp\/v2\/posts\/11489\/revisions\/11490"}],"wp:featuredmedia":[{"embeddable":true,"href":"https:\/\/www.anovapeneira.gal\/index.php\/wp-json\/wp\/v2\/media\/584"}],"wp:attachment":[{"href":"https:\/\/www.anovapeneira.gal\/index.php\/wp-json\/wp\/v2\/media?parent=11489"}],"wp:term":[{"taxonomy":"category","embeddable":true,"href":"https:\/\/www.anovapeneira.gal\/index.php\/wp-json\/wp\/v2\/categories?post=11489"},{"taxonomy":"post_tag","embeddable":true,"href":"https:\/\/www.anovapeneira.gal\/index.php\/wp-json\/wp\/v2\/tags?post=11489"}],"curies":[{"name":"wp","href":"https:\/\/api.w.org\/{rel}","templated":true}]}}