{"id":11491,"date":"2024-03-27T10:00:35","date_gmt":"2024-03-27T09:00:35","guid":{"rendered":"https:\/\/www.anovapeneira.gal\/?p=11491"},"modified":"2024-03-20T10:03:08","modified_gmt":"2024-03-20T09:03:08","slug":"xurxo-pardo-voceiro-do-bng-de-pazos-de-borben","status":"publish","type":"post","link":"https:\/\/www.anovapeneira.gal\/index.php\/2024\/03\/27\/xurxo-pardo-voceiro-do-bng-de-pazos-de-borben\/","title":{"rendered":"Xurxo Pardo, voceiro do BNG de Pazos de Borb\u00e9n"},"content":{"rendered":"\n<p><strong>O BNG, despois de moito tempo f\u00f3ra do Concello de Pazos, recuperou a presenza institucional na persoa do veci\u00f1o do Pousi\u00f1o Xurxo Pardo. Despois de acadaren un extraordinario resultado nas \u00faltimas auton\u00f3micas, con m\u00e1is do 35% dos votos, n\u00f3s acheg\u00e1monos ata Pazos para conversar con el e co\u00f1ecer a s\u00faa valoraci\u00f3n sobre o estado de cousas na s\u00faa localidade.<\/strong><\/p>\n\n\n\n<h1 class=\"wp-block-heading\">\u201cSe en maio do 2023 non se daba a relaci\u00f3n de confianza necesaria para que o BNG entrase no goberno de Pazos,agora d\u00e1se menos.\u201d<\/h1>\n\n\n\n<p><strong>A primeira pregunta \u00e9 obrigada. Resultado extraordinario do BNG de Pazos nas \u00faltimas auton\u00f3micas. Supo\u00f1o que estar\u00e1s moi satisfeito?<\/strong><\/p>\n\n\n\n<blockquote class=\"wp-block-quote is-layout-flow wp-block-quote-is-layout-flow\">\n<p>Desde logo que si. Enormemente orgulloso e satisfeito do caudal de confianza co que nos distinguiu a veci\u00f1anza de Pazos. Tivemos un 36,77% dos votos, nalgunhas mesas incluso fomos primeira forza, e semellante resultado c\u00e1rganos de folgos pois amosa que estamos no cami\u00f1o correcto.<\/p>\n<\/blockquote>\n\n\n\n<p><strong>Foi o mellor resultado da historia do BNG de Pazos?<\/strong><\/p>\n\n\n\n<blockquote class=\"wp-block-quote is-layout-flow wp-block-quote-is-layout-flow\">\n<p>Si.<\/p>\n<\/blockquote>\n\n\n\n<p><strong>Entendo que o resultado non se pode extrapolar \u00e1 pol\u00edtica local?<\/strong><\/p>\n\n\n\n<blockquote class=\"wp-block-quote is-layout-flow wp-block-quote-is-layout-flow\">\n<p>Son procesos electorais distintos, si. Pero a an\u00e1lise que nos deixa o 18-F en Pazos \u00e9 que o BNG ten un enorme campo de crecemento potencial pois ningunha das 624 persoas que colleu a nosa papeleta desco\u00f1ece o que \u00e9 o BNG, e n\u00f3s imos con toda a ilusi\u00f3n, con toda a forza do mundo, e tam\u00e9n con humildade, a tratar de convencer a todos os nosos votantes potenciais para que nos sigan distinguindo coa s\u00faa confianza en todos os procesos electorais futuros. Por suposto tam\u00e9n nas elecci\u00f3ns municipais.<\/p>\n<\/blockquote>\n\n\n\n<p><strong>O cambio pol\u00edtico en Pazos aconteceu en maio do ano pasado co que xa pasou tempo suficiente para que poidas emitir unha valoraci\u00f3n rigorosa. Comeza por valorar o traballo do BNG?<\/strong><\/p>\n\n\n\n<blockquote class=\"wp-block-quote is-layout-flow wp-block-quote-is-layout-flow\">\n<p>O BNG est\u00e1 no lugar que lle puxo a veci\u00f1anza de Pazos. Tratamos de estar constantemente nas r\u00faas para co\u00f1ecer as necesidades reais da xente e de traballar para contribu\u00edrmos \u00e1 s\u00faa soluci\u00f3n.<\/p>\n<\/blockquote>\n\n\n\n<p><strong>Ti, que vives a t\u00faa primeira experiencia como concelleiro, como te est\u00e1s a sentir?<\/strong><\/p>\n\n\n\n<blockquote class=\"wp-block-quote is-layout-flow wp-block-quote-is-layout-flow\">\n<p>Moi contento. Moi honrado de representar ao BNG no Concello de Pazos e pola confianza e cari\u00f1o que noto da xente do meu pobo.<\/p>\n<\/blockquote>\n\n\n\n<p><strong>O acordo de investidura para facer a Luciano Otero alcalde de Pazos foi f\u00e1cil ou dif\u00edcil?<\/strong><\/p>\n\n\n\n<blockquote class=\"wp-block-quote is-layout-flow wp-block-quote-is-layout-flow\">\n<p>Foi un acordo a tres bandas e eu podo falar unicamente do que atinxe ao BNG. N\u00f3 que a nosa organizaci\u00f3n respecta nese acordo polo que preguntas mantivemos unha posici\u00f3n absolutamente construtiva.<\/p>\n<\/blockquote>\n\n\n\n<p><strong>O goberno local est\u00e1 a cumprir o pacto ao que chegastes para darlle o voso voto afirmativo na investidura?<\/strong><\/p>\n\n\n\n<blockquote class=\"wp-block-quote is-layout-flow wp-block-quote-is-layout-flow\">\n<p>Non.<\/p>\n<\/blockquote>\n\n\n\n<p><strong>Por que?<\/strong><\/p>\n\n\n\n<blockquote class=\"wp-block-quote is-layout-flow wp-block-quote-is-layout-flow\">\n<p>N\u00f3s queriamos un cambio real no noso Concello. Non s\u00f3 un cambio de caras sen\u00f3n tam\u00e9n un cambio de pol\u00edticas. E lamentablemente 10 meses despois das elecci\u00f3ns vemos que ese cambio de pol\u00edticas non se produciu. \u00c9 un goberno que desilusiona e un goberno que segue a empregar as mesmas pol\u00edticas caciqu\u00eds que utilizaba o PP.<\/p>\n<\/blockquote>\n\n\n\n<p><strong>Prec\u00edsame iso das supostas pol\u00edticas caciqu\u00eds do actual goberno?<\/strong><\/p>\n\n\n\n<blockquote class=\"wp-block-quote is-layout-flow wp-block-quote-is-layout-flow\">\n<p>P\u00f3dense p\u00f3r varios exemplos:<\/p>\n<\/blockquote>\n\n\n\n<blockquote class=\"wp-block-quote is-layout-flow wp-block-quote-is-layout-flow\">\n<p>-Non se lle d\u00e1 publicidade \u00e1s contrataci\u00f3ns p\u00fablicas do Concello.<\/p>\n<\/blockquote>\n\n\n\n<blockquote class=\"wp-block-quote is-layout-flow wp-block-quote-is-layout-flow\">\n<p>-Empr\u00e9ganse as redes sociais institucionais de maneira partidista.<\/p>\n<\/blockquote>\n\n\n\n<blockquote class=\"wp-block-quote is-layout-flow wp-block-quote-is-layout-flow\">\n<p>-Chegaron a censurar o facebook do Concello para ocultar comentarios contrarios.<\/p>\n<\/blockquote>\n\n\n\n<blockquote class=\"wp-block-quote is-layout-flow wp-block-quote-is-layout-flow\">\n<p>-A trav\u00e9s de contrataci\u00f3ns menores o alcalde ten a soldo un asesor encuberto( que a verdade non temos moi claro cal \u00e9 a s\u00faa funci\u00f3n, pero \u00e1s veces incluso vai el a xuntanzas en representaci\u00f3n do Concello).<\/p>\n<\/blockquote>\n\n\n\n<blockquote class=\"wp-block-quote is-layout-flow wp-block-quote-is-layout-flow\">\n<p>Por outra parte non s\u00f3 non apreciamos cambios na forma de facer pol\u00edtica sen\u00f3n que alg\u00fan tema en concreto de especial relevancia para Pazos, coincidente nos programas electorais de Alternativa e do BNG, tampouco se est\u00e1 a cumprir.<\/p>\n<\/blockquote>\n\n\n\n<p><strong>Cal?<\/strong><\/p>\n\n\n\n<blockquote class=\"wp-block-quote is-layout-flow wp-block-quote-is-layout-flow\">\n<p>A resoluci\u00f3n da problem\u00e1tica na que se encontra o pol\u00edgono de Amoedo.<\/p>\n<\/blockquote>\n\n\n\n<p><strong>Pero o goberno levou ese punto a pleno para tratar de aprobalo?<\/strong><\/p>\n\n\n\n<blockquote class=\"wp-block-quote is-layout-flow wp-block-quote-is-layout-flow\">\n<p>Si, pero non fixo traballo a priori para tratar de sumar a maior\u00eda necesaria para podelo aprobar. O goberno non ten maior\u00eda absoluta e non pode actuar como se a tivera .Este \u00e9 un tema esencial para o noso Concello \u00e9 o responsable ser\u00eda ter falado cos distintos grupos para encontrar puntos de consenso, previos ao pleno, que garantiran a s\u00faa aprobaci\u00f3n. \u00c9 necesario darlle seguridade xur\u00eddica \u00e1s empresas do pol\u00edgono e buscar un acordo coa Comunidade de Montes de Amoedo para dotar ao pol\u00edgono de servizos<\/p>\n<\/blockquote>\n\n\n\n<p><strong>Hai algunha posibilidade de que o BNG entre no goberno de Pazos?<\/strong><\/p>\n\n\n\n<blockquote class=\"wp-block-quote is-layout-flow wp-block-quote-is-layout-flow\">\n<p>Agora mesmo non. Cando se iniciou o mandato non exist\u00eda a confianza necesaria para que iso se producise e agora , 10 meses despois, temos a\u00ednda menos confianza neste goberno. O alcalde en lugar de tender pontes act\u00faa de maneira autoritaria e d\u00e9spota.<\/p>\n<\/blockquote>\n\n\n\n<p><strong>Outro problema relevante que ten o Concello de Pazos \u00e9 a situaci\u00f3n da estrada de Nespereira. Como est\u00e1 ese asunto a xu\u00edzo do BNG?<\/strong><\/p>\n\n\n\n<blockquote class=\"wp-block-quote is-layout-flow wp-block-quote-is-layout-flow\">\n<p>Que n\u00f3s saibamos a pelota est\u00e1 no tellado do goberno da DEPO que \u00e9 a quen lle corresponde licitar as obras. Segundo o noso punto de vista nin o anterior goberno da DEPO nin este actuaron coa dilixencia debida para que se poida concretar dunha vez a imprescindible actuaci\u00f3n nesta estrada. No que ao goberno local se refire botamos en falta m\u00e1is enerx\u00eda e contundencia na reclamaci\u00f3n deste asunto que \u00e9 capital para Pazos.<\/p>\n<\/blockquote>\n\n\n\n<p><strong>Con este goberno a transparencia \u00e9 mellor c\u00f3 que hab\u00eda antes?<\/strong><\/p>\n\n\n\n<blockquote class=\"wp-block-quote is-layout-flow wp-block-quote-is-layout-flow\">\n<p>Non mellorou. Sigue igual que antes. Cando n\u00f3s solicitamos alg\u00fan expediente tardan bastante tempo en nolo facilitar. O goberno pon trabas para que a oposici\u00f3n acceda \u00e1 informaci\u00f3n.<\/p>\n<\/blockquote>\n\n\n\n<p><strong>Que sabemos sobre a situaci\u00f3n real das finanzas do Concello?<\/strong><\/p>\n\n\n\n<blockquote class=\"wp-block-quote is-layout-flow wp-block-quote-is-layout-flow\">\n<p>O primeiro que me chama a atenci\u00f3n neste asunto \u00e9 non ter noticia algunha sobre os orzamentos. A mediados de marzo non sabemos nada. Hai liquidez na caixa e n\u00f3s fixemos propostas sobre en que se deber\u00edan investir os cartos:<\/p>\n<\/blockquote>\n\n\n\n<blockquote class=\"wp-block-quote is-layout-flow wp-block-quote-is-layout-flow\">\n<p>-Axudas \u00e1s tra\u00eddas de augas<\/p>\n<\/blockquote>\n\n\n\n<blockquote class=\"wp-block-quote is-layout-flow wp-block-quote-is-layout-flow\">\n<p>-Atender ao tecido asociativo: Asociaci\u00f3ns, veci\u00f1ais, culturais e deportivas. Hai colectivos que levan meses sen cobrar as axudas que lle corresponden.<\/p>\n<\/blockquote>\n\n\n\n<blockquote class=\"wp-block-quote is-layout-flow wp-block-quote-is-layout-flow\">\n<p>-Mellorar os cami\u00f1os p\u00fablicos. Hai zonas en Pazos nas que \u00e9 practicamente imposible transitar.<\/p>\n<\/blockquote>\n\n\n\n<p><strong>Cal vai seguir sendo a li\u00f1a de actuaci\u00f3n pol\u00edtica do BNG neste mandato?<\/strong><\/p>\n\n\n\n<blockquote class=\"wp-block-quote is-layout-flow wp-block-quote-is-layout-flow\">\n<p>A mesma que ata agora :desenvolver unha oposici\u00f3n seria, responsable e construtiva.<\/p>\n<\/blockquote>\n\n\n\n<p><strong>Rematamos Xurxo: Hai algunha posibilidade de que no futuro o nacionalismo en Pazos volva cami\u00f1ar unido?<\/strong><\/p>\n\n\n\n<blockquote class=\"wp-block-quote is-layout-flow wp-block-quote-is-layout-flow\">\n<p>O nacionalismo en Pazos xa est\u00e1 unido no BNG.<\/p>\n<\/blockquote>\n","protected":false},"excerpt":{"rendered":"<div class=\"mh-excerpt\"><p>O BNG, despois de moito tempo f\u00f3ra do Concello de Pazos, recuperou a presenza institucional na persoa do veci\u00f1o do Pousi\u00f1o Xurxo Pardo <a class=\"mh-excerpt-more\" href=\"https:\/\/www.anovapeneira.gal\/index.php\/2024\/03\/27\/xurxo-pardo-voceiro-do-bng-de-pazos-de-borben\/\" title=\"Xurxo Pardo, voceiro do BNG de Pazos de Borb\u00e9n\">[&#8230;]<\/a><\/p>\n<\/div>","protected":false},"author":3,"featured_media":11492,"comment_status":"open","ping_status":"open","sticky":false,"template":"","format":"standard","meta":{"_exactmetrics_skip_tracking":false,"_exactmetrics_sitenote_active":false,"_exactmetrics_sitenote_note":"","_exactmetrics_sitenote_category":0,"footnotes":""},"categories":[24],"tags":[171],"class_list":{"0":"post-11491","1":"post","2":"type-post","3":"status-publish","4":"format-standard","5":"has-post-thumbnail","7":"category-redondela","8":"tag-concello-de-redondela"},"yoast_head":"<!-- This site is optimized with the Yoast SEO plugin v27.4 - https:\/\/yoast.com\/product\/yoast-seo-wordpress\/ -->\n<title>Xurxo Pardo, voceiro do BNG de Pazos de Borb\u00e9n -<\/title>\n<meta name=\"description\" content=\"O BNG, despois de moito tempo f\u00f3ra do Concello de Pazos, recuperou a presenza institucional na persoa do veci\u00f1o do Pousi\u00f1o Xurxo Pardo\" \/>\n<meta name=\"robots\" content=\"index, follow, max-snippet:-1, max-image-preview:large, max-video-preview:-1\" \/>\n<link rel=\"canonical\" href=\"https:\/\/www.anovapeneira.gal\/index.php\/2024\/03\/27\/xurxo-pardo-voceiro-do-bng-de-pazos-de-borben\/\" \/>\n<meta property=\"og:locale\" content=\"gl_ES\" \/>\n<meta property=\"og:type\" content=\"article\" \/>\n<meta property=\"og:title\" content=\"Xurxo Pardo, voceiro do BNG de Pazos de Borb\u00e9n -\" \/>\n<meta property=\"og:description\" content=\"O BNG, despois de moito tempo f\u00f3ra do Concello de Pazos, recuperou a presenza institucional na persoa do veci\u00f1o do Pousi\u00f1o Xurxo Pardo\" \/>\n<meta property=\"og:url\" content=\"https:\/\/www.anovapeneira.gal\/index.php\/2024\/03\/27\/xurxo-pardo-voceiro-do-bng-de-pazos-de-borben\/\" \/>\n<meta property=\"article:publisher\" content=\"https:\/\/www.facebook.com\/anovapeneira\" \/>\n<meta property=\"article:published_time\" content=\"2024-03-27T09:00:35+00:00\" \/>\n<meta property=\"og:image\" content=\"https:\/\/www.anovapeneira.gal\/wp-content\/uploads\/2024\/03\/xurxo_pardo_bng.jpg\" \/>\n\t<meta property=\"og:image:width\" content=\"720\" \/>\n\t<meta property=\"og:image:height\" content=\"432\" \/>\n\t<meta property=\"og:image:type\" content=\"image\/jpeg\" \/>\n<meta name=\"author\" content=\"Redacci\u00f3n A Nova Peneira\" \/>\n<meta name=\"twitter:card\" content=\"summary_large_image\" \/>\n<meta name=\"twitter:creator\" content=\"@APeneira\" \/>\n<meta name=\"twitter:site\" content=\"@APeneira\" \/>\n<meta name=\"twitter:label1\" content=\"Escrito por\" \/>\n\t<meta name=\"twitter:data1\" content=\"Redacci\u00f3n A Nova Peneira\" \/>\n\t<meta name=\"twitter:label2\" content=\"Tempo de lectura\" \/>\n\t<meta name=\"twitter:data2\" content=\"2 minutos\" \/>\n<script type=\"application\/ld+json\" class=\"yoast-schema-graph\">{\"@context\":\"https:\\\/\\\/schema.org\",\"@graph\":[{\"@type\":\"Article\",\"@id\":\"https:\\\/\\\/www.anovapeneira.gal\\\/index.php\\\/2024\\\/03\\\/27\\\/xurxo-pardo-voceiro-do-bng-de-pazos-de-borben\\\/#article\",\"isPartOf\":{\"@id\":\"https:\\\/\\\/www.anovapeneira.gal\\\/index.php\\\/2024\\\/03\\\/27\\\/xurxo-pardo-voceiro-do-bng-de-pazos-de-borben\\\/\"},\"author\":{\"name\":\"Redacci\u00f3n A Nova Peneira\",\"@id\":\"https:\\\/\\\/www.anovapeneira.gal\\\/#\\\/schema\\\/person\\\/b93e3f8932e3f8da96334607eb6ac6aa\"},\"headline\":\"Xurxo Pardo, voceiro do BNG de Pazos de Borb\u00e9n\",\"datePublished\":\"2024-03-27T09:00:35+00:00\",\"mainEntityOfPage\":{\"@id\":\"https:\\\/\\\/www.anovapeneira.gal\\\/index.php\\\/2024\\\/03\\\/27\\\/xurxo-pardo-voceiro-do-bng-de-pazos-de-borben\\\/\"},\"wordCount\":1141,\"commentCount\":0,\"publisher\":{\"@id\":\"https:\\\/\\\/www.anovapeneira.gal\\\/#organization\"},\"image\":{\"@id\":\"https:\\\/\\\/www.anovapeneira.gal\\\/index.php\\\/2024\\\/03\\\/27\\\/xurxo-pardo-voceiro-do-bng-de-pazos-de-borben\\\/#primaryimage\"},\"thumbnailUrl\":\"https:\\\/\\\/www.anovapeneira.gal\\\/wp-content\\\/uploads\\\/2024\\\/03\\\/xurxo_pardo_bng.jpg\",\"keywords\":[\"Concello de Redondela\"],\"articleSection\":[\"Redondela\"],\"inLanguage\":\"gl-ES\",\"potentialAction\":[{\"@type\":\"CommentAction\",\"name\":\"Comment\",\"target\":[\"https:\\\/\\\/www.anovapeneira.gal\\\/index.php\\\/2024\\\/03\\\/27\\\/xurxo-pardo-voceiro-do-bng-de-pazos-de-borben\\\/#respond\"]}]},{\"@type\":\"WebPage\",\"@id\":\"https:\\\/\\\/www.anovapeneira.gal\\\/index.php\\\/2024\\\/03\\\/27\\\/xurxo-pardo-voceiro-do-bng-de-pazos-de-borben\\\/\",\"url\":\"https:\\\/\\\/www.anovapeneira.gal\\\/index.php\\\/2024\\\/03\\\/27\\\/xurxo-pardo-voceiro-do-bng-de-pazos-de-borben\\\/\",\"name\":\"Xurxo Pardo, voceiro do BNG de Pazos de Borb\u00e9n -\",\"isPartOf\":{\"@id\":\"https:\\\/\\\/www.anovapeneira.gal\\\/#website\"},\"primaryImageOfPage\":{\"@id\":\"https:\\\/\\\/www.anovapeneira.gal\\\/index.php\\\/2024\\\/03\\\/27\\\/xurxo-pardo-voceiro-do-bng-de-pazos-de-borben\\\/#primaryimage\"},\"image\":{\"@id\":\"https:\\\/\\\/www.anovapeneira.gal\\\/index.php\\\/2024\\\/03\\\/27\\\/xurxo-pardo-voceiro-do-bng-de-pazos-de-borben\\\/#primaryimage\"},\"thumbnailUrl\":\"https:\\\/\\\/www.anovapeneira.gal\\\/wp-content\\\/uploads\\\/2024\\\/03\\\/xurxo_pardo_bng.jpg\",\"datePublished\":\"2024-03-27T09:00:35+00:00\",\"description\":\"O BNG, despois de moito tempo f\u00f3ra do Concello de Pazos, recuperou a presenza institucional na persoa do veci\u00f1o do Pousi\u00f1o Xurxo Pardo\",\"breadcrumb\":{\"@id\":\"https:\\\/\\\/www.anovapeneira.gal\\\/index.php\\\/2024\\\/03\\\/27\\\/xurxo-pardo-voceiro-do-bng-de-pazos-de-borben\\\/#breadcrumb\"},\"inLanguage\":\"gl-ES\",\"potentialAction\":[{\"@type\":\"ReadAction\",\"target\":[\"https:\\\/\\\/www.anovapeneira.gal\\\/index.php\\\/2024\\\/03\\\/27\\\/xurxo-pardo-voceiro-do-bng-de-pazos-de-borben\\\/\"]}]},{\"@type\":\"ImageObject\",\"inLanguage\":\"gl-ES\",\"@id\":\"https:\\\/\\\/www.anovapeneira.gal\\\/index.php\\\/2024\\\/03\\\/27\\\/xurxo-pardo-voceiro-do-bng-de-pazos-de-borben\\\/#primaryimage\",\"url\":\"https:\\\/\\\/www.anovapeneira.gal\\\/wp-content\\\/uploads\\\/2024\\\/03\\\/xurxo_pardo_bng.jpg\",\"contentUrl\":\"https:\\\/\\\/www.anovapeneira.gal\\\/wp-content\\\/uploads\\\/2024\\\/03\\\/xurxo_pardo_bng.jpg\",\"width\":720,\"height\":432,\"caption\":\"Xurxo Pardo, voceiro do BNG de Pazos de Borb\u00e9n\"},{\"@type\":\"BreadcrumbList\",\"@id\":\"https:\\\/\\\/www.anovapeneira.gal\\\/index.php\\\/2024\\\/03\\\/27\\\/xurxo-pardo-voceiro-do-bng-de-pazos-de-borben\\\/#breadcrumb\",\"itemListElement\":[{\"@type\":\"ListItem\",\"position\":1,\"name\":\"Portada\",\"item\":\"https:\\\/\\\/www.anovapeneira.gal\\\/\"},{\"@type\":\"ListItem\",\"position\":2,\"name\":\"Xurxo Pardo, voceiro do BNG de Pazos de Borb\u00e9n\"}]},{\"@type\":\"WebSite\",\"@id\":\"https:\\\/\\\/www.anovapeneira.gal\\\/#website\",\"url\":\"https:\\\/\\\/www.anovapeneira.gal\\\/\",\"name\":\"\",\"description\":\"Xornal galego de informaci\u00f3n xeral Publicaci\u00f3n mensual de novas de Galicia e en especial dos Concellos da sur da provincia de Pontevedra.\",\"publisher\":{\"@id\":\"https:\\\/\\\/www.anovapeneira.gal\\\/#organization\"},\"potentialAction\":[{\"@type\":\"SearchAction\",\"target\":{\"@type\":\"EntryPoint\",\"urlTemplate\":\"https:\\\/\\\/www.anovapeneira.gal\\\/?s={search_term_string}\"},\"query-input\":{\"@type\":\"PropertyValueSpecification\",\"valueRequired\":true,\"valueName\":\"search_term_string\"}}],\"inLanguage\":\"gl-ES\"},{\"@type\":\"Organization\",\"@id\":\"https:\\\/\\\/www.anovapeneira.gal\\\/#organization\",\"name\":\"A Nova Peneira\",\"url\":\"https:\\\/\\\/www.anovapeneira.gal\\\/\",\"logo\":{\"@type\":\"ImageObject\",\"inLanguage\":\"gl-ES\",\"@id\":\"https:\\\/\\\/www.anovapeneira.gal\\\/#\\\/schema\\\/logo\\\/image\\\/\",\"url\":\"http:\\\/\\\/www.anovapeneira.gal\\\/wp-content\\\/uploads\\\/2019\\\/06\\\/logo_a_nova_peneira_portal_web.png\",\"contentUrl\":\"http:\\\/\\\/www.anovapeneira.gal\\\/wp-content\\\/uploads\\\/2019\\\/06\\\/logo_a_nova_peneira_portal_web.png\",\"width\":300,\"height\":100,\"caption\":\"A Nova Peneira\"},\"image\":{\"@id\":\"https:\\\/\\\/www.anovapeneira.gal\\\/#\\\/schema\\\/logo\\\/image\\\/\"},\"sameAs\":[\"https:\\\/\\\/www.facebook.com\\\/anovapeneira\",\"https:\\\/\\\/x.com\\\/APeneira\"]},{\"@type\":\"Person\",\"@id\":\"https:\\\/\\\/www.anovapeneira.gal\\\/#\\\/schema\\\/person\\\/b93e3f8932e3f8da96334607eb6ac6aa\",\"name\":\"Redacci\u00f3n A Nova Peneira\",\"image\":{\"@type\":\"ImageObject\",\"inLanguage\":\"gl-ES\",\"@id\":\"https:\\\/\\\/secure.gravatar.com\\\/avatar\\\/c052a2551a06e23fac63626232eaa90abd78dbcf1700fc46a2b2c89fd27b735f?s=96&d=mm&r=g\",\"url\":\"https:\\\/\\\/secure.gravatar.com\\\/avatar\\\/c052a2551a06e23fac63626232eaa90abd78dbcf1700fc46a2b2c89fd27b735f?s=96&d=mm&r=g\",\"contentUrl\":\"https:\\\/\\\/secure.gravatar.com\\\/avatar\\\/c052a2551a06e23fac63626232eaa90abd78dbcf1700fc46a2b2c89fd27b735f?s=96&d=mm&r=g\",\"caption\":\"Redacci\u00f3n A Nova Peneira\"},\"sameAs\":[\"http:\\\/\\\/www.anovapeneira.gal\\\/\"],\"url\":\"https:\\\/\\\/www.anovapeneira.gal\\\/index.php\\\/author\\\/redactor\\\/\"}]}<\/script>\n<!-- \/ Yoast SEO plugin. -->","yoast_head_json":{"title":"Xurxo Pardo, voceiro do BNG de Pazos de Borb\u00e9n -","description":"O BNG, despois de moito tempo f\u00f3ra do Concello de Pazos, recuperou a presenza institucional na persoa do veci\u00f1o do Pousi\u00f1o Xurxo Pardo","robots":{"index":"index","follow":"follow","max-snippet":"max-snippet:-1","max-image-preview":"max-image-preview:large","max-video-preview":"max-video-preview:-1"},"canonical":"https:\/\/www.anovapeneira.gal\/index.php\/2024\/03\/27\/xurxo-pardo-voceiro-do-bng-de-pazos-de-borben\/","og_locale":"gl_ES","og_type":"article","og_title":"Xurxo Pardo, voceiro do BNG de Pazos de Borb\u00e9n -","og_description":"O BNG, despois de moito tempo f\u00f3ra do Concello de Pazos, recuperou a presenza institucional na persoa do veci\u00f1o do Pousi\u00f1o Xurxo Pardo","og_url":"https:\/\/www.anovapeneira.gal\/index.php\/2024\/03\/27\/xurxo-pardo-voceiro-do-bng-de-pazos-de-borben\/","article_publisher":"https:\/\/www.facebook.com\/anovapeneira","article_published_time":"2024-03-27T09:00:35+00:00","og_image":[{"width":720,"height":432,"url":"https:\/\/www.anovapeneira.gal\/wp-content\/uploads\/2024\/03\/xurxo_pardo_bng.jpg","type":"image\/jpeg"}],"author":"Redacci\u00f3n A Nova Peneira","twitter_card":"summary_large_image","twitter_creator":"@APeneira","twitter_site":"@APeneira","twitter_misc":{"Escrito por":"Redacci\u00f3n A Nova Peneira","Tempo de lectura":"2 minutos"},"schema":{"@context":"https:\/\/schema.org","@graph":[{"@type":"Article","@id":"https:\/\/www.anovapeneira.gal\/index.php\/2024\/03\/27\/xurxo-pardo-voceiro-do-bng-de-pazos-de-borben\/#article","isPartOf":{"@id":"https:\/\/www.anovapeneira.gal\/index.php\/2024\/03\/27\/xurxo-pardo-voceiro-do-bng-de-pazos-de-borben\/"},"author":{"name":"Redacci\u00f3n A Nova Peneira","@id":"https:\/\/www.anovapeneira.gal\/#\/schema\/person\/b93e3f8932e3f8da96334607eb6ac6aa"},"headline":"Xurxo Pardo, voceiro do BNG de Pazos de Borb\u00e9n","datePublished":"2024-03-27T09:00:35+00:00","mainEntityOfPage":{"@id":"https:\/\/www.anovapeneira.gal\/index.php\/2024\/03\/27\/xurxo-pardo-voceiro-do-bng-de-pazos-de-borben\/"},"wordCount":1141,"commentCount":0,"publisher":{"@id":"https:\/\/www.anovapeneira.gal\/#organization"},"image":{"@id":"https:\/\/www.anovapeneira.gal\/index.php\/2024\/03\/27\/xurxo-pardo-voceiro-do-bng-de-pazos-de-borben\/#primaryimage"},"thumbnailUrl":"https:\/\/www.anovapeneira.gal\/wp-content\/uploads\/2024\/03\/xurxo_pardo_bng.jpg","keywords":["Concello de Redondela"],"articleSection":["Redondela"],"inLanguage":"gl-ES","potentialAction":[{"@type":"CommentAction","name":"Comment","target":["https:\/\/www.anovapeneira.gal\/index.php\/2024\/03\/27\/xurxo-pardo-voceiro-do-bng-de-pazos-de-borben\/#respond"]}]},{"@type":"WebPage","@id":"https:\/\/www.anovapeneira.gal\/index.php\/2024\/03\/27\/xurxo-pardo-voceiro-do-bng-de-pazos-de-borben\/","url":"https:\/\/www.anovapeneira.gal\/index.php\/2024\/03\/27\/xurxo-pardo-voceiro-do-bng-de-pazos-de-borben\/","name":"Xurxo Pardo, voceiro do BNG de Pazos de Borb\u00e9n -","isPartOf":{"@id":"https:\/\/www.anovapeneira.gal\/#website"},"primaryImageOfPage":{"@id":"https:\/\/www.anovapeneira.gal\/index.php\/2024\/03\/27\/xurxo-pardo-voceiro-do-bng-de-pazos-de-borben\/#primaryimage"},"image":{"@id":"https:\/\/www.anovapeneira.gal\/index.php\/2024\/03\/27\/xurxo-pardo-voceiro-do-bng-de-pazos-de-borben\/#primaryimage"},"thumbnailUrl":"https:\/\/www.anovapeneira.gal\/wp-content\/uploads\/2024\/03\/xurxo_pardo_bng.jpg","datePublished":"2024-03-27T09:00:35+00:00","description":"O BNG, despois de moito tempo f\u00f3ra do Concello de Pazos, recuperou a presenza institucional na persoa do veci\u00f1o do Pousi\u00f1o Xurxo Pardo","breadcrumb":{"@id":"https:\/\/www.anovapeneira.gal\/index.php\/2024\/03\/27\/xurxo-pardo-voceiro-do-bng-de-pazos-de-borben\/#breadcrumb"},"inLanguage":"gl-ES","potentialAction":[{"@type":"ReadAction","target":["https:\/\/www.anovapeneira.gal\/index.php\/2024\/03\/27\/xurxo-pardo-voceiro-do-bng-de-pazos-de-borben\/"]}]},{"@type":"ImageObject","inLanguage":"gl-ES","@id":"https:\/\/www.anovapeneira.gal\/index.php\/2024\/03\/27\/xurxo-pardo-voceiro-do-bng-de-pazos-de-borben\/#primaryimage","url":"https:\/\/www.anovapeneira.gal\/wp-content\/uploads\/2024\/03\/xurxo_pardo_bng.jpg","contentUrl":"https:\/\/www.anovapeneira.gal\/wp-content\/uploads\/2024\/03\/xurxo_pardo_bng.jpg","width":720,"height":432,"caption":"Xurxo Pardo, voceiro do BNG de Pazos de Borb\u00e9n"},{"@type":"BreadcrumbList","@id":"https:\/\/www.anovapeneira.gal\/index.php\/2024\/03\/27\/xurxo-pardo-voceiro-do-bng-de-pazos-de-borben\/#breadcrumb","itemListElement":[{"@type":"ListItem","position":1,"name":"Portada","item":"https:\/\/www.anovapeneira.gal\/"},{"@type":"ListItem","position":2,"name":"Xurxo Pardo, voceiro do BNG de Pazos de Borb\u00e9n"}]},{"@type":"WebSite","@id":"https:\/\/www.anovapeneira.gal\/#website","url":"https:\/\/www.anovapeneira.gal\/","name":"","description":"Xornal galego de informaci\u00f3n xeral Publicaci\u00f3n mensual de novas de Galicia e en especial dos Concellos da sur da provincia de Pontevedra.","publisher":{"@id":"https:\/\/www.anovapeneira.gal\/#organization"},"potentialAction":[{"@type":"SearchAction","target":{"@type":"EntryPoint","urlTemplate":"https:\/\/www.anovapeneira.gal\/?s={search_term_string}"},"query-input":{"@type":"PropertyValueSpecification","valueRequired":true,"valueName":"search_term_string"}}],"inLanguage":"gl-ES"},{"@type":"Organization","@id":"https:\/\/www.anovapeneira.gal\/#organization","name":"A Nova Peneira","url":"https:\/\/www.anovapeneira.gal\/","logo":{"@type":"ImageObject","inLanguage":"gl-ES","@id":"https:\/\/www.anovapeneira.gal\/#\/schema\/logo\/image\/","url":"http:\/\/www.anovapeneira.gal\/wp-content\/uploads\/2019\/06\/logo_a_nova_peneira_portal_web.png","contentUrl":"http:\/\/www.anovapeneira.gal\/wp-content\/uploads\/2019\/06\/logo_a_nova_peneira_portal_web.png","width":300,"height":100,"caption":"A Nova Peneira"},"image":{"@id":"https:\/\/www.anovapeneira.gal\/#\/schema\/logo\/image\/"},"sameAs":["https:\/\/www.facebook.com\/anovapeneira","https:\/\/x.com\/APeneira"]},{"@type":"Person","@id":"https:\/\/www.anovapeneira.gal\/#\/schema\/person\/b93e3f8932e3f8da96334607eb6ac6aa","name":"Redacci\u00f3n A Nova Peneira","image":{"@type":"ImageObject","inLanguage":"gl-ES","@id":"https:\/\/secure.gravatar.com\/avatar\/c052a2551a06e23fac63626232eaa90abd78dbcf1700fc46a2b2c89fd27b735f?s=96&d=mm&r=g","url":"https:\/\/secure.gravatar.com\/avatar\/c052a2551a06e23fac63626232eaa90abd78dbcf1700fc46a2b2c89fd27b735f?s=96&d=mm&r=g","contentUrl":"https:\/\/secure.gravatar.com\/avatar\/c052a2551a06e23fac63626232eaa90abd78dbcf1700fc46a2b2c89fd27b735f?s=96&d=mm&r=g","caption":"Redacci\u00f3n A Nova Peneira"},"sameAs":["http:\/\/www.anovapeneira.gal\/"],"url":"https:\/\/www.anovapeneira.gal\/index.php\/author\/redactor\/"}]}},"jetpack_featured_media_url":"https:\/\/www.anovapeneira.gal\/wp-content\/uploads\/2024\/03\/xurxo_pardo_bng.jpg","_links":{"self":[{"href":"https:\/\/www.anovapeneira.gal\/index.php\/wp-json\/wp\/v2\/posts\/11491","targetHints":{"allow":["GET"]}}],"collection":[{"href":"https:\/\/www.anovapeneira.gal\/index.php\/wp-json\/wp\/v2\/posts"}],"about":[{"href":"https:\/\/www.anovapeneira.gal\/index.php\/wp-json\/wp\/v2\/types\/post"}],"author":[{"embeddable":true,"href":"https:\/\/www.anovapeneira.gal\/index.php\/wp-json\/wp\/v2\/users\/3"}],"replies":[{"embeddable":true,"href":"https:\/\/www.anovapeneira.gal\/index.php\/wp-json\/wp\/v2\/comments?post=11491"}],"version-history":[{"count":1,"href":"https:\/\/www.anovapeneira.gal\/index.php\/wp-json\/wp\/v2\/posts\/11491\/revisions"}],"predecessor-version":[{"id":11493,"href":"https:\/\/www.anovapeneira.gal\/index.php\/wp-json\/wp\/v2\/posts\/11491\/revisions\/11493"}],"wp:featuredmedia":[{"embeddable":true,"href":"https:\/\/www.anovapeneira.gal\/index.php\/wp-json\/wp\/v2\/media\/11492"}],"wp:attachment":[{"href":"https:\/\/www.anovapeneira.gal\/index.php\/wp-json\/wp\/v2\/media?parent=11491"}],"wp:term":[{"taxonomy":"category","embeddable":true,"href":"https:\/\/www.anovapeneira.gal\/index.php\/wp-json\/wp\/v2\/categories?post=11491"},{"taxonomy":"post_tag","embeddable":true,"href":"https:\/\/www.anovapeneira.gal\/index.php\/wp-json\/wp\/v2\/tags?post=11491"}],"curies":[{"name":"wp","href":"https:\/\/api.w.org\/{rel}","templated":true}]}}