{"id":11505,"date":"2024-03-29T10:00:29","date_gmt":"2024-03-29T09:00:29","guid":{"rendered":"https:\/\/www.anovapeneira.gal\/?p=11505"},"modified":"2024-03-21T10:01:39","modified_gmt":"2024-03-21T09:01:39","slug":"trama-entramado-entrampado-e-outro-sinonimos","status":"publish","type":"post","link":"https:\/\/www.anovapeneira.gal\/index.php\/2024\/03\/29\/trama-entramado-entrampado-e-outro-sinonimos\/","title":{"rendered":"Trama, entramado, entrampado e outro sin\u00f3nimos"},"content":{"rendered":"\n<blockquote class=\"wp-block-quote is-layout-flow wp-block-quote-is-layout-flow\">\n<p>Marta Rodr\u00edguez M\u00e1rquez Secretaria do PP de A Ca\u00f1iza<\/p>\n<\/blockquote>\n\n\n\n<p>Chega a primavera e con ela unha morea de floreos pol\u00edticos, deses que cando nos brotan diante dos fouci\u00f1os fannos espirrar. A semente estaba a\u00ed, enterrada, pero non se v\u00eda, o talo comezaba a subir e entre as malas herbas, camufl\u00e1base, e segu\u00eda sen verse, pero sempre chega o d\u00eda no que todo abrocho florece e sae \u00e1 vista de todos.<\/p>\n\n\n\n<p>E as\u00ed, un tal Koldo, un tal \u00c1balos, unha Francina, un Oscar, un Bego\u00f1a e alg\u00fan\/algunha m\u00e1is, r\u00edfanse hoxe o t\u00edtulo dunha trama nos medios de comunicaci\u00f3n, por ter presuntamente mercadeado con cartos alleos e metido nos petos a mans cheas.<\/p>\n\n\n\n<p>No medio deste xard\u00edn do Partido Obreiro Espa\u00f1ol, hai unas semanas, no Concello da Ca\u00f1iza, o voceiro do Partido Popular sinalaba co dedo ao actual alcalde da Ca\u00f1iza, por un suposto negocio persoal que o alcalde ter\u00eda coa contrataci\u00f3n da luces. Acusaci\u00f3n que se fixo constar en acta no propio pleno e por ambas partes.<\/p>\n\n\n\n<p>A verdade \u00e9 que parece que existe unha defensa receosa de m\u00e1is, por levar este asunto das luces cara adiante, custe o que custe e caia quen caia: desde unha condena por parte do xulgado por ocultar informaci\u00f3n \u00e1 oposici\u00f3n sobre estes (e outros) expedientes, que o propio condenado (alcalde) decide incumprir co \u00fanico presunto obxectivo, de que esa documentaci\u00f3n non chegue en ning\u00fan momento \u00e1s mans do Partido Popular, a\u00ednda que iso poida ter como consecuencia unha posible inhabilitaci\u00f3n para cargo p\u00fablico de varios anos, para o rexedor municipal.<\/p>\n\n\n\n<p>Por outra banda, est\u00e1 o tema da intervenci\u00f3n das contas municipais por parte de Estado, que se tivo que aplicar por non ter presentado un plan de axuste en tempo e forma, e que Lu\u00eds Pi\u00f1a xustificou como unha consecuencia irremediable ao ter que pedir un pr\u00e9stamo para poder pagar unhas luces para as que non ti\u00f1a partida orzamentaria. Se aplicaba o plan de axuste non poder\u00eda pedir dito pr\u00e9stamo. As\u00ed que, axudado polos seus concelleiros que, ou ben por desco\u00f1ecemento, ou ben por omisi\u00f3n, votaron a favor de todos estes movementos axedrex\u00edsticos de Pi\u00f1a, preferiu comprometer seriamente as contas municipais, as\u00ed como a s\u00faa propia permanencia na alcald\u00eda.<\/p>\n\n\n\n<p>A simple vista, parece unha manobra desproporcionada para levar a cabo un cambio de luminarias que xa supera os dous mill\u00f3ns de euros. Unha operaci\u00f3n que se aprobou, en contra dos informes da intervenci\u00f3n municipal que xa predec\u00eda por aquel ent\u00f3n, o quebranto das arcas p\u00fablicas da Casa do Concello, se se insist\u00eda en levala a cabo. Unha operaci\u00f3n, que sempre se viu afectada pola ocultaci\u00f3n m\u00e1is absoluta, ata sobrepasar o l\u00edmite de ignorar unha sentenza xudicial sen importar as consecuencias legais que iso ter\u00eda. Demasiadas molestias por unhas simples farolas.<\/p>\n\n\n\n<p>Se hai detr\u00e1s unha posible trama de pol\u00edtica local ou non, ser\u00e1 cuesti\u00f3n de tempo que tam\u00e9n floreza. Polo pronto, Dom\u00ednguez, xa lle lanzou o guante a Pi\u00f1a e agora falta saber que pasos vai a dar este \u00faltimo.<\/p>\n\n\n\n<p>O anterior alcalde da Ca\u00f1iza, ao que Pi\u00f1a lle leva atribu\u00eddo todos os problemas econ\u00f3micos actuais (cinco anos despois de ter chegado el ao goberno), pero que a\u00ednda non houbo xulgado alg\u00fan que confirmase estas teor\u00edas, ter\u00eda bastante interese en que este asunto comezase a sa\u00edr \u00e1 luz, e estar\u00eda levando a cabo todas as pescudas correspondentes para poder promover o inicio dunha investigaci\u00f3n xudicial sobre o tema das luces.<\/p>\n\n\n\n<p>Parece que as presuntas tramas de corrupci\u00f3n do PSOE, ramif\u00edcanse dunha forma m\u00e1is al\u00e1 do imaxinable, e desde o m\u00e1is grande ao m\u00e1is pequeno, pasando por familiares e amigos, entrampados, conspiraci\u00f3ns e enganos\u2026 Unha morea de sin\u00f3nimos que s\u00f3 te\u00f1en presuntamente un \u00fanico fin: encher os bolsos propios cos cartos dos demais.<\/p>\n","protected":false},"excerpt":{"rendered":"<div class=\"mh-excerpt\"><p>Chega a primavera e con ela unha morea de floreos pol\u00edticos, deses que cando nos brotan diante dos fouci\u00f1os fannos espirrar. A semente estaba a\u00ed, enterrada, pero non se v\u00eda, o talo comezaba a subir e entre as malas herbas, camufl\u00e1base, e segu\u00eda sen verse, pero sempre chega o d\u00eda no que todo abrocho florece e sae \u00e1 vista de todos <a class=\"mh-excerpt-more\" href=\"https:\/\/www.anovapeneira.gal\/index.php\/2024\/03\/29\/trama-entramado-entrampado-e-outro-sinonimos\/\" title=\"Trama, entramado, entrampado e outro sin\u00f3nimos\">[&#8230;]<\/a><\/p>\n<\/div>","protected":false},"author":12,"featured_media":10448,"comment_status":"open","ping_status":"open","sticky":false,"template":"","format":"standard","meta":{"_exactmetrics_skip_tracking":false,"_exactmetrics_sitenote_active":false,"_exactmetrics_sitenote_note":"","_exactmetrics_sitenote_category":0,"footnotes":""},"categories":[7],"tags":[],"class_list":{"0":"post-11505","1":"post","2":"type-post","3":"status-publish","4":"format-standard","5":"has-post-thumbnail","7":"category-artigos-de-opinion"},"yoast_head":"<!-- This site is optimized with the Yoast SEO plugin v27.4 - https:\/\/yoast.com\/product\/yoast-seo-wordpress\/ -->\n<title>Trama, entramado, entrampado e outro sin\u00f3nimos -<\/title>\n<meta name=\"description\" content=\"Chega a primavera e con ela unha morea de floreos pol\u00edticos, deses que cando nos brotan diante dos fouci\u00f1os fannos espirrar. A semente estaba a\u00ed, enterrada, pero non se v\u00eda, o talo comezaba a subir e entre as malas herbas, camufl\u00e1base, e segu\u00eda sen verse, pero sempre chega o d\u00eda no que todo abrocho florece e sae \u00e1 vista de todos\" \/>\n<meta name=\"robots\" content=\"index, follow, max-snippet:-1, max-image-preview:large, max-video-preview:-1\" \/>\n<link rel=\"canonical\" href=\"https:\/\/www.anovapeneira.gal\/index.php\/2024\/03\/29\/trama-entramado-entrampado-e-outro-sinonimos\/\" \/>\n<meta property=\"og:locale\" content=\"gl_ES\" \/>\n<meta property=\"og:type\" content=\"article\" \/>\n<meta property=\"og:title\" content=\"Trama, entramado, entrampado e outro sin\u00f3nimos -\" \/>\n<meta property=\"og:description\" content=\"Chega a primavera e con ela unha morea de floreos pol\u00edticos, deses que cando nos brotan diante dos fouci\u00f1os fannos espirrar. A semente estaba a\u00ed, enterrada, pero non se v\u00eda, o talo comezaba a subir e entre as malas herbas, camufl\u00e1base, e segu\u00eda sen verse, pero sempre chega o d\u00eda no que todo abrocho florece e sae \u00e1 vista de todos\" \/>\n<meta property=\"og:url\" content=\"https:\/\/www.anovapeneira.gal\/index.php\/2024\/03\/29\/trama-entramado-entrampado-e-outro-sinonimos\/\" \/>\n<meta property=\"article:publisher\" content=\"https:\/\/www.facebook.com\/anovapeneira\" \/>\n<meta property=\"article:published_time\" content=\"2024-03-29T09:00:29+00:00\" \/>\n<meta property=\"og:image\" content=\"https:\/\/www.anovapeneira.gal\/wp-content\/uploads\/2023\/09\/marta_pp_caniza.jpg\" \/>\n\t<meta property=\"og:image:width\" content=\"720\" \/>\n\t<meta property=\"og:image:height\" content=\"432\" \/>\n\t<meta property=\"og:image:type\" content=\"image\/jpeg\" \/>\n<meta name=\"author\" content=\"Artigos Opini\u00f3n\" \/>\n<meta name=\"twitter:card\" content=\"summary_large_image\" \/>\n<meta name=\"twitter:creator\" content=\"@APeneira\" \/>\n<meta name=\"twitter:site\" content=\"@APeneira\" \/>\n<meta name=\"twitter:label1\" content=\"Escrito por\" \/>\n\t<meta name=\"twitter:data1\" content=\"Artigos Opini\u00f3n\" \/>\n\t<meta name=\"twitter:label2\" content=\"Tempo de lectura\" \/>\n\t<meta name=\"twitter:data2\" content=\"4 minutos\" \/>\n<script type=\"application\/ld+json\" class=\"yoast-schema-graph\">{\"@context\":\"https:\\\/\\\/schema.org\",\"@graph\":[{\"@type\":\"Article\",\"@id\":\"https:\\\/\\\/www.anovapeneira.gal\\\/index.php\\\/2024\\\/03\\\/29\\\/trama-entramado-entrampado-e-outro-sinonimos\\\/#article\",\"isPartOf\":{\"@id\":\"https:\\\/\\\/www.anovapeneira.gal\\\/index.php\\\/2024\\\/03\\\/29\\\/trama-entramado-entrampado-e-outro-sinonimos\\\/\"},\"author\":{\"name\":\"Artigos Opini\u00f3n\",\"@id\":\"https:\\\/\\\/www.anovapeneira.gal\\\/#\\\/schema\\\/person\\\/f18a4feb302e8f20bcef4490b5b60bb3\"},\"headline\":\"Trama, entramado, entrampado e outro sin\u00f3nimos\",\"datePublished\":\"2024-03-29T09:00:29+00:00\",\"mainEntityOfPage\":{\"@id\":\"https:\\\/\\\/www.anovapeneira.gal\\\/index.php\\\/2024\\\/03\\\/29\\\/trama-entramado-entrampado-e-outro-sinonimos\\\/\"},\"wordCount\":701,\"commentCount\":0,\"publisher\":{\"@id\":\"https:\\\/\\\/www.anovapeneira.gal\\\/#organization\"},\"image\":{\"@id\":\"https:\\\/\\\/www.anovapeneira.gal\\\/index.php\\\/2024\\\/03\\\/29\\\/trama-entramado-entrampado-e-outro-sinonimos\\\/#primaryimage\"},\"thumbnailUrl\":\"https:\\\/\\\/www.anovapeneira.gal\\\/wp-content\\\/uploads\\\/2023\\\/09\\\/marta_pp_caniza.jpg\",\"articleSection\":[\"Artigos de opini\u00f3n\"],\"inLanguage\":\"gl-ES\",\"potentialAction\":[{\"@type\":\"CommentAction\",\"name\":\"Comment\",\"target\":[\"https:\\\/\\\/www.anovapeneira.gal\\\/index.php\\\/2024\\\/03\\\/29\\\/trama-entramado-entrampado-e-outro-sinonimos\\\/#respond\"]}]},{\"@type\":\"WebPage\",\"@id\":\"https:\\\/\\\/www.anovapeneira.gal\\\/index.php\\\/2024\\\/03\\\/29\\\/trama-entramado-entrampado-e-outro-sinonimos\\\/\",\"url\":\"https:\\\/\\\/www.anovapeneira.gal\\\/index.php\\\/2024\\\/03\\\/29\\\/trama-entramado-entrampado-e-outro-sinonimos\\\/\",\"name\":\"Trama, entramado, entrampado e outro sin\u00f3nimos -\",\"isPartOf\":{\"@id\":\"https:\\\/\\\/www.anovapeneira.gal\\\/#website\"},\"primaryImageOfPage\":{\"@id\":\"https:\\\/\\\/www.anovapeneira.gal\\\/index.php\\\/2024\\\/03\\\/29\\\/trama-entramado-entrampado-e-outro-sinonimos\\\/#primaryimage\"},\"image\":{\"@id\":\"https:\\\/\\\/www.anovapeneira.gal\\\/index.php\\\/2024\\\/03\\\/29\\\/trama-entramado-entrampado-e-outro-sinonimos\\\/#primaryimage\"},\"thumbnailUrl\":\"https:\\\/\\\/www.anovapeneira.gal\\\/wp-content\\\/uploads\\\/2023\\\/09\\\/marta_pp_caniza.jpg\",\"datePublished\":\"2024-03-29T09:00:29+00:00\",\"description\":\"Chega a primavera e con ela unha morea de floreos pol\u00edticos, deses que cando nos brotan diante dos fouci\u00f1os fannos espirrar. A semente estaba a\u00ed, enterrada, pero non se v\u00eda, o talo comezaba a subir e entre as malas herbas, camufl\u00e1base, e segu\u00eda sen verse, pero sempre chega o d\u00eda no que todo abrocho florece e sae \u00e1 vista de todos\",\"breadcrumb\":{\"@id\":\"https:\\\/\\\/www.anovapeneira.gal\\\/index.php\\\/2024\\\/03\\\/29\\\/trama-entramado-entrampado-e-outro-sinonimos\\\/#breadcrumb\"},\"inLanguage\":\"gl-ES\",\"potentialAction\":[{\"@type\":\"ReadAction\",\"target\":[\"https:\\\/\\\/www.anovapeneira.gal\\\/index.php\\\/2024\\\/03\\\/29\\\/trama-entramado-entrampado-e-outro-sinonimos\\\/\"]}]},{\"@type\":\"ImageObject\",\"inLanguage\":\"gl-ES\",\"@id\":\"https:\\\/\\\/www.anovapeneira.gal\\\/index.php\\\/2024\\\/03\\\/29\\\/trama-entramado-entrampado-e-outro-sinonimos\\\/#primaryimage\",\"url\":\"https:\\\/\\\/www.anovapeneira.gal\\\/wp-content\\\/uploads\\\/2023\\\/09\\\/marta_pp_caniza.jpg\",\"contentUrl\":\"https:\\\/\\\/www.anovapeneira.gal\\\/wp-content\\\/uploads\\\/2023\\\/09\\\/marta_pp_caniza.jpg\",\"width\":720,\"height\":432,\"caption\":\"Marta Rodr\u00edguez M\u00e1rquez Secretaria do PP de A Ca\u00f1iza\"},{\"@type\":\"BreadcrumbList\",\"@id\":\"https:\\\/\\\/www.anovapeneira.gal\\\/index.php\\\/2024\\\/03\\\/29\\\/trama-entramado-entrampado-e-outro-sinonimos\\\/#breadcrumb\",\"itemListElement\":[{\"@type\":\"ListItem\",\"position\":1,\"name\":\"Portada\",\"item\":\"https:\\\/\\\/www.anovapeneira.gal\\\/\"},{\"@type\":\"ListItem\",\"position\":2,\"name\":\"Trama, entramado, entrampado e outro sin\u00f3nimos\"}]},{\"@type\":\"WebSite\",\"@id\":\"https:\\\/\\\/www.anovapeneira.gal\\\/#website\",\"url\":\"https:\\\/\\\/www.anovapeneira.gal\\\/\",\"name\":\"\",\"description\":\"Xornal galego de informaci\u00f3n xeral Publicaci\u00f3n mensual de novas de Galicia e en especial dos Concellos da sur da provincia de Pontevedra.\",\"publisher\":{\"@id\":\"https:\\\/\\\/www.anovapeneira.gal\\\/#organization\"},\"potentialAction\":[{\"@type\":\"SearchAction\",\"target\":{\"@type\":\"EntryPoint\",\"urlTemplate\":\"https:\\\/\\\/www.anovapeneira.gal\\\/?s={search_term_string}\"},\"query-input\":{\"@type\":\"PropertyValueSpecification\",\"valueRequired\":true,\"valueName\":\"search_term_string\"}}],\"inLanguage\":\"gl-ES\"},{\"@type\":\"Organization\",\"@id\":\"https:\\\/\\\/www.anovapeneira.gal\\\/#organization\",\"name\":\"A Nova Peneira\",\"url\":\"https:\\\/\\\/www.anovapeneira.gal\\\/\",\"logo\":{\"@type\":\"ImageObject\",\"inLanguage\":\"gl-ES\",\"@id\":\"https:\\\/\\\/www.anovapeneira.gal\\\/#\\\/schema\\\/logo\\\/image\\\/\",\"url\":\"http:\\\/\\\/www.anovapeneira.gal\\\/wp-content\\\/uploads\\\/2019\\\/06\\\/logo_a_nova_peneira_portal_web.png\",\"contentUrl\":\"http:\\\/\\\/www.anovapeneira.gal\\\/wp-content\\\/uploads\\\/2019\\\/06\\\/logo_a_nova_peneira_portal_web.png\",\"width\":300,\"height\":100,\"caption\":\"A Nova Peneira\"},\"image\":{\"@id\":\"https:\\\/\\\/www.anovapeneira.gal\\\/#\\\/schema\\\/logo\\\/image\\\/\"},\"sameAs\":[\"https:\\\/\\\/www.facebook.com\\\/anovapeneira\",\"https:\\\/\\\/x.com\\\/APeneira\"]},{\"@type\":\"Person\",\"@id\":\"https:\\\/\\\/www.anovapeneira.gal\\\/#\\\/schema\\\/person\\\/f18a4feb302e8f20bcef4490b5b60bb3\",\"name\":\"Artigos Opini\u00f3n\",\"image\":{\"@type\":\"ImageObject\",\"inLanguage\":\"gl-ES\",\"@id\":\"https:\\\/\\\/secure.gravatar.com\\\/avatar\\\/072844300f4881150aee2da4278f7a65d16eefdf8262eb67085f1e702de2b959?s=96&d=mm&r=g\",\"url\":\"https:\\\/\\\/secure.gravatar.com\\\/avatar\\\/072844300f4881150aee2da4278f7a65d16eefdf8262eb67085f1e702de2b959?s=96&d=mm&r=g\",\"contentUrl\":\"https:\\\/\\\/secure.gravatar.com\\\/avatar\\\/072844300f4881150aee2da4278f7a65d16eefdf8262eb67085f1e702de2b959?s=96&d=mm&r=g\",\"caption\":\"Artigos Opini\u00f3n\"},\"sameAs\":[\"http:\\\/\\\/anovapeneira.gal\"],\"url\":\"https:\\\/\\\/www.anovapeneira.gal\\\/index.php\\\/author\\\/artigosopinion\\\/\"}]}<\/script>\n<!-- \/ Yoast SEO plugin. -->","yoast_head_json":{"title":"Trama, entramado, entrampado e outro sin\u00f3nimos -","description":"Chega a primavera e con ela unha morea de floreos pol\u00edticos, deses que cando nos brotan diante dos fouci\u00f1os fannos espirrar. A semente estaba a\u00ed, enterrada, pero non se v\u00eda, o talo comezaba a subir e entre as malas herbas, camufl\u00e1base, e segu\u00eda sen verse, pero sempre chega o d\u00eda no que todo abrocho florece e sae \u00e1 vista de todos","robots":{"index":"index","follow":"follow","max-snippet":"max-snippet:-1","max-image-preview":"max-image-preview:large","max-video-preview":"max-video-preview:-1"},"canonical":"https:\/\/www.anovapeneira.gal\/index.php\/2024\/03\/29\/trama-entramado-entrampado-e-outro-sinonimos\/","og_locale":"gl_ES","og_type":"article","og_title":"Trama, entramado, entrampado e outro sin\u00f3nimos -","og_description":"Chega a primavera e con ela unha morea de floreos pol\u00edticos, deses que cando nos brotan diante dos fouci\u00f1os fannos espirrar. A semente estaba a\u00ed, enterrada, pero non se v\u00eda, o talo comezaba a subir e entre as malas herbas, camufl\u00e1base, e segu\u00eda sen verse, pero sempre chega o d\u00eda no que todo abrocho florece e sae \u00e1 vista de todos","og_url":"https:\/\/www.anovapeneira.gal\/index.php\/2024\/03\/29\/trama-entramado-entrampado-e-outro-sinonimos\/","article_publisher":"https:\/\/www.facebook.com\/anovapeneira","article_published_time":"2024-03-29T09:00:29+00:00","og_image":[{"width":720,"height":432,"url":"https:\/\/www.anovapeneira.gal\/wp-content\/uploads\/2023\/09\/marta_pp_caniza.jpg","type":"image\/jpeg"}],"author":"Artigos Opini\u00f3n","twitter_card":"summary_large_image","twitter_creator":"@APeneira","twitter_site":"@APeneira","twitter_misc":{"Escrito por":"Artigos Opini\u00f3n","Tempo de lectura":"4 minutos"},"schema":{"@context":"https:\/\/schema.org","@graph":[{"@type":"Article","@id":"https:\/\/www.anovapeneira.gal\/index.php\/2024\/03\/29\/trama-entramado-entrampado-e-outro-sinonimos\/#article","isPartOf":{"@id":"https:\/\/www.anovapeneira.gal\/index.php\/2024\/03\/29\/trama-entramado-entrampado-e-outro-sinonimos\/"},"author":{"name":"Artigos Opini\u00f3n","@id":"https:\/\/www.anovapeneira.gal\/#\/schema\/person\/f18a4feb302e8f20bcef4490b5b60bb3"},"headline":"Trama, entramado, entrampado e outro sin\u00f3nimos","datePublished":"2024-03-29T09:00:29+00:00","mainEntityOfPage":{"@id":"https:\/\/www.anovapeneira.gal\/index.php\/2024\/03\/29\/trama-entramado-entrampado-e-outro-sinonimos\/"},"wordCount":701,"commentCount":0,"publisher":{"@id":"https:\/\/www.anovapeneira.gal\/#organization"},"image":{"@id":"https:\/\/www.anovapeneira.gal\/index.php\/2024\/03\/29\/trama-entramado-entrampado-e-outro-sinonimos\/#primaryimage"},"thumbnailUrl":"https:\/\/www.anovapeneira.gal\/wp-content\/uploads\/2023\/09\/marta_pp_caniza.jpg","articleSection":["Artigos de opini\u00f3n"],"inLanguage":"gl-ES","potentialAction":[{"@type":"CommentAction","name":"Comment","target":["https:\/\/www.anovapeneira.gal\/index.php\/2024\/03\/29\/trama-entramado-entrampado-e-outro-sinonimos\/#respond"]}]},{"@type":"WebPage","@id":"https:\/\/www.anovapeneira.gal\/index.php\/2024\/03\/29\/trama-entramado-entrampado-e-outro-sinonimos\/","url":"https:\/\/www.anovapeneira.gal\/index.php\/2024\/03\/29\/trama-entramado-entrampado-e-outro-sinonimos\/","name":"Trama, entramado, entrampado e outro sin\u00f3nimos -","isPartOf":{"@id":"https:\/\/www.anovapeneira.gal\/#website"},"primaryImageOfPage":{"@id":"https:\/\/www.anovapeneira.gal\/index.php\/2024\/03\/29\/trama-entramado-entrampado-e-outro-sinonimos\/#primaryimage"},"image":{"@id":"https:\/\/www.anovapeneira.gal\/index.php\/2024\/03\/29\/trama-entramado-entrampado-e-outro-sinonimos\/#primaryimage"},"thumbnailUrl":"https:\/\/www.anovapeneira.gal\/wp-content\/uploads\/2023\/09\/marta_pp_caniza.jpg","datePublished":"2024-03-29T09:00:29+00:00","description":"Chega a primavera e con ela unha morea de floreos pol\u00edticos, deses que cando nos brotan diante dos fouci\u00f1os fannos espirrar. A semente estaba a\u00ed, enterrada, pero non se v\u00eda, o talo comezaba a subir e entre as malas herbas, camufl\u00e1base, e segu\u00eda sen verse, pero sempre chega o d\u00eda no que todo abrocho florece e sae \u00e1 vista de todos","breadcrumb":{"@id":"https:\/\/www.anovapeneira.gal\/index.php\/2024\/03\/29\/trama-entramado-entrampado-e-outro-sinonimos\/#breadcrumb"},"inLanguage":"gl-ES","potentialAction":[{"@type":"ReadAction","target":["https:\/\/www.anovapeneira.gal\/index.php\/2024\/03\/29\/trama-entramado-entrampado-e-outro-sinonimos\/"]}]},{"@type":"ImageObject","inLanguage":"gl-ES","@id":"https:\/\/www.anovapeneira.gal\/index.php\/2024\/03\/29\/trama-entramado-entrampado-e-outro-sinonimos\/#primaryimage","url":"https:\/\/www.anovapeneira.gal\/wp-content\/uploads\/2023\/09\/marta_pp_caniza.jpg","contentUrl":"https:\/\/www.anovapeneira.gal\/wp-content\/uploads\/2023\/09\/marta_pp_caniza.jpg","width":720,"height":432,"caption":"Marta Rodr\u00edguez M\u00e1rquez Secretaria do PP de A Ca\u00f1iza"},{"@type":"BreadcrumbList","@id":"https:\/\/www.anovapeneira.gal\/index.php\/2024\/03\/29\/trama-entramado-entrampado-e-outro-sinonimos\/#breadcrumb","itemListElement":[{"@type":"ListItem","position":1,"name":"Portada","item":"https:\/\/www.anovapeneira.gal\/"},{"@type":"ListItem","position":2,"name":"Trama, entramado, entrampado e outro sin\u00f3nimos"}]},{"@type":"WebSite","@id":"https:\/\/www.anovapeneira.gal\/#website","url":"https:\/\/www.anovapeneira.gal\/","name":"","description":"Xornal galego de informaci\u00f3n xeral Publicaci\u00f3n mensual de novas de Galicia e en especial dos Concellos da sur da provincia de Pontevedra.","publisher":{"@id":"https:\/\/www.anovapeneira.gal\/#organization"},"potentialAction":[{"@type":"SearchAction","target":{"@type":"EntryPoint","urlTemplate":"https:\/\/www.anovapeneira.gal\/?s={search_term_string}"},"query-input":{"@type":"PropertyValueSpecification","valueRequired":true,"valueName":"search_term_string"}}],"inLanguage":"gl-ES"},{"@type":"Organization","@id":"https:\/\/www.anovapeneira.gal\/#organization","name":"A Nova Peneira","url":"https:\/\/www.anovapeneira.gal\/","logo":{"@type":"ImageObject","inLanguage":"gl-ES","@id":"https:\/\/www.anovapeneira.gal\/#\/schema\/logo\/image\/","url":"http:\/\/www.anovapeneira.gal\/wp-content\/uploads\/2019\/06\/logo_a_nova_peneira_portal_web.png","contentUrl":"http:\/\/www.anovapeneira.gal\/wp-content\/uploads\/2019\/06\/logo_a_nova_peneira_portal_web.png","width":300,"height":100,"caption":"A Nova Peneira"},"image":{"@id":"https:\/\/www.anovapeneira.gal\/#\/schema\/logo\/image\/"},"sameAs":["https:\/\/www.facebook.com\/anovapeneira","https:\/\/x.com\/APeneira"]},{"@type":"Person","@id":"https:\/\/www.anovapeneira.gal\/#\/schema\/person\/f18a4feb302e8f20bcef4490b5b60bb3","name":"Artigos Opini\u00f3n","image":{"@type":"ImageObject","inLanguage":"gl-ES","@id":"https:\/\/secure.gravatar.com\/avatar\/072844300f4881150aee2da4278f7a65d16eefdf8262eb67085f1e702de2b959?s=96&d=mm&r=g","url":"https:\/\/secure.gravatar.com\/avatar\/072844300f4881150aee2da4278f7a65d16eefdf8262eb67085f1e702de2b959?s=96&d=mm&r=g","contentUrl":"https:\/\/secure.gravatar.com\/avatar\/072844300f4881150aee2da4278f7a65d16eefdf8262eb67085f1e702de2b959?s=96&d=mm&r=g","caption":"Artigos Opini\u00f3n"},"sameAs":["http:\/\/anovapeneira.gal"],"url":"https:\/\/www.anovapeneira.gal\/index.php\/author\/artigosopinion\/"}]}},"jetpack_featured_media_url":"https:\/\/www.anovapeneira.gal\/wp-content\/uploads\/2023\/09\/marta_pp_caniza.jpg","_links":{"self":[{"href":"https:\/\/www.anovapeneira.gal\/index.php\/wp-json\/wp\/v2\/posts\/11505","targetHints":{"allow":["GET"]}}],"collection":[{"href":"https:\/\/www.anovapeneira.gal\/index.php\/wp-json\/wp\/v2\/posts"}],"about":[{"href":"https:\/\/www.anovapeneira.gal\/index.php\/wp-json\/wp\/v2\/types\/post"}],"author":[{"embeddable":true,"href":"https:\/\/www.anovapeneira.gal\/index.php\/wp-json\/wp\/v2\/users\/12"}],"replies":[{"embeddable":true,"href":"https:\/\/www.anovapeneira.gal\/index.php\/wp-json\/wp\/v2\/comments?post=11505"}],"version-history":[{"count":1,"href":"https:\/\/www.anovapeneira.gal\/index.php\/wp-json\/wp\/v2\/posts\/11505\/revisions"}],"predecessor-version":[{"id":11506,"href":"https:\/\/www.anovapeneira.gal\/index.php\/wp-json\/wp\/v2\/posts\/11505\/revisions\/11506"}],"wp:featuredmedia":[{"embeddable":true,"href":"https:\/\/www.anovapeneira.gal\/index.php\/wp-json\/wp\/v2\/media\/10448"}],"wp:attachment":[{"href":"https:\/\/www.anovapeneira.gal\/index.php\/wp-json\/wp\/v2\/media?parent=11505"}],"wp:term":[{"taxonomy":"category","embeddable":true,"href":"https:\/\/www.anovapeneira.gal\/index.php\/wp-json\/wp\/v2\/categories?post=11505"},{"taxonomy":"post_tag","embeddable":true,"href":"https:\/\/www.anovapeneira.gal\/index.php\/wp-json\/wp\/v2\/tags?post=11505"}],"curies":[{"name":"wp","href":"https:\/\/api.w.org\/{rel}","templated":true}]}}