{"id":11507,"date":"2024-03-29T12:00:54","date_gmt":"2024-03-29T11:00:54","guid":{"rendered":"https:\/\/www.anovapeneira.gal\/?p=11507"},"modified":"2024-03-21T10:04:16","modified_gmt":"2024-03-21T09:04:16","slug":"o-saf-de-salceda-denuncia-que-cobra-salarios-ate-case-1000-euros-por-debaixo-do-convenio","status":"publish","type":"post","link":"https:\/\/www.anovapeneira.gal\/index.php\/2024\/03\/29\/o-saf-de-salceda-denuncia-que-cobra-salarios-ate-case-1000-euros-por-debaixo-do-convenio\/","title":{"rendered":"O SAF de Salceda denuncia que cobra salarios at\u00e9 case 1000 euros por debaixo do convenio"},"content":{"rendered":"\n<h2 class=\"wp-block-heading\"><em><strong>O persoal afectado interveu no pleno para explicar a s\u00faa situaci\u00f3n e mobilizouse coincidindo co D\u00eda Internacional das Mulleres Traballadoras<\/strong><\/em><\/h2>\n\n\n\n<p><strong>Salceda, 15 de marzo de 2024. <\/strong><\/p>\n\n\n\n<p>As traballadoras do Servizo de Axudo no Fogar (SAF) de Salceda de Caselas levan 14 meses denunciando diante do Concello que est\u00e1n a percibir salarios por debaixo do que establece o convenio colectivo, xa que o incremento acumulado do IPC e o feito de que o contrato fose licitado a prezo de custe provoca que estean a ingresar at\u00e9 case 1000 euros menos ao ano. Ante a falta de resposta, decidiron pasar \u00e1 acci\u00f3n e intervi\u00f1eron no pleno para explicar a s\u00faa situaci\u00f3n, ademais de mobilizarse nun acto municipal coincidindo co D\u00eda Internacional das Mulleres Traballadoras.<\/p>\n\n\n\n<p>Dende a CIG que lembran que esta problem\u00e1tica que padecen as empregadas do SAF ten a s\u00faa orixe en 2020, cando o Concello xunto coa publicaci\u00f3n dos pregos de condici\u00f3ns do concurso emite un estudo econ\u00f3mico que fixaba o prezo do servizo en 17,99 \u20ac\/hora e no que se conclu\u00eda que o 90% do custe do servizo antes de beneficio corresponde a gastos de persoal. \u201cMais finalmente foi licitado por catro anos a 16,70 \u20ac\/hora, apenas d\u00faas cent\u00e9simas por enriba do custe de persoal\u201d. Ademais, nese estudo econ\u00f3mico estim\u00e1base un crecemento do IPC do 1,5%, \u201cpero a realidade econ\u00f3mica derivada da crise da inflaci\u00f3n provocou un incremento do IPC acumulado nestes tres anos do 15,4% , unha cantidade imprevista e inasum\u00edbel para un contrato que foi a licitado a prezo de custe\u201d.<\/p>\n\n\n\n<p>A maiores, as auxiliares do SAF de Salceda padecen unhas condici\u00f3ns de traballo caracterizadas pola falta de descanso semanal e diario, escaseza de medidas de seguridade e hixiene, xornadas partidas at\u00e9 en tres per\u00edodos, abuso da contrataci\u00f3n parcial, flexibilidade e dispo\u00f1ibilidade absolutas, coche propio a disposici\u00f3n do Concello, etc. \u201cE todo por un soldo medio de apenas 800,3 euros netos, polo que nos atopamos con nais de familia que te\u00f1en traballo pero non salario, con traballadoras municipais que non alcanzan a ser sustento da s\u00faa familia\u201d, censuran.<\/p>\n\n\n\n<p>Por iso as afectadas, co apoio da CIG, levan 14 meses na procura dunha soluci\u00f3n, \u201csentando at\u00e9 en cinco ocasi\u00f3ns na mesa \u00e1 empresa, aos distintos gobernos e a varias concelleiras, ofrecendo acordos, visitando despachos, e at\u00e9 mantendo xuntanzas en bares\u201d, tal e como sinalou a traballadora encargada de intervir no pleno en representaci\u00f3n das s\u00faas 29 compa\u00f1eiras.<\/p>\n\n\n\n<p>\u201cA Alcald\u00eda compromet\u00e9rase a que unha vez aprobado o incremento do IBI poder\u00edase abordar a actualizaci\u00f3n do prezo do SAF que permitir\u00eda o cobro de atrasos; pero todo segue igual, polo que reclamamos medidas urxentes como a actualizaci\u00f3n do prezo ou a apertura dun expediente \u00e1 empresa, se \u00e9 necesario, e a resoluci\u00f3n do contrato, as\u00ed como o inicio inmediato dos tr\u00e1mites dunha nova licitaci\u00f3n\u201d. Finalmente, anuncian que at\u00e9 que isto non se produza seguir\u00e1n acudindo a todos os plenos e desenvolvendo mobilizaci\u00f3ns, como a que tivo lugar o pasado 8 de marzo, D\u00eda Internacional das Mulleres Traballadoras, coincidindo cun acto organizado polo Concello.<\/p>\n","protected":false},"excerpt":{"rendered":"<div class=\"mh-excerpt\"><p>O persoal afectado interveu no pleno para explicar a s\u00faa situaci\u00f3n e mobilizouse coincidindo co D\u00eda Internacional das Mulleres Traballadoras <a class=\"mh-excerpt-more\" href=\"https:\/\/www.anovapeneira.gal\/index.php\/2024\/03\/29\/o-saf-de-salceda-denuncia-que-cobra-salarios-ate-case-1000-euros-por-debaixo-do-convenio\/\" title=\"O SAF de Salceda denuncia que cobra salarios at\u00e9 case 1000 euros por debaixo do convenio\">[&#8230;]<\/a><\/p>\n<\/div>","protected":false},"author":3,"featured_media":632,"comment_status":"open","ping_status":"open","sticky":false,"template":"","format":"standard","meta":{"_exactmetrics_skip_tracking":false,"_exactmetrics_sitenote_active":false,"_exactmetrics_sitenote_note":"","_exactmetrics_sitenote_category":0,"footnotes":""},"categories":[25],"tags":[359],"class_list":{"0":"post-11507","1":"post","2":"type-post","3":"status-publish","4":"format-standard","5":"has-post-thumbnail","7":"category-condado","8":"tag-concello-de-salceda-de-caselas"},"yoast_head":"<!-- This site is optimized with the Yoast SEO plugin v27.4 - https:\/\/yoast.com\/product\/yoast-seo-wordpress\/ -->\n<title>O SAF de Salceda denuncia que cobra salarios at\u00e9 case 1000 euros por debaixo do convenio -<\/title>\n<meta name=\"description\" content=\"O persoal afectado interveu no pleno para explicar a s\u00faa situaci\u00f3n e mobilizouse coincidindo co D\u00eda Internacional das Mulleres Traballadoras\" \/>\n<meta name=\"robots\" content=\"index, follow, max-snippet:-1, max-image-preview:large, max-video-preview:-1\" \/>\n<link rel=\"canonical\" href=\"https:\/\/www.anovapeneira.gal\/index.php\/2024\/03\/29\/o-saf-de-salceda-denuncia-que-cobra-salarios-ate-case-1000-euros-por-debaixo-do-convenio\/\" \/>\n<meta property=\"og:locale\" content=\"gl_ES\" \/>\n<meta property=\"og:type\" content=\"article\" \/>\n<meta property=\"og:title\" content=\"O SAF de Salceda denuncia que cobra salarios at\u00e9 case 1000 euros por debaixo do convenio -\" \/>\n<meta property=\"og:description\" content=\"O persoal afectado interveu no pleno para explicar a s\u00faa situaci\u00f3n e mobilizouse coincidindo co D\u00eda Internacional das Mulleres Traballadoras\" \/>\n<meta property=\"og:url\" content=\"https:\/\/www.anovapeneira.gal\/index.php\/2024\/03\/29\/o-saf-de-salceda-denuncia-que-cobra-salarios-ate-case-1000-euros-por-debaixo-do-convenio\/\" \/>\n<meta property=\"article:publisher\" content=\"https:\/\/www.facebook.com\/anovapeneira\" \/>\n<meta property=\"article:published_time\" content=\"2024-03-29T11:00:54+00:00\" \/>\n<meta property=\"og:image\" content=\"https:\/\/www.anovapeneira.gal\/wp-content\/uploads\/2019\/07\/CIG_a_nova_peneira.png\" \/>\n\t<meta property=\"og:image:width\" content=\"720\" \/>\n\t<meta property=\"og:image:height\" content=\"473\" \/>\n\t<meta property=\"og:image:type\" content=\"image\/png\" \/>\n<meta name=\"author\" content=\"Redacci\u00f3n A Nova Peneira\" \/>\n<meta name=\"twitter:card\" content=\"summary_large_image\" \/>\n<meta name=\"twitter:creator\" content=\"@APeneira\" \/>\n<meta name=\"twitter:site\" content=\"@APeneira\" \/>\n<meta name=\"twitter:label1\" content=\"Escrito por\" \/>\n\t<meta name=\"twitter:data1\" content=\"Redacci\u00f3n A Nova Peneira\" \/>\n\t<meta name=\"twitter:label2\" content=\"Tempo de lectura\" \/>\n\t<meta name=\"twitter:data2\" content=\"3 minutos\" \/>\n<script type=\"application\/ld+json\" class=\"yoast-schema-graph\">{\"@context\":\"https:\\\/\\\/schema.org\",\"@graph\":[{\"@type\":\"Article\",\"@id\":\"https:\\\/\\\/www.anovapeneira.gal\\\/index.php\\\/2024\\\/03\\\/29\\\/o-saf-de-salceda-denuncia-que-cobra-salarios-ate-case-1000-euros-por-debaixo-do-convenio\\\/#article\",\"isPartOf\":{\"@id\":\"https:\\\/\\\/www.anovapeneira.gal\\\/index.php\\\/2024\\\/03\\\/29\\\/o-saf-de-salceda-denuncia-que-cobra-salarios-ate-case-1000-euros-por-debaixo-do-convenio\\\/\"},\"author\":{\"name\":\"Redacci\u00f3n A Nova Peneira\",\"@id\":\"https:\\\/\\\/www.anovapeneira.gal\\\/#\\\/schema\\\/person\\\/b93e3f8932e3f8da96334607eb6ac6aa\"},\"headline\":\"O SAF de Salceda denuncia que cobra salarios at\u00e9 case 1000 euros por debaixo do convenio\",\"datePublished\":\"2024-03-29T11:00:54+00:00\",\"mainEntityOfPage\":{\"@id\":\"https:\\\/\\\/www.anovapeneira.gal\\\/index.php\\\/2024\\\/03\\\/29\\\/o-saf-de-salceda-denuncia-que-cobra-salarios-ate-case-1000-euros-por-debaixo-do-convenio\\\/\"},\"wordCount\":545,\"commentCount\":0,\"publisher\":{\"@id\":\"https:\\\/\\\/www.anovapeneira.gal\\\/#organization\"},\"image\":{\"@id\":\"https:\\\/\\\/www.anovapeneira.gal\\\/index.php\\\/2024\\\/03\\\/29\\\/o-saf-de-salceda-denuncia-que-cobra-salarios-ate-case-1000-euros-por-debaixo-do-convenio\\\/#primaryimage\"},\"thumbnailUrl\":\"https:\\\/\\\/www.anovapeneira.gal\\\/wp-content\\\/uploads\\\/2019\\\/07\\\/CIG_a_nova_peneira.png\",\"keywords\":[\"Concello de Salceda de Caselas\"],\"articleSection\":[\"Condado\"],\"inLanguage\":\"gl-ES\",\"potentialAction\":[{\"@type\":\"CommentAction\",\"name\":\"Comment\",\"target\":[\"https:\\\/\\\/www.anovapeneira.gal\\\/index.php\\\/2024\\\/03\\\/29\\\/o-saf-de-salceda-denuncia-que-cobra-salarios-ate-case-1000-euros-por-debaixo-do-convenio\\\/#respond\"]}]},{\"@type\":\"WebPage\",\"@id\":\"https:\\\/\\\/www.anovapeneira.gal\\\/index.php\\\/2024\\\/03\\\/29\\\/o-saf-de-salceda-denuncia-que-cobra-salarios-ate-case-1000-euros-por-debaixo-do-convenio\\\/\",\"url\":\"https:\\\/\\\/www.anovapeneira.gal\\\/index.php\\\/2024\\\/03\\\/29\\\/o-saf-de-salceda-denuncia-que-cobra-salarios-ate-case-1000-euros-por-debaixo-do-convenio\\\/\",\"name\":\"O SAF de Salceda denuncia que cobra salarios at\u00e9 case 1000 euros por debaixo do convenio -\",\"isPartOf\":{\"@id\":\"https:\\\/\\\/www.anovapeneira.gal\\\/#website\"},\"primaryImageOfPage\":{\"@id\":\"https:\\\/\\\/www.anovapeneira.gal\\\/index.php\\\/2024\\\/03\\\/29\\\/o-saf-de-salceda-denuncia-que-cobra-salarios-ate-case-1000-euros-por-debaixo-do-convenio\\\/#primaryimage\"},\"image\":{\"@id\":\"https:\\\/\\\/www.anovapeneira.gal\\\/index.php\\\/2024\\\/03\\\/29\\\/o-saf-de-salceda-denuncia-que-cobra-salarios-ate-case-1000-euros-por-debaixo-do-convenio\\\/#primaryimage\"},\"thumbnailUrl\":\"https:\\\/\\\/www.anovapeneira.gal\\\/wp-content\\\/uploads\\\/2019\\\/07\\\/CIG_a_nova_peneira.png\",\"datePublished\":\"2024-03-29T11:00:54+00:00\",\"description\":\"O persoal afectado interveu no pleno para explicar a s\u00faa situaci\u00f3n e mobilizouse coincidindo co D\u00eda Internacional das Mulleres Traballadoras\",\"breadcrumb\":{\"@id\":\"https:\\\/\\\/www.anovapeneira.gal\\\/index.php\\\/2024\\\/03\\\/29\\\/o-saf-de-salceda-denuncia-que-cobra-salarios-ate-case-1000-euros-por-debaixo-do-convenio\\\/#breadcrumb\"},\"inLanguage\":\"gl-ES\",\"potentialAction\":[{\"@type\":\"ReadAction\",\"target\":[\"https:\\\/\\\/www.anovapeneira.gal\\\/index.php\\\/2024\\\/03\\\/29\\\/o-saf-de-salceda-denuncia-que-cobra-salarios-ate-case-1000-euros-por-debaixo-do-convenio\\\/\"]}]},{\"@type\":\"ImageObject\",\"inLanguage\":\"gl-ES\",\"@id\":\"https:\\\/\\\/www.anovapeneira.gal\\\/index.php\\\/2024\\\/03\\\/29\\\/o-saf-de-salceda-denuncia-que-cobra-salarios-ate-case-1000-euros-por-debaixo-do-convenio\\\/#primaryimage\",\"url\":\"https:\\\/\\\/www.anovapeneira.gal\\\/wp-content\\\/uploads\\\/2019\\\/07\\\/CIG_a_nova_peneira.png\",\"contentUrl\":\"https:\\\/\\\/www.anovapeneira.gal\\\/wp-content\\\/uploads\\\/2019\\\/07\\\/CIG_a_nova_peneira.png\",\"width\":720,\"height\":473,\"caption\":\"Confederaci\u00f3n Intersindical Galega A Nova Peneira\"},{\"@type\":\"BreadcrumbList\",\"@id\":\"https:\\\/\\\/www.anovapeneira.gal\\\/index.php\\\/2024\\\/03\\\/29\\\/o-saf-de-salceda-denuncia-que-cobra-salarios-ate-case-1000-euros-por-debaixo-do-convenio\\\/#breadcrumb\",\"itemListElement\":[{\"@type\":\"ListItem\",\"position\":1,\"name\":\"Portada\",\"item\":\"https:\\\/\\\/www.anovapeneira.gal\\\/\"},{\"@type\":\"ListItem\",\"position\":2,\"name\":\"O SAF de Salceda denuncia que cobra salarios at\u00e9 case 1000 euros por debaixo do convenio\"}]},{\"@type\":\"WebSite\",\"@id\":\"https:\\\/\\\/www.anovapeneira.gal\\\/#website\",\"url\":\"https:\\\/\\\/www.anovapeneira.gal\\\/\",\"name\":\"\",\"description\":\"Xornal galego de informaci\u00f3n xeral Publicaci\u00f3n mensual de novas de Galicia e en especial dos Concellos da sur da provincia de Pontevedra.\",\"publisher\":{\"@id\":\"https:\\\/\\\/www.anovapeneira.gal\\\/#organization\"},\"potentialAction\":[{\"@type\":\"SearchAction\",\"target\":{\"@type\":\"EntryPoint\",\"urlTemplate\":\"https:\\\/\\\/www.anovapeneira.gal\\\/?s={search_term_string}\"},\"query-input\":{\"@type\":\"PropertyValueSpecification\",\"valueRequired\":true,\"valueName\":\"search_term_string\"}}],\"inLanguage\":\"gl-ES\"},{\"@type\":\"Organization\",\"@id\":\"https:\\\/\\\/www.anovapeneira.gal\\\/#organization\",\"name\":\"A Nova Peneira\",\"url\":\"https:\\\/\\\/www.anovapeneira.gal\\\/\",\"logo\":{\"@type\":\"ImageObject\",\"inLanguage\":\"gl-ES\",\"@id\":\"https:\\\/\\\/www.anovapeneira.gal\\\/#\\\/schema\\\/logo\\\/image\\\/\",\"url\":\"http:\\\/\\\/www.anovapeneira.gal\\\/wp-content\\\/uploads\\\/2019\\\/06\\\/logo_a_nova_peneira_portal_web.png\",\"contentUrl\":\"http:\\\/\\\/www.anovapeneira.gal\\\/wp-content\\\/uploads\\\/2019\\\/06\\\/logo_a_nova_peneira_portal_web.png\",\"width\":300,\"height\":100,\"caption\":\"A Nova Peneira\"},\"image\":{\"@id\":\"https:\\\/\\\/www.anovapeneira.gal\\\/#\\\/schema\\\/logo\\\/image\\\/\"},\"sameAs\":[\"https:\\\/\\\/www.facebook.com\\\/anovapeneira\",\"https:\\\/\\\/x.com\\\/APeneira\"]},{\"@type\":\"Person\",\"@id\":\"https:\\\/\\\/www.anovapeneira.gal\\\/#\\\/schema\\\/person\\\/b93e3f8932e3f8da96334607eb6ac6aa\",\"name\":\"Redacci\u00f3n A Nova Peneira\",\"image\":{\"@type\":\"ImageObject\",\"inLanguage\":\"gl-ES\",\"@id\":\"https:\\\/\\\/secure.gravatar.com\\\/avatar\\\/c052a2551a06e23fac63626232eaa90abd78dbcf1700fc46a2b2c89fd27b735f?s=96&d=mm&r=g\",\"url\":\"https:\\\/\\\/secure.gravatar.com\\\/avatar\\\/c052a2551a06e23fac63626232eaa90abd78dbcf1700fc46a2b2c89fd27b735f?s=96&d=mm&r=g\",\"contentUrl\":\"https:\\\/\\\/secure.gravatar.com\\\/avatar\\\/c052a2551a06e23fac63626232eaa90abd78dbcf1700fc46a2b2c89fd27b735f?s=96&d=mm&r=g\",\"caption\":\"Redacci\u00f3n A Nova Peneira\"},\"sameAs\":[\"http:\\\/\\\/www.anovapeneira.gal\\\/\"],\"url\":\"https:\\\/\\\/www.anovapeneira.gal\\\/index.php\\\/author\\\/redactor\\\/\"}]}<\/script>\n<!-- \/ Yoast SEO plugin. -->","yoast_head_json":{"title":"O SAF de Salceda denuncia que cobra salarios at\u00e9 case 1000 euros por debaixo do convenio -","description":"O persoal afectado interveu no pleno para explicar a s\u00faa situaci\u00f3n e mobilizouse coincidindo co D\u00eda Internacional das Mulleres Traballadoras","robots":{"index":"index","follow":"follow","max-snippet":"max-snippet:-1","max-image-preview":"max-image-preview:large","max-video-preview":"max-video-preview:-1"},"canonical":"https:\/\/www.anovapeneira.gal\/index.php\/2024\/03\/29\/o-saf-de-salceda-denuncia-que-cobra-salarios-ate-case-1000-euros-por-debaixo-do-convenio\/","og_locale":"gl_ES","og_type":"article","og_title":"O SAF de Salceda denuncia que cobra salarios at\u00e9 case 1000 euros por debaixo do convenio -","og_description":"O persoal afectado interveu no pleno para explicar a s\u00faa situaci\u00f3n e mobilizouse coincidindo co D\u00eda Internacional das Mulleres Traballadoras","og_url":"https:\/\/www.anovapeneira.gal\/index.php\/2024\/03\/29\/o-saf-de-salceda-denuncia-que-cobra-salarios-ate-case-1000-euros-por-debaixo-do-convenio\/","article_publisher":"https:\/\/www.facebook.com\/anovapeneira","article_published_time":"2024-03-29T11:00:54+00:00","og_image":[{"width":720,"height":473,"url":"https:\/\/www.anovapeneira.gal\/wp-content\/uploads\/2019\/07\/CIG_a_nova_peneira.png","type":"image\/png"}],"author":"Redacci\u00f3n A Nova Peneira","twitter_card":"summary_large_image","twitter_creator":"@APeneira","twitter_site":"@APeneira","twitter_misc":{"Escrito por":"Redacci\u00f3n A Nova Peneira","Tempo de lectura":"3 minutos"},"schema":{"@context":"https:\/\/schema.org","@graph":[{"@type":"Article","@id":"https:\/\/www.anovapeneira.gal\/index.php\/2024\/03\/29\/o-saf-de-salceda-denuncia-que-cobra-salarios-ate-case-1000-euros-por-debaixo-do-convenio\/#article","isPartOf":{"@id":"https:\/\/www.anovapeneira.gal\/index.php\/2024\/03\/29\/o-saf-de-salceda-denuncia-que-cobra-salarios-ate-case-1000-euros-por-debaixo-do-convenio\/"},"author":{"name":"Redacci\u00f3n A Nova Peneira","@id":"https:\/\/www.anovapeneira.gal\/#\/schema\/person\/b93e3f8932e3f8da96334607eb6ac6aa"},"headline":"O SAF de Salceda denuncia que cobra salarios at\u00e9 case 1000 euros por debaixo do convenio","datePublished":"2024-03-29T11:00:54+00:00","mainEntityOfPage":{"@id":"https:\/\/www.anovapeneira.gal\/index.php\/2024\/03\/29\/o-saf-de-salceda-denuncia-que-cobra-salarios-ate-case-1000-euros-por-debaixo-do-convenio\/"},"wordCount":545,"commentCount":0,"publisher":{"@id":"https:\/\/www.anovapeneira.gal\/#organization"},"image":{"@id":"https:\/\/www.anovapeneira.gal\/index.php\/2024\/03\/29\/o-saf-de-salceda-denuncia-que-cobra-salarios-ate-case-1000-euros-por-debaixo-do-convenio\/#primaryimage"},"thumbnailUrl":"https:\/\/www.anovapeneira.gal\/wp-content\/uploads\/2019\/07\/CIG_a_nova_peneira.png","keywords":["Concello de Salceda de Caselas"],"articleSection":["Condado"],"inLanguage":"gl-ES","potentialAction":[{"@type":"CommentAction","name":"Comment","target":["https:\/\/www.anovapeneira.gal\/index.php\/2024\/03\/29\/o-saf-de-salceda-denuncia-que-cobra-salarios-ate-case-1000-euros-por-debaixo-do-convenio\/#respond"]}]},{"@type":"WebPage","@id":"https:\/\/www.anovapeneira.gal\/index.php\/2024\/03\/29\/o-saf-de-salceda-denuncia-que-cobra-salarios-ate-case-1000-euros-por-debaixo-do-convenio\/","url":"https:\/\/www.anovapeneira.gal\/index.php\/2024\/03\/29\/o-saf-de-salceda-denuncia-que-cobra-salarios-ate-case-1000-euros-por-debaixo-do-convenio\/","name":"O SAF de Salceda denuncia que cobra salarios at\u00e9 case 1000 euros por debaixo do convenio -","isPartOf":{"@id":"https:\/\/www.anovapeneira.gal\/#website"},"primaryImageOfPage":{"@id":"https:\/\/www.anovapeneira.gal\/index.php\/2024\/03\/29\/o-saf-de-salceda-denuncia-que-cobra-salarios-ate-case-1000-euros-por-debaixo-do-convenio\/#primaryimage"},"image":{"@id":"https:\/\/www.anovapeneira.gal\/index.php\/2024\/03\/29\/o-saf-de-salceda-denuncia-que-cobra-salarios-ate-case-1000-euros-por-debaixo-do-convenio\/#primaryimage"},"thumbnailUrl":"https:\/\/www.anovapeneira.gal\/wp-content\/uploads\/2019\/07\/CIG_a_nova_peneira.png","datePublished":"2024-03-29T11:00:54+00:00","description":"O persoal afectado interveu no pleno para explicar a s\u00faa situaci\u00f3n e mobilizouse coincidindo co D\u00eda Internacional das Mulleres Traballadoras","breadcrumb":{"@id":"https:\/\/www.anovapeneira.gal\/index.php\/2024\/03\/29\/o-saf-de-salceda-denuncia-que-cobra-salarios-ate-case-1000-euros-por-debaixo-do-convenio\/#breadcrumb"},"inLanguage":"gl-ES","potentialAction":[{"@type":"ReadAction","target":["https:\/\/www.anovapeneira.gal\/index.php\/2024\/03\/29\/o-saf-de-salceda-denuncia-que-cobra-salarios-ate-case-1000-euros-por-debaixo-do-convenio\/"]}]},{"@type":"ImageObject","inLanguage":"gl-ES","@id":"https:\/\/www.anovapeneira.gal\/index.php\/2024\/03\/29\/o-saf-de-salceda-denuncia-que-cobra-salarios-ate-case-1000-euros-por-debaixo-do-convenio\/#primaryimage","url":"https:\/\/www.anovapeneira.gal\/wp-content\/uploads\/2019\/07\/CIG_a_nova_peneira.png","contentUrl":"https:\/\/www.anovapeneira.gal\/wp-content\/uploads\/2019\/07\/CIG_a_nova_peneira.png","width":720,"height":473,"caption":"Confederaci\u00f3n Intersindical Galega A Nova Peneira"},{"@type":"BreadcrumbList","@id":"https:\/\/www.anovapeneira.gal\/index.php\/2024\/03\/29\/o-saf-de-salceda-denuncia-que-cobra-salarios-ate-case-1000-euros-por-debaixo-do-convenio\/#breadcrumb","itemListElement":[{"@type":"ListItem","position":1,"name":"Portada","item":"https:\/\/www.anovapeneira.gal\/"},{"@type":"ListItem","position":2,"name":"O SAF de Salceda denuncia que cobra salarios at\u00e9 case 1000 euros por debaixo do convenio"}]},{"@type":"WebSite","@id":"https:\/\/www.anovapeneira.gal\/#website","url":"https:\/\/www.anovapeneira.gal\/","name":"","description":"Xornal galego de informaci\u00f3n xeral Publicaci\u00f3n mensual de novas de Galicia e en especial dos Concellos da sur da provincia de Pontevedra.","publisher":{"@id":"https:\/\/www.anovapeneira.gal\/#organization"},"potentialAction":[{"@type":"SearchAction","target":{"@type":"EntryPoint","urlTemplate":"https:\/\/www.anovapeneira.gal\/?s={search_term_string}"},"query-input":{"@type":"PropertyValueSpecification","valueRequired":true,"valueName":"search_term_string"}}],"inLanguage":"gl-ES"},{"@type":"Organization","@id":"https:\/\/www.anovapeneira.gal\/#organization","name":"A Nova Peneira","url":"https:\/\/www.anovapeneira.gal\/","logo":{"@type":"ImageObject","inLanguage":"gl-ES","@id":"https:\/\/www.anovapeneira.gal\/#\/schema\/logo\/image\/","url":"http:\/\/www.anovapeneira.gal\/wp-content\/uploads\/2019\/06\/logo_a_nova_peneira_portal_web.png","contentUrl":"http:\/\/www.anovapeneira.gal\/wp-content\/uploads\/2019\/06\/logo_a_nova_peneira_portal_web.png","width":300,"height":100,"caption":"A Nova Peneira"},"image":{"@id":"https:\/\/www.anovapeneira.gal\/#\/schema\/logo\/image\/"},"sameAs":["https:\/\/www.facebook.com\/anovapeneira","https:\/\/x.com\/APeneira"]},{"@type":"Person","@id":"https:\/\/www.anovapeneira.gal\/#\/schema\/person\/b93e3f8932e3f8da96334607eb6ac6aa","name":"Redacci\u00f3n A Nova Peneira","image":{"@type":"ImageObject","inLanguage":"gl-ES","@id":"https:\/\/secure.gravatar.com\/avatar\/c052a2551a06e23fac63626232eaa90abd78dbcf1700fc46a2b2c89fd27b735f?s=96&d=mm&r=g","url":"https:\/\/secure.gravatar.com\/avatar\/c052a2551a06e23fac63626232eaa90abd78dbcf1700fc46a2b2c89fd27b735f?s=96&d=mm&r=g","contentUrl":"https:\/\/secure.gravatar.com\/avatar\/c052a2551a06e23fac63626232eaa90abd78dbcf1700fc46a2b2c89fd27b735f?s=96&d=mm&r=g","caption":"Redacci\u00f3n A Nova Peneira"},"sameAs":["http:\/\/www.anovapeneira.gal\/"],"url":"https:\/\/www.anovapeneira.gal\/index.php\/author\/redactor\/"}]}},"jetpack_featured_media_url":"https:\/\/www.anovapeneira.gal\/wp-content\/uploads\/2019\/07\/CIG_a_nova_peneira.png","_links":{"self":[{"href":"https:\/\/www.anovapeneira.gal\/index.php\/wp-json\/wp\/v2\/posts\/11507","targetHints":{"allow":["GET"]}}],"collection":[{"href":"https:\/\/www.anovapeneira.gal\/index.php\/wp-json\/wp\/v2\/posts"}],"about":[{"href":"https:\/\/www.anovapeneira.gal\/index.php\/wp-json\/wp\/v2\/types\/post"}],"author":[{"embeddable":true,"href":"https:\/\/www.anovapeneira.gal\/index.php\/wp-json\/wp\/v2\/users\/3"}],"replies":[{"embeddable":true,"href":"https:\/\/www.anovapeneira.gal\/index.php\/wp-json\/wp\/v2\/comments?post=11507"}],"version-history":[{"count":1,"href":"https:\/\/www.anovapeneira.gal\/index.php\/wp-json\/wp\/v2\/posts\/11507\/revisions"}],"predecessor-version":[{"id":11508,"href":"https:\/\/www.anovapeneira.gal\/index.php\/wp-json\/wp\/v2\/posts\/11507\/revisions\/11508"}],"wp:featuredmedia":[{"embeddable":true,"href":"https:\/\/www.anovapeneira.gal\/index.php\/wp-json\/wp\/v2\/media\/632"}],"wp:attachment":[{"href":"https:\/\/www.anovapeneira.gal\/index.php\/wp-json\/wp\/v2\/media?parent=11507"}],"wp:term":[{"taxonomy":"category","embeddable":true,"href":"https:\/\/www.anovapeneira.gal\/index.php\/wp-json\/wp\/v2\/categories?post=11507"},{"taxonomy":"post_tag","embeddable":true,"href":"https:\/\/www.anovapeneira.gal\/index.php\/wp-json\/wp\/v2\/tags?post=11507"}],"curies":[{"name":"wp","href":"https:\/\/api.w.org\/{rel}","templated":true}]}}