{"id":11515,"date":"2024-04-01T12:00:52","date_gmt":"2024-04-01T10:00:52","guid":{"rendered":"https:\/\/www.anovapeneira.gal\/?p=11515"},"modified":"2024-03-30T16:40:16","modified_gmt":"2024-03-30T15:40:16","slug":"javi-martinez-campion-de-espana-do-cera","status":"publish","type":"post","link":"https:\/\/www.anovapeneira.gal\/index.php\/2024\/04\/01\/javi-martinez-campion-de-espana-do-cera\/","title":{"rendered":"Javi Mart\u00ednez campi\u00f3n de Espa\u00f1a do CERA"},"content":{"rendered":"\n<pre class=\"wp-block-verse\">Xurxo Gregorio<\/pre>\n\n\n\n<p><strong>Entrevistamos a Javi Mart\u00ednez, natural de Salceda e residente en Tui que se proclamou no 2023, Campi\u00f3n de Espa\u00f1a do CERA, Campionato de Espa\u00f1a de Rallies de Asfalto. Mestura a s\u00faa paix\u00f3n polos Rallies co seu traballo xa que falamos dunha disciplina na que a profesionalidade, como en tantas outras \u00e9 moi complicada.<\/strong><\/p>\n\n\n\n<p><strong>Onde sa\u00edu a t\u00faa afecci\u00f3n polo automobilismo e sobre todo polos Rallies?<\/strong><\/p>\n\n\n\n<blockquote class=\"wp-block-quote is-layout-flow wp-block-quote-is-layout-flow\">\n<p>A mi\u00f1a afecci\u00f3n ven desde moi pequeno, este deporte tocoume na familia meu padri\u00f1oo \u00e9 Jorge P\u00e9rez corredor de Rallie reco\u00f1ecido, meu pai a\u00ednda que nunca correu axud\u00e1bao sempre nas competici\u00f3ns. Pasei moi tempo da mi\u00f1a infancia seguindo os Rallies, a Renault Express do meu pai serv\u00eda de transporte \u201coficial\u201d de neum\u00e1ticos nas carreiras e te\u00f1o lembranzas de moi neno acudindo \u00e1s carreiras. Anos m\u00e1is tarde meu primo Jorge P\u00e9rez fillo comezou a correr tam\u00e9n polo que volv\u00edn prestarlle m\u00e1is atenci\u00f3n se cabe e polo tanto no meu entorno nunca sorprendeu que me adicase a este tipo de disciplina.<\/p>\n<\/blockquote>\n\n\n\n<p><strong>En que equipo te iniciaches?<\/strong><\/p>\n\n\n\n<blockquote class=\"wp-block-quote is-layout-flow wp-block-quote-is-layout-flow\">\n<p>Non me iniciei en equipo ning\u00fan en concreto mais ben te\u00f1o unha pandilla de amigos que comezamos a fedellar nos coches e pensamos en competir varias veces ate que tomamos a decisi\u00f3n. Curiosamente a primeira vez que decidimos competir non puiden xa que estaba traballando en Valencia. A casualidade fixo que tempo m\u00e1is tarde debutara no Rallie Eurocidade, organizado pola escuder\u00eda Dona Urraca o 14 de Maio de 2016.<\/p>\n<\/blockquote>\n\n\n\n<p><strong>Cal \u00e9 o labor diario de un copiloto de rallies?<\/strong><\/p>\n\n\n\n<blockquote class=\"wp-block-quote is-layout-flow wp-block-quote-is-layout-flow\">\n<p>A principal tarefa que temos os copilotos e batallar entre o traballo, familia e afecci\u00f3n, este \u00e9 un depor te que ocupa moito tempo entre deprazamentos e competici\u00f3ns. Logo falando xa da labor de copiloto a mi\u00f1a funci\u00f3n \u00e9 a organizar as carreiras, buscar hoteis e facer o planing das carreiras. A funci\u00f3n concreta do copiloto pode variar dun equipo a outro mais \u00e9 do que eu me ocupo no Ares Racing.<\/p>\n<\/blockquote>\n\n\n\n<p><strong>Onde desfrutas m\u00e1is, en asfalto ou terra?<\/strong><\/p>\n\n\n\n<blockquote class=\"wp-block-quote is-layout-flow wp-block-quote-is-layout-flow\">\n<p>Realmente esa \u00e9 unha pregunta moi dif\u00edcil de contestar para min, tanto a terra coma o asfalto te\u00f1en as s\u00faas cousas que me gustan, cada modalidade ten o seu aquel. A Terra \u00e9 m\u00e1is divertida para facer derrapes e desfrutar da conduci\u00f3n propiamente dita, pero \u00e9 mais dif\u00edcil de controlar. O asfalto \u00e9 para desfrutar da velocidade, \u00e9 o que d\u00e1 a sensaci\u00f3n de correr de adiantar nas carreiras de ter o control do veh\u00edculo.<\/p>\n<\/blockquote>\n\n\n\n<p><strong>Que aprendes en cada rally para aplicalo o seguinte?<\/strong><\/p>\n\n\n\n<blockquote class=\"wp-block-quote is-layout-flow wp-block-quote-is-layout-flow\">\n<p>Este \u00e9 un deporte de aprendizaxe continuo. Toda carreira ou competici\u00f3n serve para aprender algo m\u00e1is e analizar os fallos. Todo no que se erra nun Rallie serve de adestramento para o seguinte. Eu tento analizar aquilo no que fallamos para non ter o mesmo erro na competici\u00f3n seguinte , para repasar as c\u00e1maras interiores e para pulir os fallos cometidos e non reincidir. Certo \u00e9 tam\u00e9n que cada rallie ten as s\u00faas peculiaridades os seus tramos e a s\u00faa orograf\u00eda diferente polo que \u00e9 dif\u00edcil aplicar o que che aconteceu nunha competici\u00f3n na seguinte.<\/p>\n<\/blockquote>\n\n\n\n<p><strong>Como afectan as innovaci\u00f3ns tecnol\u00f3xicas o mundo do rallie e os copilotos en particular?<\/strong><\/p>\n\n\n\n<blockquote class=\"wp-block-quote is-layout-flow wp-block-quote-is-layout-flow\">\n<p>Se te refires a introduci\u00f3n de coches el\u00e9ctricos neste deporte a\u00ednda non chegou. Os que nos adicamos a isto non gustamos dos coches el\u00e9ctricos xa que pensamos que lle quitan algo a competici\u00f3n. Te\u00f1o d\u00fabidas de que dado o proceso de produci\u00f3n que te\u00f1en eses novos veh\u00edculos realmente contaminen menos e sexan mellores para o medio ambiente dado o consumo que te\u00f1en para construilos e as dificultades de reciclaxe que te\u00f1en. Eu son partidario de seguir cos coches actuais de combusti\u00f3n, neste deporte somos de gasolina.<\/p>\n<\/blockquote>\n\n\n\n<p><strong>Como se financia a pr\u00e1ctica deste deporte?<\/strong><\/p>\n\n\n\n<blockquote class=\"wp-block-quote is-layout-flow wp-block-quote-is-layout-flow\">\n<p>O financiamento \u00e9 moi compricado case todos os que participamos neste tipo de deportes compatibilizamos a s\u00faa pr\u00e1ctica con outro traballo normalmente relacionado co motor, mantemento\u2026O financiamento de equipos e competidores \u00e9 por patrocinadores, normalmente relacionados co mundo do motor sexa empresas de recambios, lubricantes,, Certo \u00e9 que hai algunhas administraci\u00f3n p\u00fablicas que tam\u00e9n aportan a distintos equipos ou fomentan a participaci\u00f3n en determinados rallies ou competici\u00f3ns.<\/p>\n<\/blockquote>\n\n\n\n<p><strong>De que vive Javi Martinez ou da para vivir dos rallies?<\/strong><\/p>\n\n\n\n<blockquote class=\"wp-block-quote is-layout-flow wp-block-quote-is-layout-flow\">\n<p>Traballo en mantemento nunha empresa no Porri\u00f1o. Te\u00f1o un xefe que consinte que me adique a este deporte o certo \u00e9 que durante o ano te\u00f1o ocupados aproximadamente 25 fins de semana en competir, o que provoca que te\u00f1a que desprazarme constantemente e sexa complicado compaxinar a competici\u00f3n co traballo e sobre todo coa familia se non fose polo apoio que me dan tanto na casa coma na empresa na que traballo.<\/p>\n<\/blockquote>\n\n\n\n<blockquote class=\"wp-block-quote is-layout-flow wp-block-quote-is-layout-flow\">\n<p>A profesinalidade neste tipo de actividade deportiva \u00e9 moi dif\u00edcil, hai moitos copilotos que son profesionais nos Rally raid, \u00e9 dicir, os tipo Dakar onde a orientaci\u00f3n \u00e9 m\u00e1is importante que a propia velocidade. No caso das competici\u00f3ns como as que eu participo \u00e9 dif\u00edcil estar en elas sen compaxinalo con outra actividade.<\/p>\n<\/blockquote>\n\n\n\n<p><strong>Cal \u00e9 a competici\u00f3n na que mellor o pasaches?<\/strong><\/p>\n\n\n\n<blockquote class=\"wp-block-quote is-layout-flow wp-block-quote-is-layout-flow\">\n<p>Onde mellor o paso igual polo ambiente ou porque o vivo desde neno \u00e9 nas competici\u00f3n de aqu\u00ed da casa a Sur do Condado e o R\u00edas Baixas se ben hai outros onde tam\u00e9n desfruto moito. O Rallie da Coru\u00f1a \u00e9 moi especial para min xa que o piloto o que acompa\u00f1o Iv\u00e1n Ares \u00e9 de al\u00ed e o apoio que sentimos e a sensaci\u00f3n da competici\u00f3n \u00e9 espectacular.<\/p>\n<\/blockquote>\n\n\n\n<blockquote class=\"wp-block-quote is-layout-flow wp-block-quote-is-layout-flow\">\n<p>F\u00f3ra de Galicia, desfruto moito do Rallie de Llanes en Asturias, dado o apoio da vila a esa competici\u00f3n. Sentes que todo o mundo se involucra no Rallie e d\u00e1lle un ambiente especial.<\/p>\n<\/blockquote>\n\n\n\n<p><strong>Tras ser considerado o mellor copiloto de Espa\u00f1a no CERA, Campionato de Rallies de Asfalto, cal \u00e9 o teu seguinte obxectivo?<\/strong><\/p>\n\n\n\n<blockquote class=\"wp-block-quote is-layout-flow wp-block-quote-is-layout-flow\">\n<p>Ga\u00f1ar o CERA co meu compa\u00f1eiro co equipo Alpine foi unha gran experiencia, agora o obxectivo, como non pode ser de outro xeito \u00e9 ga\u00f1ar o Supercampionato. Este componse de d\u00faas modalidades a de asfalto e a de terra xa \u00e9 m\u00e1is esixente creo que estou cun equipo co que o podo conseguir m\u00e1is haber\u00e1 que esforzarse moito.<\/p>\n<\/blockquote>\n\n\n\n<p><strong>Que trofeo destacar\u00edas na t\u00faa traxectoria?<\/strong><\/p>\n\n\n\n<blockquote class=\"wp-block-quote is-layout-flow wp-block-quote-is-layout-flow\">\n<p>O trofeo m\u00e1is importante que te\u00f1o \u00e9 indubidablemente o Campionato De Espa\u00f1a de Rallies de Asfalto ga\u00f1ado co equipo Alpine como xa dixen antes mais outro trofeo que para min ten algo especial o \u201c Botijo de Plata\u201d. Este trofeo \u00e9 o premio por ga\u00f1ar o \u201cRally de la Vendimia\u201d, una competici\u00f3n das m\u00e1is lonxevas do conxunto de Rallies que se celebran en toda a pen\u00ednsula. Esta competici\u00f3n cel\u00e9brase desde o ano 1971, en asfalto na zona de Almendralejo, Tierra de Barros, na provincia de Badaxoz en Extremadura. Foi algo especial ga\u00f1ar esta competici\u00f3n xa que o Botijo de Plata \u00e9 un premio que tam\u00e9n te\u00f1en nas s\u00faas vitrinas pilotos tan consagrados como Carlos Sainz ou Chus Puras o que para min ten un significado especial.<\/p>\n<\/blockquote>\n\n\n\n<p><strong>Como se presenta a temporada actual para Javi Martinez?<\/strong><\/p>\n\n\n\n<blockquote class=\"wp-block-quote is-layout-flow wp-block-quote-is-layout-flow\">\n<p>Esta temporada dado o \u00e9xito da pasada vou competir en dous equipos diferentes e que dous pilotos distintos xa que estarei no Supercampionto de Espa\u00f1a e outra vez m\u00e1is no CERA.<\/p>\n<\/blockquote>\n\n\n\n<blockquote class=\"wp-block-quote is-layout-flow wp-block-quote-is-layout-flow\">\n<p>Vou estar con Iv\u00e1n Ares conducindo un Hyundai i20N Rally2 disputando o Supercampionato de Espa\u00f1a o que \u00e9 o m\u00e1ximo obxectivo o que se pode aspirar a nivel nacional. Como dixen antes ga\u00f1ar ser\u00eda dif\u00edcil mais non imposible.<\/p>\n<\/blockquote>\n\n\n\n<blockquote class=\"wp-block-quote is-layout-flow wp-block-quote-is-layout-flow\">\n<p>O Campionato de Espa\u00f1a de Rallies de Asfalto estarei con Jorge Cagiao no equipo Alpine, conduciremos un A110 Rally RGT co que espero revalidar o campionato.<\/p>\n<\/blockquote>\n\n\n\n<p><strong>Moitas Grazas, Javi Mart\u00ednez por atender esta entrevista seguiremos atentos \u00e1s t\u00faas actuaci\u00f3ns.<\/strong><\/p>\n","protected":false},"excerpt":{"rendered":"<div class=\"mh-excerpt\"><p>Entrevistamos a Javi Mart\u00ednez, natural de Salceda e residente en Tui que se proclamou no 2023, Campi\u00f3n de Espa\u00f1a do CERA, Campionato de Espa\u00f1a de Rallies de Asfalto <a class=\"mh-excerpt-more\" href=\"https:\/\/www.anovapeneira.gal\/index.php\/2024\/04\/01\/javi-martinez-campion-de-espana-do-cera\/\" title=\"Javi Mart\u00ednez campi\u00f3n de Espa\u00f1a do CERA\">[&#8230;]<\/a><\/p>\n<\/div>","protected":false},"author":3,"featured_media":11516,"comment_status":"open","ping_status":"open","sticky":false,"template":"","format":"standard","meta":{"_exactmetrics_skip_tracking":false,"_exactmetrics_sitenote_active":false,"_exactmetrics_sitenote_note":"","_exactmetrics_sitenote_category":0,"footnotes":""},"categories":[265],"tags":[359],"class_list":{"0":"post-11515","1":"post","2":"type-post","3":"status-publish","4":"format-standard","5":"has-post-thumbnail","7":"category-a-lourina-entrevistas","8":"tag-concello-de-salceda-de-caselas"},"yoast_head":"<!-- This site is optimized with the Yoast SEO plugin v27.4 - https:\/\/yoast.com\/product\/yoast-seo-wordpress\/ -->\n<title>Javi Mart\u00ednez campi\u00f3n de Espa\u00f1a do CERA -<\/title>\n<meta name=\"description\" content=\"Entrevistamos a Javi Mart\u00ednez, natural de Salceda e residente en Tui que se proclamou no 2023, Campi\u00f3n de Espa\u00f1a do CERA, Campionato de Espa\u00f1a de Rallies de Asfalto\" \/>\n<meta name=\"robots\" content=\"index, follow, max-snippet:-1, max-image-preview:large, max-video-preview:-1\" \/>\n<link rel=\"canonical\" href=\"https:\/\/www.anovapeneira.gal\/index.php\/2024\/04\/01\/javi-martinez-campion-de-espana-do-cera\/\" \/>\n<meta property=\"og:locale\" content=\"gl_ES\" \/>\n<meta property=\"og:type\" content=\"article\" \/>\n<meta property=\"og:title\" content=\"Javi Mart\u00ednez campi\u00f3n de Espa\u00f1a do CERA -\" \/>\n<meta property=\"og:description\" content=\"Entrevistamos a Javi Mart\u00ednez, natural de Salceda e residente en Tui que se proclamou no 2023, Campi\u00f3n de Espa\u00f1a do CERA, Campionato de Espa\u00f1a de Rallies de Asfalto\" \/>\n<meta property=\"og:url\" content=\"https:\/\/www.anovapeneira.gal\/index.php\/2024\/04\/01\/javi-martinez-campion-de-espana-do-cera\/\" \/>\n<meta property=\"article:publisher\" content=\"https:\/\/www.facebook.com\/anovapeneira\" \/>\n<meta property=\"article:published_time\" content=\"2024-04-01T10:00:52+00:00\" \/>\n<meta property=\"og:image\" content=\"https:\/\/www.anovapeneira.gal\/wp-content\/uploads\/2024\/03\/javi_salceda.jpg\" \/>\n\t<meta property=\"og:image:width\" content=\"720\" \/>\n\t<meta property=\"og:image:height\" content=\"432\" \/>\n\t<meta property=\"og:image:type\" content=\"image\/jpeg\" \/>\n<meta name=\"author\" content=\"Redacci\u00f3n A Nova Peneira\" \/>\n<meta name=\"twitter:card\" content=\"summary_large_image\" \/>\n<meta name=\"twitter:creator\" content=\"@APeneira\" \/>\n<meta name=\"twitter:site\" content=\"@APeneira\" \/>\n<meta name=\"twitter:label1\" content=\"Escrito por\" \/>\n\t<meta name=\"twitter:data1\" content=\"Redacci\u00f3n A Nova Peneira\" \/>\n\t<meta name=\"twitter:label2\" content=\"Tempo de lectura\" \/>\n\t<meta name=\"twitter:data2\" content=\"2 minutos\" \/>\n<script type=\"application\/ld+json\" class=\"yoast-schema-graph\">{\"@context\":\"https:\\\/\\\/schema.org\",\"@graph\":[{\"@type\":\"Article\",\"@id\":\"https:\\\/\\\/www.anovapeneira.gal\\\/index.php\\\/2024\\\/04\\\/01\\\/javi-martinez-campion-de-espana-do-cera\\\/#article\",\"isPartOf\":{\"@id\":\"https:\\\/\\\/www.anovapeneira.gal\\\/index.php\\\/2024\\\/04\\\/01\\\/javi-martinez-campion-de-espana-do-cera\\\/\"},\"author\":{\"name\":\"Redacci\u00f3n A Nova Peneira\",\"@id\":\"https:\\\/\\\/www.anovapeneira.gal\\\/#\\\/schema\\\/person\\\/b93e3f8932e3f8da96334607eb6ac6aa\"},\"headline\":\"Javi Mart\u00ednez campi\u00f3n de Espa\u00f1a do CERA\",\"datePublished\":\"2024-04-01T10:00:52+00:00\",\"mainEntityOfPage\":{\"@id\":\"https:\\\/\\\/www.anovapeneira.gal\\\/index.php\\\/2024\\\/04\\\/01\\\/javi-martinez-campion-de-espana-do-cera\\\/\"},\"wordCount\":1363,\"commentCount\":0,\"publisher\":{\"@id\":\"https:\\\/\\\/www.anovapeneira.gal\\\/#organization\"},\"image\":{\"@id\":\"https:\\\/\\\/www.anovapeneira.gal\\\/index.php\\\/2024\\\/04\\\/01\\\/javi-martinez-campion-de-espana-do-cera\\\/#primaryimage\"},\"thumbnailUrl\":\"https:\\\/\\\/www.anovapeneira.gal\\\/wp-content\\\/uploads\\\/2024\\\/03\\\/javi_salceda.jpg\",\"keywords\":[\"Concello de Salceda de Caselas\"],\"articleSection\":[\"A Louri\u00f1a\"],\"inLanguage\":\"gl-ES\",\"potentialAction\":[{\"@type\":\"CommentAction\",\"name\":\"Comment\",\"target\":[\"https:\\\/\\\/www.anovapeneira.gal\\\/index.php\\\/2024\\\/04\\\/01\\\/javi-martinez-campion-de-espana-do-cera\\\/#respond\"]}]},{\"@type\":\"WebPage\",\"@id\":\"https:\\\/\\\/www.anovapeneira.gal\\\/index.php\\\/2024\\\/04\\\/01\\\/javi-martinez-campion-de-espana-do-cera\\\/\",\"url\":\"https:\\\/\\\/www.anovapeneira.gal\\\/index.php\\\/2024\\\/04\\\/01\\\/javi-martinez-campion-de-espana-do-cera\\\/\",\"name\":\"Javi Mart\u00ednez campi\u00f3n de Espa\u00f1a do CERA -\",\"isPartOf\":{\"@id\":\"https:\\\/\\\/www.anovapeneira.gal\\\/#website\"},\"primaryImageOfPage\":{\"@id\":\"https:\\\/\\\/www.anovapeneira.gal\\\/index.php\\\/2024\\\/04\\\/01\\\/javi-martinez-campion-de-espana-do-cera\\\/#primaryimage\"},\"image\":{\"@id\":\"https:\\\/\\\/www.anovapeneira.gal\\\/index.php\\\/2024\\\/04\\\/01\\\/javi-martinez-campion-de-espana-do-cera\\\/#primaryimage\"},\"thumbnailUrl\":\"https:\\\/\\\/www.anovapeneira.gal\\\/wp-content\\\/uploads\\\/2024\\\/03\\\/javi_salceda.jpg\",\"datePublished\":\"2024-04-01T10:00:52+00:00\",\"description\":\"Entrevistamos a Javi Mart\u00ednez, natural de Salceda e residente en Tui que se proclamou no 2023, Campi\u00f3n de Espa\u00f1a do CERA, Campionato de Espa\u00f1a de Rallies de Asfalto\",\"breadcrumb\":{\"@id\":\"https:\\\/\\\/www.anovapeneira.gal\\\/index.php\\\/2024\\\/04\\\/01\\\/javi-martinez-campion-de-espana-do-cera\\\/#breadcrumb\"},\"inLanguage\":\"gl-ES\",\"potentialAction\":[{\"@type\":\"ReadAction\",\"target\":[\"https:\\\/\\\/www.anovapeneira.gal\\\/index.php\\\/2024\\\/04\\\/01\\\/javi-martinez-campion-de-espana-do-cera\\\/\"]}]},{\"@type\":\"ImageObject\",\"inLanguage\":\"gl-ES\",\"@id\":\"https:\\\/\\\/www.anovapeneira.gal\\\/index.php\\\/2024\\\/04\\\/01\\\/javi-martinez-campion-de-espana-do-cera\\\/#primaryimage\",\"url\":\"https:\\\/\\\/www.anovapeneira.gal\\\/wp-content\\\/uploads\\\/2024\\\/03\\\/javi_salceda.jpg\",\"contentUrl\":\"https:\\\/\\\/www.anovapeneira.gal\\\/wp-content\\\/uploads\\\/2024\\\/03\\\/javi_salceda.jpg\",\"width\":720,\"height\":432,\"caption\":\"Javi Rallie Cera\"},{\"@type\":\"BreadcrumbList\",\"@id\":\"https:\\\/\\\/www.anovapeneira.gal\\\/index.php\\\/2024\\\/04\\\/01\\\/javi-martinez-campion-de-espana-do-cera\\\/#breadcrumb\",\"itemListElement\":[{\"@type\":\"ListItem\",\"position\":1,\"name\":\"Portada\",\"item\":\"https:\\\/\\\/www.anovapeneira.gal\\\/\"},{\"@type\":\"ListItem\",\"position\":2,\"name\":\"Javi Mart\u00ednez campi\u00f3n de Espa\u00f1a do CERA\"}]},{\"@type\":\"WebSite\",\"@id\":\"https:\\\/\\\/www.anovapeneira.gal\\\/#website\",\"url\":\"https:\\\/\\\/www.anovapeneira.gal\\\/\",\"name\":\"\",\"description\":\"Xornal galego de informaci\u00f3n xeral Publicaci\u00f3n mensual de novas de Galicia e en especial dos Concellos da sur da provincia de Pontevedra.\",\"publisher\":{\"@id\":\"https:\\\/\\\/www.anovapeneira.gal\\\/#organization\"},\"potentialAction\":[{\"@type\":\"SearchAction\",\"target\":{\"@type\":\"EntryPoint\",\"urlTemplate\":\"https:\\\/\\\/www.anovapeneira.gal\\\/?s={search_term_string}\"},\"query-input\":{\"@type\":\"PropertyValueSpecification\",\"valueRequired\":true,\"valueName\":\"search_term_string\"}}],\"inLanguage\":\"gl-ES\"},{\"@type\":\"Organization\",\"@id\":\"https:\\\/\\\/www.anovapeneira.gal\\\/#organization\",\"name\":\"A Nova Peneira\",\"url\":\"https:\\\/\\\/www.anovapeneira.gal\\\/\",\"logo\":{\"@type\":\"ImageObject\",\"inLanguage\":\"gl-ES\",\"@id\":\"https:\\\/\\\/www.anovapeneira.gal\\\/#\\\/schema\\\/logo\\\/image\\\/\",\"url\":\"http:\\\/\\\/www.anovapeneira.gal\\\/wp-content\\\/uploads\\\/2019\\\/06\\\/logo_a_nova_peneira_portal_web.png\",\"contentUrl\":\"http:\\\/\\\/www.anovapeneira.gal\\\/wp-content\\\/uploads\\\/2019\\\/06\\\/logo_a_nova_peneira_portal_web.png\",\"width\":300,\"height\":100,\"caption\":\"A Nova Peneira\"},\"image\":{\"@id\":\"https:\\\/\\\/www.anovapeneira.gal\\\/#\\\/schema\\\/logo\\\/image\\\/\"},\"sameAs\":[\"https:\\\/\\\/www.facebook.com\\\/anovapeneira\",\"https:\\\/\\\/x.com\\\/APeneira\"]},{\"@type\":\"Person\",\"@id\":\"https:\\\/\\\/www.anovapeneira.gal\\\/#\\\/schema\\\/person\\\/b93e3f8932e3f8da96334607eb6ac6aa\",\"name\":\"Redacci\u00f3n A Nova Peneira\",\"image\":{\"@type\":\"ImageObject\",\"inLanguage\":\"gl-ES\",\"@id\":\"https:\\\/\\\/secure.gravatar.com\\\/avatar\\\/c052a2551a06e23fac63626232eaa90abd78dbcf1700fc46a2b2c89fd27b735f?s=96&d=mm&r=g\",\"url\":\"https:\\\/\\\/secure.gravatar.com\\\/avatar\\\/c052a2551a06e23fac63626232eaa90abd78dbcf1700fc46a2b2c89fd27b735f?s=96&d=mm&r=g\",\"contentUrl\":\"https:\\\/\\\/secure.gravatar.com\\\/avatar\\\/c052a2551a06e23fac63626232eaa90abd78dbcf1700fc46a2b2c89fd27b735f?s=96&d=mm&r=g\",\"caption\":\"Redacci\u00f3n A Nova Peneira\"},\"sameAs\":[\"http:\\\/\\\/www.anovapeneira.gal\\\/\"],\"url\":\"https:\\\/\\\/www.anovapeneira.gal\\\/index.php\\\/author\\\/redactor\\\/\"}]}<\/script>\n<!-- \/ Yoast SEO plugin. -->","yoast_head_json":{"title":"Javi Mart\u00ednez campi\u00f3n de Espa\u00f1a do CERA -","description":"Entrevistamos a Javi Mart\u00ednez, natural de Salceda e residente en Tui que se proclamou no 2023, Campi\u00f3n de Espa\u00f1a do CERA, Campionato de Espa\u00f1a de Rallies de Asfalto","robots":{"index":"index","follow":"follow","max-snippet":"max-snippet:-1","max-image-preview":"max-image-preview:large","max-video-preview":"max-video-preview:-1"},"canonical":"https:\/\/www.anovapeneira.gal\/index.php\/2024\/04\/01\/javi-martinez-campion-de-espana-do-cera\/","og_locale":"gl_ES","og_type":"article","og_title":"Javi Mart\u00ednez campi\u00f3n de Espa\u00f1a do CERA -","og_description":"Entrevistamos a Javi Mart\u00ednez, natural de Salceda e residente en Tui que se proclamou no 2023, Campi\u00f3n de Espa\u00f1a do CERA, Campionato de Espa\u00f1a de Rallies de Asfalto","og_url":"https:\/\/www.anovapeneira.gal\/index.php\/2024\/04\/01\/javi-martinez-campion-de-espana-do-cera\/","article_publisher":"https:\/\/www.facebook.com\/anovapeneira","article_published_time":"2024-04-01T10:00:52+00:00","og_image":[{"width":720,"height":432,"url":"https:\/\/www.anovapeneira.gal\/wp-content\/uploads\/2024\/03\/javi_salceda.jpg","type":"image\/jpeg"}],"author":"Redacci\u00f3n A Nova Peneira","twitter_card":"summary_large_image","twitter_creator":"@APeneira","twitter_site":"@APeneira","twitter_misc":{"Escrito por":"Redacci\u00f3n A Nova Peneira","Tempo de lectura":"2 minutos"},"schema":{"@context":"https:\/\/schema.org","@graph":[{"@type":"Article","@id":"https:\/\/www.anovapeneira.gal\/index.php\/2024\/04\/01\/javi-martinez-campion-de-espana-do-cera\/#article","isPartOf":{"@id":"https:\/\/www.anovapeneira.gal\/index.php\/2024\/04\/01\/javi-martinez-campion-de-espana-do-cera\/"},"author":{"name":"Redacci\u00f3n A Nova Peneira","@id":"https:\/\/www.anovapeneira.gal\/#\/schema\/person\/b93e3f8932e3f8da96334607eb6ac6aa"},"headline":"Javi Mart\u00ednez campi\u00f3n de Espa\u00f1a do CERA","datePublished":"2024-04-01T10:00:52+00:00","mainEntityOfPage":{"@id":"https:\/\/www.anovapeneira.gal\/index.php\/2024\/04\/01\/javi-martinez-campion-de-espana-do-cera\/"},"wordCount":1363,"commentCount":0,"publisher":{"@id":"https:\/\/www.anovapeneira.gal\/#organization"},"image":{"@id":"https:\/\/www.anovapeneira.gal\/index.php\/2024\/04\/01\/javi-martinez-campion-de-espana-do-cera\/#primaryimage"},"thumbnailUrl":"https:\/\/www.anovapeneira.gal\/wp-content\/uploads\/2024\/03\/javi_salceda.jpg","keywords":["Concello de Salceda de Caselas"],"articleSection":["A Louri\u00f1a"],"inLanguage":"gl-ES","potentialAction":[{"@type":"CommentAction","name":"Comment","target":["https:\/\/www.anovapeneira.gal\/index.php\/2024\/04\/01\/javi-martinez-campion-de-espana-do-cera\/#respond"]}]},{"@type":"WebPage","@id":"https:\/\/www.anovapeneira.gal\/index.php\/2024\/04\/01\/javi-martinez-campion-de-espana-do-cera\/","url":"https:\/\/www.anovapeneira.gal\/index.php\/2024\/04\/01\/javi-martinez-campion-de-espana-do-cera\/","name":"Javi Mart\u00ednez campi\u00f3n de Espa\u00f1a do CERA -","isPartOf":{"@id":"https:\/\/www.anovapeneira.gal\/#website"},"primaryImageOfPage":{"@id":"https:\/\/www.anovapeneira.gal\/index.php\/2024\/04\/01\/javi-martinez-campion-de-espana-do-cera\/#primaryimage"},"image":{"@id":"https:\/\/www.anovapeneira.gal\/index.php\/2024\/04\/01\/javi-martinez-campion-de-espana-do-cera\/#primaryimage"},"thumbnailUrl":"https:\/\/www.anovapeneira.gal\/wp-content\/uploads\/2024\/03\/javi_salceda.jpg","datePublished":"2024-04-01T10:00:52+00:00","description":"Entrevistamos a Javi Mart\u00ednez, natural de Salceda e residente en Tui que se proclamou no 2023, Campi\u00f3n de Espa\u00f1a do CERA, Campionato de Espa\u00f1a de Rallies de Asfalto","breadcrumb":{"@id":"https:\/\/www.anovapeneira.gal\/index.php\/2024\/04\/01\/javi-martinez-campion-de-espana-do-cera\/#breadcrumb"},"inLanguage":"gl-ES","potentialAction":[{"@type":"ReadAction","target":["https:\/\/www.anovapeneira.gal\/index.php\/2024\/04\/01\/javi-martinez-campion-de-espana-do-cera\/"]}]},{"@type":"ImageObject","inLanguage":"gl-ES","@id":"https:\/\/www.anovapeneira.gal\/index.php\/2024\/04\/01\/javi-martinez-campion-de-espana-do-cera\/#primaryimage","url":"https:\/\/www.anovapeneira.gal\/wp-content\/uploads\/2024\/03\/javi_salceda.jpg","contentUrl":"https:\/\/www.anovapeneira.gal\/wp-content\/uploads\/2024\/03\/javi_salceda.jpg","width":720,"height":432,"caption":"Javi Rallie Cera"},{"@type":"BreadcrumbList","@id":"https:\/\/www.anovapeneira.gal\/index.php\/2024\/04\/01\/javi-martinez-campion-de-espana-do-cera\/#breadcrumb","itemListElement":[{"@type":"ListItem","position":1,"name":"Portada","item":"https:\/\/www.anovapeneira.gal\/"},{"@type":"ListItem","position":2,"name":"Javi Mart\u00ednez campi\u00f3n de Espa\u00f1a do CERA"}]},{"@type":"WebSite","@id":"https:\/\/www.anovapeneira.gal\/#website","url":"https:\/\/www.anovapeneira.gal\/","name":"","description":"Xornal galego de informaci\u00f3n xeral Publicaci\u00f3n mensual de novas de Galicia e en especial dos Concellos da sur da provincia de Pontevedra.","publisher":{"@id":"https:\/\/www.anovapeneira.gal\/#organization"},"potentialAction":[{"@type":"SearchAction","target":{"@type":"EntryPoint","urlTemplate":"https:\/\/www.anovapeneira.gal\/?s={search_term_string}"},"query-input":{"@type":"PropertyValueSpecification","valueRequired":true,"valueName":"search_term_string"}}],"inLanguage":"gl-ES"},{"@type":"Organization","@id":"https:\/\/www.anovapeneira.gal\/#organization","name":"A Nova Peneira","url":"https:\/\/www.anovapeneira.gal\/","logo":{"@type":"ImageObject","inLanguage":"gl-ES","@id":"https:\/\/www.anovapeneira.gal\/#\/schema\/logo\/image\/","url":"http:\/\/www.anovapeneira.gal\/wp-content\/uploads\/2019\/06\/logo_a_nova_peneira_portal_web.png","contentUrl":"http:\/\/www.anovapeneira.gal\/wp-content\/uploads\/2019\/06\/logo_a_nova_peneira_portal_web.png","width":300,"height":100,"caption":"A Nova Peneira"},"image":{"@id":"https:\/\/www.anovapeneira.gal\/#\/schema\/logo\/image\/"},"sameAs":["https:\/\/www.facebook.com\/anovapeneira","https:\/\/x.com\/APeneira"]},{"@type":"Person","@id":"https:\/\/www.anovapeneira.gal\/#\/schema\/person\/b93e3f8932e3f8da96334607eb6ac6aa","name":"Redacci\u00f3n A Nova Peneira","image":{"@type":"ImageObject","inLanguage":"gl-ES","@id":"https:\/\/secure.gravatar.com\/avatar\/c052a2551a06e23fac63626232eaa90abd78dbcf1700fc46a2b2c89fd27b735f?s=96&d=mm&r=g","url":"https:\/\/secure.gravatar.com\/avatar\/c052a2551a06e23fac63626232eaa90abd78dbcf1700fc46a2b2c89fd27b735f?s=96&d=mm&r=g","contentUrl":"https:\/\/secure.gravatar.com\/avatar\/c052a2551a06e23fac63626232eaa90abd78dbcf1700fc46a2b2c89fd27b735f?s=96&d=mm&r=g","caption":"Redacci\u00f3n A Nova Peneira"},"sameAs":["http:\/\/www.anovapeneira.gal\/"],"url":"https:\/\/www.anovapeneira.gal\/index.php\/author\/redactor\/"}]}},"jetpack_featured_media_url":"https:\/\/www.anovapeneira.gal\/wp-content\/uploads\/2024\/03\/javi_salceda.jpg","_links":{"self":[{"href":"https:\/\/www.anovapeneira.gal\/index.php\/wp-json\/wp\/v2\/posts\/11515","targetHints":{"allow":["GET"]}}],"collection":[{"href":"https:\/\/www.anovapeneira.gal\/index.php\/wp-json\/wp\/v2\/posts"}],"about":[{"href":"https:\/\/www.anovapeneira.gal\/index.php\/wp-json\/wp\/v2\/types\/post"}],"author":[{"embeddable":true,"href":"https:\/\/www.anovapeneira.gal\/index.php\/wp-json\/wp\/v2\/users\/3"}],"replies":[{"embeddable":true,"href":"https:\/\/www.anovapeneira.gal\/index.php\/wp-json\/wp\/v2\/comments?post=11515"}],"version-history":[{"count":2,"href":"https:\/\/www.anovapeneira.gal\/index.php\/wp-json\/wp\/v2\/posts\/11515\/revisions"}],"predecessor-version":[{"id":11525,"href":"https:\/\/www.anovapeneira.gal\/index.php\/wp-json\/wp\/v2\/posts\/11515\/revisions\/11525"}],"wp:featuredmedia":[{"embeddable":true,"href":"https:\/\/www.anovapeneira.gal\/index.php\/wp-json\/wp\/v2\/media\/11516"}],"wp:attachment":[{"href":"https:\/\/www.anovapeneira.gal\/index.php\/wp-json\/wp\/v2\/media?parent=11515"}],"wp:term":[{"taxonomy":"category","embeddable":true,"href":"https:\/\/www.anovapeneira.gal\/index.php\/wp-json\/wp\/v2\/categories?post=11515"},{"taxonomy":"post_tag","embeddable":true,"href":"https:\/\/www.anovapeneira.gal\/index.php\/wp-json\/wp\/v2\/tags?post=11515"}],"curies":[{"name":"wp","href":"https:\/\/api.w.org\/{rel}","templated":true}]}}