{"id":11521,"date":"2024-04-02T10:00:04","date_gmt":"2024-04-02T08:00:04","guid":{"rendered":"https:\/\/www.anovapeneira.gal\/?p=11521"},"modified":"2024-04-01T10:25:57","modified_gmt":"2024-04-01T08:25:57","slug":"cousas-da-eurocidade","status":"publish","type":"post","link":"https:\/\/www.anovapeneira.gal\/index.php\/2024\/04\/02\/cousas-da-eurocidade\/","title":{"rendered":"Cousas da eurocidade"},"content":{"rendered":"\n<p>AMPARO ALVAJAR L\u00d3PEZ, In Memoriam.<\/p>\n\n\n\n<figure class=\"wp-block-image size-full is-resized\"><img loading=\"lazy\" decoding=\"async\" width=\"190\" height=\"229\" src=\"https:\/\/www.anovapeneira.gal\/wp-content\/uploads\/2022\/08\/opinion_anton_saque.jpg\" alt=\"Ant\u00f3n Lourenzo, veci\u00f1o da Vila\" class=\"wp-image-8006\" style=\"width:97px;height:auto\"\/><figcaption class=\"wp-element-caption\">Ant\u00f3n Lourenzo, veci\u00f1o da Vila<\/figcaption><\/figure>\n\n\n\n<p>Amables lectores vanme permitir que faga un alto na tem\u00e1tica habitual, o calendario \u00e9 un imperativo, e \u00e9 que o d\u00eda 13 de Abril deste 2024, imos facerlle unha homenaxe a esta muller no lugar onde est\u00e1 soterrada, o cemiterio da fregues\u00eda de Moreira, concello de Mon\u00e7\u00e3o, Portugal.<\/p>\n\n\n\n<p>A homenaxe est\u00e1 organizada pola Comisi\u00f3n pola Recuperaci\u00f3n da Memoria Hist\u00f3rica, Baixo Mi\u00f1o, Condado e Louri\u00f1a, da que formo parte, en colaboraci\u00f3n coa Xunta da Fregues\u00eda de Moreira e a profesora Aurora Marco, bi\u00f3grafa.<\/p>\n\n\n\n<p>Fai ben tempo comezou a soarme o apelido Albajar. Caeu nas mi\u00f1as mans un exemplar da revista galega de pensamento nacionalista Terra e Tempo, n\u00ba 147 e 148, xullo-decembro 2008. Esa revista cont\u00e9n unha entrevista a Teresa Alvajar, irm\u00e1 de Amparo Alvajar, de al\u00ed saquei datos e conclusi\u00f3ns.<\/p>\n\n\n\n<p>Pola mi\u00f1a proximidade a Mon\u00e7\u00e3o, falando cos poucos pero bos amigos mon\u00e7anenes que te\u00f1o, o\u00edn falar dunha se\u00f1ora galega que moraba no Concello e que ti\u00f1a a peculariedade de non querer ir a s\u00faa terra, a Galiza. Co tempo souben que se chamaba Amparo Albajar, pero xa era tarde para co\u00f1ecela, morrera.<\/p>\n\n\n\n<p>Abr\u00edn no meu computador un cartafol e nel \u00eda gardando canto atopaba da familia Albajar, especialmente de Amparo, informaci\u00f3ns variadas, fotograf\u00edas, correspondencia, etc. e as\u00ed chegou o d\u00eda que comecei a escribir unha s\u00faa biograf\u00eda.<\/p>\n\n\n\n<p>Continuei investigando, fun atopando m\u00e1is informaci\u00f3ns, chegou o momento no que descubr\u00edn en Internet outra biograf\u00eda moi completa, escrita pola profesora Dona Aurora Marco, (por certo Se\u00f1ora nomeada Republicana de Honra no 2014 e 2021 en actos na Coru\u00f1a e Barbanza respectivamente), e ate a\u00ed cheguei, pensei que non ti\u00f1a m\u00e1is que facer \u2026 ou si.<\/p>\n\n\n\n<p>Logrei o contacto con Dona Aurora quen me atendeu amablemente, foi en agosto do ano pasado cando din co seu traballo sobre Amparo onde, entre outras cousas, fala deses 17 anos que ela viviu en Mon\u00e7\u00e3o, artigo publicado na revista Praza P\u00fablica co motivo do centenario do nacemento de Amparo Alvajar. Grazas a este traballo de Dona Aurora consegu\u00edn localizar a tumba.<\/p>\n\n\n\n<p>Como membro da citada Comisi\u00f3n, puxen en co\u00f1ecemento da nosa Presidenta Helena Pousa o descubrimento da tumba e do artigo publicado na revista antes citada.<\/p>\n\n\n\n<p>Fac\u00e9ndonos eco da relevancia social, pol\u00edtica e cultural desta persoa, puxemos \u00e1 Organizaci\u00f3n en disposici\u00f3n de facerlle a merecida homenaxe e as\u00ed foi como diriximos os nosos esforzos na consecuci\u00f3n da mesma.<\/p>\n\n\n\n<p>Para quen non o saiba quen foi esa muller c\u00f3mpre facermos aqu\u00ed unha pequena escolma da traxectoria vital entresacada da biograf\u00eda publicada por D. Aurora Marco:<\/p>\n\n\n\n<p>Amparo Alvajar L\u00f3pez, naceu na cidade da Coru\u00f1a o 8 de agosto de 1916, filla de Amparo L\u00f3pez Jean, (membro das Irmandades da Fala e Presidenta da Agrupaci\u00f3n Republicana Femenina e afiliada o Partido Galeguista), e do destacado pol\u00edtico republicano C\u00e9sar Alvajar Di\u00e9guez, (Presidente do Casino Republicano), era irm\u00e1 de Javier, Mar\u00eda Teresa e Ana Mar\u00eda.<\/p>\n\n\n\n<p>Dende ben nova destacou polas s\u00faas dotes musicais e intelectuais, recibindo aulas de ingl\u00e9s e de piano. Estudou Comercio na Coru\u00f1a.<\/p>\n\n\n\n<p>Durante a Segunda Rep\u00fablica Espa\u00f1ola, \u00f3s dezaoito anos, traballou no concello da Coru\u00f1a e foi secretaria do pol\u00edtico Santiago Casares Quiroga, m\u00e1is tarde Presidente do Goberno da Rep\u00fablica Espa\u00f1ola.<\/p>\n\n\n\n<p>Co trunfo da Fronte Popular nas \u00faltimas elecci\u00f3ns de 1936, antes do golpe de estado do 18 de xullo dese ano, en maio marchou a Madrid para traballar para os Servizos Secretos de Informaci\u00f3n do Ministerio da Gobernaci\u00f3n que dirix\u00eda Casares Quiroga, convert\u00e9ndose nunha persoa de plena confianza do Goberno Republicano.<\/p>\n\n\n\n<p>Logo do golpe de estado, trasladouse a Valencia co Goberno Republicano. Al\u00ed intima e casa con Arturo Cuadrado, mestre, escritor, editor e pol\u00edtico, foi padri\u00f1o da cerimonia civil o destacado dirixente galeguista Alfonso Daniel Rodr\u00edguez Castelao..-&#8230;<\/p>\n\n\n\n<p>M\u00e1is tarde, presionados polo avance do ex\u00e9rcito golpista, traslad\u00e1ronse a Barcelona, onde naceu a s\u00faa \u00fanica filla, Silvia. Continuou a presi\u00f3n da guerra e v\u00edronse obrigados a fuxir exili\u00e1ndose na Franza, al\u00ed falece a filla v\u00edtima dunha doenza respiratoria con cinco meses de idade, m\u00e1is tarde o 18 de outubro de 1939, conseguiu embarcar en Burdeos cara a Bos Aires no barco Massilia, fretado polas organizaci\u00f3ns republicanas da Arxentina. Vai gr\u00e1vida e da a luz o chegar \u00e1 rep\u00fablica arxentina, m\u00e1is o pequeno naceu morto.<\/p>\n\n\n\n<p>Na Arxentina Amparo foi empregada en oficinas editoriais, traballou como pianista nunha academia de baile e ate cultivou a apicultura. A actividade que m\u00e1is soa lle deu foi a de tradutora. Fixo numerosas traduci\u00f3ns do ingl\u00e9s, do franc\u00e9s, do italiano, do portugu\u00e9s, que foron obxecto de eloxiosas cr\u00edticas. M\u00e1is tarde tam\u00e9n aprender\u00eda ruso. Estaba considerada como a mellor tradutora de Hispanoam\u00e9rica.<\/p>\n\n\n\n<p>Escribiu numerosos artigos e ensaios, foi autora xunto con Agust\u00edn Caballero, de d\u00faas obras dram\u00e1ticas, \u201cUn balc\u00f3n para los Lester\u201d e \u201cAmada y t\u00fa\u201d, que foron estreadas con moito \u00e9xito en Bos Aires en 1949 e 1955 respectivamente, ocup\u00e1ndose tam\u00e9n da direcci\u00f3n esc\u00e9nica. Nesa cidade foi unha muller moi co\u00f1ecida e valorada, como indica o feito de ser inmortalizada pola c\u00e1mara de Grete Stern, fot\u00f3grafa alem\u00e1 exiliada polo nazismo. Amparo foi unha muller moi fermosa, a s\u00faa fermosura e a bohemia de Arturo terminaron con esta parella.<\/p>\n\n\n\n<p>Casou de novo cun avogado arxentino de boa posici\u00f3n econ\u00f3mica co que se trasladou a M\u00e9xico. Anos despois volveu a separarse, e trasladouse a traballar a Nova York como tradutora da ONU. Despois marchou a Par\u00eds, onde traballou como tradutora do Correo da UNESCO. En Par\u00eds mantivo unha estreita amizade con outra gran muller galega e coru\u00f1esa coma ela, Mar\u00eda Casares. Ambas mulleres ti\u00f1an un amor especial polo teatro e ambas sufriran a persecuci\u00f3n, por ser fillas de destacados republicanos.<\/p>\n\n\n\n<p>En 1961 foi directora da equipa de traduci\u00f3n da Organizaci\u00f3n Internacional do Traballo en Xenebra, a s\u00faa especialidade foi a traduci\u00f3n do ingl\u00e9s o espa\u00f1ol, tam\u00e9n foi tradutora no Comit\u00e9 de Desarme, na Organizaci\u00f3n da Enerx\u00eda At\u00f3mica, durante a Conferencia sobre Seguridade Europea.<\/p>\n\n\n\n<p>En Xenebra foi unha das fundadoras do Grupo Art\u00edstico Hispanoamericano, dirixindo estreas de obras de Morat\u00edn, Lope de Vega e Buero Vallejo. Tam\u00e9n dirixiu \u201cFuenteovejuna\u201d en 1964, \u201cOs Vellos non deben namorarse\u201d en 1975, ou \u201cCara de Prata\u201d tam\u00e9n en 1975. Os que con ela traballaron dic\u00edan que Amparo era unha muller de forte car\u00e1cter, moi nerviosa, viv\u00eda o teatro con moita paix\u00f3n.<\/p>\n\n\n\n<p>No plano da sa\u00fade, esta non deb\u00eda andar moi ben pois nunha carta datada en Xenebra o 31 de decembro de 1966, dirixida a s\u00faa amiga Carmela, confesaba, \u201cestiven doente nunha cl\u00ednica, con un serio trastorno do sistema nervioso. Non pod\u00eda escribir polo tremor das mans\u2026\u201d<\/p>\n\n\n\n<p>No plano pol\u00edtico, persoa moi culta e dun grande esp\u00edrito republicano, moi marcada pola vida naqueles anos de loita antifranquista. T\u00f3dolos anos realiz\u00e1banse campa\u00f1as c\u00f3 fin de recadar di\u00f1eiro para a loita clandestina. Fac\u00edanse conxuntamente con outros exiliados pequenos aportes para a Uni\u00f3n do Povo Galego, organizaci\u00f3n naqueles anos m\u00e1is comprometida coa Galiza, sendo ela a que m\u00e1is destacaba na xenerosidade.<\/p>\n\n\n\n<figure class=\"wp-block-image size-full\"><img loading=\"lazy\" decoding=\"async\" width=\"286\" height=\"434\" src=\"https:\/\/www.anovapeneira.gal\/wp-content\/uploads\/2024\/03\/amparo_salvaterra2.jpg\" alt=\"\" class=\"wp-image-11523\" srcset=\"https:\/\/www.anovapeneira.gal\/wp-content\/uploads\/2024\/03\/amparo_salvaterra2.jpg 286w, https:\/\/www.anovapeneira.gal\/wp-content\/uploads\/2024\/03\/amparo_salvaterra2-198x300.jpg 198w\" sizes=\"auto, (max-width: 286px) 100vw, 286px\" \/><\/figure>\n\n\n\n<p>Cando se xubilou, trasladouse a vivir a Mon\u00e7\u00e3o, perto da fronteira contemplando o Mi\u00f1o, viviu reclu\u00edda os \u00faltimos anos da s\u00faa vida e a pesar da proximidade da s\u00faa Galiza natal, non volveu pisar o seu pa\u00eds. As fondas feridas da vida imped\u00edanlle reatoparse cunha paisaxe que tanto amaba pero que lle produc\u00eda tanta dor. Reiteraba unha e outra vez a saudade da terra, \u00e1 que est\u00e1 unida \u201cpor un sentimento vexetal, sinto a\u00ed as mi\u00f1as ra\u00edces. Ese \u00e9 o meu clima, o meu ar e o meu mar; esa \u00e9 a mi\u00f1a choiva e o meu falar. D\u00f3eme Galiza na ialma\u201d.<\/p>\n\n\n\n<p>Faleceu en soidade procurada o 17 de abril de 1998<\/p>\n\n\n\n<p>Salvaterra, 26 de marzo do 2024<\/p>\n","protected":false},"excerpt":{"rendered":"<div class=\"mh-excerpt\"><p>Amables lectores vanme permitir que faga un alto na tem\u00e1tica habitual, o calendario \u00e9 un imperativo, e \u00e9 que o d\u00eda 13 de Abril deste 2024, imos facerlle unha homenaxe a esta muller no lugar onde est\u00e1 soterrada, o cemiterio da fregues\u00eda de Moreira, concello de Mon\u00e7\u00e3o, Portugal. <a class=\"mh-excerpt-more\" href=\"https:\/\/www.anovapeneira.gal\/index.php\/2024\/04\/02\/cousas-da-eurocidade\/\" title=\"Cousas da eurocidade\">[&#8230;]<\/a><\/p>\n<\/div>","protected":false},"author":34,"featured_media":11522,"comment_status":"open","ping_status":"open","sticky":false,"template":"","format":"standard","meta":{"_exactmetrics_skip_tracking":false,"_exactmetrics_sitenote_active":false,"_exactmetrics_sitenote_note":"","_exactmetrics_sitenote_category":0,"footnotes":""},"categories":[7],"tags":[],"class_list":{"0":"post-11521","1":"post","2":"type-post","3":"status-publish","4":"format-standard","5":"has-post-thumbnail","7":"category-artigos-de-opinion"},"yoast_head":"<!-- This site is optimized with the Yoast SEO plugin v27.4 - https:\/\/yoast.com\/product\/yoast-seo-wordpress\/ -->\n<title>Cousas da eurocidade -<\/title>\n<meta name=\"robots\" content=\"index, follow, max-snippet:-1, max-image-preview:large, max-video-preview:-1\" \/>\n<link rel=\"canonical\" href=\"https:\/\/www.anovapeneira.gal\/index.php\/2024\/04\/02\/cousas-da-eurocidade\/\" \/>\n<meta property=\"og:locale\" content=\"gl_ES\" \/>\n<meta property=\"og:type\" content=\"article\" \/>\n<meta property=\"og:title\" content=\"Cousas da eurocidade -\" \/>\n<meta property=\"og:description\" content=\"Amables lectores vanme permitir que faga un alto na tem\u00e1tica habitual, o calendario \u00e9 un imperativo, e \u00e9 que o d\u00eda 13 de Abril deste 2024, imos facerlle unha homenaxe a esta muller no lugar onde est\u00e1 soterrada, o cemiterio da fregues\u00eda de Moreira, concello de Mon\u00e7\u00e3o, Portugal. [...]\" \/>\n<meta property=\"og:url\" content=\"https:\/\/www.anovapeneira.gal\/index.php\/2024\/04\/02\/cousas-da-eurocidade\/\" \/>\n<meta property=\"article:publisher\" content=\"https:\/\/www.facebook.com\/anovapeneira\" \/>\n<meta property=\"article:published_time\" content=\"2024-04-02T08:00:04+00:00\" \/>\n<meta property=\"og:image\" content=\"https:\/\/www.anovapeneira.gal\/wp-content\/uploads\/2024\/03\/amparo_salvaterra.jpg\" \/>\n\t<meta property=\"og:image:width\" content=\"720\" \/>\n\t<meta property=\"og:image:height\" content=\"432\" \/>\n\t<meta property=\"og:image:type\" content=\"image\/jpeg\" \/>\n<meta name=\"author\" content=\"Ant\u00f3n Lorenzo Gonz\u00e1lez\" \/>\n<meta name=\"twitter:card\" content=\"summary_large_image\" \/>\n<meta name=\"twitter:image\" content=\"https:\/\/www.anovapeneira.gal\/wp-content\/uploads\/2024\/03\/amparo_salvaterra.jpg\" \/>\n<meta name=\"twitter:creator\" content=\"@APeneira\" \/>\n<meta name=\"twitter:site\" content=\"@APeneira\" \/>\n<meta name=\"twitter:label1\" content=\"Escrito por\" \/>\n\t<meta name=\"twitter:data1\" content=\"Ant\u00f3n Lorenzo Gonz\u00e1lez\" \/>\n\t<meta name=\"twitter:label2\" content=\"Tempo de lectura\" \/>\n\t<meta name=\"twitter:data2\" content=\"8 minutos\" \/>\n<script type=\"application\/ld+json\" class=\"yoast-schema-graph\">{\"@context\":\"https:\\\/\\\/schema.org\",\"@graph\":[{\"@type\":\"Article\",\"@id\":\"https:\\\/\\\/www.anovapeneira.gal\\\/index.php\\\/2024\\\/04\\\/02\\\/cousas-da-eurocidade\\\/#article\",\"isPartOf\":{\"@id\":\"https:\\\/\\\/www.anovapeneira.gal\\\/index.php\\\/2024\\\/04\\\/02\\\/cousas-da-eurocidade\\\/\"},\"author\":{\"name\":\"Ant\u00f3n Lorenzo Gonz\u00e1lez\",\"@id\":\"https:\\\/\\\/www.anovapeneira.gal\\\/#\\\/schema\\\/person\\\/1bf91cd240796d05b6522e3d8a6e2d8e\"},\"headline\":\"Cousas da eurocidade\",\"datePublished\":\"2024-04-02T08:00:04+00:00\",\"mainEntityOfPage\":{\"@id\":\"https:\\\/\\\/www.anovapeneira.gal\\\/index.php\\\/2024\\\/04\\\/02\\\/cousas-da-eurocidade\\\/\"},\"wordCount\":1405,\"commentCount\":0,\"publisher\":{\"@id\":\"https:\\\/\\\/www.anovapeneira.gal\\\/#organization\"},\"image\":{\"@id\":\"https:\\\/\\\/www.anovapeneira.gal\\\/index.php\\\/2024\\\/04\\\/02\\\/cousas-da-eurocidade\\\/#primaryimage\"},\"thumbnailUrl\":\"https:\\\/\\\/www.anovapeneira.gal\\\/wp-content\\\/uploads\\\/2024\\\/03\\\/amparo_salvaterra.jpg\",\"articleSection\":[\"Artigos de opini\u00f3n\"],\"inLanguage\":\"gl-ES\",\"potentialAction\":[{\"@type\":\"CommentAction\",\"name\":\"Comment\",\"target\":[\"https:\\\/\\\/www.anovapeneira.gal\\\/index.php\\\/2024\\\/04\\\/02\\\/cousas-da-eurocidade\\\/#respond\"]}]},{\"@type\":\"WebPage\",\"@id\":\"https:\\\/\\\/www.anovapeneira.gal\\\/index.php\\\/2024\\\/04\\\/02\\\/cousas-da-eurocidade\\\/\",\"url\":\"https:\\\/\\\/www.anovapeneira.gal\\\/index.php\\\/2024\\\/04\\\/02\\\/cousas-da-eurocidade\\\/\",\"name\":\"Cousas da eurocidade -\",\"isPartOf\":{\"@id\":\"https:\\\/\\\/www.anovapeneira.gal\\\/#website\"},\"primaryImageOfPage\":{\"@id\":\"https:\\\/\\\/www.anovapeneira.gal\\\/index.php\\\/2024\\\/04\\\/02\\\/cousas-da-eurocidade\\\/#primaryimage\"},\"image\":{\"@id\":\"https:\\\/\\\/www.anovapeneira.gal\\\/index.php\\\/2024\\\/04\\\/02\\\/cousas-da-eurocidade\\\/#primaryimage\"},\"thumbnailUrl\":\"https:\\\/\\\/www.anovapeneira.gal\\\/wp-content\\\/uploads\\\/2024\\\/03\\\/amparo_salvaterra.jpg\",\"datePublished\":\"2024-04-02T08:00:04+00:00\",\"breadcrumb\":{\"@id\":\"https:\\\/\\\/www.anovapeneira.gal\\\/index.php\\\/2024\\\/04\\\/02\\\/cousas-da-eurocidade\\\/#breadcrumb\"},\"inLanguage\":\"gl-ES\",\"potentialAction\":[{\"@type\":\"ReadAction\",\"target\":[\"https:\\\/\\\/www.anovapeneira.gal\\\/index.php\\\/2024\\\/04\\\/02\\\/cousas-da-eurocidade\\\/\"]}]},{\"@type\":\"ImageObject\",\"inLanguage\":\"gl-ES\",\"@id\":\"https:\\\/\\\/www.anovapeneira.gal\\\/index.php\\\/2024\\\/04\\\/02\\\/cousas-da-eurocidade\\\/#primaryimage\",\"url\":\"https:\\\/\\\/www.anovapeneira.gal\\\/wp-content\\\/uploads\\\/2024\\\/03\\\/amparo_salvaterra.jpg\",\"contentUrl\":\"https:\\\/\\\/www.anovapeneira.gal\\\/wp-content\\\/uploads\\\/2024\\\/03\\\/amparo_salvaterra.jpg\",\"width\":720,\"height\":432,\"caption\":\"Amparo Alvajar L\u00f3pez\"},{\"@type\":\"BreadcrumbList\",\"@id\":\"https:\\\/\\\/www.anovapeneira.gal\\\/index.php\\\/2024\\\/04\\\/02\\\/cousas-da-eurocidade\\\/#breadcrumb\",\"itemListElement\":[{\"@type\":\"ListItem\",\"position\":1,\"name\":\"Portada\",\"item\":\"https:\\\/\\\/www.anovapeneira.gal\\\/\"},{\"@type\":\"ListItem\",\"position\":2,\"name\":\"Cousas da eurocidade\"}]},{\"@type\":\"WebSite\",\"@id\":\"https:\\\/\\\/www.anovapeneira.gal\\\/#website\",\"url\":\"https:\\\/\\\/www.anovapeneira.gal\\\/\",\"name\":\"\",\"description\":\"Xornal galego de informaci\u00f3n xeral Publicaci\u00f3n mensual de novas de Galicia e en especial dos Concellos da sur da provincia de Pontevedra.\",\"publisher\":{\"@id\":\"https:\\\/\\\/www.anovapeneira.gal\\\/#organization\"},\"potentialAction\":[{\"@type\":\"SearchAction\",\"target\":{\"@type\":\"EntryPoint\",\"urlTemplate\":\"https:\\\/\\\/www.anovapeneira.gal\\\/?s={search_term_string}\"},\"query-input\":{\"@type\":\"PropertyValueSpecification\",\"valueRequired\":true,\"valueName\":\"search_term_string\"}}],\"inLanguage\":\"gl-ES\"},{\"@type\":\"Organization\",\"@id\":\"https:\\\/\\\/www.anovapeneira.gal\\\/#organization\",\"name\":\"A Nova Peneira\",\"url\":\"https:\\\/\\\/www.anovapeneira.gal\\\/\",\"logo\":{\"@type\":\"ImageObject\",\"inLanguage\":\"gl-ES\",\"@id\":\"https:\\\/\\\/www.anovapeneira.gal\\\/#\\\/schema\\\/logo\\\/image\\\/\",\"url\":\"http:\\\/\\\/www.anovapeneira.gal\\\/wp-content\\\/uploads\\\/2019\\\/06\\\/logo_a_nova_peneira_portal_web.png\",\"contentUrl\":\"http:\\\/\\\/www.anovapeneira.gal\\\/wp-content\\\/uploads\\\/2019\\\/06\\\/logo_a_nova_peneira_portal_web.png\",\"width\":300,\"height\":100,\"caption\":\"A Nova Peneira\"},\"image\":{\"@id\":\"https:\\\/\\\/www.anovapeneira.gal\\\/#\\\/schema\\\/logo\\\/image\\\/\"},\"sameAs\":[\"https:\\\/\\\/www.facebook.com\\\/anovapeneira\",\"https:\\\/\\\/x.com\\\/APeneira\"]},{\"@type\":\"Person\",\"@id\":\"https:\\\/\\\/www.anovapeneira.gal\\\/#\\\/schema\\\/person\\\/1bf91cd240796d05b6522e3d8a6e2d8e\",\"name\":\"Ant\u00f3n Lorenzo Gonz\u00e1lez\",\"image\":{\"@type\":\"ImageObject\",\"inLanguage\":\"gl-ES\",\"@id\":\"https:\\\/\\\/secure.gravatar.com\\\/avatar\\\/dcd882e8f4338e07610336943426400d525673506eb37ce59442ba704e5cc971?s=96&d=mm&r=g\",\"url\":\"https:\\\/\\\/secure.gravatar.com\\\/avatar\\\/dcd882e8f4338e07610336943426400d525673506eb37ce59442ba704e5cc971?s=96&d=mm&r=g\",\"contentUrl\":\"https:\\\/\\\/secure.gravatar.com\\\/avatar\\\/dcd882e8f4338e07610336943426400d525673506eb37ce59442ba704e5cc971?s=96&d=mm&r=g\",\"caption\":\"Ant\u00f3n Lorenzo Gonz\u00e1lez\"},\"url\":\"https:\\\/\\\/www.anovapeneira.gal\\\/index.php\\\/author\\\/xaque\\\/\"}]}<\/script>\n<!-- \/ Yoast SEO plugin. -->","yoast_head_json":{"title":"Cousas da eurocidade -","robots":{"index":"index","follow":"follow","max-snippet":"max-snippet:-1","max-image-preview":"max-image-preview:large","max-video-preview":"max-video-preview:-1"},"canonical":"https:\/\/www.anovapeneira.gal\/index.php\/2024\/04\/02\/cousas-da-eurocidade\/","og_locale":"gl_ES","og_type":"article","og_title":"Cousas da eurocidade -","og_description":"Amables lectores vanme permitir que faga un alto na tem\u00e1tica habitual, o calendario \u00e9 un imperativo, e \u00e9 que o d\u00eda 13 de Abril deste 2024, imos facerlle unha homenaxe a esta muller no lugar onde est\u00e1 soterrada, o cemiterio da fregues\u00eda de Moreira, concello de Mon\u00e7\u00e3o, Portugal. [...]","og_url":"https:\/\/www.anovapeneira.gal\/index.php\/2024\/04\/02\/cousas-da-eurocidade\/","article_publisher":"https:\/\/www.facebook.com\/anovapeneira","article_published_time":"2024-04-02T08:00:04+00:00","og_image":[{"width":720,"height":432,"url":"https:\/\/www.anovapeneira.gal\/wp-content\/uploads\/2024\/03\/amparo_salvaterra.jpg","type":"image\/jpeg"}],"author":"Ant\u00f3n Lorenzo Gonz\u00e1lez","twitter_card":"summary_large_image","twitter_image":"https:\/\/www.anovapeneira.gal\/wp-content\/uploads\/2024\/03\/amparo_salvaterra.jpg","twitter_creator":"@APeneira","twitter_site":"@APeneira","twitter_misc":{"Escrito por":"Ant\u00f3n Lorenzo Gonz\u00e1lez","Tempo de lectura":"8 minutos"},"schema":{"@context":"https:\/\/schema.org","@graph":[{"@type":"Article","@id":"https:\/\/www.anovapeneira.gal\/index.php\/2024\/04\/02\/cousas-da-eurocidade\/#article","isPartOf":{"@id":"https:\/\/www.anovapeneira.gal\/index.php\/2024\/04\/02\/cousas-da-eurocidade\/"},"author":{"name":"Ant\u00f3n Lorenzo Gonz\u00e1lez","@id":"https:\/\/www.anovapeneira.gal\/#\/schema\/person\/1bf91cd240796d05b6522e3d8a6e2d8e"},"headline":"Cousas da eurocidade","datePublished":"2024-04-02T08:00:04+00:00","mainEntityOfPage":{"@id":"https:\/\/www.anovapeneira.gal\/index.php\/2024\/04\/02\/cousas-da-eurocidade\/"},"wordCount":1405,"commentCount":0,"publisher":{"@id":"https:\/\/www.anovapeneira.gal\/#organization"},"image":{"@id":"https:\/\/www.anovapeneira.gal\/index.php\/2024\/04\/02\/cousas-da-eurocidade\/#primaryimage"},"thumbnailUrl":"https:\/\/www.anovapeneira.gal\/wp-content\/uploads\/2024\/03\/amparo_salvaterra.jpg","articleSection":["Artigos de opini\u00f3n"],"inLanguage":"gl-ES","potentialAction":[{"@type":"CommentAction","name":"Comment","target":["https:\/\/www.anovapeneira.gal\/index.php\/2024\/04\/02\/cousas-da-eurocidade\/#respond"]}]},{"@type":"WebPage","@id":"https:\/\/www.anovapeneira.gal\/index.php\/2024\/04\/02\/cousas-da-eurocidade\/","url":"https:\/\/www.anovapeneira.gal\/index.php\/2024\/04\/02\/cousas-da-eurocidade\/","name":"Cousas da eurocidade -","isPartOf":{"@id":"https:\/\/www.anovapeneira.gal\/#website"},"primaryImageOfPage":{"@id":"https:\/\/www.anovapeneira.gal\/index.php\/2024\/04\/02\/cousas-da-eurocidade\/#primaryimage"},"image":{"@id":"https:\/\/www.anovapeneira.gal\/index.php\/2024\/04\/02\/cousas-da-eurocidade\/#primaryimage"},"thumbnailUrl":"https:\/\/www.anovapeneira.gal\/wp-content\/uploads\/2024\/03\/amparo_salvaterra.jpg","datePublished":"2024-04-02T08:00:04+00:00","breadcrumb":{"@id":"https:\/\/www.anovapeneira.gal\/index.php\/2024\/04\/02\/cousas-da-eurocidade\/#breadcrumb"},"inLanguage":"gl-ES","potentialAction":[{"@type":"ReadAction","target":["https:\/\/www.anovapeneira.gal\/index.php\/2024\/04\/02\/cousas-da-eurocidade\/"]}]},{"@type":"ImageObject","inLanguage":"gl-ES","@id":"https:\/\/www.anovapeneira.gal\/index.php\/2024\/04\/02\/cousas-da-eurocidade\/#primaryimage","url":"https:\/\/www.anovapeneira.gal\/wp-content\/uploads\/2024\/03\/amparo_salvaterra.jpg","contentUrl":"https:\/\/www.anovapeneira.gal\/wp-content\/uploads\/2024\/03\/amparo_salvaterra.jpg","width":720,"height":432,"caption":"Amparo Alvajar L\u00f3pez"},{"@type":"BreadcrumbList","@id":"https:\/\/www.anovapeneira.gal\/index.php\/2024\/04\/02\/cousas-da-eurocidade\/#breadcrumb","itemListElement":[{"@type":"ListItem","position":1,"name":"Portada","item":"https:\/\/www.anovapeneira.gal\/"},{"@type":"ListItem","position":2,"name":"Cousas da eurocidade"}]},{"@type":"WebSite","@id":"https:\/\/www.anovapeneira.gal\/#website","url":"https:\/\/www.anovapeneira.gal\/","name":"","description":"Xornal galego de informaci\u00f3n xeral Publicaci\u00f3n mensual de novas de Galicia e en especial dos Concellos da sur da provincia de Pontevedra.","publisher":{"@id":"https:\/\/www.anovapeneira.gal\/#organization"},"potentialAction":[{"@type":"SearchAction","target":{"@type":"EntryPoint","urlTemplate":"https:\/\/www.anovapeneira.gal\/?s={search_term_string}"},"query-input":{"@type":"PropertyValueSpecification","valueRequired":true,"valueName":"search_term_string"}}],"inLanguage":"gl-ES"},{"@type":"Organization","@id":"https:\/\/www.anovapeneira.gal\/#organization","name":"A Nova Peneira","url":"https:\/\/www.anovapeneira.gal\/","logo":{"@type":"ImageObject","inLanguage":"gl-ES","@id":"https:\/\/www.anovapeneira.gal\/#\/schema\/logo\/image\/","url":"http:\/\/www.anovapeneira.gal\/wp-content\/uploads\/2019\/06\/logo_a_nova_peneira_portal_web.png","contentUrl":"http:\/\/www.anovapeneira.gal\/wp-content\/uploads\/2019\/06\/logo_a_nova_peneira_portal_web.png","width":300,"height":100,"caption":"A Nova Peneira"},"image":{"@id":"https:\/\/www.anovapeneira.gal\/#\/schema\/logo\/image\/"},"sameAs":["https:\/\/www.facebook.com\/anovapeneira","https:\/\/x.com\/APeneira"]},{"@type":"Person","@id":"https:\/\/www.anovapeneira.gal\/#\/schema\/person\/1bf91cd240796d05b6522e3d8a6e2d8e","name":"Ant\u00f3n Lorenzo Gonz\u00e1lez","image":{"@type":"ImageObject","inLanguage":"gl-ES","@id":"https:\/\/secure.gravatar.com\/avatar\/dcd882e8f4338e07610336943426400d525673506eb37ce59442ba704e5cc971?s=96&d=mm&r=g","url":"https:\/\/secure.gravatar.com\/avatar\/dcd882e8f4338e07610336943426400d525673506eb37ce59442ba704e5cc971?s=96&d=mm&r=g","contentUrl":"https:\/\/secure.gravatar.com\/avatar\/dcd882e8f4338e07610336943426400d525673506eb37ce59442ba704e5cc971?s=96&d=mm&r=g","caption":"Ant\u00f3n Lorenzo Gonz\u00e1lez"},"url":"https:\/\/www.anovapeneira.gal\/index.php\/author\/xaque\/"}]}},"jetpack_featured_media_url":"https:\/\/www.anovapeneira.gal\/wp-content\/uploads\/2024\/03\/amparo_salvaterra.jpg","_links":{"self":[{"href":"https:\/\/www.anovapeneira.gal\/index.php\/wp-json\/wp\/v2\/posts\/11521","targetHints":{"allow":["GET"]}}],"collection":[{"href":"https:\/\/www.anovapeneira.gal\/index.php\/wp-json\/wp\/v2\/posts"}],"about":[{"href":"https:\/\/www.anovapeneira.gal\/index.php\/wp-json\/wp\/v2\/types\/post"}],"author":[{"embeddable":true,"href":"https:\/\/www.anovapeneira.gal\/index.php\/wp-json\/wp\/v2\/users\/34"}],"replies":[{"embeddable":true,"href":"https:\/\/www.anovapeneira.gal\/index.php\/wp-json\/wp\/v2\/comments?post=11521"}],"version-history":[{"count":1,"href":"https:\/\/www.anovapeneira.gal\/index.php\/wp-json\/wp\/v2\/posts\/11521\/revisions"}],"predecessor-version":[{"id":11524,"href":"https:\/\/www.anovapeneira.gal\/index.php\/wp-json\/wp\/v2\/posts\/11521\/revisions\/11524"}],"wp:featuredmedia":[{"embeddable":true,"href":"https:\/\/www.anovapeneira.gal\/index.php\/wp-json\/wp\/v2\/media\/11522"}],"wp:attachment":[{"href":"https:\/\/www.anovapeneira.gal\/index.php\/wp-json\/wp\/v2\/media?parent=11521"}],"wp:term":[{"taxonomy":"category","embeddable":true,"href":"https:\/\/www.anovapeneira.gal\/index.php\/wp-json\/wp\/v2\/categories?post=11521"},{"taxonomy":"post_tag","embeddable":true,"href":"https:\/\/www.anovapeneira.gal\/index.php\/wp-json\/wp\/v2\/tags?post=11521"}],"curies":[{"name":"wp","href":"https:\/\/api.w.org\/{rel}","templated":true}]}}