{"id":11541,"date":"2024-04-05T10:00:27","date_gmt":"2024-04-05T08:00:27","guid":{"rendered":"https:\/\/www.anovapeneira.gal\/?p=11541"},"modified":"2024-04-01T11:00:48","modified_gmt":"2024-04-01T09:00:48","slug":"tras-o-voto-unanime-a-prol-dasua-mocion-no-pleno-de-febreiro","status":"publish","type":"post","link":"https:\/\/www.anovapeneira.gal\/index.php\/2024\/04\/05\/tras-o-voto-unanime-a-prol-dasua-mocion-no-pleno-de-febreiro\/","title":{"rendered":"Tras o voto un\u00e1nime \u00e1 prol das\u00faa moci\u00f3n no pleno de febreiro"},"content":{"rendered":"\n<h2 class=\"wp-block-heading\"><strong>O BNG traslada unha proposta de <\/strong><strong>Regulamento c<\/strong><strong>omo base <\/strong><strong>para a constituci\u00f3n do <\/strong><strong>Consello Escolar Municipal<\/strong><\/h2>\n\n\n\n<p><strong>Gondomar, 26 de marzo de 2023<\/strong><\/p>\n\n\n\n<p>O Bloque Nacionalista Galego v\u00e9n de trasladar ao goberno local e ao conxunto da Corporaci\u00f3n municipal unha proposta de Regulamento que sirva de base para a constituci\u00f3n do Consello Escolar Municipal de Gondomar.<\/p>\n\n\n\n<p>Logo de acadar, no pleno de febreiro, o voto un\u00e1nime da corporaci\u00f3n a prol da moci\u00f3n que instaba ao goberno local \u00e1 s\u00faa creaci\u00f3n \u00e1 menor brevidade pos\u00edbel, e sen ning\u00fan avance por parte do goberno, a organizaci\u00f3n nacionalista achega agora un texto \u201cque permita comezar a traballar na posta en marcha efectiva do Consello sen m\u00e1is dilaci\u00f3n\u201d, explica a portavoz municipal do BNG, Manuela Rodr\u00edguez.<\/p>\n\n\n\n<p>Con esta proposta o BNG insta ao goberno local ao cumprir a lei de consellos escolares de Galiza que recolle que os municipios que dispo\u00f1an polo menos de un colexio no seu territorio deber\u00e1n constitu\u00edr o Consello Escolar Municipal. A mesma lei que recolle que os Consellos Escolares Municipais est\u00e1n concebidos como peza b\u00e1sica e fundamental de participaci\u00f3n democr\u00e1tica da comunidade educativa, que debe procurar a m\u00e1is extensa participaci\u00f3n social, suli\u00f1\u00e1ndose a nivel municipal a representatividade dos protagonistas directos da acci\u00f3n educativa, para asegurar a comunicaci\u00f3n flu\u00edda entre a comunidade educativa e os poderes municipal e galego.<\/p>\n\n\n\n<p>\u201cEsa comunicaci\u00f3n que non se est\u00e1 a dar no noso concello, tal como expresaron familias, docentes e alumnado na concentraci\u00f3n que protagonizaron o pasado xoves diante do Concello\u201d, salienta Rodr\u00edguez. Diante desa protesta, para o BNG fica claro que \u201cnin o goberno local nin o da Xunta poden dicir que os centros educativos de Gondomar, desde infantil at\u00e9 secundaria, non est\u00e1n \u201cdesatendidos\u201d, cando en todos eles hai necesidade de melloras no mantemento ou conservaci\u00f3n das infraestruturas ou dotaci\u00f3ns; e, desde logo, nin o goberno municipal nin o da Xunta poden dicir que a comunidade educativa \u201cest\u00e1 ben atendida\u201d, cando se est\u00e1n a producir recortes no servizo de comedor, no de transporte, no persoal de conserxer\u00eda, no corpo docente\u201d, denuncian.<\/p>\n\n\n\n<p>Reiteradamente, tanto a ANPAS como direcci\u00f3ns dos centros educativos de Gondomar te\u00f1en demandado a constituci\u00f3n do Consello Escolar Municipal como organismo que permita establecer esa necesaria interlocuci\u00f3n coa administraci\u00f3n e os seus gobernos. \u201cNesa li\u00f1a\u201d, explica a voceira do BNG, \u201ce para contribuir a acelerar o proceso de creaci\u00f3n do organismo, \u00e9 que trasladamos esta proposta de regulamento para lle dar impulso\u201d.<\/p>\n","protected":false},"excerpt":{"rendered":"<div class=\"mh-excerpt\"><p>O BNG traslada unha proposta de Regulamento como base para a constituci\u00f3n do Consello Escolar Municipal <a class=\"mh-excerpt-more\" href=\"https:\/\/www.anovapeneira.gal\/index.php\/2024\/04\/05\/tras-o-voto-unanime-a-prol-dasua-mocion-no-pleno-de-febreiro\/\" title=\"Tras o voto un\u00e1nime \u00e1 prol das\u00faa moci\u00f3n no pleno de febreiro\">[&#8230;]<\/a><\/p>\n<\/div>","protected":false},"author":3,"featured_media":11542,"comment_status":"open","ping_status":"open","sticky":false,"template":"","format":"standard","meta":{"_exactmetrics_skip_tracking":false,"_exactmetrics_sitenote_active":false,"_exactmetrics_sitenote_note":"","_exactmetrics_sitenote_category":0,"footnotes":""},"categories":[20],"tags":[149],"class_list":{"0":"post-11541","1":"post","2":"type-post","3":"status-publish","4":"format-standard","5":"has-post-thumbnail","7":"category-val-minor","8":"tag-concello-de-gondomar"},"yoast_head":"<!-- This site is optimized with the Yoast SEO plugin v27.4 - https:\/\/yoast.com\/product\/yoast-seo-wordpress\/ -->\n<title>Tras o voto un\u00e1nime \u00e1 prol das\u00faa moci\u00f3n no pleno de febreiro -<\/title>\n<meta name=\"robots\" content=\"index, follow, max-snippet:-1, max-image-preview:large, max-video-preview:-1\" \/>\n<link rel=\"canonical\" href=\"https:\/\/www.anovapeneira.gal\/index.php\/2024\/04\/05\/tras-o-voto-unanime-a-prol-dasua-mocion-no-pleno-de-febreiro\/\" \/>\n<meta property=\"og:locale\" content=\"gl_ES\" \/>\n<meta property=\"og:type\" content=\"article\" \/>\n<meta property=\"og:title\" content=\"Tras o voto un\u00e1nime \u00e1 prol das\u00faa moci\u00f3n no pleno de febreiro -\" \/>\n<meta property=\"og:description\" content=\"O BNG traslada unha proposta de Regulamento como base para a constituci\u00f3n do Consello Escolar Municipal [...]\" \/>\n<meta property=\"og:url\" content=\"https:\/\/www.anovapeneira.gal\/index.php\/2024\/04\/05\/tras-o-voto-unanime-a-prol-dasua-mocion-no-pleno-de-febreiro\/\" \/>\n<meta property=\"article:publisher\" content=\"https:\/\/www.facebook.com\/anovapeneira\" \/>\n<meta property=\"article:published_time\" content=\"2024-04-05T08:00:27+00:00\" \/>\n<meta property=\"og:image\" content=\"https:\/\/www.anovapeneira.gal\/wp-content\/uploads\/2024\/04\/ColexiosGondomar.jpg\" \/>\n\t<meta property=\"og:image:width\" content=\"720\" \/>\n\t<meta property=\"og:image:height\" content=\"432\" \/>\n\t<meta property=\"og:image:type\" content=\"image\/jpeg\" \/>\n<meta name=\"author\" content=\"Redacci\u00f3n A Nova Peneira\" \/>\n<meta name=\"twitter:card\" content=\"summary_large_image\" \/>\n<meta name=\"twitter:creator\" content=\"@APeneira\" \/>\n<meta name=\"twitter:site\" content=\"@APeneira\" \/>\n<meta name=\"twitter:label1\" content=\"Escrito por\" \/>\n\t<meta name=\"twitter:data1\" content=\"Redacci\u00f3n A Nova Peneira\" \/>\n\t<meta name=\"twitter:label2\" content=\"Tempo de lectura\" \/>\n\t<meta name=\"twitter:data2\" content=\"3 minutos\" \/>\n<script type=\"application\/ld+json\" class=\"yoast-schema-graph\">{\"@context\":\"https:\\\/\\\/schema.org\",\"@graph\":[{\"@type\":\"Article\",\"@id\":\"https:\\\/\\\/www.anovapeneira.gal\\\/index.php\\\/2024\\\/04\\\/05\\\/tras-o-voto-unanime-a-prol-dasua-mocion-no-pleno-de-febreiro\\\/#article\",\"isPartOf\":{\"@id\":\"https:\\\/\\\/www.anovapeneira.gal\\\/index.php\\\/2024\\\/04\\\/05\\\/tras-o-voto-unanime-a-prol-dasua-mocion-no-pleno-de-febreiro\\\/\"},\"author\":{\"name\":\"Redacci\u00f3n A Nova Peneira\",\"@id\":\"https:\\\/\\\/www.anovapeneira.gal\\\/#\\\/schema\\\/person\\\/b93e3f8932e3f8da96334607eb6ac6aa\"},\"headline\":\"Tras o voto un\u00e1nime \u00e1 prol das\u00faa moci\u00f3n no pleno de febreiro\",\"datePublished\":\"2024-04-05T08:00:27+00:00\",\"mainEntityOfPage\":{\"@id\":\"https:\\\/\\\/www.anovapeneira.gal\\\/index.php\\\/2024\\\/04\\\/05\\\/tras-o-voto-unanime-a-prol-dasua-mocion-no-pleno-de-febreiro\\\/\"},\"wordCount\":452,\"commentCount\":0,\"publisher\":{\"@id\":\"https:\\\/\\\/www.anovapeneira.gal\\\/#organization\"},\"image\":{\"@id\":\"https:\\\/\\\/www.anovapeneira.gal\\\/index.php\\\/2024\\\/04\\\/05\\\/tras-o-voto-unanime-a-prol-dasua-mocion-no-pleno-de-febreiro\\\/#primaryimage\"},\"thumbnailUrl\":\"https:\\\/\\\/www.anovapeneira.gal\\\/wp-content\\\/uploads\\\/2024\\\/04\\\/ColexiosGondomar.jpg\",\"keywords\":[\"Concello de Gondomar\"],\"articleSection\":[\"Val Mi\u00f1or\"],\"inLanguage\":\"gl-ES\",\"potentialAction\":[{\"@type\":\"CommentAction\",\"name\":\"Comment\",\"target\":[\"https:\\\/\\\/www.anovapeneira.gal\\\/index.php\\\/2024\\\/04\\\/05\\\/tras-o-voto-unanime-a-prol-dasua-mocion-no-pleno-de-febreiro\\\/#respond\"]}]},{\"@type\":\"WebPage\",\"@id\":\"https:\\\/\\\/www.anovapeneira.gal\\\/index.php\\\/2024\\\/04\\\/05\\\/tras-o-voto-unanime-a-prol-dasua-mocion-no-pleno-de-febreiro\\\/\",\"url\":\"https:\\\/\\\/www.anovapeneira.gal\\\/index.php\\\/2024\\\/04\\\/05\\\/tras-o-voto-unanime-a-prol-dasua-mocion-no-pleno-de-febreiro\\\/\",\"name\":\"Tras o voto un\u00e1nime \u00e1 prol das\u00faa moci\u00f3n no pleno de febreiro -\",\"isPartOf\":{\"@id\":\"https:\\\/\\\/www.anovapeneira.gal\\\/#website\"},\"primaryImageOfPage\":{\"@id\":\"https:\\\/\\\/www.anovapeneira.gal\\\/index.php\\\/2024\\\/04\\\/05\\\/tras-o-voto-unanime-a-prol-dasua-mocion-no-pleno-de-febreiro\\\/#primaryimage\"},\"image\":{\"@id\":\"https:\\\/\\\/www.anovapeneira.gal\\\/index.php\\\/2024\\\/04\\\/05\\\/tras-o-voto-unanime-a-prol-dasua-mocion-no-pleno-de-febreiro\\\/#primaryimage\"},\"thumbnailUrl\":\"https:\\\/\\\/www.anovapeneira.gal\\\/wp-content\\\/uploads\\\/2024\\\/04\\\/ColexiosGondomar.jpg\",\"datePublished\":\"2024-04-05T08:00:27+00:00\",\"breadcrumb\":{\"@id\":\"https:\\\/\\\/www.anovapeneira.gal\\\/index.php\\\/2024\\\/04\\\/05\\\/tras-o-voto-unanime-a-prol-dasua-mocion-no-pleno-de-febreiro\\\/#breadcrumb\"},\"inLanguage\":\"gl-ES\",\"potentialAction\":[{\"@type\":\"ReadAction\",\"target\":[\"https:\\\/\\\/www.anovapeneira.gal\\\/index.php\\\/2024\\\/04\\\/05\\\/tras-o-voto-unanime-a-prol-dasua-mocion-no-pleno-de-febreiro\\\/\"]}]},{\"@type\":\"ImageObject\",\"inLanguage\":\"gl-ES\",\"@id\":\"https:\\\/\\\/www.anovapeneira.gal\\\/index.php\\\/2024\\\/04\\\/05\\\/tras-o-voto-unanime-a-prol-dasua-mocion-no-pleno-de-febreiro\\\/#primaryimage\",\"url\":\"https:\\\/\\\/www.anovapeneira.gal\\\/wp-content\\\/uploads\\\/2024\\\/04\\\/ColexiosGondomar.jpg\",\"contentUrl\":\"https:\\\/\\\/www.anovapeneira.gal\\\/wp-content\\\/uploads\\\/2024\\\/04\\\/ColexiosGondomar.jpg\",\"width\":720,\"height\":432,\"caption\":\"Colexios de Gondomar\"},{\"@type\":\"BreadcrumbList\",\"@id\":\"https:\\\/\\\/www.anovapeneira.gal\\\/index.php\\\/2024\\\/04\\\/05\\\/tras-o-voto-unanime-a-prol-dasua-mocion-no-pleno-de-febreiro\\\/#breadcrumb\",\"itemListElement\":[{\"@type\":\"ListItem\",\"position\":1,\"name\":\"Portada\",\"item\":\"https:\\\/\\\/www.anovapeneira.gal\\\/\"},{\"@type\":\"ListItem\",\"position\":2,\"name\":\"Tras o voto un\u00e1nime \u00e1 prol das\u00faa moci\u00f3n no pleno de febreiro\"}]},{\"@type\":\"WebSite\",\"@id\":\"https:\\\/\\\/www.anovapeneira.gal\\\/#website\",\"url\":\"https:\\\/\\\/www.anovapeneira.gal\\\/\",\"name\":\"\",\"description\":\"Xornal galego de informaci\u00f3n xeral Publicaci\u00f3n mensual de novas de Galicia e en especial dos Concellos da sur da provincia de Pontevedra.\",\"publisher\":{\"@id\":\"https:\\\/\\\/www.anovapeneira.gal\\\/#organization\"},\"potentialAction\":[{\"@type\":\"SearchAction\",\"target\":{\"@type\":\"EntryPoint\",\"urlTemplate\":\"https:\\\/\\\/www.anovapeneira.gal\\\/?s={search_term_string}\"},\"query-input\":{\"@type\":\"PropertyValueSpecification\",\"valueRequired\":true,\"valueName\":\"search_term_string\"}}],\"inLanguage\":\"gl-ES\"},{\"@type\":\"Organization\",\"@id\":\"https:\\\/\\\/www.anovapeneira.gal\\\/#organization\",\"name\":\"A Nova Peneira\",\"url\":\"https:\\\/\\\/www.anovapeneira.gal\\\/\",\"logo\":{\"@type\":\"ImageObject\",\"inLanguage\":\"gl-ES\",\"@id\":\"https:\\\/\\\/www.anovapeneira.gal\\\/#\\\/schema\\\/logo\\\/image\\\/\",\"url\":\"http:\\\/\\\/www.anovapeneira.gal\\\/wp-content\\\/uploads\\\/2019\\\/06\\\/logo_a_nova_peneira_portal_web.png\",\"contentUrl\":\"http:\\\/\\\/www.anovapeneira.gal\\\/wp-content\\\/uploads\\\/2019\\\/06\\\/logo_a_nova_peneira_portal_web.png\",\"width\":300,\"height\":100,\"caption\":\"A Nova Peneira\"},\"image\":{\"@id\":\"https:\\\/\\\/www.anovapeneira.gal\\\/#\\\/schema\\\/logo\\\/image\\\/\"},\"sameAs\":[\"https:\\\/\\\/www.facebook.com\\\/anovapeneira\",\"https:\\\/\\\/x.com\\\/APeneira\"]},{\"@type\":\"Person\",\"@id\":\"https:\\\/\\\/www.anovapeneira.gal\\\/#\\\/schema\\\/person\\\/b93e3f8932e3f8da96334607eb6ac6aa\",\"name\":\"Redacci\u00f3n A Nova Peneira\",\"image\":{\"@type\":\"ImageObject\",\"inLanguage\":\"gl-ES\",\"@id\":\"https:\\\/\\\/secure.gravatar.com\\\/avatar\\\/c052a2551a06e23fac63626232eaa90abd78dbcf1700fc46a2b2c89fd27b735f?s=96&d=mm&r=g\",\"url\":\"https:\\\/\\\/secure.gravatar.com\\\/avatar\\\/c052a2551a06e23fac63626232eaa90abd78dbcf1700fc46a2b2c89fd27b735f?s=96&d=mm&r=g\",\"contentUrl\":\"https:\\\/\\\/secure.gravatar.com\\\/avatar\\\/c052a2551a06e23fac63626232eaa90abd78dbcf1700fc46a2b2c89fd27b735f?s=96&d=mm&r=g\",\"caption\":\"Redacci\u00f3n A Nova Peneira\"},\"sameAs\":[\"http:\\\/\\\/www.anovapeneira.gal\\\/\"],\"url\":\"https:\\\/\\\/www.anovapeneira.gal\\\/index.php\\\/author\\\/redactor\\\/\"}]}<\/script>\n<!-- \/ Yoast SEO plugin. -->","yoast_head_json":{"title":"Tras o voto un\u00e1nime \u00e1 prol das\u00faa moci\u00f3n no pleno de febreiro -","robots":{"index":"index","follow":"follow","max-snippet":"max-snippet:-1","max-image-preview":"max-image-preview:large","max-video-preview":"max-video-preview:-1"},"canonical":"https:\/\/www.anovapeneira.gal\/index.php\/2024\/04\/05\/tras-o-voto-unanime-a-prol-dasua-mocion-no-pleno-de-febreiro\/","og_locale":"gl_ES","og_type":"article","og_title":"Tras o voto un\u00e1nime \u00e1 prol das\u00faa moci\u00f3n no pleno de febreiro -","og_description":"O BNG traslada unha proposta de Regulamento como base para a constituci\u00f3n do Consello Escolar Municipal [...]","og_url":"https:\/\/www.anovapeneira.gal\/index.php\/2024\/04\/05\/tras-o-voto-unanime-a-prol-dasua-mocion-no-pleno-de-febreiro\/","article_publisher":"https:\/\/www.facebook.com\/anovapeneira","article_published_time":"2024-04-05T08:00:27+00:00","og_image":[{"width":720,"height":432,"url":"https:\/\/www.anovapeneira.gal\/wp-content\/uploads\/2024\/04\/ColexiosGondomar.jpg","type":"image\/jpeg"}],"author":"Redacci\u00f3n A Nova Peneira","twitter_card":"summary_large_image","twitter_creator":"@APeneira","twitter_site":"@APeneira","twitter_misc":{"Escrito por":"Redacci\u00f3n A Nova Peneira","Tempo de lectura":"3 minutos"},"schema":{"@context":"https:\/\/schema.org","@graph":[{"@type":"Article","@id":"https:\/\/www.anovapeneira.gal\/index.php\/2024\/04\/05\/tras-o-voto-unanime-a-prol-dasua-mocion-no-pleno-de-febreiro\/#article","isPartOf":{"@id":"https:\/\/www.anovapeneira.gal\/index.php\/2024\/04\/05\/tras-o-voto-unanime-a-prol-dasua-mocion-no-pleno-de-febreiro\/"},"author":{"name":"Redacci\u00f3n A Nova Peneira","@id":"https:\/\/www.anovapeneira.gal\/#\/schema\/person\/b93e3f8932e3f8da96334607eb6ac6aa"},"headline":"Tras o voto un\u00e1nime \u00e1 prol das\u00faa moci\u00f3n no pleno de febreiro","datePublished":"2024-04-05T08:00:27+00:00","mainEntityOfPage":{"@id":"https:\/\/www.anovapeneira.gal\/index.php\/2024\/04\/05\/tras-o-voto-unanime-a-prol-dasua-mocion-no-pleno-de-febreiro\/"},"wordCount":452,"commentCount":0,"publisher":{"@id":"https:\/\/www.anovapeneira.gal\/#organization"},"image":{"@id":"https:\/\/www.anovapeneira.gal\/index.php\/2024\/04\/05\/tras-o-voto-unanime-a-prol-dasua-mocion-no-pleno-de-febreiro\/#primaryimage"},"thumbnailUrl":"https:\/\/www.anovapeneira.gal\/wp-content\/uploads\/2024\/04\/ColexiosGondomar.jpg","keywords":["Concello de Gondomar"],"articleSection":["Val Mi\u00f1or"],"inLanguage":"gl-ES","potentialAction":[{"@type":"CommentAction","name":"Comment","target":["https:\/\/www.anovapeneira.gal\/index.php\/2024\/04\/05\/tras-o-voto-unanime-a-prol-dasua-mocion-no-pleno-de-febreiro\/#respond"]}]},{"@type":"WebPage","@id":"https:\/\/www.anovapeneira.gal\/index.php\/2024\/04\/05\/tras-o-voto-unanime-a-prol-dasua-mocion-no-pleno-de-febreiro\/","url":"https:\/\/www.anovapeneira.gal\/index.php\/2024\/04\/05\/tras-o-voto-unanime-a-prol-dasua-mocion-no-pleno-de-febreiro\/","name":"Tras o voto un\u00e1nime \u00e1 prol das\u00faa moci\u00f3n no pleno de febreiro -","isPartOf":{"@id":"https:\/\/www.anovapeneira.gal\/#website"},"primaryImageOfPage":{"@id":"https:\/\/www.anovapeneira.gal\/index.php\/2024\/04\/05\/tras-o-voto-unanime-a-prol-dasua-mocion-no-pleno-de-febreiro\/#primaryimage"},"image":{"@id":"https:\/\/www.anovapeneira.gal\/index.php\/2024\/04\/05\/tras-o-voto-unanime-a-prol-dasua-mocion-no-pleno-de-febreiro\/#primaryimage"},"thumbnailUrl":"https:\/\/www.anovapeneira.gal\/wp-content\/uploads\/2024\/04\/ColexiosGondomar.jpg","datePublished":"2024-04-05T08:00:27+00:00","breadcrumb":{"@id":"https:\/\/www.anovapeneira.gal\/index.php\/2024\/04\/05\/tras-o-voto-unanime-a-prol-dasua-mocion-no-pleno-de-febreiro\/#breadcrumb"},"inLanguage":"gl-ES","potentialAction":[{"@type":"ReadAction","target":["https:\/\/www.anovapeneira.gal\/index.php\/2024\/04\/05\/tras-o-voto-unanime-a-prol-dasua-mocion-no-pleno-de-febreiro\/"]}]},{"@type":"ImageObject","inLanguage":"gl-ES","@id":"https:\/\/www.anovapeneira.gal\/index.php\/2024\/04\/05\/tras-o-voto-unanime-a-prol-dasua-mocion-no-pleno-de-febreiro\/#primaryimage","url":"https:\/\/www.anovapeneira.gal\/wp-content\/uploads\/2024\/04\/ColexiosGondomar.jpg","contentUrl":"https:\/\/www.anovapeneira.gal\/wp-content\/uploads\/2024\/04\/ColexiosGondomar.jpg","width":720,"height":432,"caption":"Colexios de Gondomar"},{"@type":"BreadcrumbList","@id":"https:\/\/www.anovapeneira.gal\/index.php\/2024\/04\/05\/tras-o-voto-unanime-a-prol-dasua-mocion-no-pleno-de-febreiro\/#breadcrumb","itemListElement":[{"@type":"ListItem","position":1,"name":"Portada","item":"https:\/\/www.anovapeneira.gal\/"},{"@type":"ListItem","position":2,"name":"Tras o voto un\u00e1nime \u00e1 prol das\u00faa moci\u00f3n no pleno de febreiro"}]},{"@type":"WebSite","@id":"https:\/\/www.anovapeneira.gal\/#website","url":"https:\/\/www.anovapeneira.gal\/","name":"","description":"Xornal galego de informaci\u00f3n xeral Publicaci\u00f3n mensual de novas de Galicia e en especial dos Concellos da sur da provincia de Pontevedra.","publisher":{"@id":"https:\/\/www.anovapeneira.gal\/#organization"},"potentialAction":[{"@type":"SearchAction","target":{"@type":"EntryPoint","urlTemplate":"https:\/\/www.anovapeneira.gal\/?s={search_term_string}"},"query-input":{"@type":"PropertyValueSpecification","valueRequired":true,"valueName":"search_term_string"}}],"inLanguage":"gl-ES"},{"@type":"Organization","@id":"https:\/\/www.anovapeneira.gal\/#organization","name":"A Nova Peneira","url":"https:\/\/www.anovapeneira.gal\/","logo":{"@type":"ImageObject","inLanguage":"gl-ES","@id":"https:\/\/www.anovapeneira.gal\/#\/schema\/logo\/image\/","url":"http:\/\/www.anovapeneira.gal\/wp-content\/uploads\/2019\/06\/logo_a_nova_peneira_portal_web.png","contentUrl":"http:\/\/www.anovapeneira.gal\/wp-content\/uploads\/2019\/06\/logo_a_nova_peneira_portal_web.png","width":300,"height":100,"caption":"A Nova Peneira"},"image":{"@id":"https:\/\/www.anovapeneira.gal\/#\/schema\/logo\/image\/"},"sameAs":["https:\/\/www.facebook.com\/anovapeneira","https:\/\/x.com\/APeneira"]},{"@type":"Person","@id":"https:\/\/www.anovapeneira.gal\/#\/schema\/person\/b93e3f8932e3f8da96334607eb6ac6aa","name":"Redacci\u00f3n A Nova Peneira","image":{"@type":"ImageObject","inLanguage":"gl-ES","@id":"https:\/\/secure.gravatar.com\/avatar\/c052a2551a06e23fac63626232eaa90abd78dbcf1700fc46a2b2c89fd27b735f?s=96&d=mm&r=g","url":"https:\/\/secure.gravatar.com\/avatar\/c052a2551a06e23fac63626232eaa90abd78dbcf1700fc46a2b2c89fd27b735f?s=96&d=mm&r=g","contentUrl":"https:\/\/secure.gravatar.com\/avatar\/c052a2551a06e23fac63626232eaa90abd78dbcf1700fc46a2b2c89fd27b735f?s=96&d=mm&r=g","caption":"Redacci\u00f3n A Nova Peneira"},"sameAs":["http:\/\/www.anovapeneira.gal\/"],"url":"https:\/\/www.anovapeneira.gal\/index.php\/author\/redactor\/"}]}},"jetpack_featured_media_url":"https:\/\/www.anovapeneira.gal\/wp-content\/uploads\/2024\/04\/ColexiosGondomar.jpg","_links":{"self":[{"href":"https:\/\/www.anovapeneira.gal\/index.php\/wp-json\/wp\/v2\/posts\/11541","targetHints":{"allow":["GET"]}}],"collection":[{"href":"https:\/\/www.anovapeneira.gal\/index.php\/wp-json\/wp\/v2\/posts"}],"about":[{"href":"https:\/\/www.anovapeneira.gal\/index.php\/wp-json\/wp\/v2\/types\/post"}],"author":[{"embeddable":true,"href":"https:\/\/www.anovapeneira.gal\/index.php\/wp-json\/wp\/v2\/users\/3"}],"replies":[{"embeddable":true,"href":"https:\/\/www.anovapeneira.gal\/index.php\/wp-json\/wp\/v2\/comments?post=11541"}],"version-history":[{"count":1,"href":"https:\/\/www.anovapeneira.gal\/index.php\/wp-json\/wp\/v2\/posts\/11541\/revisions"}],"predecessor-version":[{"id":11543,"href":"https:\/\/www.anovapeneira.gal\/index.php\/wp-json\/wp\/v2\/posts\/11541\/revisions\/11543"}],"wp:featuredmedia":[{"embeddable":true,"href":"https:\/\/www.anovapeneira.gal\/index.php\/wp-json\/wp\/v2\/media\/11542"}],"wp:attachment":[{"href":"https:\/\/www.anovapeneira.gal\/index.php\/wp-json\/wp\/v2\/media?parent=11541"}],"wp:term":[{"taxonomy":"category","embeddable":true,"href":"https:\/\/www.anovapeneira.gal\/index.php\/wp-json\/wp\/v2\/categories?post=11541"},{"taxonomy":"post_tag","embeddable":true,"href":"https:\/\/www.anovapeneira.gal\/index.php\/wp-json\/wp\/v2\/tags?post=11541"}],"curies":[{"name":"wp","href":"https:\/\/api.w.org\/{rel}","templated":true}]}}