{"id":11545,"date":"2024-04-05T12:00:33","date_gmt":"2024-04-05T10:00:33","guid":{"rendered":"https:\/\/www.anovapeneira.gal\/?p=11545"},"modified":"2024-04-01T11:06:55","modified_gmt":"2024-04-01T09:06:55","slug":"tomino-supera-as-14-000-incidencias-xestionadas-a-traves-da-lina-verde","status":"publish","type":"post","link":"https:\/\/www.anovapeneira.gal\/index.php\/2024\/04\/05\/tomino-supera-as-14-000-incidencias-xestionadas-a-traves-da-lina-verde\/","title":{"rendered":"Tomi\u00f1o supera as 14.000 incidencias xestionadas a trav\u00e9s da Li\u00f1a Verde"},"content":{"rendered":"\n<h2 class=\"wp-block-heading\"><strong>A aplicaci\u00f3n m\u00f3bil permite \u00e1 veci\u00f1anza das traslado de incidencias e ao Concello sistematizar os equipos de traballo para resolvelas<\/strong><\/h2>\n\n\n\n<p><strong>O persoal municipal resolveu xa o 94% destas incidencias, case a metade delas relacionadas co alumeado p\u00fablico<\/strong><\/p>\n\n\n\n<p><strong>Tomi\u00f1o, 27 de marzo de 2024.<\/strong><\/p>\n\n\n\n<p>A aplicaci\u00f3n m\u00f3bil Li\u00f1a Verde de Tomi\u00f1o estrea o 2024 rachando todos os seus r\u00e9cords e \u00e9xitos. O Concello puxo en marcha esta iniciativa para ofrecer \u00e1 veci\u00f1anza un m\u00e9todo sinxelo e directo para transmitir posibles incidencias, unha canle dixital accesible dende calquera dispositivo m\u00f3bil moi ben valorada por tomi\u00f1eses e tomi\u00f1esas e que xa acumula m\u00e1is de 2.400 descargas e m\u00e1is de 2.400 posibles usuarias e usuarios.<\/p>\n\n\n\n<p>O resultado da grande acollida da aplicaci\u00f3n son m\u00e1is de 14.000 incidencias trasladadas a trav\u00e9s da plataforma dende a s\u00faa posta en marcha hai catro anos, das que m\u00e1is de 13.000, case o 94% de todas as recibidas, xa est\u00e1n resoltas. Un alto \u00edndice de \u00e9xito que reflicte o bo funcionamento da plataforma e que reside, como sinala a alcaldesa, Sandra Gonz\u00e1lez, &#8220;no traslado case directo de moitas das incidencias ao persoal municipal, unhas problem\u00e1ticas que o operario ou operaria ten xeolocalizadas e que simplifica moito todo o proceso\u201d.<\/p>\n\n\n\n<p>S\u00f3 durante o \u00faltimo mes deuse soluci\u00f3n a 428 incidencias presentadas a trav\u00e9s da Li\u00f1a Verde, un sistema que \u201cnos permite dixitalizar, organizar e sistematizar unha gran cantidade de informaci\u00f3n e as tarefas dos equipos de traballo municipais, incrementando a eficiencia na resoluci\u00f3n de calquera problema nas diferentes \u00e1reas\u201d, como explica o concelleiro de Obras, Alexandre P\u00e9rez. O alumeado p\u00fablico segue a ser unha das principais demandas veci\u00f1ais solucionadas a trav\u00e9s da Li\u00f1a Verde, con case o 43% das incidencias comunicadas e seguido xa de lonxe por cuesti\u00f3ns relacionadas co lixo (8,87%), con fochancas (5,43%) ou coa v\u00eda p\u00fablica (4%).<\/p>\n\n\n\n<p>O Concello de Tomi\u00f1o puxo en marcha esta plataforma de xesti\u00f3n de servizos no ano 2020 e dende ent\u00f3n demostrou que permite unha resposta municipal eficiente \u00e1s incidencias sinaladas pola veci\u00f1anza, que cada vez ano usa m\u00e1is a aplicaci\u00f3n. Deste xeito pas\u00e1ronse das 2.290 incidencias recibidas ao longo do ano 2020 \u00e1s case 4.500 recollidas o pasado 2023.<\/p>\n\n\n\n<p>A alcaldesa anima a toda a veci\u00f1anza a empregar este servizo que forma parte do proceso de dixitalizaci\u00f3n no que leva traballando o Concello dende hai moitos anos, que fomenta a participaci\u00f3n cidad\u00e1 e que permite manter activa unha li\u00f1a directa de comunicaci\u00f3n co persoal municipal, que recibe as incidencias nas s\u00faas t\u00e1blets e que son supervisadas polos concelleiros e concelleiras responsables de cada \u00e1rea.<\/p>\n\n\n\n<p>A aplicaci\u00f3n \u00e9 totalmente gratu\u00edta e para empregala soamente hai que descargala baixo o nome \u2018Linea Verde\u2019 dende Google Play ou APP Store. Seleccionando o municipio de Tomi\u00f1o xa se pode comunicar calquera problema detectado premendo o bot\u00f3n de \u2018Nova incidencia\u2019, escollendo a tipolox\u00eda e achegando unha fotograf\u00eda e unha sinxela explicaci\u00f3n do acontecido. Cada usuario ou usuaria recibir\u00e1 unha notificaci\u00f3n no seu tel\u00e9fono m\u00f3bil comentando o progreso da incidencia presentada.<\/p>\n","protected":false},"excerpt":{"rendered":"<div class=\"mh-excerpt\"><p>A aplicaci\u00f3n m\u00f3bil permite \u00e1 veci\u00f1anza das traslado de incidencias e ao Concello sistematizar os equipos de traballo para resolvelas <a class=\"mh-excerpt-more\" href=\"https:\/\/www.anovapeneira.gal\/index.php\/2024\/04\/05\/tomino-supera-as-14-000-incidencias-xestionadas-a-traves-da-lina-verde\/\" title=\"Tomi\u00f1o supera as 14.000 incidencias xestionadas a trav\u00e9s da Li\u00f1a Verde\">[&#8230;]<\/a><\/p>\n<\/div>","protected":false},"author":3,"featured_media":11547,"comment_status":"open","ping_status":"open","sticky":false,"template":"","format":"standard","meta":{"_exactmetrics_skip_tracking":false,"_exactmetrics_sitenote_active":false,"_exactmetrics_sitenote_note":"","_exactmetrics_sitenote_category":0,"footnotes":""},"categories":[21],"tags":[81],"class_list":{"0":"post-11545","1":"post","2":"type-post","3":"status-publish","4":"format-standard","5":"has-post-thumbnail","7":"category-baixo-mino","8":"tag-concello-de-tomino"},"yoast_head":"<!-- This site is optimized with the Yoast SEO plugin v27.4 - https:\/\/yoast.com\/product\/yoast-seo-wordpress\/ -->\n<title>Tomi\u00f1o supera as 14.000 incidencias xestionadas a trav\u00e9s da Li\u00f1a Verde -<\/title>\n<meta name=\"robots\" content=\"index, follow, max-snippet:-1, max-image-preview:large, max-video-preview:-1\" \/>\n<link rel=\"canonical\" href=\"https:\/\/www.anovapeneira.gal\/index.php\/2024\/04\/05\/tomino-supera-as-14-000-incidencias-xestionadas-a-traves-da-lina-verde\/\" \/>\n<meta property=\"og:locale\" content=\"gl_ES\" \/>\n<meta property=\"og:type\" content=\"article\" \/>\n<meta property=\"og:title\" content=\"Tomi\u00f1o supera as 14.000 incidencias xestionadas a trav\u00e9s da Li\u00f1a Verde -\" \/>\n<meta property=\"og:description\" content=\"A aplicaci\u00f3n m\u00f3bil permite \u00e1 veci\u00f1anza das traslado de incidencias e ao Concello sistematizar os equipos de traballo para resolvelas [...]\" \/>\n<meta property=\"og:url\" content=\"https:\/\/www.anovapeneira.gal\/index.php\/2024\/04\/05\/tomino-supera-as-14-000-incidencias-xestionadas-a-traves-da-lina-verde\/\" \/>\n<meta property=\"article:publisher\" content=\"https:\/\/www.facebook.com\/anovapeneira\" \/>\n<meta property=\"article:published_time\" content=\"2024-04-05T10:00:33+00:00\" \/>\n<meta property=\"og:image\" content=\"https:\/\/www.anovapeneira.gal\/wp-content\/uploads\/2024\/04\/Tomino_lina_verde.jpg\" \/>\n\t<meta property=\"og:image:width\" content=\"720\" \/>\n\t<meta property=\"og:image:height\" content=\"432\" \/>\n\t<meta property=\"og:image:type\" content=\"image\/jpeg\" \/>\n<meta name=\"author\" content=\"Redacci\u00f3n A Nova Peneira\" \/>\n<meta name=\"twitter:card\" content=\"summary_large_image\" \/>\n<meta name=\"twitter:creator\" content=\"@APeneira\" \/>\n<meta name=\"twitter:site\" content=\"@APeneira\" \/>\n<meta name=\"twitter:label1\" content=\"Escrito por\" \/>\n\t<meta name=\"twitter:data1\" content=\"Redacci\u00f3n A Nova Peneira\" \/>\n\t<meta name=\"twitter:label2\" content=\"Tempo de lectura\" \/>\n\t<meta name=\"twitter:data2\" content=\"3 minutos\" \/>\n<script type=\"application\/ld+json\" class=\"yoast-schema-graph\">{\"@context\":\"https:\\\/\\\/schema.org\",\"@graph\":[{\"@type\":\"Article\",\"@id\":\"https:\\\/\\\/www.anovapeneira.gal\\\/index.php\\\/2024\\\/04\\\/05\\\/tomino-supera-as-14-000-incidencias-xestionadas-a-traves-da-lina-verde\\\/#article\",\"isPartOf\":{\"@id\":\"https:\\\/\\\/www.anovapeneira.gal\\\/index.php\\\/2024\\\/04\\\/05\\\/tomino-supera-as-14-000-incidencias-xestionadas-a-traves-da-lina-verde\\\/\"},\"author\":{\"name\":\"Redacci\u00f3n A Nova Peneira\",\"@id\":\"https:\\\/\\\/www.anovapeneira.gal\\\/#\\\/schema\\\/person\\\/b93e3f8932e3f8da96334607eb6ac6aa\"},\"headline\":\"Tomi\u00f1o supera as 14.000 incidencias xestionadas a trav\u00e9s da Li\u00f1a Verde\",\"datePublished\":\"2024-04-05T10:00:33+00:00\",\"mainEntityOfPage\":{\"@id\":\"https:\\\/\\\/www.anovapeneira.gal\\\/index.php\\\/2024\\\/04\\\/05\\\/tomino-supera-as-14-000-incidencias-xestionadas-a-traves-da-lina-verde\\\/\"},\"wordCount\":547,\"commentCount\":0,\"publisher\":{\"@id\":\"https:\\\/\\\/www.anovapeneira.gal\\\/#organization\"},\"image\":{\"@id\":\"https:\\\/\\\/www.anovapeneira.gal\\\/index.php\\\/2024\\\/04\\\/05\\\/tomino-supera-as-14-000-incidencias-xestionadas-a-traves-da-lina-verde\\\/#primaryimage\"},\"thumbnailUrl\":\"https:\\\/\\\/www.anovapeneira.gal\\\/wp-content\\\/uploads\\\/2024\\\/04\\\/Tomino_lina_verde.jpg\",\"keywords\":[\"Concello de Tomi\u00f1o\"],\"articleSection\":[\"Baixo Mi\u00f1o\"],\"inLanguage\":\"gl-ES\",\"potentialAction\":[{\"@type\":\"CommentAction\",\"name\":\"Comment\",\"target\":[\"https:\\\/\\\/www.anovapeneira.gal\\\/index.php\\\/2024\\\/04\\\/05\\\/tomino-supera-as-14-000-incidencias-xestionadas-a-traves-da-lina-verde\\\/#respond\"]}]},{\"@type\":\"WebPage\",\"@id\":\"https:\\\/\\\/www.anovapeneira.gal\\\/index.php\\\/2024\\\/04\\\/05\\\/tomino-supera-as-14-000-incidencias-xestionadas-a-traves-da-lina-verde\\\/\",\"url\":\"https:\\\/\\\/www.anovapeneira.gal\\\/index.php\\\/2024\\\/04\\\/05\\\/tomino-supera-as-14-000-incidencias-xestionadas-a-traves-da-lina-verde\\\/\",\"name\":\"Tomi\u00f1o supera as 14.000 incidencias xestionadas a trav\u00e9s da Li\u00f1a Verde -\",\"isPartOf\":{\"@id\":\"https:\\\/\\\/www.anovapeneira.gal\\\/#website\"},\"primaryImageOfPage\":{\"@id\":\"https:\\\/\\\/www.anovapeneira.gal\\\/index.php\\\/2024\\\/04\\\/05\\\/tomino-supera-as-14-000-incidencias-xestionadas-a-traves-da-lina-verde\\\/#primaryimage\"},\"image\":{\"@id\":\"https:\\\/\\\/www.anovapeneira.gal\\\/index.php\\\/2024\\\/04\\\/05\\\/tomino-supera-as-14-000-incidencias-xestionadas-a-traves-da-lina-verde\\\/#primaryimage\"},\"thumbnailUrl\":\"https:\\\/\\\/www.anovapeneira.gal\\\/wp-content\\\/uploads\\\/2024\\\/04\\\/Tomino_lina_verde.jpg\",\"datePublished\":\"2024-04-05T10:00:33+00:00\",\"breadcrumb\":{\"@id\":\"https:\\\/\\\/www.anovapeneira.gal\\\/index.php\\\/2024\\\/04\\\/05\\\/tomino-supera-as-14-000-incidencias-xestionadas-a-traves-da-lina-verde\\\/#breadcrumb\"},\"inLanguage\":\"gl-ES\",\"potentialAction\":[{\"@type\":\"ReadAction\",\"target\":[\"https:\\\/\\\/www.anovapeneira.gal\\\/index.php\\\/2024\\\/04\\\/05\\\/tomino-supera-as-14-000-incidencias-xestionadas-a-traves-da-lina-verde\\\/\"]}]},{\"@type\":\"ImageObject\",\"inLanguage\":\"gl-ES\",\"@id\":\"https:\\\/\\\/www.anovapeneira.gal\\\/index.php\\\/2024\\\/04\\\/05\\\/tomino-supera-as-14-000-incidencias-xestionadas-a-traves-da-lina-verde\\\/#primaryimage\",\"url\":\"https:\\\/\\\/www.anovapeneira.gal\\\/wp-content\\\/uploads\\\/2024\\\/04\\\/Tomino_lina_verde.jpg\",\"contentUrl\":\"https:\\\/\\\/www.anovapeneira.gal\\\/wp-content\\\/uploads\\\/2024\\\/04\\\/Tomino_lina_verde.jpg\",\"width\":720,\"height\":432,\"caption\":\"Tomi\u00f1o supera as 14.000 incidencias xestionadas a trav\u00e9s da Li\u00f1a Verde\"},{\"@type\":\"BreadcrumbList\",\"@id\":\"https:\\\/\\\/www.anovapeneira.gal\\\/index.php\\\/2024\\\/04\\\/05\\\/tomino-supera-as-14-000-incidencias-xestionadas-a-traves-da-lina-verde\\\/#breadcrumb\",\"itemListElement\":[{\"@type\":\"ListItem\",\"position\":1,\"name\":\"Portada\",\"item\":\"https:\\\/\\\/www.anovapeneira.gal\\\/\"},{\"@type\":\"ListItem\",\"position\":2,\"name\":\"Tomi\u00f1o supera as 14.000 incidencias xestionadas a trav\u00e9s da Li\u00f1a Verde\"}]},{\"@type\":\"WebSite\",\"@id\":\"https:\\\/\\\/www.anovapeneira.gal\\\/#website\",\"url\":\"https:\\\/\\\/www.anovapeneira.gal\\\/\",\"name\":\"\",\"description\":\"Xornal galego de informaci\u00f3n xeral Publicaci\u00f3n mensual de novas de Galicia e en especial dos Concellos da sur da provincia de Pontevedra.\",\"publisher\":{\"@id\":\"https:\\\/\\\/www.anovapeneira.gal\\\/#organization\"},\"potentialAction\":[{\"@type\":\"SearchAction\",\"target\":{\"@type\":\"EntryPoint\",\"urlTemplate\":\"https:\\\/\\\/www.anovapeneira.gal\\\/?s={search_term_string}\"},\"query-input\":{\"@type\":\"PropertyValueSpecification\",\"valueRequired\":true,\"valueName\":\"search_term_string\"}}],\"inLanguage\":\"gl-ES\"},{\"@type\":\"Organization\",\"@id\":\"https:\\\/\\\/www.anovapeneira.gal\\\/#organization\",\"name\":\"A Nova Peneira\",\"url\":\"https:\\\/\\\/www.anovapeneira.gal\\\/\",\"logo\":{\"@type\":\"ImageObject\",\"inLanguage\":\"gl-ES\",\"@id\":\"https:\\\/\\\/www.anovapeneira.gal\\\/#\\\/schema\\\/logo\\\/image\\\/\",\"url\":\"http:\\\/\\\/www.anovapeneira.gal\\\/wp-content\\\/uploads\\\/2019\\\/06\\\/logo_a_nova_peneira_portal_web.png\",\"contentUrl\":\"http:\\\/\\\/www.anovapeneira.gal\\\/wp-content\\\/uploads\\\/2019\\\/06\\\/logo_a_nova_peneira_portal_web.png\",\"width\":300,\"height\":100,\"caption\":\"A Nova Peneira\"},\"image\":{\"@id\":\"https:\\\/\\\/www.anovapeneira.gal\\\/#\\\/schema\\\/logo\\\/image\\\/\"},\"sameAs\":[\"https:\\\/\\\/www.facebook.com\\\/anovapeneira\",\"https:\\\/\\\/x.com\\\/APeneira\"]},{\"@type\":\"Person\",\"@id\":\"https:\\\/\\\/www.anovapeneira.gal\\\/#\\\/schema\\\/person\\\/b93e3f8932e3f8da96334607eb6ac6aa\",\"name\":\"Redacci\u00f3n A Nova Peneira\",\"image\":{\"@type\":\"ImageObject\",\"inLanguage\":\"gl-ES\",\"@id\":\"https:\\\/\\\/secure.gravatar.com\\\/avatar\\\/c052a2551a06e23fac63626232eaa90abd78dbcf1700fc46a2b2c89fd27b735f?s=96&d=mm&r=g\",\"url\":\"https:\\\/\\\/secure.gravatar.com\\\/avatar\\\/c052a2551a06e23fac63626232eaa90abd78dbcf1700fc46a2b2c89fd27b735f?s=96&d=mm&r=g\",\"contentUrl\":\"https:\\\/\\\/secure.gravatar.com\\\/avatar\\\/c052a2551a06e23fac63626232eaa90abd78dbcf1700fc46a2b2c89fd27b735f?s=96&d=mm&r=g\",\"caption\":\"Redacci\u00f3n A Nova Peneira\"},\"sameAs\":[\"http:\\\/\\\/www.anovapeneira.gal\\\/\"],\"url\":\"https:\\\/\\\/www.anovapeneira.gal\\\/index.php\\\/author\\\/redactor\\\/\"}]}<\/script>\n<!-- \/ Yoast SEO plugin. -->","yoast_head_json":{"title":"Tomi\u00f1o supera as 14.000 incidencias xestionadas a trav\u00e9s da Li\u00f1a Verde -","robots":{"index":"index","follow":"follow","max-snippet":"max-snippet:-1","max-image-preview":"max-image-preview:large","max-video-preview":"max-video-preview:-1"},"canonical":"https:\/\/www.anovapeneira.gal\/index.php\/2024\/04\/05\/tomino-supera-as-14-000-incidencias-xestionadas-a-traves-da-lina-verde\/","og_locale":"gl_ES","og_type":"article","og_title":"Tomi\u00f1o supera as 14.000 incidencias xestionadas a trav\u00e9s da Li\u00f1a Verde -","og_description":"A aplicaci\u00f3n m\u00f3bil permite \u00e1 veci\u00f1anza das traslado de incidencias e ao Concello sistematizar os equipos de traballo para resolvelas [...]","og_url":"https:\/\/www.anovapeneira.gal\/index.php\/2024\/04\/05\/tomino-supera-as-14-000-incidencias-xestionadas-a-traves-da-lina-verde\/","article_publisher":"https:\/\/www.facebook.com\/anovapeneira","article_published_time":"2024-04-05T10:00:33+00:00","og_image":[{"width":720,"height":432,"url":"https:\/\/www.anovapeneira.gal\/wp-content\/uploads\/2024\/04\/Tomino_lina_verde.jpg","type":"image\/jpeg"}],"author":"Redacci\u00f3n A Nova Peneira","twitter_card":"summary_large_image","twitter_creator":"@APeneira","twitter_site":"@APeneira","twitter_misc":{"Escrito por":"Redacci\u00f3n A Nova Peneira","Tempo de lectura":"3 minutos"},"schema":{"@context":"https:\/\/schema.org","@graph":[{"@type":"Article","@id":"https:\/\/www.anovapeneira.gal\/index.php\/2024\/04\/05\/tomino-supera-as-14-000-incidencias-xestionadas-a-traves-da-lina-verde\/#article","isPartOf":{"@id":"https:\/\/www.anovapeneira.gal\/index.php\/2024\/04\/05\/tomino-supera-as-14-000-incidencias-xestionadas-a-traves-da-lina-verde\/"},"author":{"name":"Redacci\u00f3n A Nova Peneira","@id":"https:\/\/www.anovapeneira.gal\/#\/schema\/person\/b93e3f8932e3f8da96334607eb6ac6aa"},"headline":"Tomi\u00f1o supera as 14.000 incidencias xestionadas a trav\u00e9s da Li\u00f1a Verde","datePublished":"2024-04-05T10:00:33+00:00","mainEntityOfPage":{"@id":"https:\/\/www.anovapeneira.gal\/index.php\/2024\/04\/05\/tomino-supera-as-14-000-incidencias-xestionadas-a-traves-da-lina-verde\/"},"wordCount":547,"commentCount":0,"publisher":{"@id":"https:\/\/www.anovapeneira.gal\/#organization"},"image":{"@id":"https:\/\/www.anovapeneira.gal\/index.php\/2024\/04\/05\/tomino-supera-as-14-000-incidencias-xestionadas-a-traves-da-lina-verde\/#primaryimage"},"thumbnailUrl":"https:\/\/www.anovapeneira.gal\/wp-content\/uploads\/2024\/04\/Tomino_lina_verde.jpg","keywords":["Concello de Tomi\u00f1o"],"articleSection":["Baixo Mi\u00f1o"],"inLanguage":"gl-ES","potentialAction":[{"@type":"CommentAction","name":"Comment","target":["https:\/\/www.anovapeneira.gal\/index.php\/2024\/04\/05\/tomino-supera-as-14-000-incidencias-xestionadas-a-traves-da-lina-verde\/#respond"]}]},{"@type":"WebPage","@id":"https:\/\/www.anovapeneira.gal\/index.php\/2024\/04\/05\/tomino-supera-as-14-000-incidencias-xestionadas-a-traves-da-lina-verde\/","url":"https:\/\/www.anovapeneira.gal\/index.php\/2024\/04\/05\/tomino-supera-as-14-000-incidencias-xestionadas-a-traves-da-lina-verde\/","name":"Tomi\u00f1o supera as 14.000 incidencias xestionadas a trav\u00e9s da Li\u00f1a Verde -","isPartOf":{"@id":"https:\/\/www.anovapeneira.gal\/#website"},"primaryImageOfPage":{"@id":"https:\/\/www.anovapeneira.gal\/index.php\/2024\/04\/05\/tomino-supera-as-14-000-incidencias-xestionadas-a-traves-da-lina-verde\/#primaryimage"},"image":{"@id":"https:\/\/www.anovapeneira.gal\/index.php\/2024\/04\/05\/tomino-supera-as-14-000-incidencias-xestionadas-a-traves-da-lina-verde\/#primaryimage"},"thumbnailUrl":"https:\/\/www.anovapeneira.gal\/wp-content\/uploads\/2024\/04\/Tomino_lina_verde.jpg","datePublished":"2024-04-05T10:00:33+00:00","breadcrumb":{"@id":"https:\/\/www.anovapeneira.gal\/index.php\/2024\/04\/05\/tomino-supera-as-14-000-incidencias-xestionadas-a-traves-da-lina-verde\/#breadcrumb"},"inLanguage":"gl-ES","potentialAction":[{"@type":"ReadAction","target":["https:\/\/www.anovapeneira.gal\/index.php\/2024\/04\/05\/tomino-supera-as-14-000-incidencias-xestionadas-a-traves-da-lina-verde\/"]}]},{"@type":"ImageObject","inLanguage":"gl-ES","@id":"https:\/\/www.anovapeneira.gal\/index.php\/2024\/04\/05\/tomino-supera-as-14-000-incidencias-xestionadas-a-traves-da-lina-verde\/#primaryimage","url":"https:\/\/www.anovapeneira.gal\/wp-content\/uploads\/2024\/04\/Tomino_lina_verde.jpg","contentUrl":"https:\/\/www.anovapeneira.gal\/wp-content\/uploads\/2024\/04\/Tomino_lina_verde.jpg","width":720,"height":432,"caption":"Tomi\u00f1o supera as 14.000 incidencias xestionadas a trav\u00e9s da Li\u00f1a Verde"},{"@type":"BreadcrumbList","@id":"https:\/\/www.anovapeneira.gal\/index.php\/2024\/04\/05\/tomino-supera-as-14-000-incidencias-xestionadas-a-traves-da-lina-verde\/#breadcrumb","itemListElement":[{"@type":"ListItem","position":1,"name":"Portada","item":"https:\/\/www.anovapeneira.gal\/"},{"@type":"ListItem","position":2,"name":"Tomi\u00f1o supera as 14.000 incidencias xestionadas a trav\u00e9s da Li\u00f1a Verde"}]},{"@type":"WebSite","@id":"https:\/\/www.anovapeneira.gal\/#website","url":"https:\/\/www.anovapeneira.gal\/","name":"","description":"Xornal galego de informaci\u00f3n xeral Publicaci\u00f3n mensual de novas de Galicia e en especial dos Concellos da sur da provincia de Pontevedra.","publisher":{"@id":"https:\/\/www.anovapeneira.gal\/#organization"},"potentialAction":[{"@type":"SearchAction","target":{"@type":"EntryPoint","urlTemplate":"https:\/\/www.anovapeneira.gal\/?s={search_term_string}"},"query-input":{"@type":"PropertyValueSpecification","valueRequired":true,"valueName":"search_term_string"}}],"inLanguage":"gl-ES"},{"@type":"Organization","@id":"https:\/\/www.anovapeneira.gal\/#organization","name":"A Nova Peneira","url":"https:\/\/www.anovapeneira.gal\/","logo":{"@type":"ImageObject","inLanguage":"gl-ES","@id":"https:\/\/www.anovapeneira.gal\/#\/schema\/logo\/image\/","url":"http:\/\/www.anovapeneira.gal\/wp-content\/uploads\/2019\/06\/logo_a_nova_peneira_portal_web.png","contentUrl":"http:\/\/www.anovapeneira.gal\/wp-content\/uploads\/2019\/06\/logo_a_nova_peneira_portal_web.png","width":300,"height":100,"caption":"A Nova Peneira"},"image":{"@id":"https:\/\/www.anovapeneira.gal\/#\/schema\/logo\/image\/"},"sameAs":["https:\/\/www.facebook.com\/anovapeneira","https:\/\/x.com\/APeneira"]},{"@type":"Person","@id":"https:\/\/www.anovapeneira.gal\/#\/schema\/person\/b93e3f8932e3f8da96334607eb6ac6aa","name":"Redacci\u00f3n A Nova Peneira","image":{"@type":"ImageObject","inLanguage":"gl-ES","@id":"https:\/\/secure.gravatar.com\/avatar\/c052a2551a06e23fac63626232eaa90abd78dbcf1700fc46a2b2c89fd27b735f?s=96&d=mm&r=g","url":"https:\/\/secure.gravatar.com\/avatar\/c052a2551a06e23fac63626232eaa90abd78dbcf1700fc46a2b2c89fd27b735f?s=96&d=mm&r=g","contentUrl":"https:\/\/secure.gravatar.com\/avatar\/c052a2551a06e23fac63626232eaa90abd78dbcf1700fc46a2b2c89fd27b735f?s=96&d=mm&r=g","caption":"Redacci\u00f3n A Nova Peneira"},"sameAs":["http:\/\/www.anovapeneira.gal\/"],"url":"https:\/\/www.anovapeneira.gal\/index.php\/author\/redactor\/"}]}},"jetpack_featured_media_url":"https:\/\/www.anovapeneira.gal\/wp-content\/uploads\/2024\/04\/Tomino_lina_verde.jpg","_links":{"self":[{"href":"https:\/\/www.anovapeneira.gal\/index.php\/wp-json\/wp\/v2\/posts\/11545","targetHints":{"allow":["GET"]}}],"collection":[{"href":"https:\/\/www.anovapeneira.gal\/index.php\/wp-json\/wp\/v2\/posts"}],"about":[{"href":"https:\/\/www.anovapeneira.gal\/index.php\/wp-json\/wp\/v2\/types\/post"}],"author":[{"embeddable":true,"href":"https:\/\/www.anovapeneira.gal\/index.php\/wp-json\/wp\/v2\/users\/3"}],"replies":[{"embeddable":true,"href":"https:\/\/www.anovapeneira.gal\/index.php\/wp-json\/wp\/v2\/comments?post=11545"}],"version-history":[{"count":2,"href":"https:\/\/www.anovapeneira.gal\/index.php\/wp-json\/wp\/v2\/posts\/11545\/revisions"}],"predecessor-version":[{"id":11548,"href":"https:\/\/www.anovapeneira.gal\/index.php\/wp-json\/wp\/v2\/posts\/11545\/revisions\/11548"}],"wp:featuredmedia":[{"embeddable":true,"href":"https:\/\/www.anovapeneira.gal\/index.php\/wp-json\/wp\/v2\/media\/11547"}],"wp:attachment":[{"href":"https:\/\/www.anovapeneira.gal\/index.php\/wp-json\/wp\/v2\/media?parent=11545"}],"wp:term":[{"taxonomy":"category","embeddable":true,"href":"https:\/\/www.anovapeneira.gal\/index.php\/wp-json\/wp\/v2\/categories?post=11545"},{"taxonomy":"post_tag","embeddable":true,"href":"https:\/\/www.anovapeneira.gal\/index.php\/wp-json\/wp\/v2\/tags?post=11545"}],"curies":[{"name":"wp","href":"https:\/\/api.w.org\/{rel}","templated":true}]}}