{"id":11549,"date":"2024-04-08T10:00:08","date_gmt":"2024-04-08T08:00:08","guid":{"rendered":"https:\/\/www.anovapeneira.gal\/?p=11549"},"modified":"2024-04-01T20:33:48","modified_gmt":"2024-04-01T18:33:48","slug":"tameiga-en-flor-formacions-excursions-e-un-concurso-para-encher-as-casas-de-flores","status":"publish","type":"post","link":"https:\/\/www.anovapeneira.gal\/index.php\/2024\/04\/08\/tameiga-en-flor-formacions-excursions-e-un-concurso-para-encher-as-casas-de-flores\/","title":{"rendered":"&#8220;Tameiga en flor&#8221;: formaci\u00f3ns, excursi\u00f3ns e un concurso para encher as casas de flores"},"content":{"rendered":"\n<p>A Comunidade de Montes de Tameiga, en colaboraci\u00f3n con Pensatempos e Viveiros Adoa, lanza este proxecto de participaci\u00f3n veci\u00f1al para decorar con flores as hortas, xanelas, patios e balc\u00f3ns da parroquia<br><br>\u201c_Tameiga en flor\u201d incl\u00fae encontros formativos sobre os coidados das plantas a cargo de __@huertelia_ [<a href=\"https:\/\/salarebullon.mx-router-iv.com\/c\/qpg1e\/mflvxqjw\/cue1hwdjemq\" target=\"_blank\" rel=\"noreferrer noopener\">1<\/a>]_, coloquios, excursi\u00f3ns aos xard\u00edns internacionais de Allariz e Ponte de Lima, e un concurso con premios para os xard\u00edns mellor decorados_<\/p>\n\n\n\n<p><br>Mos, 27 de marzo de 2024<\/p>\n\n\n\n<p>Os beneficios socioterap\u00e9uticos do traballo coa terra est\u00e1n cient\u00edficamente demostrados, tanto desde un punto de vista f\u00edsico, como cognitivo, sensorial e emocional. Con esta base, a Comunidade de Montes de Tameiga \u2013xunto a Lorena Pinheiro de Pensatempos e en colaboraci\u00f3n con Viveiros Adoa\u2013 v\u00e9n de lanzar \u201cTameiga en flor\u201d, unha iniciativa de participaci\u00f3n colectiva que presenta un dobre obxectivo: encher a parroquia de beleza coa flor como protagonista e, en segundo lugar, fortalecer os lazos veci\u00f1ais<\/p>\n\n\n\n<p><br><br>\u201cTameiga en flor\u201d in\u00edciase cun concurso, pero ten moitas m\u00e1is propostas para quen se inscriba: encontros formativos sobre os coidados das plantas da man de @huertelia [<a href=\"https:\/\/salarebullon.mx-router-iv.com\/c\/qpg1e\/mflvxqjw\/oc_evrmp5e8\" target=\"_blank\" rel=\"noreferrer noopener\">2<\/a>], excursi\u00f3ns aos xard\u00edns internacionais de Allariz e Ponte de Lima, e coloquios sobre as tradici\u00f3ns da noite de San Xo\u00e1n.<\/p>\n\n\n\n<p><br>Co concurso, a Comunidade de Montes de Tameiga busca embelecer as r\u00faas dunha forma amena e participa, ao tempo que facer da parroquia un lugar m\u00e1is amable e habitable do que sentirse orgullosos e orgullosas. Para o certame, existen tres categor\u00edas: balc\u00f3ns, xanelas e portais; patios e xard\u00edns; e, en terceiro lugar, horta.<\/p>\n\n\n\n<p><br><br>En datas e horarios fixados coa propia veci\u00f1anza, programaranse visitas veci\u00f1ais \u00e1s hortas e xard\u00edns participantes, para admirar a beleza dos traballos coas flores e tam\u00e9n para o ditame do xurado. Haber\u00e1 premios de 100 euros para o primeiro clasificado, 75 para o segundo e 50 euros para o terceiro, con tres acc\u00e9sit de 25 euros cada un.<\/p>\n\n\n\n<p><br><br>En segundo lugar, \u201cTameiga en flor\u201d programa encontros formativos sobre os coidados das plantas, que ve\u00f1en da man de @huertelia [<a href=\"https:\/\/salarebullon.mx-router-iv.com\/c\/qpg1e\/mflvxqjw\/fwrovvtacpk\" target=\"_blank\" rel=\"noreferrer noopener\">3<\/a>]. Estes ter\u00e1n lugar os s\u00e1bados 13, 20 e 27 de abril, \u00e1s 11 horas no centro social As Pedri\u00f1as e na Horta de Elia. As persoas inscritas poder\u00e1n asistir de balde \u00e1s formaci\u00f3ns e ter\u00e1n prioridade na reserva de prazas.<\/p>\n\n\n\n<p><br><br>Ademais, con data a\u00ednda por definir, vanse celebrar coloquios sobre a noite do 23 ao 24 de xu\u00f1o, nos que se explicar\u00e1 \u00e1s e aos participantes todo o que se agocha tras das tradici\u00f3ns das herbas de San Xo\u00e1n e a noite m\u00e1is curta e m\u00e1xica do ano.<\/p>\n\n\n\n<p><br><br>Por \u00faltimo, Tameiga organiza d\u00faas excursi\u00f3ns para visitar os xard\u00edns internacionais de Allariz e de Ponte de Lima. A primeira das sa\u00eddas, \u00e1 fermosa vila ourens\u00e1, ser\u00e1 o s\u00e1bado 18 de maio, mentres que o desprazamento \u00e1 urbe portuguesa ter\u00e1 lugar o domingo 9 de xu\u00f1o. En ambos casos, a Comunidade de Montes subvenciona o custo das prazas para os inscritos.<\/p>\n\n\n\n<p><br><br>O prazo para anotarse est\u00e1 aberto ata o 5 de abril, no centro social As Pedri\u00f1as, no mail <a href=\"mailto:tameigaenflor@gmail.com\">tameigaenflor@gmail.com<\/a> ou nos tel\u00e9fonos 986 28 80 57 e 677 623 554. E grazas \u00e1 colaboraci\u00f3n de Viveiros Adoa, as persoas participantes poder\u00e1n gozar de descontos na compra de plantas.<\/p>\n\n\n\n<p><br><br>Con todas estas actividades de \u201cTameiga en flor\u201d, a Comunidade de Montes de Tameiga procura fortalecer os lazos veci\u00f1ais, previr a soidade non desexada e encher de cor as r\u00faas, coa flor como protagonista principal.<\/p>\n\n\n\n<p><br><br>CMVMC de Tameiga<br><br>A Comunidade de Montes Veci\u00f1ais en Man Com\u00fan de Tameiga (Mos) \u00e9 unha entidade sen \u00e1nimo de lucro que aglutina a m\u00e1is de 400 familias comuneiras e xestiona actualmente 90 hect\u00e1reas de superficie forestal para conseguir beneficios medioambientais, sociais, enerx\u00e9cticos e econ\u00f3micos para a s\u00faa veci\u00f1anza. O seu obxectivo principal \u00e9 a defensa e protecci\u00f3n do patrimonio com\u00fan.<\/p>\n\n\n\n<p><br>Xestiona os recursos acu\u00edferos do territorio en beneficio da veci\u00f1anza comuneira e disp\u00f3n dunha comunidade enerx\u00e9tica que reparte 350 pedidos anuais de 3 m3 de biomasa cada un, a prezo de costo. Ademais, a entidade \u00e9 titular dun viveiro de empresas e do pol\u00edgono industrial de Monte Faqui\u00f1a, con m\u00e1is de 20 naves industriais, que conta con instalaci\u00f3ns fotovoltaicas que permiten un autoconsumo individual, abaratando os costes de producci\u00f3n e mellorando a competitividade das empresas.<\/p>\n\n\n\n<p><br>Por outra banda, a CMVMC de Tameiga desenvolve unha intensa actividade sociocultural, a trav\u00e9s da organizaci\u00f3n do festival infantil Mi\u00fado Fest e da programaci\u00f3n do CSCD As Pedri\u00f1as e da Sala Rebull\u00f3n. Tam\u00e9n colabora con organizaci\u00f3ns deportivas, educativas e sociais do municipio.<\/p>\n","protected":false},"excerpt":{"rendered":"<div class=\"mh-excerpt\"><p>A Comunidade de Montes de Tameiga, en colaboraci\u00f3n con Pensatempos e Viveiros Adoa, lanza este proxecto de participaci\u00f3n veci\u00f1al para decorar con flores as hortas, xanelas, patios e balc\u00f3ns da parroquia <a class=\"mh-excerpt-more\" href=\"https:\/\/www.anovapeneira.gal\/index.php\/2024\/04\/08\/tameiga-en-flor-formacions-excursions-e-un-concurso-para-encher-as-casas-de-flores\/\" title=\"&#8220;Tameiga en flor&#8221;: formaci\u00f3ns, excursi\u00f3ns e un concurso para encher as casas de flores\">[&#8230;]<\/a><\/p>\n<\/div>","protected":false},"author":3,"featured_media":11551,"comment_status":"open","ping_status":"open","sticky":false,"template":"","format":"standard","meta":{"_exactmetrics_skip_tracking":false,"_exactmetrics_sitenote_active":false,"_exactmetrics_sitenote_note":"","_exactmetrics_sitenote_category":0,"footnotes":""},"categories":[23],"tags":[218],"class_list":{"0":"post-11549","1":"post","2":"type-post","3":"status-publish","4":"format-standard","5":"has-post-thumbnail","7":"category-a-lourina","8":"tag-concello-de-mos"},"yoast_head":"<!-- This site is optimized with the Yoast SEO plugin v27.4 - https:\/\/yoast.com\/product\/yoast-seo-wordpress\/ -->\n<title>&quot;Tameiga en flor&quot;: formaci\u00f3ns, excursi\u00f3ns e un concurso para encher as casas de flores -<\/title>\n<meta name=\"robots\" content=\"index, follow, max-snippet:-1, max-image-preview:large, max-video-preview:-1\" \/>\n<link rel=\"canonical\" href=\"https:\/\/www.anovapeneira.gal\/index.php\/2024\/04\/08\/tameiga-en-flor-formacions-excursions-e-un-concurso-para-encher-as-casas-de-flores\/\" \/>\n<meta property=\"og:locale\" content=\"gl_ES\" \/>\n<meta property=\"og:type\" content=\"article\" \/>\n<meta property=\"og:title\" content=\"&quot;Tameiga en flor&quot;: formaci\u00f3ns, excursi\u00f3ns e un concurso para encher as casas de flores -\" \/>\n<meta property=\"og:description\" content=\"A Comunidade de Montes de Tameiga, en colaboraci\u00f3n con Pensatempos e Viveiros Adoa, lanza este proxecto de participaci\u00f3n veci\u00f1al para decorar con flores as hortas, xanelas, patios e balc\u00f3ns da parroquia [...]\" \/>\n<meta property=\"og:url\" content=\"https:\/\/www.anovapeneira.gal\/index.php\/2024\/04\/08\/tameiga-en-flor-formacions-excursions-e-un-concurso-para-encher-as-casas-de-flores\/\" \/>\n<meta property=\"article:publisher\" content=\"https:\/\/www.facebook.com\/anovapeneira\" \/>\n<meta property=\"article:published_time\" content=\"2024-04-08T08:00:08+00:00\" \/>\n<meta property=\"og:image\" content=\"https:\/\/www.anovapeneira.gal\/wp-content\/uploads\/2024\/04\/huertelia.png\" \/>\n\t<meta property=\"og:image:width\" content=\"720\" \/>\n\t<meta property=\"og:image:height\" content=\"432\" \/>\n\t<meta property=\"og:image:type\" content=\"image\/png\" \/>\n<meta name=\"author\" content=\"Redacci\u00f3n A Nova Peneira\" \/>\n<meta name=\"twitter:card\" content=\"summary_large_image\" \/>\n<meta name=\"twitter:creator\" content=\"@APeneira\" \/>\n<meta name=\"twitter:site\" content=\"@APeneira\" \/>\n<meta name=\"twitter:label1\" content=\"Escrito por\" \/>\n\t<meta name=\"twitter:data1\" content=\"Redacci\u00f3n A Nova Peneira\" \/>\n\t<meta name=\"twitter:label2\" content=\"Tempo de lectura\" \/>\n\t<meta name=\"twitter:data2\" content=\"5 minutos\" \/>\n<script type=\"application\/ld+json\" class=\"yoast-schema-graph\">{\"@context\":\"https:\\\/\\\/schema.org\",\"@graph\":[{\"@type\":\"Article\",\"@id\":\"https:\\\/\\\/www.anovapeneira.gal\\\/index.php\\\/2024\\\/04\\\/08\\\/tameiga-en-flor-formacions-excursions-e-un-concurso-para-encher-as-casas-de-flores\\\/#article\",\"isPartOf\":{\"@id\":\"https:\\\/\\\/www.anovapeneira.gal\\\/index.php\\\/2024\\\/04\\\/08\\\/tameiga-en-flor-formacions-excursions-e-un-concurso-para-encher-as-casas-de-flores\\\/\"},\"author\":{\"name\":\"Redacci\u00f3n A Nova Peneira\",\"@id\":\"https:\\\/\\\/www.anovapeneira.gal\\\/#\\\/schema\\\/person\\\/b93e3f8932e3f8da96334607eb6ac6aa\"},\"headline\":\"&#8220;Tameiga en flor&#8221;: formaci\u00f3ns, excursi\u00f3ns e un concurso para encher as casas de flores\",\"datePublished\":\"2024-04-08T08:00:08+00:00\",\"mainEntityOfPage\":{\"@id\":\"https:\\\/\\\/www.anovapeneira.gal\\\/index.php\\\/2024\\\/04\\\/08\\\/tameiga-en-flor-formacions-excursions-e-un-concurso-para-encher-as-casas-de-flores\\\/\"},\"wordCount\":805,\"commentCount\":0,\"publisher\":{\"@id\":\"https:\\\/\\\/www.anovapeneira.gal\\\/#organization\"},\"image\":{\"@id\":\"https:\\\/\\\/www.anovapeneira.gal\\\/index.php\\\/2024\\\/04\\\/08\\\/tameiga-en-flor-formacions-excursions-e-un-concurso-para-encher-as-casas-de-flores\\\/#primaryimage\"},\"thumbnailUrl\":\"https:\\\/\\\/www.anovapeneira.gal\\\/wp-content\\\/uploads\\\/2024\\\/04\\\/huertelia.png\",\"keywords\":[\"Concello de Mos\"],\"articleSection\":[\"A Louri\u00f1a\"],\"inLanguage\":\"gl-ES\",\"potentialAction\":[{\"@type\":\"CommentAction\",\"name\":\"Comment\",\"target\":[\"https:\\\/\\\/www.anovapeneira.gal\\\/index.php\\\/2024\\\/04\\\/08\\\/tameiga-en-flor-formacions-excursions-e-un-concurso-para-encher-as-casas-de-flores\\\/#respond\"]}]},{\"@type\":\"WebPage\",\"@id\":\"https:\\\/\\\/www.anovapeneira.gal\\\/index.php\\\/2024\\\/04\\\/08\\\/tameiga-en-flor-formacions-excursions-e-un-concurso-para-encher-as-casas-de-flores\\\/\",\"url\":\"https:\\\/\\\/www.anovapeneira.gal\\\/index.php\\\/2024\\\/04\\\/08\\\/tameiga-en-flor-formacions-excursions-e-un-concurso-para-encher-as-casas-de-flores\\\/\",\"name\":\"\\\"Tameiga en flor\\\": formaci\u00f3ns, excursi\u00f3ns e un concurso para encher as casas de flores -\",\"isPartOf\":{\"@id\":\"https:\\\/\\\/www.anovapeneira.gal\\\/#website\"},\"primaryImageOfPage\":{\"@id\":\"https:\\\/\\\/www.anovapeneira.gal\\\/index.php\\\/2024\\\/04\\\/08\\\/tameiga-en-flor-formacions-excursions-e-un-concurso-para-encher-as-casas-de-flores\\\/#primaryimage\"},\"image\":{\"@id\":\"https:\\\/\\\/www.anovapeneira.gal\\\/index.php\\\/2024\\\/04\\\/08\\\/tameiga-en-flor-formacions-excursions-e-un-concurso-para-encher-as-casas-de-flores\\\/#primaryimage\"},\"thumbnailUrl\":\"https:\\\/\\\/www.anovapeneira.gal\\\/wp-content\\\/uploads\\\/2024\\\/04\\\/huertelia.png\",\"datePublished\":\"2024-04-08T08:00:08+00:00\",\"breadcrumb\":{\"@id\":\"https:\\\/\\\/www.anovapeneira.gal\\\/index.php\\\/2024\\\/04\\\/08\\\/tameiga-en-flor-formacions-excursions-e-un-concurso-para-encher-as-casas-de-flores\\\/#breadcrumb\"},\"inLanguage\":\"gl-ES\",\"potentialAction\":[{\"@type\":\"ReadAction\",\"target\":[\"https:\\\/\\\/www.anovapeneira.gal\\\/index.php\\\/2024\\\/04\\\/08\\\/tameiga-en-flor-formacions-excursions-e-un-concurso-para-encher-as-casas-de-flores\\\/\"]}]},{\"@type\":\"ImageObject\",\"inLanguage\":\"gl-ES\",\"@id\":\"https:\\\/\\\/www.anovapeneira.gal\\\/index.php\\\/2024\\\/04\\\/08\\\/tameiga-en-flor-formacions-excursions-e-un-concurso-para-encher-as-casas-de-flores\\\/#primaryimage\",\"url\":\"https:\\\/\\\/www.anovapeneira.gal\\\/wp-content\\\/uploads\\\/2024\\\/04\\\/huertelia.png\",\"contentUrl\":\"https:\\\/\\\/www.anovapeneira.gal\\\/wp-content\\\/uploads\\\/2024\\\/04\\\/huertelia.png\",\"width\":720,\"height\":432,\"caption\":\"A Comunidade de Montes de Tameiga\"},{\"@type\":\"BreadcrumbList\",\"@id\":\"https:\\\/\\\/www.anovapeneira.gal\\\/index.php\\\/2024\\\/04\\\/08\\\/tameiga-en-flor-formacions-excursions-e-un-concurso-para-encher-as-casas-de-flores\\\/#breadcrumb\",\"itemListElement\":[{\"@type\":\"ListItem\",\"position\":1,\"name\":\"Portada\",\"item\":\"https:\\\/\\\/www.anovapeneira.gal\\\/\"},{\"@type\":\"ListItem\",\"position\":2,\"name\":\"&#8220;Tameiga en flor&#8221;: formaci\u00f3ns, excursi\u00f3ns e un concurso para encher as casas de flores\"}]},{\"@type\":\"WebSite\",\"@id\":\"https:\\\/\\\/www.anovapeneira.gal\\\/#website\",\"url\":\"https:\\\/\\\/www.anovapeneira.gal\\\/\",\"name\":\"\",\"description\":\"Xornal galego de informaci\u00f3n xeral Publicaci\u00f3n mensual de novas de Galicia e en especial dos Concellos da sur da provincia de Pontevedra.\",\"publisher\":{\"@id\":\"https:\\\/\\\/www.anovapeneira.gal\\\/#organization\"},\"potentialAction\":[{\"@type\":\"SearchAction\",\"target\":{\"@type\":\"EntryPoint\",\"urlTemplate\":\"https:\\\/\\\/www.anovapeneira.gal\\\/?s={search_term_string}\"},\"query-input\":{\"@type\":\"PropertyValueSpecification\",\"valueRequired\":true,\"valueName\":\"search_term_string\"}}],\"inLanguage\":\"gl-ES\"},{\"@type\":\"Organization\",\"@id\":\"https:\\\/\\\/www.anovapeneira.gal\\\/#organization\",\"name\":\"A Nova Peneira\",\"url\":\"https:\\\/\\\/www.anovapeneira.gal\\\/\",\"logo\":{\"@type\":\"ImageObject\",\"inLanguage\":\"gl-ES\",\"@id\":\"https:\\\/\\\/www.anovapeneira.gal\\\/#\\\/schema\\\/logo\\\/image\\\/\",\"url\":\"http:\\\/\\\/www.anovapeneira.gal\\\/wp-content\\\/uploads\\\/2019\\\/06\\\/logo_a_nova_peneira_portal_web.png\",\"contentUrl\":\"http:\\\/\\\/www.anovapeneira.gal\\\/wp-content\\\/uploads\\\/2019\\\/06\\\/logo_a_nova_peneira_portal_web.png\",\"width\":300,\"height\":100,\"caption\":\"A Nova Peneira\"},\"image\":{\"@id\":\"https:\\\/\\\/www.anovapeneira.gal\\\/#\\\/schema\\\/logo\\\/image\\\/\"},\"sameAs\":[\"https:\\\/\\\/www.facebook.com\\\/anovapeneira\",\"https:\\\/\\\/x.com\\\/APeneira\"]},{\"@type\":\"Person\",\"@id\":\"https:\\\/\\\/www.anovapeneira.gal\\\/#\\\/schema\\\/person\\\/b93e3f8932e3f8da96334607eb6ac6aa\",\"name\":\"Redacci\u00f3n A Nova Peneira\",\"image\":{\"@type\":\"ImageObject\",\"inLanguage\":\"gl-ES\",\"@id\":\"https:\\\/\\\/secure.gravatar.com\\\/avatar\\\/c052a2551a06e23fac63626232eaa90abd78dbcf1700fc46a2b2c89fd27b735f?s=96&d=mm&r=g\",\"url\":\"https:\\\/\\\/secure.gravatar.com\\\/avatar\\\/c052a2551a06e23fac63626232eaa90abd78dbcf1700fc46a2b2c89fd27b735f?s=96&d=mm&r=g\",\"contentUrl\":\"https:\\\/\\\/secure.gravatar.com\\\/avatar\\\/c052a2551a06e23fac63626232eaa90abd78dbcf1700fc46a2b2c89fd27b735f?s=96&d=mm&r=g\",\"caption\":\"Redacci\u00f3n A Nova Peneira\"},\"sameAs\":[\"http:\\\/\\\/www.anovapeneira.gal\\\/\"],\"url\":\"https:\\\/\\\/www.anovapeneira.gal\\\/index.php\\\/author\\\/redactor\\\/\"}]}<\/script>\n<!-- \/ Yoast SEO plugin. -->","yoast_head_json":{"title":"\"Tameiga en flor\": formaci\u00f3ns, excursi\u00f3ns e un concurso para encher as casas de flores -","robots":{"index":"index","follow":"follow","max-snippet":"max-snippet:-1","max-image-preview":"max-image-preview:large","max-video-preview":"max-video-preview:-1"},"canonical":"https:\/\/www.anovapeneira.gal\/index.php\/2024\/04\/08\/tameiga-en-flor-formacions-excursions-e-un-concurso-para-encher-as-casas-de-flores\/","og_locale":"gl_ES","og_type":"article","og_title":"\"Tameiga en flor\": formaci\u00f3ns, excursi\u00f3ns e un concurso para encher as casas de flores -","og_description":"A Comunidade de Montes de Tameiga, en colaboraci\u00f3n con Pensatempos e Viveiros Adoa, lanza este proxecto de participaci\u00f3n veci\u00f1al para decorar con flores as hortas, xanelas, patios e balc\u00f3ns da parroquia [...]","og_url":"https:\/\/www.anovapeneira.gal\/index.php\/2024\/04\/08\/tameiga-en-flor-formacions-excursions-e-un-concurso-para-encher-as-casas-de-flores\/","article_publisher":"https:\/\/www.facebook.com\/anovapeneira","article_published_time":"2024-04-08T08:00:08+00:00","og_image":[{"width":720,"height":432,"url":"https:\/\/www.anovapeneira.gal\/wp-content\/uploads\/2024\/04\/huertelia.png","type":"image\/png"}],"author":"Redacci\u00f3n A Nova Peneira","twitter_card":"summary_large_image","twitter_creator":"@APeneira","twitter_site":"@APeneira","twitter_misc":{"Escrito por":"Redacci\u00f3n A Nova Peneira","Tempo de lectura":"5 minutos"},"schema":{"@context":"https:\/\/schema.org","@graph":[{"@type":"Article","@id":"https:\/\/www.anovapeneira.gal\/index.php\/2024\/04\/08\/tameiga-en-flor-formacions-excursions-e-un-concurso-para-encher-as-casas-de-flores\/#article","isPartOf":{"@id":"https:\/\/www.anovapeneira.gal\/index.php\/2024\/04\/08\/tameiga-en-flor-formacions-excursions-e-un-concurso-para-encher-as-casas-de-flores\/"},"author":{"name":"Redacci\u00f3n A Nova Peneira","@id":"https:\/\/www.anovapeneira.gal\/#\/schema\/person\/b93e3f8932e3f8da96334607eb6ac6aa"},"headline":"&#8220;Tameiga en flor&#8221;: formaci\u00f3ns, excursi\u00f3ns e un concurso para encher as casas de flores","datePublished":"2024-04-08T08:00:08+00:00","mainEntityOfPage":{"@id":"https:\/\/www.anovapeneira.gal\/index.php\/2024\/04\/08\/tameiga-en-flor-formacions-excursions-e-un-concurso-para-encher-as-casas-de-flores\/"},"wordCount":805,"commentCount":0,"publisher":{"@id":"https:\/\/www.anovapeneira.gal\/#organization"},"image":{"@id":"https:\/\/www.anovapeneira.gal\/index.php\/2024\/04\/08\/tameiga-en-flor-formacions-excursions-e-un-concurso-para-encher-as-casas-de-flores\/#primaryimage"},"thumbnailUrl":"https:\/\/www.anovapeneira.gal\/wp-content\/uploads\/2024\/04\/huertelia.png","keywords":["Concello de Mos"],"articleSection":["A Louri\u00f1a"],"inLanguage":"gl-ES","potentialAction":[{"@type":"CommentAction","name":"Comment","target":["https:\/\/www.anovapeneira.gal\/index.php\/2024\/04\/08\/tameiga-en-flor-formacions-excursions-e-un-concurso-para-encher-as-casas-de-flores\/#respond"]}]},{"@type":"WebPage","@id":"https:\/\/www.anovapeneira.gal\/index.php\/2024\/04\/08\/tameiga-en-flor-formacions-excursions-e-un-concurso-para-encher-as-casas-de-flores\/","url":"https:\/\/www.anovapeneira.gal\/index.php\/2024\/04\/08\/tameiga-en-flor-formacions-excursions-e-un-concurso-para-encher-as-casas-de-flores\/","name":"\"Tameiga en flor\": formaci\u00f3ns, excursi\u00f3ns e un concurso para encher as casas de flores -","isPartOf":{"@id":"https:\/\/www.anovapeneira.gal\/#website"},"primaryImageOfPage":{"@id":"https:\/\/www.anovapeneira.gal\/index.php\/2024\/04\/08\/tameiga-en-flor-formacions-excursions-e-un-concurso-para-encher-as-casas-de-flores\/#primaryimage"},"image":{"@id":"https:\/\/www.anovapeneira.gal\/index.php\/2024\/04\/08\/tameiga-en-flor-formacions-excursions-e-un-concurso-para-encher-as-casas-de-flores\/#primaryimage"},"thumbnailUrl":"https:\/\/www.anovapeneira.gal\/wp-content\/uploads\/2024\/04\/huertelia.png","datePublished":"2024-04-08T08:00:08+00:00","breadcrumb":{"@id":"https:\/\/www.anovapeneira.gal\/index.php\/2024\/04\/08\/tameiga-en-flor-formacions-excursions-e-un-concurso-para-encher-as-casas-de-flores\/#breadcrumb"},"inLanguage":"gl-ES","potentialAction":[{"@type":"ReadAction","target":["https:\/\/www.anovapeneira.gal\/index.php\/2024\/04\/08\/tameiga-en-flor-formacions-excursions-e-un-concurso-para-encher-as-casas-de-flores\/"]}]},{"@type":"ImageObject","inLanguage":"gl-ES","@id":"https:\/\/www.anovapeneira.gal\/index.php\/2024\/04\/08\/tameiga-en-flor-formacions-excursions-e-un-concurso-para-encher-as-casas-de-flores\/#primaryimage","url":"https:\/\/www.anovapeneira.gal\/wp-content\/uploads\/2024\/04\/huertelia.png","contentUrl":"https:\/\/www.anovapeneira.gal\/wp-content\/uploads\/2024\/04\/huertelia.png","width":720,"height":432,"caption":"A Comunidade de Montes de Tameiga"},{"@type":"BreadcrumbList","@id":"https:\/\/www.anovapeneira.gal\/index.php\/2024\/04\/08\/tameiga-en-flor-formacions-excursions-e-un-concurso-para-encher-as-casas-de-flores\/#breadcrumb","itemListElement":[{"@type":"ListItem","position":1,"name":"Portada","item":"https:\/\/www.anovapeneira.gal\/"},{"@type":"ListItem","position":2,"name":"&#8220;Tameiga en flor&#8221;: formaci\u00f3ns, excursi\u00f3ns e un concurso para encher as casas de flores"}]},{"@type":"WebSite","@id":"https:\/\/www.anovapeneira.gal\/#website","url":"https:\/\/www.anovapeneira.gal\/","name":"","description":"Xornal galego de informaci\u00f3n xeral Publicaci\u00f3n mensual de novas de Galicia e en especial dos Concellos da sur da provincia de Pontevedra.","publisher":{"@id":"https:\/\/www.anovapeneira.gal\/#organization"},"potentialAction":[{"@type":"SearchAction","target":{"@type":"EntryPoint","urlTemplate":"https:\/\/www.anovapeneira.gal\/?s={search_term_string}"},"query-input":{"@type":"PropertyValueSpecification","valueRequired":true,"valueName":"search_term_string"}}],"inLanguage":"gl-ES"},{"@type":"Organization","@id":"https:\/\/www.anovapeneira.gal\/#organization","name":"A Nova Peneira","url":"https:\/\/www.anovapeneira.gal\/","logo":{"@type":"ImageObject","inLanguage":"gl-ES","@id":"https:\/\/www.anovapeneira.gal\/#\/schema\/logo\/image\/","url":"http:\/\/www.anovapeneira.gal\/wp-content\/uploads\/2019\/06\/logo_a_nova_peneira_portal_web.png","contentUrl":"http:\/\/www.anovapeneira.gal\/wp-content\/uploads\/2019\/06\/logo_a_nova_peneira_portal_web.png","width":300,"height":100,"caption":"A Nova Peneira"},"image":{"@id":"https:\/\/www.anovapeneira.gal\/#\/schema\/logo\/image\/"},"sameAs":["https:\/\/www.facebook.com\/anovapeneira","https:\/\/x.com\/APeneira"]},{"@type":"Person","@id":"https:\/\/www.anovapeneira.gal\/#\/schema\/person\/b93e3f8932e3f8da96334607eb6ac6aa","name":"Redacci\u00f3n A Nova Peneira","image":{"@type":"ImageObject","inLanguage":"gl-ES","@id":"https:\/\/secure.gravatar.com\/avatar\/c052a2551a06e23fac63626232eaa90abd78dbcf1700fc46a2b2c89fd27b735f?s=96&d=mm&r=g","url":"https:\/\/secure.gravatar.com\/avatar\/c052a2551a06e23fac63626232eaa90abd78dbcf1700fc46a2b2c89fd27b735f?s=96&d=mm&r=g","contentUrl":"https:\/\/secure.gravatar.com\/avatar\/c052a2551a06e23fac63626232eaa90abd78dbcf1700fc46a2b2c89fd27b735f?s=96&d=mm&r=g","caption":"Redacci\u00f3n A Nova Peneira"},"sameAs":["http:\/\/www.anovapeneira.gal\/"],"url":"https:\/\/www.anovapeneira.gal\/index.php\/author\/redactor\/"}]}},"jetpack_featured_media_url":"https:\/\/www.anovapeneira.gal\/wp-content\/uploads\/2024\/04\/huertelia.png","_links":{"self":[{"href":"https:\/\/www.anovapeneira.gal\/index.php\/wp-json\/wp\/v2\/posts\/11549","targetHints":{"allow":["GET"]}}],"collection":[{"href":"https:\/\/www.anovapeneira.gal\/index.php\/wp-json\/wp\/v2\/posts"}],"about":[{"href":"https:\/\/www.anovapeneira.gal\/index.php\/wp-json\/wp\/v2\/types\/post"}],"author":[{"embeddable":true,"href":"https:\/\/www.anovapeneira.gal\/index.php\/wp-json\/wp\/v2\/users\/3"}],"replies":[{"embeddable":true,"href":"https:\/\/www.anovapeneira.gal\/index.php\/wp-json\/wp\/v2\/comments?post=11549"}],"version-history":[{"count":2,"href":"https:\/\/www.anovapeneira.gal\/index.php\/wp-json\/wp\/v2\/posts\/11549\/revisions"}],"predecessor-version":[{"id":11552,"href":"https:\/\/www.anovapeneira.gal\/index.php\/wp-json\/wp\/v2\/posts\/11549\/revisions\/11552"}],"wp:featuredmedia":[{"embeddable":true,"href":"https:\/\/www.anovapeneira.gal\/index.php\/wp-json\/wp\/v2\/media\/11551"}],"wp:attachment":[{"href":"https:\/\/www.anovapeneira.gal\/index.php\/wp-json\/wp\/v2\/media?parent=11549"}],"wp:term":[{"taxonomy":"category","embeddable":true,"href":"https:\/\/www.anovapeneira.gal\/index.php\/wp-json\/wp\/v2\/categories?post=11549"},{"taxonomy":"post_tag","embeddable":true,"href":"https:\/\/www.anovapeneira.gal\/index.php\/wp-json\/wp\/v2\/tags?post=11549"}],"curies":[{"name":"wp","href":"https:\/\/api.w.org\/{rel}","templated":true}]}}