{"id":11553,"date":"2024-04-08T12:00:52","date_gmt":"2024-04-08T10:00:52","guid":{"rendered":"https:\/\/www.anovapeneira.gal\/?p=11553"},"modified":"2024-04-01T20:40:15","modified_gmt":"2024-04-01T18:40:15","slug":"san-nomedio-quere-seguir-libre-de-eolicos","status":"publish","type":"post","link":"https:\/\/www.anovapeneira.gal\/index.php\/2024\/04\/08\/san-nomedio-quere-seguir-libre-de-eolicos\/","title":{"rendered":"San Nomedio quere seguir libre de e\u00f3licos"},"content":{"rendered":"\n<h2 class=\"wp-block-heading\">As Comunidades de Montes afectadas polo proxecto reun\u00edronse esta semana e mostran a s\u00faa total oposici\u00f3n<\/h2>\n\n\n\n<p>Nas \u00faltimas semanas algunhas comunidades e tam\u00e9n propietarios particulares da zona foron contactados telefonicamente ou tam\u00e9n nunha visita aos barrios. Unha empresa de servizos topogr\u00e1ficos ped\u00edulles a actualizaci\u00f3n dos datos da propiedade de certos terreos, o que ter\u00eda que ver co posible impulso do parque e\u00f3lico nomeado \u201cCoto dos Lobos\u201d no monte San Nomedio.<\/p>\n\n\n\n<p>As directivas das Comunidades de Montes de Vilacoba, San Pedro de Batall\u00e1ns, Taboexa, Rubi\u00f3s, San Xos\u00e9 e Santiago de Ribarteme reun\u00edronse esta semana ao co\u00f1ecer estes contactos, para avaliar a nova situaci\u00f3n sobre un proxecto que sa\u00edu a luz no ano 2021 cando os concellos recibiron consulta sobre o documento ambiental de inicio. Neste per\u00edodo de consultas as comunidades e o Concello das Neves presentaron alegaci\u00f3ns en contra do proxecto que implicar\u00eda instalar 7 aeroxeradores de 220 metros de altura na contorna do monte San Nomedio tendo a poboaci\u00f3n m\u00e1is cercana a so 504 metros, cos seus enormes viais de acceso, li\u00f1as el\u00e9ctricas de enterconexi\u00f3n, etc. A afecci\u00f3n ser\u00eda brutal sobre o medio natural, patrimonial, tur\u00edstico, h\u00eddrico, paisax\u00edstico e cultural.<\/p>\n\n\n\n<p>Novamente estas comunidades mostran a s\u00faa firme oposici\u00f3n e far\u00e1n o posible para que este proxecto non se leva adiante.<\/p>\n\n\n\n<figure class=\"wp-block-gallery has-nested-images columns-default is-cropped wp-block-gallery-1 is-layout-flex wp-block-gallery-is-layout-flex\">\n<figure class=\"wp-block-image size-large\"><img loading=\"lazy\" decoding=\"async\" width=\"439\" height=\"633\" data-id=\"11555\" src=\"https:\/\/www.anovapeneira.gal\/wp-content\/uploads\/2024\/04\/Mapa-afg.png\" alt=\"\" class=\"wp-image-11555\" srcset=\"https:\/\/www.anovapeneira.gal\/wp-content\/uploads\/2024\/04\/Mapa-afg.png 439w, https:\/\/www.anovapeneira.gal\/wp-content\/uploads\/2024\/04\/Mapa-afg-208x300.png 208w\" sizes=\"auto, (max-width: 439px) 100vw, 439px\" \/><\/figure>\n\n\n\n<figure class=\"wp-block-image size-large\"><img loading=\"lazy\" decoding=\"async\" width=\"481\" height=\"1024\" data-id=\"11554\" src=\"https:\/\/www.anovapeneira.gal\/wp-content\/uploads\/2024\/04\/Capturas-dos-mapas-481x1024.jpeg\" alt=\"\" class=\"wp-image-11554\" srcset=\"https:\/\/www.anovapeneira.gal\/wp-content\/uploads\/2024\/04\/Capturas-dos-mapas-481x1024.jpeg 481w, https:\/\/www.anovapeneira.gal\/wp-content\/uploads\/2024\/04\/Capturas-dos-mapas-141x300.jpeg 141w, https:\/\/www.anovapeneira.gal\/wp-content\/uploads\/2024\/04\/Capturas-dos-mapas-768x1635.jpeg 768w, https:\/\/www.anovapeneira.gal\/wp-content\/uploads\/2024\/04\/Capturas-dos-mapas-722x1536.jpeg 722w, https:\/\/www.anovapeneira.gal\/wp-content\/uploads\/2024\/04\/Capturas-dos-mapas.jpeg 962w\" sizes=\"auto, (max-width: 481px) 100vw, 481px\" \/><\/figure>\n<\/figure>\n","protected":false},"excerpt":{"rendered":"<div class=\"mh-excerpt\"><p>As Comunidades de Montes afectadas polo proxecto reun\u00edronse esta semana e mostran a s\u00faa total oposici\u00f3n <a class=\"mh-excerpt-more\" href=\"https:\/\/www.anovapeneira.gal\/index.php\/2024\/04\/08\/san-nomedio-quere-seguir-libre-de-eolicos\/\" title=\"San Nomedio quere seguir libre de e\u00f3licos\">[&#8230;]<\/a><\/p>\n<\/div>","protected":false},"author":3,"featured_media":11556,"comment_status":"open","ping_status":"open","sticky":false,"template":"","format":"standard","meta":{"_exactmetrics_skip_tracking":false,"_exactmetrics_sitenote_active":false,"_exactmetrics_sitenote_note":"","_exactmetrics_sitenote_category":0,"footnotes":""},"categories":[263],"tags":[1290],"class_list":{"0":"post-11553","1":"post","2":"type-post","3":"status-publish","4":"format-standard","5":"has-post-thumbnail","7":"category-novas","8":"tag-eolicos"},"yoast_head":"<!-- This site is optimized with the Yoast SEO plugin v27.4 - https:\/\/yoast.com\/product\/yoast-seo-wordpress\/ -->\n<title>San Nomedio quere seguir libre de e\u00f3licos -<\/title>\n<meta name=\"robots\" content=\"index, follow, max-snippet:-1, max-image-preview:large, max-video-preview:-1\" \/>\n<link rel=\"canonical\" href=\"https:\/\/www.anovapeneira.gal\/index.php\/2024\/04\/08\/san-nomedio-quere-seguir-libre-de-eolicos\/\" \/>\n<meta property=\"og:locale\" content=\"gl_ES\" \/>\n<meta property=\"og:type\" content=\"article\" \/>\n<meta property=\"og:title\" content=\"San Nomedio quere seguir libre de e\u00f3licos -\" \/>\n<meta property=\"og:description\" content=\"As Comunidades de Montes afectadas polo proxecto reun\u00edronse esta semana e mostran a s\u00faa total oposici\u00f3n [...]\" \/>\n<meta property=\"og:url\" content=\"https:\/\/www.anovapeneira.gal\/index.php\/2024\/04\/08\/san-nomedio-quere-seguir-libre-de-eolicos\/\" \/>\n<meta property=\"article:publisher\" content=\"https:\/\/www.facebook.com\/anovapeneira\" \/>\n<meta property=\"article:published_time\" content=\"2024-04-08T10:00:52+00:00\" \/>\n<meta property=\"og:image\" content=\"https:\/\/www.anovapeneira.gal\/wp-content\/uploads\/2024\/04\/san_nomedio.png\" \/>\n\t<meta property=\"og:image:width\" content=\"720\" \/>\n\t<meta property=\"og:image:height\" content=\"432\" \/>\n\t<meta property=\"og:image:type\" content=\"image\/png\" \/>\n<meta name=\"author\" content=\"Redacci\u00f3n A Nova Peneira\" \/>\n<meta name=\"twitter:card\" content=\"summary_large_image\" \/>\n<meta name=\"twitter:creator\" content=\"@APeneira\" \/>\n<meta name=\"twitter:site\" content=\"@APeneira\" \/>\n<meta name=\"twitter:label1\" content=\"Escrito por\" \/>\n\t<meta name=\"twitter:data1\" content=\"Redacci\u00f3n A Nova Peneira\" \/>\n\t<meta name=\"twitter:label2\" content=\"Tempo de lectura\" \/>\n\t<meta name=\"twitter:data2\" content=\"2 minutos\" \/>\n<script type=\"application\/ld+json\" class=\"yoast-schema-graph\">{\"@context\":\"https:\\\/\\\/schema.org\",\"@graph\":[{\"@type\":\"Article\",\"@id\":\"https:\\\/\\\/www.anovapeneira.gal\\\/index.php\\\/2024\\\/04\\\/08\\\/san-nomedio-quere-seguir-libre-de-eolicos\\\/#article\",\"isPartOf\":{\"@id\":\"https:\\\/\\\/www.anovapeneira.gal\\\/index.php\\\/2024\\\/04\\\/08\\\/san-nomedio-quere-seguir-libre-de-eolicos\\\/\"},\"author\":{\"name\":\"Redacci\u00f3n A Nova Peneira\",\"@id\":\"https:\\\/\\\/www.anovapeneira.gal\\\/#\\\/schema\\\/person\\\/b93e3f8932e3f8da96334607eb6ac6aa\"},\"headline\":\"San Nomedio quere seguir libre de e\u00f3licos\",\"datePublished\":\"2024-04-08T10:00:52+00:00\",\"mainEntityOfPage\":{\"@id\":\"https:\\\/\\\/www.anovapeneira.gal\\\/index.php\\\/2024\\\/04\\\/08\\\/san-nomedio-quere-seguir-libre-de-eolicos\\\/\"},\"wordCount\":246,\"commentCount\":0,\"publisher\":{\"@id\":\"https:\\\/\\\/www.anovapeneira.gal\\\/#organization\"},\"image\":{\"@id\":\"https:\\\/\\\/www.anovapeneira.gal\\\/index.php\\\/2024\\\/04\\\/08\\\/san-nomedio-quere-seguir-libre-de-eolicos\\\/#primaryimage\"},\"thumbnailUrl\":\"https:\\\/\\\/www.anovapeneira.gal\\\/wp-content\\\/uploads\\\/2024\\\/04\\\/san_nomedio.png\",\"keywords\":[\"E\u00f3licos\"],\"articleSection\":[\"Novas\"],\"inLanguage\":\"gl-ES\",\"potentialAction\":[{\"@type\":\"CommentAction\",\"name\":\"Comment\",\"target\":[\"https:\\\/\\\/www.anovapeneira.gal\\\/index.php\\\/2024\\\/04\\\/08\\\/san-nomedio-quere-seguir-libre-de-eolicos\\\/#respond\"]}]},{\"@type\":\"WebPage\",\"@id\":\"https:\\\/\\\/www.anovapeneira.gal\\\/index.php\\\/2024\\\/04\\\/08\\\/san-nomedio-quere-seguir-libre-de-eolicos\\\/\",\"url\":\"https:\\\/\\\/www.anovapeneira.gal\\\/index.php\\\/2024\\\/04\\\/08\\\/san-nomedio-quere-seguir-libre-de-eolicos\\\/\",\"name\":\"San Nomedio quere seguir libre de e\u00f3licos -\",\"isPartOf\":{\"@id\":\"https:\\\/\\\/www.anovapeneira.gal\\\/#website\"},\"primaryImageOfPage\":{\"@id\":\"https:\\\/\\\/www.anovapeneira.gal\\\/index.php\\\/2024\\\/04\\\/08\\\/san-nomedio-quere-seguir-libre-de-eolicos\\\/#primaryimage\"},\"image\":{\"@id\":\"https:\\\/\\\/www.anovapeneira.gal\\\/index.php\\\/2024\\\/04\\\/08\\\/san-nomedio-quere-seguir-libre-de-eolicos\\\/#primaryimage\"},\"thumbnailUrl\":\"https:\\\/\\\/www.anovapeneira.gal\\\/wp-content\\\/uploads\\\/2024\\\/04\\\/san_nomedio.png\",\"datePublished\":\"2024-04-08T10:00:52+00:00\",\"breadcrumb\":{\"@id\":\"https:\\\/\\\/www.anovapeneira.gal\\\/index.php\\\/2024\\\/04\\\/08\\\/san-nomedio-quere-seguir-libre-de-eolicos\\\/#breadcrumb\"},\"inLanguage\":\"gl-ES\",\"potentialAction\":[{\"@type\":\"ReadAction\",\"target\":[\"https:\\\/\\\/www.anovapeneira.gal\\\/index.php\\\/2024\\\/04\\\/08\\\/san-nomedio-quere-seguir-libre-de-eolicos\\\/\"]}]},{\"@type\":\"ImageObject\",\"inLanguage\":\"gl-ES\",\"@id\":\"https:\\\/\\\/www.anovapeneira.gal\\\/index.php\\\/2024\\\/04\\\/08\\\/san-nomedio-quere-seguir-libre-de-eolicos\\\/#primaryimage\",\"url\":\"https:\\\/\\\/www.anovapeneira.gal\\\/wp-content\\\/uploads\\\/2024\\\/04\\\/san_nomedio.png\",\"contentUrl\":\"https:\\\/\\\/www.anovapeneira.gal\\\/wp-content\\\/uploads\\\/2024\\\/04\\\/san_nomedio.png\",\"width\":720,\"height\":432,\"caption\":\"San Nomedio\"},{\"@type\":\"BreadcrumbList\",\"@id\":\"https:\\\/\\\/www.anovapeneira.gal\\\/index.php\\\/2024\\\/04\\\/08\\\/san-nomedio-quere-seguir-libre-de-eolicos\\\/#breadcrumb\",\"itemListElement\":[{\"@type\":\"ListItem\",\"position\":1,\"name\":\"Portada\",\"item\":\"https:\\\/\\\/www.anovapeneira.gal\\\/\"},{\"@type\":\"ListItem\",\"position\":2,\"name\":\"San Nomedio quere seguir libre de e\u00f3licos\"}]},{\"@type\":\"WebSite\",\"@id\":\"https:\\\/\\\/www.anovapeneira.gal\\\/#website\",\"url\":\"https:\\\/\\\/www.anovapeneira.gal\\\/\",\"name\":\"\",\"description\":\"Xornal galego de informaci\u00f3n xeral Publicaci\u00f3n mensual de novas de Galicia e en especial dos Concellos da sur da provincia de Pontevedra.\",\"publisher\":{\"@id\":\"https:\\\/\\\/www.anovapeneira.gal\\\/#organization\"},\"potentialAction\":[{\"@type\":\"SearchAction\",\"target\":{\"@type\":\"EntryPoint\",\"urlTemplate\":\"https:\\\/\\\/www.anovapeneira.gal\\\/?s={search_term_string}\"},\"query-input\":{\"@type\":\"PropertyValueSpecification\",\"valueRequired\":true,\"valueName\":\"search_term_string\"}}],\"inLanguage\":\"gl-ES\"},{\"@type\":\"Organization\",\"@id\":\"https:\\\/\\\/www.anovapeneira.gal\\\/#organization\",\"name\":\"A Nova Peneira\",\"url\":\"https:\\\/\\\/www.anovapeneira.gal\\\/\",\"logo\":{\"@type\":\"ImageObject\",\"inLanguage\":\"gl-ES\",\"@id\":\"https:\\\/\\\/www.anovapeneira.gal\\\/#\\\/schema\\\/logo\\\/image\\\/\",\"url\":\"http:\\\/\\\/www.anovapeneira.gal\\\/wp-content\\\/uploads\\\/2019\\\/06\\\/logo_a_nova_peneira_portal_web.png\",\"contentUrl\":\"http:\\\/\\\/www.anovapeneira.gal\\\/wp-content\\\/uploads\\\/2019\\\/06\\\/logo_a_nova_peneira_portal_web.png\",\"width\":300,\"height\":100,\"caption\":\"A Nova Peneira\"},\"image\":{\"@id\":\"https:\\\/\\\/www.anovapeneira.gal\\\/#\\\/schema\\\/logo\\\/image\\\/\"},\"sameAs\":[\"https:\\\/\\\/www.facebook.com\\\/anovapeneira\",\"https:\\\/\\\/x.com\\\/APeneira\"]},{\"@type\":\"Person\",\"@id\":\"https:\\\/\\\/www.anovapeneira.gal\\\/#\\\/schema\\\/person\\\/b93e3f8932e3f8da96334607eb6ac6aa\",\"name\":\"Redacci\u00f3n A Nova Peneira\",\"image\":{\"@type\":\"ImageObject\",\"inLanguage\":\"gl-ES\",\"@id\":\"https:\\\/\\\/secure.gravatar.com\\\/avatar\\\/c052a2551a06e23fac63626232eaa90abd78dbcf1700fc46a2b2c89fd27b735f?s=96&d=mm&r=g\",\"url\":\"https:\\\/\\\/secure.gravatar.com\\\/avatar\\\/c052a2551a06e23fac63626232eaa90abd78dbcf1700fc46a2b2c89fd27b735f?s=96&d=mm&r=g\",\"contentUrl\":\"https:\\\/\\\/secure.gravatar.com\\\/avatar\\\/c052a2551a06e23fac63626232eaa90abd78dbcf1700fc46a2b2c89fd27b735f?s=96&d=mm&r=g\",\"caption\":\"Redacci\u00f3n A Nova Peneira\"},\"sameAs\":[\"http:\\\/\\\/www.anovapeneira.gal\\\/\"],\"url\":\"https:\\\/\\\/www.anovapeneira.gal\\\/index.php\\\/author\\\/redactor\\\/\"}]}<\/script>\n<!-- \/ Yoast SEO plugin. -->","yoast_head_json":{"title":"San Nomedio quere seguir libre de e\u00f3licos -","robots":{"index":"index","follow":"follow","max-snippet":"max-snippet:-1","max-image-preview":"max-image-preview:large","max-video-preview":"max-video-preview:-1"},"canonical":"https:\/\/www.anovapeneira.gal\/index.php\/2024\/04\/08\/san-nomedio-quere-seguir-libre-de-eolicos\/","og_locale":"gl_ES","og_type":"article","og_title":"San Nomedio quere seguir libre de e\u00f3licos -","og_description":"As Comunidades de Montes afectadas polo proxecto reun\u00edronse esta semana e mostran a s\u00faa total oposici\u00f3n [...]","og_url":"https:\/\/www.anovapeneira.gal\/index.php\/2024\/04\/08\/san-nomedio-quere-seguir-libre-de-eolicos\/","article_publisher":"https:\/\/www.facebook.com\/anovapeneira","article_published_time":"2024-04-08T10:00:52+00:00","og_image":[{"width":720,"height":432,"url":"https:\/\/www.anovapeneira.gal\/wp-content\/uploads\/2024\/04\/san_nomedio.png","type":"image\/png"}],"author":"Redacci\u00f3n A Nova Peneira","twitter_card":"summary_large_image","twitter_creator":"@APeneira","twitter_site":"@APeneira","twitter_misc":{"Escrito por":"Redacci\u00f3n A Nova Peneira","Tempo de lectura":"2 minutos"},"schema":{"@context":"https:\/\/schema.org","@graph":[{"@type":"Article","@id":"https:\/\/www.anovapeneira.gal\/index.php\/2024\/04\/08\/san-nomedio-quere-seguir-libre-de-eolicos\/#article","isPartOf":{"@id":"https:\/\/www.anovapeneira.gal\/index.php\/2024\/04\/08\/san-nomedio-quere-seguir-libre-de-eolicos\/"},"author":{"name":"Redacci\u00f3n A Nova Peneira","@id":"https:\/\/www.anovapeneira.gal\/#\/schema\/person\/b93e3f8932e3f8da96334607eb6ac6aa"},"headline":"San Nomedio quere seguir libre de e\u00f3licos","datePublished":"2024-04-08T10:00:52+00:00","mainEntityOfPage":{"@id":"https:\/\/www.anovapeneira.gal\/index.php\/2024\/04\/08\/san-nomedio-quere-seguir-libre-de-eolicos\/"},"wordCount":246,"commentCount":0,"publisher":{"@id":"https:\/\/www.anovapeneira.gal\/#organization"},"image":{"@id":"https:\/\/www.anovapeneira.gal\/index.php\/2024\/04\/08\/san-nomedio-quere-seguir-libre-de-eolicos\/#primaryimage"},"thumbnailUrl":"https:\/\/www.anovapeneira.gal\/wp-content\/uploads\/2024\/04\/san_nomedio.png","keywords":["E\u00f3licos"],"articleSection":["Novas"],"inLanguage":"gl-ES","potentialAction":[{"@type":"CommentAction","name":"Comment","target":["https:\/\/www.anovapeneira.gal\/index.php\/2024\/04\/08\/san-nomedio-quere-seguir-libre-de-eolicos\/#respond"]}]},{"@type":"WebPage","@id":"https:\/\/www.anovapeneira.gal\/index.php\/2024\/04\/08\/san-nomedio-quere-seguir-libre-de-eolicos\/","url":"https:\/\/www.anovapeneira.gal\/index.php\/2024\/04\/08\/san-nomedio-quere-seguir-libre-de-eolicos\/","name":"San Nomedio quere seguir libre de e\u00f3licos -","isPartOf":{"@id":"https:\/\/www.anovapeneira.gal\/#website"},"primaryImageOfPage":{"@id":"https:\/\/www.anovapeneira.gal\/index.php\/2024\/04\/08\/san-nomedio-quere-seguir-libre-de-eolicos\/#primaryimage"},"image":{"@id":"https:\/\/www.anovapeneira.gal\/index.php\/2024\/04\/08\/san-nomedio-quere-seguir-libre-de-eolicos\/#primaryimage"},"thumbnailUrl":"https:\/\/www.anovapeneira.gal\/wp-content\/uploads\/2024\/04\/san_nomedio.png","datePublished":"2024-04-08T10:00:52+00:00","breadcrumb":{"@id":"https:\/\/www.anovapeneira.gal\/index.php\/2024\/04\/08\/san-nomedio-quere-seguir-libre-de-eolicos\/#breadcrumb"},"inLanguage":"gl-ES","potentialAction":[{"@type":"ReadAction","target":["https:\/\/www.anovapeneira.gal\/index.php\/2024\/04\/08\/san-nomedio-quere-seguir-libre-de-eolicos\/"]}]},{"@type":"ImageObject","inLanguage":"gl-ES","@id":"https:\/\/www.anovapeneira.gal\/index.php\/2024\/04\/08\/san-nomedio-quere-seguir-libre-de-eolicos\/#primaryimage","url":"https:\/\/www.anovapeneira.gal\/wp-content\/uploads\/2024\/04\/san_nomedio.png","contentUrl":"https:\/\/www.anovapeneira.gal\/wp-content\/uploads\/2024\/04\/san_nomedio.png","width":720,"height":432,"caption":"San Nomedio"},{"@type":"BreadcrumbList","@id":"https:\/\/www.anovapeneira.gal\/index.php\/2024\/04\/08\/san-nomedio-quere-seguir-libre-de-eolicos\/#breadcrumb","itemListElement":[{"@type":"ListItem","position":1,"name":"Portada","item":"https:\/\/www.anovapeneira.gal\/"},{"@type":"ListItem","position":2,"name":"San Nomedio quere seguir libre de e\u00f3licos"}]},{"@type":"WebSite","@id":"https:\/\/www.anovapeneira.gal\/#website","url":"https:\/\/www.anovapeneira.gal\/","name":"","description":"Xornal galego de informaci\u00f3n xeral Publicaci\u00f3n mensual de novas de Galicia e en especial dos Concellos da sur da provincia de Pontevedra.","publisher":{"@id":"https:\/\/www.anovapeneira.gal\/#organization"},"potentialAction":[{"@type":"SearchAction","target":{"@type":"EntryPoint","urlTemplate":"https:\/\/www.anovapeneira.gal\/?s={search_term_string}"},"query-input":{"@type":"PropertyValueSpecification","valueRequired":true,"valueName":"search_term_string"}}],"inLanguage":"gl-ES"},{"@type":"Organization","@id":"https:\/\/www.anovapeneira.gal\/#organization","name":"A Nova Peneira","url":"https:\/\/www.anovapeneira.gal\/","logo":{"@type":"ImageObject","inLanguage":"gl-ES","@id":"https:\/\/www.anovapeneira.gal\/#\/schema\/logo\/image\/","url":"http:\/\/www.anovapeneira.gal\/wp-content\/uploads\/2019\/06\/logo_a_nova_peneira_portal_web.png","contentUrl":"http:\/\/www.anovapeneira.gal\/wp-content\/uploads\/2019\/06\/logo_a_nova_peneira_portal_web.png","width":300,"height":100,"caption":"A Nova Peneira"},"image":{"@id":"https:\/\/www.anovapeneira.gal\/#\/schema\/logo\/image\/"},"sameAs":["https:\/\/www.facebook.com\/anovapeneira","https:\/\/x.com\/APeneira"]},{"@type":"Person","@id":"https:\/\/www.anovapeneira.gal\/#\/schema\/person\/b93e3f8932e3f8da96334607eb6ac6aa","name":"Redacci\u00f3n A Nova Peneira","image":{"@type":"ImageObject","inLanguage":"gl-ES","@id":"https:\/\/secure.gravatar.com\/avatar\/c052a2551a06e23fac63626232eaa90abd78dbcf1700fc46a2b2c89fd27b735f?s=96&d=mm&r=g","url":"https:\/\/secure.gravatar.com\/avatar\/c052a2551a06e23fac63626232eaa90abd78dbcf1700fc46a2b2c89fd27b735f?s=96&d=mm&r=g","contentUrl":"https:\/\/secure.gravatar.com\/avatar\/c052a2551a06e23fac63626232eaa90abd78dbcf1700fc46a2b2c89fd27b735f?s=96&d=mm&r=g","caption":"Redacci\u00f3n A Nova Peneira"},"sameAs":["http:\/\/www.anovapeneira.gal\/"],"url":"https:\/\/www.anovapeneira.gal\/index.php\/author\/redactor\/"}]}},"jetpack_featured_media_url":"https:\/\/www.anovapeneira.gal\/wp-content\/uploads\/2024\/04\/san_nomedio.png","_links":{"self":[{"href":"https:\/\/www.anovapeneira.gal\/index.php\/wp-json\/wp\/v2\/posts\/11553","targetHints":{"allow":["GET"]}}],"collection":[{"href":"https:\/\/www.anovapeneira.gal\/index.php\/wp-json\/wp\/v2\/posts"}],"about":[{"href":"https:\/\/www.anovapeneira.gal\/index.php\/wp-json\/wp\/v2\/types\/post"}],"author":[{"embeddable":true,"href":"https:\/\/www.anovapeneira.gal\/index.php\/wp-json\/wp\/v2\/users\/3"}],"replies":[{"embeddable":true,"href":"https:\/\/www.anovapeneira.gal\/index.php\/wp-json\/wp\/v2\/comments?post=11553"}],"version-history":[{"count":1,"href":"https:\/\/www.anovapeneira.gal\/index.php\/wp-json\/wp\/v2\/posts\/11553\/revisions"}],"predecessor-version":[{"id":11557,"href":"https:\/\/www.anovapeneira.gal\/index.php\/wp-json\/wp\/v2\/posts\/11553\/revisions\/11557"}],"wp:featuredmedia":[{"embeddable":true,"href":"https:\/\/www.anovapeneira.gal\/index.php\/wp-json\/wp\/v2\/media\/11556"}],"wp:attachment":[{"href":"https:\/\/www.anovapeneira.gal\/index.php\/wp-json\/wp\/v2\/media?parent=11553"}],"wp:term":[{"taxonomy":"category","embeddable":true,"href":"https:\/\/www.anovapeneira.gal\/index.php\/wp-json\/wp\/v2\/categories?post=11553"},{"taxonomy":"post_tag","embeddable":true,"href":"https:\/\/www.anovapeneira.gal\/index.php\/wp-json\/wp\/v2\/tags?post=11553"}],"curies":[{"name":"wp","href":"https:\/\/api.w.org\/{rel}","templated":true}]}}