{"id":11561,"date":"2024-04-09T12:00:29","date_gmt":"2024-04-09T10:00:29","guid":{"rendered":"https:\/\/www.anovapeneira.gal\/?p=11561"},"modified":"2024-04-01T20:48:01","modified_gmt":"2024-04-01T18:48:01","slug":"o-bng-acusa-a-xunta-de-boicotear-a-declaracion-de-zonas-tensionadas-para-impedir-que-se-limiten-os-prezos-dos-alugueres","status":"publish","type":"post","link":"https:\/\/www.anovapeneira.gal\/index.php\/2024\/04\/09\/o-bng-acusa-a-xunta-de-boicotear-a-declaracion-de-zonas-tensionadas-para-impedir-que-se-limiten-os-prezos-dos-alugueres\/","title":{"rendered":"O BNG acusa \u00e1 Xunta de boicotear a declaraci\u00f3n de zonas tensionadas para impedir que se limiten os prezos dos alugueres"},"content":{"rendered":"\n<h2 class=\"wp-block-heading\"><strong>O BNG recrimina ao PP a reforma da lei de vivenda \u201cpola porta de atr\u00e1s\u201d para non exercer as s\u00faas competencias e desviar a responsabilidade aos concellos<\/strong><\/h2>\n\n\n\n<p><strong>Santiago de Compostela, 30 de marzo.<\/strong> <\/p>\n\n\n\n<p>O BNG acusa ao PP, dende a Xunta de Galiza, de facer un aut\u00e9ntico boicot \u00e1 declaraci\u00f3n de zonas tensionadas co obxectivo de que non se limiten os prezos dos alugueres.<\/p>\n\n\n\n<p>A deputada do BNG, Alexandra Fern\u00e1ndez salienta o \u201cbrutal incremento de prezos en Galiza, especialmente en \u00e1mbitos urbanos e zonas con presi\u00f3n tur\u00edstica\u201d, e critica que a Xunta de Galiza \u201cen lugar de intentar p\u00f3rlle freo a situaci\u00f3n traballa para que non se apliquen os topes dos prezos\u201d.<\/p>\n\n\n\n<p>Ao seu xu\u00edzo, \u201ctodas as actuaci\u00f3ns da Xunta van encami\u00f1adas a p\u00f3r atrancos \u00e1 limitaci\u00f3n de prezos\u201d e para mostra, \u201ca reforma legal\u201d da Lei da vivenda \u201cpola porta de atr\u00e1s\u201d, utilizando a Lei de Acompa\u00f1amento dos Orzamentos 2024.<\/p>\n\n\n\n<p>Nesa reforma, explica a nacionalista, a Xunta intentou eximirse das s\u00faas responsabilidades como Administraci\u00f3n competente en vivenda desviando a s\u00faa responsabilidade na tramitaci\u00f3n de \u00e1reas tensionadas aos concellos, e atar \u00e1s administraci\u00f3ns locais \u201cde p\u00e9s e mans\u201d, cunha serie de esixencias para que ning\u00fan concello consiga sacar adiante a declaraci\u00f3n de zona tensionada. Entre esas esixencias est\u00e1n, por exemplo, a obrigatoriedade de facer unha mesa coa patronal inmobiliaria e contar co seu visto bo.<\/p>\n\n\n\n<p>Ou, que a pesar de cumprir cos criterios establecidos coa lei, a Xunta se reserva a capacidade de tomar a decisi\u00f3n final ou deixar caer a proposta, en base a criterios tan abstractos como \u201cposibles efectos negativos\u201den base \u00e1s actas da mesa coa patronal. \u201cUn esc\u00e1ndalo\u201d en opini\u00f3n da nacionalista.<\/p>\n\n\n\n<p>Alexandra Fern\u00e1ndez considera que ante a esixencia de contar \u201cco visto bo da patronal\u201d \u00e9 preciso lembrar que os obxectivo da limitaci\u00f3n de prezos \u00e9 garantir o dereito social de acceso a unha vivenda digna ante un aumento brutal dos prezos. A modificaci\u00f3n que introduce pasa por riba dese dereito pero o PP, denuncia a nacionalista s\u00f3 busca \u201cblindar beneficios empresariais por riba do dereito \u00e1 vivenda\u201d Para iso establecen que a\u00ednda que se cumpran os criterios para declarar unha \u00e1rea como tensionada, \u201ca patronal e a Xunta, en complicidade, poidan paralizar a declaraci\u00f3n para manter beneficios\u201d.<\/p>\n\n\n\n<p>Dende o BNG, recalca a deputada, esiximos \u201cun cambio de actitude da Xunta\u201d e que abandone o permanente \u201cboicot \u00e1s propostas \u00fatiles para Galiza<strong>\u201d<\/strong>.<\/p>\n\n\n\n<p><strong>O BNG exixe a primeira declaraci\u00f3n de \u00e1reas tensionadas en Galiza<\/strong><\/p>\n\n\n\n<p>Neste sentido, Fernandez asegura que a Xunta debe empregar as competencias propias para adecuar a aplicaci\u00f3n das \u00e1reas tensionadas \u00e1 nosa realidade urbana polo que solicitamos a elaboraci\u00f3n \u201cda primeira declaraci\u00f3n de \u00e1reas tensionadas de Galiza\u201d, cunha perspectiva global a nivel de pa\u00eds como xa fixo Catalu\u00f1a.<\/p>\n\n\n\n<p><strong>Urxe intervir os prezos dende unha perspectiva integral<\/strong><\/p>\n\n\n\n<p>A intervenci\u00f3n sobre os prezos do aluguer, engade Fernandez, debe ir m\u00e1is al\u00e1 dos topes de prezos e ir acompa\u00f1ada de pol\u00edticas de vivenda que contrib\u00faan a rebaixar os prezos a trav\u00e9s de pol\u00edticas de : \u201cActuaci\u00f3n sobre a vivenda baleira, a planificaci\u00f3n e regulaci\u00f3n de usos do parque residencial (VUT), impulso da vivenda p\u00fablica e a vivenda protexida e os topes de prezos.<\/p>\n\n\n\n<p>Dende o BNG entendemos que \u201cestes catro eixos constit\u00faen o armaz\u00f3n para a intervenci\u00f3n sobre os prezos da vivenda activ\u00e1ndoos de maneira conxunta\u201d.<\/p>\n\n\n\n<p>Finalmente, a deputada do BNG insiste na \u201cpar\u00e1lise\u201d da pol\u00edtica de vivenda do PP e de bloquear calquera medida, regulaci\u00f3n ou impulso de vivenda protexida para colocar a Galiza na vangarda das pol\u00edticas de vivenda.<\/p>\n\n\n\n<figure class=\"wp-block-audio\"><audio controls src=\"https:\/\/www.anovapeneira.gal\/wp-content\/uploads\/2024\/04\/Audio-Alexandra-Fernandez-exixe-ao-PPque-exerza-as-suas-competencia-en-materia-de-vivenda-1.mp3\"><\/audio><\/figure>\n\n\n\n<figure class=\"wp-block-audio\"><audio controls src=\"https:\/\/www.anovapeneira.gal\/wp-content\/uploads\/2024\/04\/Audio-Alexandra-Fernandez-acusa-a-Xunta-de-boicot-para-declarar-zonas-de-mercado-tensionado-1.mp3\"><\/audio><\/figure>\n","protected":false},"excerpt":{"rendered":"<div class=\"mh-excerpt\"><p>O BNG recrimina ao PP a reforma da lei de vivenda \u201cpola porta de atr\u00e1s\u201d para non exercer as s\u00faas competencias e desviar a responsabilidade aos concell <a class=\"mh-excerpt-more\" href=\"https:\/\/www.anovapeneira.gal\/index.php\/2024\/04\/09\/o-bng-acusa-a-xunta-de-boicotear-a-declaracion-de-zonas-tensionadas-para-impedir-que-se-limiten-os-prezos-dos-alugueres\/\" title=\"O BNG acusa \u00e1 Xunta de boicotear a declaraci\u00f3n de zonas tensionadas para impedir que se limiten os prezos dos alugueres\">[&#8230;]<\/a><\/p>\n<\/div>","protected":false},"author":3,"featured_media":8265,"comment_status":"open","ping_status":"open","sticky":false,"template":"","format":"standard","meta":{"_exactmetrics_skip_tracking":false,"_exactmetrics_sitenote_active":false,"_exactmetrics_sitenote_note":"","_exactmetrics_sitenote_category":0,"footnotes":""},"categories":[263],"tags":[956],"class_list":{"0":"post-11561","1":"post","2":"type-post","3":"status-publish","4":"format-standard","5":"has-post-thumbnail","7":"category-novas","8":"tag-aluguer"},"yoast_head":"<!-- This site is optimized with the Yoast SEO plugin v27.4 - https:\/\/yoast.com\/product\/yoast-seo-wordpress\/ -->\n<title>O BNG acusa \u00e1 Xunta de boicotear a declaraci\u00f3n de zonas tensionadas para impedir que se limiten os prezos dos alugueres -<\/title>\n<meta name=\"robots\" content=\"index, follow, max-snippet:-1, max-image-preview:large, max-video-preview:-1\" \/>\n<link rel=\"canonical\" href=\"https:\/\/www.anovapeneira.gal\/index.php\/2024\/04\/09\/o-bng-acusa-a-xunta-de-boicotear-a-declaracion-de-zonas-tensionadas-para-impedir-que-se-limiten-os-prezos-dos-alugueres\/\" \/>\n<meta property=\"og:locale\" content=\"gl_ES\" \/>\n<meta property=\"og:type\" content=\"article\" \/>\n<meta property=\"og:title\" content=\"O BNG acusa \u00e1 Xunta de boicotear a declaraci\u00f3n de zonas tensionadas para impedir que se limiten os prezos dos alugueres -\" \/>\n<meta property=\"og:description\" content=\"O BNG recrimina ao PP a reforma da lei de vivenda \u201cpola porta de atr\u00e1s\u201d para non exercer as s\u00faas competencias e desviar a responsabilidade aos concell [...]\" \/>\n<meta property=\"og:url\" content=\"https:\/\/www.anovapeneira.gal\/index.php\/2024\/04\/09\/o-bng-acusa-a-xunta-de-boicotear-a-declaracion-de-zonas-tensionadas-para-impedir-que-se-limiten-os-prezos-dos-alugueres\/\" \/>\n<meta property=\"article:publisher\" content=\"https:\/\/www.facebook.com\/anovapeneira\" \/>\n<meta property=\"article:published_time\" content=\"2024-04-09T10:00:29+00:00\" \/>\n<meta property=\"og:image\" content=\"https:\/\/www.anovapeneira.gal\/wp-content\/uploads\/2022\/09\/bng_logo_2.jpg\" \/>\n\t<meta property=\"og:image:width\" content=\"720\" \/>\n\t<meta property=\"og:image:height\" content=\"432\" \/>\n\t<meta property=\"og:image:type\" content=\"image\/jpeg\" \/>\n<meta name=\"author\" content=\"Redacci\u00f3n A Nova Peneira\" \/>\n<meta name=\"twitter:card\" content=\"summary_large_image\" \/>\n<meta name=\"twitter:creator\" content=\"@APeneira\" \/>\n<meta name=\"twitter:site\" content=\"@APeneira\" \/>\n<meta name=\"twitter:label1\" content=\"Escrito por\" \/>\n\t<meta name=\"twitter:data1\" content=\"Redacci\u00f3n A Nova Peneira\" \/>\n\t<meta name=\"twitter:label2\" content=\"Tempo de lectura\" \/>\n\t<meta name=\"twitter:data2\" content=\"4 minutos\" \/>\n<script type=\"application\/ld+json\" class=\"yoast-schema-graph\">{\"@context\":\"https:\\\/\\\/schema.org\",\"@graph\":[{\"@type\":\"Article\",\"@id\":\"https:\\\/\\\/www.anovapeneira.gal\\\/index.php\\\/2024\\\/04\\\/09\\\/o-bng-acusa-a-xunta-de-boicotear-a-declaracion-de-zonas-tensionadas-para-impedir-que-se-limiten-os-prezos-dos-alugueres\\\/#article\",\"isPartOf\":{\"@id\":\"https:\\\/\\\/www.anovapeneira.gal\\\/index.php\\\/2024\\\/04\\\/09\\\/o-bng-acusa-a-xunta-de-boicotear-a-declaracion-de-zonas-tensionadas-para-impedir-que-se-limiten-os-prezos-dos-alugueres\\\/\"},\"author\":{\"name\":\"Redacci\u00f3n A Nova Peneira\",\"@id\":\"https:\\\/\\\/www.anovapeneira.gal\\\/#\\\/schema\\\/person\\\/b93e3f8932e3f8da96334607eb6ac6aa\"},\"headline\":\"O BNG acusa \u00e1 Xunta de boicotear a declaraci\u00f3n de zonas tensionadas para impedir que se limiten os prezos dos alugueres\",\"datePublished\":\"2024-04-09T10:00:29+00:00\",\"mainEntityOfPage\":{\"@id\":\"https:\\\/\\\/www.anovapeneira.gal\\\/index.php\\\/2024\\\/04\\\/09\\\/o-bng-acusa-a-xunta-de-boicotear-a-declaracion-de-zonas-tensionadas-para-impedir-que-se-limiten-os-prezos-dos-alugueres\\\/\"},\"wordCount\":655,\"commentCount\":0,\"publisher\":{\"@id\":\"https:\\\/\\\/www.anovapeneira.gal\\\/#organization\"},\"image\":{\"@id\":\"https:\\\/\\\/www.anovapeneira.gal\\\/index.php\\\/2024\\\/04\\\/09\\\/o-bng-acusa-a-xunta-de-boicotear-a-declaracion-de-zonas-tensionadas-para-impedir-que-se-limiten-os-prezos-dos-alugueres\\\/#primaryimage\"},\"thumbnailUrl\":\"https:\\\/\\\/www.anovapeneira.gal\\\/wp-content\\\/uploads\\\/2022\\\/09\\\/bng_logo_2.jpg\",\"keywords\":[\"Aluguer\"],\"articleSection\":[\"Novas\"],\"inLanguage\":\"gl-ES\",\"potentialAction\":[{\"@type\":\"CommentAction\",\"name\":\"Comment\",\"target\":[\"https:\\\/\\\/www.anovapeneira.gal\\\/index.php\\\/2024\\\/04\\\/09\\\/o-bng-acusa-a-xunta-de-boicotear-a-declaracion-de-zonas-tensionadas-para-impedir-que-se-limiten-os-prezos-dos-alugueres\\\/#respond\"]}]},{\"@type\":\"WebPage\",\"@id\":\"https:\\\/\\\/www.anovapeneira.gal\\\/index.php\\\/2024\\\/04\\\/09\\\/o-bng-acusa-a-xunta-de-boicotear-a-declaracion-de-zonas-tensionadas-para-impedir-que-se-limiten-os-prezos-dos-alugueres\\\/\",\"url\":\"https:\\\/\\\/www.anovapeneira.gal\\\/index.php\\\/2024\\\/04\\\/09\\\/o-bng-acusa-a-xunta-de-boicotear-a-declaracion-de-zonas-tensionadas-para-impedir-que-se-limiten-os-prezos-dos-alugueres\\\/\",\"name\":\"O BNG acusa \u00e1 Xunta de boicotear a declaraci\u00f3n de zonas tensionadas para impedir que se limiten os prezos dos alugueres -\",\"isPartOf\":{\"@id\":\"https:\\\/\\\/www.anovapeneira.gal\\\/#website\"},\"primaryImageOfPage\":{\"@id\":\"https:\\\/\\\/www.anovapeneira.gal\\\/index.php\\\/2024\\\/04\\\/09\\\/o-bng-acusa-a-xunta-de-boicotear-a-declaracion-de-zonas-tensionadas-para-impedir-que-se-limiten-os-prezos-dos-alugueres\\\/#primaryimage\"},\"image\":{\"@id\":\"https:\\\/\\\/www.anovapeneira.gal\\\/index.php\\\/2024\\\/04\\\/09\\\/o-bng-acusa-a-xunta-de-boicotear-a-declaracion-de-zonas-tensionadas-para-impedir-que-se-limiten-os-prezos-dos-alugueres\\\/#primaryimage\"},\"thumbnailUrl\":\"https:\\\/\\\/www.anovapeneira.gal\\\/wp-content\\\/uploads\\\/2022\\\/09\\\/bng_logo_2.jpg\",\"datePublished\":\"2024-04-09T10:00:29+00:00\",\"breadcrumb\":{\"@id\":\"https:\\\/\\\/www.anovapeneira.gal\\\/index.php\\\/2024\\\/04\\\/09\\\/o-bng-acusa-a-xunta-de-boicotear-a-declaracion-de-zonas-tensionadas-para-impedir-que-se-limiten-os-prezos-dos-alugueres\\\/#breadcrumb\"},\"inLanguage\":\"gl-ES\",\"potentialAction\":[{\"@type\":\"ReadAction\",\"target\":[\"https:\\\/\\\/www.anovapeneira.gal\\\/index.php\\\/2024\\\/04\\\/09\\\/o-bng-acusa-a-xunta-de-boicotear-a-declaracion-de-zonas-tensionadas-para-impedir-que-se-limiten-os-prezos-dos-alugueres\\\/\"]}]},{\"@type\":\"ImageObject\",\"inLanguage\":\"gl-ES\",\"@id\":\"https:\\\/\\\/www.anovapeneira.gal\\\/index.php\\\/2024\\\/04\\\/09\\\/o-bng-acusa-a-xunta-de-boicotear-a-declaracion-de-zonas-tensionadas-para-impedir-que-se-limiten-os-prezos-dos-alugueres\\\/#primaryimage\",\"url\":\"https:\\\/\\\/www.anovapeneira.gal\\\/wp-content\\\/uploads\\\/2022\\\/09\\\/bng_logo_2.jpg\",\"contentUrl\":\"https:\\\/\\\/www.anovapeneira.gal\\\/wp-content\\\/uploads\\\/2022\\\/09\\\/bng_logo_2.jpg\",\"width\":720,\"height\":432,\"caption\":\"Logotipo BNG\"},{\"@type\":\"BreadcrumbList\",\"@id\":\"https:\\\/\\\/www.anovapeneira.gal\\\/index.php\\\/2024\\\/04\\\/09\\\/o-bng-acusa-a-xunta-de-boicotear-a-declaracion-de-zonas-tensionadas-para-impedir-que-se-limiten-os-prezos-dos-alugueres\\\/#breadcrumb\",\"itemListElement\":[{\"@type\":\"ListItem\",\"position\":1,\"name\":\"Portada\",\"item\":\"https:\\\/\\\/www.anovapeneira.gal\\\/\"},{\"@type\":\"ListItem\",\"position\":2,\"name\":\"O BNG acusa \u00e1 Xunta de boicotear a declaraci\u00f3n de zonas tensionadas para impedir que se limiten os prezos dos alugueres\"}]},{\"@type\":\"WebSite\",\"@id\":\"https:\\\/\\\/www.anovapeneira.gal\\\/#website\",\"url\":\"https:\\\/\\\/www.anovapeneira.gal\\\/\",\"name\":\"\",\"description\":\"Xornal galego de informaci\u00f3n xeral Publicaci\u00f3n mensual de novas de Galicia e en especial dos Concellos da sur da provincia de Pontevedra.\",\"publisher\":{\"@id\":\"https:\\\/\\\/www.anovapeneira.gal\\\/#organization\"},\"potentialAction\":[{\"@type\":\"SearchAction\",\"target\":{\"@type\":\"EntryPoint\",\"urlTemplate\":\"https:\\\/\\\/www.anovapeneira.gal\\\/?s={search_term_string}\"},\"query-input\":{\"@type\":\"PropertyValueSpecification\",\"valueRequired\":true,\"valueName\":\"search_term_string\"}}],\"inLanguage\":\"gl-ES\"},{\"@type\":\"Organization\",\"@id\":\"https:\\\/\\\/www.anovapeneira.gal\\\/#organization\",\"name\":\"A Nova Peneira\",\"url\":\"https:\\\/\\\/www.anovapeneira.gal\\\/\",\"logo\":{\"@type\":\"ImageObject\",\"inLanguage\":\"gl-ES\",\"@id\":\"https:\\\/\\\/www.anovapeneira.gal\\\/#\\\/schema\\\/logo\\\/image\\\/\",\"url\":\"http:\\\/\\\/www.anovapeneira.gal\\\/wp-content\\\/uploads\\\/2019\\\/06\\\/logo_a_nova_peneira_portal_web.png\",\"contentUrl\":\"http:\\\/\\\/www.anovapeneira.gal\\\/wp-content\\\/uploads\\\/2019\\\/06\\\/logo_a_nova_peneira_portal_web.png\",\"width\":300,\"height\":100,\"caption\":\"A Nova Peneira\"},\"image\":{\"@id\":\"https:\\\/\\\/www.anovapeneira.gal\\\/#\\\/schema\\\/logo\\\/image\\\/\"},\"sameAs\":[\"https:\\\/\\\/www.facebook.com\\\/anovapeneira\",\"https:\\\/\\\/x.com\\\/APeneira\"]},{\"@type\":\"Person\",\"@id\":\"https:\\\/\\\/www.anovapeneira.gal\\\/#\\\/schema\\\/person\\\/b93e3f8932e3f8da96334607eb6ac6aa\",\"name\":\"Redacci\u00f3n A Nova Peneira\",\"image\":{\"@type\":\"ImageObject\",\"inLanguage\":\"gl-ES\",\"@id\":\"https:\\\/\\\/secure.gravatar.com\\\/avatar\\\/c052a2551a06e23fac63626232eaa90abd78dbcf1700fc46a2b2c89fd27b735f?s=96&d=mm&r=g\",\"url\":\"https:\\\/\\\/secure.gravatar.com\\\/avatar\\\/c052a2551a06e23fac63626232eaa90abd78dbcf1700fc46a2b2c89fd27b735f?s=96&d=mm&r=g\",\"contentUrl\":\"https:\\\/\\\/secure.gravatar.com\\\/avatar\\\/c052a2551a06e23fac63626232eaa90abd78dbcf1700fc46a2b2c89fd27b735f?s=96&d=mm&r=g\",\"caption\":\"Redacci\u00f3n A Nova Peneira\"},\"sameAs\":[\"http:\\\/\\\/www.anovapeneira.gal\\\/\"],\"url\":\"https:\\\/\\\/www.anovapeneira.gal\\\/index.php\\\/author\\\/redactor\\\/\"}]}<\/script>\n<!-- \/ Yoast SEO plugin. -->","yoast_head_json":{"title":"O BNG acusa \u00e1 Xunta de boicotear a declaraci\u00f3n de zonas tensionadas para impedir que se limiten os prezos dos alugueres -","robots":{"index":"index","follow":"follow","max-snippet":"max-snippet:-1","max-image-preview":"max-image-preview:large","max-video-preview":"max-video-preview:-1"},"canonical":"https:\/\/www.anovapeneira.gal\/index.php\/2024\/04\/09\/o-bng-acusa-a-xunta-de-boicotear-a-declaracion-de-zonas-tensionadas-para-impedir-que-se-limiten-os-prezos-dos-alugueres\/","og_locale":"gl_ES","og_type":"article","og_title":"O BNG acusa \u00e1 Xunta de boicotear a declaraci\u00f3n de zonas tensionadas para impedir que se limiten os prezos dos alugueres -","og_description":"O BNG recrimina ao PP a reforma da lei de vivenda \u201cpola porta de atr\u00e1s\u201d para non exercer as s\u00faas competencias e desviar a responsabilidade aos concell [...]","og_url":"https:\/\/www.anovapeneira.gal\/index.php\/2024\/04\/09\/o-bng-acusa-a-xunta-de-boicotear-a-declaracion-de-zonas-tensionadas-para-impedir-que-se-limiten-os-prezos-dos-alugueres\/","article_publisher":"https:\/\/www.facebook.com\/anovapeneira","article_published_time":"2024-04-09T10:00:29+00:00","og_image":[{"width":720,"height":432,"url":"https:\/\/www.anovapeneira.gal\/wp-content\/uploads\/2022\/09\/bng_logo_2.jpg","type":"image\/jpeg"}],"author":"Redacci\u00f3n A Nova Peneira","twitter_card":"summary_large_image","twitter_creator":"@APeneira","twitter_site":"@APeneira","twitter_misc":{"Escrito por":"Redacci\u00f3n A Nova Peneira","Tempo de lectura":"4 minutos"},"schema":{"@context":"https:\/\/schema.org","@graph":[{"@type":"Article","@id":"https:\/\/www.anovapeneira.gal\/index.php\/2024\/04\/09\/o-bng-acusa-a-xunta-de-boicotear-a-declaracion-de-zonas-tensionadas-para-impedir-que-se-limiten-os-prezos-dos-alugueres\/#article","isPartOf":{"@id":"https:\/\/www.anovapeneira.gal\/index.php\/2024\/04\/09\/o-bng-acusa-a-xunta-de-boicotear-a-declaracion-de-zonas-tensionadas-para-impedir-que-se-limiten-os-prezos-dos-alugueres\/"},"author":{"name":"Redacci\u00f3n A Nova Peneira","@id":"https:\/\/www.anovapeneira.gal\/#\/schema\/person\/b93e3f8932e3f8da96334607eb6ac6aa"},"headline":"O BNG acusa \u00e1 Xunta de boicotear a declaraci\u00f3n de zonas tensionadas para impedir que se limiten os prezos dos alugueres","datePublished":"2024-04-09T10:00:29+00:00","mainEntityOfPage":{"@id":"https:\/\/www.anovapeneira.gal\/index.php\/2024\/04\/09\/o-bng-acusa-a-xunta-de-boicotear-a-declaracion-de-zonas-tensionadas-para-impedir-que-se-limiten-os-prezos-dos-alugueres\/"},"wordCount":655,"commentCount":0,"publisher":{"@id":"https:\/\/www.anovapeneira.gal\/#organization"},"image":{"@id":"https:\/\/www.anovapeneira.gal\/index.php\/2024\/04\/09\/o-bng-acusa-a-xunta-de-boicotear-a-declaracion-de-zonas-tensionadas-para-impedir-que-se-limiten-os-prezos-dos-alugueres\/#primaryimage"},"thumbnailUrl":"https:\/\/www.anovapeneira.gal\/wp-content\/uploads\/2022\/09\/bng_logo_2.jpg","keywords":["Aluguer"],"articleSection":["Novas"],"inLanguage":"gl-ES","potentialAction":[{"@type":"CommentAction","name":"Comment","target":["https:\/\/www.anovapeneira.gal\/index.php\/2024\/04\/09\/o-bng-acusa-a-xunta-de-boicotear-a-declaracion-de-zonas-tensionadas-para-impedir-que-se-limiten-os-prezos-dos-alugueres\/#respond"]}]},{"@type":"WebPage","@id":"https:\/\/www.anovapeneira.gal\/index.php\/2024\/04\/09\/o-bng-acusa-a-xunta-de-boicotear-a-declaracion-de-zonas-tensionadas-para-impedir-que-se-limiten-os-prezos-dos-alugueres\/","url":"https:\/\/www.anovapeneira.gal\/index.php\/2024\/04\/09\/o-bng-acusa-a-xunta-de-boicotear-a-declaracion-de-zonas-tensionadas-para-impedir-que-se-limiten-os-prezos-dos-alugueres\/","name":"O BNG acusa \u00e1 Xunta de boicotear a declaraci\u00f3n de zonas tensionadas para impedir que se limiten os prezos dos alugueres -","isPartOf":{"@id":"https:\/\/www.anovapeneira.gal\/#website"},"primaryImageOfPage":{"@id":"https:\/\/www.anovapeneira.gal\/index.php\/2024\/04\/09\/o-bng-acusa-a-xunta-de-boicotear-a-declaracion-de-zonas-tensionadas-para-impedir-que-se-limiten-os-prezos-dos-alugueres\/#primaryimage"},"image":{"@id":"https:\/\/www.anovapeneira.gal\/index.php\/2024\/04\/09\/o-bng-acusa-a-xunta-de-boicotear-a-declaracion-de-zonas-tensionadas-para-impedir-que-se-limiten-os-prezos-dos-alugueres\/#primaryimage"},"thumbnailUrl":"https:\/\/www.anovapeneira.gal\/wp-content\/uploads\/2022\/09\/bng_logo_2.jpg","datePublished":"2024-04-09T10:00:29+00:00","breadcrumb":{"@id":"https:\/\/www.anovapeneira.gal\/index.php\/2024\/04\/09\/o-bng-acusa-a-xunta-de-boicotear-a-declaracion-de-zonas-tensionadas-para-impedir-que-se-limiten-os-prezos-dos-alugueres\/#breadcrumb"},"inLanguage":"gl-ES","potentialAction":[{"@type":"ReadAction","target":["https:\/\/www.anovapeneira.gal\/index.php\/2024\/04\/09\/o-bng-acusa-a-xunta-de-boicotear-a-declaracion-de-zonas-tensionadas-para-impedir-que-se-limiten-os-prezos-dos-alugueres\/"]}]},{"@type":"ImageObject","inLanguage":"gl-ES","@id":"https:\/\/www.anovapeneira.gal\/index.php\/2024\/04\/09\/o-bng-acusa-a-xunta-de-boicotear-a-declaracion-de-zonas-tensionadas-para-impedir-que-se-limiten-os-prezos-dos-alugueres\/#primaryimage","url":"https:\/\/www.anovapeneira.gal\/wp-content\/uploads\/2022\/09\/bng_logo_2.jpg","contentUrl":"https:\/\/www.anovapeneira.gal\/wp-content\/uploads\/2022\/09\/bng_logo_2.jpg","width":720,"height":432,"caption":"Logotipo BNG"},{"@type":"BreadcrumbList","@id":"https:\/\/www.anovapeneira.gal\/index.php\/2024\/04\/09\/o-bng-acusa-a-xunta-de-boicotear-a-declaracion-de-zonas-tensionadas-para-impedir-que-se-limiten-os-prezos-dos-alugueres\/#breadcrumb","itemListElement":[{"@type":"ListItem","position":1,"name":"Portada","item":"https:\/\/www.anovapeneira.gal\/"},{"@type":"ListItem","position":2,"name":"O BNG acusa \u00e1 Xunta de boicotear a declaraci\u00f3n de zonas tensionadas para impedir que se limiten os prezos dos alugueres"}]},{"@type":"WebSite","@id":"https:\/\/www.anovapeneira.gal\/#website","url":"https:\/\/www.anovapeneira.gal\/","name":"","description":"Xornal galego de informaci\u00f3n xeral Publicaci\u00f3n mensual de novas de Galicia e en especial dos Concellos da sur da provincia de Pontevedra.","publisher":{"@id":"https:\/\/www.anovapeneira.gal\/#organization"},"potentialAction":[{"@type":"SearchAction","target":{"@type":"EntryPoint","urlTemplate":"https:\/\/www.anovapeneira.gal\/?s={search_term_string}"},"query-input":{"@type":"PropertyValueSpecification","valueRequired":true,"valueName":"search_term_string"}}],"inLanguage":"gl-ES"},{"@type":"Organization","@id":"https:\/\/www.anovapeneira.gal\/#organization","name":"A Nova Peneira","url":"https:\/\/www.anovapeneira.gal\/","logo":{"@type":"ImageObject","inLanguage":"gl-ES","@id":"https:\/\/www.anovapeneira.gal\/#\/schema\/logo\/image\/","url":"http:\/\/www.anovapeneira.gal\/wp-content\/uploads\/2019\/06\/logo_a_nova_peneira_portal_web.png","contentUrl":"http:\/\/www.anovapeneira.gal\/wp-content\/uploads\/2019\/06\/logo_a_nova_peneira_portal_web.png","width":300,"height":100,"caption":"A Nova Peneira"},"image":{"@id":"https:\/\/www.anovapeneira.gal\/#\/schema\/logo\/image\/"},"sameAs":["https:\/\/www.facebook.com\/anovapeneira","https:\/\/x.com\/APeneira"]},{"@type":"Person","@id":"https:\/\/www.anovapeneira.gal\/#\/schema\/person\/b93e3f8932e3f8da96334607eb6ac6aa","name":"Redacci\u00f3n A Nova Peneira","image":{"@type":"ImageObject","inLanguage":"gl-ES","@id":"https:\/\/secure.gravatar.com\/avatar\/c052a2551a06e23fac63626232eaa90abd78dbcf1700fc46a2b2c89fd27b735f?s=96&d=mm&r=g","url":"https:\/\/secure.gravatar.com\/avatar\/c052a2551a06e23fac63626232eaa90abd78dbcf1700fc46a2b2c89fd27b735f?s=96&d=mm&r=g","contentUrl":"https:\/\/secure.gravatar.com\/avatar\/c052a2551a06e23fac63626232eaa90abd78dbcf1700fc46a2b2c89fd27b735f?s=96&d=mm&r=g","caption":"Redacci\u00f3n A Nova Peneira"},"sameAs":["http:\/\/www.anovapeneira.gal\/"],"url":"https:\/\/www.anovapeneira.gal\/index.php\/author\/redactor\/"}]}},"jetpack_featured_media_url":"https:\/\/www.anovapeneira.gal\/wp-content\/uploads\/2022\/09\/bng_logo_2.jpg","_links":{"self":[{"href":"https:\/\/www.anovapeneira.gal\/index.php\/wp-json\/wp\/v2\/posts\/11561","targetHints":{"allow":["GET"]}}],"collection":[{"href":"https:\/\/www.anovapeneira.gal\/index.php\/wp-json\/wp\/v2\/posts"}],"about":[{"href":"https:\/\/www.anovapeneira.gal\/index.php\/wp-json\/wp\/v2\/types\/post"}],"author":[{"embeddable":true,"href":"https:\/\/www.anovapeneira.gal\/index.php\/wp-json\/wp\/v2\/users\/3"}],"replies":[{"embeddable":true,"href":"https:\/\/www.anovapeneira.gal\/index.php\/wp-json\/wp\/v2\/comments?post=11561"}],"version-history":[{"count":1,"href":"https:\/\/www.anovapeneira.gal\/index.php\/wp-json\/wp\/v2\/posts\/11561\/revisions"}],"predecessor-version":[{"id":11566,"href":"https:\/\/www.anovapeneira.gal\/index.php\/wp-json\/wp\/v2\/posts\/11561\/revisions\/11566"}],"wp:featuredmedia":[{"embeddable":true,"href":"https:\/\/www.anovapeneira.gal\/index.php\/wp-json\/wp\/v2\/media\/8265"}],"wp:attachment":[{"href":"https:\/\/www.anovapeneira.gal\/index.php\/wp-json\/wp\/v2\/media?parent=11561"}],"wp:term":[{"taxonomy":"category","embeddable":true,"href":"https:\/\/www.anovapeneira.gal\/index.php\/wp-json\/wp\/v2\/categories?post=11561"},{"taxonomy":"post_tag","embeddable":true,"href":"https:\/\/www.anovapeneira.gal\/index.php\/wp-json\/wp\/v2\/tags?post=11561"}],"curies":[{"name":"wp","href":"https:\/\/api.w.org\/{rel}","templated":true}]}}