{"id":11567,"date":"2024-04-10T10:00:06","date_gmt":"2024-04-10T08:00:06","guid":{"rendered":"https:\/\/www.anovapeneira.gal\/?p=11567"},"modified":"2024-04-02T10:29:56","modified_gmt":"2024-04-02T08:29:56","slug":"laura-lopez-atrio-mestra-xubilada-e-exconcelleira-de-educacion-no-concello-de-vigo","status":"publish","type":"post","link":"https:\/\/www.anovapeneira.gal\/index.php\/2024\/04\/10\/laura-lopez-atrio-mestra-xubilada-e-exconcelleira-de-educacion-no-concello-de-vigo\/","title":{"rendered":"Laura L\u00f3pez Atrio mestra xubilada e exconcelleira de educaci\u00f3n no concello de Vigo"},"content":{"rendered":"\n<p><strong>Toda unha vida ao servizo do p\u00fablico.<\/strong><\/p>\n\n\n\n<h2 class=\"wp-block-heading\">\u201c <strong>\u00c1s distintas administraci\u00f3ns a educaci\u00f3n s\u00f3 lles importa en aparencia, porque en realidade acaba sendo a irm\u00e1 pobre de case todos os gobernos\u201d<\/strong><\/h2>\n\n\n\n<p><strong>Na conversa que mantiven con Laura L\u00f3pez Atrio veume \u00e1 memoria, unha vez m\u00e1is, aquela reflexi\u00f3n sobre o poder da palabra que de maneira tan fermosa expresou Carmen Mart\u00edn Gaite cando escribiu\u201d No hay placer m\u00e1s grande que la conversaci\u00f3n, cuando quien habla tiene ganas de hablar y quien escucha tiene ganas de escuchar\u201d. Foi unha conversa moi extensa e enormemente grata para min,que ter\u00eda sido moito m\u00e1is longa a\u00ednda se non viviramos nunha sociedade marcada pola terrible ditadura do tempo, pois Laura \u00e9 unha muller que enriquece coa s\u00faa lucidez ,capacidade para penetrar nas raz\u00f3ns profundas das cousas e coa s\u00faa conversa serena e cordial. Ela foi mestra toda a vida ,estivo moi vinculada a todo tipo de actividades sociais e culturais al\u00e9n de ser a concelleira de educaci\u00f3n no primeiro goberno de Abel Caballero. En Outubro do 2022 publicou un libro \u201c Ciudades educadoras y creativas\u201d no que plasma a s\u00faa visi\u00f3n sobre a relaci\u00f3n entre a administraci\u00f3n e a educaci\u00f3n. N\u00f3s conversamos con ela para co\u00f1ecer un pouco m\u00e1is o seu libro e para facer un repaso polo m\u00e1is relevante da s\u00faa apaixonante traxectoria vital.<\/strong><\/p>\n\n\n\n<p><strong>Ti es unha muller dunha ampla traxectoria vital por cami\u00f1os diversos: Mestra, pol\u00edtica, comunicadora, activista social, escritora&#8230;Cal de todas as t\u00faas actividades foi a que che produciu unha maior satisfacci\u00f3n?<\/strong><\/p>\n\n\n\n<blockquote class=\"wp-block-quote is-layout-flow wp-block-quote-is-layout-flow\">\n<p>Ser mestra toda a mi\u00f1a vida \u00e9 a actividade coa que me sinto m\u00e1is identificada. Todo o que fixen foi porque quixen, e porque no seu momento tivo alg\u00fan tipo de atractivo ou interese para min. Pero o ensino, formar a nenas e a nenos ao longo de m\u00e1is de 4 d\u00e9cadas \u00e9 o que levo inserido no m\u00e1is profundo da mi\u00f1a alma.<\/p>\n<\/blockquote>\n\n\n\n<p><strong>Sempre traballaches en Galicia?<\/strong><\/p>\n\n\n\n<blockquote class=\"wp-block-quote is-layout-flow wp-block-quote-is-layout-flow\">\n<p>Case sempre, ag\u00e1s 4 anos que estiven en Sestao. Logo pedimos o traslado para Galicia, o meu home tam\u00e9n era mestre, e tivemos a sorte de chegar xa a Vigo. Ao ensino dediqueille 45 anos dos que 38 foron en Vigo.<\/p>\n<\/blockquote>\n\n\n\n<p><strong>Deches clase tanto en primaria como en secundaria ?<\/strong><\/p>\n\n\n\n<blockquote class=\"wp-block-quote is-layout-flow wp-block-quote-is-layout-flow\">\n<p>Si, estiven cinco anos no Centro de Formaci\u00f3n do Profesorado (CEFORE) e nun centro en secundaria estiven os \u00faltimos 12 anos. Entre o 95 e o 2007.<\/p>\n<\/blockquote>\n\n\n\n<p><strong>En 45 anos dando clases pasaron polas t\u00faas aulas varias xeraci\u00f3ns de alumnos e alumnas. Notaches moitos cambios entre elas?<\/strong><\/p>\n\n\n\n<blockquote class=\"wp-block-quote is-layout-flow wp-block-quote-is-layout-flow\">\n<p>Nos \u00faltimos anos non. Se cadra o m\u00e1is rechamante foron os primeiros anos no rural en Ourense nunha escola dunha parroquia do Concello de Padrenda. Lembro de ter unha clase de 42 nenos e s\u00f3 14 pupitres.<\/p>\n<\/blockquote>\n\n\n\n<p><strong>E como resolv\u00edas iso?<\/strong><\/p>\n\n\n\n<blockquote class=\"wp-block-quote is-layout-flow wp-block-quote-is-layout-flow\">\n<p>Ti\u00f1a que ter \u00e1 metade de p\u00e9 ata antes do recreo. Despois do descanso cambiaban os asentos coa outra metade.<\/p>\n<\/blockquote>\n\n\n\n<p><strong>Vaia. De que ano estamos falando Laura?<\/strong><\/p>\n\n\n\n<blockquote class=\"wp-block-quote is-layout-flow wp-block-quote-is-layout-flow\">\n<p>De 1968. Tiven que ir falar co alcalde e pouco menos que ameazalo con pechar a escola para que arranxase esa situaci\u00f3n intolerable, que non se limitaba \u00e1 falta de bancos. Tam\u00e9n careciamos de luz e non hab\u00eda estufa para o inverno.<\/p>\n<\/blockquote>\n\n\n\n<p><strong>A militancia pol\u00edtica cando comezou?<\/strong><\/p>\n\n\n\n<blockquote class=\"wp-block-quote is-layout-flow wp-block-quote-is-layout-flow\">\n<p>No ano 1989.<\/p>\n<\/blockquote>\n\n\n\n<p><strong>Levas 35 anos ininterrompidos no PSdeG. Lembras como comezou todo?<\/strong><\/p>\n\n\n\n<blockquote class=\"wp-block-quote is-layout-flow wp-block-quote-is-layout-flow\">\n<p>Si. Foi despois de asistir a unha conferencia da Federaci\u00f3n de Mulleres Progresistas. Chamoume moito a atenci\u00f3n o seu contido pois incidiron en dous aspectos que son esenciais na mi\u00f1a concepci\u00f3n da realidade: A defensa do ensino p\u00fablico, e a defensa dos dereitos da muller.<\/p>\n<\/blockquote>\n\n\n\n<blockquote class=\"wp-block-quote is-layout-flow wp-block-quote-is-layout-flow\">\n<p>A asociaci\u00f3n que impartiu aquela charla est\u00e1 vinculada ao PSdeG, e eu ofrecinme voluntaria para programar as escolas infant\u00eds de Vigo. A\u00ed comezou a mi\u00f1a relaci\u00f3n coa pol\u00edtica, sempre vinculada con aspectos sociais nos dous eidos que antes mencionei.<\/p>\n<\/blockquote>\n\n\n\n<p><strong>A pol\u00edtica foi importante para ti?<\/strong><\/p>\n\n\n\n<blockquote class=\"wp-block-quote is-layout-flow wp-block-quote-is-layout-flow\">\n<p>Foi moi importante defender o que defend\u00edn. Ocupar cargos nunca foi o meu obxectivo. Si participar aportando os meus co\u00f1ecementos.<\/p>\n<\/blockquote>\n\n\n\n<p><strong>En 35 anos no PSdeG imaxino que ver\u00edas liortas de todo tipo?.<\/strong><\/p>\n\n\n\n<blockquote class=\"wp-block-quote is-layout-flow wp-block-quote-is-layout-flow\">\n<p>A pol\u00edtica \u00e9 unha actividade fundamental para organizar unha sociedade de maneira xusta e para corrixir os desequilibrios que condenan a grupos de persoas a non poder vivir con dignidade. Eu quero valorar e dignificar \u00e1s persoas que se achegan ao mundo pol\u00edtico con estas intenci\u00f3ns. Pero non sempre \u00e9 as\u00ed, pois hai quen chega co obxectivo de buscar o seu beneficio persoal e a partir de a\u00ed ve\u00f1en os problemas. A pol\u00edtica, en realidade, como mellor se co\u00f1ece \u00e9 dentro dos partidos. E \u00e1s veces estando dentro d\u00e1ste de conta de que o mellor \u00e9 estar f\u00f3ra.<\/p>\n<\/blockquote>\n\n\n\n<p><strong>Cando te ofrecen a ti acceder a alg\u00fan tipo de responsabilidade institucional?<\/strong><\/p>\n\n\n\n<blockquote class=\"wp-block-quote is-layout-flow wp-block-quote-is-layout-flow\">\n<p>Cando Ventura P\u00e9rez Mari\u00f1o chegou \u00e1 alcald\u00eda, ofreceume a posibilidade de ser concelleira. Esa foi a primeira vez, pero non se puido concretar.<\/p>\n<\/blockquote>\n\n\n\n<p><strong>Por que?<\/strong><\/p>\n\n\n\n<blockquote class=\"wp-block-quote is-layout-flow wp-block-quote-is-layout-flow\">\n<p>Coincidiu na \u00e9poca en que Touri\u00f1o era presidente da Xunta e digamos que os que mandaban no partido naquel momento amosaban m\u00e1is simpat\u00eda por outro tipo de persoas que por algu\u00e9n do meu perfil. Eu ti\u00f1a diferencias pol\u00edticas significativas co presidente Touri\u00f1o.<\/p>\n<\/blockquote>\n\n\n\n<p><strong>Doeuche?<\/strong><\/p>\n\n\n\n<blockquote class=\"wp-block-quote is-layout-flow wp-block-quote-is-layout-flow\">\n<p>Non, en absoluto. Como antes mencionei nunca tiven o m\u00e1is m\u00ednimo interese nin polos cargos pol\u00edticos nin por vivir da pol\u00edtica.<\/p>\n<\/blockquote>\n\n\n\n<p><strong>E logo foi Abel?<\/strong><\/p>\n\n\n\n<blockquote class=\"wp-block-quote is-layout-flow wp-block-quote-is-layout-flow\">\n<p>Si, ga\u00f1a as primeiras elecci\u00f3ns e ofr\u00e9ceme formar parte do seu primeiro goberno como concelleira de educaci\u00f3n.<\/p>\n<\/blockquote>\n\n\n\n<p><strong>Ti formas parte do goberno de Vigo entre o 2007 e o 2011.Imaxino que eses catro anos dar\u00edan para contar moitas cousas?<\/strong><\/p>\n\n\n\n<blockquote class=\"wp-block-quote is-layout-flow wp-block-quote-is-layout-flow\">\n<p>Pois si, para contar moitas e para calar moitas outras tam\u00e9n.<\/p>\n<\/blockquote>\n\n\n\n<p><strong>O teu traballo neses catro anos mereceu eloxios de todo tipo de sectores. Hai unanimidade en cualificalo como brillante, pero de maneira un tanto estra\u00f1a non se contou contigo para repetir. Por que?<\/strong><\/p>\n\n\n\n<blockquote class=\"wp-block-quote is-layout-flow wp-block-quote-is-layout-flow\">\n<p>Esa pregunta ter\u00eda que contestala o alcalde. Eu supo\u00f1o que deixou de considerarme cando se deu de conta de que eu non son unha persoa que se someta cando o que me piden non coincide co meu criterio.<\/p>\n<\/blockquote>\n\n\n\n<p><strong>Cobraches un soldo do Concello eses catro anos?<\/strong><\/p>\n\n\n\n<blockquote class=\"wp-block-quote is-layout-flow wp-block-quote-is-layout-flow\">\n<p>Non, non cobrei nada. Ti\u00f1a dedicaci\u00f3n exclusiva pero sen soldo.<\/p>\n<\/blockquote>\n\n\n\n<p><strong>A educaci\u00f3n foi importante para o goberno de Abel Caballero?<\/strong><\/p>\n\n\n\n<blockquote class=\"wp-block-quote is-layout-flow wp-block-quote-is-layout-flow\">\n<p>Non, non o foi, como non o \u00e9 para case ning\u00fan goberno. De cara \u00e1 galer\u00eda si que \u00e9 importante pero en realidade adoita ser a irm\u00e1 pobre de todas as administraci\u00f3ns.<\/p>\n<\/blockquote>\n\n\n\n<p><strong>Foron catro anos dif\u00edciles?<\/strong><\/p>\n\n\n\n<blockquote class=\"wp-block-quote is-layout-flow wp-block-quote-is-layout-flow\">\n<p>Foron catro anos moi dif\u00edciles e moi interesantes \u00e1 vez. Foron malos porque soportei en soidade todo tipo de presi\u00f3ns e non me deixaron traballar con liberdade.<\/p>\n<\/blockquote>\n\n\n\n<blockquote class=\"wp-block-quote is-layout-flow wp-block-quote-is-layout-flow\">\n<p>E foron moi interesantes porque aprend\u00edn moito do funcionamento interno do concello, e traballei con un equipo de funcionarias e funcionarios marabillosos que me apoiaron, me axudaron e me permitiron volcarme na defensa do ensino regrado en non regrado.<\/p>\n<\/blockquote>\n\n\n\n<p><strong>De feito no libro, do que falaremos despois, agradeces o apoio dos funcionarios e funcionarias?<\/strong><\/p>\n\n\n\n<blockquote class=\"wp-block-quote is-layout-flow wp-block-quote-is-layout-flow\">\n<p>Si, porque o merecen en grao superlativo. Nunca me cansarei de dicilo.<\/p>\n<\/blockquote>\n\n\n\n<p><strong>Cales foron as principais li\u00f1as da t\u00faa actuaci\u00f3n neses catro anos?<\/strong><\/p>\n\n\n\n<blockquote class=\"wp-block-quote is-layout-flow wp-block-quote-is-layout-flow\">\n<p>-Analizar os recursos cos que contabamos na conceller\u00eda.<\/p>\n<\/blockquote>\n\n\n\n<blockquote class=\"wp-block-quote is-layout-flow wp-block-quote-is-layout-flow\">\n<p>-Co\u00f1ecer en profundidade os \u00e1mbitos de actuaci\u00f3n na nosa cidade.<\/p>\n<\/blockquote>\n\n\n\n<blockquote class=\"wp-block-quote is-layout-flow wp-block-quote-is-layout-flow\">\n<p>-Organizar todos os aspectos que puideran ser obxecto de actuaci\u00f3n desde a Conceller\u00eda de Educaci\u00f3n.<\/p>\n<\/blockquote>\n\n\n\n<blockquote class=\"wp-block-quote is-layout-flow wp-block-quote-is-layout-flow\">\n<p>-Executar o m\u00e1ximo e o mellor posible a trav\u00e9s dun importante plan de traballo dirixido \u00e1s escolas p\u00fablicas, concertadas e das escolas municipais de educaci\u00f3n infantil, m\u00fasica, teatro, danza\u2026<\/p>\n<\/blockquote>\n\n\n\n<blockquote class=\"wp-block-quote is-layout-flow wp-block-quote-is-layout-flow\">\n<p>-Deixar un Plan de Traballo e os Programas a desenvolver para cando eu sa\u00edra.<\/p>\n<\/blockquote>\n\n\n\n<p><strong>Xa ti\u00f1as claro que unha vez rematado o primeiro mandato o teu paso polo goberno remataba?<\/strong><\/p>\n\n\n\n<blockquote class=\"wp-block-quote is-layout-flow wp-block-quote-is-layout-flow\">\n<p>T\u00ed\u00f1ao moi claro, si.<\/p>\n<\/blockquote>\n\n\n\n<p><strong>O traballo foi intenso?<\/strong><\/p>\n\n\n\n<blockquote class=\"wp-block-quote is-layout-flow wp-block-quote-is-layout-flow\">\n<p>Si, moi intenso. En Vigo hai arredor de 60 centros p\u00fablicos de ensino infantil e primario, m\u00e1is de 20 Institutos p\u00fablicos e os centros concertados. Eu asist\u00eda a todos os centros p\u00fablicos e municipais para co\u00f1ecer os seus problemas e necesidades, falei con todos os equipos directivos dos centros para saber das s\u00faas demandas e incluso com\u00edn nos comedores escolares para ver como estaban e co\u00f1ecer a calidade da comida. Desde a Conceller\u00eda de educacion fixemos o mantemento dos centros p\u00fablicos, arranxamos patios, comedores e bibliotecas escolares e desenvolvemos multitude de programas: Bibliotecas- campa\u00f1as de animaci\u00f3n a lectura; pintura &#8211; Arte na aula- exposici\u00f3ns e traballos art\u00edsticos nos centros; Idiomas- Aulas internacionais- inmersi\u00f3n ling\u00fcistica en Inglaterra e Irlanda; M\u00fasica tradicional e folk nas aulas; Xornadas de teatro escolar, Hortos escolares, Vigo por dentro &#8230;<\/p>\n<\/blockquote>\n\n\n\n<p><strong>Tam\u00e9n tiveches que te ocupar do ensino non regrado?<\/strong><\/p>\n\n\n\n<blockquote class=\"wp-block-quote is-layout-flow wp-block-quote-is-layout-flow\">\n<p>Si, claro. Atender as escolas municipais de m\u00fasica, teatro, artes e oficios&#8230;<\/p>\n<\/blockquote>\n\n\n\n<p><strong>No caso da escola de Artes e Oficios houbo que pelexar arreo para que non se pechara, verdade?<\/strong><\/p>\n\n\n\n<blockquote class=\"wp-block-quote is-layout-flow wp-block-quote-is-layout-flow\">\n<p>Pois si. Esta escola estaba moi pouco dotada e moi mal coidada. A escola como sabes \u00e9 un regalo de Garc\u00eda Barb\u00f3n \u00e1 cidade. O alcalde quixo pechala xunto coa Escola de M\u00fasica Tradicional e Folk (ETRAD), pero non puido pechar ningunha das d\u00faas polo elevado grao de contestaci\u00f3n social xerada por esta nova que incluso chegou a sa\u00edr na prensa.<\/p>\n<\/blockquote>\n\n\n\n<p><strong>Creo que o teu traballo, cheg\u00e1ndote a enfrontar ao alcalde incluso, foi decisivo para que non se pecharan as escolas e foi reco\u00f1ecido de maneira moi bonita polos alumnos e profesores?<\/strong><\/p>\n\n\n\n<blockquote class=\"wp-block-quote is-layout-flow wp-block-quote-is-layout-flow\">\n<p>Non sei se foi decisivo. O que si \u00e9 verdade \u00e9 que me impliquei moito para que non se pecharan. E si, reco\u00f1ec\u00e9ronmo de maneira moi emotiva.<\/p>\n<\/blockquote>\n\n\n\n<p><strong>Como?<\/strong><\/p>\n\n\n\n<blockquote class=\"wp-block-quote is-layout-flow wp-block-quote-is-layout-flow\">\n<p>Cando marchei d\u00e9ronme un concerto sorpresa a modo de homenaxe. Estaban todos os m\u00fasicos de Son de Seu, o profesorado e alumnado.<\/p>\n<\/blockquote>\n\n\n\n<p><strong>Cando se acaba o mandato como te comunican que non contin\u00faas?<\/strong><\/p>\n\n\n\n<blockquote class=\"wp-block-quote is-layout-flow wp-block-quote-is-layout-flow\">\n<p>O alcalde ch\u00e1mame e ofreceme ir no posto 16 das listas. Eu estaba no 6 e pasar\u00eda ao 16. Naquel momento ti\u00f1amos 9 actas , xa que logo era un posto de imposible sa\u00edda. Eu dixen que non e tam\u00e9n lle dixen que era consciente de que a el a educaci\u00f3n non lle importaba moito.<\/p>\n<\/blockquote>\n\n\n\n<p><strong>Parece que fuches unha persoa inc\u00f3moda para o alcalde?<\/strong><\/p>\n\n\n\n<blockquote class=\"wp-block-quote is-layout-flow wp-block-quote-is-layout-flow\">\n<p>E tanto que si. Te\u00f1o constancia de que en distintos eventos e actos p\u00fablicos nos que estaba eu, a prensa recib\u00eda indicaci\u00f3ns para que non me sacasen nas fotos.<\/p>\n<\/blockquote>\n\n\n\n<p><strong>Mi\u00f1a nai, pero iso m\u00e1is que dun home serio parece propio dun adolescente?<\/strong><\/p>\n\n\n\n<blockquote class=\"wp-block-quote is-layout-flow wp-block-quote-is-layout-flow\">\n<p>En fin. S\u00f3 che podo dicir que eu nunca me somet\u00edn. E houbo multitude de episodios desagradables ao longo dos catro anos.<\/p>\n<\/blockquote>\n\n\n\n<p><strong>Por exemplo?<\/strong><\/p>\n\n\n\n<blockquote class=\"wp-block-quote is-layout-flow wp-block-quote-is-layout-flow\">\n<p>Pois por exemplo as visitas do pedagogo \u00c1lvaro Marchesi ou do ministro \u00c1ngel Gabilondo a falar de educaci\u00f3n \u00e1s que eu, concelleira de educaci\u00f3n non fun convidada<\/p>\n<\/blockquote>\n\n\n\n<p><strong>Caramba. E non fuches claro?<\/strong><\/p>\n\n\n\n<blockquote class=\"wp-block-quote is-layout-flow wp-block-quote-is-layout-flow\">\n<p>Por suposto que fun. E presenteime en ambos actos e iso que nun dos actos do ministro nin me deixaron entrar na aula de tecnolox\u00eda que visitaba.<\/p>\n<\/blockquote>\n\n\n\n<p><strong>Xubil\u00e1cheste no 2007, cando entras no goberno. Rematas a t\u00faa etapa pol\u00edtica no 2011 , pero a t\u00faa vocaci\u00f3n por aprender non acaba e segues a estudar?<\/strong><\/p>\n\n\n\n<blockquote class=\"wp-block-quote is-layout-flow wp-block-quote-is-layout-flow\">\n<p>Si, anos antes, estando en activo, fixen a licenciatura en psicopedagox\u00eda e, xa xublilada, o doutoramento en comunicaci\u00f3n.<\/p>\n<\/blockquote>\n\n\n\n<p><strong>E nese momento escribes o teu libro \u201cCiudades educadoras y creativas\u201d?<\/strong><\/p>\n\n\n\n<blockquote class=\"wp-block-quote is-layout-flow wp-block-quote-is-layout-flow\">\n<p>Si, \u00e9 parte da tese doutoral adaptada en formato libro.<\/p>\n<\/blockquote>\n\n\n\n<p><strong>No subt\u00edtulo fas referencia \u00e1 misi\u00f3n das administraci\u00f3ns locais na difusi\u00f3n da educaci\u00f3n e a cultura. Cal debe de ser esa misi\u00f3n?<\/strong><\/p>\n\n\n\n<blockquote class=\"wp-block-quote is-layout-flow wp-block-quote-is-layout-flow\">\n<p>Debe de ser dupla:<\/p>\n<\/blockquote>\n\n\n\n<blockquote class=\"wp-block-quote is-layout-flow wp-block-quote-is-layout-flow\">\n<p>-O mantemento dos centros educativos p\u00fablicos en condici\u00f3ns \u00f3ptimas.<\/p>\n<\/blockquote>\n\n\n\n<blockquote class=\"wp-block-quote is-layout-flow wp-block-quote-is-layout-flow\">\n<p>-Participar en todo o que se refire aos programas educativos externos e internos, tanto dos centros de ensino regrado como dos de ensino non regrado( Escolas de m\u00fasica, danza, teatro, idiomas&#8230;) e das escolas infant\u00eds municipais.<\/p>\n<\/blockquote>\n\n\n\n<p><strong>En Vigo a administraci\u00f3n municipal cumpre adecuadamente esas responsabilidades?<\/strong><\/p>\n\n\n\n<blockquote class=\"wp-block-quote is-layout-flow wp-block-quote-is-layout-flow\">\n<p>Non, actualmente non. O traballo da administraci\u00f3n en relaci\u00f3n \u00e1 educaci\u00f3n \u00e9 manifestamente mellorable. Todos os programas educativos que eu fixera desapareceron e unicamente permanece o Mantemento dos centros educativos de infantil e primaria, o Programa de inmersi\u00f3n ling\u00fcistica en ingl\u00e9s coas viaxes a Inglaterra e est\u00e1n a recuperar o Programa \u201cVigo por dentro\u201d.<\/p>\n<\/blockquote>\n\n\n\n<p><strong>No libro fas unha visi\u00f3n global de como debe de estar estruturada unha adecuada administraci\u00f3n educativa, e logo c\u00e9ntraste na cidade de Vigo, verdade?<\/strong><\/p>\n\n\n\n<blockquote class=\"wp-block-quote is-layout-flow wp-block-quote-is-layout-flow\">\n<p>Si, fago unha s\u00edntese do que foi o noso proxecto e programa educativo no meu paso pola conceller\u00eda e logo desenvolvo en particular o que deber\u00edan ser a futuro cinco programas:1. As actuaci\u00f3ns nos campos de M\u00fasica e Artes Esc\u00e9nicas, 2. Programa para a creaci\u00f3n de m\u00e1is Bibliotecas p\u00fablicas, 3. Programa para utilizaci\u00f3n educativa dos Museos da cidade, 4.Programa para Atenci\u00f3n a Persoas con Discapacidade no \u00e1mbito educativo, 5. Programa con distintos proxectos complementarios para o ensino regrado.<\/p>\n<\/blockquote>\n\n\n\n<p><strong>Como financiaches a edici\u00f3n do libro?<\/strong><\/p>\n\n\n\n<blockquote class=\"wp-block-quote is-layout-flow wp-block-quote-is-layout-flow\">\n<p>Coa axuda do Consello Social da Universidade de Vigo.<\/p>\n<\/blockquote>\n\n\n\n<p><strong>Se algu\u00e9n est\u00e1 interesado en adquirilo como debe de facer?<\/strong><\/p>\n\n\n\n<blockquote class=\"wp-block-quote is-layout-flow wp-block-quote-is-layout-flow\">\n<p>Contactar comigo e, se dispo\u00f1o de exemplares, eu reg\u00e1lollo. O libro non est\u00e1 \u00e1 venda. Escribino, non para ga\u00f1ar cartos, sen\u00f3n para deixar plasmada a mi\u00f1a visi\u00f3n de como debe ser a relaci\u00f3n entre a administraci\u00f3n municipal e a xesti\u00f3n das responsabilidades da Conceller\u00eda de Educaci\u00f3n. Este traballo, creo eu, poder\u00eda ser de moita utilidade para calquera concelleiro ou concelleira de educaci\u00f3n, de calquera localidade, que te\u00f1a clara a importancia capital de proporcionar unha educaci\u00f3n de calidade \u00e1s xeraci\u00f3ns futuras. Precisar\u00eda as partidas orzamentarias para executalo, claro, porque se non as ten, nada pode facer.<\/p>\n<\/blockquote>\n\n\n\n<p><strong>A que te dedicas agora Laura?<\/strong><\/p>\n\n\n\n<blockquote class=\"wp-block-quote is-layout-flow wp-block-quote-is-layout-flow\">\n<p>A aprender, a seguir aprendendo todo o que poida todo o tempo que poida. A lectura de literatura, cine e conferencias e ao seguimento da pol\u00edtica a trav\u00e9s dos medios de comunicaci\u00f3n.<\/p>\n<\/blockquote>\n\n\n\n<p><strong>Rematamos esta longa e moi agradable conversa con tres preguntas sobre o PSdeG<\/strong><\/p>\n\n\n\n<p><strong>Ten arranxo o PSdeG a curto prazo?<\/strong><\/p>\n\n\n\n<blockquote class=\"wp-block-quote is-layout-flow wp-block-quote-is-layout-flow\">\n<p>Non, ao meu xu\u00edzo a curto prazo non. O PSdeG precisa unha catarse e comezar de 0 cun proxecto galego aut\u00f3nomo. \u00c9 a \u00fanica maneira na que poder\u00e1 volver a ser unha forza con opci\u00f3ns reais de gobernar.<\/p>\n<\/blockquote>\n\n\n\n<p><strong>A soluci\u00f3n Besteiro non a ves \u00f3ptima?<\/strong><\/p>\n\n\n\n<blockquote class=\"wp-block-quote is-layout-flow wp-block-quote-is-layout-flow\">\n<p>Eu non a vexo. O tempo o dir\u00e1.<\/p>\n<\/blockquote>\n\n\n\n<p><strong>En Vigo o PSdeG actual est\u00e1 constru\u00eddo sobre o h\u00edperliderado de Abel Caballero. Este tipo de construci\u00f3ns cando desapareza o hiperl\u00edder adoitan acabar moi mal. Por unha pura cuesti\u00f3n biol\u00f3xica a Abel Caballero non lle queda moito tempo na primeira li\u00f1a pol\u00edtica. Cando remate a s\u00faa etapa que vai pasar no PSdeG local?<\/strong><\/p>\n\n\n\n<blockquote class=\"wp-block-quote is-layout-flow wp-block-quote-is-layout-flow\">\n<p>Non pinta ben a cousa, non. Pero eu te\u00f1o a esperanza de que se poida constru\u00edr algo serio, s\u00f3lido e solvente liderado por algu\u00e9n realmente bo, que saiba meterse dentro dos problemas reais da cidade e da cidadan\u00eda.<\/p>\n<\/blockquote>\n","protected":false},"excerpt":{"rendered":"<div class=\"mh-excerpt\"><p>\u201c \u00c1s distintas administraci\u00f3ns a educaci\u00f3n s\u00f3 lles importa en aparencia, porque en realidade acaba sendo a irm\u00e1 pobre de case todos os gobernos\u201d <a class=\"mh-excerpt-more\" href=\"https:\/\/www.anovapeneira.gal\/index.php\/2024\/04\/10\/laura-lopez-atrio-mestra-xubilada-e-exconcelleira-de-educacion-no-concello-de-vigo\/\" title=\"Laura L\u00f3pez Atrio mestra xubilada e exconcelleira de educaci\u00f3n no concello de Vigo\">[&#8230;]<\/a><\/p>\n<\/div>","protected":false},"author":3,"featured_media":11568,"comment_status":"open","ping_status":"open","sticky":false,"template":"","format":"standard","meta":{"_exactmetrics_skip_tracking":false,"_exactmetrics_sitenote_active":false,"_exactmetrics_sitenote_note":"","_exactmetrics_sitenote_category":0,"footnotes":""},"categories":[272],"tags":[227],"class_list":{"0":"post-11567","1":"post","2":"type-post","3":"status-publish","4":"format-standard","5":"has-post-thumbnail","7":"category-vigo-entrevistas","8":"tag-concello-de-vigo"},"yoast_head":"<!-- This site is optimized with the Yoast SEO plugin v27.4 - https:\/\/yoast.com\/product\/yoast-seo-wordpress\/ -->\n<title>Laura L\u00f3pez Atrio mestra xubilada e exconcelleira de educaci\u00f3n no concello de Vigo -<\/title>\n<meta name=\"robots\" content=\"index, follow, max-snippet:-1, max-image-preview:large, max-video-preview:-1\" \/>\n<link rel=\"canonical\" href=\"https:\/\/www.anovapeneira.gal\/index.php\/2024\/04\/10\/laura-lopez-atrio-mestra-xubilada-e-exconcelleira-de-educacion-no-concello-de-vigo\/\" \/>\n<meta property=\"og:locale\" content=\"gl_ES\" \/>\n<meta property=\"og:type\" content=\"article\" \/>\n<meta property=\"og:title\" content=\"Laura L\u00f3pez Atrio mestra xubilada e exconcelleira de educaci\u00f3n no concello de Vigo -\" \/>\n<meta property=\"og:description\" content=\"\u201c \u00c1s distintas administraci\u00f3ns a educaci\u00f3n s\u00f3 lles importa en aparencia, porque en realidade acaba sendo a irm\u00e1 pobre de case todos os gobernos\u201d [...]\" \/>\n<meta property=\"og:url\" content=\"https:\/\/www.anovapeneira.gal\/index.php\/2024\/04\/10\/laura-lopez-atrio-mestra-xubilada-e-exconcelleira-de-educacion-no-concello-de-vigo\/\" \/>\n<meta property=\"article:publisher\" content=\"https:\/\/www.facebook.com\/anovapeneira\" \/>\n<meta property=\"article:published_time\" content=\"2024-04-10T08:00:06+00:00\" \/>\n<meta property=\"og:image\" content=\"https:\/\/www.anovapeneira.gal\/wp-content\/uploads\/2024\/04\/laura_atrio.png\" \/>\n\t<meta property=\"og:image:width\" content=\"720\" \/>\n\t<meta property=\"og:image:height\" content=\"432\" \/>\n\t<meta property=\"og:image:type\" content=\"image\/png\" \/>\n<meta name=\"author\" content=\"Redacci\u00f3n A Nova Peneira\" \/>\n<meta name=\"twitter:card\" content=\"summary_large_image\" \/>\n<meta name=\"twitter:creator\" content=\"@APeneira\" \/>\n<meta name=\"twitter:site\" content=\"@APeneira\" \/>\n<meta name=\"twitter:label1\" content=\"Escrito por\" \/>\n\t<meta name=\"twitter:data1\" content=\"Redacci\u00f3n A Nova Peneira\" \/>\n\t<meta name=\"twitter:label2\" content=\"Tempo de lectura\" \/>\n\t<meta name=\"twitter:data2\" content=\"5 minutos\" \/>\n<script type=\"application\/ld+json\" class=\"yoast-schema-graph\">{\"@context\":\"https:\\\/\\\/schema.org\",\"@graph\":[{\"@type\":\"Article\",\"@id\":\"https:\\\/\\\/www.anovapeneira.gal\\\/index.php\\\/2024\\\/04\\\/10\\\/laura-lopez-atrio-mestra-xubilada-e-exconcelleira-de-educacion-no-concello-de-vigo\\\/#article\",\"isPartOf\":{\"@id\":\"https:\\\/\\\/www.anovapeneira.gal\\\/index.php\\\/2024\\\/04\\\/10\\\/laura-lopez-atrio-mestra-xubilada-e-exconcelleira-de-educacion-no-concello-de-vigo\\\/\"},\"author\":{\"name\":\"Redacci\u00f3n A Nova Peneira\",\"@id\":\"https:\\\/\\\/www.anovapeneira.gal\\\/#\\\/schema\\\/person\\\/b93e3f8932e3f8da96334607eb6ac6aa\"},\"headline\":\"Laura L\u00f3pez Atrio mestra xubilada e exconcelleira de educaci\u00f3n no concello de Vigo\",\"datePublished\":\"2024-04-10T08:00:06+00:00\",\"mainEntityOfPage\":{\"@id\":\"https:\\\/\\\/www.anovapeneira.gal\\\/index.php\\\/2024\\\/04\\\/10\\\/laura-lopez-atrio-mestra-xubilada-e-exconcelleira-de-educacion-no-concello-de-vigo\\\/\"},\"wordCount\":2604,\"commentCount\":0,\"publisher\":{\"@id\":\"https:\\\/\\\/www.anovapeneira.gal\\\/#organization\"},\"image\":{\"@id\":\"https:\\\/\\\/www.anovapeneira.gal\\\/index.php\\\/2024\\\/04\\\/10\\\/laura-lopez-atrio-mestra-xubilada-e-exconcelleira-de-educacion-no-concello-de-vigo\\\/#primaryimage\"},\"thumbnailUrl\":\"https:\\\/\\\/www.anovapeneira.gal\\\/wp-content\\\/uploads\\\/2024\\\/04\\\/laura_atrio.png\",\"keywords\":[\"Concello de Vigo\"],\"articleSection\":[\"Vigo\"],\"inLanguage\":\"gl-ES\",\"potentialAction\":[{\"@type\":\"CommentAction\",\"name\":\"Comment\",\"target\":[\"https:\\\/\\\/www.anovapeneira.gal\\\/index.php\\\/2024\\\/04\\\/10\\\/laura-lopez-atrio-mestra-xubilada-e-exconcelleira-de-educacion-no-concello-de-vigo\\\/#respond\"]}]},{\"@type\":\"WebPage\",\"@id\":\"https:\\\/\\\/www.anovapeneira.gal\\\/index.php\\\/2024\\\/04\\\/10\\\/laura-lopez-atrio-mestra-xubilada-e-exconcelleira-de-educacion-no-concello-de-vigo\\\/\",\"url\":\"https:\\\/\\\/www.anovapeneira.gal\\\/index.php\\\/2024\\\/04\\\/10\\\/laura-lopez-atrio-mestra-xubilada-e-exconcelleira-de-educacion-no-concello-de-vigo\\\/\",\"name\":\"Laura L\u00f3pez Atrio mestra xubilada e exconcelleira de educaci\u00f3n no concello de Vigo -\",\"isPartOf\":{\"@id\":\"https:\\\/\\\/www.anovapeneira.gal\\\/#website\"},\"primaryImageOfPage\":{\"@id\":\"https:\\\/\\\/www.anovapeneira.gal\\\/index.php\\\/2024\\\/04\\\/10\\\/laura-lopez-atrio-mestra-xubilada-e-exconcelleira-de-educacion-no-concello-de-vigo\\\/#primaryimage\"},\"image\":{\"@id\":\"https:\\\/\\\/www.anovapeneira.gal\\\/index.php\\\/2024\\\/04\\\/10\\\/laura-lopez-atrio-mestra-xubilada-e-exconcelleira-de-educacion-no-concello-de-vigo\\\/#primaryimage\"},\"thumbnailUrl\":\"https:\\\/\\\/www.anovapeneira.gal\\\/wp-content\\\/uploads\\\/2024\\\/04\\\/laura_atrio.png\",\"datePublished\":\"2024-04-10T08:00:06+00:00\",\"breadcrumb\":{\"@id\":\"https:\\\/\\\/www.anovapeneira.gal\\\/index.php\\\/2024\\\/04\\\/10\\\/laura-lopez-atrio-mestra-xubilada-e-exconcelleira-de-educacion-no-concello-de-vigo\\\/#breadcrumb\"},\"inLanguage\":\"gl-ES\",\"potentialAction\":[{\"@type\":\"ReadAction\",\"target\":[\"https:\\\/\\\/www.anovapeneira.gal\\\/index.php\\\/2024\\\/04\\\/10\\\/laura-lopez-atrio-mestra-xubilada-e-exconcelleira-de-educacion-no-concello-de-vigo\\\/\"]}]},{\"@type\":\"ImageObject\",\"inLanguage\":\"gl-ES\",\"@id\":\"https:\\\/\\\/www.anovapeneira.gal\\\/index.php\\\/2024\\\/04\\\/10\\\/laura-lopez-atrio-mestra-xubilada-e-exconcelleira-de-educacion-no-concello-de-vigo\\\/#primaryimage\",\"url\":\"https:\\\/\\\/www.anovapeneira.gal\\\/wp-content\\\/uploads\\\/2024\\\/04\\\/laura_atrio.png\",\"contentUrl\":\"https:\\\/\\\/www.anovapeneira.gal\\\/wp-content\\\/uploads\\\/2024\\\/04\\\/laura_atrio.png\",\"width\":720,\"height\":432,\"caption\":\"Laura Atrio\"},{\"@type\":\"BreadcrumbList\",\"@id\":\"https:\\\/\\\/www.anovapeneira.gal\\\/index.php\\\/2024\\\/04\\\/10\\\/laura-lopez-atrio-mestra-xubilada-e-exconcelleira-de-educacion-no-concello-de-vigo\\\/#breadcrumb\",\"itemListElement\":[{\"@type\":\"ListItem\",\"position\":1,\"name\":\"Portada\",\"item\":\"https:\\\/\\\/www.anovapeneira.gal\\\/\"},{\"@type\":\"ListItem\",\"position\":2,\"name\":\"Laura L\u00f3pez Atrio mestra xubilada e exconcelleira de educaci\u00f3n no concello de Vigo\"}]},{\"@type\":\"WebSite\",\"@id\":\"https:\\\/\\\/www.anovapeneira.gal\\\/#website\",\"url\":\"https:\\\/\\\/www.anovapeneira.gal\\\/\",\"name\":\"\",\"description\":\"Xornal galego de informaci\u00f3n xeral Publicaci\u00f3n mensual de novas de Galicia e en especial dos Concellos da sur da provincia de Pontevedra.\",\"publisher\":{\"@id\":\"https:\\\/\\\/www.anovapeneira.gal\\\/#organization\"},\"potentialAction\":[{\"@type\":\"SearchAction\",\"target\":{\"@type\":\"EntryPoint\",\"urlTemplate\":\"https:\\\/\\\/www.anovapeneira.gal\\\/?s={search_term_string}\"},\"query-input\":{\"@type\":\"PropertyValueSpecification\",\"valueRequired\":true,\"valueName\":\"search_term_string\"}}],\"inLanguage\":\"gl-ES\"},{\"@type\":\"Organization\",\"@id\":\"https:\\\/\\\/www.anovapeneira.gal\\\/#organization\",\"name\":\"A Nova Peneira\",\"url\":\"https:\\\/\\\/www.anovapeneira.gal\\\/\",\"logo\":{\"@type\":\"ImageObject\",\"inLanguage\":\"gl-ES\",\"@id\":\"https:\\\/\\\/www.anovapeneira.gal\\\/#\\\/schema\\\/logo\\\/image\\\/\",\"url\":\"http:\\\/\\\/www.anovapeneira.gal\\\/wp-content\\\/uploads\\\/2019\\\/06\\\/logo_a_nova_peneira_portal_web.png\",\"contentUrl\":\"http:\\\/\\\/www.anovapeneira.gal\\\/wp-content\\\/uploads\\\/2019\\\/06\\\/logo_a_nova_peneira_portal_web.png\",\"width\":300,\"height\":100,\"caption\":\"A Nova Peneira\"},\"image\":{\"@id\":\"https:\\\/\\\/www.anovapeneira.gal\\\/#\\\/schema\\\/logo\\\/image\\\/\"},\"sameAs\":[\"https:\\\/\\\/www.facebook.com\\\/anovapeneira\",\"https:\\\/\\\/x.com\\\/APeneira\"]},{\"@type\":\"Person\",\"@id\":\"https:\\\/\\\/www.anovapeneira.gal\\\/#\\\/schema\\\/person\\\/b93e3f8932e3f8da96334607eb6ac6aa\",\"name\":\"Redacci\u00f3n A Nova Peneira\",\"image\":{\"@type\":\"ImageObject\",\"inLanguage\":\"gl-ES\",\"@id\":\"https:\\\/\\\/secure.gravatar.com\\\/avatar\\\/c052a2551a06e23fac63626232eaa90abd78dbcf1700fc46a2b2c89fd27b735f?s=96&d=mm&r=g\",\"url\":\"https:\\\/\\\/secure.gravatar.com\\\/avatar\\\/c052a2551a06e23fac63626232eaa90abd78dbcf1700fc46a2b2c89fd27b735f?s=96&d=mm&r=g\",\"contentUrl\":\"https:\\\/\\\/secure.gravatar.com\\\/avatar\\\/c052a2551a06e23fac63626232eaa90abd78dbcf1700fc46a2b2c89fd27b735f?s=96&d=mm&r=g\",\"caption\":\"Redacci\u00f3n A Nova Peneira\"},\"sameAs\":[\"http:\\\/\\\/www.anovapeneira.gal\\\/\"],\"url\":\"https:\\\/\\\/www.anovapeneira.gal\\\/index.php\\\/author\\\/redactor\\\/\"}]}<\/script>\n<!-- \/ Yoast SEO plugin. -->","yoast_head_json":{"title":"Laura L\u00f3pez Atrio mestra xubilada e exconcelleira de educaci\u00f3n no concello de Vigo -","robots":{"index":"index","follow":"follow","max-snippet":"max-snippet:-1","max-image-preview":"max-image-preview:large","max-video-preview":"max-video-preview:-1"},"canonical":"https:\/\/www.anovapeneira.gal\/index.php\/2024\/04\/10\/laura-lopez-atrio-mestra-xubilada-e-exconcelleira-de-educacion-no-concello-de-vigo\/","og_locale":"gl_ES","og_type":"article","og_title":"Laura L\u00f3pez Atrio mestra xubilada e exconcelleira de educaci\u00f3n no concello de Vigo -","og_description":"\u201c \u00c1s distintas administraci\u00f3ns a educaci\u00f3n s\u00f3 lles importa en aparencia, porque en realidade acaba sendo a irm\u00e1 pobre de case todos os gobernos\u201d [...]","og_url":"https:\/\/www.anovapeneira.gal\/index.php\/2024\/04\/10\/laura-lopez-atrio-mestra-xubilada-e-exconcelleira-de-educacion-no-concello-de-vigo\/","article_publisher":"https:\/\/www.facebook.com\/anovapeneira","article_published_time":"2024-04-10T08:00:06+00:00","og_image":[{"width":720,"height":432,"url":"https:\/\/www.anovapeneira.gal\/wp-content\/uploads\/2024\/04\/laura_atrio.png","type":"image\/png"}],"author":"Redacci\u00f3n A Nova Peneira","twitter_card":"summary_large_image","twitter_creator":"@APeneira","twitter_site":"@APeneira","twitter_misc":{"Escrito por":"Redacci\u00f3n A Nova Peneira","Tempo de lectura":"5 minutos"},"schema":{"@context":"https:\/\/schema.org","@graph":[{"@type":"Article","@id":"https:\/\/www.anovapeneira.gal\/index.php\/2024\/04\/10\/laura-lopez-atrio-mestra-xubilada-e-exconcelleira-de-educacion-no-concello-de-vigo\/#article","isPartOf":{"@id":"https:\/\/www.anovapeneira.gal\/index.php\/2024\/04\/10\/laura-lopez-atrio-mestra-xubilada-e-exconcelleira-de-educacion-no-concello-de-vigo\/"},"author":{"name":"Redacci\u00f3n A Nova Peneira","@id":"https:\/\/www.anovapeneira.gal\/#\/schema\/person\/b93e3f8932e3f8da96334607eb6ac6aa"},"headline":"Laura L\u00f3pez Atrio mestra xubilada e exconcelleira de educaci\u00f3n no concello de Vigo","datePublished":"2024-04-10T08:00:06+00:00","mainEntityOfPage":{"@id":"https:\/\/www.anovapeneira.gal\/index.php\/2024\/04\/10\/laura-lopez-atrio-mestra-xubilada-e-exconcelleira-de-educacion-no-concello-de-vigo\/"},"wordCount":2604,"commentCount":0,"publisher":{"@id":"https:\/\/www.anovapeneira.gal\/#organization"},"image":{"@id":"https:\/\/www.anovapeneira.gal\/index.php\/2024\/04\/10\/laura-lopez-atrio-mestra-xubilada-e-exconcelleira-de-educacion-no-concello-de-vigo\/#primaryimage"},"thumbnailUrl":"https:\/\/www.anovapeneira.gal\/wp-content\/uploads\/2024\/04\/laura_atrio.png","keywords":["Concello de Vigo"],"articleSection":["Vigo"],"inLanguage":"gl-ES","potentialAction":[{"@type":"CommentAction","name":"Comment","target":["https:\/\/www.anovapeneira.gal\/index.php\/2024\/04\/10\/laura-lopez-atrio-mestra-xubilada-e-exconcelleira-de-educacion-no-concello-de-vigo\/#respond"]}]},{"@type":"WebPage","@id":"https:\/\/www.anovapeneira.gal\/index.php\/2024\/04\/10\/laura-lopez-atrio-mestra-xubilada-e-exconcelleira-de-educacion-no-concello-de-vigo\/","url":"https:\/\/www.anovapeneira.gal\/index.php\/2024\/04\/10\/laura-lopez-atrio-mestra-xubilada-e-exconcelleira-de-educacion-no-concello-de-vigo\/","name":"Laura L\u00f3pez Atrio mestra xubilada e exconcelleira de educaci\u00f3n no concello de Vigo -","isPartOf":{"@id":"https:\/\/www.anovapeneira.gal\/#website"},"primaryImageOfPage":{"@id":"https:\/\/www.anovapeneira.gal\/index.php\/2024\/04\/10\/laura-lopez-atrio-mestra-xubilada-e-exconcelleira-de-educacion-no-concello-de-vigo\/#primaryimage"},"image":{"@id":"https:\/\/www.anovapeneira.gal\/index.php\/2024\/04\/10\/laura-lopez-atrio-mestra-xubilada-e-exconcelleira-de-educacion-no-concello-de-vigo\/#primaryimage"},"thumbnailUrl":"https:\/\/www.anovapeneira.gal\/wp-content\/uploads\/2024\/04\/laura_atrio.png","datePublished":"2024-04-10T08:00:06+00:00","breadcrumb":{"@id":"https:\/\/www.anovapeneira.gal\/index.php\/2024\/04\/10\/laura-lopez-atrio-mestra-xubilada-e-exconcelleira-de-educacion-no-concello-de-vigo\/#breadcrumb"},"inLanguage":"gl-ES","potentialAction":[{"@type":"ReadAction","target":["https:\/\/www.anovapeneira.gal\/index.php\/2024\/04\/10\/laura-lopez-atrio-mestra-xubilada-e-exconcelleira-de-educacion-no-concello-de-vigo\/"]}]},{"@type":"ImageObject","inLanguage":"gl-ES","@id":"https:\/\/www.anovapeneira.gal\/index.php\/2024\/04\/10\/laura-lopez-atrio-mestra-xubilada-e-exconcelleira-de-educacion-no-concello-de-vigo\/#primaryimage","url":"https:\/\/www.anovapeneira.gal\/wp-content\/uploads\/2024\/04\/laura_atrio.png","contentUrl":"https:\/\/www.anovapeneira.gal\/wp-content\/uploads\/2024\/04\/laura_atrio.png","width":720,"height":432,"caption":"Laura Atrio"},{"@type":"BreadcrumbList","@id":"https:\/\/www.anovapeneira.gal\/index.php\/2024\/04\/10\/laura-lopez-atrio-mestra-xubilada-e-exconcelleira-de-educacion-no-concello-de-vigo\/#breadcrumb","itemListElement":[{"@type":"ListItem","position":1,"name":"Portada","item":"https:\/\/www.anovapeneira.gal\/"},{"@type":"ListItem","position":2,"name":"Laura L\u00f3pez Atrio mestra xubilada e exconcelleira de educaci\u00f3n no concello de Vigo"}]},{"@type":"WebSite","@id":"https:\/\/www.anovapeneira.gal\/#website","url":"https:\/\/www.anovapeneira.gal\/","name":"","description":"Xornal galego de informaci\u00f3n xeral Publicaci\u00f3n mensual de novas de Galicia e en especial dos Concellos da sur da provincia de Pontevedra.","publisher":{"@id":"https:\/\/www.anovapeneira.gal\/#organization"},"potentialAction":[{"@type":"SearchAction","target":{"@type":"EntryPoint","urlTemplate":"https:\/\/www.anovapeneira.gal\/?s={search_term_string}"},"query-input":{"@type":"PropertyValueSpecification","valueRequired":true,"valueName":"search_term_string"}}],"inLanguage":"gl-ES"},{"@type":"Organization","@id":"https:\/\/www.anovapeneira.gal\/#organization","name":"A Nova Peneira","url":"https:\/\/www.anovapeneira.gal\/","logo":{"@type":"ImageObject","inLanguage":"gl-ES","@id":"https:\/\/www.anovapeneira.gal\/#\/schema\/logo\/image\/","url":"http:\/\/www.anovapeneira.gal\/wp-content\/uploads\/2019\/06\/logo_a_nova_peneira_portal_web.png","contentUrl":"http:\/\/www.anovapeneira.gal\/wp-content\/uploads\/2019\/06\/logo_a_nova_peneira_portal_web.png","width":300,"height":100,"caption":"A Nova Peneira"},"image":{"@id":"https:\/\/www.anovapeneira.gal\/#\/schema\/logo\/image\/"},"sameAs":["https:\/\/www.facebook.com\/anovapeneira","https:\/\/x.com\/APeneira"]},{"@type":"Person","@id":"https:\/\/www.anovapeneira.gal\/#\/schema\/person\/b93e3f8932e3f8da96334607eb6ac6aa","name":"Redacci\u00f3n A Nova Peneira","image":{"@type":"ImageObject","inLanguage":"gl-ES","@id":"https:\/\/secure.gravatar.com\/avatar\/c052a2551a06e23fac63626232eaa90abd78dbcf1700fc46a2b2c89fd27b735f?s=96&d=mm&r=g","url":"https:\/\/secure.gravatar.com\/avatar\/c052a2551a06e23fac63626232eaa90abd78dbcf1700fc46a2b2c89fd27b735f?s=96&d=mm&r=g","contentUrl":"https:\/\/secure.gravatar.com\/avatar\/c052a2551a06e23fac63626232eaa90abd78dbcf1700fc46a2b2c89fd27b735f?s=96&d=mm&r=g","caption":"Redacci\u00f3n A Nova Peneira"},"sameAs":["http:\/\/www.anovapeneira.gal\/"],"url":"https:\/\/www.anovapeneira.gal\/index.php\/author\/redactor\/"}]}},"jetpack_featured_media_url":"https:\/\/www.anovapeneira.gal\/wp-content\/uploads\/2024\/04\/laura_atrio.png","_links":{"self":[{"href":"https:\/\/www.anovapeneira.gal\/index.php\/wp-json\/wp\/v2\/posts\/11567","targetHints":{"allow":["GET"]}}],"collection":[{"href":"https:\/\/www.anovapeneira.gal\/index.php\/wp-json\/wp\/v2\/posts"}],"about":[{"href":"https:\/\/www.anovapeneira.gal\/index.php\/wp-json\/wp\/v2\/types\/post"}],"author":[{"embeddable":true,"href":"https:\/\/www.anovapeneira.gal\/index.php\/wp-json\/wp\/v2\/users\/3"}],"replies":[{"embeddable":true,"href":"https:\/\/www.anovapeneira.gal\/index.php\/wp-json\/wp\/v2\/comments?post=11567"}],"version-history":[{"count":1,"href":"https:\/\/www.anovapeneira.gal\/index.php\/wp-json\/wp\/v2\/posts\/11567\/revisions"}],"predecessor-version":[{"id":11569,"href":"https:\/\/www.anovapeneira.gal\/index.php\/wp-json\/wp\/v2\/posts\/11567\/revisions\/11569"}],"wp:featuredmedia":[{"embeddable":true,"href":"https:\/\/www.anovapeneira.gal\/index.php\/wp-json\/wp\/v2\/media\/11568"}],"wp:attachment":[{"href":"https:\/\/www.anovapeneira.gal\/index.php\/wp-json\/wp\/v2\/media?parent=11567"}],"wp:term":[{"taxonomy":"category","embeddable":true,"href":"https:\/\/www.anovapeneira.gal\/index.php\/wp-json\/wp\/v2\/categories?post=11567"},{"taxonomy":"post_tag","embeddable":true,"href":"https:\/\/www.anovapeneira.gal\/index.php\/wp-json\/wp\/v2\/tags?post=11567"}],"curies":[{"name":"wp","href":"https:\/\/api.w.org\/{rel}","templated":true}]}}