{"id":11576,"date":"2024-04-15T10:00:22","date_gmt":"2024-04-15T08:00:22","guid":{"rendered":"https:\/\/www.anovapeneira.gal\/?p=11576"},"modified":"2024-04-04T09:34:54","modified_gmt":"2024-04-04T07:34:54","slug":"o-concello-do-porrino-trata-de-desviar-a-atencion-do-expolio-das-arcas-municipais","status":"publish","type":"post","link":"https:\/\/www.anovapeneira.gal\/index.php\/2024\/04\/15\/o-concello-do-porrino-trata-de-desviar-a-atencion-do-expolio-das-arcas-municipais\/","title":{"rendered":"O Concello do Porri\u00f1o trata de desviar a atenci\u00f3n do expolio das arcas municipais"},"content":{"rendered":"\n<h3 class=\"wp-block-heading\"><em>O PSdeG-PSOE aclara que reducir o pago aos proveedores non significa ter as contas municipais saneadas, pois a p\u00e9sima xesti\u00f3n do alcalde do Porri\u00f1o est\u00e1 a deixar d\u00e9bedas de 3M\u20ac en intereses eludindo as recomendaci\u00f3ns de Intervenci\u00f3n de reservar 6M\u20ac para solventar a d\u00e9beda da auga con Vigo<\/em><\/h3>\n\n\n\n<p><strong>O Porri\u00f1o, 3 de abril de 2024<\/strong><\/p>\n\n\n\n<p>Os socialistas do Porri\u00f1o vense na obriga de aclarar os datos remitidos polo Goberno Local do PP, tras o env\u00edo dunha nota de prensa aos medios na que pretende agochar a s\u00faa incompetencia.<\/p>\n\n\n\n<p>O alcalde do Porri\u00f1o, Alejandro Lorenzo e o seu equipo do Partido Popular do Porri\u00f1o lanza ao aire cifras, previsiblemente satisfactorias, sobre o per\u00edodo medio de pagamento a provedores. Namentres, tras analizar polo miudo a situaci\u00f3n, \u00e9 evidente que estes c\u00e1lculos non reflicten unha xesti\u00f3n eficiente, sen\u00f3n m\u00e1is ben un intento desesperado por ocultar a verdade.<\/p>\n\n\n\n<p>A realidade \u00e9 que a diminuci\u00f3n do per\u00edodo medio de pagamento a 42 d\u00edas, non \u00e9 resultado dunha xesti\u00f3n competente, claramente son o resultado dunha acci\u00f3n externa: o goberno espa\u00f1ol finalmente asumiu a responsabilidade de saldar as facturas que, o alcalde na s\u00faa etapa de oposici\u00f3n, obstaculizaba e neg\u00e1base ao seu abono bloqueando de seguido o seu pago.<\/p>\n\n\n\n<p>Esta medida, a\u00ednda que aparentemente favorable, sup\u00f3n unha carga adicional para o Concello de Porri\u00f1o e os seus cidad\u00e1ns, que agora vense obrigados a reembolsar ao Ministerio de Facenda o importe adeudado en facturas de 3M\u20ac, m\u00e1is un mill\u00f3n de euros m\u00e1is en intereses.<\/p>\n\n\n\n<p>Para comprender a verdadeira natureza da situaci\u00f3n, hai que subli\u00f1ar, que estes fondos nunca chegaron aos provedores a trav\u00e9s do Concello de Porri\u00f1o, sen\u00f3n que foron desembolsados directamente polo Ministerio de Facenda.<\/p>\n\n\n\n<p>Resulta moi decepcionante comprobar como o alcalde e o seu equipo tentan enganar aos cidad\u00e1ns con cifras maquilladas, mentres a realidade econ\u00f3mica do Concello esf\u00famase rapidamente xa que fulminou os 13M\u20ac existentes nas arcas municipais, salt\u00e1ndose as recomendaci\u00f3ns do interventor de reservar 6M\u20ac para pagar a d\u00e9beda con Vigo.<\/p>\n\n\n\n<p>Dende o PSdeG-PSOE do Porri\u00f1o exiximos unha maior transparencia e responsabilidade por parte do goberno municipal, pois semella que se esquecen desta en demasiadas ocasi\u00f3ns.<\/p>\n","protected":false},"excerpt":{"rendered":"<div class=\"mh-excerpt\"><p>O PSdeG-PSOE aclara que reducir o pago aos proveedores non significa ter as contas municipais saneadas, pois a p\u00e9sima xesti\u00f3n do alcalde do Porri\u00f1o est\u00e1 a deixar d\u00e9bedas de 3M\u20ac en intereses eludindo as recomendaci\u00f3ns de Intervenci\u00f3n de reservar 6M\u20ac para solventar a d\u00e9beda da auga con Vigo <a class=\"mh-excerpt-more\" href=\"https:\/\/www.anovapeneira.gal\/index.php\/2024\/04\/15\/o-concello-do-porrino-trata-de-desviar-a-atencion-do-expolio-das-arcas-municipais\/\" title=\"O Concello do Porri\u00f1o trata de desviar a atenci\u00f3n do expolio das arcas municipais\">[&#8230;]<\/a><\/p>\n<\/div>","protected":false},"author":3,"featured_media":11577,"comment_status":"open","ping_status":"open","sticky":false,"template":"","format":"standard","meta":{"_exactmetrics_skip_tracking":false,"_exactmetrics_sitenote_active":false,"_exactmetrics_sitenote_note":"","_exactmetrics_sitenote_category":0,"footnotes":""},"categories":[23],"tags":[411],"class_list":{"0":"post-11576","1":"post","2":"type-post","3":"status-publish","4":"format-standard","5":"has-post-thumbnail","7":"category-a-lourina","8":"tag-concello-do-porrino"},"yoast_head":"<!-- This site is optimized with the Yoast SEO plugin v27.4 - https:\/\/yoast.com\/product\/yoast-seo-wordpress\/ -->\n<title>O Concello do Porri\u00f1o trata de desviar a atenci\u00f3n do expolio das arcas municipais -<\/title>\n<meta name=\"robots\" content=\"index, follow, max-snippet:-1, max-image-preview:large, max-video-preview:-1\" \/>\n<link rel=\"canonical\" href=\"https:\/\/www.anovapeneira.gal\/index.php\/2024\/04\/15\/o-concello-do-porrino-trata-de-desviar-a-atencion-do-expolio-das-arcas-municipais\/\" \/>\n<meta property=\"og:locale\" content=\"gl_ES\" \/>\n<meta property=\"og:type\" content=\"article\" \/>\n<meta property=\"og:title\" content=\"O Concello do Porri\u00f1o trata de desviar a atenci\u00f3n do expolio das arcas municipais -\" \/>\n<meta property=\"og:description\" content=\"O PSdeG-PSOE aclara que reducir o pago aos proveedores non significa ter as contas municipais saneadas, pois a p\u00e9sima xesti\u00f3n do alcalde do Porri\u00f1o est\u00e1 a deixar d\u00e9bedas de 3M\u20ac en intereses eludindo as recomendaci\u00f3ns de Intervenci\u00f3n de reservar 6M\u20ac para solventar a d\u00e9beda da auga con Vigo [...]\" \/>\n<meta property=\"og:url\" content=\"https:\/\/www.anovapeneira.gal\/index.php\/2024\/04\/15\/o-concello-do-porrino-trata-de-desviar-a-atencion-do-expolio-das-arcas-municipais\/\" \/>\n<meta property=\"article:publisher\" content=\"https:\/\/www.facebook.com\/anovapeneira\" \/>\n<meta property=\"article:published_time\" content=\"2024-04-15T08:00:22+00:00\" \/>\n<meta property=\"og:image\" content=\"https:\/\/www.anovapeneira.gal\/wp-content\/uploads\/2024\/04\/psdeg_psoe_porrino.png\" \/>\n\t<meta property=\"og:image:width\" content=\"720\" \/>\n\t<meta property=\"og:image:height\" content=\"432\" \/>\n\t<meta property=\"og:image:type\" content=\"image\/png\" \/>\n<meta name=\"author\" content=\"Redacci\u00f3n A Nova Peneira\" \/>\n<meta name=\"twitter:card\" content=\"summary_large_image\" \/>\n<meta name=\"twitter:creator\" content=\"@APeneira\" \/>\n<meta name=\"twitter:site\" content=\"@APeneira\" \/>\n<meta name=\"twitter:label1\" content=\"Escrito por\" \/>\n\t<meta name=\"twitter:data1\" content=\"Redacci\u00f3n A Nova Peneira\" \/>\n\t<meta name=\"twitter:label2\" content=\"Tempo de lectura\" \/>\n\t<meta name=\"twitter:data2\" content=\"3 minutos\" \/>\n<script type=\"application\/ld+json\" class=\"yoast-schema-graph\">{\"@context\":\"https:\\\/\\\/schema.org\",\"@graph\":[{\"@type\":\"Article\",\"@id\":\"https:\\\/\\\/www.anovapeneira.gal\\\/index.php\\\/2024\\\/04\\\/15\\\/o-concello-do-porrino-trata-de-desviar-a-atencion-do-expolio-das-arcas-municipais\\\/#article\",\"isPartOf\":{\"@id\":\"https:\\\/\\\/www.anovapeneira.gal\\\/index.php\\\/2024\\\/04\\\/15\\\/o-concello-do-porrino-trata-de-desviar-a-atencion-do-expolio-das-arcas-municipais\\\/\"},\"author\":{\"name\":\"Redacci\u00f3n A Nova Peneira\",\"@id\":\"https:\\\/\\\/www.anovapeneira.gal\\\/#\\\/schema\\\/person\\\/b93e3f8932e3f8da96334607eb6ac6aa\"},\"headline\":\"O Concello do Porri\u00f1o trata de desviar a atenci\u00f3n do expolio das arcas municipais\",\"datePublished\":\"2024-04-15T08:00:22+00:00\",\"mainEntityOfPage\":{\"@id\":\"https:\\\/\\\/www.anovapeneira.gal\\\/index.php\\\/2024\\\/04\\\/15\\\/o-concello-do-porrino-trata-de-desviar-a-atencion-do-expolio-das-arcas-municipais\\\/\"},\"wordCount\":410,\"commentCount\":0,\"publisher\":{\"@id\":\"https:\\\/\\\/www.anovapeneira.gal\\\/#organization\"},\"image\":{\"@id\":\"https:\\\/\\\/www.anovapeneira.gal\\\/index.php\\\/2024\\\/04\\\/15\\\/o-concello-do-porrino-trata-de-desviar-a-atencion-do-expolio-das-arcas-municipais\\\/#primaryimage\"},\"thumbnailUrl\":\"https:\\\/\\\/www.anovapeneira.gal\\\/wp-content\\\/uploads\\\/2024\\\/04\\\/psdeg_psoe_porrino.png\",\"keywords\":[\"Concello do Porri\u00f1o\"],\"articleSection\":[\"A Louri\u00f1a\"],\"inLanguage\":\"gl-ES\",\"potentialAction\":[{\"@type\":\"CommentAction\",\"name\":\"Comment\",\"target\":[\"https:\\\/\\\/www.anovapeneira.gal\\\/index.php\\\/2024\\\/04\\\/15\\\/o-concello-do-porrino-trata-de-desviar-a-atencion-do-expolio-das-arcas-municipais\\\/#respond\"]}]},{\"@type\":\"WebPage\",\"@id\":\"https:\\\/\\\/www.anovapeneira.gal\\\/index.php\\\/2024\\\/04\\\/15\\\/o-concello-do-porrino-trata-de-desviar-a-atencion-do-expolio-das-arcas-municipais\\\/\",\"url\":\"https:\\\/\\\/www.anovapeneira.gal\\\/index.php\\\/2024\\\/04\\\/15\\\/o-concello-do-porrino-trata-de-desviar-a-atencion-do-expolio-das-arcas-municipais\\\/\",\"name\":\"O Concello do Porri\u00f1o trata de desviar a atenci\u00f3n do expolio das arcas municipais -\",\"isPartOf\":{\"@id\":\"https:\\\/\\\/www.anovapeneira.gal\\\/#website\"},\"primaryImageOfPage\":{\"@id\":\"https:\\\/\\\/www.anovapeneira.gal\\\/index.php\\\/2024\\\/04\\\/15\\\/o-concello-do-porrino-trata-de-desviar-a-atencion-do-expolio-das-arcas-municipais\\\/#primaryimage\"},\"image\":{\"@id\":\"https:\\\/\\\/www.anovapeneira.gal\\\/index.php\\\/2024\\\/04\\\/15\\\/o-concello-do-porrino-trata-de-desviar-a-atencion-do-expolio-das-arcas-municipais\\\/#primaryimage\"},\"thumbnailUrl\":\"https:\\\/\\\/www.anovapeneira.gal\\\/wp-content\\\/uploads\\\/2024\\\/04\\\/psdeg_psoe_porrino.png\",\"datePublished\":\"2024-04-15T08:00:22+00:00\",\"breadcrumb\":{\"@id\":\"https:\\\/\\\/www.anovapeneira.gal\\\/index.php\\\/2024\\\/04\\\/15\\\/o-concello-do-porrino-trata-de-desviar-a-atencion-do-expolio-das-arcas-municipais\\\/#breadcrumb\"},\"inLanguage\":\"gl-ES\",\"potentialAction\":[{\"@type\":\"ReadAction\",\"target\":[\"https:\\\/\\\/www.anovapeneira.gal\\\/index.php\\\/2024\\\/04\\\/15\\\/o-concello-do-porrino-trata-de-desviar-a-atencion-do-expolio-das-arcas-municipais\\\/\"]}]},{\"@type\":\"ImageObject\",\"inLanguage\":\"gl-ES\",\"@id\":\"https:\\\/\\\/www.anovapeneira.gal\\\/index.php\\\/2024\\\/04\\\/15\\\/o-concello-do-porrino-trata-de-desviar-a-atencion-do-expolio-das-arcas-municipais\\\/#primaryimage\",\"url\":\"https:\\\/\\\/www.anovapeneira.gal\\\/wp-content\\\/uploads\\\/2024\\\/04\\\/psdeg_psoe_porrino.png\",\"contentUrl\":\"https:\\\/\\\/www.anovapeneira.gal\\\/wp-content\\\/uploads\\\/2024\\\/04\\\/psdeg_psoe_porrino.png\",\"width\":720,\"height\":432,\"caption\":\"PsdeG PSOE Porri\u00f1o\"},{\"@type\":\"BreadcrumbList\",\"@id\":\"https:\\\/\\\/www.anovapeneira.gal\\\/index.php\\\/2024\\\/04\\\/15\\\/o-concello-do-porrino-trata-de-desviar-a-atencion-do-expolio-das-arcas-municipais\\\/#breadcrumb\",\"itemListElement\":[{\"@type\":\"ListItem\",\"position\":1,\"name\":\"Portada\",\"item\":\"https:\\\/\\\/www.anovapeneira.gal\\\/\"},{\"@type\":\"ListItem\",\"position\":2,\"name\":\"O Concello do Porri\u00f1o trata de desviar a atenci\u00f3n do expolio das arcas municipais\"}]},{\"@type\":\"WebSite\",\"@id\":\"https:\\\/\\\/www.anovapeneira.gal\\\/#website\",\"url\":\"https:\\\/\\\/www.anovapeneira.gal\\\/\",\"name\":\"\",\"description\":\"Xornal galego de informaci\u00f3n xeral Publicaci\u00f3n mensual de novas de Galicia e en especial dos Concellos da sur da provincia de Pontevedra.\",\"publisher\":{\"@id\":\"https:\\\/\\\/www.anovapeneira.gal\\\/#organization\"},\"potentialAction\":[{\"@type\":\"SearchAction\",\"target\":{\"@type\":\"EntryPoint\",\"urlTemplate\":\"https:\\\/\\\/www.anovapeneira.gal\\\/?s={search_term_string}\"},\"query-input\":{\"@type\":\"PropertyValueSpecification\",\"valueRequired\":true,\"valueName\":\"search_term_string\"}}],\"inLanguage\":\"gl-ES\"},{\"@type\":\"Organization\",\"@id\":\"https:\\\/\\\/www.anovapeneira.gal\\\/#organization\",\"name\":\"A Nova Peneira\",\"url\":\"https:\\\/\\\/www.anovapeneira.gal\\\/\",\"logo\":{\"@type\":\"ImageObject\",\"inLanguage\":\"gl-ES\",\"@id\":\"https:\\\/\\\/www.anovapeneira.gal\\\/#\\\/schema\\\/logo\\\/image\\\/\",\"url\":\"http:\\\/\\\/www.anovapeneira.gal\\\/wp-content\\\/uploads\\\/2019\\\/06\\\/logo_a_nova_peneira_portal_web.png\",\"contentUrl\":\"http:\\\/\\\/www.anovapeneira.gal\\\/wp-content\\\/uploads\\\/2019\\\/06\\\/logo_a_nova_peneira_portal_web.png\",\"width\":300,\"height\":100,\"caption\":\"A Nova Peneira\"},\"image\":{\"@id\":\"https:\\\/\\\/www.anovapeneira.gal\\\/#\\\/schema\\\/logo\\\/image\\\/\"},\"sameAs\":[\"https:\\\/\\\/www.facebook.com\\\/anovapeneira\",\"https:\\\/\\\/x.com\\\/APeneira\"]},{\"@type\":\"Person\",\"@id\":\"https:\\\/\\\/www.anovapeneira.gal\\\/#\\\/schema\\\/person\\\/b93e3f8932e3f8da96334607eb6ac6aa\",\"name\":\"Redacci\u00f3n A Nova Peneira\",\"image\":{\"@type\":\"ImageObject\",\"inLanguage\":\"gl-ES\",\"@id\":\"https:\\\/\\\/secure.gravatar.com\\\/avatar\\\/c052a2551a06e23fac63626232eaa90abd78dbcf1700fc46a2b2c89fd27b735f?s=96&d=mm&r=g\",\"url\":\"https:\\\/\\\/secure.gravatar.com\\\/avatar\\\/c052a2551a06e23fac63626232eaa90abd78dbcf1700fc46a2b2c89fd27b735f?s=96&d=mm&r=g\",\"contentUrl\":\"https:\\\/\\\/secure.gravatar.com\\\/avatar\\\/c052a2551a06e23fac63626232eaa90abd78dbcf1700fc46a2b2c89fd27b735f?s=96&d=mm&r=g\",\"caption\":\"Redacci\u00f3n A Nova Peneira\"},\"sameAs\":[\"http:\\\/\\\/www.anovapeneira.gal\\\/\"],\"url\":\"https:\\\/\\\/www.anovapeneira.gal\\\/index.php\\\/author\\\/redactor\\\/\"}]}<\/script>\n<!-- \/ Yoast SEO plugin. -->","yoast_head_json":{"title":"O Concello do Porri\u00f1o trata de desviar a atenci\u00f3n do expolio das arcas municipais -","robots":{"index":"index","follow":"follow","max-snippet":"max-snippet:-1","max-image-preview":"max-image-preview:large","max-video-preview":"max-video-preview:-1"},"canonical":"https:\/\/www.anovapeneira.gal\/index.php\/2024\/04\/15\/o-concello-do-porrino-trata-de-desviar-a-atencion-do-expolio-das-arcas-municipais\/","og_locale":"gl_ES","og_type":"article","og_title":"O Concello do Porri\u00f1o trata de desviar a atenci\u00f3n do expolio das arcas municipais -","og_description":"O PSdeG-PSOE aclara que reducir o pago aos proveedores non significa ter as contas municipais saneadas, pois a p\u00e9sima xesti\u00f3n do alcalde do Porri\u00f1o est\u00e1 a deixar d\u00e9bedas de 3M\u20ac en intereses eludindo as recomendaci\u00f3ns de Intervenci\u00f3n de reservar 6M\u20ac para solventar a d\u00e9beda da auga con Vigo [...]","og_url":"https:\/\/www.anovapeneira.gal\/index.php\/2024\/04\/15\/o-concello-do-porrino-trata-de-desviar-a-atencion-do-expolio-das-arcas-municipais\/","article_publisher":"https:\/\/www.facebook.com\/anovapeneira","article_published_time":"2024-04-15T08:00:22+00:00","og_image":[{"width":720,"height":432,"url":"https:\/\/www.anovapeneira.gal\/wp-content\/uploads\/2024\/04\/psdeg_psoe_porrino.png","type":"image\/png"}],"author":"Redacci\u00f3n A Nova Peneira","twitter_card":"summary_large_image","twitter_creator":"@APeneira","twitter_site":"@APeneira","twitter_misc":{"Escrito por":"Redacci\u00f3n A Nova Peneira","Tempo de lectura":"3 minutos"},"schema":{"@context":"https:\/\/schema.org","@graph":[{"@type":"Article","@id":"https:\/\/www.anovapeneira.gal\/index.php\/2024\/04\/15\/o-concello-do-porrino-trata-de-desviar-a-atencion-do-expolio-das-arcas-municipais\/#article","isPartOf":{"@id":"https:\/\/www.anovapeneira.gal\/index.php\/2024\/04\/15\/o-concello-do-porrino-trata-de-desviar-a-atencion-do-expolio-das-arcas-municipais\/"},"author":{"name":"Redacci\u00f3n A Nova Peneira","@id":"https:\/\/www.anovapeneira.gal\/#\/schema\/person\/b93e3f8932e3f8da96334607eb6ac6aa"},"headline":"O Concello do Porri\u00f1o trata de desviar a atenci\u00f3n do expolio das arcas municipais","datePublished":"2024-04-15T08:00:22+00:00","mainEntityOfPage":{"@id":"https:\/\/www.anovapeneira.gal\/index.php\/2024\/04\/15\/o-concello-do-porrino-trata-de-desviar-a-atencion-do-expolio-das-arcas-municipais\/"},"wordCount":410,"commentCount":0,"publisher":{"@id":"https:\/\/www.anovapeneira.gal\/#organization"},"image":{"@id":"https:\/\/www.anovapeneira.gal\/index.php\/2024\/04\/15\/o-concello-do-porrino-trata-de-desviar-a-atencion-do-expolio-das-arcas-municipais\/#primaryimage"},"thumbnailUrl":"https:\/\/www.anovapeneira.gal\/wp-content\/uploads\/2024\/04\/psdeg_psoe_porrino.png","keywords":["Concello do Porri\u00f1o"],"articleSection":["A Louri\u00f1a"],"inLanguage":"gl-ES","potentialAction":[{"@type":"CommentAction","name":"Comment","target":["https:\/\/www.anovapeneira.gal\/index.php\/2024\/04\/15\/o-concello-do-porrino-trata-de-desviar-a-atencion-do-expolio-das-arcas-municipais\/#respond"]}]},{"@type":"WebPage","@id":"https:\/\/www.anovapeneira.gal\/index.php\/2024\/04\/15\/o-concello-do-porrino-trata-de-desviar-a-atencion-do-expolio-das-arcas-municipais\/","url":"https:\/\/www.anovapeneira.gal\/index.php\/2024\/04\/15\/o-concello-do-porrino-trata-de-desviar-a-atencion-do-expolio-das-arcas-municipais\/","name":"O Concello do Porri\u00f1o trata de desviar a atenci\u00f3n do expolio das arcas municipais -","isPartOf":{"@id":"https:\/\/www.anovapeneira.gal\/#website"},"primaryImageOfPage":{"@id":"https:\/\/www.anovapeneira.gal\/index.php\/2024\/04\/15\/o-concello-do-porrino-trata-de-desviar-a-atencion-do-expolio-das-arcas-municipais\/#primaryimage"},"image":{"@id":"https:\/\/www.anovapeneira.gal\/index.php\/2024\/04\/15\/o-concello-do-porrino-trata-de-desviar-a-atencion-do-expolio-das-arcas-municipais\/#primaryimage"},"thumbnailUrl":"https:\/\/www.anovapeneira.gal\/wp-content\/uploads\/2024\/04\/psdeg_psoe_porrino.png","datePublished":"2024-04-15T08:00:22+00:00","breadcrumb":{"@id":"https:\/\/www.anovapeneira.gal\/index.php\/2024\/04\/15\/o-concello-do-porrino-trata-de-desviar-a-atencion-do-expolio-das-arcas-municipais\/#breadcrumb"},"inLanguage":"gl-ES","potentialAction":[{"@type":"ReadAction","target":["https:\/\/www.anovapeneira.gal\/index.php\/2024\/04\/15\/o-concello-do-porrino-trata-de-desviar-a-atencion-do-expolio-das-arcas-municipais\/"]}]},{"@type":"ImageObject","inLanguage":"gl-ES","@id":"https:\/\/www.anovapeneira.gal\/index.php\/2024\/04\/15\/o-concello-do-porrino-trata-de-desviar-a-atencion-do-expolio-das-arcas-municipais\/#primaryimage","url":"https:\/\/www.anovapeneira.gal\/wp-content\/uploads\/2024\/04\/psdeg_psoe_porrino.png","contentUrl":"https:\/\/www.anovapeneira.gal\/wp-content\/uploads\/2024\/04\/psdeg_psoe_porrino.png","width":720,"height":432,"caption":"PsdeG PSOE Porri\u00f1o"},{"@type":"BreadcrumbList","@id":"https:\/\/www.anovapeneira.gal\/index.php\/2024\/04\/15\/o-concello-do-porrino-trata-de-desviar-a-atencion-do-expolio-das-arcas-municipais\/#breadcrumb","itemListElement":[{"@type":"ListItem","position":1,"name":"Portada","item":"https:\/\/www.anovapeneira.gal\/"},{"@type":"ListItem","position":2,"name":"O Concello do Porri\u00f1o trata de desviar a atenci\u00f3n do expolio das arcas municipais"}]},{"@type":"WebSite","@id":"https:\/\/www.anovapeneira.gal\/#website","url":"https:\/\/www.anovapeneira.gal\/","name":"","description":"Xornal galego de informaci\u00f3n xeral Publicaci\u00f3n mensual de novas de Galicia e en especial dos Concellos da sur da provincia de Pontevedra.","publisher":{"@id":"https:\/\/www.anovapeneira.gal\/#organization"},"potentialAction":[{"@type":"SearchAction","target":{"@type":"EntryPoint","urlTemplate":"https:\/\/www.anovapeneira.gal\/?s={search_term_string}"},"query-input":{"@type":"PropertyValueSpecification","valueRequired":true,"valueName":"search_term_string"}}],"inLanguage":"gl-ES"},{"@type":"Organization","@id":"https:\/\/www.anovapeneira.gal\/#organization","name":"A Nova Peneira","url":"https:\/\/www.anovapeneira.gal\/","logo":{"@type":"ImageObject","inLanguage":"gl-ES","@id":"https:\/\/www.anovapeneira.gal\/#\/schema\/logo\/image\/","url":"http:\/\/www.anovapeneira.gal\/wp-content\/uploads\/2019\/06\/logo_a_nova_peneira_portal_web.png","contentUrl":"http:\/\/www.anovapeneira.gal\/wp-content\/uploads\/2019\/06\/logo_a_nova_peneira_portal_web.png","width":300,"height":100,"caption":"A Nova Peneira"},"image":{"@id":"https:\/\/www.anovapeneira.gal\/#\/schema\/logo\/image\/"},"sameAs":["https:\/\/www.facebook.com\/anovapeneira","https:\/\/x.com\/APeneira"]},{"@type":"Person","@id":"https:\/\/www.anovapeneira.gal\/#\/schema\/person\/b93e3f8932e3f8da96334607eb6ac6aa","name":"Redacci\u00f3n A Nova Peneira","image":{"@type":"ImageObject","inLanguage":"gl-ES","@id":"https:\/\/secure.gravatar.com\/avatar\/c052a2551a06e23fac63626232eaa90abd78dbcf1700fc46a2b2c89fd27b735f?s=96&d=mm&r=g","url":"https:\/\/secure.gravatar.com\/avatar\/c052a2551a06e23fac63626232eaa90abd78dbcf1700fc46a2b2c89fd27b735f?s=96&d=mm&r=g","contentUrl":"https:\/\/secure.gravatar.com\/avatar\/c052a2551a06e23fac63626232eaa90abd78dbcf1700fc46a2b2c89fd27b735f?s=96&d=mm&r=g","caption":"Redacci\u00f3n A Nova Peneira"},"sameAs":["http:\/\/www.anovapeneira.gal\/"],"url":"https:\/\/www.anovapeneira.gal\/index.php\/author\/redactor\/"}]}},"jetpack_featured_media_url":"https:\/\/www.anovapeneira.gal\/wp-content\/uploads\/2024\/04\/psdeg_psoe_porrino.png","_links":{"self":[{"href":"https:\/\/www.anovapeneira.gal\/index.php\/wp-json\/wp\/v2\/posts\/11576","targetHints":{"allow":["GET"]}}],"collection":[{"href":"https:\/\/www.anovapeneira.gal\/index.php\/wp-json\/wp\/v2\/posts"}],"about":[{"href":"https:\/\/www.anovapeneira.gal\/index.php\/wp-json\/wp\/v2\/types\/post"}],"author":[{"embeddable":true,"href":"https:\/\/www.anovapeneira.gal\/index.php\/wp-json\/wp\/v2\/users\/3"}],"replies":[{"embeddable":true,"href":"https:\/\/www.anovapeneira.gal\/index.php\/wp-json\/wp\/v2\/comments?post=11576"}],"version-history":[{"count":1,"href":"https:\/\/www.anovapeneira.gal\/index.php\/wp-json\/wp\/v2\/posts\/11576\/revisions"}],"predecessor-version":[{"id":11578,"href":"https:\/\/www.anovapeneira.gal\/index.php\/wp-json\/wp\/v2\/posts\/11576\/revisions\/11578"}],"wp:featuredmedia":[{"embeddable":true,"href":"https:\/\/www.anovapeneira.gal\/index.php\/wp-json\/wp\/v2\/media\/11577"}],"wp:attachment":[{"href":"https:\/\/www.anovapeneira.gal\/index.php\/wp-json\/wp\/v2\/media?parent=11576"}],"wp:term":[{"taxonomy":"category","embeddable":true,"href":"https:\/\/www.anovapeneira.gal\/index.php\/wp-json\/wp\/v2\/categories?post=11576"},{"taxonomy":"post_tag","embeddable":true,"href":"https:\/\/www.anovapeneira.gal\/index.php\/wp-json\/wp\/v2\/tags?post=11576"}],"curies":[{"name":"wp","href":"https:\/\/api.w.org\/{rel}","templated":true}]}}