{"id":11592,"date":"2024-04-15T12:00:49","date_gmt":"2024-04-15T10:00:49","guid":{"rendered":"https:\/\/www.anovapeneira.gal\/?p=11592"},"modified":"2024-04-15T10:14:03","modified_gmt":"2024-04-15T08:14:03","slug":"solicitan-aos-concellos-da-ribeira-do-ulla-unha-declaracion-dos-dereitos-do-rio","status":"publish","type":"post","link":"https:\/\/www.anovapeneira.gal\/index.php\/2024\/04\/15\/solicitan-aos-concellos-da-ribeira-do-ulla-unha-declaracion-dos-dereitos-do-rio\/","title":{"rendered":"Solicitan aos concellos da ribeira do Ulla unha declaraci\u00f3n dos dereitos do r\u00edo"},"content":{"rendered":"\n<h2 class=\"wp-block-heading\">Amigas da Terra, Ecoloxistas en Acci\u00f3n e Greenpeace solicitan aosn concellos da ribeira do r\u00edo Ulla que presenten nos seus plenos municipais unha declaraci\u00f3n institucional dos \u201cdereitos do r\u00edo Ulla e dos compromisos da s\u00faa comunidade ribeir\u00e1\u201d.<\/h2>\n\n\n\n<h4 class=\"wp-block-heading\">Con esta declaraci\u00f3n as organizaci\u00f3ns ecoloxistas pretenden avanzar na protecci\u00f3n ambiental do Ulla, un r\u00edo que abastece de auga a numerosos concellos ribere\u00f1os e que \u00e9 refuxio natural para aves e multitude de especies ligadas aos ecosistemas acu\u00e1ticos<\/h4>\n\n\n\n<p><strong>Galicia, m\u00e9rcores 3 de abril de 2024<\/strong><\/p>\n\n\n\n<p>Para manter vivo o r\u00edo Ulla e defendelo das constantes agresi\u00f3ns ambientais e ameazas de proxectos contaminantes, Amigas da Terra, Ecoloxistas en Acci\u00f3n e Greenpeace ve\u00f1en de solicitar aos concellos da ribeira do Ulla que presenten para a aprobaci\u00f3n nos seus plenos municipais unha \u201cDeclaraci\u00f3n institucional dos dereitos do r\u00edo Ulla e dos compromisos da s\u00faa comunidade ribeir\u00e1&#8221;. As organizaci\u00f3ns ecoloxistas sinalan que ob r\u00edo Ulla debe ter dereito \u00e1 protecci\u00f3n, conservaci\u00f3n e restauraci\u00f3n dos seus ecosistemas, mediante osb instrumentos de planificaci\u00f3n e ordenaci\u00f3n do territorio dispo\u00f1\u00edbeis, para continuar dando vida e benestar \u00e1s comunidades humanas e non-humanas que vertebra e acolle. Na \u00faltima d\u00e9cada ten ga\u00f1ado moito peso o reco\u00f1ecemento dos dereitos da natureza, establecendo dereitos intr\u00ednsecos asociados a diversos ecosistemas. M\u00e1is de trinta pa\u00edses te\u00f1en adoptado instrumentos lexislativos para o seu reco\u00f1ecemento, en moitos casos referidos a cursos fluviais como o r\u00edo Whanganui en Nova Zelandia, o r\u00edo Ganxes na India, o r\u00edo Buriganga en Bangladesh ou o r\u00edo Atrato en Colombia. No caso do Estado espa\u00f1ol, a Lei 19\/2022, do 30 de setembro, para o reco\u00f1ecemento de personalidade xur\u00eddica \u00e1 lagoa do Mar Menor e a s\u00faa conca, reco\u00f1eceu por primeira vez en Europa un ecosistema como suxeito de dereitos e non s\u00f3 obxecto de protecci\u00f3n do ordenamento xur\u00eddico. Recentemente foi en Galiza o Concello de Outes quen realizou unha declaraci\u00f3n institucional dos dereitos do r\u00edo Tins, o primeiro curso fluvial con dereitos no estado espa\u00f1ol. As ONGs ambientalistas afirman que o Ulla \u00e9 un dos r\u00edos m\u00e1is importantes e mellor conservados de Galicia, sendo un elemento vertebrador do territorio de tres das catro provincias galegas e configurador da paisaxe. \u00c1 importancia hist\u00f3rica dos usos tradicionaisb de rega, abastecemento, moenda e pesca s\u00famase a s\u00faa importancia contempor\u00e1nea para o lecer, celebraci\u00f3n e deporte, as\u00ed como para cami\u00f1ar cara a unha explotaci\u00f3n sustent\u00e1bel dos recursos non s\u00f3 nas comarcas do interior, sen\u00f3n tam\u00e9n na r\u00eda de Arousa. Igualmente, salientan que o r\u00edo Ulla e os seus bosques de ribeira asociados son un refuxio natural para aves e multitude de especies acu\u00e1ticas, moitas de interese comunitario, inclu\u00edndo especies ameazadas que te\u00f1en nel un h\u00e1bitat insustitu\u00edbel e fundamental para manter o equilibrio ecol\u00f3xico do pa\u00eds. Ademais, as entidades ecoloxistas alertan das continuas ameazas que a ribeira do r\u00edo e as s\u00faas aguas sofren decot\u00edo, que orixinan o deterioro e a perda da s\u00faa integridade ecol\u00f3xica por mor do incremento de elementos industriais descontrolados, verteduras sen supervisi\u00f3n e operaci\u00f3ns de acaparamento de terras e auga con criterios exclusivamente de beneficio econ\u00f3mico-empresarial. As organizaci\u00f3ns denuncian tam\u00e9n a substituci\u00f3n continua de bosque de ribeira por grandes superficies ga\u00f1adas polos eucaliptos e o incremento de industrias intensivas en detrimento das extensivas que distrib\u00faen a riqueza, a diversifican e son moito m\u00e1is respectuosas co medio. A importancia que o r\u00edo Ulla ten para as comunidades ribeir\u00e1s e para o conxunto da cidadan\u00eda galega xustifica o interese e participaci\u00f3n en proxectos que procuren a s\u00faa conservaci\u00f3n, que motivan a iniciativa cidad\u00e1 para pedir nunha declaraci\u00f3n institucional tanto o reco\u00f1ecemento de dereitos do r\u00edo Ulla como ecosistema vivo, como os compromisos que asume a propia comunidade ribeir\u00e1 e as s\u00faas instituci\u00f3ns para velar pola preservaci\u00f3n dos mesmos. <\/p>\n","protected":false},"excerpt":{"rendered":"<div class=\"mh-excerpt\"><p>Amigas da Terra, Ecoloxistas en Acci\u00f3n e Greenpeace solicitan aosn concellos da ribeira do r\u00edo Ulla que presenten nos seus plenos municipais unha declaraci\u00f3n institucional dos \u201cdereitos do r\u00edo Ulla e dos compromisos da s\u00faa comunidade ribeir\u00e1\u201d. <a class=\"mh-excerpt-more\" href=\"https:\/\/www.anovapeneira.gal\/index.php\/2024\/04\/15\/solicitan-aos-concellos-da-ribeira-do-ulla-unha-declaracion-dos-dereitos-do-rio\/\" title=\"Solicitan aos concellos da ribeira do Ulla unha declaraci\u00f3n dos dereitos do r\u00edo\">[&#8230;]<\/a><\/p>\n<\/div>","protected":false},"author":3,"featured_media":11594,"comment_status":"open","ping_status":"open","sticky":false,"template":"","format":"standard","meta":{"_exactmetrics_skip_tracking":false,"_exactmetrics_sitenote_active":false,"_exactmetrics_sitenote_note":"","_exactmetrics_sitenote_category":0,"footnotes":""},"categories":[263],"tags":[1397],"class_list":{"0":"post-11592","1":"post","2":"type-post","3":"status-publish","4":"format-standard","5":"has-post-thumbnail","7":"category-novas","8":"tag-ulla"},"yoast_head":"<!-- This site is optimized with the Yoast SEO plugin v27.5 - https:\/\/yoast.com\/product\/yoast-seo-wordpress\/ -->\n<title>Solicitan aos concellos da ribeira do Ulla unha declaraci\u00f3n dos dereitos do r\u00edo -<\/title>\n<meta name=\"robots\" content=\"index, follow, max-snippet:-1, max-image-preview:large, max-video-preview:-1\" \/>\n<link rel=\"canonical\" href=\"https:\/\/www.anovapeneira.gal\/index.php\/2024\/04\/15\/solicitan-aos-concellos-da-ribeira-do-ulla-unha-declaracion-dos-dereitos-do-rio\/\" \/>\n<meta property=\"og:locale\" content=\"gl_ES\" \/>\n<meta property=\"og:type\" content=\"article\" \/>\n<meta property=\"og:title\" content=\"Solicitan aos concellos da ribeira do Ulla unha declaraci\u00f3n dos dereitos do r\u00edo -\" \/>\n<meta property=\"og:description\" content=\"Amigas da Terra, Ecoloxistas en Acci\u00f3n e Greenpeace solicitan aosn concellos da ribeira do r\u00edo Ulla que presenten nos seus plenos municipais unha declaraci\u00f3n institucional dos \u201cdereitos do r\u00edo Ulla e dos compromisos da s\u00faa comunidade ribeir\u00e1\u201d. [...]\" \/>\n<meta property=\"og:url\" content=\"https:\/\/www.anovapeneira.gal\/index.php\/2024\/04\/15\/solicitan-aos-concellos-da-ribeira-do-ulla-unha-declaracion-dos-dereitos-do-rio\/\" \/>\n<meta property=\"article:publisher\" content=\"https:\/\/www.facebook.com\/anovapeneira\" \/>\n<meta property=\"article:published_time\" content=\"2024-04-15T10:00:49+00:00\" \/>\n<meta property=\"og:image\" content=\"https:\/\/www.anovapeneira.gal\/wp-content\/uploads\/2024\/04\/ulla.png\" \/>\n\t<meta property=\"og:image:width\" content=\"720\" \/>\n\t<meta property=\"og:image:height\" content=\"432\" \/>\n\t<meta property=\"og:image:type\" content=\"image\/png\" \/>\n<meta name=\"author\" content=\"Redacci\u00f3n A Nova Peneira\" \/>\n<meta name=\"twitter:card\" content=\"summary_large_image\" \/>\n<meta name=\"twitter:creator\" content=\"@APeneira\" \/>\n<meta name=\"twitter:site\" content=\"@APeneira\" \/>\n<meta name=\"twitter:label1\" content=\"Escrito por\" \/>\n\t<meta name=\"twitter:data1\" content=\"Redacci\u00f3n A Nova Peneira\" \/>\n\t<meta name=\"twitter:label2\" content=\"Tempo de lectura\" \/>\n\t<meta name=\"twitter:data2\" content=\"4 minutos\" \/>\n<script type=\"application\/ld+json\" class=\"yoast-schema-graph\">{\"@context\":\"https:\\\/\\\/schema.org\",\"@graph\":[{\"@type\":\"Article\",\"@id\":\"https:\\\/\\\/www.anovapeneira.gal\\\/index.php\\\/2024\\\/04\\\/15\\\/solicitan-aos-concellos-da-ribeira-do-ulla-unha-declaracion-dos-dereitos-do-rio\\\/#article\",\"isPartOf\":{\"@id\":\"https:\\\/\\\/www.anovapeneira.gal\\\/index.php\\\/2024\\\/04\\\/15\\\/solicitan-aos-concellos-da-ribeira-do-ulla-unha-declaracion-dos-dereitos-do-rio\\\/\"},\"author\":{\"name\":\"Redacci\u00f3n A Nova Peneira\",\"@id\":\"https:\\\/\\\/www.anovapeneira.gal\\\/#\\\/schema\\\/person\\\/b93e3f8932e3f8da96334607eb6ac6aa\"},\"headline\":\"Solicitan aos concellos da ribeira do Ulla unha declaraci\u00f3n dos dereitos do r\u00edo\",\"datePublished\":\"2024-04-15T10:00:49+00:00\",\"mainEntityOfPage\":{\"@id\":\"https:\\\/\\\/www.anovapeneira.gal\\\/index.php\\\/2024\\\/04\\\/15\\\/solicitan-aos-concellos-da-ribeira-do-ulla-unha-declaracion-dos-dereitos-do-rio\\\/\"},\"wordCount\":715,\"commentCount\":0,\"publisher\":{\"@id\":\"https:\\\/\\\/www.anovapeneira.gal\\\/#organization\"},\"image\":{\"@id\":\"https:\\\/\\\/www.anovapeneira.gal\\\/index.php\\\/2024\\\/04\\\/15\\\/solicitan-aos-concellos-da-ribeira-do-ulla-unha-declaracion-dos-dereitos-do-rio\\\/#primaryimage\"},\"thumbnailUrl\":\"https:\\\/\\\/www.anovapeneira.gal\\\/wp-content\\\/uploads\\\/2024\\\/04\\\/ulla.png\",\"keywords\":[\"Ulla\"],\"articleSection\":[\"Novas\"],\"inLanguage\":\"gl-ES\",\"potentialAction\":[{\"@type\":\"CommentAction\",\"name\":\"Comment\",\"target\":[\"https:\\\/\\\/www.anovapeneira.gal\\\/index.php\\\/2024\\\/04\\\/15\\\/solicitan-aos-concellos-da-ribeira-do-ulla-unha-declaracion-dos-dereitos-do-rio\\\/#respond\"]}]},{\"@type\":\"WebPage\",\"@id\":\"https:\\\/\\\/www.anovapeneira.gal\\\/index.php\\\/2024\\\/04\\\/15\\\/solicitan-aos-concellos-da-ribeira-do-ulla-unha-declaracion-dos-dereitos-do-rio\\\/\",\"url\":\"https:\\\/\\\/www.anovapeneira.gal\\\/index.php\\\/2024\\\/04\\\/15\\\/solicitan-aos-concellos-da-ribeira-do-ulla-unha-declaracion-dos-dereitos-do-rio\\\/\",\"name\":\"Solicitan aos concellos da ribeira do Ulla unha declaraci\u00f3n dos dereitos do r\u00edo -\",\"isPartOf\":{\"@id\":\"https:\\\/\\\/www.anovapeneira.gal\\\/#website\"},\"primaryImageOfPage\":{\"@id\":\"https:\\\/\\\/www.anovapeneira.gal\\\/index.php\\\/2024\\\/04\\\/15\\\/solicitan-aos-concellos-da-ribeira-do-ulla-unha-declaracion-dos-dereitos-do-rio\\\/#primaryimage\"},\"image\":{\"@id\":\"https:\\\/\\\/www.anovapeneira.gal\\\/index.php\\\/2024\\\/04\\\/15\\\/solicitan-aos-concellos-da-ribeira-do-ulla-unha-declaracion-dos-dereitos-do-rio\\\/#primaryimage\"},\"thumbnailUrl\":\"https:\\\/\\\/www.anovapeneira.gal\\\/wp-content\\\/uploads\\\/2024\\\/04\\\/ulla.png\",\"datePublished\":\"2024-04-15T10:00:49+00:00\",\"breadcrumb\":{\"@id\":\"https:\\\/\\\/www.anovapeneira.gal\\\/index.php\\\/2024\\\/04\\\/15\\\/solicitan-aos-concellos-da-ribeira-do-ulla-unha-declaracion-dos-dereitos-do-rio\\\/#breadcrumb\"},\"inLanguage\":\"gl-ES\",\"potentialAction\":[{\"@type\":\"ReadAction\",\"target\":[\"https:\\\/\\\/www.anovapeneira.gal\\\/index.php\\\/2024\\\/04\\\/15\\\/solicitan-aos-concellos-da-ribeira-do-ulla-unha-declaracion-dos-dereitos-do-rio\\\/\"]}]},{\"@type\":\"ImageObject\",\"inLanguage\":\"gl-ES\",\"@id\":\"https:\\\/\\\/www.anovapeneira.gal\\\/index.php\\\/2024\\\/04\\\/15\\\/solicitan-aos-concellos-da-ribeira-do-ulla-unha-declaracion-dos-dereitos-do-rio\\\/#primaryimage\",\"url\":\"https:\\\/\\\/www.anovapeneira.gal\\\/wp-content\\\/uploads\\\/2024\\\/04\\\/ulla.png\",\"contentUrl\":\"https:\\\/\\\/www.anovapeneira.gal\\\/wp-content\\\/uploads\\\/2024\\\/04\\\/ulla.png\",\"width\":720,\"height\":432,\"caption\":\"Ribeira do Ulla\"},{\"@type\":\"BreadcrumbList\",\"@id\":\"https:\\\/\\\/www.anovapeneira.gal\\\/index.php\\\/2024\\\/04\\\/15\\\/solicitan-aos-concellos-da-ribeira-do-ulla-unha-declaracion-dos-dereitos-do-rio\\\/#breadcrumb\",\"itemListElement\":[{\"@type\":\"ListItem\",\"position\":1,\"name\":\"Portada\",\"item\":\"https:\\\/\\\/www.anovapeneira.gal\\\/\"},{\"@type\":\"ListItem\",\"position\":2,\"name\":\"Solicitan aos concellos da ribeira do Ulla unha declaraci\u00f3n dos dereitos do r\u00edo\"}]},{\"@type\":\"WebSite\",\"@id\":\"https:\\\/\\\/www.anovapeneira.gal\\\/#website\",\"url\":\"https:\\\/\\\/www.anovapeneira.gal\\\/\",\"name\":\"\",\"description\":\"Xornal galego de informaci\u00f3n xeral Publicaci\u00f3n mensual de novas de Galicia e en especial dos Concellos da sur da provincia de Pontevedra.\",\"publisher\":{\"@id\":\"https:\\\/\\\/www.anovapeneira.gal\\\/#organization\"},\"potentialAction\":[{\"@type\":\"SearchAction\",\"target\":{\"@type\":\"EntryPoint\",\"urlTemplate\":\"https:\\\/\\\/www.anovapeneira.gal\\\/?s={search_term_string}\"},\"query-input\":{\"@type\":\"PropertyValueSpecification\",\"valueRequired\":true,\"valueName\":\"search_term_string\"}}],\"inLanguage\":\"gl-ES\"},{\"@type\":\"Organization\",\"@id\":\"https:\\\/\\\/www.anovapeneira.gal\\\/#organization\",\"name\":\"A Nova Peneira\",\"url\":\"https:\\\/\\\/www.anovapeneira.gal\\\/\",\"logo\":{\"@type\":\"ImageObject\",\"inLanguage\":\"gl-ES\",\"@id\":\"https:\\\/\\\/www.anovapeneira.gal\\\/#\\\/schema\\\/logo\\\/image\\\/\",\"url\":\"http:\\\/\\\/www.anovapeneira.gal\\\/wp-content\\\/uploads\\\/2019\\\/06\\\/logo_a_nova_peneira_portal_web.png\",\"contentUrl\":\"http:\\\/\\\/www.anovapeneira.gal\\\/wp-content\\\/uploads\\\/2019\\\/06\\\/logo_a_nova_peneira_portal_web.png\",\"width\":300,\"height\":100,\"caption\":\"A Nova Peneira\"},\"image\":{\"@id\":\"https:\\\/\\\/www.anovapeneira.gal\\\/#\\\/schema\\\/logo\\\/image\\\/\"},\"sameAs\":[\"https:\\\/\\\/www.facebook.com\\\/anovapeneira\",\"https:\\\/\\\/x.com\\\/APeneira\"]},{\"@type\":\"Person\",\"@id\":\"https:\\\/\\\/www.anovapeneira.gal\\\/#\\\/schema\\\/person\\\/b93e3f8932e3f8da96334607eb6ac6aa\",\"name\":\"Redacci\u00f3n A Nova Peneira\",\"image\":{\"@type\":\"ImageObject\",\"inLanguage\":\"gl-ES\",\"@id\":\"https:\\\/\\\/secure.gravatar.com\\\/avatar\\\/c052a2551a06e23fac63626232eaa90abd78dbcf1700fc46a2b2c89fd27b735f?s=96&d=mm&r=g\",\"url\":\"https:\\\/\\\/secure.gravatar.com\\\/avatar\\\/c052a2551a06e23fac63626232eaa90abd78dbcf1700fc46a2b2c89fd27b735f?s=96&d=mm&r=g\",\"contentUrl\":\"https:\\\/\\\/secure.gravatar.com\\\/avatar\\\/c052a2551a06e23fac63626232eaa90abd78dbcf1700fc46a2b2c89fd27b735f?s=96&d=mm&r=g\",\"caption\":\"Redacci\u00f3n A Nova Peneira\"},\"sameAs\":[\"http:\\\/\\\/www.anovapeneira.gal\\\/\"],\"url\":\"https:\\\/\\\/www.anovapeneira.gal\\\/index.php\\\/author\\\/redactor\\\/\"}]}<\/script>\n<!-- \/ Yoast SEO plugin. -->","yoast_head_json":{"title":"Solicitan aos concellos da ribeira do Ulla unha declaraci\u00f3n dos dereitos do r\u00edo -","robots":{"index":"index","follow":"follow","max-snippet":"max-snippet:-1","max-image-preview":"max-image-preview:large","max-video-preview":"max-video-preview:-1"},"canonical":"https:\/\/www.anovapeneira.gal\/index.php\/2024\/04\/15\/solicitan-aos-concellos-da-ribeira-do-ulla-unha-declaracion-dos-dereitos-do-rio\/","og_locale":"gl_ES","og_type":"article","og_title":"Solicitan aos concellos da ribeira do Ulla unha declaraci\u00f3n dos dereitos do r\u00edo -","og_description":"Amigas da Terra, Ecoloxistas en Acci\u00f3n e Greenpeace solicitan aosn concellos da ribeira do r\u00edo Ulla que presenten nos seus plenos municipais unha declaraci\u00f3n institucional dos \u201cdereitos do r\u00edo Ulla e dos compromisos da s\u00faa comunidade ribeir\u00e1\u201d. [...]","og_url":"https:\/\/www.anovapeneira.gal\/index.php\/2024\/04\/15\/solicitan-aos-concellos-da-ribeira-do-ulla-unha-declaracion-dos-dereitos-do-rio\/","article_publisher":"https:\/\/www.facebook.com\/anovapeneira","article_published_time":"2024-04-15T10:00:49+00:00","og_image":[{"width":720,"height":432,"url":"https:\/\/www.anovapeneira.gal\/wp-content\/uploads\/2024\/04\/ulla.png","type":"image\/png"}],"author":"Redacci\u00f3n A Nova Peneira","twitter_card":"summary_large_image","twitter_creator":"@APeneira","twitter_site":"@APeneira","twitter_misc":{"Escrito por":"Redacci\u00f3n A Nova Peneira","Tempo de lectura":"4 minutos"},"schema":{"@context":"https:\/\/schema.org","@graph":[{"@type":"Article","@id":"https:\/\/www.anovapeneira.gal\/index.php\/2024\/04\/15\/solicitan-aos-concellos-da-ribeira-do-ulla-unha-declaracion-dos-dereitos-do-rio\/#article","isPartOf":{"@id":"https:\/\/www.anovapeneira.gal\/index.php\/2024\/04\/15\/solicitan-aos-concellos-da-ribeira-do-ulla-unha-declaracion-dos-dereitos-do-rio\/"},"author":{"name":"Redacci\u00f3n A Nova Peneira","@id":"https:\/\/www.anovapeneira.gal\/#\/schema\/person\/b93e3f8932e3f8da96334607eb6ac6aa"},"headline":"Solicitan aos concellos da ribeira do Ulla unha declaraci\u00f3n dos dereitos do r\u00edo","datePublished":"2024-04-15T10:00:49+00:00","mainEntityOfPage":{"@id":"https:\/\/www.anovapeneira.gal\/index.php\/2024\/04\/15\/solicitan-aos-concellos-da-ribeira-do-ulla-unha-declaracion-dos-dereitos-do-rio\/"},"wordCount":715,"commentCount":0,"publisher":{"@id":"https:\/\/www.anovapeneira.gal\/#organization"},"image":{"@id":"https:\/\/www.anovapeneira.gal\/index.php\/2024\/04\/15\/solicitan-aos-concellos-da-ribeira-do-ulla-unha-declaracion-dos-dereitos-do-rio\/#primaryimage"},"thumbnailUrl":"https:\/\/www.anovapeneira.gal\/wp-content\/uploads\/2024\/04\/ulla.png","keywords":["Ulla"],"articleSection":["Novas"],"inLanguage":"gl-ES","potentialAction":[{"@type":"CommentAction","name":"Comment","target":["https:\/\/www.anovapeneira.gal\/index.php\/2024\/04\/15\/solicitan-aos-concellos-da-ribeira-do-ulla-unha-declaracion-dos-dereitos-do-rio\/#respond"]}]},{"@type":"WebPage","@id":"https:\/\/www.anovapeneira.gal\/index.php\/2024\/04\/15\/solicitan-aos-concellos-da-ribeira-do-ulla-unha-declaracion-dos-dereitos-do-rio\/","url":"https:\/\/www.anovapeneira.gal\/index.php\/2024\/04\/15\/solicitan-aos-concellos-da-ribeira-do-ulla-unha-declaracion-dos-dereitos-do-rio\/","name":"Solicitan aos concellos da ribeira do Ulla unha declaraci\u00f3n dos dereitos do r\u00edo -","isPartOf":{"@id":"https:\/\/www.anovapeneira.gal\/#website"},"primaryImageOfPage":{"@id":"https:\/\/www.anovapeneira.gal\/index.php\/2024\/04\/15\/solicitan-aos-concellos-da-ribeira-do-ulla-unha-declaracion-dos-dereitos-do-rio\/#primaryimage"},"image":{"@id":"https:\/\/www.anovapeneira.gal\/index.php\/2024\/04\/15\/solicitan-aos-concellos-da-ribeira-do-ulla-unha-declaracion-dos-dereitos-do-rio\/#primaryimage"},"thumbnailUrl":"https:\/\/www.anovapeneira.gal\/wp-content\/uploads\/2024\/04\/ulla.png","datePublished":"2024-04-15T10:00:49+00:00","breadcrumb":{"@id":"https:\/\/www.anovapeneira.gal\/index.php\/2024\/04\/15\/solicitan-aos-concellos-da-ribeira-do-ulla-unha-declaracion-dos-dereitos-do-rio\/#breadcrumb"},"inLanguage":"gl-ES","potentialAction":[{"@type":"ReadAction","target":["https:\/\/www.anovapeneira.gal\/index.php\/2024\/04\/15\/solicitan-aos-concellos-da-ribeira-do-ulla-unha-declaracion-dos-dereitos-do-rio\/"]}]},{"@type":"ImageObject","inLanguage":"gl-ES","@id":"https:\/\/www.anovapeneira.gal\/index.php\/2024\/04\/15\/solicitan-aos-concellos-da-ribeira-do-ulla-unha-declaracion-dos-dereitos-do-rio\/#primaryimage","url":"https:\/\/www.anovapeneira.gal\/wp-content\/uploads\/2024\/04\/ulla.png","contentUrl":"https:\/\/www.anovapeneira.gal\/wp-content\/uploads\/2024\/04\/ulla.png","width":720,"height":432,"caption":"Ribeira do Ulla"},{"@type":"BreadcrumbList","@id":"https:\/\/www.anovapeneira.gal\/index.php\/2024\/04\/15\/solicitan-aos-concellos-da-ribeira-do-ulla-unha-declaracion-dos-dereitos-do-rio\/#breadcrumb","itemListElement":[{"@type":"ListItem","position":1,"name":"Portada","item":"https:\/\/www.anovapeneira.gal\/"},{"@type":"ListItem","position":2,"name":"Solicitan aos concellos da ribeira do Ulla unha declaraci\u00f3n dos dereitos do r\u00edo"}]},{"@type":"WebSite","@id":"https:\/\/www.anovapeneira.gal\/#website","url":"https:\/\/www.anovapeneira.gal\/","name":"","description":"Xornal galego de informaci\u00f3n xeral Publicaci\u00f3n mensual de novas de Galicia e en especial dos Concellos da sur da provincia de Pontevedra.","publisher":{"@id":"https:\/\/www.anovapeneira.gal\/#organization"},"potentialAction":[{"@type":"SearchAction","target":{"@type":"EntryPoint","urlTemplate":"https:\/\/www.anovapeneira.gal\/?s={search_term_string}"},"query-input":{"@type":"PropertyValueSpecification","valueRequired":true,"valueName":"search_term_string"}}],"inLanguage":"gl-ES"},{"@type":"Organization","@id":"https:\/\/www.anovapeneira.gal\/#organization","name":"A Nova Peneira","url":"https:\/\/www.anovapeneira.gal\/","logo":{"@type":"ImageObject","inLanguage":"gl-ES","@id":"https:\/\/www.anovapeneira.gal\/#\/schema\/logo\/image\/","url":"http:\/\/www.anovapeneira.gal\/wp-content\/uploads\/2019\/06\/logo_a_nova_peneira_portal_web.png","contentUrl":"http:\/\/www.anovapeneira.gal\/wp-content\/uploads\/2019\/06\/logo_a_nova_peneira_portal_web.png","width":300,"height":100,"caption":"A Nova Peneira"},"image":{"@id":"https:\/\/www.anovapeneira.gal\/#\/schema\/logo\/image\/"},"sameAs":["https:\/\/www.facebook.com\/anovapeneira","https:\/\/x.com\/APeneira"]},{"@type":"Person","@id":"https:\/\/www.anovapeneira.gal\/#\/schema\/person\/b93e3f8932e3f8da96334607eb6ac6aa","name":"Redacci\u00f3n A Nova Peneira","image":{"@type":"ImageObject","inLanguage":"gl-ES","@id":"https:\/\/secure.gravatar.com\/avatar\/c052a2551a06e23fac63626232eaa90abd78dbcf1700fc46a2b2c89fd27b735f?s=96&d=mm&r=g","url":"https:\/\/secure.gravatar.com\/avatar\/c052a2551a06e23fac63626232eaa90abd78dbcf1700fc46a2b2c89fd27b735f?s=96&d=mm&r=g","contentUrl":"https:\/\/secure.gravatar.com\/avatar\/c052a2551a06e23fac63626232eaa90abd78dbcf1700fc46a2b2c89fd27b735f?s=96&d=mm&r=g","caption":"Redacci\u00f3n A Nova Peneira"},"sameAs":["http:\/\/www.anovapeneira.gal\/"],"url":"https:\/\/www.anovapeneira.gal\/index.php\/author\/redactor\/"}]}},"jetpack_featured_media_url":"https:\/\/www.anovapeneira.gal\/wp-content\/uploads\/2024\/04\/ulla.png","_links":{"self":[{"href":"https:\/\/www.anovapeneira.gal\/index.php\/wp-json\/wp\/v2\/posts\/11592","targetHints":{"allow":["GET"]}}],"collection":[{"href":"https:\/\/www.anovapeneira.gal\/index.php\/wp-json\/wp\/v2\/posts"}],"about":[{"href":"https:\/\/www.anovapeneira.gal\/index.php\/wp-json\/wp\/v2\/types\/post"}],"author":[{"embeddable":true,"href":"https:\/\/www.anovapeneira.gal\/index.php\/wp-json\/wp\/v2\/users\/3"}],"replies":[{"embeddable":true,"href":"https:\/\/www.anovapeneira.gal\/index.php\/wp-json\/wp\/v2\/comments?post=11592"}],"version-history":[{"count":4,"href":"https:\/\/www.anovapeneira.gal\/index.php\/wp-json\/wp\/v2\/posts\/11592\/revisions"}],"predecessor-version":[{"id":11598,"href":"https:\/\/www.anovapeneira.gal\/index.php\/wp-json\/wp\/v2\/posts\/11592\/revisions\/11598"}],"wp:featuredmedia":[{"embeddable":true,"href":"https:\/\/www.anovapeneira.gal\/index.php\/wp-json\/wp\/v2\/media\/11594"}],"wp:attachment":[{"href":"https:\/\/www.anovapeneira.gal\/index.php\/wp-json\/wp\/v2\/media?parent=11592"}],"wp:term":[{"taxonomy":"category","embeddable":true,"href":"https:\/\/www.anovapeneira.gal\/index.php\/wp-json\/wp\/v2\/categories?post=11592"},{"taxonomy":"post_tag","embeddable":true,"href":"https:\/\/www.anovapeneira.gal\/index.php\/wp-json\/wp\/v2\/tags?post=11592"}],"curies":[{"name":"wp","href":"https:\/\/api.w.org\/{rel}","templated":true}]}}