{"id":11612,"date":"2024-04-17T10:00:02","date_gmt":"2024-04-17T08:00:02","guid":{"rendered":"https:\/\/www.anovapeneira.gal\/?p=11612"},"modified":"2024-04-16T09:45:27","modified_gmt":"2024-04-16T07:45:27","slug":"aporm-evidencia-unha-clara-incapacidade-para-xestionar-e-gobernar-o-concello-de-mondariz","status":"publish","type":"post","link":"https:\/\/www.anovapeneira.gal\/index.php\/2024\/04\/17\/aporm-evidencia-unha-clara-incapacidade-para-xestionar-e-gobernar-o-concello-de-mondariz\/","title":{"rendered":"AporM evidencia unha clara incapacidade para xestionar e gobernar o Concello de Mondariz"},"content":{"rendered":"\n<p><em><strong>Case un ano despois de chegar \u00e1 Alcald\u00eda de Mondariz, AporM segue sen asumir as\u00faa responsabilidade de xesti\u00f3n pol\u00edtica no Goberno municipal e acusa ao anteriorexecutivo de BNG-PSOE de ter deixado unha suposta d\u00e9beda de case un mill\u00f3n deeuros no Concello de Mondariz. Esta declaraci\u00f3n, a xu\u00edzo dos partidos da coalici\u00f3nde goberno do per\u00edodo 2019-23 (BNG-PSOE), s\u00f3 busca manipular a realidade edesviar a atenci\u00f3n para frear o aluvi\u00f3n de queixas veci\u00f1ais que est\u00e1 recibindo o Goberno municipal de AporM pola s\u00faa ca\u00f3tica xesti\u00f3n.<\/strong><\/em><\/p>\n\n\n\n<p>Cun Goberno municipal ausente, calquera concello<strong> <\/strong>\u00e9 un barco \u00e1 deriva. No actual Goberno de Mondariz observamos unha falta total de decisi\u00f3n en asuntos que requiren de criterio e proxecto pol\u00edtico. \u00c9 o funcionariado o que acaba asumindo decisi\u00f3ns pol\u00edticas pola incapacidade de goberno de AporM, e iso implica carencia absoluta de estratexia e planificaci\u00f3n para afrontar os desaf\u00edos dun concello rural como o noso.<\/p>\n\n\n\n<p><em>Diante de situaci\u00f3ns complicadas, o recurso de AporM non \u00e9 outro que botarlle a culpa aos demais e considerar que investimentos estrat\u00e9xicos para garantir a sustentabilidade de servizos e infraestruturas esenciais (alumeado, subministraci\u00f3n de auga, etc.) foron \u201criscos\u201d excesivos que determinaron o d\u00e9ficit actual. Con estas falacias, AporM est\u00e1 ignorando con mala intenci\u00f3n problemas estruturais que ten o Concello e que co\u00f1ece desde hai anos e medidas que xa lle recomendou o anterior Goberno municipal de BNG-PSOE en xu\u00f1o de 2023, cando se rexistrou un documento de traspaso de poderes con informaci\u00f3n detallada sobre a situaci\u00f3n do Concello para actuar en consecuencia.<\/em><\/p>\n\n\n\n<p><em><strong>Un d<\/strong><\/em><strong>\u00e9cifit orzamentario cr\u00f3nico xa co\u00f1ecido<\/strong><\/p>\n\n\n\n<p><strong>Desde 2019, a coalici\u00f3n de goberno formada por BNG e PSOE v\u00e9n comunicando<\/strong><\/p>\n\n\n\n<p><strong>publicamente que Mondariz \u00e9 un concello cun problema de d\u00e9ficit orzamentario cr\u00f3nico (m\u00e1is gastos que ingresos) que hai que solucionar a trav\u00e9s de decisi\u00f3ns pol\u00edticas. Durante catro anos, todos os partidos representados na Corporaci\u00f3n Municipal recibiron informaci\u00f3n detallada sobre a situaci\u00f3n econ\u00f3mica-financeira do Concello. Tam\u00e9n se lle deu conta disto \u00e1 veci\u00f1anza a trav\u00e9s dos encontros nas parroquias. Naquel momento, AporM \u2013particularmente o actual alcalde, Xo\u00e1n Carlos Montes\u2013 tach\u00e1banos de \u201cchor\u00f3ns\u201d por ser claros no diagn\u00f3stico.<\/strong><\/p>\n\n\n\n<p><em><strong>Esta <\/strong><\/em><em>\u00e9 unha realidade que non pode pasar inadvertida para un alcalde que xa tivo o bast\u00f3n de mando durante o per\u00edodo 2015-19. Naquel momento, AporM non s\u00f3 ocultou deliberadamente a situaci\u00f3n deficitaria do Concello, sen\u00f3n que provocou un importante incremento do d\u00e9ficit xa existente con impagamentos (ocultados) ao Consorcio Galego de Servizos de Igualdade e Benestar polo centro de d\u00eda (uns 100.000 euros que finalmente tivo que xestionar o Goberno de BNG-PSOE) ou con pagamentos sen contrastar debidamente (75.000 euros) ao Concello de Mondariz Balneario pola depuraci\u00f3n de augas residuais. O d\u00e9ficit xa existente en 2019 viuse notablemente aumentado con estas d\u00faas actuaci\u00f3ns, que non corresponden a ning\u00fan investimento que supo\u00f1a unha mellora de servizos p\u00fablicos.<\/em><\/p>\n\n\n\n<p><em>As<\/em>\u00ed mesmo, tanto BNG como PSOE queren lembrar que, <strong>a trav\u00e9s das Comisi\u00f3ns deFacenda celebradas trimestralmente durante o per\u00edodo de goberno 2019-23, toda aoposici\u00f3n \u2013AporM inclu\u00eddo\u2013 recibiu informaci\u00f3n detallada polo mi\u00fado da situaci\u00f3necon\u00f3mica-financeira<\/strong>. Nunca antes houbera tanta transparencia no Concello. Osorprendente \u00e9 que, en todas e cada unha destas comisi\u00f3ns especiais, AporM cobrabaas asistencias pero nunca ti\u00f1a nada que dicir nin que aportar sobre as situaci\u00f3ns das quese informaba, facendo o\u00eddos xordos ao que al\u00ed se expu\u00f1a, e respond\u00e9ndolle aoconcelleiro de Facenda, mesmo nos Plenos da Corporaci\u00f3n Municipal que est\u00e1ngravados, que \u201cdeixara de chorar\u201d.<\/p>\n\n\n\n<p><em>Os partidos que gobernaron durante os anos 2019-23 realizaron un arduo traballo de<\/em>an\u00e1lise e diagnose de problemas estruturais para buscar soluci\u00f3ns pol\u00edticas quepermitan corrixir o desequilibrio econ\u00f3mico municipal a partir do ano 2024-25. Aestratexia de botar bal\u00f3ns f\u00f3ra para eludir responsabilidades e cr\u00edticas \u00e1 s\u00faa xesti\u00f3n queten AporM desde a Alcald\u00eda afonda a\u00ednda m\u00e1is no problema. <strong>Mondariz precisa unGoberno decidido, con ideas e con capacidade de levalas a cabo. A d\u00eda de hoxe, AporMnon \u00e9 capaz de xestionar un Concello deficitario que precisa de importantes reformasestruturais<\/strong>.<\/p>\n\n\n\n<p><em>AporM non fixo os deberes en 2023 e a situaci\u00f3n agr\u00e1vase d\u00eda a d\u00eda<\/em><\/p>\n\n\n\n<p><em>A gravidade da inacci\u00f3n ou incapacidade de AporM chega ata o punto de que o anterior Goberno municipal deixou claramente definida, nun documento de traspaso de poderes rexistrado en xu\u00f1o de 2023, a li\u00f1a a seguir para poder xestionar debidamente a situaci\u00f3n de d\u00e9ficit. Entre as medidas recomendadas que se deber\u00edan ter aplicado desde mediados de 2023 \u2013deberes que AporM non fixo estando xa no Goberno municipal\u2013 destaca a aprobaci\u00f3n \u201cinexcusable\u201d dun novo orzamento para o ano 2023. A d\u00eda de hoxe, o orzamento municipal segue ser estar actualizado e non hai proxecto \u00e1 vista.<\/em><\/p>\n\n\n\n<p><em>Cos datos que dispo\u00f1emos agora mesmo, podemos afirmar que AporM mesmo agravou a situaci\u00f3n econ\u00f3mica-financeira do Concello neste primeiro ano de mandato, pois non fixo uso da totalidade do remanente sen utilizar do ano anterior, nin mobilizou os maiores ingresos producidos, nin usou a totalidade dos cr\u00e9ditos de gasto. A todo isto s\u00famase a non aplicaci\u00f3n doutros procedementos extraordinarios de pago como a chamada conta 555 (partidas pendentes de aplicaci\u00f3n), que emprega os excedentes bancarios ata a chegada dos ingresos das subvenci\u00f3ns xa concedidas e xustificadas. Medidas pol\u00edticas como estas, por\u00e9n, seguen sen ser xestionadas polo grupo de \u201cCalis\u201d.<\/em><\/p>\n\n\n\n<p><em>Unha vez analizada a liquidaci\u00f3n do orzamento do ano 2023 \u2013posta \u00e1 nosa disposici\u00f3n desde o venres, 5 de abril\u2013 os partidos que formaron parte do anterior Goberno dar\u00e1n cumprida resposta \u00e1 informaci\u00f3n que se avanzou publicamente.<\/em><\/p>\n\n\n\n<p><em>Non caben excusas para o desgoberno diante dunha situaci\u00f3n que era co\u00f1ecida por todos. Hab\u00eda informaci\u00f3n e o anterior Goberno municipal ti\u00f1a un plan a seguir para controlar a situaci\u00f3n. Hoxe en d\u00eda, esta foi agravada polo desleixo de AporM. O m\u00e1is sensato e honesto coa veci\u00f1anza que confiou nas s\u00faas promesas ser\u00eda asumir a s\u00faa responsabilidade pol\u00edtica e dar un paso ao lado se se considera incapaz de gobernar o Concello de Mondariz.<\/em><\/p>\n","protected":false},"excerpt":{"rendered":"<div class=\"mh-excerpt\"><p>Case un ano despois de chegar \u00e1 Alcald\u00eda de Mondariz, AporM segue sen asumir as\u00faa responsabilidade de xesti\u00f3n pol\u00edtica no Goberno municipal e acusa ao anteriorexecutivo de BNG-PSOE de ter deixado unha suposta d\u00e9beda de case un mill\u00f3n deeuros no Concello de Mondariz. <a class=\"mh-excerpt-more\" href=\"https:\/\/www.anovapeneira.gal\/index.php\/2024\/04\/17\/aporm-evidencia-unha-clara-incapacidade-para-xestionar-e-gobernar-o-concello-de-mondariz\/\" title=\"AporM evidencia unha clara incapacidade para xestionar e gobernar o Concello de Mondariz\">[&#8230;]<\/a><\/p>\n<\/div>","protected":false},"author":3,"featured_media":3672,"comment_status":"open","ping_status":"open","sticky":false,"template":"","format":"standard","meta":{"_exactmetrics_skip_tracking":false,"_exactmetrics_sitenote_active":false,"_exactmetrics_sitenote_note":"","_exactmetrics_sitenote_category":0,"footnotes":""},"categories":[25],"tags":[405],"class_list":{"0":"post-11612","1":"post","2":"type-post","3":"status-publish","4":"format-standard","5":"has-post-thumbnail","7":"category-condado","8":"tag-concello-de-mondariz"},"yoast_head":"<!-- This site is optimized with the Yoast SEO plugin v27.4 - https:\/\/yoast.com\/product\/yoast-seo-wordpress\/ -->\n<title>AporM evidencia unha clara incapacidade para xestionar e gobernar o Concello de Mondariz -<\/title>\n<meta name=\"robots\" content=\"index, follow, max-snippet:-1, max-image-preview:large, max-video-preview:-1\" \/>\n<link rel=\"canonical\" href=\"https:\/\/www.anovapeneira.gal\/index.php\/2024\/04\/17\/aporm-evidencia-unha-clara-incapacidade-para-xestionar-e-gobernar-o-concello-de-mondariz\/\" \/>\n<meta property=\"og:locale\" content=\"gl_ES\" \/>\n<meta property=\"og:type\" content=\"article\" \/>\n<meta property=\"og:title\" content=\"AporM evidencia unha clara incapacidade para xestionar e gobernar o Concello de Mondariz -\" \/>\n<meta property=\"og:description\" content=\"Case un ano despois de chegar \u00e1 Alcald\u00eda de Mondariz, AporM segue sen asumir as\u00faa responsabilidade de xesti\u00f3n pol\u00edtica no Goberno municipal e acusa ao anteriorexecutivo de BNG-PSOE de ter deixado unha suposta d\u00e9beda de case un mill\u00f3n deeuros no Concello de Mondariz. [...]\" \/>\n<meta property=\"og:url\" content=\"https:\/\/www.anovapeneira.gal\/index.php\/2024\/04\/17\/aporm-evidencia-unha-clara-incapacidade-para-xestionar-e-gobernar-o-concello-de-mondariz\/\" \/>\n<meta property=\"article:publisher\" content=\"https:\/\/www.facebook.com\/anovapeneira\" \/>\n<meta property=\"article:published_time\" content=\"2024-04-17T08:00:02+00:00\" \/>\n<meta property=\"og:image\" content=\"https:\/\/www.anovapeneira.gal\/wp-content\/uploads\/2020\/08\/alternativa_por_mondariz_a_nova_peneira.jpg\" \/>\n\t<meta property=\"og:image:width\" content=\"720\" \/>\n\t<meta property=\"og:image:height\" content=\"432\" \/>\n\t<meta property=\"og:image:type\" content=\"image\/jpeg\" \/>\n<meta name=\"author\" content=\"Redacci\u00f3n A Nova Peneira\" \/>\n<meta name=\"twitter:card\" content=\"summary_large_image\" \/>\n<meta name=\"twitter:creator\" content=\"@APeneira\" \/>\n<meta name=\"twitter:site\" content=\"@APeneira\" \/>\n<meta name=\"twitter:label1\" content=\"Escrito por\" \/>\n\t<meta name=\"twitter:data1\" content=\"Redacci\u00f3n A Nova Peneira\" \/>\n\t<meta name=\"twitter:label2\" content=\"Tempo de lectura\" \/>\n\t<meta name=\"twitter:data2\" content=\"6 minutos\" \/>\n<script type=\"application\/ld+json\" class=\"yoast-schema-graph\">{\"@context\":\"https:\\\/\\\/schema.org\",\"@graph\":[{\"@type\":\"Article\",\"@id\":\"https:\\\/\\\/www.anovapeneira.gal\\\/index.php\\\/2024\\\/04\\\/17\\\/aporm-evidencia-unha-clara-incapacidade-para-xestionar-e-gobernar-o-concello-de-mondariz\\\/#article\",\"isPartOf\":{\"@id\":\"https:\\\/\\\/www.anovapeneira.gal\\\/index.php\\\/2024\\\/04\\\/17\\\/aporm-evidencia-unha-clara-incapacidade-para-xestionar-e-gobernar-o-concello-de-mondariz\\\/\"},\"author\":{\"name\":\"Redacci\u00f3n A Nova Peneira\",\"@id\":\"https:\\\/\\\/www.anovapeneira.gal\\\/#\\\/schema\\\/person\\\/b93e3f8932e3f8da96334607eb6ac6aa\"},\"headline\":\"AporM evidencia unha clara incapacidade para xestionar e gobernar o Concello de Mondariz\",\"datePublished\":\"2024-04-17T08:00:02+00:00\",\"mainEntityOfPage\":{\"@id\":\"https:\\\/\\\/www.anovapeneira.gal\\\/index.php\\\/2024\\\/04\\\/17\\\/aporm-evidencia-unha-clara-incapacidade-para-xestionar-e-gobernar-o-concello-de-mondariz\\\/\"},\"wordCount\":1083,\"commentCount\":0,\"publisher\":{\"@id\":\"https:\\\/\\\/www.anovapeneira.gal\\\/#organization\"},\"image\":{\"@id\":\"https:\\\/\\\/www.anovapeneira.gal\\\/index.php\\\/2024\\\/04\\\/17\\\/aporm-evidencia-unha-clara-incapacidade-para-xestionar-e-gobernar-o-concello-de-mondariz\\\/#primaryimage\"},\"thumbnailUrl\":\"https:\\\/\\\/www.anovapeneira.gal\\\/wp-content\\\/uploads\\\/2020\\\/08\\\/alternativa_por_mondariz_a_nova_peneira.jpg\",\"keywords\":[\"Concello de Mondariz\"],\"articleSection\":[\"Condado\"],\"inLanguage\":\"gl-ES\",\"potentialAction\":[{\"@type\":\"CommentAction\",\"name\":\"Comment\",\"target\":[\"https:\\\/\\\/www.anovapeneira.gal\\\/index.php\\\/2024\\\/04\\\/17\\\/aporm-evidencia-unha-clara-incapacidade-para-xestionar-e-gobernar-o-concello-de-mondariz\\\/#respond\"]}]},{\"@type\":\"WebPage\",\"@id\":\"https:\\\/\\\/www.anovapeneira.gal\\\/index.php\\\/2024\\\/04\\\/17\\\/aporm-evidencia-unha-clara-incapacidade-para-xestionar-e-gobernar-o-concello-de-mondariz\\\/\",\"url\":\"https:\\\/\\\/www.anovapeneira.gal\\\/index.php\\\/2024\\\/04\\\/17\\\/aporm-evidencia-unha-clara-incapacidade-para-xestionar-e-gobernar-o-concello-de-mondariz\\\/\",\"name\":\"AporM evidencia unha clara incapacidade para xestionar e gobernar o Concello de Mondariz -\",\"isPartOf\":{\"@id\":\"https:\\\/\\\/www.anovapeneira.gal\\\/#website\"},\"primaryImageOfPage\":{\"@id\":\"https:\\\/\\\/www.anovapeneira.gal\\\/index.php\\\/2024\\\/04\\\/17\\\/aporm-evidencia-unha-clara-incapacidade-para-xestionar-e-gobernar-o-concello-de-mondariz\\\/#primaryimage\"},\"image\":{\"@id\":\"https:\\\/\\\/www.anovapeneira.gal\\\/index.php\\\/2024\\\/04\\\/17\\\/aporm-evidencia-unha-clara-incapacidade-para-xestionar-e-gobernar-o-concello-de-mondariz\\\/#primaryimage\"},\"thumbnailUrl\":\"https:\\\/\\\/www.anovapeneira.gal\\\/wp-content\\\/uploads\\\/2020\\\/08\\\/alternativa_por_mondariz_a_nova_peneira.jpg\",\"datePublished\":\"2024-04-17T08:00:02+00:00\",\"breadcrumb\":{\"@id\":\"https:\\\/\\\/www.anovapeneira.gal\\\/index.php\\\/2024\\\/04\\\/17\\\/aporm-evidencia-unha-clara-incapacidade-para-xestionar-e-gobernar-o-concello-de-mondariz\\\/#breadcrumb\"},\"inLanguage\":\"gl-ES\",\"potentialAction\":[{\"@type\":\"ReadAction\",\"target\":[\"https:\\\/\\\/www.anovapeneira.gal\\\/index.php\\\/2024\\\/04\\\/17\\\/aporm-evidencia-unha-clara-incapacidade-para-xestionar-e-gobernar-o-concello-de-mondariz\\\/\"]}]},{\"@type\":\"ImageObject\",\"inLanguage\":\"gl-ES\",\"@id\":\"https:\\\/\\\/www.anovapeneira.gal\\\/index.php\\\/2024\\\/04\\\/17\\\/aporm-evidencia-unha-clara-incapacidade-para-xestionar-e-gobernar-o-concello-de-mondariz\\\/#primaryimage\",\"url\":\"https:\\\/\\\/www.anovapeneira.gal\\\/wp-content\\\/uploads\\\/2020\\\/08\\\/alternativa_por_mondariz_a_nova_peneira.jpg\",\"contentUrl\":\"https:\\\/\\\/www.anovapeneira.gal\\\/wp-content\\\/uploads\\\/2020\\\/08\\\/alternativa_por_mondariz_a_nova_peneira.jpg\",\"width\":720,\"height\":432,\"caption\":\"Alternativa por Mondariz Orzamentos A Nova Peneira\"},{\"@type\":\"BreadcrumbList\",\"@id\":\"https:\\\/\\\/www.anovapeneira.gal\\\/index.php\\\/2024\\\/04\\\/17\\\/aporm-evidencia-unha-clara-incapacidade-para-xestionar-e-gobernar-o-concello-de-mondariz\\\/#breadcrumb\",\"itemListElement\":[{\"@type\":\"ListItem\",\"position\":1,\"name\":\"Portada\",\"item\":\"https:\\\/\\\/www.anovapeneira.gal\\\/\"},{\"@type\":\"ListItem\",\"position\":2,\"name\":\"AporM evidencia unha clara incapacidade para xestionar e gobernar o Concello de Mondariz\"}]},{\"@type\":\"WebSite\",\"@id\":\"https:\\\/\\\/www.anovapeneira.gal\\\/#website\",\"url\":\"https:\\\/\\\/www.anovapeneira.gal\\\/\",\"name\":\"\",\"description\":\"Xornal galego de informaci\u00f3n xeral Publicaci\u00f3n mensual de novas de Galicia e en especial dos Concellos da sur da provincia de Pontevedra.\",\"publisher\":{\"@id\":\"https:\\\/\\\/www.anovapeneira.gal\\\/#organization\"},\"potentialAction\":[{\"@type\":\"SearchAction\",\"target\":{\"@type\":\"EntryPoint\",\"urlTemplate\":\"https:\\\/\\\/www.anovapeneira.gal\\\/?s={search_term_string}\"},\"query-input\":{\"@type\":\"PropertyValueSpecification\",\"valueRequired\":true,\"valueName\":\"search_term_string\"}}],\"inLanguage\":\"gl-ES\"},{\"@type\":\"Organization\",\"@id\":\"https:\\\/\\\/www.anovapeneira.gal\\\/#organization\",\"name\":\"A Nova Peneira\",\"url\":\"https:\\\/\\\/www.anovapeneira.gal\\\/\",\"logo\":{\"@type\":\"ImageObject\",\"inLanguage\":\"gl-ES\",\"@id\":\"https:\\\/\\\/www.anovapeneira.gal\\\/#\\\/schema\\\/logo\\\/image\\\/\",\"url\":\"http:\\\/\\\/www.anovapeneira.gal\\\/wp-content\\\/uploads\\\/2019\\\/06\\\/logo_a_nova_peneira_portal_web.png\",\"contentUrl\":\"http:\\\/\\\/www.anovapeneira.gal\\\/wp-content\\\/uploads\\\/2019\\\/06\\\/logo_a_nova_peneira_portal_web.png\",\"width\":300,\"height\":100,\"caption\":\"A Nova Peneira\"},\"image\":{\"@id\":\"https:\\\/\\\/www.anovapeneira.gal\\\/#\\\/schema\\\/logo\\\/image\\\/\"},\"sameAs\":[\"https:\\\/\\\/www.facebook.com\\\/anovapeneira\",\"https:\\\/\\\/x.com\\\/APeneira\"]},{\"@type\":\"Person\",\"@id\":\"https:\\\/\\\/www.anovapeneira.gal\\\/#\\\/schema\\\/person\\\/b93e3f8932e3f8da96334607eb6ac6aa\",\"name\":\"Redacci\u00f3n A Nova Peneira\",\"image\":{\"@type\":\"ImageObject\",\"inLanguage\":\"gl-ES\",\"@id\":\"https:\\\/\\\/secure.gravatar.com\\\/avatar\\\/c052a2551a06e23fac63626232eaa90abd78dbcf1700fc46a2b2c89fd27b735f?s=96&d=mm&r=g\",\"url\":\"https:\\\/\\\/secure.gravatar.com\\\/avatar\\\/c052a2551a06e23fac63626232eaa90abd78dbcf1700fc46a2b2c89fd27b735f?s=96&d=mm&r=g\",\"contentUrl\":\"https:\\\/\\\/secure.gravatar.com\\\/avatar\\\/c052a2551a06e23fac63626232eaa90abd78dbcf1700fc46a2b2c89fd27b735f?s=96&d=mm&r=g\",\"caption\":\"Redacci\u00f3n A Nova Peneira\"},\"sameAs\":[\"http:\\\/\\\/www.anovapeneira.gal\\\/\"],\"url\":\"https:\\\/\\\/www.anovapeneira.gal\\\/index.php\\\/author\\\/redactor\\\/\"}]}<\/script>\n<!-- \/ Yoast SEO plugin. -->","yoast_head_json":{"title":"AporM evidencia unha clara incapacidade para xestionar e gobernar o Concello de Mondariz -","robots":{"index":"index","follow":"follow","max-snippet":"max-snippet:-1","max-image-preview":"max-image-preview:large","max-video-preview":"max-video-preview:-1"},"canonical":"https:\/\/www.anovapeneira.gal\/index.php\/2024\/04\/17\/aporm-evidencia-unha-clara-incapacidade-para-xestionar-e-gobernar-o-concello-de-mondariz\/","og_locale":"gl_ES","og_type":"article","og_title":"AporM evidencia unha clara incapacidade para xestionar e gobernar o Concello de Mondariz -","og_description":"Case un ano despois de chegar \u00e1 Alcald\u00eda de Mondariz, AporM segue sen asumir as\u00faa responsabilidade de xesti\u00f3n pol\u00edtica no Goberno municipal e acusa ao anteriorexecutivo de BNG-PSOE de ter deixado unha suposta d\u00e9beda de case un mill\u00f3n deeuros no Concello de Mondariz. [...]","og_url":"https:\/\/www.anovapeneira.gal\/index.php\/2024\/04\/17\/aporm-evidencia-unha-clara-incapacidade-para-xestionar-e-gobernar-o-concello-de-mondariz\/","article_publisher":"https:\/\/www.facebook.com\/anovapeneira","article_published_time":"2024-04-17T08:00:02+00:00","og_image":[{"width":720,"height":432,"url":"https:\/\/www.anovapeneira.gal\/wp-content\/uploads\/2020\/08\/alternativa_por_mondariz_a_nova_peneira.jpg","type":"image\/jpeg"}],"author":"Redacci\u00f3n A Nova Peneira","twitter_card":"summary_large_image","twitter_creator":"@APeneira","twitter_site":"@APeneira","twitter_misc":{"Escrito por":"Redacci\u00f3n A Nova Peneira","Tempo de lectura":"6 minutos"},"schema":{"@context":"https:\/\/schema.org","@graph":[{"@type":"Article","@id":"https:\/\/www.anovapeneira.gal\/index.php\/2024\/04\/17\/aporm-evidencia-unha-clara-incapacidade-para-xestionar-e-gobernar-o-concello-de-mondariz\/#article","isPartOf":{"@id":"https:\/\/www.anovapeneira.gal\/index.php\/2024\/04\/17\/aporm-evidencia-unha-clara-incapacidade-para-xestionar-e-gobernar-o-concello-de-mondariz\/"},"author":{"name":"Redacci\u00f3n A Nova Peneira","@id":"https:\/\/www.anovapeneira.gal\/#\/schema\/person\/b93e3f8932e3f8da96334607eb6ac6aa"},"headline":"AporM evidencia unha clara incapacidade para xestionar e gobernar o Concello de Mondariz","datePublished":"2024-04-17T08:00:02+00:00","mainEntityOfPage":{"@id":"https:\/\/www.anovapeneira.gal\/index.php\/2024\/04\/17\/aporm-evidencia-unha-clara-incapacidade-para-xestionar-e-gobernar-o-concello-de-mondariz\/"},"wordCount":1083,"commentCount":0,"publisher":{"@id":"https:\/\/www.anovapeneira.gal\/#organization"},"image":{"@id":"https:\/\/www.anovapeneira.gal\/index.php\/2024\/04\/17\/aporm-evidencia-unha-clara-incapacidade-para-xestionar-e-gobernar-o-concello-de-mondariz\/#primaryimage"},"thumbnailUrl":"https:\/\/www.anovapeneira.gal\/wp-content\/uploads\/2020\/08\/alternativa_por_mondariz_a_nova_peneira.jpg","keywords":["Concello de Mondariz"],"articleSection":["Condado"],"inLanguage":"gl-ES","potentialAction":[{"@type":"CommentAction","name":"Comment","target":["https:\/\/www.anovapeneira.gal\/index.php\/2024\/04\/17\/aporm-evidencia-unha-clara-incapacidade-para-xestionar-e-gobernar-o-concello-de-mondariz\/#respond"]}]},{"@type":"WebPage","@id":"https:\/\/www.anovapeneira.gal\/index.php\/2024\/04\/17\/aporm-evidencia-unha-clara-incapacidade-para-xestionar-e-gobernar-o-concello-de-mondariz\/","url":"https:\/\/www.anovapeneira.gal\/index.php\/2024\/04\/17\/aporm-evidencia-unha-clara-incapacidade-para-xestionar-e-gobernar-o-concello-de-mondariz\/","name":"AporM evidencia unha clara incapacidade para xestionar e gobernar o Concello de Mondariz -","isPartOf":{"@id":"https:\/\/www.anovapeneira.gal\/#website"},"primaryImageOfPage":{"@id":"https:\/\/www.anovapeneira.gal\/index.php\/2024\/04\/17\/aporm-evidencia-unha-clara-incapacidade-para-xestionar-e-gobernar-o-concello-de-mondariz\/#primaryimage"},"image":{"@id":"https:\/\/www.anovapeneira.gal\/index.php\/2024\/04\/17\/aporm-evidencia-unha-clara-incapacidade-para-xestionar-e-gobernar-o-concello-de-mondariz\/#primaryimage"},"thumbnailUrl":"https:\/\/www.anovapeneira.gal\/wp-content\/uploads\/2020\/08\/alternativa_por_mondariz_a_nova_peneira.jpg","datePublished":"2024-04-17T08:00:02+00:00","breadcrumb":{"@id":"https:\/\/www.anovapeneira.gal\/index.php\/2024\/04\/17\/aporm-evidencia-unha-clara-incapacidade-para-xestionar-e-gobernar-o-concello-de-mondariz\/#breadcrumb"},"inLanguage":"gl-ES","potentialAction":[{"@type":"ReadAction","target":["https:\/\/www.anovapeneira.gal\/index.php\/2024\/04\/17\/aporm-evidencia-unha-clara-incapacidade-para-xestionar-e-gobernar-o-concello-de-mondariz\/"]}]},{"@type":"ImageObject","inLanguage":"gl-ES","@id":"https:\/\/www.anovapeneira.gal\/index.php\/2024\/04\/17\/aporm-evidencia-unha-clara-incapacidade-para-xestionar-e-gobernar-o-concello-de-mondariz\/#primaryimage","url":"https:\/\/www.anovapeneira.gal\/wp-content\/uploads\/2020\/08\/alternativa_por_mondariz_a_nova_peneira.jpg","contentUrl":"https:\/\/www.anovapeneira.gal\/wp-content\/uploads\/2020\/08\/alternativa_por_mondariz_a_nova_peneira.jpg","width":720,"height":432,"caption":"Alternativa por Mondariz Orzamentos A Nova Peneira"},{"@type":"BreadcrumbList","@id":"https:\/\/www.anovapeneira.gal\/index.php\/2024\/04\/17\/aporm-evidencia-unha-clara-incapacidade-para-xestionar-e-gobernar-o-concello-de-mondariz\/#breadcrumb","itemListElement":[{"@type":"ListItem","position":1,"name":"Portada","item":"https:\/\/www.anovapeneira.gal\/"},{"@type":"ListItem","position":2,"name":"AporM evidencia unha clara incapacidade para xestionar e gobernar o Concello de Mondariz"}]},{"@type":"WebSite","@id":"https:\/\/www.anovapeneira.gal\/#website","url":"https:\/\/www.anovapeneira.gal\/","name":"","description":"Xornal galego de informaci\u00f3n xeral Publicaci\u00f3n mensual de novas de Galicia e en especial dos Concellos da sur da provincia de Pontevedra.","publisher":{"@id":"https:\/\/www.anovapeneira.gal\/#organization"},"potentialAction":[{"@type":"SearchAction","target":{"@type":"EntryPoint","urlTemplate":"https:\/\/www.anovapeneira.gal\/?s={search_term_string}"},"query-input":{"@type":"PropertyValueSpecification","valueRequired":true,"valueName":"search_term_string"}}],"inLanguage":"gl-ES"},{"@type":"Organization","@id":"https:\/\/www.anovapeneira.gal\/#organization","name":"A Nova Peneira","url":"https:\/\/www.anovapeneira.gal\/","logo":{"@type":"ImageObject","inLanguage":"gl-ES","@id":"https:\/\/www.anovapeneira.gal\/#\/schema\/logo\/image\/","url":"http:\/\/www.anovapeneira.gal\/wp-content\/uploads\/2019\/06\/logo_a_nova_peneira_portal_web.png","contentUrl":"http:\/\/www.anovapeneira.gal\/wp-content\/uploads\/2019\/06\/logo_a_nova_peneira_portal_web.png","width":300,"height":100,"caption":"A Nova Peneira"},"image":{"@id":"https:\/\/www.anovapeneira.gal\/#\/schema\/logo\/image\/"},"sameAs":["https:\/\/www.facebook.com\/anovapeneira","https:\/\/x.com\/APeneira"]},{"@type":"Person","@id":"https:\/\/www.anovapeneira.gal\/#\/schema\/person\/b93e3f8932e3f8da96334607eb6ac6aa","name":"Redacci\u00f3n A Nova Peneira","image":{"@type":"ImageObject","inLanguage":"gl-ES","@id":"https:\/\/secure.gravatar.com\/avatar\/c052a2551a06e23fac63626232eaa90abd78dbcf1700fc46a2b2c89fd27b735f?s=96&d=mm&r=g","url":"https:\/\/secure.gravatar.com\/avatar\/c052a2551a06e23fac63626232eaa90abd78dbcf1700fc46a2b2c89fd27b735f?s=96&d=mm&r=g","contentUrl":"https:\/\/secure.gravatar.com\/avatar\/c052a2551a06e23fac63626232eaa90abd78dbcf1700fc46a2b2c89fd27b735f?s=96&d=mm&r=g","caption":"Redacci\u00f3n A Nova Peneira"},"sameAs":["http:\/\/www.anovapeneira.gal\/"],"url":"https:\/\/www.anovapeneira.gal\/index.php\/author\/redactor\/"}]}},"jetpack_featured_media_url":"https:\/\/www.anovapeneira.gal\/wp-content\/uploads\/2020\/08\/alternativa_por_mondariz_a_nova_peneira.jpg","_links":{"self":[{"href":"https:\/\/www.anovapeneira.gal\/index.php\/wp-json\/wp\/v2\/posts\/11612","targetHints":{"allow":["GET"]}}],"collection":[{"href":"https:\/\/www.anovapeneira.gal\/index.php\/wp-json\/wp\/v2\/posts"}],"about":[{"href":"https:\/\/www.anovapeneira.gal\/index.php\/wp-json\/wp\/v2\/types\/post"}],"author":[{"embeddable":true,"href":"https:\/\/www.anovapeneira.gal\/index.php\/wp-json\/wp\/v2\/users\/3"}],"replies":[{"embeddable":true,"href":"https:\/\/www.anovapeneira.gal\/index.php\/wp-json\/wp\/v2\/comments?post=11612"}],"version-history":[{"count":1,"href":"https:\/\/www.anovapeneira.gal\/index.php\/wp-json\/wp\/v2\/posts\/11612\/revisions"}],"predecessor-version":[{"id":11613,"href":"https:\/\/www.anovapeneira.gal\/index.php\/wp-json\/wp\/v2\/posts\/11612\/revisions\/11613"}],"wp:featuredmedia":[{"embeddable":true,"href":"https:\/\/www.anovapeneira.gal\/index.php\/wp-json\/wp\/v2\/media\/3672"}],"wp:attachment":[{"href":"https:\/\/www.anovapeneira.gal\/index.php\/wp-json\/wp\/v2\/media?parent=11612"}],"wp:term":[{"taxonomy":"category","embeddable":true,"href":"https:\/\/www.anovapeneira.gal\/index.php\/wp-json\/wp\/v2\/categories?post=11612"},{"taxonomy":"post_tag","embeddable":true,"href":"https:\/\/www.anovapeneira.gal\/index.php\/wp-json\/wp\/v2\/tags?post=11612"}],"curies":[{"name":"wp","href":"https:\/\/api.w.org\/{rel}","templated":true}]}}