{"id":11614,"date":"2024-04-17T12:00:41","date_gmt":"2024-04-17T10:00:41","guid":{"rendered":"https:\/\/www.anovapeneira.gal\/?p=11614"},"modified":"2024-04-16T09:49:01","modified_gmt":"2024-04-16T07:49:01","slug":"a-negativa-do-pp-a-iniciativa-de-rehabilitar-o-edificio-pais-baladron-para-desfrute-publico","status":"publish","type":"post","link":"https:\/\/www.anovapeneira.gal\/index.php\/2024\/04\/17\/a-negativa-do-pp-a-iniciativa-de-rehabilitar-o-edificio-pais-baladron-para-desfrute-publico\/","title":{"rendered":"A negativa do PP \u00e1 iniciativa de rehabilitar o edificio Pais-Baladr\u00f3n para desfrute p\u00fablico"},"content":{"rendered":"\n<h2 class=\"wp-block-heading\"><em>A iniciativa, que gozou de respaldo popular masivo, como demostran as 1.247 sinaturas recadadas, buscaba transformar un edificio en desuso nun espazo comunitario vibrante, capaz de albergar actividades que enriquecer\u00edan a vida da veci\u00f1anza<\/em><\/h2>\n\n\n\n<p>A decisi\u00f3n do goberno local de Mar\u00edn, liderado polo Partido Popular (PP), de non apoiar a proposta do Bloque Nacionalista Galego (BNG) para revitalizar o Edificio Pais-Baladr\u00f3n pero vistos o recursos econ\u00f3micos do concellos e outras necesidades noutros edificios do Concellos eu outros proxectos, constit\u00fae unha oportunidade perdida para a comunidade e un reflexo das prioridades desaxustadas do goberno en canto \u00e1 conservaci\u00f3n do patrimonio cultural e ao fomento do benestar social. A iniciativa, que gozou de respaldo popular masivo, como demostran as 1.247 sinaturas recadadas, buscaba transformar un edificio en desuso nun espazo comunitario vibrante, capaz de albergar actividades culturais, educativas e sociais que enriquecer\u00edan a vida cidad\u00e1.<\/p>\n\n\n\n<p>Unha enquisa realizada entre os veci\u00f1os de Mar\u00edn reitera a alta estima que a comunidade ten polo seu patrimonio hist\u00f3rico, cun 98,4% dos participantes reco\u00f1ecendo a importancia da s\u00faa preservaci\u00f3n e un 95,4% considerando viable e positiva a rehabilitaci\u00f3n do Edificio Pais-Baladr\u00f3n para albergar servizos p\u00fablicos. Estes resultados non s\u00f3 destacan o respaldo masivo da poboaci\u00f3n, sen\u00f3n tam\u00e9n a variedade de propostas para o uso futuro do espazo, inclu\u00edndo funci\u00f3ns como unha nova biblioteca, a centralizaci\u00f3n dos servizos p\u00fablicos, un novo espazo cultural no que te\u00f1a cabida o museo do mar, entre outras.<\/p>\n\n\n\n<p>A negativa a avanzar con este proxecto, expresada no pasado pleno celebrado o 14 de marzo, despois de reco\u00f1ecer o Sr. Santos Costa que<em> \u201c\u00e9 unha moi boa idea adquirir este edificio e de feito foi unha proposta que n\u00f3s levabamos tam\u00e9n no noso programa electoral de fai uns anos\u201d, <\/em>non s\u00f3 ignora a vontade da veci\u00f1anza, sen\u00f3n que tam\u00e9n subestima a importancia de preservar e revalorizar os nosos recursos hist\u00f3ricos como piares da identidade local e como motores de desenvolvemento. Esta actitude do PP evidencia unha falta de visi\u00f3n a longo prazo e unha ausencia de compromiso coa comunidade, deixando pasar unha oportunidade para demostrar liderado na protecci\u00f3n do patrimonio e na promoci\u00f3n da participaci\u00f3n cidad\u00e1.<\/p>\n\n\n\n<p><a><\/a> A proposta, que inclu\u00eda unha oferta condicional de compra do edificio por 250.000 euros, que implica un esforzo do 1,53% sobre o orzamento municipal 2024, e un detallado plan t\u00e9cnico para a s\u00faa rehabilitaci\u00f3n, atopouse cun obst\u00e1culo nas afirmaci\u00f3ns de restrici\u00f3ns financeiras por parte da administraci\u00f3n municipal. Esta postura persistiu mesmo fronte a varias alternativas de financiamento presentadas polo BNG para superar precisamente estes desaf\u00edos econ\u00f3micos, creando a percepci\u00f3n dunha resistencia infundada por parte do goberno local ante unha clara oportunidade de mellora da localidade.<\/p>\n\n\n\n<p>A reticencia do PP a avanzar con esta iniciativa, a pesar das claras v\u00edas de financiamento, un calendario de actuaci\u00f3ns planificado en varias fases (adquisici\u00f3n, rehabilitaci\u00f3n e adecuaci\u00f3n e posta en servizo) e o amplo apoio comunitario manifesto, reflicte unha desconexi\u00f3n preocupante entre o goberno e as aspiraci\u00f3ns e necesidades da comunidade que representan. En tempos nos que a conservaci\u00f3n do patrimonio e o desenvolvemento comunitario deber\u00edan ir da man para fomentar un futuro m\u00e1is rico e integrador, decisi\u00f3ns como esta marcan un retroceso e unha miop\u00eda que a sociedade non pode permitirse.<\/p>\n\n\n\n<p>Xorde, polo tanto, un chamamento \u00e1 reconsideraci\u00f3n desta decisi\u00f3n, buscando unha alternativa que promova a conservaci\u00f3n deste importante activo cultural.<\/p>\n","protected":false},"excerpt":{"rendered":"<div class=\"mh-excerpt\"><p>A iniciativa, que gozou de respaldo popular masivo, como demostran as 1.247 sinaturas recadadas, buscaba transformar un edificio en desuso nun espazo comunitario vibrante, capaz de albergar actividades que enriquecer\u00edan a vida da veci\u00f1anza <a class=\"mh-excerpt-more\" href=\"https:\/\/www.anovapeneira.gal\/index.php\/2024\/04\/17\/a-negativa-do-pp-a-iniciativa-de-rehabilitar-o-edificio-pais-baladron-para-desfrute-publico\/\" title=\"A negativa do PP \u00e1 iniciativa de rehabilitar o edificio Pais-Baladr\u00f3n para desfrute p\u00fablico\">[&#8230;]<\/a><\/p>\n<\/div>","protected":false},"author":3,"featured_media":575,"comment_status":"open","ping_status":"open","sticky":false,"template":"","format":"standard","meta":{"_exactmetrics_skip_tracking":false,"_exactmetrics_sitenote_active":false,"_exactmetrics_sitenote_note":"","_exactmetrics_sitenote_category":0,"footnotes":""},"categories":[22],"tags":[144],"class_list":{"0":"post-11614","1":"post","2":"type-post","3":"status-publish","4":"format-standard","5":"has-post-thumbnail","7":"category-morrazo","8":"tag-concello-de-marin"},"yoast_head":"<!-- This site is optimized with the Yoast SEO plugin v27.4 - https:\/\/yoast.com\/product\/yoast-seo-wordpress\/ -->\n<title>A negativa do PP \u00e1 iniciativa de rehabilitar o edificio Pais-Baladr\u00f3n para desfrute p\u00fablico -<\/title>\n<meta name=\"robots\" content=\"index, follow, max-snippet:-1, max-image-preview:large, max-video-preview:-1\" \/>\n<link rel=\"canonical\" href=\"https:\/\/www.anovapeneira.gal\/index.php\/2024\/04\/17\/a-negativa-do-pp-a-iniciativa-de-rehabilitar-o-edificio-pais-baladron-para-desfrute-publico\/\" \/>\n<meta property=\"og:locale\" content=\"gl_ES\" \/>\n<meta property=\"og:type\" content=\"article\" \/>\n<meta property=\"og:title\" content=\"A negativa do PP \u00e1 iniciativa de rehabilitar o edificio Pais-Baladr\u00f3n para desfrute p\u00fablico -\" \/>\n<meta property=\"og:description\" content=\"A iniciativa, que gozou de respaldo popular masivo, como demostran as 1.247 sinaturas recadadas, buscaba transformar un edificio en desuso nun espazo comunitario vibrante, capaz de albergar actividades que enriquecer\u00edan a vida da veci\u00f1anza [...]\" \/>\n<meta property=\"og:url\" content=\"https:\/\/www.anovapeneira.gal\/index.php\/2024\/04\/17\/a-negativa-do-pp-a-iniciativa-de-rehabilitar-o-edificio-pais-baladron-para-desfrute-publico\/\" \/>\n<meta property=\"article:publisher\" content=\"https:\/\/www.facebook.com\/anovapeneira\" \/>\n<meta property=\"article:published_time\" content=\"2024-04-17T10:00:41+00:00\" \/>\n<meta property=\"og:image\" content=\"https:\/\/www.anovapeneira.gal\/wp-content\/uploads\/2019\/07\/bng_logo.jpg\" \/>\n\t<meta property=\"og:image:width\" content=\"720\" \/>\n\t<meta property=\"og:image:height\" content=\"473\" \/>\n\t<meta property=\"og:image:type\" content=\"image\/jpeg\" \/>\n<meta name=\"author\" content=\"Redacci\u00f3n A Nova Peneira\" \/>\n<meta name=\"twitter:card\" content=\"summary_large_image\" \/>\n<meta name=\"twitter:creator\" content=\"@APeneira\" \/>\n<meta name=\"twitter:site\" content=\"@APeneira\" \/>\n<meta name=\"twitter:label1\" content=\"Escrito por\" \/>\n\t<meta name=\"twitter:data1\" content=\"Redacci\u00f3n A Nova Peneira\" \/>\n\t<meta name=\"twitter:label2\" content=\"Tempo de lectura\" \/>\n\t<meta name=\"twitter:data2\" content=\"4 minutos\" \/>\n<script type=\"application\/ld+json\" class=\"yoast-schema-graph\">{\"@context\":\"https:\\\/\\\/schema.org\",\"@graph\":[{\"@type\":\"Article\",\"@id\":\"https:\\\/\\\/www.anovapeneira.gal\\\/index.php\\\/2024\\\/04\\\/17\\\/a-negativa-do-pp-a-iniciativa-de-rehabilitar-o-edificio-pais-baladron-para-desfrute-publico\\\/#article\",\"isPartOf\":{\"@id\":\"https:\\\/\\\/www.anovapeneira.gal\\\/index.php\\\/2024\\\/04\\\/17\\\/a-negativa-do-pp-a-iniciativa-de-rehabilitar-o-edificio-pais-baladron-para-desfrute-publico\\\/\"},\"author\":{\"name\":\"Redacci\u00f3n A Nova Peneira\",\"@id\":\"https:\\\/\\\/www.anovapeneira.gal\\\/#\\\/schema\\\/person\\\/b93e3f8932e3f8da96334607eb6ac6aa\"},\"headline\":\"A negativa do PP \u00e1 iniciativa de rehabilitar o edificio Pais-Baladr\u00f3n para desfrute p\u00fablico\",\"datePublished\":\"2024-04-17T10:00:41+00:00\",\"mainEntityOfPage\":{\"@id\":\"https:\\\/\\\/www.anovapeneira.gal\\\/index.php\\\/2024\\\/04\\\/17\\\/a-negativa-do-pp-a-iniciativa-de-rehabilitar-o-edificio-pais-baladron-para-desfrute-publico\\\/\"},\"wordCount\":618,\"commentCount\":0,\"publisher\":{\"@id\":\"https:\\\/\\\/www.anovapeneira.gal\\\/#organization\"},\"image\":{\"@id\":\"https:\\\/\\\/www.anovapeneira.gal\\\/index.php\\\/2024\\\/04\\\/17\\\/a-negativa-do-pp-a-iniciativa-de-rehabilitar-o-edificio-pais-baladron-para-desfrute-publico\\\/#primaryimage\"},\"thumbnailUrl\":\"https:\\\/\\\/www.anovapeneira.gal\\\/wp-content\\\/uploads\\\/2019\\\/07\\\/bng_logo.jpg\",\"keywords\":[\"Concello de Mar\u00edn\"],\"articleSection\":[\"Morrazo\"],\"inLanguage\":\"gl-ES\",\"potentialAction\":[{\"@type\":\"CommentAction\",\"name\":\"Comment\",\"target\":[\"https:\\\/\\\/www.anovapeneira.gal\\\/index.php\\\/2024\\\/04\\\/17\\\/a-negativa-do-pp-a-iniciativa-de-rehabilitar-o-edificio-pais-baladron-para-desfrute-publico\\\/#respond\"]}]},{\"@type\":\"WebPage\",\"@id\":\"https:\\\/\\\/www.anovapeneira.gal\\\/index.php\\\/2024\\\/04\\\/17\\\/a-negativa-do-pp-a-iniciativa-de-rehabilitar-o-edificio-pais-baladron-para-desfrute-publico\\\/\",\"url\":\"https:\\\/\\\/www.anovapeneira.gal\\\/index.php\\\/2024\\\/04\\\/17\\\/a-negativa-do-pp-a-iniciativa-de-rehabilitar-o-edificio-pais-baladron-para-desfrute-publico\\\/\",\"name\":\"A negativa do PP \u00e1 iniciativa de rehabilitar o edificio Pais-Baladr\u00f3n para desfrute p\u00fablico -\",\"isPartOf\":{\"@id\":\"https:\\\/\\\/www.anovapeneira.gal\\\/#website\"},\"primaryImageOfPage\":{\"@id\":\"https:\\\/\\\/www.anovapeneira.gal\\\/index.php\\\/2024\\\/04\\\/17\\\/a-negativa-do-pp-a-iniciativa-de-rehabilitar-o-edificio-pais-baladron-para-desfrute-publico\\\/#primaryimage\"},\"image\":{\"@id\":\"https:\\\/\\\/www.anovapeneira.gal\\\/index.php\\\/2024\\\/04\\\/17\\\/a-negativa-do-pp-a-iniciativa-de-rehabilitar-o-edificio-pais-baladron-para-desfrute-publico\\\/#primaryimage\"},\"thumbnailUrl\":\"https:\\\/\\\/www.anovapeneira.gal\\\/wp-content\\\/uploads\\\/2019\\\/07\\\/bng_logo.jpg\",\"datePublished\":\"2024-04-17T10:00:41+00:00\",\"breadcrumb\":{\"@id\":\"https:\\\/\\\/www.anovapeneira.gal\\\/index.php\\\/2024\\\/04\\\/17\\\/a-negativa-do-pp-a-iniciativa-de-rehabilitar-o-edificio-pais-baladron-para-desfrute-publico\\\/#breadcrumb\"},\"inLanguage\":\"gl-ES\",\"potentialAction\":[{\"@type\":\"ReadAction\",\"target\":[\"https:\\\/\\\/www.anovapeneira.gal\\\/index.php\\\/2024\\\/04\\\/17\\\/a-negativa-do-pp-a-iniciativa-de-rehabilitar-o-edificio-pais-baladron-para-desfrute-publico\\\/\"]}]},{\"@type\":\"ImageObject\",\"inLanguage\":\"gl-ES\",\"@id\":\"https:\\\/\\\/www.anovapeneira.gal\\\/index.php\\\/2024\\\/04\\\/17\\\/a-negativa-do-pp-a-iniciativa-de-rehabilitar-o-edificio-pais-baladron-para-desfrute-publico\\\/#primaryimage\",\"url\":\"https:\\\/\\\/www.anovapeneira.gal\\\/wp-content\\\/uploads\\\/2019\\\/07\\\/bng_logo.jpg\",\"contentUrl\":\"https:\\\/\\\/www.anovapeneira.gal\\\/wp-content\\\/uploads\\\/2019\\\/07\\\/bng_logo.jpg\",\"width\":720,\"height\":473,\"caption\":\"BNG A Nova Peneira\"},{\"@type\":\"BreadcrumbList\",\"@id\":\"https:\\\/\\\/www.anovapeneira.gal\\\/index.php\\\/2024\\\/04\\\/17\\\/a-negativa-do-pp-a-iniciativa-de-rehabilitar-o-edificio-pais-baladron-para-desfrute-publico\\\/#breadcrumb\",\"itemListElement\":[{\"@type\":\"ListItem\",\"position\":1,\"name\":\"Portada\",\"item\":\"https:\\\/\\\/www.anovapeneira.gal\\\/\"},{\"@type\":\"ListItem\",\"position\":2,\"name\":\"A negativa do PP \u00e1 iniciativa de rehabilitar o edificio Pais-Baladr\u00f3n para desfrute p\u00fablico\"}]},{\"@type\":\"WebSite\",\"@id\":\"https:\\\/\\\/www.anovapeneira.gal\\\/#website\",\"url\":\"https:\\\/\\\/www.anovapeneira.gal\\\/\",\"name\":\"\",\"description\":\"Xornal galego de informaci\u00f3n xeral Publicaci\u00f3n mensual de novas de Galicia e en especial dos Concellos da sur da provincia de Pontevedra.\",\"publisher\":{\"@id\":\"https:\\\/\\\/www.anovapeneira.gal\\\/#organization\"},\"potentialAction\":[{\"@type\":\"SearchAction\",\"target\":{\"@type\":\"EntryPoint\",\"urlTemplate\":\"https:\\\/\\\/www.anovapeneira.gal\\\/?s={search_term_string}\"},\"query-input\":{\"@type\":\"PropertyValueSpecification\",\"valueRequired\":true,\"valueName\":\"search_term_string\"}}],\"inLanguage\":\"gl-ES\"},{\"@type\":\"Organization\",\"@id\":\"https:\\\/\\\/www.anovapeneira.gal\\\/#organization\",\"name\":\"A Nova Peneira\",\"url\":\"https:\\\/\\\/www.anovapeneira.gal\\\/\",\"logo\":{\"@type\":\"ImageObject\",\"inLanguage\":\"gl-ES\",\"@id\":\"https:\\\/\\\/www.anovapeneira.gal\\\/#\\\/schema\\\/logo\\\/image\\\/\",\"url\":\"http:\\\/\\\/www.anovapeneira.gal\\\/wp-content\\\/uploads\\\/2019\\\/06\\\/logo_a_nova_peneira_portal_web.png\",\"contentUrl\":\"http:\\\/\\\/www.anovapeneira.gal\\\/wp-content\\\/uploads\\\/2019\\\/06\\\/logo_a_nova_peneira_portal_web.png\",\"width\":300,\"height\":100,\"caption\":\"A Nova Peneira\"},\"image\":{\"@id\":\"https:\\\/\\\/www.anovapeneira.gal\\\/#\\\/schema\\\/logo\\\/image\\\/\"},\"sameAs\":[\"https:\\\/\\\/www.facebook.com\\\/anovapeneira\",\"https:\\\/\\\/x.com\\\/APeneira\"]},{\"@type\":\"Person\",\"@id\":\"https:\\\/\\\/www.anovapeneira.gal\\\/#\\\/schema\\\/person\\\/b93e3f8932e3f8da96334607eb6ac6aa\",\"name\":\"Redacci\u00f3n A Nova Peneira\",\"image\":{\"@type\":\"ImageObject\",\"inLanguage\":\"gl-ES\",\"@id\":\"https:\\\/\\\/secure.gravatar.com\\\/avatar\\\/c052a2551a06e23fac63626232eaa90abd78dbcf1700fc46a2b2c89fd27b735f?s=96&d=mm&r=g\",\"url\":\"https:\\\/\\\/secure.gravatar.com\\\/avatar\\\/c052a2551a06e23fac63626232eaa90abd78dbcf1700fc46a2b2c89fd27b735f?s=96&d=mm&r=g\",\"contentUrl\":\"https:\\\/\\\/secure.gravatar.com\\\/avatar\\\/c052a2551a06e23fac63626232eaa90abd78dbcf1700fc46a2b2c89fd27b735f?s=96&d=mm&r=g\",\"caption\":\"Redacci\u00f3n A Nova Peneira\"},\"sameAs\":[\"http:\\\/\\\/www.anovapeneira.gal\\\/\"],\"url\":\"https:\\\/\\\/www.anovapeneira.gal\\\/index.php\\\/author\\\/redactor\\\/\"}]}<\/script>\n<!-- \/ Yoast SEO plugin. -->","yoast_head_json":{"title":"A negativa do PP \u00e1 iniciativa de rehabilitar o edificio Pais-Baladr\u00f3n para desfrute p\u00fablico -","robots":{"index":"index","follow":"follow","max-snippet":"max-snippet:-1","max-image-preview":"max-image-preview:large","max-video-preview":"max-video-preview:-1"},"canonical":"https:\/\/www.anovapeneira.gal\/index.php\/2024\/04\/17\/a-negativa-do-pp-a-iniciativa-de-rehabilitar-o-edificio-pais-baladron-para-desfrute-publico\/","og_locale":"gl_ES","og_type":"article","og_title":"A negativa do PP \u00e1 iniciativa de rehabilitar o edificio Pais-Baladr\u00f3n para desfrute p\u00fablico -","og_description":"A iniciativa, que gozou de respaldo popular masivo, como demostran as 1.247 sinaturas recadadas, buscaba transformar un edificio en desuso nun espazo comunitario vibrante, capaz de albergar actividades que enriquecer\u00edan a vida da veci\u00f1anza [...]","og_url":"https:\/\/www.anovapeneira.gal\/index.php\/2024\/04\/17\/a-negativa-do-pp-a-iniciativa-de-rehabilitar-o-edificio-pais-baladron-para-desfrute-publico\/","article_publisher":"https:\/\/www.facebook.com\/anovapeneira","article_published_time":"2024-04-17T10:00:41+00:00","og_image":[{"width":720,"height":473,"url":"https:\/\/www.anovapeneira.gal\/wp-content\/uploads\/2019\/07\/bng_logo.jpg","type":"image\/jpeg"}],"author":"Redacci\u00f3n A Nova Peneira","twitter_card":"summary_large_image","twitter_creator":"@APeneira","twitter_site":"@APeneira","twitter_misc":{"Escrito por":"Redacci\u00f3n A Nova Peneira","Tempo de lectura":"4 minutos"},"schema":{"@context":"https:\/\/schema.org","@graph":[{"@type":"Article","@id":"https:\/\/www.anovapeneira.gal\/index.php\/2024\/04\/17\/a-negativa-do-pp-a-iniciativa-de-rehabilitar-o-edificio-pais-baladron-para-desfrute-publico\/#article","isPartOf":{"@id":"https:\/\/www.anovapeneira.gal\/index.php\/2024\/04\/17\/a-negativa-do-pp-a-iniciativa-de-rehabilitar-o-edificio-pais-baladron-para-desfrute-publico\/"},"author":{"name":"Redacci\u00f3n A Nova Peneira","@id":"https:\/\/www.anovapeneira.gal\/#\/schema\/person\/b93e3f8932e3f8da96334607eb6ac6aa"},"headline":"A negativa do PP \u00e1 iniciativa de rehabilitar o edificio Pais-Baladr\u00f3n para desfrute p\u00fablico","datePublished":"2024-04-17T10:00:41+00:00","mainEntityOfPage":{"@id":"https:\/\/www.anovapeneira.gal\/index.php\/2024\/04\/17\/a-negativa-do-pp-a-iniciativa-de-rehabilitar-o-edificio-pais-baladron-para-desfrute-publico\/"},"wordCount":618,"commentCount":0,"publisher":{"@id":"https:\/\/www.anovapeneira.gal\/#organization"},"image":{"@id":"https:\/\/www.anovapeneira.gal\/index.php\/2024\/04\/17\/a-negativa-do-pp-a-iniciativa-de-rehabilitar-o-edificio-pais-baladron-para-desfrute-publico\/#primaryimage"},"thumbnailUrl":"https:\/\/www.anovapeneira.gal\/wp-content\/uploads\/2019\/07\/bng_logo.jpg","keywords":["Concello de Mar\u00edn"],"articleSection":["Morrazo"],"inLanguage":"gl-ES","potentialAction":[{"@type":"CommentAction","name":"Comment","target":["https:\/\/www.anovapeneira.gal\/index.php\/2024\/04\/17\/a-negativa-do-pp-a-iniciativa-de-rehabilitar-o-edificio-pais-baladron-para-desfrute-publico\/#respond"]}]},{"@type":"WebPage","@id":"https:\/\/www.anovapeneira.gal\/index.php\/2024\/04\/17\/a-negativa-do-pp-a-iniciativa-de-rehabilitar-o-edificio-pais-baladron-para-desfrute-publico\/","url":"https:\/\/www.anovapeneira.gal\/index.php\/2024\/04\/17\/a-negativa-do-pp-a-iniciativa-de-rehabilitar-o-edificio-pais-baladron-para-desfrute-publico\/","name":"A negativa do PP \u00e1 iniciativa de rehabilitar o edificio Pais-Baladr\u00f3n para desfrute p\u00fablico -","isPartOf":{"@id":"https:\/\/www.anovapeneira.gal\/#website"},"primaryImageOfPage":{"@id":"https:\/\/www.anovapeneira.gal\/index.php\/2024\/04\/17\/a-negativa-do-pp-a-iniciativa-de-rehabilitar-o-edificio-pais-baladron-para-desfrute-publico\/#primaryimage"},"image":{"@id":"https:\/\/www.anovapeneira.gal\/index.php\/2024\/04\/17\/a-negativa-do-pp-a-iniciativa-de-rehabilitar-o-edificio-pais-baladron-para-desfrute-publico\/#primaryimage"},"thumbnailUrl":"https:\/\/www.anovapeneira.gal\/wp-content\/uploads\/2019\/07\/bng_logo.jpg","datePublished":"2024-04-17T10:00:41+00:00","breadcrumb":{"@id":"https:\/\/www.anovapeneira.gal\/index.php\/2024\/04\/17\/a-negativa-do-pp-a-iniciativa-de-rehabilitar-o-edificio-pais-baladron-para-desfrute-publico\/#breadcrumb"},"inLanguage":"gl-ES","potentialAction":[{"@type":"ReadAction","target":["https:\/\/www.anovapeneira.gal\/index.php\/2024\/04\/17\/a-negativa-do-pp-a-iniciativa-de-rehabilitar-o-edificio-pais-baladron-para-desfrute-publico\/"]}]},{"@type":"ImageObject","inLanguage":"gl-ES","@id":"https:\/\/www.anovapeneira.gal\/index.php\/2024\/04\/17\/a-negativa-do-pp-a-iniciativa-de-rehabilitar-o-edificio-pais-baladron-para-desfrute-publico\/#primaryimage","url":"https:\/\/www.anovapeneira.gal\/wp-content\/uploads\/2019\/07\/bng_logo.jpg","contentUrl":"https:\/\/www.anovapeneira.gal\/wp-content\/uploads\/2019\/07\/bng_logo.jpg","width":720,"height":473,"caption":"BNG A Nova Peneira"},{"@type":"BreadcrumbList","@id":"https:\/\/www.anovapeneira.gal\/index.php\/2024\/04\/17\/a-negativa-do-pp-a-iniciativa-de-rehabilitar-o-edificio-pais-baladron-para-desfrute-publico\/#breadcrumb","itemListElement":[{"@type":"ListItem","position":1,"name":"Portada","item":"https:\/\/www.anovapeneira.gal\/"},{"@type":"ListItem","position":2,"name":"A negativa do PP \u00e1 iniciativa de rehabilitar o edificio Pais-Baladr\u00f3n para desfrute p\u00fablico"}]},{"@type":"WebSite","@id":"https:\/\/www.anovapeneira.gal\/#website","url":"https:\/\/www.anovapeneira.gal\/","name":"","description":"Xornal galego de informaci\u00f3n xeral Publicaci\u00f3n mensual de novas de Galicia e en especial dos Concellos da sur da provincia de Pontevedra.","publisher":{"@id":"https:\/\/www.anovapeneira.gal\/#organization"},"potentialAction":[{"@type":"SearchAction","target":{"@type":"EntryPoint","urlTemplate":"https:\/\/www.anovapeneira.gal\/?s={search_term_string}"},"query-input":{"@type":"PropertyValueSpecification","valueRequired":true,"valueName":"search_term_string"}}],"inLanguage":"gl-ES"},{"@type":"Organization","@id":"https:\/\/www.anovapeneira.gal\/#organization","name":"A Nova Peneira","url":"https:\/\/www.anovapeneira.gal\/","logo":{"@type":"ImageObject","inLanguage":"gl-ES","@id":"https:\/\/www.anovapeneira.gal\/#\/schema\/logo\/image\/","url":"http:\/\/www.anovapeneira.gal\/wp-content\/uploads\/2019\/06\/logo_a_nova_peneira_portal_web.png","contentUrl":"http:\/\/www.anovapeneira.gal\/wp-content\/uploads\/2019\/06\/logo_a_nova_peneira_portal_web.png","width":300,"height":100,"caption":"A Nova Peneira"},"image":{"@id":"https:\/\/www.anovapeneira.gal\/#\/schema\/logo\/image\/"},"sameAs":["https:\/\/www.facebook.com\/anovapeneira","https:\/\/x.com\/APeneira"]},{"@type":"Person","@id":"https:\/\/www.anovapeneira.gal\/#\/schema\/person\/b93e3f8932e3f8da96334607eb6ac6aa","name":"Redacci\u00f3n A Nova Peneira","image":{"@type":"ImageObject","inLanguage":"gl-ES","@id":"https:\/\/secure.gravatar.com\/avatar\/c052a2551a06e23fac63626232eaa90abd78dbcf1700fc46a2b2c89fd27b735f?s=96&d=mm&r=g","url":"https:\/\/secure.gravatar.com\/avatar\/c052a2551a06e23fac63626232eaa90abd78dbcf1700fc46a2b2c89fd27b735f?s=96&d=mm&r=g","contentUrl":"https:\/\/secure.gravatar.com\/avatar\/c052a2551a06e23fac63626232eaa90abd78dbcf1700fc46a2b2c89fd27b735f?s=96&d=mm&r=g","caption":"Redacci\u00f3n A Nova Peneira"},"sameAs":["http:\/\/www.anovapeneira.gal\/"],"url":"https:\/\/www.anovapeneira.gal\/index.php\/author\/redactor\/"}]}},"jetpack_featured_media_url":"https:\/\/www.anovapeneira.gal\/wp-content\/uploads\/2019\/07\/bng_logo.jpg","_links":{"self":[{"href":"https:\/\/www.anovapeneira.gal\/index.php\/wp-json\/wp\/v2\/posts\/11614","targetHints":{"allow":["GET"]}}],"collection":[{"href":"https:\/\/www.anovapeneira.gal\/index.php\/wp-json\/wp\/v2\/posts"}],"about":[{"href":"https:\/\/www.anovapeneira.gal\/index.php\/wp-json\/wp\/v2\/types\/post"}],"author":[{"embeddable":true,"href":"https:\/\/www.anovapeneira.gal\/index.php\/wp-json\/wp\/v2\/users\/3"}],"replies":[{"embeddable":true,"href":"https:\/\/www.anovapeneira.gal\/index.php\/wp-json\/wp\/v2\/comments?post=11614"}],"version-history":[{"count":1,"href":"https:\/\/www.anovapeneira.gal\/index.php\/wp-json\/wp\/v2\/posts\/11614\/revisions"}],"predecessor-version":[{"id":11615,"href":"https:\/\/www.anovapeneira.gal\/index.php\/wp-json\/wp\/v2\/posts\/11614\/revisions\/11615"}],"wp:featuredmedia":[{"embeddable":true,"href":"https:\/\/www.anovapeneira.gal\/index.php\/wp-json\/wp\/v2\/media\/575"}],"wp:attachment":[{"href":"https:\/\/www.anovapeneira.gal\/index.php\/wp-json\/wp\/v2\/media?parent=11614"}],"wp:term":[{"taxonomy":"category","embeddable":true,"href":"https:\/\/www.anovapeneira.gal\/index.php\/wp-json\/wp\/v2\/categories?post=11614"},{"taxonomy":"post_tag","embeddable":true,"href":"https:\/\/www.anovapeneira.gal\/index.php\/wp-json\/wp\/v2\/tags?post=11614"}],"curies":[{"name":"wp","href":"https:\/\/api.w.org\/{rel}","templated":true}]}}