{"id":11616,"date":"2024-04-18T10:00:24","date_gmt":"2024-04-18T08:00:24","guid":{"rendered":"https:\/\/www.anovapeneira.gal\/?p=11616"},"modified":"2024-04-16T10:00:14","modified_gmt":"2024-04-16T08:00:14","slug":"o-grupo-municipal-socialista-seguira-pendente-e-puxando-para-que-a-apertura-da-rua-baixo-muro-sexa-pronto-unha-realidade","status":"publish","type":"post","link":"https:\/\/www.anovapeneira.gal\/index.php\/2024\/04\/18\/o-grupo-municipal-socialista-seguira-pendente-e-puxando-para-que-a-apertura-da-rua-baixo-muro-sexa-pronto-unha-realidade\/","title":{"rendered":"O Grupo Municipal Socialista seguir\u00e1 pendente e puxando para que a apertura da R\u00faa Baixo Muro sexa pronto unha realidade"},"content":{"rendered":"\n<h2 class=\"wp-block-heading\"><em>O 20 de febreiro deste ano, o noso grupo denunciaba publicamente que o actual equipo de goberno deixara paralizado o proceso de apertura da R\u00faa Baixo Muro, renunciando \u00e1 subvenci\u00f3n grazas \u00e1 que se poder\u00eda levar a cabo a obra, e destinando ese di\u00f1eiro a outros fins.<\/em><\/h2>\n\n\n\n<h3 class=\"wp-block-heading\"><em>Hai que recordar que o Concello est\u00e1 obrigado a levar a cabo dita apertura por d\u00faas sentencias xudiciais firmes.<\/em><\/h3>\n\n\n\n<p><strong>Guarda, a 9 de abril de 2024<\/strong><\/p>\n\n\n\n<p>Despois de anos de procedementos e xesti\u00f3ns impulsadas polo anterior alcalde da Guarda, o socialista Antonio Lomba, xusto cando a conexi\u00f3n das r\u00faas Baixo Muro e Ireira estaba a punto de executarse, o PP colleu o tim\u00f3n do concello guard\u00e9s, e como est\u00e1 sucedendo con outras moitas xesti\u00f3ns, os populares imposibilitaron tam\u00e9n este proxecto. Neste caso renunciando a unha subvenci\u00f3n da Deputaci\u00f3n de 107.594,80 \u20ac destinada especificamente para este fin, e desviando ese di\u00f1eiro cara a actuaci\u00f3ns no Cami\u00f1o de Salgueir\u00f3 e para a adquisici\u00f3n de veh\u00edculos para o Concello.<\/p>\n\n\n\n<p>No pasado pleno, cando se debateu unha moci\u00f3n presentada polo BNG relativa a este tema, o actual alcalde, ante a gran afluencia de veci\u00f1os e veci\u00f1as da zona que se atopaban na sala e sent\u00edndose acorralado afirmou que a obra non estaba paralizada, e tratou de deslexitimar ao anterior equipo de goberno dicindo que s\u00f3 se fixeran xesti\u00f3ns neste tema durante o \u00faltimo ano da lexislatura.<\/p>\n\n\n\n<p>Queremos recordarlle ao Sr. Carrero, que parece que ten memoria selectiva, que as xesti\u00f3ns para a apertura da r\u00faa inici\u00e1ronse xa antes do ano 2019. Desde aquel momento non se deixaron de dar pasos para chegar ata onde estabamos antes de que o actual alcalde entrara no goberno.<\/p>\n\n\n\n<p>E a obra, claro que a paralizaron, e \u00e1 vista est\u00e1. Se renuncian a unha subvenci\u00f3n que estaba concedida para facer a obra, e ademais no novo orzamento (que presentaron tarde, mal e a rastro en marzo), non hai ningunha partida para elo, xa nos dir\u00e1n. Blanco e en botella.<\/p>\n\n\n\n<p>Non sigan mentindo. Se a obra non se levou a cabo foi unicamente por falta de vontade pol\u00edtica, xa que lles deixamos a vostedes todo o traballo feito. Agora, aprobada esta moci\u00f3n en pleno, cumpran coa s\u00faa obriga levando a cabo a apertura desta r\u00faa.<\/p>\n\n\n\n<p>N\u00f3s seguiremos de preto os avances desta obra que permitir\u00e1n non s\u00f3 cumprir coas sentencias xudiciais, sen\u00f3n tam\u00e9n mellorar a asistencia \u00e1s persoas que viven naquela zona en casos de emerxencia, converter en accesible un dos elementos patrimoniais m\u00e1is importantes da localidade como \u00e9 a muralla medieval e abrir un novo acceso m\u00e1is c\u00f3modo e r\u00e1pido \u00e1 zona comercial para toda a veci\u00f1anza dos barrios do Muro, das Laxes e da s\u00faa contorna.<\/p>\n","protected":false},"excerpt":{"rendered":"<div class=\"mh-excerpt\"><p>O 20 de febreiro deste ano, o noso grupo denunciaba publicamente que o actual equipo de goberno deixara paralizado o proceso de apertura da R\u00faa Baixo Muro <a class=\"mh-excerpt-more\" href=\"https:\/\/www.anovapeneira.gal\/index.php\/2024\/04\/18\/o-grupo-municipal-socialista-seguira-pendente-e-puxando-para-que-a-apertura-da-rua-baixo-muro-sexa-pronto-unha-realidade\/\" title=\"O Grupo Municipal Socialista seguir\u00e1 pendente e puxando para que a apertura da R\u00faa Baixo Muro sexa pronto unha realidade\">[&#8230;]<\/a><\/p>\n<\/div>","protected":false},"author":3,"featured_media":11618,"comment_status":"open","ping_status":"open","sticky":false,"template":"","format":"standard","meta":{"_exactmetrics_skip_tracking":false,"_exactmetrics_sitenote_active":false,"_exactmetrics_sitenote_note":"","_exactmetrics_sitenote_category":0,"footnotes":""},"categories":[21],"tags":[238],"class_list":{"0":"post-11616","1":"post","2":"type-post","3":"status-publish","4":"format-standard","5":"has-post-thumbnail","7":"category-baixo-mino","8":"tag-concello-da-guarda"},"yoast_head":"<!-- This site is optimized with the Yoast SEO plugin v27.4 - https:\/\/yoast.com\/product\/yoast-seo-wordpress\/ -->\n<title>O Grupo Municipal Socialista seguir\u00e1 pendente e puxando para que a apertura da R\u00faa Baixo Muro sexa pronto unha realidade -<\/title>\n<meta name=\"robots\" content=\"index, follow, max-snippet:-1, max-image-preview:large, max-video-preview:-1\" \/>\n<link rel=\"canonical\" href=\"https:\/\/www.anovapeneira.gal\/index.php\/2024\/04\/18\/o-grupo-municipal-socialista-seguira-pendente-e-puxando-para-que-a-apertura-da-rua-baixo-muro-sexa-pronto-unha-realidade\/\" \/>\n<meta property=\"og:locale\" content=\"gl_ES\" \/>\n<meta property=\"og:type\" content=\"article\" \/>\n<meta property=\"og:title\" content=\"O Grupo Municipal Socialista seguir\u00e1 pendente e puxando para que a apertura da R\u00faa Baixo Muro sexa pronto unha realidade -\" \/>\n<meta property=\"og:description\" content=\"O 20 de febreiro deste ano, o noso grupo denunciaba publicamente que o actual equipo de goberno deixara paralizado o proceso de apertura da R\u00faa Baixo Muro [...]\" \/>\n<meta property=\"og:url\" content=\"https:\/\/www.anovapeneira.gal\/index.php\/2024\/04\/18\/o-grupo-municipal-socialista-seguira-pendente-e-puxando-para-que-a-apertura-da-rua-baixo-muro-sexa-pronto-unha-realidade\/\" \/>\n<meta property=\"article:publisher\" content=\"https:\/\/www.facebook.com\/anovapeneira\" \/>\n<meta property=\"article:published_time\" content=\"2024-04-18T08:00:24+00:00\" \/>\n<meta property=\"og:image\" content=\"https:\/\/www.anovapeneira.gal\/wp-content\/uploads\/2024\/04\/baixo_muro.jpg\" \/>\n\t<meta property=\"og:image:width\" content=\"1920\" \/>\n\t<meta property=\"og:image:height\" content=\"1146\" \/>\n\t<meta property=\"og:image:type\" content=\"image\/jpeg\" \/>\n<meta name=\"author\" content=\"Redacci\u00f3n A Nova Peneira\" \/>\n<meta name=\"twitter:card\" content=\"summary_large_image\" \/>\n<meta name=\"twitter:creator\" content=\"@APeneira\" \/>\n<meta name=\"twitter:site\" content=\"@APeneira\" \/>\n<meta name=\"twitter:label1\" content=\"Escrito por\" \/>\n\t<meta name=\"twitter:data1\" content=\"Redacci\u00f3n A Nova Peneira\" \/>\n\t<meta name=\"twitter:label2\" content=\"Tempo de lectura\" \/>\n\t<meta name=\"twitter:data2\" content=\"3 minutos\" \/>\n<script type=\"application\/ld+json\" class=\"yoast-schema-graph\">{\"@context\":\"https:\\\/\\\/schema.org\",\"@graph\":[{\"@type\":\"Article\",\"@id\":\"https:\\\/\\\/www.anovapeneira.gal\\\/index.php\\\/2024\\\/04\\\/18\\\/o-grupo-municipal-socialista-seguira-pendente-e-puxando-para-que-a-apertura-da-rua-baixo-muro-sexa-pronto-unha-realidade\\\/#article\",\"isPartOf\":{\"@id\":\"https:\\\/\\\/www.anovapeneira.gal\\\/index.php\\\/2024\\\/04\\\/18\\\/o-grupo-municipal-socialista-seguira-pendente-e-puxando-para-que-a-apertura-da-rua-baixo-muro-sexa-pronto-unha-realidade\\\/\"},\"author\":{\"name\":\"Redacci\u00f3n A Nova Peneira\",\"@id\":\"https:\\\/\\\/www.anovapeneira.gal\\\/#\\\/schema\\\/person\\\/b93e3f8932e3f8da96334607eb6ac6aa\"},\"headline\":\"O Grupo Municipal Socialista seguir\u00e1 pendente e puxando para que a apertura da R\u00faa Baixo Muro sexa pronto unha realidade\",\"datePublished\":\"2024-04-18T08:00:24+00:00\",\"mainEntityOfPage\":{\"@id\":\"https:\\\/\\\/www.anovapeneira.gal\\\/index.php\\\/2024\\\/04\\\/18\\\/o-grupo-municipal-socialista-seguira-pendente-e-puxando-para-que-a-apertura-da-rua-baixo-muro-sexa-pronto-unha-realidade\\\/\"},\"wordCount\":498,\"commentCount\":0,\"publisher\":{\"@id\":\"https:\\\/\\\/www.anovapeneira.gal\\\/#organization\"},\"image\":{\"@id\":\"https:\\\/\\\/www.anovapeneira.gal\\\/index.php\\\/2024\\\/04\\\/18\\\/o-grupo-municipal-socialista-seguira-pendente-e-puxando-para-que-a-apertura-da-rua-baixo-muro-sexa-pronto-unha-realidade\\\/#primaryimage\"},\"thumbnailUrl\":\"https:\\\/\\\/www.anovapeneira.gal\\\/wp-content\\\/uploads\\\/2024\\\/04\\\/baixo_muro.jpg\",\"keywords\":[\"Concello da Guarda\"],\"articleSection\":[\"Baixo Mi\u00f1o\"],\"inLanguage\":\"gl-ES\",\"potentialAction\":[{\"@type\":\"CommentAction\",\"name\":\"Comment\",\"target\":[\"https:\\\/\\\/www.anovapeneira.gal\\\/index.php\\\/2024\\\/04\\\/18\\\/o-grupo-municipal-socialista-seguira-pendente-e-puxando-para-que-a-apertura-da-rua-baixo-muro-sexa-pronto-unha-realidade\\\/#respond\"]}]},{\"@type\":\"WebPage\",\"@id\":\"https:\\\/\\\/www.anovapeneira.gal\\\/index.php\\\/2024\\\/04\\\/18\\\/o-grupo-municipal-socialista-seguira-pendente-e-puxando-para-que-a-apertura-da-rua-baixo-muro-sexa-pronto-unha-realidade\\\/\",\"url\":\"https:\\\/\\\/www.anovapeneira.gal\\\/index.php\\\/2024\\\/04\\\/18\\\/o-grupo-municipal-socialista-seguira-pendente-e-puxando-para-que-a-apertura-da-rua-baixo-muro-sexa-pronto-unha-realidade\\\/\",\"name\":\"O Grupo Municipal Socialista seguir\u00e1 pendente e puxando para que a apertura da R\u00faa Baixo Muro sexa pronto unha realidade -\",\"isPartOf\":{\"@id\":\"https:\\\/\\\/www.anovapeneira.gal\\\/#website\"},\"primaryImageOfPage\":{\"@id\":\"https:\\\/\\\/www.anovapeneira.gal\\\/index.php\\\/2024\\\/04\\\/18\\\/o-grupo-municipal-socialista-seguira-pendente-e-puxando-para-que-a-apertura-da-rua-baixo-muro-sexa-pronto-unha-realidade\\\/#primaryimage\"},\"image\":{\"@id\":\"https:\\\/\\\/www.anovapeneira.gal\\\/index.php\\\/2024\\\/04\\\/18\\\/o-grupo-municipal-socialista-seguira-pendente-e-puxando-para-que-a-apertura-da-rua-baixo-muro-sexa-pronto-unha-realidade\\\/#primaryimage\"},\"thumbnailUrl\":\"https:\\\/\\\/www.anovapeneira.gal\\\/wp-content\\\/uploads\\\/2024\\\/04\\\/baixo_muro.jpg\",\"datePublished\":\"2024-04-18T08:00:24+00:00\",\"breadcrumb\":{\"@id\":\"https:\\\/\\\/www.anovapeneira.gal\\\/index.php\\\/2024\\\/04\\\/18\\\/o-grupo-municipal-socialista-seguira-pendente-e-puxando-para-que-a-apertura-da-rua-baixo-muro-sexa-pronto-unha-realidade\\\/#breadcrumb\"},\"inLanguage\":\"gl-ES\",\"potentialAction\":[{\"@type\":\"ReadAction\",\"target\":[\"https:\\\/\\\/www.anovapeneira.gal\\\/index.php\\\/2024\\\/04\\\/18\\\/o-grupo-municipal-socialista-seguira-pendente-e-puxando-para-que-a-apertura-da-rua-baixo-muro-sexa-pronto-unha-realidade\\\/\"]}]},{\"@type\":\"ImageObject\",\"inLanguage\":\"gl-ES\",\"@id\":\"https:\\\/\\\/www.anovapeneira.gal\\\/index.php\\\/2024\\\/04\\\/18\\\/o-grupo-municipal-socialista-seguira-pendente-e-puxando-para-que-a-apertura-da-rua-baixo-muro-sexa-pronto-unha-realidade\\\/#primaryimage\",\"url\":\"https:\\\/\\\/www.anovapeneira.gal\\\/wp-content\\\/uploads\\\/2024\\\/04\\\/baixo_muro.jpg\",\"contentUrl\":\"https:\\\/\\\/www.anovapeneira.gal\\\/wp-content\\\/uploads\\\/2024\\\/04\\\/baixo_muro.jpg\",\"width\":1920,\"height\":1146,\"caption\":\"R\u00faa Baixo Muro A Guarda\"},{\"@type\":\"BreadcrumbList\",\"@id\":\"https:\\\/\\\/www.anovapeneira.gal\\\/index.php\\\/2024\\\/04\\\/18\\\/o-grupo-municipal-socialista-seguira-pendente-e-puxando-para-que-a-apertura-da-rua-baixo-muro-sexa-pronto-unha-realidade\\\/#breadcrumb\",\"itemListElement\":[{\"@type\":\"ListItem\",\"position\":1,\"name\":\"Portada\",\"item\":\"https:\\\/\\\/www.anovapeneira.gal\\\/\"},{\"@type\":\"ListItem\",\"position\":2,\"name\":\"O Grupo Municipal Socialista seguir\u00e1 pendente e puxando para que a apertura da R\u00faa Baixo Muro sexa pronto unha realidade\"}]},{\"@type\":\"WebSite\",\"@id\":\"https:\\\/\\\/www.anovapeneira.gal\\\/#website\",\"url\":\"https:\\\/\\\/www.anovapeneira.gal\\\/\",\"name\":\"\",\"description\":\"Xornal galego de informaci\u00f3n xeral Publicaci\u00f3n mensual de novas de Galicia e en especial dos Concellos da sur da provincia de Pontevedra.\",\"publisher\":{\"@id\":\"https:\\\/\\\/www.anovapeneira.gal\\\/#organization\"},\"potentialAction\":[{\"@type\":\"SearchAction\",\"target\":{\"@type\":\"EntryPoint\",\"urlTemplate\":\"https:\\\/\\\/www.anovapeneira.gal\\\/?s={search_term_string}\"},\"query-input\":{\"@type\":\"PropertyValueSpecification\",\"valueRequired\":true,\"valueName\":\"search_term_string\"}}],\"inLanguage\":\"gl-ES\"},{\"@type\":\"Organization\",\"@id\":\"https:\\\/\\\/www.anovapeneira.gal\\\/#organization\",\"name\":\"A Nova Peneira\",\"url\":\"https:\\\/\\\/www.anovapeneira.gal\\\/\",\"logo\":{\"@type\":\"ImageObject\",\"inLanguage\":\"gl-ES\",\"@id\":\"https:\\\/\\\/www.anovapeneira.gal\\\/#\\\/schema\\\/logo\\\/image\\\/\",\"url\":\"http:\\\/\\\/www.anovapeneira.gal\\\/wp-content\\\/uploads\\\/2019\\\/06\\\/logo_a_nova_peneira_portal_web.png\",\"contentUrl\":\"http:\\\/\\\/www.anovapeneira.gal\\\/wp-content\\\/uploads\\\/2019\\\/06\\\/logo_a_nova_peneira_portal_web.png\",\"width\":300,\"height\":100,\"caption\":\"A Nova Peneira\"},\"image\":{\"@id\":\"https:\\\/\\\/www.anovapeneira.gal\\\/#\\\/schema\\\/logo\\\/image\\\/\"},\"sameAs\":[\"https:\\\/\\\/www.facebook.com\\\/anovapeneira\",\"https:\\\/\\\/x.com\\\/APeneira\"]},{\"@type\":\"Person\",\"@id\":\"https:\\\/\\\/www.anovapeneira.gal\\\/#\\\/schema\\\/person\\\/b93e3f8932e3f8da96334607eb6ac6aa\",\"name\":\"Redacci\u00f3n A Nova Peneira\",\"image\":{\"@type\":\"ImageObject\",\"inLanguage\":\"gl-ES\",\"@id\":\"https:\\\/\\\/secure.gravatar.com\\\/avatar\\\/c052a2551a06e23fac63626232eaa90abd78dbcf1700fc46a2b2c89fd27b735f?s=96&d=mm&r=g\",\"url\":\"https:\\\/\\\/secure.gravatar.com\\\/avatar\\\/c052a2551a06e23fac63626232eaa90abd78dbcf1700fc46a2b2c89fd27b735f?s=96&d=mm&r=g\",\"contentUrl\":\"https:\\\/\\\/secure.gravatar.com\\\/avatar\\\/c052a2551a06e23fac63626232eaa90abd78dbcf1700fc46a2b2c89fd27b735f?s=96&d=mm&r=g\",\"caption\":\"Redacci\u00f3n A Nova Peneira\"},\"sameAs\":[\"http:\\\/\\\/www.anovapeneira.gal\\\/\"],\"url\":\"https:\\\/\\\/www.anovapeneira.gal\\\/index.php\\\/author\\\/redactor\\\/\"}]}<\/script>\n<!-- \/ Yoast SEO plugin. -->","yoast_head_json":{"title":"O Grupo Municipal Socialista seguir\u00e1 pendente e puxando para que a apertura da R\u00faa Baixo Muro sexa pronto unha realidade -","robots":{"index":"index","follow":"follow","max-snippet":"max-snippet:-1","max-image-preview":"max-image-preview:large","max-video-preview":"max-video-preview:-1"},"canonical":"https:\/\/www.anovapeneira.gal\/index.php\/2024\/04\/18\/o-grupo-municipal-socialista-seguira-pendente-e-puxando-para-que-a-apertura-da-rua-baixo-muro-sexa-pronto-unha-realidade\/","og_locale":"gl_ES","og_type":"article","og_title":"O Grupo Municipal Socialista seguir\u00e1 pendente e puxando para que a apertura da R\u00faa Baixo Muro sexa pronto unha realidade -","og_description":"O 20 de febreiro deste ano, o noso grupo denunciaba publicamente que o actual equipo de goberno deixara paralizado o proceso de apertura da R\u00faa Baixo Muro [...]","og_url":"https:\/\/www.anovapeneira.gal\/index.php\/2024\/04\/18\/o-grupo-municipal-socialista-seguira-pendente-e-puxando-para-que-a-apertura-da-rua-baixo-muro-sexa-pronto-unha-realidade\/","article_publisher":"https:\/\/www.facebook.com\/anovapeneira","article_published_time":"2024-04-18T08:00:24+00:00","og_image":[{"width":1920,"height":1146,"url":"https:\/\/www.anovapeneira.gal\/wp-content\/uploads\/2024\/04\/baixo_muro.jpg","type":"image\/jpeg"}],"author":"Redacci\u00f3n A Nova Peneira","twitter_card":"summary_large_image","twitter_creator":"@APeneira","twitter_site":"@APeneira","twitter_misc":{"Escrito por":"Redacci\u00f3n A Nova Peneira","Tempo de lectura":"3 minutos"},"schema":{"@context":"https:\/\/schema.org","@graph":[{"@type":"Article","@id":"https:\/\/www.anovapeneira.gal\/index.php\/2024\/04\/18\/o-grupo-municipal-socialista-seguira-pendente-e-puxando-para-que-a-apertura-da-rua-baixo-muro-sexa-pronto-unha-realidade\/#article","isPartOf":{"@id":"https:\/\/www.anovapeneira.gal\/index.php\/2024\/04\/18\/o-grupo-municipal-socialista-seguira-pendente-e-puxando-para-que-a-apertura-da-rua-baixo-muro-sexa-pronto-unha-realidade\/"},"author":{"name":"Redacci\u00f3n A Nova Peneira","@id":"https:\/\/www.anovapeneira.gal\/#\/schema\/person\/b93e3f8932e3f8da96334607eb6ac6aa"},"headline":"O Grupo Municipal Socialista seguir\u00e1 pendente e puxando para que a apertura da R\u00faa Baixo Muro sexa pronto unha realidade","datePublished":"2024-04-18T08:00:24+00:00","mainEntityOfPage":{"@id":"https:\/\/www.anovapeneira.gal\/index.php\/2024\/04\/18\/o-grupo-municipal-socialista-seguira-pendente-e-puxando-para-que-a-apertura-da-rua-baixo-muro-sexa-pronto-unha-realidade\/"},"wordCount":498,"commentCount":0,"publisher":{"@id":"https:\/\/www.anovapeneira.gal\/#organization"},"image":{"@id":"https:\/\/www.anovapeneira.gal\/index.php\/2024\/04\/18\/o-grupo-municipal-socialista-seguira-pendente-e-puxando-para-que-a-apertura-da-rua-baixo-muro-sexa-pronto-unha-realidade\/#primaryimage"},"thumbnailUrl":"https:\/\/www.anovapeneira.gal\/wp-content\/uploads\/2024\/04\/baixo_muro.jpg","keywords":["Concello da Guarda"],"articleSection":["Baixo Mi\u00f1o"],"inLanguage":"gl-ES","potentialAction":[{"@type":"CommentAction","name":"Comment","target":["https:\/\/www.anovapeneira.gal\/index.php\/2024\/04\/18\/o-grupo-municipal-socialista-seguira-pendente-e-puxando-para-que-a-apertura-da-rua-baixo-muro-sexa-pronto-unha-realidade\/#respond"]}]},{"@type":"WebPage","@id":"https:\/\/www.anovapeneira.gal\/index.php\/2024\/04\/18\/o-grupo-municipal-socialista-seguira-pendente-e-puxando-para-que-a-apertura-da-rua-baixo-muro-sexa-pronto-unha-realidade\/","url":"https:\/\/www.anovapeneira.gal\/index.php\/2024\/04\/18\/o-grupo-municipal-socialista-seguira-pendente-e-puxando-para-que-a-apertura-da-rua-baixo-muro-sexa-pronto-unha-realidade\/","name":"O Grupo Municipal Socialista seguir\u00e1 pendente e puxando para que a apertura da R\u00faa Baixo Muro sexa pronto unha realidade -","isPartOf":{"@id":"https:\/\/www.anovapeneira.gal\/#website"},"primaryImageOfPage":{"@id":"https:\/\/www.anovapeneira.gal\/index.php\/2024\/04\/18\/o-grupo-municipal-socialista-seguira-pendente-e-puxando-para-que-a-apertura-da-rua-baixo-muro-sexa-pronto-unha-realidade\/#primaryimage"},"image":{"@id":"https:\/\/www.anovapeneira.gal\/index.php\/2024\/04\/18\/o-grupo-municipal-socialista-seguira-pendente-e-puxando-para-que-a-apertura-da-rua-baixo-muro-sexa-pronto-unha-realidade\/#primaryimage"},"thumbnailUrl":"https:\/\/www.anovapeneira.gal\/wp-content\/uploads\/2024\/04\/baixo_muro.jpg","datePublished":"2024-04-18T08:00:24+00:00","breadcrumb":{"@id":"https:\/\/www.anovapeneira.gal\/index.php\/2024\/04\/18\/o-grupo-municipal-socialista-seguira-pendente-e-puxando-para-que-a-apertura-da-rua-baixo-muro-sexa-pronto-unha-realidade\/#breadcrumb"},"inLanguage":"gl-ES","potentialAction":[{"@type":"ReadAction","target":["https:\/\/www.anovapeneira.gal\/index.php\/2024\/04\/18\/o-grupo-municipal-socialista-seguira-pendente-e-puxando-para-que-a-apertura-da-rua-baixo-muro-sexa-pronto-unha-realidade\/"]}]},{"@type":"ImageObject","inLanguage":"gl-ES","@id":"https:\/\/www.anovapeneira.gal\/index.php\/2024\/04\/18\/o-grupo-municipal-socialista-seguira-pendente-e-puxando-para-que-a-apertura-da-rua-baixo-muro-sexa-pronto-unha-realidade\/#primaryimage","url":"https:\/\/www.anovapeneira.gal\/wp-content\/uploads\/2024\/04\/baixo_muro.jpg","contentUrl":"https:\/\/www.anovapeneira.gal\/wp-content\/uploads\/2024\/04\/baixo_muro.jpg","width":1920,"height":1146,"caption":"R\u00faa Baixo Muro A Guarda"},{"@type":"BreadcrumbList","@id":"https:\/\/www.anovapeneira.gal\/index.php\/2024\/04\/18\/o-grupo-municipal-socialista-seguira-pendente-e-puxando-para-que-a-apertura-da-rua-baixo-muro-sexa-pronto-unha-realidade\/#breadcrumb","itemListElement":[{"@type":"ListItem","position":1,"name":"Portada","item":"https:\/\/www.anovapeneira.gal\/"},{"@type":"ListItem","position":2,"name":"O Grupo Municipal Socialista seguir\u00e1 pendente e puxando para que a apertura da R\u00faa Baixo Muro sexa pronto unha realidade"}]},{"@type":"WebSite","@id":"https:\/\/www.anovapeneira.gal\/#website","url":"https:\/\/www.anovapeneira.gal\/","name":"","description":"Xornal galego de informaci\u00f3n xeral Publicaci\u00f3n mensual de novas de Galicia e en especial dos Concellos da sur da provincia de Pontevedra.","publisher":{"@id":"https:\/\/www.anovapeneira.gal\/#organization"},"potentialAction":[{"@type":"SearchAction","target":{"@type":"EntryPoint","urlTemplate":"https:\/\/www.anovapeneira.gal\/?s={search_term_string}"},"query-input":{"@type":"PropertyValueSpecification","valueRequired":true,"valueName":"search_term_string"}}],"inLanguage":"gl-ES"},{"@type":"Organization","@id":"https:\/\/www.anovapeneira.gal\/#organization","name":"A Nova Peneira","url":"https:\/\/www.anovapeneira.gal\/","logo":{"@type":"ImageObject","inLanguage":"gl-ES","@id":"https:\/\/www.anovapeneira.gal\/#\/schema\/logo\/image\/","url":"http:\/\/www.anovapeneira.gal\/wp-content\/uploads\/2019\/06\/logo_a_nova_peneira_portal_web.png","contentUrl":"http:\/\/www.anovapeneira.gal\/wp-content\/uploads\/2019\/06\/logo_a_nova_peneira_portal_web.png","width":300,"height":100,"caption":"A Nova Peneira"},"image":{"@id":"https:\/\/www.anovapeneira.gal\/#\/schema\/logo\/image\/"},"sameAs":["https:\/\/www.facebook.com\/anovapeneira","https:\/\/x.com\/APeneira"]},{"@type":"Person","@id":"https:\/\/www.anovapeneira.gal\/#\/schema\/person\/b93e3f8932e3f8da96334607eb6ac6aa","name":"Redacci\u00f3n A Nova Peneira","image":{"@type":"ImageObject","inLanguage":"gl-ES","@id":"https:\/\/secure.gravatar.com\/avatar\/c052a2551a06e23fac63626232eaa90abd78dbcf1700fc46a2b2c89fd27b735f?s=96&d=mm&r=g","url":"https:\/\/secure.gravatar.com\/avatar\/c052a2551a06e23fac63626232eaa90abd78dbcf1700fc46a2b2c89fd27b735f?s=96&d=mm&r=g","contentUrl":"https:\/\/secure.gravatar.com\/avatar\/c052a2551a06e23fac63626232eaa90abd78dbcf1700fc46a2b2c89fd27b735f?s=96&d=mm&r=g","caption":"Redacci\u00f3n A Nova Peneira"},"sameAs":["http:\/\/www.anovapeneira.gal\/"],"url":"https:\/\/www.anovapeneira.gal\/index.php\/author\/redactor\/"}]}},"jetpack_featured_media_url":"https:\/\/www.anovapeneira.gal\/wp-content\/uploads\/2024\/04\/baixo_muro.jpg","_links":{"self":[{"href":"https:\/\/www.anovapeneira.gal\/index.php\/wp-json\/wp\/v2\/posts\/11616","targetHints":{"allow":["GET"]}}],"collection":[{"href":"https:\/\/www.anovapeneira.gal\/index.php\/wp-json\/wp\/v2\/posts"}],"about":[{"href":"https:\/\/www.anovapeneira.gal\/index.php\/wp-json\/wp\/v2\/types\/post"}],"author":[{"embeddable":true,"href":"https:\/\/www.anovapeneira.gal\/index.php\/wp-json\/wp\/v2\/users\/3"}],"replies":[{"embeddable":true,"href":"https:\/\/www.anovapeneira.gal\/index.php\/wp-json\/wp\/v2\/comments?post=11616"}],"version-history":[{"count":2,"href":"https:\/\/www.anovapeneira.gal\/index.php\/wp-json\/wp\/v2\/posts\/11616\/revisions"}],"predecessor-version":[{"id":11619,"href":"https:\/\/www.anovapeneira.gal\/index.php\/wp-json\/wp\/v2\/posts\/11616\/revisions\/11619"}],"wp:featuredmedia":[{"embeddable":true,"href":"https:\/\/www.anovapeneira.gal\/index.php\/wp-json\/wp\/v2\/media\/11618"}],"wp:attachment":[{"href":"https:\/\/www.anovapeneira.gal\/index.php\/wp-json\/wp\/v2\/media?parent=11616"}],"wp:term":[{"taxonomy":"category","embeddable":true,"href":"https:\/\/www.anovapeneira.gal\/index.php\/wp-json\/wp\/v2\/categories?post=11616"},{"taxonomy":"post_tag","embeddable":true,"href":"https:\/\/www.anovapeneira.gal\/index.php\/wp-json\/wp\/v2\/tags?post=11616"}],"curies":[{"name":"wp","href":"https:\/\/api.w.org\/{rel}","templated":true}]}}