{"id":11620,"date":"2024-04-18T12:00:42","date_gmt":"2024-04-18T10:00:42","guid":{"rendered":"https:\/\/www.anovapeneira.gal\/?p=11620"},"modified":"2024-04-16T10:00:25","modified_gmt":"2024-04-16T08:00:25","slug":"o-proxecto-dunha-macrocelulosa-en-palas-de-rei-ameaza-ao-corazon-de-galicia","status":"publish","type":"post","link":"https:\/\/www.anovapeneira.gal\/index.php\/2024\/04\/18\/o-proxecto-dunha-macrocelulosa-en-palas-de-rei-ameaza-ao-corazon-de-galicia\/","title":{"rendered":"O proxecto dunha macrocelulosa en Palas de Rei ameaza ao coraz\u00f3n de Galicia"},"content":{"rendered":"\n<p>A empresa portuguesa Altri pretende instalar no concello de Palas de Rei, na comarca da Ulloa, unha macrocelulosa que ocupar\u00eda unha superficie de 360 hect\u00e1reas, 10 veces m\u00e1is das que ocupa Ence na R\u00eda de Pontevedra, e que usar\u00eda 46 mill\u00f3ns de litros diarios de auga do r\u00edo Ulla, dos que supostamente devolver\u00eda 30 mill\u00f3ns de litros tratados. A instalaci\u00f3n ter\u00eda capacidade para producir 400.000 toneladas de celulosa e 200.000 toneladas dunha fibra sint\u00e9tica denominada Lyocell. Para elo precisar\u00eda m\u00e1is de un mill\u00f3n de toneladas anuais de madeira de eucalipto. A zona afectada \u00e9 dun especial interese medio ambiental pois hai especies vexetais e animais que son exclusivas ou case exclusivas en todo o mundo. A sociedade que presenta este proxecto ch\u00e1mase Greenfiber( fibra verde) e \u00e9 resultado da asociaci\u00f3n de Altri, empresa celulosa portuguesa, con Greenalia empresa galega moi importante no sector e\u00f3lico e con v\u00ednculos evidentes coa oligarqu\u00eda econ\u00f3mica e co PP. O seu presidente \u00e9 Jose Mar\u00eda Castellano que foi un destacado executivo de Inditex, e no seu consello de administraci\u00f3n est\u00e1 Beatriz Mato que foi conselleira de Medio Ambiente con Feijoo. O proxecto desta macrocelulosa orixinou unha moi relevante oposici\u00f3n veci\u00f1al de colectivos e individuos que ven como a s\u00faa comarca, os seus medios de vida e o seu medio ambiente poder\u00edan estar seriamente ameazados. N\u00f3s conversamos cun voceiro da plataforma \u201c Ulloa Viva\u201d.El \u00e9 Xulio Fern\u00e1ndez, natural do Concello de Palas de Rei, o epicentro deste proxecto empresarial que se situar\u00eda no concello no que o noso protagonista naceu e vive. Xulio ten 44 anos de idade e traballa no Sindicato Labrego Galego. Vela\u00ed vai o que deu de si a nosa conversa<\/p>\n\n\n\n<p><strong>Xulio Fern\u00e1ndez portavoz da plataforma Ulloa Viva<\/strong><\/p>\n\n\n\n<figure class=\"wp-block-image size-full\"><img loading=\"lazy\" decoding=\"async\" width=\"720\" height=\"432\" src=\"https:\/\/www.anovapeneira.gal\/wp-content\/uploads\/2024\/04\/xulio_fernandez.jpg\" alt=\"\" class=\"wp-image-11621\" srcset=\"https:\/\/www.anovapeneira.gal\/wp-content\/uploads\/2024\/04\/xulio_fernandez.jpg 720w, https:\/\/www.anovapeneira.gal\/wp-content\/uploads\/2024\/04\/xulio_fernandez-300x180.jpg 300w\" sizes=\"auto, (max-width: 720px) 100vw, 720px\" \/><\/figure>\n\n\n\n<h2 class=\"wp-block-heading\">\u201c<strong>De ser necesario iriamos \u00e1 v\u00eda xudicial, pero imos chegar ata o final para evitar este atentado contra a nosa comarca\u201d<\/strong><\/h2>\n\n\n\n<p><strong>Cando e como chegan as primeiras novas sobre a intenci\u00f3n da celulosa portuguesa Altri de instalar esta empresa na vosa comarca?<\/strong><\/p>\n\n\n\n<blockquote class=\"wp-block-quote is-layout-flow wp-block-quote-is-layout-flow\">\n<p>As primeiras informaci\u00f3ns ao respecto chegan hai arredor de dous anos. Pero son novas cuxo contido non ten nada que ver coa realidade, pois falaban dun proxecto de instalaci\u00f3n de fibras t\u00e9xtiles moi verde e ecol\u00f3xico que logo a realidade dos feitos amosou que non \u00e9 as\u00ed. Nese momento organizamos unhas charlas en Palas de Rei pois comezabamos a preguntarnos en que consist\u00eda en verdade o que nos quer\u00edan chantar na nosa comarca.<\/p>\n<\/blockquote>\n\n\n\n<p><strong>Nese instante xa exist\u00eda a plataforma?<\/strong><\/p>\n\n\n\n<blockquote class=\"wp-block-quote is-layout-flow wp-block-quote-is-layout-flow\">\n<p>Non, existiamos as persoas que a formamos. Non \u00e9 posible dicir unha data exacta na que formalizamos a nosa existencia, s\u00f3 que naquel momento, no que comeza a se co\u00f1ecer a intenci\u00f3n de Altri, n\u00f3s empezamos a preocuparnos e a organizarnos como colectivo pois ti\u00f1amos moitas inc\u00f3gnitas.<\/p>\n<\/blockquote>\n\n\n\n<p><strong>Esas inc\u00f3gnitas como se foron despexando?<\/strong><\/p>\n\n\n\n<blockquote class=\"wp-block-quote is-layout-flow wp-block-quote-is-layout-flow\">\n<p>Inicialmente a trav\u00e9s das pingas que \u00edan sa\u00edndo nos medios de comunicaci\u00f3n. Pero cando nos soan todas as alarmas \u00e9 cando a empresa solicita a Augas de Galicia a concesi\u00f3n para usar 46 mill\u00f3ns de litros de auga ao d\u00eda.<\/p>\n<\/blockquote>\n\n\n\n<p><strong>Ese dato est\u00e1 ben? 46.000.000 de litros ao d\u00eda?<\/strong><\/p>\n\n\n\n<blockquote class=\"wp-block-quote is-layout-flow wp-block-quote-is-layout-flow\">\n<p>Si, est\u00e1 ben. Son consciente de que \u00e9 unha absoluta barbaridade, pero \u00e9 a realidade. O m\u00e1is preocupante \u00e9 que solicitan a captaci\u00f3n no encoro de Portodemouros, pois se a pediran no r\u00edo Ulla alarmari\u00e1monos moito tam\u00e9n, pero menos, porque iso non ser\u00eda viable. O r\u00edo non pode dar esa cantidade auga, literalmente acabar\u00eda por se secar.<\/p>\n<\/blockquote>\n\n\n\n<p><strong>Que superficie abranguer\u00eda a empresa se finalmente acaba por instalarse?<\/strong><\/p>\n\n\n\n<blockquote class=\"wp-block-quote is-layout-flow wp-block-quote-is-layout-flow\">\n<p>Inicialmente fal\u00e1base de que se \u00eda instalar nun lugar que n\u00f3s co\u00f1ecemos como a finca de Quintas, pero esa finca ten unha superficie de arredor de 120 hect\u00e1reas e o proxecto da empresa est\u00e9ndese a unha \u00e1rea de 360 hect\u00e1reas.<\/p>\n<\/blockquote>\n\n\n\n<p><strong>A superficie \u00e9 enorme. De quen son agora mesmo eses terreos?<\/strong><\/p>\n\n\n\n<blockquote class=\"wp-block-quote is-layout-flow wp-block-quote-is-layout-flow\">\n<p>A finca de Quintas \u00e9 dun \u00fanico propietario particular. Son terras que foi xuntando unha persoa para un proxecto gandeiro, o resto son de moitas persoas propietarias particulares. O n\u00famero de persoas afectadas, tanto pola captaci\u00f3n de auga como pola expropiaci\u00f3n de terras para a instalaci\u00f3n da industria, se finalmente se acaba por instalar, \u00e9 moi elevado.<\/p>\n<\/blockquote>\n\n\n\n<p><strong>Esa superficie multiplica por dez a que ten Ence na R\u00eda de Pontevedra?<\/strong><\/p>\n\n\n\n<blockquote class=\"wp-block-quote is-layout-flow wp-block-quote-is-layout-flow\">\n<p>Si,na extensi\u00f3n do terreo que ocupan si.<\/p>\n<\/blockquote>\n\n\n\n<p><strong>A comarca da Ulloa fundamentalmente de que vive?<\/strong><\/p>\n\n\n\n<blockquote class=\"wp-block-quote is-layout-flow wp-block-quote-is-layout-flow\">\n<p>A Ulloa , a Terra de Melide e o Deza son comarcas esencialmente gandeiras nas que tam\u00e9n xoga un papel moi importante o turismo, en particular o que se refire ao cami\u00f1o de Santiago. Temos a convicci\u00f3n de que se este proxecto acaba por se instalar ambos eixos esenciais nas nosas econom\u00edas ver\u00edanse seriamente prexudicados.<\/p>\n<\/blockquote>\n\n\n\n<p><strong>O marisqueo na R\u00eda de Arousa poder\u00eda verse afectado se se instala a f\u00e1brica?<\/strong><\/p>\n\n\n\n<blockquote class=\"wp-block-quote is-layout-flow wp-block-quote-is-layout-flow\">\n<p>Si. N\u00f3s temos falado coa plataforma en defensa da R\u00eda de Arousa e dinnos que eles xa ve\u00f1en acusando problemas graves pola contaminaci\u00f3n e te\u00f1en moito medo de que isto supo\u00f1a un golpe brutal para a actividade econ\u00f3mica do marisqueo.<\/p>\n<\/blockquote>\n\n\n\n<p><strong>As captaci\u00f3ns de augas para as persoas que vivides na zona ver\u00edanse moi afectadas?<\/strong><\/p>\n\n\n\n<blockquote class=\"wp-block-quote is-layout-flow wp-block-quote-is-layout-flow\">\n<p>E tanto que si. Na mi\u00f1a aldea por exemplo s\u00f3 hai d\u00faas captaci\u00f3ns de augas e se finalmente o proxecto se acaba por concretar ambas quedar\u00edan dentro da finca industrial.<\/p>\n<\/blockquote>\n\n\n\n<p><strong>Quen formades parte da plataforma Ulloa Viva?<\/strong><\/p>\n\n\n\n<blockquote class=\"wp-block-quote is-layout-flow wp-block-quote-is-layout-flow\">\n<p>Todo tipo de persoas non s\u00f3 da nosa comarca sen\u00f3n tam\u00e9n de comarcas veci\u00f1as comprometidas co ben com\u00fan e preocupadas pola situaci\u00f3n. Hai persoas da Terra de Melide, da Golada , do Deza&#8230;..<\/p>\n<\/blockquote>\n\n\n\n<p><strong>Supo\u00f1o que na plataforma haber\u00e1 persoas e colectivos de todo tipo de adscrici\u00f3n ideol\u00f3xica?<\/strong><\/p>\n\n\n\n<blockquote class=\"wp-block-quote is-layout-flow wp-block-quote-is-layout-flow\">\n<p>Por suposto que si. Na plataforma estamos persoas de todo tipo de vinculaci\u00f3n pol\u00edtica e tam\u00e9n as hai \u00e1s que a pol\u00edtica non lles importa. O \u00fanico que nos une \u00e9 a defensa da vida e do benestar da nosa comarca. Cando o PP di que o que hai detr\u00e1s da plataforma \u00e9 a loita pol\u00edtica non di a verdade. A ver como explican por exemplo que o PP de Melide non vote a favor da instalaci\u00f3n de Altri no pleno do seu concello, na moci\u00f3n presentada ao respecto, sen\u00f3n que se abste\u00f1a.<\/p>\n<\/blockquote>\n\n\n\n<p><strong>Da forma m\u00e1is sint\u00e9tica e concreta que poidas descr\u00edbenos en que consiste o proxecto industrial?<\/strong><\/p>\n\n\n\n<blockquote class=\"wp-block-quote is-layout-flow wp-block-quote-is-layout-flow\">\n<p>\u00c9 un proxecto para a fabricaci\u00f3n de celulosa e lyocell. O que m\u00e1is nos alarma , polo que temos constatado noutros lugares, \u00e9 a contaminaci\u00f3n e o consumo de auga asociados \u00e1 celulosa.<\/p>\n<\/blockquote>\n\n\n\n<p><strong>Que \u00e9 o lyocell?<\/strong><\/p>\n\n\n\n<blockquote class=\"wp-block-quote is-layout-flow wp-block-quote-is-layout-flow\">\n<p>Son unhas estruturas destinadas \u00e1 fabricaci\u00f3n de fibras t\u00e9xtiles baseadas no eucalipto. O proxecto est\u00e1 dese\u00f1ado para producir 400 mil toneladas de celulosa e 200 mil de lyocell para o cal precisan usar 46.000.000 de litros diarios de auga.<\/p>\n<\/blockquote>\n\n\n\n<p><strong>Eles din que eses litros non ser\u00e1n consumidos sen\u00f3n usados?<\/strong><\/p>\n\n\n\n<blockquote class=\"wp-block-quote is-layout-flow wp-block-quote-is-layout-flow\">\n<p>Eles din que van coller 46 mill\u00f3ns de litros ao d\u00eda e a devolver 30 mill\u00f3ns de litros ao d\u00eda. Esa auga que supostamente vai volver ao r\u00edo vaino facer tratada co que moito nos tememos que vai volver peor do que sa\u00edu. Asemade se collen 46 e devolven 30 , pois 16 mill\u00f3ns de litros de auga desaparecer\u00edan cada d\u00eda. E as\u00ed \u00e9 como est\u00e1 recollido no proxecto. Agora saen con outras cousas pero o que pon negro sobre branco \u00e9 iso: captan 46 mill\u00f3ns de litros de auga ao d\u00eda e devolven 30.<\/p>\n<\/blockquote>\n\n\n\n<p><strong>Por outra banda est\u00e1 o asunto da temperatura da auga?<\/strong><\/p>\n\n\n\n<blockquote class=\"wp-block-quote is-layout-flow wp-block-quote-is-layout-flow\">\n<p>No proxecto di que a auga vai volver a 27 graos. Eles din qua a auga que volva non superar\u00e1 os tres graos de diferencia con relaci\u00f3n \u00e1 que saia. Eses tres graos \u00e9 o m\u00e1ximo que permite a lei. O que \u00e9 evidente \u00e9 que a auga quente que van botar si que vai ter impacto na auga do r\u00edo elevando a s\u00faa temperatura o que vai facer que proliferen especies prexudiciais.<\/p>\n<\/blockquote>\n\n\n\n<p><strong>Como se financiar\u00eda a instalaci\u00f3n da empresa?<\/strong><\/p>\n\n\n\n<blockquote class=\"wp-block-quote is-layout-flow wp-block-quote-is-layout-flow\">\n<p>Eles falan de que queren facer unha inversi\u00f3n de 900 mill\u00f3ns de \u20ac e din que precisan arredor de 250 mill\u00f3ns de \u20ac de fondos Next Generation. \u00c9 dicir case o 28% do custe ser\u00eda financiado por cartos p\u00fablicos. De ser as\u00ed toda esa partida ser\u00eda \u00edntegra para este proxecto e non se poder\u00eda financiar ning\u00fan outro. Non me colle na cabeza como uns fondos que son para descarbonizar os comer\u00eda na s\u00faa totalidade unha empresa cun impacto tan negativo na contorna.<\/p>\n<\/blockquote>\n\n\n\n<p><strong>Cantos postos de traballo crear\u00eda Altri?<\/strong><\/p>\n\n\n\n<blockquote class=\"wp-block-quote is-layout-flow wp-block-quote-is-layout-flow\">\n<p>A propaganda \u00e9 moi diversa. Eles falan de 2.500 pero houbo conselleiras que chegaron a mencionar que ser\u00edan 4.000. No proxecto o que se deduce \u00e9 que o m\u00e1ximo n\u00famero de persoas que poder\u00edan chegar a traballar a\u00ed sexan 500.Cando falan de postos indirectos eles xogan con postos que xa existen.<\/p>\n<\/blockquote>\n\n\n\n<p><strong>A que te refires?<\/strong><\/p>\n\n\n\n<blockquote class=\"wp-block-quote is-layout-flow wp-block-quote-is-layout-flow\">\n<p>Eles din que non vai ser necesario plantar m\u00e1is eucalipto. Ent\u00f3n de onde se saca a suposta necesidade do aumento de transportistas para transportar a madeira?, porque agora mesmo non hai unha soa plantaci\u00f3n de eucalipto que quede sen cortar cando lle toca. No que se refire \u00e1s prazas de hotel a comarca est\u00e1 practicamente ao 100% , onde estar\u00eda o beneficio?.O emprego que se xere na comarca, se se xera, ser\u00eda m\u00ednimo.<\/p>\n<\/blockquote>\n\n\n\n<p><strong>Falastes coas forzas pol\u00edticas?<\/strong><\/p>\n\n\n\n<blockquote class=\"wp-block-quote is-layout-flow wp-block-quote-is-layout-flow\">\n<p>Con quen nos quixo atender si.<\/p>\n<\/blockquote>\n\n\n\n<p><strong>Quen vos atendeu?<\/strong><\/p>\n\n\n\n<blockquote class=\"wp-block-quote is-layout-flow wp-block-quote-is-layout-flow\">\n<p>Comezamos polos concellos de Santiso, Melide, A Golada e Antas de Ulla que foron os m\u00e1is receptivos.<\/p>\n<\/blockquote>\n\n\n\n<p><strong>Quen goberna neses catro concellos?<\/strong><\/p>\n\n\n\n<blockquote class=\"wp-block-quote is-layout-flow wp-block-quote-is-layout-flow\">\n<p>En Melide unha agrupaci\u00f3n independente en coalici\u00f3n co Bng, en Santiso o Bng, en Antas de Ulla o PSOE, e na Golada unha agrupaci\u00f3n independente .E hai m\u00e1is alcaldes que amosan o seu apoio \u00e1s nosas reivindicaci\u00f3ns a\u00ednda que non tiveramos falado directamente con eles.<\/p>\n<\/blockquote>\n\n\n\n<p><strong>Cos grupos pol\u00edticos tedes falado?<\/strong><\/p>\n\n\n\n<blockquote class=\"wp-block-quote is-layout-flow wp-block-quote-is-layout-flow\">\n<p>Si , falamos co BNG, Sumar e Podemos. Os tres amosaron a s\u00faa sensibilidade e manifestaron que traballar\u00edan nos parlamentos galego,estatal e europeo para tratar de impedir a instalaci\u00f3n da empresa.<\/p>\n<\/blockquote>\n\n\n\n<p><strong>E o PSdeG?<\/strong><\/p>\n\n\n\n<blockquote class=\"wp-block-quote is-layout-flow wp-block-quote-is-layout-flow\">\n<p>Si, temos falado. Non te\u00f1en unha posici\u00f3n oficial ao respecto pero si hai indicios que nos permiten ser optimistas como por exemplo a posici\u00f3n da Deputaci\u00f3n de Lugo que si se manifestou en contra ou a posici\u00f3n dos concellos da comarca nos que eles gobernan.<\/p>\n<\/blockquote>\n\n\n\n<p><strong>Co PP falastes?<\/strong><\/p>\n\n\n\n<blockquote class=\"wp-block-quote is-layout-flow wp-block-quote-is-layout-flow\">\n<p>Non.<\/p>\n<\/blockquote>\n\n\n\n<p><strong>Por que?<\/strong><\/p>\n\n\n\n<blockquote class=\"wp-block-quote is-layout-flow wp-block-quote-is-layout-flow\">\n<p>Non temos as portas abertas para falar con eles.<\/p>\n<\/blockquote>\n\n\n\n<p><strong>Que significa iso de \u201cnon ter as portas abertas\u201d?<\/strong><\/p>\n\n\n\n<blockquote class=\"wp-block-quote is-layout-flow wp-block-quote-is-layout-flow\">\n<p>Non conseguimos interlocutor para falar con eles.<\/p>\n<\/blockquote>\n\n\n\n<p><strong>Os concellos do PP na comarca son Palas de Rei e Monterroso. Que pasou nestes dous casos?<\/strong><\/p>\n\n\n\n<blockquote class=\"wp-block-quote is-layout-flow wp-block-quote-is-layout-flow\">\n<p>O alcalde de Palas veu \u00e1 primeira charla que se fixera en Palas, \u00e9 certo que marchou antes de que rematara. Tratou de dar explicaci\u00f3ns que a n\u00f3s non nos valen porque el \u00e9 un avalista dese proxecto. O alcalde de Monterroso fai seguidismo do alcalde de Palas.<\/p>\n<\/blockquote>\n\n\n\n<p><strong>A empresa dirixiuse nalg\u00fan momento a v\u00f3s?<\/strong><\/p>\n\n\n\n<blockquote class=\"wp-block-quote is-layout-flow wp-block-quote-is-layout-flow\">\n<p>Como plataforma non. Eles vi\u00f1eron a dar unhas charlas a distintos concellos da comarca. Pero deixaron \u00e1 xente colgada. A varios concellos non asistiron seica porque non pod\u00edan falar nas charlas pola suposta agresividade dos asistentes.<\/p>\n<\/blockquote>\n\n\n\n<p><strong>E existiu esa suposta agresividade?<\/strong><\/p>\n\n\n\n<blockquote class=\"wp-block-quote is-layout-flow wp-block-quote-is-layout-flow\">\n<p>Eu asist\u00edn \u00e1 charla de Melide enteira e a parte da de Monterroso e foron moi tranquilas. O que aconteceu \u00e9 que non daban respondido \u00e1s preguntas que lles fac\u00eda a xente. O que non esperaban \u00e9 que se lles fixeran preguntas inc\u00f3modas. En ning\u00fan caso houbo actitudes agresivas nin faltas de respecto.<\/p>\n<\/blockquote>\n\n\n\n<p><strong>En que fase estamos agora mesmo?<\/strong><\/p>\n\n\n\n<blockquote class=\"wp-block-quote is-layout-flow wp-block-quote-is-layout-flow\">\n<p>Ata o d\u00eda 17 est\u00e1 aberto o prazo de presentaci\u00f3n de alegaci\u00f3ns contra o proxecto da celulosa.<\/p>\n<\/blockquote>\n\n\n\n<p><strong>Temos constancia a d\u00eda de hoxe( 08\/04) de como vai o volume de alegaci\u00f3ns presentadas?<\/strong><\/p>\n\n\n\n<blockquote class=\"wp-block-quote is-layout-flow wp-block-quote-is-layout-flow\">\n<p>Non podemos saber a cifra exacta ata que se acabe todo, pero temos constancia de que vai haber un n\u00famero moi elevado de alegaci\u00f3ns. Os rexistros dos Concellos est\u00e1n recibindo un volume moi alto de alegaci\u00f3ns.<\/p>\n<\/blockquote>\n\n\n\n<p><strong>O rexistro do Concello de Palas de Rei tam\u00e9n?<\/strong><\/p>\n\n\n\n<blockquote class=\"wp-block-quote is-layout-flow wp-block-quote-is-layout-flow\">\n<p>Non, nese caso Non. A xente sabe que se as presenta al\u00ed o alcalde vai fichar a quen as presente e prefire facelo noutros concellos.<\/p>\n<\/blockquote>\n\n\n\n<p><strong>No caso de que se estimen as alegaci\u00f3ns o proxecto decaer\u00eda?<\/strong><\/p>\n\n\n\n<blockquote class=\"wp-block-quote is-layout-flow wp-block-quote-is-layout-flow\">\n<p>Si se estiman na medida que n\u00f3s estamos formulando si. Temos varios cient\u00edficos traballando en varias \u00e1reas e estamos a presentar alegaci\u00f3ns moi contundentes. Se estiman as alegaci\u00f3ns m\u00e1is graves o proxecto ter\u00eda que decaer.<\/p>\n<\/blockquote>\n\n\n\n<p><strong>Se se desestiman as alegaci\u00f3ns substanciais que vai pasar?<\/strong><\/p>\n\n\n\n<blockquote class=\"wp-block-quote is-layout-flow wp-block-quote-is-layout-flow\">\n<p>Pois esgotariamos a v\u00eda administrativa e de ser necesario iriamos \u00e1 v\u00eda xudicial. Imos ir ata o final para evitar este atentado contra a nosa a comarca.<\/p>\n<\/blockquote>\n\n\n\n<p><strong>En xeral cal \u00e9 a pulsi\u00f3n maioritaria da sociedade da comarca?<\/strong><\/p>\n\n\n\n<blockquote class=\"wp-block-quote is-layout-flow wp-block-quote-is-layout-flow\">\n<p>Hai un clamor maioritario na sociedade claramente contrario a este proxecto.<\/p>\n<\/blockquote>\n","protected":false},"excerpt":{"rendered":"<div class=\"mh-excerpt\"><p>De ser necesario iriamos \u00e1 v\u00eda xudicial, pero imos chegar ata o final para evitar este atentado contra a nosa comarca <a class=\"mh-excerpt-more\" href=\"https:\/\/www.anovapeneira.gal\/index.php\/2024\/04\/18\/o-proxecto-dunha-macrocelulosa-en-palas-de-rei-ameaza-ao-corazon-de-galicia\/\" title=\"O proxecto dunha macrocelulosa en Palas de Rei ameaza ao coraz\u00f3n de Galicia\">[&#8230;]<\/a><\/p>\n<\/div>","protected":false},"author":3,"featured_media":11622,"comment_status":"open","ping_status":"open","sticky":false,"template":"","format":"standard","meta":{"_exactmetrics_skip_tracking":false,"_exactmetrics_sitenote_active":false,"_exactmetrics_sitenote_note":"","_exactmetrics_sitenote_category":0,"footnotes":""},"categories":[264],"tags":[1398],"class_list":{"0":"post-11620","1":"post","2":"type-post","3":"status-publish","4":"format-standard","5":"has-post-thumbnail","7":"category-entrevistas-galicia","8":"tag-altri"},"yoast_head":"<!-- This site is optimized with the Yoast SEO plugin v27.4 - https:\/\/yoast.com\/product\/yoast-seo-wordpress\/ -->\n<title>O proxecto dunha macrocelulosa en Palas de Rei ameaza ao coraz\u00f3n de Galicia -<\/title>\n<meta name=\"robots\" content=\"index, follow, max-snippet:-1, max-image-preview:large, max-video-preview:-1\" \/>\n<link rel=\"canonical\" href=\"https:\/\/www.anovapeneira.gal\/index.php\/2024\/04\/18\/o-proxecto-dunha-macrocelulosa-en-palas-de-rei-ameaza-ao-corazon-de-galicia\/\" \/>\n<meta property=\"og:locale\" content=\"gl_ES\" \/>\n<meta property=\"og:type\" content=\"article\" \/>\n<meta property=\"og:title\" content=\"O proxecto dunha macrocelulosa en Palas de Rei ameaza ao coraz\u00f3n de Galicia -\" \/>\n<meta property=\"og:description\" content=\"De ser necesario iriamos \u00e1 v\u00eda xudicial, pero imos chegar ata o final para evitar este atentado contra a nosa comarca [...]\" \/>\n<meta property=\"og:url\" content=\"https:\/\/www.anovapeneira.gal\/index.php\/2024\/04\/18\/o-proxecto-dunha-macrocelulosa-en-palas-de-rei-ameaza-ao-corazon-de-galicia\/\" \/>\n<meta property=\"article:publisher\" content=\"https:\/\/www.facebook.com\/anovapeneira\" \/>\n<meta property=\"article:published_time\" content=\"2024-04-18T10:00:42+00:00\" \/>\n<meta property=\"og:image\" content=\"https:\/\/www.anovapeneira.gal\/wp-content\/uploads\/2024\/04\/altri.jpg\" \/>\n\t<meta property=\"og:image:width\" content=\"720\" \/>\n\t<meta property=\"og:image:height\" content=\"432\" \/>\n\t<meta property=\"og:image:type\" content=\"image\/jpeg\" \/>\n<meta name=\"author\" content=\"Redacci\u00f3n A Nova Peneira\" \/>\n<meta name=\"twitter:card\" content=\"summary_large_image\" \/>\n<meta name=\"twitter:creator\" content=\"@APeneira\" \/>\n<meta name=\"twitter:site\" content=\"@APeneira\" \/>\n<meta name=\"twitter:label1\" content=\"Escrito por\" \/>\n\t<meta name=\"twitter:data1\" content=\"Redacci\u00f3n A Nova Peneira\" \/>\n\t<meta name=\"twitter:label2\" content=\"Tempo de lectura\" \/>\n\t<meta name=\"twitter:data2\" content=\"4 minutos\" \/>\n<script type=\"application\/ld+json\" class=\"yoast-schema-graph\">{\"@context\":\"https:\\\/\\\/schema.org\",\"@graph\":[{\"@type\":\"Article\",\"@id\":\"https:\\\/\\\/www.anovapeneira.gal\\\/index.php\\\/2024\\\/04\\\/18\\\/o-proxecto-dunha-macrocelulosa-en-palas-de-rei-ameaza-ao-corazon-de-galicia\\\/#article\",\"isPartOf\":{\"@id\":\"https:\\\/\\\/www.anovapeneira.gal\\\/index.php\\\/2024\\\/04\\\/18\\\/o-proxecto-dunha-macrocelulosa-en-palas-de-rei-ameaza-ao-corazon-de-galicia\\\/\"},\"author\":{\"name\":\"Redacci\u00f3n A Nova Peneira\",\"@id\":\"https:\\\/\\\/www.anovapeneira.gal\\\/#\\\/schema\\\/person\\\/b93e3f8932e3f8da96334607eb6ac6aa\"},\"headline\":\"O proxecto dunha macrocelulosa en Palas de Rei ameaza ao coraz\u00f3n de Galicia\",\"datePublished\":\"2024-04-18T10:00:42+00:00\",\"mainEntityOfPage\":{\"@id\":\"https:\\\/\\\/www.anovapeneira.gal\\\/index.php\\\/2024\\\/04\\\/18\\\/o-proxecto-dunha-macrocelulosa-en-palas-de-rei-ameaza-ao-corazon-de-galicia\\\/\"},\"wordCount\":2237,\"commentCount\":0,\"publisher\":{\"@id\":\"https:\\\/\\\/www.anovapeneira.gal\\\/#organization\"},\"image\":{\"@id\":\"https:\\\/\\\/www.anovapeneira.gal\\\/index.php\\\/2024\\\/04\\\/18\\\/o-proxecto-dunha-macrocelulosa-en-palas-de-rei-ameaza-ao-corazon-de-galicia\\\/#primaryimage\"},\"thumbnailUrl\":\"https:\\\/\\\/www.anovapeneira.gal\\\/wp-content\\\/uploads\\\/2024\\\/04\\\/altri.jpg\",\"keywords\":[\"Altri\"],\"articleSection\":[\"Entrevistas\"],\"inLanguage\":\"gl-ES\",\"potentialAction\":[{\"@type\":\"CommentAction\",\"name\":\"Comment\",\"target\":[\"https:\\\/\\\/www.anovapeneira.gal\\\/index.php\\\/2024\\\/04\\\/18\\\/o-proxecto-dunha-macrocelulosa-en-palas-de-rei-ameaza-ao-corazon-de-galicia\\\/#respond\"]}]},{\"@type\":\"WebPage\",\"@id\":\"https:\\\/\\\/www.anovapeneira.gal\\\/index.php\\\/2024\\\/04\\\/18\\\/o-proxecto-dunha-macrocelulosa-en-palas-de-rei-ameaza-ao-corazon-de-galicia\\\/\",\"url\":\"https:\\\/\\\/www.anovapeneira.gal\\\/index.php\\\/2024\\\/04\\\/18\\\/o-proxecto-dunha-macrocelulosa-en-palas-de-rei-ameaza-ao-corazon-de-galicia\\\/\",\"name\":\"O proxecto dunha macrocelulosa en Palas de Rei ameaza ao coraz\u00f3n de Galicia -\",\"isPartOf\":{\"@id\":\"https:\\\/\\\/www.anovapeneira.gal\\\/#website\"},\"primaryImageOfPage\":{\"@id\":\"https:\\\/\\\/www.anovapeneira.gal\\\/index.php\\\/2024\\\/04\\\/18\\\/o-proxecto-dunha-macrocelulosa-en-palas-de-rei-ameaza-ao-corazon-de-galicia\\\/#primaryimage\"},\"image\":{\"@id\":\"https:\\\/\\\/www.anovapeneira.gal\\\/index.php\\\/2024\\\/04\\\/18\\\/o-proxecto-dunha-macrocelulosa-en-palas-de-rei-ameaza-ao-corazon-de-galicia\\\/#primaryimage\"},\"thumbnailUrl\":\"https:\\\/\\\/www.anovapeneira.gal\\\/wp-content\\\/uploads\\\/2024\\\/04\\\/altri.jpg\",\"datePublished\":\"2024-04-18T10:00:42+00:00\",\"breadcrumb\":{\"@id\":\"https:\\\/\\\/www.anovapeneira.gal\\\/index.php\\\/2024\\\/04\\\/18\\\/o-proxecto-dunha-macrocelulosa-en-palas-de-rei-ameaza-ao-corazon-de-galicia\\\/#breadcrumb\"},\"inLanguage\":\"gl-ES\",\"potentialAction\":[{\"@type\":\"ReadAction\",\"target\":[\"https:\\\/\\\/www.anovapeneira.gal\\\/index.php\\\/2024\\\/04\\\/18\\\/o-proxecto-dunha-macrocelulosa-en-palas-de-rei-ameaza-ao-corazon-de-galicia\\\/\"]}]},{\"@type\":\"ImageObject\",\"inLanguage\":\"gl-ES\",\"@id\":\"https:\\\/\\\/www.anovapeneira.gal\\\/index.php\\\/2024\\\/04\\\/18\\\/o-proxecto-dunha-macrocelulosa-en-palas-de-rei-ameaza-ao-corazon-de-galicia\\\/#primaryimage\",\"url\":\"https:\\\/\\\/www.anovapeneira.gal\\\/wp-content\\\/uploads\\\/2024\\\/04\\\/altri.jpg\",\"contentUrl\":\"https:\\\/\\\/www.anovapeneira.gal\\\/wp-content\\\/uploads\\\/2024\\\/04\\\/altri.jpg\",\"width\":720,\"height\":432,\"caption\":\"ALTRI\"},{\"@type\":\"BreadcrumbList\",\"@id\":\"https:\\\/\\\/www.anovapeneira.gal\\\/index.php\\\/2024\\\/04\\\/18\\\/o-proxecto-dunha-macrocelulosa-en-palas-de-rei-ameaza-ao-corazon-de-galicia\\\/#breadcrumb\",\"itemListElement\":[{\"@type\":\"ListItem\",\"position\":1,\"name\":\"Portada\",\"item\":\"https:\\\/\\\/www.anovapeneira.gal\\\/\"},{\"@type\":\"ListItem\",\"position\":2,\"name\":\"O proxecto dunha macrocelulosa en Palas de Rei ameaza ao coraz\u00f3n de Galicia\"}]},{\"@type\":\"WebSite\",\"@id\":\"https:\\\/\\\/www.anovapeneira.gal\\\/#website\",\"url\":\"https:\\\/\\\/www.anovapeneira.gal\\\/\",\"name\":\"\",\"description\":\"Xornal galego de informaci\u00f3n xeral Publicaci\u00f3n mensual de novas de Galicia e en especial dos Concellos da sur da provincia de Pontevedra.\",\"publisher\":{\"@id\":\"https:\\\/\\\/www.anovapeneira.gal\\\/#organization\"},\"potentialAction\":[{\"@type\":\"SearchAction\",\"target\":{\"@type\":\"EntryPoint\",\"urlTemplate\":\"https:\\\/\\\/www.anovapeneira.gal\\\/?s={search_term_string}\"},\"query-input\":{\"@type\":\"PropertyValueSpecification\",\"valueRequired\":true,\"valueName\":\"search_term_string\"}}],\"inLanguage\":\"gl-ES\"},{\"@type\":\"Organization\",\"@id\":\"https:\\\/\\\/www.anovapeneira.gal\\\/#organization\",\"name\":\"A Nova Peneira\",\"url\":\"https:\\\/\\\/www.anovapeneira.gal\\\/\",\"logo\":{\"@type\":\"ImageObject\",\"inLanguage\":\"gl-ES\",\"@id\":\"https:\\\/\\\/www.anovapeneira.gal\\\/#\\\/schema\\\/logo\\\/image\\\/\",\"url\":\"http:\\\/\\\/www.anovapeneira.gal\\\/wp-content\\\/uploads\\\/2019\\\/06\\\/logo_a_nova_peneira_portal_web.png\",\"contentUrl\":\"http:\\\/\\\/www.anovapeneira.gal\\\/wp-content\\\/uploads\\\/2019\\\/06\\\/logo_a_nova_peneira_portal_web.png\",\"width\":300,\"height\":100,\"caption\":\"A Nova Peneira\"},\"image\":{\"@id\":\"https:\\\/\\\/www.anovapeneira.gal\\\/#\\\/schema\\\/logo\\\/image\\\/\"},\"sameAs\":[\"https:\\\/\\\/www.facebook.com\\\/anovapeneira\",\"https:\\\/\\\/x.com\\\/APeneira\"]},{\"@type\":\"Person\",\"@id\":\"https:\\\/\\\/www.anovapeneira.gal\\\/#\\\/schema\\\/person\\\/b93e3f8932e3f8da96334607eb6ac6aa\",\"name\":\"Redacci\u00f3n A Nova Peneira\",\"image\":{\"@type\":\"ImageObject\",\"inLanguage\":\"gl-ES\",\"@id\":\"https:\\\/\\\/secure.gravatar.com\\\/avatar\\\/c052a2551a06e23fac63626232eaa90abd78dbcf1700fc46a2b2c89fd27b735f?s=96&d=mm&r=g\",\"url\":\"https:\\\/\\\/secure.gravatar.com\\\/avatar\\\/c052a2551a06e23fac63626232eaa90abd78dbcf1700fc46a2b2c89fd27b735f?s=96&d=mm&r=g\",\"contentUrl\":\"https:\\\/\\\/secure.gravatar.com\\\/avatar\\\/c052a2551a06e23fac63626232eaa90abd78dbcf1700fc46a2b2c89fd27b735f?s=96&d=mm&r=g\",\"caption\":\"Redacci\u00f3n A Nova Peneira\"},\"sameAs\":[\"http:\\\/\\\/www.anovapeneira.gal\\\/\"],\"url\":\"https:\\\/\\\/www.anovapeneira.gal\\\/index.php\\\/author\\\/redactor\\\/\"}]}<\/script>\n<!-- \/ Yoast SEO plugin. -->","yoast_head_json":{"title":"O proxecto dunha macrocelulosa en Palas de Rei ameaza ao coraz\u00f3n de Galicia -","robots":{"index":"index","follow":"follow","max-snippet":"max-snippet:-1","max-image-preview":"max-image-preview:large","max-video-preview":"max-video-preview:-1"},"canonical":"https:\/\/www.anovapeneira.gal\/index.php\/2024\/04\/18\/o-proxecto-dunha-macrocelulosa-en-palas-de-rei-ameaza-ao-corazon-de-galicia\/","og_locale":"gl_ES","og_type":"article","og_title":"O proxecto dunha macrocelulosa en Palas de Rei ameaza ao coraz\u00f3n de Galicia -","og_description":"De ser necesario iriamos \u00e1 v\u00eda xudicial, pero imos chegar ata o final para evitar este atentado contra a nosa comarca [...]","og_url":"https:\/\/www.anovapeneira.gal\/index.php\/2024\/04\/18\/o-proxecto-dunha-macrocelulosa-en-palas-de-rei-ameaza-ao-corazon-de-galicia\/","article_publisher":"https:\/\/www.facebook.com\/anovapeneira","article_published_time":"2024-04-18T10:00:42+00:00","og_image":[{"width":720,"height":432,"url":"https:\/\/www.anovapeneira.gal\/wp-content\/uploads\/2024\/04\/altri.jpg","type":"image\/jpeg"}],"author":"Redacci\u00f3n A Nova Peneira","twitter_card":"summary_large_image","twitter_creator":"@APeneira","twitter_site":"@APeneira","twitter_misc":{"Escrito por":"Redacci\u00f3n A Nova Peneira","Tempo de lectura":"4 minutos"},"schema":{"@context":"https:\/\/schema.org","@graph":[{"@type":"Article","@id":"https:\/\/www.anovapeneira.gal\/index.php\/2024\/04\/18\/o-proxecto-dunha-macrocelulosa-en-palas-de-rei-ameaza-ao-corazon-de-galicia\/#article","isPartOf":{"@id":"https:\/\/www.anovapeneira.gal\/index.php\/2024\/04\/18\/o-proxecto-dunha-macrocelulosa-en-palas-de-rei-ameaza-ao-corazon-de-galicia\/"},"author":{"name":"Redacci\u00f3n A Nova Peneira","@id":"https:\/\/www.anovapeneira.gal\/#\/schema\/person\/b93e3f8932e3f8da96334607eb6ac6aa"},"headline":"O proxecto dunha macrocelulosa en Palas de Rei ameaza ao coraz\u00f3n de Galicia","datePublished":"2024-04-18T10:00:42+00:00","mainEntityOfPage":{"@id":"https:\/\/www.anovapeneira.gal\/index.php\/2024\/04\/18\/o-proxecto-dunha-macrocelulosa-en-palas-de-rei-ameaza-ao-corazon-de-galicia\/"},"wordCount":2237,"commentCount":0,"publisher":{"@id":"https:\/\/www.anovapeneira.gal\/#organization"},"image":{"@id":"https:\/\/www.anovapeneira.gal\/index.php\/2024\/04\/18\/o-proxecto-dunha-macrocelulosa-en-palas-de-rei-ameaza-ao-corazon-de-galicia\/#primaryimage"},"thumbnailUrl":"https:\/\/www.anovapeneira.gal\/wp-content\/uploads\/2024\/04\/altri.jpg","keywords":["Altri"],"articleSection":["Entrevistas"],"inLanguage":"gl-ES","potentialAction":[{"@type":"CommentAction","name":"Comment","target":["https:\/\/www.anovapeneira.gal\/index.php\/2024\/04\/18\/o-proxecto-dunha-macrocelulosa-en-palas-de-rei-ameaza-ao-corazon-de-galicia\/#respond"]}]},{"@type":"WebPage","@id":"https:\/\/www.anovapeneira.gal\/index.php\/2024\/04\/18\/o-proxecto-dunha-macrocelulosa-en-palas-de-rei-ameaza-ao-corazon-de-galicia\/","url":"https:\/\/www.anovapeneira.gal\/index.php\/2024\/04\/18\/o-proxecto-dunha-macrocelulosa-en-palas-de-rei-ameaza-ao-corazon-de-galicia\/","name":"O proxecto dunha macrocelulosa en Palas de Rei ameaza ao coraz\u00f3n de Galicia -","isPartOf":{"@id":"https:\/\/www.anovapeneira.gal\/#website"},"primaryImageOfPage":{"@id":"https:\/\/www.anovapeneira.gal\/index.php\/2024\/04\/18\/o-proxecto-dunha-macrocelulosa-en-palas-de-rei-ameaza-ao-corazon-de-galicia\/#primaryimage"},"image":{"@id":"https:\/\/www.anovapeneira.gal\/index.php\/2024\/04\/18\/o-proxecto-dunha-macrocelulosa-en-palas-de-rei-ameaza-ao-corazon-de-galicia\/#primaryimage"},"thumbnailUrl":"https:\/\/www.anovapeneira.gal\/wp-content\/uploads\/2024\/04\/altri.jpg","datePublished":"2024-04-18T10:00:42+00:00","breadcrumb":{"@id":"https:\/\/www.anovapeneira.gal\/index.php\/2024\/04\/18\/o-proxecto-dunha-macrocelulosa-en-palas-de-rei-ameaza-ao-corazon-de-galicia\/#breadcrumb"},"inLanguage":"gl-ES","potentialAction":[{"@type":"ReadAction","target":["https:\/\/www.anovapeneira.gal\/index.php\/2024\/04\/18\/o-proxecto-dunha-macrocelulosa-en-palas-de-rei-ameaza-ao-corazon-de-galicia\/"]}]},{"@type":"ImageObject","inLanguage":"gl-ES","@id":"https:\/\/www.anovapeneira.gal\/index.php\/2024\/04\/18\/o-proxecto-dunha-macrocelulosa-en-palas-de-rei-ameaza-ao-corazon-de-galicia\/#primaryimage","url":"https:\/\/www.anovapeneira.gal\/wp-content\/uploads\/2024\/04\/altri.jpg","contentUrl":"https:\/\/www.anovapeneira.gal\/wp-content\/uploads\/2024\/04\/altri.jpg","width":720,"height":432,"caption":"ALTRI"},{"@type":"BreadcrumbList","@id":"https:\/\/www.anovapeneira.gal\/index.php\/2024\/04\/18\/o-proxecto-dunha-macrocelulosa-en-palas-de-rei-ameaza-ao-corazon-de-galicia\/#breadcrumb","itemListElement":[{"@type":"ListItem","position":1,"name":"Portada","item":"https:\/\/www.anovapeneira.gal\/"},{"@type":"ListItem","position":2,"name":"O proxecto dunha macrocelulosa en Palas de Rei ameaza ao coraz\u00f3n de Galicia"}]},{"@type":"WebSite","@id":"https:\/\/www.anovapeneira.gal\/#website","url":"https:\/\/www.anovapeneira.gal\/","name":"","description":"Xornal galego de informaci\u00f3n xeral Publicaci\u00f3n mensual de novas de Galicia e en especial dos Concellos da sur da provincia de Pontevedra.","publisher":{"@id":"https:\/\/www.anovapeneira.gal\/#organization"},"potentialAction":[{"@type":"SearchAction","target":{"@type":"EntryPoint","urlTemplate":"https:\/\/www.anovapeneira.gal\/?s={search_term_string}"},"query-input":{"@type":"PropertyValueSpecification","valueRequired":true,"valueName":"search_term_string"}}],"inLanguage":"gl-ES"},{"@type":"Organization","@id":"https:\/\/www.anovapeneira.gal\/#organization","name":"A Nova Peneira","url":"https:\/\/www.anovapeneira.gal\/","logo":{"@type":"ImageObject","inLanguage":"gl-ES","@id":"https:\/\/www.anovapeneira.gal\/#\/schema\/logo\/image\/","url":"http:\/\/www.anovapeneira.gal\/wp-content\/uploads\/2019\/06\/logo_a_nova_peneira_portal_web.png","contentUrl":"http:\/\/www.anovapeneira.gal\/wp-content\/uploads\/2019\/06\/logo_a_nova_peneira_portal_web.png","width":300,"height":100,"caption":"A Nova Peneira"},"image":{"@id":"https:\/\/www.anovapeneira.gal\/#\/schema\/logo\/image\/"},"sameAs":["https:\/\/www.facebook.com\/anovapeneira","https:\/\/x.com\/APeneira"]},{"@type":"Person","@id":"https:\/\/www.anovapeneira.gal\/#\/schema\/person\/b93e3f8932e3f8da96334607eb6ac6aa","name":"Redacci\u00f3n A Nova Peneira","image":{"@type":"ImageObject","inLanguage":"gl-ES","@id":"https:\/\/secure.gravatar.com\/avatar\/c052a2551a06e23fac63626232eaa90abd78dbcf1700fc46a2b2c89fd27b735f?s=96&d=mm&r=g","url":"https:\/\/secure.gravatar.com\/avatar\/c052a2551a06e23fac63626232eaa90abd78dbcf1700fc46a2b2c89fd27b735f?s=96&d=mm&r=g","contentUrl":"https:\/\/secure.gravatar.com\/avatar\/c052a2551a06e23fac63626232eaa90abd78dbcf1700fc46a2b2c89fd27b735f?s=96&d=mm&r=g","caption":"Redacci\u00f3n A Nova Peneira"},"sameAs":["http:\/\/www.anovapeneira.gal\/"],"url":"https:\/\/www.anovapeneira.gal\/index.php\/author\/redactor\/"}]}},"jetpack_featured_media_url":"https:\/\/www.anovapeneira.gal\/wp-content\/uploads\/2024\/04\/altri.jpg","_links":{"self":[{"href":"https:\/\/www.anovapeneira.gal\/index.php\/wp-json\/wp\/v2\/posts\/11620","targetHints":{"allow":["GET"]}}],"collection":[{"href":"https:\/\/www.anovapeneira.gal\/index.php\/wp-json\/wp\/v2\/posts"}],"about":[{"href":"https:\/\/www.anovapeneira.gal\/index.php\/wp-json\/wp\/v2\/types\/post"}],"author":[{"embeddable":true,"href":"https:\/\/www.anovapeneira.gal\/index.php\/wp-json\/wp\/v2\/users\/3"}],"replies":[{"embeddable":true,"href":"https:\/\/www.anovapeneira.gal\/index.php\/wp-json\/wp\/v2\/comments?post=11620"}],"version-history":[{"count":2,"href":"https:\/\/www.anovapeneira.gal\/index.php\/wp-json\/wp\/v2\/posts\/11620\/revisions"}],"predecessor-version":[{"id":11624,"href":"https:\/\/www.anovapeneira.gal\/index.php\/wp-json\/wp\/v2\/posts\/11620\/revisions\/11624"}],"wp:featuredmedia":[{"embeddable":true,"href":"https:\/\/www.anovapeneira.gal\/index.php\/wp-json\/wp\/v2\/media\/11622"}],"wp:attachment":[{"href":"https:\/\/www.anovapeneira.gal\/index.php\/wp-json\/wp\/v2\/media?parent=11620"}],"wp:term":[{"taxonomy":"category","embeddable":true,"href":"https:\/\/www.anovapeneira.gal\/index.php\/wp-json\/wp\/v2\/categories?post=11620"},{"taxonomy":"post_tag","embeddable":true,"href":"https:\/\/www.anovapeneira.gal\/index.php\/wp-json\/wp\/v2\/tags?post=11620"}],"curies":[{"name":"wp","href":"https:\/\/api.w.org\/{rel}","templated":true}]}}