{"id":11627,"date":"2024-04-19T12:00:03","date_gmt":"2024-04-19T10:00:03","guid":{"rendered":"https:\/\/www.anovapeneira.gal\/?p=11627"},"modified":"2024-04-17T11:32:26","modified_gmt":"2024-04-17T09:32:26","slug":"xvi-edicion-da-sementeira-de-corzans","status":"publish","type":"post","link":"https:\/\/www.anovapeneira.gal\/index.php\/2024\/04\/19\/xvi-edicion-da-sementeira-de-corzans\/","title":{"rendered":"XVI edici\u00f3n da sementeira de corz\u00e1ns"},"content":{"rendered":"\n<p><strong>Os pr\u00f3ximos 11 e 12 de maio a festa da Sementeira de Corz\u00e1ns celebrar\u00e1 a s\u00faa d\u00e9cimo sexta edici\u00f3n. Esta festa \u00e9 un xeito de amosar ao mundo as nosas tradici\u00f3ns, e a s\u00faa f\u00f3rmula \u00e9 un \u00e9xito indiscutible pois cada ano milleiros de persoas se achegan ata a \u00e1rea recreativa do Mu\u00ed\u00f1o da Ponte en Corz\u00e1ns a gozar das s\u00faas actividades e dunha programaci\u00f3n musical de grande calidade. A organizaci\u00f3n da festa \u00e9 responsabilidade da asociaci\u00f3n Quinta do Pi\u00f1eiro e n\u00f3s conversamos cun dos seus integrantes a case poderiamos dicir que alma mater: Francisco Sousa. Vela\u00ed vai o que deu de si a nosa conversa<\/strong><\/p>\n\n\n\n<p><strong>Francisco Sousa da asociaci\u00f3n Quinta do Pi\u00f1eiro.<\/strong><\/p>\n\n\n\n<p>\u201c<strong>Na Sementeira todo o mundo, desde os nenos ata as persoas m\u00e1is maiores , poder\u00e1 sentirse c\u00f3modo pois teremos actividades para todas as idades\u201d.<\/strong><\/p>\n\n\n\n<p><strong>Un ano m\u00e1is chega a Sementeira de Corz\u00e1ns, e xa son XVI Fran?<\/strong><\/p>\n\n\n\n<blockquote class=\"wp-block-quote is-layout-flow wp-block-quote-is-layout-flow\">\n<p>Pois si, xa levamos 16 anos sementando.<\/p>\n<\/blockquote>\n\n\n\n<p><strong>Algunha vez na vosa historia tivestes que suspender a festa?<\/strong><\/p>\n\n\n\n<blockquote class=\"wp-block-quote is-layout-flow wp-block-quote-is-layout-flow\">\n<p>S\u00f3 o primeiro ano da pandemia.<\/p>\n<\/blockquote>\n\n\n\n<p><strong>Rec\u00f3rdanos o sitio no que se celebra a festa?<\/strong><\/p>\n\n\n\n<blockquote class=\"wp-block-quote is-layout-flow wp-block-quote-is-layout-flow\">\n<p>\u00c9 na \u00e1rea recreativa do Mu\u00ed\u00f1o da Ponte en Corz\u00e1ns. \u00c9 un sitio precioso \u00e1 beira do r\u00edo.<\/p>\n<\/blockquote>\n\n\n\n<p><strong>A asistencia \u00e9 libre?<\/strong><\/p>\n\n\n\n<blockquote class=\"wp-block-quote is-layout-flow wp-block-quote-is-layout-flow\">\n<p>Total e absolutamente.<\/p>\n<\/blockquote>\n\n\n\n<p><strong>A sementeira debe de ser moi boa para que ano tras ano agrome esta festa tan marabillosa?<\/strong><\/p>\n\n\n\n<blockquote class=\"wp-block-quote is-layout-flow wp-block-quote-is-layout-flow\">\n<p>Home, non sei se \u00e9 boa ou non , s\u00f3 podo dicir que n\u00f3s traballamos moito e con toneladas de ilusi\u00f3n para poder darlle contido a este evento tan importante para n\u00f3s que penso que se est\u00e1 a consolidar como un das festas imperdibles da nosa comarca.<\/p>\n<\/blockquote>\n\n\n\n<p><strong>Eu creo que xa transcende \u00e1 comarca,<\/strong><\/p>\n\n\n\n<p><strong>e que poderiamos situala xa como un dos eventos importantes da provincia de Pontevedra?<\/strong><\/p>\n\n\n\n<blockquote class=\"wp-block-quote is-layout-flow wp-block-quote-is-layout-flow\">\n<p>O certo \u00e9 que cada vez \u00e9 m\u00e1is co\u00f1ecida en m\u00e1is sitios e por m\u00e1is persoas si, e para min, e para todas as persoas que participamos da s\u00faa organizaci\u00f3n, o orgullo \u00e9 inmenso. O que vemos n\u00f3s \u00e9 que a medida que se achegan as datas da festa hai moitas persoas que nos preguntan e que amosan o seu interese. A sementeira est\u00e1 aberta a todos os p\u00fablicos, o que pretendemos \u00e9 que todos os asistentes se poidan sentir c\u00f3modos, desde os nenos ata os m\u00e1is maiores.<\/p>\n<\/blockquote>\n\n\n\n<p><strong>A festa present\u00e1stela o xoves 11 no Pazo das Barreiras, verdade?<\/strong><\/p>\n\n\n\n<blockquote class=\"wp-block-quote is-layout-flow wp-block-quote-is-layout-flow\">\n<p>Si, present\u00e1mola nun lugar moi importante de Salvaterra que \u00e9 absolutamente precioso.<\/p>\n<\/blockquote>\n\n\n\n<p><strong>Como foi a presentaci\u00f3n?<\/strong><\/p>\n\n\n\n<blockquote class=\"wp-block-quote is-layout-flow wp-block-quote-is-layout-flow\">\n<p>Foi realmente bonita, nun lugar, como che dixen, precioso. Contamos coa compa\u00f1\u00eda de Jorge Cubela, deputado provincial de cultura, as\u00ed como de varios empresarios patrocinadores e colaboradores, medios de comunicaci\u00f3n e veci\u00f1os e veci\u00f1as.<\/p>\n<\/blockquote>\n\n\n\n<p><strong>As actuaci\u00f3ns musicais deste ano , polo que puiden ver, son de primeiro nivel?<\/strong><\/p>\n\n\n\n<blockquote class=\"wp-block-quote is-layout-flow wp-block-quote-is-layout-flow\">\n<p>A verdade estamos moi satisfeitos. Contamos con grupos de enorme calidade como por exemplo os Storrentos ou o Caim\u00e1n do r\u00edo Tea. Destes \u00faltimos quixera destacar a s\u00faa amabilidade pois nos compuxeron unha canci\u00f3n ad hoc para a nosa Sementeira.<\/p>\n<\/blockquote>\n\n\n\n<p><strong>Quen ser\u00e1 o pregoeiro?<\/strong><\/p>\n\n\n\n<blockquote class=\"wp-block-quote is-layout-flow wp-block-quote-is-layout-flow\">\n<p>O monologuista David Perdomo.<\/p>\n<\/blockquote>\n\n\n\n<p><strong>E as actividades?<\/strong><\/p>\n\n\n\n<blockquote class=\"wp-block-quote is-layout-flow wp-block-quote-is-layout-flow\">\n<p>Como sempre moi amplas e variadas. Teremos actividades espec\u00edficas para os nenos e para xente adulta. Haber\u00e1 un oleiro e un canteiro que far\u00e1n cousas deliciosas. E estamos tratando de pechar tam\u00e9n a visita dun escultor en madeira.<\/p>\n<\/blockquote>\n\n\n\n<p><strong>As expectativas de asistencia?<\/strong><\/p>\n\n\n\n<blockquote class=\"wp-block-quote is-layout-flow wp-block-quote-is-layout-flow\">\n<p>Temos moi boas expectativas. Xa o ano pasado a asistencia foi espectacular, pasaron polo recinto da festa arredor de 12.000 persoas de todos os puntos de Galicia, e desta volta confiamos en que ande por a\u00ed tam\u00e9n.<\/p>\n<\/blockquote>\n\n\n\n<p><strong>A organizaci\u00f3n dun evento desta dimensi\u00f3n ten que ser enormemente complexa. A parroquia de Corz\u00e1ns est\u00e1 implicada coa festa?<\/strong><\/p>\n\n\n\n<blockquote class=\"wp-block-quote is-layout-flow wp-block-quote-is-layout-flow\">\n<p>Na Quinta do Pi\u00f1eiro somos unha directiva moi pequena de arredor de 10 persoas que traballamos moito para que todo saia ben. Nas \u00faltimas semanas si hai moita xente, non s\u00f3 da parroquia sen\u00f3n de moitos outros sitios, que se implica e bota unha man.<\/p>\n<\/blockquote>\n\n\n\n<p><strong>Al\u00e9n da m\u00fasica e das distintas actividades da festa nun evento como este a comida ser\u00e1 moi importante?<\/strong><\/p>\n\n\n\n<blockquote class=\"wp-block-quote is-layout-flow wp-block-quote-is-layout-flow\">\n<p>\u00c9 tanto que o \u00e9. De feito este ano ampliamos notablemente os postos co gallo de podermos ofrecer unha variedade m\u00e1is ampla de comidas, incluso con opci\u00f3ns de comida vegana, e tam\u00e9n coa idea de que cada asistente te\u00f1a que agardar o menos posible para poder ser atendido.<\/p>\n<\/blockquote>\n\n\n\n<p><strong>Est\u00e1s satisfeito co apoio do Concello?<\/strong><\/p>\n\n\n\n<blockquote class=\"wp-block-quote is-layout-flow wp-block-quote-is-layout-flow\">\n<p>Si, moi satisfeito. Desde o primeiro d\u00eda sempre colaboraron con n\u00f3s.<\/p>\n<\/blockquote>\n\n\n\n<p><strong>E coa Deputaci\u00f3n?<\/strong><\/p>\n\n\n\n<blockquote class=\"wp-block-quote is-layout-flow wp-block-quote-is-layout-flow\">\n<p>Este ano si. En anos anteriores non tivemos o apoio suficiente. Pero non te\u00f1o a m\u00e1is m\u00ednima intenci\u00f3n de mirar ao pasado. S\u00f3 quero que todo o mundo goce da nosa Sementeira.<\/p>\n<\/blockquote>\n\n\n\n<p><strong>Os patrocinadores privados responden?<\/strong><\/p>\n\n\n\n<blockquote class=\"wp-block-quote is-layout-flow wp-block-quote-is-layout-flow\">\n<p>Absolutamente si. Estou enormemente satisfeito e inmensamente agradecido pola s\u00faa xenerosidade. Chegamos a un punto no que hai empresas que nos chaman a n\u00f3s para ofrecernos a s\u00faa colaboraci\u00f3n.<\/p>\n<\/blockquote>\n","protected":false},"excerpt":{"rendered":"<div class=\"mh-excerpt\"><p>Os pr\u00f3ximos 11 e 12 de maio a festa da Sementeira de Corz\u00e1ns celebrar\u00e1 a s\u00faa d\u00e9cimo sexta edici\u00f3n. Esta festa \u00e9 un xeito de amosar ao mundo as nosas tradici\u00f3ns, e a s\u00faa f\u00f3rmula \u00e9 un \u00e9xito indiscutible pois cada ano milleiros de persoas se achegan ata a \u00e1rea recreativa do Mu\u00ed\u00f1o da Ponte en Corz\u00e1ns a gozar das s\u00faas actividades e dunha programaci\u00f3n musical de grande calidade <a class=\"mh-excerpt-more\" href=\"https:\/\/www.anovapeneira.gal\/index.php\/2024\/04\/19\/xvi-edicion-da-sementeira-de-corzans\/\" title=\"XVI edici\u00f3n da sementeira de corz\u00e1ns\">[&#8230;]<\/a><\/p>\n<\/div>","protected":false},"author":3,"featured_media":11629,"comment_status":"open","ping_status":"open","sticky":false,"template":"","format":"standard","meta":{"_exactmetrics_skip_tracking":false,"_exactmetrics_sitenote_active":false,"_exactmetrics_sitenote_note":"","_exactmetrics_sitenote_category":0,"footnotes":""},"categories":[267],"tags":[1283],"class_list":{"0":"post-11627","1":"post","2":"type-post","3":"status-publish","4":"format-standard","5":"has-post-thumbnail","7":"category-condado-entrevistas","8":"tag-concello-de-salvaterra"},"yoast_head":"<!-- This site is optimized with the Yoast SEO plugin v27.4 - https:\/\/yoast.com\/product\/yoast-seo-wordpress\/ -->\n<title>XVI edici\u00f3n da sementeira de corz\u00e1ns -<\/title>\n<meta name=\"robots\" content=\"index, follow, max-snippet:-1, max-image-preview:large, max-video-preview:-1\" \/>\n<link rel=\"canonical\" href=\"https:\/\/www.anovapeneira.gal\/index.php\/2024\/04\/19\/xvi-edicion-da-sementeira-de-corzans\/\" \/>\n<meta property=\"og:locale\" content=\"gl_ES\" \/>\n<meta property=\"og:type\" content=\"article\" \/>\n<meta property=\"og:title\" content=\"XVI edici\u00f3n da sementeira de corz\u00e1ns -\" \/>\n<meta property=\"og:description\" content=\"Os pr\u00f3ximos 11 e 12 de maio a festa da Sementeira de Corz\u00e1ns celebrar\u00e1 a s\u00faa d\u00e9cimo sexta edici\u00f3n. Esta festa \u00e9 un xeito de amosar ao mundo as nosas tradici\u00f3ns, e a s\u00faa f\u00f3rmula \u00e9 un \u00e9xito indiscutible pois cada ano milleiros de persoas se achegan ata a \u00e1rea recreativa do Mu\u00ed\u00f1o da Ponte en Corz\u00e1ns a gozar das s\u00faas actividades e dunha programaci\u00f3n musical de grande calidade [...]\" \/>\n<meta property=\"og:url\" content=\"https:\/\/www.anovapeneira.gal\/index.php\/2024\/04\/19\/xvi-edicion-da-sementeira-de-corzans\/\" \/>\n<meta property=\"article:publisher\" content=\"https:\/\/www.facebook.com\/anovapeneira\" \/>\n<meta property=\"article:published_time\" content=\"2024-04-19T10:00:03+00:00\" \/>\n<meta property=\"og:image\" content=\"https:\/\/www.anovapeneira.gal\/wp-content\/uploads\/2024\/04\/sementeira_salvaterra.jpg\" \/>\n\t<meta property=\"og:image:width\" content=\"720\" \/>\n\t<meta property=\"og:image:height\" content=\"432\" \/>\n\t<meta property=\"og:image:type\" content=\"image\/jpeg\" \/>\n<meta name=\"author\" content=\"Redacci\u00f3n A Nova Peneira\" \/>\n<meta name=\"twitter:card\" content=\"summary_large_image\" \/>\n<meta name=\"twitter:creator\" content=\"@APeneira\" \/>\n<meta name=\"twitter:site\" content=\"@APeneira\" \/>\n<meta name=\"twitter:label1\" content=\"Escrito por\" \/>\n\t<meta name=\"twitter:data1\" content=\"Redacci\u00f3n A Nova Peneira\" \/>\n\t<meta name=\"twitter:label2\" content=\"Tempo de lectura\" \/>\n\t<meta name=\"twitter:data2\" content=\"2 minutos\" \/>\n<script type=\"application\/ld+json\" class=\"yoast-schema-graph\">{\"@context\":\"https:\\\/\\\/schema.org\",\"@graph\":[{\"@type\":\"Article\",\"@id\":\"https:\\\/\\\/www.anovapeneira.gal\\\/index.php\\\/2024\\\/04\\\/19\\\/xvi-edicion-da-sementeira-de-corzans\\\/#article\",\"isPartOf\":{\"@id\":\"https:\\\/\\\/www.anovapeneira.gal\\\/index.php\\\/2024\\\/04\\\/19\\\/xvi-edicion-da-sementeira-de-corzans\\\/\"},\"author\":{\"name\":\"Redacci\u00f3n A Nova Peneira\",\"@id\":\"https:\\\/\\\/www.anovapeneira.gal\\\/#\\\/schema\\\/person\\\/b93e3f8932e3f8da96334607eb6ac6aa\"},\"headline\":\"XVI edici\u00f3n da sementeira de corz\u00e1ns\",\"datePublished\":\"2024-04-19T10:00:03+00:00\",\"mainEntityOfPage\":{\"@id\":\"https:\\\/\\\/www.anovapeneira.gal\\\/index.php\\\/2024\\\/04\\\/19\\\/xvi-edicion-da-sementeira-de-corzans\\\/\"},\"wordCount\":860,\"commentCount\":0,\"publisher\":{\"@id\":\"https:\\\/\\\/www.anovapeneira.gal\\\/#organization\"},\"image\":{\"@id\":\"https:\\\/\\\/www.anovapeneira.gal\\\/index.php\\\/2024\\\/04\\\/19\\\/xvi-edicion-da-sementeira-de-corzans\\\/#primaryimage\"},\"thumbnailUrl\":\"https:\\\/\\\/www.anovapeneira.gal\\\/wp-content\\\/uploads\\\/2024\\\/04\\\/sementeira_salvaterra.jpg\",\"keywords\":[\"Concello de Salvaterra\"],\"articleSection\":[\"Condado\"],\"inLanguage\":\"gl-ES\",\"potentialAction\":[{\"@type\":\"CommentAction\",\"name\":\"Comment\",\"target\":[\"https:\\\/\\\/www.anovapeneira.gal\\\/index.php\\\/2024\\\/04\\\/19\\\/xvi-edicion-da-sementeira-de-corzans\\\/#respond\"]}]},{\"@type\":\"WebPage\",\"@id\":\"https:\\\/\\\/www.anovapeneira.gal\\\/index.php\\\/2024\\\/04\\\/19\\\/xvi-edicion-da-sementeira-de-corzans\\\/\",\"url\":\"https:\\\/\\\/www.anovapeneira.gal\\\/index.php\\\/2024\\\/04\\\/19\\\/xvi-edicion-da-sementeira-de-corzans\\\/\",\"name\":\"XVI edici\u00f3n da sementeira de corz\u00e1ns -\",\"isPartOf\":{\"@id\":\"https:\\\/\\\/www.anovapeneira.gal\\\/#website\"},\"primaryImageOfPage\":{\"@id\":\"https:\\\/\\\/www.anovapeneira.gal\\\/index.php\\\/2024\\\/04\\\/19\\\/xvi-edicion-da-sementeira-de-corzans\\\/#primaryimage\"},\"image\":{\"@id\":\"https:\\\/\\\/www.anovapeneira.gal\\\/index.php\\\/2024\\\/04\\\/19\\\/xvi-edicion-da-sementeira-de-corzans\\\/#primaryimage\"},\"thumbnailUrl\":\"https:\\\/\\\/www.anovapeneira.gal\\\/wp-content\\\/uploads\\\/2024\\\/04\\\/sementeira_salvaterra.jpg\",\"datePublished\":\"2024-04-19T10:00:03+00:00\",\"breadcrumb\":{\"@id\":\"https:\\\/\\\/www.anovapeneira.gal\\\/index.php\\\/2024\\\/04\\\/19\\\/xvi-edicion-da-sementeira-de-corzans\\\/#breadcrumb\"},\"inLanguage\":\"gl-ES\",\"potentialAction\":[{\"@type\":\"ReadAction\",\"target\":[\"https:\\\/\\\/www.anovapeneira.gal\\\/index.php\\\/2024\\\/04\\\/19\\\/xvi-edicion-da-sementeira-de-corzans\\\/\"]}]},{\"@type\":\"ImageObject\",\"inLanguage\":\"gl-ES\",\"@id\":\"https:\\\/\\\/www.anovapeneira.gal\\\/index.php\\\/2024\\\/04\\\/19\\\/xvi-edicion-da-sementeira-de-corzans\\\/#primaryimage\",\"url\":\"https:\\\/\\\/www.anovapeneira.gal\\\/wp-content\\\/uploads\\\/2024\\\/04\\\/sementeira_salvaterra.jpg\",\"contentUrl\":\"https:\\\/\\\/www.anovapeneira.gal\\\/wp-content\\\/uploads\\\/2024\\\/04\\\/sementeira_salvaterra.jpg\",\"width\":720,\"height\":432,\"caption\":\"Sementeira Salvaterra\"},{\"@type\":\"BreadcrumbList\",\"@id\":\"https:\\\/\\\/www.anovapeneira.gal\\\/index.php\\\/2024\\\/04\\\/19\\\/xvi-edicion-da-sementeira-de-corzans\\\/#breadcrumb\",\"itemListElement\":[{\"@type\":\"ListItem\",\"position\":1,\"name\":\"Portada\",\"item\":\"https:\\\/\\\/www.anovapeneira.gal\\\/\"},{\"@type\":\"ListItem\",\"position\":2,\"name\":\"XVI edici\u00f3n da sementeira de corz\u00e1ns\"}]},{\"@type\":\"WebSite\",\"@id\":\"https:\\\/\\\/www.anovapeneira.gal\\\/#website\",\"url\":\"https:\\\/\\\/www.anovapeneira.gal\\\/\",\"name\":\"\",\"description\":\"Xornal galego de informaci\u00f3n xeral Publicaci\u00f3n mensual de novas de Galicia e en especial dos Concellos da sur da provincia de Pontevedra.\",\"publisher\":{\"@id\":\"https:\\\/\\\/www.anovapeneira.gal\\\/#organization\"},\"potentialAction\":[{\"@type\":\"SearchAction\",\"target\":{\"@type\":\"EntryPoint\",\"urlTemplate\":\"https:\\\/\\\/www.anovapeneira.gal\\\/?s={search_term_string}\"},\"query-input\":{\"@type\":\"PropertyValueSpecification\",\"valueRequired\":true,\"valueName\":\"search_term_string\"}}],\"inLanguage\":\"gl-ES\"},{\"@type\":\"Organization\",\"@id\":\"https:\\\/\\\/www.anovapeneira.gal\\\/#organization\",\"name\":\"A Nova Peneira\",\"url\":\"https:\\\/\\\/www.anovapeneira.gal\\\/\",\"logo\":{\"@type\":\"ImageObject\",\"inLanguage\":\"gl-ES\",\"@id\":\"https:\\\/\\\/www.anovapeneira.gal\\\/#\\\/schema\\\/logo\\\/image\\\/\",\"url\":\"http:\\\/\\\/www.anovapeneira.gal\\\/wp-content\\\/uploads\\\/2019\\\/06\\\/logo_a_nova_peneira_portal_web.png\",\"contentUrl\":\"http:\\\/\\\/www.anovapeneira.gal\\\/wp-content\\\/uploads\\\/2019\\\/06\\\/logo_a_nova_peneira_portal_web.png\",\"width\":300,\"height\":100,\"caption\":\"A Nova Peneira\"},\"image\":{\"@id\":\"https:\\\/\\\/www.anovapeneira.gal\\\/#\\\/schema\\\/logo\\\/image\\\/\"},\"sameAs\":[\"https:\\\/\\\/www.facebook.com\\\/anovapeneira\",\"https:\\\/\\\/x.com\\\/APeneira\"]},{\"@type\":\"Person\",\"@id\":\"https:\\\/\\\/www.anovapeneira.gal\\\/#\\\/schema\\\/person\\\/b93e3f8932e3f8da96334607eb6ac6aa\",\"name\":\"Redacci\u00f3n A Nova Peneira\",\"image\":{\"@type\":\"ImageObject\",\"inLanguage\":\"gl-ES\",\"@id\":\"https:\\\/\\\/secure.gravatar.com\\\/avatar\\\/c052a2551a06e23fac63626232eaa90abd78dbcf1700fc46a2b2c89fd27b735f?s=96&d=mm&r=g\",\"url\":\"https:\\\/\\\/secure.gravatar.com\\\/avatar\\\/c052a2551a06e23fac63626232eaa90abd78dbcf1700fc46a2b2c89fd27b735f?s=96&d=mm&r=g\",\"contentUrl\":\"https:\\\/\\\/secure.gravatar.com\\\/avatar\\\/c052a2551a06e23fac63626232eaa90abd78dbcf1700fc46a2b2c89fd27b735f?s=96&d=mm&r=g\",\"caption\":\"Redacci\u00f3n A Nova Peneira\"},\"sameAs\":[\"http:\\\/\\\/www.anovapeneira.gal\\\/\"],\"url\":\"https:\\\/\\\/www.anovapeneira.gal\\\/index.php\\\/author\\\/redactor\\\/\"}]}<\/script>\n<!-- \/ Yoast SEO plugin. -->","yoast_head_json":{"title":"XVI edici\u00f3n da sementeira de corz\u00e1ns -","robots":{"index":"index","follow":"follow","max-snippet":"max-snippet:-1","max-image-preview":"max-image-preview:large","max-video-preview":"max-video-preview:-1"},"canonical":"https:\/\/www.anovapeneira.gal\/index.php\/2024\/04\/19\/xvi-edicion-da-sementeira-de-corzans\/","og_locale":"gl_ES","og_type":"article","og_title":"XVI edici\u00f3n da sementeira de corz\u00e1ns -","og_description":"Os pr\u00f3ximos 11 e 12 de maio a festa da Sementeira de Corz\u00e1ns celebrar\u00e1 a s\u00faa d\u00e9cimo sexta edici\u00f3n. Esta festa \u00e9 un xeito de amosar ao mundo as nosas tradici\u00f3ns, e a s\u00faa f\u00f3rmula \u00e9 un \u00e9xito indiscutible pois cada ano milleiros de persoas se achegan ata a \u00e1rea recreativa do Mu\u00ed\u00f1o da Ponte en Corz\u00e1ns a gozar das s\u00faas actividades e dunha programaci\u00f3n musical de grande calidade [...]","og_url":"https:\/\/www.anovapeneira.gal\/index.php\/2024\/04\/19\/xvi-edicion-da-sementeira-de-corzans\/","article_publisher":"https:\/\/www.facebook.com\/anovapeneira","article_published_time":"2024-04-19T10:00:03+00:00","og_image":[{"width":720,"height":432,"url":"https:\/\/www.anovapeneira.gal\/wp-content\/uploads\/2024\/04\/sementeira_salvaterra.jpg","type":"image\/jpeg"}],"author":"Redacci\u00f3n A Nova Peneira","twitter_card":"summary_large_image","twitter_creator":"@APeneira","twitter_site":"@APeneira","twitter_misc":{"Escrito por":"Redacci\u00f3n A Nova Peneira","Tempo de lectura":"2 minutos"},"schema":{"@context":"https:\/\/schema.org","@graph":[{"@type":"Article","@id":"https:\/\/www.anovapeneira.gal\/index.php\/2024\/04\/19\/xvi-edicion-da-sementeira-de-corzans\/#article","isPartOf":{"@id":"https:\/\/www.anovapeneira.gal\/index.php\/2024\/04\/19\/xvi-edicion-da-sementeira-de-corzans\/"},"author":{"name":"Redacci\u00f3n A Nova Peneira","@id":"https:\/\/www.anovapeneira.gal\/#\/schema\/person\/b93e3f8932e3f8da96334607eb6ac6aa"},"headline":"XVI edici\u00f3n da sementeira de corz\u00e1ns","datePublished":"2024-04-19T10:00:03+00:00","mainEntityOfPage":{"@id":"https:\/\/www.anovapeneira.gal\/index.php\/2024\/04\/19\/xvi-edicion-da-sementeira-de-corzans\/"},"wordCount":860,"commentCount":0,"publisher":{"@id":"https:\/\/www.anovapeneira.gal\/#organization"},"image":{"@id":"https:\/\/www.anovapeneira.gal\/index.php\/2024\/04\/19\/xvi-edicion-da-sementeira-de-corzans\/#primaryimage"},"thumbnailUrl":"https:\/\/www.anovapeneira.gal\/wp-content\/uploads\/2024\/04\/sementeira_salvaterra.jpg","keywords":["Concello de Salvaterra"],"articleSection":["Condado"],"inLanguage":"gl-ES","potentialAction":[{"@type":"CommentAction","name":"Comment","target":["https:\/\/www.anovapeneira.gal\/index.php\/2024\/04\/19\/xvi-edicion-da-sementeira-de-corzans\/#respond"]}]},{"@type":"WebPage","@id":"https:\/\/www.anovapeneira.gal\/index.php\/2024\/04\/19\/xvi-edicion-da-sementeira-de-corzans\/","url":"https:\/\/www.anovapeneira.gal\/index.php\/2024\/04\/19\/xvi-edicion-da-sementeira-de-corzans\/","name":"XVI edici\u00f3n da sementeira de corz\u00e1ns -","isPartOf":{"@id":"https:\/\/www.anovapeneira.gal\/#website"},"primaryImageOfPage":{"@id":"https:\/\/www.anovapeneira.gal\/index.php\/2024\/04\/19\/xvi-edicion-da-sementeira-de-corzans\/#primaryimage"},"image":{"@id":"https:\/\/www.anovapeneira.gal\/index.php\/2024\/04\/19\/xvi-edicion-da-sementeira-de-corzans\/#primaryimage"},"thumbnailUrl":"https:\/\/www.anovapeneira.gal\/wp-content\/uploads\/2024\/04\/sementeira_salvaterra.jpg","datePublished":"2024-04-19T10:00:03+00:00","breadcrumb":{"@id":"https:\/\/www.anovapeneira.gal\/index.php\/2024\/04\/19\/xvi-edicion-da-sementeira-de-corzans\/#breadcrumb"},"inLanguage":"gl-ES","potentialAction":[{"@type":"ReadAction","target":["https:\/\/www.anovapeneira.gal\/index.php\/2024\/04\/19\/xvi-edicion-da-sementeira-de-corzans\/"]}]},{"@type":"ImageObject","inLanguage":"gl-ES","@id":"https:\/\/www.anovapeneira.gal\/index.php\/2024\/04\/19\/xvi-edicion-da-sementeira-de-corzans\/#primaryimage","url":"https:\/\/www.anovapeneira.gal\/wp-content\/uploads\/2024\/04\/sementeira_salvaterra.jpg","contentUrl":"https:\/\/www.anovapeneira.gal\/wp-content\/uploads\/2024\/04\/sementeira_salvaterra.jpg","width":720,"height":432,"caption":"Sementeira Salvaterra"},{"@type":"BreadcrumbList","@id":"https:\/\/www.anovapeneira.gal\/index.php\/2024\/04\/19\/xvi-edicion-da-sementeira-de-corzans\/#breadcrumb","itemListElement":[{"@type":"ListItem","position":1,"name":"Portada","item":"https:\/\/www.anovapeneira.gal\/"},{"@type":"ListItem","position":2,"name":"XVI edici\u00f3n da sementeira de corz\u00e1ns"}]},{"@type":"WebSite","@id":"https:\/\/www.anovapeneira.gal\/#website","url":"https:\/\/www.anovapeneira.gal\/","name":"","description":"Xornal galego de informaci\u00f3n xeral Publicaci\u00f3n mensual de novas de Galicia e en especial dos Concellos da sur da provincia de Pontevedra.","publisher":{"@id":"https:\/\/www.anovapeneira.gal\/#organization"},"potentialAction":[{"@type":"SearchAction","target":{"@type":"EntryPoint","urlTemplate":"https:\/\/www.anovapeneira.gal\/?s={search_term_string}"},"query-input":{"@type":"PropertyValueSpecification","valueRequired":true,"valueName":"search_term_string"}}],"inLanguage":"gl-ES"},{"@type":"Organization","@id":"https:\/\/www.anovapeneira.gal\/#organization","name":"A Nova Peneira","url":"https:\/\/www.anovapeneira.gal\/","logo":{"@type":"ImageObject","inLanguage":"gl-ES","@id":"https:\/\/www.anovapeneira.gal\/#\/schema\/logo\/image\/","url":"http:\/\/www.anovapeneira.gal\/wp-content\/uploads\/2019\/06\/logo_a_nova_peneira_portal_web.png","contentUrl":"http:\/\/www.anovapeneira.gal\/wp-content\/uploads\/2019\/06\/logo_a_nova_peneira_portal_web.png","width":300,"height":100,"caption":"A Nova Peneira"},"image":{"@id":"https:\/\/www.anovapeneira.gal\/#\/schema\/logo\/image\/"},"sameAs":["https:\/\/www.facebook.com\/anovapeneira","https:\/\/x.com\/APeneira"]},{"@type":"Person","@id":"https:\/\/www.anovapeneira.gal\/#\/schema\/person\/b93e3f8932e3f8da96334607eb6ac6aa","name":"Redacci\u00f3n A Nova Peneira","image":{"@type":"ImageObject","inLanguage":"gl-ES","@id":"https:\/\/secure.gravatar.com\/avatar\/c052a2551a06e23fac63626232eaa90abd78dbcf1700fc46a2b2c89fd27b735f?s=96&d=mm&r=g","url":"https:\/\/secure.gravatar.com\/avatar\/c052a2551a06e23fac63626232eaa90abd78dbcf1700fc46a2b2c89fd27b735f?s=96&d=mm&r=g","contentUrl":"https:\/\/secure.gravatar.com\/avatar\/c052a2551a06e23fac63626232eaa90abd78dbcf1700fc46a2b2c89fd27b735f?s=96&d=mm&r=g","caption":"Redacci\u00f3n A Nova Peneira"},"sameAs":["http:\/\/www.anovapeneira.gal\/"],"url":"https:\/\/www.anovapeneira.gal\/index.php\/author\/redactor\/"}]}},"jetpack_featured_media_url":"https:\/\/www.anovapeneira.gal\/wp-content\/uploads\/2024\/04\/sementeira_salvaterra.jpg","_links":{"self":[{"href":"https:\/\/www.anovapeneira.gal\/index.php\/wp-json\/wp\/v2\/posts\/11627","targetHints":{"allow":["GET"]}}],"collection":[{"href":"https:\/\/www.anovapeneira.gal\/index.php\/wp-json\/wp\/v2\/posts"}],"about":[{"href":"https:\/\/www.anovapeneira.gal\/index.php\/wp-json\/wp\/v2\/types\/post"}],"author":[{"embeddable":true,"href":"https:\/\/www.anovapeneira.gal\/index.php\/wp-json\/wp\/v2\/users\/3"}],"replies":[{"embeddable":true,"href":"https:\/\/www.anovapeneira.gal\/index.php\/wp-json\/wp\/v2\/comments?post=11627"}],"version-history":[{"count":1,"href":"https:\/\/www.anovapeneira.gal\/index.php\/wp-json\/wp\/v2\/posts\/11627\/revisions"}],"predecessor-version":[{"id":11628,"href":"https:\/\/www.anovapeneira.gal\/index.php\/wp-json\/wp\/v2\/posts\/11627\/revisions\/11628"}],"wp:featuredmedia":[{"embeddable":true,"href":"https:\/\/www.anovapeneira.gal\/index.php\/wp-json\/wp\/v2\/media\/11629"}],"wp:attachment":[{"href":"https:\/\/www.anovapeneira.gal\/index.php\/wp-json\/wp\/v2\/media?parent=11627"}],"wp:term":[{"taxonomy":"category","embeddable":true,"href":"https:\/\/www.anovapeneira.gal\/index.php\/wp-json\/wp\/v2\/categories?post=11627"},{"taxonomy":"post_tag","embeddable":true,"href":"https:\/\/www.anovapeneira.gal\/index.php\/wp-json\/wp\/v2\/tags?post=11627"}],"curies":[{"name":"wp","href":"https:\/\/api.w.org\/{rel}","templated":true}]}}