{"id":11633,"date":"2024-04-22T12:00:58","date_gmt":"2024-04-22T10:00:58","guid":{"rendered":"https:\/\/www.anovapeneira.gal\/?p=11633"},"modified":"2024-04-18T10:09:22","modified_gmt":"2024-04-18T08:09:22","slug":"miguel-brana-coordinador-da-cooperativa-arbore","status":"publish","type":"post","link":"https:\/\/www.anovapeneira.gal\/index.php\/2024\/04\/22\/miguel-brana-coordinador-da-cooperativa-arbore\/","title":{"rendered":"Miguel Bra\u00f1a coordinador da cooperativa \u00c1rbore"},"content":{"rendered":"\n<p><strong>Neste medio de comunicaci\u00f3n temos defendido en innumerables ocasi\u00f3ns a importancia da auto organizaci\u00f3n da sociedade civil. E as\u00ed o seguiremos a facer mentres haxa quen te\u00f1a a amabilidade de nos ler. A organizaci\u00f3n da sociedade civil \u00e9 o mellor cami\u00f1o, en ocasi\u00f3ns case me atrever\u00eda a dicir que \u00e9 o \u00fanico cami\u00f1o, para poderse enfrontar con expectativas realistas de \u00e9xito aos abusos, \u00e1s inxustizas e \u00e1 explotaci\u00f3n. E \u00e9 moi importante en todos os eidos: sociais, laborais, culturais&#8230;&#8230;.e no que que respecta ao consumo responsable e consciente de que o noso planeta ten recursos limitados e finitos tam\u00e9n. Neste campo un dos exemplos m\u00e1is importantes de auto organizaci\u00f3n, na nosa \u00e1rea de influencia, \u00e9 a cooperativa \u00e1rbore. Eles est\u00e1n en Vigo, na r\u00faa L\u00f3pez Mora e te\u00f1en xa m\u00e1is de d\u00faas d\u00e9cadas de vida. N\u00f3s acheg\u00e1monos ao seu local, e para co\u00f1ecelos mellor conversamos con Miguel, o seu coordinador.<\/strong><\/p>\n\n\n\n<p>\u201c<strong>A nosa base social \u00e9 moi comprometida. Pero temos o reto de penetrar m\u00e1is na xente moza\u201d<\/strong><\/p>\n\n\n\n<p><strong>Cando naceu \u00c1rbore e que \u00e9 o que \u00e9 exactamente?<\/strong><\/p>\n\n\n\n<blockquote class=\"wp-block-quote is-layout-flow wp-block-quote-is-layout-flow\">\n<p>\u00c1rbore \u00e9 unha cooperativa de consumo que naceu a finais dos anos 90 do s\u00e9culo pasado. \u00c9 unha cooperativa sen \u00e1nimo de lucro .\u00c9 un negocio e ten que ser rendible pero todo se reinviste na cooperativa . O xermolo foi un grupo de familias que eran clientas dunha tenda que pechou e que vend\u00eda conforme a criterios ecol\u00f3xicos e de consumo consciente.<\/p>\n<\/blockquote>\n\n\n\n<p><strong>Ch\u00e1mame a atenci\u00f3n que nas etiquetas dos produtos que vendedes hai dous tipos de prezos?<\/strong><\/p>\n\n\n\n<blockquote class=\"wp-block-quote is-layout-flow wp-block-quote-is-layout-flow\">\n<p>Si, un \u00e9 para socios e socias da cooperativa que te\u00f1en os seus descontos, e o outro \u00e9 o PVP para calquera cliente que non estea asociado \u00e1 cooperativa.<\/p>\n<\/blockquote>\n\n\n\n<p><strong>A auto organizaci\u00f3n \u00e9 unha forma marabillosa de constru\u00edr as relaci\u00f3ns sociais( isto \u00e9 unha opini\u00f3n persoal), pero \u00e9 algo moi dif\u00edcil de levar a cabo creu eu.<\/strong><\/p>\n\n\n\n<blockquote class=\"wp-block-quote is-layout-flow wp-block-quote-is-layout-flow\">\n<p>Estou completamente de acordo. Todos os procesos de econom\u00eda social e solidaria son moi interesantes pero son dif\u00edciles. Primeiro porque vivimos nunha sociedade que non est\u00e1 afeita a traballar en colectivo e segundo porque temos que competir contra adversarios moi poderosos.<\/p>\n<\/blockquote>\n\n\n\n<p><strong>Os vosos competidores son agora m\u00e1is poderosos que antes?<\/strong><\/p>\n\n\n\n<blockquote class=\"wp-block-quote is-layout-flow wp-block-quote-is-layout-flow\">\n<p>Si, sen d\u00fabida si. Cando n\u00f3s comezamos non exist\u00eda un sector de comercio xusto ou ecol\u00f3xico. E hoxe estas secci\u00f3ns est\u00e1n en calquera grande cadea de supermercados. Tam\u00e9n hai agora moitas tendas especializadas on line nas que ti podes facer o teu pedido e env\u00edancho a casa.<\/p>\n<\/blockquote>\n\n\n\n<p><strong>Ao final o capitalismo acaba apropi\u00e1ndose de todo&#8230;<\/strong><\/p>\n\n\n\n<blockquote class=\"wp-block-quote is-layout-flow wp-block-quote-is-layout-flow\">\n<p>Si, si. Ata do concepto de \u201c econom\u00eda social\u201d que agora parece que lles gusta moito utilizar.<\/p>\n<\/blockquote>\n\n\n\n<p><strong>Que sectores de actividade abrangue \u00c1rbore?<\/strong><\/p>\n\n\n\n<blockquote class=\"wp-block-quote is-layout-flow wp-block-quote-is-layout-flow\">\n<p>A actividade principal e b\u00e1sica \u00e9 a tenda de alimentaci\u00f3n. Estamos en Vigo na r\u00faa L\u00f3pez Mora n\u00famero 30. Abrimos de luns a venres ma\u00f1\u00e1 e tarde e os s\u00e1bados s\u00f3 de ma\u00f1\u00e1. Na tenda tam\u00e9n vendemos produtos de limpeza e de hixiene persoal.<\/p>\n<\/blockquote>\n\n\n\n<blockquote class=\"wp-block-quote is-layout-flow wp-block-quote-is-layout-flow\">\n<p>Temos unha segunda li\u00f1a de actividade que son os obradoiros e charlas que desenvolvemos na parte traseira do noso local.<\/p>\n<\/blockquote>\n\n\n\n<p><strong>Cantas persoas traballan na cooperativa?<\/strong><\/p>\n\n\n\n<blockquote class=\"wp-block-quote is-layout-flow wp-block-quote-is-layout-flow\">\n<p>Actualmente hai catro persoas que son socias traballadoras.<\/p>\n<\/blockquote>\n\n\n\n<p><strong>\u00c9 caro asociarse a \u00c1rbore?<\/strong><\/p>\n\n\n\n<blockquote class=\"wp-block-quote is-layout-flow wp-block-quote-is-layout-flow\">\n<p>Ser socio implica achegar un capital social de 90\u20ac, que iso se fai unha soa vez no momento de asociarse. Iso \u00e9 o m\u00ednimo, se algu\u00e9n quere achegar m\u00e1is desde logo que pode facelo. Se queres ser un socio activo hai que pagar unha cota mensual de 6\u20ac que lles d\u00e1 dereito a aproveitar os descontos que hai nos produtos que vendemos.<\/p>\n<\/blockquote>\n\n\n\n<p><strong>Os vosos socios e socias te\u00f1en un perfil determinado?<\/strong><\/p>\n\n\n\n<blockquote class=\"wp-block-quote is-layout-flow wp-block-quote-is-layout-flow\">\n<p>Temos un pouco de todo. Se cadra m\u00e1is mulleres ca homes e a media de idade \u00e9 de 40 para arriba. Por desgraza tal como est\u00e1n as cousas a xente nova ten pouco poder adquisitivo.<\/p>\n<\/blockquote>\n\n\n\n<p><strong>De onde son ?<\/strong><\/p>\n\n\n\n<blockquote class=\"wp-block-quote is-layout-flow wp-block-quote-is-layout-flow\">\n<p>De Vigo e arredores. Pode haber alg\u00fan que por circunstancias estea vivindo f\u00f3ra pero as socias e socios son da nosa zona de influencia.<\/p>\n<\/blockquote>\n\n\n\n<p><strong>Desenvolvedes alg\u00fan tipo de campa\u00f1a de captaci\u00f3n para aumentar o n\u00famero de persoas socias?<\/strong><\/p>\n\n\n\n<blockquote class=\"wp-block-quote is-layout-flow wp-block-quote-is-layout-flow\">\n<p>Non. Pero o proceso para facerse socio est\u00e1 aberto de maneira permanente. Pode facerse vindo fisicamente \u00e1 tenda ou a trav\u00e9s na nosa web. Pero n\u00f3s preferimos que sexa unha decisi\u00f3n consciente derivada de que previamente se nos co\u00f1eza. Aproveito a oportunidade que nos dades para convidar a calquera lector ou lectora que non nos co\u00f1eza a\u00ednda que se achegue polo noso local. N\u00f3s estaremos encantados de atendelos.<\/p>\n<\/blockquote>\n\n\n\n<p><strong>O m\u00e1is importante para v\u00f3s \u00e9 a venda de produto fresco, verdade?<\/strong><\/p>\n\n\n\n<blockquote class=\"wp-block-quote is-layout-flow wp-block-quote-is-layout-flow\">\n<p>O principal o produto fresco, ecol\u00f3xico, local e de tempada. Tam\u00e8n temos unha li\u00f1a importante de venda de produto a granel tanto de alimentaci\u00f3n como de limpeza. No eido dos produtos vexetarianos e veganos temos unha moi importante variedade ao dispor da nosa clientela.<\/p>\n<\/blockquote>\n\n\n\n<p><strong>Cando dis \u201c local\u201d a que te refires?<\/strong><\/p>\n\n\n\n<blockquote class=\"wp-block-quote is-layout-flow wp-block-quote-is-layout-flow\">\n<p>\u00c1 provincia de Pontevedra. Hai algo de f\u00f3ra pero a maior\u00eda do noso produto ven do territorio desta provincia. Canta m\u00e1is produci\u00f3n poidamos ter deste tipo de produtores mellor.<\/p>\n<\/blockquote>\n\n\n\n<p><strong>Dime algunha excepci\u00f3n?<\/strong><\/p>\n\n\n\n<blockquote class=\"wp-block-quote is-layout-flow wp-block-quote-is-layout-flow\">\n<p>Pois por exemplo temos peras de Mon\u00e7ao ou ovos de Lugo.<\/p>\n<\/blockquote>\n\n\n\n<p><strong>Non vendedes nin carne nin peixe. Por que?<\/strong><\/p>\n\n\n\n<blockquote class=\"wp-block-quote is-layout-flow wp-block-quote-is-layout-flow\">\n<p>Un dos principios de \u00e1rbore \u00e9 \u00e1 aposta polo veganismo. Na nosa base social temos acordado vender produtos de orixe animal s\u00f3 cando non se sacrifica ao animal, as\u00ed o temos recollido nos nosos estatutos.<\/p>\n<\/blockquote>\n\n\n\n<p><strong>Os prezos como son en relaci\u00f3n cos dun supermercado convencional?<\/strong><\/p>\n\n\n\n<blockquote class=\"wp-block-quote is-layout-flow wp-block-quote-is-layout-flow\">\n<p>Podemos ser un pouco m\u00e1is caros. Pero claro este \u00e9 un debate de calado. Por unha banda n\u00f3s non temos a capacidade de negociar que pode ter unha grande cadea. E despois n\u00f3s queremos pagarlle con dignidade ao produtor para que poidan vivir do seu traballo e que nos poidan seguir vendendo de maneira prolongada no tempo. E desde logo n\u00f3s non imos tirar os prezos.<\/p>\n<\/blockquote>\n\n\n\n<p><strong>As grandes cadeas tiran os prezos \u00e1 hora de pagarlles aos produtores?<\/strong><\/p>\n\n\n\n<blockquote class=\"wp-block-quote is-layout-flow wp-block-quote-is-layout-flow\">\n<p>Para min \u00e9 bastante evidente. F\u00edxate por exemplo co leite cando os gandeiros vense obrigados a vender por baixo do seu custe.<\/p>\n<\/blockquote>\n\n\n\n<p><strong>O produto que vendedes sempre \u00e9 de calidade?<\/strong><\/p>\n\n\n\n<blockquote class=\"wp-block-quote is-layout-flow wp-block-quote-is-layout-flow\">\n<p>Iso \u00e9 o que pretendemos.<\/p>\n<\/blockquote>\n\n\n\n<p><strong>Como captades aos produtores?<\/strong><\/p>\n\n\n\n<blockquote class=\"wp-block-quote is-layout-flow wp-block-quote-is-layout-flow\">\n<p>\u00c1 maior\u00eda co\u00f1ec\u00e9molos xa desde hai moito tempo, este \u00e9 un mundo realmente pequeno e n\u00f3s xa levamos 20 anos e somos co\u00f1ecidos. N\u00f3s se estamos contentos non cambiamos.<\/p>\n<\/blockquote>\n\n\n\n<p><strong>Que tal relaci\u00f3n tendes coas distintas administraci\u00f3ns?<\/strong><\/p>\n\n\n\n<blockquote class=\"wp-block-quote is-layout-flow wp-block-quote-is-layout-flow\">\n<p>Non temos ningunha en particular al\u00e9n de participar nas convocatorias de subvenci\u00f3ns que nos poidan atinxir.<\/p>\n<\/blockquote>\n\n\n\n<p><strong>\u00c1rbore \u00e9 un proxecto de futuro que te\u00f1a asegurada a s\u00faa continuidade?<\/strong><\/p>\n\n\n\n<blockquote class=\"wp-block-quote is-layout-flow wp-block-quote-is-layout-flow\">\n<p>Asegurar algo sempre \u00e9 moi complexo. Pero esa \u00e9 a nosa intenci\u00f3n desde logo que si. Son momentos complicados pero n\u00f3s temos a sorte de que temos unha masa social moi comprometida. Se cadra un dos nosos retos m\u00e1is importantes \u00e9 a captaci\u00f3n de xente nova. Creo que \u00e9 un problema com\u00fan a todos os proxectos que te\u00f1en moito de militancia pero no que as persoas comprometidas precisen de certo poder adquisitivo<\/p>\n<\/blockquote>\n","protected":false},"excerpt":{"rendered":"<div class=\"mh-excerpt\"><p> Neste medio de comunicaci\u00f3n temos defendido en innumerables ocasi\u00f3ns a importancia da auto organizaci\u00f3n da sociedade civil. <a class=\"mh-excerpt-more\" href=\"https:\/\/www.anovapeneira.gal\/index.php\/2024\/04\/22\/miguel-brana-coordinador-da-cooperativa-arbore\/\" title=\"Miguel Bra\u00f1a coordinador da cooperativa \u00c1rbore\">[&#8230;]<\/a><\/p>\n<\/div>","protected":false},"author":3,"featured_media":11634,"comment_status":"open","ping_status":"open","sticky":false,"template":"","format":"standard","meta":{"_exactmetrics_skip_tracking":false,"_exactmetrics_sitenote_active":false,"_exactmetrics_sitenote_note":"","_exactmetrics_sitenote_category":0,"footnotes":""},"categories":[272],"tags":[],"class_list":{"0":"post-11633","1":"post","2":"type-post","3":"status-publish","4":"format-standard","5":"has-post-thumbnail","7":"category-vigo-entrevistas"},"yoast_head":"<!-- This site is optimized with the Yoast SEO plugin v27.4 - https:\/\/yoast.com\/product\/yoast-seo-wordpress\/ -->\n<title>Miguel Bra\u00f1a coordinador da cooperativa \u00c1rbore -<\/title>\n<meta name=\"robots\" content=\"index, follow, max-snippet:-1, max-image-preview:large, max-video-preview:-1\" \/>\n<link rel=\"canonical\" href=\"https:\/\/www.anovapeneira.gal\/index.php\/2024\/04\/22\/miguel-brana-coordinador-da-cooperativa-arbore\/\" \/>\n<meta property=\"og:locale\" content=\"gl_ES\" \/>\n<meta property=\"og:type\" content=\"article\" \/>\n<meta property=\"og:title\" content=\"Miguel Bra\u00f1a coordinador da cooperativa \u00c1rbore -\" \/>\n<meta property=\"og:description\" content=\"Neste medio de comunicaci\u00f3n temos defendido en innumerables ocasi\u00f3ns a importancia da auto organizaci\u00f3n da sociedade civil. [...]\" \/>\n<meta property=\"og:url\" content=\"https:\/\/www.anovapeneira.gal\/index.php\/2024\/04\/22\/miguel-brana-coordinador-da-cooperativa-arbore\/\" \/>\n<meta property=\"article:publisher\" content=\"https:\/\/www.facebook.com\/anovapeneira\" \/>\n<meta property=\"article:published_time\" content=\"2024-04-22T10:00:58+00:00\" \/>\n<meta property=\"og:image\" content=\"https:\/\/www.anovapeneira.gal\/wp-content\/uploads\/2024\/04\/arbore.png\" \/>\n\t<meta property=\"og:image:width\" content=\"720\" \/>\n\t<meta property=\"og:image:height\" content=\"432\" \/>\n\t<meta property=\"og:image:type\" content=\"image\/png\" \/>\n<meta name=\"author\" content=\"Redacci\u00f3n A Nova Peneira\" \/>\n<meta name=\"twitter:card\" content=\"summary_large_image\" \/>\n<meta name=\"twitter:creator\" content=\"@APeneira\" \/>\n<meta name=\"twitter:site\" content=\"@APeneira\" \/>\n<meta name=\"twitter:label1\" content=\"Escrito por\" \/>\n\t<meta name=\"twitter:data1\" content=\"Redacci\u00f3n A Nova Peneira\" \/>\n\t<meta name=\"twitter:label2\" content=\"Tempo de lectura\" \/>\n\t<meta name=\"twitter:data2\" content=\"3 minutos\" \/>\n<script type=\"application\/ld+json\" class=\"yoast-schema-graph\">{\"@context\":\"https:\\\/\\\/schema.org\",\"@graph\":[{\"@type\":\"Article\",\"@id\":\"https:\\\/\\\/www.anovapeneira.gal\\\/index.php\\\/2024\\\/04\\\/22\\\/miguel-brana-coordinador-da-cooperativa-arbore\\\/#article\",\"isPartOf\":{\"@id\":\"https:\\\/\\\/www.anovapeneira.gal\\\/index.php\\\/2024\\\/04\\\/22\\\/miguel-brana-coordinador-da-cooperativa-arbore\\\/\"},\"author\":{\"name\":\"Redacci\u00f3n A Nova Peneira\",\"@id\":\"https:\\\/\\\/www.anovapeneira.gal\\\/#\\\/schema\\\/person\\\/b93e3f8932e3f8da96334607eb6ac6aa\"},\"headline\":\"Miguel Bra\u00f1a coordinador da cooperativa \u00c1rbore\",\"datePublished\":\"2024-04-22T10:00:58+00:00\",\"mainEntityOfPage\":{\"@id\":\"https:\\\/\\\/www.anovapeneira.gal\\\/index.php\\\/2024\\\/04\\\/22\\\/miguel-brana-coordinador-da-cooperativa-arbore\\\/\"},\"wordCount\":1222,\"commentCount\":0,\"publisher\":{\"@id\":\"https:\\\/\\\/www.anovapeneira.gal\\\/#organization\"},\"image\":{\"@id\":\"https:\\\/\\\/www.anovapeneira.gal\\\/index.php\\\/2024\\\/04\\\/22\\\/miguel-brana-coordinador-da-cooperativa-arbore\\\/#primaryimage\"},\"thumbnailUrl\":\"https:\\\/\\\/www.anovapeneira.gal\\\/wp-content\\\/uploads\\\/2024\\\/04\\\/arbore.png\",\"articleSection\":[\"Vigo\"],\"inLanguage\":\"gl-ES\",\"potentialAction\":[{\"@type\":\"CommentAction\",\"name\":\"Comment\",\"target\":[\"https:\\\/\\\/www.anovapeneira.gal\\\/index.php\\\/2024\\\/04\\\/22\\\/miguel-brana-coordinador-da-cooperativa-arbore\\\/#respond\"]}]},{\"@type\":\"WebPage\",\"@id\":\"https:\\\/\\\/www.anovapeneira.gal\\\/index.php\\\/2024\\\/04\\\/22\\\/miguel-brana-coordinador-da-cooperativa-arbore\\\/\",\"url\":\"https:\\\/\\\/www.anovapeneira.gal\\\/index.php\\\/2024\\\/04\\\/22\\\/miguel-brana-coordinador-da-cooperativa-arbore\\\/\",\"name\":\"Miguel Bra\u00f1a coordinador da cooperativa \u00c1rbore -\",\"isPartOf\":{\"@id\":\"https:\\\/\\\/www.anovapeneira.gal\\\/#website\"},\"primaryImageOfPage\":{\"@id\":\"https:\\\/\\\/www.anovapeneira.gal\\\/index.php\\\/2024\\\/04\\\/22\\\/miguel-brana-coordinador-da-cooperativa-arbore\\\/#primaryimage\"},\"image\":{\"@id\":\"https:\\\/\\\/www.anovapeneira.gal\\\/index.php\\\/2024\\\/04\\\/22\\\/miguel-brana-coordinador-da-cooperativa-arbore\\\/#primaryimage\"},\"thumbnailUrl\":\"https:\\\/\\\/www.anovapeneira.gal\\\/wp-content\\\/uploads\\\/2024\\\/04\\\/arbore.png\",\"datePublished\":\"2024-04-22T10:00:58+00:00\",\"breadcrumb\":{\"@id\":\"https:\\\/\\\/www.anovapeneira.gal\\\/index.php\\\/2024\\\/04\\\/22\\\/miguel-brana-coordinador-da-cooperativa-arbore\\\/#breadcrumb\"},\"inLanguage\":\"gl-ES\",\"potentialAction\":[{\"@type\":\"ReadAction\",\"target\":[\"https:\\\/\\\/www.anovapeneira.gal\\\/index.php\\\/2024\\\/04\\\/22\\\/miguel-brana-coordinador-da-cooperativa-arbore\\\/\"]}]},{\"@type\":\"ImageObject\",\"inLanguage\":\"gl-ES\",\"@id\":\"https:\\\/\\\/www.anovapeneira.gal\\\/index.php\\\/2024\\\/04\\\/22\\\/miguel-brana-coordinador-da-cooperativa-arbore\\\/#primaryimage\",\"url\":\"https:\\\/\\\/www.anovapeneira.gal\\\/wp-content\\\/uploads\\\/2024\\\/04\\\/arbore.png\",\"contentUrl\":\"https:\\\/\\\/www.anovapeneira.gal\\\/wp-content\\\/uploads\\\/2024\\\/04\\\/arbore.png\",\"width\":720,\"height\":432,\"caption\":\"Miguel Bra\u00f1a coordinador da cooperativa \u00c1rbore\"},{\"@type\":\"BreadcrumbList\",\"@id\":\"https:\\\/\\\/www.anovapeneira.gal\\\/index.php\\\/2024\\\/04\\\/22\\\/miguel-brana-coordinador-da-cooperativa-arbore\\\/#breadcrumb\",\"itemListElement\":[{\"@type\":\"ListItem\",\"position\":1,\"name\":\"Portada\",\"item\":\"https:\\\/\\\/www.anovapeneira.gal\\\/\"},{\"@type\":\"ListItem\",\"position\":2,\"name\":\"Miguel Bra\u00f1a coordinador da cooperativa \u00c1rbore\"}]},{\"@type\":\"WebSite\",\"@id\":\"https:\\\/\\\/www.anovapeneira.gal\\\/#website\",\"url\":\"https:\\\/\\\/www.anovapeneira.gal\\\/\",\"name\":\"\",\"description\":\"Xornal galego de informaci\u00f3n xeral Publicaci\u00f3n mensual de novas de Galicia e en especial dos Concellos da sur da provincia de Pontevedra.\",\"publisher\":{\"@id\":\"https:\\\/\\\/www.anovapeneira.gal\\\/#organization\"},\"potentialAction\":[{\"@type\":\"SearchAction\",\"target\":{\"@type\":\"EntryPoint\",\"urlTemplate\":\"https:\\\/\\\/www.anovapeneira.gal\\\/?s={search_term_string}\"},\"query-input\":{\"@type\":\"PropertyValueSpecification\",\"valueRequired\":true,\"valueName\":\"search_term_string\"}}],\"inLanguage\":\"gl-ES\"},{\"@type\":\"Organization\",\"@id\":\"https:\\\/\\\/www.anovapeneira.gal\\\/#organization\",\"name\":\"A Nova Peneira\",\"url\":\"https:\\\/\\\/www.anovapeneira.gal\\\/\",\"logo\":{\"@type\":\"ImageObject\",\"inLanguage\":\"gl-ES\",\"@id\":\"https:\\\/\\\/www.anovapeneira.gal\\\/#\\\/schema\\\/logo\\\/image\\\/\",\"url\":\"http:\\\/\\\/www.anovapeneira.gal\\\/wp-content\\\/uploads\\\/2019\\\/06\\\/logo_a_nova_peneira_portal_web.png\",\"contentUrl\":\"http:\\\/\\\/www.anovapeneira.gal\\\/wp-content\\\/uploads\\\/2019\\\/06\\\/logo_a_nova_peneira_portal_web.png\",\"width\":300,\"height\":100,\"caption\":\"A Nova Peneira\"},\"image\":{\"@id\":\"https:\\\/\\\/www.anovapeneira.gal\\\/#\\\/schema\\\/logo\\\/image\\\/\"},\"sameAs\":[\"https:\\\/\\\/www.facebook.com\\\/anovapeneira\",\"https:\\\/\\\/x.com\\\/APeneira\"]},{\"@type\":\"Person\",\"@id\":\"https:\\\/\\\/www.anovapeneira.gal\\\/#\\\/schema\\\/person\\\/b93e3f8932e3f8da96334607eb6ac6aa\",\"name\":\"Redacci\u00f3n A Nova Peneira\",\"image\":{\"@type\":\"ImageObject\",\"inLanguage\":\"gl-ES\",\"@id\":\"https:\\\/\\\/secure.gravatar.com\\\/avatar\\\/c052a2551a06e23fac63626232eaa90abd78dbcf1700fc46a2b2c89fd27b735f?s=96&d=mm&r=g\",\"url\":\"https:\\\/\\\/secure.gravatar.com\\\/avatar\\\/c052a2551a06e23fac63626232eaa90abd78dbcf1700fc46a2b2c89fd27b735f?s=96&d=mm&r=g\",\"contentUrl\":\"https:\\\/\\\/secure.gravatar.com\\\/avatar\\\/c052a2551a06e23fac63626232eaa90abd78dbcf1700fc46a2b2c89fd27b735f?s=96&d=mm&r=g\",\"caption\":\"Redacci\u00f3n A Nova Peneira\"},\"sameAs\":[\"http:\\\/\\\/www.anovapeneira.gal\\\/\"],\"url\":\"https:\\\/\\\/www.anovapeneira.gal\\\/index.php\\\/author\\\/redactor\\\/\"}]}<\/script>\n<!-- \/ Yoast SEO plugin. -->","yoast_head_json":{"title":"Miguel Bra\u00f1a coordinador da cooperativa \u00c1rbore -","robots":{"index":"index","follow":"follow","max-snippet":"max-snippet:-1","max-image-preview":"max-image-preview:large","max-video-preview":"max-video-preview:-1"},"canonical":"https:\/\/www.anovapeneira.gal\/index.php\/2024\/04\/22\/miguel-brana-coordinador-da-cooperativa-arbore\/","og_locale":"gl_ES","og_type":"article","og_title":"Miguel Bra\u00f1a coordinador da cooperativa \u00c1rbore -","og_description":"Neste medio de comunicaci\u00f3n temos defendido en innumerables ocasi\u00f3ns a importancia da auto organizaci\u00f3n da sociedade civil. [...]","og_url":"https:\/\/www.anovapeneira.gal\/index.php\/2024\/04\/22\/miguel-brana-coordinador-da-cooperativa-arbore\/","article_publisher":"https:\/\/www.facebook.com\/anovapeneira","article_published_time":"2024-04-22T10:00:58+00:00","og_image":[{"width":720,"height":432,"url":"https:\/\/www.anovapeneira.gal\/wp-content\/uploads\/2024\/04\/arbore.png","type":"image\/png"}],"author":"Redacci\u00f3n A Nova Peneira","twitter_card":"summary_large_image","twitter_creator":"@APeneira","twitter_site":"@APeneira","twitter_misc":{"Escrito por":"Redacci\u00f3n A Nova Peneira","Tempo de lectura":"3 minutos"},"schema":{"@context":"https:\/\/schema.org","@graph":[{"@type":"Article","@id":"https:\/\/www.anovapeneira.gal\/index.php\/2024\/04\/22\/miguel-brana-coordinador-da-cooperativa-arbore\/#article","isPartOf":{"@id":"https:\/\/www.anovapeneira.gal\/index.php\/2024\/04\/22\/miguel-brana-coordinador-da-cooperativa-arbore\/"},"author":{"name":"Redacci\u00f3n A Nova Peneira","@id":"https:\/\/www.anovapeneira.gal\/#\/schema\/person\/b93e3f8932e3f8da96334607eb6ac6aa"},"headline":"Miguel Bra\u00f1a coordinador da cooperativa \u00c1rbore","datePublished":"2024-04-22T10:00:58+00:00","mainEntityOfPage":{"@id":"https:\/\/www.anovapeneira.gal\/index.php\/2024\/04\/22\/miguel-brana-coordinador-da-cooperativa-arbore\/"},"wordCount":1222,"commentCount":0,"publisher":{"@id":"https:\/\/www.anovapeneira.gal\/#organization"},"image":{"@id":"https:\/\/www.anovapeneira.gal\/index.php\/2024\/04\/22\/miguel-brana-coordinador-da-cooperativa-arbore\/#primaryimage"},"thumbnailUrl":"https:\/\/www.anovapeneira.gal\/wp-content\/uploads\/2024\/04\/arbore.png","articleSection":["Vigo"],"inLanguage":"gl-ES","potentialAction":[{"@type":"CommentAction","name":"Comment","target":["https:\/\/www.anovapeneira.gal\/index.php\/2024\/04\/22\/miguel-brana-coordinador-da-cooperativa-arbore\/#respond"]}]},{"@type":"WebPage","@id":"https:\/\/www.anovapeneira.gal\/index.php\/2024\/04\/22\/miguel-brana-coordinador-da-cooperativa-arbore\/","url":"https:\/\/www.anovapeneira.gal\/index.php\/2024\/04\/22\/miguel-brana-coordinador-da-cooperativa-arbore\/","name":"Miguel Bra\u00f1a coordinador da cooperativa \u00c1rbore -","isPartOf":{"@id":"https:\/\/www.anovapeneira.gal\/#website"},"primaryImageOfPage":{"@id":"https:\/\/www.anovapeneira.gal\/index.php\/2024\/04\/22\/miguel-brana-coordinador-da-cooperativa-arbore\/#primaryimage"},"image":{"@id":"https:\/\/www.anovapeneira.gal\/index.php\/2024\/04\/22\/miguel-brana-coordinador-da-cooperativa-arbore\/#primaryimage"},"thumbnailUrl":"https:\/\/www.anovapeneira.gal\/wp-content\/uploads\/2024\/04\/arbore.png","datePublished":"2024-04-22T10:00:58+00:00","breadcrumb":{"@id":"https:\/\/www.anovapeneira.gal\/index.php\/2024\/04\/22\/miguel-brana-coordinador-da-cooperativa-arbore\/#breadcrumb"},"inLanguage":"gl-ES","potentialAction":[{"@type":"ReadAction","target":["https:\/\/www.anovapeneira.gal\/index.php\/2024\/04\/22\/miguel-brana-coordinador-da-cooperativa-arbore\/"]}]},{"@type":"ImageObject","inLanguage":"gl-ES","@id":"https:\/\/www.anovapeneira.gal\/index.php\/2024\/04\/22\/miguel-brana-coordinador-da-cooperativa-arbore\/#primaryimage","url":"https:\/\/www.anovapeneira.gal\/wp-content\/uploads\/2024\/04\/arbore.png","contentUrl":"https:\/\/www.anovapeneira.gal\/wp-content\/uploads\/2024\/04\/arbore.png","width":720,"height":432,"caption":"Miguel Bra\u00f1a coordinador da cooperativa \u00c1rbore"},{"@type":"BreadcrumbList","@id":"https:\/\/www.anovapeneira.gal\/index.php\/2024\/04\/22\/miguel-brana-coordinador-da-cooperativa-arbore\/#breadcrumb","itemListElement":[{"@type":"ListItem","position":1,"name":"Portada","item":"https:\/\/www.anovapeneira.gal\/"},{"@type":"ListItem","position":2,"name":"Miguel Bra\u00f1a coordinador da cooperativa \u00c1rbore"}]},{"@type":"WebSite","@id":"https:\/\/www.anovapeneira.gal\/#website","url":"https:\/\/www.anovapeneira.gal\/","name":"","description":"Xornal galego de informaci\u00f3n xeral Publicaci\u00f3n mensual de novas de Galicia e en especial dos Concellos da sur da provincia de Pontevedra.","publisher":{"@id":"https:\/\/www.anovapeneira.gal\/#organization"},"potentialAction":[{"@type":"SearchAction","target":{"@type":"EntryPoint","urlTemplate":"https:\/\/www.anovapeneira.gal\/?s={search_term_string}"},"query-input":{"@type":"PropertyValueSpecification","valueRequired":true,"valueName":"search_term_string"}}],"inLanguage":"gl-ES"},{"@type":"Organization","@id":"https:\/\/www.anovapeneira.gal\/#organization","name":"A Nova Peneira","url":"https:\/\/www.anovapeneira.gal\/","logo":{"@type":"ImageObject","inLanguage":"gl-ES","@id":"https:\/\/www.anovapeneira.gal\/#\/schema\/logo\/image\/","url":"http:\/\/www.anovapeneira.gal\/wp-content\/uploads\/2019\/06\/logo_a_nova_peneira_portal_web.png","contentUrl":"http:\/\/www.anovapeneira.gal\/wp-content\/uploads\/2019\/06\/logo_a_nova_peneira_portal_web.png","width":300,"height":100,"caption":"A Nova Peneira"},"image":{"@id":"https:\/\/www.anovapeneira.gal\/#\/schema\/logo\/image\/"},"sameAs":["https:\/\/www.facebook.com\/anovapeneira","https:\/\/x.com\/APeneira"]},{"@type":"Person","@id":"https:\/\/www.anovapeneira.gal\/#\/schema\/person\/b93e3f8932e3f8da96334607eb6ac6aa","name":"Redacci\u00f3n A Nova Peneira","image":{"@type":"ImageObject","inLanguage":"gl-ES","@id":"https:\/\/secure.gravatar.com\/avatar\/c052a2551a06e23fac63626232eaa90abd78dbcf1700fc46a2b2c89fd27b735f?s=96&d=mm&r=g","url":"https:\/\/secure.gravatar.com\/avatar\/c052a2551a06e23fac63626232eaa90abd78dbcf1700fc46a2b2c89fd27b735f?s=96&d=mm&r=g","contentUrl":"https:\/\/secure.gravatar.com\/avatar\/c052a2551a06e23fac63626232eaa90abd78dbcf1700fc46a2b2c89fd27b735f?s=96&d=mm&r=g","caption":"Redacci\u00f3n A Nova Peneira"},"sameAs":["http:\/\/www.anovapeneira.gal\/"],"url":"https:\/\/www.anovapeneira.gal\/index.php\/author\/redactor\/"}]}},"jetpack_featured_media_url":"https:\/\/www.anovapeneira.gal\/wp-content\/uploads\/2024\/04\/arbore.png","_links":{"self":[{"href":"https:\/\/www.anovapeneira.gal\/index.php\/wp-json\/wp\/v2\/posts\/11633","targetHints":{"allow":["GET"]}}],"collection":[{"href":"https:\/\/www.anovapeneira.gal\/index.php\/wp-json\/wp\/v2\/posts"}],"about":[{"href":"https:\/\/www.anovapeneira.gal\/index.php\/wp-json\/wp\/v2\/types\/post"}],"author":[{"embeddable":true,"href":"https:\/\/www.anovapeneira.gal\/index.php\/wp-json\/wp\/v2\/users\/3"}],"replies":[{"embeddable":true,"href":"https:\/\/www.anovapeneira.gal\/index.php\/wp-json\/wp\/v2\/comments?post=11633"}],"version-history":[{"count":1,"href":"https:\/\/www.anovapeneira.gal\/index.php\/wp-json\/wp\/v2\/posts\/11633\/revisions"}],"predecessor-version":[{"id":11635,"href":"https:\/\/www.anovapeneira.gal\/index.php\/wp-json\/wp\/v2\/posts\/11633\/revisions\/11635"}],"wp:featuredmedia":[{"embeddable":true,"href":"https:\/\/www.anovapeneira.gal\/index.php\/wp-json\/wp\/v2\/media\/11634"}],"wp:attachment":[{"href":"https:\/\/www.anovapeneira.gal\/index.php\/wp-json\/wp\/v2\/media?parent=11633"}],"wp:term":[{"taxonomy":"category","embeddable":true,"href":"https:\/\/www.anovapeneira.gal\/index.php\/wp-json\/wp\/v2\/categories?post=11633"},{"taxonomy":"post_tag","embeddable":true,"href":"https:\/\/www.anovapeneira.gal\/index.php\/wp-json\/wp\/v2\/tags?post=11633"}],"curies":[{"name":"wp","href":"https:\/\/api.w.org\/{rel}","templated":true}]}}