{"id":11646,"date":"2024-04-24T10:00:07","date_gmt":"2024-04-24T08:00:07","guid":{"rendered":"https:\/\/www.anovapeneira.gal\/?p=11646"},"modified":"2024-04-22T10:12:46","modified_gmt":"2024-04-22T08:12:46","slug":"no-autoodio","status":"publish","type":"post","link":"https:\/\/www.anovapeneira.gal\/index.php\/2024\/04\/24\/no-autoodio\/","title":{"rendered":"NO AUTOODIO"},"content":{"rendered":"\n<figure class=\"wp-block-image size-full is-resized\"><img loading=\"lazy\" decoding=\"async\" width=\"190\" height=\"222\" src=\"https:\/\/www.anovapeneira.gal\/wp-content\/uploads\/2019\/07\/Baldomero_Iglesias_Dobarrio_Mero.jpg\" alt=\"Baldomero Iglesias Dobarrio Mero artigos de opini\u00f3n A Nova Peneira\" class=\"wp-image-482\" style=\"width:72px;height:auto\"\/><figcaption class=\"wp-element-caption\">Baldomero Iglesias Dobarrio, Mero<\/figcaption><\/figure>\n\n\n\n<p>\u00c1ndame na cabeza desde hai moito tempo unha cuesti\u00f3n que nos impide avanzar no orgulloso de ser quen somos, de reco\u00f1ecernos, de mirarnos no espello e saber da nosa fisionom\u00eda, a nosa orixe, a historia que nos precedeu e, desde ela, sexa como sexa, abrir horizontes novos. Sei que nos habita ese destrutivo auto-odio \u00a0cabr\u00f3n, que asentou en n\u00f3s como peste, como parte dun adeene fatal que nos imposibilita, que nos fai impotentes para desviar do maligno destino que nos aventan, nesa sombra negra que nos asombra, nesa \u00a0teima corrosiva que socialmente nos suicida. Sabendo que somos un pobo que se rexeita a si mesmo, que se amosa rest\u00e1ndonos decisi\u00f3n e honra, resta que nos roubou a vontade de ser, esa que te\u00f1en os demais pobos do mundo e que amosan con satisfacci\u00f3n. E as\u00ed non imos a ningures, perdidos nunha espesa n\u00e9boa de procelosa estadea en penitencia, de dor perpetua. Vivimos compar\u00e1ndonos, comparando e admitindo que todo o de lonxe \u00e9 mellor, que o alleo ten m\u00e1is posibles, que o noso non \u00e9 cumpridamente eficaz e efectivo. Sei, pola historia, que os chamados Reis Cat\u00f3licos foron o preludio daquela sentenza que describiu Zurita como a doma e castraci\u00f3n de Galiza. Nada pois que agradecer a tan infames bodes e capr\u00ednidos cornudos. Historia e historias que nos foron facendo como somos, argumentados en anos e s\u00e9culos de miserias e de fames, de verdugos e de v\u00edtimas, de vendidos e compradores, de falsidades e de subalternancias, de emigraci\u00f3ns e desarr\u00e1igoos. Argumentos que nos espellan a\u00ednda hoxe con xente que se manifesta en contra de n\u00f3s e do noso, das nosas des debuxadas esencias. Esas mesmas que loitan incansablemente por ter un perfil que nos defina, un perfil que nos encha de verdade. Si, xa sei, son trepas que din que fan e non fan, que din que son e non son. Que menten, que rouban descaradamente, que rouban con desculpa de que a xustiza no ve nin quere ver. Si, hai moitos que se agachan e aproveitan a baza para conculcarnos o dereito inviolable de ser quen somos, en pleno exercicio de lingua e de condici\u00f3ns de estima, sen ter que pedir nada ao lonxe. Nese dereito de erguer na propia voz e donos das nosas decisi\u00f3ns, das nosas fames e medos. Cumprir co sagrado destino do que somos e queremos ser, que non ten nada que ver co que manifestan moitos espelidos e procaces escaparates da farsa en medios de captaci\u00f3n de masas. Son unha enfermidade ru\u00edn, desas que preconizan que o inimigo est\u00e1 dentro, das autoinmunnes que fabrican c\u00e9lulas que combaten o noso propio corpo. Deberamos pensar iso de que o inimigo est\u00e1 dentro porque a min preoc\u00fapame moito ese desamor, este inoportuno contubernio de aldraxe e de vergo\u00f1a, esta infamia que levamos enriba sen merecela, este agravio comparativo que precisa tan claramente un desacato, mentres todos asentimos no disimulo e en silenzo, mentres todos obedecemos normas que nos marcan, das que al\u00e1 puxeron eles, na distancia e que non atenden ao noso ser debidamente co m\u00ednimo de respecto. Este feito que se volve imp\u00fadico cando nos silencian, cando nos omiten e invisibilizan, cando nos negan e \u201cningunean\u201d. Resulta obsceno e inxurioso, pois invita a revolverse, a revirarse contra todos aqueles que argallaron isto e participan da escenificaci\u00f3n tan torpe, na que se nota o desamparo e a falta de pureza, a traiz\u00f3n. Lonxe de calquera soluci\u00f3n esperanzada, escribo isto e lembro aquela lenda do Pedregal de Irima, aquela que fala daquelas pedras al\u00ed estradas e cubrindo a nacenza do R\u00edo, do mellor r\u00edo do mundo porque \u00e9 noso, porque nos alimenta e rega, porque nos d\u00e1 o verdor da verdura e as veigas, as varcias, as varxas e as ribeiras do vi\u00f1o, as corti\u00f1as do agro, as leiras que reflicten o verdor que levamos dentro, forza, vigor e frescura no medio do branco da nosa bandeira, o verdello vizoso da enerx\u00eda e xuventude, delicado na verdade que non se conta, que non se manifesta, que escorre polas permutas das medio verdades, as mesmas que non se dixeron na mesta cegueira de seguir a pesar de todo, tapando todo, ocultando, tam\u00e9n na equidistancia de non dicir de non manifestarnos abertamente, de omitir elegantemente, quedando ben con todos. Nesa mesma que nos fai c\u00f3mplices do verdugo e da v\u00edtima, da historia non contada e da que contaron para ir tirando, sen atender \u00e1s formas da posible certeza. Pois naquela nacenza do R\u00edo Mi\u00f1o, dic\u00eda eu, hai unha grande morea de pedras, pedras dun tama\u00f1o considerable que segundo a lenda est\u00e1n al\u00ed, castigadas polas deusas e deuses, a penar. Te\u00f1en que sufrir todo tipo de erosi\u00f3ns, chuvia, aire, calor, fr\u00edo, &#8230;ata que sexan quen de merecer a vida e, ent\u00f3n, regresar con algo de honra ao mundo. A culpa \u00e9 \u00fanica, a neglixencia \u00e9 notoria, a falta \u00e9 imperdoable, o agravio cometido \u00e9 un grave delito: non quererse, non amarse, non reco\u00f1ecerse satisfeitos no moito que somos e temos.<\/p>\n\n\n\n<p>Ent\u00f3n as divindades, que relatan as lendas, castigaron a todos os pobos da Galiza transfigur\u00e1ndoos al\u00ed mesmo en pedras. Cada pedra das que al\u00ed est\u00e1n \u00e9 a representaci\u00f3n dun pobo e sufre al\u00ed, amoreada, o castigo eterno de perderse no tempo, de esvaecer na soidade ata facerse foulas, pequenas part\u00edculas que voen os aires do anonimato e caer no esquecemento m\u00e1is cruel, ese que non se significa xa materialmente pois queda perdido dos ollos e de calquera acordo. Todo porque non nos queremos, porque nos rexeitamos e odiamos, porque nos auto-odiamos miserablemente. E a\u00ed estamos, tentando recuperarnos nese amor propio e ao propio, nese sentimento de satisfacci\u00f3n plena para sabernos felices e orgullosos da nosa procedencia. Mais os tempos, ben o vedes, a\u00ednda non, non son chegados. Mirade sen\u00f3n ao redor, mirade os e\u00f3licos, as minas a ceo aberto, a espoliaci\u00f3n, eses proxectos eucal\u00edpticos de abastecer empresas e amizades, ences e altris, eses lodos contaminados, esa merda que se imp\u00f3n \u00e1 beleza e \u00e1 tradici\u00f3n, ao traballo digno que non contamina. Por moito que nos mintan e por moito que nos acalen na omisi\u00f3n e desamparo, non debemos calar nesta vergo\u00f1a de encabezar manifestaci\u00f3ns en contra de n\u00f3s e do noso, como ese se\u00f1or, que di que manda por estes lares, e argumenta \u00a0imposici\u00f3n do que \u00e9 noso. \u00c9 posible impor o que traemos posto, o que nos define e marca? As\u00ed nos vai. Estamos diante doutro Medulio no que arder extinguidos polo desafecto e a desuni\u00f3n que nos vence ao saber que \u00e9 mellor voar que estar en venda, na extinci\u00f3n que na escravitude da servil dependencia.<\/p>\n","protected":false},"excerpt":{"rendered":"<div class=\"mh-excerpt\"><p>\u00c1ndame na cabeza desde hai moito tempo unha cuesti\u00f3n que nos impide avanzar no orgulloso de ser quen somos, de reco\u00f1ecernos, de mirarnos no espello e saber da nosa fisionom\u00eda, a nosa orixe, a historia que nos precedeu e, desde ela, sexa como sexa, abrir horizontes novos <a class=\"mh-excerpt-more\" href=\"https:\/\/www.anovapeneira.gal\/index.php\/2024\/04\/24\/no-autoodio\/\" title=\"NO AUTOODIO\">[&#8230;]<\/a><\/p>\n<\/div>","protected":false},"author":5,"featured_media":584,"comment_status":"open","ping_status":"open","sticky":false,"template":"","format":"standard","meta":{"_exactmetrics_skip_tracking":false,"_exactmetrics_sitenote_active":false,"_exactmetrics_sitenote_note":"","_exactmetrics_sitenote_category":0,"footnotes":""},"categories":[7],"tags":[],"class_list":{"0":"post-11646","1":"post","2":"type-post","3":"status-publish","4":"format-standard","5":"has-post-thumbnail","7":"category-artigos-de-opinion"},"yoast_head":"<!-- This site is optimized with the Yoast SEO plugin v27.4 - https:\/\/yoast.com\/product\/yoast-seo-wordpress\/ -->\n<title>NO AUTOODIO -<\/title>\n<meta name=\"robots\" content=\"index, follow, max-snippet:-1, max-image-preview:large, max-video-preview:-1\" \/>\n<link rel=\"canonical\" href=\"https:\/\/www.anovapeneira.gal\/index.php\/2024\/04\/24\/no-autoodio\/\" \/>\n<meta property=\"og:locale\" content=\"gl_ES\" \/>\n<meta property=\"og:type\" content=\"article\" \/>\n<meta property=\"og:title\" content=\"NO AUTOODIO -\" \/>\n<meta property=\"og:description\" content=\"\u00c1ndame na cabeza desde hai moito tempo unha cuesti\u00f3n que nos impide avanzar no orgulloso de ser quen somos, de reco\u00f1ecernos, de mirarnos no espello e saber da nosa fisionom\u00eda, a nosa orixe, a historia que nos precedeu e, desde ela, sexa como sexa, abrir horizontes novos [...]\" \/>\n<meta property=\"og:url\" content=\"https:\/\/www.anovapeneira.gal\/index.php\/2024\/04\/24\/no-autoodio\/\" \/>\n<meta property=\"article:publisher\" content=\"https:\/\/www.facebook.com\/anovapeneira\" \/>\n<meta property=\"article:published_time\" content=\"2024-04-24T08:00:07+00:00\" \/>\n<meta property=\"og:image\" content=\"https:\/\/www.anovapeneira.gal\/wp-content\/uploads\/2019\/07\/ARTIGO_DE_OPINION_A_NOVA_PENEIRA.jpg\" \/>\n\t<meta property=\"og:image:width\" content=\"720\" \/>\n\t<meta property=\"og:image:height\" content=\"473\" \/>\n\t<meta property=\"og:image:type\" content=\"image\/jpeg\" \/>\n<meta name=\"author\" content=\"Baldomero Iglesias Dobarrio, Mero\" \/>\n<meta name=\"twitter:card\" content=\"summary_large_image\" \/>\n<meta name=\"twitter:image\" content=\"https:\/\/www.anovapeneira.gal\/wp-content\/uploads\/2019\/07\/ARTIGO_DE_OPINION_A_NOVA_PENEIRA.jpg\" \/>\n<meta name=\"twitter:creator\" content=\"@APeneira\" \/>\n<meta name=\"twitter:site\" content=\"@APeneira\" \/>\n<meta name=\"twitter:label1\" content=\"Escrito por\" \/>\n\t<meta name=\"twitter:data1\" content=\"Baldomero Iglesias Dobarrio, Mero\" \/>\n\t<meta name=\"twitter:label2\" content=\"Tempo de lectura\" \/>\n\t<meta name=\"twitter:data2\" content=\"7 minutos\" \/>\n<script type=\"application\/ld+json\" class=\"yoast-schema-graph\">{\"@context\":\"https:\\\/\\\/schema.org\",\"@graph\":[{\"@type\":\"Article\",\"@id\":\"https:\\\/\\\/www.anovapeneira.gal\\\/index.php\\\/2024\\\/04\\\/24\\\/no-autoodio\\\/#article\",\"isPartOf\":{\"@id\":\"https:\\\/\\\/www.anovapeneira.gal\\\/index.php\\\/2024\\\/04\\\/24\\\/no-autoodio\\\/\"},\"author\":{\"name\":\"Baldomero Iglesias Dobarrio, Mero\",\"@id\":\"https:\\\/\\\/www.anovapeneira.gal\\\/#\\\/schema\\\/person\\\/b051ed40cfc100e281476674783b32fc\"},\"headline\":\"NO AUTOODIO\",\"datePublished\":\"2024-04-24T08:00:07+00:00\",\"mainEntityOfPage\":{\"@id\":\"https:\\\/\\\/www.anovapeneira.gal\\\/index.php\\\/2024\\\/04\\\/24\\\/no-autoodio\\\/\"},\"wordCount\":1162,\"commentCount\":0,\"publisher\":{\"@id\":\"https:\\\/\\\/www.anovapeneira.gal\\\/#organization\"},\"image\":{\"@id\":\"https:\\\/\\\/www.anovapeneira.gal\\\/index.php\\\/2024\\\/04\\\/24\\\/no-autoodio\\\/#primaryimage\"},\"thumbnailUrl\":\"https:\\\/\\\/www.anovapeneira.gal\\\/wp-content\\\/uploads\\\/2019\\\/07\\\/ARTIGO_DE_OPINION_A_NOVA_PENEIRA.jpg\",\"articleSection\":[\"Artigos de opini\u00f3n\"],\"inLanguage\":\"gl-ES\",\"potentialAction\":[{\"@type\":\"CommentAction\",\"name\":\"Comment\",\"target\":[\"https:\\\/\\\/www.anovapeneira.gal\\\/index.php\\\/2024\\\/04\\\/24\\\/no-autoodio\\\/#respond\"]}]},{\"@type\":\"WebPage\",\"@id\":\"https:\\\/\\\/www.anovapeneira.gal\\\/index.php\\\/2024\\\/04\\\/24\\\/no-autoodio\\\/\",\"url\":\"https:\\\/\\\/www.anovapeneira.gal\\\/index.php\\\/2024\\\/04\\\/24\\\/no-autoodio\\\/\",\"name\":\"NO AUTOODIO -\",\"isPartOf\":{\"@id\":\"https:\\\/\\\/www.anovapeneira.gal\\\/#website\"},\"primaryImageOfPage\":{\"@id\":\"https:\\\/\\\/www.anovapeneira.gal\\\/index.php\\\/2024\\\/04\\\/24\\\/no-autoodio\\\/#primaryimage\"},\"image\":{\"@id\":\"https:\\\/\\\/www.anovapeneira.gal\\\/index.php\\\/2024\\\/04\\\/24\\\/no-autoodio\\\/#primaryimage\"},\"thumbnailUrl\":\"https:\\\/\\\/www.anovapeneira.gal\\\/wp-content\\\/uploads\\\/2019\\\/07\\\/ARTIGO_DE_OPINION_A_NOVA_PENEIRA.jpg\",\"datePublished\":\"2024-04-24T08:00:07+00:00\",\"breadcrumb\":{\"@id\":\"https:\\\/\\\/www.anovapeneira.gal\\\/index.php\\\/2024\\\/04\\\/24\\\/no-autoodio\\\/#breadcrumb\"},\"inLanguage\":\"gl-ES\",\"potentialAction\":[{\"@type\":\"ReadAction\",\"target\":[\"https:\\\/\\\/www.anovapeneira.gal\\\/index.php\\\/2024\\\/04\\\/24\\\/no-autoodio\\\/\"]}]},{\"@type\":\"ImageObject\",\"inLanguage\":\"gl-ES\",\"@id\":\"https:\\\/\\\/www.anovapeneira.gal\\\/index.php\\\/2024\\\/04\\\/24\\\/no-autoodio\\\/#primaryimage\",\"url\":\"https:\\\/\\\/www.anovapeneira.gal\\\/wp-content\\\/uploads\\\/2019\\\/07\\\/ARTIGO_DE_OPINION_A_NOVA_PENEIRA.jpg\",\"contentUrl\":\"https:\\\/\\\/www.anovapeneira.gal\\\/wp-content\\\/uploads\\\/2019\\\/07\\\/ARTIGO_DE_OPINION_A_NOVA_PENEIRA.jpg\",\"width\":720,\"height\":473,\"caption\":\"Artigo de opini\u00f3n A Nova Peneira\"},{\"@type\":\"BreadcrumbList\",\"@id\":\"https:\\\/\\\/www.anovapeneira.gal\\\/index.php\\\/2024\\\/04\\\/24\\\/no-autoodio\\\/#breadcrumb\",\"itemListElement\":[{\"@type\":\"ListItem\",\"position\":1,\"name\":\"Portada\",\"item\":\"https:\\\/\\\/www.anovapeneira.gal\\\/\"},{\"@type\":\"ListItem\",\"position\":2,\"name\":\"NO AUTOODIO\"}]},{\"@type\":\"WebSite\",\"@id\":\"https:\\\/\\\/www.anovapeneira.gal\\\/#website\",\"url\":\"https:\\\/\\\/www.anovapeneira.gal\\\/\",\"name\":\"\",\"description\":\"Xornal galego de informaci\u00f3n xeral Publicaci\u00f3n mensual de novas de Galicia e en especial dos Concellos da sur da provincia de Pontevedra.\",\"publisher\":{\"@id\":\"https:\\\/\\\/www.anovapeneira.gal\\\/#organization\"},\"potentialAction\":[{\"@type\":\"SearchAction\",\"target\":{\"@type\":\"EntryPoint\",\"urlTemplate\":\"https:\\\/\\\/www.anovapeneira.gal\\\/?s={search_term_string}\"},\"query-input\":{\"@type\":\"PropertyValueSpecification\",\"valueRequired\":true,\"valueName\":\"search_term_string\"}}],\"inLanguage\":\"gl-ES\"},{\"@type\":\"Organization\",\"@id\":\"https:\\\/\\\/www.anovapeneira.gal\\\/#organization\",\"name\":\"A Nova Peneira\",\"url\":\"https:\\\/\\\/www.anovapeneira.gal\\\/\",\"logo\":{\"@type\":\"ImageObject\",\"inLanguage\":\"gl-ES\",\"@id\":\"https:\\\/\\\/www.anovapeneira.gal\\\/#\\\/schema\\\/logo\\\/image\\\/\",\"url\":\"http:\\\/\\\/www.anovapeneira.gal\\\/wp-content\\\/uploads\\\/2019\\\/06\\\/logo_a_nova_peneira_portal_web.png\",\"contentUrl\":\"http:\\\/\\\/www.anovapeneira.gal\\\/wp-content\\\/uploads\\\/2019\\\/06\\\/logo_a_nova_peneira_portal_web.png\",\"width\":300,\"height\":100,\"caption\":\"A Nova Peneira\"},\"image\":{\"@id\":\"https:\\\/\\\/www.anovapeneira.gal\\\/#\\\/schema\\\/logo\\\/image\\\/\"},\"sameAs\":[\"https:\\\/\\\/www.facebook.com\\\/anovapeneira\",\"https:\\\/\\\/x.com\\\/APeneira\"]},{\"@type\":\"Person\",\"@id\":\"https:\\\/\\\/www.anovapeneira.gal\\\/#\\\/schema\\\/person\\\/b051ed40cfc100e281476674783b32fc\",\"name\":\"Baldomero Iglesias Dobarrio, Mero\",\"image\":{\"@type\":\"ImageObject\",\"inLanguage\":\"gl-ES\",\"@id\":\"https:\\\/\\\/secure.gravatar.com\\\/avatar\\\/ca78fc089f8cf28197f88de2c9ac213e2f7d2097d8e359d9359b8778b539c59d?s=96&d=mm&r=g\",\"url\":\"https:\\\/\\\/secure.gravatar.com\\\/avatar\\\/ca78fc089f8cf28197f88de2c9ac213e2f7d2097d8e359d9359b8778b539c59d?s=96&d=mm&r=g\",\"contentUrl\":\"https:\\\/\\\/secure.gravatar.com\\\/avatar\\\/ca78fc089f8cf28197f88de2c9ac213e2f7d2097d8e359d9359b8778b539c59d?s=96&d=mm&r=g\",\"caption\":\"Baldomero Iglesias Dobarrio, Mero\"},\"sameAs\":[\"http:\\\/\\\/anovapeneira.gal\"],\"url\":\"https:\\\/\\\/www.anovapeneira.gal\\\/index.php\\\/author\\\/opinionmero\\\/\"}]}<\/script>\n<!-- \/ Yoast SEO plugin. -->","yoast_head_json":{"title":"NO AUTOODIO -","robots":{"index":"index","follow":"follow","max-snippet":"max-snippet:-1","max-image-preview":"max-image-preview:large","max-video-preview":"max-video-preview:-1"},"canonical":"https:\/\/www.anovapeneira.gal\/index.php\/2024\/04\/24\/no-autoodio\/","og_locale":"gl_ES","og_type":"article","og_title":"NO AUTOODIO -","og_description":"\u00c1ndame na cabeza desde hai moito tempo unha cuesti\u00f3n que nos impide avanzar no orgulloso de ser quen somos, de reco\u00f1ecernos, de mirarnos no espello e saber da nosa fisionom\u00eda, a nosa orixe, a historia que nos precedeu e, desde ela, sexa como sexa, abrir horizontes novos [...]","og_url":"https:\/\/www.anovapeneira.gal\/index.php\/2024\/04\/24\/no-autoodio\/","article_publisher":"https:\/\/www.facebook.com\/anovapeneira","article_published_time":"2024-04-24T08:00:07+00:00","og_image":[{"width":720,"height":473,"url":"https:\/\/www.anovapeneira.gal\/wp-content\/uploads\/2019\/07\/ARTIGO_DE_OPINION_A_NOVA_PENEIRA.jpg","type":"image\/jpeg"}],"author":"Baldomero Iglesias Dobarrio, Mero","twitter_card":"summary_large_image","twitter_image":"https:\/\/www.anovapeneira.gal\/wp-content\/uploads\/2019\/07\/ARTIGO_DE_OPINION_A_NOVA_PENEIRA.jpg","twitter_creator":"@APeneira","twitter_site":"@APeneira","twitter_misc":{"Escrito por":"Baldomero Iglesias Dobarrio, Mero","Tempo de lectura":"7 minutos"},"schema":{"@context":"https:\/\/schema.org","@graph":[{"@type":"Article","@id":"https:\/\/www.anovapeneira.gal\/index.php\/2024\/04\/24\/no-autoodio\/#article","isPartOf":{"@id":"https:\/\/www.anovapeneira.gal\/index.php\/2024\/04\/24\/no-autoodio\/"},"author":{"name":"Baldomero Iglesias Dobarrio, Mero","@id":"https:\/\/www.anovapeneira.gal\/#\/schema\/person\/b051ed40cfc100e281476674783b32fc"},"headline":"NO AUTOODIO","datePublished":"2024-04-24T08:00:07+00:00","mainEntityOfPage":{"@id":"https:\/\/www.anovapeneira.gal\/index.php\/2024\/04\/24\/no-autoodio\/"},"wordCount":1162,"commentCount":0,"publisher":{"@id":"https:\/\/www.anovapeneira.gal\/#organization"},"image":{"@id":"https:\/\/www.anovapeneira.gal\/index.php\/2024\/04\/24\/no-autoodio\/#primaryimage"},"thumbnailUrl":"https:\/\/www.anovapeneira.gal\/wp-content\/uploads\/2019\/07\/ARTIGO_DE_OPINION_A_NOVA_PENEIRA.jpg","articleSection":["Artigos de opini\u00f3n"],"inLanguage":"gl-ES","potentialAction":[{"@type":"CommentAction","name":"Comment","target":["https:\/\/www.anovapeneira.gal\/index.php\/2024\/04\/24\/no-autoodio\/#respond"]}]},{"@type":"WebPage","@id":"https:\/\/www.anovapeneira.gal\/index.php\/2024\/04\/24\/no-autoodio\/","url":"https:\/\/www.anovapeneira.gal\/index.php\/2024\/04\/24\/no-autoodio\/","name":"NO AUTOODIO -","isPartOf":{"@id":"https:\/\/www.anovapeneira.gal\/#website"},"primaryImageOfPage":{"@id":"https:\/\/www.anovapeneira.gal\/index.php\/2024\/04\/24\/no-autoodio\/#primaryimage"},"image":{"@id":"https:\/\/www.anovapeneira.gal\/index.php\/2024\/04\/24\/no-autoodio\/#primaryimage"},"thumbnailUrl":"https:\/\/www.anovapeneira.gal\/wp-content\/uploads\/2019\/07\/ARTIGO_DE_OPINION_A_NOVA_PENEIRA.jpg","datePublished":"2024-04-24T08:00:07+00:00","breadcrumb":{"@id":"https:\/\/www.anovapeneira.gal\/index.php\/2024\/04\/24\/no-autoodio\/#breadcrumb"},"inLanguage":"gl-ES","potentialAction":[{"@type":"ReadAction","target":["https:\/\/www.anovapeneira.gal\/index.php\/2024\/04\/24\/no-autoodio\/"]}]},{"@type":"ImageObject","inLanguage":"gl-ES","@id":"https:\/\/www.anovapeneira.gal\/index.php\/2024\/04\/24\/no-autoodio\/#primaryimage","url":"https:\/\/www.anovapeneira.gal\/wp-content\/uploads\/2019\/07\/ARTIGO_DE_OPINION_A_NOVA_PENEIRA.jpg","contentUrl":"https:\/\/www.anovapeneira.gal\/wp-content\/uploads\/2019\/07\/ARTIGO_DE_OPINION_A_NOVA_PENEIRA.jpg","width":720,"height":473,"caption":"Artigo de opini\u00f3n A Nova Peneira"},{"@type":"BreadcrumbList","@id":"https:\/\/www.anovapeneira.gal\/index.php\/2024\/04\/24\/no-autoodio\/#breadcrumb","itemListElement":[{"@type":"ListItem","position":1,"name":"Portada","item":"https:\/\/www.anovapeneira.gal\/"},{"@type":"ListItem","position":2,"name":"NO AUTOODIO"}]},{"@type":"WebSite","@id":"https:\/\/www.anovapeneira.gal\/#website","url":"https:\/\/www.anovapeneira.gal\/","name":"","description":"Xornal galego de informaci\u00f3n xeral Publicaci\u00f3n mensual de novas de Galicia e en especial dos Concellos da sur da provincia de Pontevedra.","publisher":{"@id":"https:\/\/www.anovapeneira.gal\/#organization"},"potentialAction":[{"@type":"SearchAction","target":{"@type":"EntryPoint","urlTemplate":"https:\/\/www.anovapeneira.gal\/?s={search_term_string}"},"query-input":{"@type":"PropertyValueSpecification","valueRequired":true,"valueName":"search_term_string"}}],"inLanguage":"gl-ES"},{"@type":"Organization","@id":"https:\/\/www.anovapeneira.gal\/#organization","name":"A Nova Peneira","url":"https:\/\/www.anovapeneira.gal\/","logo":{"@type":"ImageObject","inLanguage":"gl-ES","@id":"https:\/\/www.anovapeneira.gal\/#\/schema\/logo\/image\/","url":"http:\/\/www.anovapeneira.gal\/wp-content\/uploads\/2019\/06\/logo_a_nova_peneira_portal_web.png","contentUrl":"http:\/\/www.anovapeneira.gal\/wp-content\/uploads\/2019\/06\/logo_a_nova_peneira_portal_web.png","width":300,"height":100,"caption":"A Nova Peneira"},"image":{"@id":"https:\/\/www.anovapeneira.gal\/#\/schema\/logo\/image\/"},"sameAs":["https:\/\/www.facebook.com\/anovapeneira","https:\/\/x.com\/APeneira"]},{"@type":"Person","@id":"https:\/\/www.anovapeneira.gal\/#\/schema\/person\/b051ed40cfc100e281476674783b32fc","name":"Baldomero Iglesias Dobarrio, Mero","image":{"@type":"ImageObject","inLanguage":"gl-ES","@id":"https:\/\/secure.gravatar.com\/avatar\/ca78fc089f8cf28197f88de2c9ac213e2f7d2097d8e359d9359b8778b539c59d?s=96&d=mm&r=g","url":"https:\/\/secure.gravatar.com\/avatar\/ca78fc089f8cf28197f88de2c9ac213e2f7d2097d8e359d9359b8778b539c59d?s=96&d=mm&r=g","contentUrl":"https:\/\/secure.gravatar.com\/avatar\/ca78fc089f8cf28197f88de2c9ac213e2f7d2097d8e359d9359b8778b539c59d?s=96&d=mm&r=g","caption":"Baldomero Iglesias Dobarrio, Mero"},"sameAs":["http:\/\/anovapeneira.gal"],"url":"https:\/\/www.anovapeneira.gal\/index.php\/author\/opinionmero\/"}]}},"jetpack_featured_media_url":"https:\/\/www.anovapeneira.gal\/wp-content\/uploads\/2019\/07\/ARTIGO_DE_OPINION_A_NOVA_PENEIRA.jpg","_links":{"self":[{"href":"https:\/\/www.anovapeneira.gal\/index.php\/wp-json\/wp\/v2\/posts\/11646","targetHints":{"allow":["GET"]}}],"collection":[{"href":"https:\/\/www.anovapeneira.gal\/index.php\/wp-json\/wp\/v2\/posts"}],"about":[{"href":"https:\/\/www.anovapeneira.gal\/index.php\/wp-json\/wp\/v2\/types\/post"}],"author":[{"embeddable":true,"href":"https:\/\/www.anovapeneira.gal\/index.php\/wp-json\/wp\/v2\/users\/5"}],"replies":[{"embeddable":true,"href":"https:\/\/www.anovapeneira.gal\/index.php\/wp-json\/wp\/v2\/comments?post=11646"}],"version-history":[{"count":1,"href":"https:\/\/www.anovapeneira.gal\/index.php\/wp-json\/wp\/v2\/posts\/11646\/revisions"}],"predecessor-version":[{"id":11647,"href":"https:\/\/www.anovapeneira.gal\/index.php\/wp-json\/wp\/v2\/posts\/11646\/revisions\/11647"}],"wp:featuredmedia":[{"embeddable":true,"href":"https:\/\/www.anovapeneira.gal\/index.php\/wp-json\/wp\/v2\/media\/584"}],"wp:attachment":[{"href":"https:\/\/www.anovapeneira.gal\/index.php\/wp-json\/wp\/v2\/media?parent=11646"}],"wp:term":[{"taxonomy":"category","embeddable":true,"href":"https:\/\/www.anovapeneira.gal\/index.php\/wp-json\/wp\/v2\/categories?post=11646"},{"taxonomy":"post_tag","embeddable":true,"href":"https:\/\/www.anovapeneira.gal\/index.php\/wp-json\/wp\/v2\/tags?post=11646"}],"curies":[{"name":"wp","href":"https:\/\/api.w.org\/{rel}","templated":true}]}}