{"id":11651,"date":"2024-04-25T12:00:19","date_gmt":"2024-04-25T10:00:19","guid":{"rendered":"https:\/\/www.anovapeneira.gal\/?p=11651"},"modified":"2024-04-23T12:05:02","modified_gmt":"2024-04-23T10:05:02","slug":"os-centros-de-ensino-mostran-a-sua-solidariedade-con-palestina","status":"publish","type":"post","link":"https:\/\/www.anovapeneira.gal\/index.php\/2024\/04\/25\/os-centros-de-ensino-mostran-a-sua-solidariedade-con-palestina\/","title":{"rendered":"Os centros de ensino mostran a s\u00faa solidariedade con Palestina"},"content":{"rendered":"\n<p>Mentres se desenvolve con normalidade a actividade nos centros educativos, a poboaci\u00f3n palestina est\u00e1 a sufrir continuos e indiscriminados ataques por parte do Estado de Israel. Desde hai seis meses Palestina soporta un ataque continuo en forma de xenocidio por parte das tropas ocupantes de Israel. No mes de abril de 2024 superan amplamente as 32.000 persoas mortas, masacradas. Case 80.000 as feridas. 1,7 mill\u00f3ns de persoas desprazadas dos seus fogares. Casas, hospitais, escolas destru\u00eddas de forma sistem\u00e1tica e planificada. Nestes seis meses de guerra morreron m\u00e1is nenos e nenas que no conxunto de todas as guerras do mundo dos \u00faltimos catro anos.<\/p>\n\n\n\n<p>A comunidade educativa nin pode, nin debe de ficar calada ante o xenocidio que o Estado de Israel est\u00e1 a cometer nos territorios ocupados de Gaza. A lei que ordena o sistema educativo galego, <strong>a LOMLOE, obr\u00edganos a actuar<\/strong>. No seu primeiro artigo, afirma como un dos nosos principios a \u201ctransmisi\u00f3n e posta en pr\u00e1ctica de valores que favorezan a liberdade persoal, a cidadan\u00eda democr\u00e1tica, a solidariedade, a tolerancia, a igualdade, o respecto e a xustiza\u201d. <strong>O silencio, a equidistancia, ignorar o que est\u00e1 a suceder en Gaza \u00e9 incompatible coa solidariedade, a xustiza e a cidadan\u00eda democr\u00e1tica<\/strong>.<\/p>\n\n\n\n<p><strong>Docentes con Palestina<\/strong> chama a toda a comunidade educativa <strong>a concentrarse<\/strong> <strong>o venres 12 de abril \u00e1s 12<\/strong> en solidariedade co pobo Palestino.<\/p>\n\n\n\n<p>O colectivo prop\u00f3n a<strong> lectura dun manifesto <\/strong>(documento anexo) e a concentraci\u00f3n do profesorado e alumnado de forma simult\u00e1nea nos centros educativos para <strong>denunciar o xenocidio<\/strong> que se est\u00e1 a cometer contra o pobo palestino. As\u00ed mesmo, <strong>es\u00edxese o cese inmediato do fogo<\/strong> en Palestina e a apertura dos pasos fronteirizos para <strong>a libre circulaci\u00f3n de axuda humanitaria<\/strong>.<\/p>\n\n\n\n<p><strong>Docentes con Palestina<\/strong> convida aos centros de ensino a facer visible o apoio ao pobo palestino colocando unha bandeira ou unha pancarta en solidariedade co territorio e as persoas de Palestina.<\/p>\n\n\n\n<p>O masacre ao que estamos asistindo en vivo e en directo debe de ser denunciado. <strong>A comunidade escolar temos a obriga de actuar<\/strong> fronte \u00e1 barbarie e actuar como o que somos, parte da sociedade civil, para presionar os nosos gobernos co fin de parar este xenocidio.<\/p>\n\n\n\n<p><strong>Docentes con Palestina \u00e9 un colectivo formado por profesionais do ensino de diferentes niveis educativos do sistema p\u00fablico galego.<\/strong><\/p>\n\n\n\n<p>Centros que realizaron concentraci\u00f3n na comarca de Redondela e O Condado.<\/p>\n\n\n\n<p>IES Pedra da Auga, IES Val do Tea, IES Ribeira do Louro, IES de Chapela, IES Pedro Floriani, IES Illa de San Sim\u00f3n, EEI San Pedro, IES Soutomaior, IES Pino Manso, IES de Mos.<\/p>\n","protected":false},"excerpt":{"rendered":"<div class=\"mh-excerpt\"><p>Mentres se desenvolve con normalidade a actividade nos centros educativos, a poboaci\u00f3n palestina est\u00e1 a sufrir continuos e indiscriminados ataques por parte do Estado de Israel <a class=\"mh-excerpt-more\" href=\"https:\/\/www.anovapeneira.gal\/index.php\/2024\/04\/25\/os-centros-de-ensino-mostran-a-sua-solidariedade-con-palestina\/\" title=\"Os centros de ensino mostran a s\u00faa solidariedade con Palestina\">[&#8230;]<\/a><\/p>\n<\/div>","protected":false},"author":3,"featured_media":11652,"comment_status":"open","ping_status":"open","sticky":false,"template":"","format":"standard","meta":{"_exactmetrics_skip_tracking":false,"_exactmetrics_sitenote_active":false,"_exactmetrics_sitenote_note":"","_exactmetrics_sitenote_category":0,"footnotes":""},"categories":[1],"tags":[],"class_list":{"0":"post-11651","1":"post","2":"type-post","3":"status-publish","4":"format-standard","5":"has-post-thumbnail","7":"category-sin-categoria"},"yoast_head":"<!-- This site is optimized with the Yoast SEO plugin v27.4 - https:\/\/yoast.com\/product\/yoast-seo-wordpress\/ -->\n<title>Os centros de ensino mostran a s\u00faa solidariedade con Palestina -<\/title>\n<meta name=\"robots\" content=\"index, follow, max-snippet:-1, max-image-preview:large, max-video-preview:-1\" \/>\n<link rel=\"canonical\" href=\"https:\/\/www.anovapeneira.gal\/index.php\/2024\/04\/25\/os-centros-de-ensino-mostran-a-sua-solidariedade-con-palestina\/\" \/>\n<meta property=\"og:locale\" content=\"gl_ES\" \/>\n<meta property=\"og:type\" content=\"article\" \/>\n<meta property=\"og:title\" content=\"Os centros de ensino mostran a s\u00faa solidariedade con Palestina -\" \/>\n<meta property=\"og:description\" content=\"Mentres se desenvolve con normalidade a actividade nos centros educativos, a poboaci\u00f3n palestina est\u00e1 a sufrir continuos e indiscriminados ataques por parte do Estado de Israel [...]\" \/>\n<meta property=\"og:url\" content=\"https:\/\/www.anovapeneira.gal\/index.php\/2024\/04\/25\/os-centros-de-ensino-mostran-a-sua-solidariedade-con-palestina\/\" \/>\n<meta property=\"article:publisher\" content=\"https:\/\/www.facebook.com\/anovapeneira\" \/>\n<meta property=\"article:published_time\" content=\"2024-04-25T10:00:19+00:00\" \/>\n<meta property=\"og:image\" content=\"https:\/\/www.anovapeneira.gal\/wp-content\/uploads\/2024\/04\/guerra_contra_palestina.jpg\" \/>\n\t<meta property=\"og:image:width\" content=\"720\" \/>\n\t<meta property=\"og:image:height\" content=\"432\" \/>\n\t<meta property=\"og:image:type\" content=\"image\/jpeg\" \/>\n<meta name=\"author\" content=\"Redacci\u00f3n A Nova Peneira\" \/>\n<meta name=\"twitter:card\" content=\"summary_large_image\" \/>\n<meta name=\"twitter:creator\" content=\"@APeneira\" \/>\n<meta name=\"twitter:site\" content=\"@APeneira\" \/>\n<meta name=\"twitter:label1\" content=\"Escrito por\" \/>\n\t<meta name=\"twitter:data1\" content=\"Redacci\u00f3n A Nova Peneira\" \/>\n\t<meta name=\"twitter:label2\" content=\"Tempo de lectura\" \/>\n\t<meta name=\"twitter:data2\" content=\"3 minutos\" \/>\n<script type=\"application\/ld+json\" class=\"yoast-schema-graph\">{\"@context\":\"https:\\\/\\\/schema.org\",\"@graph\":[{\"@type\":\"Article\",\"@id\":\"https:\\\/\\\/www.anovapeneira.gal\\\/index.php\\\/2024\\\/04\\\/25\\\/os-centros-de-ensino-mostran-a-sua-solidariedade-con-palestina\\\/#article\",\"isPartOf\":{\"@id\":\"https:\\\/\\\/www.anovapeneira.gal\\\/index.php\\\/2024\\\/04\\\/25\\\/os-centros-de-ensino-mostran-a-sua-solidariedade-con-palestina\\\/\"},\"author\":{\"name\":\"Redacci\u00f3n A Nova Peneira\",\"@id\":\"https:\\\/\\\/www.anovapeneira.gal\\\/#\\\/schema\\\/person\\\/b93e3f8932e3f8da96334607eb6ac6aa\"},\"headline\":\"Os centros de ensino mostran a s\u00faa solidariedade con Palestina\",\"datePublished\":\"2024-04-25T10:00:19+00:00\",\"mainEntityOfPage\":{\"@id\":\"https:\\\/\\\/www.anovapeneira.gal\\\/index.php\\\/2024\\\/04\\\/25\\\/os-centros-de-ensino-mostran-a-sua-solidariedade-con-palestina\\\/\"},\"wordCount\":446,\"commentCount\":0,\"publisher\":{\"@id\":\"https:\\\/\\\/www.anovapeneira.gal\\\/#organization\"},\"image\":{\"@id\":\"https:\\\/\\\/www.anovapeneira.gal\\\/index.php\\\/2024\\\/04\\\/25\\\/os-centros-de-ensino-mostran-a-sua-solidariedade-con-palestina\\\/#primaryimage\"},\"thumbnailUrl\":\"https:\\\/\\\/www.anovapeneira.gal\\\/wp-content\\\/uploads\\\/2024\\\/04\\\/guerra_contra_palestina.jpg\",\"articleSection\":[\"Sin categor\u00eda\"],\"inLanguage\":\"gl-ES\",\"potentialAction\":[{\"@type\":\"CommentAction\",\"name\":\"Comment\",\"target\":[\"https:\\\/\\\/www.anovapeneira.gal\\\/index.php\\\/2024\\\/04\\\/25\\\/os-centros-de-ensino-mostran-a-sua-solidariedade-con-palestina\\\/#respond\"]}]},{\"@type\":\"WebPage\",\"@id\":\"https:\\\/\\\/www.anovapeneira.gal\\\/index.php\\\/2024\\\/04\\\/25\\\/os-centros-de-ensino-mostran-a-sua-solidariedade-con-palestina\\\/\",\"url\":\"https:\\\/\\\/www.anovapeneira.gal\\\/index.php\\\/2024\\\/04\\\/25\\\/os-centros-de-ensino-mostran-a-sua-solidariedade-con-palestina\\\/\",\"name\":\"Os centros de ensino mostran a s\u00faa solidariedade con Palestina -\",\"isPartOf\":{\"@id\":\"https:\\\/\\\/www.anovapeneira.gal\\\/#website\"},\"primaryImageOfPage\":{\"@id\":\"https:\\\/\\\/www.anovapeneira.gal\\\/index.php\\\/2024\\\/04\\\/25\\\/os-centros-de-ensino-mostran-a-sua-solidariedade-con-palestina\\\/#primaryimage\"},\"image\":{\"@id\":\"https:\\\/\\\/www.anovapeneira.gal\\\/index.php\\\/2024\\\/04\\\/25\\\/os-centros-de-ensino-mostran-a-sua-solidariedade-con-palestina\\\/#primaryimage\"},\"thumbnailUrl\":\"https:\\\/\\\/www.anovapeneira.gal\\\/wp-content\\\/uploads\\\/2024\\\/04\\\/guerra_contra_palestina.jpg\",\"datePublished\":\"2024-04-25T10:00:19+00:00\",\"breadcrumb\":{\"@id\":\"https:\\\/\\\/www.anovapeneira.gal\\\/index.php\\\/2024\\\/04\\\/25\\\/os-centros-de-ensino-mostran-a-sua-solidariedade-con-palestina\\\/#breadcrumb\"},\"inLanguage\":\"gl-ES\",\"potentialAction\":[{\"@type\":\"ReadAction\",\"target\":[\"https:\\\/\\\/www.anovapeneira.gal\\\/index.php\\\/2024\\\/04\\\/25\\\/os-centros-de-ensino-mostran-a-sua-solidariedade-con-palestina\\\/\"]}]},{\"@type\":\"ImageObject\",\"inLanguage\":\"gl-ES\",\"@id\":\"https:\\\/\\\/www.anovapeneira.gal\\\/index.php\\\/2024\\\/04\\\/25\\\/os-centros-de-ensino-mostran-a-sua-solidariedade-con-palestina\\\/#primaryimage\",\"url\":\"https:\\\/\\\/www.anovapeneira.gal\\\/wp-content\\\/uploads\\\/2024\\\/04\\\/guerra_contra_palestina.jpg\",\"contentUrl\":\"https:\\\/\\\/www.anovapeneira.gal\\\/wp-content\\\/uploads\\\/2024\\\/04\\\/guerra_contra_palestina.jpg\",\"width\":720,\"height\":432,\"caption\":\"Os centros de ensino mostran a s\u00faa solidariedade con Palestina\"},{\"@type\":\"BreadcrumbList\",\"@id\":\"https:\\\/\\\/www.anovapeneira.gal\\\/index.php\\\/2024\\\/04\\\/25\\\/os-centros-de-ensino-mostran-a-sua-solidariedade-con-palestina\\\/#breadcrumb\",\"itemListElement\":[{\"@type\":\"ListItem\",\"position\":1,\"name\":\"Portada\",\"item\":\"https:\\\/\\\/www.anovapeneira.gal\\\/\"},{\"@type\":\"ListItem\",\"position\":2,\"name\":\"Os centros de ensino mostran a s\u00faa solidariedade con Palestina\"}]},{\"@type\":\"WebSite\",\"@id\":\"https:\\\/\\\/www.anovapeneira.gal\\\/#website\",\"url\":\"https:\\\/\\\/www.anovapeneira.gal\\\/\",\"name\":\"\",\"description\":\"Xornal galego de informaci\u00f3n xeral Publicaci\u00f3n mensual de novas de Galicia e en especial dos Concellos da sur da provincia de Pontevedra.\",\"publisher\":{\"@id\":\"https:\\\/\\\/www.anovapeneira.gal\\\/#organization\"},\"potentialAction\":[{\"@type\":\"SearchAction\",\"target\":{\"@type\":\"EntryPoint\",\"urlTemplate\":\"https:\\\/\\\/www.anovapeneira.gal\\\/?s={search_term_string}\"},\"query-input\":{\"@type\":\"PropertyValueSpecification\",\"valueRequired\":true,\"valueName\":\"search_term_string\"}}],\"inLanguage\":\"gl-ES\"},{\"@type\":\"Organization\",\"@id\":\"https:\\\/\\\/www.anovapeneira.gal\\\/#organization\",\"name\":\"A Nova Peneira\",\"url\":\"https:\\\/\\\/www.anovapeneira.gal\\\/\",\"logo\":{\"@type\":\"ImageObject\",\"inLanguage\":\"gl-ES\",\"@id\":\"https:\\\/\\\/www.anovapeneira.gal\\\/#\\\/schema\\\/logo\\\/image\\\/\",\"url\":\"http:\\\/\\\/www.anovapeneira.gal\\\/wp-content\\\/uploads\\\/2019\\\/06\\\/logo_a_nova_peneira_portal_web.png\",\"contentUrl\":\"http:\\\/\\\/www.anovapeneira.gal\\\/wp-content\\\/uploads\\\/2019\\\/06\\\/logo_a_nova_peneira_portal_web.png\",\"width\":300,\"height\":100,\"caption\":\"A Nova Peneira\"},\"image\":{\"@id\":\"https:\\\/\\\/www.anovapeneira.gal\\\/#\\\/schema\\\/logo\\\/image\\\/\"},\"sameAs\":[\"https:\\\/\\\/www.facebook.com\\\/anovapeneira\",\"https:\\\/\\\/x.com\\\/APeneira\"]},{\"@type\":\"Person\",\"@id\":\"https:\\\/\\\/www.anovapeneira.gal\\\/#\\\/schema\\\/person\\\/b93e3f8932e3f8da96334607eb6ac6aa\",\"name\":\"Redacci\u00f3n A Nova Peneira\",\"image\":{\"@type\":\"ImageObject\",\"inLanguage\":\"gl-ES\",\"@id\":\"https:\\\/\\\/secure.gravatar.com\\\/avatar\\\/c052a2551a06e23fac63626232eaa90abd78dbcf1700fc46a2b2c89fd27b735f?s=96&d=mm&r=g\",\"url\":\"https:\\\/\\\/secure.gravatar.com\\\/avatar\\\/c052a2551a06e23fac63626232eaa90abd78dbcf1700fc46a2b2c89fd27b735f?s=96&d=mm&r=g\",\"contentUrl\":\"https:\\\/\\\/secure.gravatar.com\\\/avatar\\\/c052a2551a06e23fac63626232eaa90abd78dbcf1700fc46a2b2c89fd27b735f?s=96&d=mm&r=g\",\"caption\":\"Redacci\u00f3n A Nova Peneira\"},\"sameAs\":[\"http:\\\/\\\/www.anovapeneira.gal\\\/\"],\"url\":\"https:\\\/\\\/www.anovapeneira.gal\\\/index.php\\\/author\\\/redactor\\\/\"}]}<\/script>\n<!-- \/ Yoast SEO plugin. -->","yoast_head_json":{"title":"Os centros de ensino mostran a s\u00faa solidariedade con Palestina -","robots":{"index":"index","follow":"follow","max-snippet":"max-snippet:-1","max-image-preview":"max-image-preview:large","max-video-preview":"max-video-preview:-1"},"canonical":"https:\/\/www.anovapeneira.gal\/index.php\/2024\/04\/25\/os-centros-de-ensino-mostran-a-sua-solidariedade-con-palestina\/","og_locale":"gl_ES","og_type":"article","og_title":"Os centros de ensino mostran a s\u00faa solidariedade con Palestina -","og_description":"Mentres se desenvolve con normalidade a actividade nos centros educativos, a poboaci\u00f3n palestina est\u00e1 a sufrir continuos e indiscriminados ataques por parte do Estado de Israel [...]","og_url":"https:\/\/www.anovapeneira.gal\/index.php\/2024\/04\/25\/os-centros-de-ensino-mostran-a-sua-solidariedade-con-palestina\/","article_publisher":"https:\/\/www.facebook.com\/anovapeneira","article_published_time":"2024-04-25T10:00:19+00:00","og_image":[{"width":720,"height":432,"url":"https:\/\/www.anovapeneira.gal\/wp-content\/uploads\/2024\/04\/guerra_contra_palestina.jpg","type":"image\/jpeg"}],"author":"Redacci\u00f3n A Nova Peneira","twitter_card":"summary_large_image","twitter_creator":"@APeneira","twitter_site":"@APeneira","twitter_misc":{"Escrito por":"Redacci\u00f3n A Nova Peneira","Tempo de lectura":"3 minutos"},"schema":{"@context":"https:\/\/schema.org","@graph":[{"@type":"Article","@id":"https:\/\/www.anovapeneira.gal\/index.php\/2024\/04\/25\/os-centros-de-ensino-mostran-a-sua-solidariedade-con-palestina\/#article","isPartOf":{"@id":"https:\/\/www.anovapeneira.gal\/index.php\/2024\/04\/25\/os-centros-de-ensino-mostran-a-sua-solidariedade-con-palestina\/"},"author":{"name":"Redacci\u00f3n A Nova Peneira","@id":"https:\/\/www.anovapeneira.gal\/#\/schema\/person\/b93e3f8932e3f8da96334607eb6ac6aa"},"headline":"Os centros de ensino mostran a s\u00faa solidariedade con Palestina","datePublished":"2024-04-25T10:00:19+00:00","mainEntityOfPage":{"@id":"https:\/\/www.anovapeneira.gal\/index.php\/2024\/04\/25\/os-centros-de-ensino-mostran-a-sua-solidariedade-con-palestina\/"},"wordCount":446,"commentCount":0,"publisher":{"@id":"https:\/\/www.anovapeneira.gal\/#organization"},"image":{"@id":"https:\/\/www.anovapeneira.gal\/index.php\/2024\/04\/25\/os-centros-de-ensino-mostran-a-sua-solidariedade-con-palestina\/#primaryimage"},"thumbnailUrl":"https:\/\/www.anovapeneira.gal\/wp-content\/uploads\/2024\/04\/guerra_contra_palestina.jpg","articleSection":["Sin categor\u00eda"],"inLanguage":"gl-ES","potentialAction":[{"@type":"CommentAction","name":"Comment","target":["https:\/\/www.anovapeneira.gal\/index.php\/2024\/04\/25\/os-centros-de-ensino-mostran-a-sua-solidariedade-con-palestina\/#respond"]}]},{"@type":"WebPage","@id":"https:\/\/www.anovapeneira.gal\/index.php\/2024\/04\/25\/os-centros-de-ensino-mostran-a-sua-solidariedade-con-palestina\/","url":"https:\/\/www.anovapeneira.gal\/index.php\/2024\/04\/25\/os-centros-de-ensino-mostran-a-sua-solidariedade-con-palestina\/","name":"Os centros de ensino mostran a s\u00faa solidariedade con Palestina -","isPartOf":{"@id":"https:\/\/www.anovapeneira.gal\/#website"},"primaryImageOfPage":{"@id":"https:\/\/www.anovapeneira.gal\/index.php\/2024\/04\/25\/os-centros-de-ensino-mostran-a-sua-solidariedade-con-palestina\/#primaryimage"},"image":{"@id":"https:\/\/www.anovapeneira.gal\/index.php\/2024\/04\/25\/os-centros-de-ensino-mostran-a-sua-solidariedade-con-palestina\/#primaryimage"},"thumbnailUrl":"https:\/\/www.anovapeneira.gal\/wp-content\/uploads\/2024\/04\/guerra_contra_palestina.jpg","datePublished":"2024-04-25T10:00:19+00:00","breadcrumb":{"@id":"https:\/\/www.anovapeneira.gal\/index.php\/2024\/04\/25\/os-centros-de-ensino-mostran-a-sua-solidariedade-con-palestina\/#breadcrumb"},"inLanguage":"gl-ES","potentialAction":[{"@type":"ReadAction","target":["https:\/\/www.anovapeneira.gal\/index.php\/2024\/04\/25\/os-centros-de-ensino-mostran-a-sua-solidariedade-con-palestina\/"]}]},{"@type":"ImageObject","inLanguage":"gl-ES","@id":"https:\/\/www.anovapeneira.gal\/index.php\/2024\/04\/25\/os-centros-de-ensino-mostran-a-sua-solidariedade-con-palestina\/#primaryimage","url":"https:\/\/www.anovapeneira.gal\/wp-content\/uploads\/2024\/04\/guerra_contra_palestina.jpg","contentUrl":"https:\/\/www.anovapeneira.gal\/wp-content\/uploads\/2024\/04\/guerra_contra_palestina.jpg","width":720,"height":432,"caption":"Os centros de ensino mostran a s\u00faa solidariedade con Palestina"},{"@type":"BreadcrumbList","@id":"https:\/\/www.anovapeneira.gal\/index.php\/2024\/04\/25\/os-centros-de-ensino-mostran-a-sua-solidariedade-con-palestina\/#breadcrumb","itemListElement":[{"@type":"ListItem","position":1,"name":"Portada","item":"https:\/\/www.anovapeneira.gal\/"},{"@type":"ListItem","position":2,"name":"Os centros de ensino mostran a s\u00faa solidariedade con Palestina"}]},{"@type":"WebSite","@id":"https:\/\/www.anovapeneira.gal\/#website","url":"https:\/\/www.anovapeneira.gal\/","name":"","description":"Xornal galego de informaci\u00f3n xeral Publicaci\u00f3n mensual de novas de Galicia e en especial dos Concellos da sur da provincia de Pontevedra.","publisher":{"@id":"https:\/\/www.anovapeneira.gal\/#organization"},"potentialAction":[{"@type":"SearchAction","target":{"@type":"EntryPoint","urlTemplate":"https:\/\/www.anovapeneira.gal\/?s={search_term_string}"},"query-input":{"@type":"PropertyValueSpecification","valueRequired":true,"valueName":"search_term_string"}}],"inLanguage":"gl-ES"},{"@type":"Organization","@id":"https:\/\/www.anovapeneira.gal\/#organization","name":"A Nova Peneira","url":"https:\/\/www.anovapeneira.gal\/","logo":{"@type":"ImageObject","inLanguage":"gl-ES","@id":"https:\/\/www.anovapeneira.gal\/#\/schema\/logo\/image\/","url":"http:\/\/www.anovapeneira.gal\/wp-content\/uploads\/2019\/06\/logo_a_nova_peneira_portal_web.png","contentUrl":"http:\/\/www.anovapeneira.gal\/wp-content\/uploads\/2019\/06\/logo_a_nova_peneira_portal_web.png","width":300,"height":100,"caption":"A Nova Peneira"},"image":{"@id":"https:\/\/www.anovapeneira.gal\/#\/schema\/logo\/image\/"},"sameAs":["https:\/\/www.facebook.com\/anovapeneira","https:\/\/x.com\/APeneira"]},{"@type":"Person","@id":"https:\/\/www.anovapeneira.gal\/#\/schema\/person\/b93e3f8932e3f8da96334607eb6ac6aa","name":"Redacci\u00f3n A Nova Peneira","image":{"@type":"ImageObject","inLanguage":"gl-ES","@id":"https:\/\/secure.gravatar.com\/avatar\/c052a2551a06e23fac63626232eaa90abd78dbcf1700fc46a2b2c89fd27b735f?s=96&d=mm&r=g","url":"https:\/\/secure.gravatar.com\/avatar\/c052a2551a06e23fac63626232eaa90abd78dbcf1700fc46a2b2c89fd27b735f?s=96&d=mm&r=g","contentUrl":"https:\/\/secure.gravatar.com\/avatar\/c052a2551a06e23fac63626232eaa90abd78dbcf1700fc46a2b2c89fd27b735f?s=96&d=mm&r=g","caption":"Redacci\u00f3n A Nova Peneira"},"sameAs":["http:\/\/www.anovapeneira.gal\/"],"url":"https:\/\/www.anovapeneira.gal\/index.php\/author\/redactor\/"}]}},"jetpack_featured_media_url":"https:\/\/www.anovapeneira.gal\/wp-content\/uploads\/2024\/04\/guerra_contra_palestina.jpg","_links":{"self":[{"href":"https:\/\/www.anovapeneira.gal\/index.php\/wp-json\/wp\/v2\/posts\/11651","targetHints":{"allow":["GET"]}}],"collection":[{"href":"https:\/\/www.anovapeneira.gal\/index.php\/wp-json\/wp\/v2\/posts"}],"about":[{"href":"https:\/\/www.anovapeneira.gal\/index.php\/wp-json\/wp\/v2\/types\/post"}],"author":[{"embeddable":true,"href":"https:\/\/www.anovapeneira.gal\/index.php\/wp-json\/wp\/v2\/users\/3"}],"replies":[{"embeddable":true,"href":"https:\/\/www.anovapeneira.gal\/index.php\/wp-json\/wp\/v2\/comments?post=11651"}],"version-history":[{"count":1,"href":"https:\/\/www.anovapeneira.gal\/index.php\/wp-json\/wp\/v2\/posts\/11651\/revisions"}],"predecessor-version":[{"id":11653,"href":"https:\/\/www.anovapeneira.gal\/index.php\/wp-json\/wp\/v2\/posts\/11651\/revisions\/11653"}],"wp:featuredmedia":[{"embeddable":true,"href":"https:\/\/www.anovapeneira.gal\/index.php\/wp-json\/wp\/v2\/media\/11652"}],"wp:attachment":[{"href":"https:\/\/www.anovapeneira.gal\/index.php\/wp-json\/wp\/v2\/media?parent=11651"}],"wp:term":[{"taxonomy":"category","embeddable":true,"href":"https:\/\/www.anovapeneira.gal\/index.php\/wp-json\/wp\/v2\/categories?post=11651"},{"taxonomy":"post_tag","embeddable":true,"href":"https:\/\/www.anovapeneira.gal\/index.php\/wp-json\/wp\/v2\/tags?post=11651"}],"curies":[{"name":"wp","href":"https:\/\/api.w.org\/{rel}","templated":true}]}}