{"id":11655,"date":"2024-04-26T10:00:34","date_gmt":"2024-04-26T08:00:34","guid":{"rendered":"https:\/\/www.anovapeneira.gal\/?p=11655"},"modified":"2024-04-24T09:54:47","modified_gmt":"2024-04-24T07:54:47","slug":"casa-de-oficios-escola-taller-en-fornelos-da-ribeira","status":"publish","type":"post","link":"https:\/\/www.anovapeneira.gal\/index.php\/2024\/04\/26\/casa-de-oficios-escola-taller-en-fornelos-da-ribeira\/","title":{"rendered":"Casa de Oficios &#8211; Escola Taller, en Fornelos da Ribeira"},"content":{"rendered":"\n<pre class=\"wp-block-verse\">Manuel Alfonso Est\u00e9vez<\/pre>\n\n\n\n<p>Non sabendo que facer coa antiga casa sindical _El Progreso_, con motivo da s\u00faa rehabilitaci\u00f3n, humildemente propo\u00f1o se converta en Casa De Oficios &#8211; Escola Taller, promovida pola Conseller\u00eda do Desenvolvemento Local do Concello de Salvaterra, e financiada pola Conseller\u00eda de Traballo da Xunta de Galicia, Fondo Social europeo e a propia parroquia.<\/p>\n\n\n\n<p>E evidente a preocupaci\u00f3n social, polo paro, cando toca o sector mais xove da nosa terra, e penso que en Fornelos da Ribeira, a xente ten visi\u00f3n de futuro, para que a rehabilitaci\u00f3n da antiga casa sindical _El Progreso_, sexa un excelente medio para convertela na Casa De Oficios &#8211; Escola Taller, como medio eficaz de ocupaci\u00f3n dos xoves do entorno, para fomentar a contrataci\u00f3n de postos de traballo, tendo en conta, os modelos de desenrolo industriais, av\u00edcolas e gandeiros existentes.<\/p>\n\n\n\n<p>Esta Casa De Oficios &#8211; Escola Taller, servir\u00eda para recuperar aquel ideal dos antigos fundadores da Casa Sindical, procurando un desenrolo harm\u00f3nico e global, na comarca, como unidade xeogr\u00e1fica e cultural, evitando o despoboamento e abandono dos recursos que racionalmente explotados poden sustentar dignamente a comunidade.<\/p>\n\n\n\n<p>Ser\u00eda, o marco cultural, entendendo no seu mais amplo sentido, a identidade da parroquia e o seu entorno, para conservar a riqueza com\u00fan de todos, transmitila como algo novo as xeraci\u00f3ns vindeiras:<\/p>\n\n\n\n<p>&#8211; Educaci\u00f3n compensatoria, importante na busca de emprego.<\/p>\n\n\n\n<p>&#8211; Alfabetizaci\u00f3n inform\u00e1tica, mais necesaria que nunca.<\/p>\n\n\n\n<p>&#8211; Orientaci\u00f3n, informaci\u00f3n e formaci\u00f3n empresarial, para conseguir calquera grao na inserci\u00f3n laboral.<\/p>\n\n\n\n<p><br>A Casa De Oficios &#8211; Escola Taller de Fornelos, fomentar\u00eda a rexeneraci\u00f3n e revitalizaci\u00f3n da comarca, mediante a recuperaci\u00f3n de profesionais con proxecci\u00f3n laboral, baseados en estudos de viabilidade e posibilidades reais, para a creaci\u00f3n de novos postos de traballo no futuro, tendo presente sempre a _PLISAN_.<\/p>\n\n\n\n<p>O dese\u00f1o de programas formativos, deben ser adaptables a cada experiencia particular. Po\u00f1o por exemplo: Un curso de Xardiner\u00eda que ser\u00eda, mais ou menos, sobre teor\u00eda: T\u00e9cnica instrumental b\u00e1sica, identificaci\u00f3n bot\u00e1nica, edafolox\u00eda, fitopatolox\u00eda, sementes, plantaci\u00f3ns, reproduci\u00f3ns, enxertos, poda, transplantes, invernadoiros. Dese\u00f1o e mantemento de xard\u00edns. E asi como os demais<br>programas, como a mellora do nivel de vida en equipamentos dos barrios ou rueiros, atenci\u00f3n a terceira idade, etc., ou programas sobre o cultivo dos vi\u00f1edos na Comarca, da que tanto sab\u00eda o meu inquedo amigo, Jos\u00e9 Posadas, polifac\u00e9tico, pol\u00edglota e polivalente co\u00f1ecedor con profunda experiencia dos vi\u00f1os das nosas aldeas, como o cultivo, a vendima, a elaboraci\u00f3n, temperatura,ventilaci\u00f3n, limpeza, fermentaci\u00f3n, trasfega e pr\u00e1ctica no coidado e alteraci\u00f3n do vi\u00f1o.<br>Historia do vi\u00f1o na Comarca, zonas, produci\u00f3n, variedades, elaboraci\u00f3n e comercializaci\u00f3n. Climatolox\u00eda, sen esquecer as elaboraci\u00f3ns das augardentes, licor &#8211; caf\u00e9, queimadas etc. con toda a<br>s\u00faa maxia, no noso entorno<\/p>\n\n\n\n<p>Requisitos:<\/p>\n\n\n\n<p>Haber cumprido 16 anos, para cada inicio.<\/p>\n\n\n\n<p>Ser demandante de emprego.<\/p>\n\n\n\n<p>Reunir as condici\u00f3ns necesarias.<\/p>\n\n\n\n<p>Non se pide ningunha titulaci\u00f3n.<\/p>\n\n\n\n<p>Penso eu, que a Casa De Oficios &#8211; Escola Taller de Fornelos, ser\u00eda altamente positiva para a nosa xuventude a partir de programas e das s\u00faas posibilidades.<\/p>\n\n\n\n<p>Ademais, ter\u00eda medios de comunicaci\u00f3n e imaxe que lles permitir\u00eda organizar exposici\u00f3ns con cat\u00e1logos, publicaci\u00f3ns, v\u00eddeos, bolet\u00edns, divulgadores destas iniciativas e experiencias.<\/p>\n\n\n\n<p>Espero de A Nova Peneira (A Nosa), esta publicaci\u00f3n en favor da nosa xuventude que tanta axuda necesita para sa\u00edr adiante, nos tempos en que estamos, e a Comunidade de Montes de Fornelos, propietario do antigo centro sindical, _El Progreso_ para un mellor entendemento para levalo adiante.<\/p>\n","protected":false},"excerpt":{"rendered":"<div class=\"mh-excerpt\"><p>Non sabendo que facer coa antiga casa sindical _El Progreso_, con motivo da s\u00faa rehabilitaci\u00f3n, humildemente propo\u00f1o se converta en Casa De Oficios &#8211; Escola Taller, promovida pola Conseller\u00eda do Desenvolvemento Local do Concello de Salvaterra <a class=\"mh-excerpt-more\" href=\"https:\/\/www.anovapeneira.gal\/index.php\/2024\/04\/26\/casa-de-oficios-escola-taller-en-fornelos-da-ribeira\/\" title=\"Casa de Oficios &#8211; Escola Taller, en Fornelos da Ribeira\">[&#8230;]<\/a><\/p>\n<\/div>","protected":false},"author":40,"featured_media":5108,"comment_status":"open","ping_status":"open","sticky":false,"template":"","format":"standard","meta":{"_exactmetrics_skip_tracking":false,"_exactmetrics_sitenote_active":false,"_exactmetrics_sitenote_note":"","_exactmetrics_sitenote_category":0,"footnotes":""},"categories":[7],"tags":[1300],"class_list":{"0":"post-11655","1":"post","2":"type-post","3":"status-publish","4":"format-standard","5":"has-post-thumbnail","7":"category-artigos-de-opinion","8":"tag-concello-de-salvaterra-de-mino"},"yoast_head":"<!-- This site is optimized with the Yoast SEO plugin v27.4 - https:\/\/yoast.com\/product\/yoast-seo-wordpress\/ -->\n<title>Casa de Oficios - Escola Taller, en Fornelos da Ribeira -<\/title>\n<meta name=\"robots\" content=\"index, follow, max-snippet:-1, max-image-preview:large, max-video-preview:-1\" \/>\n<link rel=\"canonical\" href=\"https:\/\/www.anovapeneira.gal\/index.php\/2024\/04\/26\/casa-de-oficios-escola-taller-en-fornelos-da-ribeira\/\" \/>\n<meta property=\"og:locale\" content=\"gl_ES\" \/>\n<meta property=\"og:type\" content=\"article\" \/>\n<meta property=\"og:title\" content=\"Casa de Oficios - Escola Taller, en Fornelos da Ribeira -\" \/>\n<meta property=\"og:description\" content=\"Non sabendo que facer coa antiga casa sindical _El Progreso_, con motivo da s\u00faa rehabilitaci\u00f3n, humildemente propo\u00f1o se converta en Casa De Oficios - Escola Taller, promovida pola Conseller\u00eda do Desenvolvemento Local do Concello de Salvaterra [...]\" \/>\n<meta property=\"og:url\" content=\"https:\/\/www.anovapeneira.gal\/index.php\/2024\/04\/26\/casa-de-oficios-escola-taller-en-fornelos-da-ribeira\/\" \/>\n<meta property=\"article:publisher\" content=\"https:\/\/www.facebook.com\/anovapeneira\" \/>\n<meta property=\"article:published_time\" content=\"2024-04-26T08:00:34+00:00\" \/>\n<meta property=\"og:image\" content=\"https:\/\/www.anovapeneira.gal\/wp-content\/uploads\/2021\/03\/manuel_alfonso_estevez.jpg\" \/>\n\t<meta property=\"og:image:width\" content=\"720\" \/>\n\t<meta property=\"og:image:height\" content=\"432\" \/>\n\t<meta property=\"og:image:type\" content=\"image\/jpeg\" \/>\n<meta name=\"author\" content=\"Manuel Alfonso Est\u00e9vez\" \/>\n<meta name=\"twitter:card\" content=\"summary_large_image\" \/>\n<meta name=\"twitter:creator\" content=\"@APeneira\" \/>\n<meta name=\"twitter:site\" content=\"@APeneira\" \/>\n<meta name=\"twitter:label1\" content=\"Escrito por\" \/>\n\t<meta name=\"twitter:data1\" content=\"Manuel Alfonso Est\u00e9vez\" \/>\n\t<meta name=\"twitter:label2\" content=\"Tempo de lectura\" \/>\n\t<meta name=\"twitter:data2\" content=\"4 minutos\" \/>\n<script type=\"application\/ld+json\" class=\"yoast-schema-graph\">{\"@context\":\"https:\\\/\\\/schema.org\",\"@graph\":[{\"@type\":\"Article\",\"@id\":\"https:\\\/\\\/www.anovapeneira.gal\\\/index.php\\\/2024\\\/04\\\/26\\\/casa-de-oficios-escola-taller-en-fornelos-da-ribeira\\\/#article\",\"isPartOf\":{\"@id\":\"https:\\\/\\\/www.anovapeneira.gal\\\/index.php\\\/2024\\\/04\\\/26\\\/casa-de-oficios-escola-taller-en-fornelos-da-ribeira\\\/\"},\"author\":{\"name\":\"Manuel Alfonso Est\u00e9vez\",\"@id\":\"https:\\\/\\\/www.anovapeneira.gal\\\/#\\\/schema\\\/person\\\/6561b93d53e7a32f5d814768163bae2a\"},\"headline\":\"Casa de Oficios &#8211; Escola Taller, en Fornelos da Ribeira\",\"datePublished\":\"2024-04-26T08:00:34+00:00\",\"mainEntityOfPage\":{\"@id\":\"https:\\\/\\\/www.anovapeneira.gal\\\/index.php\\\/2024\\\/04\\\/26\\\/casa-de-oficios-escola-taller-en-fornelos-da-ribeira\\\/\"},\"wordCount\":642,\"commentCount\":0,\"publisher\":{\"@id\":\"https:\\\/\\\/www.anovapeneira.gal\\\/#organization\"},\"image\":{\"@id\":\"https:\\\/\\\/www.anovapeneira.gal\\\/index.php\\\/2024\\\/04\\\/26\\\/casa-de-oficios-escola-taller-en-fornelos-da-ribeira\\\/#primaryimage\"},\"thumbnailUrl\":\"https:\\\/\\\/www.anovapeneira.gal\\\/wp-content\\\/uploads\\\/2021\\\/03\\\/manuel_alfonso_estevez.jpg\",\"keywords\":[\"Concello de Salvaterra de Mi\u00f1o\"],\"articleSection\":[\"Artigos de opini\u00f3n\"],\"inLanguage\":\"gl-ES\",\"potentialAction\":[{\"@type\":\"CommentAction\",\"name\":\"Comment\",\"target\":[\"https:\\\/\\\/www.anovapeneira.gal\\\/index.php\\\/2024\\\/04\\\/26\\\/casa-de-oficios-escola-taller-en-fornelos-da-ribeira\\\/#respond\"]}]},{\"@type\":\"WebPage\",\"@id\":\"https:\\\/\\\/www.anovapeneira.gal\\\/index.php\\\/2024\\\/04\\\/26\\\/casa-de-oficios-escola-taller-en-fornelos-da-ribeira\\\/\",\"url\":\"https:\\\/\\\/www.anovapeneira.gal\\\/index.php\\\/2024\\\/04\\\/26\\\/casa-de-oficios-escola-taller-en-fornelos-da-ribeira\\\/\",\"name\":\"Casa de Oficios - Escola Taller, en Fornelos da Ribeira -\",\"isPartOf\":{\"@id\":\"https:\\\/\\\/www.anovapeneira.gal\\\/#website\"},\"primaryImageOfPage\":{\"@id\":\"https:\\\/\\\/www.anovapeneira.gal\\\/index.php\\\/2024\\\/04\\\/26\\\/casa-de-oficios-escola-taller-en-fornelos-da-ribeira\\\/#primaryimage\"},\"image\":{\"@id\":\"https:\\\/\\\/www.anovapeneira.gal\\\/index.php\\\/2024\\\/04\\\/26\\\/casa-de-oficios-escola-taller-en-fornelos-da-ribeira\\\/#primaryimage\"},\"thumbnailUrl\":\"https:\\\/\\\/www.anovapeneira.gal\\\/wp-content\\\/uploads\\\/2021\\\/03\\\/manuel_alfonso_estevez.jpg\",\"datePublished\":\"2024-04-26T08:00:34+00:00\",\"breadcrumb\":{\"@id\":\"https:\\\/\\\/www.anovapeneira.gal\\\/index.php\\\/2024\\\/04\\\/26\\\/casa-de-oficios-escola-taller-en-fornelos-da-ribeira\\\/#breadcrumb\"},\"inLanguage\":\"gl-ES\",\"potentialAction\":[{\"@type\":\"ReadAction\",\"target\":[\"https:\\\/\\\/www.anovapeneira.gal\\\/index.php\\\/2024\\\/04\\\/26\\\/casa-de-oficios-escola-taller-en-fornelos-da-ribeira\\\/\"]}]},{\"@type\":\"ImageObject\",\"inLanguage\":\"gl-ES\",\"@id\":\"https:\\\/\\\/www.anovapeneira.gal\\\/index.php\\\/2024\\\/04\\\/26\\\/casa-de-oficios-escola-taller-en-fornelos-da-ribeira\\\/#primaryimage\",\"url\":\"https:\\\/\\\/www.anovapeneira.gal\\\/wp-content\\\/uploads\\\/2021\\\/03\\\/manuel_alfonso_estevez.jpg\",\"contentUrl\":\"https:\\\/\\\/www.anovapeneira.gal\\\/wp-content\\\/uploads\\\/2021\\\/03\\\/manuel_alfonso_estevez.jpg\",\"width\":720,\"height\":432,\"caption\":\"Manuel Alfonso Est\u00e9vez. Historia viva de Fornelos da Ribeira\"},{\"@type\":\"BreadcrumbList\",\"@id\":\"https:\\\/\\\/www.anovapeneira.gal\\\/index.php\\\/2024\\\/04\\\/26\\\/casa-de-oficios-escola-taller-en-fornelos-da-ribeira\\\/#breadcrumb\",\"itemListElement\":[{\"@type\":\"ListItem\",\"position\":1,\"name\":\"Portada\",\"item\":\"https:\\\/\\\/www.anovapeneira.gal\\\/\"},{\"@type\":\"ListItem\",\"position\":2,\"name\":\"Casa de Oficios &#8211; Escola Taller, en Fornelos da Ribeira\"}]},{\"@type\":\"WebSite\",\"@id\":\"https:\\\/\\\/www.anovapeneira.gal\\\/#website\",\"url\":\"https:\\\/\\\/www.anovapeneira.gal\\\/\",\"name\":\"\",\"description\":\"Xornal galego de informaci\u00f3n xeral Publicaci\u00f3n mensual de novas de Galicia e en especial dos Concellos da sur da provincia de Pontevedra.\",\"publisher\":{\"@id\":\"https:\\\/\\\/www.anovapeneira.gal\\\/#organization\"},\"potentialAction\":[{\"@type\":\"SearchAction\",\"target\":{\"@type\":\"EntryPoint\",\"urlTemplate\":\"https:\\\/\\\/www.anovapeneira.gal\\\/?s={search_term_string}\"},\"query-input\":{\"@type\":\"PropertyValueSpecification\",\"valueRequired\":true,\"valueName\":\"search_term_string\"}}],\"inLanguage\":\"gl-ES\"},{\"@type\":\"Organization\",\"@id\":\"https:\\\/\\\/www.anovapeneira.gal\\\/#organization\",\"name\":\"A Nova Peneira\",\"url\":\"https:\\\/\\\/www.anovapeneira.gal\\\/\",\"logo\":{\"@type\":\"ImageObject\",\"inLanguage\":\"gl-ES\",\"@id\":\"https:\\\/\\\/www.anovapeneira.gal\\\/#\\\/schema\\\/logo\\\/image\\\/\",\"url\":\"http:\\\/\\\/www.anovapeneira.gal\\\/wp-content\\\/uploads\\\/2019\\\/06\\\/logo_a_nova_peneira_portal_web.png\",\"contentUrl\":\"http:\\\/\\\/www.anovapeneira.gal\\\/wp-content\\\/uploads\\\/2019\\\/06\\\/logo_a_nova_peneira_portal_web.png\",\"width\":300,\"height\":100,\"caption\":\"A Nova Peneira\"},\"image\":{\"@id\":\"https:\\\/\\\/www.anovapeneira.gal\\\/#\\\/schema\\\/logo\\\/image\\\/\"},\"sameAs\":[\"https:\\\/\\\/www.facebook.com\\\/anovapeneira\",\"https:\\\/\\\/x.com\\\/APeneira\"]},{\"@type\":\"Person\",\"@id\":\"https:\\\/\\\/www.anovapeneira.gal\\\/#\\\/schema\\\/person\\\/6561b93d53e7a32f5d814768163bae2a\",\"name\":\"Manuel Alfonso Est\u00e9vez\",\"image\":{\"@type\":\"ImageObject\",\"inLanguage\":\"gl-ES\",\"@id\":\"https:\\\/\\\/secure.gravatar.com\\\/avatar\\\/f5d3e86603a02dabc520fdacad8691552cb5b3b57ede8828ababc7095c054594?s=96&d=mm&r=g\",\"url\":\"https:\\\/\\\/secure.gravatar.com\\\/avatar\\\/f5d3e86603a02dabc520fdacad8691552cb5b3b57ede8828ababc7095c054594?s=96&d=mm&r=g\",\"contentUrl\":\"https:\\\/\\\/secure.gravatar.com\\\/avatar\\\/f5d3e86603a02dabc520fdacad8691552cb5b3b57ede8828ababc7095c054594?s=96&d=mm&r=g\",\"caption\":\"Manuel Alfonso Est\u00e9vez\"},\"url\":\"https:\\\/\\\/www.anovapeneira.gal\\\/index.php\\\/author\\\/manuelalfonso\\\/\"}]}<\/script>\n<!-- \/ Yoast SEO plugin. -->","yoast_head_json":{"title":"Casa de Oficios - Escola Taller, en Fornelos da Ribeira -","robots":{"index":"index","follow":"follow","max-snippet":"max-snippet:-1","max-image-preview":"max-image-preview:large","max-video-preview":"max-video-preview:-1"},"canonical":"https:\/\/www.anovapeneira.gal\/index.php\/2024\/04\/26\/casa-de-oficios-escola-taller-en-fornelos-da-ribeira\/","og_locale":"gl_ES","og_type":"article","og_title":"Casa de Oficios - Escola Taller, en Fornelos da Ribeira -","og_description":"Non sabendo que facer coa antiga casa sindical _El Progreso_, con motivo da s\u00faa rehabilitaci\u00f3n, humildemente propo\u00f1o se converta en Casa De Oficios - Escola Taller, promovida pola Conseller\u00eda do Desenvolvemento Local do Concello de Salvaterra [...]","og_url":"https:\/\/www.anovapeneira.gal\/index.php\/2024\/04\/26\/casa-de-oficios-escola-taller-en-fornelos-da-ribeira\/","article_publisher":"https:\/\/www.facebook.com\/anovapeneira","article_published_time":"2024-04-26T08:00:34+00:00","og_image":[{"width":720,"height":432,"url":"https:\/\/www.anovapeneira.gal\/wp-content\/uploads\/2021\/03\/manuel_alfonso_estevez.jpg","type":"image\/jpeg"}],"author":"Manuel Alfonso Est\u00e9vez","twitter_card":"summary_large_image","twitter_creator":"@APeneira","twitter_site":"@APeneira","twitter_misc":{"Escrito por":"Manuel Alfonso Est\u00e9vez","Tempo de lectura":"4 minutos"},"schema":{"@context":"https:\/\/schema.org","@graph":[{"@type":"Article","@id":"https:\/\/www.anovapeneira.gal\/index.php\/2024\/04\/26\/casa-de-oficios-escola-taller-en-fornelos-da-ribeira\/#article","isPartOf":{"@id":"https:\/\/www.anovapeneira.gal\/index.php\/2024\/04\/26\/casa-de-oficios-escola-taller-en-fornelos-da-ribeira\/"},"author":{"name":"Manuel Alfonso Est\u00e9vez","@id":"https:\/\/www.anovapeneira.gal\/#\/schema\/person\/6561b93d53e7a32f5d814768163bae2a"},"headline":"Casa de Oficios &#8211; Escola Taller, en Fornelos da Ribeira","datePublished":"2024-04-26T08:00:34+00:00","mainEntityOfPage":{"@id":"https:\/\/www.anovapeneira.gal\/index.php\/2024\/04\/26\/casa-de-oficios-escola-taller-en-fornelos-da-ribeira\/"},"wordCount":642,"commentCount":0,"publisher":{"@id":"https:\/\/www.anovapeneira.gal\/#organization"},"image":{"@id":"https:\/\/www.anovapeneira.gal\/index.php\/2024\/04\/26\/casa-de-oficios-escola-taller-en-fornelos-da-ribeira\/#primaryimage"},"thumbnailUrl":"https:\/\/www.anovapeneira.gal\/wp-content\/uploads\/2021\/03\/manuel_alfonso_estevez.jpg","keywords":["Concello de Salvaterra de Mi\u00f1o"],"articleSection":["Artigos de opini\u00f3n"],"inLanguage":"gl-ES","potentialAction":[{"@type":"CommentAction","name":"Comment","target":["https:\/\/www.anovapeneira.gal\/index.php\/2024\/04\/26\/casa-de-oficios-escola-taller-en-fornelos-da-ribeira\/#respond"]}]},{"@type":"WebPage","@id":"https:\/\/www.anovapeneira.gal\/index.php\/2024\/04\/26\/casa-de-oficios-escola-taller-en-fornelos-da-ribeira\/","url":"https:\/\/www.anovapeneira.gal\/index.php\/2024\/04\/26\/casa-de-oficios-escola-taller-en-fornelos-da-ribeira\/","name":"Casa de Oficios - Escola Taller, en Fornelos da Ribeira -","isPartOf":{"@id":"https:\/\/www.anovapeneira.gal\/#website"},"primaryImageOfPage":{"@id":"https:\/\/www.anovapeneira.gal\/index.php\/2024\/04\/26\/casa-de-oficios-escola-taller-en-fornelos-da-ribeira\/#primaryimage"},"image":{"@id":"https:\/\/www.anovapeneira.gal\/index.php\/2024\/04\/26\/casa-de-oficios-escola-taller-en-fornelos-da-ribeira\/#primaryimage"},"thumbnailUrl":"https:\/\/www.anovapeneira.gal\/wp-content\/uploads\/2021\/03\/manuel_alfonso_estevez.jpg","datePublished":"2024-04-26T08:00:34+00:00","breadcrumb":{"@id":"https:\/\/www.anovapeneira.gal\/index.php\/2024\/04\/26\/casa-de-oficios-escola-taller-en-fornelos-da-ribeira\/#breadcrumb"},"inLanguage":"gl-ES","potentialAction":[{"@type":"ReadAction","target":["https:\/\/www.anovapeneira.gal\/index.php\/2024\/04\/26\/casa-de-oficios-escola-taller-en-fornelos-da-ribeira\/"]}]},{"@type":"ImageObject","inLanguage":"gl-ES","@id":"https:\/\/www.anovapeneira.gal\/index.php\/2024\/04\/26\/casa-de-oficios-escola-taller-en-fornelos-da-ribeira\/#primaryimage","url":"https:\/\/www.anovapeneira.gal\/wp-content\/uploads\/2021\/03\/manuel_alfonso_estevez.jpg","contentUrl":"https:\/\/www.anovapeneira.gal\/wp-content\/uploads\/2021\/03\/manuel_alfonso_estevez.jpg","width":720,"height":432,"caption":"Manuel Alfonso Est\u00e9vez. Historia viva de Fornelos da Ribeira"},{"@type":"BreadcrumbList","@id":"https:\/\/www.anovapeneira.gal\/index.php\/2024\/04\/26\/casa-de-oficios-escola-taller-en-fornelos-da-ribeira\/#breadcrumb","itemListElement":[{"@type":"ListItem","position":1,"name":"Portada","item":"https:\/\/www.anovapeneira.gal\/"},{"@type":"ListItem","position":2,"name":"Casa de Oficios &#8211; Escola Taller, en Fornelos da Ribeira"}]},{"@type":"WebSite","@id":"https:\/\/www.anovapeneira.gal\/#website","url":"https:\/\/www.anovapeneira.gal\/","name":"","description":"Xornal galego de informaci\u00f3n xeral Publicaci\u00f3n mensual de novas de Galicia e en especial dos Concellos da sur da provincia de Pontevedra.","publisher":{"@id":"https:\/\/www.anovapeneira.gal\/#organization"},"potentialAction":[{"@type":"SearchAction","target":{"@type":"EntryPoint","urlTemplate":"https:\/\/www.anovapeneira.gal\/?s={search_term_string}"},"query-input":{"@type":"PropertyValueSpecification","valueRequired":true,"valueName":"search_term_string"}}],"inLanguage":"gl-ES"},{"@type":"Organization","@id":"https:\/\/www.anovapeneira.gal\/#organization","name":"A Nova Peneira","url":"https:\/\/www.anovapeneira.gal\/","logo":{"@type":"ImageObject","inLanguage":"gl-ES","@id":"https:\/\/www.anovapeneira.gal\/#\/schema\/logo\/image\/","url":"http:\/\/www.anovapeneira.gal\/wp-content\/uploads\/2019\/06\/logo_a_nova_peneira_portal_web.png","contentUrl":"http:\/\/www.anovapeneira.gal\/wp-content\/uploads\/2019\/06\/logo_a_nova_peneira_portal_web.png","width":300,"height":100,"caption":"A Nova Peneira"},"image":{"@id":"https:\/\/www.anovapeneira.gal\/#\/schema\/logo\/image\/"},"sameAs":["https:\/\/www.facebook.com\/anovapeneira","https:\/\/x.com\/APeneira"]},{"@type":"Person","@id":"https:\/\/www.anovapeneira.gal\/#\/schema\/person\/6561b93d53e7a32f5d814768163bae2a","name":"Manuel Alfonso Est\u00e9vez","image":{"@type":"ImageObject","inLanguage":"gl-ES","@id":"https:\/\/secure.gravatar.com\/avatar\/f5d3e86603a02dabc520fdacad8691552cb5b3b57ede8828ababc7095c054594?s=96&d=mm&r=g","url":"https:\/\/secure.gravatar.com\/avatar\/f5d3e86603a02dabc520fdacad8691552cb5b3b57ede8828ababc7095c054594?s=96&d=mm&r=g","contentUrl":"https:\/\/secure.gravatar.com\/avatar\/f5d3e86603a02dabc520fdacad8691552cb5b3b57ede8828ababc7095c054594?s=96&d=mm&r=g","caption":"Manuel Alfonso Est\u00e9vez"},"url":"https:\/\/www.anovapeneira.gal\/index.php\/author\/manuelalfonso\/"}]}},"jetpack_featured_media_url":"https:\/\/www.anovapeneira.gal\/wp-content\/uploads\/2021\/03\/manuel_alfonso_estevez.jpg","_links":{"self":[{"href":"https:\/\/www.anovapeneira.gal\/index.php\/wp-json\/wp\/v2\/posts\/11655","targetHints":{"allow":["GET"]}}],"collection":[{"href":"https:\/\/www.anovapeneira.gal\/index.php\/wp-json\/wp\/v2\/posts"}],"about":[{"href":"https:\/\/www.anovapeneira.gal\/index.php\/wp-json\/wp\/v2\/types\/post"}],"author":[{"embeddable":true,"href":"https:\/\/www.anovapeneira.gal\/index.php\/wp-json\/wp\/v2\/users\/40"}],"replies":[{"embeddable":true,"href":"https:\/\/www.anovapeneira.gal\/index.php\/wp-json\/wp\/v2\/comments?post=11655"}],"version-history":[{"count":1,"href":"https:\/\/www.anovapeneira.gal\/index.php\/wp-json\/wp\/v2\/posts\/11655\/revisions"}],"predecessor-version":[{"id":11656,"href":"https:\/\/www.anovapeneira.gal\/index.php\/wp-json\/wp\/v2\/posts\/11655\/revisions\/11656"}],"wp:featuredmedia":[{"embeddable":true,"href":"https:\/\/www.anovapeneira.gal\/index.php\/wp-json\/wp\/v2\/media\/5108"}],"wp:attachment":[{"href":"https:\/\/www.anovapeneira.gal\/index.php\/wp-json\/wp\/v2\/media?parent=11655"}],"wp:term":[{"taxonomy":"category","embeddable":true,"href":"https:\/\/www.anovapeneira.gal\/index.php\/wp-json\/wp\/v2\/categories?post=11655"},{"taxonomy":"post_tag","embeddable":true,"href":"https:\/\/www.anovapeneira.gal\/index.php\/wp-json\/wp\/v2\/tags?post=11655"}],"curies":[{"name":"wp","href":"https:\/\/api.w.org\/{rel}","templated":true}]}}