{"id":11659,"date":"2024-04-26T12:00:30","date_gmt":"2024-04-26T10:00:30","guid":{"rendered":"https:\/\/www.anovapeneira.gal\/?p=11659"},"modified":"2024-04-24T09:55:01","modified_gmt":"2024-04-24T07:55:01","slug":"a-politica-en-forcarei","status":"publish","type":"post","link":"https:\/\/www.anovapeneira.gal\/index.php\/2024\/04\/26\/a-politica-en-forcarei\/","title":{"rendered":"A pol\u00edtica en Forcarei"},"content":{"rendered":"\n<pre class=\"wp-block-verse\"><strong>Roberto Jorge Correa. Concelleiro do BNG<\/strong><\/pre>\n\n\n\n<p>\u00c9 complicado facer unha valoraci\u00f3n da situaci\u00f3n pol\u00edtica actual do concello de Forcarei e non empezar pedindo perd\u00f3n \u00e1 veci\u00f1anza polos penosos espect\u00e1culos que se dan sesi\u00f3n tras sesi\u00f3n.<\/p>\n\n\n\n<p>Vivimos nunha situaci\u00f3n de extrema polarizaci\u00f3n onde Partido Popular e Partido socialista, Bel\u00e9n Cachafeiro e Ver\u00f3nica Pichel tensan e tensan os plenos, buscando unha polarizaci\u00f3n que en determinadas circunstancias \u00e9 unha lambonada cando se busca fidelizar o voto propio, pero que pasado o tempo, se converte nun prato reseso que, estou convencido, ten aburrida a toda a veci\u00f1anza do noso concello.<\/p>\n\n\n\n<p>\u00c9 imposible, nin \u00e9 a nosa intenci\u00f3n, manternos neutrais nesa guerra bipartidista, esiximos se reconduza a situaci\u00f3n e se recupere a cordura nos plenos e nas actuaci\u00f3ns pol\u00edticas.<\/p>\n\n\n\n<p>Actuaci\u00f3ns pol\u00edticas que cada vez m\u00e1is acaban con consecuencias xudiciais, arrastrando ao concello a uns gastos en xu\u00edzos que poder\u00edan servir para solucionar moitos outros problemas da veci\u00f1anza, e non os problemas de PP e PSOE.<\/p>\n\n\n\n<p>Po\u00f1amos un par de exemplos, para que a quen interese co\u00f1ecer a realidade pol\u00edtica de Forcarei poida entendernos.<\/p>\n\n\n\n<p>Recentemente o concello de Forcarei ven de ganar unha sentencia contra un particular que denunciaba entradas de auga na panader\u00eda que rexentaba. A\u00ednda que poidamos pensar que vale, o concello ga\u00f1ou, a realidade \u00e9 outra. O concello perdeu cartos, os gastos xudiciais superan ou son moi pr\u00f3ximos ao que tivera costado facer o saneamento das augas fecais de d\u00faas vivendas, solucionando o problema e evitado un proceso xudicial.<\/p>\n\n\n\n<p>Esta foi a proposta levada no seu d\u00eda polo BNG ao pleno e esta \u00e9 a actitude que esiximos do noso concello.<\/p>\n\n\n\n<p>O segundo exemplo \u00e9 destes mesmos d\u00edas, tras unha tramitaci\u00f3n chea de plenos roucos, de expulsi\u00f3ns, de abandonos do pleno, de actuaci\u00f3ns absolutamente desafortunadas vimos de ter co\u00f1ecemento que a Deputaci\u00f3n provincial pide ao concello o reintegro de parte da subvenci\u00f3n concedida para a reforma da casa da xuventude no 2022, por un defecto na xustificaci\u00f3n da propiedade.<\/p>\n\n\n\n<p>Este foi o argumento esgrimido por Bel\u00e9n Cachafeiro, portavoz do partido popular durante toda a tramitaci\u00f3n do proxecto para votar en contra do mesmo unha e outra vez, mentres que dende o goberno municipal, Ver\u00f3nica Pichel asegurounos que a propiedade estaba garantida.<\/p>\n\n\n\n<p>Tal e como dic\u00edamos ao inicio, estamos nunha situaci\u00f3n absolutamente polarizada, todo \u00e9 branco ou negro e cando en pol\u00edtica se formula ese escenario, leva a unha situaci\u00f3n do todo polo todo.<\/p>\n\n\n\n<p>Ante a reclamaci\u00f3n xa firme da deputaci\u00f3n, entendo que todos os concelleiros de Forcarei debemos ofrecer a defensa xur\u00eddica ao noso concello, pois falamos dunha cantidade superior aos 200.000\u20ac que son important\u00edsimos para as arcas municipais.<\/p>\n\n\n\n<p>Chegados a este punto da xudicializaci\u00f3n \u00e1 que nos leva a polarizaci\u00f3n pol\u00edtica, algu\u00e9n ter\u00e1 que asumir a consecuencia da decisi\u00f3n xudicial, sexa cal sexa esta.<\/p>\n\n\n\n<p>\u00c9 unha m\u00e1goa que a pol\u00edtica derive nisto, pero al\u00e1 cada quen coa s\u00faa maneira de entendela, como portavoz do BNG de Forcarei te\u00f1o moi claro que esa xamais ser\u00e1 a mi\u00f1a maneira de facer pol\u00edtica.<\/p>\n\n\n\n<p>Na pol\u00edtica, dende o meu punto de vista, \u00e9 esencial evitar conflitos no posible, son da opini\u00f3n de que vale m\u00e1is un mal acordo ca un bo xu\u00edzo. Son da opini\u00f3n de que hai que falar, falar e falar con absolutamente todos os compa\u00f1eiros que dende as distintas ideolox\u00edas est\u00e1n no pleno do concello ou en calquera instituci\u00f3n.<\/p>\n\n\n\n<p>Na pol\u00edtica estamos de paso e xa que estamos de paso, deixemos pegadas bonitas.<\/p>\n\n\n\n<p>Seguiremos a traballar para tentar conseguir o m\u00e1ximo de todas as administraci\u00f3ns. Administraci\u00f3ns nas que tras as \u00faltimas elecci\u00f3ns o BNG conseguimos medrar moit\u00edsimo en representaci\u00f3n, e as\u00ed, temos a primeira deputada nacionalista da comarca, Ariadna Fern\u00e1ndez, coa que xunto con todos os demais representantes dos distintos partidos da nosa zona, traballaremos para que Forcarei medre. Eso \u00e9 a pol\u00edtica.<\/p>\n","protected":false},"excerpt":{"rendered":"<div class=\"mh-excerpt\"><p>\u00c9 complicado facer unha valoraci\u00f3n da situaci\u00f3n pol\u00edtica actual do concello de Forcarei e non empezar pedindo perd\u00f3n \u00e1 veci\u00f1anza polos penosos espect\u00e1culos que se dan sesi\u00f3n tras sesi\u00f3n. <a class=\"mh-excerpt-more\" href=\"https:\/\/www.anovapeneira.gal\/index.php\/2024\/04\/26\/a-politica-en-forcarei\/\" title=\"A pol\u00edtica en Forcarei\">[&#8230;]<\/a><\/p>\n<\/div>","protected":false},"author":12,"featured_media":3867,"comment_status":"open","ping_status":"open","sticky":false,"template":"","format":"standard","meta":{"_exactmetrics_skip_tracking":false,"_exactmetrics_sitenote_active":false,"_exactmetrics_sitenote_note":"","_exactmetrics_sitenote_category":0,"footnotes":""},"categories":[7],"tags":[1188],"class_list":{"0":"post-11659","1":"post","2":"type-post","3":"status-publish","4":"format-standard","5":"has-post-thumbnail","7":"category-artigos-de-opinion","8":"tag-concello-de-forcarei"},"yoast_head":"<!-- This site is optimized with the Yoast SEO plugin v27.4 - https:\/\/yoast.com\/product\/yoast-seo-wordpress\/ -->\n<title>A pol\u00edtica en Forcarei -<\/title>\n<meta name=\"robots\" content=\"index, follow, max-snippet:-1, max-image-preview:large, max-video-preview:-1\" \/>\n<link rel=\"canonical\" href=\"https:\/\/www.anovapeneira.gal\/index.php\/2024\/04\/26\/a-politica-en-forcarei\/\" \/>\n<meta property=\"og:locale\" content=\"gl_ES\" \/>\n<meta property=\"og:type\" content=\"article\" \/>\n<meta property=\"og:title\" content=\"A pol\u00edtica en Forcarei -\" \/>\n<meta property=\"og:description\" content=\"\u00c9 complicado facer unha valoraci\u00f3n da situaci\u00f3n pol\u00edtica actual do concello de Forcarei e non empezar pedindo perd\u00f3n \u00e1 veci\u00f1anza polos penosos espect\u00e1culos que se dan sesi\u00f3n tras sesi\u00f3n. [...]\" \/>\n<meta property=\"og:url\" content=\"https:\/\/www.anovapeneira.gal\/index.php\/2024\/04\/26\/a-politica-en-forcarei\/\" \/>\n<meta property=\"article:publisher\" content=\"https:\/\/www.facebook.com\/anovapeneira\" \/>\n<meta property=\"article:published_time\" content=\"2024-04-26T10:00:30+00:00\" \/>\n<meta property=\"og:image\" content=\"https:\/\/www.anovapeneira.gal\/wp-content\/uploads\/2020\/09\/bng_forcarei_a_nova_peneira.jpg\" \/>\n\t<meta property=\"og:image:width\" content=\"720\" \/>\n\t<meta property=\"og:image:height\" content=\"432\" \/>\n\t<meta property=\"og:image:type\" content=\"image\/jpeg\" \/>\n<meta name=\"author\" content=\"Artigos Opini\u00f3n\" \/>\n<meta name=\"twitter:card\" content=\"summary_large_image\" \/>\n<meta name=\"twitter:creator\" content=\"@APeneira\" \/>\n<meta name=\"twitter:site\" content=\"@APeneira\" \/>\n<meta name=\"twitter:label1\" content=\"Escrito por\" \/>\n\t<meta name=\"twitter:data1\" content=\"Artigos Opini\u00f3n\" \/>\n\t<meta name=\"twitter:label2\" content=\"Tempo de lectura\" \/>\n\t<meta name=\"twitter:data2\" content=\"4 minutos\" \/>\n<script type=\"application\/ld+json\" class=\"yoast-schema-graph\">{\"@context\":\"https:\\\/\\\/schema.org\",\"@graph\":[{\"@type\":\"Article\",\"@id\":\"https:\\\/\\\/www.anovapeneira.gal\\\/index.php\\\/2024\\\/04\\\/26\\\/a-politica-en-forcarei\\\/#article\",\"isPartOf\":{\"@id\":\"https:\\\/\\\/www.anovapeneira.gal\\\/index.php\\\/2024\\\/04\\\/26\\\/a-politica-en-forcarei\\\/\"},\"author\":{\"name\":\"Artigos Opini\u00f3n\",\"@id\":\"https:\\\/\\\/www.anovapeneira.gal\\\/#\\\/schema\\\/person\\\/f18a4feb302e8f20bcef4490b5b60bb3\"},\"headline\":\"A pol\u00edtica en Forcarei\",\"datePublished\":\"2024-04-26T10:00:30+00:00\",\"mainEntityOfPage\":{\"@id\":\"https:\\\/\\\/www.anovapeneira.gal\\\/index.php\\\/2024\\\/04\\\/26\\\/a-politica-en-forcarei\\\/\"},\"wordCount\":695,\"commentCount\":0,\"publisher\":{\"@id\":\"https:\\\/\\\/www.anovapeneira.gal\\\/#organization\"},\"image\":{\"@id\":\"https:\\\/\\\/www.anovapeneira.gal\\\/index.php\\\/2024\\\/04\\\/26\\\/a-politica-en-forcarei\\\/#primaryimage\"},\"thumbnailUrl\":\"https:\\\/\\\/www.anovapeneira.gal\\\/wp-content\\\/uploads\\\/2020\\\/09\\\/bng_forcarei_a_nova_peneira.jpg\",\"keywords\":[\"Concello de Forcarei\"],\"articleSection\":[\"Artigos de opini\u00f3n\"],\"inLanguage\":\"gl-ES\",\"potentialAction\":[{\"@type\":\"CommentAction\",\"name\":\"Comment\",\"target\":[\"https:\\\/\\\/www.anovapeneira.gal\\\/index.php\\\/2024\\\/04\\\/26\\\/a-politica-en-forcarei\\\/#respond\"]}]},{\"@type\":\"WebPage\",\"@id\":\"https:\\\/\\\/www.anovapeneira.gal\\\/index.php\\\/2024\\\/04\\\/26\\\/a-politica-en-forcarei\\\/\",\"url\":\"https:\\\/\\\/www.anovapeneira.gal\\\/index.php\\\/2024\\\/04\\\/26\\\/a-politica-en-forcarei\\\/\",\"name\":\"A pol\u00edtica en Forcarei -\",\"isPartOf\":{\"@id\":\"https:\\\/\\\/www.anovapeneira.gal\\\/#website\"},\"primaryImageOfPage\":{\"@id\":\"https:\\\/\\\/www.anovapeneira.gal\\\/index.php\\\/2024\\\/04\\\/26\\\/a-politica-en-forcarei\\\/#primaryimage\"},\"image\":{\"@id\":\"https:\\\/\\\/www.anovapeneira.gal\\\/index.php\\\/2024\\\/04\\\/26\\\/a-politica-en-forcarei\\\/#primaryimage\"},\"thumbnailUrl\":\"https:\\\/\\\/www.anovapeneira.gal\\\/wp-content\\\/uploads\\\/2020\\\/09\\\/bng_forcarei_a_nova_peneira.jpg\",\"datePublished\":\"2024-04-26T10:00:30+00:00\",\"breadcrumb\":{\"@id\":\"https:\\\/\\\/www.anovapeneira.gal\\\/index.php\\\/2024\\\/04\\\/26\\\/a-politica-en-forcarei\\\/#breadcrumb\"},\"inLanguage\":\"gl-ES\",\"potentialAction\":[{\"@type\":\"ReadAction\",\"target\":[\"https:\\\/\\\/www.anovapeneira.gal\\\/index.php\\\/2024\\\/04\\\/26\\\/a-politica-en-forcarei\\\/\"]}]},{\"@type\":\"ImageObject\",\"inLanguage\":\"gl-ES\",\"@id\":\"https:\\\/\\\/www.anovapeneira.gal\\\/index.php\\\/2024\\\/04\\\/26\\\/a-politica-en-forcarei\\\/#primaryimage\",\"url\":\"https:\\\/\\\/www.anovapeneira.gal\\\/wp-content\\\/uploads\\\/2020\\\/09\\\/bng_forcarei_a_nova_peneira.jpg\",\"contentUrl\":\"https:\\\/\\\/www.anovapeneira.gal\\\/wp-content\\\/uploads\\\/2020\\\/09\\\/bng_forcarei_a_nova_peneira.jpg\",\"width\":720,\"height\":432,\"caption\":\"Roberto Jorge Correa, concelleiro do BNG no Concello de Forcarei\"},{\"@type\":\"BreadcrumbList\",\"@id\":\"https:\\\/\\\/www.anovapeneira.gal\\\/index.php\\\/2024\\\/04\\\/26\\\/a-politica-en-forcarei\\\/#breadcrumb\",\"itemListElement\":[{\"@type\":\"ListItem\",\"position\":1,\"name\":\"Portada\",\"item\":\"https:\\\/\\\/www.anovapeneira.gal\\\/\"},{\"@type\":\"ListItem\",\"position\":2,\"name\":\"A pol\u00edtica en Forcarei\"}]},{\"@type\":\"WebSite\",\"@id\":\"https:\\\/\\\/www.anovapeneira.gal\\\/#website\",\"url\":\"https:\\\/\\\/www.anovapeneira.gal\\\/\",\"name\":\"\",\"description\":\"Xornal galego de informaci\u00f3n xeral Publicaci\u00f3n mensual de novas de Galicia e en especial dos Concellos da sur da provincia de Pontevedra.\",\"publisher\":{\"@id\":\"https:\\\/\\\/www.anovapeneira.gal\\\/#organization\"},\"potentialAction\":[{\"@type\":\"SearchAction\",\"target\":{\"@type\":\"EntryPoint\",\"urlTemplate\":\"https:\\\/\\\/www.anovapeneira.gal\\\/?s={search_term_string}\"},\"query-input\":{\"@type\":\"PropertyValueSpecification\",\"valueRequired\":true,\"valueName\":\"search_term_string\"}}],\"inLanguage\":\"gl-ES\"},{\"@type\":\"Organization\",\"@id\":\"https:\\\/\\\/www.anovapeneira.gal\\\/#organization\",\"name\":\"A Nova Peneira\",\"url\":\"https:\\\/\\\/www.anovapeneira.gal\\\/\",\"logo\":{\"@type\":\"ImageObject\",\"inLanguage\":\"gl-ES\",\"@id\":\"https:\\\/\\\/www.anovapeneira.gal\\\/#\\\/schema\\\/logo\\\/image\\\/\",\"url\":\"http:\\\/\\\/www.anovapeneira.gal\\\/wp-content\\\/uploads\\\/2019\\\/06\\\/logo_a_nova_peneira_portal_web.png\",\"contentUrl\":\"http:\\\/\\\/www.anovapeneira.gal\\\/wp-content\\\/uploads\\\/2019\\\/06\\\/logo_a_nova_peneira_portal_web.png\",\"width\":300,\"height\":100,\"caption\":\"A Nova Peneira\"},\"image\":{\"@id\":\"https:\\\/\\\/www.anovapeneira.gal\\\/#\\\/schema\\\/logo\\\/image\\\/\"},\"sameAs\":[\"https:\\\/\\\/www.facebook.com\\\/anovapeneira\",\"https:\\\/\\\/x.com\\\/APeneira\"]},{\"@type\":\"Person\",\"@id\":\"https:\\\/\\\/www.anovapeneira.gal\\\/#\\\/schema\\\/person\\\/f18a4feb302e8f20bcef4490b5b60bb3\",\"name\":\"Artigos Opini\u00f3n\",\"image\":{\"@type\":\"ImageObject\",\"inLanguage\":\"gl-ES\",\"@id\":\"https:\\\/\\\/secure.gravatar.com\\\/avatar\\\/072844300f4881150aee2da4278f7a65d16eefdf8262eb67085f1e702de2b959?s=96&d=mm&r=g\",\"url\":\"https:\\\/\\\/secure.gravatar.com\\\/avatar\\\/072844300f4881150aee2da4278f7a65d16eefdf8262eb67085f1e702de2b959?s=96&d=mm&r=g\",\"contentUrl\":\"https:\\\/\\\/secure.gravatar.com\\\/avatar\\\/072844300f4881150aee2da4278f7a65d16eefdf8262eb67085f1e702de2b959?s=96&d=mm&r=g\",\"caption\":\"Artigos Opini\u00f3n\"},\"sameAs\":[\"http:\\\/\\\/anovapeneira.gal\"],\"url\":\"https:\\\/\\\/www.anovapeneira.gal\\\/index.php\\\/author\\\/artigosopinion\\\/\"}]}<\/script>\n<!-- \/ Yoast SEO plugin. -->","yoast_head_json":{"title":"A pol\u00edtica en Forcarei -","robots":{"index":"index","follow":"follow","max-snippet":"max-snippet:-1","max-image-preview":"max-image-preview:large","max-video-preview":"max-video-preview:-1"},"canonical":"https:\/\/www.anovapeneira.gal\/index.php\/2024\/04\/26\/a-politica-en-forcarei\/","og_locale":"gl_ES","og_type":"article","og_title":"A pol\u00edtica en Forcarei -","og_description":"\u00c9 complicado facer unha valoraci\u00f3n da situaci\u00f3n pol\u00edtica actual do concello de Forcarei e non empezar pedindo perd\u00f3n \u00e1 veci\u00f1anza polos penosos espect\u00e1culos que se dan sesi\u00f3n tras sesi\u00f3n. [...]","og_url":"https:\/\/www.anovapeneira.gal\/index.php\/2024\/04\/26\/a-politica-en-forcarei\/","article_publisher":"https:\/\/www.facebook.com\/anovapeneira","article_published_time":"2024-04-26T10:00:30+00:00","og_image":[{"width":720,"height":432,"url":"https:\/\/www.anovapeneira.gal\/wp-content\/uploads\/2020\/09\/bng_forcarei_a_nova_peneira.jpg","type":"image\/jpeg"}],"author":"Artigos Opini\u00f3n","twitter_card":"summary_large_image","twitter_creator":"@APeneira","twitter_site":"@APeneira","twitter_misc":{"Escrito por":"Artigos Opini\u00f3n","Tempo de lectura":"4 minutos"},"schema":{"@context":"https:\/\/schema.org","@graph":[{"@type":"Article","@id":"https:\/\/www.anovapeneira.gal\/index.php\/2024\/04\/26\/a-politica-en-forcarei\/#article","isPartOf":{"@id":"https:\/\/www.anovapeneira.gal\/index.php\/2024\/04\/26\/a-politica-en-forcarei\/"},"author":{"name":"Artigos Opini\u00f3n","@id":"https:\/\/www.anovapeneira.gal\/#\/schema\/person\/f18a4feb302e8f20bcef4490b5b60bb3"},"headline":"A pol\u00edtica en Forcarei","datePublished":"2024-04-26T10:00:30+00:00","mainEntityOfPage":{"@id":"https:\/\/www.anovapeneira.gal\/index.php\/2024\/04\/26\/a-politica-en-forcarei\/"},"wordCount":695,"commentCount":0,"publisher":{"@id":"https:\/\/www.anovapeneira.gal\/#organization"},"image":{"@id":"https:\/\/www.anovapeneira.gal\/index.php\/2024\/04\/26\/a-politica-en-forcarei\/#primaryimage"},"thumbnailUrl":"https:\/\/www.anovapeneira.gal\/wp-content\/uploads\/2020\/09\/bng_forcarei_a_nova_peneira.jpg","keywords":["Concello de Forcarei"],"articleSection":["Artigos de opini\u00f3n"],"inLanguage":"gl-ES","potentialAction":[{"@type":"CommentAction","name":"Comment","target":["https:\/\/www.anovapeneira.gal\/index.php\/2024\/04\/26\/a-politica-en-forcarei\/#respond"]}]},{"@type":"WebPage","@id":"https:\/\/www.anovapeneira.gal\/index.php\/2024\/04\/26\/a-politica-en-forcarei\/","url":"https:\/\/www.anovapeneira.gal\/index.php\/2024\/04\/26\/a-politica-en-forcarei\/","name":"A pol\u00edtica en Forcarei -","isPartOf":{"@id":"https:\/\/www.anovapeneira.gal\/#website"},"primaryImageOfPage":{"@id":"https:\/\/www.anovapeneira.gal\/index.php\/2024\/04\/26\/a-politica-en-forcarei\/#primaryimage"},"image":{"@id":"https:\/\/www.anovapeneira.gal\/index.php\/2024\/04\/26\/a-politica-en-forcarei\/#primaryimage"},"thumbnailUrl":"https:\/\/www.anovapeneira.gal\/wp-content\/uploads\/2020\/09\/bng_forcarei_a_nova_peneira.jpg","datePublished":"2024-04-26T10:00:30+00:00","breadcrumb":{"@id":"https:\/\/www.anovapeneira.gal\/index.php\/2024\/04\/26\/a-politica-en-forcarei\/#breadcrumb"},"inLanguage":"gl-ES","potentialAction":[{"@type":"ReadAction","target":["https:\/\/www.anovapeneira.gal\/index.php\/2024\/04\/26\/a-politica-en-forcarei\/"]}]},{"@type":"ImageObject","inLanguage":"gl-ES","@id":"https:\/\/www.anovapeneira.gal\/index.php\/2024\/04\/26\/a-politica-en-forcarei\/#primaryimage","url":"https:\/\/www.anovapeneira.gal\/wp-content\/uploads\/2020\/09\/bng_forcarei_a_nova_peneira.jpg","contentUrl":"https:\/\/www.anovapeneira.gal\/wp-content\/uploads\/2020\/09\/bng_forcarei_a_nova_peneira.jpg","width":720,"height":432,"caption":"Roberto Jorge Correa, concelleiro do BNG no Concello de Forcarei"},{"@type":"BreadcrumbList","@id":"https:\/\/www.anovapeneira.gal\/index.php\/2024\/04\/26\/a-politica-en-forcarei\/#breadcrumb","itemListElement":[{"@type":"ListItem","position":1,"name":"Portada","item":"https:\/\/www.anovapeneira.gal\/"},{"@type":"ListItem","position":2,"name":"A pol\u00edtica en Forcarei"}]},{"@type":"WebSite","@id":"https:\/\/www.anovapeneira.gal\/#website","url":"https:\/\/www.anovapeneira.gal\/","name":"","description":"Xornal galego de informaci\u00f3n xeral Publicaci\u00f3n mensual de novas de Galicia e en especial dos Concellos da sur da provincia de Pontevedra.","publisher":{"@id":"https:\/\/www.anovapeneira.gal\/#organization"},"potentialAction":[{"@type":"SearchAction","target":{"@type":"EntryPoint","urlTemplate":"https:\/\/www.anovapeneira.gal\/?s={search_term_string}"},"query-input":{"@type":"PropertyValueSpecification","valueRequired":true,"valueName":"search_term_string"}}],"inLanguage":"gl-ES"},{"@type":"Organization","@id":"https:\/\/www.anovapeneira.gal\/#organization","name":"A Nova Peneira","url":"https:\/\/www.anovapeneira.gal\/","logo":{"@type":"ImageObject","inLanguage":"gl-ES","@id":"https:\/\/www.anovapeneira.gal\/#\/schema\/logo\/image\/","url":"http:\/\/www.anovapeneira.gal\/wp-content\/uploads\/2019\/06\/logo_a_nova_peneira_portal_web.png","contentUrl":"http:\/\/www.anovapeneira.gal\/wp-content\/uploads\/2019\/06\/logo_a_nova_peneira_portal_web.png","width":300,"height":100,"caption":"A Nova Peneira"},"image":{"@id":"https:\/\/www.anovapeneira.gal\/#\/schema\/logo\/image\/"},"sameAs":["https:\/\/www.facebook.com\/anovapeneira","https:\/\/x.com\/APeneira"]},{"@type":"Person","@id":"https:\/\/www.anovapeneira.gal\/#\/schema\/person\/f18a4feb302e8f20bcef4490b5b60bb3","name":"Artigos Opini\u00f3n","image":{"@type":"ImageObject","inLanguage":"gl-ES","@id":"https:\/\/secure.gravatar.com\/avatar\/072844300f4881150aee2da4278f7a65d16eefdf8262eb67085f1e702de2b959?s=96&d=mm&r=g","url":"https:\/\/secure.gravatar.com\/avatar\/072844300f4881150aee2da4278f7a65d16eefdf8262eb67085f1e702de2b959?s=96&d=mm&r=g","contentUrl":"https:\/\/secure.gravatar.com\/avatar\/072844300f4881150aee2da4278f7a65d16eefdf8262eb67085f1e702de2b959?s=96&d=mm&r=g","caption":"Artigos Opini\u00f3n"},"sameAs":["http:\/\/anovapeneira.gal"],"url":"https:\/\/www.anovapeneira.gal\/index.php\/author\/artigosopinion\/"}]}},"jetpack_featured_media_url":"https:\/\/www.anovapeneira.gal\/wp-content\/uploads\/2020\/09\/bng_forcarei_a_nova_peneira.jpg","_links":{"self":[{"href":"https:\/\/www.anovapeneira.gal\/index.php\/wp-json\/wp\/v2\/posts\/11659","targetHints":{"allow":["GET"]}}],"collection":[{"href":"https:\/\/www.anovapeneira.gal\/index.php\/wp-json\/wp\/v2\/posts"}],"about":[{"href":"https:\/\/www.anovapeneira.gal\/index.php\/wp-json\/wp\/v2\/types\/post"}],"author":[{"embeddable":true,"href":"https:\/\/www.anovapeneira.gal\/index.php\/wp-json\/wp\/v2\/users\/12"}],"replies":[{"embeddable":true,"href":"https:\/\/www.anovapeneira.gal\/index.php\/wp-json\/wp\/v2\/comments?post=11659"}],"version-history":[{"count":1,"href":"https:\/\/www.anovapeneira.gal\/index.php\/wp-json\/wp\/v2\/posts\/11659\/revisions"}],"predecessor-version":[{"id":11660,"href":"https:\/\/www.anovapeneira.gal\/index.php\/wp-json\/wp\/v2\/posts\/11659\/revisions\/11660"}],"wp:featuredmedia":[{"embeddable":true,"href":"https:\/\/www.anovapeneira.gal\/index.php\/wp-json\/wp\/v2\/media\/3867"}],"wp:attachment":[{"href":"https:\/\/www.anovapeneira.gal\/index.php\/wp-json\/wp\/v2\/media?parent=11659"}],"wp:term":[{"taxonomy":"category","embeddable":true,"href":"https:\/\/www.anovapeneira.gal\/index.php\/wp-json\/wp\/v2\/categories?post=11659"},{"taxonomy":"post_tag","embeddable":true,"href":"https:\/\/www.anovapeneira.gal\/index.php\/wp-json\/wp\/v2\/tags?post=11659"}],"curies":[{"name":"wp","href":"https:\/\/api.w.org\/{rel}","templated":true}]}}