{"id":11661,"date":"2024-04-29T10:00:48","date_gmt":"2024-04-29T08:00:48","guid":{"rendered":"https:\/\/www.anovapeneira.gal\/?p=11661"},"modified":"2024-04-24T09:58:06","modified_gmt":"2024-04-24T07:58:06","slug":"e-ao-final-montouse-un-cristo","status":"publish","type":"post","link":"https:\/\/www.anovapeneira.gal\/index.php\/2024\/04\/29\/e-ao-final-montouse-un-cristo\/","title":{"rendered":"E ao final\u2026.. montouse un cristo\u2026"},"content":{"rendered":"\n<pre class=\"wp-block-verse\">Marta PP A Ca\u00f1iza<\/pre>\n\n\n\n<p>Unha lexislatura m\u00e1is ven de se estrear, a primeira renovaci\u00f3n do presidente Rueda e dos seus conselleiros. E na paralela, un panorama pol\u00edtico xeral, que cada d\u00eda nos anuncia unha morea de novas, que non sempre son todo o boas que nos gustar\u00eda. Pero vamos tragando. Que remedio!<\/p>\n\n\n\n<p>Estamos tan afeitos a que iso ocorra, que non somos realmente conscientes do lugar no que vivimos e de que os que nos gobernan aqu\u00ed, est\u00e1n contendo moitas das salpicaduras dos balbucidos obscenos das altas esferas, ou como o acu\u00f1an alg\u00fans, \u201cgoberno Frankenstein\u201d.<\/p>\n\n\n\n<p>Ao cidad\u00e1n de a p\u00e9, o \u00fanico que nos importa \u00e9 que non nos toquen moito no peto, que nos operen nun hospital ben dotado e que non nos pasen a factura ao volver para a casa, que nos deixen vivir tranquilos sen que ningu\u00e9n se meta co que pensamos ou coa nosa forma de ver a vida. O resto danos un pouco igual, pero s\u00f3 porque vivimos nun territorio onde todo isto \u00e9 posible, coa s\u00faa marxe de mellora, pero \u00e9 posible.<\/p>\n\n\n\n<p>Por iso, creo que \u00e9 o seu reco\u00f1ecer o valor da palabra dada, e ter presente que as promesas da pasada campa\u00f1a electoral, xa se empezan a materializar. A\u00ednda coa tinta fresca da firma da investidura.<\/p>\n\n\n\n<p>Mentres noutros territorios seguen cobrando soldos sen ter nin tan sequera uns presupostos aprobados, mentres xogan ao \u201cmonopoly\u201d cos votos (sete concretamente), mentres interpretan a constituci\u00f3n e as leis en funci\u00f3n do que lles conve\u00f1a ese d\u00eda, por aqu\u00ed andamos algo m\u00e1is tranquilos.<\/p>\n\n\n\n<p>Isto a\u00ednda acada de comenzar, e \u00e9 certo que a cousa non \u00e9 como empeza sen\u00f3n como remata, e dentro de outros catro anos haber\u00e1 que facer balance e por nota, pero un bo arranque sempre deixa espazo para a esperanza e a ilusi\u00f3n.<\/p>\n\n\n\n<p>Pero como non pod\u00eda ser menos, este paraugas de tranquilidade e normalidade, ti\u00f1a que ter alg\u00fan burato e non hai m\u00e1is que volver a vista cara aqueles lugares onde segue gobernando a contra. Mentres uns tiran polo carro para tentar levalo adiante, outros deixan morrer todo ao seu redor.<\/p>\n\n\n\n<p>No noso Concello, o da Ca\u00f1iza, o alcalde est\u00e1 tan atarefado coas s\u00faas leas de xulgados e egos mal xestionados, que aos veci\u00f1os tenos relegados descaradamente a un terceiro plano, priv\u00e1ndoos hasta do entroido e deixando o traballo da xente colgado.<\/p>\n\n\n\n<p>Pero ben, que non se preocupen, que dentro de nada volver\u00e1n os do Balonm\u00e1n para po\u00f1er ao Concello na primeira p\u00e1xina do xornal co carnaval de ver\u00e1n e xa ter\u00e1 tempo o alcalde de sacar a foto debaixo dunha nova careta, presumindo de vila a costa do traballo dos demais.<\/p>\n\n\n\n<p>Levamos unha boa racha, a verdade: nin San Xo\u00e1n, nin magosto, os Reis Magos ve\u00f1en o d\u00eda catro en lugar do cinco, sen Entroido, sen Petelo, e agora, segundo as \u00faltimas novas, tam\u00e9n sen Festa do Cristo.<\/p>\n\n\n\n<p>Entendo que o alcalde non estea para festas (co panorama que ten), pero os veci\u00f1os non temos culpa, ni que pagar polas tolemias dos demais.<\/p>\n\n\n\n<p>A\u00ednda que non podemos queixarnos moito, porque en realidade ese sempre foi a s\u00faa queixa: que na vila se fac\u00edan moitas festas. Como se iso fose algo negativo e non dinamizase a vila! Agora xa non se fai ningunha. Promesa electoral cumprida!<\/p>\n\n\n\n<p>Os veci\u00f1os que vaian aos concellos da contorna que al\u00ed ser\u00e1n benvidos! Eles e os seus euros!<\/p>\n\n\n\n<p>Esperemos que os dispendis do goberno, non impidan mercar os xam\u00f3ns para o 15 de agosto, porque a este paso, quedamos sen Festa do Xam\u00f3n!<\/p>\n","protected":false},"excerpt":{"rendered":"<div class=\"mh-excerpt\"><p>Unha lexislatura m\u00e1is ven de se estrear, a primeira renovaci\u00f3n do presidente Rueda e dos seus conselleiros. E na paralela, un panorama pol\u00edtico xeral, que cada d\u00eda nos anuncia unha morea de novas, que non sempre son todo o boas que nos gustar\u00eda. Pero vamos tragando. Que remedio! <a class=\"mh-excerpt-more\" href=\"https:\/\/www.anovapeneira.gal\/index.php\/2024\/04\/29\/e-ao-final-montouse-un-cristo\/\" title=\"E ao final\u2026.. montouse un cristo\u2026\">[&#8230;]<\/a><\/p>\n<\/div>","protected":false},"author":12,"featured_media":10448,"comment_status":"open","ping_status":"open","sticky":false,"template":"","format":"standard","meta":{"_exactmetrics_skip_tracking":false,"_exactmetrics_sitenote_active":false,"_exactmetrics_sitenote_note":"","_exactmetrics_sitenote_category":0,"footnotes":""},"categories":[7],"tags":[867],"class_list":{"0":"post-11661","1":"post","2":"type-post","3":"status-publish","4":"format-standard","5":"has-post-thumbnail","7":"category-artigos-de-opinion","8":"tag-concello-da-caniza"},"yoast_head":"<!-- This site is optimized with the Yoast SEO plugin v27.4 - https:\/\/yoast.com\/product\/yoast-seo-wordpress\/ -->\n<title>E ao final\u2026.. montouse un cristo\u2026 -<\/title>\n<meta name=\"robots\" content=\"index, follow, max-snippet:-1, max-image-preview:large, max-video-preview:-1\" \/>\n<link rel=\"canonical\" href=\"https:\/\/www.anovapeneira.gal\/index.php\/2024\/04\/29\/e-ao-final-montouse-un-cristo\/\" \/>\n<meta property=\"og:locale\" content=\"gl_ES\" \/>\n<meta property=\"og:type\" content=\"article\" \/>\n<meta property=\"og:title\" content=\"E ao final\u2026.. montouse un cristo\u2026 -\" \/>\n<meta property=\"og:description\" content=\"Unha lexislatura m\u00e1is ven de se estrear, a primeira renovaci\u00f3n do presidente Rueda e dos seus conselleiros. E na paralela, un panorama pol\u00edtico xeral, que cada d\u00eda nos anuncia unha morea de novas, que non sempre son todo o boas que nos gustar\u00eda. Pero vamos tragando. Que remedio! [...]\" \/>\n<meta property=\"og:url\" content=\"https:\/\/www.anovapeneira.gal\/index.php\/2024\/04\/29\/e-ao-final-montouse-un-cristo\/\" \/>\n<meta property=\"article:publisher\" content=\"https:\/\/www.facebook.com\/anovapeneira\" \/>\n<meta property=\"article:published_time\" content=\"2024-04-29T08:00:48+00:00\" \/>\n<meta property=\"og:image\" content=\"https:\/\/www.anovapeneira.gal\/wp-content\/uploads\/2023\/09\/marta_pp_caniza.jpg\" \/>\n\t<meta property=\"og:image:width\" content=\"720\" \/>\n\t<meta property=\"og:image:height\" content=\"432\" \/>\n\t<meta property=\"og:image:type\" content=\"image\/jpeg\" \/>\n<meta name=\"author\" content=\"Artigos Opini\u00f3n\" \/>\n<meta name=\"twitter:card\" content=\"summary_large_image\" \/>\n<meta name=\"twitter:creator\" content=\"@APeneira\" \/>\n<meta name=\"twitter:site\" content=\"@APeneira\" \/>\n<meta name=\"twitter:label1\" content=\"Escrito por\" \/>\n\t<meta name=\"twitter:data1\" content=\"Artigos Opini\u00f3n\" \/>\n\t<meta name=\"twitter:label2\" content=\"Tempo de lectura\" \/>\n\t<meta name=\"twitter:data2\" content=\"4 minutos\" \/>\n<script type=\"application\/ld+json\" class=\"yoast-schema-graph\">{\"@context\":\"https:\\\/\\\/schema.org\",\"@graph\":[{\"@type\":\"Article\",\"@id\":\"https:\\\/\\\/www.anovapeneira.gal\\\/index.php\\\/2024\\\/04\\\/29\\\/e-ao-final-montouse-un-cristo\\\/#article\",\"isPartOf\":{\"@id\":\"https:\\\/\\\/www.anovapeneira.gal\\\/index.php\\\/2024\\\/04\\\/29\\\/e-ao-final-montouse-un-cristo\\\/\"},\"author\":{\"name\":\"Artigos Opini\u00f3n\",\"@id\":\"https:\\\/\\\/www.anovapeneira.gal\\\/#\\\/schema\\\/person\\\/f18a4feb302e8f20bcef4490b5b60bb3\"},\"headline\":\"E ao final\u2026.. montouse un cristo\u2026\",\"datePublished\":\"2024-04-29T08:00:48+00:00\",\"mainEntityOfPage\":{\"@id\":\"https:\\\/\\\/www.anovapeneira.gal\\\/index.php\\\/2024\\\/04\\\/29\\\/e-ao-final-montouse-un-cristo\\\/\"},\"wordCount\":629,\"commentCount\":0,\"publisher\":{\"@id\":\"https:\\\/\\\/www.anovapeneira.gal\\\/#organization\"},\"image\":{\"@id\":\"https:\\\/\\\/www.anovapeneira.gal\\\/index.php\\\/2024\\\/04\\\/29\\\/e-ao-final-montouse-un-cristo\\\/#primaryimage\"},\"thumbnailUrl\":\"https:\\\/\\\/www.anovapeneira.gal\\\/wp-content\\\/uploads\\\/2023\\\/09\\\/marta_pp_caniza.jpg\",\"keywords\":[\"Concello da Ca\u00f1iza\"],\"articleSection\":[\"Artigos de opini\u00f3n\"],\"inLanguage\":\"gl-ES\",\"potentialAction\":[{\"@type\":\"CommentAction\",\"name\":\"Comment\",\"target\":[\"https:\\\/\\\/www.anovapeneira.gal\\\/index.php\\\/2024\\\/04\\\/29\\\/e-ao-final-montouse-un-cristo\\\/#respond\"]}]},{\"@type\":\"WebPage\",\"@id\":\"https:\\\/\\\/www.anovapeneira.gal\\\/index.php\\\/2024\\\/04\\\/29\\\/e-ao-final-montouse-un-cristo\\\/\",\"url\":\"https:\\\/\\\/www.anovapeneira.gal\\\/index.php\\\/2024\\\/04\\\/29\\\/e-ao-final-montouse-un-cristo\\\/\",\"name\":\"E ao final\u2026.. montouse un cristo\u2026 -\",\"isPartOf\":{\"@id\":\"https:\\\/\\\/www.anovapeneira.gal\\\/#website\"},\"primaryImageOfPage\":{\"@id\":\"https:\\\/\\\/www.anovapeneira.gal\\\/index.php\\\/2024\\\/04\\\/29\\\/e-ao-final-montouse-un-cristo\\\/#primaryimage\"},\"image\":{\"@id\":\"https:\\\/\\\/www.anovapeneira.gal\\\/index.php\\\/2024\\\/04\\\/29\\\/e-ao-final-montouse-un-cristo\\\/#primaryimage\"},\"thumbnailUrl\":\"https:\\\/\\\/www.anovapeneira.gal\\\/wp-content\\\/uploads\\\/2023\\\/09\\\/marta_pp_caniza.jpg\",\"datePublished\":\"2024-04-29T08:00:48+00:00\",\"breadcrumb\":{\"@id\":\"https:\\\/\\\/www.anovapeneira.gal\\\/index.php\\\/2024\\\/04\\\/29\\\/e-ao-final-montouse-un-cristo\\\/#breadcrumb\"},\"inLanguage\":\"gl-ES\",\"potentialAction\":[{\"@type\":\"ReadAction\",\"target\":[\"https:\\\/\\\/www.anovapeneira.gal\\\/index.php\\\/2024\\\/04\\\/29\\\/e-ao-final-montouse-un-cristo\\\/\"]}]},{\"@type\":\"ImageObject\",\"inLanguage\":\"gl-ES\",\"@id\":\"https:\\\/\\\/www.anovapeneira.gal\\\/index.php\\\/2024\\\/04\\\/29\\\/e-ao-final-montouse-un-cristo\\\/#primaryimage\",\"url\":\"https:\\\/\\\/www.anovapeneira.gal\\\/wp-content\\\/uploads\\\/2023\\\/09\\\/marta_pp_caniza.jpg\",\"contentUrl\":\"https:\\\/\\\/www.anovapeneira.gal\\\/wp-content\\\/uploads\\\/2023\\\/09\\\/marta_pp_caniza.jpg\",\"width\":720,\"height\":432,\"caption\":\"Marta Rodr\u00edguez M\u00e1rquez Secretaria do PP de A Ca\u00f1iza\"},{\"@type\":\"BreadcrumbList\",\"@id\":\"https:\\\/\\\/www.anovapeneira.gal\\\/index.php\\\/2024\\\/04\\\/29\\\/e-ao-final-montouse-un-cristo\\\/#breadcrumb\",\"itemListElement\":[{\"@type\":\"ListItem\",\"position\":1,\"name\":\"Portada\",\"item\":\"https:\\\/\\\/www.anovapeneira.gal\\\/\"},{\"@type\":\"ListItem\",\"position\":2,\"name\":\"E ao final\u2026.. montouse un cristo\u2026\"}]},{\"@type\":\"WebSite\",\"@id\":\"https:\\\/\\\/www.anovapeneira.gal\\\/#website\",\"url\":\"https:\\\/\\\/www.anovapeneira.gal\\\/\",\"name\":\"\",\"description\":\"Xornal galego de informaci\u00f3n xeral Publicaci\u00f3n mensual de novas de Galicia e en especial dos Concellos da sur da provincia de Pontevedra.\",\"publisher\":{\"@id\":\"https:\\\/\\\/www.anovapeneira.gal\\\/#organization\"},\"potentialAction\":[{\"@type\":\"SearchAction\",\"target\":{\"@type\":\"EntryPoint\",\"urlTemplate\":\"https:\\\/\\\/www.anovapeneira.gal\\\/?s={search_term_string}\"},\"query-input\":{\"@type\":\"PropertyValueSpecification\",\"valueRequired\":true,\"valueName\":\"search_term_string\"}}],\"inLanguage\":\"gl-ES\"},{\"@type\":\"Organization\",\"@id\":\"https:\\\/\\\/www.anovapeneira.gal\\\/#organization\",\"name\":\"A Nova Peneira\",\"url\":\"https:\\\/\\\/www.anovapeneira.gal\\\/\",\"logo\":{\"@type\":\"ImageObject\",\"inLanguage\":\"gl-ES\",\"@id\":\"https:\\\/\\\/www.anovapeneira.gal\\\/#\\\/schema\\\/logo\\\/image\\\/\",\"url\":\"http:\\\/\\\/www.anovapeneira.gal\\\/wp-content\\\/uploads\\\/2019\\\/06\\\/logo_a_nova_peneira_portal_web.png\",\"contentUrl\":\"http:\\\/\\\/www.anovapeneira.gal\\\/wp-content\\\/uploads\\\/2019\\\/06\\\/logo_a_nova_peneira_portal_web.png\",\"width\":300,\"height\":100,\"caption\":\"A Nova Peneira\"},\"image\":{\"@id\":\"https:\\\/\\\/www.anovapeneira.gal\\\/#\\\/schema\\\/logo\\\/image\\\/\"},\"sameAs\":[\"https:\\\/\\\/www.facebook.com\\\/anovapeneira\",\"https:\\\/\\\/x.com\\\/APeneira\"]},{\"@type\":\"Person\",\"@id\":\"https:\\\/\\\/www.anovapeneira.gal\\\/#\\\/schema\\\/person\\\/f18a4feb302e8f20bcef4490b5b60bb3\",\"name\":\"Artigos Opini\u00f3n\",\"image\":{\"@type\":\"ImageObject\",\"inLanguage\":\"gl-ES\",\"@id\":\"https:\\\/\\\/secure.gravatar.com\\\/avatar\\\/072844300f4881150aee2da4278f7a65d16eefdf8262eb67085f1e702de2b959?s=96&d=mm&r=g\",\"url\":\"https:\\\/\\\/secure.gravatar.com\\\/avatar\\\/072844300f4881150aee2da4278f7a65d16eefdf8262eb67085f1e702de2b959?s=96&d=mm&r=g\",\"contentUrl\":\"https:\\\/\\\/secure.gravatar.com\\\/avatar\\\/072844300f4881150aee2da4278f7a65d16eefdf8262eb67085f1e702de2b959?s=96&d=mm&r=g\",\"caption\":\"Artigos Opini\u00f3n\"},\"sameAs\":[\"http:\\\/\\\/anovapeneira.gal\"],\"url\":\"https:\\\/\\\/www.anovapeneira.gal\\\/index.php\\\/author\\\/artigosopinion\\\/\"}]}<\/script>\n<!-- \/ Yoast SEO plugin. -->","yoast_head_json":{"title":"E ao final\u2026.. montouse un cristo\u2026 -","robots":{"index":"index","follow":"follow","max-snippet":"max-snippet:-1","max-image-preview":"max-image-preview:large","max-video-preview":"max-video-preview:-1"},"canonical":"https:\/\/www.anovapeneira.gal\/index.php\/2024\/04\/29\/e-ao-final-montouse-un-cristo\/","og_locale":"gl_ES","og_type":"article","og_title":"E ao final\u2026.. montouse un cristo\u2026 -","og_description":"Unha lexislatura m\u00e1is ven de se estrear, a primeira renovaci\u00f3n do presidente Rueda e dos seus conselleiros. E na paralela, un panorama pol\u00edtico xeral, que cada d\u00eda nos anuncia unha morea de novas, que non sempre son todo o boas que nos gustar\u00eda. Pero vamos tragando. Que remedio! [...]","og_url":"https:\/\/www.anovapeneira.gal\/index.php\/2024\/04\/29\/e-ao-final-montouse-un-cristo\/","article_publisher":"https:\/\/www.facebook.com\/anovapeneira","article_published_time":"2024-04-29T08:00:48+00:00","og_image":[{"width":720,"height":432,"url":"https:\/\/www.anovapeneira.gal\/wp-content\/uploads\/2023\/09\/marta_pp_caniza.jpg","type":"image\/jpeg"}],"author":"Artigos Opini\u00f3n","twitter_card":"summary_large_image","twitter_creator":"@APeneira","twitter_site":"@APeneira","twitter_misc":{"Escrito por":"Artigos Opini\u00f3n","Tempo de lectura":"4 minutos"},"schema":{"@context":"https:\/\/schema.org","@graph":[{"@type":"Article","@id":"https:\/\/www.anovapeneira.gal\/index.php\/2024\/04\/29\/e-ao-final-montouse-un-cristo\/#article","isPartOf":{"@id":"https:\/\/www.anovapeneira.gal\/index.php\/2024\/04\/29\/e-ao-final-montouse-un-cristo\/"},"author":{"name":"Artigos Opini\u00f3n","@id":"https:\/\/www.anovapeneira.gal\/#\/schema\/person\/f18a4feb302e8f20bcef4490b5b60bb3"},"headline":"E ao final\u2026.. montouse un cristo\u2026","datePublished":"2024-04-29T08:00:48+00:00","mainEntityOfPage":{"@id":"https:\/\/www.anovapeneira.gal\/index.php\/2024\/04\/29\/e-ao-final-montouse-un-cristo\/"},"wordCount":629,"commentCount":0,"publisher":{"@id":"https:\/\/www.anovapeneira.gal\/#organization"},"image":{"@id":"https:\/\/www.anovapeneira.gal\/index.php\/2024\/04\/29\/e-ao-final-montouse-un-cristo\/#primaryimage"},"thumbnailUrl":"https:\/\/www.anovapeneira.gal\/wp-content\/uploads\/2023\/09\/marta_pp_caniza.jpg","keywords":["Concello da Ca\u00f1iza"],"articleSection":["Artigos de opini\u00f3n"],"inLanguage":"gl-ES","potentialAction":[{"@type":"CommentAction","name":"Comment","target":["https:\/\/www.anovapeneira.gal\/index.php\/2024\/04\/29\/e-ao-final-montouse-un-cristo\/#respond"]}]},{"@type":"WebPage","@id":"https:\/\/www.anovapeneira.gal\/index.php\/2024\/04\/29\/e-ao-final-montouse-un-cristo\/","url":"https:\/\/www.anovapeneira.gal\/index.php\/2024\/04\/29\/e-ao-final-montouse-un-cristo\/","name":"E ao final\u2026.. montouse un cristo\u2026 -","isPartOf":{"@id":"https:\/\/www.anovapeneira.gal\/#website"},"primaryImageOfPage":{"@id":"https:\/\/www.anovapeneira.gal\/index.php\/2024\/04\/29\/e-ao-final-montouse-un-cristo\/#primaryimage"},"image":{"@id":"https:\/\/www.anovapeneira.gal\/index.php\/2024\/04\/29\/e-ao-final-montouse-un-cristo\/#primaryimage"},"thumbnailUrl":"https:\/\/www.anovapeneira.gal\/wp-content\/uploads\/2023\/09\/marta_pp_caniza.jpg","datePublished":"2024-04-29T08:00:48+00:00","breadcrumb":{"@id":"https:\/\/www.anovapeneira.gal\/index.php\/2024\/04\/29\/e-ao-final-montouse-un-cristo\/#breadcrumb"},"inLanguage":"gl-ES","potentialAction":[{"@type":"ReadAction","target":["https:\/\/www.anovapeneira.gal\/index.php\/2024\/04\/29\/e-ao-final-montouse-un-cristo\/"]}]},{"@type":"ImageObject","inLanguage":"gl-ES","@id":"https:\/\/www.anovapeneira.gal\/index.php\/2024\/04\/29\/e-ao-final-montouse-un-cristo\/#primaryimage","url":"https:\/\/www.anovapeneira.gal\/wp-content\/uploads\/2023\/09\/marta_pp_caniza.jpg","contentUrl":"https:\/\/www.anovapeneira.gal\/wp-content\/uploads\/2023\/09\/marta_pp_caniza.jpg","width":720,"height":432,"caption":"Marta Rodr\u00edguez M\u00e1rquez Secretaria do PP de A Ca\u00f1iza"},{"@type":"BreadcrumbList","@id":"https:\/\/www.anovapeneira.gal\/index.php\/2024\/04\/29\/e-ao-final-montouse-un-cristo\/#breadcrumb","itemListElement":[{"@type":"ListItem","position":1,"name":"Portada","item":"https:\/\/www.anovapeneira.gal\/"},{"@type":"ListItem","position":2,"name":"E ao final\u2026.. montouse un cristo\u2026"}]},{"@type":"WebSite","@id":"https:\/\/www.anovapeneira.gal\/#website","url":"https:\/\/www.anovapeneira.gal\/","name":"","description":"Xornal galego de informaci\u00f3n xeral Publicaci\u00f3n mensual de novas de Galicia e en especial dos Concellos da sur da provincia de Pontevedra.","publisher":{"@id":"https:\/\/www.anovapeneira.gal\/#organization"},"potentialAction":[{"@type":"SearchAction","target":{"@type":"EntryPoint","urlTemplate":"https:\/\/www.anovapeneira.gal\/?s={search_term_string}"},"query-input":{"@type":"PropertyValueSpecification","valueRequired":true,"valueName":"search_term_string"}}],"inLanguage":"gl-ES"},{"@type":"Organization","@id":"https:\/\/www.anovapeneira.gal\/#organization","name":"A Nova Peneira","url":"https:\/\/www.anovapeneira.gal\/","logo":{"@type":"ImageObject","inLanguage":"gl-ES","@id":"https:\/\/www.anovapeneira.gal\/#\/schema\/logo\/image\/","url":"http:\/\/www.anovapeneira.gal\/wp-content\/uploads\/2019\/06\/logo_a_nova_peneira_portal_web.png","contentUrl":"http:\/\/www.anovapeneira.gal\/wp-content\/uploads\/2019\/06\/logo_a_nova_peneira_portal_web.png","width":300,"height":100,"caption":"A Nova Peneira"},"image":{"@id":"https:\/\/www.anovapeneira.gal\/#\/schema\/logo\/image\/"},"sameAs":["https:\/\/www.facebook.com\/anovapeneira","https:\/\/x.com\/APeneira"]},{"@type":"Person","@id":"https:\/\/www.anovapeneira.gal\/#\/schema\/person\/f18a4feb302e8f20bcef4490b5b60bb3","name":"Artigos Opini\u00f3n","image":{"@type":"ImageObject","inLanguage":"gl-ES","@id":"https:\/\/secure.gravatar.com\/avatar\/072844300f4881150aee2da4278f7a65d16eefdf8262eb67085f1e702de2b959?s=96&d=mm&r=g","url":"https:\/\/secure.gravatar.com\/avatar\/072844300f4881150aee2da4278f7a65d16eefdf8262eb67085f1e702de2b959?s=96&d=mm&r=g","contentUrl":"https:\/\/secure.gravatar.com\/avatar\/072844300f4881150aee2da4278f7a65d16eefdf8262eb67085f1e702de2b959?s=96&d=mm&r=g","caption":"Artigos Opini\u00f3n"},"sameAs":["http:\/\/anovapeneira.gal"],"url":"https:\/\/www.anovapeneira.gal\/index.php\/author\/artigosopinion\/"}]}},"jetpack_featured_media_url":"https:\/\/www.anovapeneira.gal\/wp-content\/uploads\/2023\/09\/marta_pp_caniza.jpg","_links":{"self":[{"href":"https:\/\/www.anovapeneira.gal\/index.php\/wp-json\/wp\/v2\/posts\/11661","targetHints":{"allow":["GET"]}}],"collection":[{"href":"https:\/\/www.anovapeneira.gal\/index.php\/wp-json\/wp\/v2\/posts"}],"about":[{"href":"https:\/\/www.anovapeneira.gal\/index.php\/wp-json\/wp\/v2\/types\/post"}],"author":[{"embeddable":true,"href":"https:\/\/www.anovapeneira.gal\/index.php\/wp-json\/wp\/v2\/users\/12"}],"replies":[{"embeddable":true,"href":"https:\/\/www.anovapeneira.gal\/index.php\/wp-json\/wp\/v2\/comments?post=11661"}],"version-history":[{"count":1,"href":"https:\/\/www.anovapeneira.gal\/index.php\/wp-json\/wp\/v2\/posts\/11661\/revisions"}],"predecessor-version":[{"id":11662,"href":"https:\/\/www.anovapeneira.gal\/index.php\/wp-json\/wp\/v2\/posts\/11661\/revisions\/11662"}],"wp:featuredmedia":[{"embeddable":true,"href":"https:\/\/www.anovapeneira.gal\/index.php\/wp-json\/wp\/v2\/media\/10448"}],"wp:attachment":[{"href":"https:\/\/www.anovapeneira.gal\/index.php\/wp-json\/wp\/v2\/media?parent=11661"}],"wp:term":[{"taxonomy":"category","embeddable":true,"href":"https:\/\/www.anovapeneira.gal\/index.php\/wp-json\/wp\/v2\/categories?post=11661"},{"taxonomy":"post_tag","embeddable":true,"href":"https:\/\/www.anovapeneira.gal\/index.php\/wp-json\/wp\/v2\/tags?post=11661"}],"curies":[{"name":"wp","href":"https:\/\/api.w.org\/{rel}","templated":true}]}}