{"id":11663,"date":"2024-04-29T12:00:14","date_gmt":"2024-04-29T10:00:14","guid":{"rendered":"https:\/\/www.anovapeneira.gal\/?p=11663"},"modified":"2024-04-24T10:02:38","modified_gmt":"2024-04-24T08:02:38","slug":"rita-perez-taboas-concelleira-de-cultura-de-redondela","status":"publish","type":"post","link":"https:\/\/www.anovapeneira.gal\/index.php\/2024\/04\/29\/rita-perez-taboas-concelleira-de-cultura-de-redondela\/","title":{"rendered":"Rita P\u00e9rez T\u00e1boas, Concelleira de cultura de Redondela"},"content":{"rendered":"\n<p><strong>Natural de Cesantes , Rita \u00e9 a concelleira responsable de organizar a festa do Choco. Ela \u00e9 unha moza que defende con moita paix\u00f3n as s\u00faas ideas e o traballo do goberno municipal do que forma parte. Conversamos con Rita para co\u00f1ecermos como se presenta a 37\u00ba edici\u00f3n dunha das festas m\u00e1s importantes de Redondela.<\/strong><\/p>\n\n\n\n<h2 class=\"wp-block-heading\">\u201c <strong>A festa do Choco contrib\u00fae decisivamente a levar a Redondela a todos os currunchos do mundo\u201d<\/strong><\/h2>\n\n\n\n<p><strong>Como foi o paso de secretaria da alcaldesa \u00e1 conceller\u00eda de cultura?<\/strong><\/p>\n\n\n\n<blockquote class=\"wp-block-quote is-layout-flow wp-block-quote-is-layout-flow\">\n<p>A diferenza \u00e9 notable. Son postos moi distintos, ambos con moita responsabilidade pero con enfoques e organizaci\u00f3n do traballo moi diversos.<\/p>\n<\/blockquote>\n\n\n\n<p><strong>Redondela ten un tecido cultural moi amplo. Que sup\u00f3n no teu traballo como concelleira de cultura?<\/strong><\/p>\n\n\n\n<blockquote class=\"wp-block-quote is-layout-flow wp-block-quote-is-layout-flow\">\n<p>Primeiro como veci\u00f1a de Redondela un orgullo enorme, desde logo. D\u00e1 gusto ser concelleira de cultura dunha vila cuxa sociedade civil amosa tanto interese pola cultura. Por outra parte que haxa tanto colectivo organizando cousas, todas de grande calidade e algunhas con moito tempo de vida, facilita moito o traballo pero tam\u00e9n sup\u00f3n unha enorme responsabilidade para min, que intento estar \u00e1 altura do que Redondela merece.<\/p>\n<\/blockquote>\n\n\n\n<p><strong>Fainos unha valoraci\u00f3n de como est\u00e1 indo o goberno?<\/strong><\/p>\n\n\n\n<blockquote class=\"wp-block-quote is-layout-flow wp-block-quote-is-layout-flow\">\n<p>Para min ser concelleira de Redondela \u00e9 unha honra inmensa , sup\u00f3n ter recibido un caudal de confianza tan grande que non sei se poderei devolver. Pero iso non quere dif\u00edcil que sexa f\u00e1cil. Est\u00e1n sendo uns meses duros de moito traballo, con pouco persoal e cunha situaci\u00f3n aritm\u00e9tica no goberno, 8 de 21, que fai moi dif\u00edcil o d\u00eda a d\u00eda. \u00c1s veces Marcos son \u00e1s 11 da noite e a\u00ednda estou traballando. E non me estou queixando, que quede claro. Estar na pol\u00edtica non \u00e9 obrigatorio e son consciente de que o servizo p\u00fablico esixe sacrificio e compromiso.<\/p>\n<\/blockquote>\n\n\n\n<p><strong>E a vida persoal?<\/strong><\/p>\n\n\n\n<blockquote class=\"wp-block-quote is-layout-flow wp-block-quote-is-layout-flow\">\n<p>Non \u00e9 f\u00e1cil conciliar, non. A verdade \u00e9 que \u00e9 sumamente dif\u00edcil, e para unha muller, por desgraza, \u00e9o moito m\u00e1is a\u00ednda.<\/p>\n<\/blockquote>\n\n\n\n<p><strong>Se o traballo en xeral \u00e9 duro, este mes de abril para ti ha de ser demoledor?<\/strong><\/p>\n\n\n\n<blockquote class=\"wp-block-quote is-layout-flow wp-block-quote-is-layout-flow\">\n<p>Este \u00e9 un mes fermoso, intenso pero tam\u00e9n moi duro si: Arte Lixo, Millo Verde,Maios, Choco, Coca, Monicreques&#8230;&#8230;.Temos dous meses terriblemente cargados de actos, que como sempre faremos con toneladas de ilusi\u00f3n tratando de que saian o mellor posible para o goce de toda a nosa veci\u00f1anza e dos milleiros de persoas que se van achegar a Redondela a compartir estes eventos con n\u00f3s. Aproveito a pregunta para agradecer de novo o traballo do oc\u00e9ano de persoas que integran os colectivos culturais de Redondela. Sen eles, sen a forza a ilusi\u00f3n e a paix\u00f3n da sociedade civil do noso pobo organizada, nada disto ser\u00eda posible.<\/p>\n<\/blockquote>\n\n\n\n<p><strong>E cal \u00e9 a t\u00faa opini\u00f3n sobre o feito de que en Redondela se coloquen as lastras para honrar a memoria dos noso veci\u00f1os que sufriron o terror nazi?<\/strong><\/p>\n\n\n\n<blockquote class=\"wp-block-quote is-layout-flow wp-block-quote-is-layout-flow\">\n<p>Non \u00e9 porque esteas ti diante, Marcos, pero \u00e9 un m\u00e9rito superlativo do Colectivo Republicano de Redondela. Para min como muller militante da esquerda pol\u00edtica \u00e9 un orgullo constatar como o noso concello aposta sen matices pola memoria hist\u00f3rica. E para calquera persoa que te\u00f1a un m\u00ednimo de sensibilidade cara ao sufrimento de outros debera de ser un orgullo tam\u00e9n.<\/p>\n<\/blockquote>\n\n\n\n<p><strong>Que significa para ti a festa do Choco?<\/strong><\/p>\n\n\n\n<blockquote class=\"wp-block-quote is-layout-flow wp-block-quote-is-layout-flow\">\n<p>Eu son neta dun mari\u00f1eiro e para min, xa desde nena, a festa do Choco \u00e9 parte da nosa esencia. A festa do Choco contrib\u00fae decisivamente a levar a Redondela a todos os currunchos do mundo. Non hai choco no mundo como o de Redondela e por iso, como seguro saben todos os lectores e lectoras, temos a marca propia de Choco de Redondela.<\/p>\n<\/blockquote>\n\n\n\n<p><strong>Como se presenta a festa deste ano?<\/strong><\/p>\n\n\n\n<blockquote class=\"wp-block-quote is-layout-flow wp-block-quote-is-layout-flow\">\n<p>Teremos a tradicional carpa de degustaci\u00f3n onde estar\u00e1n os restaurantes de Redondela e tam\u00e9n alg\u00fan de f\u00f3ra. Poderemos gozar dos t\u00edpicos chocos coci\u00f1ados de maneira tradicional e tam\u00e9n haber\u00e1 receitas innovadoras. Por suposto tam\u00e9n estar\u00e1n as panader\u00edas coas marabillosas empanadas de choco. E haber\u00e1 unhas espectaculares verbenas con orquestras tan importantes como O Combo Dominicano ou Gran Parada. O pregoeiro ser\u00e1 o c\u00f3mico e m\u00fasico Rafa Dur\u00e1n.<\/p>\n<\/blockquote>\n\n\n\n<p><strong>Esta \u00e9 a trix\u00e9simo s\u00e9tima edici\u00f3n da festa. Cres que a\u00ednda \u00e9 necesario a s\u00faa promoci\u00f3n? Ou xa \u00e9 unha festa dabondo co\u00f1ecida?<\/strong><\/p>\n\n\n\n<blockquote class=\"wp-block-quote is-layout-flow wp-block-quote-is-layout-flow\">\n<p>O Choco est\u00e1 xa inserido na psique colectiva como parte da identidade de Redondela, iso non \u00e9 discutible. Pero \u00e9 responsabilidade de calquera administraci\u00f3n municipal responsable, e aseg\u00faroche que o noso goberno \u00e9 moi responsable,dar o mellor de n\u00f3s mesmos para que a festa saia o mellor posible. Esta \u00e9 a mi\u00f1a vontade, esta \u00e9 a vontade da alcaldesa de Redondela e de todo o goberno en pleno.<\/p>\n<\/blockquote>\n","protected":false},"excerpt":{"rendered":"<div class=\"mh-excerpt\"><p>\u201c A festa do Choco contrib\u00fae decisivamente a levar a Redondela a todos os currunchos do mundo\u201d <a class=\"mh-excerpt-more\" href=\"https:\/\/www.anovapeneira.gal\/index.php\/2024\/04\/29\/rita-perez-taboas-concelleira-de-cultura-de-redondela\/\" title=\"Rita P\u00e9rez T\u00e1boas, Concelleira de cultura de Redondela\">[&#8230;]<\/a><\/p>\n<\/div>","protected":false},"author":6,"featured_media":11665,"comment_status":"open","ping_status":"open","sticky":false,"template":"","format":"standard","meta":{"_exactmetrics_skip_tracking":false,"_exactmetrics_sitenote_active":false,"_exactmetrics_sitenote_note":"","_exactmetrics_sitenote_category":0,"footnotes":""},"categories":[270],"tags":[171],"class_list":{"0":"post-11663","1":"post","2":"type-post","3":"status-publish","4":"format-standard","5":"has-post-thumbnail","7":"category-redondela-entrevistas","8":"tag-concello-de-redondela"},"yoast_head":"<!-- This site is optimized with the Yoast SEO plugin v27.4 - https:\/\/yoast.com\/product\/yoast-seo-wordpress\/ -->\n<title>Rita P\u00e9rez T\u00e1boas, Concelleira de cultura de Redondela -<\/title>\n<meta name=\"robots\" content=\"index, follow, max-snippet:-1, max-image-preview:large, max-video-preview:-1\" \/>\n<link rel=\"canonical\" href=\"https:\/\/www.anovapeneira.gal\/index.php\/2024\/04\/29\/rita-perez-taboas-concelleira-de-cultura-de-redondela\/\" \/>\n<meta property=\"og:locale\" content=\"gl_ES\" \/>\n<meta property=\"og:type\" content=\"article\" \/>\n<meta property=\"og:title\" content=\"Rita P\u00e9rez T\u00e1boas, Concelleira de cultura de Redondela -\" \/>\n<meta property=\"og:description\" content=\"\u201c A festa do Choco contrib\u00fae decisivamente a levar a Redondela a todos os currunchos do mundo\u201d [...]\" \/>\n<meta property=\"og:url\" content=\"https:\/\/www.anovapeneira.gal\/index.php\/2024\/04\/29\/rita-perez-taboas-concelleira-de-cultura-de-redondela\/\" \/>\n<meta property=\"article:publisher\" content=\"https:\/\/www.facebook.com\/anovapeneira\" \/>\n<meta property=\"article:published_time\" content=\"2024-04-29T10:00:14+00:00\" \/>\n<meta property=\"og:image\" content=\"https:\/\/www.anovapeneira.gal\/wp-content\/uploads\/2024\/04\/concelleira_cultura_redondela_rita.jpg\" \/>\n\t<meta property=\"og:image:width\" content=\"720\" \/>\n\t<meta property=\"og:image:height\" content=\"432\" \/>\n\t<meta property=\"og:image:type\" content=\"image\/jpeg\" \/>\n<meta name=\"author\" content=\"Marcos Santos\" \/>\n<meta name=\"twitter:card\" content=\"summary_large_image\" \/>\n<meta name=\"twitter:creator\" content=\"@APeneira\" \/>\n<meta name=\"twitter:site\" content=\"@APeneira\" \/>\n<meta name=\"twitter:label1\" content=\"Escrito por\" \/>\n\t<meta name=\"twitter:data1\" content=\"Marcos Santos\" \/>\n\t<meta name=\"twitter:label2\" content=\"Tempo de lectura\" \/>\n\t<meta name=\"twitter:data2\" content=\"2 minutos\" \/>\n<script type=\"application\/ld+json\" class=\"yoast-schema-graph\">{\"@context\":\"https:\\\/\\\/schema.org\",\"@graph\":[{\"@type\":\"Article\",\"@id\":\"https:\\\/\\\/www.anovapeneira.gal\\\/index.php\\\/2024\\\/04\\\/29\\\/rita-perez-taboas-concelleira-de-cultura-de-redondela\\\/#article\",\"isPartOf\":{\"@id\":\"https:\\\/\\\/www.anovapeneira.gal\\\/index.php\\\/2024\\\/04\\\/29\\\/rita-perez-taboas-concelleira-de-cultura-de-redondela\\\/\"},\"author\":{\"name\":\"Marcos Santos\",\"@id\":\"https:\\\/\\\/www.anovapeneira.gal\\\/#\\\/schema\\\/person\\\/d9d84823564720e7593293bab054e52d\"},\"headline\":\"Rita P\u00e9rez T\u00e1boas, Concelleira de cultura de Redondela\",\"datePublished\":\"2024-04-29T10:00:14+00:00\",\"mainEntityOfPage\":{\"@id\":\"https:\\\/\\\/www.anovapeneira.gal\\\/index.php\\\/2024\\\/04\\\/29\\\/rita-perez-taboas-concelleira-de-cultura-de-redondela\\\/\"},\"wordCount\":825,\"commentCount\":0,\"publisher\":{\"@id\":\"https:\\\/\\\/www.anovapeneira.gal\\\/#organization\"},\"image\":{\"@id\":\"https:\\\/\\\/www.anovapeneira.gal\\\/index.php\\\/2024\\\/04\\\/29\\\/rita-perez-taboas-concelleira-de-cultura-de-redondela\\\/#primaryimage\"},\"thumbnailUrl\":\"https:\\\/\\\/www.anovapeneira.gal\\\/wp-content\\\/uploads\\\/2024\\\/04\\\/concelleira_cultura_redondela_rita.jpg\",\"keywords\":[\"Concello de Redondela\"],\"articleSection\":[\"Redondela\"],\"inLanguage\":\"gl-ES\",\"potentialAction\":[{\"@type\":\"CommentAction\",\"name\":\"Comment\",\"target\":[\"https:\\\/\\\/www.anovapeneira.gal\\\/index.php\\\/2024\\\/04\\\/29\\\/rita-perez-taboas-concelleira-de-cultura-de-redondela\\\/#respond\"]}]},{\"@type\":\"WebPage\",\"@id\":\"https:\\\/\\\/www.anovapeneira.gal\\\/index.php\\\/2024\\\/04\\\/29\\\/rita-perez-taboas-concelleira-de-cultura-de-redondela\\\/\",\"url\":\"https:\\\/\\\/www.anovapeneira.gal\\\/index.php\\\/2024\\\/04\\\/29\\\/rita-perez-taboas-concelleira-de-cultura-de-redondela\\\/\",\"name\":\"Rita P\u00e9rez T\u00e1boas, Concelleira de cultura de Redondela -\",\"isPartOf\":{\"@id\":\"https:\\\/\\\/www.anovapeneira.gal\\\/#website\"},\"primaryImageOfPage\":{\"@id\":\"https:\\\/\\\/www.anovapeneira.gal\\\/index.php\\\/2024\\\/04\\\/29\\\/rita-perez-taboas-concelleira-de-cultura-de-redondela\\\/#primaryimage\"},\"image\":{\"@id\":\"https:\\\/\\\/www.anovapeneira.gal\\\/index.php\\\/2024\\\/04\\\/29\\\/rita-perez-taboas-concelleira-de-cultura-de-redondela\\\/#primaryimage\"},\"thumbnailUrl\":\"https:\\\/\\\/www.anovapeneira.gal\\\/wp-content\\\/uploads\\\/2024\\\/04\\\/concelleira_cultura_redondela_rita.jpg\",\"datePublished\":\"2024-04-29T10:00:14+00:00\",\"breadcrumb\":{\"@id\":\"https:\\\/\\\/www.anovapeneira.gal\\\/index.php\\\/2024\\\/04\\\/29\\\/rita-perez-taboas-concelleira-de-cultura-de-redondela\\\/#breadcrumb\"},\"inLanguage\":\"gl-ES\",\"potentialAction\":[{\"@type\":\"ReadAction\",\"target\":[\"https:\\\/\\\/www.anovapeneira.gal\\\/index.php\\\/2024\\\/04\\\/29\\\/rita-perez-taboas-concelleira-de-cultura-de-redondela\\\/\"]}]},{\"@type\":\"ImageObject\",\"inLanguage\":\"gl-ES\",\"@id\":\"https:\\\/\\\/www.anovapeneira.gal\\\/index.php\\\/2024\\\/04\\\/29\\\/rita-perez-taboas-concelleira-de-cultura-de-redondela\\\/#primaryimage\",\"url\":\"https:\\\/\\\/www.anovapeneira.gal\\\/wp-content\\\/uploads\\\/2024\\\/04\\\/concelleira_cultura_redondela_rita.jpg\",\"contentUrl\":\"https:\\\/\\\/www.anovapeneira.gal\\\/wp-content\\\/uploads\\\/2024\\\/04\\\/concelleira_cultura_redondela_rita.jpg\",\"width\":720,\"height\":432,\"caption\":\"Rita P\u00e9rez T\u00e1boas, Concelleira de cultura de Redondela\"},{\"@type\":\"BreadcrumbList\",\"@id\":\"https:\\\/\\\/www.anovapeneira.gal\\\/index.php\\\/2024\\\/04\\\/29\\\/rita-perez-taboas-concelleira-de-cultura-de-redondela\\\/#breadcrumb\",\"itemListElement\":[{\"@type\":\"ListItem\",\"position\":1,\"name\":\"Portada\",\"item\":\"https:\\\/\\\/www.anovapeneira.gal\\\/\"},{\"@type\":\"ListItem\",\"position\":2,\"name\":\"Rita P\u00e9rez T\u00e1boas, Concelleira de cultura de Redondela\"}]},{\"@type\":\"WebSite\",\"@id\":\"https:\\\/\\\/www.anovapeneira.gal\\\/#website\",\"url\":\"https:\\\/\\\/www.anovapeneira.gal\\\/\",\"name\":\"\",\"description\":\"Xornal galego de informaci\u00f3n xeral Publicaci\u00f3n mensual de novas de Galicia e en especial dos Concellos da sur da provincia de Pontevedra.\",\"publisher\":{\"@id\":\"https:\\\/\\\/www.anovapeneira.gal\\\/#organization\"},\"potentialAction\":[{\"@type\":\"SearchAction\",\"target\":{\"@type\":\"EntryPoint\",\"urlTemplate\":\"https:\\\/\\\/www.anovapeneira.gal\\\/?s={search_term_string}\"},\"query-input\":{\"@type\":\"PropertyValueSpecification\",\"valueRequired\":true,\"valueName\":\"search_term_string\"}}],\"inLanguage\":\"gl-ES\"},{\"@type\":\"Organization\",\"@id\":\"https:\\\/\\\/www.anovapeneira.gal\\\/#organization\",\"name\":\"A Nova Peneira\",\"url\":\"https:\\\/\\\/www.anovapeneira.gal\\\/\",\"logo\":{\"@type\":\"ImageObject\",\"inLanguage\":\"gl-ES\",\"@id\":\"https:\\\/\\\/www.anovapeneira.gal\\\/#\\\/schema\\\/logo\\\/image\\\/\",\"url\":\"http:\\\/\\\/www.anovapeneira.gal\\\/wp-content\\\/uploads\\\/2019\\\/06\\\/logo_a_nova_peneira_portal_web.png\",\"contentUrl\":\"http:\\\/\\\/www.anovapeneira.gal\\\/wp-content\\\/uploads\\\/2019\\\/06\\\/logo_a_nova_peneira_portal_web.png\",\"width\":300,\"height\":100,\"caption\":\"A Nova Peneira\"},\"image\":{\"@id\":\"https:\\\/\\\/www.anovapeneira.gal\\\/#\\\/schema\\\/logo\\\/image\\\/\"},\"sameAs\":[\"https:\\\/\\\/www.facebook.com\\\/anovapeneira\",\"https:\\\/\\\/x.com\\\/APeneira\"]},{\"@type\":\"Person\",\"@id\":\"https:\\\/\\\/www.anovapeneira.gal\\\/#\\\/schema\\\/person\\\/d9d84823564720e7593293bab054e52d\",\"name\":\"Marcos Santos\",\"image\":{\"@type\":\"ImageObject\",\"inLanguage\":\"gl-ES\",\"@id\":\"https:\\\/\\\/secure.gravatar.com\\\/avatar\\\/0e8017099a7a47c0a9d2275e865fe326484561eb3d70649069e4b8e61a8d2e8c?s=96&d=mm&r=g\",\"url\":\"https:\\\/\\\/secure.gravatar.com\\\/avatar\\\/0e8017099a7a47c0a9d2275e865fe326484561eb3d70649069e4b8e61a8d2e8c?s=96&d=mm&r=g\",\"contentUrl\":\"https:\\\/\\\/secure.gravatar.com\\\/avatar\\\/0e8017099a7a47c0a9d2275e865fe326484561eb3d70649069e4b8e61a8d2e8c?s=96&d=mm&r=g\",\"caption\":\"Marcos Santos\"},\"sameAs\":[\"http:\\\/\\\/anovapeneira.gal\"],\"url\":\"https:\\\/\\\/www.anovapeneira.gal\\\/index.php\\\/author\\\/marcos-santos\\\/\"}]}<\/script>\n<!-- \/ Yoast SEO plugin. -->","yoast_head_json":{"title":"Rita P\u00e9rez T\u00e1boas, Concelleira de cultura de Redondela -","robots":{"index":"index","follow":"follow","max-snippet":"max-snippet:-1","max-image-preview":"max-image-preview:large","max-video-preview":"max-video-preview:-1"},"canonical":"https:\/\/www.anovapeneira.gal\/index.php\/2024\/04\/29\/rita-perez-taboas-concelleira-de-cultura-de-redondela\/","og_locale":"gl_ES","og_type":"article","og_title":"Rita P\u00e9rez T\u00e1boas, Concelleira de cultura de Redondela -","og_description":"\u201c A festa do Choco contrib\u00fae decisivamente a levar a Redondela a todos os currunchos do mundo\u201d [...]","og_url":"https:\/\/www.anovapeneira.gal\/index.php\/2024\/04\/29\/rita-perez-taboas-concelleira-de-cultura-de-redondela\/","article_publisher":"https:\/\/www.facebook.com\/anovapeneira","article_published_time":"2024-04-29T10:00:14+00:00","og_image":[{"width":720,"height":432,"url":"https:\/\/www.anovapeneira.gal\/wp-content\/uploads\/2024\/04\/concelleira_cultura_redondela_rita.jpg","type":"image\/jpeg"}],"author":"Marcos Santos","twitter_card":"summary_large_image","twitter_creator":"@APeneira","twitter_site":"@APeneira","twitter_misc":{"Escrito por":"Marcos Santos","Tempo de lectura":"2 minutos"},"schema":{"@context":"https:\/\/schema.org","@graph":[{"@type":"Article","@id":"https:\/\/www.anovapeneira.gal\/index.php\/2024\/04\/29\/rita-perez-taboas-concelleira-de-cultura-de-redondela\/#article","isPartOf":{"@id":"https:\/\/www.anovapeneira.gal\/index.php\/2024\/04\/29\/rita-perez-taboas-concelleira-de-cultura-de-redondela\/"},"author":{"name":"Marcos Santos","@id":"https:\/\/www.anovapeneira.gal\/#\/schema\/person\/d9d84823564720e7593293bab054e52d"},"headline":"Rita P\u00e9rez T\u00e1boas, Concelleira de cultura de Redondela","datePublished":"2024-04-29T10:00:14+00:00","mainEntityOfPage":{"@id":"https:\/\/www.anovapeneira.gal\/index.php\/2024\/04\/29\/rita-perez-taboas-concelleira-de-cultura-de-redondela\/"},"wordCount":825,"commentCount":0,"publisher":{"@id":"https:\/\/www.anovapeneira.gal\/#organization"},"image":{"@id":"https:\/\/www.anovapeneira.gal\/index.php\/2024\/04\/29\/rita-perez-taboas-concelleira-de-cultura-de-redondela\/#primaryimage"},"thumbnailUrl":"https:\/\/www.anovapeneira.gal\/wp-content\/uploads\/2024\/04\/concelleira_cultura_redondela_rita.jpg","keywords":["Concello de Redondela"],"articleSection":["Redondela"],"inLanguage":"gl-ES","potentialAction":[{"@type":"CommentAction","name":"Comment","target":["https:\/\/www.anovapeneira.gal\/index.php\/2024\/04\/29\/rita-perez-taboas-concelleira-de-cultura-de-redondela\/#respond"]}]},{"@type":"WebPage","@id":"https:\/\/www.anovapeneira.gal\/index.php\/2024\/04\/29\/rita-perez-taboas-concelleira-de-cultura-de-redondela\/","url":"https:\/\/www.anovapeneira.gal\/index.php\/2024\/04\/29\/rita-perez-taboas-concelleira-de-cultura-de-redondela\/","name":"Rita P\u00e9rez T\u00e1boas, Concelleira de cultura de Redondela -","isPartOf":{"@id":"https:\/\/www.anovapeneira.gal\/#website"},"primaryImageOfPage":{"@id":"https:\/\/www.anovapeneira.gal\/index.php\/2024\/04\/29\/rita-perez-taboas-concelleira-de-cultura-de-redondela\/#primaryimage"},"image":{"@id":"https:\/\/www.anovapeneira.gal\/index.php\/2024\/04\/29\/rita-perez-taboas-concelleira-de-cultura-de-redondela\/#primaryimage"},"thumbnailUrl":"https:\/\/www.anovapeneira.gal\/wp-content\/uploads\/2024\/04\/concelleira_cultura_redondela_rita.jpg","datePublished":"2024-04-29T10:00:14+00:00","breadcrumb":{"@id":"https:\/\/www.anovapeneira.gal\/index.php\/2024\/04\/29\/rita-perez-taboas-concelleira-de-cultura-de-redondela\/#breadcrumb"},"inLanguage":"gl-ES","potentialAction":[{"@type":"ReadAction","target":["https:\/\/www.anovapeneira.gal\/index.php\/2024\/04\/29\/rita-perez-taboas-concelleira-de-cultura-de-redondela\/"]}]},{"@type":"ImageObject","inLanguage":"gl-ES","@id":"https:\/\/www.anovapeneira.gal\/index.php\/2024\/04\/29\/rita-perez-taboas-concelleira-de-cultura-de-redondela\/#primaryimage","url":"https:\/\/www.anovapeneira.gal\/wp-content\/uploads\/2024\/04\/concelleira_cultura_redondela_rita.jpg","contentUrl":"https:\/\/www.anovapeneira.gal\/wp-content\/uploads\/2024\/04\/concelleira_cultura_redondela_rita.jpg","width":720,"height":432,"caption":"Rita P\u00e9rez T\u00e1boas, Concelleira de cultura de Redondela"},{"@type":"BreadcrumbList","@id":"https:\/\/www.anovapeneira.gal\/index.php\/2024\/04\/29\/rita-perez-taboas-concelleira-de-cultura-de-redondela\/#breadcrumb","itemListElement":[{"@type":"ListItem","position":1,"name":"Portada","item":"https:\/\/www.anovapeneira.gal\/"},{"@type":"ListItem","position":2,"name":"Rita P\u00e9rez T\u00e1boas, Concelleira de cultura de Redondela"}]},{"@type":"WebSite","@id":"https:\/\/www.anovapeneira.gal\/#website","url":"https:\/\/www.anovapeneira.gal\/","name":"","description":"Xornal galego de informaci\u00f3n xeral Publicaci\u00f3n mensual de novas de Galicia e en especial dos Concellos da sur da provincia de Pontevedra.","publisher":{"@id":"https:\/\/www.anovapeneira.gal\/#organization"},"potentialAction":[{"@type":"SearchAction","target":{"@type":"EntryPoint","urlTemplate":"https:\/\/www.anovapeneira.gal\/?s={search_term_string}"},"query-input":{"@type":"PropertyValueSpecification","valueRequired":true,"valueName":"search_term_string"}}],"inLanguage":"gl-ES"},{"@type":"Organization","@id":"https:\/\/www.anovapeneira.gal\/#organization","name":"A Nova Peneira","url":"https:\/\/www.anovapeneira.gal\/","logo":{"@type":"ImageObject","inLanguage":"gl-ES","@id":"https:\/\/www.anovapeneira.gal\/#\/schema\/logo\/image\/","url":"http:\/\/www.anovapeneira.gal\/wp-content\/uploads\/2019\/06\/logo_a_nova_peneira_portal_web.png","contentUrl":"http:\/\/www.anovapeneira.gal\/wp-content\/uploads\/2019\/06\/logo_a_nova_peneira_portal_web.png","width":300,"height":100,"caption":"A Nova Peneira"},"image":{"@id":"https:\/\/www.anovapeneira.gal\/#\/schema\/logo\/image\/"},"sameAs":["https:\/\/www.facebook.com\/anovapeneira","https:\/\/x.com\/APeneira"]},{"@type":"Person","@id":"https:\/\/www.anovapeneira.gal\/#\/schema\/person\/d9d84823564720e7593293bab054e52d","name":"Marcos Santos","image":{"@type":"ImageObject","inLanguage":"gl-ES","@id":"https:\/\/secure.gravatar.com\/avatar\/0e8017099a7a47c0a9d2275e865fe326484561eb3d70649069e4b8e61a8d2e8c?s=96&d=mm&r=g","url":"https:\/\/secure.gravatar.com\/avatar\/0e8017099a7a47c0a9d2275e865fe326484561eb3d70649069e4b8e61a8d2e8c?s=96&d=mm&r=g","contentUrl":"https:\/\/secure.gravatar.com\/avatar\/0e8017099a7a47c0a9d2275e865fe326484561eb3d70649069e4b8e61a8d2e8c?s=96&d=mm&r=g","caption":"Marcos Santos"},"sameAs":["http:\/\/anovapeneira.gal"],"url":"https:\/\/www.anovapeneira.gal\/index.php\/author\/marcos-santos\/"}]}},"jetpack_featured_media_url":"https:\/\/www.anovapeneira.gal\/wp-content\/uploads\/2024\/04\/concelleira_cultura_redondela_rita.jpg","_links":{"self":[{"href":"https:\/\/www.anovapeneira.gal\/index.php\/wp-json\/wp\/v2\/posts\/11663","targetHints":{"allow":["GET"]}}],"collection":[{"href":"https:\/\/www.anovapeneira.gal\/index.php\/wp-json\/wp\/v2\/posts"}],"about":[{"href":"https:\/\/www.anovapeneira.gal\/index.php\/wp-json\/wp\/v2\/types\/post"}],"author":[{"embeddable":true,"href":"https:\/\/www.anovapeneira.gal\/index.php\/wp-json\/wp\/v2\/users\/6"}],"replies":[{"embeddable":true,"href":"https:\/\/www.anovapeneira.gal\/index.php\/wp-json\/wp\/v2\/comments?post=11663"}],"version-history":[{"count":1,"href":"https:\/\/www.anovapeneira.gal\/index.php\/wp-json\/wp\/v2\/posts\/11663\/revisions"}],"predecessor-version":[{"id":11664,"href":"https:\/\/www.anovapeneira.gal\/index.php\/wp-json\/wp\/v2\/posts\/11663\/revisions\/11664"}],"wp:featuredmedia":[{"embeddable":true,"href":"https:\/\/www.anovapeneira.gal\/index.php\/wp-json\/wp\/v2\/media\/11665"}],"wp:attachment":[{"href":"https:\/\/www.anovapeneira.gal\/index.php\/wp-json\/wp\/v2\/media?parent=11663"}],"wp:term":[{"taxonomy":"category","embeddable":true,"href":"https:\/\/www.anovapeneira.gal\/index.php\/wp-json\/wp\/v2\/categories?post=11663"},{"taxonomy":"post_tag","embeddable":true,"href":"https:\/\/www.anovapeneira.gal\/index.php\/wp-json\/wp\/v2\/tags?post=11663"}],"curies":[{"name":"wp","href":"https:\/\/api.w.org\/{rel}","templated":true}]}}