{"id":1167,"date":"2019-09-05T10:00:20","date_gmt":"2019-09-05T08:00:20","guid":{"rendered":"http:\/\/www.anovapeneira.gal\/?p=1167"},"modified":"2019-09-02T08:36:05","modified_gmt":"2019-09-02T06:36:05","slug":"o-bng-de-vigo-pide-explicacions-ao-goberno-municipal-polo-feche-das-pistas-de-atletismo-en-setembro","status":"publish","type":"post","link":"https:\/\/www.anovapeneira.gal\/index.php\/2019\/09\/05\/o-bng-de-vigo-pide-explicacions-ao-goberno-municipal-polo-feche-das-pistas-de-atletismo-en-setembro\/","title":{"rendered":"O BNG de Vigo pide explicaci\u00f3ns ao Goberno municipal polo feche das pistas de atletismo en setembro"},"content":{"rendered":"\n<h2 class=\"wp-block-heading\">O\nconcelleiro, Xabier P. Igrexas, denuncia que o concelleiro de\nDeportes faltou \u00e1 verdade xa que non se consultou a todos os clubes.\nTampouco se informou ao representante dos atletas nin \u00e1 Federaci\u00f3n.<\/h2>\n\n\n\n<h2 class=\"wp-block-heading\">O\nBNG advirte do grave prexu\u00edzo que esta decisi\u00f3n vai provocar sobre\ntodo para as categor\u00edas inferiores e o atletismo de base.<\/h2>\n\n\n\n<h2 class=\"wp-block-heading\">A\nfronte nacionalista preguntar\u00e1 sobre que actuaci\u00f3ns e obras se van\nrealizar que xustifiquen o feche durante todo o mes. \n<\/h2>\n\n\n\n<p><strong>VIGO, 30 de agosto de 2019<\/strong><\/p>\n\n\n\n<p>O\nBNG de Vigo anunciou esta ma\u00f1\u00e1 que pedir\u00e1 explicaci\u00f3ns ao Goberno\nmunicipal polo feche durante todo o mes de setembro das pistas de\natletismo de Bala\u00eddos.  \n<\/p>\n\n\n\n<p>O\nconcelleiro, Xabier P. Igrexas, denunciou que algunhas das\nmanifestaci\u00f3ns feitas desde a concellar\u00eda de Deportes \u201cnon se\ncorresponden coa realidade nin se axustan \u00e1 verdade\u201d. Neste\nsentido, Igrexas apuntou o feito de que non se falase con todos os\nclubes a respeito deste feche, nin que tampouco se consultase ao\nrepresentante dos atletas nin \u00e1 Federaci\u00f3n.<\/p>\n\n\n\n<p>\u201cImos\npreguntarlle ao Concello de Vigo que actuaci\u00f3ns e que obras van\nxustificar que estean fechadas e sen servizo as pistas de atletismo\ndurante todo o mes de setembro\u201d, anunciou o edil nacionalista.\nIgrexas trasladou que a versi\u00f3n que co\u00f1ecen por boca dalg\u00fans\natletas e clubes \u00e9 moi diferente \u00e1 oficial ofrecida pola\nconcellar\u00eda. \u201cO que nos din \u00e9 que o que se fixo foi pospo\u00f1er o\nfeche que habitualmente se fac\u00eda en agosto, entendendo que \u00eda xerar\nmenos prexu\u00edzos en relaci\u00f3n ao calendario de competici\u00f3ns da\ncategor\u00eda absoluta\u201d, explicou.<\/p>\n\n\n\n<p>\u201cHai\nunha cuesti\u00f3n fundamental e \u00e9 porque o Concello non pode manter\nabertas as pistas de atletismo de Bala\u00eddos, que son as \u00fanicas da\ncidade, durante todo o ano?\u201d, inquiriu o voceiro do Bloque,\nsinalando que o persoal que atende as instalaci\u00f3ns \u00e9 o do IMD. \n<\/p>\n\n\n\n<p><strong>Prexu\u00edzos<\/strong><\/p>\n\n\n\n<p>A\nfronte nacionalista subli\u00f1ou os graves prexu\u00edzos que esta decisi\u00f3n\nvai provocar no conxunto dos atletas, pero singularmente no caso das\ncategor\u00edas inferiores. \u201cAs m\u00e1is prexudicadas van ser as nenas e\nnenos, as mozas e mozos, do atletismo de base que non van poder facer\nuso das pistas para adestrar desde inicio de curso\u201d, apuntou. \n<\/p>\n\n\n\n<p>Tam\u00e9n\npadecer\u00e1n esta situaci\u00f3n as persoas que est\u00e1n a preparar as probas\nf\u00edsicas para diferentes oposici\u00f3ns p\u00fablicas, como polic\u00eda ou\nbombeiros, e que fan uso destas instalaci\u00f3ns.<\/p>\n\n\n\n<p>\u201cHai\nunha evidente falla de comunicaci\u00f3n e de consulta cos propios\natletas e os clubes, pero tam\u00e9n unha clara neglixencia na xesti\u00f3n\nque impide que se faga uso das pistas en pleno mes de setembro, algo\nque non ti\u00f1a precedentes\u201d, remachou.<\/p>\n","protected":false},"excerpt":{"rendered":"<div class=\"mh-excerpt\"><p>O concelleiro, Xabier P. Igrexas, denuncia que o concelleiro de Deportes faltou \u00e1 verdade xa que non se consultou a todos os clubes. Tampouco se informou ao representante dos atletas nin \u00e1 Federaci\u00f3n <a class=\"mh-excerpt-more\" href=\"https:\/\/www.anovapeneira.gal\/index.php\/2019\/09\/05\/o-bng-de-vigo-pide-explicacions-ao-goberno-municipal-polo-feche-das-pistas-de-atletismo-en-setembro\/\" title=\"O BNG de Vigo pide explicaci\u00f3ns ao Goberno municipal polo feche das pistas de atletismo en setembro\">[&#8230;]<\/a><\/p>\n<\/div>","protected":false},"author":3,"featured_media":575,"comment_status":"open","ping_status":"open","sticky":false,"template":"","format":"standard","meta":{"_exactmetrics_skip_tracking":false,"_exactmetrics_sitenote_active":false,"_exactmetrics_sitenote_note":"","_exactmetrics_sitenote_category":0,"footnotes":""},"categories":[19],"tags":[505,536,10,227,56],"class_list":{"0":"post-1167","1":"post","2":"type-post","3":"status-publish","4":"format-standard","5":"has-post-thumbnail","7":"category-vigo","8":"tag-atletismo","9":"tag-balaidos","10":"tag-bng","11":"tag-concello-de-vigo","12":"tag-deporte"},"yoast_head":"<!-- This site is optimized with the Yoast SEO plugin v27.4 - https:\/\/yoast.com\/product\/yoast-seo-wordpress\/ -->\n<title>O BNG de Vigo pide explicaci\u00f3ns ao Goberno municipal polo feche das pistas de atletismo en setembro -<\/title>\n<meta name=\"robots\" content=\"index, follow, max-snippet:-1, max-image-preview:large, max-video-preview:-1\" \/>\n<link rel=\"canonical\" href=\"https:\/\/www.anovapeneira.gal\/index.php\/2019\/09\/05\/o-bng-de-vigo-pide-explicacions-ao-goberno-municipal-polo-feche-das-pistas-de-atletismo-en-setembro\/\" \/>\n<meta property=\"og:locale\" content=\"gl_ES\" \/>\n<meta property=\"og:type\" content=\"article\" \/>\n<meta property=\"og:title\" content=\"O BNG de Vigo pide explicaci\u00f3ns ao Goberno municipal polo feche das pistas de atletismo en setembro -\" \/>\n<meta property=\"og:description\" content=\"O concelleiro, Xabier P. Igrexas, denuncia que o concelleiro de Deportes faltou \u00e1 verdade xa que non se consultou a todos os clubes. Tampouco se informou ao representante dos atletas nin \u00e1 Federaci\u00f3n [...]\" \/>\n<meta property=\"og:url\" content=\"https:\/\/www.anovapeneira.gal\/index.php\/2019\/09\/05\/o-bng-de-vigo-pide-explicacions-ao-goberno-municipal-polo-feche-das-pistas-de-atletismo-en-setembro\/\" \/>\n<meta property=\"article:publisher\" content=\"https:\/\/www.facebook.com\/anovapeneira\" \/>\n<meta property=\"article:published_time\" content=\"2019-09-05T08:00:20+00:00\" \/>\n<meta property=\"og:image\" content=\"https:\/\/www.anovapeneira.gal\/wp-content\/uploads\/2019\/07\/bng_logo.jpg\" \/>\n\t<meta property=\"og:image:width\" content=\"720\" \/>\n\t<meta property=\"og:image:height\" content=\"473\" \/>\n\t<meta property=\"og:image:type\" content=\"image\/jpeg\" \/>\n<meta name=\"author\" content=\"Redacci\u00f3n A Nova Peneira\" \/>\n<meta name=\"twitter:card\" content=\"summary_large_image\" \/>\n<meta name=\"twitter:creator\" content=\"@APeneira\" \/>\n<meta name=\"twitter:site\" content=\"@APeneira\" \/>\n<meta name=\"twitter:label1\" content=\"Escrito por\" \/>\n\t<meta name=\"twitter:data1\" content=\"Redacci\u00f3n A Nova Peneira\" \/>\n\t<meta name=\"twitter:label2\" content=\"Tempo de lectura\" \/>\n\t<meta name=\"twitter:data2\" content=\"2 minutos\" \/>\n<script type=\"application\/ld+json\" class=\"yoast-schema-graph\">{\"@context\":\"https:\\\/\\\/schema.org\",\"@graph\":[{\"@type\":\"Article\",\"@id\":\"https:\\\/\\\/www.anovapeneira.gal\\\/index.php\\\/2019\\\/09\\\/05\\\/o-bng-de-vigo-pide-explicacions-ao-goberno-municipal-polo-feche-das-pistas-de-atletismo-en-setembro\\\/#article\",\"isPartOf\":{\"@id\":\"https:\\\/\\\/www.anovapeneira.gal\\\/index.php\\\/2019\\\/09\\\/05\\\/o-bng-de-vigo-pide-explicacions-ao-goberno-municipal-polo-feche-das-pistas-de-atletismo-en-setembro\\\/\"},\"author\":{\"name\":\"Redacci\u00f3n A Nova Peneira\",\"@id\":\"https:\\\/\\\/www.anovapeneira.gal\\\/#\\\/schema\\\/person\\\/b93e3f8932e3f8da96334607eb6ac6aa\"},\"headline\":\"O BNG de Vigo pide explicaci\u00f3ns ao Goberno municipal polo feche das pistas de atletismo en setembro\",\"datePublished\":\"2019-09-05T08:00:20+00:00\",\"mainEntityOfPage\":{\"@id\":\"https:\\\/\\\/www.anovapeneira.gal\\\/index.php\\\/2019\\\/09\\\/05\\\/o-bng-de-vigo-pide-explicacions-ao-goberno-municipal-polo-feche-das-pistas-de-atletismo-en-setembro\\\/\"},\"wordCount\":475,\"commentCount\":0,\"publisher\":{\"@id\":\"https:\\\/\\\/www.anovapeneira.gal\\\/#organization\"},\"image\":{\"@id\":\"https:\\\/\\\/www.anovapeneira.gal\\\/index.php\\\/2019\\\/09\\\/05\\\/o-bng-de-vigo-pide-explicacions-ao-goberno-municipal-polo-feche-das-pistas-de-atletismo-en-setembro\\\/#primaryimage\"},\"thumbnailUrl\":\"https:\\\/\\\/www.anovapeneira.gal\\\/wp-content\\\/uploads\\\/2019\\\/07\\\/bng_logo.jpg\",\"keywords\":[\"Atletismo\",\"Bala\u00eddos\",\"BNG\",\"Concello de Vigo\",\"Deporte\"],\"articleSection\":[\"Vigo\"],\"inLanguage\":\"gl-ES\",\"potentialAction\":[{\"@type\":\"CommentAction\",\"name\":\"Comment\",\"target\":[\"https:\\\/\\\/www.anovapeneira.gal\\\/index.php\\\/2019\\\/09\\\/05\\\/o-bng-de-vigo-pide-explicacions-ao-goberno-municipal-polo-feche-das-pistas-de-atletismo-en-setembro\\\/#respond\"]}]},{\"@type\":\"WebPage\",\"@id\":\"https:\\\/\\\/www.anovapeneira.gal\\\/index.php\\\/2019\\\/09\\\/05\\\/o-bng-de-vigo-pide-explicacions-ao-goberno-municipal-polo-feche-das-pistas-de-atletismo-en-setembro\\\/\",\"url\":\"https:\\\/\\\/www.anovapeneira.gal\\\/index.php\\\/2019\\\/09\\\/05\\\/o-bng-de-vigo-pide-explicacions-ao-goberno-municipal-polo-feche-das-pistas-de-atletismo-en-setembro\\\/\",\"name\":\"O BNG de Vigo pide explicaci\u00f3ns ao Goberno municipal polo feche das pistas de atletismo en setembro -\",\"isPartOf\":{\"@id\":\"https:\\\/\\\/www.anovapeneira.gal\\\/#website\"},\"primaryImageOfPage\":{\"@id\":\"https:\\\/\\\/www.anovapeneira.gal\\\/index.php\\\/2019\\\/09\\\/05\\\/o-bng-de-vigo-pide-explicacions-ao-goberno-municipal-polo-feche-das-pistas-de-atletismo-en-setembro\\\/#primaryimage\"},\"image\":{\"@id\":\"https:\\\/\\\/www.anovapeneira.gal\\\/index.php\\\/2019\\\/09\\\/05\\\/o-bng-de-vigo-pide-explicacions-ao-goberno-municipal-polo-feche-das-pistas-de-atletismo-en-setembro\\\/#primaryimage\"},\"thumbnailUrl\":\"https:\\\/\\\/www.anovapeneira.gal\\\/wp-content\\\/uploads\\\/2019\\\/07\\\/bng_logo.jpg\",\"datePublished\":\"2019-09-05T08:00:20+00:00\",\"breadcrumb\":{\"@id\":\"https:\\\/\\\/www.anovapeneira.gal\\\/index.php\\\/2019\\\/09\\\/05\\\/o-bng-de-vigo-pide-explicacions-ao-goberno-municipal-polo-feche-das-pistas-de-atletismo-en-setembro\\\/#breadcrumb\"},\"inLanguage\":\"gl-ES\",\"potentialAction\":[{\"@type\":\"ReadAction\",\"target\":[\"https:\\\/\\\/www.anovapeneira.gal\\\/index.php\\\/2019\\\/09\\\/05\\\/o-bng-de-vigo-pide-explicacions-ao-goberno-municipal-polo-feche-das-pistas-de-atletismo-en-setembro\\\/\"]}]},{\"@type\":\"ImageObject\",\"inLanguage\":\"gl-ES\",\"@id\":\"https:\\\/\\\/www.anovapeneira.gal\\\/index.php\\\/2019\\\/09\\\/05\\\/o-bng-de-vigo-pide-explicacions-ao-goberno-municipal-polo-feche-das-pistas-de-atletismo-en-setembro\\\/#primaryimage\",\"url\":\"https:\\\/\\\/www.anovapeneira.gal\\\/wp-content\\\/uploads\\\/2019\\\/07\\\/bng_logo.jpg\",\"contentUrl\":\"https:\\\/\\\/www.anovapeneira.gal\\\/wp-content\\\/uploads\\\/2019\\\/07\\\/bng_logo.jpg\",\"width\":720,\"height\":473,\"caption\":\"BNG A Nova Peneira\"},{\"@type\":\"BreadcrumbList\",\"@id\":\"https:\\\/\\\/www.anovapeneira.gal\\\/index.php\\\/2019\\\/09\\\/05\\\/o-bng-de-vigo-pide-explicacions-ao-goberno-municipal-polo-feche-das-pistas-de-atletismo-en-setembro\\\/#breadcrumb\",\"itemListElement\":[{\"@type\":\"ListItem\",\"position\":1,\"name\":\"Portada\",\"item\":\"https:\\\/\\\/www.anovapeneira.gal\\\/\"},{\"@type\":\"ListItem\",\"position\":2,\"name\":\"O BNG de Vigo pide explicaci\u00f3ns ao Goberno municipal polo feche das pistas de atletismo en setembro\"}]},{\"@type\":\"WebSite\",\"@id\":\"https:\\\/\\\/www.anovapeneira.gal\\\/#website\",\"url\":\"https:\\\/\\\/www.anovapeneira.gal\\\/\",\"name\":\"\",\"description\":\"Xornal galego de informaci\u00f3n xeral Publicaci\u00f3n mensual de novas de Galicia e en especial dos Concellos da sur da provincia de Pontevedra.\",\"publisher\":{\"@id\":\"https:\\\/\\\/www.anovapeneira.gal\\\/#organization\"},\"potentialAction\":[{\"@type\":\"SearchAction\",\"target\":{\"@type\":\"EntryPoint\",\"urlTemplate\":\"https:\\\/\\\/www.anovapeneira.gal\\\/?s={search_term_string}\"},\"query-input\":{\"@type\":\"PropertyValueSpecification\",\"valueRequired\":true,\"valueName\":\"search_term_string\"}}],\"inLanguage\":\"gl-ES\"},{\"@type\":\"Organization\",\"@id\":\"https:\\\/\\\/www.anovapeneira.gal\\\/#organization\",\"name\":\"A Nova Peneira\",\"url\":\"https:\\\/\\\/www.anovapeneira.gal\\\/\",\"logo\":{\"@type\":\"ImageObject\",\"inLanguage\":\"gl-ES\",\"@id\":\"https:\\\/\\\/www.anovapeneira.gal\\\/#\\\/schema\\\/logo\\\/image\\\/\",\"url\":\"http:\\\/\\\/www.anovapeneira.gal\\\/wp-content\\\/uploads\\\/2019\\\/06\\\/logo_a_nova_peneira_portal_web.png\",\"contentUrl\":\"http:\\\/\\\/www.anovapeneira.gal\\\/wp-content\\\/uploads\\\/2019\\\/06\\\/logo_a_nova_peneira_portal_web.png\",\"width\":300,\"height\":100,\"caption\":\"A Nova Peneira\"},\"image\":{\"@id\":\"https:\\\/\\\/www.anovapeneira.gal\\\/#\\\/schema\\\/logo\\\/image\\\/\"},\"sameAs\":[\"https:\\\/\\\/www.facebook.com\\\/anovapeneira\",\"https:\\\/\\\/x.com\\\/APeneira\"]},{\"@type\":\"Person\",\"@id\":\"https:\\\/\\\/www.anovapeneira.gal\\\/#\\\/schema\\\/person\\\/b93e3f8932e3f8da96334607eb6ac6aa\",\"name\":\"Redacci\u00f3n A Nova Peneira\",\"image\":{\"@type\":\"ImageObject\",\"inLanguage\":\"gl-ES\",\"@id\":\"https:\\\/\\\/secure.gravatar.com\\\/avatar\\\/c052a2551a06e23fac63626232eaa90abd78dbcf1700fc46a2b2c89fd27b735f?s=96&d=mm&r=g\",\"url\":\"https:\\\/\\\/secure.gravatar.com\\\/avatar\\\/c052a2551a06e23fac63626232eaa90abd78dbcf1700fc46a2b2c89fd27b735f?s=96&d=mm&r=g\",\"contentUrl\":\"https:\\\/\\\/secure.gravatar.com\\\/avatar\\\/c052a2551a06e23fac63626232eaa90abd78dbcf1700fc46a2b2c89fd27b735f?s=96&d=mm&r=g\",\"caption\":\"Redacci\u00f3n A Nova Peneira\"},\"sameAs\":[\"http:\\\/\\\/www.anovapeneira.gal\\\/\"],\"url\":\"https:\\\/\\\/www.anovapeneira.gal\\\/index.php\\\/author\\\/redactor\\\/\"}]}<\/script>\n<!-- \/ Yoast SEO plugin. -->","yoast_head_json":{"title":"O BNG de Vigo pide explicaci\u00f3ns ao Goberno municipal polo feche das pistas de atletismo en setembro -","robots":{"index":"index","follow":"follow","max-snippet":"max-snippet:-1","max-image-preview":"max-image-preview:large","max-video-preview":"max-video-preview:-1"},"canonical":"https:\/\/www.anovapeneira.gal\/index.php\/2019\/09\/05\/o-bng-de-vigo-pide-explicacions-ao-goberno-municipal-polo-feche-das-pistas-de-atletismo-en-setembro\/","og_locale":"gl_ES","og_type":"article","og_title":"O BNG de Vigo pide explicaci\u00f3ns ao Goberno municipal polo feche das pistas de atletismo en setembro -","og_description":"O concelleiro, Xabier P. Igrexas, denuncia que o concelleiro de Deportes faltou \u00e1 verdade xa que non se consultou a todos os clubes. Tampouco se informou ao representante dos atletas nin \u00e1 Federaci\u00f3n [...]","og_url":"https:\/\/www.anovapeneira.gal\/index.php\/2019\/09\/05\/o-bng-de-vigo-pide-explicacions-ao-goberno-municipal-polo-feche-das-pistas-de-atletismo-en-setembro\/","article_publisher":"https:\/\/www.facebook.com\/anovapeneira","article_published_time":"2019-09-05T08:00:20+00:00","og_image":[{"width":720,"height":473,"url":"https:\/\/www.anovapeneira.gal\/wp-content\/uploads\/2019\/07\/bng_logo.jpg","type":"image\/jpeg"}],"author":"Redacci\u00f3n A Nova Peneira","twitter_card":"summary_large_image","twitter_creator":"@APeneira","twitter_site":"@APeneira","twitter_misc":{"Escrito por":"Redacci\u00f3n A Nova Peneira","Tempo de lectura":"2 minutos"},"schema":{"@context":"https:\/\/schema.org","@graph":[{"@type":"Article","@id":"https:\/\/www.anovapeneira.gal\/index.php\/2019\/09\/05\/o-bng-de-vigo-pide-explicacions-ao-goberno-municipal-polo-feche-das-pistas-de-atletismo-en-setembro\/#article","isPartOf":{"@id":"https:\/\/www.anovapeneira.gal\/index.php\/2019\/09\/05\/o-bng-de-vigo-pide-explicacions-ao-goberno-municipal-polo-feche-das-pistas-de-atletismo-en-setembro\/"},"author":{"name":"Redacci\u00f3n A Nova Peneira","@id":"https:\/\/www.anovapeneira.gal\/#\/schema\/person\/b93e3f8932e3f8da96334607eb6ac6aa"},"headline":"O BNG de Vigo pide explicaci\u00f3ns ao Goberno municipal polo feche das pistas de atletismo en setembro","datePublished":"2019-09-05T08:00:20+00:00","mainEntityOfPage":{"@id":"https:\/\/www.anovapeneira.gal\/index.php\/2019\/09\/05\/o-bng-de-vigo-pide-explicacions-ao-goberno-municipal-polo-feche-das-pistas-de-atletismo-en-setembro\/"},"wordCount":475,"commentCount":0,"publisher":{"@id":"https:\/\/www.anovapeneira.gal\/#organization"},"image":{"@id":"https:\/\/www.anovapeneira.gal\/index.php\/2019\/09\/05\/o-bng-de-vigo-pide-explicacions-ao-goberno-municipal-polo-feche-das-pistas-de-atletismo-en-setembro\/#primaryimage"},"thumbnailUrl":"https:\/\/www.anovapeneira.gal\/wp-content\/uploads\/2019\/07\/bng_logo.jpg","keywords":["Atletismo","Bala\u00eddos","BNG","Concello de Vigo","Deporte"],"articleSection":["Vigo"],"inLanguage":"gl-ES","potentialAction":[{"@type":"CommentAction","name":"Comment","target":["https:\/\/www.anovapeneira.gal\/index.php\/2019\/09\/05\/o-bng-de-vigo-pide-explicacions-ao-goberno-municipal-polo-feche-das-pistas-de-atletismo-en-setembro\/#respond"]}]},{"@type":"WebPage","@id":"https:\/\/www.anovapeneira.gal\/index.php\/2019\/09\/05\/o-bng-de-vigo-pide-explicacions-ao-goberno-municipal-polo-feche-das-pistas-de-atletismo-en-setembro\/","url":"https:\/\/www.anovapeneira.gal\/index.php\/2019\/09\/05\/o-bng-de-vigo-pide-explicacions-ao-goberno-municipal-polo-feche-das-pistas-de-atletismo-en-setembro\/","name":"O BNG de Vigo pide explicaci\u00f3ns ao Goberno municipal polo feche das pistas de atletismo en setembro -","isPartOf":{"@id":"https:\/\/www.anovapeneira.gal\/#website"},"primaryImageOfPage":{"@id":"https:\/\/www.anovapeneira.gal\/index.php\/2019\/09\/05\/o-bng-de-vigo-pide-explicacions-ao-goberno-municipal-polo-feche-das-pistas-de-atletismo-en-setembro\/#primaryimage"},"image":{"@id":"https:\/\/www.anovapeneira.gal\/index.php\/2019\/09\/05\/o-bng-de-vigo-pide-explicacions-ao-goberno-municipal-polo-feche-das-pistas-de-atletismo-en-setembro\/#primaryimage"},"thumbnailUrl":"https:\/\/www.anovapeneira.gal\/wp-content\/uploads\/2019\/07\/bng_logo.jpg","datePublished":"2019-09-05T08:00:20+00:00","breadcrumb":{"@id":"https:\/\/www.anovapeneira.gal\/index.php\/2019\/09\/05\/o-bng-de-vigo-pide-explicacions-ao-goberno-municipal-polo-feche-das-pistas-de-atletismo-en-setembro\/#breadcrumb"},"inLanguage":"gl-ES","potentialAction":[{"@type":"ReadAction","target":["https:\/\/www.anovapeneira.gal\/index.php\/2019\/09\/05\/o-bng-de-vigo-pide-explicacions-ao-goberno-municipal-polo-feche-das-pistas-de-atletismo-en-setembro\/"]}]},{"@type":"ImageObject","inLanguage":"gl-ES","@id":"https:\/\/www.anovapeneira.gal\/index.php\/2019\/09\/05\/o-bng-de-vigo-pide-explicacions-ao-goberno-municipal-polo-feche-das-pistas-de-atletismo-en-setembro\/#primaryimage","url":"https:\/\/www.anovapeneira.gal\/wp-content\/uploads\/2019\/07\/bng_logo.jpg","contentUrl":"https:\/\/www.anovapeneira.gal\/wp-content\/uploads\/2019\/07\/bng_logo.jpg","width":720,"height":473,"caption":"BNG A Nova Peneira"},{"@type":"BreadcrumbList","@id":"https:\/\/www.anovapeneira.gal\/index.php\/2019\/09\/05\/o-bng-de-vigo-pide-explicacions-ao-goberno-municipal-polo-feche-das-pistas-de-atletismo-en-setembro\/#breadcrumb","itemListElement":[{"@type":"ListItem","position":1,"name":"Portada","item":"https:\/\/www.anovapeneira.gal\/"},{"@type":"ListItem","position":2,"name":"O BNG de Vigo pide explicaci\u00f3ns ao Goberno municipal polo feche das pistas de atletismo en setembro"}]},{"@type":"WebSite","@id":"https:\/\/www.anovapeneira.gal\/#website","url":"https:\/\/www.anovapeneira.gal\/","name":"","description":"Xornal galego de informaci\u00f3n xeral Publicaci\u00f3n mensual de novas de Galicia e en especial dos Concellos da sur da provincia de Pontevedra.","publisher":{"@id":"https:\/\/www.anovapeneira.gal\/#organization"},"potentialAction":[{"@type":"SearchAction","target":{"@type":"EntryPoint","urlTemplate":"https:\/\/www.anovapeneira.gal\/?s={search_term_string}"},"query-input":{"@type":"PropertyValueSpecification","valueRequired":true,"valueName":"search_term_string"}}],"inLanguage":"gl-ES"},{"@type":"Organization","@id":"https:\/\/www.anovapeneira.gal\/#organization","name":"A Nova Peneira","url":"https:\/\/www.anovapeneira.gal\/","logo":{"@type":"ImageObject","inLanguage":"gl-ES","@id":"https:\/\/www.anovapeneira.gal\/#\/schema\/logo\/image\/","url":"http:\/\/www.anovapeneira.gal\/wp-content\/uploads\/2019\/06\/logo_a_nova_peneira_portal_web.png","contentUrl":"http:\/\/www.anovapeneira.gal\/wp-content\/uploads\/2019\/06\/logo_a_nova_peneira_portal_web.png","width":300,"height":100,"caption":"A Nova Peneira"},"image":{"@id":"https:\/\/www.anovapeneira.gal\/#\/schema\/logo\/image\/"},"sameAs":["https:\/\/www.facebook.com\/anovapeneira","https:\/\/x.com\/APeneira"]},{"@type":"Person","@id":"https:\/\/www.anovapeneira.gal\/#\/schema\/person\/b93e3f8932e3f8da96334607eb6ac6aa","name":"Redacci\u00f3n A Nova Peneira","image":{"@type":"ImageObject","inLanguage":"gl-ES","@id":"https:\/\/secure.gravatar.com\/avatar\/c052a2551a06e23fac63626232eaa90abd78dbcf1700fc46a2b2c89fd27b735f?s=96&d=mm&r=g","url":"https:\/\/secure.gravatar.com\/avatar\/c052a2551a06e23fac63626232eaa90abd78dbcf1700fc46a2b2c89fd27b735f?s=96&d=mm&r=g","contentUrl":"https:\/\/secure.gravatar.com\/avatar\/c052a2551a06e23fac63626232eaa90abd78dbcf1700fc46a2b2c89fd27b735f?s=96&d=mm&r=g","caption":"Redacci\u00f3n A Nova Peneira"},"sameAs":["http:\/\/www.anovapeneira.gal\/"],"url":"https:\/\/www.anovapeneira.gal\/index.php\/author\/redactor\/"}]}},"jetpack_featured_media_url":"https:\/\/www.anovapeneira.gal\/wp-content\/uploads\/2019\/07\/bng_logo.jpg","_links":{"self":[{"href":"https:\/\/www.anovapeneira.gal\/index.php\/wp-json\/wp\/v2\/posts\/1167","targetHints":{"allow":["GET"]}}],"collection":[{"href":"https:\/\/www.anovapeneira.gal\/index.php\/wp-json\/wp\/v2\/posts"}],"about":[{"href":"https:\/\/www.anovapeneira.gal\/index.php\/wp-json\/wp\/v2\/types\/post"}],"author":[{"embeddable":true,"href":"https:\/\/www.anovapeneira.gal\/index.php\/wp-json\/wp\/v2\/users\/3"}],"replies":[{"embeddable":true,"href":"https:\/\/www.anovapeneira.gal\/index.php\/wp-json\/wp\/v2\/comments?post=1167"}],"version-history":[{"count":1,"href":"https:\/\/www.anovapeneira.gal\/index.php\/wp-json\/wp\/v2\/posts\/1167\/revisions"}],"predecessor-version":[{"id":1168,"href":"https:\/\/www.anovapeneira.gal\/index.php\/wp-json\/wp\/v2\/posts\/1167\/revisions\/1168"}],"wp:featuredmedia":[{"embeddable":true,"href":"https:\/\/www.anovapeneira.gal\/index.php\/wp-json\/wp\/v2\/media\/575"}],"wp:attachment":[{"href":"https:\/\/www.anovapeneira.gal\/index.php\/wp-json\/wp\/v2\/media?parent=1167"}],"wp:term":[{"taxonomy":"category","embeddable":true,"href":"https:\/\/www.anovapeneira.gal\/index.php\/wp-json\/wp\/v2\/categories?post=1167"},{"taxonomy":"post_tag","embeddable":true,"href":"https:\/\/www.anovapeneira.gal\/index.php\/wp-json\/wp\/v2\/tags?post=1167"}],"curies":[{"name":"wp","href":"https:\/\/api.w.org\/{rel}","templated":true}]}}