{"id":11671,"date":"2024-05-01T10:00:11","date_gmt":"2024-05-01T08:00:11","guid":{"rendered":"https:\/\/www.anovapeneira.gal\/?p=11671"},"modified":"2024-04-26T11:00:16","modified_gmt":"2024-04-26T09:00:16","slug":"a-asistencia-do-061-no-grave-accidente-cun-tractor-en-coiro-demorouse-24-minutos-ao-non-haber-ningunha-ambulancia-disponible-no-morrazo","status":"publish","type":"post","link":"https:\/\/www.anovapeneira.gal\/index.php\/2024\/05\/01\/a-asistencia-do-061-no-grave-accidente-cun-tractor-en-coiro-demorouse-24-minutos-ao-non-haber-ningunha-ambulancia-disponible-no-morrazo\/","title":{"rendered":"A asistencia do 061 no grave accidente cun tractor en Coiro demorouse 24 minutos ao non haber ningunha ambulancia dispo\u00f1ible no Morrazo"},"content":{"rendered":"\n<p>A representaci\u00f3n sindical do 061 de Cangas e de Moa\u00f1a volveu denunciar os problemas polo retraso na asistencia ante a falta de ambulancias do 061 na Comarca. Advirten que este tipo de situaci\u00f3ns onde unha emerxencia vital tarda m\u00e1is de 15 minutos en recibir unha primeira asistencia sanitaria por parte do persoal t\u00e9cnico de emerxencias \u00e9 algo completamente habitual no seu d\u00eda a d\u00eda no Morrazo e para nada se trata dun feito anecd\u00f3tico ou dunha situaci\u00f3n puntual.<\/p>\n\n\n\n<p>O pasado venres 19 de abril un veci\u00f1o da parroquia canguesa de Coiro sufriu un accidente tras sufrir, presuntamente, un evento card\u00edaco repentino mentres circulaba por un finca da s\u00faa propiedade.<\/p>\n\n\n\n<p>Unha vez m\u00e1is ante a falta de recursos, o persoal da central de coordinaci\u00f3n do 061 veuse obrigado a mobilizar como recurso m\u00e1is pr\u00f3ximo a unha ambulancia da zona que se atopaba nese momento na cidade de Vigo, polo que tardou 24 minutos en chegar dende que foi alertado.<\/p>\n\n\n\n<p>Para poder prestar a mellor asistencia posible houbo que botar man da colaboraci\u00f3n da polic\u00eda local de Cangas, quen trasladou ao persoal de medicina e enfermer\u00eda dende o PAC e completar as\u00ed un equipo sanitario de Soporte Vital Avanzado.<\/p>\n\n\n\n<p>Grazas aos esforzos en soporte vital levados a cabo polo persoal T\u00e9cnico de Emerxencias Sanitarias en primeira instancia e posteriormente polo persoal do PAC, conseguiuse reanimar \u00e1 v\u00edtima que estivo, aparentemente, m\u00e1is de 24 minutos en parada cardiorrespiratoria.<\/p>\n\n\n\n<p>Segundo as fontes sanitarias consultadas, non se pode asegurar que o pron\u00f3stico da v\u00edtima, que se atopa actualmente en estado moi grave, fose diferente. Sen embargo, apuntan que a evidencia cient\u00edfica demostra, sen lugar a d\u00fabidas, que iniciar unha reanimaci\u00f3n antes dos<br>primeiros 8 minutos \u00e9 clave para a aumentar a posibilidade de supervivencia, as\u00ed como para reducir as secuelas derivadas da privaci\u00f3n de os\u00edxeno no propio coraz\u00f3n e no cerebro.<\/p>\n\n\n\n<p>Empeoramento da asistencia durante o ver\u00e1n<\/p>\n\n\n\n<p>Os representantes sindicais advirten unha vez m\u00e1is que a situaci\u00f3n no ver\u00e1n non far\u00e1 m\u00e1is que empeorar debido ao aumento da poboaci\u00f3n, chegando a triplicarse segundo cifras oficiais. Pese a este dato, de sobra co\u00f1ecido pola Conseller\u00eda de Sanidade, o n\u00famero de recursos, xa insuficientes durante todo o ano, tampouco se incrementan durante a \u00e9poca estival.<\/p>\n\n\n\n<p>Na actualidade, a cabeceira da comarca do Morrazo conta tan s\u00f3 con 3 ambulancias con bases en Cangas, Moa\u00f1a e Bueu para unha poboaci\u00f3n estable de 60.000 habitantes espallados por unha superficie de m\u00e1is 100km2 con 93 praias.<\/p>\n","protected":false},"excerpt":{"rendered":"<div class=\"mh-excerpt\"><p>A representaci\u00f3n sindical do 061 de Cangas e de Moa\u00f1a volveu denunciar os problemas polo retraso na asistencia ante a falta de ambulancias do 061 na Comarca. <a class=\"mh-excerpt-more\" href=\"https:\/\/www.anovapeneira.gal\/index.php\/2024\/05\/01\/a-asistencia-do-061-no-grave-accidente-cun-tractor-en-coiro-demorouse-24-minutos-ao-non-haber-ningunha-ambulancia-disponible-no-morrazo\/\" title=\"A asistencia do 061 no grave accidente cun tractor en Coiro demorouse 24 minutos ao non haber ningunha ambulancia dispo\u00f1ible no Morrazo\">[&#8230;]<\/a><\/p>\n<\/div>","protected":false},"author":3,"featured_media":4765,"comment_status":"open","ping_status":"open","sticky":false,"template":"","format":"standard","meta":{"_exactmetrics_skip_tracking":false,"_exactmetrics_sitenote_active":false,"_exactmetrics_sitenote_note":"","_exactmetrics_sitenote_category":0,"footnotes":""},"categories":[22],"tags":[681],"class_list":{"0":"post-11671","1":"post","2":"type-post","3":"status-publish","4":"format-standard","5":"has-post-thumbnail","7":"category-morrazo","8":"tag-concello-de-cangas-do-morrazo"},"yoast_head":"<!-- This site is optimized with the Yoast SEO plugin v27.4 - https:\/\/yoast.com\/product\/yoast-seo-wordpress\/ -->\n<title>A asistencia do 061 no grave accidente cun tractor en Coiro demorouse 24 minutos ao non haber ningunha ambulancia dispo\u00f1ible no Morrazo -<\/title>\n<meta name=\"robots\" content=\"index, follow, max-snippet:-1, max-image-preview:large, max-video-preview:-1\" \/>\n<link rel=\"canonical\" href=\"https:\/\/www.anovapeneira.gal\/index.php\/2024\/05\/01\/a-asistencia-do-061-no-grave-accidente-cun-tractor-en-coiro-demorouse-24-minutos-ao-non-haber-ningunha-ambulancia-disponible-no-morrazo\/\" \/>\n<meta property=\"og:locale\" content=\"gl_ES\" \/>\n<meta property=\"og:type\" content=\"article\" \/>\n<meta property=\"og:title\" content=\"A asistencia do 061 no grave accidente cun tractor en Coiro demorouse 24 minutos ao non haber ningunha ambulancia dispo\u00f1ible no Morrazo -\" \/>\n<meta property=\"og:description\" content=\"A representaci\u00f3n sindical do 061 de Cangas e de Moa\u00f1a volveu denunciar os problemas polo retraso na asistencia ante a falta de ambulancias do 061 na Comarca. [...]\" \/>\n<meta property=\"og:url\" content=\"https:\/\/www.anovapeneira.gal\/index.php\/2024\/05\/01\/a-asistencia-do-061-no-grave-accidente-cun-tractor-en-coiro-demorouse-24-minutos-ao-non-haber-ningunha-ambulancia-disponible-no-morrazo\/\" \/>\n<meta property=\"article:publisher\" content=\"https:\/\/www.facebook.com\/anovapeneira\" \/>\n<meta property=\"article:published_time\" content=\"2024-05-01T08:00:11+00:00\" \/>\n<meta property=\"og:image\" content=\"https:\/\/www.anovapeneira.gal\/wp-content\/uploads\/2021\/01\/base_ambulancias_061_cangas.jpg\" \/>\n\t<meta property=\"og:image:width\" content=\"720\" \/>\n\t<meta property=\"og:image:height\" content=\"432\" \/>\n\t<meta property=\"og:image:type\" content=\"image\/jpeg\" \/>\n<meta name=\"author\" content=\"Redacci\u00f3n A Nova Peneira\" \/>\n<meta name=\"twitter:card\" content=\"summary_large_image\" \/>\n<meta name=\"twitter:creator\" content=\"@APeneira\" \/>\n<meta name=\"twitter:site\" content=\"@APeneira\" \/>\n<meta name=\"twitter:label1\" content=\"Escrito por\" \/>\n\t<meta name=\"twitter:data1\" content=\"Redacci\u00f3n A Nova Peneira\" \/>\n\t<meta name=\"twitter:label2\" content=\"Tempo de lectura\" \/>\n\t<meta name=\"twitter:data2\" content=\"3 minutos\" \/>\n<script type=\"application\/ld+json\" class=\"yoast-schema-graph\">{\"@context\":\"https:\\\/\\\/schema.org\",\"@graph\":[{\"@type\":\"Article\",\"@id\":\"https:\\\/\\\/www.anovapeneira.gal\\\/index.php\\\/2024\\\/05\\\/01\\\/a-asistencia-do-061-no-grave-accidente-cun-tractor-en-coiro-demorouse-24-minutos-ao-non-haber-ningunha-ambulancia-disponible-no-morrazo\\\/#article\",\"isPartOf\":{\"@id\":\"https:\\\/\\\/www.anovapeneira.gal\\\/index.php\\\/2024\\\/05\\\/01\\\/a-asistencia-do-061-no-grave-accidente-cun-tractor-en-coiro-demorouse-24-minutos-ao-non-haber-ningunha-ambulancia-disponible-no-morrazo\\\/\"},\"author\":{\"name\":\"Redacci\u00f3n A Nova Peneira\",\"@id\":\"https:\\\/\\\/www.anovapeneira.gal\\\/#\\\/schema\\\/person\\\/b93e3f8932e3f8da96334607eb6ac6aa\"},\"headline\":\"A asistencia do 061 no grave accidente cun tractor en Coiro demorouse 24 minutos ao non haber ningunha ambulancia dispo\u00f1ible no Morrazo\",\"datePublished\":\"2024-05-01T08:00:11+00:00\",\"mainEntityOfPage\":{\"@id\":\"https:\\\/\\\/www.anovapeneira.gal\\\/index.php\\\/2024\\\/05\\\/01\\\/a-asistencia-do-061-no-grave-accidente-cun-tractor-en-coiro-demorouse-24-minutos-ao-non-haber-ningunha-ambulancia-disponible-no-morrazo\\\/\"},\"wordCount\":454,\"commentCount\":0,\"publisher\":{\"@id\":\"https:\\\/\\\/www.anovapeneira.gal\\\/#organization\"},\"image\":{\"@id\":\"https:\\\/\\\/www.anovapeneira.gal\\\/index.php\\\/2024\\\/05\\\/01\\\/a-asistencia-do-061-no-grave-accidente-cun-tractor-en-coiro-demorouse-24-minutos-ao-non-haber-ningunha-ambulancia-disponible-no-morrazo\\\/#primaryimage\"},\"thumbnailUrl\":\"https:\\\/\\\/www.anovapeneira.gal\\\/wp-content\\\/uploads\\\/2021\\\/01\\\/base_ambulancias_061_cangas.jpg\",\"keywords\":[\"Concello de Cangas do Morrazo\"],\"articleSection\":[\"Morrazo\"],\"inLanguage\":\"gl-ES\",\"potentialAction\":[{\"@type\":\"CommentAction\",\"name\":\"Comment\",\"target\":[\"https:\\\/\\\/www.anovapeneira.gal\\\/index.php\\\/2024\\\/05\\\/01\\\/a-asistencia-do-061-no-grave-accidente-cun-tractor-en-coiro-demorouse-24-minutos-ao-non-haber-ningunha-ambulancia-disponible-no-morrazo\\\/#respond\"]}]},{\"@type\":\"WebPage\",\"@id\":\"https:\\\/\\\/www.anovapeneira.gal\\\/index.php\\\/2024\\\/05\\\/01\\\/a-asistencia-do-061-no-grave-accidente-cun-tractor-en-coiro-demorouse-24-minutos-ao-non-haber-ningunha-ambulancia-disponible-no-morrazo\\\/\",\"url\":\"https:\\\/\\\/www.anovapeneira.gal\\\/index.php\\\/2024\\\/05\\\/01\\\/a-asistencia-do-061-no-grave-accidente-cun-tractor-en-coiro-demorouse-24-minutos-ao-non-haber-ningunha-ambulancia-disponible-no-morrazo\\\/\",\"name\":\"A asistencia do 061 no grave accidente cun tractor en Coiro demorouse 24 minutos ao non haber ningunha ambulancia dispo\u00f1ible no Morrazo -\",\"isPartOf\":{\"@id\":\"https:\\\/\\\/www.anovapeneira.gal\\\/#website\"},\"primaryImageOfPage\":{\"@id\":\"https:\\\/\\\/www.anovapeneira.gal\\\/index.php\\\/2024\\\/05\\\/01\\\/a-asistencia-do-061-no-grave-accidente-cun-tractor-en-coiro-demorouse-24-minutos-ao-non-haber-ningunha-ambulancia-disponible-no-morrazo\\\/#primaryimage\"},\"image\":{\"@id\":\"https:\\\/\\\/www.anovapeneira.gal\\\/index.php\\\/2024\\\/05\\\/01\\\/a-asistencia-do-061-no-grave-accidente-cun-tractor-en-coiro-demorouse-24-minutos-ao-non-haber-ningunha-ambulancia-disponible-no-morrazo\\\/#primaryimage\"},\"thumbnailUrl\":\"https:\\\/\\\/www.anovapeneira.gal\\\/wp-content\\\/uploads\\\/2021\\\/01\\\/base_ambulancias_061_cangas.jpg\",\"datePublished\":\"2024-05-01T08:00:11+00:00\",\"breadcrumb\":{\"@id\":\"https:\\\/\\\/www.anovapeneira.gal\\\/index.php\\\/2024\\\/05\\\/01\\\/a-asistencia-do-061-no-grave-accidente-cun-tractor-en-coiro-demorouse-24-minutos-ao-non-haber-ningunha-ambulancia-disponible-no-morrazo\\\/#breadcrumb\"},\"inLanguage\":\"gl-ES\",\"potentialAction\":[{\"@type\":\"ReadAction\",\"target\":[\"https:\\\/\\\/www.anovapeneira.gal\\\/index.php\\\/2024\\\/05\\\/01\\\/a-asistencia-do-061-no-grave-accidente-cun-tractor-en-coiro-demorouse-24-minutos-ao-non-haber-ningunha-ambulancia-disponible-no-morrazo\\\/\"]}]},{\"@type\":\"ImageObject\",\"inLanguage\":\"gl-ES\",\"@id\":\"https:\\\/\\\/www.anovapeneira.gal\\\/index.php\\\/2024\\\/05\\\/01\\\/a-asistencia-do-061-no-grave-accidente-cun-tractor-en-coiro-demorouse-24-minutos-ao-non-haber-ningunha-ambulancia-disponible-no-morrazo\\\/#primaryimage\",\"url\":\"https:\\\/\\\/www.anovapeneira.gal\\\/wp-content\\\/uploads\\\/2021\\\/01\\\/base_ambulancias_061_cangas.jpg\",\"contentUrl\":\"https:\\\/\\\/www.anovapeneira.gal\\\/wp-content\\\/uploads\\\/2021\\\/01\\\/base_ambulancias_061_cangas.jpg\",\"width\":720,\"height\":432,\"caption\":\"A situaci\u00f3n da base do 061 en Cangas sumida na cat\u00e1strofe no maior pico da pandemia\"},{\"@type\":\"BreadcrumbList\",\"@id\":\"https:\\\/\\\/www.anovapeneira.gal\\\/index.php\\\/2024\\\/05\\\/01\\\/a-asistencia-do-061-no-grave-accidente-cun-tractor-en-coiro-demorouse-24-minutos-ao-non-haber-ningunha-ambulancia-disponible-no-morrazo\\\/#breadcrumb\",\"itemListElement\":[{\"@type\":\"ListItem\",\"position\":1,\"name\":\"Portada\",\"item\":\"https:\\\/\\\/www.anovapeneira.gal\\\/\"},{\"@type\":\"ListItem\",\"position\":2,\"name\":\"A asistencia do 061 no grave accidente cun tractor en Coiro demorouse 24 minutos ao non haber ningunha ambulancia dispo\u00f1ible no Morrazo\"}]},{\"@type\":\"WebSite\",\"@id\":\"https:\\\/\\\/www.anovapeneira.gal\\\/#website\",\"url\":\"https:\\\/\\\/www.anovapeneira.gal\\\/\",\"name\":\"\",\"description\":\"Xornal galego de informaci\u00f3n xeral Publicaci\u00f3n mensual de novas de Galicia e en especial dos Concellos da sur da provincia de Pontevedra.\",\"publisher\":{\"@id\":\"https:\\\/\\\/www.anovapeneira.gal\\\/#organization\"},\"potentialAction\":[{\"@type\":\"SearchAction\",\"target\":{\"@type\":\"EntryPoint\",\"urlTemplate\":\"https:\\\/\\\/www.anovapeneira.gal\\\/?s={search_term_string}\"},\"query-input\":{\"@type\":\"PropertyValueSpecification\",\"valueRequired\":true,\"valueName\":\"search_term_string\"}}],\"inLanguage\":\"gl-ES\"},{\"@type\":\"Organization\",\"@id\":\"https:\\\/\\\/www.anovapeneira.gal\\\/#organization\",\"name\":\"A Nova Peneira\",\"url\":\"https:\\\/\\\/www.anovapeneira.gal\\\/\",\"logo\":{\"@type\":\"ImageObject\",\"inLanguage\":\"gl-ES\",\"@id\":\"https:\\\/\\\/www.anovapeneira.gal\\\/#\\\/schema\\\/logo\\\/image\\\/\",\"url\":\"http:\\\/\\\/www.anovapeneira.gal\\\/wp-content\\\/uploads\\\/2019\\\/06\\\/logo_a_nova_peneira_portal_web.png\",\"contentUrl\":\"http:\\\/\\\/www.anovapeneira.gal\\\/wp-content\\\/uploads\\\/2019\\\/06\\\/logo_a_nova_peneira_portal_web.png\",\"width\":300,\"height\":100,\"caption\":\"A Nova Peneira\"},\"image\":{\"@id\":\"https:\\\/\\\/www.anovapeneira.gal\\\/#\\\/schema\\\/logo\\\/image\\\/\"},\"sameAs\":[\"https:\\\/\\\/www.facebook.com\\\/anovapeneira\",\"https:\\\/\\\/x.com\\\/APeneira\"]},{\"@type\":\"Person\",\"@id\":\"https:\\\/\\\/www.anovapeneira.gal\\\/#\\\/schema\\\/person\\\/b93e3f8932e3f8da96334607eb6ac6aa\",\"name\":\"Redacci\u00f3n A Nova Peneira\",\"image\":{\"@type\":\"ImageObject\",\"inLanguage\":\"gl-ES\",\"@id\":\"https:\\\/\\\/secure.gravatar.com\\\/avatar\\\/c052a2551a06e23fac63626232eaa90abd78dbcf1700fc46a2b2c89fd27b735f?s=96&d=mm&r=g\",\"url\":\"https:\\\/\\\/secure.gravatar.com\\\/avatar\\\/c052a2551a06e23fac63626232eaa90abd78dbcf1700fc46a2b2c89fd27b735f?s=96&d=mm&r=g\",\"contentUrl\":\"https:\\\/\\\/secure.gravatar.com\\\/avatar\\\/c052a2551a06e23fac63626232eaa90abd78dbcf1700fc46a2b2c89fd27b735f?s=96&d=mm&r=g\",\"caption\":\"Redacci\u00f3n A Nova Peneira\"},\"sameAs\":[\"http:\\\/\\\/www.anovapeneira.gal\\\/\"],\"url\":\"https:\\\/\\\/www.anovapeneira.gal\\\/index.php\\\/author\\\/redactor\\\/\"}]}<\/script>\n<!-- \/ Yoast SEO plugin. -->","yoast_head_json":{"title":"A asistencia do 061 no grave accidente cun tractor en Coiro demorouse 24 minutos ao non haber ningunha ambulancia dispo\u00f1ible no Morrazo -","robots":{"index":"index","follow":"follow","max-snippet":"max-snippet:-1","max-image-preview":"max-image-preview:large","max-video-preview":"max-video-preview:-1"},"canonical":"https:\/\/www.anovapeneira.gal\/index.php\/2024\/05\/01\/a-asistencia-do-061-no-grave-accidente-cun-tractor-en-coiro-demorouse-24-minutos-ao-non-haber-ningunha-ambulancia-disponible-no-morrazo\/","og_locale":"gl_ES","og_type":"article","og_title":"A asistencia do 061 no grave accidente cun tractor en Coiro demorouse 24 minutos ao non haber ningunha ambulancia dispo\u00f1ible no Morrazo -","og_description":"A representaci\u00f3n sindical do 061 de Cangas e de Moa\u00f1a volveu denunciar os problemas polo retraso na asistencia ante a falta de ambulancias do 061 na Comarca. [...]","og_url":"https:\/\/www.anovapeneira.gal\/index.php\/2024\/05\/01\/a-asistencia-do-061-no-grave-accidente-cun-tractor-en-coiro-demorouse-24-minutos-ao-non-haber-ningunha-ambulancia-disponible-no-morrazo\/","article_publisher":"https:\/\/www.facebook.com\/anovapeneira","article_published_time":"2024-05-01T08:00:11+00:00","og_image":[{"width":720,"height":432,"url":"https:\/\/www.anovapeneira.gal\/wp-content\/uploads\/2021\/01\/base_ambulancias_061_cangas.jpg","type":"image\/jpeg"}],"author":"Redacci\u00f3n A Nova Peneira","twitter_card":"summary_large_image","twitter_creator":"@APeneira","twitter_site":"@APeneira","twitter_misc":{"Escrito por":"Redacci\u00f3n A Nova Peneira","Tempo de lectura":"3 minutos"},"schema":{"@context":"https:\/\/schema.org","@graph":[{"@type":"Article","@id":"https:\/\/www.anovapeneira.gal\/index.php\/2024\/05\/01\/a-asistencia-do-061-no-grave-accidente-cun-tractor-en-coiro-demorouse-24-minutos-ao-non-haber-ningunha-ambulancia-disponible-no-morrazo\/#article","isPartOf":{"@id":"https:\/\/www.anovapeneira.gal\/index.php\/2024\/05\/01\/a-asistencia-do-061-no-grave-accidente-cun-tractor-en-coiro-demorouse-24-minutos-ao-non-haber-ningunha-ambulancia-disponible-no-morrazo\/"},"author":{"name":"Redacci\u00f3n A Nova Peneira","@id":"https:\/\/www.anovapeneira.gal\/#\/schema\/person\/b93e3f8932e3f8da96334607eb6ac6aa"},"headline":"A asistencia do 061 no grave accidente cun tractor en Coiro demorouse 24 minutos ao non haber ningunha ambulancia dispo\u00f1ible no Morrazo","datePublished":"2024-05-01T08:00:11+00:00","mainEntityOfPage":{"@id":"https:\/\/www.anovapeneira.gal\/index.php\/2024\/05\/01\/a-asistencia-do-061-no-grave-accidente-cun-tractor-en-coiro-demorouse-24-minutos-ao-non-haber-ningunha-ambulancia-disponible-no-morrazo\/"},"wordCount":454,"commentCount":0,"publisher":{"@id":"https:\/\/www.anovapeneira.gal\/#organization"},"image":{"@id":"https:\/\/www.anovapeneira.gal\/index.php\/2024\/05\/01\/a-asistencia-do-061-no-grave-accidente-cun-tractor-en-coiro-demorouse-24-minutos-ao-non-haber-ningunha-ambulancia-disponible-no-morrazo\/#primaryimage"},"thumbnailUrl":"https:\/\/www.anovapeneira.gal\/wp-content\/uploads\/2021\/01\/base_ambulancias_061_cangas.jpg","keywords":["Concello de Cangas do Morrazo"],"articleSection":["Morrazo"],"inLanguage":"gl-ES","potentialAction":[{"@type":"CommentAction","name":"Comment","target":["https:\/\/www.anovapeneira.gal\/index.php\/2024\/05\/01\/a-asistencia-do-061-no-grave-accidente-cun-tractor-en-coiro-demorouse-24-minutos-ao-non-haber-ningunha-ambulancia-disponible-no-morrazo\/#respond"]}]},{"@type":"WebPage","@id":"https:\/\/www.anovapeneira.gal\/index.php\/2024\/05\/01\/a-asistencia-do-061-no-grave-accidente-cun-tractor-en-coiro-demorouse-24-minutos-ao-non-haber-ningunha-ambulancia-disponible-no-morrazo\/","url":"https:\/\/www.anovapeneira.gal\/index.php\/2024\/05\/01\/a-asistencia-do-061-no-grave-accidente-cun-tractor-en-coiro-demorouse-24-minutos-ao-non-haber-ningunha-ambulancia-disponible-no-morrazo\/","name":"A asistencia do 061 no grave accidente cun tractor en Coiro demorouse 24 minutos ao non haber ningunha ambulancia dispo\u00f1ible no Morrazo -","isPartOf":{"@id":"https:\/\/www.anovapeneira.gal\/#website"},"primaryImageOfPage":{"@id":"https:\/\/www.anovapeneira.gal\/index.php\/2024\/05\/01\/a-asistencia-do-061-no-grave-accidente-cun-tractor-en-coiro-demorouse-24-minutos-ao-non-haber-ningunha-ambulancia-disponible-no-morrazo\/#primaryimage"},"image":{"@id":"https:\/\/www.anovapeneira.gal\/index.php\/2024\/05\/01\/a-asistencia-do-061-no-grave-accidente-cun-tractor-en-coiro-demorouse-24-minutos-ao-non-haber-ningunha-ambulancia-disponible-no-morrazo\/#primaryimage"},"thumbnailUrl":"https:\/\/www.anovapeneira.gal\/wp-content\/uploads\/2021\/01\/base_ambulancias_061_cangas.jpg","datePublished":"2024-05-01T08:00:11+00:00","breadcrumb":{"@id":"https:\/\/www.anovapeneira.gal\/index.php\/2024\/05\/01\/a-asistencia-do-061-no-grave-accidente-cun-tractor-en-coiro-demorouse-24-minutos-ao-non-haber-ningunha-ambulancia-disponible-no-morrazo\/#breadcrumb"},"inLanguage":"gl-ES","potentialAction":[{"@type":"ReadAction","target":["https:\/\/www.anovapeneira.gal\/index.php\/2024\/05\/01\/a-asistencia-do-061-no-grave-accidente-cun-tractor-en-coiro-demorouse-24-minutos-ao-non-haber-ningunha-ambulancia-disponible-no-morrazo\/"]}]},{"@type":"ImageObject","inLanguage":"gl-ES","@id":"https:\/\/www.anovapeneira.gal\/index.php\/2024\/05\/01\/a-asistencia-do-061-no-grave-accidente-cun-tractor-en-coiro-demorouse-24-minutos-ao-non-haber-ningunha-ambulancia-disponible-no-morrazo\/#primaryimage","url":"https:\/\/www.anovapeneira.gal\/wp-content\/uploads\/2021\/01\/base_ambulancias_061_cangas.jpg","contentUrl":"https:\/\/www.anovapeneira.gal\/wp-content\/uploads\/2021\/01\/base_ambulancias_061_cangas.jpg","width":720,"height":432,"caption":"A situaci\u00f3n da base do 061 en Cangas sumida na cat\u00e1strofe no maior pico da pandemia"},{"@type":"BreadcrumbList","@id":"https:\/\/www.anovapeneira.gal\/index.php\/2024\/05\/01\/a-asistencia-do-061-no-grave-accidente-cun-tractor-en-coiro-demorouse-24-minutos-ao-non-haber-ningunha-ambulancia-disponible-no-morrazo\/#breadcrumb","itemListElement":[{"@type":"ListItem","position":1,"name":"Portada","item":"https:\/\/www.anovapeneira.gal\/"},{"@type":"ListItem","position":2,"name":"A asistencia do 061 no grave accidente cun tractor en Coiro demorouse 24 minutos ao non haber ningunha ambulancia dispo\u00f1ible no Morrazo"}]},{"@type":"WebSite","@id":"https:\/\/www.anovapeneira.gal\/#website","url":"https:\/\/www.anovapeneira.gal\/","name":"","description":"Xornal galego de informaci\u00f3n xeral Publicaci\u00f3n mensual de novas de Galicia e en especial dos Concellos da sur da provincia de Pontevedra.","publisher":{"@id":"https:\/\/www.anovapeneira.gal\/#organization"},"potentialAction":[{"@type":"SearchAction","target":{"@type":"EntryPoint","urlTemplate":"https:\/\/www.anovapeneira.gal\/?s={search_term_string}"},"query-input":{"@type":"PropertyValueSpecification","valueRequired":true,"valueName":"search_term_string"}}],"inLanguage":"gl-ES"},{"@type":"Organization","@id":"https:\/\/www.anovapeneira.gal\/#organization","name":"A Nova Peneira","url":"https:\/\/www.anovapeneira.gal\/","logo":{"@type":"ImageObject","inLanguage":"gl-ES","@id":"https:\/\/www.anovapeneira.gal\/#\/schema\/logo\/image\/","url":"http:\/\/www.anovapeneira.gal\/wp-content\/uploads\/2019\/06\/logo_a_nova_peneira_portal_web.png","contentUrl":"http:\/\/www.anovapeneira.gal\/wp-content\/uploads\/2019\/06\/logo_a_nova_peneira_portal_web.png","width":300,"height":100,"caption":"A Nova Peneira"},"image":{"@id":"https:\/\/www.anovapeneira.gal\/#\/schema\/logo\/image\/"},"sameAs":["https:\/\/www.facebook.com\/anovapeneira","https:\/\/x.com\/APeneira"]},{"@type":"Person","@id":"https:\/\/www.anovapeneira.gal\/#\/schema\/person\/b93e3f8932e3f8da96334607eb6ac6aa","name":"Redacci\u00f3n A Nova Peneira","image":{"@type":"ImageObject","inLanguage":"gl-ES","@id":"https:\/\/secure.gravatar.com\/avatar\/c052a2551a06e23fac63626232eaa90abd78dbcf1700fc46a2b2c89fd27b735f?s=96&d=mm&r=g","url":"https:\/\/secure.gravatar.com\/avatar\/c052a2551a06e23fac63626232eaa90abd78dbcf1700fc46a2b2c89fd27b735f?s=96&d=mm&r=g","contentUrl":"https:\/\/secure.gravatar.com\/avatar\/c052a2551a06e23fac63626232eaa90abd78dbcf1700fc46a2b2c89fd27b735f?s=96&d=mm&r=g","caption":"Redacci\u00f3n A Nova Peneira"},"sameAs":["http:\/\/www.anovapeneira.gal\/"],"url":"https:\/\/www.anovapeneira.gal\/index.php\/author\/redactor\/"}]}},"jetpack_featured_media_url":"https:\/\/www.anovapeneira.gal\/wp-content\/uploads\/2021\/01\/base_ambulancias_061_cangas.jpg","_links":{"self":[{"href":"https:\/\/www.anovapeneira.gal\/index.php\/wp-json\/wp\/v2\/posts\/11671","targetHints":{"allow":["GET"]}}],"collection":[{"href":"https:\/\/www.anovapeneira.gal\/index.php\/wp-json\/wp\/v2\/posts"}],"about":[{"href":"https:\/\/www.anovapeneira.gal\/index.php\/wp-json\/wp\/v2\/types\/post"}],"author":[{"embeddable":true,"href":"https:\/\/www.anovapeneira.gal\/index.php\/wp-json\/wp\/v2\/users\/3"}],"replies":[{"embeddable":true,"href":"https:\/\/www.anovapeneira.gal\/index.php\/wp-json\/wp\/v2\/comments?post=11671"}],"version-history":[{"count":1,"href":"https:\/\/www.anovapeneira.gal\/index.php\/wp-json\/wp\/v2\/posts\/11671\/revisions"}],"predecessor-version":[{"id":11672,"href":"https:\/\/www.anovapeneira.gal\/index.php\/wp-json\/wp\/v2\/posts\/11671\/revisions\/11672"}],"wp:featuredmedia":[{"embeddable":true,"href":"https:\/\/www.anovapeneira.gal\/index.php\/wp-json\/wp\/v2\/media\/4765"}],"wp:attachment":[{"href":"https:\/\/www.anovapeneira.gal\/index.php\/wp-json\/wp\/v2\/media?parent=11671"}],"wp:term":[{"taxonomy":"category","embeddable":true,"href":"https:\/\/www.anovapeneira.gal\/index.php\/wp-json\/wp\/v2\/categories?post=11671"},{"taxonomy":"post_tag","embeddable":true,"href":"https:\/\/www.anovapeneira.gal\/index.php\/wp-json\/wp\/v2\/tags?post=11671"}],"curies":[{"name":"wp","href":"https:\/\/api.w.org\/{rel}","templated":true}]}}