{"id":11676,"date":"2024-05-02T10:00:06","date_gmt":"2024-05-02T08:00:06","guid":{"rendered":"https:\/\/www.anovapeneira.gal\/?p=11676"},"modified":"2024-04-29T12:20:34","modified_gmt":"2024-04-29T10:20:34","slug":"bara-acusa-ao-goberno-do-pp-de-enganar-xs-galegxs-ocultando-durante-mais-de-dous-anos-a-verdade-sobre-o-proxecto-de-altri","status":"publish","type":"post","link":"https:\/\/www.anovapeneira.gal\/index.php\/2024\/05\/02\/bara-acusa-ao-goberno-do-pp-de-enganar-xs-galegxs-ocultando-durante-mais-de-dous-anos-a-verdade-sobre-o-proxecto-de-altri\/","title":{"rendered":"Bar\u00e1 acusa ao Goberno do PP de enganar xs galegxs ocultando durante m\u00e1is de dous anos a verdade sobre o proxecto de Altri"},"content":{"rendered":"\n<h2 class=\"wp-block-heading\"><strong>O deputado do BNG acusa ao Executivo de Rueda de \u201capadri\u00f1ar\u201d unha macrofactor\u00eda que ter\u00e1 un \u201cimpacto descomunal\u201d no medio e na econom\u00eda da a<\/strong><\/h2>\n\n\n\n<p><strong>Santiago de Compostela, 23 de abril, 2024.<\/strong> <\/p>\n\n\n\n<p>O portavoz de Medio Ambiente do BNG, Lu\u00eds Bar\u00e1, acusou ao Goberno do PP de enganar aos galegos e as galegas sobre o proxecto de Altri en Galiza, pois durante m\u00e1is de dous anos a Xunta presentouno como unha factor\u00eda circular de fibras t\u00e9xtiles cando de verdade o que a empresa portuguesa quere instalar en Palas de Rei \u00e9 unha macrof\u00e1brica de pasta de celulosa soluble, destinada preferentemente \u00e1 exportaci\u00f3n.<\/p>\n\n\n\n<p>\u201cDurante dous anos ocultaron e mentiron \u00e1 cidadan\u00eda porque tiveron secuestrada a informaci\u00f3n sobre o proxecto\u201d, denunciou o deputado nacionalista durante unha interpelaci\u00f3n rexistrada, entre outras cuesti\u00f3ns, para exixir ao Goberno do PP que remita ao Parlamento toda a documentaci\u00f3n relativa \u00e1 tramitaci\u00f3n do proxecto, dende 2020 at\u00e9 que foi declarado proxecto industrial estrat\u00e9xico.<\/p>\n\n\n\n<p>A\u00ednda que nun principio Xunta e empresa anunciaron que se \u00edan fabricar 200.000 toneladas de fibras t\u00e9xtiles, en realidade o proxecto contempla a produci\u00f3n de 400.000 toneladas de pasta celulosa soluble, denunciou Bar\u00e1, que se referiu \u00e1 cifra de postos de traballo como outra das \u201cmentiras\u201d en torno a Altri. \u201cOs empregos multiplic\u00e1ronse como os pans e os peixes, anunciaron 1.500 directos e 6.500 indirectos, e agora, nunha falta de rigor absoluto, falan de 500 postos directos e 2.000 indirectos\u201d, asegurou, cuestionando tam\u00e9n estas cifras.<\/p>\n\n\n\n<p>O proxecto de Altri, engadiu, carece de viabilidade econ\u00f3mica e non conta coa patente necesaria para desenvolver as fibras t\u00e9xtiles, que pertence a unha empresa austr\u00edaca competidora da portuguesa.<\/p>\n\n\n\n<p>Fronte \u00e1 publicidade que se lle deu ao proxecto, a actividade que Altri quere desenvolver no Pa\u00eds non \u00e9 \u201cnada sostible nin circular\u201d e ter\u00e1 \u201c un impacto descomunal\u201d no territorio, no ambiente, no patrimonio cultural ou no tecido socioecon\u00f3mico da zona, as\u00ed como no r\u00edo Ulla, na r\u00eda de Arousa e no modelo forestal, afondou o deputado nacionalista, que deixou claro que o BNG nunca deu o apoio a este proxecto porque nunca se someteu a votaci\u00f3n como tal no Parlamento.<\/p>\n\n\n\n<p>Pola contra, denunciou que o Goberno do PP act\u00faa como \u201cxu\u00edz e parte\u201d pois foi a sociedade Impulsa quen promoveu e \u201capadri\u00f1ou\u201d un proxecto que foi mudando, pois nun principio estaba previsto que se implantase nas Pontes, estaba pensado para a reciclaxe de roupa e contaba co apoio de Inditex.<\/p>\n\n\n\n<p>Bar\u00e1 ironizou coa \u201cinfograf\u00eda\u201d recentemente publicada por Altri da macrof\u00e1brica que quere constru\u00edr en Palas de Rei pois semella, dixo, \u201cun barrio residencial de luxo\u201d que en realidade agocha un complexo de 1,2 mill\u00f3ns de metros cadrados de instalaci\u00f3ns contaminantes para a atmosfera e para a auga, ao car\u00f3n das que se sit\u00faan terreos propostos para unha ampliaci\u00f3n da Rede Natura que \u201ccuriosamente\u201d se paralizou e onde existen h\u00e1bitats que deben ser protexidos.<\/p>\n\n\n\n<p>O portavoz de Medio Ambiente do BNG deixou as\u00ed constancia no diario de sesi\u00f3ns da alarma social xerada en torno ao proxecto empresarial polo risco que sup\u00f3n a pasteira para a Serra do Care\u00f3n, inclu\u00edda na Rede Natura, polos efectos prexudiciais sobre a sa\u00fade das emisi\u00f3ns de gases contaminantes ou, noutra orde, polo impacto visual no Cami\u00f1o de Santiago ou noutros bens culturais da comarca.<\/p>\n\n\n\n<p>Subli\u00f1ou, as\u00ed mesmo, o dano que a macrocelulosa ter\u00eda nas actividades econ\u00f3micas e no emprego da contorna, e os efectos sobre o r\u00edo Ulla, do que se abastecer\u00eda e ao que devolver\u00eda 30.000 litros de auga sometida a unha depuraci\u00f3n industrial, a 27 graos de temperatura, que incidir\u00eda negativamente na calidade das augas, chegando a afectar \u00e1 r\u00eda de Arousa, con todo o que iso sup\u00f3n.<\/p>\n\n\n\n<p>En contra do anunciado inicialmente, segundo se exp\u00f3n na interpelaci\u00f3n do BNG, non existe vinculaci\u00f3n coa industria t\u00e9xtil situada maioritariamente no Norte de Portugal, sen\u00f3n que a maior parte da produci\u00f3n de Altri ir\u00eda destinada \u00e1 exportaci\u00f3n e \u00e1 transformaci\u00f3n en zonas do mundo moi afastadas de Galiza. \u201c\u00c9 un proxecto que atenta contra os intereses xerais de Galiza e un exemplo de libro de enclave e de espolio colonial dos recursos naturais do noso Pa\u00eds\u201d, af\u00edrmase na iniciativa defendida por Bar\u00e1, para quen os plans de Altri en Palas de Rei reproducen o modelo de Ence na r\u00eda de Pontevedra: solo barato, eucalipto a grande escala e a prezos baixos, primeira transformaci\u00f3n con escaso valor engadido e destino principal \u00e1 exportaci\u00f3n sen peche de ciclos.<\/p>\n\n\n\n<p>O BNG reclama ao Goberno de Rueda que aclare que criterios seguiu na escolla do proxecto de Altri dentro do proxecto tractor de \u2018xesti\u00f3n sost\u00edbel dos bosques galegos\u2019 , que outros proxectos se presentaron e, sobre todo, cando tivo co\u00f1ecemento das intenci\u00f3ns de Altri de constru\u00edr en Galiza unha megafactor\u00eda de pasta de celulosa e de produci\u00f3n de enerx\u00eda.<\/p>\n","protected":false},"excerpt":{"rendered":"<div class=\"mh-excerpt\"><p>O deputado do BNG acusa ao Executivo de Rueda de \u201capadri\u00f1ar\u201d unha macrofactor\u00eda que ter\u00e1 un \u201cimpacto descomunal\u201d no medio e na econom\u00eda da a <a class=\"mh-excerpt-more\" href=\"https:\/\/www.anovapeneira.gal\/index.php\/2024\/05\/02\/bara-acusa-ao-goberno-do-pp-de-enganar-xs-galegxs-ocultando-durante-mais-de-dous-anos-a-verdade-sobre-o-proxecto-de-altri\/\" title=\"Bar\u00e1 acusa ao Goberno do PP de enganar xs galegxs ocultando durante m\u00e1is de dous anos a verdade sobre o proxecto de Altri\">[&#8230;]<\/a><\/p>\n<\/div>","protected":false},"author":3,"featured_media":11677,"comment_status":"open","ping_status":"open","sticky":false,"template":"","format":"standard","meta":{"_exactmetrics_skip_tracking":false,"_exactmetrics_sitenote_active":false,"_exactmetrics_sitenote_note":"","_exactmetrics_sitenote_category":0,"footnotes":""},"categories":[263],"tags":[1398],"class_list":{"0":"post-11676","1":"post","2":"type-post","3":"status-publish","4":"format-standard","5":"has-post-thumbnail","7":"category-novas","8":"tag-altri"},"yoast_head":"<!-- This site is optimized with the Yoast SEO plugin v27.4 - https:\/\/yoast.com\/product\/yoast-seo-wordpress\/ -->\n<title>Bar\u00e1 acusa ao Goberno do PP de enganar xs galegxs ocultando durante m\u00e1is de dous anos a verdade sobre o proxecto de Altri -<\/title>\n<meta name=\"robots\" content=\"index, follow, max-snippet:-1, max-image-preview:large, max-video-preview:-1\" \/>\n<link rel=\"canonical\" href=\"https:\/\/www.anovapeneira.gal\/index.php\/2024\/05\/02\/bara-acusa-ao-goberno-do-pp-de-enganar-xs-galegxs-ocultando-durante-mais-de-dous-anos-a-verdade-sobre-o-proxecto-de-altri\/\" \/>\n<meta property=\"og:locale\" content=\"gl_ES\" \/>\n<meta property=\"og:type\" content=\"article\" \/>\n<meta property=\"og:title\" content=\"Bar\u00e1 acusa ao Goberno do PP de enganar xs galegxs ocultando durante m\u00e1is de dous anos a verdade sobre o proxecto de Altri -\" \/>\n<meta property=\"og:description\" content=\"O deputado do BNG acusa ao Executivo de Rueda de \u201capadri\u00f1ar\u201d unha macrofactor\u00eda que ter\u00e1 un \u201cimpacto descomunal\u201d no medio e na econom\u00eda da a [...]\" \/>\n<meta property=\"og:url\" content=\"https:\/\/www.anovapeneira.gal\/index.php\/2024\/05\/02\/bara-acusa-ao-goberno-do-pp-de-enganar-xs-galegxs-ocultando-durante-mais-de-dous-anos-a-verdade-sobre-o-proxecto-de-altri\/\" \/>\n<meta property=\"article:publisher\" content=\"https:\/\/www.facebook.com\/anovapeneira\" \/>\n<meta property=\"article:published_time\" content=\"2024-05-02T08:00:06+00:00\" \/>\n<meta property=\"og:image\" content=\"https:\/\/www.anovapeneira.gal\/wp-content\/uploads\/2024\/04\/luis_bara_altri.jpg\" \/>\n\t<meta property=\"og:image:width\" content=\"720\" \/>\n\t<meta property=\"og:image:height\" content=\"432\" \/>\n\t<meta property=\"og:image:type\" content=\"image\/jpeg\" \/>\n<meta name=\"author\" content=\"Redacci\u00f3n A Nova Peneira\" \/>\n<meta name=\"twitter:card\" content=\"summary_large_image\" \/>\n<meta name=\"twitter:creator\" content=\"@APeneira\" \/>\n<meta name=\"twitter:site\" content=\"@APeneira\" \/>\n<meta name=\"twitter:label1\" content=\"Escrito por\" \/>\n\t<meta name=\"twitter:data1\" content=\"Redacci\u00f3n A Nova Peneira\" \/>\n\t<meta name=\"twitter:label2\" content=\"Tempo de lectura\" \/>\n\t<meta name=\"twitter:data2\" content=\"5 minutos\" \/>\n<script type=\"application\/ld+json\" class=\"yoast-schema-graph\">{\"@context\":\"https:\\\/\\\/schema.org\",\"@graph\":[{\"@type\":\"Article\",\"@id\":\"https:\\\/\\\/www.anovapeneira.gal\\\/index.php\\\/2024\\\/05\\\/02\\\/bara-acusa-ao-goberno-do-pp-de-enganar-xs-galegxs-ocultando-durante-mais-de-dous-anos-a-verdade-sobre-o-proxecto-de-altri\\\/#article\",\"isPartOf\":{\"@id\":\"https:\\\/\\\/www.anovapeneira.gal\\\/index.php\\\/2024\\\/05\\\/02\\\/bara-acusa-ao-goberno-do-pp-de-enganar-xs-galegxs-ocultando-durante-mais-de-dous-anos-a-verdade-sobre-o-proxecto-de-altri\\\/\"},\"author\":{\"name\":\"Redacci\u00f3n A Nova Peneira\",\"@id\":\"https:\\\/\\\/www.anovapeneira.gal\\\/#\\\/schema\\\/person\\\/b93e3f8932e3f8da96334607eb6ac6aa\"},\"headline\":\"Bar\u00e1 acusa ao Goberno do PP de enganar xs galegxs ocultando durante m\u00e1is de dous anos a verdade sobre o proxecto de Altri\",\"datePublished\":\"2024-05-02T08:00:06+00:00\",\"mainEntityOfPage\":{\"@id\":\"https:\\\/\\\/www.anovapeneira.gal\\\/index.php\\\/2024\\\/05\\\/02\\\/bara-acusa-ao-goberno-do-pp-de-enganar-xs-galegxs-ocultando-durante-mais-de-dous-anos-a-verdade-sobre-o-proxecto-de-altri\\\/\"},\"wordCount\":869,\"commentCount\":0,\"publisher\":{\"@id\":\"https:\\\/\\\/www.anovapeneira.gal\\\/#organization\"},\"image\":{\"@id\":\"https:\\\/\\\/www.anovapeneira.gal\\\/index.php\\\/2024\\\/05\\\/02\\\/bara-acusa-ao-goberno-do-pp-de-enganar-xs-galegxs-ocultando-durante-mais-de-dous-anos-a-verdade-sobre-o-proxecto-de-altri\\\/#primaryimage\"},\"thumbnailUrl\":\"https:\\\/\\\/www.anovapeneira.gal\\\/wp-content\\\/uploads\\\/2024\\\/04\\\/luis_bara_altri.jpg\",\"keywords\":[\"Altri\"],\"articleSection\":[\"Novas\"],\"inLanguage\":\"gl-ES\",\"potentialAction\":[{\"@type\":\"CommentAction\",\"name\":\"Comment\",\"target\":[\"https:\\\/\\\/www.anovapeneira.gal\\\/index.php\\\/2024\\\/05\\\/02\\\/bara-acusa-ao-goberno-do-pp-de-enganar-xs-galegxs-ocultando-durante-mais-de-dous-anos-a-verdade-sobre-o-proxecto-de-altri\\\/#respond\"]}]},{\"@type\":\"WebPage\",\"@id\":\"https:\\\/\\\/www.anovapeneira.gal\\\/index.php\\\/2024\\\/05\\\/02\\\/bara-acusa-ao-goberno-do-pp-de-enganar-xs-galegxs-ocultando-durante-mais-de-dous-anos-a-verdade-sobre-o-proxecto-de-altri\\\/\",\"url\":\"https:\\\/\\\/www.anovapeneira.gal\\\/index.php\\\/2024\\\/05\\\/02\\\/bara-acusa-ao-goberno-do-pp-de-enganar-xs-galegxs-ocultando-durante-mais-de-dous-anos-a-verdade-sobre-o-proxecto-de-altri\\\/\",\"name\":\"Bar\u00e1 acusa ao Goberno do PP de enganar xs galegxs ocultando durante m\u00e1is de dous anos a verdade sobre o proxecto de Altri -\",\"isPartOf\":{\"@id\":\"https:\\\/\\\/www.anovapeneira.gal\\\/#website\"},\"primaryImageOfPage\":{\"@id\":\"https:\\\/\\\/www.anovapeneira.gal\\\/index.php\\\/2024\\\/05\\\/02\\\/bara-acusa-ao-goberno-do-pp-de-enganar-xs-galegxs-ocultando-durante-mais-de-dous-anos-a-verdade-sobre-o-proxecto-de-altri\\\/#primaryimage\"},\"image\":{\"@id\":\"https:\\\/\\\/www.anovapeneira.gal\\\/index.php\\\/2024\\\/05\\\/02\\\/bara-acusa-ao-goberno-do-pp-de-enganar-xs-galegxs-ocultando-durante-mais-de-dous-anos-a-verdade-sobre-o-proxecto-de-altri\\\/#primaryimage\"},\"thumbnailUrl\":\"https:\\\/\\\/www.anovapeneira.gal\\\/wp-content\\\/uploads\\\/2024\\\/04\\\/luis_bara_altri.jpg\",\"datePublished\":\"2024-05-02T08:00:06+00:00\",\"breadcrumb\":{\"@id\":\"https:\\\/\\\/www.anovapeneira.gal\\\/index.php\\\/2024\\\/05\\\/02\\\/bara-acusa-ao-goberno-do-pp-de-enganar-xs-galegxs-ocultando-durante-mais-de-dous-anos-a-verdade-sobre-o-proxecto-de-altri\\\/#breadcrumb\"},\"inLanguage\":\"gl-ES\",\"potentialAction\":[{\"@type\":\"ReadAction\",\"target\":[\"https:\\\/\\\/www.anovapeneira.gal\\\/index.php\\\/2024\\\/05\\\/02\\\/bara-acusa-ao-goberno-do-pp-de-enganar-xs-galegxs-ocultando-durante-mais-de-dous-anos-a-verdade-sobre-o-proxecto-de-altri\\\/\"]}]},{\"@type\":\"ImageObject\",\"inLanguage\":\"gl-ES\",\"@id\":\"https:\\\/\\\/www.anovapeneira.gal\\\/index.php\\\/2024\\\/05\\\/02\\\/bara-acusa-ao-goberno-do-pp-de-enganar-xs-galegxs-ocultando-durante-mais-de-dous-anos-a-verdade-sobre-o-proxecto-de-altri\\\/#primaryimage\",\"url\":\"https:\\\/\\\/www.anovapeneira.gal\\\/wp-content\\\/uploads\\\/2024\\\/04\\\/luis_bara_altri.jpg\",\"contentUrl\":\"https:\\\/\\\/www.anovapeneira.gal\\\/wp-content\\\/uploads\\\/2024\\\/04\\\/luis_bara_altri.jpg\",\"width\":720,\"height\":432,\"caption\":\"Lu\u00eds Bar\u00e1\"},{\"@type\":\"BreadcrumbList\",\"@id\":\"https:\\\/\\\/www.anovapeneira.gal\\\/index.php\\\/2024\\\/05\\\/02\\\/bara-acusa-ao-goberno-do-pp-de-enganar-xs-galegxs-ocultando-durante-mais-de-dous-anos-a-verdade-sobre-o-proxecto-de-altri\\\/#breadcrumb\",\"itemListElement\":[{\"@type\":\"ListItem\",\"position\":1,\"name\":\"Portada\",\"item\":\"https:\\\/\\\/www.anovapeneira.gal\\\/\"},{\"@type\":\"ListItem\",\"position\":2,\"name\":\"Bar\u00e1 acusa ao Goberno do PP de enganar xs galegxs ocultando durante m\u00e1is de dous anos a verdade sobre o proxecto de Altri\"}]},{\"@type\":\"WebSite\",\"@id\":\"https:\\\/\\\/www.anovapeneira.gal\\\/#website\",\"url\":\"https:\\\/\\\/www.anovapeneira.gal\\\/\",\"name\":\"\",\"description\":\"Xornal galego de informaci\u00f3n xeral Publicaci\u00f3n mensual de novas de Galicia e en especial dos Concellos da sur da provincia de Pontevedra.\",\"publisher\":{\"@id\":\"https:\\\/\\\/www.anovapeneira.gal\\\/#organization\"},\"potentialAction\":[{\"@type\":\"SearchAction\",\"target\":{\"@type\":\"EntryPoint\",\"urlTemplate\":\"https:\\\/\\\/www.anovapeneira.gal\\\/?s={search_term_string}\"},\"query-input\":{\"@type\":\"PropertyValueSpecification\",\"valueRequired\":true,\"valueName\":\"search_term_string\"}}],\"inLanguage\":\"gl-ES\"},{\"@type\":\"Organization\",\"@id\":\"https:\\\/\\\/www.anovapeneira.gal\\\/#organization\",\"name\":\"A Nova Peneira\",\"url\":\"https:\\\/\\\/www.anovapeneira.gal\\\/\",\"logo\":{\"@type\":\"ImageObject\",\"inLanguage\":\"gl-ES\",\"@id\":\"https:\\\/\\\/www.anovapeneira.gal\\\/#\\\/schema\\\/logo\\\/image\\\/\",\"url\":\"http:\\\/\\\/www.anovapeneira.gal\\\/wp-content\\\/uploads\\\/2019\\\/06\\\/logo_a_nova_peneira_portal_web.png\",\"contentUrl\":\"http:\\\/\\\/www.anovapeneira.gal\\\/wp-content\\\/uploads\\\/2019\\\/06\\\/logo_a_nova_peneira_portal_web.png\",\"width\":300,\"height\":100,\"caption\":\"A Nova Peneira\"},\"image\":{\"@id\":\"https:\\\/\\\/www.anovapeneira.gal\\\/#\\\/schema\\\/logo\\\/image\\\/\"},\"sameAs\":[\"https:\\\/\\\/www.facebook.com\\\/anovapeneira\",\"https:\\\/\\\/x.com\\\/APeneira\"]},{\"@type\":\"Person\",\"@id\":\"https:\\\/\\\/www.anovapeneira.gal\\\/#\\\/schema\\\/person\\\/b93e3f8932e3f8da96334607eb6ac6aa\",\"name\":\"Redacci\u00f3n A Nova Peneira\",\"image\":{\"@type\":\"ImageObject\",\"inLanguage\":\"gl-ES\",\"@id\":\"https:\\\/\\\/secure.gravatar.com\\\/avatar\\\/c052a2551a06e23fac63626232eaa90abd78dbcf1700fc46a2b2c89fd27b735f?s=96&d=mm&r=g\",\"url\":\"https:\\\/\\\/secure.gravatar.com\\\/avatar\\\/c052a2551a06e23fac63626232eaa90abd78dbcf1700fc46a2b2c89fd27b735f?s=96&d=mm&r=g\",\"contentUrl\":\"https:\\\/\\\/secure.gravatar.com\\\/avatar\\\/c052a2551a06e23fac63626232eaa90abd78dbcf1700fc46a2b2c89fd27b735f?s=96&d=mm&r=g\",\"caption\":\"Redacci\u00f3n A Nova Peneira\"},\"sameAs\":[\"http:\\\/\\\/www.anovapeneira.gal\\\/\"],\"url\":\"https:\\\/\\\/www.anovapeneira.gal\\\/index.php\\\/author\\\/redactor\\\/\"}]}<\/script>\n<!-- \/ Yoast SEO plugin. -->","yoast_head_json":{"title":"Bar\u00e1 acusa ao Goberno do PP de enganar xs galegxs ocultando durante m\u00e1is de dous anos a verdade sobre o proxecto de Altri -","robots":{"index":"index","follow":"follow","max-snippet":"max-snippet:-1","max-image-preview":"max-image-preview:large","max-video-preview":"max-video-preview:-1"},"canonical":"https:\/\/www.anovapeneira.gal\/index.php\/2024\/05\/02\/bara-acusa-ao-goberno-do-pp-de-enganar-xs-galegxs-ocultando-durante-mais-de-dous-anos-a-verdade-sobre-o-proxecto-de-altri\/","og_locale":"gl_ES","og_type":"article","og_title":"Bar\u00e1 acusa ao Goberno do PP de enganar xs galegxs ocultando durante m\u00e1is de dous anos a verdade sobre o proxecto de Altri -","og_description":"O deputado do BNG acusa ao Executivo de Rueda de \u201capadri\u00f1ar\u201d unha macrofactor\u00eda que ter\u00e1 un \u201cimpacto descomunal\u201d no medio e na econom\u00eda da a [...]","og_url":"https:\/\/www.anovapeneira.gal\/index.php\/2024\/05\/02\/bara-acusa-ao-goberno-do-pp-de-enganar-xs-galegxs-ocultando-durante-mais-de-dous-anos-a-verdade-sobre-o-proxecto-de-altri\/","article_publisher":"https:\/\/www.facebook.com\/anovapeneira","article_published_time":"2024-05-02T08:00:06+00:00","og_image":[{"width":720,"height":432,"url":"https:\/\/www.anovapeneira.gal\/wp-content\/uploads\/2024\/04\/luis_bara_altri.jpg","type":"image\/jpeg"}],"author":"Redacci\u00f3n A Nova Peneira","twitter_card":"summary_large_image","twitter_creator":"@APeneira","twitter_site":"@APeneira","twitter_misc":{"Escrito por":"Redacci\u00f3n A Nova Peneira","Tempo de lectura":"5 minutos"},"schema":{"@context":"https:\/\/schema.org","@graph":[{"@type":"Article","@id":"https:\/\/www.anovapeneira.gal\/index.php\/2024\/05\/02\/bara-acusa-ao-goberno-do-pp-de-enganar-xs-galegxs-ocultando-durante-mais-de-dous-anos-a-verdade-sobre-o-proxecto-de-altri\/#article","isPartOf":{"@id":"https:\/\/www.anovapeneira.gal\/index.php\/2024\/05\/02\/bara-acusa-ao-goberno-do-pp-de-enganar-xs-galegxs-ocultando-durante-mais-de-dous-anos-a-verdade-sobre-o-proxecto-de-altri\/"},"author":{"name":"Redacci\u00f3n A Nova Peneira","@id":"https:\/\/www.anovapeneira.gal\/#\/schema\/person\/b93e3f8932e3f8da96334607eb6ac6aa"},"headline":"Bar\u00e1 acusa ao Goberno do PP de enganar xs galegxs ocultando durante m\u00e1is de dous anos a verdade sobre o proxecto de Altri","datePublished":"2024-05-02T08:00:06+00:00","mainEntityOfPage":{"@id":"https:\/\/www.anovapeneira.gal\/index.php\/2024\/05\/02\/bara-acusa-ao-goberno-do-pp-de-enganar-xs-galegxs-ocultando-durante-mais-de-dous-anos-a-verdade-sobre-o-proxecto-de-altri\/"},"wordCount":869,"commentCount":0,"publisher":{"@id":"https:\/\/www.anovapeneira.gal\/#organization"},"image":{"@id":"https:\/\/www.anovapeneira.gal\/index.php\/2024\/05\/02\/bara-acusa-ao-goberno-do-pp-de-enganar-xs-galegxs-ocultando-durante-mais-de-dous-anos-a-verdade-sobre-o-proxecto-de-altri\/#primaryimage"},"thumbnailUrl":"https:\/\/www.anovapeneira.gal\/wp-content\/uploads\/2024\/04\/luis_bara_altri.jpg","keywords":["Altri"],"articleSection":["Novas"],"inLanguage":"gl-ES","potentialAction":[{"@type":"CommentAction","name":"Comment","target":["https:\/\/www.anovapeneira.gal\/index.php\/2024\/05\/02\/bara-acusa-ao-goberno-do-pp-de-enganar-xs-galegxs-ocultando-durante-mais-de-dous-anos-a-verdade-sobre-o-proxecto-de-altri\/#respond"]}]},{"@type":"WebPage","@id":"https:\/\/www.anovapeneira.gal\/index.php\/2024\/05\/02\/bara-acusa-ao-goberno-do-pp-de-enganar-xs-galegxs-ocultando-durante-mais-de-dous-anos-a-verdade-sobre-o-proxecto-de-altri\/","url":"https:\/\/www.anovapeneira.gal\/index.php\/2024\/05\/02\/bara-acusa-ao-goberno-do-pp-de-enganar-xs-galegxs-ocultando-durante-mais-de-dous-anos-a-verdade-sobre-o-proxecto-de-altri\/","name":"Bar\u00e1 acusa ao Goberno do PP de enganar xs galegxs ocultando durante m\u00e1is de dous anos a verdade sobre o proxecto de Altri -","isPartOf":{"@id":"https:\/\/www.anovapeneira.gal\/#website"},"primaryImageOfPage":{"@id":"https:\/\/www.anovapeneira.gal\/index.php\/2024\/05\/02\/bara-acusa-ao-goberno-do-pp-de-enganar-xs-galegxs-ocultando-durante-mais-de-dous-anos-a-verdade-sobre-o-proxecto-de-altri\/#primaryimage"},"image":{"@id":"https:\/\/www.anovapeneira.gal\/index.php\/2024\/05\/02\/bara-acusa-ao-goberno-do-pp-de-enganar-xs-galegxs-ocultando-durante-mais-de-dous-anos-a-verdade-sobre-o-proxecto-de-altri\/#primaryimage"},"thumbnailUrl":"https:\/\/www.anovapeneira.gal\/wp-content\/uploads\/2024\/04\/luis_bara_altri.jpg","datePublished":"2024-05-02T08:00:06+00:00","breadcrumb":{"@id":"https:\/\/www.anovapeneira.gal\/index.php\/2024\/05\/02\/bara-acusa-ao-goberno-do-pp-de-enganar-xs-galegxs-ocultando-durante-mais-de-dous-anos-a-verdade-sobre-o-proxecto-de-altri\/#breadcrumb"},"inLanguage":"gl-ES","potentialAction":[{"@type":"ReadAction","target":["https:\/\/www.anovapeneira.gal\/index.php\/2024\/05\/02\/bara-acusa-ao-goberno-do-pp-de-enganar-xs-galegxs-ocultando-durante-mais-de-dous-anos-a-verdade-sobre-o-proxecto-de-altri\/"]}]},{"@type":"ImageObject","inLanguage":"gl-ES","@id":"https:\/\/www.anovapeneira.gal\/index.php\/2024\/05\/02\/bara-acusa-ao-goberno-do-pp-de-enganar-xs-galegxs-ocultando-durante-mais-de-dous-anos-a-verdade-sobre-o-proxecto-de-altri\/#primaryimage","url":"https:\/\/www.anovapeneira.gal\/wp-content\/uploads\/2024\/04\/luis_bara_altri.jpg","contentUrl":"https:\/\/www.anovapeneira.gal\/wp-content\/uploads\/2024\/04\/luis_bara_altri.jpg","width":720,"height":432,"caption":"Lu\u00eds Bar\u00e1"},{"@type":"BreadcrumbList","@id":"https:\/\/www.anovapeneira.gal\/index.php\/2024\/05\/02\/bara-acusa-ao-goberno-do-pp-de-enganar-xs-galegxs-ocultando-durante-mais-de-dous-anos-a-verdade-sobre-o-proxecto-de-altri\/#breadcrumb","itemListElement":[{"@type":"ListItem","position":1,"name":"Portada","item":"https:\/\/www.anovapeneira.gal\/"},{"@type":"ListItem","position":2,"name":"Bar\u00e1 acusa ao Goberno do PP de enganar xs galegxs ocultando durante m\u00e1is de dous anos a verdade sobre o proxecto de Altri"}]},{"@type":"WebSite","@id":"https:\/\/www.anovapeneira.gal\/#website","url":"https:\/\/www.anovapeneira.gal\/","name":"","description":"Xornal galego de informaci\u00f3n xeral Publicaci\u00f3n mensual de novas de Galicia e en especial dos Concellos da sur da provincia de Pontevedra.","publisher":{"@id":"https:\/\/www.anovapeneira.gal\/#organization"},"potentialAction":[{"@type":"SearchAction","target":{"@type":"EntryPoint","urlTemplate":"https:\/\/www.anovapeneira.gal\/?s={search_term_string}"},"query-input":{"@type":"PropertyValueSpecification","valueRequired":true,"valueName":"search_term_string"}}],"inLanguage":"gl-ES"},{"@type":"Organization","@id":"https:\/\/www.anovapeneira.gal\/#organization","name":"A Nova Peneira","url":"https:\/\/www.anovapeneira.gal\/","logo":{"@type":"ImageObject","inLanguage":"gl-ES","@id":"https:\/\/www.anovapeneira.gal\/#\/schema\/logo\/image\/","url":"http:\/\/www.anovapeneira.gal\/wp-content\/uploads\/2019\/06\/logo_a_nova_peneira_portal_web.png","contentUrl":"http:\/\/www.anovapeneira.gal\/wp-content\/uploads\/2019\/06\/logo_a_nova_peneira_portal_web.png","width":300,"height":100,"caption":"A Nova Peneira"},"image":{"@id":"https:\/\/www.anovapeneira.gal\/#\/schema\/logo\/image\/"},"sameAs":["https:\/\/www.facebook.com\/anovapeneira","https:\/\/x.com\/APeneira"]},{"@type":"Person","@id":"https:\/\/www.anovapeneira.gal\/#\/schema\/person\/b93e3f8932e3f8da96334607eb6ac6aa","name":"Redacci\u00f3n A Nova Peneira","image":{"@type":"ImageObject","inLanguage":"gl-ES","@id":"https:\/\/secure.gravatar.com\/avatar\/c052a2551a06e23fac63626232eaa90abd78dbcf1700fc46a2b2c89fd27b735f?s=96&d=mm&r=g","url":"https:\/\/secure.gravatar.com\/avatar\/c052a2551a06e23fac63626232eaa90abd78dbcf1700fc46a2b2c89fd27b735f?s=96&d=mm&r=g","contentUrl":"https:\/\/secure.gravatar.com\/avatar\/c052a2551a06e23fac63626232eaa90abd78dbcf1700fc46a2b2c89fd27b735f?s=96&d=mm&r=g","caption":"Redacci\u00f3n A Nova Peneira"},"sameAs":["http:\/\/www.anovapeneira.gal\/"],"url":"https:\/\/www.anovapeneira.gal\/index.php\/author\/redactor\/"}]}},"jetpack_featured_media_url":"https:\/\/www.anovapeneira.gal\/wp-content\/uploads\/2024\/04\/luis_bara_altri.jpg","_links":{"self":[{"href":"https:\/\/www.anovapeneira.gal\/index.php\/wp-json\/wp\/v2\/posts\/11676","targetHints":{"allow":["GET"]}}],"collection":[{"href":"https:\/\/www.anovapeneira.gal\/index.php\/wp-json\/wp\/v2\/posts"}],"about":[{"href":"https:\/\/www.anovapeneira.gal\/index.php\/wp-json\/wp\/v2\/types\/post"}],"author":[{"embeddable":true,"href":"https:\/\/www.anovapeneira.gal\/index.php\/wp-json\/wp\/v2\/users\/3"}],"replies":[{"embeddable":true,"href":"https:\/\/www.anovapeneira.gal\/index.php\/wp-json\/wp\/v2\/comments?post=11676"}],"version-history":[{"count":1,"href":"https:\/\/www.anovapeneira.gal\/index.php\/wp-json\/wp\/v2\/posts\/11676\/revisions"}],"predecessor-version":[{"id":11678,"href":"https:\/\/www.anovapeneira.gal\/index.php\/wp-json\/wp\/v2\/posts\/11676\/revisions\/11678"}],"wp:featuredmedia":[{"embeddable":true,"href":"https:\/\/www.anovapeneira.gal\/index.php\/wp-json\/wp\/v2\/media\/11677"}],"wp:attachment":[{"href":"https:\/\/www.anovapeneira.gal\/index.php\/wp-json\/wp\/v2\/media?parent=11676"}],"wp:term":[{"taxonomy":"category","embeddable":true,"href":"https:\/\/www.anovapeneira.gal\/index.php\/wp-json\/wp\/v2\/categories?post=11676"},{"taxonomy":"post_tag","embeddable":true,"href":"https:\/\/www.anovapeneira.gal\/index.php\/wp-json\/wp\/v2\/tags?post=11676"}],"curies":[{"name":"wp","href":"https:\/\/api.w.org\/{rel}","templated":true}]}}