{"id":11690,"date":"2024-05-06T12:00:28","date_gmt":"2024-05-06T10:00:28","guid":{"rendered":"https:\/\/www.anovapeneira.gal\/?p=11690"},"modified":"2024-04-29T12:47:52","modified_gmt":"2024-04-29T10:47:52","slug":"ponton-avanza-unha-campana-das-europeas-100-galega-cun-obxectivo-darlle-a-galiza-un-escano-de-pais-en-bruxelas","status":"publish","type":"post","link":"https:\/\/www.anovapeneira.gal\/index.php\/2024\/05\/06\/ponton-avanza-unha-campana-das-europeas-100-galega-cun-obxectivo-darlle-a-galiza-un-escano-de-pais-en-bruxelas\/","title":{"rendered":"Pont\u00f3n avanza unha campa\u00f1a das europeas 100% galega cun obxectivo: \u201cDarlle a Galiza un escano de pa\u00eds en Bruxelas\u201d"},"content":{"rendered":"\n<h2 class=\"wp-block-heading\"><strong>O BNG aproba programa e candidatura encabezada por Miranda, cuxo traballo en Bruxelas \u00e9 o \u201cmellor aval\u201d para pedir o apoio nas urnas o 9X<\/strong><\/h2>\n\n\n\n<h3 class=\"wp-block-heading\"><strong>Augura que o PP far\u00e1 unha campa\u00f1a sucia que o BNG contrarrestar\u00e1 falando dos problemas reais da xente e do que Galiza se xoga en Europa<\/strong><\/h3>\n\n\n\n<p><strong>Santiago de Compostela, 27 de abril 2023<\/strong><\/p>\n\n\n\n<p>O Consello Nacional aprobou o programa electoral e a candidatura do BNG para os comicios europeos, lista que volve encabezar a at\u00e9 agora eurodeputada Ana Miranda, acompa\u00f1ada por un conxunto de homes e mulleres comprometidas co Pa\u00eds do \u00e1mbito da econom\u00eda, dos movementos sociais, da cultura ou dos sectores produtivos m\u00e1is afectados polas pol\u00edticas da UE.<\/p>\n\n\n\n<p>Como n\u00famero dous, Bieito Lobeira, membro da Executiva e bo co\u00f1ecedor do sector pesqueiro; de n\u00famero tres, Mar P\u00e9rez, profesora da USC; como n\u00famero catro, Rogelio Santos, mari\u00f1eiro e divulgador; seguido de Miriam Opazo, creadora audiovisual, e de Roberto Pascual, director art\u00edstico da <em>Mostra de Teatro de Ribadavia<\/em>. Completan a candidatura Keina Espi\u00f1eira, Artai Gavilanes, Ant\u00eda Maneiro, Fernando Camino, Pilar V\u00e1zquez e Kevin Gonz\u00e1lez.<\/p>\n\n\n\n<p>Na s\u00faa intervenci\u00f3n, a portavoz nacional, Ana Pont\u00f3n, puxo en valor o traballo realizado por Miranda en Bruxelas en defensa dos intereses de Galiza, \u201co mellor aval\u201d para pedir a confianza da cidadan\u00eda o 9 de xu\u00f1o, e anticipou unha campa\u00f1a \u201ccen por cen galega\u201d centrada nos problemas reais da xente, cun obxectivo moi claro: que Galiza te\u00f1a un escano de pa\u00eds da man do BNG.<\/p>\n\n\n\n<p>\u201cO escano do BNG foi o escano do pobo galego e as\u00ed o seguir\u00e1 sendo con m\u00e1is forza a partir do 9X, ese \u00e9 o noso obxectivo porque Galiza precisa ter voz propia en Europa para facerse escoitar, para negociar, para defender os nosos sectores produtivos, \u00e1 xente do mar e do rural, o noso medio ambiente e territorio, para defender o avance dos dereitos sociais da clase traballadora\u201d, argumentou na s\u00faa intervenci\u00f3n ante o Consello Nacional.<\/p>\n\n\n\n<p>Pont\u00f3n recalcou que fronte a \u201cdiscursos importados\u201d que nada interesan nin nada resolven, o BNG vai falar na campa\u00f1a dos problemas reais da xente, \u201cdo que lles preocupa \u00e1s gandeiras que sacan adiante as s\u00faas explotaci\u00f3ns leiteiras; dos produtores de pataca da Limia ou de Berganti\u00f1os; dos mari\u00f1eiros afectados polos recortes das cotas de pesca; das mariscadoras que soportan a perda de produtividade das nosas r\u00edas; dos viticultores afectados pola PAC\u201d.<\/p>\n\n\n\n<p>Neste sentido, a portavoz nacional instou a non caer na trampa dun Partido Popular m\u00e1is ultra que nunca que, augurou, vai repetir a mesma campa\u00f1a sucia do 18F, \u201ca mesma estratexia da mentira, do insulto e da crispaci\u00f3n; e non temos ningunha d\u00fabida de que volver\u00e1 usar a TVG, -a televisi\u00f3n p\u00fablica-, como ferramenta de manipulaci\u00f3n e desinformaci\u00f3n ao servizo do PP\u201d.<\/p>\n\n\n\n<p>En Galiza, recalcou, \u201cco\u00f1ecemos moi ben as campa\u00f1as sucias do PP as s\u00faas t\u00e1cticas destrutivas baseadas na difamaci\u00f3n, no insulto e na descualificaci\u00f3n persoal, sen importarlle saltar todas as li\u00f1as vermellas con tal de facerse co poder, porque no PP son expertos no xogo sucio e entenden a pol\u00edtica como un medio para ocupar as instituci\u00f3ns\u201d, alegou.<\/p>\n\n\n\n<p>Por iso, o BNG non vai entrar na s\u00faa estratexia, subli\u00f1ou, \u201cporque entendemos a pol\u00edtica como ferramenta para mellorar a vida das persoas e fronte a un PP empe\u00f1ado en enlamar o debate, o BNG falar\u00e1 de pesca, do prezo do leite, de como ter un rural vivo; fronte a un PP instalado no insulto e na mentira; o BNG falar\u00e1 da rexeneraci\u00f3n das nosas r\u00edas, de cambio clim\u00e1tico, do futuro da xente moza; fronte a un PP sen alternativas, o BNG falar\u00e1 das nosas propostas para defender os intereses de Galiza en Europa\u201d, recalcou.<\/p>\n\n\n\n<p>Pont\u00f3n contrapuxo o traballo a favor de Galiza levado a cabo por Miranda cun Goberno de Rueda que s\u00f3 demostrou incapacidade pol\u00edtica e mesmo desleixo para defender os intereses do Pa\u00eds ante as instituci\u00f3ns europeas, incluso votando en contra de propostas do Bloque importantes para mellorar a vida da xente.<\/p>\n\n\n\n<p>Grazas ao BNG, en Bruxelas falouse da frota pesqueira, do sector leiteiro, do saneamento das r\u00edas, da emigraci\u00f3n da xente moza; da fuga de talento investigador, do abandono do rural; do corredor atl\u00e1ntico, da eurorrexi\u00f3n Galiza Norte de Portugal. Da man de Miranda abordouse na Euroc\u00e1mara un modelo enerx\u00e9tico alternativo ao espolio e\u00f3lico; a rexeneraci\u00f3n democr\u00e1tica e a memoria hist\u00f3rica, a defensa dos servizos p\u00fablicos e a situaci\u00f3n da nosa lingua.<\/p>\n\n\n\n<p><em><strong>Ter voz propia na UE<\/strong><\/em><\/p>\n\n\n\n<p>\u201cPor iso \u00e9 tan importante seguir contando cunha voz propia en Europa, que s\u00f3 se deba \u00f3s galegos e \u00e1s galegas e te\u00f1o a seguridade de que despois do resultado hist\u00f3rico do 18F imos conseguir darlle a Galiza un escano galego con m\u00e1is forza, un escano de Pa\u00eds\u201d, proclamou.<\/p>\n\n\n\n<p>A portavoz nacional destacou que o escano do BNG tam\u00e9n serve para axudar a constru\u00edr unha Europa dos pobos, que lonxe de actuar como \u201csat\u00e9lite\u201d e mera comparsa de Estados Unidos e da OTAN, defenda un mundo m\u00e1is libre, m\u00e1is xusto e en paz. \u201cEmpezando por deixar atr\u00e1s o seu vergo\u00f1ento papel ante o xenocidio do pobo palestino. Basta xa! Europa ten que ir m\u00e1is al\u00f3 de mornas declaraci\u00f3ns e traballar activamente pola paz en Palestina, en Ucra\u00edna e ante todas as guerras\u201d.<\/p>\n\n\n\n<p>O BNG sempre foi moi cr\u00edtico con esta Uni\u00f3n Europea, indicou, pero para constru\u00edr unha alternativa \u201chai que estar en Bruxelas con toda a forza que nos dean as urnas, estar al\u00ed con voz propia para defender, como sempre fixemos, outra Europa posible: a favor da maior\u00eda social, da clase traballadora, das mulleres e para darlle futuro \u00e1 xente moza\u201d, conclu\u00edu.<\/p>\n\n\n\n<p>A cabeza de lista e at\u00e9 agora eurodeputada, Ana Miranda, foi nesta lexislatura vicepresidenta da Comisi\u00f3n de Petici\u00f3ns da Euroc\u00e1mara, membro das comisi\u00f3ns de Pesca, de Pol\u00edtica de Cohesi\u00f3n e de Dereitos Humanos desde as que desenvolveu un intenso traballo en defensa de Galiza con numerosas iniciativas sobre os sectores produtivos, para a preservaci\u00f3n do territorio e a favor dos dereitos socias e liberdades. Defensora da paz e do internacionalismo, tivo un papel moi activo na denuncia do xenocidio en Gaza e polo Pobo Palestino as\u00ed como ante outros conflicto b\u00e9licos reclamando sempre un papel activo da UE a favor da paz.<\/p>\n","protected":false},"excerpt":{"rendered":"<div class=\"mh-excerpt\"><p>O BNG aproba programa e candidatura encabezada por Miranda, cuxo traballo en Bruxelas \u00e9 o \u201cmellor aval\u201d para pedir o apoio nas urnas o 9X <a class=\"mh-excerpt-more\" href=\"https:\/\/www.anovapeneira.gal\/index.php\/2024\/05\/06\/ponton-avanza-unha-campana-das-europeas-100-galega-cun-obxectivo-darlle-a-galiza-un-escano-de-pais-en-bruxelas\/\" title=\"Pont\u00f3n avanza unha campa\u00f1a das europeas 100% galega cun obxectivo: \u201cDarlle a Galiza un escano de pa\u00eds en Bruxelas\u201d\">[&#8230;]<\/a><\/p>\n<\/div>","protected":false},"author":3,"featured_media":11692,"comment_status":"open","ping_status":"open","sticky":false,"template":"","format":"standard","meta":{"_exactmetrics_skip_tracking":false,"_exactmetrics_sitenote_active":false,"_exactmetrics_sitenote_note":"","_exactmetrics_sitenote_category":0,"footnotes":""},"categories":[263],"tags":[10],"class_list":{"0":"post-11690","1":"post","2":"type-post","3":"status-publish","4":"format-standard","5":"has-post-thumbnail","7":"category-novas","8":"tag-bng"},"yoast_head":"<!-- This site is optimized with the Yoast SEO plugin v27.4 - https:\/\/yoast.com\/product\/yoast-seo-wordpress\/ -->\n<title>Pont\u00f3n avanza unha campa\u00f1a das europeas 100% galega cun obxectivo: \u201cDarlle a Galiza un escano de pa\u00eds en Bruxelas\u201d -<\/title>\n<meta name=\"robots\" content=\"index, follow, max-snippet:-1, max-image-preview:large, max-video-preview:-1\" \/>\n<link rel=\"canonical\" href=\"https:\/\/www.anovapeneira.gal\/index.php\/2024\/05\/06\/ponton-avanza-unha-campana-das-europeas-100-galega-cun-obxectivo-darlle-a-galiza-un-escano-de-pais-en-bruxelas\/\" \/>\n<meta property=\"og:locale\" content=\"gl_ES\" \/>\n<meta property=\"og:type\" content=\"article\" \/>\n<meta property=\"og:title\" content=\"Pont\u00f3n avanza unha campa\u00f1a das europeas 100% galega cun obxectivo: \u201cDarlle a Galiza un escano de pa\u00eds en Bruxelas\u201d -\" \/>\n<meta property=\"og:description\" content=\"O BNG aproba programa e candidatura encabezada por Miranda, cuxo traballo en Bruxelas \u00e9 o \u201cmellor aval\u201d para pedir o apoio nas urnas o 9X [...]\" \/>\n<meta property=\"og:url\" content=\"https:\/\/www.anovapeneira.gal\/index.php\/2024\/05\/06\/ponton-avanza-unha-campana-das-europeas-100-galega-cun-obxectivo-darlle-a-galiza-un-escano-de-pais-en-bruxelas\/\" \/>\n<meta property=\"article:publisher\" content=\"https:\/\/www.facebook.com\/anovapeneira\" \/>\n<meta property=\"article:published_time\" content=\"2024-05-06T10:00:28+00:00\" \/>\n<meta property=\"og:image\" content=\"https:\/\/www.anovapeneira.gal\/wp-content\/uploads\/2024\/04\/ponton_miranda.jpg\" \/>\n\t<meta property=\"og:image:width\" content=\"720\" \/>\n\t<meta property=\"og:image:height\" content=\"432\" \/>\n\t<meta property=\"og:image:type\" content=\"image\/jpeg\" \/>\n<meta name=\"author\" content=\"Redacci\u00f3n A Nova Peneira\" \/>\n<meta name=\"twitter:card\" content=\"summary_large_image\" \/>\n<meta name=\"twitter:creator\" content=\"@APeneira\" \/>\n<meta name=\"twitter:site\" content=\"@APeneira\" \/>\n<meta name=\"twitter:label1\" content=\"Escrito por\" \/>\n\t<meta name=\"twitter:data1\" content=\"Redacci\u00f3n A Nova Peneira\" \/>\n\t<meta name=\"twitter:label2\" content=\"Tempo de lectura\" \/>\n\t<meta name=\"twitter:data2\" content=\"6 minutos\" \/>\n<script type=\"application\/ld+json\" class=\"yoast-schema-graph\">{\"@context\":\"https:\\\/\\\/schema.org\",\"@graph\":[{\"@type\":\"Article\",\"@id\":\"https:\\\/\\\/www.anovapeneira.gal\\\/index.php\\\/2024\\\/05\\\/06\\\/ponton-avanza-unha-campana-das-europeas-100-galega-cun-obxectivo-darlle-a-galiza-un-escano-de-pais-en-bruxelas\\\/#article\",\"isPartOf\":{\"@id\":\"https:\\\/\\\/www.anovapeneira.gal\\\/index.php\\\/2024\\\/05\\\/06\\\/ponton-avanza-unha-campana-das-europeas-100-galega-cun-obxectivo-darlle-a-galiza-un-escano-de-pais-en-bruxelas\\\/\"},\"author\":{\"name\":\"Redacci\u00f3n A Nova Peneira\",\"@id\":\"https:\\\/\\\/www.anovapeneira.gal\\\/#\\\/schema\\\/person\\\/b93e3f8932e3f8da96334607eb6ac6aa\"},\"headline\":\"Pont\u00f3n avanza unha campa\u00f1a das europeas 100% galega cun obxectivo: \u201cDarlle a Galiza un escano de pa\u00eds en Bruxelas\u201d\",\"datePublished\":\"2024-05-06T10:00:28+00:00\",\"mainEntityOfPage\":{\"@id\":\"https:\\\/\\\/www.anovapeneira.gal\\\/index.php\\\/2024\\\/05\\\/06\\\/ponton-avanza-unha-campana-das-europeas-100-galega-cun-obxectivo-darlle-a-galiza-un-escano-de-pais-en-bruxelas\\\/\"},\"wordCount\":1142,\"commentCount\":0,\"publisher\":{\"@id\":\"https:\\\/\\\/www.anovapeneira.gal\\\/#organization\"},\"image\":{\"@id\":\"https:\\\/\\\/www.anovapeneira.gal\\\/index.php\\\/2024\\\/05\\\/06\\\/ponton-avanza-unha-campana-das-europeas-100-galega-cun-obxectivo-darlle-a-galiza-un-escano-de-pais-en-bruxelas\\\/#primaryimage\"},\"thumbnailUrl\":\"https:\\\/\\\/www.anovapeneira.gal\\\/wp-content\\\/uploads\\\/2024\\\/04\\\/ponton_miranda.jpg\",\"keywords\":[\"BNG\"],\"articleSection\":[\"Novas\"],\"inLanguage\":\"gl-ES\",\"potentialAction\":[{\"@type\":\"CommentAction\",\"name\":\"Comment\",\"target\":[\"https:\\\/\\\/www.anovapeneira.gal\\\/index.php\\\/2024\\\/05\\\/06\\\/ponton-avanza-unha-campana-das-europeas-100-galega-cun-obxectivo-darlle-a-galiza-un-escano-de-pais-en-bruxelas\\\/#respond\"]}]},{\"@type\":\"WebPage\",\"@id\":\"https:\\\/\\\/www.anovapeneira.gal\\\/index.php\\\/2024\\\/05\\\/06\\\/ponton-avanza-unha-campana-das-europeas-100-galega-cun-obxectivo-darlle-a-galiza-un-escano-de-pais-en-bruxelas\\\/\",\"url\":\"https:\\\/\\\/www.anovapeneira.gal\\\/index.php\\\/2024\\\/05\\\/06\\\/ponton-avanza-unha-campana-das-europeas-100-galega-cun-obxectivo-darlle-a-galiza-un-escano-de-pais-en-bruxelas\\\/\",\"name\":\"Pont\u00f3n avanza unha campa\u00f1a das europeas 100% galega cun obxectivo: \u201cDarlle a Galiza un escano de pa\u00eds en Bruxelas\u201d -\",\"isPartOf\":{\"@id\":\"https:\\\/\\\/www.anovapeneira.gal\\\/#website\"},\"primaryImageOfPage\":{\"@id\":\"https:\\\/\\\/www.anovapeneira.gal\\\/index.php\\\/2024\\\/05\\\/06\\\/ponton-avanza-unha-campana-das-europeas-100-galega-cun-obxectivo-darlle-a-galiza-un-escano-de-pais-en-bruxelas\\\/#primaryimage\"},\"image\":{\"@id\":\"https:\\\/\\\/www.anovapeneira.gal\\\/index.php\\\/2024\\\/05\\\/06\\\/ponton-avanza-unha-campana-das-europeas-100-galega-cun-obxectivo-darlle-a-galiza-un-escano-de-pais-en-bruxelas\\\/#primaryimage\"},\"thumbnailUrl\":\"https:\\\/\\\/www.anovapeneira.gal\\\/wp-content\\\/uploads\\\/2024\\\/04\\\/ponton_miranda.jpg\",\"datePublished\":\"2024-05-06T10:00:28+00:00\",\"breadcrumb\":{\"@id\":\"https:\\\/\\\/www.anovapeneira.gal\\\/index.php\\\/2024\\\/05\\\/06\\\/ponton-avanza-unha-campana-das-europeas-100-galega-cun-obxectivo-darlle-a-galiza-un-escano-de-pais-en-bruxelas\\\/#breadcrumb\"},\"inLanguage\":\"gl-ES\",\"potentialAction\":[{\"@type\":\"ReadAction\",\"target\":[\"https:\\\/\\\/www.anovapeneira.gal\\\/index.php\\\/2024\\\/05\\\/06\\\/ponton-avanza-unha-campana-das-europeas-100-galega-cun-obxectivo-darlle-a-galiza-un-escano-de-pais-en-bruxelas\\\/\"]}]},{\"@type\":\"ImageObject\",\"inLanguage\":\"gl-ES\",\"@id\":\"https:\\\/\\\/www.anovapeneira.gal\\\/index.php\\\/2024\\\/05\\\/06\\\/ponton-avanza-unha-campana-das-europeas-100-galega-cun-obxectivo-darlle-a-galiza-un-escano-de-pais-en-bruxelas\\\/#primaryimage\",\"url\":\"https:\\\/\\\/www.anovapeneira.gal\\\/wp-content\\\/uploads\\\/2024\\\/04\\\/ponton_miranda.jpg\",\"contentUrl\":\"https:\\\/\\\/www.anovapeneira.gal\\\/wp-content\\\/uploads\\\/2024\\\/04\\\/ponton_miranda.jpg\",\"width\":720,\"height\":432,\"caption\":\"Ana Pont\u00f3n Miranda BNG\"},{\"@type\":\"BreadcrumbList\",\"@id\":\"https:\\\/\\\/www.anovapeneira.gal\\\/index.php\\\/2024\\\/05\\\/06\\\/ponton-avanza-unha-campana-das-europeas-100-galega-cun-obxectivo-darlle-a-galiza-un-escano-de-pais-en-bruxelas\\\/#breadcrumb\",\"itemListElement\":[{\"@type\":\"ListItem\",\"position\":1,\"name\":\"Portada\",\"item\":\"https:\\\/\\\/www.anovapeneira.gal\\\/\"},{\"@type\":\"ListItem\",\"position\":2,\"name\":\"Pont\u00f3n avanza unha campa\u00f1a das europeas 100% galega cun obxectivo: \u201cDarlle a Galiza un escano de pa\u00eds en Bruxelas\u201d\"}]},{\"@type\":\"WebSite\",\"@id\":\"https:\\\/\\\/www.anovapeneira.gal\\\/#website\",\"url\":\"https:\\\/\\\/www.anovapeneira.gal\\\/\",\"name\":\"\",\"description\":\"Xornal galego de informaci\u00f3n xeral Publicaci\u00f3n mensual de novas de Galicia e en especial dos Concellos da sur da provincia de Pontevedra.\",\"publisher\":{\"@id\":\"https:\\\/\\\/www.anovapeneira.gal\\\/#organization\"},\"potentialAction\":[{\"@type\":\"SearchAction\",\"target\":{\"@type\":\"EntryPoint\",\"urlTemplate\":\"https:\\\/\\\/www.anovapeneira.gal\\\/?s={search_term_string}\"},\"query-input\":{\"@type\":\"PropertyValueSpecification\",\"valueRequired\":true,\"valueName\":\"search_term_string\"}}],\"inLanguage\":\"gl-ES\"},{\"@type\":\"Organization\",\"@id\":\"https:\\\/\\\/www.anovapeneira.gal\\\/#organization\",\"name\":\"A Nova Peneira\",\"url\":\"https:\\\/\\\/www.anovapeneira.gal\\\/\",\"logo\":{\"@type\":\"ImageObject\",\"inLanguage\":\"gl-ES\",\"@id\":\"https:\\\/\\\/www.anovapeneira.gal\\\/#\\\/schema\\\/logo\\\/image\\\/\",\"url\":\"http:\\\/\\\/www.anovapeneira.gal\\\/wp-content\\\/uploads\\\/2019\\\/06\\\/logo_a_nova_peneira_portal_web.png\",\"contentUrl\":\"http:\\\/\\\/www.anovapeneira.gal\\\/wp-content\\\/uploads\\\/2019\\\/06\\\/logo_a_nova_peneira_portal_web.png\",\"width\":300,\"height\":100,\"caption\":\"A Nova Peneira\"},\"image\":{\"@id\":\"https:\\\/\\\/www.anovapeneira.gal\\\/#\\\/schema\\\/logo\\\/image\\\/\"},\"sameAs\":[\"https:\\\/\\\/www.facebook.com\\\/anovapeneira\",\"https:\\\/\\\/x.com\\\/APeneira\"]},{\"@type\":\"Person\",\"@id\":\"https:\\\/\\\/www.anovapeneira.gal\\\/#\\\/schema\\\/person\\\/b93e3f8932e3f8da96334607eb6ac6aa\",\"name\":\"Redacci\u00f3n A Nova Peneira\",\"image\":{\"@type\":\"ImageObject\",\"inLanguage\":\"gl-ES\",\"@id\":\"https:\\\/\\\/secure.gravatar.com\\\/avatar\\\/c052a2551a06e23fac63626232eaa90abd78dbcf1700fc46a2b2c89fd27b735f?s=96&d=mm&r=g\",\"url\":\"https:\\\/\\\/secure.gravatar.com\\\/avatar\\\/c052a2551a06e23fac63626232eaa90abd78dbcf1700fc46a2b2c89fd27b735f?s=96&d=mm&r=g\",\"contentUrl\":\"https:\\\/\\\/secure.gravatar.com\\\/avatar\\\/c052a2551a06e23fac63626232eaa90abd78dbcf1700fc46a2b2c89fd27b735f?s=96&d=mm&r=g\",\"caption\":\"Redacci\u00f3n A Nova Peneira\"},\"sameAs\":[\"http:\\\/\\\/www.anovapeneira.gal\\\/\"],\"url\":\"https:\\\/\\\/www.anovapeneira.gal\\\/index.php\\\/author\\\/redactor\\\/\"}]}<\/script>\n<!-- \/ Yoast SEO plugin. -->","yoast_head_json":{"title":"Pont\u00f3n avanza unha campa\u00f1a das europeas 100% galega cun obxectivo: \u201cDarlle a Galiza un escano de pa\u00eds en Bruxelas\u201d -","robots":{"index":"index","follow":"follow","max-snippet":"max-snippet:-1","max-image-preview":"max-image-preview:large","max-video-preview":"max-video-preview:-1"},"canonical":"https:\/\/www.anovapeneira.gal\/index.php\/2024\/05\/06\/ponton-avanza-unha-campana-das-europeas-100-galega-cun-obxectivo-darlle-a-galiza-un-escano-de-pais-en-bruxelas\/","og_locale":"gl_ES","og_type":"article","og_title":"Pont\u00f3n avanza unha campa\u00f1a das europeas 100% galega cun obxectivo: \u201cDarlle a Galiza un escano de pa\u00eds en Bruxelas\u201d -","og_description":"O BNG aproba programa e candidatura encabezada por Miranda, cuxo traballo en Bruxelas \u00e9 o \u201cmellor aval\u201d para pedir o apoio nas urnas o 9X [...]","og_url":"https:\/\/www.anovapeneira.gal\/index.php\/2024\/05\/06\/ponton-avanza-unha-campana-das-europeas-100-galega-cun-obxectivo-darlle-a-galiza-un-escano-de-pais-en-bruxelas\/","article_publisher":"https:\/\/www.facebook.com\/anovapeneira","article_published_time":"2024-05-06T10:00:28+00:00","og_image":[{"width":720,"height":432,"url":"https:\/\/www.anovapeneira.gal\/wp-content\/uploads\/2024\/04\/ponton_miranda.jpg","type":"image\/jpeg"}],"author":"Redacci\u00f3n A Nova Peneira","twitter_card":"summary_large_image","twitter_creator":"@APeneira","twitter_site":"@APeneira","twitter_misc":{"Escrito por":"Redacci\u00f3n A Nova Peneira","Tempo de lectura":"6 minutos"},"schema":{"@context":"https:\/\/schema.org","@graph":[{"@type":"Article","@id":"https:\/\/www.anovapeneira.gal\/index.php\/2024\/05\/06\/ponton-avanza-unha-campana-das-europeas-100-galega-cun-obxectivo-darlle-a-galiza-un-escano-de-pais-en-bruxelas\/#article","isPartOf":{"@id":"https:\/\/www.anovapeneira.gal\/index.php\/2024\/05\/06\/ponton-avanza-unha-campana-das-europeas-100-galega-cun-obxectivo-darlle-a-galiza-un-escano-de-pais-en-bruxelas\/"},"author":{"name":"Redacci\u00f3n A Nova Peneira","@id":"https:\/\/www.anovapeneira.gal\/#\/schema\/person\/b93e3f8932e3f8da96334607eb6ac6aa"},"headline":"Pont\u00f3n avanza unha campa\u00f1a das europeas 100% galega cun obxectivo: \u201cDarlle a Galiza un escano de pa\u00eds en Bruxelas\u201d","datePublished":"2024-05-06T10:00:28+00:00","mainEntityOfPage":{"@id":"https:\/\/www.anovapeneira.gal\/index.php\/2024\/05\/06\/ponton-avanza-unha-campana-das-europeas-100-galega-cun-obxectivo-darlle-a-galiza-un-escano-de-pais-en-bruxelas\/"},"wordCount":1142,"commentCount":0,"publisher":{"@id":"https:\/\/www.anovapeneira.gal\/#organization"},"image":{"@id":"https:\/\/www.anovapeneira.gal\/index.php\/2024\/05\/06\/ponton-avanza-unha-campana-das-europeas-100-galega-cun-obxectivo-darlle-a-galiza-un-escano-de-pais-en-bruxelas\/#primaryimage"},"thumbnailUrl":"https:\/\/www.anovapeneira.gal\/wp-content\/uploads\/2024\/04\/ponton_miranda.jpg","keywords":["BNG"],"articleSection":["Novas"],"inLanguage":"gl-ES","potentialAction":[{"@type":"CommentAction","name":"Comment","target":["https:\/\/www.anovapeneira.gal\/index.php\/2024\/05\/06\/ponton-avanza-unha-campana-das-europeas-100-galega-cun-obxectivo-darlle-a-galiza-un-escano-de-pais-en-bruxelas\/#respond"]}]},{"@type":"WebPage","@id":"https:\/\/www.anovapeneira.gal\/index.php\/2024\/05\/06\/ponton-avanza-unha-campana-das-europeas-100-galega-cun-obxectivo-darlle-a-galiza-un-escano-de-pais-en-bruxelas\/","url":"https:\/\/www.anovapeneira.gal\/index.php\/2024\/05\/06\/ponton-avanza-unha-campana-das-europeas-100-galega-cun-obxectivo-darlle-a-galiza-un-escano-de-pais-en-bruxelas\/","name":"Pont\u00f3n avanza unha campa\u00f1a das europeas 100% galega cun obxectivo: \u201cDarlle a Galiza un escano de pa\u00eds en Bruxelas\u201d -","isPartOf":{"@id":"https:\/\/www.anovapeneira.gal\/#website"},"primaryImageOfPage":{"@id":"https:\/\/www.anovapeneira.gal\/index.php\/2024\/05\/06\/ponton-avanza-unha-campana-das-europeas-100-galega-cun-obxectivo-darlle-a-galiza-un-escano-de-pais-en-bruxelas\/#primaryimage"},"image":{"@id":"https:\/\/www.anovapeneira.gal\/index.php\/2024\/05\/06\/ponton-avanza-unha-campana-das-europeas-100-galega-cun-obxectivo-darlle-a-galiza-un-escano-de-pais-en-bruxelas\/#primaryimage"},"thumbnailUrl":"https:\/\/www.anovapeneira.gal\/wp-content\/uploads\/2024\/04\/ponton_miranda.jpg","datePublished":"2024-05-06T10:00:28+00:00","breadcrumb":{"@id":"https:\/\/www.anovapeneira.gal\/index.php\/2024\/05\/06\/ponton-avanza-unha-campana-das-europeas-100-galega-cun-obxectivo-darlle-a-galiza-un-escano-de-pais-en-bruxelas\/#breadcrumb"},"inLanguage":"gl-ES","potentialAction":[{"@type":"ReadAction","target":["https:\/\/www.anovapeneira.gal\/index.php\/2024\/05\/06\/ponton-avanza-unha-campana-das-europeas-100-galega-cun-obxectivo-darlle-a-galiza-un-escano-de-pais-en-bruxelas\/"]}]},{"@type":"ImageObject","inLanguage":"gl-ES","@id":"https:\/\/www.anovapeneira.gal\/index.php\/2024\/05\/06\/ponton-avanza-unha-campana-das-europeas-100-galega-cun-obxectivo-darlle-a-galiza-un-escano-de-pais-en-bruxelas\/#primaryimage","url":"https:\/\/www.anovapeneira.gal\/wp-content\/uploads\/2024\/04\/ponton_miranda.jpg","contentUrl":"https:\/\/www.anovapeneira.gal\/wp-content\/uploads\/2024\/04\/ponton_miranda.jpg","width":720,"height":432,"caption":"Ana Pont\u00f3n Miranda BNG"},{"@type":"BreadcrumbList","@id":"https:\/\/www.anovapeneira.gal\/index.php\/2024\/05\/06\/ponton-avanza-unha-campana-das-europeas-100-galega-cun-obxectivo-darlle-a-galiza-un-escano-de-pais-en-bruxelas\/#breadcrumb","itemListElement":[{"@type":"ListItem","position":1,"name":"Portada","item":"https:\/\/www.anovapeneira.gal\/"},{"@type":"ListItem","position":2,"name":"Pont\u00f3n avanza unha campa\u00f1a das europeas 100% galega cun obxectivo: \u201cDarlle a Galiza un escano de pa\u00eds en Bruxelas\u201d"}]},{"@type":"WebSite","@id":"https:\/\/www.anovapeneira.gal\/#website","url":"https:\/\/www.anovapeneira.gal\/","name":"","description":"Xornal galego de informaci\u00f3n xeral Publicaci\u00f3n mensual de novas de Galicia e en especial dos Concellos da sur da provincia de Pontevedra.","publisher":{"@id":"https:\/\/www.anovapeneira.gal\/#organization"},"potentialAction":[{"@type":"SearchAction","target":{"@type":"EntryPoint","urlTemplate":"https:\/\/www.anovapeneira.gal\/?s={search_term_string}"},"query-input":{"@type":"PropertyValueSpecification","valueRequired":true,"valueName":"search_term_string"}}],"inLanguage":"gl-ES"},{"@type":"Organization","@id":"https:\/\/www.anovapeneira.gal\/#organization","name":"A Nova Peneira","url":"https:\/\/www.anovapeneira.gal\/","logo":{"@type":"ImageObject","inLanguage":"gl-ES","@id":"https:\/\/www.anovapeneira.gal\/#\/schema\/logo\/image\/","url":"http:\/\/www.anovapeneira.gal\/wp-content\/uploads\/2019\/06\/logo_a_nova_peneira_portal_web.png","contentUrl":"http:\/\/www.anovapeneira.gal\/wp-content\/uploads\/2019\/06\/logo_a_nova_peneira_portal_web.png","width":300,"height":100,"caption":"A Nova Peneira"},"image":{"@id":"https:\/\/www.anovapeneira.gal\/#\/schema\/logo\/image\/"},"sameAs":["https:\/\/www.facebook.com\/anovapeneira","https:\/\/x.com\/APeneira"]},{"@type":"Person","@id":"https:\/\/www.anovapeneira.gal\/#\/schema\/person\/b93e3f8932e3f8da96334607eb6ac6aa","name":"Redacci\u00f3n A Nova Peneira","image":{"@type":"ImageObject","inLanguage":"gl-ES","@id":"https:\/\/secure.gravatar.com\/avatar\/c052a2551a06e23fac63626232eaa90abd78dbcf1700fc46a2b2c89fd27b735f?s=96&d=mm&r=g","url":"https:\/\/secure.gravatar.com\/avatar\/c052a2551a06e23fac63626232eaa90abd78dbcf1700fc46a2b2c89fd27b735f?s=96&d=mm&r=g","contentUrl":"https:\/\/secure.gravatar.com\/avatar\/c052a2551a06e23fac63626232eaa90abd78dbcf1700fc46a2b2c89fd27b735f?s=96&d=mm&r=g","caption":"Redacci\u00f3n A Nova Peneira"},"sameAs":["http:\/\/www.anovapeneira.gal\/"],"url":"https:\/\/www.anovapeneira.gal\/index.php\/author\/redactor\/"}]}},"jetpack_featured_media_url":"https:\/\/www.anovapeneira.gal\/wp-content\/uploads\/2024\/04\/ponton_miranda.jpg","_links":{"self":[{"href":"https:\/\/www.anovapeneira.gal\/index.php\/wp-json\/wp\/v2\/posts\/11690","targetHints":{"allow":["GET"]}}],"collection":[{"href":"https:\/\/www.anovapeneira.gal\/index.php\/wp-json\/wp\/v2\/posts"}],"about":[{"href":"https:\/\/www.anovapeneira.gal\/index.php\/wp-json\/wp\/v2\/types\/post"}],"author":[{"embeddable":true,"href":"https:\/\/www.anovapeneira.gal\/index.php\/wp-json\/wp\/v2\/users\/3"}],"replies":[{"embeddable":true,"href":"https:\/\/www.anovapeneira.gal\/index.php\/wp-json\/wp\/v2\/comments?post=11690"}],"version-history":[{"count":2,"href":"https:\/\/www.anovapeneira.gal\/index.php\/wp-json\/wp\/v2\/posts\/11690\/revisions"}],"predecessor-version":[{"id":11693,"href":"https:\/\/www.anovapeneira.gal\/index.php\/wp-json\/wp\/v2\/posts\/11690\/revisions\/11693"}],"wp:featuredmedia":[{"embeddable":true,"href":"https:\/\/www.anovapeneira.gal\/index.php\/wp-json\/wp\/v2\/media\/11692"}],"wp:attachment":[{"href":"https:\/\/www.anovapeneira.gal\/index.php\/wp-json\/wp\/v2\/media?parent=11690"}],"wp:term":[{"taxonomy":"category","embeddable":true,"href":"https:\/\/www.anovapeneira.gal\/index.php\/wp-json\/wp\/v2\/categories?post=11690"},{"taxonomy":"post_tag","embeddable":true,"href":"https:\/\/www.anovapeneira.gal\/index.php\/wp-json\/wp\/v2\/tags?post=11690"}],"curies":[{"name":"wp","href":"https:\/\/api.w.org\/{rel}","templated":true}]}}